{"id":9826,"date":"2016-03-02T11:12:07","date_gmt":"2016-03-02T14:12:07","guid":{"rendered":"http:\/\/anoticiaonline.com.br\/site\/?p=9826"},"modified":"2016-03-02T11:13:18","modified_gmt":"2016-03-02T14:13:18","slug":"nova-diretoria-da-oab-muriae-e-empossada","status":"publish","type":"post","link":"https:\/\/anoticiaonline.com.br\/site\/nova-diretoria-da-oab-muriae-e-empossada\/","title":{"rendered":"Nova diretoria da OAB Muria\u00e9 \u00e9 empossada"},"content":{"rendered":"<p><a href=\"https:\/\/anoticiaonline.com.br\/site\/wp-content\/uploads\/2016\/03\/DSCN4885.jpg\"><img fetchpriority=\"high\" decoding=\"async\" class=\" size-medium wp-image-9827 alignleft\" src=\"https:\/\/anoticiaonline.com.br\/site\/wp-content\/uploads\/2016\/03\/DSCN4885-300x225.jpg\" alt=\"DSCN4885\" width=\"300\" height=\"225\" srcset=\"https:\/\/anoticiaonline.com.br\/site\/wp-content\/uploads\/2016\/03\/DSCN4885-300x225.jpg 300w, https:\/\/anoticiaonline.com.br\/site\/wp-content\/uploads\/2016\/03\/DSCN4885.jpg 640w\" sizes=\"(max-width: 300px) 100vw, 300px\" \/><\/a>A nova diretoria da 36\u00aa Subse\u00e7\u00e3o da Ordem dos Advogados do Brasil (OAB) para o tri\u00eanio 2016\/2017\/2018, que tem como presidente o advogado Paulo S\u00e9rgio Pires do Amaral, foi empossada oficialmente. A solenidade, que aconteceu na noite da \u00faltima sexta-feira (26), no Sal\u00e3o do J\u00fari do F\u00f3rum Tabeli\u00e3o Pacheco de Medeiros, contou com a presen\u00e7a de autoridades e diversos representantes da sociedade muriaeense. A cerim\u00f4nia tamb\u00e9m foi marcada pela inaugura\u00e7\u00e3o da foto oficial da ex-presidente, Ana Paola Medeiros de Oliveira Carneiro.<\/p>\n<p>O novo presidente da OAB Muria\u00e9 renovou o compromisso da nova diretoria em continuar lutando pelos interesses da classe e tamb\u00e9m reafirmou o interesse da OAB Muria\u00e9 em se fazer presente junto \u00e0s diversas entidades nas v\u00e1rias quest\u00f5es de interesse da cidade e regi\u00e3o. \u201cO principal foco da nossa administra\u00e7\u00e3o \u00e9, seguramente, continuar defendendo os advogados em todas as suas prerrogativas e oferecer, atrav\u00e9s da Ordem dos Advogados, melhores condi\u00e7\u00f5es de trabalho para a advocacia. O que queremos tamb\u00e9m \u00e9 estabelecer uma parceria com o Poder Judici\u00e1rio, compreendendo que cada qual no seu of\u00edcio, tem as suas dificuldades. A OAB tem, ainda, um prop\u00f3sito muito importante, que \u00e9 participar das quest\u00f5es de interesse da sociedade de Muria\u00e9 e cidades que integram a nossa Subse\u00e7\u00e3o. A OAB tem um papel importante na sociedade, e n\u00f3s vamos corresponder a isso ao m\u00e1ximo\u201d, afirma Paulo S\u00e9rgio Amaral.<\/p>\n<figure id=\"attachment_9828\" aria-describedby=\"caption-attachment-9828\" style=\"width: 290px\" class=\"wp-caption alignleft\"><a href=\"https:\/\/anoticiaonline.com.br\/site\/wp-content\/uploads\/2016\/03\/DSCN4880.jpg\"><img decoding=\"async\" class=\"size-medium wp-image-9828\" src=\"https:\/\/anoticiaonline.com.br\/site\/wp-content\/uploads\/2016\/03\/DSCN4880-300x274.jpg\" alt=\"Jos\u00e9 M\u00e1rcio de Oliveira Barros (vice-presidente) e Paulo S\u00e9rgio Pires do Amaral (novo presidente)\" width=\"300\" height=\"274\" srcset=\"https:\/\/anoticiaonline.com.br\/site\/wp-content\/uploads\/2016\/03\/DSCN4880-300x274.jpg 300w, https:\/\/anoticiaonline.com.br\/site\/wp-content\/uploads\/2016\/03\/DSCN4880.jpg 640w\" sizes=\"(max-width: 300px) 100vw, 300px\" \/><\/a><figcaption id=\"caption-attachment-9828\" class=\"wp-caption-text\">Jos\u00e9 M\u00e1rcio de Oliveira Barros (vice-presidente) e Paulo S\u00e9rgio Pires do Amaral (novo presidente)<\/figcaption><\/figure>\n<p>A advogada Ana Paola, que permaneceu no cargo de presidente por tr\u00eas mandados consecutivos \u2013 um total de nove anos -, afirma que deixa o cargo com a sensa\u00e7\u00e3o de dever cumprido. \u201cO que foi poss\u00edvel fazer foi feito. Nem tudo \u00e9 poss\u00edvel, mas o que foi conquistado, foi alcan\u00e7ado com muita luta. S\u00f3 tenho a agradecer a toda a diretoria e o conselho subseccional pelo grande apoio que me deram em todos os momentos\u201d, afirma. \u201cPara mim, \u00e9 motivo de tranquilidade e de felicidade em saber que a OAB est\u00e1 nas m\u00e3os de um grande advogado, \u00e9tico e honesto, que \u00e9 o Dr. Paulo S\u00e9rgio. Tenho a certeza de que ele, al\u00e9m de conservar o que n\u00f3s conquistamos, vai conquistar mais. N\u00f3s, advogados, s\u00f3 temos a ganhar\u201d, completa.<\/p>\n<p>Ainda durante a cerim\u00f4nia, quatro jovens advogados, aprovados nas provas da Ordem, receberam suas carteiras da OAB. Ap\u00f3s a solenidade, a nova diretoria recebeu os cumprimentos dos presentes.<\/p>\n<p>No s\u00e1bado (27), foi celebrada, na Matriz S\u00e3o Paulo, uma missa em a\u00e7\u00e3o gra\u00e7as pela posse da nova diretoria da OAB. Durante a celebra\u00e7\u00e3o, o padre C\u00edcero Machado enalteceu a import\u00e2ncia de uma vis\u00e3o crist\u00e3 para a Ordem. Ao final, foi feita uma b\u00ean\u00e7\u00e3o para a nova diretoria.<\/p>\n<p><strong>NOVA DIRETORIA:<\/strong><\/p>\n<p><strong>Presidente:<\/strong> Paulo S\u00e9rgio Pires do Amaral<br \/>\n<strong>Vice-presidente:<\/strong> Jos\u00e9 M\u00e1rcio de Oliveira Barros<br \/>\n<strong>Secret\u00e1rio geral:<\/strong> Simone Martins Gomes Muniz<br \/>\n<strong>Secret\u00e1rio adjunto:<\/strong> C\u00e2ndido Jos\u00e9 Monteiro de Castro Neto<br \/>\n<strong>Tesoureiro:<\/strong> T\u00falio Santos Sygili\u00e3o Ribeiro<br \/>\n<strong>Conselheiros:<\/strong> Ana Paola Medeiros de Oliveira Carneiro, Cristiano de Assis, L\u00edvia Pacheco de Freitas Juliasz, Olney Cerqueira de Castro e Rafael Ricardo do Carmo.<\/p>\n<p><img decoding=\"async\" class=\"ngg_displayed_gallery mceItem\" src=\"https:\/\/anoticiaonline.com.br\/site\/nextgen-attach_to_post\/preview\/id--9910\" alt=\"\" \/><\/p>\n","protected":false},"excerpt":{"rendered":"<p>A nova diretoria da 36\u00aa Subse\u00e7\u00e3o da Ordem dos Advogados do Brasil (OAB) para o tri\u00eanio 2016\/2017\/2018, que tem como presidente o advogado Paulo S\u00e9rgio Pires do Amaral, foi empossada oficialmente. A solenidade, que aconteceu na noite da \u00faltima sexta-feira (26), no Sal\u00e3o do J\u00fari do F\u00f3rum Tabeli\u00e3o Pacheco de Medeiros, contou com a presen\u00e7a &#8230; <a title=\"Nova diretoria da OAB Muria\u00e9 \u00e9 empossada\" class=\"read-more\" href=\"https:\/\/anoticiaonline.com.br\/site\/nova-diretoria-da-oab-muriae-e-empossada\/\" aria-label=\"Read more about Nova diretoria da OAB Muria\u00e9 \u00e9 empossada\">Ler mais<\/a><\/p>\n","protected":false},"author":2,"featured_media":9827,"comment_status":"open","ping_status":"open","sticky":false,"template":"","format":"standard","meta":{"_acf_changed":false,"_monsterinsights_skip_tracking":false,"footnotes":""},"categories":[30],"tags":[3],"class_list":["post-9826","post","type-post","status-publish","format-standard","has-post-thumbnail","hentry","category-muriae","tag-slide"],"acf":[],"aioseo_notices":[],"aioseo_head":"\n\t\t<!-- All in One SEO 5.0.0.1 - aioseo.com -->\n\t<meta name=\"description\" content=\"A nova diretoria da 36\u00aa Subse\u00e7\u00e3o da Ordem dos Advogados do Brasil (OAB) para o tri\u00eanio 2016\/2017\/2018, que tem como presidente o advogado Paulo S\u00e9rgio Pires do Amaral, foi empossada oficialmente. A solenidade, que aconteceu na noite da \u00faltima sexta-feira (26), no Sal\u00e3o do J\u00fari do F\u00f3rum Tabeli\u00e3o Pacheco de Medeiros, contou com a presen\u00e7a\" \/>\n\t<meta name=\"robots\" content=\"max-image-preview:large\" \/>\n\t<meta name=\"author\" content=\"Juliana Laviola\"\/>\n\t<link rel=\"canonical\" href=\"https:\/\/anoticiaonline.com.br\/site\/nova-diretoria-da-oab-muriae-e-empossada\/\" \/>\n\t<meta name=\"generator\" content=\"All in One SEO (AIOSEO) 5.0.0.1\" \/>\n\t\t<meta property=\"og:locale\" content=\"pt_BR\" \/>\n\t\t<meta property=\"og:site_name\" content=\"A Not\u00edcia Online - Noticias de Muria\u00e9 e regi\u00e3o\" \/>\n\t\t<meta property=\"og:type\" content=\"article\" \/>\n\t\t<meta property=\"og:title\" content=\"Nova diretoria da OAB Muria\u00e9 \u00e9 empossada - A Not\u00edcia Online\" \/>\n\t\t<meta property=\"og:description\" content=\"A nova diretoria da 36\u00aa Subse\u00e7\u00e3o da Ordem dos Advogados do Brasil (OAB) para o tri\u00eanio 2016\/2017\/2018, que tem como presidente o advogado Paulo S\u00e9rgio Pires do Amaral, foi empossada oficialmente. A solenidade, que aconteceu na noite da \u00faltima sexta-feira (26), no Sal\u00e3o do J\u00fari do F\u00f3rum Tabeli\u00e3o Pacheco de Medeiros, contou com a presen\u00e7a\" \/>\n\t\t<meta property=\"og:url\" content=\"https:\/\/anoticiaonline.com.br\/site\/nova-diretoria-da-oab-muriae-e-empossada\/\" \/>\n\t\t<meta property=\"og:image\" content=\"https:\/\/scontent-gig4-1.xx.fbcdn.net\/v\/t39.30808-1\/270437624_4564083193639691_6907940295614233970_n.jpg?stp=dst-jpg_s200x200_tt6&#038;_nc_cat=111&#038;ccb=1-7&#038;_nc_sid=f907e8&#038;_nc_ohc=SM1wRlP3lJwQ7kNvwEPuBYA&#038;_nc_oc=AdnqrjDN_BNjSSHWO-GbkIWH6fkGMLw4bqvL_NH6e2wMveX7G-rP2dAqsDSq1mJMOaY&#038;_nc_zt=24&#038;_nc_ht=scontent-gig4-1.xx&#038;_nc_gid=AoBFJeGrT1hVaew_6rchkQ&#038;oh=00_AfX7QmFGhQhG2jAllVgXCiM1ZrWgvtp80-Bfppyexh1QEg&#038;oe=689E923C\" \/>\n\t\t<meta property=\"og:image:secure_url\" content=\"https:\/\/scontent-gig4-1.xx.fbcdn.net\/v\/t39.30808-1\/270437624_4564083193639691_6907940295614233970_n.jpg?stp=dst-jpg_s200x200_tt6&#038;_nc_cat=111&#038;ccb=1-7&#038;_nc_sid=f907e8&#038;_nc_ohc=SM1wRlP3lJwQ7kNvwEPuBYA&#038;_nc_oc=AdnqrjDN_BNjSSHWO-GbkIWH6fkGMLw4bqvL_NH6e2wMveX7G-rP2dAqsDSq1mJMOaY&#038;_nc_zt=24&#038;_nc_ht=scontent-gig4-1.xx&#038;_nc_gid=AoBFJeGrT1hVaew_6rchkQ&#038;oh=00_AfX7QmFGhQhG2jAllVgXCiM1ZrWgvtp80-Bfppyexh1QEg&#038;oe=689E923C\" \/>\n\t\t<meta property=\"article:published_time\" content=\"2016-03-02T14:12:07+00:00\" \/>\n\t\t<meta property=\"article:modified_time\" content=\"2016-03-02T14:13:18+00:00\" \/>\n\t\t<meta name=\"twitter:card\" content=\"summary_large_image\" \/>\n\t\t<meta name=\"twitter:title\" content=\"Nova diretoria da OAB Muria\u00e9 \u00e9 empossada - A Not\u00edcia Online\" \/>\n\t\t<meta name=\"twitter:description\" content=\"A nova diretoria da 36\u00aa Subse\u00e7\u00e3o da Ordem dos Advogados do Brasil (OAB) para o tri\u00eanio 2016\/2017\/2018, que tem como presidente o advogado Paulo S\u00e9rgio Pires do Amaral, foi empossada oficialmente. A solenidade, que aconteceu na noite da \u00faltima sexta-feira (26), no Sal\u00e3o do J\u00fari do F\u00f3rum Tabeli\u00e3o Pacheco de Medeiros, contou com a presen\u00e7a\" \/>\n\t\t<meta name=\"twitter:image\" content=\"https:\/\/scontent-gig4-1.xx.fbcdn.net\/v\/t39.30808-1\/270437624_4564083193639691_6907940295614233970_n.jpg?stp=dst-jpg_s200x200_tt6&amp;_nc_cat=111&amp;ccb=1-7&amp;_nc_sid=f907e8&amp;_nc_ohc=SM1wRlP3lJwQ7kNvwEPuBYA&amp;_nc_oc=AdnqrjDN_BNjSSHWO-GbkIWH6fkGMLw4bqvL_NH6e2wMveX7G-rP2dAqsDSq1mJMOaY&amp;_nc_zt=24&amp;_nc_ht=scontent-gig4-1.xx&amp;_nc_gid=AoBFJeGrT1hVaew_6rchkQ&amp;oh=00_AfX7QmFGhQhG2jAllVgXCiM1ZrWgvtp80-Bfppyexh1QEg&amp;oe=689E923C\" \/>\n\t\t<script type=\"application\/ld+json\" class=\"aioseo-schema\">\n\t\t\t{\"@context\":\"https:\\\/\\\/schema.org\",\"@graph\":[{\"@type\":\"BlogPosting\",\"@id\":\"https:\\\/\\\/anoticiaonline.com.br\\\/site\\\/nova-diretoria-da-oab-muriae-e-empossada\\\/#blogposting\",\"name\":\"Nova diretoria da OAB Muria\\u00e9 \\u00e9 empossada - A Not\\u00edcia Online\",\"headline\":\"Nova diretoria da OAB Muria\\u00e9 \\u00e9 empossada\",\"author\":{\"@id\":\"https:\\\/\\\/anoticiaonline.com.br\\\/site\\\/author\\\/juliana\\\/#author\"},\"publisher\":{\"@id\":\"https:\\\/\\\/anoticiaonline.com.br\\\/site\\\/#organization\"},\"image\":{\"@type\":\"ImageObject\",\"url\":\"https:\\\/\\\/anoticiaonline.com.br\\\/site\\\/wp-content\\\/uploads\\\/2016\\\/03\\\/DSCN4885.jpg\",\"width\":640,\"height\":480},\"datePublished\":\"2016-03-02T11:12:07-03:00\",\"dateModified\":\"2016-03-02T11:13:18-03:00\",\"inLanguage\":\"pt-BR\",\"mainEntityOfPage\":{\"@id\":\"https:\\\/\\\/anoticiaonline.com.br\\\/site\\\/nova-diretoria-da-oab-muriae-e-empossada\\\/#webpage\"},\"isPartOf\":{\"@id\":\"https:\\\/\\\/anoticiaonline.com.br\\\/site\\\/nova-diretoria-da-oab-muriae-e-empossada\\\/#webpage\"},\"articleSection\":\"Blog, slide\"},{\"@type\":\"BreadcrumbList\",\"@id\":\"https:\\\/\\\/anoticiaonline.com.br\\\/site\\\/nova-diretoria-da-oab-muriae-e-empossada\\\/#breadcrumblist\",\"itemListElement\":[{\"@type\":\"ListItem\",\"@id\":\"https:\\\/\\\/anoticiaonline.com.br\\\/site#listItem\",\"position\":1,\"name\":\"Home\",\"item\":\"https:\\\/\\\/anoticiaonline.com.br\\\/site\",\"nextItem\":{\"@type\":\"ListItem\",\"@id\":\"https:\\\/\\\/anoticiaonline.com.br\\\/site\\\/categoria\\\/muriae\\\/#listItem\",\"name\":\"Blog\"}},{\"@type\":\"ListItem\",\"@id\":\"https:\\\/\\\/anoticiaonline.com.br\\\/site\\\/categoria\\\/muriae\\\/#listItem\",\"position\":2,\"name\":\"Blog\",\"item\":\"https:\\\/\\\/anoticiaonline.com.br\\\/site\\\/categoria\\\/muriae\\\/\",\"nextItem\":{\"@type\":\"ListItem\",\"@id\":\"https:\\\/\\\/anoticiaonline.com.br\\\/site\\\/nova-diretoria-da-oab-muriae-e-empossada\\\/#listItem\",\"name\":\"Nova diretoria da OAB Muria\\u00e9 \\u00e9 empossada\"},\"previousItem\":{\"@type\":\"ListItem\",\"@id\":\"https:\\\/\\\/anoticiaonline.com.br\\\/site#listItem\",\"name\":\"Home\"}},{\"@type\":\"ListItem\",\"@id\":\"https:\\\/\\\/anoticiaonline.com.br\\\/site\\\/nova-diretoria-da-oab-muriae-e-empossada\\\/#listItem\",\"position\":3,\"name\":\"Nova diretoria da OAB Muria\\u00e9 \\u00e9 empossada\",\"previousItem\":{\"@type\":\"ListItem\",\"@id\":\"https:\\\/\\\/anoticiaonline.com.br\\\/site\\\/categoria\\\/muriae\\\/#listItem\",\"name\":\"Blog\"}}]},{\"@type\":\"Organization\",\"@id\":\"https:\\\/\\\/anoticiaonline.com.br\\\/site\\\/#organization\",\"name\":\"A Not\\u00edcia Online\",\"description\":\"Noticias de Muria\\u00e9 e regi\\u00e3o\",\"url\":\"https:\\\/\\\/anoticiaonline.com.br\\\/site\\\/\",\"logo\":{\"@type\":\"ImageObject\",\"url\":\"https:\\\/\\\/scontent-gig4-1.xx.fbcdn.net\\\/v\\\/t39.30808-1\\\/270437624_4564083193639691_6907940295614233970_n.jpg?stp=dst-jpg_s200x200_tt6&_nc_cat=111&ccb=1-7&_nc_sid=f907e8&_nc_ohc=SM1wRlP3lJwQ7kNvwEPuBYA&_nc_oc=AdnqrjDN_BNjSSHWO-GbkIWH6fkGMLw4bqvL_NH6e2wMveX7G-rP2dAqsDSq1mJMOaY&_nc_zt=24&_nc_ht=scontent-gig4-1.xx&_nc_gid=AoBFJeGrT1hVaew_6rchkQ&oh=00_AfX7QmFGhQhG2jAllVgXCiM1ZrWgvtp80-Bfppyexh1QEg&oe=689E923C\",\"@id\":\"https:\\\/\\\/anoticiaonline.com.br\\\/site\\\/nova-diretoria-da-oab-muriae-e-empossada\\\/#organizationLogo\"},\"image\":{\"@id\":\"https:\\\/\\\/anoticiaonline.com.br\\\/site\\\/nova-diretoria-da-oab-muriae-e-empossada\\\/#organizationLogo\"}},{\"@type\":\"Person\",\"@id\":\"https:\\\/\\\/anoticiaonline.com.br\\\/site\\\/author\\\/juliana\\\/#author\",\"url\":\"https:\\\/\\\/anoticiaonline.com.br\\\/site\\\/author\\\/juliana\\\/\",\"name\":\"Juliana Laviola\",\"image\":{\"@type\":\"ImageObject\",\"@id\":\"https:\\\/\\\/anoticiaonline.com.br\\\/site\\\/nova-diretoria-da-oab-muriae-e-empossada\\\/#authorImage\",\"url\":\"https:\\\/\\\/secure.gravatar.com\\\/avatar\\\/b8d45f5c699b100dfaf0e543582f38f38bf94cb7ae3a5e9abf8d891a34773335?s=96&d=mm&r=g\",\"width\":96,\"height\":96,\"caption\":\"Juliana Laviola\"}},{\"@type\":\"WebPage\",\"@id\":\"https:\\\/\\\/anoticiaonline.com.br\\\/site\\\/nova-diretoria-da-oab-muriae-e-empossada\\\/#webpage\",\"url\":\"https:\\\/\\\/anoticiaonline.com.br\\\/site\\\/nova-diretoria-da-oab-muriae-e-empossada\\\/\",\"name\":\"Nova diretoria da OAB Muria\\u00e9 \\u00e9 empossada - A Not\\u00edcia Online\",\"description\":\"A nova diretoria da 36\\u00aa Subse\\u00e7\\u00e3o da Ordem dos Advogados do Brasil (OAB) para o tri\\u00eanio 2016\\\/2017\\\/2018, que tem como presidente o advogado Paulo S\\u00e9rgio Pires do Amaral, foi empossada oficialmente. A solenidade, que aconteceu na noite da \\u00faltima sexta-feira (26), no Sal\\u00e3o do J\\u00fari do F\\u00f3rum Tabeli\\u00e3o Pacheco de Medeiros, contou com a presen\\u00e7a\",\"inLanguage\":\"pt-BR\",\"isPartOf\":{\"@id\":\"https:\\\/\\\/anoticiaonline.com.br\\\/site\\\/#website\"},\"breadcrumb\":{\"@id\":\"https:\\\/\\\/anoticiaonline.com.br\\\/site\\\/nova-diretoria-da-oab-muriae-e-empossada\\\/#breadcrumblist\"},\"author\":{\"@id\":\"https:\\\/\\\/anoticiaonline.com.br\\\/site\\\/author\\\/juliana\\\/#author\"},\"creator\":{\"@id\":\"https:\\\/\\\/anoticiaonline.com.br\\\/site\\\/author\\\/juliana\\\/#author\"},\"image\":{\"@type\":\"ImageObject\",\"url\":\"https:\\\/\\\/anoticiaonline.com.br\\\/site\\\/wp-content\\\/uploads\\\/2016\\\/03\\\/DSCN4885.jpg\",\"@id\":\"https:\\\/\\\/anoticiaonline.com.br\\\/site\\\/nova-diretoria-da-oab-muriae-e-empossada\\\/#mainImage\",\"width\":640,\"height\":480},\"primaryImageOfPage\":{\"@id\":\"https:\\\/\\\/anoticiaonline.com.br\\\/site\\\/nova-diretoria-da-oab-muriae-e-empossada\\\/#mainImage\"},\"datePublished\":\"2016-03-02T11:12:07-03:00\",\"dateModified\":\"2016-03-02T11:13:18-03:00\"},{\"@type\":\"WebSite\",\"@id\":\"https:\\\/\\\/anoticiaonline.com.br\\\/site\\\/#website\",\"url\":\"https:\\\/\\\/anoticiaonline.com.br\\\/site\\\/\",\"name\":\"A Not\\u00edcia Online\",\"description\":\"Noticias de Muria\\u00e9 e regi\\u00e3o\",\"inLanguage\":\"pt-BR\",\"publisher\":{\"@id\":\"https:\\\/\\\/anoticiaonline.com.br\\\/site\\\/#organization\"}}]}\n\t\t<\/script>\n\t\t<!-- All in One SEO -->\n\n","aioseo_head_json":{"title":"Nova diretoria da OAB Muria\u00e9 \u00e9 empossada - A Not\u00edcia Online","description":"A nova diretoria da 36\u00aa Subse\u00e7\u00e3o da Ordem dos Advogados do Brasil (OAB) para o tri\u00eanio 2016\/2017\/2018, que tem como presidente o advogado Paulo S\u00e9rgio Pires do Amaral, foi empossada oficialmente. A solenidade, que aconteceu na noite da \u00faltima sexta-feira (26), no Sal\u00e3o do J\u00fari do F\u00f3rum Tabeli\u00e3o Pacheco de Medeiros, contou com a presen\u00e7a","canonical_url":"https:\/\/anoticiaonline.com.br\/site\/nova-diretoria-da-oab-muriae-e-empossada\/","robots":"max-image-preview:large","keywords":"","webmasterTools":{"miscellaneous":""},"schema":{"@context":"https:\/\/schema.org","@graph":[{"@type":"BlogPosting","@id":"https:\/\/anoticiaonline.com.br\/site\/nova-diretoria-da-oab-muriae-e-empossada\/#blogposting","name":"Nova diretoria da OAB Muria\u00e9 \u00e9 empossada - A Not\u00edcia Online","headline":"Nova diretoria da OAB Muria\u00e9 \u00e9 empossada","author":{"@id":"https:\/\/anoticiaonline.com.br\/site\/author\/juliana\/#author"},"publisher":{"@id":"https:\/\/anoticiaonline.com.br\/site\/#organization"},"image":{"@type":"ImageObject","url":"https:\/\/anoticiaonline.com.br\/site\/wp-content\/uploads\/2016\/03\/DSCN4885.jpg","width":640,"height":480},"datePublished":"2016-03-02T11:12:07-03:00","dateModified":"2016-03-02T11:13:18-03:00","inLanguage":"pt-BR","mainEntityOfPage":{"@id":"https:\/\/anoticiaonline.com.br\/site\/nova-diretoria-da-oab-muriae-e-empossada\/#webpage"},"isPartOf":{"@id":"https:\/\/anoticiaonline.com.br\/site\/nova-diretoria-da-oab-muriae-e-empossada\/#webpage"},"articleSection":"Blog, slide"},{"@type":"BreadcrumbList","@id":"https:\/\/anoticiaonline.com.br\/site\/nova-diretoria-da-oab-muriae-e-empossada\/#breadcrumblist","itemListElement":[{"@type":"ListItem","@id":"https:\/\/anoticiaonline.com.br\/site#listItem","position":1,"name":"Home","item":"https:\/\/anoticiaonline.com.br\/site","nextItem":{"@type":"ListItem","@id":"https:\/\/anoticiaonline.com.br\/site\/categoria\/muriae\/#listItem","name":"Blog"}},{"@type":"ListItem","@id":"https:\/\/anoticiaonline.com.br\/site\/categoria\/muriae\/#listItem","position":2,"name":"Blog","item":"https:\/\/anoticiaonline.com.br\/site\/categoria\/muriae\/","nextItem":{"@type":"ListItem","@id":"https:\/\/anoticiaonline.com.br\/site\/nova-diretoria-da-oab-muriae-e-empossada\/#listItem","name":"Nova diretoria da OAB Muria\u00e9 \u00e9 empossada"},"previousItem":{"@type":"ListItem","@id":"https:\/\/anoticiaonline.com.br\/site#listItem","name":"Home"}},{"@type":"ListItem","@id":"https:\/\/anoticiaonline.com.br\/site\/nova-diretoria-da-oab-muriae-e-empossada\/#listItem","position":3,"name":"Nova diretoria da OAB Muria\u00e9 \u00e9 empossada","previousItem":{"@type":"ListItem","@id":"https:\/\/anoticiaonline.com.br\/site\/categoria\/muriae\/#listItem","name":"Blog"}}]},{"@type":"Organization","@id":"https:\/\/anoticiaonline.com.br\/site\/#organization","name":"A Not\u00edcia Online","description":"Noticias de Muria\u00e9 e regi\u00e3o","url":"https:\/\/anoticiaonline.com.br\/site\/","logo":{"@type":"ImageObject","url":"https:\/\/scontent-gig4-1.xx.fbcdn.net\/v\/t39.30808-1\/270437624_4564083193639691_6907940295614233970_n.jpg?stp=dst-jpg_s200x200_tt6&_nc_cat=111&ccb=1-7&_nc_sid=f907e8&_nc_ohc=SM1wRlP3lJwQ7kNvwEPuBYA&_nc_oc=AdnqrjDN_BNjSSHWO-GbkIWH6fkGMLw4bqvL_NH6e2wMveX7G-rP2dAqsDSq1mJMOaY&_nc_zt=24&_nc_ht=scontent-gig4-1.xx&_nc_gid=AoBFJeGrT1hVaew_6rchkQ&oh=00_AfX7QmFGhQhG2jAllVgXCiM1ZrWgvtp80-Bfppyexh1QEg&oe=689E923C","@id":"https:\/\/anoticiaonline.com.br\/site\/nova-diretoria-da-oab-muriae-e-empossada\/#organizationLogo"},"image":{"@id":"https:\/\/anoticiaonline.com.br\/site\/nova-diretoria-da-oab-muriae-e-empossada\/#organizationLogo"}},{"@type":"Person","@id":"https:\/\/anoticiaonline.com.br\/site\/author\/juliana\/#author","url":"https:\/\/anoticiaonline.com.br\/site\/author\/juliana\/","name":"Juliana Laviola","image":{"@type":"ImageObject","@id":"https:\/\/anoticiaonline.com.br\/site\/nova-diretoria-da-oab-muriae-e-empossada\/#authorImage","url":"https:\/\/secure.gravatar.com\/avatar\/b8d45f5c699b100dfaf0e543582f38f38bf94cb7ae3a5e9abf8d891a34773335?s=96&d=mm&r=g","width":96,"height":96,"caption":"Juliana Laviola"}},{"@type":"WebPage","@id":"https:\/\/anoticiaonline.com.br\/site\/nova-diretoria-da-oab-muriae-e-empossada\/#webpage","url":"https:\/\/anoticiaonline.com.br\/site\/nova-diretoria-da-oab-muriae-e-empossada\/","name":"Nova diretoria da OAB Muria\u00e9 \u00e9 empossada - A Not\u00edcia Online","description":"A nova diretoria da 36\u00aa Subse\u00e7\u00e3o da Ordem dos Advogados do Brasil (OAB) para o tri\u00eanio 2016\/2017\/2018, que tem como presidente o advogado Paulo S\u00e9rgio Pires do Amaral, foi empossada oficialmente. A solenidade, que aconteceu na noite da \u00faltima sexta-feira (26), no Sal\u00e3o do J\u00fari do F\u00f3rum Tabeli\u00e3o Pacheco de Medeiros, contou com a presen\u00e7a","inLanguage":"pt-BR","isPartOf":{"@id":"https:\/\/anoticiaonline.com.br\/site\/#website"},"breadcrumb":{"@id":"https:\/\/anoticiaonline.com.br\/site\/nova-diretoria-da-oab-muriae-e-empossada\/#breadcrumblist"},"author":{"@id":"https:\/\/anoticiaonline.com.br\/site\/author\/juliana\/#author"},"creator":{"@id":"https:\/\/anoticiaonline.com.br\/site\/author\/juliana\/#author"},"image":{"@type":"ImageObject","url":"https:\/\/anoticiaonline.com.br\/site\/wp-content\/uploads\/2016\/03\/DSCN4885.jpg","@id":"https:\/\/anoticiaonline.com.br\/site\/nova-diretoria-da-oab-muriae-e-empossada\/#mainImage","width":640,"height":480},"primaryImageOfPage":{"@id":"https:\/\/anoticiaonline.com.br\/site\/nova-diretoria-da-oab-muriae-e-empossada\/#mainImage"},"datePublished":"2016-03-02T11:12:07-03:00","dateModified":"2016-03-02T11:13:18-03:00"},{"@type":"WebSite","@id":"https:\/\/anoticiaonline.com.br\/site\/#website","url":"https:\/\/anoticiaonline.com.br\/site\/","name":"A Not\u00edcia Online","description":"Noticias de Muria\u00e9 e regi\u00e3o","inLanguage":"pt-BR","publisher":{"@id":"https:\/\/anoticiaonline.com.br\/site\/#organization"}}]},"og:locale":"pt_BR","og:site_name":"A Not\u00edcia Online - Noticias de Muria\u00e9 e regi\u00e3o","og:type":"article","og:title":"Nova diretoria da OAB Muria\u00e9 \u00e9 empossada - A Not\u00edcia Online","og:description":"A nova diretoria da 36\u00aa Subse\u00e7\u00e3o da Ordem dos Advogados do Brasil (OAB) para o tri\u00eanio 2016\/2017\/2018, que tem como presidente o advogado Paulo S\u00e9rgio Pires do Amaral, foi empossada oficialmente. A solenidade, que aconteceu na noite da \u00faltima sexta-feira (26), no Sal\u00e3o do J\u00fari do F\u00f3rum Tabeli\u00e3o Pacheco de Medeiros, contou com a presen\u00e7a","og:url":"https:\/\/anoticiaonline.com.br\/site\/nova-diretoria-da-oab-muriae-e-empossada\/","og:image":"https:\/\/scontent-gig4-1.xx.fbcdn.net\/v\/t39.30808-1\/270437624_4564083193639691_6907940295614233970_n.jpg?stp=dst-jpg_s200x200_tt6&#038;_nc_cat=111&#038;ccb=1-7&#038;_nc_sid=f907e8&#038;_nc_ohc=SM1wRlP3lJwQ7kNvwEPuBYA&#038;_nc_oc=AdnqrjDN_BNjSSHWO-GbkIWH6fkGMLw4bqvL_NH6e2wMveX7G-rP2dAqsDSq1mJMOaY&#038;_nc_zt=24&#038;_nc_ht=scontent-gig4-1.xx&#038;_nc_gid=AoBFJeGrT1hVaew_6rchkQ&#038;oh=00_AfX7QmFGhQhG2jAllVgXCiM1ZrWgvtp80-Bfppyexh1QEg&#038;oe=689E923C","og:image:secure_url":"https:\/\/scontent-gig4-1.xx.fbcdn.net\/v\/t39.30808-1\/270437624_4564083193639691_6907940295614233970_n.jpg?stp=dst-jpg_s200x200_tt6&#038;_nc_cat=111&#038;ccb=1-7&#038;_nc_sid=f907e8&#038;_nc_ohc=SM1wRlP3lJwQ7kNvwEPuBYA&#038;_nc_oc=AdnqrjDN_BNjSSHWO-GbkIWH6fkGMLw4bqvL_NH6e2wMveX7G-rP2dAqsDSq1mJMOaY&#038;_nc_zt=24&#038;_nc_ht=scontent-gig4-1.xx&#038;_nc_gid=AoBFJeGrT1hVaew_6rchkQ&#038;oh=00_AfX7QmFGhQhG2jAllVgXCiM1ZrWgvtp80-Bfppyexh1QEg&#038;oe=689E923C","article:published_time":"2016-03-02T14:12:07+00:00","article:modified_time":"2016-03-02T14:13:18+00:00","twitter:card":"summary_large_image","twitter:title":"Nova diretoria da OAB Muria\u00e9 \u00e9 empossada - A Not\u00edcia Online","twitter:description":"A nova diretoria da 36\u00aa Subse\u00e7\u00e3o da Ordem dos Advogados do Brasil (OAB) para o tri\u00eanio 2016\/2017\/2018, que tem como presidente o advogado Paulo S\u00e9rgio Pires do Amaral, foi empossada oficialmente. A solenidade, que aconteceu na noite da \u00faltima sexta-feira (26), no Sal\u00e3o do J\u00fari do F\u00f3rum Tabeli\u00e3o Pacheco de Medeiros, contou com a presen\u00e7a","twitter:image":"https:\/\/scontent-gig4-1.xx.fbcdn.net\/v\/t39.30808-1\/270437624_4564083193639691_6907940295614233970_n.jpg?stp=dst-jpg_s200x200_tt6&_nc_cat=111&ccb=1-7&_nc_sid=f907e8&_nc_ohc=SM1wRlP3lJwQ7kNvwEPuBYA&_nc_oc=AdnqrjDN_BNjSSHWO-GbkIWH6fkGMLw4bqvL_NH6e2wMveX7G-rP2dAqsDSq1mJMOaY&_nc_zt=24&_nc_ht=scontent-gig4-1.xx&_nc_gid=AoBFJeGrT1hVaew_6rchkQ&oh=00_AfX7QmFGhQhG2jAllVgXCiM1ZrWgvtp80-Bfppyexh1QEg&oe=689E923C"},"aioseo_meta_data":{"post_id":"9826","title":null,"description":null,"keywords":null,"keyphrases":null,"primary_term":null,"canonical_url":null,"og_title":null,"og_description":null,"og_object_type":"default","og_image_type":"default","og_image_url":null,"og_image_width":null,"og_image_height":null,"og_image_custom_url":null,"og_image_custom_fields":null,"og_video":null,"og_custom_url":null,"og_article_section":null,"og_article_tags":null,"twitter_use_og":false,"twitter_card":"default","twitter_image_type":"default","twitter_image_url":null,"twitter_image_custom_url":null,"twitter_image_custom_fields":null,"twitter_title":null,"twitter_description":null,"schema":{"blockGraphs":[],"customGraphs":[],"default":{"data":{"Article":[],"Course":[],"Dataset":[],"FAQPage":[],"Movie":[],"Person":[],"Product":[],"ProductReview":[],"Car":[],"Recipe":[],"Service":[],"SoftwareApplication":[],"WebPage":[]},"graphName":"","isEnabled":true},"graphs":[]},"schema_type":"default","schema_type_options":null,"pillar_content":false,"robots_default":true,"robots_noindex":false,"robots_noarchive":false,"robots_nosnippet":false,"robots_nofollow":false,"robots_noimageindex":false,"robots_noodp":false,"robots_notranslate":false,"robots_max_snippet":null,"robots_max_videopreview":null,"robots_max_imagepreview":"large","priority":null,"frequency":null,"local_seo":null,"breadcrumb_settings":null,"limit_modified_date":false,"ai":null,"created":"2025-08-16 15:22:37","updated":"2025-08-16 15:22:37","focus_keyword":null,"additional_keywords":null,"truseo_locale":null,"seo_analyzer_scan_date":null},"aioseo_breadcrumb":"<div class=\"aioseo-breadcrumbs\"><span class=\"aioseo-breadcrumb\">\n\t\t\t<a href=\"https:\/\/anoticiaonline.com.br\/site\" title=\"Home\">Home<\/a>\n\t\t<\/span><span class=\"aioseo-breadcrumb-separator\">&raquo;<\/span><span class=\"aioseo-breadcrumb\">\n\t\t\t<a href=\"https:\/\/anoticiaonline.com.br\/site\/categoria\/muriae\/\" title=\"Blog\">Blog<\/a>\n\t\t<\/span><span class=\"aioseo-breadcrumb-separator\">&raquo;<\/span><span class=\"aioseo-breadcrumb\">\n\t\t\tNova diretoria da OAB Muria\u00e9 \u00e9 empossada\n\t\t<\/span><\/div>","aioseo_breadcrumb_json":[{"label":"Home","link":"https:\/\/anoticiaonline.com.br\/site"},{"label":"Blog","link":"https:\/\/anoticiaonline.com.br\/site\/categoria\/muriae\/"},{"label":"Nova diretoria da OAB Muria\u00e9 \u00e9 empossada","link":"https:\/\/anoticiaonline.com.br\/site\/nova-diretoria-da-oab-muriae-e-empossada\/"}],"views":163,"_links":{"self":[{"href":"https:\/\/anoticiaonline.com.br\/site\/wp-json\/wp\/v2\/posts\/9826","targetHints":{"allow":["GET"]}}],"collection":[{"href":"https:\/\/anoticiaonline.com.br\/site\/wp-json\/wp\/v2\/posts"}],"about":[{"href":"https:\/\/anoticiaonline.com.br\/site\/wp-json\/wp\/v2\/types\/post"}],"author":[{"embeddable":true,"href":"https:\/\/anoticiaonline.com.br\/site\/wp-json\/wp\/v2\/users\/2"}],"replies":[{"embeddable":true,"href":"https:\/\/anoticiaonline.com.br\/site\/wp-json\/wp\/v2\/comments?post=9826"}],"version-history":[{"count":0,"href":"https:\/\/anoticiaonline.com.br\/site\/wp-json\/wp\/v2\/posts\/9826\/revisions"}],"wp:featuredmedia":[{"embeddable":true,"href":"https:\/\/anoticiaonline.com.br\/site\/wp-json\/wp\/v2\/media\/9827"}],"wp:attachment":[{"href":"https:\/\/anoticiaonline.com.br\/site\/wp-json\/wp\/v2\/media?parent=9826"}],"wp:term":[{"taxonomy":"category","embeddable":true,"href":"https:\/\/anoticiaonline.com.br\/site\/wp-json\/wp\/v2\/categories?post=9826"},{"taxonomy":"post_tag","embeddable":true,"href":"https:\/\/anoticiaonline.com.br\/site\/wp-json\/wp\/v2\/tags?post=9826"}],"curies":[{"name":"wp","href":"https:\/\/api.w.org\/{rel}","templated":true}]}}