{"id":9818,"date":"2016-03-01T16:40:06","date_gmt":"2016-03-01T19:40:06","guid":{"rendered":"http:\/\/anoticiaonline.com.br\/site\/?p=9818"},"modified":"2016-03-01T16:40:06","modified_gmt":"2016-03-01T19:40:06","slug":"prefeitura-inicia-o-trabalho-com-o-fumace-pelas-ruas-da-cidade","status":"publish","type":"post","link":"https:\/\/anoticiaonline.com.br\/site\/prefeitura-inicia-o-trabalho-com-o-fumace-pelas-ruas-da-cidade\/","title":{"rendered":"Prefeitura inicia o trabalho com o \u201cfumac\u00ea\u201d pelas ruas da cidade"},"content":{"rendered":"<p><a href=\"https:\/\/anoticiaonline.com.br\/site\/wp-content\/uploads\/2016\/03\/fumace01.jpg\"><img fetchpriority=\"high\" decoding=\"async\" class=\" size-medium wp-image-9819 alignleft\" src=\"https:\/\/anoticiaonline.com.br\/site\/wp-content\/uploads\/2016\/03\/fumace01-300x200.jpg\" alt=\"fumace01\" width=\"300\" height=\"200\" srcset=\"https:\/\/anoticiaonline.com.br\/site\/wp-content\/uploads\/2016\/03\/fumace01-300x200.jpg 300w, https:\/\/anoticiaonline.com.br\/site\/wp-content\/uploads\/2016\/03\/fumace01.jpg 640w\" sizes=\"(max-width: 300px) 100vw, 300px\" \/><\/a>Com o objetivo de conter o avan\u00e7o da dengue, chikungunya e do zika v\u00edrus em Muria\u00e9, a Prefeitura realiza, a partir de hoje (1\u00ba), a aplica\u00e7\u00e3o do &#8220;fumac\u00ea&#8221; pelas ruas da cidade. O ve\u00edculo equipado com o aparelho foi cedido pelo Governo de Minas Gerais.<\/p>\n<p>A partir das 17h, o carro passar\u00e1 pelo bairro Dornelas e, logo depois, seguir\u00e1 para o Santo Ant\u00f4nio. A coordena\u00e7\u00e3o do setor de Controle de Endemias e Combate \u00e0 Dengue pede para que os moradores deixem as janelas das resid\u00eancias abertas &#8211; tomando, por\u00e9m, o cuidado de cobrir alimentos que estiverem expostos e de evitar o contato de p\u00e1ssaros e outros animais ao inseticida.<\/p>\n<p>Paralelamente, as equipes de agentes de controle de endemias continuam em atividade por todo o munic\u00edpio, com prioridade aos bairros com maior registro de focos do mosquito Aedes aegypti e de pessoas que tenham apresentados sintomas das doen\u00e7as transmitidas pelo inseto.<\/p>\n<p>Com a chegada do ve\u00edculo do &#8220;fumac\u00ea&#8221;, o trabalho de combate ao aedes aegypti ser\u00e1 intensificado nos pr\u00f3ximos dias. Vale lembrar que o produto \u00e9 particularmente eficaz contra os mosquitos adultos &#8211; assim, a Secretaria Municipal de Sa\u00fade ressalta que continua sendo necess\u00e1rio que a popula\u00e7\u00e3o n\u00e3o deixe \u00e1gua parada dentro de casa ou em quintais, a fim de se evitar a cria\u00e7\u00e3o de novos focos do inseto. &#8220;Somente com a conscientiza\u00e7\u00e3o e participa\u00e7\u00e3o de todos \u00e9 que conseguiremos ter os resultados esperados&#8221;, ressalta a secret\u00e1ria Adjunta de Sa\u00fade, Denise Ara\u00fajo.<\/p>\n","protected":false},"excerpt":{"rendered":"<p>Com o objetivo de conter o avan\u00e7o da dengue, chikungunya e do zika v\u00edrus em Muria\u00e9, a Prefeitura realiza, a partir de hoje (1\u00ba), a aplica\u00e7\u00e3o do &#8220;fumac\u00ea&#8221; pelas ruas da cidade. O ve\u00edculo equipado com o aparelho foi cedido pelo Governo de Minas Gerais. A partir das 17h, o carro passar\u00e1 pelo bairro Dornelas &#8230; <a title=\"Prefeitura inicia o trabalho com o \u201cfumac\u00ea\u201d pelas ruas da cidade\" class=\"read-more\" href=\"https:\/\/anoticiaonline.com.br\/site\/prefeitura-inicia-o-trabalho-com-o-fumace-pelas-ruas-da-cidade\/\" aria-label=\"Read more about Prefeitura inicia o trabalho com o \u201cfumac\u00ea\u201d pelas ruas da cidade\">Ler mais<\/a><\/p>\n","protected":false},"author":2,"featured_media":9819,"comment_status":"open","ping_status":"open","sticky":false,"template":"","format":"standard","meta":{"_acf_changed":false,"_monsterinsights_skip_tracking":false,"footnotes":""},"categories":[30],"tags":[3],"class_list":["post-9818","post","type-post","status-publish","format-standard","has-post-thumbnail","hentry","category-muriae","tag-slide"],"acf":[],"aioseo_notices":[],"aioseo_head":"\n\t\t<!-- All in One SEO 5.0.0.1 - aioseo.com -->\n\t<meta name=\"description\" content=\"Com o objetivo de conter o avan\u00e7o da dengue, chikungunya e do zika v\u00edrus em Muria\u00e9, a Prefeitura realiza, a partir de hoje (1\u00ba), a aplica\u00e7\u00e3o do &quot;fumac\u00ea&quot; pelas ruas da cidade. O ve\u00edculo equipado com o aparelho foi cedido pelo Governo de Minas Gerais. A partir das 17h, o carro passar\u00e1 pelo bairro Dornelas\" \/>\n\t<meta name=\"robots\" content=\"max-image-preview:large\" \/>\n\t<meta name=\"author\" content=\"Juliana Laviola\"\/>\n\t<link rel=\"canonical\" href=\"https:\/\/anoticiaonline.com.br\/site\/prefeitura-inicia-o-trabalho-com-o-fumace-pelas-ruas-da-cidade\/\" \/>\n\t<meta name=\"generator\" content=\"All in One SEO (AIOSEO) 5.0.0.1\" \/>\n\t\t<meta property=\"og:locale\" content=\"pt_BR\" \/>\n\t\t<meta property=\"og:site_name\" content=\"A Not\u00edcia Online - Noticias de Muria\u00e9 e regi\u00e3o\" \/>\n\t\t<meta property=\"og:type\" content=\"article\" \/>\n\t\t<meta property=\"og:title\" content=\"Prefeitura inicia o trabalho com o \u201cfumac\u00ea\u201d pelas ruas da cidade - A Not\u00edcia Online\" \/>\n\t\t<meta property=\"og:description\" content=\"Com o objetivo de conter o avan\u00e7o da dengue, chikungunya e do zika v\u00edrus em Muria\u00e9, a Prefeitura realiza, a partir de hoje (1\u00ba), a aplica\u00e7\u00e3o do &quot;fumac\u00ea&quot; pelas ruas da cidade. O ve\u00edculo equipado com o aparelho foi cedido pelo Governo de Minas Gerais. A partir das 17h, o carro passar\u00e1 pelo bairro Dornelas\" \/>\n\t\t<meta property=\"og:url\" content=\"https:\/\/anoticiaonline.com.br\/site\/prefeitura-inicia-o-trabalho-com-o-fumace-pelas-ruas-da-cidade\/\" \/>\n\t\t<meta property=\"og:image\" content=\"https:\/\/scontent-gig4-1.xx.fbcdn.net\/v\/t39.30808-1\/270437624_4564083193639691_6907940295614233970_n.jpg?stp=dst-jpg_s200x200_tt6&#038;_nc_cat=111&#038;ccb=1-7&#038;_nc_sid=f907e8&#038;_nc_ohc=SM1wRlP3lJwQ7kNvwEPuBYA&#038;_nc_oc=AdnqrjDN_BNjSSHWO-GbkIWH6fkGMLw4bqvL_NH6e2wMveX7G-rP2dAqsDSq1mJMOaY&#038;_nc_zt=24&#038;_nc_ht=scontent-gig4-1.xx&#038;_nc_gid=AoBFJeGrT1hVaew_6rchkQ&#038;oh=00_AfX7QmFGhQhG2jAllVgXCiM1ZrWgvtp80-Bfppyexh1QEg&#038;oe=689E923C\" \/>\n\t\t<meta property=\"og:image:secure_url\" content=\"https:\/\/scontent-gig4-1.xx.fbcdn.net\/v\/t39.30808-1\/270437624_4564083193639691_6907940295614233970_n.jpg?stp=dst-jpg_s200x200_tt6&#038;_nc_cat=111&#038;ccb=1-7&#038;_nc_sid=f907e8&#038;_nc_ohc=SM1wRlP3lJwQ7kNvwEPuBYA&#038;_nc_oc=AdnqrjDN_BNjSSHWO-GbkIWH6fkGMLw4bqvL_NH6e2wMveX7G-rP2dAqsDSq1mJMOaY&#038;_nc_zt=24&#038;_nc_ht=scontent-gig4-1.xx&#038;_nc_gid=AoBFJeGrT1hVaew_6rchkQ&#038;oh=00_AfX7QmFGhQhG2jAllVgXCiM1ZrWgvtp80-Bfppyexh1QEg&#038;oe=689E923C\" \/>\n\t\t<meta property=\"article:published_time\" content=\"2016-03-01T19:40:06+00:00\" \/>\n\t\t<meta property=\"article:modified_time\" content=\"2016-03-01T19:40:06+00:00\" \/>\n\t\t<meta name=\"twitter:card\" content=\"summary_large_image\" \/>\n\t\t<meta name=\"twitter:title\" content=\"Prefeitura inicia o trabalho com o \u201cfumac\u00ea\u201d pelas ruas da cidade - A Not\u00edcia Online\" \/>\n\t\t<meta name=\"twitter:description\" content=\"Com o objetivo de conter o avan\u00e7o da dengue, chikungunya e do zika v\u00edrus em Muria\u00e9, a Prefeitura realiza, a partir de hoje (1\u00ba), a aplica\u00e7\u00e3o do &quot;fumac\u00ea&quot; pelas ruas da cidade. O ve\u00edculo equipado com o aparelho foi cedido pelo Governo de Minas Gerais. A partir das 17h, o carro passar\u00e1 pelo bairro Dornelas\" \/>\n\t\t<meta name=\"twitter:image\" content=\"https:\/\/scontent-gig4-1.xx.fbcdn.net\/v\/t39.30808-1\/270437624_4564083193639691_6907940295614233970_n.jpg?stp=dst-jpg_s200x200_tt6&amp;_nc_cat=111&amp;ccb=1-7&amp;_nc_sid=f907e8&amp;_nc_ohc=SM1wRlP3lJwQ7kNvwEPuBYA&amp;_nc_oc=AdnqrjDN_BNjSSHWO-GbkIWH6fkGMLw4bqvL_NH6e2wMveX7G-rP2dAqsDSq1mJMOaY&amp;_nc_zt=24&amp;_nc_ht=scontent-gig4-1.xx&amp;_nc_gid=AoBFJeGrT1hVaew_6rchkQ&amp;oh=00_AfX7QmFGhQhG2jAllVgXCiM1ZrWgvtp80-Bfppyexh1QEg&amp;oe=689E923C\" \/>\n\t\t<script type=\"application\/ld+json\" class=\"aioseo-schema\">\n\t\t\t{\"@context\":\"https:\\\/\\\/schema.org\",\"@graph\":[{\"@type\":\"BlogPosting\",\"@id\":\"https:\\\/\\\/anoticiaonline.com.br\\\/site\\\/prefeitura-inicia-o-trabalho-com-o-fumace-pelas-ruas-da-cidade\\\/#blogposting\",\"name\":\"Prefeitura inicia o trabalho com o \\u201cfumac\\u00ea\\u201d pelas ruas da cidade - A Not\\u00edcia Online\",\"headline\":\"Prefeitura inicia o trabalho com o \\u201cfumac\\u00ea\\u201d pelas ruas da cidade\",\"author\":{\"@id\":\"https:\\\/\\\/anoticiaonline.com.br\\\/site\\\/author\\\/juliana\\\/#author\"},\"publisher\":{\"@id\":\"https:\\\/\\\/anoticiaonline.com.br\\\/site\\\/#organization\"},\"image\":{\"@type\":\"ImageObject\",\"url\":\"https:\\\/\\\/anoticiaonline.com.br\\\/site\\\/wp-content\\\/uploads\\\/2016\\\/03\\\/fumace01.jpg\",\"width\":640,\"height\":426},\"datePublished\":\"2016-03-01T16:40:06-03:00\",\"dateModified\":\"2016-03-01T16:40:06-03:00\",\"inLanguage\":\"pt-BR\",\"mainEntityOfPage\":{\"@id\":\"https:\\\/\\\/anoticiaonline.com.br\\\/site\\\/prefeitura-inicia-o-trabalho-com-o-fumace-pelas-ruas-da-cidade\\\/#webpage\"},\"isPartOf\":{\"@id\":\"https:\\\/\\\/anoticiaonline.com.br\\\/site\\\/prefeitura-inicia-o-trabalho-com-o-fumace-pelas-ruas-da-cidade\\\/#webpage\"},\"articleSection\":\"Blog, slide\"},{\"@type\":\"BreadcrumbList\",\"@id\":\"https:\\\/\\\/anoticiaonline.com.br\\\/site\\\/prefeitura-inicia-o-trabalho-com-o-fumace-pelas-ruas-da-cidade\\\/#breadcrumblist\",\"itemListElement\":[{\"@type\":\"ListItem\",\"@id\":\"https:\\\/\\\/anoticiaonline.com.br\\\/site#listItem\",\"position\":1,\"name\":\"Home\",\"item\":\"https:\\\/\\\/anoticiaonline.com.br\\\/site\",\"nextItem\":{\"@type\":\"ListItem\",\"@id\":\"https:\\\/\\\/anoticiaonline.com.br\\\/site\\\/categoria\\\/muriae\\\/#listItem\",\"name\":\"Blog\"}},{\"@type\":\"ListItem\",\"@id\":\"https:\\\/\\\/anoticiaonline.com.br\\\/site\\\/categoria\\\/muriae\\\/#listItem\",\"position\":2,\"name\":\"Blog\",\"item\":\"https:\\\/\\\/anoticiaonline.com.br\\\/site\\\/categoria\\\/muriae\\\/\",\"nextItem\":{\"@type\":\"ListItem\",\"@id\":\"https:\\\/\\\/anoticiaonline.com.br\\\/site\\\/prefeitura-inicia-o-trabalho-com-o-fumace-pelas-ruas-da-cidade\\\/#listItem\",\"name\":\"Prefeitura inicia o trabalho com o \\u201cfumac\\u00ea\\u201d pelas ruas da cidade\"},\"previousItem\":{\"@type\":\"ListItem\",\"@id\":\"https:\\\/\\\/anoticiaonline.com.br\\\/site#listItem\",\"name\":\"Home\"}},{\"@type\":\"ListItem\",\"@id\":\"https:\\\/\\\/anoticiaonline.com.br\\\/site\\\/prefeitura-inicia-o-trabalho-com-o-fumace-pelas-ruas-da-cidade\\\/#listItem\",\"position\":3,\"name\":\"Prefeitura inicia o trabalho com o \\u201cfumac\\u00ea\\u201d pelas ruas da cidade\",\"previousItem\":{\"@type\":\"ListItem\",\"@id\":\"https:\\\/\\\/anoticiaonline.com.br\\\/site\\\/categoria\\\/muriae\\\/#listItem\",\"name\":\"Blog\"}}]},{\"@type\":\"Organization\",\"@id\":\"https:\\\/\\\/anoticiaonline.com.br\\\/site\\\/#organization\",\"name\":\"A Not\\u00edcia Online\",\"description\":\"Noticias de Muria\\u00e9 e regi\\u00e3o\",\"url\":\"https:\\\/\\\/anoticiaonline.com.br\\\/site\\\/\",\"logo\":{\"@type\":\"ImageObject\",\"url\":\"https:\\\/\\\/scontent-gig4-1.xx.fbcdn.net\\\/v\\\/t39.30808-1\\\/270437624_4564083193639691_6907940295614233970_n.jpg?stp=dst-jpg_s200x200_tt6&_nc_cat=111&ccb=1-7&_nc_sid=f907e8&_nc_ohc=SM1wRlP3lJwQ7kNvwEPuBYA&_nc_oc=AdnqrjDN_BNjSSHWO-GbkIWH6fkGMLw4bqvL_NH6e2wMveX7G-rP2dAqsDSq1mJMOaY&_nc_zt=24&_nc_ht=scontent-gig4-1.xx&_nc_gid=AoBFJeGrT1hVaew_6rchkQ&oh=00_AfX7QmFGhQhG2jAllVgXCiM1ZrWgvtp80-Bfppyexh1QEg&oe=689E923C\",\"@id\":\"https:\\\/\\\/anoticiaonline.com.br\\\/site\\\/prefeitura-inicia-o-trabalho-com-o-fumace-pelas-ruas-da-cidade\\\/#organizationLogo\"},\"image\":{\"@id\":\"https:\\\/\\\/anoticiaonline.com.br\\\/site\\\/prefeitura-inicia-o-trabalho-com-o-fumace-pelas-ruas-da-cidade\\\/#organizationLogo\"}},{\"@type\":\"Person\",\"@id\":\"https:\\\/\\\/anoticiaonline.com.br\\\/site\\\/author\\\/juliana\\\/#author\",\"url\":\"https:\\\/\\\/anoticiaonline.com.br\\\/site\\\/author\\\/juliana\\\/\",\"name\":\"Juliana Laviola\",\"image\":{\"@type\":\"ImageObject\",\"@id\":\"https:\\\/\\\/anoticiaonline.com.br\\\/site\\\/prefeitura-inicia-o-trabalho-com-o-fumace-pelas-ruas-da-cidade\\\/#authorImage\",\"url\":\"https:\\\/\\\/secure.gravatar.com\\\/avatar\\\/b8d45f5c699b100dfaf0e543582f38f38bf94cb7ae3a5e9abf8d891a34773335?s=96&d=mm&r=g\",\"width\":96,\"height\":96,\"caption\":\"Juliana Laviola\"}},{\"@type\":\"WebPage\",\"@id\":\"https:\\\/\\\/anoticiaonline.com.br\\\/site\\\/prefeitura-inicia-o-trabalho-com-o-fumace-pelas-ruas-da-cidade\\\/#webpage\",\"url\":\"https:\\\/\\\/anoticiaonline.com.br\\\/site\\\/prefeitura-inicia-o-trabalho-com-o-fumace-pelas-ruas-da-cidade\\\/\",\"name\":\"Prefeitura inicia o trabalho com o \\u201cfumac\\u00ea\\u201d pelas ruas da cidade - A Not\\u00edcia Online\",\"description\":\"Com o objetivo de conter o avan\\u00e7o da dengue, chikungunya e do zika v\\u00edrus em Muria\\u00e9, a Prefeitura realiza, a partir de hoje (1\\u00ba), a aplica\\u00e7\\u00e3o do \\\"fumac\\u00ea\\\" pelas ruas da cidade. O ve\\u00edculo equipado com o aparelho foi cedido pelo Governo de Minas Gerais. A partir das 17h, o carro passar\\u00e1 pelo bairro Dornelas\",\"inLanguage\":\"pt-BR\",\"isPartOf\":{\"@id\":\"https:\\\/\\\/anoticiaonline.com.br\\\/site\\\/#website\"},\"breadcrumb\":{\"@id\":\"https:\\\/\\\/anoticiaonline.com.br\\\/site\\\/prefeitura-inicia-o-trabalho-com-o-fumace-pelas-ruas-da-cidade\\\/#breadcrumblist\"},\"author\":{\"@id\":\"https:\\\/\\\/anoticiaonline.com.br\\\/site\\\/author\\\/juliana\\\/#author\"},\"creator\":{\"@id\":\"https:\\\/\\\/anoticiaonline.com.br\\\/site\\\/author\\\/juliana\\\/#author\"},\"image\":{\"@type\":\"ImageObject\",\"url\":\"https:\\\/\\\/anoticiaonline.com.br\\\/site\\\/wp-content\\\/uploads\\\/2016\\\/03\\\/fumace01.jpg\",\"@id\":\"https:\\\/\\\/anoticiaonline.com.br\\\/site\\\/prefeitura-inicia-o-trabalho-com-o-fumace-pelas-ruas-da-cidade\\\/#mainImage\",\"width\":640,\"height\":426},\"primaryImageOfPage\":{\"@id\":\"https:\\\/\\\/anoticiaonline.com.br\\\/site\\\/prefeitura-inicia-o-trabalho-com-o-fumace-pelas-ruas-da-cidade\\\/#mainImage\"},\"datePublished\":\"2016-03-01T16:40:06-03:00\",\"dateModified\":\"2016-03-01T16:40:06-03:00\"},{\"@type\":\"WebSite\",\"@id\":\"https:\\\/\\\/anoticiaonline.com.br\\\/site\\\/#website\",\"url\":\"https:\\\/\\\/anoticiaonline.com.br\\\/site\\\/\",\"name\":\"A Not\\u00edcia Online\",\"description\":\"Noticias de Muria\\u00e9 e regi\\u00e3o\",\"inLanguage\":\"pt-BR\",\"publisher\":{\"@id\":\"https:\\\/\\\/anoticiaonline.com.br\\\/site\\\/#organization\"}}]}\n\t\t<\/script>\n\t\t<!-- All in One SEO -->\n\n","aioseo_head_json":{"title":"Prefeitura inicia o trabalho com o \u201cfumac\u00ea\u201d pelas ruas da cidade - A Not\u00edcia Online","description":"Com o objetivo de conter o avan\u00e7o da dengue, chikungunya e do zika v\u00edrus em Muria\u00e9, a Prefeitura realiza, a partir de hoje (1\u00ba), a aplica\u00e7\u00e3o do \"fumac\u00ea\" pelas ruas da cidade. O ve\u00edculo equipado com o aparelho foi cedido pelo Governo de Minas Gerais. A partir das 17h, o carro passar\u00e1 pelo bairro Dornelas","canonical_url":"https:\/\/anoticiaonline.com.br\/site\/prefeitura-inicia-o-trabalho-com-o-fumace-pelas-ruas-da-cidade\/","robots":"max-image-preview:large","keywords":"","webmasterTools":{"miscellaneous":""},"schema":{"@context":"https:\/\/schema.org","@graph":[{"@type":"BlogPosting","@id":"https:\/\/anoticiaonline.com.br\/site\/prefeitura-inicia-o-trabalho-com-o-fumace-pelas-ruas-da-cidade\/#blogposting","name":"Prefeitura inicia o trabalho com o \u201cfumac\u00ea\u201d pelas ruas da cidade - A Not\u00edcia Online","headline":"Prefeitura inicia o trabalho com o \u201cfumac\u00ea\u201d pelas ruas da cidade","author":{"@id":"https:\/\/anoticiaonline.com.br\/site\/author\/juliana\/#author"},"publisher":{"@id":"https:\/\/anoticiaonline.com.br\/site\/#organization"},"image":{"@type":"ImageObject","url":"https:\/\/anoticiaonline.com.br\/site\/wp-content\/uploads\/2016\/03\/fumace01.jpg","width":640,"height":426},"datePublished":"2016-03-01T16:40:06-03:00","dateModified":"2016-03-01T16:40:06-03:00","inLanguage":"pt-BR","mainEntityOfPage":{"@id":"https:\/\/anoticiaonline.com.br\/site\/prefeitura-inicia-o-trabalho-com-o-fumace-pelas-ruas-da-cidade\/#webpage"},"isPartOf":{"@id":"https:\/\/anoticiaonline.com.br\/site\/prefeitura-inicia-o-trabalho-com-o-fumace-pelas-ruas-da-cidade\/#webpage"},"articleSection":"Blog, slide"},{"@type":"BreadcrumbList","@id":"https:\/\/anoticiaonline.com.br\/site\/prefeitura-inicia-o-trabalho-com-o-fumace-pelas-ruas-da-cidade\/#breadcrumblist","itemListElement":[{"@type":"ListItem","@id":"https:\/\/anoticiaonline.com.br\/site#listItem","position":1,"name":"Home","item":"https:\/\/anoticiaonline.com.br\/site","nextItem":{"@type":"ListItem","@id":"https:\/\/anoticiaonline.com.br\/site\/categoria\/muriae\/#listItem","name":"Blog"}},{"@type":"ListItem","@id":"https:\/\/anoticiaonline.com.br\/site\/categoria\/muriae\/#listItem","position":2,"name":"Blog","item":"https:\/\/anoticiaonline.com.br\/site\/categoria\/muriae\/","nextItem":{"@type":"ListItem","@id":"https:\/\/anoticiaonline.com.br\/site\/prefeitura-inicia-o-trabalho-com-o-fumace-pelas-ruas-da-cidade\/#listItem","name":"Prefeitura inicia o trabalho com o \u201cfumac\u00ea\u201d pelas ruas da cidade"},"previousItem":{"@type":"ListItem","@id":"https:\/\/anoticiaonline.com.br\/site#listItem","name":"Home"}},{"@type":"ListItem","@id":"https:\/\/anoticiaonline.com.br\/site\/prefeitura-inicia-o-trabalho-com-o-fumace-pelas-ruas-da-cidade\/#listItem","position":3,"name":"Prefeitura inicia o trabalho com o \u201cfumac\u00ea\u201d pelas ruas da cidade","previousItem":{"@type":"ListItem","@id":"https:\/\/anoticiaonline.com.br\/site\/categoria\/muriae\/#listItem","name":"Blog"}}]},{"@type":"Organization","@id":"https:\/\/anoticiaonline.com.br\/site\/#organization","name":"A Not\u00edcia Online","description":"Noticias de Muria\u00e9 e regi\u00e3o","url":"https:\/\/anoticiaonline.com.br\/site\/","logo":{"@type":"ImageObject","url":"https:\/\/scontent-gig4-1.xx.fbcdn.net\/v\/t39.30808-1\/270437624_4564083193639691_6907940295614233970_n.jpg?stp=dst-jpg_s200x200_tt6&_nc_cat=111&ccb=1-7&_nc_sid=f907e8&_nc_ohc=SM1wRlP3lJwQ7kNvwEPuBYA&_nc_oc=AdnqrjDN_BNjSSHWO-GbkIWH6fkGMLw4bqvL_NH6e2wMveX7G-rP2dAqsDSq1mJMOaY&_nc_zt=24&_nc_ht=scontent-gig4-1.xx&_nc_gid=AoBFJeGrT1hVaew_6rchkQ&oh=00_AfX7QmFGhQhG2jAllVgXCiM1ZrWgvtp80-Bfppyexh1QEg&oe=689E923C","@id":"https:\/\/anoticiaonline.com.br\/site\/prefeitura-inicia-o-trabalho-com-o-fumace-pelas-ruas-da-cidade\/#organizationLogo"},"image":{"@id":"https:\/\/anoticiaonline.com.br\/site\/prefeitura-inicia-o-trabalho-com-o-fumace-pelas-ruas-da-cidade\/#organizationLogo"}},{"@type":"Person","@id":"https:\/\/anoticiaonline.com.br\/site\/author\/juliana\/#author","url":"https:\/\/anoticiaonline.com.br\/site\/author\/juliana\/","name":"Juliana Laviola","image":{"@type":"ImageObject","@id":"https:\/\/anoticiaonline.com.br\/site\/prefeitura-inicia-o-trabalho-com-o-fumace-pelas-ruas-da-cidade\/#authorImage","url":"https:\/\/secure.gravatar.com\/avatar\/b8d45f5c699b100dfaf0e543582f38f38bf94cb7ae3a5e9abf8d891a34773335?s=96&d=mm&r=g","width":96,"height":96,"caption":"Juliana Laviola"}},{"@type":"WebPage","@id":"https:\/\/anoticiaonline.com.br\/site\/prefeitura-inicia-o-trabalho-com-o-fumace-pelas-ruas-da-cidade\/#webpage","url":"https:\/\/anoticiaonline.com.br\/site\/prefeitura-inicia-o-trabalho-com-o-fumace-pelas-ruas-da-cidade\/","name":"Prefeitura inicia o trabalho com o \u201cfumac\u00ea\u201d pelas ruas da cidade - A Not\u00edcia Online","description":"Com o objetivo de conter o avan\u00e7o da dengue, chikungunya e do zika v\u00edrus em Muria\u00e9, a Prefeitura realiza, a partir de hoje (1\u00ba), a aplica\u00e7\u00e3o do \"fumac\u00ea\" pelas ruas da cidade. O ve\u00edculo equipado com o aparelho foi cedido pelo Governo de Minas Gerais. A partir das 17h, o carro passar\u00e1 pelo bairro Dornelas","inLanguage":"pt-BR","isPartOf":{"@id":"https:\/\/anoticiaonline.com.br\/site\/#website"},"breadcrumb":{"@id":"https:\/\/anoticiaonline.com.br\/site\/prefeitura-inicia-o-trabalho-com-o-fumace-pelas-ruas-da-cidade\/#breadcrumblist"},"author":{"@id":"https:\/\/anoticiaonline.com.br\/site\/author\/juliana\/#author"},"creator":{"@id":"https:\/\/anoticiaonline.com.br\/site\/author\/juliana\/#author"},"image":{"@type":"ImageObject","url":"https:\/\/anoticiaonline.com.br\/site\/wp-content\/uploads\/2016\/03\/fumace01.jpg","@id":"https:\/\/anoticiaonline.com.br\/site\/prefeitura-inicia-o-trabalho-com-o-fumace-pelas-ruas-da-cidade\/#mainImage","width":640,"height":426},"primaryImageOfPage":{"@id":"https:\/\/anoticiaonline.com.br\/site\/prefeitura-inicia-o-trabalho-com-o-fumace-pelas-ruas-da-cidade\/#mainImage"},"datePublished":"2016-03-01T16:40:06-03:00","dateModified":"2016-03-01T16:40:06-03:00"},{"@type":"WebSite","@id":"https:\/\/anoticiaonline.com.br\/site\/#website","url":"https:\/\/anoticiaonline.com.br\/site\/","name":"A Not\u00edcia Online","description":"Noticias de Muria\u00e9 e regi\u00e3o","inLanguage":"pt-BR","publisher":{"@id":"https:\/\/anoticiaonline.com.br\/site\/#organization"}}]},"og:locale":"pt_BR","og:site_name":"A Not\u00edcia Online - Noticias de Muria\u00e9 e regi\u00e3o","og:type":"article","og:title":"Prefeitura inicia o trabalho com o \u201cfumac\u00ea\u201d pelas ruas da cidade - A Not\u00edcia Online","og:description":"Com o objetivo de conter o avan\u00e7o da dengue, chikungunya e do zika v\u00edrus em Muria\u00e9, a Prefeitura realiza, a partir de hoje (1\u00ba), a aplica\u00e7\u00e3o do &quot;fumac\u00ea&quot; pelas ruas da cidade. O ve\u00edculo equipado com o aparelho foi cedido pelo Governo de Minas Gerais. A partir das 17h, o carro passar\u00e1 pelo bairro Dornelas","og:url":"https:\/\/anoticiaonline.com.br\/site\/prefeitura-inicia-o-trabalho-com-o-fumace-pelas-ruas-da-cidade\/","og:image":"https:\/\/scontent-gig4-1.xx.fbcdn.net\/v\/t39.30808-1\/270437624_4564083193639691_6907940295614233970_n.jpg?stp=dst-jpg_s200x200_tt6&#038;_nc_cat=111&#038;ccb=1-7&#038;_nc_sid=f907e8&#038;_nc_ohc=SM1wRlP3lJwQ7kNvwEPuBYA&#038;_nc_oc=AdnqrjDN_BNjSSHWO-GbkIWH6fkGMLw4bqvL_NH6e2wMveX7G-rP2dAqsDSq1mJMOaY&#038;_nc_zt=24&#038;_nc_ht=scontent-gig4-1.xx&#038;_nc_gid=AoBFJeGrT1hVaew_6rchkQ&#038;oh=00_AfX7QmFGhQhG2jAllVgXCiM1ZrWgvtp80-Bfppyexh1QEg&#038;oe=689E923C","og:image:secure_url":"https:\/\/scontent-gig4-1.xx.fbcdn.net\/v\/t39.30808-1\/270437624_4564083193639691_6907940295614233970_n.jpg?stp=dst-jpg_s200x200_tt6&#038;_nc_cat=111&#038;ccb=1-7&#038;_nc_sid=f907e8&#038;_nc_ohc=SM1wRlP3lJwQ7kNvwEPuBYA&#038;_nc_oc=AdnqrjDN_BNjSSHWO-GbkIWH6fkGMLw4bqvL_NH6e2wMveX7G-rP2dAqsDSq1mJMOaY&#038;_nc_zt=24&#038;_nc_ht=scontent-gig4-1.xx&#038;_nc_gid=AoBFJeGrT1hVaew_6rchkQ&#038;oh=00_AfX7QmFGhQhG2jAllVgXCiM1ZrWgvtp80-Bfppyexh1QEg&#038;oe=689E923C","article:published_time":"2016-03-01T19:40:06+00:00","article:modified_time":"2016-03-01T19:40:06+00:00","twitter:card":"summary_large_image","twitter:title":"Prefeitura inicia o trabalho com o \u201cfumac\u00ea\u201d pelas ruas da cidade - A Not\u00edcia Online","twitter:description":"Com o objetivo de conter o avan\u00e7o da dengue, chikungunya e do zika v\u00edrus em Muria\u00e9, a Prefeitura realiza, a partir de hoje (1\u00ba), a aplica\u00e7\u00e3o do &quot;fumac\u00ea&quot; pelas ruas da cidade. O ve\u00edculo equipado com o aparelho foi cedido pelo Governo de Minas Gerais. A partir das 17h, o carro passar\u00e1 pelo bairro Dornelas","twitter:image":"https:\/\/scontent-gig4-1.xx.fbcdn.net\/v\/t39.30808-1\/270437624_4564083193639691_6907940295614233970_n.jpg?stp=dst-jpg_s200x200_tt6&_nc_cat=111&ccb=1-7&_nc_sid=f907e8&_nc_ohc=SM1wRlP3lJwQ7kNvwEPuBYA&_nc_oc=AdnqrjDN_BNjSSHWO-GbkIWH6fkGMLw4bqvL_NH6e2wMveX7G-rP2dAqsDSq1mJMOaY&_nc_zt=24&_nc_ht=scontent-gig4-1.xx&_nc_gid=AoBFJeGrT1hVaew_6rchkQ&oh=00_AfX7QmFGhQhG2jAllVgXCiM1ZrWgvtp80-Bfppyexh1QEg&oe=689E923C"},"aioseo_meta_data":{"post_id":"9818","title":null,"description":null,"keywords":null,"keyphrases":null,"primary_term":null,"canonical_url":null,"og_title":null,"og_description":null,"og_object_type":"default","og_image_type":"default","og_image_url":null,"og_image_width":null,"og_image_height":null,"og_image_custom_url":null,"og_image_custom_fields":null,"og_video":null,"og_custom_url":null,"og_article_section":null,"og_article_tags":null,"twitter_use_og":false,"twitter_card":"default","twitter_image_type":"default","twitter_image_url":null,"twitter_image_custom_url":null,"twitter_image_custom_fields":null,"twitter_title":null,"twitter_description":null,"schema":{"blockGraphs":[],"customGraphs":[],"default":{"data":{"Article":[],"Course":[],"Dataset":[],"FAQPage":[],"Movie":[],"Person":[],"Product":[],"ProductReview":[],"Car":[],"Recipe":[],"Service":[],"SoftwareApplication":[],"WebPage":[]},"graphName":"","isEnabled":true},"graphs":[]},"schema_type":"default","schema_type_options":null,"pillar_content":false,"robots_default":true,"robots_noindex":false,"robots_noarchive":false,"robots_nosnippet":false,"robots_nofollow":false,"robots_noimageindex":false,"robots_noodp":false,"robots_notranslate":false,"robots_max_snippet":null,"robots_max_videopreview":null,"robots_max_imagepreview":"large","priority":null,"frequency":null,"local_seo":null,"breadcrumb_settings":null,"limit_modified_date":false,"ai":null,"created":"2025-08-16 15:18:42","updated":"2025-08-16 15:18:42","focus_keyword":null,"additional_keywords":null,"truseo_locale":null,"seo_analyzer_scan_date":null},"aioseo_breadcrumb":"<div class=\"aioseo-breadcrumbs\"><span class=\"aioseo-breadcrumb\">\n\t\t\t<a href=\"https:\/\/anoticiaonline.com.br\/site\" title=\"Home\">Home<\/a>\n\t\t<\/span><span class=\"aioseo-breadcrumb-separator\">&raquo;<\/span><span class=\"aioseo-breadcrumb\">\n\t\t\t<a href=\"https:\/\/anoticiaonline.com.br\/site\/categoria\/muriae\/\" title=\"Blog\">Blog<\/a>\n\t\t<\/span><span class=\"aioseo-breadcrumb-separator\">&raquo;<\/span><span class=\"aioseo-breadcrumb\">\n\t\t\tPrefeitura inicia o trabalho com o \u201cfumac\u00ea\u201d pelas ruas da cidade\n\t\t<\/span><\/div>","aioseo_breadcrumb_json":[{"label":"Home","link":"https:\/\/anoticiaonline.com.br\/site"},{"label":"Blog","link":"https:\/\/anoticiaonline.com.br\/site\/categoria\/muriae\/"},{"label":"Prefeitura inicia o trabalho com o \u201cfumac\u00ea\u201d pelas ruas da cidade","link":"https:\/\/anoticiaonline.com.br\/site\/prefeitura-inicia-o-trabalho-com-o-fumace-pelas-ruas-da-cidade\/"}],"views":138,"_links":{"self":[{"href":"https:\/\/anoticiaonline.com.br\/site\/wp-json\/wp\/v2\/posts\/9818","targetHints":{"allow":["GET"]}}],"collection":[{"href":"https:\/\/anoticiaonline.com.br\/site\/wp-json\/wp\/v2\/posts"}],"about":[{"href":"https:\/\/anoticiaonline.com.br\/site\/wp-json\/wp\/v2\/types\/post"}],"author":[{"embeddable":true,"href":"https:\/\/anoticiaonline.com.br\/site\/wp-json\/wp\/v2\/users\/2"}],"replies":[{"embeddable":true,"href":"https:\/\/anoticiaonline.com.br\/site\/wp-json\/wp\/v2\/comments?post=9818"}],"version-history":[{"count":0,"href":"https:\/\/anoticiaonline.com.br\/site\/wp-json\/wp\/v2\/posts\/9818\/revisions"}],"wp:featuredmedia":[{"embeddable":true,"href":"https:\/\/anoticiaonline.com.br\/site\/wp-json\/wp\/v2\/media\/9819"}],"wp:attachment":[{"href":"https:\/\/anoticiaonline.com.br\/site\/wp-json\/wp\/v2\/media?parent=9818"}],"wp:term":[{"taxonomy":"category","embeddable":true,"href":"https:\/\/anoticiaonline.com.br\/site\/wp-json\/wp\/v2\/categories?post=9818"},{"taxonomy":"post_tag","embeddable":true,"href":"https:\/\/anoticiaonline.com.br\/site\/wp-json\/wp\/v2\/tags?post=9818"}],"curies":[{"name":"wp","href":"https:\/\/api.w.org\/{rel}","templated":true}]}}