{"id":9753,"date":"2016-02-25T15:25:16","date_gmt":"2016-02-25T18:25:16","guid":{"rendered":"http:\/\/anoticiaonline.com.br\/site\/?p=9753"},"modified":"2016-02-25T15:25:16","modified_gmt":"2016-02-25T18:25:16","slug":"apdm-reune-autoridades-para-discutir-sobre-a-criacao-do-posto-de-pericia-integrada","status":"publish","type":"post","link":"https:\/\/anoticiaonline.com.br\/site\/apdm-reune-autoridades-para-discutir-sobre-a-criacao-do-posto-de-pericia-integrada\/","title":{"rendered":"APDM re\u00fane autoridades para discutir sobre a cria\u00e7\u00e3o do Posto de Per\u00edcia Integrada"},"content":{"rendered":"<p><a href=\"https:\/\/anoticiaonline.com.br\/site\/wp-content\/uploads\/2016\/02\/DSC_1105.jpg\"><img fetchpriority=\"high\" decoding=\"async\" class=\" size-medium wp-image-9754 alignleft\" src=\"https:\/\/anoticiaonline.com.br\/site\/wp-content\/uploads\/2016\/02\/DSC_1105-300x199.jpg\" alt=\"DSC_1105\" width=\"300\" height=\"199\" srcset=\"https:\/\/anoticiaonline.com.br\/site\/wp-content\/uploads\/2016\/02\/DSC_1105-300x199.jpg 300w, https:\/\/anoticiaonline.com.br\/site\/wp-content\/uploads\/2016\/02\/DSC_1105.jpg 640w\" sizes=\"(max-width: 300px) 100vw, 300px\" \/><\/a>A Associa\u00e7\u00e3o Pr\u00f3-Desenvolvimento de Muria\u00e9 convidou autoridades e representantes de diversas entidades de Muria\u00e9 para um caf\u00e9 da manh\u00e3 e reuni\u00e3o, afim de discutirem melhorias para a cidade. Durante reuni\u00e3o realizada na manh\u00e3 de segunda-feira (22), no Hotel Regina, o principal assunto abordado foi a cria\u00e7\u00e3o do Posto de Per\u00edcia Integrada (PPI), que tem o objetivo de unificar as a\u00e7\u00f5es do Instituto M\u00e9dico Legal e da Per\u00edcia em um s\u00f3 espa\u00e7o.<\/p>\n<p>Estiveram presentes no encontro, o desembargador aposentado, Isalino Romualdo da Silva Lisb\u00f4a, o deputado Estadual Braulio Braz, o prefeito Aloysio Aquino, a presidente da C\u00e2mara de Vereadores, Helena Carvalho, o comandante do 47\u00ba Batalh\u00e3o de Pol\u00edcia Militar, tenente-coronel Naz\u00e1rio, o subcomandante do 47\u00ba BPM, major Andr\u00e9 Cotrim, o comandante da 76\u00aa Companhia de Pol\u00edcia Militar, capit\u00e3o Fortunato, o delegado regional, Alessandro da Matta, assessores dos deputados Federais, Renzo Braz e Misael Varella, do deputado Estadual, Dr. Wilson Batista e de institui\u00e7\u00f5es que fazem parte da APDM.<\/p>\n<p>O presidente da associa\u00e7\u00e3o, N\u00e9lio Ara\u00fajo, afirma que o Posto de Per\u00edcia Integrada \u00e9 uma reivindica\u00e7\u00e3o antiga dos profissionais que trabalham na \u00e1rea. \u201cAtrav\u00e9s um conv\u00eanio municipal de doa\u00e7\u00e3o de um terreno, e agora, com a disponibiliza\u00e7\u00e3o do deputado Braulio Braz de verificar junto ao Estado do que \u00e9 necess\u00e1rio ser feito para viabilizar o projeto, vemos a possibilidade que o PPI possa se tornar realidade em Muria\u00e9\u201d, afirma. O deputado ficou de marcar audi\u00eancia com o secret\u00e1rio Estadual de Defesa Social para tratar do assunto e convidar representantes da APDM para acompanh\u00e1-lo na audi\u00eancia.<\/p>\n<p>O delegado regional, Alessandro da Matta, afirma que o PPI vai dar um dinamismo \u00e0 investiga\u00e7\u00e3o e melhor atendimento \u00e0 sociedade. \u201cA uni\u00e3o, em um s\u00f3 lugar, da Per\u00edcia e do Instituto M\u00e9dico Legal vai facilitar a parte material das investiga\u00e7\u00f5es e dar um atendimento melhor \u00e0 pessoa v\u00edtima de crimes como les\u00e3o corporal e sexuais, al\u00e9m das fam\u00edlias cujo ente tenha falecido. O PPI tamb\u00e9m vai dar dinamismo na investiga\u00e7\u00e3o na parte t\u00e9cnica criminal, que, juntamente com a parte subjetiva, subsidiar\u00e1 a apura\u00e7\u00e3o dos crimes\u201d, analisa.<\/p>\n<p>O prefeito Aloysio Aquino afirmou que far\u00e1 o poss\u00edvel para conseguir realizar este projeto no munic\u00edpio. \u201cConscientes da import\u00e2ncia deste projeto, faremos o poss\u00edvel para conseguir mais esta conquista para o munic\u00edpio, que, junto \u00e0 central de videomonitoramento, ser\u00e1 mais uma ferramenta de apoio aos \u00f3rg\u00e3os e ao combate \u00e0 criminalidade em Muria\u00e9\u201d, afirma o prefeito Aloysio Aquino.<\/p>\n<p>O desembargador Isalino, que foi convidado para participar da reuni\u00e3o, em poucas palavras, deu uma aula de como funciona o Poder Judici\u00e1rio. Segundo ele, \u00e9 necess\u00e1rio cumprir as leis e que o Legislativo esteja atento e trabalhe para a atualiza\u00e7\u00e3o e melhoria das mesmas.<\/p>\n<p>O presidente agradeceu a presen\u00e7a do desembargador e espera poder contar com os conselhos e orienta\u00e7\u00f5es do desembargador para futuros encontros.<\/p>\n<p>Composta por 15 entidades, a APDM tem o objetivo de analisar e buscar solu\u00e7\u00f5es para as necessidades do munic\u00edpio, cobrando e ajudando as a\u00e7\u00f5es concretas dos Poderes Executivo, Legislativo e Judici\u00e1rio, no \u00e2mbito municipal, estadual e federal, para o pleno desenvolvimento de Muria\u00e9 e bem-estar da comunidade.<\/p>\n<p>Desde o seu surgimento, a APDM contribuiu para a implanta\u00e7\u00e3o do Corpo de Bombeiros, Batalh\u00e3o de Pol\u00edcia Militar, Sesc, Receita Federal e do programa de videomonitoramento.<\/p>\n<p>Fazem parte da Associa\u00e7\u00e3o Pr\u00f3-Desenvolvimento de Muria\u00e9, a Associa\u00e7\u00e3o Comercial e Industrial de Muria\u00e9, a C\u00e2mara de Dirigentes Lojistas de Muria\u00e9 (CDL), Centro de Desenvolvimento Econ\u00f4mico, Social e Cultural de Muria\u00e9 e Regi\u00e3o (Condesc), Lions Club Muria\u00e9 Barra e Centro, as quatro lojas ma\u00e7\u00f4nicas de Muria\u00e9, Conselho de Seguran\u00e7a P\u00fablica (Consep), Rotary Club Muria\u00e9, Rotary Club Muria\u00e9 Norte, Sindicato dos Contabilistas de Muria\u00e9 (Sindcont), Sindicato Rural de Muria\u00e9 e Sindicato das Ind\u00fastrias do Vestu\u00e1rio no Estado de Minas Gerais (Sindivest). A APDM conta, ainda, com o apoio da Ordem dos Advogados do Brasil (OAB), Sebrae e Rede Uai.<\/p>\n<p>Ap\u00f3s a reuni\u00e3o, representantes da CDL foram at\u00e9 o Centro Administrativo visitarem a central de videomonitoramento.<\/p>\n<p><img decoding=\"async\" class=\"ngg_displayed_gallery mceItem\" src=\"https:\/\/anoticiaonline.com.br\/site\/nextgen-attach_to_post\/preview\/id--9771\" alt=\"\" \/><\/p>\n","protected":false},"excerpt":{"rendered":"<p>A Associa\u00e7\u00e3o Pr\u00f3-Desenvolvimento de Muria\u00e9 convidou autoridades e representantes de diversas entidades de Muria\u00e9 para um caf\u00e9 da manh\u00e3 e reuni\u00e3o, afim de discutirem melhorias para a cidade. Durante reuni\u00e3o realizada na manh\u00e3 de segunda-feira (22), no Hotel Regina, o principal assunto abordado foi a cria\u00e7\u00e3o do Posto de Per\u00edcia Integrada (PPI), que tem o &#8230; <a title=\"APDM re\u00fane autoridades para discutir sobre a cria\u00e7\u00e3o do Posto de Per\u00edcia Integrada\" class=\"read-more\" href=\"https:\/\/anoticiaonline.com.br\/site\/apdm-reune-autoridades-para-discutir-sobre-a-criacao-do-posto-de-pericia-integrada\/\" aria-label=\"Read more about APDM re\u00fane autoridades para discutir sobre a cria\u00e7\u00e3o do Posto de Per\u00edcia Integrada\">Ler mais<\/a><\/p>\n","protected":false},"author":2,"featured_media":9754,"comment_status":"open","ping_status":"open","sticky":false,"template":"","format":"standard","meta":{"_acf_changed":false,"_monsterinsights_skip_tracking":false,"footnotes":""},"categories":[30],"tags":[3],"class_list":["post-9753","post","type-post","status-publish","format-standard","has-post-thumbnail","hentry","category-muriae","tag-slide"],"acf":[],"aioseo_notices":[],"aioseo_head":"\n\t\t<!-- All in One SEO 5.0.0.1 - aioseo.com -->\n\t<meta name=\"description\" content=\"A Associa\u00e7\u00e3o Pr\u00f3-Desenvolvimento de Muria\u00e9 convidou autoridades e representantes de diversas entidades de Muria\u00e9 para um caf\u00e9 da manh\u00e3 e reuni\u00e3o, afim de discutirem melhorias para a cidade. Durante reuni\u00e3o realizada na manh\u00e3 de segunda-feira (22), no Hotel Regina, o principal assunto abordado foi a cria\u00e7\u00e3o do Posto de Per\u00edcia Integrada (PPI), que tem o\" \/>\n\t<meta name=\"robots\" content=\"max-image-preview:large\" \/>\n\t<meta name=\"author\" content=\"Juliana Laviola\"\/>\n\t<link rel=\"canonical\" href=\"https:\/\/anoticiaonline.com.br\/site\/apdm-reune-autoridades-para-discutir-sobre-a-criacao-do-posto-de-pericia-integrada\/\" \/>\n\t<meta name=\"generator\" content=\"All in One SEO (AIOSEO) 5.0.0.1\" \/>\n\t\t<meta property=\"og:locale\" content=\"pt_BR\" \/>\n\t\t<meta property=\"og:site_name\" content=\"A Not\u00edcia Online - Noticias de Muria\u00e9 e regi\u00e3o\" \/>\n\t\t<meta property=\"og:type\" content=\"article\" \/>\n\t\t<meta property=\"og:title\" content=\"APDM re\u00fane autoridades para discutir sobre a cria\u00e7\u00e3o do Posto de Per\u00edcia Integrada - A Not\u00edcia Online\" \/>\n\t\t<meta property=\"og:description\" content=\"A Associa\u00e7\u00e3o Pr\u00f3-Desenvolvimento de Muria\u00e9 convidou autoridades e representantes de diversas entidades de Muria\u00e9 para um caf\u00e9 da manh\u00e3 e reuni\u00e3o, afim de discutirem melhorias para a cidade. Durante reuni\u00e3o realizada na manh\u00e3 de segunda-feira (22), no Hotel Regina, o principal assunto abordado foi a cria\u00e7\u00e3o do Posto de Per\u00edcia Integrada (PPI), que tem o\" \/>\n\t\t<meta property=\"og:url\" content=\"https:\/\/anoticiaonline.com.br\/site\/apdm-reune-autoridades-para-discutir-sobre-a-criacao-do-posto-de-pericia-integrada\/\" \/>\n\t\t<meta property=\"og:image\" content=\"https:\/\/scontent-gig4-1.xx.fbcdn.net\/v\/t39.30808-1\/270437624_4564083193639691_6907940295614233970_n.jpg?stp=dst-jpg_s200x200_tt6&#038;_nc_cat=111&#038;ccb=1-7&#038;_nc_sid=f907e8&#038;_nc_ohc=SM1wRlP3lJwQ7kNvwEPuBYA&#038;_nc_oc=AdnqrjDN_BNjSSHWO-GbkIWH6fkGMLw4bqvL_NH6e2wMveX7G-rP2dAqsDSq1mJMOaY&#038;_nc_zt=24&#038;_nc_ht=scontent-gig4-1.xx&#038;_nc_gid=AoBFJeGrT1hVaew_6rchkQ&#038;oh=00_AfX7QmFGhQhG2jAllVgXCiM1ZrWgvtp80-Bfppyexh1QEg&#038;oe=689E923C\" \/>\n\t\t<meta property=\"og:image:secure_url\" content=\"https:\/\/scontent-gig4-1.xx.fbcdn.net\/v\/t39.30808-1\/270437624_4564083193639691_6907940295614233970_n.jpg?stp=dst-jpg_s200x200_tt6&#038;_nc_cat=111&#038;ccb=1-7&#038;_nc_sid=f907e8&#038;_nc_ohc=SM1wRlP3lJwQ7kNvwEPuBYA&#038;_nc_oc=AdnqrjDN_BNjSSHWO-GbkIWH6fkGMLw4bqvL_NH6e2wMveX7G-rP2dAqsDSq1mJMOaY&#038;_nc_zt=24&#038;_nc_ht=scontent-gig4-1.xx&#038;_nc_gid=AoBFJeGrT1hVaew_6rchkQ&#038;oh=00_AfX7QmFGhQhG2jAllVgXCiM1ZrWgvtp80-Bfppyexh1QEg&#038;oe=689E923C\" \/>\n\t\t<meta property=\"article:published_time\" content=\"2016-02-25T18:25:16+00:00\" \/>\n\t\t<meta property=\"article:modified_time\" content=\"2016-02-25T18:25:16+00:00\" \/>\n\t\t<meta name=\"twitter:card\" content=\"summary_large_image\" \/>\n\t\t<meta name=\"twitter:title\" content=\"APDM re\u00fane autoridades para discutir sobre a cria\u00e7\u00e3o do Posto de Per\u00edcia Integrada - A Not\u00edcia Online\" \/>\n\t\t<meta name=\"twitter:description\" content=\"A Associa\u00e7\u00e3o Pr\u00f3-Desenvolvimento de Muria\u00e9 convidou autoridades e representantes de diversas entidades de Muria\u00e9 para um caf\u00e9 da manh\u00e3 e reuni\u00e3o, afim de discutirem melhorias para a cidade. Durante reuni\u00e3o realizada na manh\u00e3 de segunda-feira (22), no Hotel Regina, o principal assunto abordado foi a cria\u00e7\u00e3o do Posto de Per\u00edcia Integrada (PPI), que tem o\" \/>\n\t\t<meta name=\"twitter:image\" content=\"https:\/\/scontent-gig4-1.xx.fbcdn.net\/v\/t39.30808-1\/270437624_4564083193639691_6907940295614233970_n.jpg?stp=dst-jpg_s200x200_tt6&amp;_nc_cat=111&amp;ccb=1-7&amp;_nc_sid=f907e8&amp;_nc_ohc=SM1wRlP3lJwQ7kNvwEPuBYA&amp;_nc_oc=AdnqrjDN_BNjSSHWO-GbkIWH6fkGMLw4bqvL_NH6e2wMveX7G-rP2dAqsDSq1mJMOaY&amp;_nc_zt=24&amp;_nc_ht=scontent-gig4-1.xx&amp;_nc_gid=AoBFJeGrT1hVaew_6rchkQ&amp;oh=00_AfX7QmFGhQhG2jAllVgXCiM1ZrWgvtp80-Bfppyexh1QEg&amp;oe=689E923C\" \/>\n\t\t<script type=\"application\/ld+json\" class=\"aioseo-schema\">\n\t\t\t{\"@context\":\"https:\\\/\\\/schema.org\",\"@graph\":[{\"@type\":\"BlogPosting\",\"@id\":\"https:\\\/\\\/anoticiaonline.com.br\\\/site\\\/apdm-reune-autoridades-para-discutir-sobre-a-criacao-do-posto-de-pericia-integrada\\\/#blogposting\",\"name\":\"APDM re\\u00fane autoridades para discutir sobre a cria\\u00e7\\u00e3o do Posto de Per\\u00edcia Integrada - A Not\\u00edcia Online\",\"headline\":\"APDM re\\u00fane autoridades para discutir sobre a cria\\u00e7\\u00e3o do Posto de Per\\u00edcia Integrada\",\"author\":{\"@id\":\"https:\\\/\\\/anoticiaonline.com.br\\\/site\\\/author\\\/juliana\\\/#author\"},\"publisher\":{\"@id\":\"https:\\\/\\\/anoticiaonline.com.br\\\/site\\\/#organization\"},\"image\":{\"@type\":\"ImageObject\",\"url\":\"https:\\\/\\\/anoticiaonline.com.br\\\/site\\\/wp-content\\\/uploads\\\/2016\\\/02\\\/DSC_1105.jpg\",\"width\":640,\"height\":424},\"datePublished\":\"2016-02-25T15:25:16-03:00\",\"dateModified\":\"2016-02-25T15:25:16-03:00\",\"inLanguage\":\"pt-BR\",\"mainEntityOfPage\":{\"@id\":\"https:\\\/\\\/anoticiaonline.com.br\\\/site\\\/apdm-reune-autoridades-para-discutir-sobre-a-criacao-do-posto-de-pericia-integrada\\\/#webpage\"},\"isPartOf\":{\"@id\":\"https:\\\/\\\/anoticiaonline.com.br\\\/site\\\/apdm-reune-autoridades-para-discutir-sobre-a-criacao-do-posto-de-pericia-integrada\\\/#webpage\"},\"articleSection\":\"Blog, slide\"},{\"@type\":\"BreadcrumbList\",\"@id\":\"https:\\\/\\\/anoticiaonline.com.br\\\/site\\\/apdm-reune-autoridades-para-discutir-sobre-a-criacao-do-posto-de-pericia-integrada\\\/#breadcrumblist\",\"itemListElement\":[{\"@type\":\"ListItem\",\"@id\":\"https:\\\/\\\/anoticiaonline.com.br\\\/site#listItem\",\"position\":1,\"name\":\"Home\",\"item\":\"https:\\\/\\\/anoticiaonline.com.br\\\/site\",\"nextItem\":{\"@type\":\"ListItem\",\"@id\":\"https:\\\/\\\/anoticiaonline.com.br\\\/site\\\/categoria\\\/muriae\\\/#listItem\",\"name\":\"Blog\"}},{\"@type\":\"ListItem\",\"@id\":\"https:\\\/\\\/anoticiaonline.com.br\\\/site\\\/categoria\\\/muriae\\\/#listItem\",\"position\":2,\"name\":\"Blog\",\"item\":\"https:\\\/\\\/anoticiaonline.com.br\\\/site\\\/categoria\\\/muriae\\\/\",\"nextItem\":{\"@type\":\"ListItem\",\"@id\":\"https:\\\/\\\/anoticiaonline.com.br\\\/site\\\/apdm-reune-autoridades-para-discutir-sobre-a-criacao-do-posto-de-pericia-integrada\\\/#listItem\",\"name\":\"APDM re\\u00fane autoridades para discutir sobre a cria\\u00e7\\u00e3o do Posto de Per\\u00edcia Integrada\"},\"previousItem\":{\"@type\":\"ListItem\",\"@id\":\"https:\\\/\\\/anoticiaonline.com.br\\\/site#listItem\",\"name\":\"Home\"}},{\"@type\":\"ListItem\",\"@id\":\"https:\\\/\\\/anoticiaonline.com.br\\\/site\\\/apdm-reune-autoridades-para-discutir-sobre-a-criacao-do-posto-de-pericia-integrada\\\/#listItem\",\"position\":3,\"name\":\"APDM re\\u00fane autoridades para discutir sobre a cria\\u00e7\\u00e3o do Posto de Per\\u00edcia Integrada\",\"previousItem\":{\"@type\":\"ListItem\",\"@id\":\"https:\\\/\\\/anoticiaonline.com.br\\\/site\\\/categoria\\\/muriae\\\/#listItem\",\"name\":\"Blog\"}}]},{\"@type\":\"Organization\",\"@id\":\"https:\\\/\\\/anoticiaonline.com.br\\\/site\\\/#organization\",\"name\":\"A Not\\u00edcia Online\",\"description\":\"Noticias de Muria\\u00e9 e regi\\u00e3o\",\"url\":\"https:\\\/\\\/anoticiaonline.com.br\\\/site\\\/\",\"logo\":{\"@type\":\"ImageObject\",\"url\":\"https:\\\/\\\/scontent-gig4-1.xx.fbcdn.net\\\/v\\\/t39.30808-1\\\/270437624_4564083193639691_6907940295614233970_n.jpg?stp=dst-jpg_s200x200_tt6&_nc_cat=111&ccb=1-7&_nc_sid=f907e8&_nc_ohc=SM1wRlP3lJwQ7kNvwEPuBYA&_nc_oc=AdnqrjDN_BNjSSHWO-GbkIWH6fkGMLw4bqvL_NH6e2wMveX7G-rP2dAqsDSq1mJMOaY&_nc_zt=24&_nc_ht=scontent-gig4-1.xx&_nc_gid=AoBFJeGrT1hVaew_6rchkQ&oh=00_AfX7QmFGhQhG2jAllVgXCiM1ZrWgvtp80-Bfppyexh1QEg&oe=689E923C\",\"@id\":\"https:\\\/\\\/anoticiaonline.com.br\\\/site\\\/apdm-reune-autoridades-para-discutir-sobre-a-criacao-do-posto-de-pericia-integrada\\\/#organizationLogo\"},\"image\":{\"@id\":\"https:\\\/\\\/anoticiaonline.com.br\\\/site\\\/apdm-reune-autoridades-para-discutir-sobre-a-criacao-do-posto-de-pericia-integrada\\\/#organizationLogo\"}},{\"@type\":\"Person\",\"@id\":\"https:\\\/\\\/anoticiaonline.com.br\\\/site\\\/author\\\/juliana\\\/#author\",\"url\":\"https:\\\/\\\/anoticiaonline.com.br\\\/site\\\/author\\\/juliana\\\/\",\"name\":\"Juliana Laviola\",\"image\":{\"@type\":\"ImageObject\",\"@id\":\"https:\\\/\\\/anoticiaonline.com.br\\\/site\\\/apdm-reune-autoridades-para-discutir-sobre-a-criacao-do-posto-de-pericia-integrada\\\/#authorImage\",\"url\":\"https:\\\/\\\/secure.gravatar.com\\\/avatar\\\/b8d45f5c699b100dfaf0e543582f38f38bf94cb7ae3a5e9abf8d891a34773335?s=96&d=mm&r=g\",\"width\":96,\"height\":96,\"caption\":\"Juliana Laviola\"}},{\"@type\":\"WebPage\",\"@id\":\"https:\\\/\\\/anoticiaonline.com.br\\\/site\\\/apdm-reune-autoridades-para-discutir-sobre-a-criacao-do-posto-de-pericia-integrada\\\/#webpage\",\"url\":\"https:\\\/\\\/anoticiaonline.com.br\\\/site\\\/apdm-reune-autoridades-para-discutir-sobre-a-criacao-do-posto-de-pericia-integrada\\\/\",\"name\":\"APDM re\\u00fane autoridades para discutir sobre a cria\\u00e7\\u00e3o do Posto de Per\\u00edcia Integrada - A Not\\u00edcia Online\",\"description\":\"A Associa\\u00e7\\u00e3o Pr\\u00f3-Desenvolvimento de Muria\\u00e9 convidou autoridades e representantes de diversas entidades de Muria\\u00e9 para um caf\\u00e9 da manh\\u00e3 e reuni\\u00e3o, afim de discutirem melhorias para a cidade. Durante reuni\\u00e3o realizada na manh\\u00e3 de segunda-feira (22), no Hotel Regina, o principal assunto abordado foi a cria\\u00e7\\u00e3o do Posto de Per\\u00edcia Integrada (PPI), que tem o\",\"inLanguage\":\"pt-BR\",\"isPartOf\":{\"@id\":\"https:\\\/\\\/anoticiaonline.com.br\\\/site\\\/#website\"},\"breadcrumb\":{\"@id\":\"https:\\\/\\\/anoticiaonline.com.br\\\/site\\\/apdm-reune-autoridades-para-discutir-sobre-a-criacao-do-posto-de-pericia-integrada\\\/#breadcrumblist\"},\"author\":{\"@id\":\"https:\\\/\\\/anoticiaonline.com.br\\\/site\\\/author\\\/juliana\\\/#author\"},\"creator\":{\"@id\":\"https:\\\/\\\/anoticiaonline.com.br\\\/site\\\/author\\\/juliana\\\/#author\"},\"image\":{\"@type\":\"ImageObject\",\"url\":\"https:\\\/\\\/anoticiaonline.com.br\\\/site\\\/wp-content\\\/uploads\\\/2016\\\/02\\\/DSC_1105.jpg\",\"@id\":\"https:\\\/\\\/anoticiaonline.com.br\\\/site\\\/apdm-reune-autoridades-para-discutir-sobre-a-criacao-do-posto-de-pericia-integrada\\\/#mainImage\",\"width\":640,\"height\":424},\"primaryImageOfPage\":{\"@id\":\"https:\\\/\\\/anoticiaonline.com.br\\\/site\\\/apdm-reune-autoridades-para-discutir-sobre-a-criacao-do-posto-de-pericia-integrada\\\/#mainImage\"},\"datePublished\":\"2016-02-25T15:25:16-03:00\",\"dateModified\":\"2016-02-25T15:25:16-03:00\"},{\"@type\":\"WebSite\",\"@id\":\"https:\\\/\\\/anoticiaonline.com.br\\\/site\\\/#website\",\"url\":\"https:\\\/\\\/anoticiaonline.com.br\\\/site\\\/\",\"name\":\"A Not\\u00edcia Online\",\"description\":\"Noticias de Muria\\u00e9 e regi\\u00e3o\",\"inLanguage\":\"pt-BR\",\"publisher\":{\"@id\":\"https:\\\/\\\/anoticiaonline.com.br\\\/site\\\/#organization\"}}]}\n\t\t<\/script>\n\t\t<!-- All in One SEO -->\n\n","aioseo_head_json":{"title":"APDM re\u00fane autoridades para discutir sobre a cria\u00e7\u00e3o do Posto de Per\u00edcia Integrada - A Not\u00edcia Online","description":"A Associa\u00e7\u00e3o Pr\u00f3-Desenvolvimento de Muria\u00e9 convidou autoridades e representantes de diversas entidades de Muria\u00e9 para um caf\u00e9 da manh\u00e3 e reuni\u00e3o, afim de discutirem melhorias para a cidade. Durante reuni\u00e3o realizada na manh\u00e3 de segunda-feira (22), no Hotel Regina, o principal assunto abordado foi a cria\u00e7\u00e3o do Posto de Per\u00edcia Integrada (PPI), que tem o","canonical_url":"https:\/\/anoticiaonline.com.br\/site\/apdm-reune-autoridades-para-discutir-sobre-a-criacao-do-posto-de-pericia-integrada\/","robots":"max-image-preview:large","keywords":"","webmasterTools":{"miscellaneous":""},"schema":{"@context":"https:\/\/schema.org","@graph":[{"@type":"BlogPosting","@id":"https:\/\/anoticiaonline.com.br\/site\/apdm-reune-autoridades-para-discutir-sobre-a-criacao-do-posto-de-pericia-integrada\/#blogposting","name":"APDM re\u00fane autoridades para discutir sobre a cria\u00e7\u00e3o do Posto de Per\u00edcia Integrada - A Not\u00edcia Online","headline":"APDM re\u00fane autoridades para discutir sobre a cria\u00e7\u00e3o do Posto de Per\u00edcia Integrada","author":{"@id":"https:\/\/anoticiaonline.com.br\/site\/author\/juliana\/#author"},"publisher":{"@id":"https:\/\/anoticiaonline.com.br\/site\/#organization"},"image":{"@type":"ImageObject","url":"https:\/\/anoticiaonline.com.br\/site\/wp-content\/uploads\/2016\/02\/DSC_1105.jpg","width":640,"height":424},"datePublished":"2016-02-25T15:25:16-03:00","dateModified":"2016-02-25T15:25:16-03:00","inLanguage":"pt-BR","mainEntityOfPage":{"@id":"https:\/\/anoticiaonline.com.br\/site\/apdm-reune-autoridades-para-discutir-sobre-a-criacao-do-posto-de-pericia-integrada\/#webpage"},"isPartOf":{"@id":"https:\/\/anoticiaonline.com.br\/site\/apdm-reune-autoridades-para-discutir-sobre-a-criacao-do-posto-de-pericia-integrada\/#webpage"},"articleSection":"Blog, slide"},{"@type":"BreadcrumbList","@id":"https:\/\/anoticiaonline.com.br\/site\/apdm-reune-autoridades-para-discutir-sobre-a-criacao-do-posto-de-pericia-integrada\/#breadcrumblist","itemListElement":[{"@type":"ListItem","@id":"https:\/\/anoticiaonline.com.br\/site#listItem","position":1,"name":"Home","item":"https:\/\/anoticiaonline.com.br\/site","nextItem":{"@type":"ListItem","@id":"https:\/\/anoticiaonline.com.br\/site\/categoria\/muriae\/#listItem","name":"Blog"}},{"@type":"ListItem","@id":"https:\/\/anoticiaonline.com.br\/site\/categoria\/muriae\/#listItem","position":2,"name":"Blog","item":"https:\/\/anoticiaonline.com.br\/site\/categoria\/muriae\/","nextItem":{"@type":"ListItem","@id":"https:\/\/anoticiaonline.com.br\/site\/apdm-reune-autoridades-para-discutir-sobre-a-criacao-do-posto-de-pericia-integrada\/#listItem","name":"APDM re\u00fane autoridades para discutir sobre a cria\u00e7\u00e3o do Posto de Per\u00edcia Integrada"},"previousItem":{"@type":"ListItem","@id":"https:\/\/anoticiaonline.com.br\/site#listItem","name":"Home"}},{"@type":"ListItem","@id":"https:\/\/anoticiaonline.com.br\/site\/apdm-reune-autoridades-para-discutir-sobre-a-criacao-do-posto-de-pericia-integrada\/#listItem","position":3,"name":"APDM re\u00fane autoridades para discutir sobre a cria\u00e7\u00e3o do Posto de Per\u00edcia Integrada","previousItem":{"@type":"ListItem","@id":"https:\/\/anoticiaonline.com.br\/site\/categoria\/muriae\/#listItem","name":"Blog"}}]},{"@type":"Organization","@id":"https:\/\/anoticiaonline.com.br\/site\/#organization","name":"A Not\u00edcia Online","description":"Noticias de Muria\u00e9 e regi\u00e3o","url":"https:\/\/anoticiaonline.com.br\/site\/","logo":{"@type":"ImageObject","url":"https:\/\/scontent-gig4-1.xx.fbcdn.net\/v\/t39.30808-1\/270437624_4564083193639691_6907940295614233970_n.jpg?stp=dst-jpg_s200x200_tt6&_nc_cat=111&ccb=1-7&_nc_sid=f907e8&_nc_ohc=SM1wRlP3lJwQ7kNvwEPuBYA&_nc_oc=AdnqrjDN_BNjSSHWO-GbkIWH6fkGMLw4bqvL_NH6e2wMveX7G-rP2dAqsDSq1mJMOaY&_nc_zt=24&_nc_ht=scontent-gig4-1.xx&_nc_gid=AoBFJeGrT1hVaew_6rchkQ&oh=00_AfX7QmFGhQhG2jAllVgXCiM1ZrWgvtp80-Bfppyexh1QEg&oe=689E923C","@id":"https:\/\/anoticiaonline.com.br\/site\/apdm-reune-autoridades-para-discutir-sobre-a-criacao-do-posto-de-pericia-integrada\/#organizationLogo"},"image":{"@id":"https:\/\/anoticiaonline.com.br\/site\/apdm-reune-autoridades-para-discutir-sobre-a-criacao-do-posto-de-pericia-integrada\/#organizationLogo"}},{"@type":"Person","@id":"https:\/\/anoticiaonline.com.br\/site\/author\/juliana\/#author","url":"https:\/\/anoticiaonline.com.br\/site\/author\/juliana\/","name":"Juliana Laviola","image":{"@type":"ImageObject","@id":"https:\/\/anoticiaonline.com.br\/site\/apdm-reune-autoridades-para-discutir-sobre-a-criacao-do-posto-de-pericia-integrada\/#authorImage","url":"https:\/\/secure.gravatar.com\/avatar\/b8d45f5c699b100dfaf0e543582f38f38bf94cb7ae3a5e9abf8d891a34773335?s=96&d=mm&r=g","width":96,"height":96,"caption":"Juliana Laviola"}},{"@type":"WebPage","@id":"https:\/\/anoticiaonline.com.br\/site\/apdm-reune-autoridades-para-discutir-sobre-a-criacao-do-posto-de-pericia-integrada\/#webpage","url":"https:\/\/anoticiaonline.com.br\/site\/apdm-reune-autoridades-para-discutir-sobre-a-criacao-do-posto-de-pericia-integrada\/","name":"APDM re\u00fane autoridades para discutir sobre a cria\u00e7\u00e3o do Posto de Per\u00edcia Integrada - A Not\u00edcia Online","description":"A Associa\u00e7\u00e3o Pr\u00f3-Desenvolvimento de Muria\u00e9 convidou autoridades e representantes de diversas entidades de Muria\u00e9 para um caf\u00e9 da manh\u00e3 e reuni\u00e3o, afim de discutirem melhorias para a cidade. Durante reuni\u00e3o realizada na manh\u00e3 de segunda-feira (22), no Hotel Regina, o principal assunto abordado foi a cria\u00e7\u00e3o do Posto de Per\u00edcia Integrada (PPI), que tem o","inLanguage":"pt-BR","isPartOf":{"@id":"https:\/\/anoticiaonline.com.br\/site\/#website"},"breadcrumb":{"@id":"https:\/\/anoticiaonline.com.br\/site\/apdm-reune-autoridades-para-discutir-sobre-a-criacao-do-posto-de-pericia-integrada\/#breadcrumblist"},"author":{"@id":"https:\/\/anoticiaonline.com.br\/site\/author\/juliana\/#author"},"creator":{"@id":"https:\/\/anoticiaonline.com.br\/site\/author\/juliana\/#author"},"image":{"@type":"ImageObject","url":"https:\/\/anoticiaonline.com.br\/site\/wp-content\/uploads\/2016\/02\/DSC_1105.jpg","@id":"https:\/\/anoticiaonline.com.br\/site\/apdm-reune-autoridades-para-discutir-sobre-a-criacao-do-posto-de-pericia-integrada\/#mainImage","width":640,"height":424},"primaryImageOfPage":{"@id":"https:\/\/anoticiaonline.com.br\/site\/apdm-reune-autoridades-para-discutir-sobre-a-criacao-do-posto-de-pericia-integrada\/#mainImage"},"datePublished":"2016-02-25T15:25:16-03:00","dateModified":"2016-02-25T15:25:16-03:00"},{"@type":"WebSite","@id":"https:\/\/anoticiaonline.com.br\/site\/#website","url":"https:\/\/anoticiaonline.com.br\/site\/","name":"A Not\u00edcia Online","description":"Noticias de Muria\u00e9 e regi\u00e3o","inLanguage":"pt-BR","publisher":{"@id":"https:\/\/anoticiaonline.com.br\/site\/#organization"}}]},"og:locale":"pt_BR","og:site_name":"A Not\u00edcia Online - Noticias de Muria\u00e9 e regi\u00e3o","og:type":"article","og:title":"APDM re\u00fane autoridades para discutir sobre a cria\u00e7\u00e3o do Posto de Per\u00edcia Integrada - A Not\u00edcia Online","og:description":"A Associa\u00e7\u00e3o Pr\u00f3-Desenvolvimento de Muria\u00e9 convidou autoridades e representantes de diversas entidades de Muria\u00e9 para um caf\u00e9 da manh\u00e3 e reuni\u00e3o, afim de discutirem melhorias para a cidade. Durante reuni\u00e3o realizada na manh\u00e3 de segunda-feira (22), no Hotel Regina, o principal assunto abordado foi a cria\u00e7\u00e3o do Posto de Per\u00edcia Integrada (PPI), que tem o","og:url":"https:\/\/anoticiaonline.com.br\/site\/apdm-reune-autoridades-para-discutir-sobre-a-criacao-do-posto-de-pericia-integrada\/","og:image":"https:\/\/scontent-gig4-1.xx.fbcdn.net\/v\/t39.30808-1\/270437624_4564083193639691_6907940295614233970_n.jpg?stp=dst-jpg_s200x200_tt6&#038;_nc_cat=111&#038;ccb=1-7&#038;_nc_sid=f907e8&#038;_nc_ohc=SM1wRlP3lJwQ7kNvwEPuBYA&#038;_nc_oc=AdnqrjDN_BNjSSHWO-GbkIWH6fkGMLw4bqvL_NH6e2wMveX7G-rP2dAqsDSq1mJMOaY&#038;_nc_zt=24&#038;_nc_ht=scontent-gig4-1.xx&#038;_nc_gid=AoBFJeGrT1hVaew_6rchkQ&#038;oh=00_AfX7QmFGhQhG2jAllVgXCiM1ZrWgvtp80-Bfppyexh1QEg&#038;oe=689E923C","og:image:secure_url":"https:\/\/scontent-gig4-1.xx.fbcdn.net\/v\/t39.30808-1\/270437624_4564083193639691_6907940295614233970_n.jpg?stp=dst-jpg_s200x200_tt6&#038;_nc_cat=111&#038;ccb=1-7&#038;_nc_sid=f907e8&#038;_nc_ohc=SM1wRlP3lJwQ7kNvwEPuBYA&#038;_nc_oc=AdnqrjDN_BNjSSHWO-GbkIWH6fkGMLw4bqvL_NH6e2wMveX7G-rP2dAqsDSq1mJMOaY&#038;_nc_zt=24&#038;_nc_ht=scontent-gig4-1.xx&#038;_nc_gid=AoBFJeGrT1hVaew_6rchkQ&#038;oh=00_AfX7QmFGhQhG2jAllVgXCiM1ZrWgvtp80-Bfppyexh1QEg&#038;oe=689E923C","article:published_time":"2016-02-25T18:25:16+00:00","article:modified_time":"2016-02-25T18:25:16+00:00","twitter:card":"summary_large_image","twitter:title":"APDM re\u00fane autoridades para discutir sobre a cria\u00e7\u00e3o do Posto de Per\u00edcia Integrada - A Not\u00edcia Online","twitter:description":"A Associa\u00e7\u00e3o Pr\u00f3-Desenvolvimento de Muria\u00e9 convidou autoridades e representantes de diversas entidades de Muria\u00e9 para um caf\u00e9 da manh\u00e3 e reuni\u00e3o, afim de discutirem melhorias para a cidade. Durante reuni\u00e3o realizada na manh\u00e3 de segunda-feira (22), no Hotel Regina, o principal assunto abordado foi a cria\u00e7\u00e3o do Posto de Per\u00edcia Integrada (PPI), que tem o","twitter:image":"https:\/\/scontent-gig4-1.xx.fbcdn.net\/v\/t39.30808-1\/270437624_4564083193639691_6907940295614233970_n.jpg?stp=dst-jpg_s200x200_tt6&_nc_cat=111&ccb=1-7&_nc_sid=f907e8&_nc_ohc=SM1wRlP3lJwQ7kNvwEPuBYA&_nc_oc=AdnqrjDN_BNjSSHWO-GbkIWH6fkGMLw4bqvL_NH6e2wMveX7G-rP2dAqsDSq1mJMOaY&_nc_zt=24&_nc_ht=scontent-gig4-1.xx&_nc_gid=AoBFJeGrT1hVaew_6rchkQ&oh=00_AfX7QmFGhQhG2jAllVgXCiM1ZrWgvtp80-Bfppyexh1QEg&oe=689E923C"},"aioseo_meta_data":{"post_id":"9753","title":null,"description":null,"keywords":null,"keyphrases":null,"primary_term":null,"canonical_url":null,"og_title":null,"og_description":null,"og_object_type":"default","og_image_type":"default","og_image_url":null,"og_image_width":null,"og_image_height":null,"og_image_custom_url":null,"og_image_custom_fields":null,"og_video":null,"og_custom_url":null,"og_article_section":null,"og_article_tags":null,"twitter_use_og":false,"twitter_card":"default","twitter_image_type":"default","twitter_image_url":null,"twitter_image_custom_url":null,"twitter_image_custom_fields":null,"twitter_title":null,"twitter_description":null,"schema":{"blockGraphs":[],"customGraphs":[],"default":{"data":{"Article":[],"Course":[],"Dataset":[],"FAQPage":[],"Movie":[],"Person":[],"Product":[],"ProductReview":[],"Car":[],"Recipe":[],"Service":[],"SoftwareApplication":[],"WebPage":[]},"graphName":"","isEnabled":true},"graphs":[]},"schema_type":"default","schema_type_options":null,"pillar_content":false,"robots_default":true,"robots_noindex":false,"robots_noarchive":false,"robots_nosnippet":false,"robots_nofollow":false,"robots_noimageindex":false,"robots_noodp":false,"robots_notranslate":false,"robots_max_snippet":null,"robots_max_videopreview":null,"robots_max_imagepreview":"large","priority":null,"frequency":null,"local_seo":null,"breadcrumb_settings":null,"limit_modified_date":false,"ai":null,"created":"2025-08-16 15:18:42","updated":"2025-08-16 15:18:42","focus_keyword":null,"additional_keywords":null,"truseo_locale":null,"seo_analyzer_scan_date":null},"aioseo_breadcrumb":"<div class=\"aioseo-breadcrumbs\"><span class=\"aioseo-breadcrumb\">\n\t\t\t<a href=\"https:\/\/anoticiaonline.com.br\/site\" title=\"Home\">Home<\/a>\n\t\t<\/span><span class=\"aioseo-breadcrumb-separator\">&raquo;<\/span><span class=\"aioseo-breadcrumb\">\n\t\t\t<a href=\"https:\/\/anoticiaonline.com.br\/site\/categoria\/muriae\/\" title=\"Blog\">Blog<\/a>\n\t\t<\/span><span class=\"aioseo-breadcrumb-separator\">&raquo;<\/span><span class=\"aioseo-breadcrumb\">\n\t\t\tAPDM re\u00fane autoridades para discutir sobre a cria\u00e7\u00e3o do Posto de Per\u00edcia Integrada\n\t\t<\/span><\/div>","aioseo_breadcrumb_json":[{"label":"Home","link":"https:\/\/anoticiaonline.com.br\/site"},{"label":"Blog","link":"https:\/\/anoticiaonline.com.br\/site\/categoria\/muriae\/"},{"label":"APDM re\u00fane autoridades para discutir sobre a cria\u00e7\u00e3o do Posto de Per\u00edcia Integrada","link":"https:\/\/anoticiaonline.com.br\/site\/apdm-reune-autoridades-para-discutir-sobre-a-criacao-do-posto-de-pericia-integrada\/"}],"views":158,"_links":{"self":[{"href":"https:\/\/anoticiaonline.com.br\/site\/wp-json\/wp\/v2\/posts\/9753","targetHints":{"allow":["GET"]}}],"collection":[{"href":"https:\/\/anoticiaonline.com.br\/site\/wp-json\/wp\/v2\/posts"}],"about":[{"href":"https:\/\/anoticiaonline.com.br\/site\/wp-json\/wp\/v2\/types\/post"}],"author":[{"embeddable":true,"href":"https:\/\/anoticiaonline.com.br\/site\/wp-json\/wp\/v2\/users\/2"}],"replies":[{"embeddable":true,"href":"https:\/\/anoticiaonline.com.br\/site\/wp-json\/wp\/v2\/comments?post=9753"}],"version-history":[{"count":0,"href":"https:\/\/anoticiaonline.com.br\/site\/wp-json\/wp\/v2\/posts\/9753\/revisions"}],"wp:featuredmedia":[{"embeddable":true,"href":"https:\/\/anoticiaonline.com.br\/site\/wp-json\/wp\/v2\/media\/9754"}],"wp:attachment":[{"href":"https:\/\/anoticiaonline.com.br\/site\/wp-json\/wp\/v2\/media?parent=9753"}],"wp:term":[{"taxonomy":"category","embeddable":true,"href":"https:\/\/anoticiaonline.com.br\/site\/wp-json\/wp\/v2\/categories?post=9753"},{"taxonomy":"post_tag","embeddable":true,"href":"https:\/\/anoticiaonline.com.br\/site\/wp-json\/wp\/v2\/tags?post=9753"}],"curies":[{"name":"wp","href":"https:\/\/api.w.org\/{rel}","templated":true}]}}