{"id":9634,"date":"2016-02-22T12:45:07","date_gmt":"2016-02-22T15:45:07","guid":{"rendered":"http:\/\/anoticiaonline.com.br\/site\/?p=9634"},"modified":"2016-02-22T12:45:22","modified_gmt":"2016-02-22T15:45:22","slug":"alessandro-da-matta-e-empossado-oficialmente-delegado-regional","status":"publish","type":"post","link":"https:\/\/anoticiaonline.com.br\/site\/alessandro-da-matta-e-empossado-oficialmente-delegado-regional\/","title":{"rendered":"Alessandro da Matta \u00e9 empossado oficialmente delegado regional"},"content":{"rendered":"<p><a href=\"https:\/\/anoticiaonline.com.br\/site\/wp-content\/uploads\/2016\/02\/DSC_1012.jpg\"><img fetchpriority=\"high\" decoding=\"async\" class=\" size-medium wp-image-9635 alignleft\" src=\"https:\/\/anoticiaonline.com.br\/site\/wp-content\/uploads\/2016\/02\/DSC_1012-300x199.jpg\" alt=\"DSC_1012\" width=\"300\" height=\"199\" srcset=\"https:\/\/anoticiaonline.com.br\/site\/wp-content\/uploads\/2016\/02\/DSC_1012-300x199.jpg 300w, https:\/\/anoticiaonline.com.br\/site\/wp-content\/uploads\/2016\/02\/DSC_1012.jpg 640w\" sizes=\"(max-width: 300px) 100vw, 300px\" \/><\/a>O novo delegado regional, Alessandro Amaro da Matta, que foi nomeado no final de dezembro 2015 para ocupar o cargo, foi empossado oficialmente, em solenidade realizada na C\u00e2mara de Vereadores.<\/p>\n<p>O evento, que foi realizado na noite da \u00faltima quinta-feira (18), contou com a presen\u00e7a de autoridades civis, militares e pol\u00edticas de Muria\u00e9, entre elas o chefe Adjunto da Pol\u00edcia Civil de Minas Gerais, Jo\u00e3o Octac\u00edlio Silva Neto, que na ocasi\u00e3o representou a chefe de Pol\u00edcia Civil de Minas Gerais, Andrea Cl\u00e1udia Vacchiano; a delegada Adjunta do 4\u00ba Departamento de Pol\u00edcia Civil, com sede em Juiz de Fora, Maria Souza Ponte, representando o chefe do Departamento, Sa\u00e9d Divan; o ex-delegado regional, Luiz Carlos dos Santos, os delegados, gest\u00e3o e administra\u00e7\u00e3o das delegacias das mais de 20 cidades que pertencem \u00e0 4\u00aa Delegacia Regional, o prefeito Aloysio Aquino, o comandante do 47\u00ba Batalh\u00e3o de Pol\u00edcia Militar, tenente-coronel Naz\u00e1rio, o comandante do 2\u00ba pelot\u00e3o do Corpo de Bombeiros, tenente Da Silva, representantes da Pol\u00edcia Rodovi\u00e1ria Federal e vereadores, al\u00e9m de familiares do novo delegado regional.<\/p>\n<p>O chefe Adjunto da Pol\u00edcia Civil de Minas Gerais, Jo\u00e3o Octac\u00edlio Silva Neto, elogiou o trabalho do delegado regional empossado e afirma que Alessandro tem o perfil para o cargo. \u201cO Alessandro \u00e9 um profissional competente. Tive a iniciativa de convid\u00e1-lo para assumir o cargo de delegado regional porque fomos colegas de curso. Sei da \u00edndole e do perfil do Alessandro. Ele tem o perfil ideal para ser delegado regional de uma cidade t\u00e3o boa como Muria\u00e9 e regi\u00e3o\u201d, diz. \u201cTenho certeza de que ele vai fazer um excelente trabalho em Muria\u00e9 e regi\u00e3o\u201d, completa.<\/p>\n<p>O prefeito Aloysio Aquino parabenizou Alessandro da Matta pela promo\u00e7\u00e3o. \u201cTodos sabem da honestidade e compet\u00eancia do doutor Alessandro. Com 16 anos de servi\u00e7os prestados \u00e0 Pol\u00edcia Civil do Estado de Minas Gerais, trabalhando em diversas delegacias, tenho certeza, que o doutor Alessandro realizar\u00e1 um excelente trabalho no comando da institui\u00e7\u00e3o\u201d, afirma.<\/p>\n<p><strong><a href=\"https:\/\/anoticiaonline.com.br\/site\/wp-content\/uploads\/2016\/02\/DSC_0977.jpg\"><img decoding=\"async\" class=\" size-medium wp-image-9636 alignleft\" src=\"https:\/\/anoticiaonline.com.br\/site\/wp-content\/uploads\/2016\/02\/DSC_0977-300x199.jpg\" alt=\"DSC_0977\" width=\"300\" height=\"199\" srcset=\"https:\/\/anoticiaonline.com.br\/site\/wp-content\/uploads\/2016\/02\/DSC_0977-300x199.jpg 300w, https:\/\/anoticiaonline.com.br\/site\/wp-content\/uploads\/2016\/02\/DSC_0977.jpg 640w\" sizes=\"(max-width: 300px) 100vw, 300px\" \/><\/a>O NOVO DELEGADO REGIONAL \u2013<\/strong> Natural de Muria\u00e9, Alessandro Amaro da Matta \u00e9 delegado h\u00e1 16 anos. Formou-se na Academia de Pol\u00edcia, em Belo Horizonte, em 2000. Neste per\u00edodo, j\u00e1 atuou em Divino, Tombos e Muria\u00e9.<\/p>\n<p>Iniciou a carreira na cidade de Divino, onde ficou por quatro anos. Em 2005, chefiou a delegacia de Tombos, e no ano seguinte veio para Muria\u00e9, onde est\u00e1 h\u00e1 nove anos.<\/p>\n<p>Antes de ser nomeado delegado regional, Alessandro da Matta estava \u00e0 frente da Delegacia de Tr\u00e2nsito de Muria\u00e9 e tamb\u00e9m coordenava o N\u00facleo de Intelig\u00eancia Regional.<\/p>\n<p>O delegado regional empossado afirma que o desafio \u00e9 \u201cgrande\u201d, mas que o recebeu com \u201cmuita honra\u201d. \u201cEstou ciente de que posso desenvolver este grande trabalho. Meu objetivo \u00e9 trabalhar em equipe, fortalecer a nossa equipe trazendo mais pessoas, agregando-as ao pessoal que \u00e9 bom. O foco \u00e9 a unidade. Ningu\u00e9m faz nada sozinho. A vantagem \u00e9 que conhe\u00e7o o pessoal e a regi\u00e3o. Vamos buscar o que j\u00e1 de melhor em cada um, em seu setor de trabalho, para prestarmos um servi\u00e7o cada vez melhor \u00e0 sociedade, visando sempre combater a viol\u00eancia e a criminalidade em Muria\u00e9 e regi\u00e3o\u201d, destaca o delegado regional.<\/p>\n<p><img decoding=\"async\" class=\"ngg_displayed_gallery mceItem\" src=\"https:\/\/anoticiaonline.com.br\/site\/nextgen-attach_to_post\/preview\/id--9667\" alt=\"\" \/><\/p>\n","protected":false},"excerpt":{"rendered":"<p>O novo delegado regional, Alessandro Amaro da Matta, que foi nomeado no final de dezembro 2015 para ocupar o cargo, foi empossado oficialmente, em solenidade realizada na C\u00e2mara de Vereadores. O evento, que foi realizado na noite da \u00faltima quinta-feira (18), contou com a presen\u00e7a de autoridades civis, militares e pol\u00edticas de Muria\u00e9, entre elas &#8230; <a title=\"Alessandro da Matta \u00e9 empossado oficialmente delegado regional\" class=\"read-more\" href=\"https:\/\/anoticiaonline.com.br\/site\/alessandro-da-matta-e-empossado-oficialmente-delegado-regional\/\" aria-label=\"Read more about Alessandro da Matta \u00e9 empossado oficialmente delegado regional\">Ler mais<\/a><\/p>\n","protected":false},"author":2,"featured_media":9635,"comment_status":"open","ping_status":"open","sticky":false,"template":"","format":"standard","meta":{"_acf_changed":false,"_monsterinsights_skip_tracking":false,"footnotes":""},"categories":[30],"tags":[3],"class_list":["post-9634","post","type-post","status-publish","format-standard","has-post-thumbnail","hentry","category-muriae","tag-slide"],"acf":[],"aioseo_notices":[],"aioseo_head":"\n\t\t<!-- All in One SEO 5.0.0.1 - aioseo.com -->\n\t<meta name=\"description\" content=\"O novo delegado regional, Alessandro Amaro da Matta, que foi nomeado no final de dezembro 2015 para ocupar o cargo, foi empossado oficialmente, em solenidade realizada na C\u00e2mara de Vereadores. O evento, que foi realizado na noite da \u00faltima quinta-feira (18), contou com a presen\u00e7a de autoridades civis, militares e pol\u00edticas de Muria\u00e9, entre elas\" \/>\n\t<meta name=\"robots\" content=\"max-image-preview:large\" \/>\n\t<meta name=\"author\" content=\"Juliana Laviola\"\/>\n\t<link rel=\"canonical\" href=\"https:\/\/anoticiaonline.com.br\/site\/alessandro-da-matta-e-empossado-oficialmente-delegado-regional\/\" \/>\n\t<meta name=\"generator\" content=\"All in One SEO (AIOSEO) 5.0.0.1\" \/>\n\t\t<meta property=\"og:locale\" content=\"pt_BR\" \/>\n\t\t<meta property=\"og:site_name\" content=\"A Not\u00edcia Online - Noticias de Muria\u00e9 e regi\u00e3o\" \/>\n\t\t<meta property=\"og:type\" content=\"article\" \/>\n\t\t<meta property=\"og:title\" content=\"Alessandro da Matta \u00e9 empossado oficialmente delegado regional - A Not\u00edcia Online\" \/>\n\t\t<meta property=\"og:description\" content=\"O novo delegado regional, Alessandro Amaro da Matta, que foi nomeado no final de dezembro 2015 para ocupar o cargo, foi empossado oficialmente, em solenidade realizada na C\u00e2mara de Vereadores. O evento, que foi realizado na noite da \u00faltima quinta-feira (18), contou com a presen\u00e7a de autoridades civis, militares e pol\u00edticas de Muria\u00e9, entre elas\" \/>\n\t\t<meta property=\"og:url\" content=\"https:\/\/anoticiaonline.com.br\/site\/alessandro-da-matta-e-empossado-oficialmente-delegado-regional\/\" \/>\n\t\t<meta property=\"og:image\" content=\"https:\/\/scontent-gig4-1.xx.fbcdn.net\/v\/t39.30808-1\/270437624_4564083193639691_6907940295614233970_n.jpg?stp=dst-jpg_s200x200_tt6&#038;_nc_cat=111&#038;ccb=1-7&#038;_nc_sid=f907e8&#038;_nc_ohc=SM1wRlP3lJwQ7kNvwEPuBYA&#038;_nc_oc=AdnqrjDN_BNjSSHWO-GbkIWH6fkGMLw4bqvL_NH6e2wMveX7G-rP2dAqsDSq1mJMOaY&#038;_nc_zt=24&#038;_nc_ht=scontent-gig4-1.xx&#038;_nc_gid=AoBFJeGrT1hVaew_6rchkQ&#038;oh=00_AfX7QmFGhQhG2jAllVgXCiM1ZrWgvtp80-Bfppyexh1QEg&#038;oe=689E923C\" \/>\n\t\t<meta property=\"og:image:secure_url\" content=\"https:\/\/scontent-gig4-1.xx.fbcdn.net\/v\/t39.30808-1\/270437624_4564083193639691_6907940295614233970_n.jpg?stp=dst-jpg_s200x200_tt6&#038;_nc_cat=111&#038;ccb=1-7&#038;_nc_sid=f907e8&#038;_nc_ohc=SM1wRlP3lJwQ7kNvwEPuBYA&#038;_nc_oc=AdnqrjDN_BNjSSHWO-GbkIWH6fkGMLw4bqvL_NH6e2wMveX7G-rP2dAqsDSq1mJMOaY&#038;_nc_zt=24&#038;_nc_ht=scontent-gig4-1.xx&#038;_nc_gid=AoBFJeGrT1hVaew_6rchkQ&#038;oh=00_AfX7QmFGhQhG2jAllVgXCiM1ZrWgvtp80-Bfppyexh1QEg&#038;oe=689E923C\" \/>\n\t\t<meta property=\"article:published_time\" content=\"2016-02-22T15:45:07+00:00\" \/>\n\t\t<meta property=\"article:modified_time\" content=\"2016-02-22T15:45:22+00:00\" \/>\n\t\t<meta name=\"twitter:card\" content=\"summary_large_image\" \/>\n\t\t<meta name=\"twitter:title\" content=\"Alessandro da Matta \u00e9 empossado oficialmente delegado regional - A Not\u00edcia Online\" \/>\n\t\t<meta name=\"twitter:description\" content=\"O novo delegado regional, Alessandro Amaro da Matta, que foi nomeado no final de dezembro 2015 para ocupar o cargo, foi empossado oficialmente, em solenidade realizada na C\u00e2mara de Vereadores. O evento, que foi realizado na noite da \u00faltima quinta-feira (18), contou com a presen\u00e7a de autoridades civis, militares e pol\u00edticas de Muria\u00e9, entre elas\" \/>\n\t\t<meta name=\"twitter:image\" content=\"https:\/\/scontent-gig4-1.xx.fbcdn.net\/v\/t39.30808-1\/270437624_4564083193639691_6907940295614233970_n.jpg?stp=dst-jpg_s200x200_tt6&amp;_nc_cat=111&amp;ccb=1-7&amp;_nc_sid=f907e8&amp;_nc_ohc=SM1wRlP3lJwQ7kNvwEPuBYA&amp;_nc_oc=AdnqrjDN_BNjSSHWO-GbkIWH6fkGMLw4bqvL_NH6e2wMveX7G-rP2dAqsDSq1mJMOaY&amp;_nc_zt=24&amp;_nc_ht=scontent-gig4-1.xx&amp;_nc_gid=AoBFJeGrT1hVaew_6rchkQ&amp;oh=00_AfX7QmFGhQhG2jAllVgXCiM1ZrWgvtp80-Bfppyexh1QEg&amp;oe=689E923C\" \/>\n\t\t<script type=\"application\/ld+json\" class=\"aioseo-schema\">\n\t\t\t{\"@context\":\"https:\\\/\\\/schema.org\",\"@graph\":[{\"@type\":\"BlogPosting\",\"@id\":\"https:\\\/\\\/anoticiaonline.com.br\\\/site\\\/alessandro-da-matta-e-empossado-oficialmente-delegado-regional\\\/#blogposting\",\"name\":\"Alessandro da Matta \\u00e9 empossado oficialmente delegado regional - A Not\\u00edcia Online\",\"headline\":\"Alessandro da Matta \\u00e9 empossado oficialmente delegado regional\",\"author\":{\"@id\":\"https:\\\/\\\/anoticiaonline.com.br\\\/site\\\/author\\\/juliana\\\/#author\"},\"publisher\":{\"@id\":\"https:\\\/\\\/anoticiaonline.com.br\\\/site\\\/#organization\"},\"image\":{\"@type\":\"ImageObject\",\"url\":\"https:\\\/\\\/anoticiaonline.com.br\\\/site\\\/wp-content\\\/uploads\\\/2016\\\/02\\\/DSC_1012.jpg\",\"width\":640,\"height\":424},\"datePublished\":\"2016-02-22T12:45:07-03:00\",\"dateModified\":\"2016-02-22T12:45:22-03:00\",\"inLanguage\":\"pt-BR\",\"mainEntityOfPage\":{\"@id\":\"https:\\\/\\\/anoticiaonline.com.br\\\/site\\\/alessandro-da-matta-e-empossado-oficialmente-delegado-regional\\\/#webpage\"},\"isPartOf\":{\"@id\":\"https:\\\/\\\/anoticiaonline.com.br\\\/site\\\/alessandro-da-matta-e-empossado-oficialmente-delegado-regional\\\/#webpage\"},\"articleSection\":\"Blog, slide\"},{\"@type\":\"BreadcrumbList\",\"@id\":\"https:\\\/\\\/anoticiaonline.com.br\\\/site\\\/alessandro-da-matta-e-empossado-oficialmente-delegado-regional\\\/#breadcrumblist\",\"itemListElement\":[{\"@type\":\"ListItem\",\"@id\":\"https:\\\/\\\/anoticiaonline.com.br\\\/site#listItem\",\"position\":1,\"name\":\"Home\",\"item\":\"https:\\\/\\\/anoticiaonline.com.br\\\/site\",\"nextItem\":{\"@type\":\"ListItem\",\"@id\":\"https:\\\/\\\/anoticiaonline.com.br\\\/site\\\/categoria\\\/muriae\\\/#listItem\",\"name\":\"Blog\"}},{\"@type\":\"ListItem\",\"@id\":\"https:\\\/\\\/anoticiaonline.com.br\\\/site\\\/categoria\\\/muriae\\\/#listItem\",\"position\":2,\"name\":\"Blog\",\"item\":\"https:\\\/\\\/anoticiaonline.com.br\\\/site\\\/categoria\\\/muriae\\\/\",\"nextItem\":{\"@type\":\"ListItem\",\"@id\":\"https:\\\/\\\/anoticiaonline.com.br\\\/site\\\/alessandro-da-matta-e-empossado-oficialmente-delegado-regional\\\/#listItem\",\"name\":\"Alessandro da Matta \\u00e9 empossado oficialmente delegado regional\"},\"previousItem\":{\"@type\":\"ListItem\",\"@id\":\"https:\\\/\\\/anoticiaonline.com.br\\\/site#listItem\",\"name\":\"Home\"}},{\"@type\":\"ListItem\",\"@id\":\"https:\\\/\\\/anoticiaonline.com.br\\\/site\\\/alessandro-da-matta-e-empossado-oficialmente-delegado-regional\\\/#listItem\",\"position\":3,\"name\":\"Alessandro da Matta \\u00e9 empossado oficialmente delegado regional\",\"previousItem\":{\"@type\":\"ListItem\",\"@id\":\"https:\\\/\\\/anoticiaonline.com.br\\\/site\\\/categoria\\\/muriae\\\/#listItem\",\"name\":\"Blog\"}}]},{\"@type\":\"Organization\",\"@id\":\"https:\\\/\\\/anoticiaonline.com.br\\\/site\\\/#organization\",\"name\":\"A Not\\u00edcia Online\",\"description\":\"Noticias de Muria\\u00e9 e regi\\u00e3o\",\"url\":\"https:\\\/\\\/anoticiaonline.com.br\\\/site\\\/\",\"logo\":{\"@type\":\"ImageObject\",\"url\":\"https:\\\/\\\/scontent-gig4-1.xx.fbcdn.net\\\/v\\\/t39.30808-1\\\/270437624_4564083193639691_6907940295614233970_n.jpg?stp=dst-jpg_s200x200_tt6&_nc_cat=111&ccb=1-7&_nc_sid=f907e8&_nc_ohc=SM1wRlP3lJwQ7kNvwEPuBYA&_nc_oc=AdnqrjDN_BNjSSHWO-GbkIWH6fkGMLw4bqvL_NH6e2wMveX7G-rP2dAqsDSq1mJMOaY&_nc_zt=24&_nc_ht=scontent-gig4-1.xx&_nc_gid=AoBFJeGrT1hVaew_6rchkQ&oh=00_AfX7QmFGhQhG2jAllVgXCiM1ZrWgvtp80-Bfppyexh1QEg&oe=689E923C\",\"@id\":\"https:\\\/\\\/anoticiaonline.com.br\\\/site\\\/alessandro-da-matta-e-empossado-oficialmente-delegado-regional\\\/#organizationLogo\"},\"image\":{\"@id\":\"https:\\\/\\\/anoticiaonline.com.br\\\/site\\\/alessandro-da-matta-e-empossado-oficialmente-delegado-regional\\\/#organizationLogo\"}},{\"@type\":\"Person\",\"@id\":\"https:\\\/\\\/anoticiaonline.com.br\\\/site\\\/author\\\/juliana\\\/#author\",\"url\":\"https:\\\/\\\/anoticiaonline.com.br\\\/site\\\/author\\\/juliana\\\/\",\"name\":\"Juliana Laviola\",\"image\":{\"@type\":\"ImageObject\",\"@id\":\"https:\\\/\\\/anoticiaonline.com.br\\\/site\\\/alessandro-da-matta-e-empossado-oficialmente-delegado-regional\\\/#authorImage\",\"url\":\"https:\\\/\\\/secure.gravatar.com\\\/avatar\\\/b8d45f5c699b100dfaf0e543582f38f38bf94cb7ae3a5e9abf8d891a34773335?s=96&d=mm&r=g\",\"width\":96,\"height\":96,\"caption\":\"Juliana Laviola\"}},{\"@type\":\"WebPage\",\"@id\":\"https:\\\/\\\/anoticiaonline.com.br\\\/site\\\/alessandro-da-matta-e-empossado-oficialmente-delegado-regional\\\/#webpage\",\"url\":\"https:\\\/\\\/anoticiaonline.com.br\\\/site\\\/alessandro-da-matta-e-empossado-oficialmente-delegado-regional\\\/\",\"name\":\"Alessandro da Matta \\u00e9 empossado oficialmente delegado regional - A Not\\u00edcia Online\",\"description\":\"O novo delegado regional, Alessandro Amaro da Matta, que foi nomeado no final de dezembro 2015 para ocupar o cargo, foi empossado oficialmente, em solenidade realizada na C\\u00e2mara de Vereadores. O evento, que foi realizado na noite da \\u00faltima quinta-feira (18), contou com a presen\\u00e7a de autoridades civis, militares e pol\\u00edticas de Muria\\u00e9, entre elas\",\"inLanguage\":\"pt-BR\",\"isPartOf\":{\"@id\":\"https:\\\/\\\/anoticiaonline.com.br\\\/site\\\/#website\"},\"breadcrumb\":{\"@id\":\"https:\\\/\\\/anoticiaonline.com.br\\\/site\\\/alessandro-da-matta-e-empossado-oficialmente-delegado-regional\\\/#breadcrumblist\"},\"author\":{\"@id\":\"https:\\\/\\\/anoticiaonline.com.br\\\/site\\\/author\\\/juliana\\\/#author\"},\"creator\":{\"@id\":\"https:\\\/\\\/anoticiaonline.com.br\\\/site\\\/author\\\/juliana\\\/#author\"},\"image\":{\"@type\":\"ImageObject\",\"url\":\"https:\\\/\\\/anoticiaonline.com.br\\\/site\\\/wp-content\\\/uploads\\\/2016\\\/02\\\/DSC_1012.jpg\",\"@id\":\"https:\\\/\\\/anoticiaonline.com.br\\\/site\\\/alessandro-da-matta-e-empossado-oficialmente-delegado-regional\\\/#mainImage\",\"width\":640,\"height\":424},\"primaryImageOfPage\":{\"@id\":\"https:\\\/\\\/anoticiaonline.com.br\\\/site\\\/alessandro-da-matta-e-empossado-oficialmente-delegado-regional\\\/#mainImage\"},\"datePublished\":\"2016-02-22T12:45:07-03:00\",\"dateModified\":\"2016-02-22T12:45:22-03:00\"},{\"@type\":\"WebSite\",\"@id\":\"https:\\\/\\\/anoticiaonline.com.br\\\/site\\\/#website\",\"url\":\"https:\\\/\\\/anoticiaonline.com.br\\\/site\\\/\",\"name\":\"A Not\\u00edcia Online\",\"description\":\"Noticias de Muria\\u00e9 e regi\\u00e3o\",\"inLanguage\":\"pt-BR\",\"publisher\":{\"@id\":\"https:\\\/\\\/anoticiaonline.com.br\\\/site\\\/#organization\"}}]}\n\t\t<\/script>\n\t\t<!-- All in One SEO -->\n\n","aioseo_head_json":{"title":"Alessandro da Matta \u00e9 empossado oficialmente delegado regional - A Not\u00edcia Online","description":"O novo delegado regional, Alessandro Amaro da Matta, que foi nomeado no final de dezembro 2015 para ocupar o cargo, foi empossado oficialmente, em solenidade realizada na C\u00e2mara de Vereadores. O evento, que foi realizado na noite da \u00faltima quinta-feira (18), contou com a presen\u00e7a de autoridades civis, militares e pol\u00edticas de Muria\u00e9, entre elas","canonical_url":"https:\/\/anoticiaonline.com.br\/site\/alessandro-da-matta-e-empossado-oficialmente-delegado-regional\/","robots":"max-image-preview:large","keywords":"","webmasterTools":{"miscellaneous":""},"schema":{"@context":"https:\/\/schema.org","@graph":[{"@type":"BlogPosting","@id":"https:\/\/anoticiaonline.com.br\/site\/alessandro-da-matta-e-empossado-oficialmente-delegado-regional\/#blogposting","name":"Alessandro da Matta \u00e9 empossado oficialmente delegado regional - A Not\u00edcia Online","headline":"Alessandro da Matta \u00e9 empossado oficialmente delegado regional","author":{"@id":"https:\/\/anoticiaonline.com.br\/site\/author\/juliana\/#author"},"publisher":{"@id":"https:\/\/anoticiaonline.com.br\/site\/#organization"},"image":{"@type":"ImageObject","url":"https:\/\/anoticiaonline.com.br\/site\/wp-content\/uploads\/2016\/02\/DSC_1012.jpg","width":640,"height":424},"datePublished":"2016-02-22T12:45:07-03:00","dateModified":"2016-02-22T12:45:22-03:00","inLanguage":"pt-BR","mainEntityOfPage":{"@id":"https:\/\/anoticiaonline.com.br\/site\/alessandro-da-matta-e-empossado-oficialmente-delegado-regional\/#webpage"},"isPartOf":{"@id":"https:\/\/anoticiaonline.com.br\/site\/alessandro-da-matta-e-empossado-oficialmente-delegado-regional\/#webpage"},"articleSection":"Blog, slide"},{"@type":"BreadcrumbList","@id":"https:\/\/anoticiaonline.com.br\/site\/alessandro-da-matta-e-empossado-oficialmente-delegado-regional\/#breadcrumblist","itemListElement":[{"@type":"ListItem","@id":"https:\/\/anoticiaonline.com.br\/site#listItem","position":1,"name":"Home","item":"https:\/\/anoticiaonline.com.br\/site","nextItem":{"@type":"ListItem","@id":"https:\/\/anoticiaonline.com.br\/site\/categoria\/muriae\/#listItem","name":"Blog"}},{"@type":"ListItem","@id":"https:\/\/anoticiaonline.com.br\/site\/categoria\/muriae\/#listItem","position":2,"name":"Blog","item":"https:\/\/anoticiaonline.com.br\/site\/categoria\/muriae\/","nextItem":{"@type":"ListItem","@id":"https:\/\/anoticiaonline.com.br\/site\/alessandro-da-matta-e-empossado-oficialmente-delegado-regional\/#listItem","name":"Alessandro da Matta \u00e9 empossado oficialmente delegado regional"},"previousItem":{"@type":"ListItem","@id":"https:\/\/anoticiaonline.com.br\/site#listItem","name":"Home"}},{"@type":"ListItem","@id":"https:\/\/anoticiaonline.com.br\/site\/alessandro-da-matta-e-empossado-oficialmente-delegado-regional\/#listItem","position":3,"name":"Alessandro da Matta \u00e9 empossado oficialmente delegado regional","previousItem":{"@type":"ListItem","@id":"https:\/\/anoticiaonline.com.br\/site\/categoria\/muriae\/#listItem","name":"Blog"}}]},{"@type":"Organization","@id":"https:\/\/anoticiaonline.com.br\/site\/#organization","name":"A Not\u00edcia Online","description":"Noticias de Muria\u00e9 e regi\u00e3o","url":"https:\/\/anoticiaonline.com.br\/site\/","logo":{"@type":"ImageObject","url":"https:\/\/scontent-gig4-1.xx.fbcdn.net\/v\/t39.30808-1\/270437624_4564083193639691_6907940295614233970_n.jpg?stp=dst-jpg_s200x200_tt6&_nc_cat=111&ccb=1-7&_nc_sid=f907e8&_nc_ohc=SM1wRlP3lJwQ7kNvwEPuBYA&_nc_oc=AdnqrjDN_BNjSSHWO-GbkIWH6fkGMLw4bqvL_NH6e2wMveX7G-rP2dAqsDSq1mJMOaY&_nc_zt=24&_nc_ht=scontent-gig4-1.xx&_nc_gid=AoBFJeGrT1hVaew_6rchkQ&oh=00_AfX7QmFGhQhG2jAllVgXCiM1ZrWgvtp80-Bfppyexh1QEg&oe=689E923C","@id":"https:\/\/anoticiaonline.com.br\/site\/alessandro-da-matta-e-empossado-oficialmente-delegado-regional\/#organizationLogo"},"image":{"@id":"https:\/\/anoticiaonline.com.br\/site\/alessandro-da-matta-e-empossado-oficialmente-delegado-regional\/#organizationLogo"}},{"@type":"Person","@id":"https:\/\/anoticiaonline.com.br\/site\/author\/juliana\/#author","url":"https:\/\/anoticiaonline.com.br\/site\/author\/juliana\/","name":"Juliana Laviola","image":{"@type":"ImageObject","@id":"https:\/\/anoticiaonline.com.br\/site\/alessandro-da-matta-e-empossado-oficialmente-delegado-regional\/#authorImage","url":"https:\/\/secure.gravatar.com\/avatar\/b8d45f5c699b100dfaf0e543582f38f38bf94cb7ae3a5e9abf8d891a34773335?s=96&d=mm&r=g","width":96,"height":96,"caption":"Juliana Laviola"}},{"@type":"WebPage","@id":"https:\/\/anoticiaonline.com.br\/site\/alessandro-da-matta-e-empossado-oficialmente-delegado-regional\/#webpage","url":"https:\/\/anoticiaonline.com.br\/site\/alessandro-da-matta-e-empossado-oficialmente-delegado-regional\/","name":"Alessandro da Matta \u00e9 empossado oficialmente delegado regional - A Not\u00edcia Online","description":"O novo delegado regional, Alessandro Amaro da Matta, que foi nomeado no final de dezembro 2015 para ocupar o cargo, foi empossado oficialmente, em solenidade realizada na C\u00e2mara de Vereadores. O evento, que foi realizado na noite da \u00faltima quinta-feira (18), contou com a presen\u00e7a de autoridades civis, militares e pol\u00edticas de Muria\u00e9, entre elas","inLanguage":"pt-BR","isPartOf":{"@id":"https:\/\/anoticiaonline.com.br\/site\/#website"},"breadcrumb":{"@id":"https:\/\/anoticiaonline.com.br\/site\/alessandro-da-matta-e-empossado-oficialmente-delegado-regional\/#breadcrumblist"},"author":{"@id":"https:\/\/anoticiaonline.com.br\/site\/author\/juliana\/#author"},"creator":{"@id":"https:\/\/anoticiaonline.com.br\/site\/author\/juliana\/#author"},"image":{"@type":"ImageObject","url":"https:\/\/anoticiaonline.com.br\/site\/wp-content\/uploads\/2016\/02\/DSC_1012.jpg","@id":"https:\/\/anoticiaonline.com.br\/site\/alessandro-da-matta-e-empossado-oficialmente-delegado-regional\/#mainImage","width":640,"height":424},"primaryImageOfPage":{"@id":"https:\/\/anoticiaonline.com.br\/site\/alessandro-da-matta-e-empossado-oficialmente-delegado-regional\/#mainImage"},"datePublished":"2016-02-22T12:45:07-03:00","dateModified":"2016-02-22T12:45:22-03:00"},{"@type":"WebSite","@id":"https:\/\/anoticiaonline.com.br\/site\/#website","url":"https:\/\/anoticiaonline.com.br\/site\/","name":"A Not\u00edcia Online","description":"Noticias de Muria\u00e9 e regi\u00e3o","inLanguage":"pt-BR","publisher":{"@id":"https:\/\/anoticiaonline.com.br\/site\/#organization"}}]},"og:locale":"pt_BR","og:site_name":"A Not\u00edcia Online - Noticias de Muria\u00e9 e regi\u00e3o","og:type":"article","og:title":"Alessandro da Matta \u00e9 empossado oficialmente delegado regional - A Not\u00edcia Online","og:description":"O novo delegado regional, Alessandro Amaro da Matta, que foi nomeado no final de dezembro 2015 para ocupar o cargo, foi empossado oficialmente, em solenidade realizada na C\u00e2mara de Vereadores. O evento, que foi realizado na noite da \u00faltima quinta-feira (18), contou com a presen\u00e7a de autoridades civis, militares e pol\u00edticas de Muria\u00e9, entre elas","og:url":"https:\/\/anoticiaonline.com.br\/site\/alessandro-da-matta-e-empossado-oficialmente-delegado-regional\/","og:image":"https:\/\/scontent-gig4-1.xx.fbcdn.net\/v\/t39.30808-1\/270437624_4564083193639691_6907940295614233970_n.jpg?stp=dst-jpg_s200x200_tt6&#038;_nc_cat=111&#038;ccb=1-7&#038;_nc_sid=f907e8&#038;_nc_ohc=SM1wRlP3lJwQ7kNvwEPuBYA&#038;_nc_oc=AdnqrjDN_BNjSSHWO-GbkIWH6fkGMLw4bqvL_NH6e2wMveX7G-rP2dAqsDSq1mJMOaY&#038;_nc_zt=24&#038;_nc_ht=scontent-gig4-1.xx&#038;_nc_gid=AoBFJeGrT1hVaew_6rchkQ&#038;oh=00_AfX7QmFGhQhG2jAllVgXCiM1ZrWgvtp80-Bfppyexh1QEg&#038;oe=689E923C","og:image:secure_url":"https:\/\/scontent-gig4-1.xx.fbcdn.net\/v\/t39.30808-1\/270437624_4564083193639691_6907940295614233970_n.jpg?stp=dst-jpg_s200x200_tt6&#038;_nc_cat=111&#038;ccb=1-7&#038;_nc_sid=f907e8&#038;_nc_ohc=SM1wRlP3lJwQ7kNvwEPuBYA&#038;_nc_oc=AdnqrjDN_BNjSSHWO-GbkIWH6fkGMLw4bqvL_NH6e2wMveX7G-rP2dAqsDSq1mJMOaY&#038;_nc_zt=24&#038;_nc_ht=scontent-gig4-1.xx&#038;_nc_gid=AoBFJeGrT1hVaew_6rchkQ&#038;oh=00_AfX7QmFGhQhG2jAllVgXCiM1ZrWgvtp80-Bfppyexh1QEg&#038;oe=689E923C","article:published_time":"2016-02-22T15:45:07+00:00","article:modified_time":"2016-02-22T15:45:22+00:00","twitter:card":"summary_large_image","twitter:title":"Alessandro da Matta \u00e9 empossado oficialmente delegado regional - A Not\u00edcia Online","twitter:description":"O novo delegado regional, Alessandro Amaro da Matta, que foi nomeado no final de dezembro 2015 para ocupar o cargo, foi empossado oficialmente, em solenidade realizada na C\u00e2mara de Vereadores. O evento, que foi realizado na noite da \u00faltima quinta-feira (18), contou com a presen\u00e7a de autoridades civis, militares e pol\u00edticas de Muria\u00e9, entre elas","twitter:image":"https:\/\/scontent-gig4-1.xx.fbcdn.net\/v\/t39.30808-1\/270437624_4564083193639691_6907940295614233970_n.jpg?stp=dst-jpg_s200x200_tt6&_nc_cat=111&ccb=1-7&_nc_sid=f907e8&_nc_ohc=SM1wRlP3lJwQ7kNvwEPuBYA&_nc_oc=AdnqrjDN_BNjSSHWO-GbkIWH6fkGMLw4bqvL_NH6e2wMveX7G-rP2dAqsDSq1mJMOaY&_nc_zt=24&_nc_ht=scontent-gig4-1.xx&_nc_gid=AoBFJeGrT1hVaew_6rchkQ&oh=00_AfX7QmFGhQhG2jAllVgXCiM1ZrWgvtp80-Bfppyexh1QEg&oe=689E923C"},"aioseo_meta_data":{"post_id":"9634","title":null,"description":null,"keywords":null,"keyphrases":null,"primary_term":null,"canonical_url":null,"og_title":null,"og_description":null,"og_object_type":"default","og_image_type":"default","og_image_url":null,"og_image_width":null,"og_image_height":null,"og_image_custom_url":null,"og_image_custom_fields":null,"og_video":null,"og_custom_url":null,"og_article_section":null,"og_article_tags":null,"twitter_use_og":false,"twitter_card":"default","twitter_image_type":"default","twitter_image_url":null,"twitter_image_custom_url":null,"twitter_image_custom_fields":null,"twitter_title":null,"twitter_description":null,"schema":{"blockGraphs":[],"customGraphs":[],"default":{"data":{"Article":[],"Course":[],"Dataset":[],"FAQPage":[],"Movie":[],"Person":[],"Product":[],"ProductReview":[],"Car":[],"Recipe":[],"Service":[],"SoftwareApplication":[],"WebPage":[]},"graphName":"","isEnabled":true},"graphs":[]},"schema_type":"default","schema_type_options":null,"pillar_content":false,"robots_default":true,"robots_noindex":false,"robots_noarchive":false,"robots_nosnippet":false,"robots_nofollow":false,"robots_noimageindex":false,"robots_noodp":false,"robots_notranslate":false,"robots_max_snippet":null,"robots_max_videopreview":null,"robots_max_imagepreview":"large","priority":null,"frequency":null,"local_seo":null,"breadcrumb_settings":null,"limit_modified_date":false,"ai":null,"created":"2025-08-16 15:15:14","updated":"2025-08-16 15:15:14","focus_keyword":null,"additional_keywords":null,"truseo_locale":null,"seo_analyzer_scan_date":null},"aioseo_breadcrumb":"<div class=\"aioseo-breadcrumbs\"><span class=\"aioseo-breadcrumb\">\n\t\t\t<a href=\"https:\/\/anoticiaonline.com.br\/site\" title=\"Home\">Home<\/a>\n\t\t<\/span><span class=\"aioseo-breadcrumb-separator\">&raquo;<\/span><span class=\"aioseo-breadcrumb\">\n\t\t\t<a href=\"https:\/\/anoticiaonline.com.br\/site\/categoria\/muriae\/\" title=\"Blog\">Blog<\/a>\n\t\t<\/span><span class=\"aioseo-breadcrumb-separator\">&raquo;<\/span><span class=\"aioseo-breadcrumb\">\n\t\t\tAlessandro da Matta \u00e9 empossado oficialmente delegado regional\n\t\t<\/span><\/div>","aioseo_breadcrumb_json":[{"label":"Home","link":"https:\/\/anoticiaonline.com.br\/site"},{"label":"Blog","link":"https:\/\/anoticiaonline.com.br\/site\/categoria\/muriae\/"},{"label":"Alessandro da Matta \u00e9 empossado oficialmente delegado regional","link":"https:\/\/anoticiaonline.com.br\/site\/alessandro-da-matta-e-empossado-oficialmente-delegado-regional\/"}],"views":163,"_links":{"self":[{"href":"https:\/\/anoticiaonline.com.br\/site\/wp-json\/wp\/v2\/posts\/9634","targetHints":{"allow":["GET"]}}],"collection":[{"href":"https:\/\/anoticiaonline.com.br\/site\/wp-json\/wp\/v2\/posts"}],"about":[{"href":"https:\/\/anoticiaonline.com.br\/site\/wp-json\/wp\/v2\/types\/post"}],"author":[{"embeddable":true,"href":"https:\/\/anoticiaonline.com.br\/site\/wp-json\/wp\/v2\/users\/2"}],"replies":[{"embeddable":true,"href":"https:\/\/anoticiaonline.com.br\/site\/wp-json\/wp\/v2\/comments?post=9634"}],"version-history":[{"count":0,"href":"https:\/\/anoticiaonline.com.br\/site\/wp-json\/wp\/v2\/posts\/9634\/revisions"}],"wp:featuredmedia":[{"embeddable":true,"href":"https:\/\/anoticiaonline.com.br\/site\/wp-json\/wp\/v2\/media\/9635"}],"wp:attachment":[{"href":"https:\/\/anoticiaonline.com.br\/site\/wp-json\/wp\/v2\/media?parent=9634"}],"wp:term":[{"taxonomy":"category","embeddable":true,"href":"https:\/\/anoticiaonline.com.br\/site\/wp-json\/wp\/v2\/categories?post=9634"},{"taxonomy":"post_tag","embeddable":true,"href":"https:\/\/anoticiaonline.com.br\/site\/wp-json\/wp\/v2\/tags?post=9634"}],"curies":[{"name":"wp","href":"https:\/\/api.w.org\/{rel}","templated":true}]}}