{"id":9628,"date":"2016-02-22T11:11:01","date_gmt":"2016-02-22T14:11:01","guid":{"rendered":"http:\/\/anoticiaonline.com.br\/site\/?p=9628"},"modified":"2016-02-22T11:11:01","modified_gmt":"2016-02-22T14:11:01","slug":"prefeitura-firma-convenio-com-a-policia-civil-para-projeto-de-videomonitoramento","status":"publish","type":"post","link":"https:\/\/anoticiaonline.com.br\/site\/prefeitura-firma-convenio-com-a-policia-civil-para-projeto-de-videomonitoramento\/","title":{"rendered":"Prefeitura firma conv\u00eanio com a Pol\u00edcia Civil para projeto de v\u00eddeomonitoramento"},"content":{"rendered":"<p><a href=\"https:\/\/anoticiaonline.com.br\/site\/wp-content\/uploads\/2016\/02\/Prefeitura-firma-conv\u00eanio-com-a-Pol\u00edcia-Civil-para-projeto-de-v\u00eddeomonitoramento.jpg\"><img fetchpriority=\"high\" decoding=\"async\" class=\" size-medium wp-image-9629 alignleft\" src=\"https:\/\/anoticiaonline.com.br\/site\/wp-content\/uploads\/2016\/02\/Prefeitura-firma-conv\u00eanio-com-a-Pol\u00edcia-Civil-para-projeto-de-v\u00eddeomonitoramento-300x200.jpg\" alt=\"Prefeitura firma conv\u00eanio com a Pol\u00edcia Civil para projeto de v\u00eddeomonitoramento\" width=\"300\" height=\"200\" srcset=\"https:\/\/anoticiaonline.com.br\/site\/wp-content\/uploads\/2016\/02\/Prefeitura-firma-conv\u00eanio-com-a-Pol\u00edcia-Civil-para-projeto-de-v\u00eddeomonitoramento-300x200.jpg 300w, https:\/\/anoticiaonline.com.br\/site\/wp-content\/uploads\/2016\/02\/Prefeitura-firma-conv\u00eanio-com-a-Pol\u00edcia-Civil-para-projeto-de-v\u00eddeomonitoramento-290x192.jpg 290w, https:\/\/anoticiaonline.com.br\/site\/wp-content\/uploads\/2016\/02\/Prefeitura-firma-conv\u00eanio-com-a-Pol\u00edcia-Civil-para-projeto-de-v\u00eddeomonitoramento.jpg 640w\" sizes=\"(max-width: 300px) 100vw, 300px\" \/><\/a>A Prefeitura de Muria\u00e9 e a Pol\u00edcia Civil assinaram um conv\u00eanio para o controle das c\u00e2meras de v\u00eddeomonitoramento da cidade, que est\u00e3o em funcionamento desde o m\u00eas de novembro, em fase experimental.<\/p>\n<p>Com o contrato assinado, a PC passa a orientar e apoiar o trabalho que j\u00e1 \u00e9 exercido por uma empresa, com 12 profissionais treinados e que v\u00e3o melhorar a forma de manuseio das 34 c\u00e2meras de alta tecnologia instaladas na cidade. A Pol\u00edcia Civil tamb\u00e9m tem autonomia para trabalhar com o monitoramento, buscando mais informa\u00e7\u00f5es sobre os problemas da criminalidade em Muria\u00e9.<\/p>\n<p>Para o prefeito Aloysio Aquino, \u00e9 importante que as institui\u00e7\u00f5es que cuidam do \u201ccintur\u00e3o\u201d de seguran\u00e7a do munic\u00edpio tenham acesso a essa ferramenta, que \u201cmuito vai contribuir para auxiliar nas investiga\u00e7\u00f5es e, principalmente, na diminui\u00e7\u00e3o dos crimes na cidade\u201d.<\/p>\n<p><a href=\"https:\/\/anoticiaonline.com.br\/site\/wp-content\/uploads\/2016\/02\/12746390_1013894465347219_222088849_n1.jpg\"><img decoding=\"async\" class=\" size-medium wp-image-9632 alignleft\" src=\"https:\/\/anoticiaonline.com.br\/site\/wp-content\/uploads\/2016\/02\/12746390_1013894465347219_222088849_n1-300x200.jpg\" alt=\"12746390_1013894465347219_222088849_n(1)\" width=\"300\" height=\"200\" srcset=\"https:\/\/anoticiaonline.com.br\/site\/wp-content\/uploads\/2016\/02\/12746390_1013894465347219_222088849_n1-300x200.jpg 300w, https:\/\/anoticiaonline.com.br\/site\/wp-content\/uploads\/2016\/02\/12746390_1013894465347219_222088849_n1.jpg 640w\" sizes=\"(max-width: 300px) 100vw, 300px\" \/><\/a>O delegado regional, Alessandro da Matta, aprovou o acordo e falou dos benef\u00edcios que esta parceira vai trazer para a cidade. \u201cO fechamento deste conv\u00eanio \u00e9 fundamental para o nosso trabalho e para popula\u00e7\u00e3o, pois os operadores v\u00e3o ficar mais atentos aos pontos vulner\u00e1veis e poder\u00e3o nos passar, assim como para os outros \u00f3rg\u00e3os de seguran\u00e7a, as informa\u00e7\u00f5es de algum crime, de forma mais precisa. Al\u00e9m disso, s\u00f3 de termos estas c\u00e2meras em pleno funcionamento, temos a certeza que os crimes v\u00e3o diminuir, e quando vierem a acontecer, teremos mais possibilidade de reconhecer os autores\u201d, afirma. \u201cEstas c\u00e2meras de v\u00eddeomonitoramento v\u00e3o ser mais uma ferramenta para a nossa equipe de intelig\u00eancia, comandada pelo delegado Junio Oliveira, poder executar o trabalho de investiga\u00e7\u00e3o e apura\u00e7\u00e3o\u201d, conclui o delegado regional.<\/p>\n<p>O conv\u00eanio foi assinado no dia 16 de fevereiro, no gabinete do prefeito Aloysio Aquino, no Centro Administrativo.<\/p>\n","protected":false},"excerpt":{"rendered":"<p>A Prefeitura de Muria\u00e9 e a Pol\u00edcia Civil assinaram um conv\u00eanio para o controle das c\u00e2meras de v\u00eddeomonitoramento da cidade, que est\u00e3o em funcionamento desde o m\u00eas de novembro, em fase experimental. Com o contrato assinado, a PC passa a orientar e apoiar o trabalho que j\u00e1 \u00e9 exercido por uma empresa, com 12 profissionais &#8230; <a title=\"Prefeitura firma conv\u00eanio com a Pol\u00edcia Civil para projeto de v\u00eddeomonitoramento\" class=\"read-more\" href=\"https:\/\/anoticiaonline.com.br\/site\/prefeitura-firma-convenio-com-a-policia-civil-para-projeto-de-videomonitoramento\/\" aria-label=\"Read more about Prefeitura firma conv\u00eanio com a Pol\u00edcia Civil para projeto de v\u00eddeomonitoramento\">Ler mais<\/a><\/p>\n","protected":false},"author":2,"featured_media":9629,"comment_status":"open","ping_status":"open","sticky":false,"template":"","format":"standard","meta":{"_acf_changed":false,"_monsterinsights_skip_tracking":false,"footnotes":""},"categories":[30],"tags":[3],"class_list":["post-9628","post","type-post","status-publish","format-standard","has-post-thumbnail","hentry","category-muriae","tag-slide"],"acf":[],"aioseo_notices":[],"aioseo_head":"\n\t\t<!-- All in One SEO 5.0.0.1 - aioseo.com -->\n\t<meta name=\"description\" content=\"A Prefeitura de Muria\u00e9 e a Pol\u00edcia Civil assinaram um conv\u00eanio para o controle das c\u00e2meras de v\u00eddeomonitoramento da cidade, que est\u00e3o em funcionamento desde o m\u00eas de novembro, em fase experimental. Com o contrato assinado, a PC passa a orientar e apoiar o trabalho que j\u00e1 \u00e9 exercido por uma empresa, com 12 profissionais\" \/>\n\t<meta name=\"robots\" content=\"max-image-preview:large\" \/>\n\t<meta name=\"author\" content=\"Juliana Laviola\"\/>\n\t<link rel=\"canonical\" href=\"https:\/\/anoticiaonline.com.br\/site\/prefeitura-firma-convenio-com-a-policia-civil-para-projeto-de-videomonitoramento\/\" \/>\n\t<meta name=\"generator\" content=\"All in One SEO (AIOSEO) 5.0.0.1\" \/>\n\t\t<meta property=\"og:locale\" content=\"pt_BR\" \/>\n\t\t<meta property=\"og:site_name\" content=\"A Not\u00edcia Online - Noticias de Muria\u00e9 e regi\u00e3o\" \/>\n\t\t<meta property=\"og:type\" content=\"article\" \/>\n\t\t<meta property=\"og:title\" content=\"Prefeitura firma conv\u00eanio com a Pol\u00edcia Civil para projeto de v\u00eddeomonitoramento - A Not\u00edcia Online\" \/>\n\t\t<meta property=\"og:description\" content=\"A Prefeitura de Muria\u00e9 e a Pol\u00edcia Civil assinaram um conv\u00eanio para o controle das c\u00e2meras de v\u00eddeomonitoramento da cidade, que est\u00e3o em funcionamento desde o m\u00eas de novembro, em fase experimental. Com o contrato assinado, a PC passa a orientar e apoiar o trabalho que j\u00e1 \u00e9 exercido por uma empresa, com 12 profissionais\" \/>\n\t\t<meta property=\"og:url\" content=\"https:\/\/anoticiaonline.com.br\/site\/prefeitura-firma-convenio-com-a-policia-civil-para-projeto-de-videomonitoramento\/\" \/>\n\t\t<meta property=\"og:image\" content=\"https:\/\/scontent-gig4-1.xx.fbcdn.net\/v\/t39.30808-1\/270437624_4564083193639691_6907940295614233970_n.jpg?stp=dst-jpg_s200x200_tt6&#038;_nc_cat=111&#038;ccb=1-7&#038;_nc_sid=f907e8&#038;_nc_ohc=SM1wRlP3lJwQ7kNvwEPuBYA&#038;_nc_oc=AdnqrjDN_BNjSSHWO-GbkIWH6fkGMLw4bqvL_NH6e2wMveX7G-rP2dAqsDSq1mJMOaY&#038;_nc_zt=24&#038;_nc_ht=scontent-gig4-1.xx&#038;_nc_gid=AoBFJeGrT1hVaew_6rchkQ&#038;oh=00_AfX7QmFGhQhG2jAllVgXCiM1ZrWgvtp80-Bfppyexh1QEg&#038;oe=689E923C\" \/>\n\t\t<meta property=\"og:image:secure_url\" content=\"https:\/\/scontent-gig4-1.xx.fbcdn.net\/v\/t39.30808-1\/270437624_4564083193639691_6907940295614233970_n.jpg?stp=dst-jpg_s200x200_tt6&#038;_nc_cat=111&#038;ccb=1-7&#038;_nc_sid=f907e8&#038;_nc_ohc=SM1wRlP3lJwQ7kNvwEPuBYA&#038;_nc_oc=AdnqrjDN_BNjSSHWO-GbkIWH6fkGMLw4bqvL_NH6e2wMveX7G-rP2dAqsDSq1mJMOaY&#038;_nc_zt=24&#038;_nc_ht=scontent-gig4-1.xx&#038;_nc_gid=AoBFJeGrT1hVaew_6rchkQ&#038;oh=00_AfX7QmFGhQhG2jAllVgXCiM1ZrWgvtp80-Bfppyexh1QEg&#038;oe=689E923C\" \/>\n\t\t<meta property=\"article:published_time\" content=\"2016-02-22T14:11:01+00:00\" \/>\n\t\t<meta property=\"article:modified_time\" content=\"2016-02-22T14:11:01+00:00\" \/>\n\t\t<meta name=\"twitter:card\" content=\"summary_large_image\" \/>\n\t\t<meta name=\"twitter:title\" content=\"Prefeitura firma conv\u00eanio com a Pol\u00edcia Civil para projeto de v\u00eddeomonitoramento - A Not\u00edcia Online\" \/>\n\t\t<meta name=\"twitter:description\" content=\"A Prefeitura de Muria\u00e9 e a Pol\u00edcia Civil assinaram um conv\u00eanio para o controle das c\u00e2meras de v\u00eddeomonitoramento da cidade, que est\u00e3o em funcionamento desde o m\u00eas de novembro, em fase experimental. Com o contrato assinado, a PC passa a orientar e apoiar o trabalho que j\u00e1 \u00e9 exercido por uma empresa, com 12 profissionais\" \/>\n\t\t<meta name=\"twitter:image\" content=\"https:\/\/scontent-gig4-1.xx.fbcdn.net\/v\/t39.30808-1\/270437624_4564083193639691_6907940295614233970_n.jpg?stp=dst-jpg_s200x200_tt6&amp;_nc_cat=111&amp;ccb=1-7&amp;_nc_sid=f907e8&amp;_nc_ohc=SM1wRlP3lJwQ7kNvwEPuBYA&amp;_nc_oc=AdnqrjDN_BNjSSHWO-GbkIWH6fkGMLw4bqvL_NH6e2wMveX7G-rP2dAqsDSq1mJMOaY&amp;_nc_zt=24&amp;_nc_ht=scontent-gig4-1.xx&amp;_nc_gid=AoBFJeGrT1hVaew_6rchkQ&amp;oh=00_AfX7QmFGhQhG2jAllVgXCiM1ZrWgvtp80-Bfppyexh1QEg&amp;oe=689E923C\" \/>\n\t\t<script type=\"application\/ld+json\" class=\"aioseo-schema\">\n\t\t\t{\"@context\":\"https:\\\/\\\/schema.org\",\"@graph\":[{\"@type\":\"BlogPosting\",\"@id\":\"https:\\\/\\\/anoticiaonline.com.br\\\/site\\\/prefeitura-firma-convenio-com-a-policia-civil-para-projeto-de-videomonitoramento\\\/#blogposting\",\"name\":\"Prefeitura firma conv\\u00eanio com a Pol\\u00edcia Civil para projeto de v\\u00eddeomonitoramento - A Not\\u00edcia Online\",\"headline\":\"Prefeitura firma conv\\u00eanio com a Pol\\u00edcia Civil para projeto de v\\u00eddeomonitoramento\",\"author\":{\"@id\":\"https:\\\/\\\/anoticiaonline.com.br\\\/site\\\/author\\\/juliana\\\/#author\"},\"publisher\":{\"@id\":\"https:\\\/\\\/anoticiaonline.com.br\\\/site\\\/#organization\"},\"image\":{\"@type\":\"ImageObject\",\"url\":\"https:\\\/\\\/anoticiaonline.com.br\\\/site\\\/wp-content\\\/uploads\\\/2016\\\/02\\\/Prefeitura-firma-conv\\u00eanio-com-a-Pol\\u00edcia-Civil-para-projeto-de-v\\u00eddeomonitoramento.jpg\",\"width\":640,\"height\":426},\"datePublished\":\"2016-02-22T11:11:01-03:00\",\"dateModified\":\"2016-02-22T11:11:01-03:00\",\"inLanguage\":\"pt-BR\",\"mainEntityOfPage\":{\"@id\":\"https:\\\/\\\/anoticiaonline.com.br\\\/site\\\/prefeitura-firma-convenio-com-a-policia-civil-para-projeto-de-videomonitoramento\\\/#webpage\"},\"isPartOf\":{\"@id\":\"https:\\\/\\\/anoticiaonline.com.br\\\/site\\\/prefeitura-firma-convenio-com-a-policia-civil-para-projeto-de-videomonitoramento\\\/#webpage\"},\"articleSection\":\"Blog, slide\"},{\"@type\":\"BreadcrumbList\",\"@id\":\"https:\\\/\\\/anoticiaonline.com.br\\\/site\\\/prefeitura-firma-convenio-com-a-policia-civil-para-projeto-de-videomonitoramento\\\/#breadcrumblist\",\"itemListElement\":[{\"@type\":\"ListItem\",\"@id\":\"https:\\\/\\\/anoticiaonline.com.br\\\/site#listItem\",\"position\":1,\"name\":\"Home\",\"item\":\"https:\\\/\\\/anoticiaonline.com.br\\\/site\",\"nextItem\":{\"@type\":\"ListItem\",\"@id\":\"https:\\\/\\\/anoticiaonline.com.br\\\/site\\\/categoria\\\/muriae\\\/#listItem\",\"name\":\"Blog\"}},{\"@type\":\"ListItem\",\"@id\":\"https:\\\/\\\/anoticiaonline.com.br\\\/site\\\/categoria\\\/muriae\\\/#listItem\",\"position\":2,\"name\":\"Blog\",\"item\":\"https:\\\/\\\/anoticiaonline.com.br\\\/site\\\/categoria\\\/muriae\\\/\",\"nextItem\":{\"@type\":\"ListItem\",\"@id\":\"https:\\\/\\\/anoticiaonline.com.br\\\/site\\\/prefeitura-firma-convenio-com-a-policia-civil-para-projeto-de-videomonitoramento\\\/#listItem\",\"name\":\"Prefeitura firma conv\\u00eanio com a Pol\\u00edcia Civil para projeto de v\\u00eddeomonitoramento\"},\"previousItem\":{\"@type\":\"ListItem\",\"@id\":\"https:\\\/\\\/anoticiaonline.com.br\\\/site#listItem\",\"name\":\"Home\"}},{\"@type\":\"ListItem\",\"@id\":\"https:\\\/\\\/anoticiaonline.com.br\\\/site\\\/prefeitura-firma-convenio-com-a-policia-civil-para-projeto-de-videomonitoramento\\\/#listItem\",\"position\":3,\"name\":\"Prefeitura firma conv\\u00eanio com a Pol\\u00edcia Civil para projeto de v\\u00eddeomonitoramento\",\"previousItem\":{\"@type\":\"ListItem\",\"@id\":\"https:\\\/\\\/anoticiaonline.com.br\\\/site\\\/categoria\\\/muriae\\\/#listItem\",\"name\":\"Blog\"}}]},{\"@type\":\"Organization\",\"@id\":\"https:\\\/\\\/anoticiaonline.com.br\\\/site\\\/#organization\",\"name\":\"A Not\\u00edcia Online\",\"description\":\"Noticias de Muria\\u00e9 e regi\\u00e3o\",\"url\":\"https:\\\/\\\/anoticiaonline.com.br\\\/site\\\/\",\"logo\":{\"@type\":\"ImageObject\",\"url\":\"https:\\\/\\\/scontent-gig4-1.xx.fbcdn.net\\\/v\\\/t39.30808-1\\\/270437624_4564083193639691_6907940295614233970_n.jpg?stp=dst-jpg_s200x200_tt6&_nc_cat=111&ccb=1-7&_nc_sid=f907e8&_nc_ohc=SM1wRlP3lJwQ7kNvwEPuBYA&_nc_oc=AdnqrjDN_BNjSSHWO-GbkIWH6fkGMLw4bqvL_NH6e2wMveX7G-rP2dAqsDSq1mJMOaY&_nc_zt=24&_nc_ht=scontent-gig4-1.xx&_nc_gid=AoBFJeGrT1hVaew_6rchkQ&oh=00_AfX7QmFGhQhG2jAllVgXCiM1ZrWgvtp80-Bfppyexh1QEg&oe=689E923C\",\"@id\":\"https:\\\/\\\/anoticiaonline.com.br\\\/site\\\/prefeitura-firma-convenio-com-a-policia-civil-para-projeto-de-videomonitoramento\\\/#organizationLogo\"},\"image\":{\"@id\":\"https:\\\/\\\/anoticiaonline.com.br\\\/site\\\/prefeitura-firma-convenio-com-a-policia-civil-para-projeto-de-videomonitoramento\\\/#organizationLogo\"}},{\"@type\":\"Person\",\"@id\":\"https:\\\/\\\/anoticiaonline.com.br\\\/site\\\/author\\\/juliana\\\/#author\",\"url\":\"https:\\\/\\\/anoticiaonline.com.br\\\/site\\\/author\\\/juliana\\\/\",\"name\":\"Juliana Laviola\",\"image\":{\"@type\":\"ImageObject\",\"@id\":\"https:\\\/\\\/anoticiaonline.com.br\\\/site\\\/prefeitura-firma-convenio-com-a-policia-civil-para-projeto-de-videomonitoramento\\\/#authorImage\",\"url\":\"https:\\\/\\\/secure.gravatar.com\\\/avatar\\\/b8d45f5c699b100dfaf0e543582f38f38bf94cb7ae3a5e9abf8d891a34773335?s=96&d=mm&r=g\",\"width\":96,\"height\":96,\"caption\":\"Juliana Laviola\"}},{\"@type\":\"WebPage\",\"@id\":\"https:\\\/\\\/anoticiaonline.com.br\\\/site\\\/prefeitura-firma-convenio-com-a-policia-civil-para-projeto-de-videomonitoramento\\\/#webpage\",\"url\":\"https:\\\/\\\/anoticiaonline.com.br\\\/site\\\/prefeitura-firma-convenio-com-a-policia-civil-para-projeto-de-videomonitoramento\\\/\",\"name\":\"Prefeitura firma conv\\u00eanio com a Pol\\u00edcia Civil para projeto de v\\u00eddeomonitoramento - A Not\\u00edcia Online\",\"description\":\"A Prefeitura de Muria\\u00e9 e a Pol\\u00edcia Civil assinaram um conv\\u00eanio para o controle das c\\u00e2meras de v\\u00eddeomonitoramento da cidade, que est\\u00e3o em funcionamento desde o m\\u00eas de novembro, em fase experimental. Com o contrato assinado, a PC passa a orientar e apoiar o trabalho que j\\u00e1 \\u00e9 exercido por uma empresa, com 12 profissionais\",\"inLanguage\":\"pt-BR\",\"isPartOf\":{\"@id\":\"https:\\\/\\\/anoticiaonline.com.br\\\/site\\\/#website\"},\"breadcrumb\":{\"@id\":\"https:\\\/\\\/anoticiaonline.com.br\\\/site\\\/prefeitura-firma-convenio-com-a-policia-civil-para-projeto-de-videomonitoramento\\\/#breadcrumblist\"},\"author\":{\"@id\":\"https:\\\/\\\/anoticiaonline.com.br\\\/site\\\/author\\\/juliana\\\/#author\"},\"creator\":{\"@id\":\"https:\\\/\\\/anoticiaonline.com.br\\\/site\\\/author\\\/juliana\\\/#author\"},\"image\":{\"@type\":\"ImageObject\",\"url\":\"https:\\\/\\\/anoticiaonline.com.br\\\/site\\\/wp-content\\\/uploads\\\/2016\\\/02\\\/Prefeitura-firma-conv\\u00eanio-com-a-Pol\\u00edcia-Civil-para-projeto-de-v\\u00eddeomonitoramento.jpg\",\"@id\":\"https:\\\/\\\/anoticiaonline.com.br\\\/site\\\/prefeitura-firma-convenio-com-a-policia-civil-para-projeto-de-videomonitoramento\\\/#mainImage\",\"width\":640,\"height\":426},\"primaryImageOfPage\":{\"@id\":\"https:\\\/\\\/anoticiaonline.com.br\\\/site\\\/prefeitura-firma-convenio-com-a-policia-civil-para-projeto-de-videomonitoramento\\\/#mainImage\"},\"datePublished\":\"2016-02-22T11:11:01-03:00\",\"dateModified\":\"2016-02-22T11:11:01-03:00\"},{\"@type\":\"WebSite\",\"@id\":\"https:\\\/\\\/anoticiaonline.com.br\\\/site\\\/#website\",\"url\":\"https:\\\/\\\/anoticiaonline.com.br\\\/site\\\/\",\"name\":\"A Not\\u00edcia Online\",\"description\":\"Noticias de Muria\\u00e9 e regi\\u00e3o\",\"inLanguage\":\"pt-BR\",\"publisher\":{\"@id\":\"https:\\\/\\\/anoticiaonline.com.br\\\/site\\\/#organization\"}}]}\n\t\t<\/script>\n\t\t<!-- All in One SEO -->\n\n","aioseo_head_json":{"title":"Prefeitura firma conv\u00eanio com a Pol\u00edcia Civil para projeto de v\u00eddeomonitoramento - A Not\u00edcia Online","description":"A Prefeitura de Muria\u00e9 e a Pol\u00edcia Civil assinaram um conv\u00eanio para o controle das c\u00e2meras de v\u00eddeomonitoramento da cidade, que est\u00e3o em funcionamento desde o m\u00eas de novembro, em fase experimental. Com o contrato assinado, a PC passa a orientar e apoiar o trabalho que j\u00e1 \u00e9 exercido por uma empresa, com 12 profissionais","canonical_url":"https:\/\/anoticiaonline.com.br\/site\/prefeitura-firma-convenio-com-a-policia-civil-para-projeto-de-videomonitoramento\/","robots":"max-image-preview:large","keywords":"","webmasterTools":{"miscellaneous":""},"schema":{"@context":"https:\/\/schema.org","@graph":[{"@type":"BlogPosting","@id":"https:\/\/anoticiaonline.com.br\/site\/prefeitura-firma-convenio-com-a-policia-civil-para-projeto-de-videomonitoramento\/#blogposting","name":"Prefeitura firma conv\u00eanio com a Pol\u00edcia Civil para projeto de v\u00eddeomonitoramento - A Not\u00edcia Online","headline":"Prefeitura firma conv\u00eanio com a Pol\u00edcia Civil para projeto de v\u00eddeomonitoramento","author":{"@id":"https:\/\/anoticiaonline.com.br\/site\/author\/juliana\/#author"},"publisher":{"@id":"https:\/\/anoticiaonline.com.br\/site\/#organization"},"image":{"@type":"ImageObject","url":"https:\/\/anoticiaonline.com.br\/site\/wp-content\/uploads\/2016\/02\/Prefeitura-firma-conv\u00eanio-com-a-Pol\u00edcia-Civil-para-projeto-de-v\u00eddeomonitoramento.jpg","width":640,"height":426},"datePublished":"2016-02-22T11:11:01-03:00","dateModified":"2016-02-22T11:11:01-03:00","inLanguage":"pt-BR","mainEntityOfPage":{"@id":"https:\/\/anoticiaonline.com.br\/site\/prefeitura-firma-convenio-com-a-policia-civil-para-projeto-de-videomonitoramento\/#webpage"},"isPartOf":{"@id":"https:\/\/anoticiaonline.com.br\/site\/prefeitura-firma-convenio-com-a-policia-civil-para-projeto-de-videomonitoramento\/#webpage"},"articleSection":"Blog, slide"},{"@type":"BreadcrumbList","@id":"https:\/\/anoticiaonline.com.br\/site\/prefeitura-firma-convenio-com-a-policia-civil-para-projeto-de-videomonitoramento\/#breadcrumblist","itemListElement":[{"@type":"ListItem","@id":"https:\/\/anoticiaonline.com.br\/site#listItem","position":1,"name":"Home","item":"https:\/\/anoticiaonline.com.br\/site","nextItem":{"@type":"ListItem","@id":"https:\/\/anoticiaonline.com.br\/site\/categoria\/muriae\/#listItem","name":"Blog"}},{"@type":"ListItem","@id":"https:\/\/anoticiaonline.com.br\/site\/categoria\/muriae\/#listItem","position":2,"name":"Blog","item":"https:\/\/anoticiaonline.com.br\/site\/categoria\/muriae\/","nextItem":{"@type":"ListItem","@id":"https:\/\/anoticiaonline.com.br\/site\/prefeitura-firma-convenio-com-a-policia-civil-para-projeto-de-videomonitoramento\/#listItem","name":"Prefeitura firma conv\u00eanio com a Pol\u00edcia Civil para projeto de v\u00eddeomonitoramento"},"previousItem":{"@type":"ListItem","@id":"https:\/\/anoticiaonline.com.br\/site#listItem","name":"Home"}},{"@type":"ListItem","@id":"https:\/\/anoticiaonline.com.br\/site\/prefeitura-firma-convenio-com-a-policia-civil-para-projeto-de-videomonitoramento\/#listItem","position":3,"name":"Prefeitura firma conv\u00eanio com a Pol\u00edcia Civil para projeto de v\u00eddeomonitoramento","previousItem":{"@type":"ListItem","@id":"https:\/\/anoticiaonline.com.br\/site\/categoria\/muriae\/#listItem","name":"Blog"}}]},{"@type":"Organization","@id":"https:\/\/anoticiaonline.com.br\/site\/#organization","name":"A Not\u00edcia Online","description":"Noticias de Muria\u00e9 e regi\u00e3o","url":"https:\/\/anoticiaonline.com.br\/site\/","logo":{"@type":"ImageObject","url":"https:\/\/scontent-gig4-1.xx.fbcdn.net\/v\/t39.30808-1\/270437624_4564083193639691_6907940295614233970_n.jpg?stp=dst-jpg_s200x200_tt6&_nc_cat=111&ccb=1-7&_nc_sid=f907e8&_nc_ohc=SM1wRlP3lJwQ7kNvwEPuBYA&_nc_oc=AdnqrjDN_BNjSSHWO-GbkIWH6fkGMLw4bqvL_NH6e2wMveX7G-rP2dAqsDSq1mJMOaY&_nc_zt=24&_nc_ht=scontent-gig4-1.xx&_nc_gid=AoBFJeGrT1hVaew_6rchkQ&oh=00_AfX7QmFGhQhG2jAllVgXCiM1ZrWgvtp80-Bfppyexh1QEg&oe=689E923C","@id":"https:\/\/anoticiaonline.com.br\/site\/prefeitura-firma-convenio-com-a-policia-civil-para-projeto-de-videomonitoramento\/#organizationLogo"},"image":{"@id":"https:\/\/anoticiaonline.com.br\/site\/prefeitura-firma-convenio-com-a-policia-civil-para-projeto-de-videomonitoramento\/#organizationLogo"}},{"@type":"Person","@id":"https:\/\/anoticiaonline.com.br\/site\/author\/juliana\/#author","url":"https:\/\/anoticiaonline.com.br\/site\/author\/juliana\/","name":"Juliana Laviola","image":{"@type":"ImageObject","@id":"https:\/\/anoticiaonline.com.br\/site\/prefeitura-firma-convenio-com-a-policia-civil-para-projeto-de-videomonitoramento\/#authorImage","url":"https:\/\/secure.gravatar.com\/avatar\/b8d45f5c699b100dfaf0e543582f38f38bf94cb7ae3a5e9abf8d891a34773335?s=96&d=mm&r=g","width":96,"height":96,"caption":"Juliana Laviola"}},{"@type":"WebPage","@id":"https:\/\/anoticiaonline.com.br\/site\/prefeitura-firma-convenio-com-a-policia-civil-para-projeto-de-videomonitoramento\/#webpage","url":"https:\/\/anoticiaonline.com.br\/site\/prefeitura-firma-convenio-com-a-policia-civil-para-projeto-de-videomonitoramento\/","name":"Prefeitura firma conv\u00eanio com a Pol\u00edcia Civil para projeto de v\u00eddeomonitoramento - A Not\u00edcia Online","description":"A Prefeitura de Muria\u00e9 e a Pol\u00edcia Civil assinaram um conv\u00eanio para o controle das c\u00e2meras de v\u00eddeomonitoramento da cidade, que est\u00e3o em funcionamento desde o m\u00eas de novembro, em fase experimental. Com o contrato assinado, a PC passa a orientar e apoiar o trabalho que j\u00e1 \u00e9 exercido por uma empresa, com 12 profissionais","inLanguage":"pt-BR","isPartOf":{"@id":"https:\/\/anoticiaonline.com.br\/site\/#website"},"breadcrumb":{"@id":"https:\/\/anoticiaonline.com.br\/site\/prefeitura-firma-convenio-com-a-policia-civil-para-projeto-de-videomonitoramento\/#breadcrumblist"},"author":{"@id":"https:\/\/anoticiaonline.com.br\/site\/author\/juliana\/#author"},"creator":{"@id":"https:\/\/anoticiaonline.com.br\/site\/author\/juliana\/#author"},"image":{"@type":"ImageObject","url":"https:\/\/anoticiaonline.com.br\/site\/wp-content\/uploads\/2016\/02\/Prefeitura-firma-conv\u00eanio-com-a-Pol\u00edcia-Civil-para-projeto-de-v\u00eddeomonitoramento.jpg","@id":"https:\/\/anoticiaonline.com.br\/site\/prefeitura-firma-convenio-com-a-policia-civil-para-projeto-de-videomonitoramento\/#mainImage","width":640,"height":426},"primaryImageOfPage":{"@id":"https:\/\/anoticiaonline.com.br\/site\/prefeitura-firma-convenio-com-a-policia-civil-para-projeto-de-videomonitoramento\/#mainImage"},"datePublished":"2016-02-22T11:11:01-03:00","dateModified":"2016-02-22T11:11:01-03:00"},{"@type":"WebSite","@id":"https:\/\/anoticiaonline.com.br\/site\/#website","url":"https:\/\/anoticiaonline.com.br\/site\/","name":"A Not\u00edcia Online","description":"Noticias de Muria\u00e9 e regi\u00e3o","inLanguage":"pt-BR","publisher":{"@id":"https:\/\/anoticiaonline.com.br\/site\/#organization"}}]},"og:locale":"pt_BR","og:site_name":"A Not\u00edcia Online - Noticias de Muria\u00e9 e regi\u00e3o","og:type":"article","og:title":"Prefeitura firma conv\u00eanio com a Pol\u00edcia Civil para projeto de v\u00eddeomonitoramento - A Not\u00edcia Online","og:description":"A Prefeitura de Muria\u00e9 e a Pol\u00edcia Civil assinaram um conv\u00eanio para o controle das c\u00e2meras de v\u00eddeomonitoramento da cidade, que est\u00e3o em funcionamento desde o m\u00eas de novembro, em fase experimental. Com o contrato assinado, a PC passa a orientar e apoiar o trabalho que j\u00e1 \u00e9 exercido por uma empresa, com 12 profissionais","og:url":"https:\/\/anoticiaonline.com.br\/site\/prefeitura-firma-convenio-com-a-policia-civil-para-projeto-de-videomonitoramento\/","og:image":"https:\/\/scontent-gig4-1.xx.fbcdn.net\/v\/t39.30808-1\/270437624_4564083193639691_6907940295614233970_n.jpg?stp=dst-jpg_s200x200_tt6&#038;_nc_cat=111&#038;ccb=1-7&#038;_nc_sid=f907e8&#038;_nc_ohc=SM1wRlP3lJwQ7kNvwEPuBYA&#038;_nc_oc=AdnqrjDN_BNjSSHWO-GbkIWH6fkGMLw4bqvL_NH6e2wMveX7G-rP2dAqsDSq1mJMOaY&#038;_nc_zt=24&#038;_nc_ht=scontent-gig4-1.xx&#038;_nc_gid=AoBFJeGrT1hVaew_6rchkQ&#038;oh=00_AfX7QmFGhQhG2jAllVgXCiM1ZrWgvtp80-Bfppyexh1QEg&#038;oe=689E923C","og:image:secure_url":"https:\/\/scontent-gig4-1.xx.fbcdn.net\/v\/t39.30808-1\/270437624_4564083193639691_6907940295614233970_n.jpg?stp=dst-jpg_s200x200_tt6&#038;_nc_cat=111&#038;ccb=1-7&#038;_nc_sid=f907e8&#038;_nc_ohc=SM1wRlP3lJwQ7kNvwEPuBYA&#038;_nc_oc=AdnqrjDN_BNjSSHWO-GbkIWH6fkGMLw4bqvL_NH6e2wMveX7G-rP2dAqsDSq1mJMOaY&#038;_nc_zt=24&#038;_nc_ht=scontent-gig4-1.xx&#038;_nc_gid=AoBFJeGrT1hVaew_6rchkQ&#038;oh=00_AfX7QmFGhQhG2jAllVgXCiM1ZrWgvtp80-Bfppyexh1QEg&#038;oe=689E923C","article:published_time":"2016-02-22T14:11:01+00:00","article:modified_time":"2016-02-22T14:11:01+00:00","twitter:card":"summary_large_image","twitter:title":"Prefeitura firma conv\u00eanio com a Pol\u00edcia Civil para projeto de v\u00eddeomonitoramento - A Not\u00edcia Online","twitter:description":"A Prefeitura de Muria\u00e9 e a Pol\u00edcia Civil assinaram um conv\u00eanio para o controle das c\u00e2meras de v\u00eddeomonitoramento da cidade, que est\u00e3o em funcionamento desde o m\u00eas de novembro, em fase experimental. Com o contrato assinado, a PC passa a orientar e apoiar o trabalho que j\u00e1 \u00e9 exercido por uma empresa, com 12 profissionais","twitter:image":"https:\/\/scontent-gig4-1.xx.fbcdn.net\/v\/t39.30808-1\/270437624_4564083193639691_6907940295614233970_n.jpg?stp=dst-jpg_s200x200_tt6&_nc_cat=111&ccb=1-7&_nc_sid=f907e8&_nc_ohc=SM1wRlP3lJwQ7kNvwEPuBYA&_nc_oc=AdnqrjDN_BNjSSHWO-GbkIWH6fkGMLw4bqvL_NH6e2wMveX7G-rP2dAqsDSq1mJMOaY&_nc_zt=24&_nc_ht=scontent-gig4-1.xx&_nc_gid=AoBFJeGrT1hVaew_6rchkQ&oh=00_AfX7QmFGhQhG2jAllVgXCiM1ZrWgvtp80-Bfppyexh1QEg&oe=689E923C"},"aioseo_meta_data":{"post_id":"9628","title":null,"description":null,"keywords":null,"keyphrases":null,"primary_term":null,"canonical_url":null,"og_title":null,"og_description":null,"og_object_type":"default","og_image_type":"default","og_image_url":null,"og_image_width":null,"og_image_height":null,"og_image_custom_url":null,"og_image_custom_fields":null,"og_video":null,"og_custom_url":null,"og_article_section":null,"og_article_tags":null,"twitter_use_og":false,"twitter_card":"default","twitter_image_type":"default","twitter_image_url":null,"twitter_image_custom_url":null,"twitter_image_custom_fields":null,"twitter_title":null,"twitter_description":null,"schema":{"blockGraphs":[],"customGraphs":[],"default":{"data":{"Article":[],"Course":[],"Dataset":[],"FAQPage":[],"Movie":[],"Person":[],"Product":[],"ProductReview":[],"Car":[],"Recipe":[],"Service":[],"SoftwareApplication":[],"WebPage":[]},"graphName":"","isEnabled":true},"graphs":[]},"schema_type":"default","schema_type_options":null,"pillar_content":false,"robots_default":true,"robots_noindex":false,"robots_noarchive":false,"robots_nosnippet":false,"robots_nofollow":false,"robots_noimageindex":false,"robots_noodp":false,"robots_notranslate":false,"robots_max_snippet":null,"robots_max_videopreview":null,"robots_max_imagepreview":"large","priority":null,"frequency":null,"local_seo":null,"breadcrumb_settings":null,"limit_modified_date":false,"ai":null,"created":"2025-08-16 15:15:14","updated":"2025-08-16 15:15:14","focus_keyword":null,"additional_keywords":null,"truseo_locale":null,"seo_analyzer_scan_date":null},"aioseo_breadcrumb":"<div class=\"aioseo-breadcrumbs\"><span class=\"aioseo-breadcrumb\">\n\t\t\t<a href=\"https:\/\/anoticiaonline.com.br\/site\" title=\"Home\">Home<\/a>\n\t\t<\/span><span class=\"aioseo-breadcrumb-separator\">&raquo;<\/span><span class=\"aioseo-breadcrumb\">\n\t\t\t<a href=\"https:\/\/anoticiaonline.com.br\/site\/categoria\/muriae\/\" title=\"Blog\">Blog<\/a>\n\t\t<\/span><span class=\"aioseo-breadcrumb-separator\">&raquo;<\/span><span class=\"aioseo-breadcrumb\">\n\t\t\tPrefeitura firma conv\u00eanio com a Pol\u00edcia Civil para projeto de v\u00eddeomonitoramento\n\t\t<\/span><\/div>","aioseo_breadcrumb_json":[{"label":"Home","link":"https:\/\/anoticiaonline.com.br\/site"},{"label":"Blog","link":"https:\/\/anoticiaonline.com.br\/site\/categoria\/muriae\/"},{"label":"Prefeitura firma conv\u00eanio com a Pol\u00edcia Civil para projeto de v\u00eddeomonitoramento","link":"https:\/\/anoticiaonline.com.br\/site\/prefeitura-firma-convenio-com-a-policia-civil-para-projeto-de-videomonitoramento\/"}],"views":134,"_links":{"self":[{"href":"https:\/\/anoticiaonline.com.br\/site\/wp-json\/wp\/v2\/posts\/9628","targetHints":{"allow":["GET"]}}],"collection":[{"href":"https:\/\/anoticiaonline.com.br\/site\/wp-json\/wp\/v2\/posts"}],"about":[{"href":"https:\/\/anoticiaonline.com.br\/site\/wp-json\/wp\/v2\/types\/post"}],"author":[{"embeddable":true,"href":"https:\/\/anoticiaonline.com.br\/site\/wp-json\/wp\/v2\/users\/2"}],"replies":[{"embeddable":true,"href":"https:\/\/anoticiaonline.com.br\/site\/wp-json\/wp\/v2\/comments?post=9628"}],"version-history":[{"count":0,"href":"https:\/\/anoticiaonline.com.br\/site\/wp-json\/wp\/v2\/posts\/9628\/revisions"}],"wp:featuredmedia":[{"embeddable":true,"href":"https:\/\/anoticiaonline.com.br\/site\/wp-json\/wp\/v2\/media\/9629"}],"wp:attachment":[{"href":"https:\/\/anoticiaonline.com.br\/site\/wp-json\/wp\/v2\/media?parent=9628"}],"wp:term":[{"taxonomy":"category","embeddable":true,"href":"https:\/\/anoticiaonline.com.br\/site\/wp-json\/wp\/v2\/categories?post=9628"},{"taxonomy":"post_tag","embeddable":true,"href":"https:\/\/anoticiaonline.com.br\/site\/wp-json\/wp\/v2\/tags?post=9628"}],"curies":[{"name":"wp","href":"https:\/\/api.w.org\/{rel}","templated":true}]}}