{"id":9609,"date":"2016-02-19T08:20:13","date_gmt":"2016-02-19T11:20:13","guid":{"rendered":"http:\/\/anoticiaonline.com.br\/site\/?p=9609"},"modified":"2016-02-19T09:31:48","modified_gmt":"2016-02-19T12:31:48","slug":"ex-delegado-regional-acusado-de-ter-mandado-matar-a-esposa-esta-sendo-julgado-por-juri-popular","status":"publish","type":"post","link":"https:\/\/anoticiaonline.com.br\/site\/ex-delegado-regional-acusado-de-ter-mandado-matar-a-esposa-esta-sendo-julgado-por-juri-popular\/","title":{"rendered":"Ex-delegado regional, acusado de ter mandado matar a esposa, est\u00e1 sendo julgado por j\u00fari popular"},"content":{"rendered":"<figure id=\"attachment_9612\" aria-describedby=\"caption-attachment-9612\" style=\"width: 290px\" class=\"wp-caption alignleft\"><a href=\"https:\/\/anoticiaonline.com.br\/site\/wp-content\/uploads\/2016\/02\/foto-capa.jpg\"><img fetchpriority=\"high\" decoding=\"async\" class=\"size-medium wp-image-9612\" src=\"https:\/\/anoticiaonline.com.br\/site\/wp-content\/uploads\/2016\/02\/foto-capa-300x225.jpg\" alt=\"Ex-delegado regional prestando depoimento\" width=\"300\" height=\"225\" srcset=\"https:\/\/anoticiaonline.com.br\/site\/wp-content\/uploads\/2016\/02\/foto-capa-300x225.jpg 300w, https:\/\/anoticiaonline.com.br\/site\/wp-content\/uploads\/2016\/02\/foto-capa.jpg 640w\" sizes=\"(max-width: 300px) 100vw, 300px\" \/><\/a><figcaption id=\"caption-attachment-9612\" class=\"wp-caption-text\">Ex-delegado regional prestando depoimento<\/figcaption><\/figure>\n<p>O delegado aposentado, Wagner Schubert de Castro, acusado de ser o mandante do assassinato da esposa, a professora M\u00f4nica Vidon Alvarenga, est\u00e1 sendo julgado por j\u00fari popular, no Sal\u00e3o do J\u00fari do F\u00f3rum Tabeli\u00e3o Pacheco de Medeiros.<\/p>\n<p>O j\u00fari come\u00e7ou pouco depois das 9h30min de quinta-feira (18) e a previs\u00e3o \u00e9 que se estenda at\u00e9 esta sexta-feira (19). O Corpo de Senten\u00e7a foi formado por sete jurados &#8211; sendo seis homens e uma mulher.<\/p>\n<p>O primeiro dia do julgamento de um dos crimes de grande repercuss\u00e3o em Muria\u00e9, e at\u00e9 a n\u00edvel estadual, pelo fato da v\u00edtima ser esposa de um delegado regional e muito querida pelo trabalho que desenvolvia nas escolas do munic\u00edpio, foi dedicado aos depoimentos de testemunhas de acusa\u00e7\u00e3o e de defesa. O Sal\u00e3o do J\u00fari ficou com lota\u00e7\u00e3o m\u00e1xima durante quase todo o dia.<\/p>\n<p>Pela manh\u00e3, foram exibidos v\u00eddeos \u2013gravados durante depoimento \u00e0 Pol\u00edcia Civil &#8211; de dois indiciados: Ant\u00f4nio Rodrigues de Oliveira Junior, conhecido por \u201cJuninho do 14\u201d, acusado de ser o atirador, e de Jandir Pimentel Moco, apontado como o condutor da moto que levou o autor dos disparos at\u00e9 a v\u00edtima e, em seguida, ajudado o criminoso na fuga. Ambos foram assassinados. Juninho foi executado a tiros no dia 27 de mar\u00e7o de 2013, na porta de sua resid\u00eancia, no bairro Aeroporto. J\u00e1 Jandir foi morto dentro de um carro, no dia 7 de agosto de 2015, tamb\u00e9m no bairro Aeroporto.<\/p>\n<p>O terceiro depoimento foi de uma jovem a quem \u201cJuninho do 14\u201d teria confessado ter assassinado a professora. No depoimento, tamb\u00e9m gravado em v\u00eddeo, a testemunha disse que o autor teria tentado matar M\u00f4nica em outras duas oportunidades, mas sem \u00eaxito.<\/p>\n<figure id=\"attachment_9610\" aria-describedby=\"caption-attachment-9610\" style=\"width: 290px\" class=\"wp-caption alignleft\"><a href=\"https:\/\/anoticiaonline.com.br\/site\/wp-content\/uploads\/2016\/02\/julgamento-dr-wagner.jpg\"><img decoding=\"async\" class=\"size-medium wp-image-9610\" src=\"https:\/\/anoticiaonline.com.br\/site\/wp-content\/uploads\/2016\/02\/julgamento-dr-wagner-300x225.jpg\" alt=\"Primeiro dia de julgamento foi marcado pelo depoimento das testemunhas de acusa\u00e7\u00e3o e defesa\" width=\"300\" height=\"225\" srcset=\"https:\/\/anoticiaonline.com.br\/site\/wp-content\/uploads\/2016\/02\/julgamento-dr-wagner-300x225.jpg 300w, https:\/\/anoticiaonline.com.br\/site\/wp-content\/uploads\/2016\/02\/julgamento-dr-wagner.jpg 640w\" sizes=\"(max-width: 300px) 100vw, 300px\" \/><\/a><figcaption id=\"caption-attachment-9610\" class=\"wp-caption-text\">Primeiro dia de julgamento foi marcado pelo depoimento das testemunhas de acusa\u00e7\u00e3o e defesa<\/figcaption><\/figure>\n<p>Durante a tarde, o julgamento entrou na fase de interrogat\u00f3rio \u00e0s testemunhas. As primeiras a serem ouvidas foram as de acusa\u00e7\u00e3o, entre elas uma irm\u00e3 da v\u00edtima que mora em Belo Horizonte, o delegado de Pol\u00edcia Civil, Rangel Martino, que presidiu o inqu\u00e9rito, e o investigador Dutra, tamb\u00e9m da PC, que participou da pris\u00e3o do r\u00e9u.<\/p>\n<p>Mais \u00e0 noite foram ouvidas testemunhas de defesa, entre elas o delegado Fernando Nassar Rocha e os delegados aposentados, Jos\u00e9 Carlos Bolsoni e Genir Carneiro.<\/p>\n<p>Ap\u00f3s 15 horas de julgamento, o juiz Maur\u00edcio Pirozi interrompeu a sess\u00e3o \u00e0 0h30min, anunciando que os trabalhos seriam retomados \u00e0s 9h de sexta-feira. Um dos momentos mais aguardados foi o depoimento do r\u00e9u, Wagner Schubert, que presta depoimento durante a manh\u00e3, seguido dos debates de acusa\u00e7\u00e3o e defesa.<\/p>\n<p>Considerando as explica\u00e7\u00f5es, r\u00e9plicas e tr\u00e9plicas de acusadores e defensores, a expectativa \u00e9 de que o veredito dos jurados saia somente \u00e0 tarde.<\/p>\n<p><strong>DEFESA E ACUSA\u00c7\u00c3O &#8211;<\/strong> O j\u00fari est\u00e1 sendo presidido pelo juiz da Vara Criminal da Comarca de Murua\u00e9, Maur\u00edcio Jos\u00e9 Machado Pirozi. O Minist\u00e9rio P\u00fablico est\u00e1 sendo representado pela promotora Jackeliny Ferreira Rangel. A promotora tem como assistentes de acusa\u00e7\u00e3o os advogados Jos\u00e9 Geraldo Alvarenga Junior e Wilson Sebasti\u00e3o Rodrigues Soares.<\/p>\n<p>Um dos advogados que auxiliam a Promotoria neste processo \u00e9 o criminalista L\u00facio Adolfo, de Belo Horizonte, que j\u00e1 atuou em grandes casos, como a defesa do goleiro Bruno, do Flamengo, que foi condenado por mandar matar a modelo Elisa Samudio.<\/p>\n<p>J\u00e1 a defesa de Wagner Schubert est\u00e1 sendo feita pelo advogado Carlos Henrique de Souza.<\/p>\n<p><strong>O CASO &#8211;<\/strong> M\u00f4nica foi baleada na noite de 19 de novembro de 2008, pr\u00f3ximo \u00e0 sua resid\u00eancia, no Bico Doce, e faleceu no Hospital S\u00e3o Paulo. Ap\u00f3s intensa investiga\u00e7\u00e3o, o ex-delegado regional foi preso na manh\u00e3 do dia 20 de abril de 2012, apontado como sendo o mandante do crime. Ele foi levado para Casa do Policial Civil, em Belo Horizonte, onde permaneceu at\u00e9 o julgamento.<\/p>\n<p>Investiga\u00e7\u00f5es feitas na \u00e9poca do crime constataram que dois rapazes seguiram a v\u00edtima em uma moto, quando ela saiu do trabalho, at\u00e9 a rua em que ela foi assassinada.<\/p>\n<p>Dois disparos foram efetuados em dire\u00e7\u00e3o \u00e0 M\u00f4nica, sendo que um deles atingiu a cabe\u00e7a. A v\u00edtima chegou a ser socorrida e levada para o HSP, por\u00e9m n\u00e3o resistiu aos ferimentos e faleceu.<\/p>\n<p>&nbsp;<\/p>\n<p><strong><em>* Mat\u00e9ria atualizada \u00e0s 10h20min<\/em><\/strong><\/p>\n","protected":false},"excerpt":{"rendered":"<p>O delegado aposentado, Wagner Schubert de Castro, acusado de ser o mandante do assassinato da esposa, a professora M\u00f4nica Vidon Alvarenga, est\u00e1 sendo julgado por j\u00fari popular, no Sal\u00e3o do J\u00fari do F\u00f3rum Tabeli\u00e3o Pacheco de Medeiros. O j\u00fari come\u00e7ou pouco depois das 9h30min de quinta-feira (18) e a previs\u00e3o \u00e9 que se estenda at\u00e9 &#8230; <a title=\"Ex-delegado regional, acusado de ter mandado matar a esposa, est\u00e1 sendo julgado por j\u00fari popular\" class=\"read-more\" href=\"https:\/\/anoticiaonline.com.br\/site\/ex-delegado-regional-acusado-de-ter-mandado-matar-a-esposa-esta-sendo-julgado-por-juri-popular\/\" aria-label=\"Read more about Ex-delegado regional, acusado de ter mandado matar a esposa, est\u00e1 sendo julgado por j\u00fari popular\">Ler mais<\/a><\/p>\n","protected":false},"author":2,"featured_media":9612,"comment_status":"open","ping_status":"open","sticky":false,"template":"","format":"standard","meta":{"_acf_changed":false,"_monsterinsights_skip_tracking":false,"footnotes":""},"categories":[30],"tags":[3],"class_list":["post-9609","post","type-post","status-publish","format-standard","has-post-thumbnail","hentry","category-muriae","tag-slide"],"acf":[],"aioseo_notices":[],"aioseo_head":"\n\t\t<!-- All in One SEO 5.0.0.1 - aioseo.com -->\n\t<meta name=\"description\" content=\"O delegado aposentado, Wagner Schubert de Castro, acusado de ser o mandante do assassinato da esposa, a professora M\u00f4nica Vidon Alvarenga, est\u00e1 sendo julgado por j\u00fari popular, no Sal\u00e3o do J\u00fari do F\u00f3rum Tabeli\u00e3o Pacheco de Medeiros. O j\u00fari come\u00e7ou pouco depois das 9h30min de quinta-feira (18) e a previs\u00e3o \u00e9 que se estenda at\u00e9\" \/>\n\t<meta name=\"robots\" content=\"max-image-preview:large\" \/>\n\t<meta name=\"author\" content=\"Juliana Laviola\"\/>\n\t<link rel=\"canonical\" href=\"https:\/\/anoticiaonline.com.br\/site\/ex-delegado-regional-acusado-de-ter-mandado-matar-a-esposa-esta-sendo-julgado-por-juri-popular\/\" \/>\n\t<meta name=\"generator\" content=\"All in One SEO (AIOSEO) 5.0.0.1\" \/>\n\t\t<meta property=\"og:locale\" content=\"pt_BR\" \/>\n\t\t<meta property=\"og:site_name\" content=\"A Not\u00edcia Online - Noticias de Muria\u00e9 e regi\u00e3o\" \/>\n\t\t<meta property=\"og:type\" content=\"article\" \/>\n\t\t<meta property=\"og:title\" content=\"Ex-delegado regional, acusado de ter mandado matar a esposa, est\u00e1 sendo julgado por j\u00fari popular - A Not\u00edcia Online\" \/>\n\t\t<meta property=\"og:description\" content=\"O delegado aposentado, Wagner Schubert de Castro, acusado de ser o mandante do assassinato da esposa, a professora M\u00f4nica Vidon Alvarenga, est\u00e1 sendo julgado por j\u00fari popular, no Sal\u00e3o do J\u00fari do F\u00f3rum Tabeli\u00e3o Pacheco de Medeiros. O j\u00fari come\u00e7ou pouco depois das 9h30min de quinta-feira (18) e a previs\u00e3o \u00e9 que se estenda at\u00e9\" \/>\n\t\t<meta property=\"og:url\" content=\"https:\/\/anoticiaonline.com.br\/site\/ex-delegado-regional-acusado-de-ter-mandado-matar-a-esposa-esta-sendo-julgado-por-juri-popular\/\" \/>\n\t\t<meta property=\"og:image\" content=\"https:\/\/scontent-gig4-1.xx.fbcdn.net\/v\/t39.30808-1\/270437624_4564083193639691_6907940295614233970_n.jpg?stp=dst-jpg_s200x200_tt6&#038;_nc_cat=111&#038;ccb=1-7&#038;_nc_sid=f907e8&#038;_nc_ohc=SM1wRlP3lJwQ7kNvwEPuBYA&#038;_nc_oc=AdnqrjDN_BNjSSHWO-GbkIWH6fkGMLw4bqvL_NH6e2wMveX7G-rP2dAqsDSq1mJMOaY&#038;_nc_zt=24&#038;_nc_ht=scontent-gig4-1.xx&#038;_nc_gid=AoBFJeGrT1hVaew_6rchkQ&#038;oh=00_AfX7QmFGhQhG2jAllVgXCiM1ZrWgvtp80-Bfppyexh1QEg&#038;oe=689E923C\" \/>\n\t\t<meta property=\"og:image:secure_url\" content=\"https:\/\/scontent-gig4-1.xx.fbcdn.net\/v\/t39.30808-1\/270437624_4564083193639691_6907940295614233970_n.jpg?stp=dst-jpg_s200x200_tt6&#038;_nc_cat=111&#038;ccb=1-7&#038;_nc_sid=f907e8&#038;_nc_ohc=SM1wRlP3lJwQ7kNvwEPuBYA&#038;_nc_oc=AdnqrjDN_BNjSSHWO-GbkIWH6fkGMLw4bqvL_NH6e2wMveX7G-rP2dAqsDSq1mJMOaY&#038;_nc_zt=24&#038;_nc_ht=scontent-gig4-1.xx&#038;_nc_gid=AoBFJeGrT1hVaew_6rchkQ&#038;oh=00_AfX7QmFGhQhG2jAllVgXCiM1ZrWgvtp80-Bfppyexh1QEg&#038;oe=689E923C\" \/>\n\t\t<meta property=\"article:published_time\" content=\"2016-02-19T11:20:13+00:00\" \/>\n\t\t<meta property=\"article:modified_time\" content=\"2016-02-19T12:31:48+00:00\" \/>\n\t\t<meta name=\"twitter:card\" content=\"summary_large_image\" \/>\n\t\t<meta name=\"twitter:title\" content=\"Ex-delegado regional, acusado de ter mandado matar a esposa, est\u00e1 sendo julgado por j\u00fari popular - A Not\u00edcia Online\" \/>\n\t\t<meta name=\"twitter:description\" content=\"O delegado aposentado, Wagner Schubert de Castro, acusado de ser o mandante do assassinato da esposa, a professora M\u00f4nica Vidon Alvarenga, est\u00e1 sendo julgado por j\u00fari popular, no Sal\u00e3o do J\u00fari do F\u00f3rum Tabeli\u00e3o Pacheco de Medeiros. O j\u00fari come\u00e7ou pouco depois das 9h30min de quinta-feira (18) e a previs\u00e3o \u00e9 que se estenda at\u00e9\" \/>\n\t\t<meta name=\"twitter:image\" content=\"https:\/\/scontent-gig4-1.xx.fbcdn.net\/v\/t39.30808-1\/270437624_4564083193639691_6907940295614233970_n.jpg?stp=dst-jpg_s200x200_tt6&amp;_nc_cat=111&amp;ccb=1-7&amp;_nc_sid=f907e8&amp;_nc_ohc=SM1wRlP3lJwQ7kNvwEPuBYA&amp;_nc_oc=AdnqrjDN_BNjSSHWO-GbkIWH6fkGMLw4bqvL_NH6e2wMveX7G-rP2dAqsDSq1mJMOaY&amp;_nc_zt=24&amp;_nc_ht=scontent-gig4-1.xx&amp;_nc_gid=AoBFJeGrT1hVaew_6rchkQ&amp;oh=00_AfX7QmFGhQhG2jAllVgXCiM1ZrWgvtp80-Bfppyexh1QEg&amp;oe=689E923C\" \/>\n\t\t<script type=\"application\/ld+json\" class=\"aioseo-schema\">\n\t\t\t{\"@context\":\"https:\\\/\\\/schema.org\",\"@graph\":[{\"@type\":\"BlogPosting\",\"@id\":\"https:\\\/\\\/anoticiaonline.com.br\\\/site\\\/ex-delegado-regional-acusado-de-ter-mandado-matar-a-esposa-esta-sendo-julgado-por-juri-popular\\\/#blogposting\",\"name\":\"Ex-delegado regional, acusado de ter mandado matar a esposa, est\\u00e1 sendo julgado por j\\u00fari popular - A Not\\u00edcia Online\",\"headline\":\"Ex-delegado regional, acusado de ter mandado matar a esposa, est\\u00e1 sendo julgado por j\\u00fari popular\",\"author\":{\"@id\":\"https:\\\/\\\/anoticiaonline.com.br\\\/site\\\/author\\\/juliana\\\/#author\"},\"publisher\":{\"@id\":\"https:\\\/\\\/anoticiaonline.com.br\\\/site\\\/#organization\"},\"image\":{\"@type\":\"ImageObject\",\"url\":\"https:\\\/\\\/anoticiaonline.com.br\\\/site\\\/wp-content\\\/uploads\\\/2016\\\/02\\\/foto-capa.jpg\",\"width\":640,\"height\":480,\"caption\":\"Ex-delegado regional prestando depoimento\"},\"datePublished\":\"2016-02-19T08:20:13-03:00\",\"dateModified\":\"2016-02-19T09:31:48-03:00\",\"inLanguage\":\"pt-BR\",\"mainEntityOfPage\":{\"@id\":\"https:\\\/\\\/anoticiaonline.com.br\\\/site\\\/ex-delegado-regional-acusado-de-ter-mandado-matar-a-esposa-esta-sendo-julgado-por-juri-popular\\\/#webpage\"},\"isPartOf\":{\"@id\":\"https:\\\/\\\/anoticiaonline.com.br\\\/site\\\/ex-delegado-regional-acusado-de-ter-mandado-matar-a-esposa-esta-sendo-julgado-por-juri-popular\\\/#webpage\"},\"articleSection\":\"Blog, slide\"},{\"@type\":\"BreadcrumbList\",\"@id\":\"https:\\\/\\\/anoticiaonline.com.br\\\/site\\\/ex-delegado-regional-acusado-de-ter-mandado-matar-a-esposa-esta-sendo-julgado-por-juri-popular\\\/#breadcrumblist\",\"itemListElement\":[{\"@type\":\"ListItem\",\"@id\":\"https:\\\/\\\/anoticiaonline.com.br\\\/site#listItem\",\"position\":1,\"name\":\"Home\",\"item\":\"https:\\\/\\\/anoticiaonline.com.br\\\/site\",\"nextItem\":{\"@type\":\"ListItem\",\"@id\":\"https:\\\/\\\/anoticiaonline.com.br\\\/site\\\/categoria\\\/muriae\\\/#listItem\",\"name\":\"Blog\"}},{\"@type\":\"ListItem\",\"@id\":\"https:\\\/\\\/anoticiaonline.com.br\\\/site\\\/categoria\\\/muriae\\\/#listItem\",\"position\":2,\"name\":\"Blog\",\"item\":\"https:\\\/\\\/anoticiaonline.com.br\\\/site\\\/categoria\\\/muriae\\\/\",\"nextItem\":{\"@type\":\"ListItem\",\"@id\":\"https:\\\/\\\/anoticiaonline.com.br\\\/site\\\/ex-delegado-regional-acusado-de-ter-mandado-matar-a-esposa-esta-sendo-julgado-por-juri-popular\\\/#listItem\",\"name\":\"Ex-delegado regional, acusado de ter mandado matar a esposa, est\\u00e1 sendo julgado por j\\u00fari popular\"},\"previousItem\":{\"@type\":\"ListItem\",\"@id\":\"https:\\\/\\\/anoticiaonline.com.br\\\/site#listItem\",\"name\":\"Home\"}},{\"@type\":\"ListItem\",\"@id\":\"https:\\\/\\\/anoticiaonline.com.br\\\/site\\\/ex-delegado-regional-acusado-de-ter-mandado-matar-a-esposa-esta-sendo-julgado-por-juri-popular\\\/#listItem\",\"position\":3,\"name\":\"Ex-delegado regional, acusado de ter mandado matar a esposa, est\\u00e1 sendo julgado por j\\u00fari popular\",\"previousItem\":{\"@type\":\"ListItem\",\"@id\":\"https:\\\/\\\/anoticiaonline.com.br\\\/site\\\/categoria\\\/muriae\\\/#listItem\",\"name\":\"Blog\"}}]},{\"@type\":\"Organization\",\"@id\":\"https:\\\/\\\/anoticiaonline.com.br\\\/site\\\/#organization\",\"name\":\"A Not\\u00edcia Online\",\"description\":\"Noticias de Muria\\u00e9 e regi\\u00e3o\",\"url\":\"https:\\\/\\\/anoticiaonline.com.br\\\/site\\\/\",\"logo\":{\"@type\":\"ImageObject\",\"url\":\"https:\\\/\\\/scontent-gig4-1.xx.fbcdn.net\\\/v\\\/t39.30808-1\\\/270437624_4564083193639691_6907940295614233970_n.jpg?stp=dst-jpg_s200x200_tt6&_nc_cat=111&ccb=1-7&_nc_sid=f907e8&_nc_ohc=SM1wRlP3lJwQ7kNvwEPuBYA&_nc_oc=AdnqrjDN_BNjSSHWO-GbkIWH6fkGMLw4bqvL_NH6e2wMveX7G-rP2dAqsDSq1mJMOaY&_nc_zt=24&_nc_ht=scontent-gig4-1.xx&_nc_gid=AoBFJeGrT1hVaew_6rchkQ&oh=00_AfX7QmFGhQhG2jAllVgXCiM1ZrWgvtp80-Bfppyexh1QEg&oe=689E923C\",\"@id\":\"https:\\\/\\\/anoticiaonline.com.br\\\/site\\\/ex-delegado-regional-acusado-de-ter-mandado-matar-a-esposa-esta-sendo-julgado-por-juri-popular\\\/#organizationLogo\"},\"image\":{\"@id\":\"https:\\\/\\\/anoticiaonline.com.br\\\/site\\\/ex-delegado-regional-acusado-de-ter-mandado-matar-a-esposa-esta-sendo-julgado-por-juri-popular\\\/#organizationLogo\"}},{\"@type\":\"Person\",\"@id\":\"https:\\\/\\\/anoticiaonline.com.br\\\/site\\\/author\\\/juliana\\\/#author\",\"url\":\"https:\\\/\\\/anoticiaonline.com.br\\\/site\\\/author\\\/juliana\\\/\",\"name\":\"Juliana Laviola\",\"image\":{\"@type\":\"ImageObject\",\"@id\":\"https:\\\/\\\/anoticiaonline.com.br\\\/site\\\/ex-delegado-regional-acusado-de-ter-mandado-matar-a-esposa-esta-sendo-julgado-por-juri-popular\\\/#authorImage\",\"url\":\"https:\\\/\\\/secure.gravatar.com\\\/avatar\\\/b8d45f5c699b100dfaf0e543582f38f38bf94cb7ae3a5e9abf8d891a34773335?s=96&d=mm&r=g\",\"width\":96,\"height\":96,\"caption\":\"Juliana Laviola\"}},{\"@type\":\"WebPage\",\"@id\":\"https:\\\/\\\/anoticiaonline.com.br\\\/site\\\/ex-delegado-regional-acusado-de-ter-mandado-matar-a-esposa-esta-sendo-julgado-por-juri-popular\\\/#webpage\",\"url\":\"https:\\\/\\\/anoticiaonline.com.br\\\/site\\\/ex-delegado-regional-acusado-de-ter-mandado-matar-a-esposa-esta-sendo-julgado-por-juri-popular\\\/\",\"name\":\"Ex-delegado regional, acusado de ter mandado matar a esposa, est\\u00e1 sendo julgado por j\\u00fari popular - A Not\\u00edcia Online\",\"description\":\"O delegado aposentado, Wagner Schubert de Castro, acusado de ser o mandante do assassinato da esposa, a professora M\\u00f4nica Vidon Alvarenga, est\\u00e1 sendo julgado por j\\u00fari popular, no Sal\\u00e3o do J\\u00fari do F\\u00f3rum Tabeli\\u00e3o Pacheco de Medeiros. O j\\u00fari come\\u00e7ou pouco depois das 9h30min de quinta-feira (18) e a previs\\u00e3o \\u00e9 que se estenda at\\u00e9\",\"inLanguage\":\"pt-BR\",\"isPartOf\":{\"@id\":\"https:\\\/\\\/anoticiaonline.com.br\\\/site\\\/#website\"},\"breadcrumb\":{\"@id\":\"https:\\\/\\\/anoticiaonline.com.br\\\/site\\\/ex-delegado-regional-acusado-de-ter-mandado-matar-a-esposa-esta-sendo-julgado-por-juri-popular\\\/#breadcrumblist\"},\"author\":{\"@id\":\"https:\\\/\\\/anoticiaonline.com.br\\\/site\\\/author\\\/juliana\\\/#author\"},\"creator\":{\"@id\":\"https:\\\/\\\/anoticiaonline.com.br\\\/site\\\/author\\\/juliana\\\/#author\"},\"image\":{\"@type\":\"ImageObject\",\"url\":\"https:\\\/\\\/anoticiaonline.com.br\\\/site\\\/wp-content\\\/uploads\\\/2016\\\/02\\\/foto-capa.jpg\",\"@id\":\"https:\\\/\\\/anoticiaonline.com.br\\\/site\\\/ex-delegado-regional-acusado-de-ter-mandado-matar-a-esposa-esta-sendo-julgado-por-juri-popular\\\/#mainImage\",\"width\":640,\"height\":480,\"caption\":\"Ex-delegado regional prestando depoimento\"},\"primaryImageOfPage\":{\"@id\":\"https:\\\/\\\/anoticiaonline.com.br\\\/site\\\/ex-delegado-regional-acusado-de-ter-mandado-matar-a-esposa-esta-sendo-julgado-por-juri-popular\\\/#mainImage\"},\"datePublished\":\"2016-02-19T08:20:13-03:00\",\"dateModified\":\"2016-02-19T09:31:48-03:00\"},{\"@type\":\"WebSite\",\"@id\":\"https:\\\/\\\/anoticiaonline.com.br\\\/site\\\/#website\",\"url\":\"https:\\\/\\\/anoticiaonline.com.br\\\/site\\\/\",\"name\":\"A Not\\u00edcia Online\",\"description\":\"Noticias de Muria\\u00e9 e regi\\u00e3o\",\"inLanguage\":\"pt-BR\",\"publisher\":{\"@id\":\"https:\\\/\\\/anoticiaonline.com.br\\\/site\\\/#organization\"}}]}\n\t\t<\/script>\n\t\t<!-- All in One SEO -->\n\n","aioseo_head_json":{"title":"Ex-delegado regional, acusado de ter mandado matar a esposa, est\u00e1 sendo julgado por j\u00fari popular - A Not\u00edcia Online","description":"O delegado aposentado, Wagner Schubert de Castro, acusado de ser o mandante do assassinato da esposa, a professora M\u00f4nica Vidon Alvarenga, est\u00e1 sendo julgado por j\u00fari popular, no Sal\u00e3o do J\u00fari do F\u00f3rum Tabeli\u00e3o Pacheco de Medeiros. O j\u00fari come\u00e7ou pouco depois das 9h30min de quinta-feira (18) e a previs\u00e3o \u00e9 que se estenda at\u00e9","canonical_url":"https:\/\/anoticiaonline.com.br\/site\/ex-delegado-regional-acusado-de-ter-mandado-matar-a-esposa-esta-sendo-julgado-por-juri-popular\/","robots":"max-image-preview:large","keywords":"","webmasterTools":{"miscellaneous":""},"schema":{"@context":"https:\/\/schema.org","@graph":[{"@type":"BlogPosting","@id":"https:\/\/anoticiaonline.com.br\/site\/ex-delegado-regional-acusado-de-ter-mandado-matar-a-esposa-esta-sendo-julgado-por-juri-popular\/#blogposting","name":"Ex-delegado regional, acusado de ter mandado matar a esposa, est\u00e1 sendo julgado por j\u00fari popular - A Not\u00edcia Online","headline":"Ex-delegado regional, acusado de ter mandado matar a esposa, est\u00e1 sendo julgado por j\u00fari popular","author":{"@id":"https:\/\/anoticiaonline.com.br\/site\/author\/juliana\/#author"},"publisher":{"@id":"https:\/\/anoticiaonline.com.br\/site\/#organization"},"image":{"@type":"ImageObject","url":"https:\/\/anoticiaonline.com.br\/site\/wp-content\/uploads\/2016\/02\/foto-capa.jpg","width":640,"height":480,"caption":"Ex-delegado regional prestando depoimento"},"datePublished":"2016-02-19T08:20:13-03:00","dateModified":"2016-02-19T09:31:48-03:00","inLanguage":"pt-BR","mainEntityOfPage":{"@id":"https:\/\/anoticiaonline.com.br\/site\/ex-delegado-regional-acusado-de-ter-mandado-matar-a-esposa-esta-sendo-julgado-por-juri-popular\/#webpage"},"isPartOf":{"@id":"https:\/\/anoticiaonline.com.br\/site\/ex-delegado-regional-acusado-de-ter-mandado-matar-a-esposa-esta-sendo-julgado-por-juri-popular\/#webpage"},"articleSection":"Blog, slide"},{"@type":"BreadcrumbList","@id":"https:\/\/anoticiaonline.com.br\/site\/ex-delegado-regional-acusado-de-ter-mandado-matar-a-esposa-esta-sendo-julgado-por-juri-popular\/#breadcrumblist","itemListElement":[{"@type":"ListItem","@id":"https:\/\/anoticiaonline.com.br\/site#listItem","position":1,"name":"Home","item":"https:\/\/anoticiaonline.com.br\/site","nextItem":{"@type":"ListItem","@id":"https:\/\/anoticiaonline.com.br\/site\/categoria\/muriae\/#listItem","name":"Blog"}},{"@type":"ListItem","@id":"https:\/\/anoticiaonline.com.br\/site\/categoria\/muriae\/#listItem","position":2,"name":"Blog","item":"https:\/\/anoticiaonline.com.br\/site\/categoria\/muriae\/","nextItem":{"@type":"ListItem","@id":"https:\/\/anoticiaonline.com.br\/site\/ex-delegado-regional-acusado-de-ter-mandado-matar-a-esposa-esta-sendo-julgado-por-juri-popular\/#listItem","name":"Ex-delegado regional, acusado de ter mandado matar a esposa, est\u00e1 sendo julgado por j\u00fari popular"},"previousItem":{"@type":"ListItem","@id":"https:\/\/anoticiaonline.com.br\/site#listItem","name":"Home"}},{"@type":"ListItem","@id":"https:\/\/anoticiaonline.com.br\/site\/ex-delegado-regional-acusado-de-ter-mandado-matar-a-esposa-esta-sendo-julgado-por-juri-popular\/#listItem","position":3,"name":"Ex-delegado regional, acusado de ter mandado matar a esposa, est\u00e1 sendo julgado por j\u00fari popular","previousItem":{"@type":"ListItem","@id":"https:\/\/anoticiaonline.com.br\/site\/categoria\/muriae\/#listItem","name":"Blog"}}]},{"@type":"Organization","@id":"https:\/\/anoticiaonline.com.br\/site\/#organization","name":"A Not\u00edcia Online","description":"Noticias de Muria\u00e9 e regi\u00e3o","url":"https:\/\/anoticiaonline.com.br\/site\/","logo":{"@type":"ImageObject","url":"https:\/\/scontent-gig4-1.xx.fbcdn.net\/v\/t39.30808-1\/270437624_4564083193639691_6907940295614233970_n.jpg?stp=dst-jpg_s200x200_tt6&_nc_cat=111&ccb=1-7&_nc_sid=f907e8&_nc_ohc=SM1wRlP3lJwQ7kNvwEPuBYA&_nc_oc=AdnqrjDN_BNjSSHWO-GbkIWH6fkGMLw4bqvL_NH6e2wMveX7G-rP2dAqsDSq1mJMOaY&_nc_zt=24&_nc_ht=scontent-gig4-1.xx&_nc_gid=AoBFJeGrT1hVaew_6rchkQ&oh=00_AfX7QmFGhQhG2jAllVgXCiM1ZrWgvtp80-Bfppyexh1QEg&oe=689E923C","@id":"https:\/\/anoticiaonline.com.br\/site\/ex-delegado-regional-acusado-de-ter-mandado-matar-a-esposa-esta-sendo-julgado-por-juri-popular\/#organizationLogo"},"image":{"@id":"https:\/\/anoticiaonline.com.br\/site\/ex-delegado-regional-acusado-de-ter-mandado-matar-a-esposa-esta-sendo-julgado-por-juri-popular\/#organizationLogo"}},{"@type":"Person","@id":"https:\/\/anoticiaonline.com.br\/site\/author\/juliana\/#author","url":"https:\/\/anoticiaonline.com.br\/site\/author\/juliana\/","name":"Juliana Laviola","image":{"@type":"ImageObject","@id":"https:\/\/anoticiaonline.com.br\/site\/ex-delegado-regional-acusado-de-ter-mandado-matar-a-esposa-esta-sendo-julgado-por-juri-popular\/#authorImage","url":"https:\/\/secure.gravatar.com\/avatar\/b8d45f5c699b100dfaf0e543582f38f38bf94cb7ae3a5e9abf8d891a34773335?s=96&d=mm&r=g","width":96,"height":96,"caption":"Juliana Laviola"}},{"@type":"WebPage","@id":"https:\/\/anoticiaonline.com.br\/site\/ex-delegado-regional-acusado-de-ter-mandado-matar-a-esposa-esta-sendo-julgado-por-juri-popular\/#webpage","url":"https:\/\/anoticiaonline.com.br\/site\/ex-delegado-regional-acusado-de-ter-mandado-matar-a-esposa-esta-sendo-julgado-por-juri-popular\/","name":"Ex-delegado regional, acusado de ter mandado matar a esposa, est\u00e1 sendo julgado por j\u00fari popular - A Not\u00edcia Online","description":"O delegado aposentado, Wagner Schubert de Castro, acusado de ser o mandante do assassinato da esposa, a professora M\u00f4nica Vidon Alvarenga, est\u00e1 sendo julgado por j\u00fari popular, no Sal\u00e3o do J\u00fari do F\u00f3rum Tabeli\u00e3o Pacheco de Medeiros. O j\u00fari come\u00e7ou pouco depois das 9h30min de quinta-feira (18) e a previs\u00e3o \u00e9 que se estenda at\u00e9","inLanguage":"pt-BR","isPartOf":{"@id":"https:\/\/anoticiaonline.com.br\/site\/#website"},"breadcrumb":{"@id":"https:\/\/anoticiaonline.com.br\/site\/ex-delegado-regional-acusado-de-ter-mandado-matar-a-esposa-esta-sendo-julgado-por-juri-popular\/#breadcrumblist"},"author":{"@id":"https:\/\/anoticiaonline.com.br\/site\/author\/juliana\/#author"},"creator":{"@id":"https:\/\/anoticiaonline.com.br\/site\/author\/juliana\/#author"},"image":{"@type":"ImageObject","url":"https:\/\/anoticiaonline.com.br\/site\/wp-content\/uploads\/2016\/02\/foto-capa.jpg","@id":"https:\/\/anoticiaonline.com.br\/site\/ex-delegado-regional-acusado-de-ter-mandado-matar-a-esposa-esta-sendo-julgado-por-juri-popular\/#mainImage","width":640,"height":480,"caption":"Ex-delegado regional prestando depoimento"},"primaryImageOfPage":{"@id":"https:\/\/anoticiaonline.com.br\/site\/ex-delegado-regional-acusado-de-ter-mandado-matar-a-esposa-esta-sendo-julgado-por-juri-popular\/#mainImage"},"datePublished":"2016-02-19T08:20:13-03:00","dateModified":"2016-02-19T09:31:48-03:00"},{"@type":"WebSite","@id":"https:\/\/anoticiaonline.com.br\/site\/#website","url":"https:\/\/anoticiaonline.com.br\/site\/","name":"A Not\u00edcia Online","description":"Noticias de Muria\u00e9 e regi\u00e3o","inLanguage":"pt-BR","publisher":{"@id":"https:\/\/anoticiaonline.com.br\/site\/#organization"}}]},"og:locale":"pt_BR","og:site_name":"A Not\u00edcia Online - Noticias de Muria\u00e9 e regi\u00e3o","og:type":"article","og:title":"Ex-delegado regional, acusado de ter mandado matar a esposa, est\u00e1 sendo julgado por j\u00fari popular - A Not\u00edcia Online","og:description":"O delegado aposentado, Wagner Schubert de Castro, acusado de ser o mandante do assassinato da esposa, a professora M\u00f4nica Vidon Alvarenga, est\u00e1 sendo julgado por j\u00fari popular, no Sal\u00e3o do J\u00fari do F\u00f3rum Tabeli\u00e3o Pacheco de Medeiros. O j\u00fari come\u00e7ou pouco depois das 9h30min de quinta-feira (18) e a previs\u00e3o \u00e9 que se estenda at\u00e9","og:url":"https:\/\/anoticiaonline.com.br\/site\/ex-delegado-regional-acusado-de-ter-mandado-matar-a-esposa-esta-sendo-julgado-por-juri-popular\/","og:image":"https:\/\/scontent-gig4-1.xx.fbcdn.net\/v\/t39.30808-1\/270437624_4564083193639691_6907940295614233970_n.jpg?stp=dst-jpg_s200x200_tt6&#038;_nc_cat=111&#038;ccb=1-7&#038;_nc_sid=f907e8&#038;_nc_ohc=SM1wRlP3lJwQ7kNvwEPuBYA&#038;_nc_oc=AdnqrjDN_BNjSSHWO-GbkIWH6fkGMLw4bqvL_NH6e2wMveX7G-rP2dAqsDSq1mJMOaY&#038;_nc_zt=24&#038;_nc_ht=scontent-gig4-1.xx&#038;_nc_gid=AoBFJeGrT1hVaew_6rchkQ&#038;oh=00_AfX7QmFGhQhG2jAllVgXCiM1ZrWgvtp80-Bfppyexh1QEg&#038;oe=689E923C","og:image:secure_url":"https:\/\/scontent-gig4-1.xx.fbcdn.net\/v\/t39.30808-1\/270437624_4564083193639691_6907940295614233970_n.jpg?stp=dst-jpg_s200x200_tt6&#038;_nc_cat=111&#038;ccb=1-7&#038;_nc_sid=f907e8&#038;_nc_ohc=SM1wRlP3lJwQ7kNvwEPuBYA&#038;_nc_oc=AdnqrjDN_BNjSSHWO-GbkIWH6fkGMLw4bqvL_NH6e2wMveX7G-rP2dAqsDSq1mJMOaY&#038;_nc_zt=24&#038;_nc_ht=scontent-gig4-1.xx&#038;_nc_gid=AoBFJeGrT1hVaew_6rchkQ&#038;oh=00_AfX7QmFGhQhG2jAllVgXCiM1ZrWgvtp80-Bfppyexh1QEg&#038;oe=689E923C","article:published_time":"2016-02-19T11:20:13+00:00","article:modified_time":"2016-02-19T12:31:48+00:00","twitter:card":"summary_large_image","twitter:title":"Ex-delegado regional, acusado de ter mandado matar a esposa, est\u00e1 sendo julgado por j\u00fari popular - A Not\u00edcia Online","twitter:description":"O delegado aposentado, Wagner Schubert de Castro, acusado de ser o mandante do assassinato da esposa, a professora M\u00f4nica Vidon Alvarenga, est\u00e1 sendo julgado por j\u00fari popular, no Sal\u00e3o do J\u00fari do F\u00f3rum Tabeli\u00e3o Pacheco de Medeiros. O j\u00fari come\u00e7ou pouco depois das 9h30min de quinta-feira (18) e a previs\u00e3o \u00e9 que se estenda at\u00e9","twitter:image":"https:\/\/scontent-gig4-1.xx.fbcdn.net\/v\/t39.30808-1\/270437624_4564083193639691_6907940295614233970_n.jpg?stp=dst-jpg_s200x200_tt6&_nc_cat=111&ccb=1-7&_nc_sid=f907e8&_nc_ohc=SM1wRlP3lJwQ7kNvwEPuBYA&_nc_oc=AdnqrjDN_BNjSSHWO-GbkIWH6fkGMLw4bqvL_NH6e2wMveX7G-rP2dAqsDSq1mJMOaY&_nc_zt=24&_nc_ht=scontent-gig4-1.xx&_nc_gid=AoBFJeGrT1hVaew_6rchkQ&oh=00_AfX7QmFGhQhG2jAllVgXCiM1ZrWgvtp80-Bfppyexh1QEg&oe=689E923C"},"aioseo_meta_data":{"post_id":"9609","title":null,"description":null,"keywords":null,"keyphrases":null,"primary_term":null,"canonical_url":null,"og_title":null,"og_description":null,"og_object_type":"default","og_image_type":"default","og_image_url":null,"og_image_width":null,"og_image_height":null,"og_image_custom_url":null,"og_image_custom_fields":null,"og_video":null,"og_custom_url":null,"og_article_section":null,"og_article_tags":null,"twitter_use_og":false,"twitter_card":"default","twitter_image_type":"default","twitter_image_url":null,"twitter_image_custom_url":null,"twitter_image_custom_fields":null,"twitter_title":null,"twitter_description":null,"schema":{"blockGraphs":[],"customGraphs":[],"default":{"data":{"Article":[],"Course":[],"Dataset":[],"FAQPage":[],"Movie":[],"Person":[],"Product":[],"ProductReview":[],"Car":[],"Recipe":[],"Service":[],"SoftwareApplication":[],"WebPage":[]},"graphName":"","isEnabled":true},"graphs":[]},"schema_type":"default","schema_type_options":null,"pillar_content":false,"robots_default":true,"robots_noindex":false,"robots_noarchive":false,"robots_nosnippet":false,"robots_nofollow":false,"robots_noimageindex":false,"robots_noodp":false,"robots_notranslate":false,"robots_max_snippet":null,"robots_max_videopreview":null,"robots_max_imagepreview":"large","priority":null,"frequency":null,"local_seo":null,"breadcrumb_settings":null,"limit_modified_date":false,"ai":null,"created":"2025-08-16 15:15:13","updated":"2025-08-16 15:15:13","focus_keyword":null,"additional_keywords":null,"truseo_locale":null,"seo_analyzer_scan_date":null},"aioseo_breadcrumb":"<div class=\"aioseo-breadcrumbs\"><span class=\"aioseo-breadcrumb\">\n\t\t\t<a href=\"https:\/\/anoticiaonline.com.br\/site\" title=\"Home\">Home<\/a>\n\t\t<\/span><span class=\"aioseo-breadcrumb-separator\">&raquo;<\/span><span class=\"aioseo-breadcrumb\">\n\t\t\t<a href=\"https:\/\/anoticiaonline.com.br\/site\/categoria\/muriae\/\" title=\"Blog\">Blog<\/a>\n\t\t<\/span><span class=\"aioseo-breadcrumb-separator\">&raquo;<\/span><span class=\"aioseo-breadcrumb\">\n\t\t\tEx-delegado regional, acusado de ter mandado matar a esposa, est\u00e1 sendo julgado por j\u00fari popular\n\t\t<\/span><\/div>","aioseo_breadcrumb_json":[{"label":"Home","link":"https:\/\/anoticiaonline.com.br\/site"},{"label":"Blog","link":"https:\/\/anoticiaonline.com.br\/site\/categoria\/muriae\/"},{"label":"Ex-delegado regional, acusado de ter mandado matar a esposa, est\u00e1 sendo julgado por j\u00fari popular","link":"https:\/\/anoticiaonline.com.br\/site\/ex-delegado-regional-acusado-de-ter-mandado-matar-a-esposa-esta-sendo-julgado-por-juri-popular\/"}],"views":262,"_links":{"self":[{"href":"https:\/\/anoticiaonline.com.br\/site\/wp-json\/wp\/v2\/posts\/9609","targetHints":{"allow":["GET"]}}],"collection":[{"href":"https:\/\/anoticiaonline.com.br\/site\/wp-json\/wp\/v2\/posts"}],"about":[{"href":"https:\/\/anoticiaonline.com.br\/site\/wp-json\/wp\/v2\/types\/post"}],"author":[{"embeddable":true,"href":"https:\/\/anoticiaonline.com.br\/site\/wp-json\/wp\/v2\/users\/2"}],"replies":[{"embeddable":true,"href":"https:\/\/anoticiaonline.com.br\/site\/wp-json\/wp\/v2\/comments?post=9609"}],"version-history":[{"count":0,"href":"https:\/\/anoticiaonline.com.br\/site\/wp-json\/wp\/v2\/posts\/9609\/revisions"}],"wp:featuredmedia":[{"embeddable":true,"href":"https:\/\/anoticiaonline.com.br\/site\/wp-json\/wp\/v2\/media\/9612"}],"wp:attachment":[{"href":"https:\/\/anoticiaonline.com.br\/site\/wp-json\/wp\/v2\/media?parent=9609"}],"wp:term":[{"taxonomy":"category","embeddable":true,"href":"https:\/\/anoticiaonline.com.br\/site\/wp-json\/wp\/v2\/categories?post=9609"},{"taxonomy":"post_tag","embeddable":true,"href":"https:\/\/anoticiaonline.com.br\/site\/wp-json\/wp\/v2\/tags?post=9609"}],"curies":[{"name":"wp","href":"https:\/\/api.w.org\/{rel}","templated":true}]}}