{"id":9544,"date":"2016-02-18T12:00:50","date_gmt":"2016-02-18T15:00:50","guid":{"rendered":"http:\/\/anoticiaonline.com.br\/site\/?p=9544"},"modified":"2016-02-17T10:15:36","modified_gmt":"2016-02-17T13:15:36","slug":"capitao-sandro-josefino-e-transferido-para-alem-paraiba","status":"publish","type":"post","link":"https:\/\/anoticiaonline.com.br\/site\/capitao-sandro-josefino-e-transferido-para-alem-paraiba\/","title":{"rendered":"Capit\u00e3o Sandro Josefino \u00e9 transferido para Al\u00e9m Para\u00edba"},"content":{"rendered":"<p><a href=\"https:\/\/anoticiaonline.com.br\/site\/wp-content\/uploads\/2016\/02\/Capit\u00e3o-Sandro-Josefino-\u00e9-transferido-para-Al\u00e9m-Para\u00edba.jpg\"><img fetchpriority=\"high\" decoding=\"async\" class=\" size-medium wp-image-9546 alignleft\" src=\"https:\/\/anoticiaonline.com.br\/site\/wp-content\/uploads\/2016\/02\/Capit\u00e3o-Sandro-Josefino-\u00e9-transferido-para-Al\u00e9m-Para\u00edba-300x200.jpg\" alt=\"Capit\u00e3o Sandro Josefino \u00e9 transferido para Al\u00e9m Para\u00edba\" width=\"300\" height=\"200\" srcset=\"https:\/\/anoticiaonline.com.br\/site\/wp-content\/uploads\/2016\/02\/Capit\u00e3o-Sandro-Josefino-\u00e9-transferido-para-Al\u00e9m-Para\u00edba-300x200.jpg 300w, https:\/\/anoticiaonline.com.br\/site\/wp-content\/uploads\/2016\/02\/Capit\u00e3o-Sandro-Josefino-\u00e9-transferido-para-Al\u00e9m-Para\u00edba-290x192.jpg 290w, https:\/\/anoticiaonline.com.br\/site\/wp-content\/uploads\/2016\/02\/Capit\u00e3o-Sandro-Josefino-\u00e9-transferido-para-Al\u00e9m-Para\u00edba.jpg 640w\" sizes=\"(max-width: 300px) 100vw, 300px\" \/><\/a>O capit\u00e3o Sandro Josefino foi transferido para Al\u00e9m Para\u00edba, onde exercer\u00e1 a fun\u00e7\u00e3o de comandante da 52\u00aa Companhia de Pol\u00edcia Militar, subordinada \u00e0 6\u00aa Companhia Independente, sediada em Leopoldina.<\/p>\n<p>O militar formou-se no primeiro curso de soldado de Muria\u00e9, que teve in\u00edcio em outubro de 1993.<\/p>\n<p>Ap\u00f3s trabalhar em diversas cidades pertencentes ao 21\u00ba Batalh\u00e3o de Pol\u00edcia Militar, em Ub\u00e1, retornou a Muria\u00e9 em 1996. Foi, ent\u00e3o, aprovado no concurso do Curso de Forma\u00e7\u00e3o de Oficiais (CFO), ingressando no mesmo no in\u00edcio de 1997 e formando-se em 2000, sendo classificado em Patos de Minas (15\u00ba BPM).<\/p>\n<p>Em 2001, foi transferido para o 9\u00ba BPM, em Barbacena. Em 2003 retornou ao 21\u00ba BPM, em Ub\u00e1, e, ap\u00f3s tr\u00eas meses, conseguiu voltar a trabalhar em Muria\u00e9, onde tinha estado desde ent\u00e3o at\u00e9 ser transferido para Al\u00e9m Para\u00edba.<\/p>\n<p>Na cidade, participou da transi\u00e7\u00e3o de 76\u00aa Cia Esp PM para o 47\u00ba BPM, fato que ocorreu em 2007. \u201cSempre tive um perfil mais operacional, que \u00e9 o que gosto de fazer, mas devido \u00e0s necessidades, j\u00e1 que eram poucos oficiais no Batalh\u00e3o, tive de atuar na administra\u00e7\u00e3o, setor burocr\u00e1tico, por diversos anos\u201d, afirma o capit\u00e3o Sandro.<\/p>\n<p>Em 2013, in\u00edcio do comando do tenente-coronel Naz\u00e1rio \u00e0 frente ao 47\u00ba BPM, comandou a 76\u00aa Companhia de Pol\u00edcia Militar. \u201cOs \u00edndices eram os piores j\u00e1 registrados em compara\u00e7\u00e3o a anos anteriores, mas com um trabalho em equipe, conseguimos reverter o quadro desfavor\u00e1vel e terminamos o ano cumprindo todas as metas\u201d, lembra o oficial.<\/p>\n<p>No ano 2014, ingressou no curso CESP, considerado uma p\u00f3s-gradua\u00e7\u00e3o, requisito para a promo\u00e7\u00e3o a major. Em seu lugar, durante o per\u00edodo do curso, foi substitu\u00eddo pelo tenente Martins.<\/p>\n<p>Mas o ano 2015 foi o auge do seu comando \u00e0 frente da 76\u00aa Cia PM, como o pr\u00f3prio oficial considera. \u201cDesde o in\u00edcio do ano consegu\u00edamos \u00edndices hist\u00f3ricos e recordes em compara\u00e7\u00e3o a todos os anos anteriores, chegando a obter o dobro de armas de fogo apreendidas em compara\u00e7\u00e3o ao ano anterior, que j\u00e1 era um n\u00famero excelente em 2014\u201d, conta.<\/p>\n<p>Em agosto de 2015, o capit\u00e3o Sandro foi remanejado para a chefia da P2, Setor de Intelig\u00eancia da PM. \u201cTrabalhei com uma equipe diferenciada, com filosofia espec\u00edfica de setor de intelig\u00eancia\u201d, elogia.<\/p>\n<p>Durante todo este tempo em Muria\u00e9, o capit\u00e3o Sandro afirma que atuou em in\u00fameras ocorr\u00eancias, por\u00e9m, duas chamaram-lhe a aten\u00e7\u00e3o. \u201cUm criminoso contumaz preso por roubo disse que a Pol\u00edcia Militar em Muria\u00e9 estava t\u00e3o eficiente, que quando ele saiu para cometer o delito j\u00e1 sabia que seria preso, mas tinha de arriscar porque a geladeira estava vazia\u201d, conta.<\/p>\n<p>A outra ocorr\u00eancia que sempre est\u00e1 em sua mem\u00f3ria \u00e9 quando encontrou com outro criminoso reincidente trabalhando e este disse que foi obrigado a arrumar emprego e mudar de vida, sen\u00e3o iria passar o ano inteiro na cadeia &#8211; j\u00e1 tinha sido preso duas vezes naquele ano, perfazendo mais de seis meses de cadeia.<\/p>\n<p>\u201cSempre tive muito orgulho de trabalhar junto com a tropa operacional. Companheiros que trabalharam comigo quando eu era soldado, pessoas que me ensinaram muito, pessoas que sofreram junto. S\u00f3 tenho a agradecer a todos que, direta ou indiretamente, contribu\u00edram para que eu pudesse exercer um bom comando, empres\u00e1rios e comerciantes que auxiliaram na constru\u00e7\u00e3o do quartel na Barra, que foi t\u00e3o importante na \u00e9poca\u201d, afirma.<\/p>\n<p>O capit\u00e3o faz agradecimentos aos companheiros de servi\u00e7o, \u00e0 sociedade muriaeense que confiou no seu servi\u00e7o e o apoiou com den\u00fancias diversas (ainda que muitas an\u00f4nimas) e que, atrav\u00e9s das quais, possibilitaram retirar muitos criminosos das ruas; as autoridades que o apoiaram e, de uma forma especial, ao amigo e empres\u00e1rio Geraldo Virg\u00edlio, da CristalTemper. \u201cO senhor Geraldinho, como \u00e9 tratado carinhosamente, \u00e9 um verdadeiro her\u00f3i muriaeense, que do pouco, fez muito e que sempre me ajudou, me deu tratamento de filho, inclusive compartilhando hist\u00f3rias de sua vida, as quais me ensinaram muito e que levarei para sempre comigo\u201d, diz ele, que atuou por 13 anos em Muria\u00e9.<\/p>\n<p>Agora, a expectativa \u00e9 fazer um bom trabalho em Al\u00e9m Para\u00edba. \u201cMas Muria\u00e9 estar\u00e1 sempre no meu cora\u00e7\u00e3o, afinal, recebi a honraria de Cidad\u00e3o Honor\u00e1rio. Por isso, j\u00e1 me sinto muriaeense\u201d, finaliza o capit\u00e3o Sandro, que foi apresentado \u00e0 52\u00aa Cia PM nesta quinta-feira (18).<\/p>\n<p><strong>NOTA DA REDA\u00c7\u00c3O \u2013<\/strong> A equipe do A NOT\u00cdCIA parabeniza o capit\u00e3o Sandro pelo trabalho que realizou em Muria\u00e9 durante todo o tempo que atuou na cidade e deseja-lhe sucesso como comandante da 52\u00aa Companhia de Pol\u00edcia Militar.<\/p>\n","protected":false},"excerpt":{"rendered":"<p>O capit\u00e3o Sandro Josefino foi transferido para Al\u00e9m Para\u00edba, onde exercer\u00e1 a fun\u00e7\u00e3o de comandante da 52\u00aa Companhia de Pol\u00edcia Militar, subordinada \u00e0 6\u00aa Companhia Independente, sediada em Leopoldina. O militar formou-se no primeiro curso de soldado de Muria\u00e9, que teve in\u00edcio em outubro de 1993. Ap\u00f3s trabalhar em diversas cidades pertencentes ao 21\u00ba Batalh\u00e3o &#8230; <a title=\"Capit\u00e3o Sandro Josefino \u00e9 transferido para Al\u00e9m Para\u00edba\" class=\"read-more\" href=\"https:\/\/anoticiaonline.com.br\/site\/capitao-sandro-josefino-e-transferido-para-alem-paraiba\/\" aria-label=\"Read more about Capit\u00e3o Sandro Josefino \u00e9 transferido para Al\u00e9m Para\u00edba\">Ler mais<\/a><\/p>\n","protected":false},"author":2,"featured_media":9546,"comment_status":"open","ping_status":"open","sticky":false,"template":"","format":"standard","meta":{"_acf_changed":false,"_monsterinsights_skip_tracking":false,"footnotes":""},"categories":[30],"tags":[3],"class_list":["post-9544","post","type-post","status-publish","format-standard","has-post-thumbnail","hentry","category-muriae","tag-slide"],"acf":[],"aioseo_notices":[],"aioseo_head":"\n\t\t<!-- All in One SEO 5.0.0.1 - aioseo.com -->\n\t<meta name=\"description\" content=\"O capit\u00e3o Sandro Josefino foi transferido para Al\u00e9m Para\u00edba, onde exercer\u00e1 a fun\u00e7\u00e3o de comandante da 52\u00aa Companhia de Pol\u00edcia Militar, subordinada \u00e0 6\u00aa Companhia Independente, sediada em Leopoldina. O militar formou-se no primeiro curso de soldado de Muria\u00e9, que teve in\u00edcio em outubro de 1993. Ap\u00f3s trabalhar em diversas cidades pertencentes ao 21\u00ba Batalh\u00e3o\" \/>\n\t<meta name=\"robots\" content=\"max-image-preview:large\" \/>\n\t<meta name=\"author\" content=\"Juliana Laviola\"\/>\n\t<link rel=\"canonical\" href=\"https:\/\/anoticiaonline.com.br\/site\/capitao-sandro-josefino-e-transferido-para-alem-paraiba\/\" \/>\n\t<meta name=\"generator\" content=\"All in One SEO (AIOSEO) 5.0.0.1\" \/>\n\t\t<meta property=\"og:locale\" content=\"pt_BR\" \/>\n\t\t<meta property=\"og:site_name\" content=\"A Not\u00edcia Online - Noticias de Muria\u00e9 e regi\u00e3o\" \/>\n\t\t<meta property=\"og:type\" content=\"article\" \/>\n\t\t<meta property=\"og:title\" content=\"Capit\u00e3o Sandro Josefino \u00e9 transferido para Al\u00e9m Para\u00edba - A Not\u00edcia Online\" \/>\n\t\t<meta property=\"og:description\" content=\"O capit\u00e3o Sandro Josefino foi transferido para Al\u00e9m Para\u00edba, onde exercer\u00e1 a fun\u00e7\u00e3o de comandante da 52\u00aa Companhia de Pol\u00edcia Militar, subordinada \u00e0 6\u00aa Companhia Independente, sediada em Leopoldina. O militar formou-se no primeiro curso de soldado de Muria\u00e9, que teve in\u00edcio em outubro de 1993. Ap\u00f3s trabalhar em diversas cidades pertencentes ao 21\u00ba Batalh\u00e3o\" \/>\n\t\t<meta property=\"og:url\" content=\"https:\/\/anoticiaonline.com.br\/site\/capitao-sandro-josefino-e-transferido-para-alem-paraiba\/\" \/>\n\t\t<meta property=\"og:image\" content=\"https:\/\/scontent-gig4-1.xx.fbcdn.net\/v\/t39.30808-1\/270437624_4564083193639691_6907940295614233970_n.jpg?stp=dst-jpg_s200x200_tt6&#038;_nc_cat=111&#038;ccb=1-7&#038;_nc_sid=f907e8&#038;_nc_ohc=SM1wRlP3lJwQ7kNvwEPuBYA&#038;_nc_oc=AdnqrjDN_BNjSSHWO-GbkIWH6fkGMLw4bqvL_NH6e2wMveX7G-rP2dAqsDSq1mJMOaY&#038;_nc_zt=24&#038;_nc_ht=scontent-gig4-1.xx&#038;_nc_gid=AoBFJeGrT1hVaew_6rchkQ&#038;oh=00_AfX7QmFGhQhG2jAllVgXCiM1ZrWgvtp80-Bfppyexh1QEg&#038;oe=689E923C\" \/>\n\t\t<meta property=\"og:image:secure_url\" content=\"https:\/\/scontent-gig4-1.xx.fbcdn.net\/v\/t39.30808-1\/270437624_4564083193639691_6907940295614233970_n.jpg?stp=dst-jpg_s200x200_tt6&#038;_nc_cat=111&#038;ccb=1-7&#038;_nc_sid=f907e8&#038;_nc_ohc=SM1wRlP3lJwQ7kNvwEPuBYA&#038;_nc_oc=AdnqrjDN_BNjSSHWO-GbkIWH6fkGMLw4bqvL_NH6e2wMveX7G-rP2dAqsDSq1mJMOaY&#038;_nc_zt=24&#038;_nc_ht=scontent-gig4-1.xx&#038;_nc_gid=AoBFJeGrT1hVaew_6rchkQ&#038;oh=00_AfX7QmFGhQhG2jAllVgXCiM1ZrWgvtp80-Bfppyexh1QEg&#038;oe=689E923C\" \/>\n\t\t<meta property=\"article:published_time\" content=\"2016-02-18T15:00:50+00:00\" \/>\n\t\t<meta property=\"article:modified_time\" content=\"2016-02-17T13:15:36+00:00\" \/>\n\t\t<meta name=\"twitter:card\" content=\"summary_large_image\" \/>\n\t\t<meta name=\"twitter:title\" content=\"Capit\u00e3o Sandro Josefino \u00e9 transferido para Al\u00e9m Para\u00edba - A Not\u00edcia Online\" \/>\n\t\t<meta name=\"twitter:description\" content=\"O capit\u00e3o Sandro Josefino foi transferido para Al\u00e9m Para\u00edba, onde exercer\u00e1 a fun\u00e7\u00e3o de comandante da 52\u00aa Companhia de Pol\u00edcia Militar, subordinada \u00e0 6\u00aa Companhia Independente, sediada em Leopoldina. O militar formou-se no primeiro curso de soldado de Muria\u00e9, que teve in\u00edcio em outubro de 1993. Ap\u00f3s trabalhar em diversas cidades pertencentes ao 21\u00ba Batalh\u00e3o\" \/>\n\t\t<meta name=\"twitter:image\" content=\"https:\/\/scontent-gig4-1.xx.fbcdn.net\/v\/t39.30808-1\/270437624_4564083193639691_6907940295614233970_n.jpg?stp=dst-jpg_s200x200_tt6&amp;_nc_cat=111&amp;ccb=1-7&amp;_nc_sid=f907e8&amp;_nc_ohc=SM1wRlP3lJwQ7kNvwEPuBYA&amp;_nc_oc=AdnqrjDN_BNjSSHWO-GbkIWH6fkGMLw4bqvL_NH6e2wMveX7G-rP2dAqsDSq1mJMOaY&amp;_nc_zt=24&amp;_nc_ht=scontent-gig4-1.xx&amp;_nc_gid=AoBFJeGrT1hVaew_6rchkQ&amp;oh=00_AfX7QmFGhQhG2jAllVgXCiM1ZrWgvtp80-Bfppyexh1QEg&amp;oe=689E923C\" \/>\n\t\t<script type=\"application\/ld+json\" class=\"aioseo-schema\">\n\t\t\t{\"@context\":\"https:\\\/\\\/schema.org\",\"@graph\":[{\"@type\":\"BlogPosting\",\"@id\":\"https:\\\/\\\/anoticiaonline.com.br\\\/site\\\/capitao-sandro-josefino-e-transferido-para-alem-paraiba\\\/#blogposting\",\"name\":\"Capit\\u00e3o Sandro Josefino \\u00e9 transferido para Al\\u00e9m Para\\u00edba - A Not\\u00edcia Online\",\"headline\":\"Capit\\u00e3o Sandro Josefino \\u00e9 transferido para Al\\u00e9m Para\\u00edba\",\"author\":{\"@id\":\"https:\\\/\\\/anoticiaonline.com.br\\\/site\\\/author\\\/juliana\\\/#author\"},\"publisher\":{\"@id\":\"https:\\\/\\\/anoticiaonline.com.br\\\/site\\\/#organization\"},\"image\":{\"@type\":\"ImageObject\",\"url\":\"https:\\\/\\\/anoticiaonline.com.br\\\/site\\\/wp-content\\\/uploads\\\/2016\\\/02\\\/Capit\\u00e3o-Sandro-Josefino-\\u00e9-transferido-para-Al\\u00e9m-Para\\u00edba.jpg\",\"width\":640,\"height\":427},\"datePublished\":\"2016-02-18T12:00:50-03:00\",\"dateModified\":\"2016-02-17T10:15:36-03:00\",\"inLanguage\":\"pt-BR\",\"mainEntityOfPage\":{\"@id\":\"https:\\\/\\\/anoticiaonline.com.br\\\/site\\\/capitao-sandro-josefino-e-transferido-para-alem-paraiba\\\/#webpage\"},\"isPartOf\":{\"@id\":\"https:\\\/\\\/anoticiaonline.com.br\\\/site\\\/capitao-sandro-josefino-e-transferido-para-alem-paraiba\\\/#webpage\"},\"articleSection\":\"Blog, slide\"},{\"@type\":\"BreadcrumbList\",\"@id\":\"https:\\\/\\\/anoticiaonline.com.br\\\/site\\\/capitao-sandro-josefino-e-transferido-para-alem-paraiba\\\/#breadcrumblist\",\"itemListElement\":[{\"@type\":\"ListItem\",\"@id\":\"https:\\\/\\\/anoticiaonline.com.br\\\/site#listItem\",\"position\":1,\"name\":\"Home\",\"item\":\"https:\\\/\\\/anoticiaonline.com.br\\\/site\",\"nextItem\":{\"@type\":\"ListItem\",\"@id\":\"https:\\\/\\\/anoticiaonline.com.br\\\/site\\\/categoria\\\/muriae\\\/#listItem\",\"name\":\"Blog\"}},{\"@type\":\"ListItem\",\"@id\":\"https:\\\/\\\/anoticiaonline.com.br\\\/site\\\/categoria\\\/muriae\\\/#listItem\",\"position\":2,\"name\":\"Blog\",\"item\":\"https:\\\/\\\/anoticiaonline.com.br\\\/site\\\/categoria\\\/muriae\\\/\",\"nextItem\":{\"@type\":\"ListItem\",\"@id\":\"https:\\\/\\\/anoticiaonline.com.br\\\/site\\\/capitao-sandro-josefino-e-transferido-para-alem-paraiba\\\/#listItem\",\"name\":\"Capit\\u00e3o Sandro Josefino \\u00e9 transferido para Al\\u00e9m Para\\u00edba\"},\"previousItem\":{\"@type\":\"ListItem\",\"@id\":\"https:\\\/\\\/anoticiaonline.com.br\\\/site#listItem\",\"name\":\"Home\"}},{\"@type\":\"ListItem\",\"@id\":\"https:\\\/\\\/anoticiaonline.com.br\\\/site\\\/capitao-sandro-josefino-e-transferido-para-alem-paraiba\\\/#listItem\",\"position\":3,\"name\":\"Capit\\u00e3o Sandro Josefino \\u00e9 transferido para Al\\u00e9m Para\\u00edba\",\"previousItem\":{\"@type\":\"ListItem\",\"@id\":\"https:\\\/\\\/anoticiaonline.com.br\\\/site\\\/categoria\\\/muriae\\\/#listItem\",\"name\":\"Blog\"}}]},{\"@type\":\"Organization\",\"@id\":\"https:\\\/\\\/anoticiaonline.com.br\\\/site\\\/#organization\",\"name\":\"A Not\\u00edcia Online\",\"description\":\"Noticias de Muria\\u00e9 e regi\\u00e3o\",\"url\":\"https:\\\/\\\/anoticiaonline.com.br\\\/site\\\/\",\"logo\":{\"@type\":\"ImageObject\",\"url\":\"https:\\\/\\\/scontent-gig4-1.xx.fbcdn.net\\\/v\\\/t39.30808-1\\\/270437624_4564083193639691_6907940295614233970_n.jpg?stp=dst-jpg_s200x200_tt6&_nc_cat=111&ccb=1-7&_nc_sid=f907e8&_nc_ohc=SM1wRlP3lJwQ7kNvwEPuBYA&_nc_oc=AdnqrjDN_BNjSSHWO-GbkIWH6fkGMLw4bqvL_NH6e2wMveX7G-rP2dAqsDSq1mJMOaY&_nc_zt=24&_nc_ht=scontent-gig4-1.xx&_nc_gid=AoBFJeGrT1hVaew_6rchkQ&oh=00_AfX7QmFGhQhG2jAllVgXCiM1ZrWgvtp80-Bfppyexh1QEg&oe=689E923C\",\"@id\":\"https:\\\/\\\/anoticiaonline.com.br\\\/site\\\/capitao-sandro-josefino-e-transferido-para-alem-paraiba\\\/#organizationLogo\"},\"image\":{\"@id\":\"https:\\\/\\\/anoticiaonline.com.br\\\/site\\\/capitao-sandro-josefino-e-transferido-para-alem-paraiba\\\/#organizationLogo\"}},{\"@type\":\"Person\",\"@id\":\"https:\\\/\\\/anoticiaonline.com.br\\\/site\\\/author\\\/juliana\\\/#author\",\"url\":\"https:\\\/\\\/anoticiaonline.com.br\\\/site\\\/author\\\/juliana\\\/\",\"name\":\"Juliana Laviola\",\"image\":{\"@type\":\"ImageObject\",\"@id\":\"https:\\\/\\\/anoticiaonline.com.br\\\/site\\\/capitao-sandro-josefino-e-transferido-para-alem-paraiba\\\/#authorImage\",\"url\":\"https:\\\/\\\/secure.gravatar.com\\\/avatar\\\/b8d45f5c699b100dfaf0e543582f38f38bf94cb7ae3a5e9abf8d891a34773335?s=96&d=mm&r=g\",\"width\":96,\"height\":96,\"caption\":\"Juliana Laviola\"}},{\"@type\":\"WebPage\",\"@id\":\"https:\\\/\\\/anoticiaonline.com.br\\\/site\\\/capitao-sandro-josefino-e-transferido-para-alem-paraiba\\\/#webpage\",\"url\":\"https:\\\/\\\/anoticiaonline.com.br\\\/site\\\/capitao-sandro-josefino-e-transferido-para-alem-paraiba\\\/\",\"name\":\"Capit\\u00e3o Sandro Josefino \\u00e9 transferido para Al\\u00e9m Para\\u00edba - A Not\\u00edcia Online\",\"description\":\"O capit\\u00e3o Sandro Josefino foi transferido para Al\\u00e9m Para\\u00edba, onde exercer\\u00e1 a fun\\u00e7\\u00e3o de comandante da 52\\u00aa Companhia de Pol\\u00edcia Militar, subordinada \\u00e0 6\\u00aa Companhia Independente, sediada em Leopoldina. O militar formou-se no primeiro curso de soldado de Muria\\u00e9, que teve in\\u00edcio em outubro de 1993. Ap\\u00f3s trabalhar em diversas cidades pertencentes ao 21\\u00ba Batalh\\u00e3o\",\"inLanguage\":\"pt-BR\",\"isPartOf\":{\"@id\":\"https:\\\/\\\/anoticiaonline.com.br\\\/site\\\/#website\"},\"breadcrumb\":{\"@id\":\"https:\\\/\\\/anoticiaonline.com.br\\\/site\\\/capitao-sandro-josefino-e-transferido-para-alem-paraiba\\\/#breadcrumblist\"},\"author\":{\"@id\":\"https:\\\/\\\/anoticiaonline.com.br\\\/site\\\/author\\\/juliana\\\/#author\"},\"creator\":{\"@id\":\"https:\\\/\\\/anoticiaonline.com.br\\\/site\\\/author\\\/juliana\\\/#author\"},\"image\":{\"@type\":\"ImageObject\",\"url\":\"https:\\\/\\\/anoticiaonline.com.br\\\/site\\\/wp-content\\\/uploads\\\/2016\\\/02\\\/Capit\\u00e3o-Sandro-Josefino-\\u00e9-transferido-para-Al\\u00e9m-Para\\u00edba.jpg\",\"@id\":\"https:\\\/\\\/anoticiaonline.com.br\\\/site\\\/capitao-sandro-josefino-e-transferido-para-alem-paraiba\\\/#mainImage\",\"width\":640,\"height\":427},\"primaryImageOfPage\":{\"@id\":\"https:\\\/\\\/anoticiaonline.com.br\\\/site\\\/capitao-sandro-josefino-e-transferido-para-alem-paraiba\\\/#mainImage\"},\"datePublished\":\"2016-02-18T12:00:50-03:00\",\"dateModified\":\"2016-02-17T10:15:36-03:00\"},{\"@type\":\"WebSite\",\"@id\":\"https:\\\/\\\/anoticiaonline.com.br\\\/site\\\/#website\",\"url\":\"https:\\\/\\\/anoticiaonline.com.br\\\/site\\\/\",\"name\":\"A Not\\u00edcia Online\",\"description\":\"Noticias de Muria\\u00e9 e regi\\u00e3o\",\"inLanguage\":\"pt-BR\",\"publisher\":{\"@id\":\"https:\\\/\\\/anoticiaonline.com.br\\\/site\\\/#organization\"}}]}\n\t\t<\/script>\n\t\t<!-- All in One SEO -->\n\n","aioseo_head_json":{"title":"Capit\u00e3o Sandro Josefino \u00e9 transferido para Al\u00e9m Para\u00edba - A Not\u00edcia Online","description":"O capit\u00e3o Sandro Josefino foi transferido para Al\u00e9m Para\u00edba, onde exercer\u00e1 a fun\u00e7\u00e3o de comandante da 52\u00aa Companhia de Pol\u00edcia Militar, subordinada \u00e0 6\u00aa Companhia Independente, sediada em Leopoldina. O militar formou-se no primeiro curso de soldado de Muria\u00e9, que teve in\u00edcio em outubro de 1993. Ap\u00f3s trabalhar em diversas cidades pertencentes ao 21\u00ba Batalh\u00e3o","canonical_url":"https:\/\/anoticiaonline.com.br\/site\/capitao-sandro-josefino-e-transferido-para-alem-paraiba\/","robots":"max-image-preview:large","keywords":"","webmasterTools":{"miscellaneous":""},"schema":{"@context":"https:\/\/schema.org","@graph":[{"@type":"BlogPosting","@id":"https:\/\/anoticiaonline.com.br\/site\/capitao-sandro-josefino-e-transferido-para-alem-paraiba\/#blogposting","name":"Capit\u00e3o Sandro Josefino \u00e9 transferido para Al\u00e9m Para\u00edba - A Not\u00edcia Online","headline":"Capit\u00e3o Sandro Josefino \u00e9 transferido para Al\u00e9m Para\u00edba","author":{"@id":"https:\/\/anoticiaonline.com.br\/site\/author\/juliana\/#author"},"publisher":{"@id":"https:\/\/anoticiaonline.com.br\/site\/#organization"},"image":{"@type":"ImageObject","url":"https:\/\/anoticiaonline.com.br\/site\/wp-content\/uploads\/2016\/02\/Capit\u00e3o-Sandro-Josefino-\u00e9-transferido-para-Al\u00e9m-Para\u00edba.jpg","width":640,"height":427},"datePublished":"2016-02-18T12:00:50-03:00","dateModified":"2016-02-17T10:15:36-03:00","inLanguage":"pt-BR","mainEntityOfPage":{"@id":"https:\/\/anoticiaonline.com.br\/site\/capitao-sandro-josefino-e-transferido-para-alem-paraiba\/#webpage"},"isPartOf":{"@id":"https:\/\/anoticiaonline.com.br\/site\/capitao-sandro-josefino-e-transferido-para-alem-paraiba\/#webpage"},"articleSection":"Blog, slide"},{"@type":"BreadcrumbList","@id":"https:\/\/anoticiaonline.com.br\/site\/capitao-sandro-josefino-e-transferido-para-alem-paraiba\/#breadcrumblist","itemListElement":[{"@type":"ListItem","@id":"https:\/\/anoticiaonline.com.br\/site#listItem","position":1,"name":"Home","item":"https:\/\/anoticiaonline.com.br\/site","nextItem":{"@type":"ListItem","@id":"https:\/\/anoticiaonline.com.br\/site\/categoria\/muriae\/#listItem","name":"Blog"}},{"@type":"ListItem","@id":"https:\/\/anoticiaonline.com.br\/site\/categoria\/muriae\/#listItem","position":2,"name":"Blog","item":"https:\/\/anoticiaonline.com.br\/site\/categoria\/muriae\/","nextItem":{"@type":"ListItem","@id":"https:\/\/anoticiaonline.com.br\/site\/capitao-sandro-josefino-e-transferido-para-alem-paraiba\/#listItem","name":"Capit\u00e3o Sandro Josefino \u00e9 transferido para Al\u00e9m Para\u00edba"},"previousItem":{"@type":"ListItem","@id":"https:\/\/anoticiaonline.com.br\/site#listItem","name":"Home"}},{"@type":"ListItem","@id":"https:\/\/anoticiaonline.com.br\/site\/capitao-sandro-josefino-e-transferido-para-alem-paraiba\/#listItem","position":3,"name":"Capit\u00e3o Sandro Josefino \u00e9 transferido para Al\u00e9m Para\u00edba","previousItem":{"@type":"ListItem","@id":"https:\/\/anoticiaonline.com.br\/site\/categoria\/muriae\/#listItem","name":"Blog"}}]},{"@type":"Organization","@id":"https:\/\/anoticiaonline.com.br\/site\/#organization","name":"A Not\u00edcia Online","description":"Noticias de Muria\u00e9 e regi\u00e3o","url":"https:\/\/anoticiaonline.com.br\/site\/","logo":{"@type":"ImageObject","url":"https:\/\/scontent-gig4-1.xx.fbcdn.net\/v\/t39.30808-1\/270437624_4564083193639691_6907940295614233970_n.jpg?stp=dst-jpg_s200x200_tt6&_nc_cat=111&ccb=1-7&_nc_sid=f907e8&_nc_ohc=SM1wRlP3lJwQ7kNvwEPuBYA&_nc_oc=AdnqrjDN_BNjSSHWO-GbkIWH6fkGMLw4bqvL_NH6e2wMveX7G-rP2dAqsDSq1mJMOaY&_nc_zt=24&_nc_ht=scontent-gig4-1.xx&_nc_gid=AoBFJeGrT1hVaew_6rchkQ&oh=00_AfX7QmFGhQhG2jAllVgXCiM1ZrWgvtp80-Bfppyexh1QEg&oe=689E923C","@id":"https:\/\/anoticiaonline.com.br\/site\/capitao-sandro-josefino-e-transferido-para-alem-paraiba\/#organizationLogo"},"image":{"@id":"https:\/\/anoticiaonline.com.br\/site\/capitao-sandro-josefino-e-transferido-para-alem-paraiba\/#organizationLogo"}},{"@type":"Person","@id":"https:\/\/anoticiaonline.com.br\/site\/author\/juliana\/#author","url":"https:\/\/anoticiaonline.com.br\/site\/author\/juliana\/","name":"Juliana Laviola","image":{"@type":"ImageObject","@id":"https:\/\/anoticiaonline.com.br\/site\/capitao-sandro-josefino-e-transferido-para-alem-paraiba\/#authorImage","url":"https:\/\/secure.gravatar.com\/avatar\/b8d45f5c699b100dfaf0e543582f38f38bf94cb7ae3a5e9abf8d891a34773335?s=96&d=mm&r=g","width":96,"height":96,"caption":"Juliana Laviola"}},{"@type":"WebPage","@id":"https:\/\/anoticiaonline.com.br\/site\/capitao-sandro-josefino-e-transferido-para-alem-paraiba\/#webpage","url":"https:\/\/anoticiaonline.com.br\/site\/capitao-sandro-josefino-e-transferido-para-alem-paraiba\/","name":"Capit\u00e3o Sandro Josefino \u00e9 transferido para Al\u00e9m Para\u00edba - A Not\u00edcia Online","description":"O capit\u00e3o Sandro Josefino foi transferido para Al\u00e9m Para\u00edba, onde exercer\u00e1 a fun\u00e7\u00e3o de comandante da 52\u00aa Companhia de Pol\u00edcia Militar, subordinada \u00e0 6\u00aa Companhia Independente, sediada em Leopoldina. O militar formou-se no primeiro curso de soldado de Muria\u00e9, que teve in\u00edcio em outubro de 1993. Ap\u00f3s trabalhar em diversas cidades pertencentes ao 21\u00ba Batalh\u00e3o","inLanguage":"pt-BR","isPartOf":{"@id":"https:\/\/anoticiaonline.com.br\/site\/#website"},"breadcrumb":{"@id":"https:\/\/anoticiaonline.com.br\/site\/capitao-sandro-josefino-e-transferido-para-alem-paraiba\/#breadcrumblist"},"author":{"@id":"https:\/\/anoticiaonline.com.br\/site\/author\/juliana\/#author"},"creator":{"@id":"https:\/\/anoticiaonline.com.br\/site\/author\/juliana\/#author"},"image":{"@type":"ImageObject","url":"https:\/\/anoticiaonline.com.br\/site\/wp-content\/uploads\/2016\/02\/Capit\u00e3o-Sandro-Josefino-\u00e9-transferido-para-Al\u00e9m-Para\u00edba.jpg","@id":"https:\/\/anoticiaonline.com.br\/site\/capitao-sandro-josefino-e-transferido-para-alem-paraiba\/#mainImage","width":640,"height":427},"primaryImageOfPage":{"@id":"https:\/\/anoticiaonline.com.br\/site\/capitao-sandro-josefino-e-transferido-para-alem-paraiba\/#mainImage"},"datePublished":"2016-02-18T12:00:50-03:00","dateModified":"2016-02-17T10:15:36-03:00"},{"@type":"WebSite","@id":"https:\/\/anoticiaonline.com.br\/site\/#website","url":"https:\/\/anoticiaonline.com.br\/site\/","name":"A Not\u00edcia Online","description":"Noticias de Muria\u00e9 e regi\u00e3o","inLanguage":"pt-BR","publisher":{"@id":"https:\/\/anoticiaonline.com.br\/site\/#organization"}}]},"og:locale":"pt_BR","og:site_name":"A Not\u00edcia Online - Noticias de Muria\u00e9 e regi\u00e3o","og:type":"article","og:title":"Capit\u00e3o Sandro Josefino \u00e9 transferido para Al\u00e9m Para\u00edba - A Not\u00edcia Online","og:description":"O capit\u00e3o Sandro Josefino foi transferido para Al\u00e9m Para\u00edba, onde exercer\u00e1 a fun\u00e7\u00e3o de comandante da 52\u00aa Companhia de Pol\u00edcia Militar, subordinada \u00e0 6\u00aa Companhia Independente, sediada em Leopoldina. O militar formou-se no primeiro curso de soldado de Muria\u00e9, que teve in\u00edcio em outubro de 1993. Ap\u00f3s trabalhar em diversas cidades pertencentes ao 21\u00ba Batalh\u00e3o","og:url":"https:\/\/anoticiaonline.com.br\/site\/capitao-sandro-josefino-e-transferido-para-alem-paraiba\/","og:image":"https:\/\/scontent-gig4-1.xx.fbcdn.net\/v\/t39.30808-1\/270437624_4564083193639691_6907940295614233970_n.jpg?stp=dst-jpg_s200x200_tt6&#038;_nc_cat=111&#038;ccb=1-7&#038;_nc_sid=f907e8&#038;_nc_ohc=SM1wRlP3lJwQ7kNvwEPuBYA&#038;_nc_oc=AdnqrjDN_BNjSSHWO-GbkIWH6fkGMLw4bqvL_NH6e2wMveX7G-rP2dAqsDSq1mJMOaY&#038;_nc_zt=24&#038;_nc_ht=scontent-gig4-1.xx&#038;_nc_gid=AoBFJeGrT1hVaew_6rchkQ&#038;oh=00_AfX7QmFGhQhG2jAllVgXCiM1ZrWgvtp80-Bfppyexh1QEg&#038;oe=689E923C","og:image:secure_url":"https:\/\/scontent-gig4-1.xx.fbcdn.net\/v\/t39.30808-1\/270437624_4564083193639691_6907940295614233970_n.jpg?stp=dst-jpg_s200x200_tt6&#038;_nc_cat=111&#038;ccb=1-7&#038;_nc_sid=f907e8&#038;_nc_ohc=SM1wRlP3lJwQ7kNvwEPuBYA&#038;_nc_oc=AdnqrjDN_BNjSSHWO-GbkIWH6fkGMLw4bqvL_NH6e2wMveX7G-rP2dAqsDSq1mJMOaY&#038;_nc_zt=24&#038;_nc_ht=scontent-gig4-1.xx&#038;_nc_gid=AoBFJeGrT1hVaew_6rchkQ&#038;oh=00_AfX7QmFGhQhG2jAllVgXCiM1ZrWgvtp80-Bfppyexh1QEg&#038;oe=689E923C","article:published_time":"2016-02-18T15:00:50+00:00","article:modified_time":"2016-02-17T13:15:36+00:00","twitter:card":"summary_large_image","twitter:title":"Capit\u00e3o Sandro Josefino \u00e9 transferido para Al\u00e9m Para\u00edba - A Not\u00edcia Online","twitter:description":"O capit\u00e3o Sandro Josefino foi transferido para Al\u00e9m Para\u00edba, onde exercer\u00e1 a fun\u00e7\u00e3o de comandante da 52\u00aa Companhia de Pol\u00edcia Militar, subordinada \u00e0 6\u00aa Companhia Independente, sediada em Leopoldina. O militar formou-se no primeiro curso de soldado de Muria\u00e9, que teve in\u00edcio em outubro de 1993. Ap\u00f3s trabalhar em diversas cidades pertencentes ao 21\u00ba Batalh\u00e3o","twitter:image":"https:\/\/scontent-gig4-1.xx.fbcdn.net\/v\/t39.30808-1\/270437624_4564083193639691_6907940295614233970_n.jpg?stp=dst-jpg_s200x200_tt6&_nc_cat=111&ccb=1-7&_nc_sid=f907e8&_nc_ohc=SM1wRlP3lJwQ7kNvwEPuBYA&_nc_oc=AdnqrjDN_BNjSSHWO-GbkIWH6fkGMLw4bqvL_NH6e2wMveX7G-rP2dAqsDSq1mJMOaY&_nc_zt=24&_nc_ht=scontent-gig4-1.xx&_nc_gid=AoBFJeGrT1hVaew_6rchkQ&oh=00_AfX7QmFGhQhG2jAllVgXCiM1ZrWgvtp80-Bfppyexh1QEg&oe=689E923C"},"aioseo_meta_data":{"post_id":"9544","title":null,"description":null,"keywords":null,"keyphrases":null,"primary_term":null,"canonical_url":null,"og_title":null,"og_description":null,"og_object_type":"default","og_image_type":"default","og_image_url":null,"og_image_width":null,"og_image_height":null,"og_image_custom_url":null,"og_image_custom_fields":null,"og_video":null,"og_custom_url":null,"og_article_section":null,"og_article_tags":null,"twitter_use_og":false,"twitter_card":"default","twitter_image_type":"default","twitter_image_url":null,"twitter_image_custom_url":null,"twitter_image_custom_fields":null,"twitter_title":null,"twitter_description":null,"schema":{"blockGraphs":[],"customGraphs":[],"default":{"data":{"Article":[],"Course":[],"Dataset":[],"FAQPage":[],"Movie":[],"Person":[],"Product":[],"ProductReview":[],"Car":[],"Recipe":[],"Service":[],"SoftwareApplication":[],"WebPage":[]},"graphName":"","isEnabled":true},"graphs":[]},"schema_type":"default","schema_type_options":null,"pillar_content":false,"robots_default":true,"robots_noindex":false,"robots_noarchive":false,"robots_nosnippet":false,"robots_nofollow":false,"robots_noimageindex":false,"robots_noodp":false,"robots_notranslate":false,"robots_max_snippet":null,"robots_max_videopreview":null,"robots_max_imagepreview":"large","priority":null,"frequency":null,"local_seo":null,"breadcrumb_settings":null,"limit_modified_date":false,"ai":null,"created":"2025-08-16 15:10:50","updated":"2025-08-16 15:10:50","focus_keyword":null,"additional_keywords":null,"truseo_locale":null,"seo_analyzer_scan_date":null},"aioseo_breadcrumb":"<div class=\"aioseo-breadcrumbs\"><span class=\"aioseo-breadcrumb\">\n\t\t\t<a href=\"https:\/\/anoticiaonline.com.br\/site\" title=\"Home\">Home<\/a>\n\t\t<\/span><span class=\"aioseo-breadcrumb-separator\">&raquo;<\/span><span class=\"aioseo-breadcrumb\">\n\t\t\t<a href=\"https:\/\/anoticiaonline.com.br\/site\/categoria\/muriae\/\" title=\"Blog\">Blog<\/a>\n\t\t<\/span><span class=\"aioseo-breadcrumb-separator\">&raquo;<\/span><span class=\"aioseo-breadcrumb\">\n\t\t\tCapit\u00e3o Sandro Josefino \u00e9 transferido para Al\u00e9m Para\u00edba\n\t\t<\/span><\/div>","aioseo_breadcrumb_json":[{"label":"Home","link":"https:\/\/anoticiaonline.com.br\/site"},{"label":"Blog","link":"https:\/\/anoticiaonline.com.br\/site\/categoria\/muriae\/"},{"label":"Capit\u00e3o Sandro Josefino \u00e9 transferido para Al\u00e9m Para\u00edba","link":"https:\/\/anoticiaonline.com.br\/site\/capitao-sandro-josefino-e-transferido-para-alem-paraiba\/"}],"views":174,"_links":{"self":[{"href":"https:\/\/anoticiaonline.com.br\/site\/wp-json\/wp\/v2\/posts\/9544","targetHints":{"allow":["GET"]}}],"collection":[{"href":"https:\/\/anoticiaonline.com.br\/site\/wp-json\/wp\/v2\/posts"}],"about":[{"href":"https:\/\/anoticiaonline.com.br\/site\/wp-json\/wp\/v2\/types\/post"}],"author":[{"embeddable":true,"href":"https:\/\/anoticiaonline.com.br\/site\/wp-json\/wp\/v2\/users\/2"}],"replies":[{"embeddable":true,"href":"https:\/\/anoticiaonline.com.br\/site\/wp-json\/wp\/v2\/comments?post=9544"}],"version-history":[{"count":0,"href":"https:\/\/anoticiaonline.com.br\/site\/wp-json\/wp\/v2\/posts\/9544\/revisions"}],"wp:featuredmedia":[{"embeddable":true,"href":"https:\/\/anoticiaonline.com.br\/site\/wp-json\/wp\/v2\/media\/9546"}],"wp:attachment":[{"href":"https:\/\/anoticiaonline.com.br\/site\/wp-json\/wp\/v2\/media?parent=9544"}],"wp:term":[{"taxonomy":"category","embeddable":true,"href":"https:\/\/anoticiaonline.com.br\/site\/wp-json\/wp\/v2\/categories?post=9544"},{"taxonomy":"post_tag","embeddable":true,"href":"https:\/\/anoticiaonline.com.br\/site\/wp-json\/wp\/v2\/tags?post=9544"}],"curies":[{"name":"wp","href":"https:\/\/api.w.org\/{rel}","templated":true}]}}