{"id":9528,"date":"2016-02-17T07:00:05","date_gmt":"2016-02-17T10:00:05","guid":{"rendered":"http:\/\/anoticiaonline.com.br\/site\/?p=9528"},"modified":"2016-02-16T14:37:37","modified_gmt":"2016-02-16T17:37:37","slug":"corpo-de-bombeiros-completa-dez-anos-de-atuacao-em-muriae","status":"publish","type":"post","link":"https:\/\/anoticiaonline.com.br\/site\/corpo-de-bombeiros-completa-dez-anos-de-atuacao-em-muriae\/","title":{"rendered":"Corpo de Bombeiros completa dez anos de atua\u00e7\u00e3o em Muria\u00e9"},"content":{"rendered":"<figure id=\"attachment_9529\" aria-describedby=\"caption-attachment-9529\" style=\"width: 290px\" class=\"wp-caption alignleft\"><a href=\"https:\/\/anoticiaonline.com.br\/site\/wp-content\/uploads\/2016\/02\/IMG-20160216-WA0010.jpg\"><img fetchpriority=\"high\" decoding=\"async\" class=\"wp-image-9529 size-medium\" src=\"https:\/\/anoticiaonline.com.br\/site\/wp-content\/uploads\/2016\/02\/IMG-20160216-WA0010-300x169.jpg\" alt=\"IMG-20160216-WA0010\" width=\"300\" height=\"169\" srcset=\"https:\/\/anoticiaonline.com.br\/site\/wp-content\/uploads\/2016\/02\/IMG-20160216-WA0010-300x169.jpg 300w, https:\/\/anoticiaonline.com.br\/site\/wp-content\/uploads\/2016\/02\/IMG-20160216-WA0010.jpg 600w\" sizes=\"(max-width: 300px) 100vw, 300px\" \/><\/a><figcaption id=\"caption-attachment-9529\" class=\"wp-caption-text\">Pelot\u00e3o est\u00e1 localizado no G\u00e1vea<\/figcaption><\/figure>\n<p>O Corpo de Bombeiros completa dez anos de atua\u00e7\u00e3o em Muria\u00e9. Inaugurado no dia 17 de fevereiro de 2006, a fra\u00e7\u00e3o atendeu, neste per\u00edodo, mais de 28 milh\u00f5es de ocorr\u00eancias, o que inclui resgates, atendimentos cl\u00ednicos, salvamentos, entre outros.<\/p>\n<p>Quando foi inaugurado no munic\u00edpio, a fra\u00e7\u00e3o, denominada 8\u00ba Pelot\u00e3o de Bombeiros Militar, pertencia \u00e0 ent\u00e3o 2\u00aa Companhia de Bombeiros Militar, situada em Barbacena, \u00e1rea de articula\u00e7\u00e3o do 4\u00ba Batalh\u00e3o de Bombeiros Militar (4\u00ba BBM).<\/p>\n<p>A fra\u00e7\u00e3o teve sua constru\u00e7\u00e3o iniciada no dia 8 de mar\u00e7o de 2005, sendo o local escolhido para a sua sede o bairro G\u00e1vea, por ser um ponto estrat\u00e9gico de f\u00e1cil acesso aos bairros e um r\u00e1pido deslocamento para as principais rodovias que cortam o munic\u00edpio &#8211; as BR\u2019s 356 e 116.<\/p>\n<p><a href=\"https:\/\/anoticiaonline.com.br\/site\/wp-content\/uploads\/2016\/02\/DSC05330.jpg\"><img decoding=\"async\" class=\" size-medium wp-image-9530 alignright\" src=\"https:\/\/anoticiaonline.com.br\/site\/wp-content\/uploads\/2016\/02\/DSC05330-300x151.jpg\" alt=\"DSC05330\" width=\"300\" height=\"151\" srcset=\"https:\/\/anoticiaonline.com.br\/site\/wp-content\/uploads\/2016\/02\/DSC05330-300x151.jpg 300w, https:\/\/anoticiaonline.com.br\/site\/wp-content\/uploads\/2016\/02\/DSC05330.jpg 640w\" sizes=\"(max-width: 300px) 100vw, 300px\" \/><\/a>Na \u00e9poca, com um efetivo de 31 militares, o ent\u00e3o 8\u00ba Pelot\u00e3o atendia a uma \u00e1rea de articula\u00e7\u00e3o de 31 munic\u00edpios, entre Muria\u00e9 e regi\u00e3o. Devido \u00e0 cria\u00e7\u00e3o de novas fra\u00e7\u00f5es do Corpo de Bombeiros, a \u00e1rea de atendimento passou para 29 munic\u00edpios, sendo que, em 2015, com a cria\u00e7\u00e3o do Pelot\u00e3o de Bombeiros em Leopoldina, a unidade de Muria\u00e9 passou a ser respons\u00e1vel por 17 munic\u00edpios da Zona da Mata mineira, sendo o mais pr\u00f3ximo o munic\u00edpio de Eugen\u00f3polis (com aproximadamente 25 km de dist\u00e2ncia da sede do Pelot\u00e3o), e o mais distante o munic\u00edpio de Carangola (85 km). Hoje, o 2\u00ba Pelot\u00e3o conta com um efetivo de 43 militares, distribu\u00eddos em quatro alas operacionais, administra\u00e7\u00e3o e grupamento de preven\u00e7\u00e3o e vistoria. Possui ainda sete viaturas e dois barcos dispon\u00edveis para o emprego operacional.<\/p>\n<p><a href=\"https:\/\/anoticiaonline.com.br\/site\/wp-content\/uploads\/2016\/02\/DSC05327.jpg\"><img decoding=\"async\" class=\" size-medium wp-image-9533 alignleft\" src=\"https:\/\/anoticiaonline.com.br\/site\/wp-content\/uploads\/2016\/02\/DSC05327-300x225.jpg\" alt=\"DSC05327\" width=\"300\" height=\"225\" srcset=\"https:\/\/anoticiaonline.com.br\/site\/wp-content\/uploads\/2016\/02\/DSC05327-300x225.jpg 300w, https:\/\/anoticiaonline.com.br\/site\/wp-content\/uploads\/2016\/02\/DSC05327.jpg 640w\" sizes=\"(max-width: 300px) 100vw, 300px\" \/><\/a>Pertencente \u00e0 2\u00aa Companhia de Bombeiros Militar, em Ub\u00e1, a fra\u00e7\u00e3o tem como comandante o tenente Evandro da Silva. O seu primeiro comandante foi o capit\u00e3o Patrick Tavares. O segundo militar a comandar o 2\u00ba Pelot\u00e3o foi o tenente Ac\u00e1cio Trist\u00e3o Gouv\u00eaa. Ap\u00f3s a transfer\u00eancia do tenente Trist\u00e3o, o Pelot\u00e3o passou a ser comandado pelo tenente Thomaz Tassi de Freitas. Antes do atual comandante, tenente Da Silva, a fra\u00e7\u00e3o foi comandada pelo tenente Clodoaldo Clem\u00eancio da Silva.<\/p>\n<p>Em 2015, o Corpo de Bombeiros de Muria\u00e9 realizou 3.954 atendimentos de ocorr\u00eancias em toda cidade e regi\u00e3o. Destaque para os acidentes automobil\u00edsticos, para as ocorr\u00eancias do sistema resgate e ainda aos atendimentos referentes \u00e0 preven\u00e7\u00e3o. Al\u00e9m dos atendimentos operacionais, o Pelot\u00e3o realiza trabalhos de preven\u00e7\u00e3o e vistorias contra inc\u00eandio e p\u00e2nico, forma\u00e7\u00e3o de brigadas, coordena\u00e7\u00e3o e a execu\u00e7\u00e3o das a\u00e7\u00f5es de Defesa Civil, palestras em escolas e recep\u00e7\u00e3o de p\u00fablico e tamb\u00e9m atua na capacita\u00e7\u00e3o anual no curso de primeiros socorros em piscinas.<\/p>\n<figure id=\"attachment_9531\" aria-describedby=\"caption-attachment-9531\" style=\"width: 290px\" class=\"wp-caption alignright\"><a href=\"https:\/\/anoticiaonline.com.br\/site\/wp-content\/uploads\/2016\/02\/Tenente-Da-Silva-comandante-do-Corpo-de-Bombeiros1.jpg\"><img loading=\"lazy\" decoding=\"async\" class=\"size-medium wp-image-9531\" src=\"https:\/\/anoticiaonline.com.br\/site\/wp-content\/uploads\/2016\/02\/Tenente-Da-Silva-comandante-do-Corpo-de-Bombeiros1-300x225.jpg\" alt=\"Tenente Da Silva, comandante do 2\u00ba Pelot\u00e3o\" width=\"300\" height=\"225\" srcset=\"https:\/\/anoticiaonline.com.br\/site\/wp-content\/uploads\/2016\/02\/Tenente-Da-Silva-comandante-do-Corpo-de-Bombeiros1-300x225.jpg 300w, https:\/\/anoticiaonline.com.br\/site\/wp-content\/uploads\/2016\/02\/Tenente-Da-Silva-comandante-do-Corpo-de-Bombeiros1.jpg 640w\" sizes=\"(max-width: 300px) 100vw, 300px\" \/><\/a><figcaption id=\"caption-attachment-9531\" class=\"wp-caption-text\">Tenente Da Silva, comandante do 2\u00ba Pelot\u00e3o<\/figcaption><\/figure>\n<p>Ainda no campo operacional, funciona na fra\u00e7\u00e3o uma base descentralizada do SAMU, atuando em conjunto com os militares no atendimento de ocorr\u00eancias pr\u00e9-hospitalares.<\/p>\n<p>\u201cA presen\u00e7a do Corpo de Bombeiros em Muria\u00e9 \u00e9 fundamental. N\u00f3s temos duas grandes rodovias que cortam o munic\u00edpio e trechos de muitos acidentes e um fluxo de ve\u00edculos muito grande, principalmente em feriados prolongados. Destacam-se o trecho perto da curva da Pratinha, onde muitos caminh\u00f5es tombam, e tamb\u00e9m o trecho perto de Itamuri, onde muitos acidentes graves acontecem\u201d, aponta o tenente Da Silva. Al\u00e9m disso, em Muria\u00e9 s\u00e3o registrados outros tipos de ocorr\u00eancias, como casos cl\u00ednicos e acidentes de ve\u00edculos dentro da cidade, com destaque para os que envolvem motocicletas. \u201cMuria\u00e9 possui demandas muito grandes, de grande relev\u00e2ncia para a popula\u00e7\u00e3o. Dentre todas as atribui\u00e7\u00f5es espec\u00edficas legalmente constitu\u00eddas aos Bombeiros, cabe-nos a mais nobre das miss\u00f5es: salvar vidas\u201d, finaliza o comandante do 2\u00ba Pelot\u00e3o.<\/p>\n","protected":false},"excerpt":{"rendered":"<p>O Corpo de Bombeiros completa dez anos de atua\u00e7\u00e3o em Muria\u00e9. Inaugurado no dia 17 de fevereiro de 2006, a fra\u00e7\u00e3o atendeu, neste per\u00edodo, mais de 28 milh\u00f5es de ocorr\u00eancias, o que inclui resgates, atendimentos cl\u00ednicos, salvamentos, entre outros. Quando foi inaugurado no munic\u00edpio, a fra\u00e7\u00e3o, denominada 8\u00ba Pelot\u00e3o de Bombeiros Militar, pertencia \u00e0 ent\u00e3o &#8230; <a title=\"Corpo de Bombeiros completa dez anos de atua\u00e7\u00e3o em Muria\u00e9\" class=\"read-more\" href=\"https:\/\/anoticiaonline.com.br\/site\/corpo-de-bombeiros-completa-dez-anos-de-atuacao-em-muriae\/\" aria-label=\"Read more about Corpo de Bombeiros completa dez anos de atua\u00e7\u00e3o em Muria\u00e9\">Ler mais<\/a><\/p>\n","protected":false},"author":2,"featured_media":9529,"comment_status":"open","ping_status":"open","sticky":false,"template":"","format":"standard","meta":{"_acf_changed":false,"_monsterinsights_skip_tracking":false,"footnotes":""},"categories":[30],"tags":[3],"class_list":["post-9528","post","type-post","status-publish","format-standard","has-post-thumbnail","hentry","category-muriae","tag-slide"],"acf":[],"aioseo_notices":[],"aioseo_head":"\n\t\t<!-- All in One SEO 5.0.0.1 - aioseo.com -->\n\t<meta name=\"description\" content=\"O Corpo de Bombeiros completa dez anos de atua\u00e7\u00e3o em Muria\u00e9. Inaugurado no dia 17 de fevereiro de 2006, a fra\u00e7\u00e3o atendeu, neste per\u00edodo, mais de 28 milh\u00f5es de ocorr\u00eancias, o que inclui resgates, atendimentos cl\u00ednicos, salvamentos, entre outros. Quando foi inaugurado no munic\u00edpio, a fra\u00e7\u00e3o, denominada 8\u00ba Pelot\u00e3o de Bombeiros Militar, pertencia \u00e0 ent\u00e3o\" \/>\n\t<meta name=\"robots\" content=\"max-image-preview:large\" \/>\n\t<meta name=\"author\" content=\"Juliana Laviola\"\/>\n\t<link rel=\"canonical\" href=\"https:\/\/anoticiaonline.com.br\/site\/corpo-de-bombeiros-completa-dez-anos-de-atuacao-em-muriae\/\" \/>\n\t<meta name=\"generator\" content=\"All in One SEO (AIOSEO) 5.0.0.1\" \/>\n\t\t<meta property=\"og:locale\" content=\"pt_BR\" \/>\n\t\t<meta property=\"og:site_name\" content=\"A Not\u00edcia Online - Noticias de Muria\u00e9 e regi\u00e3o\" \/>\n\t\t<meta property=\"og:type\" content=\"article\" \/>\n\t\t<meta property=\"og:title\" content=\"Corpo de Bombeiros completa dez anos de atua\u00e7\u00e3o em Muria\u00e9 - A Not\u00edcia Online\" \/>\n\t\t<meta property=\"og:description\" content=\"O Corpo de Bombeiros completa dez anos de atua\u00e7\u00e3o em Muria\u00e9. Inaugurado no dia 17 de fevereiro de 2006, a fra\u00e7\u00e3o atendeu, neste per\u00edodo, mais de 28 milh\u00f5es de ocorr\u00eancias, o que inclui resgates, atendimentos cl\u00ednicos, salvamentos, entre outros. Quando foi inaugurado no munic\u00edpio, a fra\u00e7\u00e3o, denominada 8\u00ba Pelot\u00e3o de Bombeiros Militar, pertencia \u00e0 ent\u00e3o\" \/>\n\t\t<meta property=\"og:url\" content=\"https:\/\/anoticiaonline.com.br\/site\/corpo-de-bombeiros-completa-dez-anos-de-atuacao-em-muriae\/\" \/>\n\t\t<meta property=\"og:image\" content=\"https:\/\/scontent-gig4-1.xx.fbcdn.net\/v\/t39.30808-1\/270437624_4564083193639691_6907940295614233970_n.jpg?stp=dst-jpg_s200x200_tt6&#038;_nc_cat=111&#038;ccb=1-7&#038;_nc_sid=f907e8&#038;_nc_ohc=SM1wRlP3lJwQ7kNvwEPuBYA&#038;_nc_oc=AdnqrjDN_BNjSSHWO-GbkIWH6fkGMLw4bqvL_NH6e2wMveX7G-rP2dAqsDSq1mJMOaY&#038;_nc_zt=24&#038;_nc_ht=scontent-gig4-1.xx&#038;_nc_gid=AoBFJeGrT1hVaew_6rchkQ&#038;oh=00_AfX7QmFGhQhG2jAllVgXCiM1ZrWgvtp80-Bfppyexh1QEg&#038;oe=689E923C\" \/>\n\t\t<meta property=\"og:image:secure_url\" content=\"https:\/\/scontent-gig4-1.xx.fbcdn.net\/v\/t39.30808-1\/270437624_4564083193639691_6907940295614233970_n.jpg?stp=dst-jpg_s200x200_tt6&#038;_nc_cat=111&#038;ccb=1-7&#038;_nc_sid=f907e8&#038;_nc_ohc=SM1wRlP3lJwQ7kNvwEPuBYA&#038;_nc_oc=AdnqrjDN_BNjSSHWO-GbkIWH6fkGMLw4bqvL_NH6e2wMveX7G-rP2dAqsDSq1mJMOaY&#038;_nc_zt=24&#038;_nc_ht=scontent-gig4-1.xx&#038;_nc_gid=AoBFJeGrT1hVaew_6rchkQ&#038;oh=00_AfX7QmFGhQhG2jAllVgXCiM1ZrWgvtp80-Bfppyexh1QEg&#038;oe=689E923C\" \/>\n\t\t<meta property=\"article:published_time\" content=\"2016-02-17T10:00:05+00:00\" \/>\n\t\t<meta property=\"article:modified_time\" content=\"2016-02-16T17:37:37+00:00\" \/>\n\t\t<meta name=\"twitter:card\" content=\"summary_large_image\" \/>\n\t\t<meta name=\"twitter:title\" content=\"Corpo de Bombeiros completa dez anos de atua\u00e7\u00e3o em Muria\u00e9 - A Not\u00edcia Online\" \/>\n\t\t<meta name=\"twitter:description\" content=\"O Corpo de Bombeiros completa dez anos de atua\u00e7\u00e3o em Muria\u00e9. Inaugurado no dia 17 de fevereiro de 2006, a fra\u00e7\u00e3o atendeu, neste per\u00edodo, mais de 28 milh\u00f5es de ocorr\u00eancias, o que inclui resgates, atendimentos cl\u00ednicos, salvamentos, entre outros. Quando foi inaugurado no munic\u00edpio, a fra\u00e7\u00e3o, denominada 8\u00ba Pelot\u00e3o de Bombeiros Militar, pertencia \u00e0 ent\u00e3o\" \/>\n\t\t<meta name=\"twitter:image\" content=\"https:\/\/scontent-gig4-1.xx.fbcdn.net\/v\/t39.30808-1\/270437624_4564083193639691_6907940295614233970_n.jpg?stp=dst-jpg_s200x200_tt6&amp;_nc_cat=111&amp;ccb=1-7&amp;_nc_sid=f907e8&amp;_nc_ohc=SM1wRlP3lJwQ7kNvwEPuBYA&amp;_nc_oc=AdnqrjDN_BNjSSHWO-GbkIWH6fkGMLw4bqvL_NH6e2wMveX7G-rP2dAqsDSq1mJMOaY&amp;_nc_zt=24&amp;_nc_ht=scontent-gig4-1.xx&amp;_nc_gid=AoBFJeGrT1hVaew_6rchkQ&amp;oh=00_AfX7QmFGhQhG2jAllVgXCiM1ZrWgvtp80-Bfppyexh1QEg&amp;oe=689E923C\" \/>\n\t\t<script type=\"application\/ld+json\" class=\"aioseo-schema\">\n\t\t\t{\"@context\":\"https:\\\/\\\/schema.org\",\"@graph\":[{\"@type\":\"BlogPosting\",\"@id\":\"https:\\\/\\\/anoticiaonline.com.br\\\/site\\\/corpo-de-bombeiros-completa-dez-anos-de-atuacao-em-muriae\\\/#blogposting\",\"name\":\"Corpo de Bombeiros completa dez anos de atua\\u00e7\\u00e3o em Muria\\u00e9 - A Not\\u00edcia Online\",\"headline\":\"Corpo de Bombeiros completa dez anos de atua\\u00e7\\u00e3o em Muria\\u00e9\",\"author\":{\"@id\":\"https:\\\/\\\/anoticiaonline.com.br\\\/site\\\/author\\\/juliana\\\/#author\"},\"publisher\":{\"@id\":\"https:\\\/\\\/anoticiaonline.com.br\\\/site\\\/#organization\"},\"image\":{\"@type\":\"ImageObject\",\"url\":\"https:\\\/\\\/anoticiaonline.com.br\\\/site\\\/wp-content\\\/uploads\\\/2016\\\/02\\\/IMG-20160216-WA0010.jpg\",\"width\":600,\"height\":338},\"datePublished\":\"2016-02-17T07:00:05-03:00\",\"dateModified\":\"2016-02-16T14:37:37-03:00\",\"inLanguage\":\"pt-BR\",\"mainEntityOfPage\":{\"@id\":\"https:\\\/\\\/anoticiaonline.com.br\\\/site\\\/corpo-de-bombeiros-completa-dez-anos-de-atuacao-em-muriae\\\/#webpage\"},\"isPartOf\":{\"@id\":\"https:\\\/\\\/anoticiaonline.com.br\\\/site\\\/corpo-de-bombeiros-completa-dez-anos-de-atuacao-em-muriae\\\/#webpage\"},\"articleSection\":\"Blog, slide\"},{\"@type\":\"BreadcrumbList\",\"@id\":\"https:\\\/\\\/anoticiaonline.com.br\\\/site\\\/corpo-de-bombeiros-completa-dez-anos-de-atuacao-em-muriae\\\/#breadcrumblist\",\"itemListElement\":[{\"@type\":\"ListItem\",\"@id\":\"https:\\\/\\\/anoticiaonline.com.br\\\/site#listItem\",\"position\":1,\"name\":\"Home\",\"item\":\"https:\\\/\\\/anoticiaonline.com.br\\\/site\",\"nextItem\":{\"@type\":\"ListItem\",\"@id\":\"https:\\\/\\\/anoticiaonline.com.br\\\/site\\\/categoria\\\/muriae\\\/#listItem\",\"name\":\"Blog\"}},{\"@type\":\"ListItem\",\"@id\":\"https:\\\/\\\/anoticiaonline.com.br\\\/site\\\/categoria\\\/muriae\\\/#listItem\",\"position\":2,\"name\":\"Blog\",\"item\":\"https:\\\/\\\/anoticiaonline.com.br\\\/site\\\/categoria\\\/muriae\\\/\",\"nextItem\":{\"@type\":\"ListItem\",\"@id\":\"https:\\\/\\\/anoticiaonline.com.br\\\/site\\\/corpo-de-bombeiros-completa-dez-anos-de-atuacao-em-muriae\\\/#listItem\",\"name\":\"Corpo de Bombeiros completa dez anos de atua\\u00e7\\u00e3o em Muria\\u00e9\"},\"previousItem\":{\"@type\":\"ListItem\",\"@id\":\"https:\\\/\\\/anoticiaonline.com.br\\\/site#listItem\",\"name\":\"Home\"}},{\"@type\":\"ListItem\",\"@id\":\"https:\\\/\\\/anoticiaonline.com.br\\\/site\\\/corpo-de-bombeiros-completa-dez-anos-de-atuacao-em-muriae\\\/#listItem\",\"position\":3,\"name\":\"Corpo de Bombeiros completa dez anos de atua\\u00e7\\u00e3o em Muria\\u00e9\",\"previousItem\":{\"@type\":\"ListItem\",\"@id\":\"https:\\\/\\\/anoticiaonline.com.br\\\/site\\\/categoria\\\/muriae\\\/#listItem\",\"name\":\"Blog\"}}]},{\"@type\":\"Organization\",\"@id\":\"https:\\\/\\\/anoticiaonline.com.br\\\/site\\\/#organization\",\"name\":\"A Not\\u00edcia Online\",\"description\":\"Noticias de Muria\\u00e9 e regi\\u00e3o\",\"url\":\"https:\\\/\\\/anoticiaonline.com.br\\\/site\\\/\",\"logo\":{\"@type\":\"ImageObject\",\"url\":\"https:\\\/\\\/scontent-gig4-1.xx.fbcdn.net\\\/v\\\/t39.30808-1\\\/270437624_4564083193639691_6907940295614233970_n.jpg?stp=dst-jpg_s200x200_tt6&_nc_cat=111&ccb=1-7&_nc_sid=f907e8&_nc_ohc=SM1wRlP3lJwQ7kNvwEPuBYA&_nc_oc=AdnqrjDN_BNjSSHWO-GbkIWH6fkGMLw4bqvL_NH6e2wMveX7G-rP2dAqsDSq1mJMOaY&_nc_zt=24&_nc_ht=scontent-gig4-1.xx&_nc_gid=AoBFJeGrT1hVaew_6rchkQ&oh=00_AfX7QmFGhQhG2jAllVgXCiM1ZrWgvtp80-Bfppyexh1QEg&oe=689E923C\",\"@id\":\"https:\\\/\\\/anoticiaonline.com.br\\\/site\\\/corpo-de-bombeiros-completa-dez-anos-de-atuacao-em-muriae\\\/#organizationLogo\"},\"image\":{\"@id\":\"https:\\\/\\\/anoticiaonline.com.br\\\/site\\\/corpo-de-bombeiros-completa-dez-anos-de-atuacao-em-muriae\\\/#organizationLogo\"}},{\"@type\":\"Person\",\"@id\":\"https:\\\/\\\/anoticiaonline.com.br\\\/site\\\/author\\\/juliana\\\/#author\",\"url\":\"https:\\\/\\\/anoticiaonline.com.br\\\/site\\\/author\\\/juliana\\\/\",\"name\":\"Juliana Laviola\",\"image\":{\"@type\":\"ImageObject\",\"@id\":\"https:\\\/\\\/anoticiaonline.com.br\\\/site\\\/corpo-de-bombeiros-completa-dez-anos-de-atuacao-em-muriae\\\/#authorImage\",\"url\":\"https:\\\/\\\/secure.gravatar.com\\\/avatar\\\/b8d45f5c699b100dfaf0e543582f38f38bf94cb7ae3a5e9abf8d891a34773335?s=96&d=mm&r=g\",\"width\":96,\"height\":96,\"caption\":\"Juliana Laviola\"}},{\"@type\":\"WebPage\",\"@id\":\"https:\\\/\\\/anoticiaonline.com.br\\\/site\\\/corpo-de-bombeiros-completa-dez-anos-de-atuacao-em-muriae\\\/#webpage\",\"url\":\"https:\\\/\\\/anoticiaonline.com.br\\\/site\\\/corpo-de-bombeiros-completa-dez-anos-de-atuacao-em-muriae\\\/\",\"name\":\"Corpo de Bombeiros completa dez anos de atua\\u00e7\\u00e3o em Muria\\u00e9 - A Not\\u00edcia Online\",\"description\":\"O Corpo de Bombeiros completa dez anos de atua\\u00e7\\u00e3o em Muria\\u00e9. Inaugurado no dia 17 de fevereiro de 2006, a fra\\u00e7\\u00e3o atendeu, neste per\\u00edodo, mais de 28 milh\\u00f5es de ocorr\\u00eancias, o que inclui resgates, atendimentos cl\\u00ednicos, salvamentos, entre outros. Quando foi inaugurado no munic\\u00edpio, a fra\\u00e7\\u00e3o, denominada 8\\u00ba Pelot\\u00e3o de Bombeiros Militar, pertencia \\u00e0 ent\\u00e3o\",\"inLanguage\":\"pt-BR\",\"isPartOf\":{\"@id\":\"https:\\\/\\\/anoticiaonline.com.br\\\/site\\\/#website\"},\"breadcrumb\":{\"@id\":\"https:\\\/\\\/anoticiaonline.com.br\\\/site\\\/corpo-de-bombeiros-completa-dez-anos-de-atuacao-em-muriae\\\/#breadcrumblist\"},\"author\":{\"@id\":\"https:\\\/\\\/anoticiaonline.com.br\\\/site\\\/author\\\/juliana\\\/#author\"},\"creator\":{\"@id\":\"https:\\\/\\\/anoticiaonline.com.br\\\/site\\\/author\\\/juliana\\\/#author\"},\"image\":{\"@type\":\"ImageObject\",\"url\":\"https:\\\/\\\/anoticiaonline.com.br\\\/site\\\/wp-content\\\/uploads\\\/2016\\\/02\\\/IMG-20160216-WA0010.jpg\",\"@id\":\"https:\\\/\\\/anoticiaonline.com.br\\\/site\\\/corpo-de-bombeiros-completa-dez-anos-de-atuacao-em-muriae\\\/#mainImage\",\"width\":600,\"height\":338},\"primaryImageOfPage\":{\"@id\":\"https:\\\/\\\/anoticiaonline.com.br\\\/site\\\/corpo-de-bombeiros-completa-dez-anos-de-atuacao-em-muriae\\\/#mainImage\"},\"datePublished\":\"2016-02-17T07:00:05-03:00\",\"dateModified\":\"2016-02-16T14:37:37-03:00\"},{\"@type\":\"WebSite\",\"@id\":\"https:\\\/\\\/anoticiaonline.com.br\\\/site\\\/#website\",\"url\":\"https:\\\/\\\/anoticiaonline.com.br\\\/site\\\/\",\"name\":\"A Not\\u00edcia Online\",\"description\":\"Noticias de Muria\\u00e9 e regi\\u00e3o\",\"inLanguage\":\"pt-BR\",\"publisher\":{\"@id\":\"https:\\\/\\\/anoticiaonline.com.br\\\/site\\\/#organization\"}}]}\n\t\t<\/script>\n\t\t<!-- All in One SEO -->\n\n","aioseo_head_json":{"title":"Corpo de Bombeiros completa dez anos de atua\u00e7\u00e3o em Muria\u00e9 - A Not\u00edcia Online","description":"O Corpo de Bombeiros completa dez anos de atua\u00e7\u00e3o em Muria\u00e9. Inaugurado no dia 17 de fevereiro de 2006, a fra\u00e7\u00e3o atendeu, neste per\u00edodo, mais de 28 milh\u00f5es de ocorr\u00eancias, o que inclui resgates, atendimentos cl\u00ednicos, salvamentos, entre outros. Quando foi inaugurado no munic\u00edpio, a fra\u00e7\u00e3o, denominada 8\u00ba Pelot\u00e3o de Bombeiros Militar, pertencia \u00e0 ent\u00e3o","canonical_url":"https:\/\/anoticiaonline.com.br\/site\/corpo-de-bombeiros-completa-dez-anos-de-atuacao-em-muriae\/","robots":"max-image-preview:large","keywords":"","webmasterTools":{"miscellaneous":""},"schema":{"@context":"https:\/\/schema.org","@graph":[{"@type":"BlogPosting","@id":"https:\/\/anoticiaonline.com.br\/site\/corpo-de-bombeiros-completa-dez-anos-de-atuacao-em-muriae\/#blogposting","name":"Corpo de Bombeiros completa dez anos de atua\u00e7\u00e3o em Muria\u00e9 - A Not\u00edcia Online","headline":"Corpo de Bombeiros completa dez anos de atua\u00e7\u00e3o em Muria\u00e9","author":{"@id":"https:\/\/anoticiaonline.com.br\/site\/author\/juliana\/#author"},"publisher":{"@id":"https:\/\/anoticiaonline.com.br\/site\/#organization"},"image":{"@type":"ImageObject","url":"https:\/\/anoticiaonline.com.br\/site\/wp-content\/uploads\/2016\/02\/IMG-20160216-WA0010.jpg","width":600,"height":338},"datePublished":"2016-02-17T07:00:05-03:00","dateModified":"2016-02-16T14:37:37-03:00","inLanguage":"pt-BR","mainEntityOfPage":{"@id":"https:\/\/anoticiaonline.com.br\/site\/corpo-de-bombeiros-completa-dez-anos-de-atuacao-em-muriae\/#webpage"},"isPartOf":{"@id":"https:\/\/anoticiaonline.com.br\/site\/corpo-de-bombeiros-completa-dez-anos-de-atuacao-em-muriae\/#webpage"},"articleSection":"Blog, slide"},{"@type":"BreadcrumbList","@id":"https:\/\/anoticiaonline.com.br\/site\/corpo-de-bombeiros-completa-dez-anos-de-atuacao-em-muriae\/#breadcrumblist","itemListElement":[{"@type":"ListItem","@id":"https:\/\/anoticiaonline.com.br\/site#listItem","position":1,"name":"Home","item":"https:\/\/anoticiaonline.com.br\/site","nextItem":{"@type":"ListItem","@id":"https:\/\/anoticiaonline.com.br\/site\/categoria\/muriae\/#listItem","name":"Blog"}},{"@type":"ListItem","@id":"https:\/\/anoticiaonline.com.br\/site\/categoria\/muriae\/#listItem","position":2,"name":"Blog","item":"https:\/\/anoticiaonline.com.br\/site\/categoria\/muriae\/","nextItem":{"@type":"ListItem","@id":"https:\/\/anoticiaonline.com.br\/site\/corpo-de-bombeiros-completa-dez-anos-de-atuacao-em-muriae\/#listItem","name":"Corpo de Bombeiros completa dez anos de atua\u00e7\u00e3o em Muria\u00e9"},"previousItem":{"@type":"ListItem","@id":"https:\/\/anoticiaonline.com.br\/site#listItem","name":"Home"}},{"@type":"ListItem","@id":"https:\/\/anoticiaonline.com.br\/site\/corpo-de-bombeiros-completa-dez-anos-de-atuacao-em-muriae\/#listItem","position":3,"name":"Corpo de Bombeiros completa dez anos de atua\u00e7\u00e3o em Muria\u00e9","previousItem":{"@type":"ListItem","@id":"https:\/\/anoticiaonline.com.br\/site\/categoria\/muriae\/#listItem","name":"Blog"}}]},{"@type":"Organization","@id":"https:\/\/anoticiaonline.com.br\/site\/#organization","name":"A Not\u00edcia Online","description":"Noticias de Muria\u00e9 e regi\u00e3o","url":"https:\/\/anoticiaonline.com.br\/site\/","logo":{"@type":"ImageObject","url":"https:\/\/scontent-gig4-1.xx.fbcdn.net\/v\/t39.30808-1\/270437624_4564083193639691_6907940295614233970_n.jpg?stp=dst-jpg_s200x200_tt6&_nc_cat=111&ccb=1-7&_nc_sid=f907e8&_nc_ohc=SM1wRlP3lJwQ7kNvwEPuBYA&_nc_oc=AdnqrjDN_BNjSSHWO-GbkIWH6fkGMLw4bqvL_NH6e2wMveX7G-rP2dAqsDSq1mJMOaY&_nc_zt=24&_nc_ht=scontent-gig4-1.xx&_nc_gid=AoBFJeGrT1hVaew_6rchkQ&oh=00_AfX7QmFGhQhG2jAllVgXCiM1ZrWgvtp80-Bfppyexh1QEg&oe=689E923C","@id":"https:\/\/anoticiaonline.com.br\/site\/corpo-de-bombeiros-completa-dez-anos-de-atuacao-em-muriae\/#organizationLogo"},"image":{"@id":"https:\/\/anoticiaonline.com.br\/site\/corpo-de-bombeiros-completa-dez-anos-de-atuacao-em-muriae\/#organizationLogo"}},{"@type":"Person","@id":"https:\/\/anoticiaonline.com.br\/site\/author\/juliana\/#author","url":"https:\/\/anoticiaonline.com.br\/site\/author\/juliana\/","name":"Juliana Laviola","image":{"@type":"ImageObject","@id":"https:\/\/anoticiaonline.com.br\/site\/corpo-de-bombeiros-completa-dez-anos-de-atuacao-em-muriae\/#authorImage","url":"https:\/\/secure.gravatar.com\/avatar\/b8d45f5c699b100dfaf0e543582f38f38bf94cb7ae3a5e9abf8d891a34773335?s=96&d=mm&r=g","width":96,"height":96,"caption":"Juliana Laviola"}},{"@type":"WebPage","@id":"https:\/\/anoticiaonline.com.br\/site\/corpo-de-bombeiros-completa-dez-anos-de-atuacao-em-muriae\/#webpage","url":"https:\/\/anoticiaonline.com.br\/site\/corpo-de-bombeiros-completa-dez-anos-de-atuacao-em-muriae\/","name":"Corpo de Bombeiros completa dez anos de atua\u00e7\u00e3o em Muria\u00e9 - A Not\u00edcia Online","description":"O Corpo de Bombeiros completa dez anos de atua\u00e7\u00e3o em Muria\u00e9. Inaugurado no dia 17 de fevereiro de 2006, a fra\u00e7\u00e3o atendeu, neste per\u00edodo, mais de 28 milh\u00f5es de ocorr\u00eancias, o que inclui resgates, atendimentos cl\u00ednicos, salvamentos, entre outros. Quando foi inaugurado no munic\u00edpio, a fra\u00e7\u00e3o, denominada 8\u00ba Pelot\u00e3o de Bombeiros Militar, pertencia \u00e0 ent\u00e3o","inLanguage":"pt-BR","isPartOf":{"@id":"https:\/\/anoticiaonline.com.br\/site\/#website"},"breadcrumb":{"@id":"https:\/\/anoticiaonline.com.br\/site\/corpo-de-bombeiros-completa-dez-anos-de-atuacao-em-muriae\/#breadcrumblist"},"author":{"@id":"https:\/\/anoticiaonline.com.br\/site\/author\/juliana\/#author"},"creator":{"@id":"https:\/\/anoticiaonline.com.br\/site\/author\/juliana\/#author"},"image":{"@type":"ImageObject","url":"https:\/\/anoticiaonline.com.br\/site\/wp-content\/uploads\/2016\/02\/IMG-20160216-WA0010.jpg","@id":"https:\/\/anoticiaonline.com.br\/site\/corpo-de-bombeiros-completa-dez-anos-de-atuacao-em-muriae\/#mainImage","width":600,"height":338},"primaryImageOfPage":{"@id":"https:\/\/anoticiaonline.com.br\/site\/corpo-de-bombeiros-completa-dez-anos-de-atuacao-em-muriae\/#mainImage"},"datePublished":"2016-02-17T07:00:05-03:00","dateModified":"2016-02-16T14:37:37-03:00"},{"@type":"WebSite","@id":"https:\/\/anoticiaonline.com.br\/site\/#website","url":"https:\/\/anoticiaonline.com.br\/site\/","name":"A Not\u00edcia Online","description":"Noticias de Muria\u00e9 e regi\u00e3o","inLanguage":"pt-BR","publisher":{"@id":"https:\/\/anoticiaonline.com.br\/site\/#organization"}}]},"og:locale":"pt_BR","og:site_name":"A Not\u00edcia Online - Noticias de Muria\u00e9 e regi\u00e3o","og:type":"article","og:title":"Corpo de Bombeiros completa dez anos de atua\u00e7\u00e3o em Muria\u00e9 - A Not\u00edcia Online","og:description":"O Corpo de Bombeiros completa dez anos de atua\u00e7\u00e3o em Muria\u00e9. Inaugurado no dia 17 de fevereiro de 2006, a fra\u00e7\u00e3o atendeu, neste per\u00edodo, mais de 28 milh\u00f5es de ocorr\u00eancias, o que inclui resgates, atendimentos cl\u00ednicos, salvamentos, entre outros. Quando foi inaugurado no munic\u00edpio, a fra\u00e7\u00e3o, denominada 8\u00ba Pelot\u00e3o de Bombeiros Militar, pertencia \u00e0 ent\u00e3o","og:url":"https:\/\/anoticiaonline.com.br\/site\/corpo-de-bombeiros-completa-dez-anos-de-atuacao-em-muriae\/","og:image":"https:\/\/scontent-gig4-1.xx.fbcdn.net\/v\/t39.30808-1\/270437624_4564083193639691_6907940295614233970_n.jpg?stp=dst-jpg_s200x200_tt6&#038;_nc_cat=111&#038;ccb=1-7&#038;_nc_sid=f907e8&#038;_nc_ohc=SM1wRlP3lJwQ7kNvwEPuBYA&#038;_nc_oc=AdnqrjDN_BNjSSHWO-GbkIWH6fkGMLw4bqvL_NH6e2wMveX7G-rP2dAqsDSq1mJMOaY&#038;_nc_zt=24&#038;_nc_ht=scontent-gig4-1.xx&#038;_nc_gid=AoBFJeGrT1hVaew_6rchkQ&#038;oh=00_AfX7QmFGhQhG2jAllVgXCiM1ZrWgvtp80-Bfppyexh1QEg&#038;oe=689E923C","og:image:secure_url":"https:\/\/scontent-gig4-1.xx.fbcdn.net\/v\/t39.30808-1\/270437624_4564083193639691_6907940295614233970_n.jpg?stp=dst-jpg_s200x200_tt6&#038;_nc_cat=111&#038;ccb=1-7&#038;_nc_sid=f907e8&#038;_nc_ohc=SM1wRlP3lJwQ7kNvwEPuBYA&#038;_nc_oc=AdnqrjDN_BNjSSHWO-GbkIWH6fkGMLw4bqvL_NH6e2wMveX7G-rP2dAqsDSq1mJMOaY&#038;_nc_zt=24&#038;_nc_ht=scontent-gig4-1.xx&#038;_nc_gid=AoBFJeGrT1hVaew_6rchkQ&#038;oh=00_AfX7QmFGhQhG2jAllVgXCiM1ZrWgvtp80-Bfppyexh1QEg&#038;oe=689E923C","article:published_time":"2016-02-17T10:00:05+00:00","article:modified_time":"2016-02-16T17:37:37+00:00","twitter:card":"summary_large_image","twitter:title":"Corpo de Bombeiros completa dez anos de atua\u00e7\u00e3o em Muria\u00e9 - A Not\u00edcia Online","twitter:description":"O Corpo de Bombeiros completa dez anos de atua\u00e7\u00e3o em Muria\u00e9. Inaugurado no dia 17 de fevereiro de 2006, a fra\u00e7\u00e3o atendeu, neste per\u00edodo, mais de 28 milh\u00f5es de ocorr\u00eancias, o que inclui resgates, atendimentos cl\u00ednicos, salvamentos, entre outros. Quando foi inaugurado no munic\u00edpio, a fra\u00e7\u00e3o, denominada 8\u00ba Pelot\u00e3o de Bombeiros Militar, pertencia \u00e0 ent\u00e3o","twitter:image":"https:\/\/scontent-gig4-1.xx.fbcdn.net\/v\/t39.30808-1\/270437624_4564083193639691_6907940295614233970_n.jpg?stp=dst-jpg_s200x200_tt6&_nc_cat=111&ccb=1-7&_nc_sid=f907e8&_nc_ohc=SM1wRlP3lJwQ7kNvwEPuBYA&_nc_oc=AdnqrjDN_BNjSSHWO-GbkIWH6fkGMLw4bqvL_NH6e2wMveX7G-rP2dAqsDSq1mJMOaY&_nc_zt=24&_nc_ht=scontent-gig4-1.xx&_nc_gid=AoBFJeGrT1hVaew_6rchkQ&oh=00_AfX7QmFGhQhG2jAllVgXCiM1ZrWgvtp80-Bfppyexh1QEg&oe=689E923C"},"aioseo_meta_data":{"post_id":"9528","title":null,"description":null,"keywords":null,"keyphrases":null,"primary_term":null,"canonical_url":null,"og_title":null,"og_description":null,"og_object_type":"default","og_image_type":"default","og_image_url":null,"og_image_width":null,"og_image_height":null,"og_image_custom_url":null,"og_image_custom_fields":null,"og_video":null,"og_custom_url":null,"og_article_section":null,"og_article_tags":null,"twitter_use_og":false,"twitter_card":"default","twitter_image_type":"default","twitter_image_url":null,"twitter_image_custom_url":null,"twitter_image_custom_fields":null,"twitter_title":null,"twitter_description":null,"schema":{"blockGraphs":[],"customGraphs":[],"default":{"data":{"Article":[],"Course":[],"Dataset":[],"FAQPage":[],"Movie":[],"Person":[],"Product":[],"ProductReview":[],"Car":[],"Recipe":[],"Service":[],"SoftwareApplication":[],"WebPage":[]},"graphName":"","isEnabled":true},"graphs":[]},"schema_type":"default","schema_type_options":null,"pillar_content":false,"robots_default":true,"robots_noindex":false,"robots_noarchive":false,"robots_nosnippet":false,"robots_nofollow":false,"robots_noimageindex":false,"robots_noodp":false,"robots_notranslate":false,"robots_max_snippet":null,"robots_max_videopreview":null,"robots_max_imagepreview":"large","priority":null,"frequency":null,"local_seo":null,"breadcrumb_settings":null,"limit_modified_date":false,"ai":null,"created":"2025-08-16 15:09:18","updated":"2025-08-16 15:09:18","focus_keyword":null,"additional_keywords":null,"truseo_locale":null,"seo_analyzer_scan_date":null},"aioseo_breadcrumb":"<div class=\"aioseo-breadcrumbs\"><span class=\"aioseo-breadcrumb\">\n\t\t\t<a href=\"https:\/\/anoticiaonline.com.br\/site\" title=\"Home\">Home<\/a>\n\t\t<\/span><span class=\"aioseo-breadcrumb-separator\">&raquo;<\/span><span class=\"aioseo-breadcrumb\">\n\t\t\t<a href=\"https:\/\/anoticiaonline.com.br\/site\/categoria\/muriae\/\" title=\"Blog\">Blog<\/a>\n\t\t<\/span><span class=\"aioseo-breadcrumb-separator\">&raquo;<\/span><span class=\"aioseo-breadcrumb\">\n\t\t\tCorpo de Bombeiros completa dez anos de atua\u00e7\u00e3o em Muria\u00e9\n\t\t<\/span><\/div>","aioseo_breadcrumb_json":[{"label":"Home","link":"https:\/\/anoticiaonline.com.br\/site"},{"label":"Blog","link":"https:\/\/anoticiaonline.com.br\/site\/categoria\/muriae\/"},{"label":"Corpo de Bombeiros completa dez anos de atua\u00e7\u00e3o em Muria\u00e9","link":"https:\/\/anoticiaonline.com.br\/site\/corpo-de-bombeiros-completa-dez-anos-de-atuacao-em-muriae\/"}],"views":166,"_links":{"self":[{"href":"https:\/\/anoticiaonline.com.br\/site\/wp-json\/wp\/v2\/posts\/9528","targetHints":{"allow":["GET"]}}],"collection":[{"href":"https:\/\/anoticiaonline.com.br\/site\/wp-json\/wp\/v2\/posts"}],"about":[{"href":"https:\/\/anoticiaonline.com.br\/site\/wp-json\/wp\/v2\/types\/post"}],"author":[{"embeddable":true,"href":"https:\/\/anoticiaonline.com.br\/site\/wp-json\/wp\/v2\/users\/2"}],"replies":[{"embeddable":true,"href":"https:\/\/anoticiaonline.com.br\/site\/wp-json\/wp\/v2\/comments?post=9528"}],"version-history":[{"count":0,"href":"https:\/\/anoticiaonline.com.br\/site\/wp-json\/wp\/v2\/posts\/9528\/revisions"}],"wp:featuredmedia":[{"embeddable":true,"href":"https:\/\/anoticiaonline.com.br\/site\/wp-json\/wp\/v2\/media\/9529"}],"wp:attachment":[{"href":"https:\/\/anoticiaonline.com.br\/site\/wp-json\/wp\/v2\/media?parent=9528"}],"wp:term":[{"taxonomy":"category","embeddable":true,"href":"https:\/\/anoticiaonline.com.br\/site\/wp-json\/wp\/v2\/categories?post=9528"},{"taxonomy":"post_tag","embeddable":true,"href":"https:\/\/anoticiaonline.com.br\/site\/wp-json\/wp\/v2\/tags?post=9528"}],"curies":[{"name":"wp","href":"https:\/\/api.w.org\/{rel}","templated":true}]}}