{"id":9512,"date":"2016-02-15T14:49:39","date_gmt":"2016-02-15T17:49:39","guid":{"rendered":"http:\/\/anoticiaonline.com.br\/site\/?p=9512"},"modified":"2016-02-15T14:52:38","modified_gmt":"2016-02-15T17:52:38","slug":"revista-viver-brasil-publica-materia-em-que-o-deputado-braulio-braz-fala-sobre-a-inseguranca-economica","status":"publish","type":"post","link":"https:\/\/anoticiaonline.com.br\/site\/revista-viver-brasil-publica-materia-em-que-o-deputado-braulio-braz-fala-sobre-a-inseguranca-economica\/","title":{"rendered":"Revista Viver Brasil publica mat\u00e9ria em que o deputado Braulio Braz fala sobre a inseguran\u00e7a econ\u00f4mica"},"content":{"rendered":"<p><a href=\"https:\/\/anoticiaonline.com.br\/site\/wp-content\/uploads\/2016\/02\/braulio-braz.jpg\"><img fetchpriority=\"high\" decoding=\"async\" class=\" size-medium wp-image-9513 alignleft\" src=\"https:\/\/anoticiaonline.com.br\/site\/wp-content\/uploads\/2016\/02\/braulio-braz-300x204.jpg\" alt=\"braulio braz\" width=\"300\" height=\"204\" srcset=\"https:\/\/anoticiaonline.com.br\/site\/wp-content\/uploads\/2016\/02\/braulio-braz-300x204.jpg 300w, https:\/\/anoticiaonline.com.br\/site\/wp-content\/uploads\/2016\/02\/braulio-braz.jpg 640w\" sizes=\"(max-width: 300px) 100vw, 300px\" \/><\/a>A Revista Viver Brasil, edi\u00e7\u00e3o n\u00ba 168, de 12 de fevereiro de 2016, trouxe uma mat\u00e9ria assinada por Sueli Cotta, intitulada \u201cInseguran\u00e7a econ\u00f4mica\u201d, que detalha a opini\u00e3o do empres\u00e1rio e deputado estadual Braulio Braz sobre o cen\u00e1rio econ\u00f4mico brasileiro.<\/p>\n<p>Na reportagem, Braulio Braz citou que a falta de credibilidade do governo Dilma Rousseff traz inseguran\u00e7a para a sociedade e que estamos sofrendo com os problemas em fun\u00e7\u00e3o da necessidade do governo fazer receita, aumentando os impostos. \u201cQuanto mais o governo aumenta os impostos, mais o efeito \u00e9 o oposto. Diminui o consumo, a produtividade das empresas e, consequentemente, a arrecada\u00e7\u00e3o de impostos cai. E nesse caso, com a arrecada\u00e7\u00e3o menor, o governo federal tem o d\u00e9ficit or\u00e7ament\u00e1rio maior. Mas essa situa\u00e7\u00e3o afeta tamb\u00e9m os estados e munic\u00edpios que passam por dificuldades e n\u00e3o t\u00eam condi\u00e7\u00f5es de gerar d\u00e9ficit, constantes como no governo federal e nem de buscar recursos no mercado. A economia nos estados e munic\u00edpios est\u00e1 cada vez mais dif\u00edcil\u201d, enfatiza.<\/p>\n<p><a href=\"https:\/\/anoticiaonline.com.br\/site\/wp-content\/uploads\/2016\/02\/Revista-Viver-Brasil-entrevista1.jpg\"><img decoding=\"async\" class=\" size-medium wp-image-9515 alignleft\" src=\"https:\/\/anoticiaonline.com.br\/site\/wp-content\/uploads\/2016\/02\/Revista-Viver-Brasil-entrevista1-259x300.jpg\" alt=\"Revista Viver Brasil - entrevista(1)\" width=\"259\" height=\"300\" srcset=\"https:\/\/anoticiaonline.com.br\/site\/wp-content\/uploads\/2016\/02\/Revista-Viver-Brasil-entrevista1-259x300.jpg 259w, https:\/\/anoticiaonline.com.br\/site\/wp-content\/uploads\/2016\/02\/Revista-Viver-Brasil-entrevista1.jpg 553w\" sizes=\"(max-width: 259px) 100vw, 259px\" \/><\/a>Segundo o empres\u00e1rio, que atua no ramo automotivo, com empresas em Minas Gerais, Rio de Janeiro e Esp\u00edrito Santo, essa necessidade do governo em fazer receita aumentando impostos, acaba causando mais estragos \u00e0 economia, com empresas fechando as portas por n\u00e3o aguentar o peso da carga tribut\u00e1ria. O resultado \u00e9 diminui\u00e7\u00e3o na arrecada\u00e7\u00e3o, aumento do desemprego e da instabilidade pol\u00edtica.<\/p>\n<p>Braulio Braz ainda exp\u00f4s sua opini\u00e3o sobre as perspectivas econ\u00f4micas no setor produtivo, sua esperan\u00e7a em rela\u00e7\u00e3o \u00e0 vinda de novos investimentos para o Brasil, explanou sobre as atitudes do governador de Minas Gerais visando impulsionar a economia no estado, o dilema do empres\u00e1rio hoje de como se endividar para investir sem ter confian\u00e7a no mercado, sobre a paralisa\u00e7\u00e3o da economia e outros temas relevantes.<\/p>\n<p>Confira a publica\u00e7\u00e3o na \u00edntegra ao acessar o link:<br \/>\nhttp:\/\/revistaviverbrasil.com.br\/plus\/modulos\/listas\/?tac=noticias-ler&#038;id=1192#.VsG48_krJkh<\/p>\n","protected":false},"excerpt":{"rendered":"<p>A Revista Viver Brasil, edi\u00e7\u00e3o n\u00ba 168, de 12 de fevereiro de 2016, trouxe uma mat\u00e9ria assinada por Sueli Cotta, intitulada \u201cInseguran\u00e7a econ\u00f4mica\u201d, que detalha a opini\u00e3o do empres\u00e1rio e deputado estadual Braulio Braz sobre o cen\u00e1rio econ\u00f4mico brasileiro. Na reportagem, Braulio Braz citou que a falta de credibilidade do governo Dilma Rousseff traz inseguran\u00e7a &#8230; <a title=\"Revista Viver Brasil publica mat\u00e9ria em que o deputado Braulio Braz fala sobre a inseguran\u00e7a econ\u00f4mica\" class=\"read-more\" href=\"https:\/\/anoticiaonline.com.br\/site\/revista-viver-brasil-publica-materia-em-que-o-deputado-braulio-braz-fala-sobre-a-inseguranca-economica\/\" aria-label=\"Read more about Revista Viver Brasil publica mat\u00e9ria em que o deputado Braulio Braz fala sobre a inseguran\u00e7a econ\u00f4mica\">Ler mais<\/a><\/p>\n","protected":false},"author":2,"featured_media":9513,"comment_status":"open","ping_status":"open","sticky":false,"template":"","format":"standard","meta":{"_acf_changed":false,"_monsterinsights_skip_tracking":false,"footnotes":""},"categories":[1],"tags":[3],"class_list":["post-9512","post","type-post","status-publish","format-standard","has-post-thumbnail","hentry","category-gerais","tag-slide"],"acf":[],"aioseo_notices":[],"aioseo_head":"\n\t\t<!-- All in One SEO 5.0.0.1 - aioseo.com -->\n\t<meta name=\"description\" content=\"A Revista Viver Brasil, edi\u00e7\u00e3o n\u00ba 168, de 12 de fevereiro de 2016, trouxe uma mat\u00e9ria assinada por Sueli Cotta, intitulada \u201cInseguran\u00e7a econ\u00f4mica\u201d, que detalha a opini\u00e3o do empres\u00e1rio e deputado estadual Braulio Braz sobre o cen\u00e1rio econ\u00f4mico brasileiro. Na reportagem, Braulio Braz citou que a falta de credibilidade do governo Dilma Rousseff traz inseguran\u00e7a\" \/>\n\t<meta name=\"robots\" content=\"max-image-preview:large\" \/>\n\t<meta name=\"author\" content=\"Juliana Laviola\"\/>\n\t<link rel=\"canonical\" href=\"https:\/\/anoticiaonline.com.br\/site\/revista-viver-brasil-publica-materia-em-que-o-deputado-braulio-braz-fala-sobre-a-inseguranca-economica\/\" \/>\n\t<meta name=\"generator\" content=\"All in One SEO (AIOSEO) 5.0.0.1\" \/>\n\t\t<meta property=\"og:locale\" content=\"pt_BR\" \/>\n\t\t<meta property=\"og:site_name\" content=\"A Not\u00edcia Online - Noticias de Muria\u00e9 e regi\u00e3o\" \/>\n\t\t<meta property=\"og:type\" content=\"article\" \/>\n\t\t<meta property=\"og:title\" content=\"Revista Viver Brasil publica mat\u00e9ria em que o deputado Braulio Braz fala sobre a inseguran\u00e7a econ\u00f4mica - A Not\u00edcia Online\" \/>\n\t\t<meta property=\"og:description\" content=\"A Revista Viver Brasil, edi\u00e7\u00e3o n\u00ba 168, de 12 de fevereiro de 2016, trouxe uma mat\u00e9ria assinada por Sueli Cotta, intitulada \u201cInseguran\u00e7a econ\u00f4mica\u201d, que detalha a opini\u00e3o do empres\u00e1rio e deputado estadual Braulio Braz sobre o cen\u00e1rio econ\u00f4mico brasileiro. Na reportagem, Braulio Braz citou que a falta de credibilidade do governo Dilma Rousseff traz inseguran\u00e7a\" \/>\n\t\t<meta property=\"og:url\" content=\"https:\/\/anoticiaonline.com.br\/site\/revista-viver-brasil-publica-materia-em-que-o-deputado-braulio-braz-fala-sobre-a-inseguranca-economica\/\" \/>\n\t\t<meta property=\"og:image\" content=\"https:\/\/scontent-gig4-1.xx.fbcdn.net\/v\/t39.30808-1\/270437624_4564083193639691_6907940295614233970_n.jpg?stp=dst-jpg_s200x200_tt6&#038;_nc_cat=111&#038;ccb=1-7&#038;_nc_sid=f907e8&#038;_nc_ohc=SM1wRlP3lJwQ7kNvwEPuBYA&#038;_nc_oc=AdnqrjDN_BNjSSHWO-GbkIWH6fkGMLw4bqvL_NH6e2wMveX7G-rP2dAqsDSq1mJMOaY&#038;_nc_zt=24&#038;_nc_ht=scontent-gig4-1.xx&#038;_nc_gid=AoBFJeGrT1hVaew_6rchkQ&#038;oh=00_AfX7QmFGhQhG2jAllVgXCiM1ZrWgvtp80-Bfppyexh1QEg&#038;oe=689E923C\" \/>\n\t\t<meta property=\"og:image:secure_url\" content=\"https:\/\/scontent-gig4-1.xx.fbcdn.net\/v\/t39.30808-1\/270437624_4564083193639691_6907940295614233970_n.jpg?stp=dst-jpg_s200x200_tt6&#038;_nc_cat=111&#038;ccb=1-7&#038;_nc_sid=f907e8&#038;_nc_ohc=SM1wRlP3lJwQ7kNvwEPuBYA&#038;_nc_oc=AdnqrjDN_BNjSSHWO-GbkIWH6fkGMLw4bqvL_NH6e2wMveX7G-rP2dAqsDSq1mJMOaY&#038;_nc_zt=24&#038;_nc_ht=scontent-gig4-1.xx&#038;_nc_gid=AoBFJeGrT1hVaew_6rchkQ&#038;oh=00_AfX7QmFGhQhG2jAllVgXCiM1ZrWgvtp80-Bfppyexh1QEg&#038;oe=689E923C\" \/>\n\t\t<meta property=\"article:published_time\" content=\"2016-02-15T17:49:39+00:00\" \/>\n\t\t<meta property=\"article:modified_time\" content=\"2016-02-15T17:52:38+00:00\" \/>\n\t\t<meta name=\"twitter:card\" content=\"summary_large_image\" \/>\n\t\t<meta name=\"twitter:title\" content=\"Revista Viver Brasil publica mat\u00e9ria em que o deputado Braulio Braz fala sobre a inseguran\u00e7a econ\u00f4mica - A Not\u00edcia Online\" \/>\n\t\t<meta name=\"twitter:description\" content=\"A Revista Viver Brasil, edi\u00e7\u00e3o n\u00ba 168, de 12 de fevereiro de 2016, trouxe uma mat\u00e9ria assinada por Sueli Cotta, intitulada \u201cInseguran\u00e7a econ\u00f4mica\u201d, que detalha a opini\u00e3o do empres\u00e1rio e deputado estadual Braulio Braz sobre o cen\u00e1rio econ\u00f4mico brasileiro. Na reportagem, Braulio Braz citou que a falta de credibilidade do governo Dilma Rousseff traz inseguran\u00e7a\" \/>\n\t\t<meta name=\"twitter:image\" content=\"https:\/\/scontent-gig4-1.xx.fbcdn.net\/v\/t39.30808-1\/270437624_4564083193639691_6907940295614233970_n.jpg?stp=dst-jpg_s200x200_tt6&amp;_nc_cat=111&amp;ccb=1-7&amp;_nc_sid=f907e8&amp;_nc_ohc=SM1wRlP3lJwQ7kNvwEPuBYA&amp;_nc_oc=AdnqrjDN_BNjSSHWO-GbkIWH6fkGMLw4bqvL_NH6e2wMveX7G-rP2dAqsDSq1mJMOaY&amp;_nc_zt=24&amp;_nc_ht=scontent-gig4-1.xx&amp;_nc_gid=AoBFJeGrT1hVaew_6rchkQ&amp;oh=00_AfX7QmFGhQhG2jAllVgXCiM1ZrWgvtp80-Bfppyexh1QEg&amp;oe=689E923C\" \/>\n\t\t<script type=\"application\/ld+json\" class=\"aioseo-schema\">\n\t\t\t{\"@context\":\"https:\\\/\\\/schema.org\",\"@graph\":[{\"@type\":\"BlogPosting\",\"@id\":\"https:\\\/\\\/anoticiaonline.com.br\\\/site\\\/revista-viver-brasil-publica-materia-em-que-o-deputado-braulio-braz-fala-sobre-a-inseguranca-economica\\\/#blogposting\",\"name\":\"Revista Viver Brasil publica mat\\u00e9ria em que o deputado Braulio Braz fala sobre a inseguran\\u00e7a econ\\u00f4mica - A Not\\u00edcia Online\",\"headline\":\"Revista Viver Brasil publica mat\\u00e9ria em que o deputado Braulio Braz fala sobre a inseguran\\u00e7a econ\\u00f4mica\",\"author\":{\"@id\":\"https:\\\/\\\/anoticiaonline.com.br\\\/site\\\/author\\\/juliana\\\/#author\"},\"publisher\":{\"@id\":\"https:\\\/\\\/anoticiaonline.com.br\\\/site\\\/#organization\"},\"image\":{\"@type\":\"ImageObject\",\"url\":\"https:\\\/\\\/anoticiaonline.com.br\\\/site\\\/wp-content\\\/uploads\\\/2016\\\/02\\\/braulio-braz.jpg\",\"width\":640,\"height\":436},\"datePublished\":\"2016-02-15T14:49:39-03:00\",\"dateModified\":\"2016-02-15T14:52:38-03:00\",\"inLanguage\":\"pt-BR\",\"mainEntityOfPage\":{\"@id\":\"https:\\\/\\\/anoticiaonline.com.br\\\/site\\\/revista-viver-brasil-publica-materia-em-que-o-deputado-braulio-braz-fala-sobre-a-inseguranca-economica\\\/#webpage\"},\"isPartOf\":{\"@id\":\"https:\\\/\\\/anoticiaonline.com.br\\\/site\\\/revista-viver-brasil-publica-materia-em-que-o-deputado-braulio-braz-fala-sobre-a-inseguranca-economica\\\/#webpage\"},\"articleSection\":\"Gerais, slide\"},{\"@type\":\"BreadcrumbList\",\"@id\":\"https:\\\/\\\/anoticiaonline.com.br\\\/site\\\/revista-viver-brasil-publica-materia-em-que-o-deputado-braulio-braz-fala-sobre-a-inseguranca-economica\\\/#breadcrumblist\",\"itemListElement\":[{\"@type\":\"ListItem\",\"@id\":\"https:\\\/\\\/anoticiaonline.com.br\\\/site#listItem\",\"position\":1,\"name\":\"Home\",\"item\":\"https:\\\/\\\/anoticiaonline.com.br\\\/site\",\"nextItem\":{\"@type\":\"ListItem\",\"@id\":\"https:\\\/\\\/anoticiaonline.com.br\\\/site\\\/categoria\\\/gerais\\\/#listItem\",\"name\":\"Gerais\"}},{\"@type\":\"ListItem\",\"@id\":\"https:\\\/\\\/anoticiaonline.com.br\\\/site\\\/categoria\\\/gerais\\\/#listItem\",\"position\":2,\"name\":\"Gerais\",\"item\":\"https:\\\/\\\/anoticiaonline.com.br\\\/site\\\/categoria\\\/gerais\\\/\",\"nextItem\":{\"@type\":\"ListItem\",\"@id\":\"https:\\\/\\\/anoticiaonline.com.br\\\/site\\\/revista-viver-brasil-publica-materia-em-que-o-deputado-braulio-braz-fala-sobre-a-inseguranca-economica\\\/#listItem\",\"name\":\"Revista Viver Brasil publica mat\\u00e9ria em que o deputado Braulio Braz fala sobre a inseguran\\u00e7a econ\\u00f4mica\"},\"previousItem\":{\"@type\":\"ListItem\",\"@id\":\"https:\\\/\\\/anoticiaonline.com.br\\\/site#listItem\",\"name\":\"Home\"}},{\"@type\":\"ListItem\",\"@id\":\"https:\\\/\\\/anoticiaonline.com.br\\\/site\\\/revista-viver-brasil-publica-materia-em-que-o-deputado-braulio-braz-fala-sobre-a-inseguranca-economica\\\/#listItem\",\"position\":3,\"name\":\"Revista Viver Brasil publica mat\\u00e9ria em que o deputado Braulio Braz fala sobre a inseguran\\u00e7a econ\\u00f4mica\",\"previousItem\":{\"@type\":\"ListItem\",\"@id\":\"https:\\\/\\\/anoticiaonline.com.br\\\/site\\\/categoria\\\/gerais\\\/#listItem\",\"name\":\"Gerais\"}}]},{\"@type\":\"Organization\",\"@id\":\"https:\\\/\\\/anoticiaonline.com.br\\\/site\\\/#organization\",\"name\":\"A Not\\u00edcia Online\",\"description\":\"Noticias de Muria\\u00e9 e regi\\u00e3o\",\"url\":\"https:\\\/\\\/anoticiaonline.com.br\\\/site\\\/\",\"logo\":{\"@type\":\"ImageObject\",\"url\":\"https:\\\/\\\/scontent-gig4-1.xx.fbcdn.net\\\/v\\\/t39.30808-1\\\/270437624_4564083193639691_6907940295614233970_n.jpg?stp=dst-jpg_s200x200_tt6&_nc_cat=111&ccb=1-7&_nc_sid=f907e8&_nc_ohc=SM1wRlP3lJwQ7kNvwEPuBYA&_nc_oc=AdnqrjDN_BNjSSHWO-GbkIWH6fkGMLw4bqvL_NH6e2wMveX7G-rP2dAqsDSq1mJMOaY&_nc_zt=24&_nc_ht=scontent-gig4-1.xx&_nc_gid=AoBFJeGrT1hVaew_6rchkQ&oh=00_AfX7QmFGhQhG2jAllVgXCiM1ZrWgvtp80-Bfppyexh1QEg&oe=689E923C\",\"@id\":\"https:\\\/\\\/anoticiaonline.com.br\\\/site\\\/revista-viver-brasil-publica-materia-em-que-o-deputado-braulio-braz-fala-sobre-a-inseguranca-economica\\\/#organizationLogo\"},\"image\":{\"@id\":\"https:\\\/\\\/anoticiaonline.com.br\\\/site\\\/revista-viver-brasil-publica-materia-em-que-o-deputado-braulio-braz-fala-sobre-a-inseguranca-economica\\\/#organizationLogo\"}},{\"@type\":\"Person\",\"@id\":\"https:\\\/\\\/anoticiaonline.com.br\\\/site\\\/author\\\/juliana\\\/#author\",\"url\":\"https:\\\/\\\/anoticiaonline.com.br\\\/site\\\/author\\\/juliana\\\/\",\"name\":\"Juliana Laviola\",\"image\":{\"@type\":\"ImageObject\",\"@id\":\"https:\\\/\\\/anoticiaonline.com.br\\\/site\\\/revista-viver-brasil-publica-materia-em-que-o-deputado-braulio-braz-fala-sobre-a-inseguranca-economica\\\/#authorImage\",\"url\":\"https:\\\/\\\/secure.gravatar.com\\\/avatar\\\/b8d45f5c699b100dfaf0e543582f38f38bf94cb7ae3a5e9abf8d891a34773335?s=96&d=mm&r=g\",\"width\":96,\"height\":96,\"caption\":\"Juliana Laviola\"}},{\"@type\":\"WebPage\",\"@id\":\"https:\\\/\\\/anoticiaonline.com.br\\\/site\\\/revista-viver-brasil-publica-materia-em-que-o-deputado-braulio-braz-fala-sobre-a-inseguranca-economica\\\/#webpage\",\"url\":\"https:\\\/\\\/anoticiaonline.com.br\\\/site\\\/revista-viver-brasil-publica-materia-em-que-o-deputado-braulio-braz-fala-sobre-a-inseguranca-economica\\\/\",\"name\":\"Revista Viver Brasil publica mat\\u00e9ria em que o deputado Braulio Braz fala sobre a inseguran\\u00e7a econ\\u00f4mica - A Not\\u00edcia Online\",\"description\":\"A Revista Viver Brasil, edi\\u00e7\\u00e3o n\\u00ba 168, de 12 de fevereiro de 2016, trouxe uma mat\\u00e9ria assinada por Sueli Cotta, intitulada \\u201cInseguran\\u00e7a econ\\u00f4mica\\u201d, que detalha a opini\\u00e3o do empres\\u00e1rio e deputado estadual Braulio Braz sobre o cen\\u00e1rio econ\\u00f4mico brasileiro. Na reportagem, Braulio Braz citou que a falta de credibilidade do governo Dilma Rousseff traz inseguran\\u00e7a\",\"inLanguage\":\"pt-BR\",\"isPartOf\":{\"@id\":\"https:\\\/\\\/anoticiaonline.com.br\\\/site\\\/#website\"},\"breadcrumb\":{\"@id\":\"https:\\\/\\\/anoticiaonline.com.br\\\/site\\\/revista-viver-brasil-publica-materia-em-que-o-deputado-braulio-braz-fala-sobre-a-inseguranca-economica\\\/#breadcrumblist\"},\"author\":{\"@id\":\"https:\\\/\\\/anoticiaonline.com.br\\\/site\\\/author\\\/juliana\\\/#author\"},\"creator\":{\"@id\":\"https:\\\/\\\/anoticiaonline.com.br\\\/site\\\/author\\\/juliana\\\/#author\"},\"image\":{\"@type\":\"ImageObject\",\"url\":\"https:\\\/\\\/anoticiaonline.com.br\\\/site\\\/wp-content\\\/uploads\\\/2016\\\/02\\\/braulio-braz.jpg\",\"@id\":\"https:\\\/\\\/anoticiaonline.com.br\\\/site\\\/revista-viver-brasil-publica-materia-em-que-o-deputado-braulio-braz-fala-sobre-a-inseguranca-economica\\\/#mainImage\",\"width\":640,\"height\":436},\"primaryImageOfPage\":{\"@id\":\"https:\\\/\\\/anoticiaonline.com.br\\\/site\\\/revista-viver-brasil-publica-materia-em-que-o-deputado-braulio-braz-fala-sobre-a-inseguranca-economica\\\/#mainImage\"},\"datePublished\":\"2016-02-15T14:49:39-03:00\",\"dateModified\":\"2016-02-15T14:52:38-03:00\"},{\"@type\":\"WebSite\",\"@id\":\"https:\\\/\\\/anoticiaonline.com.br\\\/site\\\/#website\",\"url\":\"https:\\\/\\\/anoticiaonline.com.br\\\/site\\\/\",\"name\":\"A Not\\u00edcia Online\",\"description\":\"Noticias de Muria\\u00e9 e regi\\u00e3o\",\"inLanguage\":\"pt-BR\",\"publisher\":{\"@id\":\"https:\\\/\\\/anoticiaonline.com.br\\\/site\\\/#organization\"}}]}\n\t\t<\/script>\n\t\t<!-- All in One SEO -->\n\n","aioseo_head_json":{"title":"Revista Viver Brasil publica mat\u00e9ria em que o deputado Braulio Braz fala sobre a inseguran\u00e7a econ\u00f4mica - A Not\u00edcia Online","description":"A Revista Viver Brasil, edi\u00e7\u00e3o n\u00ba 168, de 12 de fevereiro de 2016, trouxe uma mat\u00e9ria assinada por Sueli Cotta, intitulada \u201cInseguran\u00e7a econ\u00f4mica\u201d, que detalha a opini\u00e3o do empres\u00e1rio e deputado estadual Braulio Braz sobre o cen\u00e1rio econ\u00f4mico brasileiro. Na reportagem, Braulio Braz citou que a falta de credibilidade do governo Dilma Rousseff traz inseguran\u00e7a","canonical_url":"https:\/\/anoticiaonline.com.br\/site\/revista-viver-brasil-publica-materia-em-que-o-deputado-braulio-braz-fala-sobre-a-inseguranca-economica\/","robots":"max-image-preview:large","keywords":"","webmasterTools":{"miscellaneous":""},"schema":{"@context":"https:\/\/schema.org","@graph":[{"@type":"BlogPosting","@id":"https:\/\/anoticiaonline.com.br\/site\/revista-viver-brasil-publica-materia-em-que-o-deputado-braulio-braz-fala-sobre-a-inseguranca-economica\/#blogposting","name":"Revista Viver Brasil publica mat\u00e9ria em que o deputado Braulio Braz fala sobre a inseguran\u00e7a econ\u00f4mica - A Not\u00edcia Online","headline":"Revista Viver Brasil publica mat\u00e9ria em que o deputado Braulio Braz fala sobre a inseguran\u00e7a econ\u00f4mica","author":{"@id":"https:\/\/anoticiaonline.com.br\/site\/author\/juliana\/#author"},"publisher":{"@id":"https:\/\/anoticiaonline.com.br\/site\/#organization"},"image":{"@type":"ImageObject","url":"https:\/\/anoticiaonline.com.br\/site\/wp-content\/uploads\/2016\/02\/braulio-braz.jpg","width":640,"height":436},"datePublished":"2016-02-15T14:49:39-03:00","dateModified":"2016-02-15T14:52:38-03:00","inLanguage":"pt-BR","mainEntityOfPage":{"@id":"https:\/\/anoticiaonline.com.br\/site\/revista-viver-brasil-publica-materia-em-que-o-deputado-braulio-braz-fala-sobre-a-inseguranca-economica\/#webpage"},"isPartOf":{"@id":"https:\/\/anoticiaonline.com.br\/site\/revista-viver-brasil-publica-materia-em-que-o-deputado-braulio-braz-fala-sobre-a-inseguranca-economica\/#webpage"},"articleSection":"Gerais, slide"},{"@type":"BreadcrumbList","@id":"https:\/\/anoticiaonline.com.br\/site\/revista-viver-brasil-publica-materia-em-que-o-deputado-braulio-braz-fala-sobre-a-inseguranca-economica\/#breadcrumblist","itemListElement":[{"@type":"ListItem","@id":"https:\/\/anoticiaonline.com.br\/site#listItem","position":1,"name":"Home","item":"https:\/\/anoticiaonline.com.br\/site","nextItem":{"@type":"ListItem","@id":"https:\/\/anoticiaonline.com.br\/site\/categoria\/gerais\/#listItem","name":"Gerais"}},{"@type":"ListItem","@id":"https:\/\/anoticiaonline.com.br\/site\/categoria\/gerais\/#listItem","position":2,"name":"Gerais","item":"https:\/\/anoticiaonline.com.br\/site\/categoria\/gerais\/","nextItem":{"@type":"ListItem","@id":"https:\/\/anoticiaonline.com.br\/site\/revista-viver-brasil-publica-materia-em-que-o-deputado-braulio-braz-fala-sobre-a-inseguranca-economica\/#listItem","name":"Revista Viver Brasil publica mat\u00e9ria em que o deputado Braulio Braz fala sobre a inseguran\u00e7a econ\u00f4mica"},"previousItem":{"@type":"ListItem","@id":"https:\/\/anoticiaonline.com.br\/site#listItem","name":"Home"}},{"@type":"ListItem","@id":"https:\/\/anoticiaonline.com.br\/site\/revista-viver-brasil-publica-materia-em-que-o-deputado-braulio-braz-fala-sobre-a-inseguranca-economica\/#listItem","position":3,"name":"Revista Viver Brasil publica mat\u00e9ria em que o deputado Braulio Braz fala sobre a inseguran\u00e7a econ\u00f4mica","previousItem":{"@type":"ListItem","@id":"https:\/\/anoticiaonline.com.br\/site\/categoria\/gerais\/#listItem","name":"Gerais"}}]},{"@type":"Organization","@id":"https:\/\/anoticiaonline.com.br\/site\/#organization","name":"A Not\u00edcia Online","description":"Noticias de Muria\u00e9 e regi\u00e3o","url":"https:\/\/anoticiaonline.com.br\/site\/","logo":{"@type":"ImageObject","url":"https:\/\/scontent-gig4-1.xx.fbcdn.net\/v\/t39.30808-1\/270437624_4564083193639691_6907940295614233970_n.jpg?stp=dst-jpg_s200x200_tt6&_nc_cat=111&ccb=1-7&_nc_sid=f907e8&_nc_ohc=SM1wRlP3lJwQ7kNvwEPuBYA&_nc_oc=AdnqrjDN_BNjSSHWO-GbkIWH6fkGMLw4bqvL_NH6e2wMveX7G-rP2dAqsDSq1mJMOaY&_nc_zt=24&_nc_ht=scontent-gig4-1.xx&_nc_gid=AoBFJeGrT1hVaew_6rchkQ&oh=00_AfX7QmFGhQhG2jAllVgXCiM1ZrWgvtp80-Bfppyexh1QEg&oe=689E923C","@id":"https:\/\/anoticiaonline.com.br\/site\/revista-viver-brasil-publica-materia-em-que-o-deputado-braulio-braz-fala-sobre-a-inseguranca-economica\/#organizationLogo"},"image":{"@id":"https:\/\/anoticiaonline.com.br\/site\/revista-viver-brasil-publica-materia-em-que-o-deputado-braulio-braz-fala-sobre-a-inseguranca-economica\/#organizationLogo"}},{"@type":"Person","@id":"https:\/\/anoticiaonline.com.br\/site\/author\/juliana\/#author","url":"https:\/\/anoticiaonline.com.br\/site\/author\/juliana\/","name":"Juliana Laviola","image":{"@type":"ImageObject","@id":"https:\/\/anoticiaonline.com.br\/site\/revista-viver-brasil-publica-materia-em-que-o-deputado-braulio-braz-fala-sobre-a-inseguranca-economica\/#authorImage","url":"https:\/\/secure.gravatar.com\/avatar\/b8d45f5c699b100dfaf0e543582f38f38bf94cb7ae3a5e9abf8d891a34773335?s=96&d=mm&r=g","width":96,"height":96,"caption":"Juliana Laviola"}},{"@type":"WebPage","@id":"https:\/\/anoticiaonline.com.br\/site\/revista-viver-brasil-publica-materia-em-que-o-deputado-braulio-braz-fala-sobre-a-inseguranca-economica\/#webpage","url":"https:\/\/anoticiaonline.com.br\/site\/revista-viver-brasil-publica-materia-em-que-o-deputado-braulio-braz-fala-sobre-a-inseguranca-economica\/","name":"Revista Viver Brasil publica mat\u00e9ria em que o deputado Braulio Braz fala sobre a inseguran\u00e7a econ\u00f4mica - A Not\u00edcia Online","description":"A Revista Viver Brasil, edi\u00e7\u00e3o n\u00ba 168, de 12 de fevereiro de 2016, trouxe uma mat\u00e9ria assinada por Sueli Cotta, intitulada \u201cInseguran\u00e7a econ\u00f4mica\u201d, que detalha a opini\u00e3o do empres\u00e1rio e deputado estadual Braulio Braz sobre o cen\u00e1rio econ\u00f4mico brasileiro. Na reportagem, Braulio Braz citou que a falta de credibilidade do governo Dilma Rousseff traz inseguran\u00e7a","inLanguage":"pt-BR","isPartOf":{"@id":"https:\/\/anoticiaonline.com.br\/site\/#website"},"breadcrumb":{"@id":"https:\/\/anoticiaonline.com.br\/site\/revista-viver-brasil-publica-materia-em-que-o-deputado-braulio-braz-fala-sobre-a-inseguranca-economica\/#breadcrumblist"},"author":{"@id":"https:\/\/anoticiaonline.com.br\/site\/author\/juliana\/#author"},"creator":{"@id":"https:\/\/anoticiaonline.com.br\/site\/author\/juliana\/#author"},"image":{"@type":"ImageObject","url":"https:\/\/anoticiaonline.com.br\/site\/wp-content\/uploads\/2016\/02\/braulio-braz.jpg","@id":"https:\/\/anoticiaonline.com.br\/site\/revista-viver-brasil-publica-materia-em-que-o-deputado-braulio-braz-fala-sobre-a-inseguranca-economica\/#mainImage","width":640,"height":436},"primaryImageOfPage":{"@id":"https:\/\/anoticiaonline.com.br\/site\/revista-viver-brasil-publica-materia-em-que-o-deputado-braulio-braz-fala-sobre-a-inseguranca-economica\/#mainImage"},"datePublished":"2016-02-15T14:49:39-03:00","dateModified":"2016-02-15T14:52:38-03:00"},{"@type":"WebSite","@id":"https:\/\/anoticiaonline.com.br\/site\/#website","url":"https:\/\/anoticiaonline.com.br\/site\/","name":"A Not\u00edcia Online","description":"Noticias de Muria\u00e9 e regi\u00e3o","inLanguage":"pt-BR","publisher":{"@id":"https:\/\/anoticiaonline.com.br\/site\/#organization"}}]},"og:locale":"pt_BR","og:site_name":"A Not\u00edcia Online - Noticias de Muria\u00e9 e regi\u00e3o","og:type":"article","og:title":"Revista Viver Brasil publica mat\u00e9ria em que o deputado Braulio Braz fala sobre a inseguran\u00e7a econ\u00f4mica - A Not\u00edcia Online","og:description":"A Revista Viver Brasil, edi\u00e7\u00e3o n\u00ba 168, de 12 de fevereiro de 2016, trouxe uma mat\u00e9ria assinada por Sueli Cotta, intitulada \u201cInseguran\u00e7a econ\u00f4mica\u201d, que detalha a opini\u00e3o do empres\u00e1rio e deputado estadual Braulio Braz sobre o cen\u00e1rio econ\u00f4mico brasileiro. Na reportagem, Braulio Braz citou que a falta de credibilidade do governo Dilma Rousseff traz inseguran\u00e7a","og:url":"https:\/\/anoticiaonline.com.br\/site\/revista-viver-brasil-publica-materia-em-que-o-deputado-braulio-braz-fala-sobre-a-inseguranca-economica\/","og:image":"https:\/\/scontent-gig4-1.xx.fbcdn.net\/v\/t39.30808-1\/270437624_4564083193639691_6907940295614233970_n.jpg?stp=dst-jpg_s200x200_tt6&#038;_nc_cat=111&#038;ccb=1-7&#038;_nc_sid=f907e8&#038;_nc_ohc=SM1wRlP3lJwQ7kNvwEPuBYA&#038;_nc_oc=AdnqrjDN_BNjSSHWO-GbkIWH6fkGMLw4bqvL_NH6e2wMveX7G-rP2dAqsDSq1mJMOaY&#038;_nc_zt=24&#038;_nc_ht=scontent-gig4-1.xx&#038;_nc_gid=AoBFJeGrT1hVaew_6rchkQ&#038;oh=00_AfX7QmFGhQhG2jAllVgXCiM1ZrWgvtp80-Bfppyexh1QEg&#038;oe=689E923C","og:image:secure_url":"https:\/\/scontent-gig4-1.xx.fbcdn.net\/v\/t39.30808-1\/270437624_4564083193639691_6907940295614233970_n.jpg?stp=dst-jpg_s200x200_tt6&#038;_nc_cat=111&#038;ccb=1-7&#038;_nc_sid=f907e8&#038;_nc_ohc=SM1wRlP3lJwQ7kNvwEPuBYA&#038;_nc_oc=AdnqrjDN_BNjSSHWO-GbkIWH6fkGMLw4bqvL_NH6e2wMveX7G-rP2dAqsDSq1mJMOaY&#038;_nc_zt=24&#038;_nc_ht=scontent-gig4-1.xx&#038;_nc_gid=AoBFJeGrT1hVaew_6rchkQ&#038;oh=00_AfX7QmFGhQhG2jAllVgXCiM1ZrWgvtp80-Bfppyexh1QEg&#038;oe=689E923C","article:published_time":"2016-02-15T17:49:39+00:00","article:modified_time":"2016-02-15T17:52:38+00:00","twitter:card":"summary_large_image","twitter:title":"Revista Viver Brasil publica mat\u00e9ria em que o deputado Braulio Braz fala sobre a inseguran\u00e7a econ\u00f4mica - A Not\u00edcia Online","twitter:description":"A Revista Viver Brasil, edi\u00e7\u00e3o n\u00ba 168, de 12 de fevereiro de 2016, trouxe uma mat\u00e9ria assinada por Sueli Cotta, intitulada \u201cInseguran\u00e7a econ\u00f4mica\u201d, que detalha a opini\u00e3o do empres\u00e1rio e deputado estadual Braulio Braz sobre o cen\u00e1rio econ\u00f4mico brasileiro. Na reportagem, Braulio Braz citou que a falta de credibilidade do governo Dilma Rousseff traz inseguran\u00e7a","twitter:image":"https:\/\/scontent-gig4-1.xx.fbcdn.net\/v\/t39.30808-1\/270437624_4564083193639691_6907940295614233970_n.jpg?stp=dst-jpg_s200x200_tt6&_nc_cat=111&ccb=1-7&_nc_sid=f907e8&_nc_ohc=SM1wRlP3lJwQ7kNvwEPuBYA&_nc_oc=AdnqrjDN_BNjSSHWO-GbkIWH6fkGMLw4bqvL_NH6e2wMveX7G-rP2dAqsDSq1mJMOaY&_nc_zt=24&_nc_ht=scontent-gig4-1.xx&_nc_gid=AoBFJeGrT1hVaew_6rchkQ&oh=00_AfX7QmFGhQhG2jAllVgXCiM1ZrWgvtp80-Bfppyexh1QEg&oe=689E923C"},"aioseo_meta_data":{"post_id":"9512","title":null,"description":null,"keywords":null,"keyphrases":null,"primary_term":null,"canonical_url":null,"og_title":null,"og_description":null,"og_object_type":"default","og_image_type":"default","og_image_url":null,"og_image_width":null,"og_image_height":null,"og_image_custom_url":null,"og_image_custom_fields":null,"og_video":null,"og_custom_url":null,"og_article_section":null,"og_article_tags":null,"twitter_use_og":false,"twitter_card":"default","twitter_image_type":"default","twitter_image_url":null,"twitter_image_custom_url":null,"twitter_image_custom_fields":null,"twitter_title":null,"twitter_description":null,"schema":{"blockGraphs":[],"customGraphs":[],"default":{"data":{"Article":[],"Course":[],"Dataset":[],"FAQPage":[],"Movie":[],"Person":[],"Product":[],"ProductReview":[],"Car":[],"Recipe":[],"Service":[],"SoftwareApplication":[],"WebPage":[]},"graphName":"","isEnabled":true},"graphs":[]},"schema_type":"default","schema_type_options":null,"pillar_content":false,"robots_default":true,"robots_noindex":false,"robots_noarchive":false,"robots_nosnippet":false,"robots_nofollow":false,"robots_noimageindex":false,"robots_noodp":false,"robots_notranslate":false,"robots_max_snippet":null,"robots_max_videopreview":null,"robots_max_imagepreview":"large","priority":null,"frequency":null,"local_seo":null,"breadcrumb_settings":null,"limit_modified_date":false,"ai":null,"created":"2025-08-16 15:09:18","updated":"2025-08-16 15:09:18","focus_keyword":null,"additional_keywords":null,"truseo_locale":null,"seo_analyzer_scan_date":null},"aioseo_breadcrumb":"<div class=\"aioseo-breadcrumbs\"><span class=\"aioseo-breadcrumb\">\n\t\t\t<a href=\"https:\/\/anoticiaonline.com.br\/site\" title=\"Home\">Home<\/a>\n\t\t<\/span><span class=\"aioseo-breadcrumb-separator\">&raquo;<\/span><span class=\"aioseo-breadcrumb\">\n\t\t\t<a href=\"https:\/\/anoticiaonline.com.br\/site\/categoria\/gerais\/\" title=\"Gerais\">Gerais<\/a>\n\t\t<\/span><span class=\"aioseo-breadcrumb-separator\">&raquo;<\/span><span class=\"aioseo-breadcrumb\">\n\t\t\tRevista Viver Brasil publica mat\u00e9ria em que o deputado Braulio Braz fala sobre a inseguran\u00e7a econ\u00f4mica\n\t\t<\/span><\/div>","aioseo_breadcrumb_json":[{"label":"Home","link":"https:\/\/anoticiaonline.com.br\/site"},{"label":"Gerais","link":"https:\/\/anoticiaonline.com.br\/site\/categoria\/gerais\/"},{"label":"Revista Viver Brasil publica mat\u00e9ria em que o deputado Braulio Braz fala sobre a inseguran\u00e7a econ\u00f4mica","link":"https:\/\/anoticiaonline.com.br\/site\/revista-viver-brasil-publica-materia-em-que-o-deputado-braulio-braz-fala-sobre-a-inseguranca-economica\/"}],"views":164,"_links":{"self":[{"href":"https:\/\/anoticiaonline.com.br\/site\/wp-json\/wp\/v2\/posts\/9512","targetHints":{"allow":["GET"]}}],"collection":[{"href":"https:\/\/anoticiaonline.com.br\/site\/wp-json\/wp\/v2\/posts"}],"about":[{"href":"https:\/\/anoticiaonline.com.br\/site\/wp-json\/wp\/v2\/types\/post"}],"author":[{"embeddable":true,"href":"https:\/\/anoticiaonline.com.br\/site\/wp-json\/wp\/v2\/users\/2"}],"replies":[{"embeddable":true,"href":"https:\/\/anoticiaonline.com.br\/site\/wp-json\/wp\/v2\/comments?post=9512"}],"version-history":[{"count":0,"href":"https:\/\/anoticiaonline.com.br\/site\/wp-json\/wp\/v2\/posts\/9512\/revisions"}],"wp:featuredmedia":[{"embeddable":true,"href":"https:\/\/anoticiaonline.com.br\/site\/wp-json\/wp\/v2\/media\/9513"}],"wp:attachment":[{"href":"https:\/\/anoticiaonline.com.br\/site\/wp-json\/wp\/v2\/media?parent=9512"}],"wp:term":[{"taxonomy":"category","embeddable":true,"href":"https:\/\/anoticiaonline.com.br\/site\/wp-json\/wp\/v2\/categories?post=9512"},{"taxonomy":"post_tag","embeddable":true,"href":"https:\/\/anoticiaonline.com.br\/site\/wp-json\/wp\/v2\/tags?post=9512"}],"curies":[{"name":"wp","href":"https:\/\/api.w.org\/{rel}","templated":true}]}}