{"id":9507,"date":"2016-02-15T08:48:35","date_gmt":"2016-02-15T11:48:35","guid":{"rendered":"http:\/\/anoticiaonline.com.br\/site\/?p=9507"},"modified":"2016-02-15T08:48:35","modified_gmt":"2016-02-15T11:48:35","slug":"decida-ser-feliz-isso-cabe-unicamente-a-voce","status":"publish","type":"post","link":"https:\/\/anoticiaonline.com.br\/site\/decida-ser-feliz-isso-cabe-unicamente-a-voce\/","title":{"rendered":"Decida ser feliz: isso cabe unicamente a voc\u00ea!"},"content":{"rendered":"<p><span data-offset-key=\"5o7hp-0-0\"><span data-text=\"true\"><strong>O bem que se faz \u00e9 semente de luz atirada na dire\u00e7\u00e3o do futuro<\/strong><\/p>\n<p><em>\u201c(&#8230;) Na Terra, a felicidade somente \u00e9 poss\u00edvel quando algu\u00e9m se esquece de si mesmo para pensar e fazer tudo que lhe esteja ao alcance em favor do seu pr\u00f3ximo\u201d. &#8211; Joanna de \u00c2ngelis<\/em><\/p>\n<p>Sabiamente algu\u00e9m disse algures: \u201cEntre ter raz\u00e3o e ser feliz, prefira ser feliz!\u201d<\/p>\n<p>A felicidade se parece muito com a linha do horizonte: quando caminhamos em sua dire\u00e7\u00e3o ela vai se afastando&#8230; Aprendemos mesmo que ela n\u00e3o \u00e9 deste mundo, mas, sem embargo, podemos ser \u2013 desde j\u00e1 \u2013 relativamente felizes se n\u00e3o a procurarmos nas coisas materiais e sim, se a cultivarmos na transcend\u00eancia do Esp\u00edrito.<\/p>\n<p>Segundo os Benfeitores espirituais, a \u00fanica felicidade que podemos ter nesta Terra \u00e9 a paz do cora\u00e7\u00e3o.\u00a0 E isso j\u00e1 n\u00e3o \u00e9 o bastante em um mundo de provas e expia\u00e7\u00f5es t\u00e3o convulsionado pelas dores e escarc\u00e9us?!<\/p>\n<p>Se elegemos Jesus como nosso \u201cModelo e Guia\u201d temos que prestar aten\u00e7\u00e3o no Seu <em>modus vivendi e operand<\/em>i, uma vez que Ele \u00e9 o nosso Caminho da Verdade e da Vida, e consequentemente da felicidade.\u00a0 Reparemos, em primeiro lugar, que Sua compaix\u00e3o \u00e9 ilimitada. E a compaix\u00e3o vai sempre na vanguarda da Caridade, sem a qual n\u00e3o h\u00e1 salva\u00e7\u00e3o poss\u00edvel. Irm\u00e3o Silv\u00e9rio (Esp\u00edrito), sabendo muito bem disso, inspiradamente ensinou :<\/p>\n<p>&#8220;A Sua era uma compaix\u00e3o feita de amor e de miseric\u00f3rdia, mediante os quais distendia os tesouros da afabilidade e da paz a todos. Em toda e qualquer circunst\u00e2ncia Ele sempre era tomado pela compaix\u00e3o: Compadeceu-Se da vi\u00fava de Naim, que chorava o filho morto, da mulher cananeia, que Lhe rogava ajuda para livrar a filha da enfermidade humilhante, sempre respondendo com ternura e sabedoria a todos os apelos que Lhe faziam os aflitos e os deserdados. O Seu amor atendia incessantemente, jamais deixando de penetrar o \u00edntimo de quem quer que se Lhe acercasse em desespero e car\u00eancia.<\/p>\n<p>Hoje, como ontem, as multid\u00f5es prosseguem sucedendo-se esfaimadas de p\u00e3o, de justi\u00e7a, de oportunidade para ser feliz, de amor, e Ele continua atendendo-as, porque essa \u00e9 a Sua mensagem de vida eterna. Mantendo-se fiel ao compromisso de que, sempre quando fosse solicitado, atenderia o apelo, eis que, neste momento, a Sua inef\u00e1vel compaix\u00e3o alcan\u00e7a-nos, ensejando-nos a ajuda de que carecemos para as nossas in\u00fameras necessidades. A este respeito, n\u00e3o existe qualquer d\u00favida. Necess\u00e1rio, por\u00e9m, recordarmo-nos que, depois de atender aos aflitos e infelizes, orientava-os a que n\u00e3o voltas\u00acsem ao erro, libertando-se dos seus grilh\u00f5es, de modo que ficassem indenes a acontecimentos mais desastrosos.<\/p>\n<p>Desse modo, o empenho e a luta para conseguir-se a harmonia que trabalha a seu favor, deve constituir o primeiro movimento de todo aquele que anseia pela mudan\u00e7a de situa\u00e7\u00e3o emocional, f\u00edsica, econ\u00f4mica, social e espiritual&#8230; Mediante esse esfor\u00e7o de renova\u00e7\u00e3o interna, combatendo as sombras teimosas que se aninham na mente e dominam o cora\u00e7\u00e3o, \u00e9 que se instalar\u00e3o as claridades inapag\u00e1veis do bem-estar que enseja sa\u00fade e paz.<\/p>\n<p>Despir-se das mazelas que sobrecarregam o ser com afli\u00e7\u00f5es desnecess\u00e1rias, renovando os conceitos a respeito do prazer e do viver, que passam a expressar-se de maneira diferente da habitual, daquela que imp\u00f5e a posse e o gozo irrespons\u00e1veis, despertar para a compreens\u00e3o de valores mais importantes quanto duradouros, tornam-se os primeiros passos para a conquista de si mesmo, a fim de poder-se avan\u00e7ar por diferente rumo propiciador da felicidade.<\/p>\n<p>Enquanto se permane\u00e7a arrimado aos mecanismos escapistas do eu n\u00e3o consigo, do eu sou infeliz, do ningu\u00e9m me ajuda, a exist\u00eancia transcorrer\u00e1 sob penas e desaires. No momento, a partir do qual haja uma mudan\u00e7a de conduta mental e f\u00edsica para a a\u00e7\u00e3o dignificadora, tornar-se-\u00e3o vi\u00e1veis as realiza\u00e7\u00f5es de enobrecimento e de liberta\u00e7\u00e3o.<\/p>\n<p>O amor de Deus \u00e9 o mesmo para com todos. Ningu\u00e9m, que se apresente mais bem aquinhoado, em detrimento de outrem. Ocorre, no entanto, que cada qual possui o que recolhe com maior ou menor amplitude, podendo desfrutar do que se encontra armazenado, resultante da coleta realizada. \u00c9 imperioso, desse modo, o esfor\u00e7o pessoal. Os Esp\u00edritos Guias e familiares, em nome de Deus, ajudam, mas n\u00e3o t\u00eam permiss\u00e3o para eliminar os padecimentos que foram gerados por aqueles mesmos que os carregam. S\u00e3o mestres e amigos que auxiliam, sem retirar a responsabilidade do educando que, de outra forma, irresponsavelmente volveria aos conhecidos tormentos, logo os tivesse diminu\u00eddos, o que, infelizmente, ap\u00f3s haver-se libertado volve a busc\u00e1-los.<\/p>\n<p>Com a consci\u00eancia de que tudo \u00e9 poss\u00edvel \u00e0quele que cr\u00ea, de acordo com a recomenda\u00e7\u00e3o do Mestre Jesus, empenhemo-nos em conseguir o bem-estar e a alegria de viver com sa\u00fade, edificando a harmonia no cora\u00e7\u00e3o e seguindo sempre adiante\u201d.<\/p>\n<p>Segundo um Amigo espiritual o amor mesclado \u00e0 compaix\u00e3o robustece as for\u00e7as do navegador no oceano da mat\u00e9ria, porque o mant\u00e9m vinculado \u00e0 Esfera Polar Divina, que o norteia, apontando sempre o rumo correto por onde seguir. Dessa forma, n\u00e3o h\u00e1 como n\u00e3o atingir o alcandorado e protetor porto da felicidade leg\u00edtima e imorredoura.<\/p>\n<p><\/span><\/span><\/p>\n","protected":false},"excerpt":{"rendered":"<p>O bem que se faz \u00e9 semente de luz atirada na dire\u00e7\u00e3o do futuro \u201c(&#8230;) Na Terra, a felicidade somente \u00e9 poss\u00edvel quando algu\u00e9m se esquece de si mesmo para pensar e fazer tudo que lhe esteja ao alcance em favor do seu pr\u00f3ximo\u201d. &#8211; Joanna de \u00c2ngelis Sabiamente algu\u00e9m disse algures: \u201cEntre ter raz\u00e3o &#8230; <a title=\"Decida ser feliz: isso cabe unicamente a voc\u00ea!\" class=\"read-more\" href=\"https:\/\/anoticiaonline.com.br\/site\/decida-ser-feliz-isso-cabe-unicamente-a-voce\/\" aria-label=\"Read more about Decida ser feliz: isso cabe unicamente a voc\u00ea!\">Ler mais<\/a><\/p>\n","protected":false},"author":2,"featured_media":0,"comment_status":"open","ping_status":"open","sticky":false,"template":"","format":"standard","meta":{"_acf_changed":false,"_monsterinsights_skip_tracking":false,"footnotes":""},"categories":[44],"tags":[],"class_list":["post-9507","post","type-post","status-publish","format-standard","hentry","category-espiritismo-em-foco-de-rogerio-coelho"],"acf":[],"aioseo_notices":[],"aioseo_head":"\n\t\t<!-- All in One SEO 5.0.0.1 - aioseo.com -->\n\t<meta name=\"description\" content=\"O bem que se faz \u00e9 semente de luz atirada na dire\u00e7\u00e3o do futuro \u201c(...) Na Terra, a felicidade somente \u00e9 poss\u00edvel quando algu\u00e9m se esquece de si mesmo para pensar e fazer tudo que lhe esteja ao alcance em favor do seu pr\u00f3ximo\u201d. - Joanna de \u00c2ngelis Sabiamente algu\u00e9m disse algures: \u201cEntre ter raz\u00e3o\" \/>\n\t<meta name=\"robots\" content=\"max-image-preview:large\" \/>\n\t<meta name=\"author\" content=\"Juliana Laviola\"\/>\n\t<link rel=\"canonical\" href=\"https:\/\/anoticiaonline.com.br\/site\/decida-ser-feliz-isso-cabe-unicamente-a-voce\/\" \/>\n\t<meta name=\"generator\" content=\"All in One SEO (AIOSEO) 5.0.0.1\" \/>\n\t\t<meta property=\"og:locale\" content=\"pt_BR\" \/>\n\t\t<meta property=\"og:site_name\" content=\"A Not\u00edcia Online - Noticias de Muria\u00e9 e regi\u00e3o\" \/>\n\t\t<meta property=\"og:type\" content=\"article\" \/>\n\t\t<meta property=\"og:title\" content=\"Decida ser feliz: isso cabe unicamente a voc\u00ea! - A Not\u00edcia Online\" \/>\n\t\t<meta property=\"og:description\" content=\"O bem que se faz \u00e9 semente de luz atirada na dire\u00e7\u00e3o do futuro \u201c(...) Na Terra, a felicidade somente \u00e9 poss\u00edvel quando algu\u00e9m se esquece de si mesmo para pensar e fazer tudo que lhe esteja ao alcance em favor do seu pr\u00f3ximo\u201d. - Joanna de \u00c2ngelis Sabiamente algu\u00e9m disse algures: \u201cEntre ter raz\u00e3o\" \/>\n\t\t<meta property=\"og:url\" content=\"https:\/\/anoticiaonline.com.br\/site\/decida-ser-feliz-isso-cabe-unicamente-a-voce\/\" \/>\n\t\t<meta property=\"og:image\" content=\"https:\/\/scontent-gig4-1.xx.fbcdn.net\/v\/t39.30808-1\/270437624_4564083193639691_6907940295614233970_n.jpg?stp=dst-jpg_s200x200_tt6&#038;_nc_cat=111&#038;ccb=1-7&#038;_nc_sid=f907e8&#038;_nc_ohc=SM1wRlP3lJwQ7kNvwEPuBYA&#038;_nc_oc=AdnqrjDN_BNjSSHWO-GbkIWH6fkGMLw4bqvL_NH6e2wMveX7G-rP2dAqsDSq1mJMOaY&#038;_nc_zt=24&#038;_nc_ht=scontent-gig4-1.xx&#038;_nc_gid=AoBFJeGrT1hVaew_6rchkQ&#038;oh=00_AfX7QmFGhQhG2jAllVgXCiM1ZrWgvtp80-Bfppyexh1QEg&#038;oe=689E923C\" \/>\n\t\t<meta property=\"og:image:secure_url\" content=\"https:\/\/scontent-gig4-1.xx.fbcdn.net\/v\/t39.30808-1\/270437624_4564083193639691_6907940295614233970_n.jpg?stp=dst-jpg_s200x200_tt6&#038;_nc_cat=111&#038;ccb=1-7&#038;_nc_sid=f907e8&#038;_nc_ohc=SM1wRlP3lJwQ7kNvwEPuBYA&#038;_nc_oc=AdnqrjDN_BNjSSHWO-GbkIWH6fkGMLw4bqvL_NH6e2wMveX7G-rP2dAqsDSq1mJMOaY&#038;_nc_zt=24&#038;_nc_ht=scontent-gig4-1.xx&#038;_nc_gid=AoBFJeGrT1hVaew_6rchkQ&#038;oh=00_AfX7QmFGhQhG2jAllVgXCiM1ZrWgvtp80-Bfppyexh1QEg&#038;oe=689E923C\" \/>\n\t\t<meta property=\"article:published_time\" content=\"2016-02-15T11:48:35+00:00\" \/>\n\t\t<meta property=\"article:modified_time\" content=\"2016-02-15T11:48:35+00:00\" \/>\n\t\t<meta name=\"twitter:card\" content=\"summary_large_image\" \/>\n\t\t<meta name=\"twitter:title\" content=\"Decida ser feliz: isso cabe unicamente a voc\u00ea! - A Not\u00edcia Online\" \/>\n\t\t<meta name=\"twitter:description\" content=\"O bem que se faz \u00e9 semente de luz atirada na dire\u00e7\u00e3o do futuro \u201c(...) Na Terra, a felicidade somente \u00e9 poss\u00edvel quando algu\u00e9m se esquece de si mesmo para pensar e fazer tudo que lhe esteja ao alcance em favor do seu pr\u00f3ximo\u201d. - Joanna de \u00c2ngelis Sabiamente algu\u00e9m disse algures: \u201cEntre ter raz\u00e3o\" \/>\n\t\t<meta name=\"twitter:image\" content=\"https:\/\/scontent-gig4-1.xx.fbcdn.net\/v\/t39.30808-1\/270437624_4564083193639691_6907940295614233970_n.jpg?stp=dst-jpg_s200x200_tt6&amp;_nc_cat=111&amp;ccb=1-7&amp;_nc_sid=f907e8&amp;_nc_ohc=SM1wRlP3lJwQ7kNvwEPuBYA&amp;_nc_oc=AdnqrjDN_BNjSSHWO-GbkIWH6fkGMLw4bqvL_NH6e2wMveX7G-rP2dAqsDSq1mJMOaY&amp;_nc_zt=24&amp;_nc_ht=scontent-gig4-1.xx&amp;_nc_gid=AoBFJeGrT1hVaew_6rchkQ&amp;oh=00_AfX7QmFGhQhG2jAllVgXCiM1ZrWgvtp80-Bfppyexh1QEg&amp;oe=689E923C\" \/>\n\t\t<script type=\"application\/ld+json\" class=\"aioseo-schema\">\n\t\t\t{\"@context\":\"https:\\\/\\\/schema.org\",\"@graph\":[{\"@type\":\"BlogPosting\",\"@id\":\"https:\\\/\\\/anoticiaonline.com.br\\\/site\\\/decida-ser-feliz-isso-cabe-unicamente-a-voce\\\/#blogposting\",\"name\":\"Decida ser feliz: isso cabe unicamente a voc\\u00ea! - A Not\\u00edcia Online\",\"headline\":\"Decida ser feliz: isso cabe unicamente a voc\\u00ea!\",\"author\":{\"@id\":\"https:\\\/\\\/anoticiaonline.com.br\\\/site\\\/author\\\/juliana\\\/#author\"},\"publisher\":{\"@id\":\"https:\\\/\\\/anoticiaonline.com.br\\\/site\\\/#organization\"},\"image\":{\"@type\":\"ImageObject\",\"url\":\"https:\\\/\\\/scontent-gig4-1.xx.fbcdn.net\\\/v\\\/t39.30808-1\\\/270437624_4564083193639691_6907940295614233970_n.jpg?stp=dst-jpg_s200x200_tt6&_nc_cat=111&ccb=1-7&_nc_sid=f907e8&_nc_ohc=SM1wRlP3lJwQ7kNvwEPuBYA&_nc_oc=AdnqrjDN_BNjSSHWO-GbkIWH6fkGMLw4bqvL_NH6e2wMveX7G-rP2dAqsDSq1mJMOaY&_nc_zt=24&_nc_ht=scontent-gig4-1.xx&_nc_gid=AoBFJeGrT1hVaew_6rchkQ&oh=00_AfX7QmFGhQhG2jAllVgXCiM1ZrWgvtp80-Bfppyexh1QEg&oe=689E923C\",\"@id\":\"https:\\\/\\\/anoticiaonline.com.br\\\/site\\\/#articleImage\"},\"datePublished\":\"2016-02-15T08:48:35-03:00\",\"dateModified\":\"2016-02-15T08:48:35-03:00\",\"inLanguage\":\"pt-BR\",\"mainEntityOfPage\":{\"@id\":\"https:\\\/\\\/anoticiaonline.com.br\\\/site\\\/decida-ser-feliz-isso-cabe-unicamente-a-voce\\\/#webpage\"},\"isPartOf\":{\"@id\":\"https:\\\/\\\/anoticiaonline.com.br\\\/site\\\/decida-ser-feliz-isso-cabe-unicamente-a-voce\\\/#webpage\"},\"articleSection\":\"Espiritismo em Foco, por Rog\\u00e9rio Coelho\"},{\"@type\":\"BreadcrumbList\",\"@id\":\"https:\\\/\\\/anoticiaonline.com.br\\\/site\\\/decida-ser-feliz-isso-cabe-unicamente-a-voce\\\/#breadcrumblist\",\"itemListElement\":[{\"@type\":\"ListItem\",\"@id\":\"https:\\\/\\\/anoticiaonline.com.br\\\/site#listItem\",\"position\":1,\"name\":\"Home\",\"item\":\"https:\\\/\\\/anoticiaonline.com.br\\\/site\",\"nextItem\":{\"@type\":\"ListItem\",\"@id\":\"https:\\\/\\\/anoticiaonline.com.br\\\/site\\\/categoria\\\/colunistas\\\/#listItem\",\"name\":\"Colunistas\"}},{\"@type\":\"ListItem\",\"@id\":\"https:\\\/\\\/anoticiaonline.com.br\\\/site\\\/categoria\\\/colunistas\\\/#listItem\",\"position\":2,\"name\":\"Colunistas\",\"item\":\"https:\\\/\\\/anoticiaonline.com.br\\\/site\\\/categoria\\\/colunistas\\\/\",\"nextItem\":{\"@type\":\"ListItem\",\"@id\":\"https:\\\/\\\/anoticiaonline.com.br\\\/site\\\/categoria\\\/colunistas\\\/espiritismo-em-foco-de-rogerio-coelho\\\/#listItem\",\"name\":\"Espiritismo em Foco, por Rog\\u00e9rio Coelho\"},\"previousItem\":{\"@type\":\"ListItem\",\"@id\":\"https:\\\/\\\/anoticiaonline.com.br\\\/site#listItem\",\"name\":\"Home\"}},{\"@type\":\"ListItem\",\"@id\":\"https:\\\/\\\/anoticiaonline.com.br\\\/site\\\/categoria\\\/colunistas\\\/espiritismo-em-foco-de-rogerio-coelho\\\/#listItem\",\"position\":3,\"name\":\"Espiritismo em Foco, por Rog\\u00e9rio Coelho\",\"item\":\"https:\\\/\\\/anoticiaonline.com.br\\\/site\\\/categoria\\\/colunistas\\\/espiritismo-em-foco-de-rogerio-coelho\\\/\",\"nextItem\":{\"@type\":\"ListItem\",\"@id\":\"https:\\\/\\\/anoticiaonline.com.br\\\/site\\\/decida-ser-feliz-isso-cabe-unicamente-a-voce\\\/#listItem\",\"name\":\"Decida ser feliz: isso cabe unicamente a voc\\u00ea!\"},\"previousItem\":{\"@type\":\"ListItem\",\"@id\":\"https:\\\/\\\/anoticiaonline.com.br\\\/site\\\/categoria\\\/colunistas\\\/#listItem\",\"name\":\"Colunistas\"}},{\"@type\":\"ListItem\",\"@id\":\"https:\\\/\\\/anoticiaonline.com.br\\\/site\\\/decida-ser-feliz-isso-cabe-unicamente-a-voce\\\/#listItem\",\"position\":4,\"name\":\"Decida ser feliz: isso cabe unicamente a voc\\u00ea!\",\"previousItem\":{\"@type\":\"ListItem\",\"@id\":\"https:\\\/\\\/anoticiaonline.com.br\\\/site\\\/categoria\\\/colunistas\\\/espiritismo-em-foco-de-rogerio-coelho\\\/#listItem\",\"name\":\"Espiritismo em Foco, por Rog\\u00e9rio Coelho\"}}]},{\"@type\":\"Organization\",\"@id\":\"https:\\\/\\\/anoticiaonline.com.br\\\/site\\\/#organization\",\"name\":\"A Not\\u00edcia Online\",\"description\":\"Noticias de Muria\\u00e9 e regi\\u00e3o\",\"url\":\"https:\\\/\\\/anoticiaonline.com.br\\\/site\\\/\",\"logo\":{\"@type\":\"ImageObject\",\"url\":\"https:\\\/\\\/scontent-gig4-1.xx.fbcdn.net\\\/v\\\/t39.30808-1\\\/270437624_4564083193639691_6907940295614233970_n.jpg?stp=dst-jpg_s200x200_tt6&_nc_cat=111&ccb=1-7&_nc_sid=f907e8&_nc_ohc=SM1wRlP3lJwQ7kNvwEPuBYA&_nc_oc=AdnqrjDN_BNjSSHWO-GbkIWH6fkGMLw4bqvL_NH6e2wMveX7G-rP2dAqsDSq1mJMOaY&_nc_zt=24&_nc_ht=scontent-gig4-1.xx&_nc_gid=AoBFJeGrT1hVaew_6rchkQ&oh=00_AfX7QmFGhQhG2jAllVgXCiM1ZrWgvtp80-Bfppyexh1QEg&oe=689E923C\",\"@id\":\"https:\\\/\\\/anoticiaonline.com.br\\\/site\\\/decida-ser-feliz-isso-cabe-unicamente-a-voce\\\/#organizationLogo\"},\"image\":{\"@id\":\"https:\\\/\\\/anoticiaonline.com.br\\\/site\\\/decida-ser-feliz-isso-cabe-unicamente-a-voce\\\/#organizationLogo\"}},{\"@type\":\"Person\",\"@id\":\"https:\\\/\\\/anoticiaonline.com.br\\\/site\\\/author\\\/juliana\\\/#author\",\"url\":\"https:\\\/\\\/anoticiaonline.com.br\\\/site\\\/author\\\/juliana\\\/\",\"name\":\"Juliana Laviola\",\"image\":{\"@type\":\"ImageObject\",\"@id\":\"https:\\\/\\\/anoticiaonline.com.br\\\/site\\\/decida-ser-feliz-isso-cabe-unicamente-a-voce\\\/#authorImage\",\"url\":\"https:\\\/\\\/secure.gravatar.com\\\/avatar\\\/b8d45f5c699b100dfaf0e543582f38f38bf94cb7ae3a5e9abf8d891a34773335?s=96&d=mm&r=g\",\"width\":96,\"height\":96,\"caption\":\"Juliana Laviola\"}},{\"@type\":\"WebPage\",\"@id\":\"https:\\\/\\\/anoticiaonline.com.br\\\/site\\\/decida-ser-feliz-isso-cabe-unicamente-a-voce\\\/#webpage\",\"url\":\"https:\\\/\\\/anoticiaonline.com.br\\\/site\\\/decida-ser-feliz-isso-cabe-unicamente-a-voce\\\/\",\"name\":\"Decida ser feliz: isso cabe unicamente a voc\\u00ea! - A Not\\u00edcia Online\",\"description\":\"O bem que se faz \\u00e9 semente de luz atirada na dire\\u00e7\\u00e3o do futuro \\u201c(...) Na Terra, a felicidade somente \\u00e9 poss\\u00edvel quando algu\\u00e9m se esquece de si mesmo para pensar e fazer tudo que lhe esteja ao alcance em favor do seu pr\\u00f3ximo\\u201d. - Joanna de \\u00c2ngelis Sabiamente algu\\u00e9m disse algures: \\u201cEntre ter raz\\u00e3o\",\"inLanguage\":\"pt-BR\",\"isPartOf\":{\"@id\":\"https:\\\/\\\/anoticiaonline.com.br\\\/site\\\/#website\"},\"breadcrumb\":{\"@id\":\"https:\\\/\\\/anoticiaonline.com.br\\\/site\\\/decida-ser-feliz-isso-cabe-unicamente-a-voce\\\/#breadcrumblist\"},\"author\":{\"@id\":\"https:\\\/\\\/anoticiaonline.com.br\\\/site\\\/author\\\/juliana\\\/#author\"},\"creator\":{\"@id\":\"https:\\\/\\\/anoticiaonline.com.br\\\/site\\\/author\\\/juliana\\\/#author\"},\"datePublished\":\"2016-02-15T08:48:35-03:00\",\"dateModified\":\"2016-02-15T08:48:35-03:00\"},{\"@type\":\"WebSite\",\"@id\":\"https:\\\/\\\/anoticiaonline.com.br\\\/site\\\/#website\",\"url\":\"https:\\\/\\\/anoticiaonline.com.br\\\/site\\\/\",\"name\":\"A Not\\u00edcia Online\",\"description\":\"Noticias de Muria\\u00e9 e regi\\u00e3o\",\"inLanguage\":\"pt-BR\",\"publisher\":{\"@id\":\"https:\\\/\\\/anoticiaonline.com.br\\\/site\\\/#organization\"}}]}\n\t\t<\/script>\n\t\t<!-- All in One SEO -->\n\n","aioseo_head_json":{"title":"Decida ser feliz: isso cabe unicamente a voc\u00ea! - A Not\u00edcia Online","description":"O bem que se faz \u00e9 semente de luz atirada na dire\u00e7\u00e3o do futuro \u201c(...) Na Terra, a felicidade somente \u00e9 poss\u00edvel quando algu\u00e9m se esquece de si mesmo para pensar e fazer tudo que lhe esteja ao alcance em favor do seu pr\u00f3ximo\u201d. - Joanna de \u00c2ngelis Sabiamente algu\u00e9m disse algures: \u201cEntre ter raz\u00e3o","canonical_url":"https:\/\/anoticiaonline.com.br\/site\/decida-ser-feliz-isso-cabe-unicamente-a-voce\/","robots":"max-image-preview:large","keywords":"","webmasterTools":{"miscellaneous":""},"schema":{"@context":"https:\/\/schema.org","@graph":[{"@type":"BlogPosting","@id":"https:\/\/anoticiaonline.com.br\/site\/decida-ser-feliz-isso-cabe-unicamente-a-voce\/#blogposting","name":"Decida ser feliz: isso cabe unicamente a voc\u00ea! - A Not\u00edcia Online","headline":"Decida ser feliz: isso cabe unicamente a voc\u00ea!","author":{"@id":"https:\/\/anoticiaonline.com.br\/site\/author\/juliana\/#author"},"publisher":{"@id":"https:\/\/anoticiaonline.com.br\/site\/#organization"},"image":{"@type":"ImageObject","url":"https:\/\/scontent-gig4-1.xx.fbcdn.net\/v\/t39.30808-1\/270437624_4564083193639691_6907940295614233970_n.jpg?stp=dst-jpg_s200x200_tt6&_nc_cat=111&ccb=1-7&_nc_sid=f907e8&_nc_ohc=SM1wRlP3lJwQ7kNvwEPuBYA&_nc_oc=AdnqrjDN_BNjSSHWO-GbkIWH6fkGMLw4bqvL_NH6e2wMveX7G-rP2dAqsDSq1mJMOaY&_nc_zt=24&_nc_ht=scontent-gig4-1.xx&_nc_gid=AoBFJeGrT1hVaew_6rchkQ&oh=00_AfX7QmFGhQhG2jAllVgXCiM1ZrWgvtp80-Bfppyexh1QEg&oe=689E923C","@id":"https:\/\/anoticiaonline.com.br\/site\/#articleImage"},"datePublished":"2016-02-15T08:48:35-03:00","dateModified":"2016-02-15T08:48:35-03:00","inLanguage":"pt-BR","mainEntityOfPage":{"@id":"https:\/\/anoticiaonline.com.br\/site\/decida-ser-feliz-isso-cabe-unicamente-a-voce\/#webpage"},"isPartOf":{"@id":"https:\/\/anoticiaonline.com.br\/site\/decida-ser-feliz-isso-cabe-unicamente-a-voce\/#webpage"},"articleSection":"Espiritismo em Foco, por Rog\u00e9rio Coelho"},{"@type":"BreadcrumbList","@id":"https:\/\/anoticiaonline.com.br\/site\/decida-ser-feliz-isso-cabe-unicamente-a-voce\/#breadcrumblist","itemListElement":[{"@type":"ListItem","@id":"https:\/\/anoticiaonline.com.br\/site#listItem","position":1,"name":"Home","item":"https:\/\/anoticiaonline.com.br\/site","nextItem":{"@type":"ListItem","@id":"https:\/\/anoticiaonline.com.br\/site\/categoria\/colunistas\/#listItem","name":"Colunistas"}},{"@type":"ListItem","@id":"https:\/\/anoticiaonline.com.br\/site\/categoria\/colunistas\/#listItem","position":2,"name":"Colunistas","item":"https:\/\/anoticiaonline.com.br\/site\/categoria\/colunistas\/","nextItem":{"@type":"ListItem","@id":"https:\/\/anoticiaonline.com.br\/site\/categoria\/colunistas\/espiritismo-em-foco-de-rogerio-coelho\/#listItem","name":"Espiritismo em Foco, por Rog\u00e9rio Coelho"},"previousItem":{"@type":"ListItem","@id":"https:\/\/anoticiaonline.com.br\/site#listItem","name":"Home"}},{"@type":"ListItem","@id":"https:\/\/anoticiaonline.com.br\/site\/categoria\/colunistas\/espiritismo-em-foco-de-rogerio-coelho\/#listItem","position":3,"name":"Espiritismo em Foco, por Rog\u00e9rio Coelho","item":"https:\/\/anoticiaonline.com.br\/site\/categoria\/colunistas\/espiritismo-em-foco-de-rogerio-coelho\/","nextItem":{"@type":"ListItem","@id":"https:\/\/anoticiaonline.com.br\/site\/decida-ser-feliz-isso-cabe-unicamente-a-voce\/#listItem","name":"Decida ser feliz: isso cabe unicamente a voc\u00ea!"},"previousItem":{"@type":"ListItem","@id":"https:\/\/anoticiaonline.com.br\/site\/categoria\/colunistas\/#listItem","name":"Colunistas"}},{"@type":"ListItem","@id":"https:\/\/anoticiaonline.com.br\/site\/decida-ser-feliz-isso-cabe-unicamente-a-voce\/#listItem","position":4,"name":"Decida ser feliz: isso cabe unicamente a voc\u00ea!","previousItem":{"@type":"ListItem","@id":"https:\/\/anoticiaonline.com.br\/site\/categoria\/colunistas\/espiritismo-em-foco-de-rogerio-coelho\/#listItem","name":"Espiritismo em Foco, por Rog\u00e9rio Coelho"}}]},{"@type":"Organization","@id":"https:\/\/anoticiaonline.com.br\/site\/#organization","name":"A Not\u00edcia Online","description":"Noticias de Muria\u00e9 e regi\u00e3o","url":"https:\/\/anoticiaonline.com.br\/site\/","logo":{"@type":"ImageObject","url":"https:\/\/scontent-gig4-1.xx.fbcdn.net\/v\/t39.30808-1\/270437624_4564083193639691_6907940295614233970_n.jpg?stp=dst-jpg_s200x200_tt6&_nc_cat=111&ccb=1-7&_nc_sid=f907e8&_nc_ohc=SM1wRlP3lJwQ7kNvwEPuBYA&_nc_oc=AdnqrjDN_BNjSSHWO-GbkIWH6fkGMLw4bqvL_NH6e2wMveX7G-rP2dAqsDSq1mJMOaY&_nc_zt=24&_nc_ht=scontent-gig4-1.xx&_nc_gid=AoBFJeGrT1hVaew_6rchkQ&oh=00_AfX7QmFGhQhG2jAllVgXCiM1ZrWgvtp80-Bfppyexh1QEg&oe=689E923C","@id":"https:\/\/anoticiaonline.com.br\/site\/decida-ser-feliz-isso-cabe-unicamente-a-voce\/#organizationLogo"},"image":{"@id":"https:\/\/anoticiaonline.com.br\/site\/decida-ser-feliz-isso-cabe-unicamente-a-voce\/#organizationLogo"}},{"@type":"Person","@id":"https:\/\/anoticiaonline.com.br\/site\/author\/juliana\/#author","url":"https:\/\/anoticiaonline.com.br\/site\/author\/juliana\/","name":"Juliana Laviola","image":{"@type":"ImageObject","@id":"https:\/\/anoticiaonline.com.br\/site\/decida-ser-feliz-isso-cabe-unicamente-a-voce\/#authorImage","url":"https:\/\/secure.gravatar.com\/avatar\/b8d45f5c699b100dfaf0e543582f38f38bf94cb7ae3a5e9abf8d891a34773335?s=96&d=mm&r=g","width":96,"height":96,"caption":"Juliana Laviola"}},{"@type":"WebPage","@id":"https:\/\/anoticiaonline.com.br\/site\/decida-ser-feliz-isso-cabe-unicamente-a-voce\/#webpage","url":"https:\/\/anoticiaonline.com.br\/site\/decida-ser-feliz-isso-cabe-unicamente-a-voce\/","name":"Decida ser feliz: isso cabe unicamente a voc\u00ea! - A Not\u00edcia Online","description":"O bem que se faz \u00e9 semente de luz atirada na dire\u00e7\u00e3o do futuro \u201c(...) Na Terra, a felicidade somente \u00e9 poss\u00edvel quando algu\u00e9m se esquece de si mesmo para pensar e fazer tudo que lhe esteja ao alcance em favor do seu pr\u00f3ximo\u201d. - Joanna de \u00c2ngelis Sabiamente algu\u00e9m disse algures: \u201cEntre ter raz\u00e3o","inLanguage":"pt-BR","isPartOf":{"@id":"https:\/\/anoticiaonline.com.br\/site\/#website"},"breadcrumb":{"@id":"https:\/\/anoticiaonline.com.br\/site\/decida-ser-feliz-isso-cabe-unicamente-a-voce\/#breadcrumblist"},"author":{"@id":"https:\/\/anoticiaonline.com.br\/site\/author\/juliana\/#author"},"creator":{"@id":"https:\/\/anoticiaonline.com.br\/site\/author\/juliana\/#author"},"datePublished":"2016-02-15T08:48:35-03:00","dateModified":"2016-02-15T08:48:35-03:00"},{"@type":"WebSite","@id":"https:\/\/anoticiaonline.com.br\/site\/#website","url":"https:\/\/anoticiaonline.com.br\/site\/","name":"A Not\u00edcia Online","description":"Noticias de Muria\u00e9 e regi\u00e3o","inLanguage":"pt-BR","publisher":{"@id":"https:\/\/anoticiaonline.com.br\/site\/#organization"}}]},"og:locale":"pt_BR","og:site_name":"A Not\u00edcia Online - Noticias de Muria\u00e9 e regi\u00e3o","og:type":"article","og:title":"Decida ser feliz: isso cabe unicamente a voc\u00ea! - A Not\u00edcia Online","og:description":"O bem que se faz \u00e9 semente de luz atirada na dire\u00e7\u00e3o do futuro \u201c(...) Na Terra, a felicidade somente \u00e9 poss\u00edvel quando algu\u00e9m se esquece de si mesmo para pensar e fazer tudo que lhe esteja ao alcance em favor do seu pr\u00f3ximo\u201d. - Joanna de \u00c2ngelis Sabiamente algu\u00e9m disse algures: \u201cEntre ter raz\u00e3o","og:url":"https:\/\/anoticiaonline.com.br\/site\/decida-ser-feliz-isso-cabe-unicamente-a-voce\/","og:image":"https:\/\/scontent-gig4-1.xx.fbcdn.net\/v\/t39.30808-1\/270437624_4564083193639691_6907940295614233970_n.jpg?stp=dst-jpg_s200x200_tt6&#038;_nc_cat=111&#038;ccb=1-7&#038;_nc_sid=f907e8&#038;_nc_ohc=SM1wRlP3lJwQ7kNvwEPuBYA&#038;_nc_oc=AdnqrjDN_BNjSSHWO-GbkIWH6fkGMLw4bqvL_NH6e2wMveX7G-rP2dAqsDSq1mJMOaY&#038;_nc_zt=24&#038;_nc_ht=scontent-gig4-1.xx&#038;_nc_gid=AoBFJeGrT1hVaew_6rchkQ&#038;oh=00_AfX7QmFGhQhG2jAllVgXCiM1ZrWgvtp80-Bfppyexh1QEg&#038;oe=689E923C","og:image:secure_url":"https:\/\/scontent-gig4-1.xx.fbcdn.net\/v\/t39.30808-1\/270437624_4564083193639691_6907940295614233970_n.jpg?stp=dst-jpg_s200x200_tt6&#038;_nc_cat=111&#038;ccb=1-7&#038;_nc_sid=f907e8&#038;_nc_ohc=SM1wRlP3lJwQ7kNvwEPuBYA&#038;_nc_oc=AdnqrjDN_BNjSSHWO-GbkIWH6fkGMLw4bqvL_NH6e2wMveX7G-rP2dAqsDSq1mJMOaY&#038;_nc_zt=24&#038;_nc_ht=scontent-gig4-1.xx&#038;_nc_gid=AoBFJeGrT1hVaew_6rchkQ&#038;oh=00_AfX7QmFGhQhG2jAllVgXCiM1ZrWgvtp80-Bfppyexh1QEg&#038;oe=689E923C","article:published_time":"2016-02-15T11:48:35+00:00","article:modified_time":"2016-02-15T11:48:35+00:00","twitter:card":"summary_large_image","twitter:title":"Decida ser feliz: isso cabe unicamente a voc\u00ea! - A Not\u00edcia Online","twitter:description":"O bem que se faz \u00e9 semente de luz atirada na dire\u00e7\u00e3o do futuro \u201c(...) Na Terra, a felicidade somente \u00e9 poss\u00edvel quando algu\u00e9m se esquece de si mesmo para pensar e fazer tudo que lhe esteja ao alcance em favor do seu pr\u00f3ximo\u201d. - Joanna de \u00c2ngelis Sabiamente algu\u00e9m disse algures: \u201cEntre ter raz\u00e3o","twitter:image":"https:\/\/scontent-gig4-1.xx.fbcdn.net\/v\/t39.30808-1\/270437624_4564083193639691_6907940295614233970_n.jpg?stp=dst-jpg_s200x200_tt6&_nc_cat=111&ccb=1-7&_nc_sid=f907e8&_nc_ohc=SM1wRlP3lJwQ7kNvwEPuBYA&_nc_oc=AdnqrjDN_BNjSSHWO-GbkIWH6fkGMLw4bqvL_NH6e2wMveX7G-rP2dAqsDSq1mJMOaY&_nc_zt=24&_nc_ht=scontent-gig4-1.xx&_nc_gid=AoBFJeGrT1hVaew_6rchkQ&oh=00_AfX7QmFGhQhG2jAllVgXCiM1ZrWgvtp80-Bfppyexh1QEg&oe=689E923C"},"aioseo_meta_data":{"post_id":"9507","title":null,"description":null,"keywords":null,"keyphrases":null,"primary_term":null,"canonical_url":null,"og_title":null,"og_description":null,"og_object_type":"default","og_image_type":"default","og_image_url":null,"og_image_width":null,"og_image_height":null,"og_image_custom_url":null,"og_image_custom_fields":null,"og_video":null,"og_custom_url":null,"og_article_section":null,"og_article_tags":null,"twitter_use_og":false,"twitter_card":"default","twitter_image_type":"default","twitter_image_url":null,"twitter_image_custom_url":null,"twitter_image_custom_fields":null,"twitter_title":null,"twitter_description":null,"schema":{"blockGraphs":[],"customGraphs":[],"default":{"data":{"Article":[],"Course":[],"Dataset":[],"FAQPage":[],"Movie":[],"Person":[],"Product":[],"ProductReview":[],"Car":[],"Recipe":[],"Service":[],"SoftwareApplication":[],"WebPage":[]},"graphName":"","isEnabled":true},"graphs":[]},"schema_type":"default","schema_type_options":null,"pillar_content":false,"robots_default":true,"robots_noindex":false,"robots_noarchive":false,"robots_nosnippet":false,"robots_nofollow":false,"robots_noimageindex":false,"robots_noodp":false,"robots_notranslate":false,"robots_max_snippet":null,"robots_max_videopreview":null,"robots_max_imagepreview":"large","priority":null,"frequency":null,"local_seo":null,"breadcrumb_settings":null,"limit_modified_date":false,"ai":null,"created":"2025-08-16 15:09:18","updated":"2025-08-16 15:09:18","focus_keyword":null,"additional_keywords":null,"truseo_locale":null,"seo_analyzer_scan_date":null},"aioseo_breadcrumb":"<div class=\"aioseo-breadcrumbs\"><span class=\"aioseo-breadcrumb\">\n\t\t\t<a href=\"https:\/\/anoticiaonline.com.br\/site\" title=\"Home\">Home<\/a>\n\t\t<\/span><span class=\"aioseo-breadcrumb-separator\">&raquo;<\/span><span class=\"aioseo-breadcrumb\">\n\t\t\t<a href=\"https:\/\/anoticiaonline.com.br\/site\/categoria\/colunistas\/\" title=\"Colunistas\">Colunistas<\/a>\n\t\t<\/span><span class=\"aioseo-breadcrumb-separator\">&raquo;<\/span><span class=\"aioseo-breadcrumb\">\n\t\t\t<a href=\"https:\/\/anoticiaonline.com.br\/site\/categoria\/colunistas\/espiritismo-em-foco-de-rogerio-coelho\/\" title=\"Espiritismo em Foco, por Rog\u00e9rio Coelho\">Espiritismo em Foco, por Rog\u00e9rio Coelho<\/a>\n\t\t<\/span><span class=\"aioseo-breadcrumb-separator\">&raquo;<\/span><span class=\"aioseo-breadcrumb\">\n\t\t\tDecida ser feliz: isso cabe unicamente a voc\u00ea!\n\t\t<\/span><\/div>","aioseo_breadcrumb_json":[{"label":"Home","link":"https:\/\/anoticiaonline.com.br\/site"},{"label":"Colunistas","link":"https:\/\/anoticiaonline.com.br\/site\/categoria\/colunistas\/"},{"label":"Espiritismo em Foco, por Rog\u00e9rio Coelho","link":"https:\/\/anoticiaonline.com.br\/site\/categoria\/colunistas\/espiritismo-em-foco-de-rogerio-coelho\/"},{"label":"Decida ser feliz: isso cabe unicamente a voc\u00ea!","link":"https:\/\/anoticiaonline.com.br\/site\/decida-ser-feliz-isso-cabe-unicamente-a-voce\/"}],"views":167,"_links":{"self":[{"href":"https:\/\/anoticiaonline.com.br\/site\/wp-json\/wp\/v2\/posts\/9507","targetHints":{"allow":["GET"]}}],"collection":[{"href":"https:\/\/anoticiaonline.com.br\/site\/wp-json\/wp\/v2\/posts"}],"about":[{"href":"https:\/\/anoticiaonline.com.br\/site\/wp-json\/wp\/v2\/types\/post"}],"author":[{"embeddable":true,"href":"https:\/\/anoticiaonline.com.br\/site\/wp-json\/wp\/v2\/users\/2"}],"replies":[{"embeddable":true,"href":"https:\/\/anoticiaonline.com.br\/site\/wp-json\/wp\/v2\/comments?post=9507"}],"version-history":[{"count":0,"href":"https:\/\/anoticiaonline.com.br\/site\/wp-json\/wp\/v2\/posts\/9507\/revisions"}],"wp:attachment":[{"href":"https:\/\/anoticiaonline.com.br\/site\/wp-json\/wp\/v2\/media?parent=9507"}],"wp:term":[{"taxonomy":"category","embeddable":true,"href":"https:\/\/anoticiaonline.com.br\/site\/wp-json\/wp\/v2\/categories?post=9507"},{"taxonomy":"post_tag","embeddable":true,"href":"https:\/\/anoticiaonline.com.br\/site\/wp-json\/wp\/v2\/tags?post=9507"}],"curies":[{"name":"wp","href":"https:\/\/api.w.org\/{rel}","templated":true}]}}