{"id":9488,"date":"2016-02-11T17:04:56","date_gmt":"2016-02-11T20:04:56","guid":{"rendered":"http:\/\/anoticiaonline.com.br\/site\/?p=9488"},"modified":"2016-02-11T17:04:56","modified_gmt":"2016-02-11T20:04:56","slug":"sociarte-23","status":"publish","type":"post","link":"https:\/\/anoticiaonline.com.br\/site\/sociarte-23\/","title":{"rendered":"Sociarte"},"content":{"rendered":"<p><strong>Edi\u00e7\u00e3o 474, de 12 de fevereiro de 2016<\/strong><\/p>\n<p><strong>Em alta<\/strong><\/p>\n<p>Na pr\u00f3xima quarta-feira, o Corpo de Bombeiros completa dez anos de atua\u00e7\u00e3o em Muria\u00e9. O 2\u00ba Pelot\u00e3o foi inaugurado no dia 17 de fevereiro de 2006 e, desde ent\u00e3o, presta relevantes servi\u00e7os \u00e0 popula\u00e7\u00e3o de Muria\u00e9 e cidades vizinhas. Todos n\u00f3s s\u00f3 temos a agradecer a presen\u00e7a da corpora\u00e7\u00e3o em nosso munic\u00edpio e parabenizar os militares pelo relevante trabalho que desempenham!<\/p>\n<p>&nbsp;<\/p>\n<p>&nbsp;<\/p>\n<p><a href=\"https:\/\/anoticiaonline.com.br\/site\/wp-content\/uploads\/2016\/02\/Nascimento-de-Laura.jpg\"><img fetchpriority=\"high\" decoding=\"async\" class=\"alignnone size-medium wp-image-9489\" src=\"https:\/\/anoticiaonline.com.br\/site\/wp-content\/uploads\/2016\/02\/Nascimento-de-Laura-199x300.jpg\" alt=\"Nascimento de Laura\" width=\"199\" height=\"300\" srcset=\"https:\/\/anoticiaonline.com.br\/site\/wp-content\/uploads\/2016\/02\/Nascimento-de-Laura-199x300.jpg 199w, https:\/\/anoticiaonline.com.br\/site\/wp-content\/uploads\/2016\/02\/Nascimento-de-Laura.jpg 424w\" sizes=\"(max-width: 199px) 100vw, 199px\" \/><\/a><br \/>\n<strong>Nascimento de Laura<\/strong><\/p>\n<p>Laura Coimbra Dias, segunda filha do casal Miqu\u00e9ias Dias e Juliana Coimbra da Silva Dias, chegou, para alegrar ainda mais a fam\u00edlia. Ela nasceu no dia 5, \u00e0s 16h31min, no Hospital S\u00e3o Paulo, pesando 2,900kg e medindo 46cm. Quem tamb\u00e9m est\u00e1 muito feliz com a chegada de Laura \u00e9 a irm\u00e3zinha J\u00falia. Que Laura cres\u00e7a com muita sa\u00fade! Parab\u00e9ns para a fam\u00edlia! (Ludmila Gusman Fotografia)<\/p>\n<p>&nbsp;<\/p>\n<p>&nbsp;<\/p>\n<p><a href=\"https:\/\/anoticiaonline.com.br\/site\/wp-content\/uploads\/2016\/02\/15-anos-de-Lara.jpg\"><img decoding=\"async\" class=\"alignnone size-medium wp-image-9490\" src=\"https:\/\/anoticiaonline.com.br\/site\/wp-content\/uploads\/2016\/02\/15-anos-de-Lara-199x300.jpg\" alt=\"15 anos de Lara\" width=\"199\" height=\"300\" srcset=\"https:\/\/anoticiaonline.com.br\/site\/wp-content\/uploads\/2016\/02\/15-anos-de-Lara-199x300.jpg 199w, https:\/\/anoticiaonline.com.br\/site\/wp-content\/uploads\/2016\/02\/15-anos-de-Lara.jpg 424w\" sizes=\"(max-width: 199px) 100vw, 199px\" \/><\/a><br \/>\n<strong>15 anos de Lara<\/strong><\/p>\n<p>Os 15 anos de Lara Maria Vardiero foram comemorados durante uma linda festa, que aconteceu no s\u00e1bado (6), na Casa da Amizade e que contou com a presen\u00e7a de familiares e amigos. A aniversariante recebe os parab\u00e9ns dos pais, Romildo Jos\u00e9 Vardiero e Elaine Correa Vardiero. Felicidades mil para voc\u00ea, Lara! (Revele Photo)<\/p>\n<p>&nbsp;<\/p>\n<p>&nbsp;<\/p>\n<p><a href=\"https:\/\/anoticiaonline.com.br\/site\/wp-content\/uploads\/2016\/02\/15-anos-de-Maria-Izadora.jpg\"><img decoding=\"async\" class=\"alignnone size-medium wp-image-9491\" src=\"https:\/\/anoticiaonline.com.br\/site\/wp-content\/uploads\/2016\/02\/15-anos-de-Maria-Izadora-300x199.jpg\" alt=\"15 anos de Maria Izadora\" width=\"300\" height=\"199\" srcset=\"https:\/\/anoticiaonline.com.br\/site\/wp-content\/uploads\/2016\/02\/15-anos-de-Maria-Izadora-300x199.jpg 300w, https:\/\/anoticiaonline.com.br\/site\/wp-content\/uploads\/2016\/02\/15-anos-de-Maria-Izadora.jpg 640w\" sizes=\"(max-width: 300px) 100vw, 300px\" \/><\/a><br \/>\n<strong>15 anos de Maria Izadora<\/strong><\/p>\n<p>Maria Izadora Freitas Silva comemorou seus 15 anos entre familiares e amigos, durante uma linda festa, que aconteceu no s\u00e1bado (6), no Espa\u00e7o Nobre, no Santana. A aniversariante recebe os parab\u00e9ns dos pais, Jos\u00e9 Enedino da Silva e Maria de F\u00e1tima Freitas Silva. (Foto Central)<\/p>\n<p>&nbsp;<\/p>\n<p>&nbsp;<\/p>\n<p><a href=\"https:\/\/anoticiaonline.com.br\/site\/wp-content\/uploads\/2016\/02\/Casamento-de-Raquel-e-Marcos-Vin\u00edcio.jpg\"><img loading=\"lazy\" decoding=\"async\" class=\"alignnone size-medium wp-image-9492\" src=\"https:\/\/anoticiaonline.com.br\/site\/wp-content\/uploads\/2016\/02\/Casamento-de-Raquel-e-Marcos-Vin\u00edcio-200x300.jpg\" alt=\"Casamento de Raquel e Marcos Vin\u00edcio\" width=\"200\" height=\"300\" srcset=\"https:\/\/anoticiaonline.com.br\/site\/wp-content\/uploads\/2016\/02\/Casamento-de-Raquel-e-Marcos-Vin\u00edcio-200x300.jpg 200w, https:\/\/anoticiaonline.com.br\/site\/wp-content\/uploads\/2016\/02\/Casamento-de-Raquel-e-Marcos-Vin\u00edcio.jpg 427w\" sizes=\"(max-width: 200px) 100vw, 200px\" \/><\/a><br \/>\n<strong>Casamento de Raquel e Marcos Vin\u00edcio<\/strong><\/p>\n<p>Raquel Seabra de Oliveira Gotardo e Marcos Vin\u00edcio Gotardo trocaram alian\u00e7as no dia 5 de fevereiro, durante cerim\u00f4nia realizada na Igreja do Evangelho Quadrangular do bairro Cer\u00e2mica. Por\u00e9m, a recep\u00e7\u00e3o aos convidados aconteceu dois dias antes, no dia 3, em um espa\u00e7o na Rua S\u00e3o Sebasti\u00e3o, no Centro. Parab\u00e9ns ao casal! (Foto Central)<\/p>\n<p>&nbsp;<\/p>\n<p>&nbsp;<\/p>\n<p><a href=\"https:\/\/anoticiaonline.com.br\/site\/wp-content\/uploads\/2016\/02\/Enlace-de-Nayra-e-Lucas-Henrique.jpg\"><img loading=\"lazy\" decoding=\"async\" class=\"alignnone size-medium wp-image-9493\" src=\"https:\/\/anoticiaonline.com.br\/site\/wp-content\/uploads\/2016\/02\/Enlace-de-Nayra-e-Lucas-Henrique-199x300.jpg\" alt=\"Enlace de Nayra e Lucas Henrique\" width=\"199\" height=\"300\" srcset=\"https:\/\/anoticiaonline.com.br\/site\/wp-content\/uploads\/2016\/02\/Enlace-de-Nayra-e-Lucas-Henrique-199x300.jpg 199w, https:\/\/anoticiaonline.com.br\/site\/wp-content\/uploads\/2016\/02\/Enlace-de-Nayra-e-Lucas-Henrique.jpg 425w\" sizes=\"(max-width: 199px) 100vw, 199px\" \/><\/a><br \/>\n<strong>Enlace de Nayra e Lucas Henrique<\/strong><\/p>\n<p>Nayra de C\u00e1ssia Mendes de Lana e Lucas Henrique Silva Evangelista disseram \u201csim\u201d. A cerim\u00f4nia e a recep\u00e7\u00e3o aconteceram no dia 23 de janeiro, na Fazenda Bicu\u00edba, em S\u00e3o Francisco do Gl\u00f3ria. Felicidades ao casal! (Foto Kennedy)<\/p>\n<p>&nbsp;<\/p>\n<p>&nbsp;<\/p>\n<p><a href=\"https:\/\/anoticiaonline.com.br\/site\/wp-content\/uploads\/2016\/02\/60-anos-de-Fernando.jpg\"><img loading=\"lazy\" decoding=\"async\" class=\"alignnone size-medium wp-image-9494\" src=\"https:\/\/anoticiaonline.com.br\/site\/wp-content\/uploads\/2016\/02\/60-anos-de-Fernando-199x300.jpg\" alt=\"60 anos de Fernando\" width=\"199\" height=\"300\" srcset=\"https:\/\/anoticiaonline.com.br\/site\/wp-content\/uploads\/2016\/02\/60-anos-de-Fernando-199x300.jpg 199w, https:\/\/anoticiaonline.com.br\/site\/wp-content\/uploads\/2016\/02\/60-anos-de-Fernando.jpg 424w\" sizes=\"(max-width: 199px) 100vw, 199px\" \/><\/a><br \/>\n<strong>60 anos de Fernando<\/strong><\/p>\n<p>As seis d\u00e9cadas de vida de Fernando Fraga Fran\u00e7a foram comemoradas em grande estilo, durante uma festa realizada no dia 23 de janeiro, no S\u00edtio da Gameleira. O aniversariante recebe os parab\u00e9ns da esposa Ivanir, dos filhos, Tiago e Fernanda, da nora Jordana e do neto Bernardo. (Foto Kennedy)<\/p>\n<p>&nbsp;<\/p>\n<p>&nbsp;<\/p>\n<p><a href=\"https:\/\/anoticiaonline.com.br\/site\/wp-content\/uploads\/2016\/02\/1-ano-de-Cec\u00edlia.jpg\"><img loading=\"lazy\" decoding=\"async\" class=\"alignnone size-medium wp-image-9495\" src=\"https:\/\/anoticiaonline.com.br\/site\/wp-content\/uploads\/2016\/02\/1-ano-de-Cec\u00edlia-300x199.jpg\" alt=\"1 ano de Cec\u00edlia\" width=\"300\" height=\"199\" srcset=\"https:\/\/anoticiaonline.com.br\/site\/wp-content\/uploads\/2016\/02\/1-ano-de-Cec\u00edlia-300x199.jpg 300w, https:\/\/anoticiaonline.com.br\/site\/wp-content\/uploads\/2016\/02\/1-ano-de-Cec\u00edlia-290x192.jpg 290w, https:\/\/anoticiaonline.com.br\/site\/wp-content\/uploads\/2016\/02\/1-ano-de-Cec\u00edlia.jpg 640w\" sizes=\"(max-width: 300px) 100vw, 300px\" \/><\/a><br \/>\n<strong>1 ano de Cec\u00edlia<\/strong><\/p>\n<p>O 1\u00ba aninho da segunda filha do casal Marcelo Marchitto e Gilmara, Cec\u00edlia Santos Marchitto, foi comemorado durante uma linda festa, que aconteceu no dia 30 de janeiro, na Ch\u00e1cara Rochedo. Parab\u00e9ns, Cec\u00edlia! (Revele Photo)<\/p>\n<p>&nbsp;<\/p>\n<p>&nbsp;<\/p>\n<p><a href=\"https:\/\/anoticiaonline.com.br\/site\/wp-content\/uploads\/2016\/02\/3-anos-de-Elisa.jpg\"><img loading=\"lazy\" decoding=\"async\" class=\"alignnone size-medium wp-image-9496\" src=\"https:\/\/anoticiaonline.com.br\/site\/wp-content\/uploads\/2016\/02\/3-anos-de-Elisa-300x199.jpg\" alt=\"3 anos de Elisa\" width=\"300\" height=\"199\" srcset=\"https:\/\/anoticiaonline.com.br\/site\/wp-content\/uploads\/2016\/02\/3-anos-de-Elisa-300x199.jpg 300w, https:\/\/anoticiaonline.com.br\/site\/wp-content\/uploads\/2016\/02\/3-anos-de-Elisa.jpg 640w\" sizes=\"(max-width: 300px) 100vw, 300px\" \/><\/a><br \/>\n<strong>3 anos de Elisa<\/strong><\/p>\n<p>Os 3 anos de Elisa Martins Trotta foram comemorados entre familiares e amiguinhos. A festa aconteceu no dia 30 de janeiro, na casa da vov\u00f3 Lia, em Boa Fam\u00edlia. A aniversariante recebe os parab\u00e9ns dos pais, Daniel e Daniely e do irm\u00e3o Luiz Felipe. (Revele Photo)<\/p>\n<p>&nbsp;<\/p>\n<p>&nbsp;<\/p>\n<p><a href=\"https:\/\/anoticiaonline.com.br\/site\/wp-content\/uploads\/2016\/02\/Padre-Silas.jpg\"><img loading=\"lazy\" decoding=\"async\" class=\"alignnone size-medium wp-image-9497\" src=\"https:\/\/anoticiaonline.com.br\/site\/wp-content\/uploads\/2016\/02\/Padre-Silas-265x300.jpg\" alt=\"Padre Silas\" width=\"265\" height=\"300\" srcset=\"https:\/\/anoticiaonline.com.br\/site\/wp-content\/uploads\/2016\/02\/Padre-Silas-265x300.jpg 265w, https:\/\/anoticiaonline.com.br\/site\/wp-content\/uploads\/2016\/02\/Padre-Silas.jpg 565w\" sizes=\"(max-width: 265px) 100vw, 265px\" \/><\/a><br \/>\n<strong>Padre Silas<\/strong><\/p>\n<p>O padre Silas Geraldo, p\u00e1roco da Par\u00f3quia Nossa Senhora Aparecida, no Porto, ap\u00f3s dez anos atuando em Muria\u00e9, vai deixar a cidade. \u00c9 que ele foi transferido para Ub\u00e1, onde assumir\u00e1 o cargo de administrador paroquial da Par\u00f3quia Divino Esp\u00edrito Santo. Padre Silas, que tamb\u00e9m \u00e9 colunista do A NOT\u00cdCIA, vai deixar saudades. Muria\u00e9 s\u00f3 tem a agradec\u00ea-lo pelo edificante trabalho evangelizador que desempenhou no munic\u00edpio. Padre, muito sucesso nessa nova etapa de sua vida presbiteral! (Facebook padre Silas)<\/p>\n","protected":false},"excerpt":{"rendered":"<p>Edi\u00e7\u00e3o 474, de 12 de fevereiro de 2016 Em alta Na pr\u00f3xima quarta-feira, o Corpo de Bombeiros completa dez anos de atua\u00e7\u00e3o em Muria\u00e9. O 2\u00ba Pelot\u00e3o foi inaugurado no dia 17 de fevereiro de 2006 e, desde ent\u00e3o, presta relevantes servi\u00e7os \u00e0 popula\u00e7\u00e3o de Muria\u00e9 e cidades vizinhas. Todos n\u00f3s s\u00f3 temos a agradecer &#8230; <a title=\"Sociarte\" class=\"read-more\" href=\"https:\/\/anoticiaonline.com.br\/site\/sociarte-23\/\" aria-label=\"Read more about Sociarte\">Ler mais<\/a><\/p>\n","protected":false},"author":2,"featured_media":0,"comment_status":"open","ping_status":"open","sticky":false,"template":"","format":"standard","meta":{"_acf_changed":false,"_monsterinsights_skip_tracking":false,"footnotes":""},"categories":[38],"tags":[],"class_list":["post-9488","post","type-post","status-publish","format-standard","hentry","category-sociarte"],"acf":[],"aioseo_notices":[],"aioseo_head":"\n\t\t<!-- All in One SEO 5.0.0.1 - aioseo.com -->\n\t<meta name=\"description\" content=\"Edi\u00e7\u00e3o 474, de 12 de fevereiro de 2016 Em alta Na pr\u00f3xima quarta-feira, o Corpo de Bombeiros completa dez anos de atua\u00e7\u00e3o em Muria\u00e9. O 2\u00ba Pelot\u00e3o foi inaugurado no dia 17 de fevereiro de 2006 e, desde ent\u00e3o, presta relevantes servi\u00e7os \u00e0 popula\u00e7\u00e3o de Muria\u00e9 e cidades vizinhas. Todos n\u00f3s s\u00f3 temos a agradecer\" \/>\n\t<meta name=\"robots\" content=\"max-image-preview:large\" \/>\n\t<meta name=\"author\" content=\"Juliana Laviola\"\/>\n\t<link rel=\"canonical\" href=\"https:\/\/anoticiaonline.com.br\/site\/sociarte-23\/\" \/>\n\t<meta name=\"generator\" content=\"All in One SEO (AIOSEO) 5.0.0.1\" \/>\n\t\t<meta property=\"og:locale\" content=\"pt_BR\" \/>\n\t\t<meta property=\"og:site_name\" content=\"A Not\u00edcia Online - Noticias de Muria\u00e9 e regi\u00e3o\" \/>\n\t\t<meta property=\"og:type\" content=\"article\" \/>\n\t\t<meta property=\"og:title\" content=\"Sociarte - A Not\u00edcia Online\" \/>\n\t\t<meta property=\"og:description\" content=\"Edi\u00e7\u00e3o 474, de 12 de fevereiro de 2016 Em alta Na pr\u00f3xima quarta-feira, o Corpo de Bombeiros completa dez anos de atua\u00e7\u00e3o em Muria\u00e9. O 2\u00ba Pelot\u00e3o foi inaugurado no dia 17 de fevereiro de 2006 e, desde ent\u00e3o, presta relevantes servi\u00e7os \u00e0 popula\u00e7\u00e3o de Muria\u00e9 e cidades vizinhas. Todos n\u00f3s s\u00f3 temos a agradecer\" \/>\n\t\t<meta property=\"og:url\" content=\"https:\/\/anoticiaonline.com.br\/site\/sociarte-23\/\" \/>\n\t\t<meta property=\"og:image\" content=\"https:\/\/scontent-gig4-1.xx.fbcdn.net\/v\/t39.30808-1\/270437624_4564083193639691_6907940295614233970_n.jpg?stp=dst-jpg_s200x200_tt6&#038;_nc_cat=111&#038;ccb=1-7&#038;_nc_sid=f907e8&#038;_nc_ohc=SM1wRlP3lJwQ7kNvwEPuBYA&#038;_nc_oc=AdnqrjDN_BNjSSHWO-GbkIWH6fkGMLw4bqvL_NH6e2wMveX7G-rP2dAqsDSq1mJMOaY&#038;_nc_zt=24&#038;_nc_ht=scontent-gig4-1.xx&#038;_nc_gid=AoBFJeGrT1hVaew_6rchkQ&#038;oh=00_AfX7QmFGhQhG2jAllVgXCiM1ZrWgvtp80-Bfppyexh1QEg&#038;oe=689E923C\" \/>\n\t\t<meta property=\"og:image:secure_url\" content=\"https:\/\/scontent-gig4-1.xx.fbcdn.net\/v\/t39.30808-1\/270437624_4564083193639691_6907940295614233970_n.jpg?stp=dst-jpg_s200x200_tt6&#038;_nc_cat=111&#038;ccb=1-7&#038;_nc_sid=f907e8&#038;_nc_ohc=SM1wRlP3lJwQ7kNvwEPuBYA&#038;_nc_oc=AdnqrjDN_BNjSSHWO-GbkIWH6fkGMLw4bqvL_NH6e2wMveX7G-rP2dAqsDSq1mJMOaY&#038;_nc_zt=24&#038;_nc_ht=scontent-gig4-1.xx&#038;_nc_gid=AoBFJeGrT1hVaew_6rchkQ&#038;oh=00_AfX7QmFGhQhG2jAllVgXCiM1ZrWgvtp80-Bfppyexh1QEg&#038;oe=689E923C\" \/>\n\t\t<meta property=\"article:published_time\" content=\"2016-02-11T20:04:56+00:00\" \/>\n\t\t<meta property=\"article:modified_time\" content=\"2016-02-11T20:04:56+00:00\" \/>\n\t\t<meta name=\"twitter:card\" content=\"summary_large_image\" \/>\n\t\t<meta name=\"twitter:title\" content=\"Sociarte - A Not\u00edcia Online\" \/>\n\t\t<meta name=\"twitter:description\" content=\"Edi\u00e7\u00e3o 474, de 12 de fevereiro de 2016 Em alta Na pr\u00f3xima quarta-feira, o Corpo de Bombeiros completa dez anos de atua\u00e7\u00e3o em Muria\u00e9. O 2\u00ba Pelot\u00e3o foi inaugurado no dia 17 de fevereiro de 2006 e, desde ent\u00e3o, presta relevantes servi\u00e7os \u00e0 popula\u00e7\u00e3o de Muria\u00e9 e cidades vizinhas. Todos n\u00f3s s\u00f3 temos a agradecer\" \/>\n\t\t<meta name=\"twitter:image\" content=\"https:\/\/scontent-gig4-1.xx.fbcdn.net\/v\/t39.30808-1\/270437624_4564083193639691_6907940295614233970_n.jpg?stp=dst-jpg_s200x200_tt6&amp;_nc_cat=111&amp;ccb=1-7&amp;_nc_sid=f907e8&amp;_nc_ohc=SM1wRlP3lJwQ7kNvwEPuBYA&amp;_nc_oc=AdnqrjDN_BNjSSHWO-GbkIWH6fkGMLw4bqvL_NH6e2wMveX7G-rP2dAqsDSq1mJMOaY&amp;_nc_zt=24&amp;_nc_ht=scontent-gig4-1.xx&amp;_nc_gid=AoBFJeGrT1hVaew_6rchkQ&amp;oh=00_AfX7QmFGhQhG2jAllVgXCiM1ZrWgvtp80-Bfppyexh1QEg&amp;oe=689E923C\" \/>\n\t\t<script type=\"application\/ld+json\" class=\"aioseo-schema\">\n\t\t\t{\"@context\":\"https:\\\/\\\/schema.org\",\"@graph\":[{\"@type\":\"BlogPosting\",\"@id\":\"https:\\\/\\\/anoticiaonline.com.br\\\/site\\\/sociarte-23\\\/#blogposting\",\"name\":\"Sociarte - A Not\\u00edcia Online\",\"headline\":\"Sociarte\",\"author\":{\"@id\":\"https:\\\/\\\/anoticiaonline.com.br\\\/site\\\/author\\\/juliana\\\/#author\"},\"publisher\":{\"@id\":\"https:\\\/\\\/anoticiaonline.com.br\\\/site\\\/#organization\"},\"image\":{\"@type\":\"ImageObject\",\"url\":\"http:\\\/\\\/anoticiaonline.com.br\\\/site\\\/wp-content\\\/uploads\\\/2016\\\/02\\\/Nascimento-de-Laura-199x300.jpg\",\"@id\":\"https:\\\/\\\/anoticiaonline.com.br\\\/site\\\/sociarte-23\\\/#articleImage\"},\"datePublished\":\"2016-02-11T17:04:56-03:00\",\"dateModified\":\"2016-02-11T17:04:56-03:00\",\"inLanguage\":\"pt-BR\",\"mainEntityOfPage\":{\"@id\":\"https:\\\/\\\/anoticiaonline.com.br\\\/site\\\/sociarte-23\\\/#webpage\"},\"isPartOf\":{\"@id\":\"https:\\\/\\\/anoticiaonline.com.br\\\/site\\\/sociarte-23\\\/#webpage\"},\"articleSection\":\"Sociarte\"},{\"@type\":\"BreadcrumbList\",\"@id\":\"https:\\\/\\\/anoticiaonline.com.br\\\/site\\\/sociarte-23\\\/#breadcrumblist\",\"itemListElement\":[{\"@type\":\"ListItem\",\"@id\":\"https:\\\/\\\/anoticiaonline.com.br\\\/site#listItem\",\"position\":1,\"name\":\"Home\",\"item\":\"https:\\\/\\\/anoticiaonline.com.br\\\/site\",\"nextItem\":{\"@type\":\"ListItem\",\"@id\":\"https:\\\/\\\/anoticiaonline.com.br\\\/site\\\/categoria\\\/colunistas\\\/#listItem\",\"name\":\"Colunistas\"}},{\"@type\":\"ListItem\",\"@id\":\"https:\\\/\\\/anoticiaonline.com.br\\\/site\\\/categoria\\\/colunistas\\\/#listItem\",\"position\":2,\"name\":\"Colunistas\",\"item\":\"https:\\\/\\\/anoticiaonline.com.br\\\/site\\\/categoria\\\/colunistas\\\/\",\"nextItem\":{\"@type\":\"ListItem\",\"@id\":\"https:\\\/\\\/anoticiaonline.com.br\\\/site\\\/categoria\\\/colunistas\\\/sociarte\\\/#listItem\",\"name\":\"Sociarte\"},\"previousItem\":{\"@type\":\"ListItem\",\"@id\":\"https:\\\/\\\/anoticiaonline.com.br\\\/site#listItem\",\"name\":\"Home\"}},{\"@type\":\"ListItem\",\"@id\":\"https:\\\/\\\/anoticiaonline.com.br\\\/site\\\/categoria\\\/colunistas\\\/sociarte\\\/#listItem\",\"position\":3,\"name\":\"Sociarte\",\"item\":\"https:\\\/\\\/anoticiaonline.com.br\\\/site\\\/categoria\\\/colunistas\\\/sociarte\\\/\",\"nextItem\":{\"@type\":\"ListItem\",\"@id\":\"https:\\\/\\\/anoticiaonline.com.br\\\/site\\\/sociarte-23\\\/#listItem\",\"name\":\"Sociarte\"},\"previousItem\":{\"@type\":\"ListItem\",\"@id\":\"https:\\\/\\\/anoticiaonline.com.br\\\/site\\\/categoria\\\/colunistas\\\/#listItem\",\"name\":\"Colunistas\"}},{\"@type\":\"ListItem\",\"@id\":\"https:\\\/\\\/anoticiaonline.com.br\\\/site\\\/sociarte-23\\\/#listItem\",\"position\":4,\"name\":\"Sociarte\",\"previousItem\":{\"@type\":\"ListItem\",\"@id\":\"https:\\\/\\\/anoticiaonline.com.br\\\/site\\\/categoria\\\/colunistas\\\/sociarte\\\/#listItem\",\"name\":\"Sociarte\"}}]},{\"@type\":\"Organization\",\"@id\":\"https:\\\/\\\/anoticiaonline.com.br\\\/site\\\/#organization\",\"name\":\"A Not\\u00edcia Online\",\"description\":\"Noticias de Muria\\u00e9 e regi\\u00e3o\",\"url\":\"https:\\\/\\\/anoticiaonline.com.br\\\/site\\\/\",\"logo\":{\"@type\":\"ImageObject\",\"url\":\"https:\\\/\\\/scontent-gig4-1.xx.fbcdn.net\\\/v\\\/t39.30808-1\\\/270437624_4564083193639691_6907940295614233970_n.jpg?stp=dst-jpg_s200x200_tt6&_nc_cat=111&ccb=1-7&_nc_sid=f907e8&_nc_ohc=SM1wRlP3lJwQ7kNvwEPuBYA&_nc_oc=AdnqrjDN_BNjSSHWO-GbkIWH6fkGMLw4bqvL_NH6e2wMveX7G-rP2dAqsDSq1mJMOaY&_nc_zt=24&_nc_ht=scontent-gig4-1.xx&_nc_gid=AoBFJeGrT1hVaew_6rchkQ&oh=00_AfX7QmFGhQhG2jAllVgXCiM1ZrWgvtp80-Bfppyexh1QEg&oe=689E923C\",\"@id\":\"https:\\\/\\\/anoticiaonline.com.br\\\/site\\\/sociarte-23\\\/#organizationLogo\"},\"image\":{\"@id\":\"https:\\\/\\\/anoticiaonline.com.br\\\/site\\\/sociarte-23\\\/#organizationLogo\"}},{\"@type\":\"Person\",\"@id\":\"https:\\\/\\\/anoticiaonline.com.br\\\/site\\\/author\\\/juliana\\\/#author\",\"url\":\"https:\\\/\\\/anoticiaonline.com.br\\\/site\\\/author\\\/juliana\\\/\",\"name\":\"Juliana Laviola\",\"image\":{\"@type\":\"ImageObject\",\"@id\":\"https:\\\/\\\/anoticiaonline.com.br\\\/site\\\/sociarte-23\\\/#authorImage\",\"url\":\"https:\\\/\\\/secure.gravatar.com\\\/avatar\\\/b8d45f5c699b100dfaf0e543582f38f38bf94cb7ae3a5e9abf8d891a34773335?s=96&d=mm&r=g\",\"width\":96,\"height\":96,\"caption\":\"Juliana Laviola\"}},{\"@type\":\"WebPage\",\"@id\":\"https:\\\/\\\/anoticiaonline.com.br\\\/site\\\/sociarte-23\\\/#webpage\",\"url\":\"https:\\\/\\\/anoticiaonline.com.br\\\/site\\\/sociarte-23\\\/\",\"name\":\"Sociarte - A Not\\u00edcia Online\",\"description\":\"Edi\\u00e7\\u00e3o 474, de 12 de fevereiro de 2016 Em alta Na pr\\u00f3xima quarta-feira, o Corpo de Bombeiros completa dez anos de atua\\u00e7\\u00e3o em Muria\\u00e9. O 2\\u00ba Pelot\\u00e3o foi inaugurado no dia 17 de fevereiro de 2006 e, desde ent\\u00e3o, presta relevantes servi\\u00e7os \\u00e0 popula\\u00e7\\u00e3o de Muria\\u00e9 e cidades vizinhas. Todos n\\u00f3s s\\u00f3 temos a agradecer\",\"inLanguage\":\"pt-BR\",\"isPartOf\":{\"@id\":\"https:\\\/\\\/anoticiaonline.com.br\\\/site\\\/#website\"},\"breadcrumb\":{\"@id\":\"https:\\\/\\\/anoticiaonline.com.br\\\/site\\\/sociarte-23\\\/#breadcrumblist\"},\"author\":{\"@id\":\"https:\\\/\\\/anoticiaonline.com.br\\\/site\\\/author\\\/juliana\\\/#author\"},\"creator\":{\"@id\":\"https:\\\/\\\/anoticiaonline.com.br\\\/site\\\/author\\\/juliana\\\/#author\"},\"datePublished\":\"2016-02-11T17:04:56-03:00\",\"dateModified\":\"2016-02-11T17:04:56-03:00\"},{\"@type\":\"WebSite\",\"@id\":\"https:\\\/\\\/anoticiaonline.com.br\\\/site\\\/#website\",\"url\":\"https:\\\/\\\/anoticiaonline.com.br\\\/site\\\/\",\"name\":\"A Not\\u00edcia Online\",\"description\":\"Noticias de Muria\\u00e9 e regi\\u00e3o\",\"inLanguage\":\"pt-BR\",\"publisher\":{\"@id\":\"https:\\\/\\\/anoticiaonline.com.br\\\/site\\\/#organization\"}}]}\n\t\t<\/script>\n\t\t<!-- All in One SEO -->\n\n","aioseo_head_json":{"title":"Sociarte - A Not\u00edcia Online","description":"Edi\u00e7\u00e3o 474, de 12 de fevereiro de 2016 Em alta Na pr\u00f3xima quarta-feira, o Corpo de Bombeiros completa dez anos de atua\u00e7\u00e3o em Muria\u00e9. O 2\u00ba Pelot\u00e3o foi inaugurado no dia 17 de fevereiro de 2006 e, desde ent\u00e3o, presta relevantes servi\u00e7os \u00e0 popula\u00e7\u00e3o de Muria\u00e9 e cidades vizinhas. Todos n\u00f3s s\u00f3 temos a agradecer","canonical_url":"https:\/\/anoticiaonline.com.br\/site\/sociarte-23\/","robots":"max-image-preview:large","keywords":"","webmasterTools":{"miscellaneous":""},"schema":{"@context":"https:\/\/schema.org","@graph":[{"@type":"BlogPosting","@id":"https:\/\/anoticiaonline.com.br\/site\/sociarte-23\/#blogposting","name":"Sociarte - A Not\u00edcia Online","headline":"Sociarte","author":{"@id":"https:\/\/anoticiaonline.com.br\/site\/author\/juliana\/#author"},"publisher":{"@id":"https:\/\/anoticiaonline.com.br\/site\/#organization"},"image":{"@type":"ImageObject","url":"http:\/\/anoticiaonline.com.br\/site\/wp-content\/uploads\/2016\/02\/Nascimento-de-Laura-199x300.jpg","@id":"https:\/\/anoticiaonline.com.br\/site\/sociarte-23\/#articleImage"},"datePublished":"2016-02-11T17:04:56-03:00","dateModified":"2016-02-11T17:04:56-03:00","inLanguage":"pt-BR","mainEntityOfPage":{"@id":"https:\/\/anoticiaonline.com.br\/site\/sociarte-23\/#webpage"},"isPartOf":{"@id":"https:\/\/anoticiaonline.com.br\/site\/sociarte-23\/#webpage"},"articleSection":"Sociarte"},{"@type":"BreadcrumbList","@id":"https:\/\/anoticiaonline.com.br\/site\/sociarte-23\/#breadcrumblist","itemListElement":[{"@type":"ListItem","@id":"https:\/\/anoticiaonline.com.br\/site#listItem","position":1,"name":"Home","item":"https:\/\/anoticiaonline.com.br\/site","nextItem":{"@type":"ListItem","@id":"https:\/\/anoticiaonline.com.br\/site\/categoria\/colunistas\/#listItem","name":"Colunistas"}},{"@type":"ListItem","@id":"https:\/\/anoticiaonline.com.br\/site\/categoria\/colunistas\/#listItem","position":2,"name":"Colunistas","item":"https:\/\/anoticiaonline.com.br\/site\/categoria\/colunistas\/","nextItem":{"@type":"ListItem","@id":"https:\/\/anoticiaonline.com.br\/site\/categoria\/colunistas\/sociarte\/#listItem","name":"Sociarte"},"previousItem":{"@type":"ListItem","@id":"https:\/\/anoticiaonline.com.br\/site#listItem","name":"Home"}},{"@type":"ListItem","@id":"https:\/\/anoticiaonline.com.br\/site\/categoria\/colunistas\/sociarte\/#listItem","position":3,"name":"Sociarte","item":"https:\/\/anoticiaonline.com.br\/site\/categoria\/colunistas\/sociarte\/","nextItem":{"@type":"ListItem","@id":"https:\/\/anoticiaonline.com.br\/site\/sociarte-23\/#listItem","name":"Sociarte"},"previousItem":{"@type":"ListItem","@id":"https:\/\/anoticiaonline.com.br\/site\/categoria\/colunistas\/#listItem","name":"Colunistas"}},{"@type":"ListItem","@id":"https:\/\/anoticiaonline.com.br\/site\/sociarte-23\/#listItem","position":4,"name":"Sociarte","previousItem":{"@type":"ListItem","@id":"https:\/\/anoticiaonline.com.br\/site\/categoria\/colunistas\/sociarte\/#listItem","name":"Sociarte"}}]},{"@type":"Organization","@id":"https:\/\/anoticiaonline.com.br\/site\/#organization","name":"A Not\u00edcia Online","description":"Noticias de Muria\u00e9 e regi\u00e3o","url":"https:\/\/anoticiaonline.com.br\/site\/","logo":{"@type":"ImageObject","url":"https:\/\/scontent-gig4-1.xx.fbcdn.net\/v\/t39.30808-1\/270437624_4564083193639691_6907940295614233970_n.jpg?stp=dst-jpg_s200x200_tt6&_nc_cat=111&ccb=1-7&_nc_sid=f907e8&_nc_ohc=SM1wRlP3lJwQ7kNvwEPuBYA&_nc_oc=AdnqrjDN_BNjSSHWO-GbkIWH6fkGMLw4bqvL_NH6e2wMveX7G-rP2dAqsDSq1mJMOaY&_nc_zt=24&_nc_ht=scontent-gig4-1.xx&_nc_gid=AoBFJeGrT1hVaew_6rchkQ&oh=00_AfX7QmFGhQhG2jAllVgXCiM1ZrWgvtp80-Bfppyexh1QEg&oe=689E923C","@id":"https:\/\/anoticiaonline.com.br\/site\/sociarte-23\/#organizationLogo"},"image":{"@id":"https:\/\/anoticiaonline.com.br\/site\/sociarte-23\/#organizationLogo"}},{"@type":"Person","@id":"https:\/\/anoticiaonline.com.br\/site\/author\/juliana\/#author","url":"https:\/\/anoticiaonline.com.br\/site\/author\/juliana\/","name":"Juliana Laviola","image":{"@type":"ImageObject","@id":"https:\/\/anoticiaonline.com.br\/site\/sociarte-23\/#authorImage","url":"https:\/\/secure.gravatar.com\/avatar\/b8d45f5c699b100dfaf0e543582f38f38bf94cb7ae3a5e9abf8d891a34773335?s=96&d=mm&r=g","width":96,"height":96,"caption":"Juliana Laviola"}},{"@type":"WebPage","@id":"https:\/\/anoticiaonline.com.br\/site\/sociarte-23\/#webpage","url":"https:\/\/anoticiaonline.com.br\/site\/sociarte-23\/","name":"Sociarte - A Not\u00edcia Online","description":"Edi\u00e7\u00e3o 474, de 12 de fevereiro de 2016 Em alta Na pr\u00f3xima quarta-feira, o Corpo de Bombeiros completa dez anos de atua\u00e7\u00e3o em Muria\u00e9. O 2\u00ba Pelot\u00e3o foi inaugurado no dia 17 de fevereiro de 2006 e, desde ent\u00e3o, presta relevantes servi\u00e7os \u00e0 popula\u00e7\u00e3o de Muria\u00e9 e cidades vizinhas. Todos n\u00f3s s\u00f3 temos a agradecer","inLanguage":"pt-BR","isPartOf":{"@id":"https:\/\/anoticiaonline.com.br\/site\/#website"},"breadcrumb":{"@id":"https:\/\/anoticiaonline.com.br\/site\/sociarte-23\/#breadcrumblist"},"author":{"@id":"https:\/\/anoticiaonline.com.br\/site\/author\/juliana\/#author"},"creator":{"@id":"https:\/\/anoticiaonline.com.br\/site\/author\/juliana\/#author"},"datePublished":"2016-02-11T17:04:56-03:00","dateModified":"2016-02-11T17:04:56-03:00"},{"@type":"WebSite","@id":"https:\/\/anoticiaonline.com.br\/site\/#website","url":"https:\/\/anoticiaonline.com.br\/site\/","name":"A Not\u00edcia Online","description":"Noticias de Muria\u00e9 e regi\u00e3o","inLanguage":"pt-BR","publisher":{"@id":"https:\/\/anoticiaonline.com.br\/site\/#organization"}}]},"og:locale":"pt_BR","og:site_name":"A Not\u00edcia Online - Noticias de Muria\u00e9 e regi\u00e3o","og:type":"article","og:title":"Sociarte - A Not\u00edcia Online","og:description":"Edi\u00e7\u00e3o 474, de 12 de fevereiro de 2016 Em alta Na pr\u00f3xima quarta-feira, o Corpo de Bombeiros completa dez anos de atua\u00e7\u00e3o em Muria\u00e9. O 2\u00ba Pelot\u00e3o foi inaugurado no dia 17 de fevereiro de 2006 e, desde ent\u00e3o, presta relevantes servi\u00e7os \u00e0 popula\u00e7\u00e3o de Muria\u00e9 e cidades vizinhas. Todos n\u00f3s s\u00f3 temos a agradecer","og:url":"https:\/\/anoticiaonline.com.br\/site\/sociarte-23\/","og:image":"https:\/\/scontent-gig4-1.xx.fbcdn.net\/v\/t39.30808-1\/270437624_4564083193639691_6907940295614233970_n.jpg?stp=dst-jpg_s200x200_tt6&#038;_nc_cat=111&#038;ccb=1-7&#038;_nc_sid=f907e8&#038;_nc_ohc=SM1wRlP3lJwQ7kNvwEPuBYA&#038;_nc_oc=AdnqrjDN_BNjSSHWO-GbkIWH6fkGMLw4bqvL_NH6e2wMveX7G-rP2dAqsDSq1mJMOaY&#038;_nc_zt=24&#038;_nc_ht=scontent-gig4-1.xx&#038;_nc_gid=AoBFJeGrT1hVaew_6rchkQ&#038;oh=00_AfX7QmFGhQhG2jAllVgXCiM1ZrWgvtp80-Bfppyexh1QEg&#038;oe=689E923C","og:image:secure_url":"https:\/\/scontent-gig4-1.xx.fbcdn.net\/v\/t39.30808-1\/270437624_4564083193639691_6907940295614233970_n.jpg?stp=dst-jpg_s200x200_tt6&#038;_nc_cat=111&#038;ccb=1-7&#038;_nc_sid=f907e8&#038;_nc_ohc=SM1wRlP3lJwQ7kNvwEPuBYA&#038;_nc_oc=AdnqrjDN_BNjSSHWO-GbkIWH6fkGMLw4bqvL_NH6e2wMveX7G-rP2dAqsDSq1mJMOaY&#038;_nc_zt=24&#038;_nc_ht=scontent-gig4-1.xx&#038;_nc_gid=AoBFJeGrT1hVaew_6rchkQ&#038;oh=00_AfX7QmFGhQhG2jAllVgXCiM1ZrWgvtp80-Bfppyexh1QEg&#038;oe=689E923C","article:published_time":"2016-02-11T20:04:56+00:00","article:modified_time":"2016-02-11T20:04:56+00:00","twitter:card":"summary_large_image","twitter:title":"Sociarte - A Not\u00edcia Online","twitter:description":"Edi\u00e7\u00e3o 474, de 12 de fevereiro de 2016 Em alta Na pr\u00f3xima quarta-feira, o Corpo de Bombeiros completa dez anos de atua\u00e7\u00e3o em Muria\u00e9. O 2\u00ba Pelot\u00e3o foi inaugurado no dia 17 de fevereiro de 2006 e, desde ent\u00e3o, presta relevantes servi\u00e7os \u00e0 popula\u00e7\u00e3o de Muria\u00e9 e cidades vizinhas. Todos n\u00f3s s\u00f3 temos a agradecer","twitter:image":"https:\/\/scontent-gig4-1.xx.fbcdn.net\/v\/t39.30808-1\/270437624_4564083193639691_6907940295614233970_n.jpg?stp=dst-jpg_s200x200_tt6&_nc_cat=111&ccb=1-7&_nc_sid=f907e8&_nc_ohc=SM1wRlP3lJwQ7kNvwEPuBYA&_nc_oc=AdnqrjDN_BNjSSHWO-GbkIWH6fkGMLw4bqvL_NH6e2wMveX7G-rP2dAqsDSq1mJMOaY&_nc_zt=24&_nc_ht=scontent-gig4-1.xx&_nc_gid=AoBFJeGrT1hVaew_6rchkQ&oh=00_AfX7QmFGhQhG2jAllVgXCiM1ZrWgvtp80-Bfppyexh1QEg&oe=689E923C"},"aioseo_meta_data":{"post_id":"9488","title":null,"description":null,"keywords":null,"keyphrases":null,"primary_term":null,"canonical_url":null,"og_title":null,"og_description":null,"og_object_type":"default","og_image_type":"default","og_image_url":null,"og_image_width":null,"og_image_height":null,"og_image_custom_url":null,"og_image_custom_fields":null,"og_video":null,"og_custom_url":null,"og_article_section":null,"og_article_tags":null,"twitter_use_og":false,"twitter_card":"default","twitter_image_type":"default","twitter_image_url":null,"twitter_image_custom_url":null,"twitter_image_custom_fields":null,"twitter_title":null,"twitter_description":null,"schema":{"blockGraphs":[],"customGraphs":[],"default":{"data":{"Article":[],"Course":[],"Dataset":[],"FAQPage":[],"Movie":[],"Person":[],"Product":[],"ProductReview":[],"Car":[],"Recipe":[],"Service":[],"SoftwareApplication":[],"WebPage":[]},"graphName":"","isEnabled":true},"graphs":[]},"schema_type":"default","schema_type_options":null,"pillar_content":false,"robots_default":true,"robots_noindex":false,"robots_noarchive":false,"robots_nosnippet":false,"robots_nofollow":false,"robots_noimageindex":false,"robots_noodp":false,"robots_notranslate":false,"robots_max_snippet":null,"robots_max_videopreview":null,"robots_max_imagepreview":"large","priority":null,"frequency":null,"local_seo":null,"breadcrumb_settings":null,"limit_modified_date":false,"ai":null,"created":"2025-08-16 15:08:28","updated":"2025-08-16 15:08:28","focus_keyword":null,"additional_keywords":null,"truseo_locale":null,"seo_analyzer_scan_date":null},"aioseo_breadcrumb":"<div class=\"aioseo-breadcrumbs\"><span class=\"aioseo-breadcrumb\">\n\t\t\t<a href=\"https:\/\/anoticiaonline.com.br\/site\" title=\"Home\">Home<\/a>\n\t\t<\/span><span class=\"aioseo-breadcrumb-separator\">&raquo;<\/span><span class=\"aioseo-breadcrumb\">\n\t\t\t<a href=\"https:\/\/anoticiaonline.com.br\/site\/categoria\/colunistas\/\" title=\"Colunistas\">Colunistas<\/a>\n\t\t<\/span><span class=\"aioseo-breadcrumb-separator\">&raquo;<\/span><span class=\"aioseo-breadcrumb\">\n\t\t\t<a href=\"https:\/\/anoticiaonline.com.br\/site\/categoria\/colunistas\/sociarte\/\" title=\"Sociarte\">Sociarte<\/a>\n\t\t<\/span><span class=\"aioseo-breadcrumb-separator\">&raquo;<\/span><span class=\"aioseo-breadcrumb\">\n\t\t\tSociarte\n\t\t<\/span><\/div>","aioseo_breadcrumb_json":[{"label":"Home","link":"https:\/\/anoticiaonline.com.br\/site"},{"label":"Colunistas","link":"https:\/\/anoticiaonline.com.br\/site\/categoria\/colunistas\/"},{"label":"Sociarte","link":"https:\/\/anoticiaonline.com.br\/site\/categoria\/colunistas\/sociarte\/"},{"label":"Sociarte","link":"https:\/\/anoticiaonline.com.br\/site\/sociarte-23\/"}],"views":149,"_links":{"self":[{"href":"https:\/\/anoticiaonline.com.br\/site\/wp-json\/wp\/v2\/posts\/9488","targetHints":{"allow":["GET"]}}],"collection":[{"href":"https:\/\/anoticiaonline.com.br\/site\/wp-json\/wp\/v2\/posts"}],"about":[{"href":"https:\/\/anoticiaonline.com.br\/site\/wp-json\/wp\/v2\/types\/post"}],"author":[{"embeddable":true,"href":"https:\/\/anoticiaonline.com.br\/site\/wp-json\/wp\/v2\/users\/2"}],"replies":[{"embeddable":true,"href":"https:\/\/anoticiaonline.com.br\/site\/wp-json\/wp\/v2\/comments?post=9488"}],"version-history":[{"count":0,"href":"https:\/\/anoticiaonline.com.br\/site\/wp-json\/wp\/v2\/posts\/9488\/revisions"}],"wp:attachment":[{"href":"https:\/\/anoticiaonline.com.br\/site\/wp-json\/wp\/v2\/media?parent=9488"}],"wp:term":[{"taxonomy":"category","embeddable":true,"href":"https:\/\/anoticiaonline.com.br\/site\/wp-json\/wp\/v2\/categories?post=9488"},{"taxonomy":"post_tag","embeddable":true,"href":"https:\/\/anoticiaonline.com.br\/site\/wp-json\/wp\/v2\/tags?post=9488"}],"curies":[{"name":"wp","href":"https:\/\/api.w.org\/{rel}","templated":true}]}}