{"id":9482,"date":"2016-02-11T14:00:03","date_gmt":"2016-02-11T17:00:03","guid":{"rendered":"http:\/\/anoticiaonline.com.br\/site\/?p=9482"},"modified":"2016-02-11T14:00:03","modified_gmt":"2016-02-11T17:00:03","slug":"sebastiao-dias-ladeira-tatao-ladeira","status":"publish","type":"post","link":"https:\/\/anoticiaonline.com.br\/site\/sebastiao-dias-ladeira-tatao-ladeira\/","title":{"rendered":"SEBASTI\u00c3O DIAS LADEIRA &#8211; \u201cTat\u00e3o Ladeira\u201d"},"content":{"rendered":"<p style=\"text-align: center;\"><strong>Nascido em 10 de abril 1920<\/strong><br \/>\n<strong>Falecido em 26 de novembro de 1994<\/strong><\/p>\n<p><a href=\"https:\/\/anoticiaonline.com.br\/site\/wp-content\/uploads\/2016\/02\/Sebasti\u00e3o-Dias-Ladeira.jpg\"><img fetchpriority=\"high\" decoding=\"async\" class=\" size-medium wp-image-9483 alignleft\" src=\"https:\/\/anoticiaonline.com.br\/site\/wp-content\/uploads\/2016\/02\/Sebasti\u00e3o-Dias-Ladeira-281x300.jpg\" alt=\"Sebasti\u00e3o Dias Ladeira\" width=\"281\" height=\"300\" srcset=\"https:\/\/anoticiaonline.com.br\/site\/wp-content\/uploads\/2016\/02\/Sebasti\u00e3o-Dias-Ladeira-281x300.jpg 281w, https:\/\/anoticiaonline.com.br\/site\/wp-content\/uploads\/2016\/02\/Sebasti\u00e3o-Dias-Ladeira.jpg 599w\" sizes=\"(max-width: 281px) 100vw, 281px\" \/><\/a>Filho de Ant\u00f4nio Dias Ladeira e de Maria Madalena Ramos, \u201cTat\u00e3o Ladeira\u201d trabalhou desde menino, ajudando seu pai na ro\u00e7a, colhendo caf\u00e9; na cidade, tamb\u00e9m com seu pai, pegava o lixo em uma carro\u00e7a de burro.<\/p>\n<p>Foi padeiro e percorreu v\u00e1rios servi\u00e7os at\u00e9 aprender o of\u00edcio de pedreiro com o Sr. Jos\u00e9 Bellinazo e, em 1946, como construtor de obras, fez a primeira casa \u00e0 Rua Jo\u00e3o Cris\u00f3stomo, n\u00ba 77, pertencente ao Sr. Ant\u00f4nio Salgado, iniciando, assim, uma linda carreira, respeitada, de muito amor \u00e0 profiss\u00e3o.<\/p>\n<p>Estudou at\u00e9 a 4\u00aa s\u00e9rie no Grupo Escolar Doutor Silveira Brum e, mesmo assim, como construtor, fazia plantas e c\u00e1lculos com tal compet\u00eancia que foi autorizado a colocar placas em suas obras por muito tempo. Teve sua carteira assinada como construtor de 01 de dezembro de 1969 a 31 de mar\u00e7o de 1976, pela Sociedade de Obras Sociais &#8211; SOS. Pela Prefeitura Municipal de Muria\u00e9, como chefe de obras, trabalhou de 01 de dezembro de 1977 a 18 de junho de 1985.<\/p>\n<p>Suas obras foram in\u00fameras, pois s\u00f3 parou com seu falecimento. Era orgulhoso de sua profiss\u00e3o.<\/p>\n<p>Atuou tamb\u00e9m no meio pol\u00edtico como cabo eleitoral do Vereador Newton Frade, por muitos anos o mais votado. Mais tarde, por duas vezes, candidatou-se a Vereador.<\/p>\n<p>Foi tamb\u00e9m muito conhecido pela outra face de sua vida: a m\u00fasica. Teve um programa de r\u00e1dio com o trio Ti\u00e3o Nascimento (seu tio), Tat\u00e3o Ladeira e Dora (sua prima). Mais tarde, o trio passou a ser composto por Tat\u00e3o, Ad\u00e3o Ladeira e Pedrinho. N\u00e3o parou por a\u00ed: com seu acordeom, animou quadrilhas e anivers\u00e1rios. Teve conjuntos musicais: \u201cLadeira e seu conjunto\u201d e \u201cNight Blue\u201d, que animaram bailes em Muria\u00e9 e regi\u00e3o. Tamb\u00e9m foi seresteiro.<\/p>\n<p>Casou-se, pela primeira vez, com Maria do Carmo Dias, deixando tr\u00eas filhas: Maria Aparecida, Maria da Consola\u00e7\u00e3o e Maria do Carmo. Pela segunda vez, casou-se com Josefina Carvalho Ladeira, deixando cinco filhos: Sebasti\u00e3o, J\u00falio Cezar, Fernando Mauro, Luiz Henrique e Marcus Vin\u00edcius.<\/p>\n<p>Foi um homem de bons sentimentos e cativou a todos com seu sorriso aberto, sua coragem e amor \u00e0 sua fam\u00edlia, sua cidade e sua vida.<\/p>\n<p>Faleceu no dia 26 de novembro de 1994, deixando saudades a familiares, parentes e amigos. Como justa homenagem, temos a Travessa Tat\u00e3o Ladeira, no Centro, pela lei n\u00ba 2311\/99.<\/p>\n","protected":false},"excerpt":{"rendered":"<p>Nascido em 10 de abril 1920 Falecido em 26 de novembro de 1994 Filho de Ant\u00f4nio Dias Ladeira e de Maria Madalena Ramos, \u201cTat\u00e3o Ladeira\u201d trabalhou desde menino, ajudando seu pai na ro\u00e7a, colhendo caf\u00e9; na cidade, tamb\u00e9m com seu pai, pegava o lixo em uma carro\u00e7a de burro. Foi padeiro e percorreu v\u00e1rios servi\u00e7os &#8230; <a title=\"SEBASTI\u00c3O DIAS LADEIRA &#8211; \u201cTat\u00e3o Ladeira\u201d\" class=\"read-more\" href=\"https:\/\/anoticiaonline.com.br\/site\/sebastiao-dias-ladeira-tatao-ladeira\/\" aria-label=\"Read more about SEBASTI\u00c3O DIAS LADEIRA &#8211; \u201cTat\u00e3o Ladeira\u201d\">Ler mais<\/a><\/p>\n","protected":false},"author":2,"featured_media":0,"comment_status":"open","ping_status":"open","sticky":false,"template":"","format":"standard","meta":{"_acf_changed":false,"_monsterinsights_skip_tracking":false,"footnotes":""},"categories":[35],"tags":[],"class_list":["post-9482","post","type-post","status-publish","format-standard","hentry","category-nomes-da-nossa-terra-joao-carlos-vargas-e-flavia-alves-junqueira-memorial-municipal-de-muriae"],"acf":[],"aioseo_notices":[],"aioseo_head":"\n\t\t<!-- All in One SEO 5.0.0.1 - aioseo.com -->\n\t<meta name=\"description\" content=\"Nascido em 10 de abril 1920 Falecido em 26 de novembro de 1994 Filho de Ant\u00f4nio Dias Ladeira e de Maria Madalena Ramos, \u201cTat\u00e3o Ladeira\u201d trabalhou desde menino, ajudando seu pai na ro\u00e7a, colhendo caf\u00e9; na cidade, tamb\u00e9m com seu pai, pegava o lixo em uma carro\u00e7a de burro. Foi padeiro e percorreu v\u00e1rios servi\u00e7os\" \/>\n\t<meta name=\"robots\" content=\"max-image-preview:large\" \/>\n\t<meta name=\"author\" content=\"Juliana Laviola\"\/>\n\t<link rel=\"canonical\" href=\"https:\/\/anoticiaonline.com.br\/site\/sebastiao-dias-ladeira-tatao-ladeira\/\" \/>\n\t<meta name=\"generator\" content=\"All in One SEO (AIOSEO) 5.0.0.1\" \/>\n\t\t<meta property=\"og:locale\" content=\"pt_BR\" \/>\n\t\t<meta property=\"og:site_name\" content=\"A Not\u00edcia Online - Noticias de Muria\u00e9 e regi\u00e3o\" \/>\n\t\t<meta property=\"og:type\" content=\"article\" \/>\n\t\t<meta property=\"og:title\" content=\"SEBASTI\u00c3O DIAS LADEIRA \u2013 \u201cTat\u00e3o Ladeira\u201d - A Not\u00edcia Online\" \/>\n\t\t<meta property=\"og:description\" content=\"Nascido em 10 de abril 1920 Falecido em 26 de novembro de 1994 Filho de Ant\u00f4nio Dias Ladeira e de Maria Madalena Ramos, \u201cTat\u00e3o Ladeira\u201d trabalhou desde menino, ajudando seu pai na ro\u00e7a, colhendo caf\u00e9; na cidade, tamb\u00e9m com seu pai, pegava o lixo em uma carro\u00e7a de burro. Foi padeiro e percorreu v\u00e1rios servi\u00e7os\" \/>\n\t\t<meta property=\"og:url\" content=\"https:\/\/anoticiaonline.com.br\/site\/sebastiao-dias-ladeira-tatao-ladeira\/\" \/>\n\t\t<meta property=\"og:image\" content=\"https:\/\/scontent-gig4-1.xx.fbcdn.net\/v\/t39.30808-1\/270437624_4564083193639691_6907940295614233970_n.jpg?stp=dst-jpg_s200x200_tt6&#038;_nc_cat=111&#038;ccb=1-7&#038;_nc_sid=f907e8&#038;_nc_ohc=SM1wRlP3lJwQ7kNvwEPuBYA&#038;_nc_oc=AdnqrjDN_BNjSSHWO-GbkIWH6fkGMLw4bqvL_NH6e2wMveX7G-rP2dAqsDSq1mJMOaY&#038;_nc_zt=24&#038;_nc_ht=scontent-gig4-1.xx&#038;_nc_gid=AoBFJeGrT1hVaew_6rchkQ&#038;oh=00_AfX7QmFGhQhG2jAllVgXCiM1ZrWgvtp80-Bfppyexh1QEg&#038;oe=689E923C\" \/>\n\t\t<meta property=\"og:image:secure_url\" content=\"https:\/\/scontent-gig4-1.xx.fbcdn.net\/v\/t39.30808-1\/270437624_4564083193639691_6907940295614233970_n.jpg?stp=dst-jpg_s200x200_tt6&#038;_nc_cat=111&#038;ccb=1-7&#038;_nc_sid=f907e8&#038;_nc_ohc=SM1wRlP3lJwQ7kNvwEPuBYA&#038;_nc_oc=AdnqrjDN_BNjSSHWO-GbkIWH6fkGMLw4bqvL_NH6e2wMveX7G-rP2dAqsDSq1mJMOaY&#038;_nc_zt=24&#038;_nc_ht=scontent-gig4-1.xx&#038;_nc_gid=AoBFJeGrT1hVaew_6rchkQ&#038;oh=00_AfX7QmFGhQhG2jAllVgXCiM1ZrWgvtp80-Bfppyexh1QEg&#038;oe=689E923C\" \/>\n\t\t<meta property=\"article:published_time\" content=\"2016-02-11T17:00:03+00:00\" \/>\n\t\t<meta property=\"article:modified_time\" content=\"2016-02-11T17:00:03+00:00\" \/>\n\t\t<meta name=\"twitter:card\" content=\"summary_large_image\" \/>\n\t\t<meta name=\"twitter:title\" content=\"SEBASTI\u00c3O DIAS LADEIRA \u2013 \u201cTat\u00e3o Ladeira\u201d - A Not\u00edcia Online\" \/>\n\t\t<meta name=\"twitter:description\" content=\"Nascido em 10 de abril 1920 Falecido em 26 de novembro de 1994 Filho de Ant\u00f4nio Dias Ladeira e de Maria Madalena Ramos, \u201cTat\u00e3o Ladeira\u201d trabalhou desde menino, ajudando seu pai na ro\u00e7a, colhendo caf\u00e9; na cidade, tamb\u00e9m com seu pai, pegava o lixo em uma carro\u00e7a de burro. Foi padeiro e percorreu v\u00e1rios servi\u00e7os\" \/>\n\t\t<meta name=\"twitter:image\" content=\"https:\/\/scontent-gig4-1.xx.fbcdn.net\/v\/t39.30808-1\/270437624_4564083193639691_6907940295614233970_n.jpg?stp=dst-jpg_s200x200_tt6&amp;_nc_cat=111&amp;ccb=1-7&amp;_nc_sid=f907e8&amp;_nc_ohc=SM1wRlP3lJwQ7kNvwEPuBYA&amp;_nc_oc=AdnqrjDN_BNjSSHWO-GbkIWH6fkGMLw4bqvL_NH6e2wMveX7G-rP2dAqsDSq1mJMOaY&amp;_nc_zt=24&amp;_nc_ht=scontent-gig4-1.xx&amp;_nc_gid=AoBFJeGrT1hVaew_6rchkQ&amp;oh=00_AfX7QmFGhQhG2jAllVgXCiM1ZrWgvtp80-Bfppyexh1QEg&amp;oe=689E923C\" \/>\n\t\t<script type=\"application\/ld+json\" class=\"aioseo-schema\">\n\t\t\t{\"@context\":\"https:\\\/\\\/schema.org\",\"@graph\":[{\"@type\":\"BlogPosting\",\"@id\":\"https:\\\/\\\/anoticiaonline.com.br\\\/site\\\/sebastiao-dias-ladeira-tatao-ladeira\\\/#blogposting\",\"name\":\"SEBASTI\\u00c3O DIAS LADEIRA \\u2013 \\u201cTat\\u00e3o Ladeira\\u201d - A Not\\u00edcia Online\",\"headline\":\"SEBASTI\\u00c3O DIAS LADEIRA &#8211; \\u201cTat\\u00e3o Ladeira\\u201d\",\"author\":{\"@id\":\"https:\\\/\\\/anoticiaonline.com.br\\\/site\\\/author\\\/juliana\\\/#author\"},\"publisher\":{\"@id\":\"https:\\\/\\\/anoticiaonline.com.br\\\/site\\\/#organization\"},\"image\":{\"@type\":\"ImageObject\",\"url\":\"http:\\\/\\\/anoticiaonline.com.br\\\/site\\\/wp-content\\\/uploads\\\/2016\\\/02\\\/Sebasti\\u00e3o-Dias-Ladeira-281x300.jpg\",\"@id\":\"https:\\\/\\\/anoticiaonline.com.br\\\/site\\\/sebastiao-dias-ladeira-tatao-ladeira\\\/#articleImage\"},\"datePublished\":\"2016-02-11T14:00:03-03:00\",\"dateModified\":\"2016-02-11T14:00:03-03:00\",\"inLanguage\":\"pt-BR\",\"mainEntityOfPage\":{\"@id\":\"https:\\\/\\\/anoticiaonline.com.br\\\/site\\\/sebastiao-dias-ladeira-tatao-ladeira\\\/#webpage\"},\"isPartOf\":{\"@id\":\"https:\\\/\\\/anoticiaonline.com.br\\\/site\\\/sebastiao-dias-ladeira-tatao-ladeira\\\/#webpage\"},\"articleSection\":\"Nomes da Nossa Terra - Jo\\u00e3o Carlos Vargas e Fl\\u00e1via Alves Junqueira - Memorial Municipal de Muria\\u00e9\"},{\"@type\":\"BreadcrumbList\",\"@id\":\"https:\\\/\\\/anoticiaonline.com.br\\\/site\\\/sebastiao-dias-ladeira-tatao-ladeira\\\/#breadcrumblist\",\"itemListElement\":[{\"@type\":\"ListItem\",\"@id\":\"https:\\\/\\\/anoticiaonline.com.br\\\/site#listItem\",\"position\":1,\"name\":\"Home\",\"item\":\"https:\\\/\\\/anoticiaonline.com.br\\\/site\",\"nextItem\":{\"@type\":\"ListItem\",\"@id\":\"https:\\\/\\\/anoticiaonline.com.br\\\/site\\\/categoria\\\/colunistas\\\/#listItem\",\"name\":\"Colunistas\"}},{\"@type\":\"ListItem\",\"@id\":\"https:\\\/\\\/anoticiaonline.com.br\\\/site\\\/categoria\\\/colunistas\\\/#listItem\",\"position\":2,\"name\":\"Colunistas\",\"item\":\"https:\\\/\\\/anoticiaonline.com.br\\\/site\\\/categoria\\\/colunistas\\\/\",\"nextItem\":{\"@type\":\"ListItem\",\"@id\":\"https:\\\/\\\/anoticiaonline.com.br\\\/site\\\/categoria\\\/colunistas\\\/nomes-da-nossa-terra-joao-carlos-vargas-e-flavia-alves-junqueira-memorial-municipal-de-muriae\\\/#listItem\",\"name\":\"Nomes da Nossa Terra - Jo\\u00e3o Carlos Vargas e Fl\\u00e1via Alves Junqueira - Memorial Municipal de Muria\\u00e9\"},\"previousItem\":{\"@type\":\"ListItem\",\"@id\":\"https:\\\/\\\/anoticiaonline.com.br\\\/site#listItem\",\"name\":\"Home\"}},{\"@type\":\"ListItem\",\"@id\":\"https:\\\/\\\/anoticiaonline.com.br\\\/site\\\/categoria\\\/colunistas\\\/nomes-da-nossa-terra-joao-carlos-vargas-e-flavia-alves-junqueira-memorial-municipal-de-muriae\\\/#listItem\",\"position\":3,\"name\":\"Nomes da Nossa Terra - Jo\\u00e3o Carlos Vargas e Fl\\u00e1via Alves Junqueira - Memorial Municipal de Muria\\u00e9\",\"item\":\"https:\\\/\\\/anoticiaonline.com.br\\\/site\\\/categoria\\\/colunistas\\\/nomes-da-nossa-terra-joao-carlos-vargas-e-flavia-alves-junqueira-memorial-municipal-de-muriae\\\/\",\"nextItem\":{\"@type\":\"ListItem\",\"@id\":\"https:\\\/\\\/anoticiaonline.com.br\\\/site\\\/sebastiao-dias-ladeira-tatao-ladeira\\\/#listItem\",\"name\":\"SEBASTI\\u00c3O DIAS LADEIRA &#8211; \\u201cTat\\u00e3o Ladeira\\u201d\"},\"previousItem\":{\"@type\":\"ListItem\",\"@id\":\"https:\\\/\\\/anoticiaonline.com.br\\\/site\\\/categoria\\\/colunistas\\\/#listItem\",\"name\":\"Colunistas\"}},{\"@type\":\"ListItem\",\"@id\":\"https:\\\/\\\/anoticiaonline.com.br\\\/site\\\/sebastiao-dias-ladeira-tatao-ladeira\\\/#listItem\",\"position\":4,\"name\":\"SEBASTI\\u00c3O DIAS LADEIRA &#8211; \\u201cTat\\u00e3o Ladeira\\u201d\",\"previousItem\":{\"@type\":\"ListItem\",\"@id\":\"https:\\\/\\\/anoticiaonline.com.br\\\/site\\\/categoria\\\/colunistas\\\/nomes-da-nossa-terra-joao-carlos-vargas-e-flavia-alves-junqueira-memorial-municipal-de-muriae\\\/#listItem\",\"name\":\"Nomes da Nossa Terra - Jo\\u00e3o Carlos Vargas e Fl\\u00e1via Alves Junqueira - Memorial Municipal de Muria\\u00e9\"}}]},{\"@type\":\"Organization\",\"@id\":\"https:\\\/\\\/anoticiaonline.com.br\\\/site\\\/#organization\",\"name\":\"A Not\\u00edcia Online\",\"description\":\"Noticias de Muria\\u00e9 e regi\\u00e3o\",\"url\":\"https:\\\/\\\/anoticiaonline.com.br\\\/site\\\/\",\"logo\":{\"@type\":\"ImageObject\",\"url\":\"https:\\\/\\\/scontent-gig4-1.xx.fbcdn.net\\\/v\\\/t39.30808-1\\\/270437624_4564083193639691_6907940295614233970_n.jpg?stp=dst-jpg_s200x200_tt6&_nc_cat=111&ccb=1-7&_nc_sid=f907e8&_nc_ohc=SM1wRlP3lJwQ7kNvwEPuBYA&_nc_oc=AdnqrjDN_BNjSSHWO-GbkIWH6fkGMLw4bqvL_NH6e2wMveX7G-rP2dAqsDSq1mJMOaY&_nc_zt=24&_nc_ht=scontent-gig4-1.xx&_nc_gid=AoBFJeGrT1hVaew_6rchkQ&oh=00_AfX7QmFGhQhG2jAllVgXCiM1ZrWgvtp80-Bfppyexh1QEg&oe=689E923C\",\"@id\":\"https:\\\/\\\/anoticiaonline.com.br\\\/site\\\/sebastiao-dias-ladeira-tatao-ladeira\\\/#organizationLogo\"},\"image\":{\"@id\":\"https:\\\/\\\/anoticiaonline.com.br\\\/site\\\/sebastiao-dias-ladeira-tatao-ladeira\\\/#organizationLogo\"}},{\"@type\":\"Person\",\"@id\":\"https:\\\/\\\/anoticiaonline.com.br\\\/site\\\/author\\\/juliana\\\/#author\",\"url\":\"https:\\\/\\\/anoticiaonline.com.br\\\/site\\\/author\\\/juliana\\\/\",\"name\":\"Juliana Laviola\",\"image\":{\"@type\":\"ImageObject\",\"@id\":\"https:\\\/\\\/anoticiaonline.com.br\\\/site\\\/sebastiao-dias-ladeira-tatao-ladeira\\\/#authorImage\",\"url\":\"https:\\\/\\\/secure.gravatar.com\\\/avatar\\\/b8d45f5c699b100dfaf0e543582f38f38bf94cb7ae3a5e9abf8d891a34773335?s=96&d=mm&r=g\",\"width\":96,\"height\":96,\"caption\":\"Juliana Laviola\"}},{\"@type\":\"WebPage\",\"@id\":\"https:\\\/\\\/anoticiaonline.com.br\\\/site\\\/sebastiao-dias-ladeira-tatao-ladeira\\\/#webpage\",\"url\":\"https:\\\/\\\/anoticiaonline.com.br\\\/site\\\/sebastiao-dias-ladeira-tatao-ladeira\\\/\",\"name\":\"SEBASTI\\u00c3O DIAS LADEIRA \\u2013 \\u201cTat\\u00e3o Ladeira\\u201d - A Not\\u00edcia Online\",\"description\":\"Nascido em 10 de abril 1920 Falecido em 26 de novembro de 1994 Filho de Ant\\u00f4nio Dias Ladeira e de Maria Madalena Ramos, \\u201cTat\\u00e3o Ladeira\\u201d trabalhou desde menino, ajudando seu pai na ro\\u00e7a, colhendo caf\\u00e9; na cidade, tamb\\u00e9m com seu pai, pegava o lixo em uma carro\\u00e7a de burro. Foi padeiro e percorreu v\\u00e1rios servi\\u00e7os\",\"inLanguage\":\"pt-BR\",\"isPartOf\":{\"@id\":\"https:\\\/\\\/anoticiaonline.com.br\\\/site\\\/#website\"},\"breadcrumb\":{\"@id\":\"https:\\\/\\\/anoticiaonline.com.br\\\/site\\\/sebastiao-dias-ladeira-tatao-ladeira\\\/#breadcrumblist\"},\"author\":{\"@id\":\"https:\\\/\\\/anoticiaonline.com.br\\\/site\\\/author\\\/juliana\\\/#author\"},\"creator\":{\"@id\":\"https:\\\/\\\/anoticiaonline.com.br\\\/site\\\/author\\\/juliana\\\/#author\"},\"datePublished\":\"2016-02-11T14:00:03-03:00\",\"dateModified\":\"2016-02-11T14:00:03-03:00\"},{\"@type\":\"WebSite\",\"@id\":\"https:\\\/\\\/anoticiaonline.com.br\\\/site\\\/#website\",\"url\":\"https:\\\/\\\/anoticiaonline.com.br\\\/site\\\/\",\"name\":\"A Not\\u00edcia Online\",\"description\":\"Noticias de Muria\\u00e9 e regi\\u00e3o\",\"inLanguage\":\"pt-BR\",\"publisher\":{\"@id\":\"https:\\\/\\\/anoticiaonline.com.br\\\/site\\\/#organization\"}}]}\n\t\t<\/script>\n\t\t<!-- All in One SEO -->\n\n","aioseo_head_json":{"title":"SEBASTI\u00c3O DIAS LADEIRA \u2013 \u201cTat\u00e3o Ladeira\u201d - A Not\u00edcia Online","description":"Nascido em 10 de abril 1920 Falecido em 26 de novembro de 1994 Filho de Ant\u00f4nio Dias Ladeira e de Maria Madalena Ramos, \u201cTat\u00e3o Ladeira\u201d trabalhou desde menino, ajudando seu pai na ro\u00e7a, colhendo caf\u00e9; na cidade, tamb\u00e9m com seu pai, pegava o lixo em uma carro\u00e7a de burro. Foi padeiro e percorreu v\u00e1rios servi\u00e7os","canonical_url":"https:\/\/anoticiaonline.com.br\/site\/sebastiao-dias-ladeira-tatao-ladeira\/","robots":"max-image-preview:large","keywords":"","webmasterTools":{"miscellaneous":""},"schema":{"@context":"https:\/\/schema.org","@graph":[{"@type":"BlogPosting","@id":"https:\/\/anoticiaonline.com.br\/site\/sebastiao-dias-ladeira-tatao-ladeira\/#blogposting","name":"SEBASTI\u00c3O DIAS LADEIRA \u2013 \u201cTat\u00e3o Ladeira\u201d - A Not\u00edcia Online","headline":"SEBASTI\u00c3O DIAS LADEIRA &#8211; \u201cTat\u00e3o Ladeira\u201d","author":{"@id":"https:\/\/anoticiaonline.com.br\/site\/author\/juliana\/#author"},"publisher":{"@id":"https:\/\/anoticiaonline.com.br\/site\/#organization"},"image":{"@type":"ImageObject","url":"http:\/\/anoticiaonline.com.br\/site\/wp-content\/uploads\/2016\/02\/Sebasti\u00e3o-Dias-Ladeira-281x300.jpg","@id":"https:\/\/anoticiaonline.com.br\/site\/sebastiao-dias-ladeira-tatao-ladeira\/#articleImage"},"datePublished":"2016-02-11T14:00:03-03:00","dateModified":"2016-02-11T14:00:03-03:00","inLanguage":"pt-BR","mainEntityOfPage":{"@id":"https:\/\/anoticiaonline.com.br\/site\/sebastiao-dias-ladeira-tatao-ladeira\/#webpage"},"isPartOf":{"@id":"https:\/\/anoticiaonline.com.br\/site\/sebastiao-dias-ladeira-tatao-ladeira\/#webpage"},"articleSection":"Nomes da Nossa Terra - Jo\u00e3o Carlos Vargas e Fl\u00e1via Alves Junqueira - Memorial Municipal de Muria\u00e9"},{"@type":"BreadcrumbList","@id":"https:\/\/anoticiaonline.com.br\/site\/sebastiao-dias-ladeira-tatao-ladeira\/#breadcrumblist","itemListElement":[{"@type":"ListItem","@id":"https:\/\/anoticiaonline.com.br\/site#listItem","position":1,"name":"Home","item":"https:\/\/anoticiaonline.com.br\/site","nextItem":{"@type":"ListItem","@id":"https:\/\/anoticiaonline.com.br\/site\/categoria\/colunistas\/#listItem","name":"Colunistas"}},{"@type":"ListItem","@id":"https:\/\/anoticiaonline.com.br\/site\/categoria\/colunistas\/#listItem","position":2,"name":"Colunistas","item":"https:\/\/anoticiaonline.com.br\/site\/categoria\/colunistas\/","nextItem":{"@type":"ListItem","@id":"https:\/\/anoticiaonline.com.br\/site\/categoria\/colunistas\/nomes-da-nossa-terra-joao-carlos-vargas-e-flavia-alves-junqueira-memorial-municipal-de-muriae\/#listItem","name":"Nomes da Nossa Terra - Jo\u00e3o Carlos Vargas e Fl\u00e1via Alves Junqueira - Memorial Municipal de Muria\u00e9"},"previousItem":{"@type":"ListItem","@id":"https:\/\/anoticiaonline.com.br\/site#listItem","name":"Home"}},{"@type":"ListItem","@id":"https:\/\/anoticiaonline.com.br\/site\/categoria\/colunistas\/nomes-da-nossa-terra-joao-carlos-vargas-e-flavia-alves-junqueira-memorial-municipal-de-muriae\/#listItem","position":3,"name":"Nomes da Nossa Terra - Jo\u00e3o Carlos Vargas e Fl\u00e1via Alves Junqueira - Memorial Municipal de Muria\u00e9","item":"https:\/\/anoticiaonline.com.br\/site\/categoria\/colunistas\/nomes-da-nossa-terra-joao-carlos-vargas-e-flavia-alves-junqueira-memorial-municipal-de-muriae\/","nextItem":{"@type":"ListItem","@id":"https:\/\/anoticiaonline.com.br\/site\/sebastiao-dias-ladeira-tatao-ladeira\/#listItem","name":"SEBASTI\u00c3O DIAS LADEIRA &#8211; \u201cTat\u00e3o Ladeira\u201d"},"previousItem":{"@type":"ListItem","@id":"https:\/\/anoticiaonline.com.br\/site\/categoria\/colunistas\/#listItem","name":"Colunistas"}},{"@type":"ListItem","@id":"https:\/\/anoticiaonline.com.br\/site\/sebastiao-dias-ladeira-tatao-ladeira\/#listItem","position":4,"name":"SEBASTI\u00c3O DIAS LADEIRA &#8211; \u201cTat\u00e3o Ladeira\u201d","previousItem":{"@type":"ListItem","@id":"https:\/\/anoticiaonline.com.br\/site\/categoria\/colunistas\/nomes-da-nossa-terra-joao-carlos-vargas-e-flavia-alves-junqueira-memorial-municipal-de-muriae\/#listItem","name":"Nomes da Nossa Terra - Jo\u00e3o Carlos Vargas e Fl\u00e1via Alves Junqueira - Memorial Municipal de Muria\u00e9"}}]},{"@type":"Organization","@id":"https:\/\/anoticiaonline.com.br\/site\/#organization","name":"A Not\u00edcia Online","description":"Noticias de Muria\u00e9 e regi\u00e3o","url":"https:\/\/anoticiaonline.com.br\/site\/","logo":{"@type":"ImageObject","url":"https:\/\/scontent-gig4-1.xx.fbcdn.net\/v\/t39.30808-1\/270437624_4564083193639691_6907940295614233970_n.jpg?stp=dst-jpg_s200x200_tt6&_nc_cat=111&ccb=1-7&_nc_sid=f907e8&_nc_ohc=SM1wRlP3lJwQ7kNvwEPuBYA&_nc_oc=AdnqrjDN_BNjSSHWO-GbkIWH6fkGMLw4bqvL_NH6e2wMveX7G-rP2dAqsDSq1mJMOaY&_nc_zt=24&_nc_ht=scontent-gig4-1.xx&_nc_gid=AoBFJeGrT1hVaew_6rchkQ&oh=00_AfX7QmFGhQhG2jAllVgXCiM1ZrWgvtp80-Bfppyexh1QEg&oe=689E923C","@id":"https:\/\/anoticiaonline.com.br\/site\/sebastiao-dias-ladeira-tatao-ladeira\/#organizationLogo"},"image":{"@id":"https:\/\/anoticiaonline.com.br\/site\/sebastiao-dias-ladeira-tatao-ladeira\/#organizationLogo"}},{"@type":"Person","@id":"https:\/\/anoticiaonline.com.br\/site\/author\/juliana\/#author","url":"https:\/\/anoticiaonline.com.br\/site\/author\/juliana\/","name":"Juliana Laviola","image":{"@type":"ImageObject","@id":"https:\/\/anoticiaonline.com.br\/site\/sebastiao-dias-ladeira-tatao-ladeira\/#authorImage","url":"https:\/\/secure.gravatar.com\/avatar\/b8d45f5c699b100dfaf0e543582f38f38bf94cb7ae3a5e9abf8d891a34773335?s=96&d=mm&r=g","width":96,"height":96,"caption":"Juliana Laviola"}},{"@type":"WebPage","@id":"https:\/\/anoticiaonline.com.br\/site\/sebastiao-dias-ladeira-tatao-ladeira\/#webpage","url":"https:\/\/anoticiaonline.com.br\/site\/sebastiao-dias-ladeira-tatao-ladeira\/","name":"SEBASTI\u00c3O DIAS LADEIRA \u2013 \u201cTat\u00e3o Ladeira\u201d - A Not\u00edcia Online","description":"Nascido em 10 de abril 1920 Falecido em 26 de novembro de 1994 Filho de Ant\u00f4nio Dias Ladeira e de Maria Madalena Ramos, \u201cTat\u00e3o Ladeira\u201d trabalhou desde menino, ajudando seu pai na ro\u00e7a, colhendo caf\u00e9; na cidade, tamb\u00e9m com seu pai, pegava o lixo em uma carro\u00e7a de burro. Foi padeiro e percorreu v\u00e1rios servi\u00e7os","inLanguage":"pt-BR","isPartOf":{"@id":"https:\/\/anoticiaonline.com.br\/site\/#website"},"breadcrumb":{"@id":"https:\/\/anoticiaonline.com.br\/site\/sebastiao-dias-ladeira-tatao-ladeira\/#breadcrumblist"},"author":{"@id":"https:\/\/anoticiaonline.com.br\/site\/author\/juliana\/#author"},"creator":{"@id":"https:\/\/anoticiaonline.com.br\/site\/author\/juliana\/#author"},"datePublished":"2016-02-11T14:00:03-03:00","dateModified":"2016-02-11T14:00:03-03:00"},{"@type":"WebSite","@id":"https:\/\/anoticiaonline.com.br\/site\/#website","url":"https:\/\/anoticiaonline.com.br\/site\/","name":"A Not\u00edcia Online","description":"Noticias de Muria\u00e9 e regi\u00e3o","inLanguage":"pt-BR","publisher":{"@id":"https:\/\/anoticiaonline.com.br\/site\/#organization"}}]},"og:locale":"pt_BR","og:site_name":"A Not\u00edcia Online - Noticias de Muria\u00e9 e regi\u00e3o","og:type":"article","og:title":"SEBASTI\u00c3O DIAS LADEIRA \u2013 \u201cTat\u00e3o Ladeira\u201d - A Not\u00edcia Online","og:description":"Nascido em 10 de abril 1920 Falecido em 26 de novembro de 1994 Filho de Ant\u00f4nio Dias Ladeira e de Maria Madalena Ramos, \u201cTat\u00e3o Ladeira\u201d trabalhou desde menino, ajudando seu pai na ro\u00e7a, colhendo caf\u00e9; na cidade, tamb\u00e9m com seu pai, pegava o lixo em uma carro\u00e7a de burro. Foi padeiro e percorreu v\u00e1rios servi\u00e7os","og:url":"https:\/\/anoticiaonline.com.br\/site\/sebastiao-dias-ladeira-tatao-ladeira\/","og:image":"https:\/\/scontent-gig4-1.xx.fbcdn.net\/v\/t39.30808-1\/270437624_4564083193639691_6907940295614233970_n.jpg?stp=dst-jpg_s200x200_tt6&#038;_nc_cat=111&#038;ccb=1-7&#038;_nc_sid=f907e8&#038;_nc_ohc=SM1wRlP3lJwQ7kNvwEPuBYA&#038;_nc_oc=AdnqrjDN_BNjSSHWO-GbkIWH6fkGMLw4bqvL_NH6e2wMveX7G-rP2dAqsDSq1mJMOaY&#038;_nc_zt=24&#038;_nc_ht=scontent-gig4-1.xx&#038;_nc_gid=AoBFJeGrT1hVaew_6rchkQ&#038;oh=00_AfX7QmFGhQhG2jAllVgXCiM1ZrWgvtp80-Bfppyexh1QEg&#038;oe=689E923C","og:image:secure_url":"https:\/\/scontent-gig4-1.xx.fbcdn.net\/v\/t39.30808-1\/270437624_4564083193639691_6907940295614233970_n.jpg?stp=dst-jpg_s200x200_tt6&#038;_nc_cat=111&#038;ccb=1-7&#038;_nc_sid=f907e8&#038;_nc_ohc=SM1wRlP3lJwQ7kNvwEPuBYA&#038;_nc_oc=AdnqrjDN_BNjSSHWO-GbkIWH6fkGMLw4bqvL_NH6e2wMveX7G-rP2dAqsDSq1mJMOaY&#038;_nc_zt=24&#038;_nc_ht=scontent-gig4-1.xx&#038;_nc_gid=AoBFJeGrT1hVaew_6rchkQ&#038;oh=00_AfX7QmFGhQhG2jAllVgXCiM1ZrWgvtp80-Bfppyexh1QEg&#038;oe=689E923C","article:published_time":"2016-02-11T17:00:03+00:00","article:modified_time":"2016-02-11T17:00:03+00:00","twitter:card":"summary_large_image","twitter:title":"SEBASTI\u00c3O DIAS LADEIRA \u2013 \u201cTat\u00e3o Ladeira\u201d - A Not\u00edcia Online","twitter:description":"Nascido em 10 de abril 1920 Falecido em 26 de novembro de 1994 Filho de Ant\u00f4nio Dias Ladeira e de Maria Madalena Ramos, \u201cTat\u00e3o Ladeira\u201d trabalhou desde menino, ajudando seu pai na ro\u00e7a, colhendo caf\u00e9; na cidade, tamb\u00e9m com seu pai, pegava o lixo em uma carro\u00e7a de burro. Foi padeiro e percorreu v\u00e1rios servi\u00e7os","twitter:image":"https:\/\/scontent-gig4-1.xx.fbcdn.net\/v\/t39.30808-1\/270437624_4564083193639691_6907940295614233970_n.jpg?stp=dst-jpg_s200x200_tt6&_nc_cat=111&ccb=1-7&_nc_sid=f907e8&_nc_ohc=SM1wRlP3lJwQ7kNvwEPuBYA&_nc_oc=AdnqrjDN_BNjSSHWO-GbkIWH6fkGMLw4bqvL_NH6e2wMveX7G-rP2dAqsDSq1mJMOaY&_nc_zt=24&_nc_ht=scontent-gig4-1.xx&_nc_gid=AoBFJeGrT1hVaew_6rchkQ&oh=00_AfX7QmFGhQhG2jAllVgXCiM1ZrWgvtp80-Bfppyexh1QEg&oe=689E923C"},"aioseo_meta_data":{"post_id":"9482","title":null,"description":null,"keywords":null,"keyphrases":null,"primary_term":null,"canonical_url":null,"og_title":null,"og_description":null,"og_object_type":"default","og_image_type":"default","og_image_url":null,"og_image_width":null,"og_image_height":null,"og_image_custom_url":null,"og_image_custom_fields":null,"og_video":null,"og_custom_url":null,"og_article_section":null,"og_article_tags":null,"twitter_use_og":false,"twitter_card":"default","twitter_image_type":"default","twitter_image_url":null,"twitter_image_custom_url":null,"twitter_image_custom_fields":null,"twitter_title":null,"twitter_description":null,"schema":{"blockGraphs":[],"customGraphs":[],"default":{"data":{"Article":[],"Course":[],"Dataset":[],"FAQPage":[],"Movie":[],"Person":[],"Product":[],"ProductReview":[],"Car":[],"Recipe":[],"Service":[],"SoftwareApplication":[],"WebPage":[]},"graphName":"","isEnabled":true},"graphs":[]},"schema_type":"default","schema_type_options":null,"pillar_content":false,"robots_default":true,"robots_noindex":false,"robots_noarchive":false,"robots_nosnippet":false,"robots_nofollow":false,"robots_noimageindex":false,"robots_noodp":false,"robots_notranslate":false,"robots_max_snippet":null,"robots_max_videopreview":null,"robots_max_imagepreview":"large","priority":null,"frequency":null,"local_seo":null,"breadcrumb_settings":null,"limit_modified_date":false,"ai":null,"created":"2025-08-16 15:08:28","updated":"2025-08-16 15:08:28","focus_keyword":null,"additional_keywords":null,"truseo_locale":null,"seo_analyzer_scan_date":null},"aioseo_breadcrumb":"<div class=\"aioseo-breadcrumbs\"><span class=\"aioseo-breadcrumb\">\n\t\t\t<a href=\"https:\/\/anoticiaonline.com.br\/site\" title=\"Home\">Home<\/a>\n\t\t<\/span><span class=\"aioseo-breadcrumb-separator\">&raquo;<\/span><span class=\"aioseo-breadcrumb\">\n\t\t\t<a href=\"https:\/\/anoticiaonline.com.br\/site\/categoria\/colunistas\/\" title=\"Colunistas\">Colunistas<\/a>\n\t\t<\/span><span class=\"aioseo-breadcrumb-separator\">&raquo;<\/span><span class=\"aioseo-breadcrumb\">\n\t\t\t<a href=\"https:\/\/anoticiaonline.com.br\/site\/categoria\/colunistas\/nomes-da-nossa-terra-joao-carlos-vargas-e-flavia-alves-junqueira-memorial-municipal-de-muriae\/\" title=\"Nomes da Nossa Terra - Jo\u00e3o Carlos Vargas e Fl\u00e1via Alves Junqueira - Memorial Municipal de Muria\u00e9\">Nomes da Nossa Terra - Jo\u00e3o Carlos Vargas e Fl\u00e1via Alves Junqueira - Memorial Municipal de Muria\u00e9<\/a>\n\t\t<\/span><span class=\"aioseo-breadcrumb-separator\">&raquo;<\/span><span class=\"aioseo-breadcrumb\">\n\t\t\tSEBASTI\u00c3O DIAS LADEIRA \u2013 \u201cTat\u00e3o Ladeira\u201d\n\t\t<\/span><\/div>","aioseo_breadcrumb_json":[{"label":"Home","link":"https:\/\/anoticiaonline.com.br\/site"},{"label":"Colunistas","link":"https:\/\/anoticiaonline.com.br\/site\/categoria\/colunistas\/"},{"label":"Nomes da Nossa Terra - Jo\u00e3o Carlos Vargas e Fl\u00e1via Alves Junqueira - Memorial Municipal de Muria\u00e9","link":"https:\/\/anoticiaonline.com.br\/site\/categoria\/colunistas\/nomes-da-nossa-terra-joao-carlos-vargas-e-flavia-alves-junqueira-memorial-municipal-de-muriae\/"},{"label":"SEBASTI\u00c3O DIAS LADEIRA &#8211; \u201cTat\u00e3o Ladeira\u201d","link":"https:\/\/anoticiaonline.com.br\/site\/sebastiao-dias-ladeira-tatao-ladeira\/"}],"views":180,"_links":{"self":[{"href":"https:\/\/anoticiaonline.com.br\/site\/wp-json\/wp\/v2\/posts\/9482","targetHints":{"allow":["GET"]}}],"collection":[{"href":"https:\/\/anoticiaonline.com.br\/site\/wp-json\/wp\/v2\/posts"}],"about":[{"href":"https:\/\/anoticiaonline.com.br\/site\/wp-json\/wp\/v2\/types\/post"}],"author":[{"embeddable":true,"href":"https:\/\/anoticiaonline.com.br\/site\/wp-json\/wp\/v2\/users\/2"}],"replies":[{"embeddable":true,"href":"https:\/\/anoticiaonline.com.br\/site\/wp-json\/wp\/v2\/comments?post=9482"}],"version-history":[{"count":0,"href":"https:\/\/anoticiaonline.com.br\/site\/wp-json\/wp\/v2\/posts\/9482\/revisions"}],"wp:attachment":[{"href":"https:\/\/anoticiaonline.com.br\/site\/wp-json\/wp\/v2\/media?parent=9482"}],"wp:term":[{"taxonomy":"category","embeddable":true,"href":"https:\/\/anoticiaonline.com.br\/site\/wp-json\/wp\/v2\/categories?post=9482"},{"taxonomy":"post_tag","embeddable":true,"href":"https:\/\/anoticiaonline.com.br\/site\/wp-json\/wp\/v2\/tags?post=9482"}],"curies":[{"name":"wp","href":"https:\/\/api.w.org\/{rel}","templated":true}]}}