{"id":9446,"date":"2016-02-10T08:42:08","date_gmt":"2016-02-10T11:42:08","guid":{"rendered":"http:\/\/anoticiaonline.com.br\/site\/?p=9446"},"modified":"2016-02-10T09:32:52","modified_gmt":"2016-02-10T12:32:52","slug":"padre-silas-sera-transferido-para-uba","status":"publish","type":"post","link":"https:\/\/anoticiaonline.com.br\/site\/padre-silas-sera-transferido-para-uba\/","title":{"rendered":"Padre Silas ser\u00e1 transferido para Ub\u00e1"},"content":{"rendered":"<figure id=\"attachment_9447\" aria-describedby=\"caption-attachment-9447\" style=\"width: 290px\" class=\"wp-caption alignleft\"><a href=\"https:\/\/anoticiaonline.com.br\/site\/wp-content\/uploads\/2016\/02\/Padre-Silas-ser\u00e1-transferido-para-Ub\u00e1.jpg\"><img fetchpriority=\"high\" decoding=\"async\" class=\"wp-image-9447 size-medium\" src=\"https:\/\/anoticiaonline.com.br\/site\/wp-content\/uploads\/2016\/02\/Padre-Silas-ser\u00e1-transferido-para-Ub\u00e1-300x225.jpg\" alt=\"Padre Silas ser\u00e1 transferido para Ub\u00e1\" width=\"300\" height=\"225\" srcset=\"https:\/\/anoticiaonline.com.br\/site\/wp-content\/uploads\/2016\/02\/Padre-Silas-ser\u00e1-transferido-para-Ub\u00e1-300x225.jpg 300w, https:\/\/anoticiaonline.com.br\/site\/wp-content\/uploads\/2016\/02\/Padre-Silas-ser\u00e1-transferido-para-Ub\u00e1.jpg 640w\" sizes=\"(max-width: 300px) 100vw, 300px\" \/><\/a><figcaption id=\"caption-attachment-9447\" class=\"wp-caption-text\">Padre Silas Geraldo\/ Arquivo A NOT\u00cdCIA<\/figcaption><\/figure>\n<p>Ap\u00f3s atuar por dez anos como p\u00e1roco da Par\u00f3quia Nossa Senhora Aparecida, no Porto, padre Silas Geraldo ser\u00e1 transferido para Ub\u00e1, onde assumir\u00e1 o cargo de administrador paroquial da Par\u00f3quia Divino Esp\u00edrito Santo e de vice-reitor do Semin\u00e1rio Nossa Senhora de Guadalupe.<\/p>\n<p>A decis\u00e3o aconteceu no dia 3 deste m\u00eas, ap\u00f3s o bispo da Diocese de Leopoldina, dom Jos\u00e9 Eudes Campos do Nascimento, durante reuni\u00e3o, ouvir o Conselho Presbiteral. Al\u00e9m de padre Silas, que tamb\u00e9m \u00e9 colunista do A NOT\u00cdCIA, o bispo dom Jos\u00e9 Eudes nomeou transfer\u00eancias de outros sacerdotes.<\/p>\n<p>Em seu perfil no Facebook, padre Silas agradeceu a cidade e aos paroquianos pela recep\u00e7\u00e3o e carinho durante todo esse tempo. O sacerdote chegou a Muria\u00e9 em janeiro de 2006. \u201c\u00c9 irm\u00e3os&#8230; chegou a hora de partir. Levanta-te e come&#8230; o caminho \u00e9 longo. Obrigado por tudo Muria\u00e9. Deus aben\u00e7oe-me na nova miss\u00e3o (sic)\u201d. Na rede social, os paroquianos tamb\u00e9m lamentaram a transfer\u00eancia do sacerdote, pois o mesmo \u00e9 querido na comunidade, e desejaram sucesso nessa nova etapa da vida presbiteral.<\/p>\n<p>A Par\u00f3quia Nossa Senhora Aparecida ter\u00e1 como p\u00e1roco o padre Carlos Henrique Mariosa.<\/p>\n<p>As transfer\u00eancias v\u00e3o acontecer ap\u00f3s a Semana Santa.<\/p>\n","protected":false},"excerpt":{"rendered":"<p>Ap\u00f3s atuar por dez anos como p\u00e1roco da Par\u00f3quia Nossa Senhora Aparecida, no Porto, padre Silas Geraldo ser\u00e1 transferido para Ub\u00e1, onde assumir\u00e1 o cargo de administrador paroquial da Par\u00f3quia Divino Esp\u00edrito Santo e de vice-reitor do Semin\u00e1rio Nossa Senhora de Guadalupe. A decis\u00e3o aconteceu no dia 3 deste m\u00eas, ap\u00f3s o bispo da Diocese &#8230; <a title=\"Padre Silas ser\u00e1 transferido para Ub\u00e1\" class=\"read-more\" href=\"https:\/\/anoticiaonline.com.br\/site\/padre-silas-sera-transferido-para-uba\/\" aria-label=\"Read more about Padre Silas ser\u00e1 transferido para Ub\u00e1\">Ler mais<\/a><\/p>\n","protected":false},"author":2,"featured_media":9447,"comment_status":"open","ping_status":"open","sticky":false,"template":"","format":"standard","meta":{"_acf_changed":false,"_monsterinsights_skip_tracking":false,"footnotes":""},"categories":[30],"tags":[3],"class_list":["post-9446","post","type-post","status-publish","format-standard","has-post-thumbnail","hentry","category-muriae","tag-slide"],"acf":[],"aioseo_notices":[],"aioseo_head":"\n\t\t<!-- All in One SEO 5.0.0.1 - aioseo.com -->\n\t<meta name=\"description\" content=\"Ap\u00f3s atuar por dez anos como p\u00e1roco da Par\u00f3quia Nossa Senhora Aparecida, no Porto, padre Silas Geraldo ser\u00e1 transferido para Ub\u00e1, onde assumir\u00e1 o cargo de administrador paroquial da Par\u00f3quia Divino Esp\u00edrito Santo e de vice-reitor do Semin\u00e1rio Nossa Senhora de Guadalupe. A decis\u00e3o aconteceu no dia 3 deste m\u00eas, ap\u00f3s o bispo da Diocese\" \/>\n\t<meta name=\"robots\" content=\"max-image-preview:large\" \/>\n\t<meta name=\"author\" content=\"Juliana Laviola\"\/>\n\t<link rel=\"canonical\" href=\"https:\/\/anoticiaonline.com.br\/site\/padre-silas-sera-transferido-para-uba\/\" \/>\n\t<meta name=\"generator\" content=\"All in One SEO (AIOSEO) 5.0.0.1\" \/>\n\t\t<meta property=\"og:locale\" content=\"pt_BR\" \/>\n\t\t<meta property=\"og:site_name\" content=\"A Not\u00edcia Online - Noticias de Muria\u00e9 e regi\u00e3o\" \/>\n\t\t<meta property=\"og:type\" content=\"article\" \/>\n\t\t<meta property=\"og:title\" content=\"Padre Silas ser\u00e1 transferido para Ub\u00e1 - A Not\u00edcia Online\" \/>\n\t\t<meta property=\"og:description\" content=\"Ap\u00f3s atuar por dez anos como p\u00e1roco da Par\u00f3quia Nossa Senhora Aparecida, no Porto, padre Silas Geraldo ser\u00e1 transferido para Ub\u00e1, onde assumir\u00e1 o cargo de administrador paroquial da Par\u00f3quia Divino Esp\u00edrito Santo e de vice-reitor do Semin\u00e1rio Nossa Senhora de Guadalupe. A decis\u00e3o aconteceu no dia 3 deste m\u00eas, ap\u00f3s o bispo da Diocese\" \/>\n\t\t<meta property=\"og:url\" content=\"https:\/\/anoticiaonline.com.br\/site\/padre-silas-sera-transferido-para-uba\/\" \/>\n\t\t<meta property=\"og:image\" content=\"https:\/\/scontent-gig4-1.xx.fbcdn.net\/v\/t39.30808-1\/270437624_4564083193639691_6907940295614233970_n.jpg?stp=dst-jpg_s200x200_tt6&#038;_nc_cat=111&#038;ccb=1-7&#038;_nc_sid=f907e8&#038;_nc_ohc=SM1wRlP3lJwQ7kNvwEPuBYA&#038;_nc_oc=AdnqrjDN_BNjSSHWO-GbkIWH6fkGMLw4bqvL_NH6e2wMveX7G-rP2dAqsDSq1mJMOaY&#038;_nc_zt=24&#038;_nc_ht=scontent-gig4-1.xx&#038;_nc_gid=AoBFJeGrT1hVaew_6rchkQ&#038;oh=00_AfX7QmFGhQhG2jAllVgXCiM1ZrWgvtp80-Bfppyexh1QEg&#038;oe=689E923C\" \/>\n\t\t<meta property=\"og:image:secure_url\" content=\"https:\/\/scontent-gig4-1.xx.fbcdn.net\/v\/t39.30808-1\/270437624_4564083193639691_6907940295614233970_n.jpg?stp=dst-jpg_s200x200_tt6&#038;_nc_cat=111&#038;ccb=1-7&#038;_nc_sid=f907e8&#038;_nc_ohc=SM1wRlP3lJwQ7kNvwEPuBYA&#038;_nc_oc=AdnqrjDN_BNjSSHWO-GbkIWH6fkGMLw4bqvL_NH6e2wMveX7G-rP2dAqsDSq1mJMOaY&#038;_nc_zt=24&#038;_nc_ht=scontent-gig4-1.xx&#038;_nc_gid=AoBFJeGrT1hVaew_6rchkQ&#038;oh=00_AfX7QmFGhQhG2jAllVgXCiM1ZrWgvtp80-Bfppyexh1QEg&#038;oe=689E923C\" \/>\n\t\t<meta property=\"article:published_time\" content=\"2016-02-10T11:42:08+00:00\" \/>\n\t\t<meta property=\"article:modified_time\" content=\"2016-02-10T12:32:52+00:00\" \/>\n\t\t<meta name=\"twitter:card\" content=\"summary_large_image\" \/>\n\t\t<meta name=\"twitter:title\" content=\"Padre Silas ser\u00e1 transferido para Ub\u00e1 - A Not\u00edcia Online\" \/>\n\t\t<meta name=\"twitter:description\" content=\"Ap\u00f3s atuar por dez anos como p\u00e1roco da Par\u00f3quia Nossa Senhora Aparecida, no Porto, padre Silas Geraldo ser\u00e1 transferido para Ub\u00e1, onde assumir\u00e1 o cargo de administrador paroquial da Par\u00f3quia Divino Esp\u00edrito Santo e de vice-reitor do Semin\u00e1rio Nossa Senhora de Guadalupe. A decis\u00e3o aconteceu no dia 3 deste m\u00eas, ap\u00f3s o bispo da Diocese\" \/>\n\t\t<meta name=\"twitter:image\" content=\"https:\/\/scontent-gig4-1.xx.fbcdn.net\/v\/t39.30808-1\/270437624_4564083193639691_6907940295614233970_n.jpg?stp=dst-jpg_s200x200_tt6&amp;_nc_cat=111&amp;ccb=1-7&amp;_nc_sid=f907e8&amp;_nc_ohc=SM1wRlP3lJwQ7kNvwEPuBYA&amp;_nc_oc=AdnqrjDN_BNjSSHWO-GbkIWH6fkGMLw4bqvL_NH6e2wMveX7G-rP2dAqsDSq1mJMOaY&amp;_nc_zt=24&amp;_nc_ht=scontent-gig4-1.xx&amp;_nc_gid=AoBFJeGrT1hVaew_6rchkQ&amp;oh=00_AfX7QmFGhQhG2jAllVgXCiM1ZrWgvtp80-Bfppyexh1QEg&amp;oe=689E923C\" \/>\n\t\t<script type=\"application\/ld+json\" class=\"aioseo-schema\">\n\t\t\t{\"@context\":\"https:\\\/\\\/schema.org\",\"@graph\":[{\"@type\":\"BlogPosting\",\"@id\":\"https:\\\/\\\/anoticiaonline.com.br\\\/site\\\/padre-silas-sera-transferido-para-uba\\\/#blogposting\",\"name\":\"Padre Silas ser\\u00e1 transferido para Ub\\u00e1 - A Not\\u00edcia Online\",\"headline\":\"Padre Silas ser\\u00e1 transferido para Ub\\u00e1\",\"author\":{\"@id\":\"https:\\\/\\\/anoticiaonline.com.br\\\/site\\\/author\\\/juliana\\\/#author\"},\"publisher\":{\"@id\":\"https:\\\/\\\/anoticiaonline.com.br\\\/site\\\/#organization\"},\"image\":{\"@type\":\"ImageObject\",\"url\":\"https:\\\/\\\/anoticiaonline.com.br\\\/site\\\/wp-content\\\/uploads\\\/2016\\\/02\\\/Padre-Silas-ser\\u00e1-transferido-para-Ub\\u00e1.jpg\",\"width\":640,\"height\":480},\"datePublished\":\"2016-02-10T08:42:08-03:00\",\"dateModified\":\"2016-02-10T09:32:52-03:00\",\"inLanguage\":\"pt-BR\",\"mainEntityOfPage\":{\"@id\":\"https:\\\/\\\/anoticiaonline.com.br\\\/site\\\/padre-silas-sera-transferido-para-uba\\\/#webpage\"},\"isPartOf\":{\"@id\":\"https:\\\/\\\/anoticiaonline.com.br\\\/site\\\/padre-silas-sera-transferido-para-uba\\\/#webpage\"},\"articleSection\":\"Blog, slide\"},{\"@type\":\"BreadcrumbList\",\"@id\":\"https:\\\/\\\/anoticiaonline.com.br\\\/site\\\/padre-silas-sera-transferido-para-uba\\\/#breadcrumblist\",\"itemListElement\":[{\"@type\":\"ListItem\",\"@id\":\"https:\\\/\\\/anoticiaonline.com.br\\\/site#listItem\",\"position\":1,\"name\":\"Home\",\"item\":\"https:\\\/\\\/anoticiaonline.com.br\\\/site\",\"nextItem\":{\"@type\":\"ListItem\",\"@id\":\"https:\\\/\\\/anoticiaonline.com.br\\\/site\\\/categoria\\\/muriae\\\/#listItem\",\"name\":\"Blog\"}},{\"@type\":\"ListItem\",\"@id\":\"https:\\\/\\\/anoticiaonline.com.br\\\/site\\\/categoria\\\/muriae\\\/#listItem\",\"position\":2,\"name\":\"Blog\",\"item\":\"https:\\\/\\\/anoticiaonline.com.br\\\/site\\\/categoria\\\/muriae\\\/\",\"nextItem\":{\"@type\":\"ListItem\",\"@id\":\"https:\\\/\\\/anoticiaonline.com.br\\\/site\\\/padre-silas-sera-transferido-para-uba\\\/#listItem\",\"name\":\"Padre Silas ser\\u00e1 transferido para Ub\\u00e1\"},\"previousItem\":{\"@type\":\"ListItem\",\"@id\":\"https:\\\/\\\/anoticiaonline.com.br\\\/site#listItem\",\"name\":\"Home\"}},{\"@type\":\"ListItem\",\"@id\":\"https:\\\/\\\/anoticiaonline.com.br\\\/site\\\/padre-silas-sera-transferido-para-uba\\\/#listItem\",\"position\":3,\"name\":\"Padre Silas ser\\u00e1 transferido para Ub\\u00e1\",\"previousItem\":{\"@type\":\"ListItem\",\"@id\":\"https:\\\/\\\/anoticiaonline.com.br\\\/site\\\/categoria\\\/muriae\\\/#listItem\",\"name\":\"Blog\"}}]},{\"@type\":\"Organization\",\"@id\":\"https:\\\/\\\/anoticiaonline.com.br\\\/site\\\/#organization\",\"name\":\"A Not\\u00edcia Online\",\"description\":\"Noticias de Muria\\u00e9 e regi\\u00e3o\",\"url\":\"https:\\\/\\\/anoticiaonline.com.br\\\/site\\\/\",\"logo\":{\"@type\":\"ImageObject\",\"url\":\"https:\\\/\\\/scontent-gig4-1.xx.fbcdn.net\\\/v\\\/t39.30808-1\\\/270437624_4564083193639691_6907940295614233970_n.jpg?stp=dst-jpg_s200x200_tt6&_nc_cat=111&ccb=1-7&_nc_sid=f907e8&_nc_ohc=SM1wRlP3lJwQ7kNvwEPuBYA&_nc_oc=AdnqrjDN_BNjSSHWO-GbkIWH6fkGMLw4bqvL_NH6e2wMveX7G-rP2dAqsDSq1mJMOaY&_nc_zt=24&_nc_ht=scontent-gig4-1.xx&_nc_gid=AoBFJeGrT1hVaew_6rchkQ&oh=00_AfX7QmFGhQhG2jAllVgXCiM1ZrWgvtp80-Bfppyexh1QEg&oe=689E923C\",\"@id\":\"https:\\\/\\\/anoticiaonline.com.br\\\/site\\\/padre-silas-sera-transferido-para-uba\\\/#organizationLogo\"},\"image\":{\"@id\":\"https:\\\/\\\/anoticiaonline.com.br\\\/site\\\/padre-silas-sera-transferido-para-uba\\\/#organizationLogo\"}},{\"@type\":\"Person\",\"@id\":\"https:\\\/\\\/anoticiaonline.com.br\\\/site\\\/author\\\/juliana\\\/#author\",\"url\":\"https:\\\/\\\/anoticiaonline.com.br\\\/site\\\/author\\\/juliana\\\/\",\"name\":\"Juliana Laviola\",\"image\":{\"@type\":\"ImageObject\",\"@id\":\"https:\\\/\\\/anoticiaonline.com.br\\\/site\\\/padre-silas-sera-transferido-para-uba\\\/#authorImage\",\"url\":\"https:\\\/\\\/secure.gravatar.com\\\/avatar\\\/b8d45f5c699b100dfaf0e543582f38f38bf94cb7ae3a5e9abf8d891a34773335?s=96&d=mm&r=g\",\"width\":96,\"height\":96,\"caption\":\"Juliana Laviola\"}},{\"@type\":\"WebPage\",\"@id\":\"https:\\\/\\\/anoticiaonline.com.br\\\/site\\\/padre-silas-sera-transferido-para-uba\\\/#webpage\",\"url\":\"https:\\\/\\\/anoticiaonline.com.br\\\/site\\\/padre-silas-sera-transferido-para-uba\\\/\",\"name\":\"Padre Silas ser\\u00e1 transferido para Ub\\u00e1 - A Not\\u00edcia Online\",\"description\":\"Ap\\u00f3s atuar por dez anos como p\\u00e1roco da Par\\u00f3quia Nossa Senhora Aparecida, no Porto, padre Silas Geraldo ser\\u00e1 transferido para Ub\\u00e1, onde assumir\\u00e1 o cargo de administrador paroquial da Par\\u00f3quia Divino Esp\\u00edrito Santo e de vice-reitor do Semin\\u00e1rio Nossa Senhora de Guadalupe. A decis\\u00e3o aconteceu no dia 3 deste m\\u00eas, ap\\u00f3s o bispo da Diocese\",\"inLanguage\":\"pt-BR\",\"isPartOf\":{\"@id\":\"https:\\\/\\\/anoticiaonline.com.br\\\/site\\\/#website\"},\"breadcrumb\":{\"@id\":\"https:\\\/\\\/anoticiaonline.com.br\\\/site\\\/padre-silas-sera-transferido-para-uba\\\/#breadcrumblist\"},\"author\":{\"@id\":\"https:\\\/\\\/anoticiaonline.com.br\\\/site\\\/author\\\/juliana\\\/#author\"},\"creator\":{\"@id\":\"https:\\\/\\\/anoticiaonline.com.br\\\/site\\\/author\\\/juliana\\\/#author\"},\"image\":{\"@type\":\"ImageObject\",\"url\":\"https:\\\/\\\/anoticiaonline.com.br\\\/site\\\/wp-content\\\/uploads\\\/2016\\\/02\\\/Padre-Silas-ser\\u00e1-transferido-para-Ub\\u00e1.jpg\",\"@id\":\"https:\\\/\\\/anoticiaonline.com.br\\\/site\\\/padre-silas-sera-transferido-para-uba\\\/#mainImage\",\"width\":640,\"height\":480},\"primaryImageOfPage\":{\"@id\":\"https:\\\/\\\/anoticiaonline.com.br\\\/site\\\/padre-silas-sera-transferido-para-uba\\\/#mainImage\"},\"datePublished\":\"2016-02-10T08:42:08-03:00\",\"dateModified\":\"2016-02-10T09:32:52-03:00\"},{\"@type\":\"WebSite\",\"@id\":\"https:\\\/\\\/anoticiaonline.com.br\\\/site\\\/#website\",\"url\":\"https:\\\/\\\/anoticiaonline.com.br\\\/site\\\/\",\"name\":\"A Not\\u00edcia Online\",\"description\":\"Noticias de Muria\\u00e9 e regi\\u00e3o\",\"inLanguage\":\"pt-BR\",\"publisher\":{\"@id\":\"https:\\\/\\\/anoticiaonline.com.br\\\/site\\\/#organization\"}}]}\n\t\t<\/script>\n\t\t<!-- All in One SEO -->\n\n","aioseo_head_json":{"title":"Padre Silas ser\u00e1 transferido para Ub\u00e1 - A Not\u00edcia Online","description":"Ap\u00f3s atuar por dez anos como p\u00e1roco da Par\u00f3quia Nossa Senhora Aparecida, no Porto, padre Silas Geraldo ser\u00e1 transferido para Ub\u00e1, onde assumir\u00e1 o cargo de administrador paroquial da Par\u00f3quia Divino Esp\u00edrito Santo e de vice-reitor do Semin\u00e1rio Nossa Senhora de Guadalupe. A decis\u00e3o aconteceu no dia 3 deste m\u00eas, ap\u00f3s o bispo da Diocese","canonical_url":"https:\/\/anoticiaonline.com.br\/site\/padre-silas-sera-transferido-para-uba\/","robots":"max-image-preview:large","keywords":"","webmasterTools":{"miscellaneous":""},"schema":{"@context":"https:\/\/schema.org","@graph":[{"@type":"BlogPosting","@id":"https:\/\/anoticiaonline.com.br\/site\/padre-silas-sera-transferido-para-uba\/#blogposting","name":"Padre Silas ser\u00e1 transferido para Ub\u00e1 - A Not\u00edcia Online","headline":"Padre Silas ser\u00e1 transferido para Ub\u00e1","author":{"@id":"https:\/\/anoticiaonline.com.br\/site\/author\/juliana\/#author"},"publisher":{"@id":"https:\/\/anoticiaonline.com.br\/site\/#organization"},"image":{"@type":"ImageObject","url":"https:\/\/anoticiaonline.com.br\/site\/wp-content\/uploads\/2016\/02\/Padre-Silas-ser\u00e1-transferido-para-Ub\u00e1.jpg","width":640,"height":480},"datePublished":"2016-02-10T08:42:08-03:00","dateModified":"2016-02-10T09:32:52-03:00","inLanguage":"pt-BR","mainEntityOfPage":{"@id":"https:\/\/anoticiaonline.com.br\/site\/padre-silas-sera-transferido-para-uba\/#webpage"},"isPartOf":{"@id":"https:\/\/anoticiaonline.com.br\/site\/padre-silas-sera-transferido-para-uba\/#webpage"},"articleSection":"Blog, slide"},{"@type":"BreadcrumbList","@id":"https:\/\/anoticiaonline.com.br\/site\/padre-silas-sera-transferido-para-uba\/#breadcrumblist","itemListElement":[{"@type":"ListItem","@id":"https:\/\/anoticiaonline.com.br\/site#listItem","position":1,"name":"Home","item":"https:\/\/anoticiaonline.com.br\/site","nextItem":{"@type":"ListItem","@id":"https:\/\/anoticiaonline.com.br\/site\/categoria\/muriae\/#listItem","name":"Blog"}},{"@type":"ListItem","@id":"https:\/\/anoticiaonline.com.br\/site\/categoria\/muriae\/#listItem","position":2,"name":"Blog","item":"https:\/\/anoticiaonline.com.br\/site\/categoria\/muriae\/","nextItem":{"@type":"ListItem","@id":"https:\/\/anoticiaonline.com.br\/site\/padre-silas-sera-transferido-para-uba\/#listItem","name":"Padre Silas ser\u00e1 transferido para Ub\u00e1"},"previousItem":{"@type":"ListItem","@id":"https:\/\/anoticiaonline.com.br\/site#listItem","name":"Home"}},{"@type":"ListItem","@id":"https:\/\/anoticiaonline.com.br\/site\/padre-silas-sera-transferido-para-uba\/#listItem","position":3,"name":"Padre Silas ser\u00e1 transferido para Ub\u00e1","previousItem":{"@type":"ListItem","@id":"https:\/\/anoticiaonline.com.br\/site\/categoria\/muriae\/#listItem","name":"Blog"}}]},{"@type":"Organization","@id":"https:\/\/anoticiaonline.com.br\/site\/#organization","name":"A Not\u00edcia Online","description":"Noticias de Muria\u00e9 e regi\u00e3o","url":"https:\/\/anoticiaonline.com.br\/site\/","logo":{"@type":"ImageObject","url":"https:\/\/scontent-gig4-1.xx.fbcdn.net\/v\/t39.30808-1\/270437624_4564083193639691_6907940295614233970_n.jpg?stp=dst-jpg_s200x200_tt6&_nc_cat=111&ccb=1-7&_nc_sid=f907e8&_nc_ohc=SM1wRlP3lJwQ7kNvwEPuBYA&_nc_oc=AdnqrjDN_BNjSSHWO-GbkIWH6fkGMLw4bqvL_NH6e2wMveX7G-rP2dAqsDSq1mJMOaY&_nc_zt=24&_nc_ht=scontent-gig4-1.xx&_nc_gid=AoBFJeGrT1hVaew_6rchkQ&oh=00_AfX7QmFGhQhG2jAllVgXCiM1ZrWgvtp80-Bfppyexh1QEg&oe=689E923C","@id":"https:\/\/anoticiaonline.com.br\/site\/padre-silas-sera-transferido-para-uba\/#organizationLogo"},"image":{"@id":"https:\/\/anoticiaonline.com.br\/site\/padre-silas-sera-transferido-para-uba\/#organizationLogo"}},{"@type":"Person","@id":"https:\/\/anoticiaonline.com.br\/site\/author\/juliana\/#author","url":"https:\/\/anoticiaonline.com.br\/site\/author\/juliana\/","name":"Juliana Laviola","image":{"@type":"ImageObject","@id":"https:\/\/anoticiaonline.com.br\/site\/padre-silas-sera-transferido-para-uba\/#authorImage","url":"https:\/\/secure.gravatar.com\/avatar\/b8d45f5c699b100dfaf0e543582f38f38bf94cb7ae3a5e9abf8d891a34773335?s=96&d=mm&r=g","width":96,"height":96,"caption":"Juliana Laviola"}},{"@type":"WebPage","@id":"https:\/\/anoticiaonline.com.br\/site\/padre-silas-sera-transferido-para-uba\/#webpage","url":"https:\/\/anoticiaonline.com.br\/site\/padre-silas-sera-transferido-para-uba\/","name":"Padre Silas ser\u00e1 transferido para Ub\u00e1 - A Not\u00edcia Online","description":"Ap\u00f3s atuar por dez anos como p\u00e1roco da Par\u00f3quia Nossa Senhora Aparecida, no Porto, padre Silas Geraldo ser\u00e1 transferido para Ub\u00e1, onde assumir\u00e1 o cargo de administrador paroquial da Par\u00f3quia Divino Esp\u00edrito Santo e de vice-reitor do Semin\u00e1rio Nossa Senhora de Guadalupe. A decis\u00e3o aconteceu no dia 3 deste m\u00eas, ap\u00f3s o bispo da Diocese","inLanguage":"pt-BR","isPartOf":{"@id":"https:\/\/anoticiaonline.com.br\/site\/#website"},"breadcrumb":{"@id":"https:\/\/anoticiaonline.com.br\/site\/padre-silas-sera-transferido-para-uba\/#breadcrumblist"},"author":{"@id":"https:\/\/anoticiaonline.com.br\/site\/author\/juliana\/#author"},"creator":{"@id":"https:\/\/anoticiaonline.com.br\/site\/author\/juliana\/#author"},"image":{"@type":"ImageObject","url":"https:\/\/anoticiaonline.com.br\/site\/wp-content\/uploads\/2016\/02\/Padre-Silas-ser\u00e1-transferido-para-Ub\u00e1.jpg","@id":"https:\/\/anoticiaonline.com.br\/site\/padre-silas-sera-transferido-para-uba\/#mainImage","width":640,"height":480},"primaryImageOfPage":{"@id":"https:\/\/anoticiaonline.com.br\/site\/padre-silas-sera-transferido-para-uba\/#mainImage"},"datePublished":"2016-02-10T08:42:08-03:00","dateModified":"2016-02-10T09:32:52-03:00"},{"@type":"WebSite","@id":"https:\/\/anoticiaonline.com.br\/site\/#website","url":"https:\/\/anoticiaonline.com.br\/site\/","name":"A Not\u00edcia Online","description":"Noticias de Muria\u00e9 e regi\u00e3o","inLanguage":"pt-BR","publisher":{"@id":"https:\/\/anoticiaonline.com.br\/site\/#organization"}}]},"og:locale":"pt_BR","og:site_name":"A Not\u00edcia Online - Noticias de Muria\u00e9 e regi\u00e3o","og:type":"article","og:title":"Padre Silas ser\u00e1 transferido para Ub\u00e1 - A Not\u00edcia Online","og:description":"Ap\u00f3s atuar por dez anos como p\u00e1roco da Par\u00f3quia Nossa Senhora Aparecida, no Porto, padre Silas Geraldo ser\u00e1 transferido para Ub\u00e1, onde assumir\u00e1 o cargo de administrador paroquial da Par\u00f3quia Divino Esp\u00edrito Santo e de vice-reitor do Semin\u00e1rio Nossa Senhora de Guadalupe. A decis\u00e3o aconteceu no dia 3 deste m\u00eas, ap\u00f3s o bispo da Diocese","og:url":"https:\/\/anoticiaonline.com.br\/site\/padre-silas-sera-transferido-para-uba\/","og:image":"https:\/\/scontent-gig4-1.xx.fbcdn.net\/v\/t39.30808-1\/270437624_4564083193639691_6907940295614233970_n.jpg?stp=dst-jpg_s200x200_tt6&#038;_nc_cat=111&#038;ccb=1-7&#038;_nc_sid=f907e8&#038;_nc_ohc=SM1wRlP3lJwQ7kNvwEPuBYA&#038;_nc_oc=AdnqrjDN_BNjSSHWO-GbkIWH6fkGMLw4bqvL_NH6e2wMveX7G-rP2dAqsDSq1mJMOaY&#038;_nc_zt=24&#038;_nc_ht=scontent-gig4-1.xx&#038;_nc_gid=AoBFJeGrT1hVaew_6rchkQ&#038;oh=00_AfX7QmFGhQhG2jAllVgXCiM1ZrWgvtp80-Bfppyexh1QEg&#038;oe=689E923C","og:image:secure_url":"https:\/\/scontent-gig4-1.xx.fbcdn.net\/v\/t39.30808-1\/270437624_4564083193639691_6907940295614233970_n.jpg?stp=dst-jpg_s200x200_tt6&#038;_nc_cat=111&#038;ccb=1-7&#038;_nc_sid=f907e8&#038;_nc_ohc=SM1wRlP3lJwQ7kNvwEPuBYA&#038;_nc_oc=AdnqrjDN_BNjSSHWO-GbkIWH6fkGMLw4bqvL_NH6e2wMveX7G-rP2dAqsDSq1mJMOaY&#038;_nc_zt=24&#038;_nc_ht=scontent-gig4-1.xx&#038;_nc_gid=AoBFJeGrT1hVaew_6rchkQ&#038;oh=00_AfX7QmFGhQhG2jAllVgXCiM1ZrWgvtp80-Bfppyexh1QEg&#038;oe=689E923C","article:published_time":"2016-02-10T11:42:08+00:00","article:modified_time":"2016-02-10T12:32:52+00:00","twitter:card":"summary_large_image","twitter:title":"Padre Silas ser\u00e1 transferido para Ub\u00e1 - A Not\u00edcia Online","twitter:description":"Ap\u00f3s atuar por dez anos como p\u00e1roco da Par\u00f3quia Nossa Senhora Aparecida, no Porto, padre Silas Geraldo ser\u00e1 transferido para Ub\u00e1, onde assumir\u00e1 o cargo de administrador paroquial da Par\u00f3quia Divino Esp\u00edrito Santo e de vice-reitor do Semin\u00e1rio Nossa Senhora de Guadalupe. A decis\u00e3o aconteceu no dia 3 deste m\u00eas, ap\u00f3s o bispo da Diocese","twitter:image":"https:\/\/scontent-gig4-1.xx.fbcdn.net\/v\/t39.30808-1\/270437624_4564083193639691_6907940295614233970_n.jpg?stp=dst-jpg_s200x200_tt6&_nc_cat=111&ccb=1-7&_nc_sid=f907e8&_nc_ohc=SM1wRlP3lJwQ7kNvwEPuBYA&_nc_oc=AdnqrjDN_BNjSSHWO-GbkIWH6fkGMLw4bqvL_NH6e2wMveX7G-rP2dAqsDSq1mJMOaY&_nc_zt=24&_nc_ht=scontent-gig4-1.xx&_nc_gid=AoBFJeGrT1hVaew_6rchkQ&oh=00_AfX7QmFGhQhG2jAllVgXCiM1ZrWgvtp80-Bfppyexh1QEg&oe=689E923C"},"aioseo_meta_data":{"post_id":"9446","title":null,"description":null,"keywords":null,"keyphrases":null,"primary_term":null,"canonical_url":null,"og_title":null,"og_description":null,"og_object_type":"default","og_image_type":"default","og_image_url":null,"og_image_width":null,"og_image_height":null,"og_image_custom_url":null,"og_image_custom_fields":null,"og_video":null,"og_custom_url":null,"og_article_section":null,"og_article_tags":null,"twitter_use_og":false,"twitter_card":"default","twitter_image_type":"default","twitter_image_url":null,"twitter_image_custom_url":null,"twitter_image_custom_fields":null,"twitter_title":null,"twitter_description":null,"schema":{"blockGraphs":[],"customGraphs":[],"default":{"data":{"Article":[],"Course":[],"Dataset":[],"FAQPage":[],"Movie":[],"Person":[],"Product":[],"ProductReview":[],"Car":[],"Recipe":[],"Service":[],"SoftwareApplication":[],"WebPage":[]},"graphName":"","isEnabled":true},"graphs":[]},"schema_type":"default","schema_type_options":null,"pillar_content":false,"robots_default":true,"robots_noindex":false,"robots_noarchive":false,"robots_nosnippet":false,"robots_nofollow":false,"robots_noimageindex":false,"robots_noodp":false,"robots_notranslate":false,"robots_max_snippet":null,"robots_max_videopreview":null,"robots_max_imagepreview":"large","priority":null,"frequency":null,"local_seo":null,"breadcrumb_settings":null,"limit_modified_date":false,"ai":null,"created":"2025-08-16 15:04:36","updated":"2025-08-16 15:04:36","focus_keyword":null,"additional_keywords":null,"truseo_locale":null,"seo_analyzer_scan_date":null},"aioseo_breadcrumb":"<div class=\"aioseo-breadcrumbs\"><span class=\"aioseo-breadcrumb\">\n\t\t\t<a href=\"https:\/\/anoticiaonline.com.br\/site\" title=\"Home\">Home<\/a>\n\t\t<\/span><span class=\"aioseo-breadcrumb-separator\">&raquo;<\/span><span class=\"aioseo-breadcrumb\">\n\t\t\t<a href=\"https:\/\/anoticiaonline.com.br\/site\/categoria\/muriae\/\" title=\"Blog\">Blog<\/a>\n\t\t<\/span><span class=\"aioseo-breadcrumb-separator\">&raquo;<\/span><span class=\"aioseo-breadcrumb\">\n\t\t\tPadre Silas ser\u00e1 transferido para Ub\u00e1\n\t\t<\/span><\/div>","aioseo_breadcrumb_json":[{"label":"Home","link":"https:\/\/anoticiaonline.com.br\/site"},{"label":"Blog","link":"https:\/\/anoticiaonline.com.br\/site\/categoria\/muriae\/"},{"label":"Padre Silas ser\u00e1 transferido para Ub\u00e1","link":"https:\/\/anoticiaonline.com.br\/site\/padre-silas-sera-transferido-para-uba\/"}],"views":165,"_links":{"self":[{"href":"https:\/\/anoticiaonline.com.br\/site\/wp-json\/wp\/v2\/posts\/9446","targetHints":{"allow":["GET"]}}],"collection":[{"href":"https:\/\/anoticiaonline.com.br\/site\/wp-json\/wp\/v2\/posts"}],"about":[{"href":"https:\/\/anoticiaonline.com.br\/site\/wp-json\/wp\/v2\/types\/post"}],"author":[{"embeddable":true,"href":"https:\/\/anoticiaonline.com.br\/site\/wp-json\/wp\/v2\/users\/2"}],"replies":[{"embeddable":true,"href":"https:\/\/anoticiaonline.com.br\/site\/wp-json\/wp\/v2\/comments?post=9446"}],"version-history":[{"count":0,"href":"https:\/\/anoticiaonline.com.br\/site\/wp-json\/wp\/v2\/posts\/9446\/revisions"}],"wp:featuredmedia":[{"embeddable":true,"href":"https:\/\/anoticiaonline.com.br\/site\/wp-json\/wp\/v2\/media\/9447"}],"wp:attachment":[{"href":"https:\/\/anoticiaonline.com.br\/site\/wp-json\/wp\/v2\/media?parent=9446"}],"wp:term":[{"taxonomy":"category","embeddable":true,"href":"https:\/\/anoticiaonline.com.br\/site\/wp-json\/wp\/v2\/categories?post=9446"},{"taxonomy":"post_tag","embeddable":true,"href":"https:\/\/anoticiaonline.com.br\/site\/wp-json\/wp\/v2\/tags?post=9446"}],"curies":[{"name":"wp","href":"https:\/\/api.w.org\/{rel}","templated":true}]}}