{"id":9442,"date":"2016-02-10T08:07:21","date_gmt":"2016-02-10T11:07:21","guid":{"rendered":"http:\/\/anoticiaonline.com.br\/site\/?p=9442"},"modified":"2016-02-10T08:07:21","modified_gmt":"2016-02-10T11:07:21","slug":"prefeitura-retoma-atividades-do-cesta-cheia-apos-o-carnaval","status":"publish","type":"post","link":"https:\/\/anoticiaonline.com.br\/site\/prefeitura-retoma-atividades-do-cesta-cheia-apos-o-carnaval\/","title":{"rendered":"Prefeitura retoma atividades do \u201cCesta Cheia\u201d ap\u00f3s o carnaval"},"content":{"rendered":"<p><a href=\"https:\/\/anoticiaonline.com.br\/site\/wp-content\/uploads\/2016\/02\/IMG_9184.jpg\"><img fetchpriority=\"high\" decoding=\"async\" class=\" size-medium wp-image-9443 alignleft\" src=\"https:\/\/anoticiaonline.com.br\/site\/wp-content\/uploads\/2016\/02\/IMG_9184-300x200.jpg\" alt=\"IMG_9184\" width=\"300\" height=\"200\" srcset=\"https:\/\/anoticiaonline.com.br\/site\/wp-content\/uploads\/2016\/02\/IMG_9184-300x200.jpg 300w, https:\/\/anoticiaonline.com.br\/site\/wp-content\/uploads\/2016\/02\/IMG_9184.jpg 640w\" sizes=\"(max-width: 300px) 100vw, 300px\" \/><\/a>O programa Cesta Cheia da Agricultura Familiar ser\u00e1 retomado a partir de ter\u00e7a-feira (16), em Muria\u00e9. O trabalho volta a acontecer ap\u00f3s a paralisa\u00e7\u00e3o tempor\u00e1ria de in\u00edcio de ano.<\/p>\n<p>Na pr\u00f3xima ter\u00e7a-feira, o \u00f4nibus do Cesta Cheia estar\u00e1, pela manh\u00e3, no bairro Padre Tiago &#8211; \u00e0s 9h, em frente \u00e0 Escola Municipal Ionir Bastos Dias e \u00e0s 9h30min, na regi\u00e3o do Marambaia, em frente \u00e0 igreja cat\u00f3lica. \u00c0 tarde, o servi\u00e7o ser\u00e1 realizado no Residencial Nova Muria\u00e9 (13h), no distrito do Vermelho (13h30min) e no Santana \/ Bom Pastor (14h30min).<\/p>\n<p>Dois dias depois, na quinta-feira (18), a caminhonete da Secretaria Municipal de Agricultura levar\u00e1 cestas para o bairro S\u00e3o Crist\u00f3v\u00e3o, \u00e0s 9h, enquanto o \u00f4nibus passar\u00e1 pelo Gaspar (tamb\u00e9m \u00e0s 9h), Dornelas II (10h), S\u00e3o Jos\u00e9 (13h) e Aeroporto (14h).<\/p>\n<p>Na ter\u00e7a-feira da semana seguinte, dia 23, ser\u00e1 a vez dos bairros Jo\u00e3o XXIII (8h30min), Uni\u00e3o (9h30min) e Napole\u00e3o (10h), sendo estes atendidos pela caminhonete; os bairros Encoberta (\u00e0s 9h), Santo Ant\u00f4nio (9h30min) e Santa Terezinha (13h), por sua vez, ser\u00e3o atendidos pelo \u00f4nibus.<\/p>\n<p><a href=\"https:\/\/anoticiaonline.com.br\/site\/wp-content\/uploads\/2016\/02\/IMG_9169.jpg\"><img decoding=\"async\" class=\" size-medium wp-image-9444 alignleft\" src=\"https:\/\/anoticiaonline.com.br\/site\/wp-content\/uploads\/2016\/02\/IMG_9169-300x200.jpg\" alt=\"IMG_9169\" width=\"300\" height=\"200\" srcset=\"https:\/\/anoticiaonline.com.br\/site\/wp-content\/uploads\/2016\/02\/IMG_9169-300x200.jpg 300w, https:\/\/anoticiaonline.com.br\/site\/wp-content\/uploads\/2016\/02\/IMG_9169.jpg 640w\" sizes=\"(max-width: 300px) 100vw, 300px\" \/><\/a>Por fim, o ciclo quinzenal de distribui\u00e7\u00e3o das cestas ser\u00e1 conclu\u00eddo no dia 25 de fevereiro, chegando aos bairros Dornelas\/Jos\u00e9 Cirilo (9h), Joan\u00f3polis (10h), S\u00e3o Joaquim (10h30min), Planalto (14h), Panorama (13h) e Prainha (13h30min).<\/p>\n<p>A Secretaria de Agricultura pede que a popula\u00e7\u00e3o e as equipes de apoio dos Centros de Refer\u00eancia e Assist\u00eancia Social (CRAS) dos bairros fiquem atentas \u00e0s datas de retomada das atividades. Vale lembrar que a equipe do programa Cesta Cheia retornar\u00e1 a cada comunidade ap\u00f3s duas semanas para novos ciclos de distribui\u00e7\u00e3o.<\/p>\n<p>Considerado o maior projeto agrossocial do munic\u00edpio, o programa consiste no repasse quinzenal de cestas contendo 10 quilos de produtos do campo, entre frutas da esta\u00e7\u00e3o, verduras, legumes e leite, para as fam\u00edlias cadastradas nos CRAS &#8211; tudo pelo pre\u00e7o simb\u00f3lico de R$4,00. Todos os alimentos s\u00e3o adquiridos diretamente junto aos pequenos produtores rurais da regi\u00e3o, que adotam o sistema conhecido como agricultura familiar.<\/p>\n","protected":false},"excerpt":{"rendered":"<p>O programa Cesta Cheia da Agricultura Familiar ser\u00e1 retomado a partir de ter\u00e7a-feira (16), em Muria\u00e9. O trabalho volta a acontecer ap\u00f3s a paralisa\u00e7\u00e3o tempor\u00e1ria de in\u00edcio de ano. Na pr\u00f3xima ter\u00e7a-feira, o \u00f4nibus do Cesta Cheia estar\u00e1, pela manh\u00e3, no bairro Padre Tiago &#8211; \u00e0s 9h, em frente \u00e0 Escola Municipal Ionir Bastos Dias &#8230; <a title=\"Prefeitura retoma atividades do \u201cCesta Cheia\u201d ap\u00f3s o carnaval\" class=\"read-more\" href=\"https:\/\/anoticiaonline.com.br\/site\/prefeitura-retoma-atividades-do-cesta-cheia-apos-o-carnaval\/\" aria-label=\"Read more about Prefeitura retoma atividades do \u201cCesta Cheia\u201d ap\u00f3s o carnaval\">Ler mais<\/a><\/p>\n","protected":false},"author":2,"featured_media":9443,"comment_status":"open","ping_status":"open","sticky":false,"template":"","format":"standard","meta":{"_acf_changed":false,"_monsterinsights_skip_tracking":false,"footnotes":""},"categories":[30],"tags":[3],"class_list":["post-9442","post","type-post","status-publish","format-standard","has-post-thumbnail","hentry","category-muriae","tag-slide"],"acf":[],"aioseo_notices":[],"aioseo_head":"\n\t\t<!-- All in One SEO 5.0.0.1 - aioseo.com -->\n\t<meta name=\"description\" content=\"O programa Cesta Cheia da Agricultura Familiar ser\u00e1 retomado a partir de ter\u00e7a-feira (16), em Muria\u00e9. O trabalho volta a acontecer ap\u00f3s a paralisa\u00e7\u00e3o tempor\u00e1ria de in\u00edcio de ano. Na pr\u00f3xima ter\u00e7a-feira, o \u00f4nibus do Cesta Cheia estar\u00e1, pela manh\u00e3, no bairro Padre Tiago - \u00e0s 9h, em frente \u00e0 Escola Municipal Ionir Bastos Dias\" \/>\n\t<meta name=\"robots\" content=\"max-image-preview:large\" \/>\n\t<meta name=\"author\" content=\"Juliana Laviola\"\/>\n\t<link rel=\"canonical\" href=\"https:\/\/anoticiaonline.com.br\/site\/prefeitura-retoma-atividades-do-cesta-cheia-apos-o-carnaval\/\" \/>\n\t<meta name=\"generator\" content=\"All in One SEO (AIOSEO) 5.0.0.1\" \/>\n\t\t<meta property=\"og:locale\" content=\"pt_BR\" \/>\n\t\t<meta property=\"og:site_name\" content=\"A Not\u00edcia Online - Noticias de Muria\u00e9 e regi\u00e3o\" \/>\n\t\t<meta property=\"og:type\" content=\"article\" \/>\n\t\t<meta property=\"og:title\" content=\"Prefeitura retoma atividades do \u201cCesta Cheia\u201d ap\u00f3s o carnaval - A Not\u00edcia Online\" \/>\n\t\t<meta property=\"og:description\" content=\"O programa Cesta Cheia da Agricultura Familiar ser\u00e1 retomado a partir de ter\u00e7a-feira (16), em Muria\u00e9. O trabalho volta a acontecer ap\u00f3s a paralisa\u00e7\u00e3o tempor\u00e1ria de in\u00edcio de ano. Na pr\u00f3xima ter\u00e7a-feira, o \u00f4nibus do Cesta Cheia estar\u00e1, pela manh\u00e3, no bairro Padre Tiago - \u00e0s 9h, em frente \u00e0 Escola Municipal Ionir Bastos Dias\" \/>\n\t\t<meta property=\"og:url\" content=\"https:\/\/anoticiaonline.com.br\/site\/prefeitura-retoma-atividades-do-cesta-cheia-apos-o-carnaval\/\" \/>\n\t\t<meta property=\"og:image\" content=\"https:\/\/scontent-gig4-1.xx.fbcdn.net\/v\/t39.30808-1\/270437624_4564083193639691_6907940295614233970_n.jpg?stp=dst-jpg_s200x200_tt6&#038;_nc_cat=111&#038;ccb=1-7&#038;_nc_sid=f907e8&#038;_nc_ohc=SM1wRlP3lJwQ7kNvwEPuBYA&#038;_nc_oc=AdnqrjDN_BNjSSHWO-GbkIWH6fkGMLw4bqvL_NH6e2wMveX7G-rP2dAqsDSq1mJMOaY&#038;_nc_zt=24&#038;_nc_ht=scontent-gig4-1.xx&#038;_nc_gid=AoBFJeGrT1hVaew_6rchkQ&#038;oh=00_AfX7QmFGhQhG2jAllVgXCiM1ZrWgvtp80-Bfppyexh1QEg&#038;oe=689E923C\" \/>\n\t\t<meta property=\"og:image:secure_url\" content=\"https:\/\/scontent-gig4-1.xx.fbcdn.net\/v\/t39.30808-1\/270437624_4564083193639691_6907940295614233970_n.jpg?stp=dst-jpg_s200x200_tt6&#038;_nc_cat=111&#038;ccb=1-7&#038;_nc_sid=f907e8&#038;_nc_ohc=SM1wRlP3lJwQ7kNvwEPuBYA&#038;_nc_oc=AdnqrjDN_BNjSSHWO-GbkIWH6fkGMLw4bqvL_NH6e2wMveX7G-rP2dAqsDSq1mJMOaY&#038;_nc_zt=24&#038;_nc_ht=scontent-gig4-1.xx&#038;_nc_gid=AoBFJeGrT1hVaew_6rchkQ&#038;oh=00_AfX7QmFGhQhG2jAllVgXCiM1ZrWgvtp80-Bfppyexh1QEg&#038;oe=689E923C\" \/>\n\t\t<meta property=\"article:published_time\" content=\"2016-02-10T11:07:21+00:00\" \/>\n\t\t<meta property=\"article:modified_time\" content=\"2016-02-10T11:07:21+00:00\" \/>\n\t\t<meta name=\"twitter:card\" content=\"summary_large_image\" \/>\n\t\t<meta name=\"twitter:title\" content=\"Prefeitura retoma atividades do \u201cCesta Cheia\u201d ap\u00f3s o carnaval - A Not\u00edcia Online\" \/>\n\t\t<meta name=\"twitter:description\" content=\"O programa Cesta Cheia da Agricultura Familiar ser\u00e1 retomado a partir de ter\u00e7a-feira (16), em Muria\u00e9. O trabalho volta a acontecer ap\u00f3s a paralisa\u00e7\u00e3o tempor\u00e1ria de in\u00edcio de ano. Na pr\u00f3xima ter\u00e7a-feira, o \u00f4nibus do Cesta Cheia estar\u00e1, pela manh\u00e3, no bairro Padre Tiago - \u00e0s 9h, em frente \u00e0 Escola Municipal Ionir Bastos Dias\" \/>\n\t\t<meta name=\"twitter:image\" content=\"https:\/\/scontent-gig4-1.xx.fbcdn.net\/v\/t39.30808-1\/270437624_4564083193639691_6907940295614233970_n.jpg?stp=dst-jpg_s200x200_tt6&amp;_nc_cat=111&amp;ccb=1-7&amp;_nc_sid=f907e8&amp;_nc_ohc=SM1wRlP3lJwQ7kNvwEPuBYA&amp;_nc_oc=AdnqrjDN_BNjSSHWO-GbkIWH6fkGMLw4bqvL_NH6e2wMveX7G-rP2dAqsDSq1mJMOaY&amp;_nc_zt=24&amp;_nc_ht=scontent-gig4-1.xx&amp;_nc_gid=AoBFJeGrT1hVaew_6rchkQ&amp;oh=00_AfX7QmFGhQhG2jAllVgXCiM1ZrWgvtp80-Bfppyexh1QEg&amp;oe=689E923C\" \/>\n\t\t<script type=\"application\/ld+json\" class=\"aioseo-schema\">\n\t\t\t{\"@context\":\"https:\\\/\\\/schema.org\",\"@graph\":[{\"@type\":\"BlogPosting\",\"@id\":\"https:\\\/\\\/anoticiaonline.com.br\\\/site\\\/prefeitura-retoma-atividades-do-cesta-cheia-apos-o-carnaval\\\/#blogposting\",\"name\":\"Prefeitura retoma atividades do \\u201cCesta Cheia\\u201d ap\\u00f3s o carnaval - A Not\\u00edcia Online\",\"headline\":\"Prefeitura retoma atividades do \\u201cCesta Cheia\\u201d ap\\u00f3s o carnaval\",\"author\":{\"@id\":\"https:\\\/\\\/anoticiaonline.com.br\\\/site\\\/author\\\/juliana\\\/#author\"},\"publisher\":{\"@id\":\"https:\\\/\\\/anoticiaonline.com.br\\\/site\\\/#organization\"},\"image\":{\"@type\":\"ImageObject\",\"url\":\"https:\\\/\\\/anoticiaonline.com.br\\\/site\\\/wp-content\\\/uploads\\\/2016\\\/02\\\/IMG_9184.jpg\",\"width\":640,\"height\":426},\"datePublished\":\"2016-02-10T08:07:21-03:00\",\"dateModified\":\"2016-02-10T08:07:21-03:00\",\"inLanguage\":\"pt-BR\",\"mainEntityOfPage\":{\"@id\":\"https:\\\/\\\/anoticiaonline.com.br\\\/site\\\/prefeitura-retoma-atividades-do-cesta-cheia-apos-o-carnaval\\\/#webpage\"},\"isPartOf\":{\"@id\":\"https:\\\/\\\/anoticiaonline.com.br\\\/site\\\/prefeitura-retoma-atividades-do-cesta-cheia-apos-o-carnaval\\\/#webpage\"},\"articleSection\":\"Blog, slide\"},{\"@type\":\"BreadcrumbList\",\"@id\":\"https:\\\/\\\/anoticiaonline.com.br\\\/site\\\/prefeitura-retoma-atividades-do-cesta-cheia-apos-o-carnaval\\\/#breadcrumblist\",\"itemListElement\":[{\"@type\":\"ListItem\",\"@id\":\"https:\\\/\\\/anoticiaonline.com.br\\\/site#listItem\",\"position\":1,\"name\":\"Home\",\"item\":\"https:\\\/\\\/anoticiaonline.com.br\\\/site\",\"nextItem\":{\"@type\":\"ListItem\",\"@id\":\"https:\\\/\\\/anoticiaonline.com.br\\\/site\\\/categoria\\\/muriae\\\/#listItem\",\"name\":\"Blog\"}},{\"@type\":\"ListItem\",\"@id\":\"https:\\\/\\\/anoticiaonline.com.br\\\/site\\\/categoria\\\/muriae\\\/#listItem\",\"position\":2,\"name\":\"Blog\",\"item\":\"https:\\\/\\\/anoticiaonline.com.br\\\/site\\\/categoria\\\/muriae\\\/\",\"nextItem\":{\"@type\":\"ListItem\",\"@id\":\"https:\\\/\\\/anoticiaonline.com.br\\\/site\\\/prefeitura-retoma-atividades-do-cesta-cheia-apos-o-carnaval\\\/#listItem\",\"name\":\"Prefeitura retoma atividades do \\u201cCesta Cheia\\u201d ap\\u00f3s o carnaval\"},\"previousItem\":{\"@type\":\"ListItem\",\"@id\":\"https:\\\/\\\/anoticiaonline.com.br\\\/site#listItem\",\"name\":\"Home\"}},{\"@type\":\"ListItem\",\"@id\":\"https:\\\/\\\/anoticiaonline.com.br\\\/site\\\/prefeitura-retoma-atividades-do-cesta-cheia-apos-o-carnaval\\\/#listItem\",\"position\":3,\"name\":\"Prefeitura retoma atividades do \\u201cCesta Cheia\\u201d ap\\u00f3s o carnaval\",\"previousItem\":{\"@type\":\"ListItem\",\"@id\":\"https:\\\/\\\/anoticiaonline.com.br\\\/site\\\/categoria\\\/muriae\\\/#listItem\",\"name\":\"Blog\"}}]},{\"@type\":\"Organization\",\"@id\":\"https:\\\/\\\/anoticiaonline.com.br\\\/site\\\/#organization\",\"name\":\"A Not\\u00edcia Online\",\"description\":\"Noticias de Muria\\u00e9 e regi\\u00e3o\",\"url\":\"https:\\\/\\\/anoticiaonline.com.br\\\/site\\\/\",\"logo\":{\"@type\":\"ImageObject\",\"url\":\"https:\\\/\\\/scontent-gig4-1.xx.fbcdn.net\\\/v\\\/t39.30808-1\\\/270437624_4564083193639691_6907940295614233970_n.jpg?stp=dst-jpg_s200x200_tt6&_nc_cat=111&ccb=1-7&_nc_sid=f907e8&_nc_ohc=SM1wRlP3lJwQ7kNvwEPuBYA&_nc_oc=AdnqrjDN_BNjSSHWO-GbkIWH6fkGMLw4bqvL_NH6e2wMveX7G-rP2dAqsDSq1mJMOaY&_nc_zt=24&_nc_ht=scontent-gig4-1.xx&_nc_gid=AoBFJeGrT1hVaew_6rchkQ&oh=00_AfX7QmFGhQhG2jAllVgXCiM1ZrWgvtp80-Bfppyexh1QEg&oe=689E923C\",\"@id\":\"https:\\\/\\\/anoticiaonline.com.br\\\/site\\\/prefeitura-retoma-atividades-do-cesta-cheia-apos-o-carnaval\\\/#organizationLogo\"},\"image\":{\"@id\":\"https:\\\/\\\/anoticiaonline.com.br\\\/site\\\/prefeitura-retoma-atividades-do-cesta-cheia-apos-o-carnaval\\\/#organizationLogo\"}},{\"@type\":\"Person\",\"@id\":\"https:\\\/\\\/anoticiaonline.com.br\\\/site\\\/author\\\/juliana\\\/#author\",\"url\":\"https:\\\/\\\/anoticiaonline.com.br\\\/site\\\/author\\\/juliana\\\/\",\"name\":\"Juliana Laviola\",\"image\":{\"@type\":\"ImageObject\",\"@id\":\"https:\\\/\\\/anoticiaonline.com.br\\\/site\\\/prefeitura-retoma-atividades-do-cesta-cheia-apos-o-carnaval\\\/#authorImage\",\"url\":\"https:\\\/\\\/secure.gravatar.com\\\/avatar\\\/b8d45f5c699b100dfaf0e543582f38f38bf94cb7ae3a5e9abf8d891a34773335?s=96&d=mm&r=g\",\"width\":96,\"height\":96,\"caption\":\"Juliana Laviola\"}},{\"@type\":\"WebPage\",\"@id\":\"https:\\\/\\\/anoticiaonline.com.br\\\/site\\\/prefeitura-retoma-atividades-do-cesta-cheia-apos-o-carnaval\\\/#webpage\",\"url\":\"https:\\\/\\\/anoticiaonline.com.br\\\/site\\\/prefeitura-retoma-atividades-do-cesta-cheia-apos-o-carnaval\\\/\",\"name\":\"Prefeitura retoma atividades do \\u201cCesta Cheia\\u201d ap\\u00f3s o carnaval - A Not\\u00edcia Online\",\"description\":\"O programa Cesta Cheia da Agricultura Familiar ser\\u00e1 retomado a partir de ter\\u00e7a-feira (16), em Muria\\u00e9. O trabalho volta a acontecer ap\\u00f3s a paralisa\\u00e7\\u00e3o tempor\\u00e1ria de in\\u00edcio de ano. Na pr\\u00f3xima ter\\u00e7a-feira, o \\u00f4nibus do Cesta Cheia estar\\u00e1, pela manh\\u00e3, no bairro Padre Tiago - \\u00e0s 9h, em frente \\u00e0 Escola Municipal Ionir Bastos Dias\",\"inLanguage\":\"pt-BR\",\"isPartOf\":{\"@id\":\"https:\\\/\\\/anoticiaonline.com.br\\\/site\\\/#website\"},\"breadcrumb\":{\"@id\":\"https:\\\/\\\/anoticiaonline.com.br\\\/site\\\/prefeitura-retoma-atividades-do-cesta-cheia-apos-o-carnaval\\\/#breadcrumblist\"},\"author\":{\"@id\":\"https:\\\/\\\/anoticiaonline.com.br\\\/site\\\/author\\\/juliana\\\/#author\"},\"creator\":{\"@id\":\"https:\\\/\\\/anoticiaonline.com.br\\\/site\\\/author\\\/juliana\\\/#author\"},\"image\":{\"@type\":\"ImageObject\",\"url\":\"https:\\\/\\\/anoticiaonline.com.br\\\/site\\\/wp-content\\\/uploads\\\/2016\\\/02\\\/IMG_9184.jpg\",\"@id\":\"https:\\\/\\\/anoticiaonline.com.br\\\/site\\\/prefeitura-retoma-atividades-do-cesta-cheia-apos-o-carnaval\\\/#mainImage\",\"width\":640,\"height\":426},\"primaryImageOfPage\":{\"@id\":\"https:\\\/\\\/anoticiaonline.com.br\\\/site\\\/prefeitura-retoma-atividades-do-cesta-cheia-apos-o-carnaval\\\/#mainImage\"},\"datePublished\":\"2016-02-10T08:07:21-03:00\",\"dateModified\":\"2016-02-10T08:07:21-03:00\"},{\"@type\":\"WebSite\",\"@id\":\"https:\\\/\\\/anoticiaonline.com.br\\\/site\\\/#website\",\"url\":\"https:\\\/\\\/anoticiaonline.com.br\\\/site\\\/\",\"name\":\"A Not\\u00edcia Online\",\"description\":\"Noticias de Muria\\u00e9 e regi\\u00e3o\",\"inLanguage\":\"pt-BR\",\"publisher\":{\"@id\":\"https:\\\/\\\/anoticiaonline.com.br\\\/site\\\/#organization\"}}]}\n\t\t<\/script>\n\t\t<!-- All in One SEO -->\n\n","aioseo_head_json":{"title":"Prefeitura retoma atividades do \u201cCesta Cheia\u201d ap\u00f3s o carnaval - A Not\u00edcia Online","description":"O programa Cesta Cheia da Agricultura Familiar ser\u00e1 retomado a partir de ter\u00e7a-feira (16), em Muria\u00e9. O trabalho volta a acontecer ap\u00f3s a paralisa\u00e7\u00e3o tempor\u00e1ria de in\u00edcio de ano. Na pr\u00f3xima ter\u00e7a-feira, o \u00f4nibus do Cesta Cheia estar\u00e1, pela manh\u00e3, no bairro Padre Tiago - \u00e0s 9h, em frente \u00e0 Escola Municipal Ionir Bastos Dias","canonical_url":"https:\/\/anoticiaonline.com.br\/site\/prefeitura-retoma-atividades-do-cesta-cheia-apos-o-carnaval\/","robots":"max-image-preview:large","keywords":"","webmasterTools":{"miscellaneous":""},"schema":{"@context":"https:\/\/schema.org","@graph":[{"@type":"BlogPosting","@id":"https:\/\/anoticiaonline.com.br\/site\/prefeitura-retoma-atividades-do-cesta-cheia-apos-o-carnaval\/#blogposting","name":"Prefeitura retoma atividades do \u201cCesta Cheia\u201d ap\u00f3s o carnaval - A Not\u00edcia Online","headline":"Prefeitura retoma atividades do \u201cCesta Cheia\u201d ap\u00f3s o carnaval","author":{"@id":"https:\/\/anoticiaonline.com.br\/site\/author\/juliana\/#author"},"publisher":{"@id":"https:\/\/anoticiaonline.com.br\/site\/#organization"},"image":{"@type":"ImageObject","url":"https:\/\/anoticiaonline.com.br\/site\/wp-content\/uploads\/2016\/02\/IMG_9184.jpg","width":640,"height":426},"datePublished":"2016-02-10T08:07:21-03:00","dateModified":"2016-02-10T08:07:21-03:00","inLanguage":"pt-BR","mainEntityOfPage":{"@id":"https:\/\/anoticiaonline.com.br\/site\/prefeitura-retoma-atividades-do-cesta-cheia-apos-o-carnaval\/#webpage"},"isPartOf":{"@id":"https:\/\/anoticiaonline.com.br\/site\/prefeitura-retoma-atividades-do-cesta-cheia-apos-o-carnaval\/#webpage"},"articleSection":"Blog, slide"},{"@type":"BreadcrumbList","@id":"https:\/\/anoticiaonline.com.br\/site\/prefeitura-retoma-atividades-do-cesta-cheia-apos-o-carnaval\/#breadcrumblist","itemListElement":[{"@type":"ListItem","@id":"https:\/\/anoticiaonline.com.br\/site#listItem","position":1,"name":"Home","item":"https:\/\/anoticiaonline.com.br\/site","nextItem":{"@type":"ListItem","@id":"https:\/\/anoticiaonline.com.br\/site\/categoria\/muriae\/#listItem","name":"Blog"}},{"@type":"ListItem","@id":"https:\/\/anoticiaonline.com.br\/site\/categoria\/muriae\/#listItem","position":2,"name":"Blog","item":"https:\/\/anoticiaonline.com.br\/site\/categoria\/muriae\/","nextItem":{"@type":"ListItem","@id":"https:\/\/anoticiaonline.com.br\/site\/prefeitura-retoma-atividades-do-cesta-cheia-apos-o-carnaval\/#listItem","name":"Prefeitura retoma atividades do \u201cCesta Cheia\u201d ap\u00f3s o carnaval"},"previousItem":{"@type":"ListItem","@id":"https:\/\/anoticiaonline.com.br\/site#listItem","name":"Home"}},{"@type":"ListItem","@id":"https:\/\/anoticiaonline.com.br\/site\/prefeitura-retoma-atividades-do-cesta-cheia-apos-o-carnaval\/#listItem","position":3,"name":"Prefeitura retoma atividades do \u201cCesta Cheia\u201d ap\u00f3s o carnaval","previousItem":{"@type":"ListItem","@id":"https:\/\/anoticiaonline.com.br\/site\/categoria\/muriae\/#listItem","name":"Blog"}}]},{"@type":"Organization","@id":"https:\/\/anoticiaonline.com.br\/site\/#organization","name":"A Not\u00edcia Online","description":"Noticias de Muria\u00e9 e regi\u00e3o","url":"https:\/\/anoticiaonline.com.br\/site\/","logo":{"@type":"ImageObject","url":"https:\/\/scontent-gig4-1.xx.fbcdn.net\/v\/t39.30808-1\/270437624_4564083193639691_6907940295614233970_n.jpg?stp=dst-jpg_s200x200_tt6&_nc_cat=111&ccb=1-7&_nc_sid=f907e8&_nc_ohc=SM1wRlP3lJwQ7kNvwEPuBYA&_nc_oc=AdnqrjDN_BNjSSHWO-GbkIWH6fkGMLw4bqvL_NH6e2wMveX7G-rP2dAqsDSq1mJMOaY&_nc_zt=24&_nc_ht=scontent-gig4-1.xx&_nc_gid=AoBFJeGrT1hVaew_6rchkQ&oh=00_AfX7QmFGhQhG2jAllVgXCiM1ZrWgvtp80-Bfppyexh1QEg&oe=689E923C","@id":"https:\/\/anoticiaonline.com.br\/site\/prefeitura-retoma-atividades-do-cesta-cheia-apos-o-carnaval\/#organizationLogo"},"image":{"@id":"https:\/\/anoticiaonline.com.br\/site\/prefeitura-retoma-atividades-do-cesta-cheia-apos-o-carnaval\/#organizationLogo"}},{"@type":"Person","@id":"https:\/\/anoticiaonline.com.br\/site\/author\/juliana\/#author","url":"https:\/\/anoticiaonline.com.br\/site\/author\/juliana\/","name":"Juliana Laviola","image":{"@type":"ImageObject","@id":"https:\/\/anoticiaonline.com.br\/site\/prefeitura-retoma-atividades-do-cesta-cheia-apos-o-carnaval\/#authorImage","url":"https:\/\/secure.gravatar.com\/avatar\/b8d45f5c699b100dfaf0e543582f38f38bf94cb7ae3a5e9abf8d891a34773335?s=96&d=mm&r=g","width":96,"height":96,"caption":"Juliana Laviola"}},{"@type":"WebPage","@id":"https:\/\/anoticiaonline.com.br\/site\/prefeitura-retoma-atividades-do-cesta-cheia-apos-o-carnaval\/#webpage","url":"https:\/\/anoticiaonline.com.br\/site\/prefeitura-retoma-atividades-do-cesta-cheia-apos-o-carnaval\/","name":"Prefeitura retoma atividades do \u201cCesta Cheia\u201d ap\u00f3s o carnaval - A Not\u00edcia Online","description":"O programa Cesta Cheia da Agricultura Familiar ser\u00e1 retomado a partir de ter\u00e7a-feira (16), em Muria\u00e9. O trabalho volta a acontecer ap\u00f3s a paralisa\u00e7\u00e3o tempor\u00e1ria de in\u00edcio de ano. Na pr\u00f3xima ter\u00e7a-feira, o \u00f4nibus do Cesta Cheia estar\u00e1, pela manh\u00e3, no bairro Padre Tiago - \u00e0s 9h, em frente \u00e0 Escola Municipal Ionir Bastos Dias","inLanguage":"pt-BR","isPartOf":{"@id":"https:\/\/anoticiaonline.com.br\/site\/#website"},"breadcrumb":{"@id":"https:\/\/anoticiaonline.com.br\/site\/prefeitura-retoma-atividades-do-cesta-cheia-apos-o-carnaval\/#breadcrumblist"},"author":{"@id":"https:\/\/anoticiaonline.com.br\/site\/author\/juliana\/#author"},"creator":{"@id":"https:\/\/anoticiaonline.com.br\/site\/author\/juliana\/#author"},"image":{"@type":"ImageObject","url":"https:\/\/anoticiaonline.com.br\/site\/wp-content\/uploads\/2016\/02\/IMG_9184.jpg","@id":"https:\/\/anoticiaonline.com.br\/site\/prefeitura-retoma-atividades-do-cesta-cheia-apos-o-carnaval\/#mainImage","width":640,"height":426},"primaryImageOfPage":{"@id":"https:\/\/anoticiaonline.com.br\/site\/prefeitura-retoma-atividades-do-cesta-cheia-apos-o-carnaval\/#mainImage"},"datePublished":"2016-02-10T08:07:21-03:00","dateModified":"2016-02-10T08:07:21-03:00"},{"@type":"WebSite","@id":"https:\/\/anoticiaonline.com.br\/site\/#website","url":"https:\/\/anoticiaonline.com.br\/site\/","name":"A Not\u00edcia Online","description":"Noticias de Muria\u00e9 e regi\u00e3o","inLanguage":"pt-BR","publisher":{"@id":"https:\/\/anoticiaonline.com.br\/site\/#organization"}}]},"og:locale":"pt_BR","og:site_name":"A Not\u00edcia Online - Noticias de Muria\u00e9 e regi\u00e3o","og:type":"article","og:title":"Prefeitura retoma atividades do \u201cCesta Cheia\u201d ap\u00f3s o carnaval - A Not\u00edcia Online","og:description":"O programa Cesta Cheia da Agricultura Familiar ser\u00e1 retomado a partir de ter\u00e7a-feira (16), em Muria\u00e9. O trabalho volta a acontecer ap\u00f3s a paralisa\u00e7\u00e3o tempor\u00e1ria de in\u00edcio de ano. Na pr\u00f3xima ter\u00e7a-feira, o \u00f4nibus do Cesta Cheia estar\u00e1, pela manh\u00e3, no bairro Padre Tiago - \u00e0s 9h, em frente \u00e0 Escola Municipal Ionir Bastos Dias","og:url":"https:\/\/anoticiaonline.com.br\/site\/prefeitura-retoma-atividades-do-cesta-cheia-apos-o-carnaval\/","og:image":"https:\/\/scontent-gig4-1.xx.fbcdn.net\/v\/t39.30808-1\/270437624_4564083193639691_6907940295614233970_n.jpg?stp=dst-jpg_s200x200_tt6&#038;_nc_cat=111&#038;ccb=1-7&#038;_nc_sid=f907e8&#038;_nc_ohc=SM1wRlP3lJwQ7kNvwEPuBYA&#038;_nc_oc=AdnqrjDN_BNjSSHWO-GbkIWH6fkGMLw4bqvL_NH6e2wMveX7G-rP2dAqsDSq1mJMOaY&#038;_nc_zt=24&#038;_nc_ht=scontent-gig4-1.xx&#038;_nc_gid=AoBFJeGrT1hVaew_6rchkQ&#038;oh=00_AfX7QmFGhQhG2jAllVgXCiM1ZrWgvtp80-Bfppyexh1QEg&#038;oe=689E923C","og:image:secure_url":"https:\/\/scontent-gig4-1.xx.fbcdn.net\/v\/t39.30808-1\/270437624_4564083193639691_6907940295614233970_n.jpg?stp=dst-jpg_s200x200_tt6&#038;_nc_cat=111&#038;ccb=1-7&#038;_nc_sid=f907e8&#038;_nc_ohc=SM1wRlP3lJwQ7kNvwEPuBYA&#038;_nc_oc=AdnqrjDN_BNjSSHWO-GbkIWH6fkGMLw4bqvL_NH6e2wMveX7G-rP2dAqsDSq1mJMOaY&#038;_nc_zt=24&#038;_nc_ht=scontent-gig4-1.xx&#038;_nc_gid=AoBFJeGrT1hVaew_6rchkQ&#038;oh=00_AfX7QmFGhQhG2jAllVgXCiM1ZrWgvtp80-Bfppyexh1QEg&#038;oe=689E923C","article:published_time":"2016-02-10T11:07:21+00:00","article:modified_time":"2016-02-10T11:07:21+00:00","twitter:card":"summary_large_image","twitter:title":"Prefeitura retoma atividades do \u201cCesta Cheia\u201d ap\u00f3s o carnaval - A Not\u00edcia Online","twitter:description":"O programa Cesta Cheia da Agricultura Familiar ser\u00e1 retomado a partir de ter\u00e7a-feira (16), em Muria\u00e9. O trabalho volta a acontecer ap\u00f3s a paralisa\u00e7\u00e3o tempor\u00e1ria de in\u00edcio de ano. Na pr\u00f3xima ter\u00e7a-feira, o \u00f4nibus do Cesta Cheia estar\u00e1, pela manh\u00e3, no bairro Padre Tiago - \u00e0s 9h, em frente \u00e0 Escola Municipal Ionir Bastos Dias","twitter:image":"https:\/\/scontent-gig4-1.xx.fbcdn.net\/v\/t39.30808-1\/270437624_4564083193639691_6907940295614233970_n.jpg?stp=dst-jpg_s200x200_tt6&_nc_cat=111&ccb=1-7&_nc_sid=f907e8&_nc_ohc=SM1wRlP3lJwQ7kNvwEPuBYA&_nc_oc=AdnqrjDN_BNjSSHWO-GbkIWH6fkGMLw4bqvL_NH6e2wMveX7G-rP2dAqsDSq1mJMOaY&_nc_zt=24&_nc_ht=scontent-gig4-1.xx&_nc_gid=AoBFJeGrT1hVaew_6rchkQ&oh=00_AfX7QmFGhQhG2jAllVgXCiM1ZrWgvtp80-Bfppyexh1QEg&oe=689E923C"},"aioseo_meta_data":{"post_id":"9442","title":null,"description":null,"keywords":null,"keyphrases":null,"primary_term":null,"canonical_url":null,"og_title":null,"og_description":null,"og_object_type":"default","og_image_type":"default","og_image_url":null,"og_image_width":null,"og_image_height":null,"og_image_custom_url":null,"og_image_custom_fields":null,"og_video":null,"og_custom_url":null,"og_article_section":null,"og_article_tags":null,"twitter_use_og":false,"twitter_card":"default","twitter_image_type":"default","twitter_image_url":null,"twitter_image_custom_url":null,"twitter_image_custom_fields":null,"twitter_title":null,"twitter_description":null,"schema":{"blockGraphs":[],"customGraphs":[],"default":{"data":{"Article":[],"Course":[],"Dataset":[],"FAQPage":[],"Movie":[],"Person":[],"Product":[],"ProductReview":[],"Car":[],"Recipe":[],"Service":[],"SoftwareApplication":[],"WebPage":[]},"graphName":"","isEnabled":true},"graphs":[]},"schema_type":"default","schema_type_options":null,"pillar_content":false,"robots_default":true,"robots_noindex":false,"robots_noarchive":false,"robots_nosnippet":false,"robots_nofollow":false,"robots_noimageindex":false,"robots_noodp":false,"robots_notranslate":false,"robots_max_snippet":null,"robots_max_videopreview":null,"robots_max_imagepreview":"large","priority":null,"frequency":null,"local_seo":null,"breadcrumb_settings":null,"limit_modified_date":false,"ai":null,"created":"2025-08-16 15:04:36","updated":"2025-08-16 15:04:36","focus_keyword":null,"additional_keywords":null,"truseo_locale":null,"seo_analyzer_scan_date":null},"aioseo_breadcrumb":"<div class=\"aioseo-breadcrumbs\"><span class=\"aioseo-breadcrumb\">\n\t\t\t<a href=\"https:\/\/anoticiaonline.com.br\/site\" title=\"Home\">Home<\/a>\n\t\t<\/span><span class=\"aioseo-breadcrumb-separator\">&raquo;<\/span><span class=\"aioseo-breadcrumb\">\n\t\t\t<a href=\"https:\/\/anoticiaonline.com.br\/site\/categoria\/muriae\/\" title=\"Blog\">Blog<\/a>\n\t\t<\/span><span class=\"aioseo-breadcrumb-separator\">&raquo;<\/span><span class=\"aioseo-breadcrumb\">\n\t\t\tPrefeitura retoma atividades do \u201cCesta Cheia\u201d ap\u00f3s o carnaval\n\t\t<\/span><\/div>","aioseo_breadcrumb_json":[{"label":"Home","link":"https:\/\/anoticiaonline.com.br\/site"},{"label":"Blog","link":"https:\/\/anoticiaonline.com.br\/site\/categoria\/muriae\/"},{"label":"Prefeitura retoma atividades do \u201cCesta Cheia\u201d ap\u00f3s o carnaval","link":"https:\/\/anoticiaonline.com.br\/site\/prefeitura-retoma-atividades-do-cesta-cheia-apos-o-carnaval\/"}],"views":134,"_links":{"self":[{"href":"https:\/\/anoticiaonline.com.br\/site\/wp-json\/wp\/v2\/posts\/9442","targetHints":{"allow":["GET"]}}],"collection":[{"href":"https:\/\/anoticiaonline.com.br\/site\/wp-json\/wp\/v2\/posts"}],"about":[{"href":"https:\/\/anoticiaonline.com.br\/site\/wp-json\/wp\/v2\/types\/post"}],"author":[{"embeddable":true,"href":"https:\/\/anoticiaonline.com.br\/site\/wp-json\/wp\/v2\/users\/2"}],"replies":[{"embeddable":true,"href":"https:\/\/anoticiaonline.com.br\/site\/wp-json\/wp\/v2\/comments?post=9442"}],"version-history":[{"count":0,"href":"https:\/\/anoticiaonline.com.br\/site\/wp-json\/wp\/v2\/posts\/9442\/revisions"}],"wp:featuredmedia":[{"embeddable":true,"href":"https:\/\/anoticiaonline.com.br\/site\/wp-json\/wp\/v2\/media\/9443"}],"wp:attachment":[{"href":"https:\/\/anoticiaonline.com.br\/site\/wp-json\/wp\/v2\/media?parent=9442"}],"wp:term":[{"taxonomy":"category","embeddable":true,"href":"https:\/\/anoticiaonline.com.br\/site\/wp-json\/wp\/v2\/categories?post=9442"},{"taxonomy":"post_tag","embeddable":true,"href":"https:\/\/anoticiaonline.com.br\/site\/wp-json\/wp\/v2\/tags?post=9442"}],"curies":[{"name":"wp","href":"https:\/\/api.w.org\/{rel}","templated":true}]}}