{"id":9334,"date":"2016-02-03T10:28:45","date_gmt":"2016-02-03T13:28:45","guid":{"rendered":"http:\/\/anoticiaonline.com.br\/site\/?p=9334"},"modified":"2016-02-03T10:28:45","modified_gmt":"2016-02-03T13:28:45","slug":"exposicao-da-ong-lgbt-de-muriae-e-alvo-de-ataques","status":"publish","type":"post","link":"https:\/\/anoticiaonline.com.br\/site\/exposicao-da-ong-lgbt-de-muriae-e-alvo-de-ataques\/","title":{"rendered":"Exposi\u00e7\u00e3o da ONG LGBT de Muria\u00e9 \u00e9 alvo de ataques"},"content":{"rendered":"<figure id=\"attachment_9335\" aria-describedby=\"caption-attachment-9335\" style=\"width: 290px\" class=\"wp-caption alignleft\"><a href=\"https:\/\/anoticiaonline.com.br\/site\/wp-content\/uploads\/2016\/02\/Exposi\u00e7\u00e3o-da-ONG-LGBT-de-Muria\u00e9-\u00e9-alvo-de-ataques.jpg\"><img fetchpriority=\"high\" decoding=\"async\" class=\"wp-image-9335 size-medium\" src=\"https:\/\/anoticiaonline.com.br\/site\/wp-content\/uploads\/2016\/02\/Exposi\u00e7\u00e3o-da-ONG-LGBT-de-Muria\u00e9-\u00e9-alvo-de-ataques-300x169.jpg\" alt=\"Exposi\u00e7\u00e3o da ONG LGBT de Muria\u00e9 \u00e9 alvo de ataques\" width=\"300\" height=\"169\" srcset=\"https:\/\/anoticiaonline.com.br\/site\/wp-content\/uploads\/2016\/02\/Exposi\u00e7\u00e3o-da-ONG-LGBT-de-Muria\u00e9-\u00e9-alvo-de-ataques-300x169.jpg 300w, https:\/\/anoticiaonline.com.br\/site\/wp-content\/uploads\/2016\/02\/Exposi\u00e7\u00e3o-da-ONG-LGBT-de-Muria\u00e9-\u00e9-alvo-de-ataques.jpg 640w\" sizes=\"(max-width: 300px) 100vw, 300px\" \/><\/a><figcaption id=\"caption-attachment-9335\" class=\"wp-caption-text\">ONG LGBT de Muria\u00e9<\/figcaption><\/figure>\n<p>Uma exposi\u00e7\u00e3o da Organiza\u00e7\u00e3o LGBT de Muria\u00e9 foi alvo de ataques. O caso foi registrado no final da manh\u00e3 desta segunda-feira (1\u00ba). Segundo o presidente da ONG, Caic Henriques, j\u00e1 foi solicitado\u00a0 o apoio da Secretaria de Estado de Direitos Humanos e Participa\u00e7\u00e3o Social, assim como da Diretoria de Prote\u00e7\u00e3o e do Minist\u00e9rio P\u00fablico Estadual.<\/p>\n<p>O material estava exposto na Biblioteca P\u00fablica Municipal Vivaldi Wenceslau Moreira, ap\u00f3s o t\u00e9rmino do evento comemorativo ao Dia da Visibilidade Trans, que aconteceu na sexta-feira (29). \u201c\u00c9 muito triste quando sentimos na pele a dor e a viol\u00eancia das pessoas lgbtf\u00f3bicas. Na \u00faltima semana, todos os membros da nossa institui\u00e7\u00e3o estiveram empenhados em prol da organiza\u00e7\u00e3o do Dia da Visibilidade Trans, quando tiramos tempo dos nossos of\u00edcios para que pud\u00e9ssemos preparar o material para este dia. Por\u00e9m, fomos pego de surpresa com a liga\u00e7\u00e3o do setor jur\u00eddico da Fundarte informando que nosso material foi pichado com s\u00edmbolos de repress\u00e3o e frases lgbtf\u00f3bicas\u201d, relata Caic Henriques.<\/p>\n<p>Ainda segundo o presidente da ONG LGBT, a Prefeitura de Muria\u00e9, atrav\u00e9s do setor jur\u00eddico da Fundarte, est\u00e1 realizando todos os procedimentos administrativos para apurar o fato. \u201cO que d\u00f3i \u00e9 ver que existem pessoas violentas e cheias de \u00f3dio pr\u00f3ximo a n\u00f3s, e por causa desses tipos de pessoas, s\u00f3 neste ano, h\u00e1 exatamente um m\u00eas, j\u00e1 morreram mais de 50 LGBT\u2019s no Brasil. Seguimos liderando o pa\u00eds que mais mata pessoas LGBT no mundo\u201d, lamenta.<\/p>\n","protected":false},"excerpt":{"rendered":"<p>Uma exposi\u00e7\u00e3o da Organiza\u00e7\u00e3o LGBT de Muria\u00e9 foi alvo de ataques. O caso foi registrado no final da manh\u00e3 desta segunda-feira (1\u00ba). Segundo o presidente da ONG, Caic Henriques, j\u00e1 foi solicitado\u00a0 o apoio da Secretaria de Estado de Direitos Humanos e Participa\u00e7\u00e3o Social, assim como da Diretoria de Prote\u00e7\u00e3o e do Minist\u00e9rio P\u00fablico Estadual. &#8230; <a title=\"Exposi\u00e7\u00e3o da ONG LGBT de Muria\u00e9 \u00e9 alvo de ataques\" class=\"read-more\" href=\"https:\/\/anoticiaonline.com.br\/site\/exposicao-da-ong-lgbt-de-muriae-e-alvo-de-ataques\/\" aria-label=\"Read more about Exposi\u00e7\u00e3o da ONG LGBT de Muria\u00e9 \u00e9 alvo de ataques\">Ler mais<\/a><\/p>\n","protected":false},"author":2,"featured_media":9335,"comment_status":"open","ping_status":"open","sticky":false,"template":"","format":"standard","meta":{"_acf_changed":false,"_monsterinsights_skip_tracking":false,"footnotes":""},"categories":[30],"tags":[3],"class_list":["post-9334","post","type-post","status-publish","format-standard","has-post-thumbnail","hentry","category-muriae","tag-slide"],"acf":[],"aioseo_notices":[],"aioseo_head":"\n\t\t<!-- All in One SEO 5.0.0.1 - aioseo.com -->\n\t<meta name=\"description\" content=\"Uma exposi\u00e7\u00e3o da Organiza\u00e7\u00e3o LGBT de Muria\u00e9 foi alvo de ataques. O caso foi registrado no final da manh\u00e3 desta segunda-feira (1\u00ba). Segundo o presidente da ONG, Caic Henriques, j\u00e1 foi solicitado o apoio da Secretaria de Estado de Direitos Humanos e Participa\u00e7\u00e3o Social, assim como da Diretoria de Prote\u00e7\u00e3o e do Minist\u00e9rio P\u00fablico Estadual.\" \/>\n\t<meta name=\"robots\" content=\"max-image-preview:large\" \/>\n\t<meta name=\"author\" content=\"Juliana Laviola\"\/>\n\t<link rel=\"canonical\" href=\"https:\/\/anoticiaonline.com.br\/site\/exposicao-da-ong-lgbt-de-muriae-e-alvo-de-ataques\/\" \/>\n\t<meta name=\"generator\" content=\"All in One SEO (AIOSEO) 5.0.0.1\" \/>\n\t\t<meta property=\"og:locale\" content=\"pt_BR\" \/>\n\t\t<meta property=\"og:site_name\" content=\"A Not\u00edcia Online - Noticias de Muria\u00e9 e regi\u00e3o\" \/>\n\t\t<meta property=\"og:type\" content=\"article\" \/>\n\t\t<meta property=\"og:title\" content=\"Exposi\u00e7\u00e3o da ONG LGBT de Muria\u00e9 \u00e9 alvo de ataques - A Not\u00edcia Online\" \/>\n\t\t<meta property=\"og:description\" content=\"Uma exposi\u00e7\u00e3o da Organiza\u00e7\u00e3o LGBT de Muria\u00e9 foi alvo de ataques. O caso foi registrado no final da manh\u00e3 desta segunda-feira (1\u00ba). Segundo o presidente da ONG, Caic Henriques, j\u00e1 foi solicitado o apoio da Secretaria de Estado de Direitos Humanos e Participa\u00e7\u00e3o Social, assim como da Diretoria de Prote\u00e7\u00e3o e do Minist\u00e9rio P\u00fablico Estadual.\" \/>\n\t\t<meta property=\"og:url\" content=\"https:\/\/anoticiaonline.com.br\/site\/exposicao-da-ong-lgbt-de-muriae-e-alvo-de-ataques\/\" \/>\n\t\t<meta property=\"og:image\" content=\"https:\/\/scontent-gig4-1.xx.fbcdn.net\/v\/t39.30808-1\/270437624_4564083193639691_6907940295614233970_n.jpg?stp=dst-jpg_s200x200_tt6&#038;_nc_cat=111&#038;ccb=1-7&#038;_nc_sid=f907e8&#038;_nc_ohc=SM1wRlP3lJwQ7kNvwEPuBYA&#038;_nc_oc=AdnqrjDN_BNjSSHWO-GbkIWH6fkGMLw4bqvL_NH6e2wMveX7G-rP2dAqsDSq1mJMOaY&#038;_nc_zt=24&#038;_nc_ht=scontent-gig4-1.xx&#038;_nc_gid=AoBFJeGrT1hVaew_6rchkQ&#038;oh=00_AfX7QmFGhQhG2jAllVgXCiM1ZrWgvtp80-Bfppyexh1QEg&#038;oe=689E923C\" \/>\n\t\t<meta property=\"og:image:secure_url\" content=\"https:\/\/scontent-gig4-1.xx.fbcdn.net\/v\/t39.30808-1\/270437624_4564083193639691_6907940295614233970_n.jpg?stp=dst-jpg_s200x200_tt6&#038;_nc_cat=111&#038;ccb=1-7&#038;_nc_sid=f907e8&#038;_nc_ohc=SM1wRlP3lJwQ7kNvwEPuBYA&#038;_nc_oc=AdnqrjDN_BNjSSHWO-GbkIWH6fkGMLw4bqvL_NH6e2wMveX7G-rP2dAqsDSq1mJMOaY&#038;_nc_zt=24&#038;_nc_ht=scontent-gig4-1.xx&#038;_nc_gid=AoBFJeGrT1hVaew_6rchkQ&#038;oh=00_AfX7QmFGhQhG2jAllVgXCiM1ZrWgvtp80-Bfppyexh1QEg&#038;oe=689E923C\" \/>\n\t\t<meta property=\"article:published_time\" content=\"2016-02-03T13:28:45+00:00\" \/>\n\t\t<meta property=\"article:modified_time\" content=\"2016-02-03T13:28:45+00:00\" \/>\n\t\t<meta name=\"twitter:card\" content=\"summary_large_image\" \/>\n\t\t<meta name=\"twitter:title\" content=\"Exposi\u00e7\u00e3o da ONG LGBT de Muria\u00e9 \u00e9 alvo de ataques - A Not\u00edcia Online\" \/>\n\t\t<meta name=\"twitter:description\" content=\"Uma exposi\u00e7\u00e3o da Organiza\u00e7\u00e3o LGBT de Muria\u00e9 foi alvo de ataques. O caso foi registrado no final da manh\u00e3 desta segunda-feira (1\u00ba). Segundo o presidente da ONG, Caic Henriques, j\u00e1 foi solicitado o apoio da Secretaria de Estado de Direitos Humanos e Participa\u00e7\u00e3o Social, assim como da Diretoria de Prote\u00e7\u00e3o e do Minist\u00e9rio P\u00fablico Estadual.\" \/>\n\t\t<meta name=\"twitter:image\" content=\"https:\/\/scontent-gig4-1.xx.fbcdn.net\/v\/t39.30808-1\/270437624_4564083193639691_6907940295614233970_n.jpg?stp=dst-jpg_s200x200_tt6&amp;_nc_cat=111&amp;ccb=1-7&amp;_nc_sid=f907e8&amp;_nc_ohc=SM1wRlP3lJwQ7kNvwEPuBYA&amp;_nc_oc=AdnqrjDN_BNjSSHWO-GbkIWH6fkGMLw4bqvL_NH6e2wMveX7G-rP2dAqsDSq1mJMOaY&amp;_nc_zt=24&amp;_nc_ht=scontent-gig4-1.xx&amp;_nc_gid=AoBFJeGrT1hVaew_6rchkQ&amp;oh=00_AfX7QmFGhQhG2jAllVgXCiM1ZrWgvtp80-Bfppyexh1QEg&amp;oe=689E923C\" \/>\n\t\t<script type=\"application\/ld+json\" class=\"aioseo-schema\">\n\t\t\t{\"@context\":\"https:\\\/\\\/schema.org\",\"@graph\":[{\"@type\":\"BlogPosting\",\"@id\":\"https:\\\/\\\/anoticiaonline.com.br\\\/site\\\/exposicao-da-ong-lgbt-de-muriae-e-alvo-de-ataques\\\/#blogposting\",\"name\":\"Exposi\\u00e7\\u00e3o da ONG LGBT de Muria\\u00e9 \\u00e9 alvo de ataques - A Not\\u00edcia Online\",\"headline\":\"Exposi\\u00e7\\u00e3o da ONG LGBT de Muria\\u00e9 \\u00e9 alvo de ataques\",\"author\":{\"@id\":\"https:\\\/\\\/anoticiaonline.com.br\\\/site\\\/author\\\/juliana\\\/#author\"},\"publisher\":{\"@id\":\"https:\\\/\\\/anoticiaonline.com.br\\\/site\\\/#organization\"},\"image\":{\"@type\":\"ImageObject\",\"url\":\"https:\\\/\\\/anoticiaonline.com.br\\\/site\\\/wp-content\\\/uploads\\\/2016\\\/02\\\/Exposi\\u00e7\\u00e3o-da-ONG-LGBT-de-Muria\\u00e9-\\u00e9-alvo-de-ataques.jpg\",\"width\":640,\"height\":360},\"datePublished\":\"2016-02-03T10:28:45-03:00\",\"dateModified\":\"2016-02-03T10:28:45-03:00\",\"inLanguage\":\"pt-BR\",\"mainEntityOfPage\":{\"@id\":\"https:\\\/\\\/anoticiaonline.com.br\\\/site\\\/exposicao-da-ong-lgbt-de-muriae-e-alvo-de-ataques\\\/#webpage\"},\"isPartOf\":{\"@id\":\"https:\\\/\\\/anoticiaonline.com.br\\\/site\\\/exposicao-da-ong-lgbt-de-muriae-e-alvo-de-ataques\\\/#webpage\"},\"articleSection\":\"Blog, slide\"},{\"@type\":\"BreadcrumbList\",\"@id\":\"https:\\\/\\\/anoticiaonline.com.br\\\/site\\\/exposicao-da-ong-lgbt-de-muriae-e-alvo-de-ataques\\\/#breadcrumblist\",\"itemListElement\":[{\"@type\":\"ListItem\",\"@id\":\"https:\\\/\\\/anoticiaonline.com.br\\\/site#listItem\",\"position\":1,\"name\":\"Home\",\"item\":\"https:\\\/\\\/anoticiaonline.com.br\\\/site\",\"nextItem\":{\"@type\":\"ListItem\",\"@id\":\"https:\\\/\\\/anoticiaonline.com.br\\\/site\\\/categoria\\\/muriae\\\/#listItem\",\"name\":\"Blog\"}},{\"@type\":\"ListItem\",\"@id\":\"https:\\\/\\\/anoticiaonline.com.br\\\/site\\\/categoria\\\/muriae\\\/#listItem\",\"position\":2,\"name\":\"Blog\",\"item\":\"https:\\\/\\\/anoticiaonline.com.br\\\/site\\\/categoria\\\/muriae\\\/\",\"nextItem\":{\"@type\":\"ListItem\",\"@id\":\"https:\\\/\\\/anoticiaonline.com.br\\\/site\\\/exposicao-da-ong-lgbt-de-muriae-e-alvo-de-ataques\\\/#listItem\",\"name\":\"Exposi\\u00e7\\u00e3o da ONG LGBT de Muria\\u00e9 \\u00e9 alvo de ataques\"},\"previousItem\":{\"@type\":\"ListItem\",\"@id\":\"https:\\\/\\\/anoticiaonline.com.br\\\/site#listItem\",\"name\":\"Home\"}},{\"@type\":\"ListItem\",\"@id\":\"https:\\\/\\\/anoticiaonline.com.br\\\/site\\\/exposicao-da-ong-lgbt-de-muriae-e-alvo-de-ataques\\\/#listItem\",\"position\":3,\"name\":\"Exposi\\u00e7\\u00e3o da ONG LGBT de Muria\\u00e9 \\u00e9 alvo de ataques\",\"previousItem\":{\"@type\":\"ListItem\",\"@id\":\"https:\\\/\\\/anoticiaonline.com.br\\\/site\\\/categoria\\\/muriae\\\/#listItem\",\"name\":\"Blog\"}}]},{\"@type\":\"Organization\",\"@id\":\"https:\\\/\\\/anoticiaonline.com.br\\\/site\\\/#organization\",\"name\":\"A Not\\u00edcia Online\",\"description\":\"Noticias de Muria\\u00e9 e regi\\u00e3o\",\"url\":\"https:\\\/\\\/anoticiaonline.com.br\\\/site\\\/\",\"logo\":{\"@type\":\"ImageObject\",\"url\":\"https:\\\/\\\/scontent-gig4-1.xx.fbcdn.net\\\/v\\\/t39.30808-1\\\/270437624_4564083193639691_6907940295614233970_n.jpg?stp=dst-jpg_s200x200_tt6&_nc_cat=111&ccb=1-7&_nc_sid=f907e8&_nc_ohc=SM1wRlP3lJwQ7kNvwEPuBYA&_nc_oc=AdnqrjDN_BNjSSHWO-GbkIWH6fkGMLw4bqvL_NH6e2wMveX7G-rP2dAqsDSq1mJMOaY&_nc_zt=24&_nc_ht=scontent-gig4-1.xx&_nc_gid=AoBFJeGrT1hVaew_6rchkQ&oh=00_AfX7QmFGhQhG2jAllVgXCiM1ZrWgvtp80-Bfppyexh1QEg&oe=689E923C\",\"@id\":\"https:\\\/\\\/anoticiaonline.com.br\\\/site\\\/exposicao-da-ong-lgbt-de-muriae-e-alvo-de-ataques\\\/#organizationLogo\"},\"image\":{\"@id\":\"https:\\\/\\\/anoticiaonline.com.br\\\/site\\\/exposicao-da-ong-lgbt-de-muriae-e-alvo-de-ataques\\\/#organizationLogo\"}},{\"@type\":\"Person\",\"@id\":\"https:\\\/\\\/anoticiaonline.com.br\\\/site\\\/author\\\/juliana\\\/#author\",\"url\":\"https:\\\/\\\/anoticiaonline.com.br\\\/site\\\/author\\\/juliana\\\/\",\"name\":\"Juliana Laviola\",\"image\":{\"@type\":\"ImageObject\",\"@id\":\"https:\\\/\\\/anoticiaonline.com.br\\\/site\\\/exposicao-da-ong-lgbt-de-muriae-e-alvo-de-ataques\\\/#authorImage\",\"url\":\"https:\\\/\\\/secure.gravatar.com\\\/avatar\\\/b8d45f5c699b100dfaf0e543582f38f38bf94cb7ae3a5e9abf8d891a34773335?s=96&d=mm&r=g\",\"width\":96,\"height\":96,\"caption\":\"Juliana Laviola\"}},{\"@type\":\"WebPage\",\"@id\":\"https:\\\/\\\/anoticiaonline.com.br\\\/site\\\/exposicao-da-ong-lgbt-de-muriae-e-alvo-de-ataques\\\/#webpage\",\"url\":\"https:\\\/\\\/anoticiaonline.com.br\\\/site\\\/exposicao-da-ong-lgbt-de-muriae-e-alvo-de-ataques\\\/\",\"name\":\"Exposi\\u00e7\\u00e3o da ONG LGBT de Muria\\u00e9 \\u00e9 alvo de ataques - A Not\\u00edcia Online\",\"description\":\"Uma exposi\\u00e7\\u00e3o da Organiza\\u00e7\\u00e3o LGBT de Muria\\u00e9 foi alvo de ataques. O caso foi registrado no final da manh\\u00e3 desta segunda-feira (1\\u00ba). Segundo o presidente da ONG, Caic Henriques, j\\u00e1 foi solicitado o apoio da Secretaria de Estado de Direitos Humanos e Participa\\u00e7\\u00e3o Social, assim como da Diretoria de Prote\\u00e7\\u00e3o e do Minist\\u00e9rio P\\u00fablico Estadual.\",\"inLanguage\":\"pt-BR\",\"isPartOf\":{\"@id\":\"https:\\\/\\\/anoticiaonline.com.br\\\/site\\\/#website\"},\"breadcrumb\":{\"@id\":\"https:\\\/\\\/anoticiaonline.com.br\\\/site\\\/exposicao-da-ong-lgbt-de-muriae-e-alvo-de-ataques\\\/#breadcrumblist\"},\"author\":{\"@id\":\"https:\\\/\\\/anoticiaonline.com.br\\\/site\\\/author\\\/juliana\\\/#author\"},\"creator\":{\"@id\":\"https:\\\/\\\/anoticiaonline.com.br\\\/site\\\/author\\\/juliana\\\/#author\"},\"image\":{\"@type\":\"ImageObject\",\"url\":\"https:\\\/\\\/anoticiaonline.com.br\\\/site\\\/wp-content\\\/uploads\\\/2016\\\/02\\\/Exposi\\u00e7\\u00e3o-da-ONG-LGBT-de-Muria\\u00e9-\\u00e9-alvo-de-ataques.jpg\",\"@id\":\"https:\\\/\\\/anoticiaonline.com.br\\\/site\\\/exposicao-da-ong-lgbt-de-muriae-e-alvo-de-ataques\\\/#mainImage\",\"width\":640,\"height\":360},\"primaryImageOfPage\":{\"@id\":\"https:\\\/\\\/anoticiaonline.com.br\\\/site\\\/exposicao-da-ong-lgbt-de-muriae-e-alvo-de-ataques\\\/#mainImage\"},\"datePublished\":\"2016-02-03T10:28:45-03:00\",\"dateModified\":\"2016-02-03T10:28:45-03:00\"},{\"@type\":\"WebSite\",\"@id\":\"https:\\\/\\\/anoticiaonline.com.br\\\/site\\\/#website\",\"url\":\"https:\\\/\\\/anoticiaonline.com.br\\\/site\\\/\",\"name\":\"A Not\\u00edcia Online\",\"description\":\"Noticias de Muria\\u00e9 e regi\\u00e3o\",\"inLanguage\":\"pt-BR\",\"publisher\":{\"@id\":\"https:\\\/\\\/anoticiaonline.com.br\\\/site\\\/#organization\"}}]}\n\t\t<\/script>\n\t\t<!-- All in One SEO -->\n\n","aioseo_head_json":{"title":"Exposi\u00e7\u00e3o da ONG LGBT de Muria\u00e9 \u00e9 alvo de ataques - A Not\u00edcia Online","description":"Uma exposi\u00e7\u00e3o da Organiza\u00e7\u00e3o LGBT de Muria\u00e9 foi alvo de ataques. O caso foi registrado no final da manh\u00e3 desta segunda-feira (1\u00ba). Segundo o presidente da ONG, Caic Henriques, j\u00e1 foi solicitado o apoio da Secretaria de Estado de Direitos Humanos e Participa\u00e7\u00e3o Social, assim como da Diretoria de Prote\u00e7\u00e3o e do Minist\u00e9rio P\u00fablico Estadual.","canonical_url":"https:\/\/anoticiaonline.com.br\/site\/exposicao-da-ong-lgbt-de-muriae-e-alvo-de-ataques\/","robots":"max-image-preview:large","keywords":"","webmasterTools":{"miscellaneous":""},"schema":{"@context":"https:\/\/schema.org","@graph":[{"@type":"BlogPosting","@id":"https:\/\/anoticiaonline.com.br\/site\/exposicao-da-ong-lgbt-de-muriae-e-alvo-de-ataques\/#blogposting","name":"Exposi\u00e7\u00e3o da ONG LGBT de Muria\u00e9 \u00e9 alvo de ataques - A Not\u00edcia Online","headline":"Exposi\u00e7\u00e3o da ONG LGBT de Muria\u00e9 \u00e9 alvo de ataques","author":{"@id":"https:\/\/anoticiaonline.com.br\/site\/author\/juliana\/#author"},"publisher":{"@id":"https:\/\/anoticiaonline.com.br\/site\/#organization"},"image":{"@type":"ImageObject","url":"https:\/\/anoticiaonline.com.br\/site\/wp-content\/uploads\/2016\/02\/Exposi\u00e7\u00e3o-da-ONG-LGBT-de-Muria\u00e9-\u00e9-alvo-de-ataques.jpg","width":640,"height":360},"datePublished":"2016-02-03T10:28:45-03:00","dateModified":"2016-02-03T10:28:45-03:00","inLanguage":"pt-BR","mainEntityOfPage":{"@id":"https:\/\/anoticiaonline.com.br\/site\/exposicao-da-ong-lgbt-de-muriae-e-alvo-de-ataques\/#webpage"},"isPartOf":{"@id":"https:\/\/anoticiaonline.com.br\/site\/exposicao-da-ong-lgbt-de-muriae-e-alvo-de-ataques\/#webpage"},"articleSection":"Blog, slide"},{"@type":"BreadcrumbList","@id":"https:\/\/anoticiaonline.com.br\/site\/exposicao-da-ong-lgbt-de-muriae-e-alvo-de-ataques\/#breadcrumblist","itemListElement":[{"@type":"ListItem","@id":"https:\/\/anoticiaonline.com.br\/site#listItem","position":1,"name":"Home","item":"https:\/\/anoticiaonline.com.br\/site","nextItem":{"@type":"ListItem","@id":"https:\/\/anoticiaonline.com.br\/site\/categoria\/muriae\/#listItem","name":"Blog"}},{"@type":"ListItem","@id":"https:\/\/anoticiaonline.com.br\/site\/categoria\/muriae\/#listItem","position":2,"name":"Blog","item":"https:\/\/anoticiaonline.com.br\/site\/categoria\/muriae\/","nextItem":{"@type":"ListItem","@id":"https:\/\/anoticiaonline.com.br\/site\/exposicao-da-ong-lgbt-de-muriae-e-alvo-de-ataques\/#listItem","name":"Exposi\u00e7\u00e3o da ONG LGBT de Muria\u00e9 \u00e9 alvo de ataques"},"previousItem":{"@type":"ListItem","@id":"https:\/\/anoticiaonline.com.br\/site#listItem","name":"Home"}},{"@type":"ListItem","@id":"https:\/\/anoticiaonline.com.br\/site\/exposicao-da-ong-lgbt-de-muriae-e-alvo-de-ataques\/#listItem","position":3,"name":"Exposi\u00e7\u00e3o da ONG LGBT de Muria\u00e9 \u00e9 alvo de ataques","previousItem":{"@type":"ListItem","@id":"https:\/\/anoticiaonline.com.br\/site\/categoria\/muriae\/#listItem","name":"Blog"}}]},{"@type":"Organization","@id":"https:\/\/anoticiaonline.com.br\/site\/#organization","name":"A Not\u00edcia Online","description":"Noticias de Muria\u00e9 e regi\u00e3o","url":"https:\/\/anoticiaonline.com.br\/site\/","logo":{"@type":"ImageObject","url":"https:\/\/scontent-gig4-1.xx.fbcdn.net\/v\/t39.30808-1\/270437624_4564083193639691_6907940295614233970_n.jpg?stp=dst-jpg_s200x200_tt6&_nc_cat=111&ccb=1-7&_nc_sid=f907e8&_nc_ohc=SM1wRlP3lJwQ7kNvwEPuBYA&_nc_oc=AdnqrjDN_BNjSSHWO-GbkIWH6fkGMLw4bqvL_NH6e2wMveX7G-rP2dAqsDSq1mJMOaY&_nc_zt=24&_nc_ht=scontent-gig4-1.xx&_nc_gid=AoBFJeGrT1hVaew_6rchkQ&oh=00_AfX7QmFGhQhG2jAllVgXCiM1ZrWgvtp80-Bfppyexh1QEg&oe=689E923C","@id":"https:\/\/anoticiaonline.com.br\/site\/exposicao-da-ong-lgbt-de-muriae-e-alvo-de-ataques\/#organizationLogo"},"image":{"@id":"https:\/\/anoticiaonline.com.br\/site\/exposicao-da-ong-lgbt-de-muriae-e-alvo-de-ataques\/#organizationLogo"}},{"@type":"Person","@id":"https:\/\/anoticiaonline.com.br\/site\/author\/juliana\/#author","url":"https:\/\/anoticiaonline.com.br\/site\/author\/juliana\/","name":"Juliana Laviola","image":{"@type":"ImageObject","@id":"https:\/\/anoticiaonline.com.br\/site\/exposicao-da-ong-lgbt-de-muriae-e-alvo-de-ataques\/#authorImage","url":"https:\/\/secure.gravatar.com\/avatar\/b8d45f5c699b100dfaf0e543582f38f38bf94cb7ae3a5e9abf8d891a34773335?s=96&d=mm&r=g","width":96,"height":96,"caption":"Juliana Laviola"}},{"@type":"WebPage","@id":"https:\/\/anoticiaonline.com.br\/site\/exposicao-da-ong-lgbt-de-muriae-e-alvo-de-ataques\/#webpage","url":"https:\/\/anoticiaonline.com.br\/site\/exposicao-da-ong-lgbt-de-muriae-e-alvo-de-ataques\/","name":"Exposi\u00e7\u00e3o da ONG LGBT de Muria\u00e9 \u00e9 alvo de ataques - A Not\u00edcia Online","description":"Uma exposi\u00e7\u00e3o da Organiza\u00e7\u00e3o LGBT de Muria\u00e9 foi alvo de ataques. O caso foi registrado no final da manh\u00e3 desta segunda-feira (1\u00ba). Segundo o presidente da ONG, Caic Henriques, j\u00e1 foi solicitado o apoio da Secretaria de Estado de Direitos Humanos e Participa\u00e7\u00e3o Social, assim como da Diretoria de Prote\u00e7\u00e3o e do Minist\u00e9rio P\u00fablico Estadual.","inLanguage":"pt-BR","isPartOf":{"@id":"https:\/\/anoticiaonline.com.br\/site\/#website"},"breadcrumb":{"@id":"https:\/\/anoticiaonline.com.br\/site\/exposicao-da-ong-lgbt-de-muriae-e-alvo-de-ataques\/#breadcrumblist"},"author":{"@id":"https:\/\/anoticiaonline.com.br\/site\/author\/juliana\/#author"},"creator":{"@id":"https:\/\/anoticiaonline.com.br\/site\/author\/juliana\/#author"},"image":{"@type":"ImageObject","url":"https:\/\/anoticiaonline.com.br\/site\/wp-content\/uploads\/2016\/02\/Exposi\u00e7\u00e3o-da-ONG-LGBT-de-Muria\u00e9-\u00e9-alvo-de-ataques.jpg","@id":"https:\/\/anoticiaonline.com.br\/site\/exposicao-da-ong-lgbt-de-muriae-e-alvo-de-ataques\/#mainImage","width":640,"height":360},"primaryImageOfPage":{"@id":"https:\/\/anoticiaonline.com.br\/site\/exposicao-da-ong-lgbt-de-muriae-e-alvo-de-ataques\/#mainImage"},"datePublished":"2016-02-03T10:28:45-03:00","dateModified":"2016-02-03T10:28:45-03:00"},{"@type":"WebSite","@id":"https:\/\/anoticiaonline.com.br\/site\/#website","url":"https:\/\/anoticiaonline.com.br\/site\/","name":"A Not\u00edcia Online","description":"Noticias de Muria\u00e9 e regi\u00e3o","inLanguage":"pt-BR","publisher":{"@id":"https:\/\/anoticiaonline.com.br\/site\/#organization"}}]},"og:locale":"pt_BR","og:site_name":"A Not\u00edcia Online - Noticias de Muria\u00e9 e regi\u00e3o","og:type":"article","og:title":"Exposi\u00e7\u00e3o da ONG LGBT de Muria\u00e9 \u00e9 alvo de ataques - A Not\u00edcia Online","og:description":"Uma exposi\u00e7\u00e3o da Organiza\u00e7\u00e3o LGBT de Muria\u00e9 foi alvo de ataques. O caso foi registrado no final da manh\u00e3 desta segunda-feira (1\u00ba). Segundo o presidente da ONG, Caic Henriques, j\u00e1 foi solicitado o apoio da Secretaria de Estado de Direitos Humanos e Participa\u00e7\u00e3o Social, assim como da Diretoria de Prote\u00e7\u00e3o e do Minist\u00e9rio P\u00fablico Estadual.","og:url":"https:\/\/anoticiaonline.com.br\/site\/exposicao-da-ong-lgbt-de-muriae-e-alvo-de-ataques\/","og:image":"https:\/\/scontent-gig4-1.xx.fbcdn.net\/v\/t39.30808-1\/270437624_4564083193639691_6907940295614233970_n.jpg?stp=dst-jpg_s200x200_tt6&#038;_nc_cat=111&#038;ccb=1-7&#038;_nc_sid=f907e8&#038;_nc_ohc=SM1wRlP3lJwQ7kNvwEPuBYA&#038;_nc_oc=AdnqrjDN_BNjSSHWO-GbkIWH6fkGMLw4bqvL_NH6e2wMveX7G-rP2dAqsDSq1mJMOaY&#038;_nc_zt=24&#038;_nc_ht=scontent-gig4-1.xx&#038;_nc_gid=AoBFJeGrT1hVaew_6rchkQ&#038;oh=00_AfX7QmFGhQhG2jAllVgXCiM1ZrWgvtp80-Bfppyexh1QEg&#038;oe=689E923C","og:image:secure_url":"https:\/\/scontent-gig4-1.xx.fbcdn.net\/v\/t39.30808-1\/270437624_4564083193639691_6907940295614233970_n.jpg?stp=dst-jpg_s200x200_tt6&#038;_nc_cat=111&#038;ccb=1-7&#038;_nc_sid=f907e8&#038;_nc_ohc=SM1wRlP3lJwQ7kNvwEPuBYA&#038;_nc_oc=AdnqrjDN_BNjSSHWO-GbkIWH6fkGMLw4bqvL_NH6e2wMveX7G-rP2dAqsDSq1mJMOaY&#038;_nc_zt=24&#038;_nc_ht=scontent-gig4-1.xx&#038;_nc_gid=AoBFJeGrT1hVaew_6rchkQ&#038;oh=00_AfX7QmFGhQhG2jAllVgXCiM1ZrWgvtp80-Bfppyexh1QEg&#038;oe=689E923C","article:published_time":"2016-02-03T13:28:45+00:00","article:modified_time":"2016-02-03T13:28:45+00:00","twitter:card":"summary_large_image","twitter:title":"Exposi\u00e7\u00e3o da ONG LGBT de Muria\u00e9 \u00e9 alvo de ataques - A Not\u00edcia Online","twitter:description":"Uma exposi\u00e7\u00e3o da Organiza\u00e7\u00e3o LGBT de Muria\u00e9 foi alvo de ataques. O caso foi registrado no final da manh\u00e3 desta segunda-feira (1\u00ba). Segundo o presidente da ONG, Caic Henriques, j\u00e1 foi solicitado o apoio da Secretaria de Estado de Direitos Humanos e Participa\u00e7\u00e3o Social, assim como da Diretoria de Prote\u00e7\u00e3o e do Minist\u00e9rio P\u00fablico Estadual.","twitter:image":"https:\/\/scontent-gig4-1.xx.fbcdn.net\/v\/t39.30808-1\/270437624_4564083193639691_6907940295614233970_n.jpg?stp=dst-jpg_s200x200_tt6&_nc_cat=111&ccb=1-7&_nc_sid=f907e8&_nc_ohc=SM1wRlP3lJwQ7kNvwEPuBYA&_nc_oc=AdnqrjDN_BNjSSHWO-GbkIWH6fkGMLw4bqvL_NH6e2wMveX7G-rP2dAqsDSq1mJMOaY&_nc_zt=24&_nc_ht=scontent-gig4-1.xx&_nc_gid=AoBFJeGrT1hVaew_6rchkQ&oh=00_AfX7QmFGhQhG2jAllVgXCiM1ZrWgvtp80-Bfppyexh1QEg&oe=689E923C"},"aioseo_meta_data":{"post_id":"9334","title":null,"description":null,"keywords":null,"keyphrases":null,"primary_term":null,"canonical_url":null,"og_title":null,"og_description":null,"og_object_type":"default","og_image_type":"default","og_image_url":null,"og_image_width":null,"og_image_height":null,"og_image_custom_url":null,"og_image_custom_fields":null,"og_video":null,"og_custom_url":null,"og_article_section":null,"og_article_tags":null,"twitter_use_og":false,"twitter_card":"default","twitter_image_type":"default","twitter_image_url":null,"twitter_image_custom_url":null,"twitter_image_custom_fields":null,"twitter_title":null,"twitter_description":null,"schema":{"blockGraphs":[],"customGraphs":[],"default":{"data":{"Article":[],"Course":[],"Dataset":[],"FAQPage":[],"Movie":[],"Person":[],"Product":[],"ProductReview":[],"Car":[],"Recipe":[],"Service":[],"SoftwareApplication":[],"WebPage":[]},"graphName":"","isEnabled":true},"graphs":[]},"schema_type":"default","schema_type_options":null,"pillar_content":false,"robots_default":true,"robots_noindex":false,"robots_noarchive":false,"robots_nosnippet":false,"robots_nofollow":false,"robots_noimageindex":false,"robots_noodp":false,"robots_notranslate":false,"robots_max_snippet":null,"robots_max_videopreview":null,"robots_max_imagepreview":"large","priority":null,"frequency":null,"local_seo":null,"breadcrumb_settings":null,"limit_modified_date":false,"ai":null,"created":"2025-08-16 15:01:30","updated":"2025-08-16 15:01:30","focus_keyword":null,"additional_keywords":null,"truseo_locale":null,"seo_analyzer_scan_date":null},"aioseo_breadcrumb":"<div class=\"aioseo-breadcrumbs\"><span class=\"aioseo-breadcrumb\">\n\t\t\t<a href=\"https:\/\/anoticiaonline.com.br\/site\" title=\"Home\">Home<\/a>\n\t\t<\/span><span class=\"aioseo-breadcrumb-separator\">&raquo;<\/span><span class=\"aioseo-breadcrumb\">\n\t\t\t<a href=\"https:\/\/anoticiaonline.com.br\/site\/categoria\/muriae\/\" title=\"Blog\">Blog<\/a>\n\t\t<\/span><span class=\"aioseo-breadcrumb-separator\">&raquo;<\/span><span class=\"aioseo-breadcrumb\">\n\t\t\tExposi\u00e7\u00e3o da ONG LGBT de Muria\u00e9 \u00e9 alvo de ataques\n\t\t<\/span><\/div>","aioseo_breadcrumb_json":[{"label":"Home","link":"https:\/\/anoticiaonline.com.br\/site"},{"label":"Blog","link":"https:\/\/anoticiaonline.com.br\/site\/categoria\/muriae\/"},{"label":"Exposi\u00e7\u00e3o da ONG LGBT de Muria\u00e9 \u00e9 alvo de ataques","link":"https:\/\/anoticiaonline.com.br\/site\/exposicao-da-ong-lgbt-de-muriae-e-alvo-de-ataques\/"}],"views":146,"_links":{"self":[{"href":"https:\/\/anoticiaonline.com.br\/site\/wp-json\/wp\/v2\/posts\/9334","targetHints":{"allow":["GET"]}}],"collection":[{"href":"https:\/\/anoticiaonline.com.br\/site\/wp-json\/wp\/v2\/posts"}],"about":[{"href":"https:\/\/anoticiaonline.com.br\/site\/wp-json\/wp\/v2\/types\/post"}],"author":[{"embeddable":true,"href":"https:\/\/anoticiaonline.com.br\/site\/wp-json\/wp\/v2\/users\/2"}],"replies":[{"embeddable":true,"href":"https:\/\/anoticiaonline.com.br\/site\/wp-json\/wp\/v2\/comments?post=9334"}],"version-history":[{"count":0,"href":"https:\/\/anoticiaonline.com.br\/site\/wp-json\/wp\/v2\/posts\/9334\/revisions"}],"wp:featuredmedia":[{"embeddable":true,"href":"https:\/\/anoticiaonline.com.br\/site\/wp-json\/wp\/v2\/media\/9335"}],"wp:attachment":[{"href":"https:\/\/anoticiaonline.com.br\/site\/wp-json\/wp\/v2\/media?parent=9334"}],"wp:term":[{"taxonomy":"category","embeddable":true,"href":"https:\/\/anoticiaonline.com.br\/site\/wp-json\/wp\/v2\/categories?post=9334"},{"taxonomy":"post_tag","embeddable":true,"href":"https:\/\/anoticiaonline.com.br\/site\/wp-json\/wp\/v2\/tags?post=9334"}],"curies":[{"name":"wp","href":"https:\/\/api.w.org\/{rel}","templated":true}]}}