{"id":9174,"date":"2016-02-03T10:18:35","date_gmt":"2016-02-03T13:18:35","guid":{"rendered":"http:\/\/anoticiaonline.com.br\/site\/?p=9174"},"modified":"2016-02-03T10:26:34","modified_gmt":"2016-02-03T13:26:34","slug":"reduto-azul-torcedores-do-cruzeiro-comparecem-em-massa-ao-evento","status":"publish","type":"post","link":"https:\/\/anoticiaonline.com.br\/site\/reduto-azul-torcedores-do-cruzeiro-comparecem-em-massa-ao-evento\/","title":{"rendered":"\u201cReduto Azul\u201d: torcedores do Cruzeiro comparecem em massa ao evento"},"content":{"rendered":"<p><a href=\"https:\/\/anoticiaonline.com.br\/site\/wp-content\/uploads\/2016\/02\/DSC_08781.jpg\"><img fetchpriority=\"high\" decoding=\"async\" class=\" size-medium wp-image-9331 alignleft\" src=\"https:\/\/anoticiaonline.com.br\/site\/wp-content\/uploads\/2016\/02\/DSC_08781-300x199.jpg\" alt=\"DSC_0878\" width=\"300\" height=\"199\" srcset=\"https:\/\/anoticiaonline.com.br\/site\/wp-content\/uploads\/2016\/02\/DSC_08781-300x199.jpg 300w, https:\/\/anoticiaonline.com.br\/site\/wp-content\/uploads\/2016\/02\/DSC_08781.jpg 640w\" sizes=\"(max-width: 300px) 100vw, 300px\" \/><\/a>Os torcedores muriaeenses do Cruzeiro viveram um momento hist\u00f3rico nesta ter\u00e7a-feira (2), quando a cidade recebeu o \u201cRapos\u00e3o\u201d, mascote do time celeste, e a ta\u00e7a de campe\u00e3o brasileiro, conquistada em 2014.<\/p>\n<p>A a\u00e7\u00e3o promocional, denominada \u201cReduto Azul\u201d, teve o objetivo de aproximar o clube do torcedor do interior e conquistar novos s\u00f3cios. Houve tamb\u00e9m sorteio de brindes.<\/p>\n<p>Por volta das 18h, hor\u00e1rio marcado para come\u00e7ar o evento, o Restaurante Bras\u00e3o j\u00e1 estava lotado de cruzeirenses, que puderam tirar fotos com a ta\u00e7a e com o \u201cRapos\u00e3o\u201d.<\/p>\n<p>O torcedor mirim do time, Jo\u00e3o Francisco Sim\u00f5es Gomes, de 9 anos, aproveitou para fazer muitos registros fotogr\u00e1ficos. \u201cEu achei muito legal\u201d, diz ele, que acompanha os jogos e at\u00e9 j\u00e1 entrou em campo com os jogadores do time, quando o Cruzeiro jogou em Muria\u00e9 em 16 de mar\u00e7o de 2014, no Est\u00e1dio Soares de Azevedo.<\/p>\n<p>O delegado Rangel Martino de Oliveira Paiva, tamb\u00e9m torcedor fan\u00e1tico do time celeste, afirma que este \u00e9 um momento hist\u00f3rico para a torcida cruzeirense de Muria\u00e9 e uma forma de aproximar o torcedor do interior com o Cruzeiro. \u201cEste \u00e9 um evento imenso para n\u00f3s, torcedores cruzeirenses de Muria\u00e9. \u00c9 um evento da fam\u00edlia, para a fam\u00edlia cruzeirense, um evento democr\u00e1tico e popular. Realmente, o Cruzeiro \u00e9 um time muito popular, e n\u00e3o \u00e9 \u00e0 toa que hoje, emblematicamente falando, ele recebe o nome de \u2018time do povo\u2019\u201d, afirma. \u201cPelo que me recorde, o Cruzeiro \u00e9 o \u00fanico time da primeira divis\u00e3o, de grande refer\u00eancia, que veio a Muria\u00e9 e tratou o torcedor dessa forma, com tanto carinho, criando um evento especificamente para o torcedor\u201d, completa.<\/p>\n<p>O propriet\u00e1rio do Restaurante Bras\u00e3o e tamb\u00e9m cruzeirense, Gerson Ferreira, afirma que foi uma honra o seu estabelecimento ter sido convidado para sediar o \u201cReduto Azul\u201d. \u201cFiquei muito feliz do Bras\u00e3o ter sido escolhido\u00a0 para sediar o evento e da equipe de marketing do Cruzeiro ver que minha casa tem estrutura para receber esse evento. Eu abracei a causa\u201d, conta o empres\u00e1rio. O Restaurante Bras\u00e3o existe h\u00e1 dois anos.<\/p>\n<p><strong>PARTIDA ENTRE TOMBENSE X CRUZEIRO &#8211;<\/strong> A partida entre Tombense e Cruzeiro, pela 2\u00aa rodada do Campeonato Mineiro, acontece nesta quarta-feira (3), \u00e0s 19h30min, no Est\u00e1dio Soares de Azevedo.<\/p>\n<p>&nbsp;<\/p>\n<p><strong>Veja a galeria de fotos:<\/strong><\/p>\n<p><img decoding=\"async\" class=\"ngg_displayed_gallery mceItem\" src=\"https:\/\/anoticiaonline.com.br\/site\/nextgen-attach_to_post\/preview\/id--9328\" alt=\"\" \/><\/p>\n","protected":false},"excerpt":{"rendered":"<p>Os torcedores muriaeenses do Cruzeiro viveram um momento hist\u00f3rico nesta ter\u00e7a-feira (2), quando a cidade recebeu o \u201cRapos\u00e3o\u201d, mascote do time celeste, e a ta\u00e7a de campe\u00e3o brasileiro, conquistada em 2014. A a\u00e7\u00e3o promocional, denominada \u201cReduto Azul\u201d, teve o objetivo de aproximar o clube do torcedor do interior e conquistar novos s\u00f3cios. Houve tamb\u00e9m sorteio &#8230; <a title=\"\u201cReduto Azul\u201d: torcedores do Cruzeiro comparecem em massa ao evento\" class=\"read-more\" href=\"https:\/\/anoticiaonline.com.br\/site\/reduto-azul-torcedores-do-cruzeiro-comparecem-em-massa-ao-evento\/\" aria-label=\"Read more about \u201cReduto Azul\u201d: torcedores do Cruzeiro comparecem em massa ao evento\">Ler mais<\/a><\/p>\n","protected":false},"author":2,"featured_media":9331,"comment_status":"open","ping_status":"open","sticky":false,"template":"","format":"standard","meta":{"_acf_changed":false,"_monsterinsights_skip_tracking":false,"footnotes":""},"categories":[29],"tags":[3],"class_list":["post-9174","post","type-post","status-publish","format-standard","has-post-thumbnail","hentry","category-esporte","tag-slide"],"acf":[],"aioseo_notices":[],"aioseo_head":"\n\t\t<!-- All in One SEO 5.0.0.1 - aioseo.com -->\n\t<meta name=\"description\" content=\"Os torcedores muriaeenses do Cruzeiro viveram um momento hist\u00f3rico nesta ter\u00e7a-feira (2), quando a cidade recebeu o \u201cRapos\u00e3o\u201d, mascote do time celeste, e a ta\u00e7a de campe\u00e3o brasileiro, conquistada em 2014. A a\u00e7\u00e3o promocional, denominada \u201cReduto Azul\u201d, teve o objetivo de aproximar o clube do torcedor do interior e conquistar novos s\u00f3cios. Houve tamb\u00e9m sorteio\" \/>\n\t<meta name=\"robots\" content=\"max-image-preview:large\" \/>\n\t<meta name=\"author\" content=\"Juliana Laviola\"\/>\n\t<link rel=\"canonical\" href=\"https:\/\/anoticiaonline.com.br\/site\/reduto-azul-torcedores-do-cruzeiro-comparecem-em-massa-ao-evento\/\" \/>\n\t<meta name=\"generator\" content=\"All in One SEO (AIOSEO) 5.0.0.1\" \/>\n\t\t<meta property=\"og:locale\" content=\"pt_BR\" \/>\n\t\t<meta property=\"og:site_name\" content=\"A Not\u00edcia Online - Noticias de Muria\u00e9 e regi\u00e3o\" \/>\n\t\t<meta property=\"og:type\" content=\"article\" \/>\n\t\t<meta property=\"og:title\" content=\"\u201cReduto Azul\u201d: torcedores do Cruzeiro comparecem em massa ao evento - A Not\u00edcia Online\" \/>\n\t\t<meta property=\"og:description\" content=\"Os torcedores muriaeenses do Cruzeiro viveram um momento hist\u00f3rico nesta ter\u00e7a-feira (2), quando a cidade recebeu o \u201cRapos\u00e3o\u201d, mascote do time celeste, e a ta\u00e7a de campe\u00e3o brasileiro, conquistada em 2014. A a\u00e7\u00e3o promocional, denominada \u201cReduto Azul\u201d, teve o objetivo de aproximar o clube do torcedor do interior e conquistar novos s\u00f3cios. Houve tamb\u00e9m sorteio\" \/>\n\t\t<meta property=\"og:url\" content=\"https:\/\/anoticiaonline.com.br\/site\/reduto-azul-torcedores-do-cruzeiro-comparecem-em-massa-ao-evento\/\" \/>\n\t\t<meta property=\"og:image\" content=\"https:\/\/scontent-gig4-1.xx.fbcdn.net\/v\/t39.30808-1\/270437624_4564083193639691_6907940295614233970_n.jpg?stp=dst-jpg_s200x200_tt6&#038;_nc_cat=111&#038;ccb=1-7&#038;_nc_sid=f907e8&#038;_nc_ohc=SM1wRlP3lJwQ7kNvwEPuBYA&#038;_nc_oc=AdnqrjDN_BNjSSHWO-GbkIWH6fkGMLw4bqvL_NH6e2wMveX7G-rP2dAqsDSq1mJMOaY&#038;_nc_zt=24&#038;_nc_ht=scontent-gig4-1.xx&#038;_nc_gid=AoBFJeGrT1hVaew_6rchkQ&#038;oh=00_AfX7QmFGhQhG2jAllVgXCiM1ZrWgvtp80-Bfppyexh1QEg&#038;oe=689E923C\" \/>\n\t\t<meta property=\"og:image:secure_url\" content=\"https:\/\/scontent-gig4-1.xx.fbcdn.net\/v\/t39.30808-1\/270437624_4564083193639691_6907940295614233970_n.jpg?stp=dst-jpg_s200x200_tt6&#038;_nc_cat=111&#038;ccb=1-7&#038;_nc_sid=f907e8&#038;_nc_ohc=SM1wRlP3lJwQ7kNvwEPuBYA&#038;_nc_oc=AdnqrjDN_BNjSSHWO-GbkIWH6fkGMLw4bqvL_NH6e2wMveX7G-rP2dAqsDSq1mJMOaY&#038;_nc_zt=24&#038;_nc_ht=scontent-gig4-1.xx&#038;_nc_gid=AoBFJeGrT1hVaew_6rchkQ&#038;oh=00_AfX7QmFGhQhG2jAllVgXCiM1ZrWgvtp80-Bfppyexh1QEg&#038;oe=689E923C\" \/>\n\t\t<meta property=\"article:published_time\" content=\"2016-02-03T13:18:35+00:00\" \/>\n\t\t<meta property=\"article:modified_time\" content=\"2016-02-03T13:26:34+00:00\" \/>\n\t\t<meta name=\"twitter:card\" content=\"summary_large_image\" \/>\n\t\t<meta name=\"twitter:title\" content=\"\u201cReduto Azul\u201d: torcedores do Cruzeiro comparecem em massa ao evento - A Not\u00edcia Online\" \/>\n\t\t<meta name=\"twitter:description\" content=\"Os torcedores muriaeenses do Cruzeiro viveram um momento hist\u00f3rico nesta ter\u00e7a-feira (2), quando a cidade recebeu o \u201cRapos\u00e3o\u201d, mascote do time celeste, e a ta\u00e7a de campe\u00e3o brasileiro, conquistada em 2014. A a\u00e7\u00e3o promocional, denominada \u201cReduto Azul\u201d, teve o objetivo de aproximar o clube do torcedor do interior e conquistar novos s\u00f3cios. Houve tamb\u00e9m sorteio\" \/>\n\t\t<meta name=\"twitter:image\" content=\"https:\/\/scontent-gig4-1.xx.fbcdn.net\/v\/t39.30808-1\/270437624_4564083193639691_6907940295614233970_n.jpg?stp=dst-jpg_s200x200_tt6&amp;_nc_cat=111&amp;ccb=1-7&amp;_nc_sid=f907e8&amp;_nc_ohc=SM1wRlP3lJwQ7kNvwEPuBYA&amp;_nc_oc=AdnqrjDN_BNjSSHWO-GbkIWH6fkGMLw4bqvL_NH6e2wMveX7G-rP2dAqsDSq1mJMOaY&amp;_nc_zt=24&amp;_nc_ht=scontent-gig4-1.xx&amp;_nc_gid=AoBFJeGrT1hVaew_6rchkQ&amp;oh=00_AfX7QmFGhQhG2jAllVgXCiM1ZrWgvtp80-Bfppyexh1QEg&amp;oe=689E923C\" \/>\n\t\t<script type=\"application\/ld+json\" class=\"aioseo-schema\">\n\t\t\t{\"@context\":\"https:\\\/\\\/schema.org\",\"@graph\":[{\"@type\":\"BlogPosting\",\"@id\":\"https:\\\/\\\/anoticiaonline.com.br\\\/site\\\/reduto-azul-torcedores-do-cruzeiro-comparecem-em-massa-ao-evento\\\/#blogposting\",\"name\":\"\\u201cReduto Azul\\u201d: torcedores do Cruzeiro comparecem em massa ao evento - A Not\\u00edcia Online\",\"headline\":\"\\u201cReduto Azul\\u201d: torcedores do Cruzeiro comparecem em massa ao evento\",\"author\":{\"@id\":\"https:\\\/\\\/anoticiaonline.com.br\\\/site\\\/author\\\/juliana\\\/#author\"},\"publisher\":{\"@id\":\"https:\\\/\\\/anoticiaonline.com.br\\\/site\\\/#organization\"},\"image\":{\"@type\":\"ImageObject\",\"url\":\"https:\\\/\\\/anoticiaonline.com.br\\\/site\\\/wp-content\\\/uploads\\\/2016\\\/02\\\/DSC_08781.jpg\",\"width\":640,\"height\":424},\"datePublished\":\"2016-02-03T10:18:35-03:00\",\"dateModified\":\"2016-02-03T10:26:34-03:00\",\"inLanguage\":\"pt-BR\",\"mainEntityOfPage\":{\"@id\":\"https:\\\/\\\/anoticiaonline.com.br\\\/site\\\/reduto-azul-torcedores-do-cruzeiro-comparecem-em-massa-ao-evento\\\/#webpage\"},\"isPartOf\":{\"@id\":\"https:\\\/\\\/anoticiaonline.com.br\\\/site\\\/reduto-azul-torcedores-do-cruzeiro-comparecem-em-massa-ao-evento\\\/#webpage\"},\"articleSection\":\"Esporte, slide\"},{\"@type\":\"BreadcrumbList\",\"@id\":\"https:\\\/\\\/anoticiaonline.com.br\\\/site\\\/reduto-azul-torcedores-do-cruzeiro-comparecem-em-massa-ao-evento\\\/#breadcrumblist\",\"itemListElement\":[{\"@type\":\"ListItem\",\"@id\":\"https:\\\/\\\/anoticiaonline.com.br\\\/site#listItem\",\"position\":1,\"name\":\"Home\",\"item\":\"https:\\\/\\\/anoticiaonline.com.br\\\/site\",\"nextItem\":{\"@type\":\"ListItem\",\"@id\":\"https:\\\/\\\/anoticiaonline.com.br\\\/site\\\/categoria\\\/esporte\\\/#listItem\",\"name\":\"Esporte\"}},{\"@type\":\"ListItem\",\"@id\":\"https:\\\/\\\/anoticiaonline.com.br\\\/site\\\/categoria\\\/esporte\\\/#listItem\",\"position\":2,\"name\":\"Esporte\",\"item\":\"https:\\\/\\\/anoticiaonline.com.br\\\/site\\\/categoria\\\/esporte\\\/\",\"nextItem\":{\"@type\":\"ListItem\",\"@id\":\"https:\\\/\\\/anoticiaonline.com.br\\\/site\\\/reduto-azul-torcedores-do-cruzeiro-comparecem-em-massa-ao-evento\\\/#listItem\",\"name\":\"\\u201cReduto Azul\\u201d: torcedores do Cruzeiro comparecem em massa ao evento\"},\"previousItem\":{\"@type\":\"ListItem\",\"@id\":\"https:\\\/\\\/anoticiaonline.com.br\\\/site#listItem\",\"name\":\"Home\"}},{\"@type\":\"ListItem\",\"@id\":\"https:\\\/\\\/anoticiaonline.com.br\\\/site\\\/reduto-azul-torcedores-do-cruzeiro-comparecem-em-massa-ao-evento\\\/#listItem\",\"position\":3,\"name\":\"\\u201cReduto Azul\\u201d: torcedores do Cruzeiro comparecem em massa ao evento\",\"previousItem\":{\"@type\":\"ListItem\",\"@id\":\"https:\\\/\\\/anoticiaonline.com.br\\\/site\\\/categoria\\\/esporte\\\/#listItem\",\"name\":\"Esporte\"}}]},{\"@type\":\"Organization\",\"@id\":\"https:\\\/\\\/anoticiaonline.com.br\\\/site\\\/#organization\",\"name\":\"A Not\\u00edcia Online\",\"description\":\"Noticias de Muria\\u00e9 e regi\\u00e3o\",\"url\":\"https:\\\/\\\/anoticiaonline.com.br\\\/site\\\/\",\"logo\":{\"@type\":\"ImageObject\",\"url\":\"https:\\\/\\\/scontent-gig4-1.xx.fbcdn.net\\\/v\\\/t39.30808-1\\\/270437624_4564083193639691_6907940295614233970_n.jpg?stp=dst-jpg_s200x200_tt6&_nc_cat=111&ccb=1-7&_nc_sid=f907e8&_nc_ohc=SM1wRlP3lJwQ7kNvwEPuBYA&_nc_oc=AdnqrjDN_BNjSSHWO-GbkIWH6fkGMLw4bqvL_NH6e2wMveX7G-rP2dAqsDSq1mJMOaY&_nc_zt=24&_nc_ht=scontent-gig4-1.xx&_nc_gid=AoBFJeGrT1hVaew_6rchkQ&oh=00_AfX7QmFGhQhG2jAllVgXCiM1ZrWgvtp80-Bfppyexh1QEg&oe=689E923C\",\"@id\":\"https:\\\/\\\/anoticiaonline.com.br\\\/site\\\/reduto-azul-torcedores-do-cruzeiro-comparecem-em-massa-ao-evento\\\/#organizationLogo\"},\"image\":{\"@id\":\"https:\\\/\\\/anoticiaonline.com.br\\\/site\\\/reduto-azul-torcedores-do-cruzeiro-comparecem-em-massa-ao-evento\\\/#organizationLogo\"}},{\"@type\":\"Person\",\"@id\":\"https:\\\/\\\/anoticiaonline.com.br\\\/site\\\/author\\\/juliana\\\/#author\",\"url\":\"https:\\\/\\\/anoticiaonline.com.br\\\/site\\\/author\\\/juliana\\\/\",\"name\":\"Juliana Laviola\",\"image\":{\"@type\":\"ImageObject\",\"@id\":\"https:\\\/\\\/anoticiaonline.com.br\\\/site\\\/reduto-azul-torcedores-do-cruzeiro-comparecem-em-massa-ao-evento\\\/#authorImage\",\"url\":\"https:\\\/\\\/secure.gravatar.com\\\/avatar\\\/b8d45f5c699b100dfaf0e543582f38f38bf94cb7ae3a5e9abf8d891a34773335?s=96&d=mm&r=g\",\"width\":96,\"height\":96,\"caption\":\"Juliana Laviola\"}},{\"@type\":\"WebPage\",\"@id\":\"https:\\\/\\\/anoticiaonline.com.br\\\/site\\\/reduto-azul-torcedores-do-cruzeiro-comparecem-em-massa-ao-evento\\\/#webpage\",\"url\":\"https:\\\/\\\/anoticiaonline.com.br\\\/site\\\/reduto-azul-torcedores-do-cruzeiro-comparecem-em-massa-ao-evento\\\/\",\"name\":\"\\u201cReduto Azul\\u201d: torcedores do Cruzeiro comparecem em massa ao evento - A Not\\u00edcia Online\",\"description\":\"Os torcedores muriaeenses do Cruzeiro viveram um momento hist\\u00f3rico nesta ter\\u00e7a-feira (2), quando a cidade recebeu o \\u201cRapos\\u00e3o\\u201d, mascote do time celeste, e a ta\\u00e7a de campe\\u00e3o brasileiro, conquistada em 2014. A a\\u00e7\\u00e3o promocional, denominada \\u201cReduto Azul\\u201d, teve o objetivo de aproximar o clube do torcedor do interior e conquistar novos s\\u00f3cios. Houve tamb\\u00e9m sorteio\",\"inLanguage\":\"pt-BR\",\"isPartOf\":{\"@id\":\"https:\\\/\\\/anoticiaonline.com.br\\\/site\\\/#website\"},\"breadcrumb\":{\"@id\":\"https:\\\/\\\/anoticiaonline.com.br\\\/site\\\/reduto-azul-torcedores-do-cruzeiro-comparecem-em-massa-ao-evento\\\/#breadcrumblist\"},\"author\":{\"@id\":\"https:\\\/\\\/anoticiaonline.com.br\\\/site\\\/author\\\/juliana\\\/#author\"},\"creator\":{\"@id\":\"https:\\\/\\\/anoticiaonline.com.br\\\/site\\\/author\\\/juliana\\\/#author\"},\"image\":{\"@type\":\"ImageObject\",\"url\":\"https:\\\/\\\/anoticiaonline.com.br\\\/site\\\/wp-content\\\/uploads\\\/2016\\\/02\\\/DSC_08781.jpg\",\"@id\":\"https:\\\/\\\/anoticiaonline.com.br\\\/site\\\/reduto-azul-torcedores-do-cruzeiro-comparecem-em-massa-ao-evento\\\/#mainImage\",\"width\":640,\"height\":424},\"primaryImageOfPage\":{\"@id\":\"https:\\\/\\\/anoticiaonline.com.br\\\/site\\\/reduto-azul-torcedores-do-cruzeiro-comparecem-em-massa-ao-evento\\\/#mainImage\"},\"datePublished\":\"2016-02-03T10:18:35-03:00\",\"dateModified\":\"2016-02-03T10:26:34-03:00\"},{\"@type\":\"WebSite\",\"@id\":\"https:\\\/\\\/anoticiaonline.com.br\\\/site\\\/#website\",\"url\":\"https:\\\/\\\/anoticiaonline.com.br\\\/site\\\/\",\"name\":\"A Not\\u00edcia Online\",\"description\":\"Noticias de Muria\\u00e9 e regi\\u00e3o\",\"inLanguage\":\"pt-BR\",\"publisher\":{\"@id\":\"https:\\\/\\\/anoticiaonline.com.br\\\/site\\\/#organization\"}}]}\n\t\t<\/script>\n\t\t<!-- All in One SEO -->\n\n","aioseo_head_json":{"title":"\u201cReduto Azul\u201d: torcedores do Cruzeiro comparecem em massa ao evento - A Not\u00edcia Online","description":"Os torcedores muriaeenses do Cruzeiro viveram um momento hist\u00f3rico nesta ter\u00e7a-feira (2), quando a cidade recebeu o \u201cRapos\u00e3o\u201d, mascote do time celeste, e a ta\u00e7a de campe\u00e3o brasileiro, conquistada em 2014. A a\u00e7\u00e3o promocional, denominada \u201cReduto Azul\u201d, teve o objetivo de aproximar o clube do torcedor do interior e conquistar novos s\u00f3cios. Houve tamb\u00e9m sorteio","canonical_url":"https:\/\/anoticiaonline.com.br\/site\/reduto-azul-torcedores-do-cruzeiro-comparecem-em-massa-ao-evento\/","robots":"max-image-preview:large","keywords":"","webmasterTools":{"miscellaneous":""},"schema":{"@context":"https:\/\/schema.org","@graph":[{"@type":"BlogPosting","@id":"https:\/\/anoticiaonline.com.br\/site\/reduto-azul-torcedores-do-cruzeiro-comparecem-em-massa-ao-evento\/#blogposting","name":"\u201cReduto Azul\u201d: torcedores do Cruzeiro comparecem em massa ao evento - A Not\u00edcia Online","headline":"\u201cReduto Azul\u201d: torcedores do Cruzeiro comparecem em massa ao evento","author":{"@id":"https:\/\/anoticiaonline.com.br\/site\/author\/juliana\/#author"},"publisher":{"@id":"https:\/\/anoticiaonline.com.br\/site\/#organization"},"image":{"@type":"ImageObject","url":"https:\/\/anoticiaonline.com.br\/site\/wp-content\/uploads\/2016\/02\/DSC_08781.jpg","width":640,"height":424},"datePublished":"2016-02-03T10:18:35-03:00","dateModified":"2016-02-03T10:26:34-03:00","inLanguage":"pt-BR","mainEntityOfPage":{"@id":"https:\/\/anoticiaonline.com.br\/site\/reduto-azul-torcedores-do-cruzeiro-comparecem-em-massa-ao-evento\/#webpage"},"isPartOf":{"@id":"https:\/\/anoticiaonline.com.br\/site\/reduto-azul-torcedores-do-cruzeiro-comparecem-em-massa-ao-evento\/#webpage"},"articleSection":"Esporte, slide"},{"@type":"BreadcrumbList","@id":"https:\/\/anoticiaonline.com.br\/site\/reduto-azul-torcedores-do-cruzeiro-comparecem-em-massa-ao-evento\/#breadcrumblist","itemListElement":[{"@type":"ListItem","@id":"https:\/\/anoticiaonline.com.br\/site#listItem","position":1,"name":"Home","item":"https:\/\/anoticiaonline.com.br\/site","nextItem":{"@type":"ListItem","@id":"https:\/\/anoticiaonline.com.br\/site\/categoria\/esporte\/#listItem","name":"Esporte"}},{"@type":"ListItem","@id":"https:\/\/anoticiaonline.com.br\/site\/categoria\/esporte\/#listItem","position":2,"name":"Esporte","item":"https:\/\/anoticiaonline.com.br\/site\/categoria\/esporte\/","nextItem":{"@type":"ListItem","@id":"https:\/\/anoticiaonline.com.br\/site\/reduto-azul-torcedores-do-cruzeiro-comparecem-em-massa-ao-evento\/#listItem","name":"\u201cReduto Azul\u201d: torcedores do Cruzeiro comparecem em massa ao evento"},"previousItem":{"@type":"ListItem","@id":"https:\/\/anoticiaonline.com.br\/site#listItem","name":"Home"}},{"@type":"ListItem","@id":"https:\/\/anoticiaonline.com.br\/site\/reduto-azul-torcedores-do-cruzeiro-comparecem-em-massa-ao-evento\/#listItem","position":3,"name":"\u201cReduto Azul\u201d: torcedores do Cruzeiro comparecem em massa ao evento","previousItem":{"@type":"ListItem","@id":"https:\/\/anoticiaonline.com.br\/site\/categoria\/esporte\/#listItem","name":"Esporte"}}]},{"@type":"Organization","@id":"https:\/\/anoticiaonline.com.br\/site\/#organization","name":"A Not\u00edcia Online","description":"Noticias de Muria\u00e9 e regi\u00e3o","url":"https:\/\/anoticiaonline.com.br\/site\/","logo":{"@type":"ImageObject","url":"https:\/\/scontent-gig4-1.xx.fbcdn.net\/v\/t39.30808-1\/270437624_4564083193639691_6907940295614233970_n.jpg?stp=dst-jpg_s200x200_tt6&_nc_cat=111&ccb=1-7&_nc_sid=f907e8&_nc_ohc=SM1wRlP3lJwQ7kNvwEPuBYA&_nc_oc=AdnqrjDN_BNjSSHWO-GbkIWH6fkGMLw4bqvL_NH6e2wMveX7G-rP2dAqsDSq1mJMOaY&_nc_zt=24&_nc_ht=scontent-gig4-1.xx&_nc_gid=AoBFJeGrT1hVaew_6rchkQ&oh=00_AfX7QmFGhQhG2jAllVgXCiM1ZrWgvtp80-Bfppyexh1QEg&oe=689E923C","@id":"https:\/\/anoticiaonline.com.br\/site\/reduto-azul-torcedores-do-cruzeiro-comparecem-em-massa-ao-evento\/#organizationLogo"},"image":{"@id":"https:\/\/anoticiaonline.com.br\/site\/reduto-azul-torcedores-do-cruzeiro-comparecem-em-massa-ao-evento\/#organizationLogo"}},{"@type":"Person","@id":"https:\/\/anoticiaonline.com.br\/site\/author\/juliana\/#author","url":"https:\/\/anoticiaonline.com.br\/site\/author\/juliana\/","name":"Juliana Laviola","image":{"@type":"ImageObject","@id":"https:\/\/anoticiaonline.com.br\/site\/reduto-azul-torcedores-do-cruzeiro-comparecem-em-massa-ao-evento\/#authorImage","url":"https:\/\/secure.gravatar.com\/avatar\/b8d45f5c699b100dfaf0e543582f38f38bf94cb7ae3a5e9abf8d891a34773335?s=96&d=mm&r=g","width":96,"height":96,"caption":"Juliana Laviola"}},{"@type":"WebPage","@id":"https:\/\/anoticiaonline.com.br\/site\/reduto-azul-torcedores-do-cruzeiro-comparecem-em-massa-ao-evento\/#webpage","url":"https:\/\/anoticiaonline.com.br\/site\/reduto-azul-torcedores-do-cruzeiro-comparecem-em-massa-ao-evento\/","name":"\u201cReduto Azul\u201d: torcedores do Cruzeiro comparecem em massa ao evento - A Not\u00edcia Online","description":"Os torcedores muriaeenses do Cruzeiro viveram um momento hist\u00f3rico nesta ter\u00e7a-feira (2), quando a cidade recebeu o \u201cRapos\u00e3o\u201d, mascote do time celeste, e a ta\u00e7a de campe\u00e3o brasileiro, conquistada em 2014. A a\u00e7\u00e3o promocional, denominada \u201cReduto Azul\u201d, teve o objetivo de aproximar o clube do torcedor do interior e conquistar novos s\u00f3cios. Houve tamb\u00e9m sorteio","inLanguage":"pt-BR","isPartOf":{"@id":"https:\/\/anoticiaonline.com.br\/site\/#website"},"breadcrumb":{"@id":"https:\/\/anoticiaonline.com.br\/site\/reduto-azul-torcedores-do-cruzeiro-comparecem-em-massa-ao-evento\/#breadcrumblist"},"author":{"@id":"https:\/\/anoticiaonline.com.br\/site\/author\/juliana\/#author"},"creator":{"@id":"https:\/\/anoticiaonline.com.br\/site\/author\/juliana\/#author"},"image":{"@type":"ImageObject","url":"https:\/\/anoticiaonline.com.br\/site\/wp-content\/uploads\/2016\/02\/DSC_08781.jpg","@id":"https:\/\/anoticiaonline.com.br\/site\/reduto-azul-torcedores-do-cruzeiro-comparecem-em-massa-ao-evento\/#mainImage","width":640,"height":424},"primaryImageOfPage":{"@id":"https:\/\/anoticiaonline.com.br\/site\/reduto-azul-torcedores-do-cruzeiro-comparecem-em-massa-ao-evento\/#mainImage"},"datePublished":"2016-02-03T10:18:35-03:00","dateModified":"2016-02-03T10:26:34-03:00"},{"@type":"WebSite","@id":"https:\/\/anoticiaonline.com.br\/site\/#website","url":"https:\/\/anoticiaonline.com.br\/site\/","name":"A Not\u00edcia Online","description":"Noticias de Muria\u00e9 e regi\u00e3o","inLanguage":"pt-BR","publisher":{"@id":"https:\/\/anoticiaonline.com.br\/site\/#organization"}}]},"og:locale":"pt_BR","og:site_name":"A Not\u00edcia Online - Noticias de Muria\u00e9 e regi\u00e3o","og:type":"article","og:title":"\u201cReduto Azul\u201d: torcedores do Cruzeiro comparecem em massa ao evento - A Not\u00edcia Online","og:description":"Os torcedores muriaeenses do Cruzeiro viveram um momento hist\u00f3rico nesta ter\u00e7a-feira (2), quando a cidade recebeu o \u201cRapos\u00e3o\u201d, mascote do time celeste, e a ta\u00e7a de campe\u00e3o brasileiro, conquistada em 2014. A a\u00e7\u00e3o promocional, denominada \u201cReduto Azul\u201d, teve o objetivo de aproximar o clube do torcedor do interior e conquistar novos s\u00f3cios. Houve tamb\u00e9m sorteio","og:url":"https:\/\/anoticiaonline.com.br\/site\/reduto-azul-torcedores-do-cruzeiro-comparecem-em-massa-ao-evento\/","og:image":"https:\/\/scontent-gig4-1.xx.fbcdn.net\/v\/t39.30808-1\/270437624_4564083193639691_6907940295614233970_n.jpg?stp=dst-jpg_s200x200_tt6&#038;_nc_cat=111&#038;ccb=1-7&#038;_nc_sid=f907e8&#038;_nc_ohc=SM1wRlP3lJwQ7kNvwEPuBYA&#038;_nc_oc=AdnqrjDN_BNjSSHWO-GbkIWH6fkGMLw4bqvL_NH6e2wMveX7G-rP2dAqsDSq1mJMOaY&#038;_nc_zt=24&#038;_nc_ht=scontent-gig4-1.xx&#038;_nc_gid=AoBFJeGrT1hVaew_6rchkQ&#038;oh=00_AfX7QmFGhQhG2jAllVgXCiM1ZrWgvtp80-Bfppyexh1QEg&#038;oe=689E923C","og:image:secure_url":"https:\/\/scontent-gig4-1.xx.fbcdn.net\/v\/t39.30808-1\/270437624_4564083193639691_6907940295614233970_n.jpg?stp=dst-jpg_s200x200_tt6&#038;_nc_cat=111&#038;ccb=1-7&#038;_nc_sid=f907e8&#038;_nc_ohc=SM1wRlP3lJwQ7kNvwEPuBYA&#038;_nc_oc=AdnqrjDN_BNjSSHWO-GbkIWH6fkGMLw4bqvL_NH6e2wMveX7G-rP2dAqsDSq1mJMOaY&#038;_nc_zt=24&#038;_nc_ht=scontent-gig4-1.xx&#038;_nc_gid=AoBFJeGrT1hVaew_6rchkQ&#038;oh=00_AfX7QmFGhQhG2jAllVgXCiM1ZrWgvtp80-Bfppyexh1QEg&#038;oe=689E923C","article:published_time":"2016-02-03T13:18:35+00:00","article:modified_time":"2016-02-03T13:26:34+00:00","twitter:card":"summary_large_image","twitter:title":"\u201cReduto Azul\u201d: torcedores do Cruzeiro comparecem em massa ao evento - A Not\u00edcia Online","twitter:description":"Os torcedores muriaeenses do Cruzeiro viveram um momento hist\u00f3rico nesta ter\u00e7a-feira (2), quando a cidade recebeu o \u201cRapos\u00e3o\u201d, mascote do time celeste, e a ta\u00e7a de campe\u00e3o brasileiro, conquistada em 2014. A a\u00e7\u00e3o promocional, denominada \u201cReduto Azul\u201d, teve o objetivo de aproximar o clube do torcedor do interior e conquistar novos s\u00f3cios. Houve tamb\u00e9m sorteio","twitter:image":"https:\/\/scontent-gig4-1.xx.fbcdn.net\/v\/t39.30808-1\/270437624_4564083193639691_6907940295614233970_n.jpg?stp=dst-jpg_s200x200_tt6&_nc_cat=111&ccb=1-7&_nc_sid=f907e8&_nc_ohc=SM1wRlP3lJwQ7kNvwEPuBYA&_nc_oc=AdnqrjDN_BNjSSHWO-GbkIWH6fkGMLw4bqvL_NH6e2wMveX7G-rP2dAqsDSq1mJMOaY&_nc_zt=24&_nc_ht=scontent-gig4-1.xx&_nc_gid=AoBFJeGrT1hVaew_6rchkQ&oh=00_AfX7QmFGhQhG2jAllVgXCiM1ZrWgvtp80-Bfppyexh1QEg&oe=689E923C"},"aioseo_meta_data":{"post_id":"9174","title":null,"description":null,"keywords":null,"keyphrases":null,"primary_term":null,"canonical_url":null,"og_title":null,"og_description":null,"og_object_type":"default","og_image_type":"default","og_image_url":null,"og_image_width":null,"og_image_height":null,"og_image_custom_url":null,"og_image_custom_fields":null,"og_video":null,"og_custom_url":null,"og_article_section":null,"og_article_tags":null,"twitter_use_og":false,"twitter_card":"default","twitter_image_type":"default","twitter_image_url":null,"twitter_image_custom_url":null,"twitter_image_custom_fields":null,"twitter_title":null,"twitter_description":null,"schema":{"blockGraphs":[],"customGraphs":[],"default":{"data":{"Article":[],"Course":[],"Dataset":[],"FAQPage":[],"Movie":[],"Person":[],"Product":[],"ProductReview":[],"Car":[],"Recipe":[],"Service":[],"SoftwareApplication":[],"WebPage":[]},"graphName":"","isEnabled":true},"graphs":[]},"schema_type":"default","schema_type_options":null,"pillar_content":false,"robots_default":true,"robots_noindex":false,"robots_noarchive":false,"robots_nosnippet":false,"robots_nofollow":false,"robots_noimageindex":false,"robots_noodp":false,"robots_notranslate":false,"robots_max_snippet":null,"robots_max_videopreview":null,"robots_max_imagepreview":"large","priority":null,"frequency":null,"local_seo":null,"breadcrumb_settings":null,"limit_modified_date":false,"ai":null,"created":"2025-08-16 15:01:30","updated":"2025-08-16 15:01:30","focus_keyword":null,"additional_keywords":null,"truseo_locale":null,"seo_analyzer_scan_date":null},"aioseo_breadcrumb":"<div class=\"aioseo-breadcrumbs\"><span class=\"aioseo-breadcrumb\">\n\t\t\t<a href=\"https:\/\/anoticiaonline.com.br\/site\" title=\"Home\">Home<\/a>\n\t\t<\/span><span class=\"aioseo-breadcrumb-separator\">&raquo;<\/span><span class=\"aioseo-breadcrumb\">\n\t\t\t<a href=\"https:\/\/anoticiaonline.com.br\/site\/categoria\/esporte\/\" title=\"Esporte\">Esporte<\/a>\n\t\t<\/span><span class=\"aioseo-breadcrumb-separator\">&raquo;<\/span><span class=\"aioseo-breadcrumb\">\n\t\t\t\u201cReduto Azul\u201d: torcedores do Cruzeiro comparecem em massa ao evento\n\t\t<\/span><\/div>","aioseo_breadcrumb_json":[{"label":"Home","link":"https:\/\/anoticiaonline.com.br\/site"},{"label":"Esporte","link":"https:\/\/anoticiaonline.com.br\/site\/categoria\/esporte\/"},{"label":"\u201cReduto Azul\u201d: torcedores do Cruzeiro comparecem em massa ao evento","link":"https:\/\/anoticiaonline.com.br\/site\/reduto-azul-torcedores-do-cruzeiro-comparecem-em-massa-ao-evento\/"}],"views":150,"_links":{"self":[{"href":"https:\/\/anoticiaonline.com.br\/site\/wp-json\/wp\/v2\/posts\/9174","targetHints":{"allow":["GET"]}}],"collection":[{"href":"https:\/\/anoticiaonline.com.br\/site\/wp-json\/wp\/v2\/posts"}],"about":[{"href":"https:\/\/anoticiaonline.com.br\/site\/wp-json\/wp\/v2\/types\/post"}],"author":[{"embeddable":true,"href":"https:\/\/anoticiaonline.com.br\/site\/wp-json\/wp\/v2\/users\/2"}],"replies":[{"embeddable":true,"href":"https:\/\/anoticiaonline.com.br\/site\/wp-json\/wp\/v2\/comments?post=9174"}],"version-history":[{"count":0,"href":"https:\/\/anoticiaonline.com.br\/site\/wp-json\/wp\/v2\/posts\/9174\/revisions"}],"wp:featuredmedia":[{"embeddable":true,"href":"https:\/\/anoticiaonline.com.br\/site\/wp-json\/wp\/v2\/media\/9331"}],"wp:attachment":[{"href":"https:\/\/anoticiaonline.com.br\/site\/wp-json\/wp\/v2\/media?parent=9174"}],"wp:term":[{"taxonomy":"category","embeddable":true,"href":"https:\/\/anoticiaonline.com.br\/site\/wp-json\/wp\/v2\/categories?post=9174"},{"taxonomy":"post_tag","embeddable":true,"href":"https:\/\/anoticiaonline.com.br\/site\/wp-json\/wp\/v2\/tags?post=9174"}],"curies":[{"name":"wp","href":"https:\/\/api.w.org\/{rel}","templated":true}]}}