{"id":9156,"date":"2016-02-02T08:04:03","date_gmt":"2016-02-02T11:04:03","guid":{"rendered":"http:\/\/anoticiaonline.com.br\/site\/?p=9156"},"modified":"2016-02-02T08:04:03","modified_gmt":"2016-02-02T11:04:03","slug":"governo-de-minas-nomeia-mil-investigadores-da-policia-civil","status":"publish","type":"post","link":"https:\/\/anoticiaonline.com.br\/site\/governo-de-minas-nomeia-mil-investigadores-da-policia-civil\/","title":{"rendered":"Governo de Minas nomeia mil investigadores da Pol\u00edcia Civil"},"content":{"rendered":"<p><a href=\"https:\/\/anoticiaonline.com.br\/site\/wp-content\/uploads\/2016\/02\/vale.jpg\"><img fetchpriority=\"high\" decoding=\"async\" class=\" size-medium wp-image-9157 alignleft\" src=\"https:\/\/anoticiaonline.com.br\/site\/wp-content\/uploads\/2016\/02\/vale-300x225.jpg\" alt=\"vale\" width=\"300\" height=\"225\" srcset=\"https:\/\/anoticiaonline.com.br\/site\/wp-content\/uploads\/2016\/02\/vale-300x225.jpg 300w, https:\/\/anoticiaonline.com.br\/site\/wp-content\/uploads\/2016\/02\/vale.jpg 600w\" sizes=\"(max-width: 300px) 100vw, 300px\" \/><\/a>A Pol\u00edcia Civil de Minas Gerais nomeou mil novos investigadores aprovados no \u00faltimo concurso, realizado em 2014. A lista completa dos nomeados foi publicada no Di\u00e1rio Oficial do Estado e tamb\u00e9m est\u00e1 dispon\u00edvel nos endere\u00e7os eletr\u00f4nicos www.fumarc.com.br e www.acadepol.mg.gov.br.<\/p>\n<p>Os novos servidores da institui\u00e7\u00e3o, os quais foram nomeados no \u00faltimo s\u00e1bado (30), v\u00e3o tomar posse no dia 12 de fevereiro e v\u00e3o iniciar o curso de forma\u00e7\u00e3o t\u00e9cnico-profissional na Academia de Pol\u00edcia Civil de Minas Gerais (Acadepol), em Belo Horizonte, no dia 15 de fevereiro. Ap\u00f3s o curso, os novos policiais civis ir\u00e3o refor\u00e7ar o trabalho de investiga\u00e7\u00e3o em todo o estado, possibilitando maior agilidade na solu\u00e7\u00e3o de crimes, melhoria da seguran\u00e7a p\u00fablica e o aumento da sensa\u00e7\u00e3o de seguran\u00e7a dos mineiros.<\/p>\n<p>Em 18 de setembro de 2015, o governador Fernando Pimentel, durante o lan\u00e7amento do F\u00f3rum Regional de Governo do Territ\u00f3rio Oeste, em Divin\u00f3polis, j\u00e1 havia determinado \u00e0 Secretaria de Estado de Planejamento e Gest\u00e3o (Seplag) a nomea\u00e7\u00e3o dos aprovados. Agora, com as nomea\u00e7\u00f5es efetivadas, a corpora\u00e7\u00e3o tamb\u00e9m poder\u00e1 iniciar novos projetos.<\/p>\n<p>\u201cOs novos investigadores de Pol\u00edcia s\u00e3o muito bem-vindos, j\u00e1 que far\u00e3o parte de um novo projeto de gest\u00e3o da Pol\u00edcia Civil, que busca elevar a institui\u00e7\u00e3o \u00e0 real condi\u00e7\u00e3o de uma ag\u00eancia de investiga\u00e7\u00e3o criminal, cuja atua\u00e7\u00e3o tenha impacto direto na redu\u00e7\u00e3o da viol\u00eancia e da criminalidade, melhorando a vida da popula\u00e7\u00e3o do estado, al\u00e9m de prestar servi\u00e7os de excel\u00eancia\u201d, enfatiza a chefe da Pol\u00edcia Civil, Andrea Vacchiano.<\/p>\n<p>O diretor da Acadepol, delegado Anderson Alc\u00e2ntara, conta que o curso ter\u00e1 dura\u00e7\u00e3o de cinco meses. \u201cAp\u00f3s tomarem posse, iremos realizar na Acadepol o curso de forma\u00e7\u00e3o. Os investigadores ser\u00e3o divididos em 36 turmas, que comp\u00f5em as disciplinas espec\u00edficas de acesso ao cargo de investigador\u201d, comenta o delegado.<\/p>\n<p>Anderson ainda destaca a import\u00e2ncia da nomea\u00e7\u00e3o. \u201cO quadro de servidores da Pol\u00edcia Civil est\u00e1 defasado, e com esses novos investigadores, ganhamos um novo f\u00f4lego para o combate \u00e0 criminalidade\u201d, frisa.<\/p>\n<p><strong>PERFIL DOS INVESTIGADORES &#8211;<\/strong> A faixa et\u00e1ria predominante entre os mil novos investigadores nomeados \u00e9 de 26 anos a 35 anos. Aproximadamente 55% s\u00e3o do sexo masculino. Mais de 900 candidatos moram em Minas Gerais, sendo que 43% residem na capital. Entre os nomeados, 438 s\u00e3o formados em Direito e 56% possuem dois cursos superiores ou especializa\u00e7\u00e3o e\/ou mestrado.<\/p>\n<p>Durante o concurso, 10% das vagas foram oferecidas a candidatos portadores de defici\u00eancia aprovados, observada a exig\u00eancia de compatibilidade entre a defici\u00eancia e as atribui\u00e7\u00f5es do cargo. Inexistindo candidato portador de defici\u00eancia aprovado, as vagas foram preenchidas por candidatos n\u00e3o portadores de defici\u00eancia, observada a ordem de classifica\u00e7\u00e3o.<\/p>\n<p>De acordo com o edital, em caso de empate, a classifica\u00e7\u00e3o adotou crit\u00e9rios de prefer\u00eancia. Tiveram prioridade os candidatos com idade igual ou superior a 60 anos. Em seguida, foi considerado como crit\u00e9rio as notas obtidas na prova objetiva. Ainda segundo o edital, o vencimento b\u00e1sico inicial para o cargo da carreira de investigador de pol\u00edcia, n\u00edvel 1, grau A, corresponde R$ 2.766.94, com carga de trabalho de 40 horas semanais.<\/p>\n<p>O investigador ter\u00e1 como fun\u00e7\u00e3o, dentre outras, cumprir e formalizar dilig\u00eancias policiais, colher as impress\u00f5es digitais para fins de identifica\u00e7\u00e3o civil e criminal, captar e interceptar dados, comunica\u00e7\u00f5es e informa\u00e7\u00f5es, assegurar a cust\u00f3dia provis\u00f3ria de pessoas no curso dos procedimentos policiais, realizar inspe\u00e7\u00f5es e opera\u00e7\u00f5es policiais e promover a media\u00e7\u00e3o de conflitos.<\/p>\n","protected":false},"excerpt":{"rendered":"<p>A Pol\u00edcia Civil de Minas Gerais nomeou mil novos investigadores aprovados no \u00faltimo concurso, realizado em 2014. A lista completa dos nomeados foi publicada no Di\u00e1rio Oficial do Estado e tamb\u00e9m est\u00e1 dispon\u00edvel nos endere\u00e7os eletr\u00f4nicos www.fumarc.com.br e www.acadepol.mg.gov.br. Os novos servidores da institui\u00e7\u00e3o, os quais foram nomeados no \u00faltimo s\u00e1bado (30), v\u00e3o tomar posse &#8230; <a title=\"Governo de Minas nomeia mil investigadores da Pol\u00edcia Civil\" class=\"read-more\" href=\"https:\/\/anoticiaonline.com.br\/site\/governo-de-minas-nomeia-mil-investigadores-da-policia-civil\/\" aria-label=\"Read more about Governo de Minas nomeia mil investigadores da Pol\u00edcia Civil\">Ler mais<\/a><\/p>\n","protected":false},"author":2,"featured_media":9157,"comment_status":"open","ping_status":"open","sticky":false,"template":"","format":"standard","meta":{"_acf_changed":false,"_monsterinsights_skip_tracking":false,"footnotes":""},"categories":[1],"tags":[3],"class_list":["post-9156","post","type-post","status-publish","format-standard","has-post-thumbnail","hentry","category-gerais","tag-slide"],"acf":[],"aioseo_notices":[],"aioseo_head":"\n\t\t<!-- All in One SEO 5.0.0.1 - aioseo.com -->\n\t<meta name=\"description\" content=\"A Pol\u00edcia Civil de Minas Gerais nomeou mil novos investigadores aprovados no \u00faltimo concurso, realizado em 2014. A lista completa dos nomeados foi publicada no Di\u00e1rio Oficial do Estado e tamb\u00e9m est\u00e1 dispon\u00edvel nos endere\u00e7os eletr\u00f4nicos www.fumarc.com.br e www.acadepol.mg.gov.br. Os novos servidores da institui\u00e7\u00e3o, os quais foram nomeados no \u00faltimo s\u00e1bado (30), v\u00e3o tomar posse\" \/>\n\t<meta name=\"robots\" content=\"max-image-preview:large\" \/>\n\t<meta name=\"author\" content=\"Juliana Laviola\"\/>\n\t<link rel=\"canonical\" href=\"https:\/\/anoticiaonline.com.br\/site\/governo-de-minas-nomeia-mil-investigadores-da-policia-civil\/\" \/>\n\t<meta name=\"generator\" content=\"All in One SEO (AIOSEO) 5.0.0.1\" \/>\n\t\t<meta property=\"og:locale\" content=\"pt_BR\" \/>\n\t\t<meta property=\"og:site_name\" content=\"A Not\u00edcia Online - Noticias de Muria\u00e9 e regi\u00e3o\" \/>\n\t\t<meta property=\"og:type\" content=\"article\" \/>\n\t\t<meta property=\"og:title\" content=\"Governo de Minas nomeia mil investigadores da Pol\u00edcia Civil - A Not\u00edcia Online\" \/>\n\t\t<meta property=\"og:description\" content=\"A Pol\u00edcia Civil de Minas Gerais nomeou mil novos investigadores aprovados no \u00faltimo concurso, realizado em 2014. A lista completa dos nomeados foi publicada no Di\u00e1rio Oficial do Estado e tamb\u00e9m est\u00e1 dispon\u00edvel nos endere\u00e7os eletr\u00f4nicos www.fumarc.com.br e www.acadepol.mg.gov.br. Os novos servidores da institui\u00e7\u00e3o, os quais foram nomeados no \u00faltimo s\u00e1bado (30), v\u00e3o tomar posse\" \/>\n\t\t<meta property=\"og:url\" content=\"https:\/\/anoticiaonline.com.br\/site\/governo-de-minas-nomeia-mil-investigadores-da-policia-civil\/\" \/>\n\t\t<meta property=\"og:image\" content=\"https:\/\/scontent-gig4-1.xx.fbcdn.net\/v\/t39.30808-1\/270437624_4564083193639691_6907940295614233970_n.jpg?stp=dst-jpg_s200x200_tt6&#038;_nc_cat=111&#038;ccb=1-7&#038;_nc_sid=f907e8&#038;_nc_ohc=SM1wRlP3lJwQ7kNvwEPuBYA&#038;_nc_oc=AdnqrjDN_BNjSSHWO-GbkIWH6fkGMLw4bqvL_NH6e2wMveX7G-rP2dAqsDSq1mJMOaY&#038;_nc_zt=24&#038;_nc_ht=scontent-gig4-1.xx&#038;_nc_gid=AoBFJeGrT1hVaew_6rchkQ&#038;oh=00_AfX7QmFGhQhG2jAllVgXCiM1ZrWgvtp80-Bfppyexh1QEg&#038;oe=689E923C\" \/>\n\t\t<meta property=\"og:image:secure_url\" content=\"https:\/\/scontent-gig4-1.xx.fbcdn.net\/v\/t39.30808-1\/270437624_4564083193639691_6907940295614233970_n.jpg?stp=dst-jpg_s200x200_tt6&#038;_nc_cat=111&#038;ccb=1-7&#038;_nc_sid=f907e8&#038;_nc_ohc=SM1wRlP3lJwQ7kNvwEPuBYA&#038;_nc_oc=AdnqrjDN_BNjSSHWO-GbkIWH6fkGMLw4bqvL_NH6e2wMveX7G-rP2dAqsDSq1mJMOaY&#038;_nc_zt=24&#038;_nc_ht=scontent-gig4-1.xx&#038;_nc_gid=AoBFJeGrT1hVaew_6rchkQ&#038;oh=00_AfX7QmFGhQhG2jAllVgXCiM1ZrWgvtp80-Bfppyexh1QEg&#038;oe=689E923C\" \/>\n\t\t<meta property=\"article:published_time\" content=\"2016-02-02T11:04:03+00:00\" \/>\n\t\t<meta property=\"article:modified_time\" content=\"2016-02-02T11:04:03+00:00\" \/>\n\t\t<meta name=\"twitter:card\" content=\"summary_large_image\" \/>\n\t\t<meta name=\"twitter:title\" content=\"Governo de Minas nomeia mil investigadores da Pol\u00edcia Civil - A Not\u00edcia Online\" \/>\n\t\t<meta name=\"twitter:description\" content=\"A Pol\u00edcia Civil de Minas Gerais nomeou mil novos investigadores aprovados no \u00faltimo concurso, realizado em 2014. A lista completa dos nomeados foi publicada no Di\u00e1rio Oficial do Estado e tamb\u00e9m est\u00e1 dispon\u00edvel nos endere\u00e7os eletr\u00f4nicos www.fumarc.com.br e www.acadepol.mg.gov.br. Os novos servidores da institui\u00e7\u00e3o, os quais foram nomeados no \u00faltimo s\u00e1bado (30), v\u00e3o tomar posse\" \/>\n\t\t<meta name=\"twitter:image\" content=\"https:\/\/scontent-gig4-1.xx.fbcdn.net\/v\/t39.30808-1\/270437624_4564083193639691_6907940295614233970_n.jpg?stp=dst-jpg_s200x200_tt6&amp;_nc_cat=111&amp;ccb=1-7&amp;_nc_sid=f907e8&amp;_nc_ohc=SM1wRlP3lJwQ7kNvwEPuBYA&amp;_nc_oc=AdnqrjDN_BNjSSHWO-GbkIWH6fkGMLw4bqvL_NH6e2wMveX7G-rP2dAqsDSq1mJMOaY&amp;_nc_zt=24&amp;_nc_ht=scontent-gig4-1.xx&amp;_nc_gid=AoBFJeGrT1hVaew_6rchkQ&amp;oh=00_AfX7QmFGhQhG2jAllVgXCiM1ZrWgvtp80-Bfppyexh1QEg&amp;oe=689E923C\" \/>\n\t\t<script type=\"application\/ld+json\" class=\"aioseo-schema\">\n\t\t\t{\"@context\":\"https:\\\/\\\/schema.org\",\"@graph\":[{\"@type\":\"BlogPosting\",\"@id\":\"https:\\\/\\\/anoticiaonline.com.br\\\/site\\\/governo-de-minas-nomeia-mil-investigadores-da-policia-civil\\\/#blogposting\",\"name\":\"Governo de Minas nomeia mil investigadores da Pol\\u00edcia Civil - A Not\\u00edcia Online\",\"headline\":\"Governo de Minas nomeia mil investigadores da Pol\\u00edcia Civil\",\"author\":{\"@id\":\"https:\\\/\\\/anoticiaonline.com.br\\\/site\\\/author\\\/juliana\\\/#author\"},\"publisher\":{\"@id\":\"https:\\\/\\\/anoticiaonline.com.br\\\/site\\\/#organization\"},\"image\":{\"@type\":\"ImageObject\",\"url\":\"https:\\\/\\\/anoticiaonline.com.br\\\/site\\\/wp-content\\\/uploads\\\/2016\\\/02\\\/vale.jpg\",\"width\":600,\"height\":450},\"datePublished\":\"2016-02-02T08:04:03-03:00\",\"dateModified\":\"2016-02-02T08:04:03-03:00\",\"inLanguage\":\"pt-BR\",\"mainEntityOfPage\":{\"@id\":\"https:\\\/\\\/anoticiaonline.com.br\\\/site\\\/governo-de-minas-nomeia-mil-investigadores-da-policia-civil\\\/#webpage\"},\"isPartOf\":{\"@id\":\"https:\\\/\\\/anoticiaonline.com.br\\\/site\\\/governo-de-minas-nomeia-mil-investigadores-da-policia-civil\\\/#webpage\"},\"articleSection\":\"Gerais, slide\"},{\"@type\":\"BreadcrumbList\",\"@id\":\"https:\\\/\\\/anoticiaonline.com.br\\\/site\\\/governo-de-minas-nomeia-mil-investigadores-da-policia-civil\\\/#breadcrumblist\",\"itemListElement\":[{\"@type\":\"ListItem\",\"@id\":\"https:\\\/\\\/anoticiaonline.com.br\\\/site#listItem\",\"position\":1,\"name\":\"Home\",\"item\":\"https:\\\/\\\/anoticiaonline.com.br\\\/site\",\"nextItem\":{\"@type\":\"ListItem\",\"@id\":\"https:\\\/\\\/anoticiaonline.com.br\\\/site\\\/categoria\\\/gerais\\\/#listItem\",\"name\":\"Gerais\"}},{\"@type\":\"ListItem\",\"@id\":\"https:\\\/\\\/anoticiaonline.com.br\\\/site\\\/categoria\\\/gerais\\\/#listItem\",\"position\":2,\"name\":\"Gerais\",\"item\":\"https:\\\/\\\/anoticiaonline.com.br\\\/site\\\/categoria\\\/gerais\\\/\",\"nextItem\":{\"@type\":\"ListItem\",\"@id\":\"https:\\\/\\\/anoticiaonline.com.br\\\/site\\\/governo-de-minas-nomeia-mil-investigadores-da-policia-civil\\\/#listItem\",\"name\":\"Governo de Minas nomeia mil investigadores da Pol\\u00edcia Civil\"},\"previousItem\":{\"@type\":\"ListItem\",\"@id\":\"https:\\\/\\\/anoticiaonline.com.br\\\/site#listItem\",\"name\":\"Home\"}},{\"@type\":\"ListItem\",\"@id\":\"https:\\\/\\\/anoticiaonline.com.br\\\/site\\\/governo-de-minas-nomeia-mil-investigadores-da-policia-civil\\\/#listItem\",\"position\":3,\"name\":\"Governo de Minas nomeia mil investigadores da Pol\\u00edcia Civil\",\"previousItem\":{\"@type\":\"ListItem\",\"@id\":\"https:\\\/\\\/anoticiaonline.com.br\\\/site\\\/categoria\\\/gerais\\\/#listItem\",\"name\":\"Gerais\"}}]},{\"@type\":\"Organization\",\"@id\":\"https:\\\/\\\/anoticiaonline.com.br\\\/site\\\/#organization\",\"name\":\"A Not\\u00edcia Online\",\"description\":\"Noticias de Muria\\u00e9 e regi\\u00e3o\",\"url\":\"https:\\\/\\\/anoticiaonline.com.br\\\/site\\\/\",\"logo\":{\"@type\":\"ImageObject\",\"url\":\"https:\\\/\\\/scontent-gig4-1.xx.fbcdn.net\\\/v\\\/t39.30808-1\\\/270437624_4564083193639691_6907940295614233970_n.jpg?stp=dst-jpg_s200x200_tt6&_nc_cat=111&ccb=1-7&_nc_sid=f907e8&_nc_ohc=SM1wRlP3lJwQ7kNvwEPuBYA&_nc_oc=AdnqrjDN_BNjSSHWO-GbkIWH6fkGMLw4bqvL_NH6e2wMveX7G-rP2dAqsDSq1mJMOaY&_nc_zt=24&_nc_ht=scontent-gig4-1.xx&_nc_gid=AoBFJeGrT1hVaew_6rchkQ&oh=00_AfX7QmFGhQhG2jAllVgXCiM1ZrWgvtp80-Bfppyexh1QEg&oe=689E923C\",\"@id\":\"https:\\\/\\\/anoticiaonline.com.br\\\/site\\\/governo-de-minas-nomeia-mil-investigadores-da-policia-civil\\\/#organizationLogo\"},\"image\":{\"@id\":\"https:\\\/\\\/anoticiaonline.com.br\\\/site\\\/governo-de-minas-nomeia-mil-investigadores-da-policia-civil\\\/#organizationLogo\"}},{\"@type\":\"Person\",\"@id\":\"https:\\\/\\\/anoticiaonline.com.br\\\/site\\\/author\\\/juliana\\\/#author\",\"url\":\"https:\\\/\\\/anoticiaonline.com.br\\\/site\\\/author\\\/juliana\\\/\",\"name\":\"Juliana Laviola\",\"image\":{\"@type\":\"ImageObject\",\"@id\":\"https:\\\/\\\/anoticiaonline.com.br\\\/site\\\/governo-de-minas-nomeia-mil-investigadores-da-policia-civil\\\/#authorImage\",\"url\":\"https:\\\/\\\/secure.gravatar.com\\\/avatar\\\/b8d45f5c699b100dfaf0e543582f38f38bf94cb7ae3a5e9abf8d891a34773335?s=96&d=mm&r=g\",\"width\":96,\"height\":96,\"caption\":\"Juliana Laviola\"}},{\"@type\":\"WebPage\",\"@id\":\"https:\\\/\\\/anoticiaonline.com.br\\\/site\\\/governo-de-minas-nomeia-mil-investigadores-da-policia-civil\\\/#webpage\",\"url\":\"https:\\\/\\\/anoticiaonline.com.br\\\/site\\\/governo-de-minas-nomeia-mil-investigadores-da-policia-civil\\\/\",\"name\":\"Governo de Minas nomeia mil investigadores da Pol\\u00edcia Civil - A Not\\u00edcia Online\",\"description\":\"A Pol\\u00edcia Civil de Minas Gerais nomeou mil novos investigadores aprovados no \\u00faltimo concurso, realizado em 2014. A lista completa dos nomeados foi publicada no Di\\u00e1rio Oficial do Estado e tamb\\u00e9m est\\u00e1 dispon\\u00edvel nos endere\\u00e7os eletr\\u00f4nicos www.fumarc.com.br e www.acadepol.mg.gov.br. Os novos servidores da institui\\u00e7\\u00e3o, os quais foram nomeados no \\u00faltimo s\\u00e1bado (30), v\\u00e3o tomar posse\",\"inLanguage\":\"pt-BR\",\"isPartOf\":{\"@id\":\"https:\\\/\\\/anoticiaonline.com.br\\\/site\\\/#website\"},\"breadcrumb\":{\"@id\":\"https:\\\/\\\/anoticiaonline.com.br\\\/site\\\/governo-de-minas-nomeia-mil-investigadores-da-policia-civil\\\/#breadcrumblist\"},\"author\":{\"@id\":\"https:\\\/\\\/anoticiaonline.com.br\\\/site\\\/author\\\/juliana\\\/#author\"},\"creator\":{\"@id\":\"https:\\\/\\\/anoticiaonline.com.br\\\/site\\\/author\\\/juliana\\\/#author\"},\"image\":{\"@type\":\"ImageObject\",\"url\":\"https:\\\/\\\/anoticiaonline.com.br\\\/site\\\/wp-content\\\/uploads\\\/2016\\\/02\\\/vale.jpg\",\"@id\":\"https:\\\/\\\/anoticiaonline.com.br\\\/site\\\/governo-de-minas-nomeia-mil-investigadores-da-policia-civil\\\/#mainImage\",\"width\":600,\"height\":450},\"primaryImageOfPage\":{\"@id\":\"https:\\\/\\\/anoticiaonline.com.br\\\/site\\\/governo-de-minas-nomeia-mil-investigadores-da-policia-civil\\\/#mainImage\"},\"datePublished\":\"2016-02-02T08:04:03-03:00\",\"dateModified\":\"2016-02-02T08:04:03-03:00\"},{\"@type\":\"WebSite\",\"@id\":\"https:\\\/\\\/anoticiaonline.com.br\\\/site\\\/#website\",\"url\":\"https:\\\/\\\/anoticiaonline.com.br\\\/site\\\/\",\"name\":\"A Not\\u00edcia Online\",\"description\":\"Noticias de Muria\\u00e9 e regi\\u00e3o\",\"inLanguage\":\"pt-BR\",\"publisher\":{\"@id\":\"https:\\\/\\\/anoticiaonline.com.br\\\/site\\\/#organization\"}}]}\n\t\t<\/script>\n\t\t<!-- All in One SEO -->\n\n","aioseo_head_json":{"title":"Governo de Minas nomeia mil investigadores da Pol\u00edcia Civil - A Not\u00edcia Online","description":"A Pol\u00edcia Civil de Minas Gerais nomeou mil novos investigadores aprovados no \u00faltimo concurso, realizado em 2014. A lista completa dos nomeados foi publicada no Di\u00e1rio Oficial do Estado e tamb\u00e9m est\u00e1 dispon\u00edvel nos endere\u00e7os eletr\u00f4nicos www.fumarc.com.br e www.acadepol.mg.gov.br. Os novos servidores da institui\u00e7\u00e3o, os quais foram nomeados no \u00faltimo s\u00e1bado (30), v\u00e3o tomar posse","canonical_url":"https:\/\/anoticiaonline.com.br\/site\/governo-de-minas-nomeia-mil-investigadores-da-policia-civil\/","robots":"max-image-preview:large","keywords":"","webmasterTools":{"miscellaneous":""},"schema":{"@context":"https:\/\/schema.org","@graph":[{"@type":"BlogPosting","@id":"https:\/\/anoticiaonline.com.br\/site\/governo-de-minas-nomeia-mil-investigadores-da-policia-civil\/#blogposting","name":"Governo de Minas nomeia mil investigadores da Pol\u00edcia Civil - A Not\u00edcia Online","headline":"Governo de Minas nomeia mil investigadores da Pol\u00edcia Civil","author":{"@id":"https:\/\/anoticiaonline.com.br\/site\/author\/juliana\/#author"},"publisher":{"@id":"https:\/\/anoticiaonline.com.br\/site\/#organization"},"image":{"@type":"ImageObject","url":"https:\/\/anoticiaonline.com.br\/site\/wp-content\/uploads\/2016\/02\/vale.jpg","width":600,"height":450},"datePublished":"2016-02-02T08:04:03-03:00","dateModified":"2016-02-02T08:04:03-03:00","inLanguage":"pt-BR","mainEntityOfPage":{"@id":"https:\/\/anoticiaonline.com.br\/site\/governo-de-minas-nomeia-mil-investigadores-da-policia-civil\/#webpage"},"isPartOf":{"@id":"https:\/\/anoticiaonline.com.br\/site\/governo-de-minas-nomeia-mil-investigadores-da-policia-civil\/#webpage"},"articleSection":"Gerais, slide"},{"@type":"BreadcrumbList","@id":"https:\/\/anoticiaonline.com.br\/site\/governo-de-minas-nomeia-mil-investigadores-da-policia-civil\/#breadcrumblist","itemListElement":[{"@type":"ListItem","@id":"https:\/\/anoticiaonline.com.br\/site#listItem","position":1,"name":"Home","item":"https:\/\/anoticiaonline.com.br\/site","nextItem":{"@type":"ListItem","@id":"https:\/\/anoticiaonline.com.br\/site\/categoria\/gerais\/#listItem","name":"Gerais"}},{"@type":"ListItem","@id":"https:\/\/anoticiaonline.com.br\/site\/categoria\/gerais\/#listItem","position":2,"name":"Gerais","item":"https:\/\/anoticiaonline.com.br\/site\/categoria\/gerais\/","nextItem":{"@type":"ListItem","@id":"https:\/\/anoticiaonline.com.br\/site\/governo-de-minas-nomeia-mil-investigadores-da-policia-civil\/#listItem","name":"Governo de Minas nomeia mil investigadores da Pol\u00edcia Civil"},"previousItem":{"@type":"ListItem","@id":"https:\/\/anoticiaonline.com.br\/site#listItem","name":"Home"}},{"@type":"ListItem","@id":"https:\/\/anoticiaonline.com.br\/site\/governo-de-minas-nomeia-mil-investigadores-da-policia-civil\/#listItem","position":3,"name":"Governo de Minas nomeia mil investigadores da Pol\u00edcia Civil","previousItem":{"@type":"ListItem","@id":"https:\/\/anoticiaonline.com.br\/site\/categoria\/gerais\/#listItem","name":"Gerais"}}]},{"@type":"Organization","@id":"https:\/\/anoticiaonline.com.br\/site\/#organization","name":"A Not\u00edcia Online","description":"Noticias de Muria\u00e9 e regi\u00e3o","url":"https:\/\/anoticiaonline.com.br\/site\/","logo":{"@type":"ImageObject","url":"https:\/\/scontent-gig4-1.xx.fbcdn.net\/v\/t39.30808-1\/270437624_4564083193639691_6907940295614233970_n.jpg?stp=dst-jpg_s200x200_tt6&_nc_cat=111&ccb=1-7&_nc_sid=f907e8&_nc_ohc=SM1wRlP3lJwQ7kNvwEPuBYA&_nc_oc=AdnqrjDN_BNjSSHWO-GbkIWH6fkGMLw4bqvL_NH6e2wMveX7G-rP2dAqsDSq1mJMOaY&_nc_zt=24&_nc_ht=scontent-gig4-1.xx&_nc_gid=AoBFJeGrT1hVaew_6rchkQ&oh=00_AfX7QmFGhQhG2jAllVgXCiM1ZrWgvtp80-Bfppyexh1QEg&oe=689E923C","@id":"https:\/\/anoticiaonline.com.br\/site\/governo-de-minas-nomeia-mil-investigadores-da-policia-civil\/#organizationLogo"},"image":{"@id":"https:\/\/anoticiaonline.com.br\/site\/governo-de-minas-nomeia-mil-investigadores-da-policia-civil\/#organizationLogo"}},{"@type":"Person","@id":"https:\/\/anoticiaonline.com.br\/site\/author\/juliana\/#author","url":"https:\/\/anoticiaonline.com.br\/site\/author\/juliana\/","name":"Juliana Laviola","image":{"@type":"ImageObject","@id":"https:\/\/anoticiaonline.com.br\/site\/governo-de-minas-nomeia-mil-investigadores-da-policia-civil\/#authorImage","url":"https:\/\/secure.gravatar.com\/avatar\/b8d45f5c699b100dfaf0e543582f38f38bf94cb7ae3a5e9abf8d891a34773335?s=96&d=mm&r=g","width":96,"height":96,"caption":"Juliana Laviola"}},{"@type":"WebPage","@id":"https:\/\/anoticiaonline.com.br\/site\/governo-de-minas-nomeia-mil-investigadores-da-policia-civil\/#webpage","url":"https:\/\/anoticiaonline.com.br\/site\/governo-de-minas-nomeia-mil-investigadores-da-policia-civil\/","name":"Governo de Minas nomeia mil investigadores da Pol\u00edcia Civil - A Not\u00edcia Online","description":"A Pol\u00edcia Civil de Minas Gerais nomeou mil novos investigadores aprovados no \u00faltimo concurso, realizado em 2014. A lista completa dos nomeados foi publicada no Di\u00e1rio Oficial do Estado e tamb\u00e9m est\u00e1 dispon\u00edvel nos endere\u00e7os eletr\u00f4nicos www.fumarc.com.br e www.acadepol.mg.gov.br. Os novos servidores da institui\u00e7\u00e3o, os quais foram nomeados no \u00faltimo s\u00e1bado (30), v\u00e3o tomar posse","inLanguage":"pt-BR","isPartOf":{"@id":"https:\/\/anoticiaonline.com.br\/site\/#website"},"breadcrumb":{"@id":"https:\/\/anoticiaonline.com.br\/site\/governo-de-minas-nomeia-mil-investigadores-da-policia-civil\/#breadcrumblist"},"author":{"@id":"https:\/\/anoticiaonline.com.br\/site\/author\/juliana\/#author"},"creator":{"@id":"https:\/\/anoticiaonline.com.br\/site\/author\/juliana\/#author"},"image":{"@type":"ImageObject","url":"https:\/\/anoticiaonline.com.br\/site\/wp-content\/uploads\/2016\/02\/vale.jpg","@id":"https:\/\/anoticiaonline.com.br\/site\/governo-de-minas-nomeia-mil-investigadores-da-policia-civil\/#mainImage","width":600,"height":450},"primaryImageOfPage":{"@id":"https:\/\/anoticiaonline.com.br\/site\/governo-de-minas-nomeia-mil-investigadores-da-policia-civil\/#mainImage"},"datePublished":"2016-02-02T08:04:03-03:00","dateModified":"2016-02-02T08:04:03-03:00"},{"@type":"WebSite","@id":"https:\/\/anoticiaonline.com.br\/site\/#website","url":"https:\/\/anoticiaonline.com.br\/site\/","name":"A Not\u00edcia Online","description":"Noticias de Muria\u00e9 e regi\u00e3o","inLanguage":"pt-BR","publisher":{"@id":"https:\/\/anoticiaonline.com.br\/site\/#organization"}}]},"og:locale":"pt_BR","og:site_name":"A Not\u00edcia Online - Noticias de Muria\u00e9 e regi\u00e3o","og:type":"article","og:title":"Governo de Minas nomeia mil investigadores da Pol\u00edcia Civil - A Not\u00edcia Online","og:description":"A Pol\u00edcia Civil de Minas Gerais nomeou mil novos investigadores aprovados no \u00faltimo concurso, realizado em 2014. A lista completa dos nomeados foi publicada no Di\u00e1rio Oficial do Estado e tamb\u00e9m est\u00e1 dispon\u00edvel nos endere\u00e7os eletr\u00f4nicos www.fumarc.com.br e www.acadepol.mg.gov.br. Os novos servidores da institui\u00e7\u00e3o, os quais foram nomeados no \u00faltimo s\u00e1bado (30), v\u00e3o tomar posse","og:url":"https:\/\/anoticiaonline.com.br\/site\/governo-de-minas-nomeia-mil-investigadores-da-policia-civil\/","og:image":"https:\/\/scontent-gig4-1.xx.fbcdn.net\/v\/t39.30808-1\/270437624_4564083193639691_6907940295614233970_n.jpg?stp=dst-jpg_s200x200_tt6&#038;_nc_cat=111&#038;ccb=1-7&#038;_nc_sid=f907e8&#038;_nc_ohc=SM1wRlP3lJwQ7kNvwEPuBYA&#038;_nc_oc=AdnqrjDN_BNjSSHWO-GbkIWH6fkGMLw4bqvL_NH6e2wMveX7G-rP2dAqsDSq1mJMOaY&#038;_nc_zt=24&#038;_nc_ht=scontent-gig4-1.xx&#038;_nc_gid=AoBFJeGrT1hVaew_6rchkQ&#038;oh=00_AfX7QmFGhQhG2jAllVgXCiM1ZrWgvtp80-Bfppyexh1QEg&#038;oe=689E923C","og:image:secure_url":"https:\/\/scontent-gig4-1.xx.fbcdn.net\/v\/t39.30808-1\/270437624_4564083193639691_6907940295614233970_n.jpg?stp=dst-jpg_s200x200_tt6&#038;_nc_cat=111&#038;ccb=1-7&#038;_nc_sid=f907e8&#038;_nc_ohc=SM1wRlP3lJwQ7kNvwEPuBYA&#038;_nc_oc=AdnqrjDN_BNjSSHWO-GbkIWH6fkGMLw4bqvL_NH6e2wMveX7G-rP2dAqsDSq1mJMOaY&#038;_nc_zt=24&#038;_nc_ht=scontent-gig4-1.xx&#038;_nc_gid=AoBFJeGrT1hVaew_6rchkQ&#038;oh=00_AfX7QmFGhQhG2jAllVgXCiM1ZrWgvtp80-Bfppyexh1QEg&#038;oe=689E923C","article:published_time":"2016-02-02T11:04:03+00:00","article:modified_time":"2016-02-02T11:04:03+00:00","twitter:card":"summary_large_image","twitter:title":"Governo de Minas nomeia mil investigadores da Pol\u00edcia Civil - A Not\u00edcia Online","twitter:description":"A Pol\u00edcia Civil de Minas Gerais nomeou mil novos investigadores aprovados no \u00faltimo concurso, realizado em 2014. A lista completa dos nomeados foi publicada no Di\u00e1rio Oficial do Estado e tamb\u00e9m est\u00e1 dispon\u00edvel nos endere\u00e7os eletr\u00f4nicos www.fumarc.com.br e www.acadepol.mg.gov.br. Os novos servidores da institui\u00e7\u00e3o, os quais foram nomeados no \u00faltimo s\u00e1bado (30), v\u00e3o tomar posse","twitter:image":"https:\/\/scontent-gig4-1.xx.fbcdn.net\/v\/t39.30808-1\/270437624_4564083193639691_6907940295614233970_n.jpg?stp=dst-jpg_s200x200_tt6&_nc_cat=111&ccb=1-7&_nc_sid=f907e8&_nc_ohc=SM1wRlP3lJwQ7kNvwEPuBYA&_nc_oc=AdnqrjDN_BNjSSHWO-GbkIWH6fkGMLw4bqvL_NH6e2wMveX7G-rP2dAqsDSq1mJMOaY&_nc_zt=24&_nc_ht=scontent-gig4-1.xx&_nc_gid=AoBFJeGrT1hVaew_6rchkQ&oh=00_AfX7QmFGhQhG2jAllVgXCiM1ZrWgvtp80-Bfppyexh1QEg&oe=689E923C"},"aioseo_meta_data":{"post_id":"9156","title":null,"description":null,"keywords":null,"keyphrases":null,"primary_term":null,"canonical_url":null,"og_title":null,"og_description":null,"og_object_type":"default","og_image_type":"default","og_image_url":null,"og_image_width":null,"og_image_height":null,"og_image_custom_url":null,"og_image_custom_fields":null,"og_video":null,"og_custom_url":null,"og_article_section":null,"og_article_tags":null,"twitter_use_og":false,"twitter_card":"default","twitter_image_type":"default","twitter_image_url":null,"twitter_image_custom_url":null,"twitter_image_custom_fields":null,"twitter_title":null,"twitter_description":null,"schema":{"blockGraphs":[],"customGraphs":[],"default":{"data":{"Article":[],"Course":[],"Dataset":[],"FAQPage":[],"Movie":[],"Person":[],"Product":[],"ProductReview":[],"Car":[],"Recipe":[],"Service":[],"SoftwareApplication":[],"WebPage":[]},"graphName":"","isEnabled":true},"graphs":[]},"schema_type":"default","schema_type_options":null,"pillar_content":false,"robots_default":true,"robots_noindex":false,"robots_noarchive":false,"robots_nosnippet":false,"robots_nofollow":false,"robots_noimageindex":false,"robots_noodp":false,"robots_notranslate":false,"robots_max_snippet":null,"robots_max_videopreview":null,"robots_max_imagepreview":"large","priority":null,"frequency":null,"local_seo":null,"breadcrumb_settings":null,"limit_modified_date":false,"ai":null,"created":"2025-08-16 15:01:30","updated":"2025-08-16 15:01:30","focus_keyword":null,"additional_keywords":null,"truseo_locale":null,"seo_analyzer_scan_date":null},"aioseo_breadcrumb":"<div class=\"aioseo-breadcrumbs\"><span class=\"aioseo-breadcrumb\">\n\t\t\t<a href=\"https:\/\/anoticiaonline.com.br\/site\" title=\"Home\">Home<\/a>\n\t\t<\/span><span class=\"aioseo-breadcrumb-separator\">&raquo;<\/span><span class=\"aioseo-breadcrumb\">\n\t\t\t<a href=\"https:\/\/anoticiaonline.com.br\/site\/categoria\/gerais\/\" title=\"Gerais\">Gerais<\/a>\n\t\t<\/span><span class=\"aioseo-breadcrumb-separator\">&raquo;<\/span><span class=\"aioseo-breadcrumb\">\n\t\t\tGoverno de Minas nomeia mil investigadores da Pol\u00edcia Civil\n\t\t<\/span><\/div>","aioseo_breadcrumb_json":[{"label":"Home","link":"https:\/\/anoticiaonline.com.br\/site"},{"label":"Gerais","link":"https:\/\/anoticiaonline.com.br\/site\/categoria\/gerais\/"},{"label":"Governo de Minas nomeia mil investigadores da Pol\u00edcia Civil","link":"https:\/\/anoticiaonline.com.br\/site\/governo-de-minas-nomeia-mil-investigadores-da-policia-civil\/"}],"views":128,"_links":{"self":[{"href":"https:\/\/anoticiaonline.com.br\/site\/wp-json\/wp\/v2\/posts\/9156","targetHints":{"allow":["GET"]}}],"collection":[{"href":"https:\/\/anoticiaonline.com.br\/site\/wp-json\/wp\/v2\/posts"}],"about":[{"href":"https:\/\/anoticiaonline.com.br\/site\/wp-json\/wp\/v2\/types\/post"}],"author":[{"embeddable":true,"href":"https:\/\/anoticiaonline.com.br\/site\/wp-json\/wp\/v2\/users\/2"}],"replies":[{"embeddable":true,"href":"https:\/\/anoticiaonline.com.br\/site\/wp-json\/wp\/v2\/comments?post=9156"}],"version-history":[{"count":0,"href":"https:\/\/anoticiaonline.com.br\/site\/wp-json\/wp\/v2\/posts\/9156\/revisions"}],"wp:featuredmedia":[{"embeddable":true,"href":"https:\/\/anoticiaonline.com.br\/site\/wp-json\/wp\/v2\/media\/9157"}],"wp:attachment":[{"href":"https:\/\/anoticiaonline.com.br\/site\/wp-json\/wp\/v2\/media?parent=9156"}],"wp:term":[{"taxonomy":"category","embeddable":true,"href":"https:\/\/anoticiaonline.com.br\/site\/wp-json\/wp\/v2\/categories?post=9156"},{"taxonomy":"post_tag","embeddable":true,"href":"https:\/\/anoticiaonline.com.br\/site\/wp-json\/wp\/v2\/tags?post=9156"}],"curies":[{"name":"wp","href":"https:\/\/api.w.org\/{rel}","templated":true}]}}