{"id":9148,"date":"2016-02-01T15:25:46","date_gmt":"2016-02-01T18:25:46","guid":{"rendered":"http:\/\/anoticiaonline.com.br\/site\/?p=9148"},"modified":"2016-02-01T15:28:15","modified_gmt":"2016-02-01T18:28:15","slug":"oficina-de-elaboracao-de-projetos-para-a-lei-alcyr-pires-vermelho-acontece-nesta-quarta-feira","status":"publish","type":"post","link":"https:\/\/anoticiaonline.com.br\/site\/oficina-de-elaboracao-de-projetos-para-a-lei-alcyr-pires-vermelho-acontece-nesta-quarta-feira\/","title":{"rendered":"Oficina para a Lei Alcyr Pires Vermelho acontece nesta quarta-feira"},"content":{"rendered":"<p><a href=\"https:\/\/anoticiaonline.com.br\/site\/wp-content\/uploads\/2016\/02\/Oficinas.jpg\"><img fetchpriority=\"high\" decoding=\"async\" class=\" size-medium wp-image-9149 alignleft\" src=\"https:\/\/anoticiaonline.com.br\/site\/wp-content\/uploads\/2016\/02\/Oficinas-228x300.jpg\" alt=\"Oficinas\" width=\"228\" height=\"300\" srcset=\"https:\/\/anoticiaonline.com.br\/site\/wp-content\/uploads\/2016\/02\/Oficinas-228x300.jpg 228w, https:\/\/anoticiaonline.com.br\/site\/wp-content\/uploads\/2016\/02\/Oficinas.jpg 487w\" sizes=\"(max-width: 228px) 100vw, 228px\" \/><\/a>A Oficina de Elabora\u00e7\u00e3o de Projetos para a Lei de Incentivo \u00e0 Cultura, ao Esporte e ao Turismo Alcyr Pires Vermelho ser\u00e1 realizada nesta quarta-feira (3) e no dia 17 deste m\u00eas, a partir das 14h, no Teatro Zaccaria Marques, na Fundarte. O objetivo \u00e9 apresentar e esclarecer aos proponentes, as principais regras de participa\u00e7\u00e3o no edital 2016 da Lei, assim como apresentar, de forma pr\u00e1tica, o preenchimento do formul\u00e1rio de apresenta\u00e7\u00e3o dos projetos.<\/p>\n<p>As oficinas, que s\u00e3o gratuitas, ser\u00e3o ministradas pelo secret\u00e1rio Executivo da Lei Alcyr Pires Vermelho, Rodrigo Tureta, e por Miriam, membro titular da Comiss\u00e3o Municipal de Incentivo \u00e0 Cultura, ao Esporte e ao Turismo (Comice).<\/p>\n<p><strong>EDITAL 2016 &#8211;<\/strong> O edital estar\u00e1 aberto at\u00e9 o dia 26 de fevereiro. Os projetos inscritos dever\u00e3o ter car\u00e1ter estritamente art\u00edstico-cultural, tur\u00edstico ou esportivo.<\/p>\n<p>O valor total dos recursos destinados aos projetos art\u00edsticos-culturais \u00e9 de R$165 mil, sendo que o limite m\u00e1ximo para cada projeto aprovado \u00e9 de at\u00e9 R$15 mil. J\u00e1 os recursos destinados para projetos esportivos e tur\u00edsticos ser\u00e3o de R$50 mil para cada, e o limite de cada projeto aprovado ser\u00e1 de R$10 mil.<\/p>\n<p>O projeto poder\u00e1 ser contemplado com 80% a 100% do valor pleiteado, ficando a crit\u00e9rio da Comice a aprova\u00e7\u00e3o dos recursos.<\/p>\n<p>Cada proponente (pessoa f\u00edsica ou jur\u00eddica) poder\u00e1 inscrever somente um projeto e, se contemplado, n\u00e3o poder\u00e1 participar como membro de equipe, assim como n\u00e3o poder\u00e1 fornecer or\u00e7amentos para outros projetos.<\/p>\n<p>Entre as principais modifica\u00e7\u00f5es do edital deste ano em rela\u00e7\u00e3o ao ano passado s\u00e3o: a redefini\u00e7\u00e3o e esclarecimento dos crit\u00e9rios de julgamento dos projetos propostos; a redu\u00e7\u00e3o da comprova\u00e7\u00e3o do tempo de resid\u00eancia dos proponentes dos projetos, de tr\u00eas para um ano; a redu\u00e7\u00e3o da exig\u00eancia de apresenta\u00e7\u00e3o de or\u00e7amentos para cada despesa, de tr\u00eas para dois or\u00e7amentos; e a obrigatoriedade para os proponentes dos projetos culturais de apresentarem comprovante no Sistema Nacional de Informa\u00e7\u00f5es e Indicadores Culturais (SNIIC).<\/p>\n<p>Conforme previs\u00e3o em edital, a Comice, ou qualquer um de seus integrantes, n\u00e3o prestar\u00e1 esclarecimentos por telefone, email ou pessoalmente aos proponentes dos projetos, t\u00e3o pouco far\u00e1 pr\u00e9via avalia\u00e7\u00e3o de documenta\u00e7\u00e3o e conte\u00fado de projeto a ser inscrito no edital, portanto, caso seja necess\u00e1rio, os proponentes dever\u00e3o protocolar suas d\u00favidas, as quais ser\u00e3o endere\u00e7adas \u00e0 Comice, na Secretaria Executiva da Lei Alcyr Pires Vermelho at\u00e9 o dia 5 de fevereiro, para resposta em at\u00e9 sete dias \u00fateis. A Secretaria Executiva est\u00e1 localizada na Fundarte, situada na Avenida Constantino Pinto, 400, Centro.<\/p>\n<p>O formul\u00e1rio de inscri\u00e7\u00e3o dos projetos e o edital podem ser obtidos nos sites da Fundarte (www.fundartemuriae.com.br) e da Prefeitura de Muria\u00e9 (www.muriae.mg.gov.br).<\/p>\n<p>As inscri\u00e7\u00f5es dever\u00e3o ser enviadas pelos Correios acompanhadas do AR, o qual servir\u00e1 como comprovante de inscri\u00e7\u00e3o do projeto, para Fundarte, Secretaria Municipal de Turismo ou Secretaria Municipal de Esporte, Lazer e Juventude, de acordo com a \u00e1rea de atua\u00e7\u00e3o.<\/p>\n","protected":false},"excerpt":{"rendered":"<p>A Oficina de Elabora\u00e7\u00e3o de Projetos para a Lei de Incentivo \u00e0 Cultura, ao Esporte e ao Turismo Alcyr Pires Vermelho ser\u00e1 realizada nesta quarta-feira (3) e no dia 17 deste m\u00eas, a partir das 14h, no Teatro Zaccaria Marques, na Fundarte. O objetivo \u00e9 apresentar e esclarecer aos proponentes, as principais regras de participa\u00e7\u00e3o &#8230; <a title=\"Oficina para a Lei Alcyr Pires Vermelho acontece nesta quarta-feira\" class=\"read-more\" href=\"https:\/\/anoticiaonline.com.br\/site\/oficina-de-elaboracao-de-projetos-para-a-lei-alcyr-pires-vermelho-acontece-nesta-quarta-feira\/\" aria-label=\"Read more about Oficina para a Lei Alcyr Pires Vermelho acontece nesta quarta-feira\">Ler mais<\/a><\/p>\n","protected":false},"author":2,"featured_media":9149,"comment_status":"open","ping_status":"open","sticky":false,"template":"","format":"standard","meta":{"_acf_changed":false,"_monsterinsights_skip_tracking":false,"footnotes":""},"categories":[30],"tags":[3],"class_list":["post-9148","post","type-post","status-publish","format-standard","has-post-thumbnail","hentry","category-muriae","tag-slide"],"acf":[],"aioseo_notices":[],"aioseo_head":"\n\t\t<!-- All in One SEO 5.0.0.1 - aioseo.com -->\n\t<meta name=\"description\" content=\"A Oficina de Elabora\u00e7\u00e3o de Projetos para a Lei de Incentivo \u00e0 Cultura, ao Esporte e ao Turismo Alcyr Pires Vermelho ser\u00e1 realizada nesta quarta-feira (3) e no dia 17 deste m\u00eas, a partir das 14h, no Teatro Zaccaria Marques, na Fundarte. O objetivo \u00e9 apresentar e esclarecer aos proponentes, as principais regras de participa\u00e7\u00e3o\" \/>\n\t<meta name=\"robots\" content=\"max-image-preview:large\" \/>\n\t<meta name=\"author\" content=\"Juliana Laviola\"\/>\n\t<link rel=\"canonical\" href=\"https:\/\/anoticiaonline.com.br\/site\/oficina-de-elaboracao-de-projetos-para-a-lei-alcyr-pires-vermelho-acontece-nesta-quarta-feira\/\" \/>\n\t<meta name=\"generator\" content=\"All in One SEO (AIOSEO) 5.0.0.1\" \/>\n\t\t<meta property=\"og:locale\" content=\"pt_BR\" \/>\n\t\t<meta property=\"og:site_name\" content=\"A Not\u00edcia Online - Noticias de Muria\u00e9 e regi\u00e3o\" \/>\n\t\t<meta property=\"og:type\" content=\"article\" \/>\n\t\t<meta property=\"og:title\" content=\"Oficina para a Lei Alcyr Pires Vermelho acontece nesta quarta-feira - A Not\u00edcia Online\" \/>\n\t\t<meta property=\"og:description\" content=\"A Oficina de Elabora\u00e7\u00e3o de Projetos para a Lei de Incentivo \u00e0 Cultura, ao Esporte e ao Turismo Alcyr Pires Vermelho ser\u00e1 realizada nesta quarta-feira (3) e no dia 17 deste m\u00eas, a partir das 14h, no Teatro Zaccaria Marques, na Fundarte. O objetivo \u00e9 apresentar e esclarecer aos proponentes, as principais regras de participa\u00e7\u00e3o\" \/>\n\t\t<meta property=\"og:url\" content=\"https:\/\/anoticiaonline.com.br\/site\/oficina-de-elaboracao-de-projetos-para-a-lei-alcyr-pires-vermelho-acontece-nesta-quarta-feira\/\" \/>\n\t\t<meta property=\"og:image\" content=\"https:\/\/scontent-gig4-1.xx.fbcdn.net\/v\/t39.30808-1\/270437624_4564083193639691_6907940295614233970_n.jpg?stp=dst-jpg_s200x200_tt6&#038;_nc_cat=111&#038;ccb=1-7&#038;_nc_sid=f907e8&#038;_nc_ohc=SM1wRlP3lJwQ7kNvwEPuBYA&#038;_nc_oc=AdnqrjDN_BNjSSHWO-GbkIWH6fkGMLw4bqvL_NH6e2wMveX7G-rP2dAqsDSq1mJMOaY&#038;_nc_zt=24&#038;_nc_ht=scontent-gig4-1.xx&#038;_nc_gid=AoBFJeGrT1hVaew_6rchkQ&#038;oh=00_AfX7QmFGhQhG2jAllVgXCiM1ZrWgvtp80-Bfppyexh1QEg&#038;oe=689E923C\" \/>\n\t\t<meta property=\"og:image:secure_url\" content=\"https:\/\/scontent-gig4-1.xx.fbcdn.net\/v\/t39.30808-1\/270437624_4564083193639691_6907940295614233970_n.jpg?stp=dst-jpg_s200x200_tt6&#038;_nc_cat=111&#038;ccb=1-7&#038;_nc_sid=f907e8&#038;_nc_ohc=SM1wRlP3lJwQ7kNvwEPuBYA&#038;_nc_oc=AdnqrjDN_BNjSSHWO-GbkIWH6fkGMLw4bqvL_NH6e2wMveX7G-rP2dAqsDSq1mJMOaY&#038;_nc_zt=24&#038;_nc_ht=scontent-gig4-1.xx&#038;_nc_gid=AoBFJeGrT1hVaew_6rchkQ&#038;oh=00_AfX7QmFGhQhG2jAllVgXCiM1ZrWgvtp80-Bfppyexh1QEg&#038;oe=689E923C\" \/>\n\t\t<meta property=\"article:published_time\" content=\"2016-02-01T18:25:46+00:00\" \/>\n\t\t<meta property=\"article:modified_time\" content=\"2016-02-01T18:28:15+00:00\" \/>\n\t\t<meta name=\"twitter:card\" content=\"summary_large_image\" \/>\n\t\t<meta name=\"twitter:title\" content=\"Oficina para a Lei Alcyr Pires Vermelho acontece nesta quarta-feira - A Not\u00edcia Online\" \/>\n\t\t<meta name=\"twitter:description\" content=\"A Oficina de Elabora\u00e7\u00e3o de Projetos para a Lei de Incentivo \u00e0 Cultura, ao Esporte e ao Turismo Alcyr Pires Vermelho ser\u00e1 realizada nesta quarta-feira (3) e no dia 17 deste m\u00eas, a partir das 14h, no Teatro Zaccaria Marques, na Fundarte. O objetivo \u00e9 apresentar e esclarecer aos proponentes, as principais regras de participa\u00e7\u00e3o\" \/>\n\t\t<meta name=\"twitter:image\" content=\"https:\/\/scontent-gig4-1.xx.fbcdn.net\/v\/t39.30808-1\/270437624_4564083193639691_6907940295614233970_n.jpg?stp=dst-jpg_s200x200_tt6&amp;_nc_cat=111&amp;ccb=1-7&amp;_nc_sid=f907e8&amp;_nc_ohc=SM1wRlP3lJwQ7kNvwEPuBYA&amp;_nc_oc=AdnqrjDN_BNjSSHWO-GbkIWH6fkGMLw4bqvL_NH6e2wMveX7G-rP2dAqsDSq1mJMOaY&amp;_nc_zt=24&amp;_nc_ht=scontent-gig4-1.xx&amp;_nc_gid=AoBFJeGrT1hVaew_6rchkQ&amp;oh=00_AfX7QmFGhQhG2jAllVgXCiM1ZrWgvtp80-Bfppyexh1QEg&amp;oe=689E923C\" \/>\n\t\t<script type=\"application\/ld+json\" class=\"aioseo-schema\">\n\t\t\t{\"@context\":\"https:\\\/\\\/schema.org\",\"@graph\":[{\"@type\":\"BlogPosting\",\"@id\":\"https:\\\/\\\/anoticiaonline.com.br\\\/site\\\/oficina-de-elaboracao-de-projetos-para-a-lei-alcyr-pires-vermelho-acontece-nesta-quarta-feira\\\/#blogposting\",\"name\":\"Oficina para a Lei Alcyr Pires Vermelho acontece nesta quarta-feira - A Not\\u00edcia Online\",\"headline\":\"Oficina para a Lei Alcyr Pires Vermelho acontece nesta quarta-feira\",\"author\":{\"@id\":\"https:\\\/\\\/anoticiaonline.com.br\\\/site\\\/author\\\/juliana\\\/#author\"},\"publisher\":{\"@id\":\"https:\\\/\\\/anoticiaonline.com.br\\\/site\\\/#organization\"},\"image\":{\"@type\":\"ImageObject\",\"url\":\"https:\\\/\\\/anoticiaonline.com.br\\\/site\\\/wp-content\\\/uploads\\\/2016\\\/02\\\/Oficinas.jpg\",\"width\":487,\"height\":640},\"datePublished\":\"2016-02-01T15:25:46-03:00\",\"dateModified\":\"2016-02-01T15:28:15-03:00\",\"inLanguage\":\"pt-BR\",\"mainEntityOfPage\":{\"@id\":\"https:\\\/\\\/anoticiaonline.com.br\\\/site\\\/oficina-de-elaboracao-de-projetos-para-a-lei-alcyr-pires-vermelho-acontece-nesta-quarta-feira\\\/#webpage\"},\"isPartOf\":{\"@id\":\"https:\\\/\\\/anoticiaonline.com.br\\\/site\\\/oficina-de-elaboracao-de-projetos-para-a-lei-alcyr-pires-vermelho-acontece-nesta-quarta-feira\\\/#webpage\"},\"articleSection\":\"Blog, slide\"},{\"@type\":\"BreadcrumbList\",\"@id\":\"https:\\\/\\\/anoticiaonline.com.br\\\/site\\\/oficina-de-elaboracao-de-projetos-para-a-lei-alcyr-pires-vermelho-acontece-nesta-quarta-feira\\\/#breadcrumblist\",\"itemListElement\":[{\"@type\":\"ListItem\",\"@id\":\"https:\\\/\\\/anoticiaonline.com.br\\\/site#listItem\",\"position\":1,\"name\":\"Home\",\"item\":\"https:\\\/\\\/anoticiaonline.com.br\\\/site\",\"nextItem\":{\"@type\":\"ListItem\",\"@id\":\"https:\\\/\\\/anoticiaonline.com.br\\\/site\\\/categoria\\\/muriae\\\/#listItem\",\"name\":\"Blog\"}},{\"@type\":\"ListItem\",\"@id\":\"https:\\\/\\\/anoticiaonline.com.br\\\/site\\\/categoria\\\/muriae\\\/#listItem\",\"position\":2,\"name\":\"Blog\",\"item\":\"https:\\\/\\\/anoticiaonline.com.br\\\/site\\\/categoria\\\/muriae\\\/\",\"nextItem\":{\"@type\":\"ListItem\",\"@id\":\"https:\\\/\\\/anoticiaonline.com.br\\\/site\\\/oficina-de-elaboracao-de-projetos-para-a-lei-alcyr-pires-vermelho-acontece-nesta-quarta-feira\\\/#listItem\",\"name\":\"Oficina para a Lei Alcyr Pires Vermelho acontece nesta quarta-feira\"},\"previousItem\":{\"@type\":\"ListItem\",\"@id\":\"https:\\\/\\\/anoticiaonline.com.br\\\/site#listItem\",\"name\":\"Home\"}},{\"@type\":\"ListItem\",\"@id\":\"https:\\\/\\\/anoticiaonline.com.br\\\/site\\\/oficina-de-elaboracao-de-projetos-para-a-lei-alcyr-pires-vermelho-acontece-nesta-quarta-feira\\\/#listItem\",\"position\":3,\"name\":\"Oficina para a Lei Alcyr Pires Vermelho acontece nesta quarta-feira\",\"previousItem\":{\"@type\":\"ListItem\",\"@id\":\"https:\\\/\\\/anoticiaonline.com.br\\\/site\\\/categoria\\\/muriae\\\/#listItem\",\"name\":\"Blog\"}}]},{\"@type\":\"Organization\",\"@id\":\"https:\\\/\\\/anoticiaonline.com.br\\\/site\\\/#organization\",\"name\":\"A Not\\u00edcia Online\",\"description\":\"Noticias de Muria\\u00e9 e regi\\u00e3o\",\"url\":\"https:\\\/\\\/anoticiaonline.com.br\\\/site\\\/\",\"logo\":{\"@type\":\"ImageObject\",\"url\":\"https:\\\/\\\/scontent-gig4-1.xx.fbcdn.net\\\/v\\\/t39.30808-1\\\/270437624_4564083193639691_6907940295614233970_n.jpg?stp=dst-jpg_s200x200_tt6&_nc_cat=111&ccb=1-7&_nc_sid=f907e8&_nc_ohc=SM1wRlP3lJwQ7kNvwEPuBYA&_nc_oc=AdnqrjDN_BNjSSHWO-GbkIWH6fkGMLw4bqvL_NH6e2wMveX7G-rP2dAqsDSq1mJMOaY&_nc_zt=24&_nc_ht=scontent-gig4-1.xx&_nc_gid=AoBFJeGrT1hVaew_6rchkQ&oh=00_AfX7QmFGhQhG2jAllVgXCiM1ZrWgvtp80-Bfppyexh1QEg&oe=689E923C\",\"@id\":\"https:\\\/\\\/anoticiaonline.com.br\\\/site\\\/oficina-de-elaboracao-de-projetos-para-a-lei-alcyr-pires-vermelho-acontece-nesta-quarta-feira\\\/#organizationLogo\"},\"image\":{\"@id\":\"https:\\\/\\\/anoticiaonline.com.br\\\/site\\\/oficina-de-elaboracao-de-projetos-para-a-lei-alcyr-pires-vermelho-acontece-nesta-quarta-feira\\\/#organizationLogo\"}},{\"@type\":\"Person\",\"@id\":\"https:\\\/\\\/anoticiaonline.com.br\\\/site\\\/author\\\/juliana\\\/#author\",\"url\":\"https:\\\/\\\/anoticiaonline.com.br\\\/site\\\/author\\\/juliana\\\/\",\"name\":\"Juliana Laviola\",\"image\":{\"@type\":\"ImageObject\",\"@id\":\"https:\\\/\\\/anoticiaonline.com.br\\\/site\\\/oficina-de-elaboracao-de-projetos-para-a-lei-alcyr-pires-vermelho-acontece-nesta-quarta-feira\\\/#authorImage\",\"url\":\"https:\\\/\\\/secure.gravatar.com\\\/avatar\\\/b8d45f5c699b100dfaf0e543582f38f38bf94cb7ae3a5e9abf8d891a34773335?s=96&d=mm&r=g\",\"width\":96,\"height\":96,\"caption\":\"Juliana Laviola\"}},{\"@type\":\"WebPage\",\"@id\":\"https:\\\/\\\/anoticiaonline.com.br\\\/site\\\/oficina-de-elaboracao-de-projetos-para-a-lei-alcyr-pires-vermelho-acontece-nesta-quarta-feira\\\/#webpage\",\"url\":\"https:\\\/\\\/anoticiaonline.com.br\\\/site\\\/oficina-de-elaboracao-de-projetos-para-a-lei-alcyr-pires-vermelho-acontece-nesta-quarta-feira\\\/\",\"name\":\"Oficina para a Lei Alcyr Pires Vermelho acontece nesta quarta-feira - A Not\\u00edcia Online\",\"description\":\"A Oficina de Elabora\\u00e7\\u00e3o de Projetos para a Lei de Incentivo \\u00e0 Cultura, ao Esporte e ao Turismo Alcyr Pires Vermelho ser\\u00e1 realizada nesta quarta-feira (3) e no dia 17 deste m\\u00eas, a partir das 14h, no Teatro Zaccaria Marques, na Fundarte. O objetivo \\u00e9 apresentar e esclarecer aos proponentes, as principais regras de participa\\u00e7\\u00e3o\",\"inLanguage\":\"pt-BR\",\"isPartOf\":{\"@id\":\"https:\\\/\\\/anoticiaonline.com.br\\\/site\\\/#website\"},\"breadcrumb\":{\"@id\":\"https:\\\/\\\/anoticiaonline.com.br\\\/site\\\/oficina-de-elaboracao-de-projetos-para-a-lei-alcyr-pires-vermelho-acontece-nesta-quarta-feira\\\/#breadcrumblist\"},\"author\":{\"@id\":\"https:\\\/\\\/anoticiaonline.com.br\\\/site\\\/author\\\/juliana\\\/#author\"},\"creator\":{\"@id\":\"https:\\\/\\\/anoticiaonline.com.br\\\/site\\\/author\\\/juliana\\\/#author\"},\"image\":{\"@type\":\"ImageObject\",\"url\":\"https:\\\/\\\/anoticiaonline.com.br\\\/site\\\/wp-content\\\/uploads\\\/2016\\\/02\\\/Oficinas.jpg\",\"@id\":\"https:\\\/\\\/anoticiaonline.com.br\\\/site\\\/oficina-de-elaboracao-de-projetos-para-a-lei-alcyr-pires-vermelho-acontece-nesta-quarta-feira\\\/#mainImage\",\"width\":487,\"height\":640},\"primaryImageOfPage\":{\"@id\":\"https:\\\/\\\/anoticiaonline.com.br\\\/site\\\/oficina-de-elaboracao-de-projetos-para-a-lei-alcyr-pires-vermelho-acontece-nesta-quarta-feira\\\/#mainImage\"},\"datePublished\":\"2016-02-01T15:25:46-03:00\",\"dateModified\":\"2016-02-01T15:28:15-03:00\"},{\"@type\":\"WebSite\",\"@id\":\"https:\\\/\\\/anoticiaonline.com.br\\\/site\\\/#website\",\"url\":\"https:\\\/\\\/anoticiaonline.com.br\\\/site\\\/\",\"name\":\"A Not\\u00edcia Online\",\"description\":\"Noticias de Muria\\u00e9 e regi\\u00e3o\",\"inLanguage\":\"pt-BR\",\"publisher\":{\"@id\":\"https:\\\/\\\/anoticiaonline.com.br\\\/site\\\/#organization\"}}]}\n\t\t<\/script>\n\t\t<!-- All in One SEO -->\n\n","aioseo_head_json":{"title":"Oficina para a Lei Alcyr Pires Vermelho acontece nesta quarta-feira - A Not\u00edcia Online","description":"A Oficina de Elabora\u00e7\u00e3o de Projetos para a Lei de Incentivo \u00e0 Cultura, ao Esporte e ao Turismo Alcyr Pires Vermelho ser\u00e1 realizada nesta quarta-feira (3) e no dia 17 deste m\u00eas, a partir das 14h, no Teatro Zaccaria Marques, na Fundarte. O objetivo \u00e9 apresentar e esclarecer aos proponentes, as principais regras de participa\u00e7\u00e3o","canonical_url":"https:\/\/anoticiaonline.com.br\/site\/oficina-de-elaboracao-de-projetos-para-a-lei-alcyr-pires-vermelho-acontece-nesta-quarta-feira\/","robots":"max-image-preview:large","keywords":"","webmasterTools":{"miscellaneous":""},"schema":{"@context":"https:\/\/schema.org","@graph":[{"@type":"BlogPosting","@id":"https:\/\/anoticiaonline.com.br\/site\/oficina-de-elaboracao-de-projetos-para-a-lei-alcyr-pires-vermelho-acontece-nesta-quarta-feira\/#blogposting","name":"Oficina para a Lei Alcyr Pires Vermelho acontece nesta quarta-feira - A Not\u00edcia Online","headline":"Oficina para a Lei Alcyr Pires Vermelho acontece nesta quarta-feira","author":{"@id":"https:\/\/anoticiaonline.com.br\/site\/author\/juliana\/#author"},"publisher":{"@id":"https:\/\/anoticiaonline.com.br\/site\/#organization"},"image":{"@type":"ImageObject","url":"https:\/\/anoticiaonline.com.br\/site\/wp-content\/uploads\/2016\/02\/Oficinas.jpg","width":487,"height":640},"datePublished":"2016-02-01T15:25:46-03:00","dateModified":"2016-02-01T15:28:15-03:00","inLanguage":"pt-BR","mainEntityOfPage":{"@id":"https:\/\/anoticiaonline.com.br\/site\/oficina-de-elaboracao-de-projetos-para-a-lei-alcyr-pires-vermelho-acontece-nesta-quarta-feira\/#webpage"},"isPartOf":{"@id":"https:\/\/anoticiaonline.com.br\/site\/oficina-de-elaboracao-de-projetos-para-a-lei-alcyr-pires-vermelho-acontece-nesta-quarta-feira\/#webpage"},"articleSection":"Blog, slide"},{"@type":"BreadcrumbList","@id":"https:\/\/anoticiaonline.com.br\/site\/oficina-de-elaboracao-de-projetos-para-a-lei-alcyr-pires-vermelho-acontece-nesta-quarta-feira\/#breadcrumblist","itemListElement":[{"@type":"ListItem","@id":"https:\/\/anoticiaonline.com.br\/site#listItem","position":1,"name":"Home","item":"https:\/\/anoticiaonline.com.br\/site","nextItem":{"@type":"ListItem","@id":"https:\/\/anoticiaonline.com.br\/site\/categoria\/muriae\/#listItem","name":"Blog"}},{"@type":"ListItem","@id":"https:\/\/anoticiaonline.com.br\/site\/categoria\/muriae\/#listItem","position":2,"name":"Blog","item":"https:\/\/anoticiaonline.com.br\/site\/categoria\/muriae\/","nextItem":{"@type":"ListItem","@id":"https:\/\/anoticiaonline.com.br\/site\/oficina-de-elaboracao-de-projetos-para-a-lei-alcyr-pires-vermelho-acontece-nesta-quarta-feira\/#listItem","name":"Oficina para a Lei Alcyr Pires Vermelho acontece nesta quarta-feira"},"previousItem":{"@type":"ListItem","@id":"https:\/\/anoticiaonline.com.br\/site#listItem","name":"Home"}},{"@type":"ListItem","@id":"https:\/\/anoticiaonline.com.br\/site\/oficina-de-elaboracao-de-projetos-para-a-lei-alcyr-pires-vermelho-acontece-nesta-quarta-feira\/#listItem","position":3,"name":"Oficina para a Lei Alcyr Pires Vermelho acontece nesta quarta-feira","previousItem":{"@type":"ListItem","@id":"https:\/\/anoticiaonline.com.br\/site\/categoria\/muriae\/#listItem","name":"Blog"}}]},{"@type":"Organization","@id":"https:\/\/anoticiaonline.com.br\/site\/#organization","name":"A Not\u00edcia Online","description":"Noticias de Muria\u00e9 e regi\u00e3o","url":"https:\/\/anoticiaonline.com.br\/site\/","logo":{"@type":"ImageObject","url":"https:\/\/scontent-gig4-1.xx.fbcdn.net\/v\/t39.30808-1\/270437624_4564083193639691_6907940295614233970_n.jpg?stp=dst-jpg_s200x200_tt6&_nc_cat=111&ccb=1-7&_nc_sid=f907e8&_nc_ohc=SM1wRlP3lJwQ7kNvwEPuBYA&_nc_oc=AdnqrjDN_BNjSSHWO-GbkIWH6fkGMLw4bqvL_NH6e2wMveX7G-rP2dAqsDSq1mJMOaY&_nc_zt=24&_nc_ht=scontent-gig4-1.xx&_nc_gid=AoBFJeGrT1hVaew_6rchkQ&oh=00_AfX7QmFGhQhG2jAllVgXCiM1ZrWgvtp80-Bfppyexh1QEg&oe=689E923C","@id":"https:\/\/anoticiaonline.com.br\/site\/oficina-de-elaboracao-de-projetos-para-a-lei-alcyr-pires-vermelho-acontece-nesta-quarta-feira\/#organizationLogo"},"image":{"@id":"https:\/\/anoticiaonline.com.br\/site\/oficina-de-elaboracao-de-projetos-para-a-lei-alcyr-pires-vermelho-acontece-nesta-quarta-feira\/#organizationLogo"}},{"@type":"Person","@id":"https:\/\/anoticiaonline.com.br\/site\/author\/juliana\/#author","url":"https:\/\/anoticiaonline.com.br\/site\/author\/juliana\/","name":"Juliana Laviola","image":{"@type":"ImageObject","@id":"https:\/\/anoticiaonline.com.br\/site\/oficina-de-elaboracao-de-projetos-para-a-lei-alcyr-pires-vermelho-acontece-nesta-quarta-feira\/#authorImage","url":"https:\/\/secure.gravatar.com\/avatar\/b8d45f5c699b100dfaf0e543582f38f38bf94cb7ae3a5e9abf8d891a34773335?s=96&d=mm&r=g","width":96,"height":96,"caption":"Juliana Laviola"}},{"@type":"WebPage","@id":"https:\/\/anoticiaonline.com.br\/site\/oficina-de-elaboracao-de-projetos-para-a-lei-alcyr-pires-vermelho-acontece-nesta-quarta-feira\/#webpage","url":"https:\/\/anoticiaonline.com.br\/site\/oficina-de-elaboracao-de-projetos-para-a-lei-alcyr-pires-vermelho-acontece-nesta-quarta-feira\/","name":"Oficina para a Lei Alcyr Pires Vermelho acontece nesta quarta-feira - A Not\u00edcia Online","description":"A Oficina de Elabora\u00e7\u00e3o de Projetos para a Lei de Incentivo \u00e0 Cultura, ao Esporte e ao Turismo Alcyr Pires Vermelho ser\u00e1 realizada nesta quarta-feira (3) e no dia 17 deste m\u00eas, a partir das 14h, no Teatro Zaccaria Marques, na Fundarte. O objetivo \u00e9 apresentar e esclarecer aos proponentes, as principais regras de participa\u00e7\u00e3o","inLanguage":"pt-BR","isPartOf":{"@id":"https:\/\/anoticiaonline.com.br\/site\/#website"},"breadcrumb":{"@id":"https:\/\/anoticiaonline.com.br\/site\/oficina-de-elaboracao-de-projetos-para-a-lei-alcyr-pires-vermelho-acontece-nesta-quarta-feira\/#breadcrumblist"},"author":{"@id":"https:\/\/anoticiaonline.com.br\/site\/author\/juliana\/#author"},"creator":{"@id":"https:\/\/anoticiaonline.com.br\/site\/author\/juliana\/#author"},"image":{"@type":"ImageObject","url":"https:\/\/anoticiaonline.com.br\/site\/wp-content\/uploads\/2016\/02\/Oficinas.jpg","@id":"https:\/\/anoticiaonline.com.br\/site\/oficina-de-elaboracao-de-projetos-para-a-lei-alcyr-pires-vermelho-acontece-nesta-quarta-feira\/#mainImage","width":487,"height":640},"primaryImageOfPage":{"@id":"https:\/\/anoticiaonline.com.br\/site\/oficina-de-elaboracao-de-projetos-para-a-lei-alcyr-pires-vermelho-acontece-nesta-quarta-feira\/#mainImage"},"datePublished":"2016-02-01T15:25:46-03:00","dateModified":"2016-02-01T15:28:15-03:00"},{"@type":"WebSite","@id":"https:\/\/anoticiaonline.com.br\/site\/#website","url":"https:\/\/anoticiaonline.com.br\/site\/","name":"A Not\u00edcia Online","description":"Noticias de Muria\u00e9 e regi\u00e3o","inLanguage":"pt-BR","publisher":{"@id":"https:\/\/anoticiaonline.com.br\/site\/#organization"}}]},"og:locale":"pt_BR","og:site_name":"A Not\u00edcia Online - Noticias de Muria\u00e9 e regi\u00e3o","og:type":"article","og:title":"Oficina para a Lei Alcyr Pires Vermelho acontece nesta quarta-feira - A Not\u00edcia Online","og:description":"A Oficina de Elabora\u00e7\u00e3o de Projetos para a Lei de Incentivo \u00e0 Cultura, ao Esporte e ao Turismo Alcyr Pires Vermelho ser\u00e1 realizada nesta quarta-feira (3) e no dia 17 deste m\u00eas, a partir das 14h, no Teatro Zaccaria Marques, na Fundarte. O objetivo \u00e9 apresentar e esclarecer aos proponentes, as principais regras de participa\u00e7\u00e3o","og:url":"https:\/\/anoticiaonline.com.br\/site\/oficina-de-elaboracao-de-projetos-para-a-lei-alcyr-pires-vermelho-acontece-nesta-quarta-feira\/","og:image":"https:\/\/scontent-gig4-1.xx.fbcdn.net\/v\/t39.30808-1\/270437624_4564083193639691_6907940295614233970_n.jpg?stp=dst-jpg_s200x200_tt6&#038;_nc_cat=111&#038;ccb=1-7&#038;_nc_sid=f907e8&#038;_nc_ohc=SM1wRlP3lJwQ7kNvwEPuBYA&#038;_nc_oc=AdnqrjDN_BNjSSHWO-GbkIWH6fkGMLw4bqvL_NH6e2wMveX7G-rP2dAqsDSq1mJMOaY&#038;_nc_zt=24&#038;_nc_ht=scontent-gig4-1.xx&#038;_nc_gid=AoBFJeGrT1hVaew_6rchkQ&#038;oh=00_AfX7QmFGhQhG2jAllVgXCiM1ZrWgvtp80-Bfppyexh1QEg&#038;oe=689E923C","og:image:secure_url":"https:\/\/scontent-gig4-1.xx.fbcdn.net\/v\/t39.30808-1\/270437624_4564083193639691_6907940295614233970_n.jpg?stp=dst-jpg_s200x200_tt6&#038;_nc_cat=111&#038;ccb=1-7&#038;_nc_sid=f907e8&#038;_nc_ohc=SM1wRlP3lJwQ7kNvwEPuBYA&#038;_nc_oc=AdnqrjDN_BNjSSHWO-GbkIWH6fkGMLw4bqvL_NH6e2wMveX7G-rP2dAqsDSq1mJMOaY&#038;_nc_zt=24&#038;_nc_ht=scontent-gig4-1.xx&#038;_nc_gid=AoBFJeGrT1hVaew_6rchkQ&#038;oh=00_AfX7QmFGhQhG2jAllVgXCiM1ZrWgvtp80-Bfppyexh1QEg&#038;oe=689E923C","article:published_time":"2016-02-01T18:25:46+00:00","article:modified_time":"2016-02-01T18:28:15+00:00","twitter:card":"summary_large_image","twitter:title":"Oficina para a Lei Alcyr Pires Vermelho acontece nesta quarta-feira - A Not\u00edcia Online","twitter:description":"A Oficina de Elabora\u00e7\u00e3o de Projetos para a Lei de Incentivo \u00e0 Cultura, ao Esporte e ao Turismo Alcyr Pires Vermelho ser\u00e1 realizada nesta quarta-feira (3) e no dia 17 deste m\u00eas, a partir das 14h, no Teatro Zaccaria Marques, na Fundarte. O objetivo \u00e9 apresentar e esclarecer aos proponentes, as principais regras de participa\u00e7\u00e3o","twitter:image":"https:\/\/scontent-gig4-1.xx.fbcdn.net\/v\/t39.30808-1\/270437624_4564083193639691_6907940295614233970_n.jpg?stp=dst-jpg_s200x200_tt6&_nc_cat=111&ccb=1-7&_nc_sid=f907e8&_nc_ohc=SM1wRlP3lJwQ7kNvwEPuBYA&_nc_oc=AdnqrjDN_BNjSSHWO-GbkIWH6fkGMLw4bqvL_NH6e2wMveX7G-rP2dAqsDSq1mJMOaY&_nc_zt=24&_nc_ht=scontent-gig4-1.xx&_nc_gid=AoBFJeGrT1hVaew_6rchkQ&oh=00_AfX7QmFGhQhG2jAllVgXCiM1ZrWgvtp80-Bfppyexh1QEg&oe=689E923C"},"aioseo_meta_data":{"post_id":"9148","title":null,"description":null,"keywords":null,"keyphrases":null,"primary_term":null,"canonical_url":null,"og_title":null,"og_description":null,"og_object_type":"default","og_image_type":"default","og_image_url":null,"og_image_width":null,"og_image_height":null,"og_image_custom_url":null,"og_image_custom_fields":null,"og_video":null,"og_custom_url":null,"og_article_section":null,"og_article_tags":null,"twitter_use_og":false,"twitter_card":"default","twitter_image_type":"default","twitter_image_url":null,"twitter_image_custom_url":null,"twitter_image_custom_fields":null,"twitter_title":null,"twitter_description":null,"schema":{"blockGraphs":[],"customGraphs":[],"default":{"data":{"Article":[],"Course":[],"Dataset":[],"FAQPage":[],"Movie":[],"Person":[],"Product":[],"ProductReview":[],"Car":[],"Recipe":[],"Service":[],"SoftwareApplication":[],"WebPage":[]},"graphName":"","isEnabled":true},"graphs":[]},"schema_type":"default","schema_type_options":null,"pillar_content":false,"robots_default":true,"robots_noindex":false,"robots_noarchive":false,"robots_nosnippet":false,"robots_nofollow":false,"robots_noimageindex":false,"robots_noodp":false,"robots_notranslate":false,"robots_max_snippet":null,"robots_max_videopreview":null,"robots_max_imagepreview":"large","priority":null,"frequency":null,"local_seo":null,"breadcrumb_settings":null,"limit_modified_date":false,"ai":null,"created":"2025-08-16 15:01:30","updated":"2025-08-16 15:01:30","focus_keyword":null,"additional_keywords":null,"truseo_locale":null,"seo_analyzer_scan_date":null},"aioseo_breadcrumb":"<div class=\"aioseo-breadcrumbs\"><span class=\"aioseo-breadcrumb\">\n\t\t\t<a href=\"https:\/\/anoticiaonline.com.br\/site\" title=\"Home\">Home<\/a>\n\t\t<\/span><span class=\"aioseo-breadcrumb-separator\">&raquo;<\/span><span class=\"aioseo-breadcrumb\">\n\t\t\t<a href=\"https:\/\/anoticiaonline.com.br\/site\/categoria\/muriae\/\" title=\"Blog\">Blog<\/a>\n\t\t<\/span><span class=\"aioseo-breadcrumb-separator\">&raquo;<\/span><span class=\"aioseo-breadcrumb\">\n\t\t\tOficina para a Lei Alcyr Pires Vermelho acontece nesta quarta-feira\n\t\t<\/span><\/div>","aioseo_breadcrumb_json":[{"label":"Home","link":"https:\/\/anoticiaonline.com.br\/site"},{"label":"Blog","link":"https:\/\/anoticiaonline.com.br\/site\/categoria\/muriae\/"},{"label":"Oficina para a Lei Alcyr Pires Vermelho acontece nesta quarta-feira","link":"https:\/\/anoticiaonline.com.br\/site\/oficina-de-elaboracao-de-projetos-para-a-lei-alcyr-pires-vermelho-acontece-nesta-quarta-feira\/"}],"views":138,"_links":{"self":[{"href":"https:\/\/anoticiaonline.com.br\/site\/wp-json\/wp\/v2\/posts\/9148","targetHints":{"allow":["GET"]}}],"collection":[{"href":"https:\/\/anoticiaonline.com.br\/site\/wp-json\/wp\/v2\/posts"}],"about":[{"href":"https:\/\/anoticiaonline.com.br\/site\/wp-json\/wp\/v2\/types\/post"}],"author":[{"embeddable":true,"href":"https:\/\/anoticiaonline.com.br\/site\/wp-json\/wp\/v2\/users\/2"}],"replies":[{"embeddable":true,"href":"https:\/\/anoticiaonline.com.br\/site\/wp-json\/wp\/v2\/comments?post=9148"}],"version-history":[{"count":0,"href":"https:\/\/anoticiaonline.com.br\/site\/wp-json\/wp\/v2\/posts\/9148\/revisions"}],"wp:featuredmedia":[{"embeddable":true,"href":"https:\/\/anoticiaonline.com.br\/site\/wp-json\/wp\/v2\/media\/9149"}],"wp:attachment":[{"href":"https:\/\/anoticiaonline.com.br\/site\/wp-json\/wp\/v2\/media?parent=9148"}],"wp:term":[{"taxonomy":"category","embeddable":true,"href":"https:\/\/anoticiaonline.com.br\/site\/wp-json\/wp\/v2\/categories?post=9148"},{"taxonomy":"post_tag","embeddable":true,"href":"https:\/\/anoticiaonline.com.br\/site\/wp-json\/wp\/v2\/tags?post=9148"}],"curies":[{"name":"wp","href":"https:\/\/api.w.org\/{rel}","templated":true}]}}