{"id":9143,"date":"2016-02-01T10:17:49","date_gmt":"2016-02-01T13:17:49","guid":{"rendered":"http:\/\/anoticiaonline.com.br\/site\/?p=9143"},"modified":"2016-02-03T14:43:28","modified_gmt":"2016-02-03T17:43:28","slug":"cdl-forma-primeira-turma-do-curso-escola-do-varejo","status":"publish","type":"post","link":"https:\/\/anoticiaonline.com.br\/site\/cdl-forma-primeira-turma-do-curso-escola-do-varejo\/","title":{"rendered":"CDL forma primeira turma do Curso Escola do Varejo"},"content":{"rendered":"<p><a href=\"https:\/\/anoticiaonline.com.br\/site\/wp-content\/uploads\/2016\/02\/DSCN5183.jpg\"><img fetchpriority=\"high\" decoding=\"async\" class=\" size-medium wp-image-9144 alignleft\" src=\"https:\/\/anoticiaonline.com.br\/site\/wp-content\/uploads\/2016\/02\/DSCN5183-300x225.jpg\" alt=\"DSCN5183\" width=\"300\" height=\"225\" srcset=\"https:\/\/anoticiaonline.com.br\/site\/wp-content\/uploads\/2016\/02\/DSCN5183-300x225.jpg 300w, https:\/\/anoticiaonline.com.br\/site\/wp-content\/uploads\/2016\/02\/DSCN5183.jpg 640w\" sizes=\"(max-width: 300px) 100vw, 300px\" \/><\/a>A C\u00e2mara de Dirigentes Lojistas (CDL) formou a primeira turma do Curso Escola do Varejo. O curso visa promover a capacita\u00e7\u00e3o permanente para os trabalhadores do com\u00e9rcio de Muria\u00e9, a fim de proporcionar mais qualifica\u00e7\u00e3o no trabalho realizado, levando benef\u00edcios para o empres\u00e1rio, resultados para os atendentes que, melhor preparados, aumentam suas chances de empregabilidade e, principalmente, para o consumidor, que passa a perceber uma melhora no atendimento e postura do atendente diante de suas necessidades.<\/p>\n<p>A solenidade de entrega dos certificados aos cerca de 40 alunos aconteceu na noite de sexta-feira (29), na sede da CDL, Centro. De acordo com o presidente Leandro Latini Veiga, o curso era um projeto que a CDL desenvolvia desde 2008 e que agora foi realizado. \u201cEspero que tenhamos feito a diferen\u00e7a com este curso, tanto na vida profissional dos participantes quanto no com\u00e9rcio em geral. Quanto mais complicado \u00e9 o momento, mais as pessoas precisam de qualifica\u00e7\u00e3o. Formar profissionais melhores, pessoas que realmente fa\u00e7am a diferen\u00e7a em suas empresas, \u00e9 o principal objetivo deste curso\u201d, afirma. \u201cTenho certeza de que o aproveitamento foi muito importante para o nosso com\u00e9rcio\u201d, considera o presidente da CDL.<\/p>\n<p><a href=\"https:\/\/anoticiaonline.com.br\/site\/wp-content\/uploads\/2016\/02\/DSCN5134.jpg\"><img decoding=\"async\" class=\" size-medium wp-image-9145 alignleft\" src=\"https:\/\/anoticiaonline.com.br\/site\/wp-content\/uploads\/2016\/02\/DSCN5134-300x225.jpg\" alt=\"DSCN5134\" width=\"300\" height=\"225\" srcset=\"https:\/\/anoticiaonline.com.br\/site\/wp-content\/uploads\/2016\/02\/DSCN5134-300x225.jpg 300w, https:\/\/anoticiaonline.com.br\/site\/wp-content\/uploads\/2016\/02\/DSCN5134.jpg 640w\" sizes=\"(max-width: 300px) 100vw, 300px\" \/><\/a>O curso teve dura\u00e7\u00e3o de seis meses e abordou temas como comportamento \u00e9tico e profissional, uso moderado das redes sociais durante o hor\u00e1rio de trabalho, atendimento ao cliente, negocia\u00e7\u00e3o e t\u00e9cnicas de vendas, marketing pessoal e relacionamento entre os colaboradores, clientes e o propriet\u00e1rio da empresa. Al\u00e9m dos m\u00f3dulos te\u00f3ricos, durante o curso tamb\u00e9m foi ministrada uma atividade pr\u00e1tica simulada.<\/p>\n<p>O conte\u00fado foi repassado pelos instrutores C\u00edcero Gomes Ribeiro e M\u00e1rcio Castro Gomes da Silva J\u00fanior. Segundo eles, o curso prepara as pessoas que trabalham no com\u00e9rcio para que elas consigam desempenhar a sua atividade de forma que satisfa\u00e7a o cliente, a empresa e os seus pr\u00f3prios objetivos profissionais. \u201cCreio que proibir, por exemplo, o uso de redes sociais, n\u00e3o seja o melhor caminho. Mas o uso inteligente de uma rede social \u00e9 fundamental. O atendimento ao cliente \u00e9 uma das grandes queixas no com\u00e9rcio de uma forma geral. As pessoas reclamam muito do atendimento deficiente\u201d, cita C\u00edcero. \u201cO objetivo foi preparar a pessoa de forma global para o mercado de trabalho, para que ela tenha sucesso em sua atividade\u201d, resume.<\/p>\n<p>O curso contou com a parceria da Prefeitura de Muria\u00e9, CONDESC e Gest\u00e3o &amp; Planejamento.<\/p>\n<p>&nbsp;<\/p>\n<p><em>*Mat\u00e9ria atualizada \u00e0s15h42min do dia 3 de fevereiro<\/em><\/p>\n","protected":false},"excerpt":{"rendered":"<p>A C\u00e2mara de Dirigentes Lojistas (CDL) formou a primeira turma do Curso Escola do Varejo. O curso visa promover a capacita\u00e7\u00e3o permanente para os trabalhadores do com\u00e9rcio de Muria\u00e9, a fim de proporcionar mais qualifica\u00e7\u00e3o no trabalho realizado, levando benef\u00edcios para o empres\u00e1rio, resultados para os atendentes que, melhor preparados, aumentam suas chances de empregabilidade &#8230; <a title=\"CDL forma primeira turma do Curso Escola do Varejo\" class=\"read-more\" href=\"https:\/\/anoticiaonline.com.br\/site\/cdl-forma-primeira-turma-do-curso-escola-do-varejo\/\" aria-label=\"Read more about CDL forma primeira turma do Curso Escola do Varejo\">Ler mais<\/a><\/p>\n","protected":false},"author":2,"featured_media":9144,"comment_status":"open","ping_status":"open","sticky":false,"template":"","format":"standard","meta":{"_acf_changed":false,"_monsterinsights_skip_tracking":false,"footnotes":""},"categories":[30],"tags":[3],"class_list":["post-9143","post","type-post","status-publish","format-standard","has-post-thumbnail","hentry","category-muriae","tag-slide"],"acf":[],"aioseo_notices":[],"aioseo_head":"\n\t\t<!-- All in One SEO 5.0.0.1 - aioseo.com -->\n\t<meta name=\"description\" content=\"A C\u00e2mara de Dirigentes Lojistas (CDL) formou a primeira turma do Curso Escola do Varejo. O curso visa promover a capacita\u00e7\u00e3o permanente para os trabalhadores do com\u00e9rcio de Muria\u00e9, a fim de proporcionar mais qualifica\u00e7\u00e3o no trabalho realizado, levando benef\u00edcios para o empres\u00e1rio, resultados para os atendentes que, melhor preparados, aumentam suas chances de empregabilidade\" \/>\n\t<meta name=\"robots\" content=\"max-image-preview:large\" \/>\n\t<meta name=\"author\" content=\"Juliana Laviola\"\/>\n\t<link rel=\"canonical\" href=\"https:\/\/anoticiaonline.com.br\/site\/cdl-forma-primeira-turma-do-curso-escola-do-varejo\/\" \/>\n\t<meta name=\"generator\" content=\"All in One SEO (AIOSEO) 5.0.0.1\" \/>\n\t\t<meta property=\"og:locale\" content=\"pt_BR\" \/>\n\t\t<meta property=\"og:site_name\" content=\"A Not\u00edcia Online - Noticias de Muria\u00e9 e regi\u00e3o\" \/>\n\t\t<meta property=\"og:type\" content=\"article\" \/>\n\t\t<meta property=\"og:title\" content=\"CDL forma primeira turma do Curso Escola do Varejo - A Not\u00edcia Online\" \/>\n\t\t<meta property=\"og:description\" content=\"A C\u00e2mara de Dirigentes Lojistas (CDL) formou a primeira turma do Curso Escola do Varejo. O curso visa promover a capacita\u00e7\u00e3o permanente para os trabalhadores do com\u00e9rcio de Muria\u00e9, a fim de proporcionar mais qualifica\u00e7\u00e3o no trabalho realizado, levando benef\u00edcios para o empres\u00e1rio, resultados para os atendentes que, melhor preparados, aumentam suas chances de empregabilidade\" \/>\n\t\t<meta property=\"og:url\" content=\"https:\/\/anoticiaonline.com.br\/site\/cdl-forma-primeira-turma-do-curso-escola-do-varejo\/\" \/>\n\t\t<meta property=\"og:image\" content=\"https:\/\/scontent-gig4-1.xx.fbcdn.net\/v\/t39.30808-1\/270437624_4564083193639691_6907940295614233970_n.jpg?stp=dst-jpg_s200x200_tt6&#038;_nc_cat=111&#038;ccb=1-7&#038;_nc_sid=f907e8&#038;_nc_ohc=SM1wRlP3lJwQ7kNvwEPuBYA&#038;_nc_oc=AdnqrjDN_BNjSSHWO-GbkIWH6fkGMLw4bqvL_NH6e2wMveX7G-rP2dAqsDSq1mJMOaY&#038;_nc_zt=24&#038;_nc_ht=scontent-gig4-1.xx&#038;_nc_gid=AoBFJeGrT1hVaew_6rchkQ&#038;oh=00_AfX7QmFGhQhG2jAllVgXCiM1ZrWgvtp80-Bfppyexh1QEg&#038;oe=689E923C\" \/>\n\t\t<meta property=\"og:image:secure_url\" content=\"https:\/\/scontent-gig4-1.xx.fbcdn.net\/v\/t39.30808-1\/270437624_4564083193639691_6907940295614233970_n.jpg?stp=dst-jpg_s200x200_tt6&#038;_nc_cat=111&#038;ccb=1-7&#038;_nc_sid=f907e8&#038;_nc_ohc=SM1wRlP3lJwQ7kNvwEPuBYA&#038;_nc_oc=AdnqrjDN_BNjSSHWO-GbkIWH6fkGMLw4bqvL_NH6e2wMveX7G-rP2dAqsDSq1mJMOaY&#038;_nc_zt=24&#038;_nc_ht=scontent-gig4-1.xx&#038;_nc_gid=AoBFJeGrT1hVaew_6rchkQ&#038;oh=00_AfX7QmFGhQhG2jAllVgXCiM1ZrWgvtp80-Bfppyexh1QEg&#038;oe=689E923C\" \/>\n\t\t<meta property=\"article:published_time\" content=\"2016-02-01T13:17:49+00:00\" \/>\n\t\t<meta property=\"article:modified_time\" content=\"2016-02-03T17:43:28+00:00\" \/>\n\t\t<meta name=\"twitter:card\" content=\"summary_large_image\" \/>\n\t\t<meta name=\"twitter:title\" content=\"CDL forma primeira turma do Curso Escola do Varejo - A Not\u00edcia Online\" \/>\n\t\t<meta name=\"twitter:description\" content=\"A C\u00e2mara de Dirigentes Lojistas (CDL) formou a primeira turma do Curso Escola do Varejo. O curso visa promover a capacita\u00e7\u00e3o permanente para os trabalhadores do com\u00e9rcio de Muria\u00e9, a fim de proporcionar mais qualifica\u00e7\u00e3o no trabalho realizado, levando benef\u00edcios para o empres\u00e1rio, resultados para os atendentes que, melhor preparados, aumentam suas chances de empregabilidade\" \/>\n\t\t<meta name=\"twitter:image\" content=\"https:\/\/scontent-gig4-1.xx.fbcdn.net\/v\/t39.30808-1\/270437624_4564083193639691_6907940295614233970_n.jpg?stp=dst-jpg_s200x200_tt6&amp;_nc_cat=111&amp;ccb=1-7&amp;_nc_sid=f907e8&amp;_nc_ohc=SM1wRlP3lJwQ7kNvwEPuBYA&amp;_nc_oc=AdnqrjDN_BNjSSHWO-GbkIWH6fkGMLw4bqvL_NH6e2wMveX7G-rP2dAqsDSq1mJMOaY&amp;_nc_zt=24&amp;_nc_ht=scontent-gig4-1.xx&amp;_nc_gid=AoBFJeGrT1hVaew_6rchkQ&amp;oh=00_AfX7QmFGhQhG2jAllVgXCiM1ZrWgvtp80-Bfppyexh1QEg&amp;oe=689E923C\" \/>\n\t\t<script type=\"application\/ld+json\" class=\"aioseo-schema\">\n\t\t\t{\"@context\":\"https:\\\/\\\/schema.org\",\"@graph\":[{\"@type\":\"BlogPosting\",\"@id\":\"https:\\\/\\\/anoticiaonline.com.br\\\/site\\\/cdl-forma-primeira-turma-do-curso-escola-do-varejo\\\/#blogposting\",\"name\":\"CDL forma primeira turma do Curso Escola do Varejo - A Not\\u00edcia Online\",\"headline\":\"CDL forma primeira turma do Curso Escola do Varejo\",\"author\":{\"@id\":\"https:\\\/\\\/anoticiaonline.com.br\\\/site\\\/author\\\/juliana\\\/#author\"},\"publisher\":{\"@id\":\"https:\\\/\\\/anoticiaonline.com.br\\\/site\\\/#organization\"},\"image\":{\"@type\":\"ImageObject\",\"url\":\"https:\\\/\\\/anoticiaonline.com.br\\\/site\\\/wp-content\\\/uploads\\\/2016\\\/02\\\/DSCN5183.jpg\",\"width\":640,\"height\":480},\"datePublished\":\"2016-02-01T10:17:49-03:00\",\"dateModified\":\"2016-02-03T14:43:28-03:00\",\"inLanguage\":\"pt-BR\",\"mainEntityOfPage\":{\"@id\":\"https:\\\/\\\/anoticiaonline.com.br\\\/site\\\/cdl-forma-primeira-turma-do-curso-escola-do-varejo\\\/#webpage\"},\"isPartOf\":{\"@id\":\"https:\\\/\\\/anoticiaonline.com.br\\\/site\\\/cdl-forma-primeira-turma-do-curso-escola-do-varejo\\\/#webpage\"},\"articleSection\":\"Blog, slide\"},{\"@type\":\"BreadcrumbList\",\"@id\":\"https:\\\/\\\/anoticiaonline.com.br\\\/site\\\/cdl-forma-primeira-turma-do-curso-escola-do-varejo\\\/#breadcrumblist\",\"itemListElement\":[{\"@type\":\"ListItem\",\"@id\":\"https:\\\/\\\/anoticiaonline.com.br\\\/site#listItem\",\"position\":1,\"name\":\"Home\",\"item\":\"https:\\\/\\\/anoticiaonline.com.br\\\/site\",\"nextItem\":{\"@type\":\"ListItem\",\"@id\":\"https:\\\/\\\/anoticiaonline.com.br\\\/site\\\/categoria\\\/muriae\\\/#listItem\",\"name\":\"Blog\"}},{\"@type\":\"ListItem\",\"@id\":\"https:\\\/\\\/anoticiaonline.com.br\\\/site\\\/categoria\\\/muriae\\\/#listItem\",\"position\":2,\"name\":\"Blog\",\"item\":\"https:\\\/\\\/anoticiaonline.com.br\\\/site\\\/categoria\\\/muriae\\\/\",\"nextItem\":{\"@type\":\"ListItem\",\"@id\":\"https:\\\/\\\/anoticiaonline.com.br\\\/site\\\/cdl-forma-primeira-turma-do-curso-escola-do-varejo\\\/#listItem\",\"name\":\"CDL forma primeira turma do Curso Escola do Varejo\"},\"previousItem\":{\"@type\":\"ListItem\",\"@id\":\"https:\\\/\\\/anoticiaonline.com.br\\\/site#listItem\",\"name\":\"Home\"}},{\"@type\":\"ListItem\",\"@id\":\"https:\\\/\\\/anoticiaonline.com.br\\\/site\\\/cdl-forma-primeira-turma-do-curso-escola-do-varejo\\\/#listItem\",\"position\":3,\"name\":\"CDL forma primeira turma do Curso Escola do Varejo\",\"previousItem\":{\"@type\":\"ListItem\",\"@id\":\"https:\\\/\\\/anoticiaonline.com.br\\\/site\\\/categoria\\\/muriae\\\/#listItem\",\"name\":\"Blog\"}}]},{\"@type\":\"Organization\",\"@id\":\"https:\\\/\\\/anoticiaonline.com.br\\\/site\\\/#organization\",\"name\":\"A Not\\u00edcia Online\",\"description\":\"Noticias de Muria\\u00e9 e regi\\u00e3o\",\"url\":\"https:\\\/\\\/anoticiaonline.com.br\\\/site\\\/\",\"logo\":{\"@type\":\"ImageObject\",\"url\":\"https:\\\/\\\/scontent-gig4-1.xx.fbcdn.net\\\/v\\\/t39.30808-1\\\/270437624_4564083193639691_6907940295614233970_n.jpg?stp=dst-jpg_s200x200_tt6&_nc_cat=111&ccb=1-7&_nc_sid=f907e8&_nc_ohc=SM1wRlP3lJwQ7kNvwEPuBYA&_nc_oc=AdnqrjDN_BNjSSHWO-GbkIWH6fkGMLw4bqvL_NH6e2wMveX7G-rP2dAqsDSq1mJMOaY&_nc_zt=24&_nc_ht=scontent-gig4-1.xx&_nc_gid=AoBFJeGrT1hVaew_6rchkQ&oh=00_AfX7QmFGhQhG2jAllVgXCiM1ZrWgvtp80-Bfppyexh1QEg&oe=689E923C\",\"@id\":\"https:\\\/\\\/anoticiaonline.com.br\\\/site\\\/cdl-forma-primeira-turma-do-curso-escola-do-varejo\\\/#organizationLogo\"},\"image\":{\"@id\":\"https:\\\/\\\/anoticiaonline.com.br\\\/site\\\/cdl-forma-primeira-turma-do-curso-escola-do-varejo\\\/#organizationLogo\"}},{\"@type\":\"Person\",\"@id\":\"https:\\\/\\\/anoticiaonline.com.br\\\/site\\\/author\\\/juliana\\\/#author\",\"url\":\"https:\\\/\\\/anoticiaonline.com.br\\\/site\\\/author\\\/juliana\\\/\",\"name\":\"Juliana Laviola\",\"image\":{\"@type\":\"ImageObject\",\"@id\":\"https:\\\/\\\/anoticiaonline.com.br\\\/site\\\/cdl-forma-primeira-turma-do-curso-escola-do-varejo\\\/#authorImage\",\"url\":\"https:\\\/\\\/secure.gravatar.com\\\/avatar\\\/b8d45f5c699b100dfaf0e543582f38f38bf94cb7ae3a5e9abf8d891a34773335?s=96&d=mm&r=g\",\"width\":96,\"height\":96,\"caption\":\"Juliana Laviola\"}},{\"@type\":\"WebPage\",\"@id\":\"https:\\\/\\\/anoticiaonline.com.br\\\/site\\\/cdl-forma-primeira-turma-do-curso-escola-do-varejo\\\/#webpage\",\"url\":\"https:\\\/\\\/anoticiaonline.com.br\\\/site\\\/cdl-forma-primeira-turma-do-curso-escola-do-varejo\\\/\",\"name\":\"CDL forma primeira turma do Curso Escola do Varejo - A Not\\u00edcia Online\",\"description\":\"A C\\u00e2mara de Dirigentes Lojistas (CDL) formou a primeira turma do Curso Escola do Varejo. O curso visa promover a capacita\\u00e7\\u00e3o permanente para os trabalhadores do com\\u00e9rcio de Muria\\u00e9, a fim de proporcionar mais qualifica\\u00e7\\u00e3o no trabalho realizado, levando benef\\u00edcios para o empres\\u00e1rio, resultados para os atendentes que, melhor preparados, aumentam suas chances de empregabilidade\",\"inLanguage\":\"pt-BR\",\"isPartOf\":{\"@id\":\"https:\\\/\\\/anoticiaonline.com.br\\\/site\\\/#website\"},\"breadcrumb\":{\"@id\":\"https:\\\/\\\/anoticiaonline.com.br\\\/site\\\/cdl-forma-primeira-turma-do-curso-escola-do-varejo\\\/#breadcrumblist\"},\"author\":{\"@id\":\"https:\\\/\\\/anoticiaonline.com.br\\\/site\\\/author\\\/juliana\\\/#author\"},\"creator\":{\"@id\":\"https:\\\/\\\/anoticiaonline.com.br\\\/site\\\/author\\\/juliana\\\/#author\"},\"image\":{\"@type\":\"ImageObject\",\"url\":\"https:\\\/\\\/anoticiaonline.com.br\\\/site\\\/wp-content\\\/uploads\\\/2016\\\/02\\\/DSCN5183.jpg\",\"@id\":\"https:\\\/\\\/anoticiaonline.com.br\\\/site\\\/cdl-forma-primeira-turma-do-curso-escola-do-varejo\\\/#mainImage\",\"width\":640,\"height\":480},\"primaryImageOfPage\":{\"@id\":\"https:\\\/\\\/anoticiaonline.com.br\\\/site\\\/cdl-forma-primeira-turma-do-curso-escola-do-varejo\\\/#mainImage\"},\"datePublished\":\"2016-02-01T10:17:49-03:00\",\"dateModified\":\"2016-02-03T14:43:28-03:00\"},{\"@type\":\"WebSite\",\"@id\":\"https:\\\/\\\/anoticiaonline.com.br\\\/site\\\/#website\",\"url\":\"https:\\\/\\\/anoticiaonline.com.br\\\/site\\\/\",\"name\":\"A Not\\u00edcia Online\",\"description\":\"Noticias de Muria\\u00e9 e regi\\u00e3o\",\"inLanguage\":\"pt-BR\",\"publisher\":{\"@id\":\"https:\\\/\\\/anoticiaonline.com.br\\\/site\\\/#organization\"}}]}\n\t\t<\/script>\n\t\t<!-- All in One SEO -->\n\n","aioseo_head_json":{"title":"CDL forma primeira turma do Curso Escola do Varejo - A Not\u00edcia Online","description":"A C\u00e2mara de Dirigentes Lojistas (CDL) formou a primeira turma do Curso Escola do Varejo. O curso visa promover a capacita\u00e7\u00e3o permanente para os trabalhadores do com\u00e9rcio de Muria\u00e9, a fim de proporcionar mais qualifica\u00e7\u00e3o no trabalho realizado, levando benef\u00edcios para o empres\u00e1rio, resultados para os atendentes que, melhor preparados, aumentam suas chances de empregabilidade","canonical_url":"https:\/\/anoticiaonline.com.br\/site\/cdl-forma-primeira-turma-do-curso-escola-do-varejo\/","robots":"max-image-preview:large","keywords":"","webmasterTools":{"miscellaneous":""},"schema":{"@context":"https:\/\/schema.org","@graph":[{"@type":"BlogPosting","@id":"https:\/\/anoticiaonline.com.br\/site\/cdl-forma-primeira-turma-do-curso-escola-do-varejo\/#blogposting","name":"CDL forma primeira turma do Curso Escola do Varejo - A Not\u00edcia Online","headline":"CDL forma primeira turma do Curso Escola do Varejo","author":{"@id":"https:\/\/anoticiaonline.com.br\/site\/author\/juliana\/#author"},"publisher":{"@id":"https:\/\/anoticiaonline.com.br\/site\/#organization"},"image":{"@type":"ImageObject","url":"https:\/\/anoticiaonline.com.br\/site\/wp-content\/uploads\/2016\/02\/DSCN5183.jpg","width":640,"height":480},"datePublished":"2016-02-01T10:17:49-03:00","dateModified":"2016-02-03T14:43:28-03:00","inLanguage":"pt-BR","mainEntityOfPage":{"@id":"https:\/\/anoticiaonline.com.br\/site\/cdl-forma-primeira-turma-do-curso-escola-do-varejo\/#webpage"},"isPartOf":{"@id":"https:\/\/anoticiaonline.com.br\/site\/cdl-forma-primeira-turma-do-curso-escola-do-varejo\/#webpage"},"articleSection":"Blog, slide"},{"@type":"BreadcrumbList","@id":"https:\/\/anoticiaonline.com.br\/site\/cdl-forma-primeira-turma-do-curso-escola-do-varejo\/#breadcrumblist","itemListElement":[{"@type":"ListItem","@id":"https:\/\/anoticiaonline.com.br\/site#listItem","position":1,"name":"Home","item":"https:\/\/anoticiaonline.com.br\/site","nextItem":{"@type":"ListItem","@id":"https:\/\/anoticiaonline.com.br\/site\/categoria\/muriae\/#listItem","name":"Blog"}},{"@type":"ListItem","@id":"https:\/\/anoticiaonline.com.br\/site\/categoria\/muriae\/#listItem","position":2,"name":"Blog","item":"https:\/\/anoticiaonline.com.br\/site\/categoria\/muriae\/","nextItem":{"@type":"ListItem","@id":"https:\/\/anoticiaonline.com.br\/site\/cdl-forma-primeira-turma-do-curso-escola-do-varejo\/#listItem","name":"CDL forma primeira turma do Curso Escola do Varejo"},"previousItem":{"@type":"ListItem","@id":"https:\/\/anoticiaonline.com.br\/site#listItem","name":"Home"}},{"@type":"ListItem","@id":"https:\/\/anoticiaonline.com.br\/site\/cdl-forma-primeira-turma-do-curso-escola-do-varejo\/#listItem","position":3,"name":"CDL forma primeira turma do Curso Escola do Varejo","previousItem":{"@type":"ListItem","@id":"https:\/\/anoticiaonline.com.br\/site\/categoria\/muriae\/#listItem","name":"Blog"}}]},{"@type":"Organization","@id":"https:\/\/anoticiaonline.com.br\/site\/#organization","name":"A Not\u00edcia Online","description":"Noticias de Muria\u00e9 e regi\u00e3o","url":"https:\/\/anoticiaonline.com.br\/site\/","logo":{"@type":"ImageObject","url":"https:\/\/scontent-gig4-1.xx.fbcdn.net\/v\/t39.30808-1\/270437624_4564083193639691_6907940295614233970_n.jpg?stp=dst-jpg_s200x200_tt6&_nc_cat=111&ccb=1-7&_nc_sid=f907e8&_nc_ohc=SM1wRlP3lJwQ7kNvwEPuBYA&_nc_oc=AdnqrjDN_BNjSSHWO-GbkIWH6fkGMLw4bqvL_NH6e2wMveX7G-rP2dAqsDSq1mJMOaY&_nc_zt=24&_nc_ht=scontent-gig4-1.xx&_nc_gid=AoBFJeGrT1hVaew_6rchkQ&oh=00_AfX7QmFGhQhG2jAllVgXCiM1ZrWgvtp80-Bfppyexh1QEg&oe=689E923C","@id":"https:\/\/anoticiaonline.com.br\/site\/cdl-forma-primeira-turma-do-curso-escola-do-varejo\/#organizationLogo"},"image":{"@id":"https:\/\/anoticiaonline.com.br\/site\/cdl-forma-primeira-turma-do-curso-escola-do-varejo\/#organizationLogo"}},{"@type":"Person","@id":"https:\/\/anoticiaonline.com.br\/site\/author\/juliana\/#author","url":"https:\/\/anoticiaonline.com.br\/site\/author\/juliana\/","name":"Juliana Laviola","image":{"@type":"ImageObject","@id":"https:\/\/anoticiaonline.com.br\/site\/cdl-forma-primeira-turma-do-curso-escola-do-varejo\/#authorImage","url":"https:\/\/secure.gravatar.com\/avatar\/b8d45f5c699b100dfaf0e543582f38f38bf94cb7ae3a5e9abf8d891a34773335?s=96&d=mm&r=g","width":96,"height":96,"caption":"Juliana Laviola"}},{"@type":"WebPage","@id":"https:\/\/anoticiaonline.com.br\/site\/cdl-forma-primeira-turma-do-curso-escola-do-varejo\/#webpage","url":"https:\/\/anoticiaonline.com.br\/site\/cdl-forma-primeira-turma-do-curso-escola-do-varejo\/","name":"CDL forma primeira turma do Curso Escola do Varejo - A Not\u00edcia Online","description":"A C\u00e2mara de Dirigentes Lojistas (CDL) formou a primeira turma do Curso Escola do Varejo. O curso visa promover a capacita\u00e7\u00e3o permanente para os trabalhadores do com\u00e9rcio de Muria\u00e9, a fim de proporcionar mais qualifica\u00e7\u00e3o no trabalho realizado, levando benef\u00edcios para o empres\u00e1rio, resultados para os atendentes que, melhor preparados, aumentam suas chances de empregabilidade","inLanguage":"pt-BR","isPartOf":{"@id":"https:\/\/anoticiaonline.com.br\/site\/#website"},"breadcrumb":{"@id":"https:\/\/anoticiaonline.com.br\/site\/cdl-forma-primeira-turma-do-curso-escola-do-varejo\/#breadcrumblist"},"author":{"@id":"https:\/\/anoticiaonline.com.br\/site\/author\/juliana\/#author"},"creator":{"@id":"https:\/\/anoticiaonline.com.br\/site\/author\/juliana\/#author"},"image":{"@type":"ImageObject","url":"https:\/\/anoticiaonline.com.br\/site\/wp-content\/uploads\/2016\/02\/DSCN5183.jpg","@id":"https:\/\/anoticiaonline.com.br\/site\/cdl-forma-primeira-turma-do-curso-escola-do-varejo\/#mainImage","width":640,"height":480},"primaryImageOfPage":{"@id":"https:\/\/anoticiaonline.com.br\/site\/cdl-forma-primeira-turma-do-curso-escola-do-varejo\/#mainImage"},"datePublished":"2016-02-01T10:17:49-03:00","dateModified":"2016-02-03T14:43:28-03:00"},{"@type":"WebSite","@id":"https:\/\/anoticiaonline.com.br\/site\/#website","url":"https:\/\/anoticiaonline.com.br\/site\/","name":"A Not\u00edcia Online","description":"Noticias de Muria\u00e9 e regi\u00e3o","inLanguage":"pt-BR","publisher":{"@id":"https:\/\/anoticiaonline.com.br\/site\/#organization"}}]},"og:locale":"pt_BR","og:site_name":"A Not\u00edcia Online - Noticias de Muria\u00e9 e regi\u00e3o","og:type":"article","og:title":"CDL forma primeira turma do Curso Escola do Varejo - A Not\u00edcia Online","og:description":"A C\u00e2mara de Dirigentes Lojistas (CDL) formou a primeira turma do Curso Escola do Varejo. O curso visa promover a capacita\u00e7\u00e3o permanente para os trabalhadores do com\u00e9rcio de Muria\u00e9, a fim de proporcionar mais qualifica\u00e7\u00e3o no trabalho realizado, levando benef\u00edcios para o empres\u00e1rio, resultados para os atendentes que, melhor preparados, aumentam suas chances de empregabilidade","og:url":"https:\/\/anoticiaonline.com.br\/site\/cdl-forma-primeira-turma-do-curso-escola-do-varejo\/","og:image":"https:\/\/scontent-gig4-1.xx.fbcdn.net\/v\/t39.30808-1\/270437624_4564083193639691_6907940295614233970_n.jpg?stp=dst-jpg_s200x200_tt6&#038;_nc_cat=111&#038;ccb=1-7&#038;_nc_sid=f907e8&#038;_nc_ohc=SM1wRlP3lJwQ7kNvwEPuBYA&#038;_nc_oc=AdnqrjDN_BNjSSHWO-GbkIWH6fkGMLw4bqvL_NH6e2wMveX7G-rP2dAqsDSq1mJMOaY&#038;_nc_zt=24&#038;_nc_ht=scontent-gig4-1.xx&#038;_nc_gid=AoBFJeGrT1hVaew_6rchkQ&#038;oh=00_AfX7QmFGhQhG2jAllVgXCiM1ZrWgvtp80-Bfppyexh1QEg&#038;oe=689E923C","og:image:secure_url":"https:\/\/scontent-gig4-1.xx.fbcdn.net\/v\/t39.30808-1\/270437624_4564083193639691_6907940295614233970_n.jpg?stp=dst-jpg_s200x200_tt6&#038;_nc_cat=111&#038;ccb=1-7&#038;_nc_sid=f907e8&#038;_nc_ohc=SM1wRlP3lJwQ7kNvwEPuBYA&#038;_nc_oc=AdnqrjDN_BNjSSHWO-GbkIWH6fkGMLw4bqvL_NH6e2wMveX7G-rP2dAqsDSq1mJMOaY&#038;_nc_zt=24&#038;_nc_ht=scontent-gig4-1.xx&#038;_nc_gid=AoBFJeGrT1hVaew_6rchkQ&#038;oh=00_AfX7QmFGhQhG2jAllVgXCiM1ZrWgvtp80-Bfppyexh1QEg&#038;oe=689E923C","article:published_time":"2016-02-01T13:17:49+00:00","article:modified_time":"2016-02-03T17:43:28+00:00","twitter:card":"summary_large_image","twitter:title":"CDL forma primeira turma do Curso Escola do Varejo - A Not\u00edcia Online","twitter:description":"A C\u00e2mara de Dirigentes Lojistas (CDL) formou a primeira turma do Curso Escola do Varejo. O curso visa promover a capacita\u00e7\u00e3o permanente para os trabalhadores do com\u00e9rcio de Muria\u00e9, a fim de proporcionar mais qualifica\u00e7\u00e3o no trabalho realizado, levando benef\u00edcios para o empres\u00e1rio, resultados para os atendentes que, melhor preparados, aumentam suas chances de empregabilidade","twitter:image":"https:\/\/scontent-gig4-1.xx.fbcdn.net\/v\/t39.30808-1\/270437624_4564083193639691_6907940295614233970_n.jpg?stp=dst-jpg_s200x200_tt6&_nc_cat=111&ccb=1-7&_nc_sid=f907e8&_nc_ohc=SM1wRlP3lJwQ7kNvwEPuBYA&_nc_oc=AdnqrjDN_BNjSSHWO-GbkIWH6fkGMLw4bqvL_NH6e2wMveX7G-rP2dAqsDSq1mJMOaY&_nc_zt=24&_nc_ht=scontent-gig4-1.xx&_nc_gid=AoBFJeGrT1hVaew_6rchkQ&oh=00_AfX7QmFGhQhG2jAllVgXCiM1ZrWgvtp80-Bfppyexh1QEg&oe=689E923C"},"aioseo_meta_data":{"post_id":"9143","title":null,"description":null,"keywords":null,"keyphrases":null,"primary_term":null,"canonical_url":null,"og_title":null,"og_description":null,"og_object_type":"default","og_image_type":"default","og_image_url":null,"og_image_width":null,"og_image_height":null,"og_image_custom_url":null,"og_image_custom_fields":null,"og_video":null,"og_custom_url":null,"og_article_section":null,"og_article_tags":null,"twitter_use_og":false,"twitter_card":"default","twitter_image_type":"default","twitter_image_url":null,"twitter_image_custom_url":null,"twitter_image_custom_fields":null,"twitter_title":null,"twitter_description":null,"schema":{"blockGraphs":[],"customGraphs":[],"default":{"data":{"Article":[],"Course":[],"Dataset":[],"FAQPage":[],"Movie":[],"Person":[],"Product":[],"ProductReview":[],"Car":[],"Recipe":[],"Service":[],"SoftwareApplication":[],"WebPage":[]},"graphName":"","isEnabled":true},"graphs":[]},"schema_type":"default","schema_type_options":null,"pillar_content":false,"robots_default":true,"robots_noindex":false,"robots_noarchive":false,"robots_nosnippet":false,"robots_nofollow":false,"robots_noimageindex":false,"robots_noodp":false,"robots_notranslate":false,"robots_max_snippet":null,"robots_max_videopreview":null,"robots_max_imagepreview":"large","priority":null,"frequency":null,"local_seo":null,"breadcrumb_settings":null,"limit_modified_date":false,"ai":null,"created":"2025-08-16 15:01:30","updated":"2025-08-16 15:01:30","focus_keyword":null,"additional_keywords":null,"truseo_locale":null,"seo_analyzer_scan_date":null},"aioseo_breadcrumb":"<div class=\"aioseo-breadcrumbs\"><span class=\"aioseo-breadcrumb\">\n\t\t\t<a href=\"https:\/\/anoticiaonline.com.br\/site\" title=\"Home\">Home<\/a>\n\t\t<\/span><span class=\"aioseo-breadcrumb-separator\">&raquo;<\/span><span class=\"aioseo-breadcrumb\">\n\t\t\t<a href=\"https:\/\/anoticiaonline.com.br\/site\/categoria\/muriae\/\" title=\"Blog\">Blog<\/a>\n\t\t<\/span><span class=\"aioseo-breadcrumb-separator\">&raquo;<\/span><span class=\"aioseo-breadcrumb\">\n\t\t\tCDL forma primeira turma do Curso Escola do Varejo\n\t\t<\/span><\/div>","aioseo_breadcrumb_json":[{"label":"Home","link":"https:\/\/anoticiaonline.com.br\/site"},{"label":"Blog","link":"https:\/\/anoticiaonline.com.br\/site\/categoria\/muriae\/"},{"label":"CDL forma primeira turma do Curso Escola do Varejo","link":"https:\/\/anoticiaonline.com.br\/site\/cdl-forma-primeira-turma-do-curso-escola-do-varejo\/"}],"views":160,"_links":{"self":[{"href":"https:\/\/anoticiaonline.com.br\/site\/wp-json\/wp\/v2\/posts\/9143","targetHints":{"allow":["GET"]}}],"collection":[{"href":"https:\/\/anoticiaonline.com.br\/site\/wp-json\/wp\/v2\/posts"}],"about":[{"href":"https:\/\/anoticiaonline.com.br\/site\/wp-json\/wp\/v2\/types\/post"}],"author":[{"embeddable":true,"href":"https:\/\/anoticiaonline.com.br\/site\/wp-json\/wp\/v2\/users\/2"}],"replies":[{"embeddable":true,"href":"https:\/\/anoticiaonline.com.br\/site\/wp-json\/wp\/v2\/comments?post=9143"}],"version-history":[{"count":0,"href":"https:\/\/anoticiaonline.com.br\/site\/wp-json\/wp\/v2\/posts\/9143\/revisions"}],"wp:featuredmedia":[{"embeddable":true,"href":"https:\/\/anoticiaonline.com.br\/site\/wp-json\/wp\/v2\/media\/9144"}],"wp:attachment":[{"href":"https:\/\/anoticiaonline.com.br\/site\/wp-json\/wp\/v2\/media?parent=9143"}],"wp:term":[{"taxonomy":"category","embeddable":true,"href":"https:\/\/anoticiaonline.com.br\/site\/wp-json\/wp\/v2\/categories?post=9143"},{"taxonomy":"post_tag","embeddable":true,"href":"https:\/\/anoticiaonline.com.br\/site\/wp-json\/wp\/v2\/tags?post=9143"}],"curies":[{"name":"wp","href":"https:\/\/api.w.org\/{rel}","templated":true}]}}