{"id":9137,"date":"2016-02-01T07:42:21","date_gmt":"2016-02-01T10:42:21","guid":{"rendered":"http:\/\/anoticiaonline.com.br\/site\/?p=9137"},"modified":"2016-02-01T07:42:21","modified_gmt":"2016-02-01T10:42:21","slug":"das-tres-virtudes-teologais","status":"publish","type":"post","link":"https:\/\/anoticiaonline.com.br\/site\/das-tres-virtudes-teologais\/","title":{"rendered":"Das tr\u00eas virtudes teologais"},"content":{"rendered":"<p><strong><em>A Caridade \u00e9 em todos os mundos a eterna \u00e2ncora de salva\u00e7\u00e3o<\/em><\/strong><\/p>\n<p>&#8220;A F\u00e9, a Esperan\u00e7a e a Caridade permanecem; mas, dentre elas, a mais excelente \u00e9 a Caridade.&#8221; &#8211; Paulo.\u00a0 (I Cor., 13:13)<\/p>\n<p>A f\u00e9 levada ao excesso produz o fanatismo, e, a esperan\u00e7a mal dosada, leva \u00e0 ociosidade. A Caridade, por\u00e9m &#8211; a mais excelente das tr\u00eas virtudes teologais &#8211;\u00a0 mesmo\u00a0 levada\u00a0 ao excesso, produz os sazonados frutos da fraternidade. Na Caridade est\u00e3o encerrados os destinos dos homens em quaisquer est\u00e2ncias e inst\u00e2ncias&#8230;<\/p>\n<p>Paulo de Tarso, t\u00e3o bem entendeu essa\u00a0 quest\u00e3o que escreveu : &#8220;(&#8230;) a Caridade\u00a0 \u00e9\u00a0 o\u00a0 facho\u00a0 celeste,\u00a0 a luminosa\u00a0\u00a0 coluna\u00a0\u00a0 que\u00a0 guia\u00a0 o\u00a0 homem\u00a0 no\u00a0 deserto\u00a0\u00a0 da\u00a0\u00a0 vida, encaminhando-o para a Terra da Promiss\u00e3o. Ela brilha no C\u00e9u como aur\u00e9ola santa,\u00a0 na\u00a0 fronte dos eleitos, e,\u00a0 na\u00a0 Terra,\u00a0 se\u00a0 acha gravada no cora\u00e7\u00e3o daqueles a quem Jesus dir\u00e1: &#8220;passai \u00e0 direita, benditos de meu Pai. Reconhec\u00ea-los-eis pelo perfume de Caridade que\u00a0 espalham\u00a0 em torno de si.\u201d<\/p>\n<p>Nada exprime com mais exatid\u00e3o, nada resume t\u00e3o bem os deveres do homem, como\u00a0 essa\u00a0 m\u00e1xima\u00a0 de ordem\u00a0 divina. N\u00e3o poderia o Espiritismo provar melhor a sua origem,\u00a0 do\u00a0 que\u00a0 a apresentando como regra, por isso\u00a0 que\u00a0 \u00e9\u00a0 um reflexo\u00a0 do mais puro Cristianismo. Levando-a por guia, nunca o homem se transviar\u00e1\u201d.<\/p>\n<p>Dois anos antes da mensagem de Paulo, S. Vicente de Paulo afirmava : &#8220;(&#8230;) a Caridade \u00e9 em todos os mundos a eterna \u00e2ncora de salva\u00e7\u00e3o; \u00e9 a mais pura\u00a0 emana\u00e7\u00e3o\u00a0 do\u00a0 pr\u00f3prio Criador\u201d.<\/p>\n<p>A Caridade, por\u00e9m, \u00e0 luz do Espiritismo, n\u00e3o se restringe apenas \u00e0 benefic\u00eancia, mas, espraia-se no\u00a0 conjunto de\u00a0 todas as qualidades do cora\u00e7\u00e3o, na bondade e na\u00a0 benevol\u00eancia para com o pr\u00f3ximo, enfim, \u00e9 o grande atenuador de atritos nas rela\u00e7\u00f5es interpessoais&#8230;<\/p>\n<p>Allan Kardec, em aditamento aos conceitos acima, inscreve na bandeira do Espiritismo: \u201cfora da Caridade n\u00e3o h\u00e1 salva\u00e7\u00e3o\u201d. Isto, porque, segundo o Mestre Lion\u00eas, esta m\u00e1xima assenta-se num princ\u00edpio universal e abre a todos os filhos de Deus acesso \u00e0 suprema felicidade, consagrando, assim, sem privil\u00e9gios, os normativos da igualdade de todos perante Deus e da liberdade de consci\u00eancia.<\/p>\n<p>Nesse patamar todos os homens s\u00e3o irm\u00e3os e solid\u00e1rios uns aos outros e a Terra\u00a0 transformar-se-\u00e1\u00a0 sob\u00a0 os ausp\u00edcios da Caridade num imenso redil de um s\u00f3 rebanho tendo\u00a0 em Jesus seu \u00fanico e excelente Pastor.<\/p>\n","protected":false},"excerpt":{"rendered":"<p>A Caridade \u00e9 em todos os mundos a eterna \u00e2ncora de salva\u00e7\u00e3o &#8220;A F\u00e9, a Esperan\u00e7a e a Caridade permanecem; mas, dentre elas, a mais excelente \u00e9 a Caridade.&#8221; &#8211; Paulo.\u00a0 (I Cor., 13:13) A f\u00e9 levada ao excesso produz o fanatismo, e, a esperan\u00e7a mal dosada, leva \u00e0 ociosidade. A Caridade, por\u00e9m &#8211; a &#8230; <a title=\"Das tr\u00eas virtudes teologais\" class=\"read-more\" href=\"https:\/\/anoticiaonline.com.br\/site\/das-tres-virtudes-teologais\/\" aria-label=\"Read more about Das tr\u00eas virtudes teologais\">Ler mais<\/a><\/p>\n","protected":false},"author":2,"featured_media":0,"comment_status":"open","ping_status":"open","sticky":false,"template":"","format":"standard","meta":{"_acf_changed":false,"_monsterinsights_skip_tracking":false,"footnotes":""},"categories":[44],"tags":[],"class_list":["post-9137","post","type-post","status-publish","format-standard","hentry","category-espiritismo-em-foco-de-rogerio-coelho"],"acf":[],"aioseo_notices":[],"aioseo_head":"\n\t\t<!-- All in One SEO 5.0.0.1 - aioseo.com -->\n\t<meta name=\"description\" content=\"A Caridade \u00e9 em todos os mundos a eterna \u00e2ncora de salva\u00e7\u00e3o &quot;A F\u00e9, a Esperan\u00e7a e a Caridade permanecem; mas, dentre elas, a mais excelente \u00e9 a Caridade.&quot; - Paulo. (I Cor., 13:13) A f\u00e9 levada ao excesso produz o fanatismo, e, a esperan\u00e7a mal dosada, leva \u00e0 ociosidade. A Caridade, por\u00e9m - a\" \/>\n\t<meta name=\"robots\" content=\"max-image-preview:large\" \/>\n\t<meta name=\"author\" content=\"Juliana Laviola\"\/>\n\t<link rel=\"canonical\" href=\"https:\/\/anoticiaonline.com.br\/site\/das-tres-virtudes-teologais\/\" \/>\n\t<meta name=\"generator\" content=\"All in One SEO (AIOSEO) 5.0.0.1\" \/>\n\t\t<meta property=\"og:locale\" content=\"pt_BR\" \/>\n\t\t<meta property=\"og:site_name\" content=\"A Not\u00edcia Online - Noticias de Muria\u00e9 e regi\u00e3o\" \/>\n\t\t<meta property=\"og:type\" content=\"article\" \/>\n\t\t<meta property=\"og:title\" content=\"Das tr\u00eas virtudes teologais - A Not\u00edcia Online\" \/>\n\t\t<meta property=\"og:description\" content=\"A Caridade \u00e9 em todos os mundos a eterna \u00e2ncora de salva\u00e7\u00e3o &quot;A F\u00e9, a Esperan\u00e7a e a Caridade permanecem; mas, dentre elas, a mais excelente \u00e9 a Caridade.&quot; - Paulo. (I Cor., 13:13) A f\u00e9 levada ao excesso produz o fanatismo, e, a esperan\u00e7a mal dosada, leva \u00e0 ociosidade. A Caridade, por\u00e9m - a\" \/>\n\t\t<meta property=\"og:url\" content=\"https:\/\/anoticiaonline.com.br\/site\/das-tres-virtudes-teologais\/\" \/>\n\t\t<meta property=\"og:image\" content=\"https:\/\/scontent-gig4-1.xx.fbcdn.net\/v\/t39.30808-1\/270437624_4564083193639691_6907940295614233970_n.jpg?stp=dst-jpg_s200x200_tt6&#038;_nc_cat=111&#038;ccb=1-7&#038;_nc_sid=f907e8&#038;_nc_ohc=SM1wRlP3lJwQ7kNvwEPuBYA&#038;_nc_oc=AdnqrjDN_BNjSSHWO-GbkIWH6fkGMLw4bqvL_NH6e2wMveX7G-rP2dAqsDSq1mJMOaY&#038;_nc_zt=24&#038;_nc_ht=scontent-gig4-1.xx&#038;_nc_gid=AoBFJeGrT1hVaew_6rchkQ&#038;oh=00_AfX7QmFGhQhG2jAllVgXCiM1ZrWgvtp80-Bfppyexh1QEg&#038;oe=689E923C\" \/>\n\t\t<meta property=\"og:image:secure_url\" content=\"https:\/\/scontent-gig4-1.xx.fbcdn.net\/v\/t39.30808-1\/270437624_4564083193639691_6907940295614233970_n.jpg?stp=dst-jpg_s200x200_tt6&#038;_nc_cat=111&#038;ccb=1-7&#038;_nc_sid=f907e8&#038;_nc_ohc=SM1wRlP3lJwQ7kNvwEPuBYA&#038;_nc_oc=AdnqrjDN_BNjSSHWO-GbkIWH6fkGMLw4bqvL_NH6e2wMveX7G-rP2dAqsDSq1mJMOaY&#038;_nc_zt=24&#038;_nc_ht=scontent-gig4-1.xx&#038;_nc_gid=AoBFJeGrT1hVaew_6rchkQ&#038;oh=00_AfX7QmFGhQhG2jAllVgXCiM1ZrWgvtp80-Bfppyexh1QEg&#038;oe=689E923C\" \/>\n\t\t<meta property=\"article:published_time\" content=\"2016-02-01T10:42:21+00:00\" \/>\n\t\t<meta property=\"article:modified_time\" content=\"2016-02-01T10:42:21+00:00\" \/>\n\t\t<meta name=\"twitter:card\" content=\"summary_large_image\" \/>\n\t\t<meta name=\"twitter:title\" content=\"Das tr\u00eas virtudes teologais - A Not\u00edcia Online\" \/>\n\t\t<meta name=\"twitter:description\" content=\"A Caridade \u00e9 em todos os mundos a eterna \u00e2ncora de salva\u00e7\u00e3o &quot;A F\u00e9, a Esperan\u00e7a e a Caridade permanecem; mas, dentre elas, a mais excelente \u00e9 a Caridade.&quot; - Paulo. (I Cor., 13:13) A f\u00e9 levada ao excesso produz o fanatismo, e, a esperan\u00e7a mal dosada, leva \u00e0 ociosidade. A Caridade, por\u00e9m - a\" \/>\n\t\t<meta name=\"twitter:image\" content=\"https:\/\/scontent-gig4-1.xx.fbcdn.net\/v\/t39.30808-1\/270437624_4564083193639691_6907940295614233970_n.jpg?stp=dst-jpg_s200x200_tt6&amp;_nc_cat=111&amp;ccb=1-7&amp;_nc_sid=f907e8&amp;_nc_ohc=SM1wRlP3lJwQ7kNvwEPuBYA&amp;_nc_oc=AdnqrjDN_BNjSSHWO-GbkIWH6fkGMLw4bqvL_NH6e2wMveX7G-rP2dAqsDSq1mJMOaY&amp;_nc_zt=24&amp;_nc_ht=scontent-gig4-1.xx&amp;_nc_gid=AoBFJeGrT1hVaew_6rchkQ&amp;oh=00_AfX7QmFGhQhG2jAllVgXCiM1ZrWgvtp80-Bfppyexh1QEg&amp;oe=689E923C\" \/>\n\t\t<script type=\"application\/ld+json\" class=\"aioseo-schema\">\n\t\t\t{\"@context\":\"https:\\\/\\\/schema.org\",\"@graph\":[{\"@type\":\"BlogPosting\",\"@id\":\"https:\\\/\\\/anoticiaonline.com.br\\\/site\\\/das-tres-virtudes-teologais\\\/#blogposting\",\"name\":\"Das tr\\u00eas virtudes teologais - A Not\\u00edcia Online\",\"headline\":\"Das tr\\u00eas virtudes teologais\",\"author\":{\"@id\":\"https:\\\/\\\/anoticiaonline.com.br\\\/site\\\/author\\\/juliana\\\/#author\"},\"publisher\":{\"@id\":\"https:\\\/\\\/anoticiaonline.com.br\\\/site\\\/#organization\"},\"image\":{\"@type\":\"ImageObject\",\"url\":\"https:\\\/\\\/scontent-gig4-1.xx.fbcdn.net\\\/v\\\/t39.30808-1\\\/270437624_4564083193639691_6907940295614233970_n.jpg?stp=dst-jpg_s200x200_tt6&_nc_cat=111&ccb=1-7&_nc_sid=f907e8&_nc_ohc=SM1wRlP3lJwQ7kNvwEPuBYA&_nc_oc=AdnqrjDN_BNjSSHWO-GbkIWH6fkGMLw4bqvL_NH6e2wMveX7G-rP2dAqsDSq1mJMOaY&_nc_zt=24&_nc_ht=scontent-gig4-1.xx&_nc_gid=AoBFJeGrT1hVaew_6rchkQ&oh=00_AfX7QmFGhQhG2jAllVgXCiM1ZrWgvtp80-Bfppyexh1QEg&oe=689E923C\",\"@id\":\"https:\\\/\\\/anoticiaonline.com.br\\\/site\\\/#articleImage\"},\"datePublished\":\"2016-02-01T07:42:21-03:00\",\"dateModified\":\"2016-02-01T07:42:21-03:00\",\"inLanguage\":\"pt-BR\",\"mainEntityOfPage\":{\"@id\":\"https:\\\/\\\/anoticiaonline.com.br\\\/site\\\/das-tres-virtudes-teologais\\\/#webpage\"},\"isPartOf\":{\"@id\":\"https:\\\/\\\/anoticiaonline.com.br\\\/site\\\/das-tres-virtudes-teologais\\\/#webpage\"},\"articleSection\":\"Espiritismo em Foco, por Rog\\u00e9rio Coelho\"},{\"@type\":\"BreadcrumbList\",\"@id\":\"https:\\\/\\\/anoticiaonline.com.br\\\/site\\\/das-tres-virtudes-teologais\\\/#breadcrumblist\",\"itemListElement\":[{\"@type\":\"ListItem\",\"@id\":\"https:\\\/\\\/anoticiaonline.com.br\\\/site#listItem\",\"position\":1,\"name\":\"Home\",\"item\":\"https:\\\/\\\/anoticiaonline.com.br\\\/site\",\"nextItem\":{\"@type\":\"ListItem\",\"@id\":\"https:\\\/\\\/anoticiaonline.com.br\\\/site\\\/categoria\\\/colunistas\\\/#listItem\",\"name\":\"Colunistas\"}},{\"@type\":\"ListItem\",\"@id\":\"https:\\\/\\\/anoticiaonline.com.br\\\/site\\\/categoria\\\/colunistas\\\/#listItem\",\"position\":2,\"name\":\"Colunistas\",\"item\":\"https:\\\/\\\/anoticiaonline.com.br\\\/site\\\/categoria\\\/colunistas\\\/\",\"nextItem\":{\"@type\":\"ListItem\",\"@id\":\"https:\\\/\\\/anoticiaonline.com.br\\\/site\\\/categoria\\\/colunistas\\\/espiritismo-em-foco-de-rogerio-coelho\\\/#listItem\",\"name\":\"Espiritismo em Foco, por Rog\\u00e9rio Coelho\"},\"previousItem\":{\"@type\":\"ListItem\",\"@id\":\"https:\\\/\\\/anoticiaonline.com.br\\\/site#listItem\",\"name\":\"Home\"}},{\"@type\":\"ListItem\",\"@id\":\"https:\\\/\\\/anoticiaonline.com.br\\\/site\\\/categoria\\\/colunistas\\\/espiritismo-em-foco-de-rogerio-coelho\\\/#listItem\",\"position\":3,\"name\":\"Espiritismo em Foco, por Rog\\u00e9rio Coelho\",\"item\":\"https:\\\/\\\/anoticiaonline.com.br\\\/site\\\/categoria\\\/colunistas\\\/espiritismo-em-foco-de-rogerio-coelho\\\/\",\"nextItem\":{\"@type\":\"ListItem\",\"@id\":\"https:\\\/\\\/anoticiaonline.com.br\\\/site\\\/das-tres-virtudes-teologais\\\/#listItem\",\"name\":\"Das tr\\u00eas virtudes teologais\"},\"previousItem\":{\"@type\":\"ListItem\",\"@id\":\"https:\\\/\\\/anoticiaonline.com.br\\\/site\\\/categoria\\\/colunistas\\\/#listItem\",\"name\":\"Colunistas\"}},{\"@type\":\"ListItem\",\"@id\":\"https:\\\/\\\/anoticiaonline.com.br\\\/site\\\/das-tres-virtudes-teologais\\\/#listItem\",\"position\":4,\"name\":\"Das tr\\u00eas virtudes teologais\",\"previousItem\":{\"@type\":\"ListItem\",\"@id\":\"https:\\\/\\\/anoticiaonline.com.br\\\/site\\\/categoria\\\/colunistas\\\/espiritismo-em-foco-de-rogerio-coelho\\\/#listItem\",\"name\":\"Espiritismo em Foco, por Rog\\u00e9rio Coelho\"}}]},{\"@type\":\"Organization\",\"@id\":\"https:\\\/\\\/anoticiaonline.com.br\\\/site\\\/#organization\",\"name\":\"A Not\\u00edcia Online\",\"description\":\"Noticias de Muria\\u00e9 e regi\\u00e3o\",\"url\":\"https:\\\/\\\/anoticiaonline.com.br\\\/site\\\/\",\"logo\":{\"@type\":\"ImageObject\",\"url\":\"https:\\\/\\\/scontent-gig4-1.xx.fbcdn.net\\\/v\\\/t39.30808-1\\\/270437624_4564083193639691_6907940295614233970_n.jpg?stp=dst-jpg_s200x200_tt6&_nc_cat=111&ccb=1-7&_nc_sid=f907e8&_nc_ohc=SM1wRlP3lJwQ7kNvwEPuBYA&_nc_oc=AdnqrjDN_BNjSSHWO-GbkIWH6fkGMLw4bqvL_NH6e2wMveX7G-rP2dAqsDSq1mJMOaY&_nc_zt=24&_nc_ht=scontent-gig4-1.xx&_nc_gid=AoBFJeGrT1hVaew_6rchkQ&oh=00_AfX7QmFGhQhG2jAllVgXCiM1ZrWgvtp80-Bfppyexh1QEg&oe=689E923C\",\"@id\":\"https:\\\/\\\/anoticiaonline.com.br\\\/site\\\/das-tres-virtudes-teologais\\\/#organizationLogo\"},\"image\":{\"@id\":\"https:\\\/\\\/anoticiaonline.com.br\\\/site\\\/das-tres-virtudes-teologais\\\/#organizationLogo\"}},{\"@type\":\"Person\",\"@id\":\"https:\\\/\\\/anoticiaonline.com.br\\\/site\\\/author\\\/juliana\\\/#author\",\"url\":\"https:\\\/\\\/anoticiaonline.com.br\\\/site\\\/author\\\/juliana\\\/\",\"name\":\"Juliana Laviola\",\"image\":{\"@type\":\"ImageObject\",\"@id\":\"https:\\\/\\\/anoticiaonline.com.br\\\/site\\\/das-tres-virtudes-teologais\\\/#authorImage\",\"url\":\"https:\\\/\\\/secure.gravatar.com\\\/avatar\\\/b8d45f5c699b100dfaf0e543582f38f38bf94cb7ae3a5e9abf8d891a34773335?s=96&d=mm&r=g\",\"width\":96,\"height\":96,\"caption\":\"Juliana Laviola\"}},{\"@type\":\"WebPage\",\"@id\":\"https:\\\/\\\/anoticiaonline.com.br\\\/site\\\/das-tres-virtudes-teologais\\\/#webpage\",\"url\":\"https:\\\/\\\/anoticiaonline.com.br\\\/site\\\/das-tres-virtudes-teologais\\\/\",\"name\":\"Das tr\\u00eas virtudes teologais - A Not\\u00edcia Online\",\"description\":\"A Caridade \\u00e9 em todos os mundos a eterna \\u00e2ncora de salva\\u00e7\\u00e3o \\\"A F\\u00e9, a Esperan\\u00e7a e a Caridade permanecem; mas, dentre elas, a mais excelente \\u00e9 a Caridade.\\\" - Paulo. (I Cor., 13:13) A f\\u00e9 levada ao excesso produz o fanatismo, e, a esperan\\u00e7a mal dosada, leva \\u00e0 ociosidade. A Caridade, por\\u00e9m - a\",\"inLanguage\":\"pt-BR\",\"isPartOf\":{\"@id\":\"https:\\\/\\\/anoticiaonline.com.br\\\/site\\\/#website\"},\"breadcrumb\":{\"@id\":\"https:\\\/\\\/anoticiaonline.com.br\\\/site\\\/das-tres-virtudes-teologais\\\/#breadcrumblist\"},\"author\":{\"@id\":\"https:\\\/\\\/anoticiaonline.com.br\\\/site\\\/author\\\/juliana\\\/#author\"},\"creator\":{\"@id\":\"https:\\\/\\\/anoticiaonline.com.br\\\/site\\\/author\\\/juliana\\\/#author\"},\"datePublished\":\"2016-02-01T07:42:21-03:00\",\"dateModified\":\"2016-02-01T07:42:21-03:00\"},{\"@type\":\"WebSite\",\"@id\":\"https:\\\/\\\/anoticiaonline.com.br\\\/site\\\/#website\",\"url\":\"https:\\\/\\\/anoticiaonline.com.br\\\/site\\\/\",\"name\":\"A Not\\u00edcia Online\",\"description\":\"Noticias de Muria\\u00e9 e regi\\u00e3o\",\"inLanguage\":\"pt-BR\",\"publisher\":{\"@id\":\"https:\\\/\\\/anoticiaonline.com.br\\\/site\\\/#organization\"}}]}\n\t\t<\/script>\n\t\t<!-- All in One SEO -->\n\n","aioseo_head_json":{"title":"Das tr\u00eas virtudes teologais - A Not\u00edcia Online","description":"A Caridade \u00e9 em todos os mundos a eterna \u00e2ncora de salva\u00e7\u00e3o \"A F\u00e9, a Esperan\u00e7a e a Caridade permanecem; mas, dentre elas, a mais excelente \u00e9 a Caridade.\" - Paulo. (I Cor., 13:13) A f\u00e9 levada ao excesso produz o fanatismo, e, a esperan\u00e7a mal dosada, leva \u00e0 ociosidade. A Caridade, por\u00e9m - a","canonical_url":"https:\/\/anoticiaonline.com.br\/site\/das-tres-virtudes-teologais\/","robots":"max-image-preview:large","keywords":"","webmasterTools":{"miscellaneous":""},"schema":{"@context":"https:\/\/schema.org","@graph":[{"@type":"BlogPosting","@id":"https:\/\/anoticiaonline.com.br\/site\/das-tres-virtudes-teologais\/#blogposting","name":"Das tr\u00eas virtudes teologais - A Not\u00edcia Online","headline":"Das tr\u00eas virtudes teologais","author":{"@id":"https:\/\/anoticiaonline.com.br\/site\/author\/juliana\/#author"},"publisher":{"@id":"https:\/\/anoticiaonline.com.br\/site\/#organization"},"image":{"@type":"ImageObject","url":"https:\/\/scontent-gig4-1.xx.fbcdn.net\/v\/t39.30808-1\/270437624_4564083193639691_6907940295614233970_n.jpg?stp=dst-jpg_s200x200_tt6&_nc_cat=111&ccb=1-7&_nc_sid=f907e8&_nc_ohc=SM1wRlP3lJwQ7kNvwEPuBYA&_nc_oc=AdnqrjDN_BNjSSHWO-GbkIWH6fkGMLw4bqvL_NH6e2wMveX7G-rP2dAqsDSq1mJMOaY&_nc_zt=24&_nc_ht=scontent-gig4-1.xx&_nc_gid=AoBFJeGrT1hVaew_6rchkQ&oh=00_AfX7QmFGhQhG2jAllVgXCiM1ZrWgvtp80-Bfppyexh1QEg&oe=689E923C","@id":"https:\/\/anoticiaonline.com.br\/site\/#articleImage"},"datePublished":"2016-02-01T07:42:21-03:00","dateModified":"2016-02-01T07:42:21-03:00","inLanguage":"pt-BR","mainEntityOfPage":{"@id":"https:\/\/anoticiaonline.com.br\/site\/das-tres-virtudes-teologais\/#webpage"},"isPartOf":{"@id":"https:\/\/anoticiaonline.com.br\/site\/das-tres-virtudes-teologais\/#webpage"},"articleSection":"Espiritismo em Foco, por Rog\u00e9rio Coelho"},{"@type":"BreadcrumbList","@id":"https:\/\/anoticiaonline.com.br\/site\/das-tres-virtudes-teologais\/#breadcrumblist","itemListElement":[{"@type":"ListItem","@id":"https:\/\/anoticiaonline.com.br\/site#listItem","position":1,"name":"Home","item":"https:\/\/anoticiaonline.com.br\/site","nextItem":{"@type":"ListItem","@id":"https:\/\/anoticiaonline.com.br\/site\/categoria\/colunistas\/#listItem","name":"Colunistas"}},{"@type":"ListItem","@id":"https:\/\/anoticiaonline.com.br\/site\/categoria\/colunistas\/#listItem","position":2,"name":"Colunistas","item":"https:\/\/anoticiaonline.com.br\/site\/categoria\/colunistas\/","nextItem":{"@type":"ListItem","@id":"https:\/\/anoticiaonline.com.br\/site\/categoria\/colunistas\/espiritismo-em-foco-de-rogerio-coelho\/#listItem","name":"Espiritismo em Foco, por Rog\u00e9rio Coelho"},"previousItem":{"@type":"ListItem","@id":"https:\/\/anoticiaonline.com.br\/site#listItem","name":"Home"}},{"@type":"ListItem","@id":"https:\/\/anoticiaonline.com.br\/site\/categoria\/colunistas\/espiritismo-em-foco-de-rogerio-coelho\/#listItem","position":3,"name":"Espiritismo em Foco, por Rog\u00e9rio Coelho","item":"https:\/\/anoticiaonline.com.br\/site\/categoria\/colunistas\/espiritismo-em-foco-de-rogerio-coelho\/","nextItem":{"@type":"ListItem","@id":"https:\/\/anoticiaonline.com.br\/site\/das-tres-virtudes-teologais\/#listItem","name":"Das tr\u00eas virtudes teologais"},"previousItem":{"@type":"ListItem","@id":"https:\/\/anoticiaonline.com.br\/site\/categoria\/colunistas\/#listItem","name":"Colunistas"}},{"@type":"ListItem","@id":"https:\/\/anoticiaonline.com.br\/site\/das-tres-virtudes-teologais\/#listItem","position":4,"name":"Das tr\u00eas virtudes teologais","previousItem":{"@type":"ListItem","@id":"https:\/\/anoticiaonline.com.br\/site\/categoria\/colunistas\/espiritismo-em-foco-de-rogerio-coelho\/#listItem","name":"Espiritismo em Foco, por Rog\u00e9rio Coelho"}}]},{"@type":"Organization","@id":"https:\/\/anoticiaonline.com.br\/site\/#organization","name":"A Not\u00edcia Online","description":"Noticias de Muria\u00e9 e regi\u00e3o","url":"https:\/\/anoticiaonline.com.br\/site\/","logo":{"@type":"ImageObject","url":"https:\/\/scontent-gig4-1.xx.fbcdn.net\/v\/t39.30808-1\/270437624_4564083193639691_6907940295614233970_n.jpg?stp=dst-jpg_s200x200_tt6&_nc_cat=111&ccb=1-7&_nc_sid=f907e8&_nc_ohc=SM1wRlP3lJwQ7kNvwEPuBYA&_nc_oc=AdnqrjDN_BNjSSHWO-GbkIWH6fkGMLw4bqvL_NH6e2wMveX7G-rP2dAqsDSq1mJMOaY&_nc_zt=24&_nc_ht=scontent-gig4-1.xx&_nc_gid=AoBFJeGrT1hVaew_6rchkQ&oh=00_AfX7QmFGhQhG2jAllVgXCiM1ZrWgvtp80-Bfppyexh1QEg&oe=689E923C","@id":"https:\/\/anoticiaonline.com.br\/site\/das-tres-virtudes-teologais\/#organizationLogo"},"image":{"@id":"https:\/\/anoticiaonline.com.br\/site\/das-tres-virtudes-teologais\/#organizationLogo"}},{"@type":"Person","@id":"https:\/\/anoticiaonline.com.br\/site\/author\/juliana\/#author","url":"https:\/\/anoticiaonline.com.br\/site\/author\/juliana\/","name":"Juliana Laviola","image":{"@type":"ImageObject","@id":"https:\/\/anoticiaonline.com.br\/site\/das-tres-virtudes-teologais\/#authorImage","url":"https:\/\/secure.gravatar.com\/avatar\/b8d45f5c699b100dfaf0e543582f38f38bf94cb7ae3a5e9abf8d891a34773335?s=96&d=mm&r=g","width":96,"height":96,"caption":"Juliana Laviola"}},{"@type":"WebPage","@id":"https:\/\/anoticiaonline.com.br\/site\/das-tres-virtudes-teologais\/#webpage","url":"https:\/\/anoticiaonline.com.br\/site\/das-tres-virtudes-teologais\/","name":"Das tr\u00eas virtudes teologais - A Not\u00edcia Online","description":"A Caridade \u00e9 em todos os mundos a eterna \u00e2ncora de salva\u00e7\u00e3o \"A F\u00e9, a Esperan\u00e7a e a Caridade permanecem; mas, dentre elas, a mais excelente \u00e9 a Caridade.\" - Paulo. (I Cor., 13:13) A f\u00e9 levada ao excesso produz o fanatismo, e, a esperan\u00e7a mal dosada, leva \u00e0 ociosidade. A Caridade, por\u00e9m - a","inLanguage":"pt-BR","isPartOf":{"@id":"https:\/\/anoticiaonline.com.br\/site\/#website"},"breadcrumb":{"@id":"https:\/\/anoticiaonline.com.br\/site\/das-tres-virtudes-teologais\/#breadcrumblist"},"author":{"@id":"https:\/\/anoticiaonline.com.br\/site\/author\/juliana\/#author"},"creator":{"@id":"https:\/\/anoticiaonline.com.br\/site\/author\/juliana\/#author"},"datePublished":"2016-02-01T07:42:21-03:00","dateModified":"2016-02-01T07:42:21-03:00"},{"@type":"WebSite","@id":"https:\/\/anoticiaonline.com.br\/site\/#website","url":"https:\/\/anoticiaonline.com.br\/site\/","name":"A Not\u00edcia Online","description":"Noticias de Muria\u00e9 e regi\u00e3o","inLanguage":"pt-BR","publisher":{"@id":"https:\/\/anoticiaonline.com.br\/site\/#organization"}}]},"og:locale":"pt_BR","og:site_name":"A Not\u00edcia Online - Noticias de Muria\u00e9 e regi\u00e3o","og:type":"article","og:title":"Das tr\u00eas virtudes teologais - A Not\u00edcia Online","og:description":"A Caridade \u00e9 em todos os mundos a eterna \u00e2ncora de salva\u00e7\u00e3o &quot;A F\u00e9, a Esperan\u00e7a e a Caridade permanecem; mas, dentre elas, a mais excelente \u00e9 a Caridade.&quot; - Paulo. (I Cor., 13:13) A f\u00e9 levada ao excesso produz o fanatismo, e, a esperan\u00e7a mal dosada, leva \u00e0 ociosidade. A Caridade, por\u00e9m - a","og:url":"https:\/\/anoticiaonline.com.br\/site\/das-tres-virtudes-teologais\/","og:image":"https:\/\/scontent-gig4-1.xx.fbcdn.net\/v\/t39.30808-1\/270437624_4564083193639691_6907940295614233970_n.jpg?stp=dst-jpg_s200x200_tt6&#038;_nc_cat=111&#038;ccb=1-7&#038;_nc_sid=f907e8&#038;_nc_ohc=SM1wRlP3lJwQ7kNvwEPuBYA&#038;_nc_oc=AdnqrjDN_BNjSSHWO-GbkIWH6fkGMLw4bqvL_NH6e2wMveX7G-rP2dAqsDSq1mJMOaY&#038;_nc_zt=24&#038;_nc_ht=scontent-gig4-1.xx&#038;_nc_gid=AoBFJeGrT1hVaew_6rchkQ&#038;oh=00_AfX7QmFGhQhG2jAllVgXCiM1ZrWgvtp80-Bfppyexh1QEg&#038;oe=689E923C","og:image:secure_url":"https:\/\/scontent-gig4-1.xx.fbcdn.net\/v\/t39.30808-1\/270437624_4564083193639691_6907940295614233970_n.jpg?stp=dst-jpg_s200x200_tt6&#038;_nc_cat=111&#038;ccb=1-7&#038;_nc_sid=f907e8&#038;_nc_ohc=SM1wRlP3lJwQ7kNvwEPuBYA&#038;_nc_oc=AdnqrjDN_BNjSSHWO-GbkIWH6fkGMLw4bqvL_NH6e2wMveX7G-rP2dAqsDSq1mJMOaY&#038;_nc_zt=24&#038;_nc_ht=scontent-gig4-1.xx&#038;_nc_gid=AoBFJeGrT1hVaew_6rchkQ&#038;oh=00_AfX7QmFGhQhG2jAllVgXCiM1ZrWgvtp80-Bfppyexh1QEg&#038;oe=689E923C","article:published_time":"2016-02-01T10:42:21+00:00","article:modified_time":"2016-02-01T10:42:21+00:00","twitter:card":"summary_large_image","twitter:title":"Das tr\u00eas virtudes teologais - A Not\u00edcia Online","twitter:description":"A Caridade \u00e9 em todos os mundos a eterna \u00e2ncora de salva\u00e7\u00e3o &quot;A F\u00e9, a Esperan\u00e7a e a Caridade permanecem; mas, dentre elas, a mais excelente \u00e9 a Caridade.&quot; - Paulo. (I Cor., 13:13) A f\u00e9 levada ao excesso produz o fanatismo, e, a esperan\u00e7a mal dosada, leva \u00e0 ociosidade. A Caridade, por\u00e9m - a","twitter:image":"https:\/\/scontent-gig4-1.xx.fbcdn.net\/v\/t39.30808-1\/270437624_4564083193639691_6907940295614233970_n.jpg?stp=dst-jpg_s200x200_tt6&_nc_cat=111&ccb=1-7&_nc_sid=f907e8&_nc_ohc=SM1wRlP3lJwQ7kNvwEPuBYA&_nc_oc=AdnqrjDN_BNjSSHWO-GbkIWH6fkGMLw4bqvL_NH6e2wMveX7G-rP2dAqsDSq1mJMOaY&_nc_zt=24&_nc_ht=scontent-gig4-1.xx&_nc_gid=AoBFJeGrT1hVaew_6rchkQ&oh=00_AfX7QmFGhQhG2jAllVgXCiM1ZrWgvtp80-Bfppyexh1QEg&oe=689E923C"},"aioseo_meta_data":{"post_id":"9137","title":null,"description":null,"keywords":null,"keyphrases":null,"primary_term":null,"canonical_url":null,"og_title":null,"og_description":null,"og_object_type":"default","og_image_type":"default","og_image_url":null,"og_image_width":null,"og_image_height":null,"og_image_custom_url":null,"og_image_custom_fields":null,"og_video":null,"og_custom_url":null,"og_article_section":null,"og_article_tags":null,"twitter_use_og":false,"twitter_card":"default","twitter_image_type":"default","twitter_image_url":null,"twitter_image_custom_url":null,"twitter_image_custom_fields":null,"twitter_title":null,"twitter_description":null,"schema":{"blockGraphs":[],"customGraphs":[],"default":{"data":{"Article":[],"Course":[],"Dataset":[],"FAQPage":[],"Movie":[],"Person":[],"Product":[],"ProductReview":[],"Car":[],"Recipe":[],"Service":[],"SoftwareApplication":[],"WebPage":[]},"graphName":"","isEnabled":true},"graphs":[]},"schema_type":"default","schema_type_options":null,"pillar_content":false,"robots_default":true,"robots_noindex":false,"robots_noarchive":false,"robots_nosnippet":false,"robots_nofollow":false,"robots_noimageindex":false,"robots_noodp":false,"robots_notranslate":false,"robots_max_snippet":null,"robots_max_videopreview":null,"robots_max_imagepreview":"large","priority":null,"frequency":null,"local_seo":null,"breadcrumb_settings":null,"limit_modified_date":false,"ai":null,"created":"2025-08-16 14:57:43","updated":"2025-08-16 14:57:43","focus_keyword":null,"additional_keywords":null,"truseo_locale":null,"seo_analyzer_scan_date":null},"aioseo_breadcrumb":"<div class=\"aioseo-breadcrumbs\"><span class=\"aioseo-breadcrumb\">\n\t\t\t<a href=\"https:\/\/anoticiaonline.com.br\/site\" title=\"Home\">Home<\/a>\n\t\t<\/span><span class=\"aioseo-breadcrumb-separator\">&raquo;<\/span><span class=\"aioseo-breadcrumb\">\n\t\t\t<a href=\"https:\/\/anoticiaonline.com.br\/site\/categoria\/colunistas\/\" title=\"Colunistas\">Colunistas<\/a>\n\t\t<\/span><span class=\"aioseo-breadcrumb-separator\">&raquo;<\/span><span class=\"aioseo-breadcrumb\">\n\t\t\t<a href=\"https:\/\/anoticiaonline.com.br\/site\/categoria\/colunistas\/espiritismo-em-foco-de-rogerio-coelho\/\" title=\"Espiritismo em Foco, por Rog\u00e9rio Coelho\">Espiritismo em Foco, por Rog\u00e9rio Coelho<\/a>\n\t\t<\/span><span class=\"aioseo-breadcrumb-separator\">&raquo;<\/span><span class=\"aioseo-breadcrumb\">\n\t\t\tDas tr\u00eas virtudes teologais\n\t\t<\/span><\/div>","aioseo_breadcrumb_json":[{"label":"Home","link":"https:\/\/anoticiaonline.com.br\/site"},{"label":"Colunistas","link":"https:\/\/anoticiaonline.com.br\/site\/categoria\/colunistas\/"},{"label":"Espiritismo em Foco, por Rog\u00e9rio Coelho","link":"https:\/\/anoticiaonline.com.br\/site\/categoria\/colunistas\/espiritismo-em-foco-de-rogerio-coelho\/"},{"label":"Das tr\u00eas virtudes teologais","link":"https:\/\/anoticiaonline.com.br\/site\/das-tres-virtudes-teologais\/"}],"views":157,"_links":{"self":[{"href":"https:\/\/anoticiaonline.com.br\/site\/wp-json\/wp\/v2\/posts\/9137","targetHints":{"allow":["GET"]}}],"collection":[{"href":"https:\/\/anoticiaonline.com.br\/site\/wp-json\/wp\/v2\/posts"}],"about":[{"href":"https:\/\/anoticiaonline.com.br\/site\/wp-json\/wp\/v2\/types\/post"}],"author":[{"embeddable":true,"href":"https:\/\/anoticiaonline.com.br\/site\/wp-json\/wp\/v2\/users\/2"}],"replies":[{"embeddable":true,"href":"https:\/\/anoticiaonline.com.br\/site\/wp-json\/wp\/v2\/comments?post=9137"}],"version-history":[{"count":0,"href":"https:\/\/anoticiaonline.com.br\/site\/wp-json\/wp\/v2\/posts\/9137\/revisions"}],"wp:attachment":[{"href":"https:\/\/anoticiaonline.com.br\/site\/wp-json\/wp\/v2\/media?parent=9137"}],"wp:term":[{"taxonomy":"category","embeddable":true,"href":"https:\/\/anoticiaonline.com.br\/site\/wp-json\/wp\/v2\/categories?post=9137"},{"taxonomy":"post_tag","embeddable":true,"href":"https:\/\/anoticiaonline.com.br\/site\/wp-json\/wp\/v2\/tags?post=9137"}],"curies":[{"name":"wp","href":"https:\/\/api.w.org\/{rel}","templated":true}]}}