{"id":9019,"date":"2016-01-28T15:38:40","date_gmt":"2016-01-28T18:38:40","guid":{"rendered":"http:\/\/anoticiaonline.com.br\/site\/?p=9019"},"modified":"2016-01-28T17:14:00","modified_gmt":"2016-01-28T20:14:00","slug":"jv-supermercado-comemora-um-ano-de-funcionamento","status":"publish","type":"post","link":"https:\/\/anoticiaonline.com.br\/site\/jv-supermercado-comemora-um-ano-de-funcionamento\/","title":{"rendered":"JV Supermercado comemora um ano de funcionamento"},"content":{"rendered":"<p><a href=\"https:\/\/anoticiaonline.com.br\/site\/wp-content\/uploads\/2016\/01\/DSC_0343.jpg\"><img fetchpriority=\"high\" decoding=\"async\" class=\" size-medium wp-image-9020 alignleft\" src=\"https:\/\/anoticiaonline.com.br\/site\/wp-content\/uploads\/2016\/01\/DSC_0343-300x199.jpg\" alt=\"DSC_0343\" width=\"300\" height=\"199\" srcset=\"https:\/\/anoticiaonline.com.br\/site\/wp-content\/uploads\/2016\/01\/DSC_0343-300x199.jpg 300w, https:\/\/anoticiaonline.com.br\/site\/wp-content\/uploads\/2016\/01\/DSC_0343.jpg 640w\" sizes=\"(max-width: 300px) 100vw, 300px\" \/><\/a>O JV Supermercado est\u00e1 comemorando seu primeiro ano de funcionamento. Empresa familiar localizada no bairro Santana e associado \u00e0 Rede Uai, oferece um grande mix de produtos, contando com a\u00e7ougue, hortifruti e padaria a pre\u00e7os acess\u00edveis.<\/p>\n<p>De acordo com o encarregado geral, Jos\u00e9 Bitar\u00e3es Dias, o supermercado evoluiu durante o ano. Al\u00e9m de melhorar a estrutura, instalando climatizadores, aumentou tamb\u00e9m o n\u00famero de funcion\u00e1rios \u2013 de sete, o n\u00famero subiu para 12. \u201cEsperamos crescer cada dia mais\u201d, afirma.<\/p>\n<p>O filho Vin\u00edcius da Silva Bitar\u00e3es Dias tamb\u00e9m faz parte da administra\u00e7\u00e3o do supermercado. Segundo ele, al\u00e9m do espa\u00e7o f\u00edsico, com a loja nova no bairro, aumentou-se tamb\u00e9m a variedade de produtos oferecidos. \u201cEstamos oferecendo muito mais produtos do que se oferecia antes no bairro. E isso facilita muito o dia a dia das pessoas que moram em um bairro afastado do Centro da cidade, como \u00e9 o caso do Santana\u201d, frisa. \u201cEssa loja tamb\u00e9m agrega valor ao bairro\u201d, considera.<\/p>\n<p>No s\u00e1bado (23), a fam\u00edlia recebeu os clientes com um caf\u00e9 da manh\u00e3, em comemora\u00e7\u00e3o a este momento especial para a nova loja e apresentou aos clientes os produtos de a\u00e7ougue de fabrica\u00e7\u00e3o pr\u00f3pria. \u201cAgrade\u00e7o a todos os nossos clientes que nos prestigiam ao longo do ano e aos novos que estamos conquistando. \u00c0queles que ainda n\u00e3o conhecem, sintam-se convidados para nos fazer uma visita e conhecer nossa nova loja, nossos pre\u00e7os e produtos\u201d, finaliza Jos\u00e9 Bitar\u00e3es.<\/p>\n<p><img decoding=\"async\" class=\"ngg_displayed_gallery mceItem\" src=\"https:\/\/anoticiaonline.com.br\/site\/nextgen-attach_to_post\/preview\/id--9057\" alt=\"\" \/><\/p>\n","protected":false},"excerpt":{"rendered":"<p>O JV Supermercado est\u00e1 comemorando seu primeiro ano de funcionamento. Empresa familiar localizada no bairro Santana e associado \u00e0 Rede Uai, oferece um grande mix de produtos, contando com a\u00e7ougue, hortifruti e padaria a pre\u00e7os acess\u00edveis. De acordo com o encarregado geral, Jos\u00e9 Bitar\u00e3es Dias, o supermercado evoluiu durante o ano. Al\u00e9m de melhorar a &#8230; <a title=\"JV Supermercado comemora um ano de funcionamento\" class=\"read-more\" href=\"https:\/\/anoticiaonline.com.br\/site\/jv-supermercado-comemora-um-ano-de-funcionamento\/\" aria-label=\"Read more about JV Supermercado comemora um ano de funcionamento\">Ler mais<\/a><\/p>\n","protected":false},"author":2,"featured_media":9020,"comment_status":"open","ping_status":"open","sticky":false,"template":"","format":"standard","meta":{"_acf_changed":false,"_monsterinsights_skip_tracking":false,"footnotes":""},"categories":[24],"tags":[3],"class_list":["post-9019","post","type-post","status-publish","format-standard","has-post-thumbnail","hentry","category-eventos","tag-slide"],"acf":[],"aioseo_notices":[],"aioseo_head":"\n\t\t<!-- All in One SEO 5.0.0.1 - aioseo.com -->\n\t<meta name=\"description\" content=\"O JV Supermercado est\u00e1 comemorando seu primeiro ano de funcionamento. Empresa familiar localizada no bairro Santana e associado \u00e0 Rede Uai, oferece um grande mix de produtos, contando com a\u00e7ougue, hortifruti e padaria a pre\u00e7os acess\u00edveis. De acordo com o encarregado geral, Jos\u00e9 Bitar\u00e3es Dias, o supermercado evoluiu durante o ano. Al\u00e9m de melhorar a\" \/>\n\t<meta name=\"robots\" content=\"max-image-preview:large\" \/>\n\t<meta name=\"author\" content=\"Juliana Laviola\"\/>\n\t<link rel=\"canonical\" href=\"https:\/\/anoticiaonline.com.br\/site\/jv-supermercado-comemora-um-ano-de-funcionamento\/\" \/>\n\t<meta name=\"generator\" content=\"All in One SEO (AIOSEO) 5.0.0.1\" \/>\n\t\t<meta property=\"og:locale\" content=\"pt_BR\" \/>\n\t\t<meta property=\"og:site_name\" content=\"A Not\u00edcia Online - Noticias de Muria\u00e9 e regi\u00e3o\" \/>\n\t\t<meta property=\"og:type\" content=\"article\" \/>\n\t\t<meta property=\"og:title\" content=\"JV Supermercado comemora um ano de funcionamento - A Not\u00edcia Online\" \/>\n\t\t<meta property=\"og:description\" content=\"O JV Supermercado est\u00e1 comemorando seu primeiro ano de funcionamento. Empresa familiar localizada no bairro Santana e associado \u00e0 Rede Uai, oferece um grande mix de produtos, contando com a\u00e7ougue, hortifruti e padaria a pre\u00e7os acess\u00edveis. De acordo com o encarregado geral, Jos\u00e9 Bitar\u00e3es Dias, o supermercado evoluiu durante o ano. Al\u00e9m de melhorar a\" \/>\n\t\t<meta property=\"og:url\" content=\"https:\/\/anoticiaonline.com.br\/site\/jv-supermercado-comemora-um-ano-de-funcionamento\/\" \/>\n\t\t<meta property=\"og:image\" content=\"https:\/\/scontent-gig4-1.xx.fbcdn.net\/v\/t39.30808-1\/270437624_4564083193639691_6907940295614233970_n.jpg?stp=dst-jpg_s200x200_tt6&#038;_nc_cat=111&#038;ccb=1-7&#038;_nc_sid=f907e8&#038;_nc_ohc=SM1wRlP3lJwQ7kNvwEPuBYA&#038;_nc_oc=AdnqrjDN_BNjSSHWO-GbkIWH6fkGMLw4bqvL_NH6e2wMveX7G-rP2dAqsDSq1mJMOaY&#038;_nc_zt=24&#038;_nc_ht=scontent-gig4-1.xx&#038;_nc_gid=AoBFJeGrT1hVaew_6rchkQ&#038;oh=00_AfX7QmFGhQhG2jAllVgXCiM1ZrWgvtp80-Bfppyexh1QEg&#038;oe=689E923C\" \/>\n\t\t<meta property=\"og:image:secure_url\" content=\"https:\/\/scontent-gig4-1.xx.fbcdn.net\/v\/t39.30808-1\/270437624_4564083193639691_6907940295614233970_n.jpg?stp=dst-jpg_s200x200_tt6&#038;_nc_cat=111&#038;ccb=1-7&#038;_nc_sid=f907e8&#038;_nc_ohc=SM1wRlP3lJwQ7kNvwEPuBYA&#038;_nc_oc=AdnqrjDN_BNjSSHWO-GbkIWH6fkGMLw4bqvL_NH6e2wMveX7G-rP2dAqsDSq1mJMOaY&#038;_nc_zt=24&#038;_nc_ht=scontent-gig4-1.xx&#038;_nc_gid=AoBFJeGrT1hVaew_6rchkQ&#038;oh=00_AfX7QmFGhQhG2jAllVgXCiM1ZrWgvtp80-Bfppyexh1QEg&#038;oe=689E923C\" \/>\n\t\t<meta property=\"article:published_time\" content=\"2016-01-28T18:38:40+00:00\" \/>\n\t\t<meta property=\"article:modified_time\" content=\"2016-01-28T20:14:00+00:00\" \/>\n\t\t<meta name=\"twitter:card\" content=\"summary_large_image\" \/>\n\t\t<meta name=\"twitter:title\" content=\"JV Supermercado comemora um ano de funcionamento - A Not\u00edcia Online\" \/>\n\t\t<meta name=\"twitter:description\" content=\"O JV Supermercado est\u00e1 comemorando seu primeiro ano de funcionamento. Empresa familiar localizada no bairro Santana e associado \u00e0 Rede Uai, oferece um grande mix de produtos, contando com a\u00e7ougue, hortifruti e padaria a pre\u00e7os acess\u00edveis. De acordo com o encarregado geral, Jos\u00e9 Bitar\u00e3es Dias, o supermercado evoluiu durante o ano. Al\u00e9m de melhorar a\" \/>\n\t\t<meta name=\"twitter:image\" content=\"https:\/\/scontent-gig4-1.xx.fbcdn.net\/v\/t39.30808-1\/270437624_4564083193639691_6907940295614233970_n.jpg?stp=dst-jpg_s200x200_tt6&amp;_nc_cat=111&amp;ccb=1-7&amp;_nc_sid=f907e8&amp;_nc_ohc=SM1wRlP3lJwQ7kNvwEPuBYA&amp;_nc_oc=AdnqrjDN_BNjSSHWO-GbkIWH6fkGMLw4bqvL_NH6e2wMveX7G-rP2dAqsDSq1mJMOaY&amp;_nc_zt=24&amp;_nc_ht=scontent-gig4-1.xx&amp;_nc_gid=AoBFJeGrT1hVaew_6rchkQ&amp;oh=00_AfX7QmFGhQhG2jAllVgXCiM1ZrWgvtp80-Bfppyexh1QEg&amp;oe=689E923C\" \/>\n\t\t<script type=\"application\/ld+json\" class=\"aioseo-schema\">\n\t\t\t{\"@context\":\"https:\\\/\\\/schema.org\",\"@graph\":[{\"@type\":\"BlogPosting\",\"@id\":\"https:\\\/\\\/anoticiaonline.com.br\\\/site\\\/jv-supermercado-comemora-um-ano-de-funcionamento\\\/#blogposting\",\"name\":\"JV Supermercado comemora um ano de funcionamento - A Not\\u00edcia Online\",\"headline\":\"JV Supermercado comemora um ano de funcionamento\",\"author\":{\"@id\":\"https:\\\/\\\/anoticiaonline.com.br\\\/site\\\/author\\\/juliana\\\/#author\"},\"publisher\":{\"@id\":\"https:\\\/\\\/anoticiaonline.com.br\\\/site\\\/#organization\"},\"image\":{\"@type\":\"ImageObject\",\"url\":\"https:\\\/\\\/anoticiaonline.com.br\\\/site\\\/wp-content\\\/uploads\\\/2016\\\/01\\\/DSC_0343.jpg\",\"width\":640,\"height\":424},\"datePublished\":\"2016-01-28T15:38:40-03:00\",\"dateModified\":\"2016-01-28T17:14:00-03:00\",\"inLanguage\":\"pt-BR\",\"mainEntityOfPage\":{\"@id\":\"https:\\\/\\\/anoticiaonline.com.br\\\/site\\\/jv-supermercado-comemora-um-ano-de-funcionamento\\\/#webpage\"},\"isPartOf\":{\"@id\":\"https:\\\/\\\/anoticiaonline.com.br\\\/site\\\/jv-supermercado-comemora-um-ano-de-funcionamento\\\/#webpage\"},\"articleSection\":\"Eventos, slide\"},{\"@type\":\"BreadcrumbList\",\"@id\":\"https:\\\/\\\/anoticiaonline.com.br\\\/site\\\/jv-supermercado-comemora-um-ano-de-funcionamento\\\/#breadcrumblist\",\"itemListElement\":[{\"@type\":\"ListItem\",\"@id\":\"https:\\\/\\\/anoticiaonline.com.br\\\/site#listItem\",\"position\":1,\"name\":\"Home\",\"item\":\"https:\\\/\\\/anoticiaonline.com.br\\\/site\",\"nextItem\":{\"@type\":\"ListItem\",\"@id\":\"https:\\\/\\\/anoticiaonline.com.br\\\/site\\\/categoria\\\/eventos\\\/#listItem\",\"name\":\"Eventos\"}},{\"@type\":\"ListItem\",\"@id\":\"https:\\\/\\\/anoticiaonline.com.br\\\/site\\\/categoria\\\/eventos\\\/#listItem\",\"position\":2,\"name\":\"Eventos\",\"item\":\"https:\\\/\\\/anoticiaonline.com.br\\\/site\\\/categoria\\\/eventos\\\/\",\"nextItem\":{\"@type\":\"ListItem\",\"@id\":\"https:\\\/\\\/anoticiaonline.com.br\\\/site\\\/jv-supermercado-comemora-um-ano-de-funcionamento\\\/#listItem\",\"name\":\"JV Supermercado comemora um ano de funcionamento\"},\"previousItem\":{\"@type\":\"ListItem\",\"@id\":\"https:\\\/\\\/anoticiaonline.com.br\\\/site#listItem\",\"name\":\"Home\"}},{\"@type\":\"ListItem\",\"@id\":\"https:\\\/\\\/anoticiaonline.com.br\\\/site\\\/jv-supermercado-comemora-um-ano-de-funcionamento\\\/#listItem\",\"position\":3,\"name\":\"JV Supermercado comemora um ano de funcionamento\",\"previousItem\":{\"@type\":\"ListItem\",\"@id\":\"https:\\\/\\\/anoticiaonline.com.br\\\/site\\\/categoria\\\/eventos\\\/#listItem\",\"name\":\"Eventos\"}}]},{\"@type\":\"Organization\",\"@id\":\"https:\\\/\\\/anoticiaonline.com.br\\\/site\\\/#organization\",\"name\":\"A Not\\u00edcia Online\",\"description\":\"Noticias de Muria\\u00e9 e regi\\u00e3o\",\"url\":\"https:\\\/\\\/anoticiaonline.com.br\\\/site\\\/\",\"logo\":{\"@type\":\"ImageObject\",\"url\":\"https:\\\/\\\/scontent-gig4-1.xx.fbcdn.net\\\/v\\\/t39.30808-1\\\/270437624_4564083193639691_6907940295614233970_n.jpg?stp=dst-jpg_s200x200_tt6&_nc_cat=111&ccb=1-7&_nc_sid=f907e8&_nc_ohc=SM1wRlP3lJwQ7kNvwEPuBYA&_nc_oc=AdnqrjDN_BNjSSHWO-GbkIWH6fkGMLw4bqvL_NH6e2wMveX7G-rP2dAqsDSq1mJMOaY&_nc_zt=24&_nc_ht=scontent-gig4-1.xx&_nc_gid=AoBFJeGrT1hVaew_6rchkQ&oh=00_AfX7QmFGhQhG2jAllVgXCiM1ZrWgvtp80-Bfppyexh1QEg&oe=689E923C\",\"@id\":\"https:\\\/\\\/anoticiaonline.com.br\\\/site\\\/jv-supermercado-comemora-um-ano-de-funcionamento\\\/#organizationLogo\"},\"image\":{\"@id\":\"https:\\\/\\\/anoticiaonline.com.br\\\/site\\\/jv-supermercado-comemora-um-ano-de-funcionamento\\\/#organizationLogo\"}},{\"@type\":\"Person\",\"@id\":\"https:\\\/\\\/anoticiaonline.com.br\\\/site\\\/author\\\/juliana\\\/#author\",\"url\":\"https:\\\/\\\/anoticiaonline.com.br\\\/site\\\/author\\\/juliana\\\/\",\"name\":\"Juliana Laviola\",\"image\":{\"@type\":\"ImageObject\",\"@id\":\"https:\\\/\\\/anoticiaonline.com.br\\\/site\\\/jv-supermercado-comemora-um-ano-de-funcionamento\\\/#authorImage\",\"url\":\"https:\\\/\\\/secure.gravatar.com\\\/avatar\\\/b8d45f5c699b100dfaf0e543582f38f38bf94cb7ae3a5e9abf8d891a34773335?s=96&d=mm&r=g\",\"width\":96,\"height\":96,\"caption\":\"Juliana Laviola\"}},{\"@type\":\"WebPage\",\"@id\":\"https:\\\/\\\/anoticiaonline.com.br\\\/site\\\/jv-supermercado-comemora-um-ano-de-funcionamento\\\/#webpage\",\"url\":\"https:\\\/\\\/anoticiaonline.com.br\\\/site\\\/jv-supermercado-comemora-um-ano-de-funcionamento\\\/\",\"name\":\"JV Supermercado comemora um ano de funcionamento - A Not\\u00edcia Online\",\"description\":\"O JV Supermercado est\\u00e1 comemorando seu primeiro ano de funcionamento. Empresa familiar localizada no bairro Santana e associado \\u00e0 Rede Uai, oferece um grande mix de produtos, contando com a\\u00e7ougue, hortifruti e padaria a pre\\u00e7os acess\\u00edveis. De acordo com o encarregado geral, Jos\\u00e9 Bitar\\u00e3es Dias, o supermercado evoluiu durante o ano. Al\\u00e9m de melhorar a\",\"inLanguage\":\"pt-BR\",\"isPartOf\":{\"@id\":\"https:\\\/\\\/anoticiaonline.com.br\\\/site\\\/#website\"},\"breadcrumb\":{\"@id\":\"https:\\\/\\\/anoticiaonline.com.br\\\/site\\\/jv-supermercado-comemora-um-ano-de-funcionamento\\\/#breadcrumblist\"},\"author\":{\"@id\":\"https:\\\/\\\/anoticiaonline.com.br\\\/site\\\/author\\\/juliana\\\/#author\"},\"creator\":{\"@id\":\"https:\\\/\\\/anoticiaonline.com.br\\\/site\\\/author\\\/juliana\\\/#author\"},\"image\":{\"@type\":\"ImageObject\",\"url\":\"https:\\\/\\\/anoticiaonline.com.br\\\/site\\\/wp-content\\\/uploads\\\/2016\\\/01\\\/DSC_0343.jpg\",\"@id\":\"https:\\\/\\\/anoticiaonline.com.br\\\/site\\\/jv-supermercado-comemora-um-ano-de-funcionamento\\\/#mainImage\",\"width\":640,\"height\":424},\"primaryImageOfPage\":{\"@id\":\"https:\\\/\\\/anoticiaonline.com.br\\\/site\\\/jv-supermercado-comemora-um-ano-de-funcionamento\\\/#mainImage\"},\"datePublished\":\"2016-01-28T15:38:40-03:00\",\"dateModified\":\"2016-01-28T17:14:00-03:00\"},{\"@type\":\"WebSite\",\"@id\":\"https:\\\/\\\/anoticiaonline.com.br\\\/site\\\/#website\",\"url\":\"https:\\\/\\\/anoticiaonline.com.br\\\/site\\\/\",\"name\":\"A Not\\u00edcia Online\",\"description\":\"Noticias de Muria\\u00e9 e regi\\u00e3o\",\"inLanguage\":\"pt-BR\",\"publisher\":{\"@id\":\"https:\\\/\\\/anoticiaonline.com.br\\\/site\\\/#organization\"}}]}\n\t\t<\/script>\n\t\t<!-- All in One SEO -->\n\n","aioseo_head_json":{"title":"JV Supermercado comemora um ano de funcionamento - A Not\u00edcia Online","description":"O JV Supermercado est\u00e1 comemorando seu primeiro ano de funcionamento. Empresa familiar localizada no bairro Santana e associado \u00e0 Rede Uai, oferece um grande mix de produtos, contando com a\u00e7ougue, hortifruti e padaria a pre\u00e7os acess\u00edveis. De acordo com o encarregado geral, Jos\u00e9 Bitar\u00e3es Dias, o supermercado evoluiu durante o ano. Al\u00e9m de melhorar a","canonical_url":"https:\/\/anoticiaonline.com.br\/site\/jv-supermercado-comemora-um-ano-de-funcionamento\/","robots":"max-image-preview:large","keywords":"","webmasterTools":{"miscellaneous":""},"schema":{"@context":"https:\/\/schema.org","@graph":[{"@type":"BlogPosting","@id":"https:\/\/anoticiaonline.com.br\/site\/jv-supermercado-comemora-um-ano-de-funcionamento\/#blogposting","name":"JV Supermercado comemora um ano de funcionamento - A Not\u00edcia Online","headline":"JV Supermercado comemora um ano de funcionamento","author":{"@id":"https:\/\/anoticiaonline.com.br\/site\/author\/juliana\/#author"},"publisher":{"@id":"https:\/\/anoticiaonline.com.br\/site\/#organization"},"image":{"@type":"ImageObject","url":"https:\/\/anoticiaonline.com.br\/site\/wp-content\/uploads\/2016\/01\/DSC_0343.jpg","width":640,"height":424},"datePublished":"2016-01-28T15:38:40-03:00","dateModified":"2016-01-28T17:14:00-03:00","inLanguage":"pt-BR","mainEntityOfPage":{"@id":"https:\/\/anoticiaonline.com.br\/site\/jv-supermercado-comemora-um-ano-de-funcionamento\/#webpage"},"isPartOf":{"@id":"https:\/\/anoticiaonline.com.br\/site\/jv-supermercado-comemora-um-ano-de-funcionamento\/#webpage"},"articleSection":"Eventos, slide"},{"@type":"BreadcrumbList","@id":"https:\/\/anoticiaonline.com.br\/site\/jv-supermercado-comemora-um-ano-de-funcionamento\/#breadcrumblist","itemListElement":[{"@type":"ListItem","@id":"https:\/\/anoticiaonline.com.br\/site#listItem","position":1,"name":"Home","item":"https:\/\/anoticiaonline.com.br\/site","nextItem":{"@type":"ListItem","@id":"https:\/\/anoticiaonline.com.br\/site\/categoria\/eventos\/#listItem","name":"Eventos"}},{"@type":"ListItem","@id":"https:\/\/anoticiaonline.com.br\/site\/categoria\/eventos\/#listItem","position":2,"name":"Eventos","item":"https:\/\/anoticiaonline.com.br\/site\/categoria\/eventos\/","nextItem":{"@type":"ListItem","@id":"https:\/\/anoticiaonline.com.br\/site\/jv-supermercado-comemora-um-ano-de-funcionamento\/#listItem","name":"JV Supermercado comemora um ano de funcionamento"},"previousItem":{"@type":"ListItem","@id":"https:\/\/anoticiaonline.com.br\/site#listItem","name":"Home"}},{"@type":"ListItem","@id":"https:\/\/anoticiaonline.com.br\/site\/jv-supermercado-comemora-um-ano-de-funcionamento\/#listItem","position":3,"name":"JV Supermercado comemora um ano de funcionamento","previousItem":{"@type":"ListItem","@id":"https:\/\/anoticiaonline.com.br\/site\/categoria\/eventos\/#listItem","name":"Eventos"}}]},{"@type":"Organization","@id":"https:\/\/anoticiaonline.com.br\/site\/#organization","name":"A Not\u00edcia Online","description":"Noticias de Muria\u00e9 e regi\u00e3o","url":"https:\/\/anoticiaonline.com.br\/site\/","logo":{"@type":"ImageObject","url":"https:\/\/scontent-gig4-1.xx.fbcdn.net\/v\/t39.30808-1\/270437624_4564083193639691_6907940295614233970_n.jpg?stp=dst-jpg_s200x200_tt6&_nc_cat=111&ccb=1-7&_nc_sid=f907e8&_nc_ohc=SM1wRlP3lJwQ7kNvwEPuBYA&_nc_oc=AdnqrjDN_BNjSSHWO-GbkIWH6fkGMLw4bqvL_NH6e2wMveX7G-rP2dAqsDSq1mJMOaY&_nc_zt=24&_nc_ht=scontent-gig4-1.xx&_nc_gid=AoBFJeGrT1hVaew_6rchkQ&oh=00_AfX7QmFGhQhG2jAllVgXCiM1ZrWgvtp80-Bfppyexh1QEg&oe=689E923C","@id":"https:\/\/anoticiaonline.com.br\/site\/jv-supermercado-comemora-um-ano-de-funcionamento\/#organizationLogo"},"image":{"@id":"https:\/\/anoticiaonline.com.br\/site\/jv-supermercado-comemora-um-ano-de-funcionamento\/#organizationLogo"}},{"@type":"Person","@id":"https:\/\/anoticiaonline.com.br\/site\/author\/juliana\/#author","url":"https:\/\/anoticiaonline.com.br\/site\/author\/juliana\/","name":"Juliana Laviola","image":{"@type":"ImageObject","@id":"https:\/\/anoticiaonline.com.br\/site\/jv-supermercado-comemora-um-ano-de-funcionamento\/#authorImage","url":"https:\/\/secure.gravatar.com\/avatar\/b8d45f5c699b100dfaf0e543582f38f38bf94cb7ae3a5e9abf8d891a34773335?s=96&d=mm&r=g","width":96,"height":96,"caption":"Juliana Laviola"}},{"@type":"WebPage","@id":"https:\/\/anoticiaonline.com.br\/site\/jv-supermercado-comemora-um-ano-de-funcionamento\/#webpage","url":"https:\/\/anoticiaonline.com.br\/site\/jv-supermercado-comemora-um-ano-de-funcionamento\/","name":"JV Supermercado comemora um ano de funcionamento - A Not\u00edcia Online","description":"O JV Supermercado est\u00e1 comemorando seu primeiro ano de funcionamento. Empresa familiar localizada no bairro Santana e associado \u00e0 Rede Uai, oferece um grande mix de produtos, contando com a\u00e7ougue, hortifruti e padaria a pre\u00e7os acess\u00edveis. De acordo com o encarregado geral, Jos\u00e9 Bitar\u00e3es Dias, o supermercado evoluiu durante o ano. Al\u00e9m de melhorar a","inLanguage":"pt-BR","isPartOf":{"@id":"https:\/\/anoticiaonline.com.br\/site\/#website"},"breadcrumb":{"@id":"https:\/\/anoticiaonline.com.br\/site\/jv-supermercado-comemora-um-ano-de-funcionamento\/#breadcrumblist"},"author":{"@id":"https:\/\/anoticiaonline.com.br\/site\/author\/juliana\/#author"},"creator":{"@id":"https:\/\/anoticiaonline.com.br\/site\/author\/juliana\/#author"},"image":{"@type":"ImageObject","url":"https:\/\/anoticiaonline.com.br\/site\/wp-content\/uploads\/2016\/01\/DSC_0343.jpg","@id":"https:\/\/anoticiaonline.com.br\/site\/jv-supermercado-comemora-um-ano-de-funcionamento\/#mainImage","width":640,"height":424},"primaryImageOfPage":{"@id":"https:\/\/anoticiaonline.com.br\/site\/jv-supermercado-comemora-um-ano-de-funcionamento\/#mainImage"},"datePublished":"2016-01-28T15:38:40-03:00","dateModified":"2016-01-28T17:14:00-03:00"},{"@type":"WebSite","@id":"https:\/\/anoticiaonline.com.br\/site\/#website","url":"https:\/\/anoticiaonline.com.br\/site\/","name":"A Not\u00edcia Online","description":"Noticias de Muria\u00e9 e regi\u00e3o","inLanguage":"pt-BR","publisher":{"@id":"https:\/\/anoticiaonline.com.br\/site\/#organization"}}]},"og:locale":"pt_BR","og:site_name":"A Not\u00edcia Online - Noticias de Muria\u00e9 e regi\u00e3o","og:type":"article","og:title":"JV Supermercado comemora um ano de funcionamento - A Not\u00edcia Online","og:description":"O JV Supermercado est\u00e1 comemorando seu primeiro ano de funcionamento. Empresa familiar localizada no bairro Santana e associado \u00e0 Rede Uai, oferece um grande mix de produtos, contando com a\u00e7ougue, hortifruti e padaria a pre\u00e7os acess\u00edveis. De acordo com o encarregado geral, Jos\u00e9 Bitar\u00e3es Dias, o supermercado evoluiu durante o ano. Al\u00e9m de melhorar a","og:url":"https:\/\/anoticiaonline.com.br\/site\/jv-supermercado-comemora-um-ano-de-funcionamento\/","og:image":"https:\/\/scontent-gig4-1.xx.fbcdn.net\/v\/t39.30808-1\/270437624_4564083193639691_6907940295614233970_n.jpg?stp=dst-jpg_s200x200_tt6&#038;_nc_cat=111&#038;ccb=1-7&#038;_nc_sid=f907e8&#038;_nc_ohc=SM1wRlP3lJwQ7kNvwEPuBYA&#038;_nc_oc=AdnqrjDN_BNjSSHWO-GbkIWH6fkGMLw4bqvL_NH6e2wMveX7G-rP2dAqsDSq1mJMOaY&#038;_nc_zt=24&#038;_nc_ht=scontent-gig4-1.xx&#038;_nc_gid=AoBFJeGrT1hVaew_6rchkQ&#038;oh=00_AfX7QmFGhQhG2jAllVgXCiM1ZrWgvtp80-Bfppyexh1QEg&#038;oe=689E923C","og:image:secure_url":"https:\/\/scontent-gig4-1.xx.fbcdn.net\/v\/t39.30808-1\/270437624_4564083193639691_6907940295614233970_n.jpg?stp=dst-jpg_s200x200_tt6&#038;_nc_cat=111&#038;ccb=1-7&#038;_nc_sid=f907e8&#038;_nc_ohc=SM1wRlP3lJwQ7kNvwEPuBYA&#038;_nc_oc=AdnqrjDN_BNjSSHWO-GbkIWH6fkGMLw4bqvL_NH6e2wMveX7G-rP2dAqsDSq1mJMOaY&#038;_nc_zt=24&#038;_nc_ht=scontent-gig4-1.xx&#038;_nc_gid=AoBFJeGrT1hVaew_6rchkQ&#038;oh=00_AfX7QmFGhQhG2jAllVgXCiM1ZrWgvtp80-Bfppyexh1QEg&#038;oe=689E923C","article:published_time":"2016-01-28T18:38:40+00:00","article:modified_time":"2016-01-28T20:14:00+00:00","twitter:card":"summary_large_image","twitter:title":"JV Supermercado comemora um ano de funcionamento - A Not\u00edcia Online","twitter:description":"O JV Supermercado est\u00e1 comemorando seu primeiro ano de funcionamento. Empresa familiar localizada no bairro Santana e associado \u00e0 Rede Uai, oferece um grande mix de produtos, contando com a\u00e7ougue, hortifruti e padaria a pre\u00e7os acess\u00edveis. De acordo com o encarregado geral, Jos\u00e9 Bitar\u00e3es Dias, o supermercado evoluiu durante o ano. Al\u00e9m de melhorar a","twitter:image":"https:\/\/scontent-gig4-1.xx.fbcdn.net\/v\/t39.30808-1\/270437624_4564083193639691_6907940295614233970_n.jpg?stp=dst-jpg_s200x200_tt6&_nc_cat=111&ccb=1-7&_nc_sid=f907e8&_nc_ohc=SM1wRlP3lJwQ7kNvwEPuBYA&_nc_oc=AdnqrjDN_BNjSSHWO-GbkIWH6fkGMLw4bqvL_NH6e2wMveX7G-rP2dAqsDSq1mJMOaY&_nc_zt=24&_nc_ht=scontent-gig4-1.xx&_nc_gid=AoBFJeGrT1hVaew_6rchkQ&oh=00_AfX7QmFGhQhG2jAllVgXCiM1ZrWgvtp80-Bfppyexh1QEg&oe=689E923C"},"aioseo_meta_data":{"post_id":"9019","title":null,"description":null,"keywords":null,"keyphrases":null,"primary_term":null,"canonical_url":null,"og_title":null,"og_description":null,"og_object_type":"default","og_image_type":"default","og_image_url":null,"og_image_width":null,"og_image_height":null,"og_image_custom_url":null,"og_image_custom_fields":null,"og_video":null,"og_custom_url":null,"og_article_section":null,"og_article_tags":null,"twitter_use_og":false,"twitter_card":"default","twitter_image_type":"default","twitter_image_url":null,"twitter_image_custom_url":null,"twitter_image_custom_fields":null,"twitter_title":null,"twitter_description":null,"schema":{"blockGraphs":[],"customGraphs":[],"default":{"data":{"Article":[],"Course":[],"Dataset":[],"FAQPage":[],"Movie":[],"Person":[],"Product":[],"ProductReview":[],"Car":[],"Recipe":[],"Service":[],"SoftwareApplication":[],"WebPage":[]},"graphName":"","isEnabled":true},"graphs":[]},"schema_type":"default","schema_type_options":null,"pillar_content":false,"robots_default":true,"robots_noindex":false,"robots_noarchive":false,"robots_nosnippet":false,"robots_nofollow":false,"robots_noimageindex":false,"robots_noodp":false,"robots_notranslate":false,"robots_max_snippet":null,"robots_max_videopreview":null,"robots_max_imagepreview":"large","priority":null,"frequency":null,"local_seo":null,"breadcrumb_settings":null,"limit_modified_date":false,"ai":null,"created":"2025-08-16 14:55:39","updated":"2025-08-16 14:55:39","focus_keyword":null,"additional_keywords":null,"truseo_locale":null,"seo_analyzer_scan_date":null},"aioseo_breadcrumb":"<div class=\"aioseo-breadcrumbs\"><span class=\"aioseo-breadcrumb\">\n\t\t\t<a href=\"https:\/\/anoticiaonline.com.br\/site\" title=\"Home\">Home<\/a>\n\t\t<\/span><span class=\"aioseo-breadcrumb-separator\">&raquo;<\/span><span class=\"aioseo-breadcrumb\">\n\t\t\t<a href=\"https:\/\/anoticiaonline.com.br\/site\/categoria\/eventos\/\" title=\"Eventos\">Eventos<\/a>\n\t\t<\/span><span class=\"aioseo-breadcrumb-separator\">&raquo;<\/span><span class=\"aioseo-breadcrumb\">\n\t\t\tJV Supermercado comemora um ano de funcionamento\n\t\t<\/span><\/div>","aioseo_breadcrumb_json":[{"label":"Home","link":"https:\/\/anoticiaonline.com.br\/site"},{"label":"Eventos","link":"https:\/\/anoticiaonline.com.br\/site\/categoria\/eventos\/"},{"label":"JV Supermercado comemora um ano de funcionamento","link":"https:\/\/anoticiaonline.com.br\/site\/jv-supermercado-comemora-um-ano-de-funcionamento\/"}],"views":156,"_links":{"self":[{"href":"https:\/\/anoticiaonline.com.br\/site\/wp-json\/wp\/v2\/posts\/9019","targetHints":{"allow":["GET"]}}],"collection":[{"href":"https:\/\/anoticiaonline.com.br\/site\/wp-json\/wp\/v2\/posts"}],"about":[{"href":"https:\/\/anoticiaonline.com.br\/site\/wp-json\/wp\/v2\/types\/post"}],"author":[{"embeddable":true,"href":"https:\/\/anoticiaonline.com.br\/site\/wp-json\/wp\/v2\/users\/2"}],"replies":[{"embeddable":true,"href":"https:\/\/anoticiaonline.com.br\/site\/wp-json\/wp\/v2\/comments?post=9019"}],"version-history":[{"count":0,"href":"https:\/\/anoticiaonline.com.br\/site\/wp-json\/wp\/v2\/posts\/9019\/revisions"}],"wp:featuredmedia":[{"embeddable":true,"href":"https:\/\/anoticiaonline.com.br\/site\/wp-json\/wp\/v2\/media\/9020"}],"wp:attachment":[{"href":"https:\/\/anoticiaonline.com.br\/site\/wp-json\/wp\/v2\/media?parent=9019"}],"wp:term":[{"taxonomy":"category","embeddable":true,"href":"https:\/\/anoticiaonline.com.br\/site\/wp-json\/wp\/v2\/categories?post=9019"},{"taxonomy":"post_tag","embeddable":true,"href":"https:\/\/anoticiaonline.com.br\/site\/wp-json\/wp\/v2\/tags?post=9019"}],"curies":[{"name":"wp","href":"https:\/\/api.w.org\/{rel}","templated":true}]}}