{"id":8997,"date":"2016-01-27T10:24:09","date_gmt":"2016-01-27T13:24:09","guid":{"rendered":"http:\/\/anoticiaonline.com.br\/site\/?p=8997"},"modified":"2016-01-27T10:24:09","modified_gmt":"2016-01-27T13:24:09","slug":"apae-reforca-campanha-adote-essa-ideia","status":"publish","type":"post","link":"https:\/\/anoticiaonline.com.br\/site\/apae-reforca-campanha-adote-essa-ideia\/","title":{"rendered":"Apae refor\u00e7a campanha \u201cAdote essa ideia\u201d"},"content":{"rendered":"<figure id=\"attachment_8999\" aria-describedby=\"caption-attachment-8999\" style=\"width: 290px\" class=\"wp-caption alignleft\"><a href=\"https:\/\/anoticiaonline.com.br\/site\/wp-content\/uploads\/2016\/01\/DSCN5105.jpg\"><img fetchpriority=\"high\" decoding=\"async\" class=\"size-medium wp-image-8999\" src=\"https:\/\/anoticiaonline.com.br\/site\/wp-content\/uploads\/2016\/01\/DSCN5105-300x225.jpg\" alt=\"Mobiliza\u00e7\u00e3o est\u00e1 acontecendo em v\u00e1rios bairros da cidade\" width=\"300\" height=\"225\" srcset=\"https:\/\/anoticiaonline.com.br\/site\/wp-content\/uploads\/2016\/01\/DSCN5105-300x225.jpg 300w, https:\/\/anoticiaonline.com.br\/site\/wp-content\/uploads\/2016\/01\/DSCN5105.jpg 640w\" sizes=\"(max-width: 300px) 100vw, 300px\" \/><\/a><figcaption id=\"caption-attachment-8999\" class=\"wp-caption-text\">Mobiliza\u00e7\u00e3o est\u00e1 acontecendo em v\u00e1rios bairros da cidade<\/figcaption><\/figure>\n<p>A Associa\u00e7\u00e3o de Pais e Amigos dos Excepcionais de Muria\u00e9 (Apae) est\u00e1 retomando a divulga\u00e7\u00e3o da campanha \u201cAdote essa ideia\u201d. Em parceria com o Departamento Municipal de Saneamento Urbano (Demsur), o projeto, que se iniciou em 2013, consiste na doa\u00e7\u00e3o, por parte dos contribuintes, atrav\u00e9s da tarifa de \u00e1gua, de uma quantia para a institui\u00e7\u00e3o.<\/p>\n<p>O objetivo \u00e9 arrecadar recursos para a manuten\u00e7\u00e3o dos servi\u00e7os prestados pela Apae \u00e0s pessoas com defici\u00eancia intelectual, m\u00faltipla, autismo e s\u00edndromes, uma vez que a institui\u00e7\u00e3o encontra-se em dificuldades financeiras, conforme relatou a psic\u00f3loga, Pollyane de Carvalho. Segundo ela, o valor repassado n\u00e3o cobre todas as despesas. \u201cO que recebemos n\u00e3o d\u00e1 para manter o funcionamento da institui\u00e7\u00e3o, por isso precisamos da ajuda da comunidade, uma vez que todo o atendimento feito na Apae \u00e9 gratuito. Com essa ajuda da comunidade, vamos ter uma condi\u00e7\u00e3o melhor de funcionamento, de mais qualidade aos nossos pacientes e usu\u00e1rios\u201d, afirma.<\/p>\n<p>Atualmente, a APAE atende, em m\u00e9dia, 705 usu\u00e1rios nas \u00e1reas de neurologia, psiquiatria, psicologia, fonoaudiologia, fisioterapia, terapia ocupacional, assist\u00eancia social, assist\u00eancia odontol\u00f3gica, enfermagem, bem como o Teste do Pezinho.<\/p>\n<p><strong><a href=\"https:\/\/anoticiaonline.com.br\/site\/wp-content\/uploads\/2016\/01\/Adote-essa-ideia.jpg\"><img decoding=\"async\" class=\" size-medium wp-image-8998 alignleft\" src=\"https:\/\/anoticiaonline.com.br\/site\/wp-content\/uploads\/2016\/01\/Adote-essa-ideia-300x124.jpg\" alt=\"Adote-essa-ideia\" width=\"300\" height=\"124\" srcset=\"https:\/\/anoticiaonline.com.br\/site\/wp-content\/uploads\/2016\/01\/Adote-essa-ideia-300x124.jpg 300w, https:\/\/anoticiaonline.com.br\/site\/wp-content\/uploads\/2016\/01\/Adote-essa-ideia.jpg 600w\" sizes=\"(max-width: 300px) 100vw, 300px\" \/><\/a>PARA PARTICIPAR \u2013<\/strong> As pessoas que quiserem contribuir podem doar, atrav\u00e9s da conta de \u00e1gua, a partir de R$1,00 por m\u00eas. Essa quantia \u00e9 repassada pelo Demsur \u00e0 institui\u00e7\u00e3o.<\/p>\n<p>O cadastramento est\u00e1 sendo feito em bairros de Muria\u00e9. O contribuinte tamb\u00e9m pode entrar em contato pessoalmente com a Apae, localizada na Rua Nicolau Taranto, no bairro Cer\u00e2mica, ou ainda pelo telefone (32) 3721-1905. Para participar da \u201cAdote essa ideia\u201d, basta apresentar a conta de \u00e1gua no nome do contribuinte.<\/p>\n<p>\u201cAt\u00e9 o momento, a campanha tem conseguido resultados positivos com a colabora\u00e7\u00e3o da popula\u00e7\u00e3o muriaeense. Muitas pessoas ainda podem contribuir e ainda n\u00e3o conhecem essa campanha\u201d, completa a psic\u00f3loga.<\/p>\n","protected":false},"excerpt":{"rendered":"<p>A Associa\u00e7\u00e3o de Pais e Amigos dos Excepcionais de Muria\u00e9 (Apae) est\u00e1 retomando a divulga\u00e7\u00e3o da campanha \u201cAdote essa ideia\u201d. Em parceria com o Departamento Municipal de Saneamento Urbano (Demsur), o projeto, que se iniciou em 2013, consiste na doa\u00e7\u00e3o, por parte dos contribuintes, atrav\u00e9s da tarifa de \u00e1gua, de uma quantia para a institui\u00e7\u00e3o. &#8230; <a title=\"Apae refor\u00e7a campanha \u201cAdote essa ideia\u201d\" class=\"read-more\" href=\"https:\/\/anoticiaonline.com.br\/site\/apae-reforca-campanha-adote-essa-ideia\/\" aria-label=\"Read more about Apae refor\u00e7a campanha \u201cAdote essa ideia\u201d\">Ler mais<\/a><\/p>\n","protected":false},"author":2,"featured_media":8999,"comment_status":"open","ping_status":"open","sticky":false,"template":"","format":"standard","meta":{"_acf_changed":false,"_monsterinsights_skip_tracking":false,"footnotes":""},"categories":[30],"tags":[3],"class_list":["post-8997","post","type-post","status-publish","format-standard","has-post-thumbnail","hentry","category-muriae","tag-slide"],"acf":[],"aioseo_notices":[],"aioseo_head":"\n\t\t<!-- All in One SEO 5.0.0.1 - aioseo.com -->\n\t<meta name=\"description\" content=\"A Associa\u00e7\u00e3o de Pais e Amigos dos Excepcionais de Muria\u00e9 (Apae) est\u00e1 retomando a divulga\u00e7\u00e3o da campanha \u201cAdote essa ideia\u201d. Em parceria com o Departamento Municipal de Saneamento Urbano (Demsur), o projeto, que se iniciou em 2013, consiste na doa\u00e7\u00e3o, por parte dos contribuintes, atrav\u00e9s da tarifa de \u00e1gua, de uma quantia para a institui\u00e7\u00e3o.\" \/>\n\t<meta name=\"robots\" content=\"max-image-preview:large\" \/>\n\t<meta name=\"author\" content=\"Juliana Laviola\"\/>\n\t<link rel=\"canonical\" href=\"https:\/\/anoticiaonline.com.br\/site\/apae-reforca-campanha-adote-essa-ideia\/\" \/>\n\t<meta name=\"generator\" content=\"All in One SEO (AIOSEO) 5.0.0.1\" \/>\n\t\t<meta property=\"og:locale\" content=\"pt_BR\" \/>\n\t\t<meta property=\"og:site_name\" content=\"A Not\u00edcia Online - Noticias de Muria\u00e9 e regi\u00e3o\" \/>\n\t\t<meta property=\"og:type\" content=\"article\" \/>\n\t\t<meta property=\"og:title\" content=\"Apae refor\u00e7a campanha \u201cAdote essa ideia\u201d - A Not\u00edcia Online\" \/>\n\t\t<meta property=\"og:description\" content=\"A Associa\u00e7\u00e3o de Pais e Amigos dos Excepcionais de Muria\u00e9 (Apae) est\u00e1 retomando a divulga\u00e7\u00e3o da campanha \u201cAdote essa ideia\u201d. Em parceria com o Departamento Municipal de Saneamento Urbano (Demsur), o projeto, que se iniciou em 2013, consiste na doa\u00e7\u00e3o, por parte dos contribuintes, atrav\u00e9s da tarifa de \u00e1gua, de uma quantia para a institui\u00e7\u00e3o.\" \/>\n\t\t<meta property=\"og:url\" content=\"https:\/\/anoticiaonline.com.br\/site\/apae-reforca-campanha-adote-essa-ideia\/\" \/>\n\t\t<meta property=\"og:image\" content=\"https:\/\/scontent-gig4-1.xx.fbcdn.net\/v\/t39.30808-1\/270437624_4564083193639691_6907940295614233970_n.jpg?stp=dst-jpg_s200x200_tt6&#038;_nc_cat=111&#038;ccb=1-7&#038;_nc_sid=f907e8&#038;_nc_ohc=SM1wRlP3lJwQ7kNvwEPuBYA&#038;_nc_oc=AdnqrjDN_BNjSSHWO-GbkIWH6fkGMLw4bqvL_NH6e2wMveX7G-rP2dAqsDSq1mJMOaY&#038;_nc_zt=24&#038;_nc_ht=scontent-gig4-1.xx&#038;_nc_gid=AoBFJeGrT1hVaew_6rchkQ&#038;oh=00_AfX7QmFGhQhG2jAllVgXCiM1ZrWgvtp80-Bfppyexh1QEg&#038;oe=689E923C\" \/>\n\t\t<meta property=\"og:image:secure_url\" content=\"https:\/\/scontent-gig4-1.xx.fbcdn.net\/v\/t39.30808-1\/270437624_4564083193639691_6907940295614233970_n.jpg?stp=dst-jpg_s200x200_tt6&#038;_nc_cat=111&#038;ccb=1-7&#038;_nc_sid=f907e8&#038;_nc_ohc=SM1wRlP3lJwQ7kNvwEPuBYA&#038;_nc_oc=AdnqrjDN_BNjSSHWO-GbkIWH6fkGMLw4bqvL_NH6e2wMveX7G-rP2dAqsDSq1mJMOaY&#038;_nc_zt=24&#038;_nc_ht=scontent-gig4-1.xx&#038;_nc_gid=AoBFJeGrT1hVaew_6rchkQ&#038;oh=00_AfX7QmFGhQhG2jAllVgXCiM1ZrWgvtp80-Bfppyexh1QEg&#038;oe=689E923C\" \/>\n\t\t<meta property=\"article:published_time\" content=\"2016-01-27T13:24:09+00:00\" \/>\n\t\t<meta property=\"article:modified_time\" content=\"2016-01-27T13:24:09+00:00\" \/>\n\t\t<meta name=\"twitter:card\" content=\"summary_large_image\" \/>\n\t\t<meta name=\"twitter:title\" content=\"Apae refor\u00e7a campanha \u201cAdote essa ideia\u201d - A Not\u00edcia Online\" \/>\n\t\t<meta name=\"twitter:description\" content=\"A Associa\u00e7\u00e3o de Pais e Amigos dos Excepcionais de Muria\u00e9 (Apae) est\u00e1 retomando a divulga\u00e7\u00e3o da campanha \u201cAdote essa ideia\u201d. Em parceria com o Departamento Municipal de Saneamento Urbano (Demsur), o projeto, que se iniciou em 2013, consiste na doa\u00e7\u00e3o, por parte dos contribuintes, atrav\u00e9s da tarifa de \u00e1gua, de uma quantia para a institui\u00e7\u00e3o.\" \/>\n\t\t<meta name=\"twitter:image\" content=\"https:\/\/scontent-gig4-1.xx.fbcdn.net\/v\/t39.30808-1\/270437624_4564083193639691_6907940295614233970_n.jpg?stp=dst-jpg_s200x200_tt6&amp;_nc_cat=111&amp;ccb=1-7&amp;_nc_sid=f907e8&amp;_nc_ohc=SM1wRlP3lJwQ7kNvwEPuBYA&amp;_nc_oc=AdnqrjDN_BNjSSHWO-GbkIWH6fkGMLw4bqvL_NH6e2wMveX7G-rP2dAqsDSq1mJMOaY&amp;_nc_zt=24&amp;_nc_ht=scontent-gig4-1.xx&amp;_nc_gid=AoBFJeGrT1hVaew_6rchkQ&amp;oh=00_AfX7QmFGhQhG2jAllVgXCiM1ZrWgvtp80-Bfppyexh1QEg&amp;oe=689E923C\" \/>\n\t\t<script type=\"application\/ld+json\" class=\"aioseo-schema\">\n\t\t\t{\"@context\":\"https:\\\/\\\/schema.org\",\"@graph\":[{\"@type\":\"BlogPosting\",\"@id\":\"https:\\\/\\\/anoticiaonline.com.br\\\/site\\\/apae-reforca-campanha-adote-essa-ideia\\\/#blogposting\",\"name\":\"Apae refor\\u00e7a campanha \\u201cAdote essa ideia\\u201d - A Not\\u00edcia Online\",\"headline\":\"Apae refor\\u00e7a campanha \\u201cAdote essa ideia\\u201d\",\"author\":{\"@id\":\"https:\\\/\\\/anoticiaonline.com.br\\\/site\\\/author\\\/juliana\\\/#author\"},\"publisher\":{\"@id\":\"https:\\\/\\\/anoticiaonline.com.br\\\/site\\\/#organization\"},\"image\":{\"@type\":\"ImageObject\",\"url\":\"https:\\\/\\\/anoticiaonline.com.br\\\/site\\\/wp-content\\\/uploads\\\/2016\\\/01\\\/DSCN5105.jpg\",\"width\":640,\"height\":480,\"caption\":\"Mobiliza\\u00e7\\u00e3o est\\u00e1 acontecendo em v\\u00e1rios bairros da cidade\"},\"datePublished\":\"2016-01-27T10:24:09-03:00\",\"dateModified\":\"2016-01-27T10:24:09-03:00\",\"inLanguage\":\"pt-BR\",\"mainEntityOfPage\":{\"@id\":\"https:\\\/\\\/anoticiaonline.com.br\\\/site\\\/apae-reforca-campanha-adote-essa-ideia\\\/#webpage\"},\"isPartOf\":{\"@id\":\"https:\\\/\\\/anoticiaonline.com.br\\\/site\\\/apae-reforca-campanha-adote-essa-ideia\\\/#webpage\"},\"articleSection\":\"Blog, slide\"},{\"@type\":\"BreadcrumbList\",\"@id\":\"https:\\\/\\\/anoticiaonline.com.br\\\/site\\\/apae-reforca-campanha-adote-essa-ideia\\\/#breadcrumblist\",\"itemListElement\":[{\"@type\":\"ListItem\",\"@id\":\"https:\\\/\\\/anoticiaonline.com.br\\\/site#listItem\",\"position\":1,\"name\":\"Home\",\"item\":\"https:\\\/\\\/anoticiaonline.com.br\\\/site\",\"nextItem\":{\"@type\":\"ListItem\",\"@id\":\"https:\\\/\\\/anoticiaonline.com.br\\\/site\\\/categoria\\\/muriae\\\/#listItem\",\"name\":\"Blog\"}},{\"@type\":\"ListItem\",\"@id\":\"https:\\\/\\\/anoticiaonline.com.br\\\/site\\\/categoria\\\/muriae\\\/#listItem\",\"position\":2,\"name\":\"Blog\",\"item\":\"https:\\\/\\\/anoticiaonline.com.br\\\/site\\\/categoria\\\/muriae\\\/\",\"nextItem\":{\"@type\":\"ListItem\",\"@id\":\"https:\\\/\\\/anoticiaonline.com.br\\\/site\\\/apae-reforca-campanha-adote-essa-ideia\\\/#listItem\",\"name\":\"Apae refor\\u00e7a campanha \\u201cAdote essa ideia\\u201d\"},\"previousItem\":{\"@type\":\"ListItem\",\"@id\":\"https:\\\/\\\/anoticiaonline.com.br\\\/site#listItem\",\"name\":\"Home\"}},{\"@type\":\"ListItem\",\"@id\":\"https:\\\/\\\/anoticiaonline.com.br\\\/site\\\/apae-reforca-campanha-adote-essa-ideia\\\/#listItem\",\"position\":3,\"name\":\"Apae refor\\u00e7a campanha \\u201cAdote essa ideia\\u201d\",\"previousItem\":{\"@type\":\"ListItem\",\"@id\":\"https:\\\/\\\/anoticiaonline.com.br\\\/site\\\/categoria\\\/muriae\\\/#listItem\",\"name\":\"Blog\"}}]},{\"@type\":\"Organization\",\"@id\":\"https:\\\/\\\/anoticiaonline.com.br\\\/site\\\/#organization\",\"name\":\"A Not\\u00edcia Online\",\"description\":\"Noticias de Muria\\u00e9 e regi\\u00e3o\",\"url\":\"https:\\\/\\\/anoticiaonline.com.br\\\/site\\\/\",\"logo\":{\"@type\":\"ImageObject\",\"url\":\"https:\\\/\\\/scontent-gig4-1.xx.fbcdn.net\\\/v\\\/t39.30808-1\\\/270437624_4564083193639691_6907940295614233970_n.jpg?stp=dst-jpg_s200x200_tt6&_nc_cat=111&ccb=1-7&_nc_sid=f907e8&_nc_ohc=SM1wRlP3lJwQ7kNvwEPuBYA&_nc_oc=AdnqrjDN_BNjSSHWO-GbkIWH6fkGMLw4bqvL_NH6e2wMveX7G-rP2dAqsDSq1mJMOaY&_nc_zt=24&_nc_ht=scontent-gig4-1.xx&_nc_gid=AoBFJeGrT1hVaew_6rchkQ&oh=00_AfX7QmFGhQhG2jAllVgXCiM1ZrWgvtp80-Bfppyexh1QEg&oe=689E923C\",\"@id\":\"https:\\\/\\\/anoticiaonline.com.br\\\/site\\\/apae-reforca-campanha-adote-essa-ideia\\\/#organizationLogo\"},\"image\":{\"@id\":\"https:\\\/\\\/anoticiaonline.com.br\\\/site\\\/apae-reforca-campanha-adote-essa-ideia\\\/#organizationLogo\"}},{\"@type\":\"Person\",\"@id\":\"https:\\\/\\\/anoticiaonline.com.br\\\/site\\\/author\\\/juliana\\\/#author\",\"url\":\"https:\\\/\\\/anoticiaonline.com.br\\\/site\\\/author\\\/juliana\\\/\",\"name\":\"Juliana Laviola\",\"image\":{\"@type\":\"ImageObject\",\"@id\":\"https:\\\/\\\/anoticiaonline.com.br\\\/site\\\/apae-reforca-campanha-adote-essa-ideia\\\/#authorImage\",\"url\":\"https:\\\/\\\/secure.gravatar.com\\\/avatar\\\/b8d45f5c699b100dfaf0e543582f38f38bf94cb7ae3a5e9abf8d891a34773335?s=96&d=mm&r=g\",\"width\":96,\"height\":96,\"caption\":\"Juliana Laviola\"}},{\"@type\":\"WebPage\",\"@id\":\"https:\\\/\\\/anoticiaonline.com.br\\\/site\\\/apae-reforca-campanha-adote-essa-ideia\\\/#webpage\",\"url\":\"https:\\\/\\\/anoticiaonline.com.br\\\/site\\\/apae-reforca-campanha-adote-essa-ideia\\\/\",\"name\":\"Apae refor\\u00e7a campanha \\u201cAdote essa ideia\\u201d - A Not\\u00edcia Online\",\"description\":\"A Associa\\u00e7\\u00e3o de Pais e Amigos dos Excepcionais de Muria\\u00e9 (Apae) est\\u00e1 retomando a divulga\\u00e7\\u00e3o da campanha \\u201cAdote essa ideia\\u201d. Em parceria com o Departamento Municipal de Saneamento Urbano (Demsur), o projeto, que se iniciou em 2013, consiste na doa\\u00e7\\u00e3o, por parte dos contribuintes, atrav\\u00e9s da tarifa de \\u00e1gua, de uma quantia para a institui\\u00e7\\u00e3o.\",\"inLanguage\":\"pt-BR\",\"isPartOf\":{\"@id\":\"https:\\\/\\\/anoticiaonline.com.br\\\/site\\\/#website\"},\"breadcrumb\":{\"@id\":\"https:\\\/\\\/anoticiaonline.com.br\\\/site\\\/apae-reforca-campanha-adote-essa-ideia\\\/#breadcrumblist\"},\"author\":{\"@id\":\"https:\\\/\\\/anoticiaonline.com.br\\\/site\\\/author\\\/juliana\\\/#author\"},\"creator\":{\"@id\":\"https:\\\/\\\/anoticiaonline.com.br\\\/site\\\/author\\\/juliana\\\/#author\"},\"image\":{\"@type\":\"ImageObject\",\"url\":\"https:\\\/\\\/anoticiaonline.com.br\\\/site\\\/wp-content\\\/uploads\\\/2016\\\/01\\\/DSCN5105.jpg\",\"@id\":\"https:\\\/\\\/anoticiaonline.com.br\\\/site\\\/apae-reforca-campanha-adote-essa-ideia\\\/#mainImage\",\"width\":640,\"height\":480,\"caption\":\"Mobiliza\\u00e7\\u00e3o est\\u00e1 acontecendo em v\\u00e1rios bairros da cidade\"},\"primaryImageOfPage\":{\"@id\":\"https:\\\/\\\/anoticiaonline.com.br\\\/site\\\/apae-reforca-campanha-adote-essa-ideia\\\/#mainImage\"},\"datePublished\":\"2016-01-27T10:24:09-03:00\",\"dateModified\":\"2016-01-27T10:24:09-03:00\"},{\"@type\":\"WebSite\",\"@id\":\"https:\\\/\\\/anoticiaonline.com.br\\\/site\\\/#website\",\"url\":\"https:\\\/\\\/anoticiaonline.com.br\\\/site\\\/\",\"name\":\"A Not\\u00edcia Online\",\"description\":\"Noticias de Muria\\u00e9 e regi\\u00e3o\",\"inLanguage\":\"pt-BR\",\"publisher\":{\"@id\":\"https:\\\/\\\/anoticiaonline.com.br\\\/site\\\/#organization\"}}]}\n\t\t<\/script>\n\t\t<!-- All in One SEO -->\n\n","aioseo_head_json":{"title":"Apae refor\u00e7a campanha \u201cAdote essa ideia\u201d - A Not\u00edcia Online","description":"A Associa\u00e7\u00e3o de Pais e Amigos dos Excepcionais de Muria\u00e9 (Apae) est\u00e1 retomando a divulga\u00e7\u00e3o da campanha \u201cAdote essa ideia\u201d. Em parceria com o Departamento Municipal de Saneamento Urbano (Demsur), o projeto, que se iniciou em 2013, consiste na doa\u00e7\u00e3o, por parte dos contribuintes, atrav\u00e9s da tarifa de \u00e1gua, de uma quantia para a institui\u00e7\u00e3o.","canonical_url":"https:\/\/anoticiaonline.com.br\/site\/apae-reforca-campanha-adote-essa-ideia\/","robots":"max-image-preview:large","keywords":"","webmasterTools":{"miscellaneous":""},"schema":{"@context":"https:\/\/schema.org","@graph":[{"@type":"BlogPosting","@id":"https:\/\/anoticiaonline.com.br\/site\/apae-reforca-campanha-adote-essa-ideia\/#blogposting","name":"Apae refor\u00e7a campanha \u201cAdote essa ideia\u201d - A Not\u00edcia Online","headline":"Apae refor\u00e7a campanha \u201cAdote essa ideia\u201d","author":{"@id":"https:\/\/anoticiaonline.com.br\/site\/author\/juliana\/#author"},"publisher":{"@id":"https:\/\/anoticiaonline.com.br\/site\/#organization"},"image":{"@type":"ImageObject","url":"https:\/\/anoticiaonline.com.br\/site\/wp-content\/uploads\/2016\/01\/DSCN5105.jpg","width":640,"height":480,"caption":"Mobiliza\u00e7\u00e3o est\u00e1 acontecendo em v\u00e1rios bairros da cidade"},"datePublished":"2016-01-27T10:24:09-03:00","dateModified":"2016-01-27T10:24:09-03:00","inLanguage":"pt-BR","mainEntityOfPage":{"@id":"https:\/\/anoticiaonline.com.br\/site\/apae-reforca-campanha-adote-essa-ideia\/#webpage"},"isPartOf":{"@id":"https:\/\/anoticiaonline.com.br\/site\/apae-reforca-campanha-adote-essa-ideia\/#webpage"},"articleSection":"Blog, slide"},{"@type":"BreadcrumbList","@id":"https:\/\/anoticiaonline.com.br\/site\/apae-reforca-campanha-adote-essa-ideia\/#breadcrumblist","itemListElement":[{"@type":"ListItem","@id":"https:\/\/anoticiaonline.com.br\/site#listItem","position":1,"name":"Home","item":"https:\/\/anoticiaonline.com.br\/site","nextItem":{"@type":"ListItem","@id":"https:\/\/anoticiaonline.com.br\/site\/categoria\/muriae\/#listItem","name":"Blog"}},{"@type":"ListItem","@id":"https:\/\/anoticiaonline.com.br\/site\/categoria\/muriae\/#listItem","position":2,"name":"Blog","item":"https:\/\/anoticiaonline.com.br\/site\/categoria\/muriae\/","nextItem":{"@type":"ListItem","@id":"https:\/\/anoticiaonline.com.br\/site\/apae-reforca-campanha-adote-essa-ideia\/#listItem","name":"Apae refor\u00e7a campanha \u201cAdote essa ideia\u201d"},"previousItem":{"@type":"ListItem","@id":"https:\/\/anoticiaonline.com.br\/site#listItem","name":"Home"}},{"@type":"ListItem","@id":"https:\/\/anoticiaonline.com.br\/site\/apae-reforca-campanha-adote-essa-ideia\/#listItem","position":3,"name":"Apae refor\u00e7a campanha \u201cAdote essa ideia\u201d","previousItem":{"@type":"ListItem","@id":"https:\/\/anoticiaonline.com.br\/site\/categoria\/muriae\/#listItem","name":"Blog"}}]},{"@type":"Organization","@id":"https:\/\/anoticiaonline.com.br\/site\/#organization","name":"A Not\u00edcia Online","description":"Noticias de Muria\u00e9 e regi\u00e3o","url":"https:\/\/anoticiaonline.com.br\/site\/","logo":{"@type":"ImageObject","url":"https:\/\/scontent-gig4-1.xx.fbcdn.net\/v\/t39.30808-1\/270437624_4564083193639691_6907940295614233970_n.jpg?stp=dst-jpg_s200x200_tt6&_nc_cat=111&ccb=1-7&_nc_sid=f907e8&_nc_ohc=SM1wRlP3lJwQ7kNvwEPuBYA&_nc_oc=AdnqrjDN_BNjSSHWO-GbkIWH6fkGMLw4bqvL_NH6e2wMveX7G-rP2dAqsDSq1mJMOaY&_nc_zt=24&_nc_ht=scontent-gig4-1.xx&_nc_gid=AoBFJeGrT1hVaew_6rchkQ&oh=00_AfX7QmFGhQhG2jAllVgXCiM1ZrWgvtp80-Bfppyexh1QEg&oe=689E923C","@id":"https:\/\/anoticiaonline.com.br\/site\/apae-reforca-campanha-adote-essa-ideia\/#organizationLogo"},"image":{"@id":"https:\/\/anoticiaonline.com.br\/site\/apae-reforca-campanha-adote-essa-ideia\/#organizationLogo"}},{"@type":"Person","@id":"https:\/\/anoticiaonline.com.br\/site\/author\/juliana\/#author","url":"https:\/\/anoticiaonline.com.br\/site\/author\/juliana\/","name":"Juliana Laviola","image":{"@type":"ImageObject","@id":"https:\/\/anoticiaonline.com.br\/site\/apae-reforca-campanha-adote-essa-ideia\/#authorImage","url":"https:\/\/secure.gravatar.com\/avatar\/b8d45f5c699b100dfaf0e543582f38f38bf94cb7ae3a5e9abf8d891a34773335?s=96&d=mm&r=g","width":96,"height":96,"caption":"Juliana Laviola"}},{"@type":"WebPage","@id":"https:\/\/anoticiaonline.com.br\/site\/apae-reforca-campanha-adote-essa-ideia\/#webpage","url":"https:\/\/anoticiaonline.com.br\/site\/apae-reforca-campanha-adote-essa-ideia\/","name":"Apae refor\u00e7a campanha \u201cAdote essa ideia\u201d - A Not\u00edcia Online","description":"A Associa\u00e7\u00e3o de Pais e Amigos dos Excepcionais de Muria\u00e9 (Apae) est\u00e1 retomando a divulga\u00e7\u00e3o da campanha \u201cAdote essa ideia\u201d. Em parceria com o Departamento Municipal de Saneamento Urbano (Demsur), o projeto, que se iniciou em 2013, consiste na doa\u00e7\u00e3o, por parte dos contribuintes, atrav\u00e9s da tarifa de \u00e1gua, de uma quantia para a institui\u00e7\u00e3o.","inLanguage":"pt-BR","isPartOf":{"@id":"https:\/\/anoticiaonline.com.br\/site\/#website"},"breadcrumb":{"@id":"https:\/\/anoticiaonline.com.br\/site\/apae-reforca-campanha-adote-essa-ideia\/#breadcrumblist"},"author":{"@id":"https:\/\/anoticiaonline.com.br\/site\/author\/juliana\/#author"},"creator":{"@id":"https:\/\/anoticiaonline.com.br\/site\/author\/juliana\/#author"},"image":{"@type":"ImageObject","url":"https:\/\/anoticiaonline.com.br\/site\/wp-content\/uploads\/2016\/01\/DSCN5105.jpg","@id":"https:\/\/anoticiaonline.com.br\/site\/apae-reforca-campanha-adote-essa-ideia\/#mainImage","width":640,"height":480,"caption":"Mobiliza\u00e7\u00e3o est\u00e1 acontecendo em v\u00e1rios bairros da cidade"},"primaryImageOfPage":{"@id":"https:\/\/anoticiaonline.com.br\/site\/apae-reforca-campanha-adote-essa-ideia\/#mainImage"},"datePublished":"2016-01-27T10:24:09-03:00","dateModified":"2016-01-27T10:24:09-03:00"},{"@type":"WebSite","@id":"https:\/\/anoticiaonline.com.br\/site\/#website","url":"https:\/\/anoticiaonline.com.br\/site\/","name":"A Not\u00edcia Online","description":"Noticias de Muria\u00e9 e regi\u00e3o","inLanguage":"pt-BR","publisher":{"@id":"https:\/\/anoticiaonline.com.br\/site\/#organization"}}]},"og:locale":"pt_BR","og:site_name":"A Not\u00edcia Online - Noticias de Muria\u00e9 e regi\u00e3o","og:type":"article","og:title":"Apae refor\u00e7a campanha \u201cAdote essa ideia\u201d - A Not\u00edcia Online","og:description":"A Associa\u00e7\u00e3o de Pais e Amigos dos Excepcionais de Muria\u00e9 (Apae) est\u00e1 retomando a divulga\u00e7\u00e3o da campanha \u201cAdote essa ideia\u201d. Em parceria com o Departamento Municipal de Saneamento Urbano (Demsur), o projeto, que se iniciou em 2013, consiste na doa\u00e7\u00e3o, por parte dos contribuintes, atrav\u00e9s da tarifa de \u00e1gua, de uma quantia para a institui\u00e7\u00e3o.","og:url":"https:\/\/anoticiaonline.com.br\/site\/apae-reforca-campanha-adote-essa-ideia\/","og:image":"https:\/\/scontent-gig4-1.xx.fbcdn.net\/v\/t39.30808-1\/270437624_4564083193639691_6907940295614233970_n.jpg?stp=dst-jpg_s200x200_tt6&#038;_nc_cat=111&#038;ccb=1-7&#038;_nc_sid=f907e8&#038;_nc_ohc=SM1wRlP3lJwQ7kNvwEPuBYA&#038;_nc_oc=AdnqrjDN_BNjSSHWO-GbkIWH6fkGMLw4bqvL_NH6e2wMveX7G-rP2dAqsDSq1mJMOaY&#038;_nc_zt=24&#038;_nc_ht=scontent-gig4-1.xx&#038;_nc_gid=AoBFJeGrT1hVaew_6rchkQ&#038;oh=00_AfX7QmFGhQhG2jAllVgXCiM1ZrWgvtp80-Bfppyexh1QEg&#038;oe=689E923C","og:image:secure_url":"https:\/\/scontent-gig4-1.xx.fbcdn.net\/v\/t39.30808-1\/270437624_4564083193639691_6907940295614233970_n.jpg?stp=dst-jpg_s200x200_tt6&#038;_nc_cat=111&#038;ccb=1-7&#038;_nc_sid=f907e8&#038;_nc_ohc=SM1wRlP3lJwQ7kNvwEPuBYA&#038;_nc_oc=AdnqrjDN_BNjSSHWO-GbkIWH6fkGMLw4bqvL_NH6e2wMveX7G-rP2dAqsDSq1mJMOaY&#038;_nc_zt=24&#038;_nc_ht=scontent-gig4-1.xx&#038;_nc_gid=AoBFJeGrT1hVaew_6rchkQ&#038;oh=00_AfX7QmFGhQhG2jAllVgXCiM1ZrWgvtp80-Bfppyexh1QEg&#038;oe=689E923C","article:published_time":"2016-01-27T13:24:09+00:00","article:modified_time":"2016-01-27T13:24:09+00:00","twitter:card":"summary_large_image","twitter:title":"Apae refor\u00e7a campanha \u201cAdote essa ideia\u201d - A Not\u00edcia Online","twitter:description":"A Associa\u00e7\u00e3o de Pais e Amigos dos Excepcionais de Muria\u00e9 (Apae) est\u00e1 retomando a divulga\u00e7\u00e3o da campanha \u201cAdote essa ideia\u201d. Em parceria com o Departamento Municipal de Saneamento Urbano (Demsur), o projeto, que se iniciou em 2013, consiste na doa\u00e7\u00e3o, por parte dos contribuintes, atrav\u00e9s da tarifa de \u00e1gua, de uma quantia para a institui\u00e7\u00e3o.","twitter:image":"https:\/\/scontent-gig4-1.xx.fbcdn.net\/v\/t39.30808-1\/270437624_4564083193639691_6907940295614233970_n.jpg?stp=dst-jpg_s200x200_tt6&_nc_cat=111&ccb=1-7&_nc_sid=f907e8&_nc_ohc=SM1wRlP3lJwQ7kNvwEPuBYA&_nc_oc=AdnqrjDN_BNjSSHWO-GbkIWH6fkGMLw4bqvL_NH6e2wMveX7G-rP2dAqsDSq1mJMOaY&_nc_zt=24&_nc_ht=scontent-gig4-1.xx&_nc_gid=AoBFJeGrT1hVaew_6rchkQ&oh=00_AfX7QmFGhQhG2jAllVgXCiM1ZrWgvtp80-Bfppyexh1QEg&oe=689E923C"},"aioseo_meta_data":{"post_id":"8997","title":null,"description":null,"keywords":null,"keyphrases":null,"primary_term":null,"canonical_url":null,"og_title":null,"og_description":null,"og_object_type":"default","og_image_type":"default","og_image_url":null,"og_image_width":null,"og_image_height":null,"og_image_custom_url":null,"og_image_custom_fields":null,"og_video":null,"og_custom_url":null,"og_article_section":null,"og_article_tags":null,"twitter_use_og":false,"twitter_card":"default","twitter_image_type":"default","twitter_image_url":null,"twitter_image_custom_url":null,"twitter_image_custom_fields":null,"twitter_title":null,"twitter_description":null,"schema":{"blockGraphs":[],"customGraphs":[],"default":{"data":{"Article":[],"Course":[],"Dataset":[],"FAQPage":[],"Movie":[],"Person":[],"Product":[],"ProductReview":[],"Car":[],"Recipe":[],"Service":[],"SoftwareApplication":[],"WebPage":[]},"graphName":"","isEnabled":true},"graphs":[]},"schema_type":"default","schema_type_options":null,"pillar_content":false,"robots_default":true,"robots_noindex":false,"robots_noarchive":false,"robots_nosnippet":false,"robots_nofollow":false,"robots_noimageindex":false,"robots_noodp":false,"robots_notranslate":false,"robots_max_snippet":null,"robots_max_videopreview":null,"robots_max_imagepreview":"large","priority":null,"frequency":null,"local_seo":null,"breadcrumb_settings":null,"limit_modified_date":false,"ai":null,"created":"2025-08-16 14:55:38","updated":"2025-08-16 14:55:38","focus_keyword":null,"additional_keywords":null,"truseo_locale":null,"seo_analyzer_scan_date":null},"aioseo_breadcrumb":"<div class=\"aioseo-breadcrumbs\"><span class=\"aioseo-breadcrumb\">\n\t\t\t<a href=\"https:\/\/anoticiaonline.com.br\/site\" title=\"Home\">Home<\/a>\n\t\t<\/span><span class=\"aioseo-breadcrumb-separator\">&raquo;<\/span><span class=\"aioseo-breadcrumb\">\n\t\t\t<a href=\"https:\/\/anoticiaonline.com.br\/site\/categoria\/muriae\/\" title=\"Blog\">Blog<\/a>\n\t\t<\/span><span class=\"aioseo-breadcrumb-separator\">&raquo;<\/span><span class=\"aioseo-breadcrumb\">\n\t\t\tApae refor\u00e7a campanha \u201cAdote essa ideia\u201d\n\t\t<\/span><\/div>","aioseo_breadcrumb_json":[{"label":"Home","link":"https:\/\/anoticiaonline.com.br\/site"},{"label":"Blog","link":"https:\/\/anoticiaonline.com.br\/site\/categoria\/muriae\/"},{"label":"Apae refor\u00e7a campanha \u201cAdote essa ideia\u201d","link":"https:\/\/anoticiaonline.com.br\/site\/apae-reforca-campanha-adote-essa-ideia\/"}],"views":143,"_links":{"self":[{"href":"https:\/\/anoticiaonline.com.br\/site\/wp-json\/wp\/v2\/posts\/8997","targetHints":{"allow":["GET"]}}],"collection":[{"href":"https:\/\/anoticiaonline.com.br\/site\/wp-json\/wp\/v2\/posts"}],"about":[{"href":"https:\/\/anoticiaonline.com.br\/site\/wp-json\/wp\/v2\/types\/post"}],"author":[{"embeddable":true,"href":"https:\/\/anoticiaonline.com.br\/site\/wp-json\/wp\/v2\/users\/2"}],"replies":[{"embeddable":true,"href":"https:\/\/anoticiaonline.com.br\/site\/wp-json\/wp\/v2\/comments?post=8997"}],"version-history":[{"count":0,"href":"https:\/\/anoticiaonline.com.br\/site\/wp-json\/wp\/v2\/posts\/8997\/revisions"}],"wp:featuredmedia":[{"embeddable":true,"href":"https:\/\/anoticiaonline.com.br\/site\/wp-json\/wp\/v2\/media\/8999"}],"wp:attachment":[{"href":"https:\/\/anoticiaonline.com.br\/site\/wp-json\/wp\/v2\/media?parent=8997"}],"wp:term":[{"taxonomy":"category","embeddable":true,"href":"https:\/\/anoticiaonline.com.br\/site\/wp-json\/wp\/v2\/categories?post=8997"},{"taxonomy":"post_tag","embeddable":true,"href":"https:\/\/anoticiaonline.com.br\/site\/wp-json\/wp\/v2\/tags?post=8997"}],"curies":[{"name":"wp","href":"https:\/\/api.w.org\/{rel}","templated":true}]}}