{"id":8982,"date":"2016-01-26T07:59:01","date_gmt":"2016-01-26T10:59:01","guid":{"rendered":"http:\/\/anoticiaonline.com.br\/site\/?p=8982"},"modified":"2016-01-26T07:59:01","modified_gmt":"2016-01-26T10:59:01","slug":"verdade-transparencia","status":"publish","type":"post","link":"https:\/\/anoticiaonline.com.br\/site\/verdade-transparencia\/","title":{"rendered":"Verdade &#038; Transpar\u00eancia"},"content":{"rendered":"<p><em>A Verdade \u00e9 a respons\u00e1vel pela harmonia do ser humano (Joanna de \u00c2ngelis) \u00a0<\/em><\/p>\n<p>A verdade \u00e9 ainda detestada entre muitas criaturas humanas&#8230; Por isso, a fantasia insinua-se-lhes desde a inf\u00e2ncia, cultivada com desvelos por genitores invigilantes que pare- cem cuidar de sonhos, imaginando que os filhos s\u00e3o pr\u00edncipes \u00e9picos e anjos dos c\u00e9us descidos, mantendo-os nesse engodo, sem os preparar para a realidade existencial.<\/p>\n<p>Ocultam-lhes os caminhos da dignidade, da mesma forma que lhes furtam a inf\u00e2ncia, disfar\u00e7ando-os como personalidades famosas para atenderem as pr\u00f3prias frustra\u00e7\u00f5es e os bem-guardados desencantos.<\/p>\n<p>Acostumadas essas exist\u00eancias aos equ\u00edvocos da ilus\u00e3o, aprendem com rapidez a dissimular, a ocultar os sentimentos leg\u00edtimos, a vestir-se nos modelos em voga, atravessando a juventude, ora com viol\u00eancia, noutras ocasi\u00f5es com os estados f\u00f3bicos e depressivos.<\/p>\n<p>A verdade, por\u00e9m, tem urg\u00eancia em todos os per\u00edodos do desenvolvimento intelectual e moral do educando. Necessitam de orienta\u00e7\u00e3o e assist\u00eancia, a fim de melhor entenderem desde as manifesta\u00e7\u00f5es sexuais que os aturdem \u00e0s variadas facetas do comportamento pessoal, assim como da sociedade em geral.<\/p>\n<p>N\u00e3o se trata de brutalizar a consci\u00eancia infantil, de sobrecarregar as suas emo\u00e7\u00f5es em desenvolvimento, mas de acompanhar-lhes e ajud\u00e1-las a entender as naturais inquieta\u00e7\u00f5es, de esclarec\u00ea-las sem tinturas nem disfarces.<\/p>\n<p>Na \u00e9poca da comunica\u00e7\u00e3o virtual, dos jogos eletr\u00f4nicos e de toda uma parafern\u00e1lia tornada essencial \u00e0 exist\u00eancia, em que a crian\u00e7a \u00e9 treinada e realiza todos os tr\u00e2mites com habilidade, n\u00e3o h\u00e1 como temer-se a sua falta de capacidade para ser transparente, para conviver com a verdade.<\/p>\n<p>Os desastres morais cujas estat\u00edsticas assustam, transformados nas trag\u00e9dias do quotidiano, tornam-se vulgares e o excesso da criminalidade j\u00e1 n\u00e3o choca, porque se vive o mundo da apar\u00eancia. Nada obstante, a dor campeia terr\u00edvel vencendo as multid\u00f5es que se lhe entregam inermes.<\/p>\n<p>Jesus enunciou com singular veem\u00eancia: &#8211; buscai a verdade e a verdade vos libertar\u00e1.<\/p>\n<p>Somente atrav\u00e9s dos verazes pensamentos as palavras se tornam honestas e os atos corretos.<\/p>\n<p>Os poderosos da Terra, que campeiam no crime qua- se tornado legal e moral, n\u00e3o escapar\u00e3o de si mesmos, por conduzirem o sinete da Justi\u00e7a Divina fixado na consci\u00eancia que n\u00e3o permanece obnubilada para sempre.<\/p>\n<p>E o despertar para o real \u00e9 mais angustiante do que se pode imaginar! Eis, nesse despertar, muitas vezes, as ra\u00edzes das fugas espetaculares para a embriaguez dos sentidos, das alucina\u00e7\u00f5es produzidas pelas drogas, das devastadoras depress\u00f5es defluentes dos traumas n\u00e3o resolvidos, do suic\u00eddio&#8230;<\/p>\n<p>O h\u00e1bito de ser fiel \u00e0s ocorr\u00eancias \u00e9 adquirido mediante a transpar\u00eancia moral e o acolhimento natural da verdade.<\/p>\n<p>Dessa maneira simples podem-se banir da Terra males incont\u00e1veis: a mentira, a cal\u00fania, a trai\u00e7\u00e3o, o furto e o roubo, as tramas que desgra\u00e7am a humanidade, as armas agressivas, as guerras&#8230;<\/p>\n<p>Tudo isso ocorrer\u00e1 mediante a fidelidade ao que acontece \u00e0 vida conforme se apresente.<\/p>\n<p>Aquele que opta pela ilus\u00e3o da mendacidade perde o contato com a realidade, desama-se, porque embora finja ser diferente sabe da pr\u00f3pria indignidade.<\/p>\n<p>A verdade \u00e9 cristalina e respons\u00e1vel pelo bem-estar, pela harmonia do ser humano.<\/p>\n<p>Nada teme aquele que \u00e9 fiel, que se nutre do conhecimento real e vive sempre livre de quaisquer amarras. No sentido oposto, a culpa, que \u00e9 semelhante a uma ave agourenta, cobre com suas negras asas a consci\u00eancia e o equivocado trope\u00e7a na treva da pr\u00f3pria inconsequ\u00eancia.<\/p>\n<p>S\u00ea veraz em todos os teus atos!&#8230; Melhor perder por ser fiel do que lucrar mediante os deplor\u00e1veis comportamentos da indignidade.<br \/>\nO importante n\u00e3o \u00e9 falar e agir para agradar, mas contentar e esclarecer pelo conte\u00fado da verdade do que se exp\u00f5e e se vive.<br \/>\nRecorda os vultos da hist\u00f3ria e analisa-os com a vis\u00e3o da transpar\u00eancia: passaram, deixaram as suas marcas e sobreviveram \u00e0 morte, retornaram v\u00e1rias vezes ao prosc\u00eanio terrestre em vestimentas dolorosas para corrigir os caminhos, reparar os crimes, recome\u00e7ar e serem fi\u00e9is por fim&#8230;<br \/>\nEvoca Pilatos, o sumo sacerdote do Templo de Jerusal\u00e9m e Jesus!\u00a0 Ser-te-\u00e1 f\u00e1cil constatar o triunfo da verdade e a desventura da apar\u00eancia, que a morte consumiu.<\/p>\n","protected":false},"excerpt":{"rendered":"<p>A Verdade \u00e9 a respons\u00e1vel pela harmonia do ser humano (Joanna de \u00c2ngelis) \u00a0 A verdade \u00e9 ainda detestada entre muitas criaturas humanas&#8230; Por isso, a fantasia insinua-se-lhes desde a inf\u00e2ncia, cultivada com desvelos por genitores invigilantes que pare- cem cuidar de sonhos, imaginando que os filhos s\u00e3o pr\u00edncipes \u00e9picos e anjos dos c\u00e9us descidos, &#8230; <a title=\"Verdade &#038; Transpar\u00eancia\" class=\"read-more\" href=\"https:\/\/anoticiaonline.com.br\/site\/verdade-transparencia\/\" aria-label=\"Read more about Verdade &#038; Transpar\u00eancia\">Ler mais<\/a><\/p>\n","protected":false},"author":2,"featured_media":0,"comment_status":"open","ping_status":"open","sticky":false,"template":"","format":"standard","meta":{"_acf_changed":false,"_monsterinsights_skip_tracking":false,"footnotes":""},"categories":[44],"tags":[],"class_list":["post-8982","post","type-post","status-publish","format-standard","hentry","category-espiritismo-em-foco-de-rogerio-coelho"],"acf":[],"aioseo_notices":[],"aioseo_head":"\n\t\t<!-- All in One SEO 5.0.0.1 - aioseo.com -->\n\t<meta name=\"description\" content=\"A Verdade \u00e9 a respons\u00e1vel pela harmonia do ser humano (Joanna de \u00c2ngelis) A verdade \u00e9 ainda detestada entre muitas criaturas humanas... Por isso, a fantasia insinua-se-lhes desde a inf\u00e2ncia, cultivada com desvelos por genitores invigilantes que pare- cem cuidar de sonhos, imaginando que os filhos s\u00e3o pr\u00edncipes \u00e9picos e anjos dos c\u00e9us descidos,\" \/>\n\t<meta name=\"robots\" content=\"max-image-preview:large\" \/>\n\t<meta name=\"author\" content=\"Juliana Laviola\"\/>\n\t<link rel=\"canonical\" href=\"https:\/\/anoticiaonline.com.br\/site\/verdade-transparencia\/\" \/>\n\t<meta name=\"generator\" content=\"All in One SEO (AIOSEO) 5.0.0.1\" \/>\n\t\t<meta property=\"og:locale\" content=\"pt_BR\" \/>\n\t\t<meta property=\"og:site_name\" content=\"A Not\u00edcia Online - Noticias de Muria\u00e9 e regi\u00e3o\" \/>\n\t\t<meta property=\"og:type\" content=\"article\" \/>\n\t\t<meta property=\"og:title\" content=\"Verdade &amp; Transpar\u00eancia - A Not\u00edcia Online\" \/>\n\t\t<meta property=\"og:description\" content=\"A Verdade \u00e9 a respons\u00e1vel pela harmonia do ser humano (Joanna de \u00c2ngelis) A verdade \u00e9 ainda detestada entre muitas criaturas humanas... Por isso, a fantasia insinua-se-lhes desde a inf\u00e2ncia, cultivada com desvelos por genitores invigilantes que pare- cem cuidar de sonhos, imaginando que os filhos s\u00e3o pr\u00edncipes \u00e9picos e anjos dos c\u00e9us descidos,\" \/>\n\t\t<meta property=\"og:url\" content=\"https:\/\/anoticiaonline.com.br\/site\/verdade-transparencia\/\" \/>\n\t\t<meta property=\"og:image\" content=\"https:\/\/scontent-gig4-1.xx.fbcdn.net\/v\/t39.30808-1\/270437624_4564083193639691_6907940295614233970_n.jpg?stp=dst-jpg_s200x200_tt6&#038;_nc_cat=111&#038;ccb=1-7&#038;_nc_sid=f907e8&#038;_nc_ohc=SM1wRlP3lJwQ7kNvwEPuBYA&#038;_nc_oc=AdnqrjDN_BNjSSHWO-GbkIWH6fkGMLw4bqvL_NH6e2wMveX7G-rP2dAqsDSq1mJMOaY&#038;_nc_zt=24&#038;_nc_ht=scontent-gig4-1.xx&#038;_nc_gid=AoBFJeGrT1hVaew_6rchkQ&#038;oh=00_AfX7QmFGhQhG2jAllVgXCiM1ZrWgvtp80-Bfppyexh1QEg&#038;oe=689E923C\" \/>\n\t\t<meta property=\"og:image:secure_url\" content=\"https:\/\/scontent-gig4-1.xx.fbcdn.net\/v\/t39.30808-1\/270437624_4564083193639691_6907940295614233970_n.jpg?stp=dst-jpg_s200x200_tt6&#038;_nc_cat=111&#038;ccb=1-7&#038;_nc_sid=f907e8&#038;_nc_ohc=SM1wRlP3lJwQ7kNvwEPuBYA&#038;_nc_oc=AdnqrjDN_BNjSSHWO-GbkIWH6fkGMLw4bqvL_NH6e2wMveX7G-rP2dAqsDSq1mJMOaY&#038;_nc_zt=24&#038;_nc_ht=scontent-gig4-1.xx&#038;_nc_gid=AoBFJeGrT1hVaew_6rchkQ&#038;oh=00_AfX7QmFGhQhG2jAllVgXCiM1ZrWgvtp80-Bfppyexh1QEg&#038;oe=689E923C\" \/>\n\t\t<meta property=\"article:published_time\" content=\"2016-01-26T10:59:01+00:00\" \/>\n\t\t<meta property=\"article:modified_time\" content=\"2016-01-26T10:59:01+00:00\" \/>\n\t\t<meta name=\"twitter:card\" content=\"summary_large_image\" \/>\n\t\t<meta name=\"twitter:title\" content=\"Verdade &amp; Transpar\u00eancia - A Not\u00edcia Online\" \/>\n\t\t<meta name=\"twitter:description\" content=\"A Verdade \u00e9 a respons\u00e1vel pela harmonia do ser humano (Joanna de \u00c2ngelis) A verdade \u00e9 ainda detestada entre muitas criaturas humanas... Por isso, a fantasia insinua-se-lhes desde a inf\u00e2ncia, cultivada com desvelos por genitores invigilantes que pare- cem cuidar de sonhos, imaginando que os filhos s\u00e3o pr\u00edncipes \u00e9picos e anjos dos c\u00e9us descidos,\" \/>\n\t\t<meta name=\"twitter:image\" content=\"https:\/\/scontent-gig4-1.xx.fbcdn.net\/v\/t39.30808-1\/270437624_4564083193639691_6907940295614233970_n.jpg?stp=dst-jpg_s200x200_tt6&amp;_nc_cat=111&amp;ccb=1-7&amp;_nc_sid=f907e8&amp;_nc_ohc=SM1wRlP3lJwQ7kNvwEPuBYA&amp;_nc_oc=AdnqrjDN_BNjSSHWO-GbkIWH6fkGMLw4bqvL_NH6e2wMveX7G-rP2dAqsDSq1mJMOaY&amp;_nc_zt=24&amp;_nc_ht=scontent-gig4-1.xx&amp;_nc_gid=AoBFJeGrT1hVaew_6rchkQ&amp;oh=00_AfX7QmFGhQhG2jAllVgXCiM1ZrWgvtp80-Bfppyexh1QEg&amp;oe=689E923C\" \/>\n\t\t<script type=\"application\/ld+json\" class=\"aioseo-schema\">\n\t\t\t{\"@context\":\"https:\\\/\\\/schema.org\",\"@graph\":[{\"@type\":\"BlogPosting\",\"@id\":\"https:\\\/\\\/anoticiaonline.com.br\\\/site\\\/verdade-transparencia\\\/#blogposting\",\"name\":\"Verdade & Transpar\\u00eancia - A Not\\u00edcia Online\",\"headline\":\"Verdade &#038; Transpar\\u00eancia\",\"author\":{\"@id\":\"https:\\\/\\\/anoticiaonline.com.br\\\/site\\\/author\\\/juliana\\\/#author\"},\"publisher\":{\"@id\":\"https:\\\/\\\/anoticiaonline.com.br\\\/site\\\/#organization\"},\"image\":{\"@type\":\"ImageObject\",\"url\":\"https:\\\/\\\/scontent-gig4-1.xx.fbcdn.net\\\/v\\\/t39.30808-1\\\/270437624_4564083193639691_6907940295614233970_n.jpg?stp=dst-jpg_s200x200_tt6&_nc_cat=111&ccb=1-7&_nc_sid=f907e8&_nc_ohc=SM1wRlP3lJwQ7kNvwEPuBYA&_nc_oc=AdnqrjDN_BNjSSHWO-GbkIWH6fkGMLw4bqvL_NH6e2wMveX7G-rP2dAqsDSq1mJMOaY&_nc_zt=24&_nc_ht=scontent-gig4-1.xx&_nc_gid=AoBFJeGrT1hVaew_6rchkQ&oh=00_AfX7QmFGhQhG2jAllVgXCiM1ZrWgvtp80-Bfppyexh1QEg&oe=689E923C\",\"@id\":\"https:\\\/\\\/anoticiaonline.com.br\\\/site\\\/#articleImage\"},\"datePublished\":\"2016-01-26T07:59:01-03:00\",\"dateModified\":\"2016-01-26T07:59:01-03:00\",\"inLanguage\":\"pt-BR\",\"mainEntityOfPage\":{\"@id\":\"https:\\\/\\\/anoticiaonline.com.br\\\/site\\\/verdade-transparencia\\\/#webpage\"},\"isPartOf\":{\"@id\":\"https:\\\/\\\/anoticiaonline.com.br\\\/site\\\/verdade-transparencia\\\/#webpage\"},\"articleSection\":\"Espiritismo em Foco, por Rog\\u00e9rio Coelho\"},{\"@type\":\"BreadcrumbList\",\"@id\":\"https:\\\/\\\/anoticiaonline.com.br\\\/site\\\/verdade-transparencia\\\/#breadcrumblist\",\"itemListElement\":[{\"@type\":\"ListItem\",\"@id\":\"https:\\\/\\\/anoticiaonline.com.br\\\/site#listItem\",\"position\":1,\"name\":\"Home\",\"item\":\"https:\\\/\\\/anoticiaonline.com.br\\\/site\",\"nextItem\":{\"@type\":\"ListItem\",\"@id\":\"https:\\\/\\\/anoticiaonline.com.br\\\/site\\\/categoria\\\/colunistas\\\/#listItem\",\"name\":\"Colunistas\"}},{\"@type\":\"ListItem\",\"@id\":\"https:\\\/\\\/anoticiaonline.com.br\\\/site\\\/categoria\\\/colunistas\\\/#listItem\",\"position\":2,\"name\":\"Colunistas\",\"item\":\"https:\\\/\\\/anoticiaonline.com.br\\\/site\\\/categoria\\\/colunistas\\\/\",\"nextItem\":{\"@type\":\"ListItem\",\"@id\":\"https:\\\/\\\/anoticiaonline.com.br\\\/site\\\/categoria\\\/colunistas\\\/espiritismo-em-foco-de-rogerio-coelho\\\/#listItem\",\"name\":\"Espiritismo em Foco, por Rog\\u00e9rio Coelho\"},\"previousItem\":{\"@type\":\"ListItem\",\"@id\":\"https:\\\/\\\/anoticiaonline.com.br\\\/site#listItem\",\"name\":\"Home\"}},{\"@type\":\"ListItem\",\"@id\":\"https:\\\/\\\/anoticiaonline.com.br\\\/site\\\/categoria\\\/colunistas\\\/espiritismo-em-foco-de-rogerio-coelho\\\/#listItem\",\"position\":3,\"name\":\"Espiritismo em Foco, por Rog\\u00e9rio Coelho\",\"item\":\"https:\\\/\\\/anoticiaonline.com.br\\\/site\\\/categoria\\\/colunistas\\\/espiritismo-em-foco-de-rogerio-coelho\\\/\",\"nextItem\":{\"@type\":\"ListItem\",\"@id\":\"https:\\\/\\\/anoticiaonline.com.br\\\/site\\\/verdade-transparencia\\\/#listItem\",\"name\":\"Verdade &#038; Transpar\\u00eancia\"},\"previousItem\":{\"@type\":\"ListItem\",\"@id\":\"https:\\\/\\\/anoticiaonline.com.br\\\/site\\\/categoria\\\/colunistas\\\/#listItem\",\"name\":\"Colunistas\"}},{\"@type\":\"ListItem\",\"@id\":\"https:\\\/\\\/anoticiaonline.com.br\\\/site\\\/verdade-transparencia\\\/#listItem\",\"position\":4,\"name\":\"Verdade &#038; Transpar\\u00eancia\",\"previousItem\":{\"@type\":\"ListItem\",\"@id\":\"https:\\\/\\\/anoticiaonline.com.br\\\/site\\\/categoria\\\/colunistas\\\/espiritismo-em-foco-de-rogerio-coelho\\\/#listItem\",\"name\":\"Espiritismo em Foco, por Rog\\u00e9rio Coelho\"}}]},{\"@type\":\"Organization\",\"@id\":\"https:\\\/\\\/anoticiaonline.com.br\\\/site\\\/#organization\",\"name\":\"A Not\\u00edcia Online\",\"description\":\"Noticias de Muria\\u00e9 e regi\\u00e3o\",\"url\":\"https:\\\/\\\/anoticiaonline.com.br\\\/site\\\/\",\"logo\":{\"@type\":\"ImageObject\",\"url\":\"https:\\\/\\\/scontent-gig4-1.xx.fbcdn.net\\\/v\\\/t39.30808-1\\\/270437624_4564083193639691_6907940295614233970_n.jpg?stp=dst-jpg_s200x200_tt6&_nc_cat=111&ccb=1-7&_nc_sid=f907e8&_nc_ohc=SM1wRlP3lJwQ7kNvwEPuBYA&_nc_oc=AdnqrjDN_BNjSSHWO-GbkIWH6fkGMLw4bqvL_NH6e2wMveX7G-rP2dAqsDSq1mJMOaY&_nc_zt=24&_nc_ht=scontent-gig4-1.xx&_nc_gid=AoBFJeGrT1hVaew_6rchkQ&oh=00_AfX7QmFGhQhG2jAllVgXCiM1ZrWgvtp80-Bfppyexh1QEg&oe=689E923C\",\"@id\":\"https:\\\/\\\/anoticiaonline.com.br\\\/site\\\/verdade-transparencia\\\/#organizationLogo\"},\"image\":{\"@id\":\"https:\\\/\\\/anoticiaonline.com.br\\\/site\\\/verdade-transparencia\\\/#organizationLogo\"}},{\"@type\":\"Person\",\"@id\":\"https:\\\/\\\/anoticiaonline.com.br\\\/site\\\/author\\\/juliana\\\/#author\",\"url\":\"https:\\\/\\\/anoticiaonline.com.br\\\/site\\\/author\\\/juliana\\\/\",\"name\":\"Juliana Laviola\",\"image\":{\"@type\":\"ImageObject\",\"@id\":\"https:\\\/\\\/anoticiaonline.com.br\\\/site\\\/verdade-transparencia\\\/#authorImage\",\"url\":\"https:\\\/\\\/secure.gravatar.com\\\/avatar\\\/b8d45f5c699b100dfaf0e543582f38f38bf94cb7ae3a5e9abf8d891a34773335?s=96&d=mm&r=g\",\"width\":96,\"height\":96,\"caption\":\"Juliana Laviola\"}},{\"@type\":\"WebPage\",\"@id\":\"https:\\\/\\\/anoticiaonline.com.br\\\/site\\\/verdade-transparencia\\\/#webpage\",\"url\":\"https:\\\/\\\/anoticiaonline.com.br\\\/site\\\/verdade-transparencia\\\/\",\"name\":\"Verdade & Transpar\\u00eancia - A Not\\u00edcia Online\",\"description\":\"A Verdade \\u00e9 a respons\\u00e1vel pela harmonia do ser humano (Joanna de \\u00c2ngelis) A verdade \\u00e9 ainda detestada entre muitas criaturas humanas... Por isso, a fantasia insinua-se-lhes desde a inf\\u00e2ncia, cultivada com desvelos por genitores invigilantes que pare- cem cuidar de sonhos, imaginando que os filhos s\\u00e3o pr\\u00edncipes \\u00e9picos e anjos dos c\\u00e9us descidos,\",\"inLanguage\":\"pt-BR\",\"isPartOf\":{\"@id\":\"https:\\\/\\\/anoticiaonline.com.br\\\/site\\\/#website\"},\"breadcrumb\":{\"@id\":\"https:\\\/\\\/anoticiaonline.com.br\\\/site\\\/verdade-transparencia\\\/#breadcrumblist\"},\"author\":{\"@id\":\"https:\\\/\\\/anoticiaonline.com.br\\\/site\\\/author\\\/juliana\\\/#author\"},\"creator\":{\"@id\":\"https:\\\/\\\/anoticiaonline.com.br\\\/site\\\/author\\\/juliana\\\/#author\"},\"datePublished\":\"2016-01-26T07:59:01-03:00\",\"dateModified\":\"2016-01-26T07:59:01-03:00\"},{\"@type\":\"WebSite\",\"@id\":\"https:\\\/\\\/anoticiaonline.com.br\\\/site\\\/#website\",\"url\":\"https:\\\/\\\/anoticiaonline.com.br\\\/site\\\/\",\"name\":\"A Not\\u00edcia Online\",\"description\":\"Noticias de Muria\\u00e9 e regi\\u00e3o\",\"inLanguage\":\"pt-BR\",\"publisher\":{\"@id\":\"https:\\\/\\\/anoticiaonline.com.br\\\/site\\\/#organization\"}}]}\n\t\t<\/script>\n\t\t<!-- All in One SEO -->\n\n","aioseo_head_json":{"title":"Verdade & Transpar\u00eancia - A Not\u00edcia Online","description":"A Verdade \u00e9 a respons\u00e1vel pela harmonia do ser humano (Joanna de \u00c2ngelis) A verdade \u00e9 ainda detestada entre muitas criaturas humanas... Por isso, a fantasia insinua-se-lhes desde a inf\u00e2ncia, cultivada com desvelos por genitores invigilantes que pare- cem cuidar de sonhos, imaginando que os filhos s\u00e3o pr\u00edncipes \u00e9picos e anjos dos c\u00e9us descidos,","canonical_url":"https:\/\/anoticiaonline.com.br\/site\/verdade-transparencia\/","robots":"max-image-preview:large","keywords":"","webmasterTools":{"miscellaneous":""},"schema":{"@context":"https:\/\/schema.org","@graph":[{"@type":"BlogPosting","@id":"https:\/\/anoticiaonline.com.br\/site\/verdade-transparencia\/#blogposting","name":"Verdade & Transpar\u00eancia - A Not\u00edcia Online","headline":"Verdade &#038; Transpar\u00eancia","author":{"@id":"https:\/\/anoticiaonline.com.br\/site\/author\/juliana\/#author"},"publisher":{"@id":"https:\/\/anoticiaonline.com.br\/site\/#organization"},"image":{"@type":"ImageObject","url":"https:\/\/scontent-gig4-1.xx.fbcdn.net\/v\/t39.30808-1\/270437624_4564083193639691_6907940295614233970_n.jpg?stp=dst-jpg_s200x200_tt6&_nc_cat=111&ccb=1-7&_nc_sid=f907e8&_nc_ohc=SM1wRlP3lJwQ7kNvwEPuBYA&_nc_oc=AdnqrjDN_BNjSSHWO-GbkIWH6fkGMLw4bqvL_NH6e2wMveX7G-rP2dAqsDSq1mJMOaY&_nc_zt=24&_nc_ht=scontent-gig4-1.xx&_nc_gid=AoBFJeGrT1hVaew_6rchkQ&oh=00_AfX7QmFGhQhG2jAllVgXCiM1ZrWgvtp80-Bfppyexh1QEg&oe=689E923C","@id":"https:\/\/anoticiaonline.com.br\/site\/#articleImage"},"datePublished":"2016-01-26T07:59:01-03:00","dateModified":"2016-01-26T07:59:01-03:00","inLanguage":"pt-BR","mainEntityOfPage":{"@id":"https:\/\/anoticiaonline.com.br\/site\/verdade-transparencia\/#webpage"},"isPartOf":{"@id":"https:\/\/anoticiaonline.com.br\/site\/verdade-transparencia\/#webpage"},"articleSection":"Espiritismo em Foco, por Rog\u00e9rio Coelho"},{"@type":"BreadcrumbList","@id":"https:\/\/anoticiaonline.com.br\/site\/verdade-transparencia\/#breadcrumblist","itemListElement":[{"@type":"ListItem","@id":"https:\/\/anoticiaonline.com.br\/site#listItem","position":1,"name":"Home","item":"https:\/\/anoticiaonline.com.br\/site","nextItem":{"@type":"ListItem","@id":"https:\/\/anoticiaonline.com.br\/site\/categoria\/colunistas\/#listItem","name":"Colunistas"}},{"@type":"ListItem","@id":"https:\/\/anoticiaonline.com.br\/site\/categoria\/colunistas\/#listItem","position":2,"name":"Colunistas","item":"https:\/\/anoticiaonline.com.br\/site\/categoria\/colunistas\/","nextItem":{"@type":"ListItem","@id":"https:\/\/anoticiaonline.com.br\/site\/categoria\/colunistas\/espiritismo-em-foco-de-rogerio-coelho\/#listItem","name":"Espiritismo em Foco, por Rog\u00e9rio Coelho"},"previousItem":{"@type":"ListItem","@id":"https:\/\/anoticiaonline.com.br\/site#listItem","name":"Home"}},{"@type":"ListItem","@id":"https:\/\/anoticiaonline.com.br\/site\/categoria\/colunistas\/espiritismo-em-foco-de-rogerio-coelho\/#listItem","position":3,"name":"Espiritismo em Foco, por Rog\u00e9rio Coelho","item":"https:\/\/anoticiaonline.com.br\/site\/categoria\/colunistas\/espiritismo-em-foco-de-rogerio-coelho\/","nextItem":{"@type":"ListItem","@id":"https:\/\/anoticiaonline.com.br\/site\/verdade-transparencia\/#listItem","name":"Verdade &#038; Transpar\u00eancia"},"previousItem":{"@type":"ListItem","@id":"https:\/\/anoticiaonline.com.br\/site\/categoria\/colunistas\/#listItem","name":"Colunistas"}},{"@type":"ListItem","@id":"https:\/\/anoticiaonline.com.br\/site\/verdade-transparencia\/#listItem","position":4,"name":"Verdade &#038; Transpar\u00eancia","previousItem":{"@type":"ListItem","@id":"https:\/\/anoticiaonline.com.br\/site\/categoria\/colunistas\/espiritismo-em-foco-de-rogerio-coelho\/#listItem","name":"Espiritismo em Foco, por Rog\u00e9rio Coelho"}}]},{"@type":"Organization","@id":"https:\/\/anoticiaonline.com.br\/site\/#organization","name":"A Not\u00edcia Online","description":"Noticias de Muria\u00e9 e regi\u00e3o","url":"https:\/\/anoticiaonline.com.br\/site\/","logo":{"@type":"ImageObject","url":"https:\/\/scontent-gig4-1.xx.fbcdn.net\/v\/t39.30808-1\/270437624_4564083193639691_6907940295614233970_n.jpg?stp=dst-jpg_s200x200_tt6&_nc_cat=111&ccb=1-7&_nc_sid=f907e8&_nc_ohc=SM1wRlP3lJwQ7kNvwEPuBYA&_nc_oc=AdnqrjDN_BNjSSHWO-GbkIWH6fkGMLw4bqvL_NH6e2wMveX7G-rP2dAqsDSq1mJMOaY&_nc_zt=24&_nc_ht=scontent-gig4-1.xx&_nc_gid=AoBFJeGrT1hVaew_6rchkQ&oh=00_AfX7QmFGhQhG2jAllVgXCiM1ZrWgvtp80-Bfppyexh1QEg&oe=689E923C","@id":"https:\/\/anoticiaonline.com.br\/site\/verdade-transparencia\/#organizationLogo"},"image":{"@id":"https:\/\/anoticiaonline.com.br\/site\/verdade-transparencia\/#organizationLogo"}},{"@type":"Person","@id":"https:\/\/anoticiaonline.com.br\/site\/author\/juliana\/#author","url":"https:\/\/anoticiaonline.com.br\/site\/author\/juliana\/","name":"Juliana Laviola","image":{"@type":"ImageObject","@id":"https:\/\/anoticiaonline.com.br\/site\/verdade-transparencia\/#authorImage","url":"https:\/\/secure.gravatar.com\/avatar\/b8d45f5c699b100dfaf0e543582f38f38bf94cb7ae3a5e9abf8d891a34773335?s=96&d=mm&r=g","width":96,"height":96,"caption":"Juliana Laviola"}},{"@type":"WebPage","@id":"https:\/\/anoticiaonline.com.br\/site\/verdade-transparencia\/#webpage","url":"https:\/\/anoticiaonline.com.br\/site\/verdade-transparencia\/","name":"Verdade & Transpar\u00eancia - A Not\u00edcia Online","description":"A Verdade \u00e9 a respons\u00e1vel pela harmonia do ser humano (Joanna de \u00c2ngelis) A verdade \u00e9 ainda detestada entre muitas criaturas humanas... Por isso, a fantasia insinua-se-lhes desde a inf\u00e2ncia, cultivada com desvelos por genitores invigilantes que pare- cem cuidar de sonhos, imaginando que os filhos s\u00e3o pr\u00edncipes \u00e9picos e anjos dos c\u00e9us descidos,","inLanguage":"pt-BR","isPartOf":{"@id":"https:\/\/anoticiaonline.com.br\/site\/#website"},"breadcrumb":{"@id":"https:\/\/anoticiaonline.com.br\/site\/verdade-transparencia\/#breadcrumblist"},"author":{"@id":"https:\/\/anoticiaonline.com.br\/site\/author\/juliana\/#author"},"creator":{"@id":"https:\/\/anoticiaonline.com.br\/site\/author\/juliana\/#author"},"datePublished":"2016-01-26T07:59:01-03:00","dateModified":"2016-01-26T07:59:01-03:00"},{"@type":"WebSite","@id":"https:\/\/anoticiaonline.com.br\/site\/#website","url":"https:\/\/anoticiaonline.com.br\/site\/","name":"A Not\u00edcia Online","description":"Noticias de Muria\u00e9 e regi\u00e3o","inLanguage":"pt-BR","publisher":{"@id":"https:\/\/anoticiaonline.com.br\/site\/#organization"}}]},"og:locale":"pt_BR","og:site_name":"A Not\u00edcia Online - Noticias de Muria\u00e9 e regi\u00e3o","og:type":"article","og:title":"Verdade &amp; Transpar\u00eancia - A Not\u00edcia Online","og:description":"A Verdade \u00e9 a respons\u00e1vel pela harmonia do ser humano (Joanna de \u00c2ngelis) A verdade \u00e9 ainda detestada entre muitas criaturas humanas... Por isso, a fantasia insinua-se-lhes desde a inf\u00e2ncia, cultivada com desvelos por genitores invigilantes que pare- cem cuidar de sonhos, imaginando que os filhos s\u00e3o pr\u00edncipes \u00e9picos e anjos dos c\u00e9us descidos,","og:url":"https:\/\/anoticiaonline.com.br\/site\/verdade-transparencia\/","og:image":"https:\/\/scontent-gig4-1.xx.fbcdn.net\/v\/t39.30808-1\/270437624_4564083193639691_6907940295614233970_n.jpg?stp=dst-jpg_s200x200_tt6&#038;_nc_cat=111&#038;ccb=1-7&#038;_nc_sid=f907e8&#038;_nc_ohc=SM1wRlP3lJwQ7kNvwEPuBYA&#038;_nc_oc=AdnqrjDN_BNjSSHWO-GbkIWH6fkGMLw4bqvL_NH6e2wMveX7G-rP2dAqsDSq1mJMOaY&#038;_nc_zt=24&#038;_nc_ht=scontent-gig4-1.xx&#038;_nc_gid=AoBFJeGrT1hVaew_6rchkQ&#038;oh=00_AfX7QmFGhQhG2jAllVgXCiM1ZrWgvtp80-Bfppyexh1QEg&#038;oe=689E923C","og:image:secure_url":"https:\/\/scontent-gig4-1.xx.fbcdn.net\/v\/t39.30808-1\/270437624_4564083193639691_6907940295614233970_n.jpg?stp=dst-jpg_s200x200_tt6&#038;_nc_cat=111&#038;ccb=1-7&#038;_nc_sid=f907e8&#038;_nc_ohc=SM1wRlP3lJwQ7kNvwEPuBYA&#038;_nc_oc=AdnqrjDN_BNjSSHWO-GbkIWH6fkGMLw4bqvL_NH6e2wMveX7G-rP2dAqsDSq1mJMOaY&#038;_nc_zt=24&#038;_nc_ht=scontent-gig4-1.xx&#038;_nc_gid=AoBFJeGrT1hVaew_6rchkQ&#038;oh=00_AfX7QmFGhQhG2jAllVgXCiM1ZrWgvtp80-Bfppyexh1QEg&#038;oe=689E923C","article:published_time":"2016-01-26T10:59:01+00:00","article:modified_time":"2016-01-26T10:59:01+00:00","twitter:card":"summary_large_image","twitter:title":"Verdade &amp; Transpar\u00eancia - A Not\u00edcia Online","twitter:description":"A Verdade \u00e9 a respons\u00e1vel pela harmonia do ser humano (Joanna de \u00c2ngelis) A verdade \u00e9 ainda detestada entre muitas criaturas humanas... Por isso, a fantasia insinua-se-lhes desde a inf\u00e2ncia, cultivada com desvelos por genitores invigilantes que pare- cem cuidar de sonhos, imaginando que os filhos s\u00e3o pr\u00edncipes \u00e9picos e anjos dos c\u00e9us descidos,","twitter:image":"https:\/\/scontent-gig4-1.xx.fbcdn.net\/v\/t39.30808-1\/270437624_4564083193639691_6907940295614233970_n.jpg?stp=dst-jpg_s200x200_tt6&_nc_cat=111&ccb=1-7&_nc_sid=f907e8&_nc_ohc=SM1wRlP3lJwQ7kNvwEPuBYA&_nc_oc=AdnqrjDN_BNjSSHWO-GbkIWH6fkGMLw4bqvL_NH6e2wMveX7G-rP2dAqsDSq1mJMOaY&_nc_zt=24&_nc_ht=scontent-gig4-1.xx&_nc_gid=AoBFJeGrT1hVaew_6rchkQ&oh=00_AfX7QmFGhQhG2jAllVgXCiM1ZrWgvtp80-Bfppyexh1QEg&oe=689E923C"},"aioseo_meta_data":{"post_id":"8982","title":null,"description":null,"keywords":null,"keyphrases":null,"primary_term":null,"canonical_url":null,"og_title":null,"og_description":null,"og_object_type":"default","og_image_type":"default","og_image_url":null,"og_image_width":null,"og_image_height":null,"og_image_custom_url":null,"og_image_custom_fields":null,"og_video":null,"og_custom_url":null,"og_article_section":null,"og_article_tags":null,"twitter_use_og":false,"twitter_card":"default","twitter_image_type":"default","twitter_image_url":null,"twitter_image_custom_url":null,"twitter_image_custom_fields":null,"twitter_title":null,"twitter_description":null,"schema":{"blockGraphs":[],"customGraphs":[],"default":{"data":{"Article":[],"Course":[],"Dataset":[],"FAQPage":[],"Movie":[],"Person":[],"Product":[],"ProductReview":[],"Car":[],"Recipe":[],"Service":[],"SoftwareApplication":[],"WebPage":[]},"graphName":"","isEnabled":true},"graphs":[]},"schema_type":"default","schema_type_options":null,"pillar_content":false,"robots_default":true,"robots_noindex":false,"robots_noarchive":false,"robots_nosnippet":false,"robots_nofollow":false,"robots_noimageindex":false,"robots_noodp":false,"robots_notranslate":false,"robots_max_snippet":null,"robots_max_videopreview":null,"robots_max_imagepreview":"large","priority":null,"frequency":null,"local_seo":null,"breadcrumb_settings":null,"limit_modified_date":false,"ai":null,"created":"2025-08-16 14:53:39","updated":"2025-08-16 14:53:39","focus_keyword":null,"additional_keywords":null,"truseo_locale":null,"seo_analyzer_scan_date":null},"aioseo_breadcrumb":"<div class=\"aioseo-breadcrumbs\"><span class=\"aioseo-breadcrumb\">\n\t\t\t<a href=\"https:\/\/anoticiaonline.com.br\/site\" title=\"Home\">Home<\/a>\n\t\t<\/span><span class=\"aioseo-breadcrumb-separator\">&raquo;<\/span><span class=\"aioseo-breadcrumb\">\n\t\t\t<a href=\"https:\/\/anoticiaonline.com.br\/site\/categoria\/colunistas\/\" title=\"Colunistas\">Colunistas<\/a>\n\t\t<\/span><span class=\"aioseo-breadcrumb-separator\">&raquo;<\/span><span class=\"aioseo-breadcrumb\">\n\t\t\t<a href=\"https:\/\/anoticiaonline.com.br\/site\/categoria\/colunistas\/espiritismo-em-foco-de-rogerio-coelho\/\" title=\"Espiritismo em Foco, por Rog\u00e9rio Coelho\">Espiritismo em Foco, por Rog\u00e9rio Coelho<\/a>\n\t\t<\/span><span class=\"aioseo-breadcrumb-separator\">&raquo;<\/span><span class=\"aioseo-breadcrumb\">\n\t\t\tVerdade &amp; Transpar\u00eancia\n\t\t<\/span><\/div>","aioseo_breadcrumb_json":[{"label":"Home","link":"https:\/\/anoticiaonline.com.br\/site"},{"label":"Colunistas","link":"https:\/\/anoticiaonline.com.br\/site\/categoria\/colunistas\/"},{"label":"Espiritismo em Foco, por Rog\u00e9rio Coelho","link":"https:\/\/anoticiaonline.com.br\/site\/categoria\/colunistas\/espiritismo-em-foco-de-rogerio-coelho\/"},{"label":"Verdade &#038; Transpar\u00eancia","link":"https:\/\/anoticiaonline.com.br\/site\/verdade-transparencia\/"}],"views":168,"_links":{"self":[{"href":"https:\/\/anoticiaonline.com.br\/site\/wp-json\/wp\/v2\/posts\/8982","targetHints":{"allow":["GET"]}}],"collection":[{"href":"https:\/\/anoticiaonline.com.br\/site\/wp-json\/wp\/v2\/posts"}],"about":[{"href":"https:\/\/anoticiaonline.com.br\/site\/wp-json\/wp\/v2\/types\/post"}],"author":[{"embeddable":true,"href":"https:\/\/anoticiaonline.com.br\/site\/wp-json\/wp\/v2\/users\/2"}],"replies":[{"embeddable":true,"href":"https:\/\/anoticiaonline.com.br\/site\/wp-json\/wp\/v2\/comments?post=8982"}],"version-history":[{"count":0,"href":"https:\/\/anoticiaonline.com.br\/site\/wp-json\/wp\/v2\/posts\/8982\/revisions"}],"wp:attachment":[{"href":"https:\/\/anoticiaonline.com.br\/site\/wp-json\/wp\/v2\/media?parent=8982"}],"wp:term":[{"taxonomy":"category","embeddable":true,"href":"https:\/\/anoticiaonline.com.br\/site\/wp-json\/wp\/v2\/categories?post=8982"},{"taxonomy":"post_tag","embeddable":true,"href":"https:\/\/anoticiaonline.com.br\/site\/wp-json\/wp\/v2\/tags?post=8982"}],"curies":[{"name":"wp","href":"https:\/\/api.w.org\/{rel}","templated":true}]}}