{"id":8964,"date":"2016-01-26T07:00:04","date_gmt":"2016-01-26T10:00:04","guid":{"rendered":"http:\/\/anoticiaonline.com.br\/site\/?p=8964"},"modified":"2016-01-25T13:45:03","modified_gmt":"2016-01-25T16:45:03","slug":"carnaval-de-muriae-comeca-nesta-sexta-feira","status":"publish","type":"post","link":"https:\/\/anoticiaonline.com.br\/site\/carnaval-de-muriae-comeca-nesta-sexta-feira\/","title":{"rendered":"Carnaval de Muria\u00e9 come\u00e7a nesta sexta-feira"},"content":{"rendered":"<p><a href=\"https:\/\/anoticiaonline.com.br\/site\/wp-content\/uploads\/2016\/01\/IMG_0139.jpg\"><img fetchpriority=\"high\" decoding=\"async\" class=\" size-medium wp-image-8965 alignleft\" src=\"https:\/\/anoticiaonline.com.br\/site\/wp-content\/uploads\/2016\/01\/IMG_0139-300x200.jpg\" alt=\"IMG_0139\" width=\"300\" height=\"200\" srcset=\"https:\/\/anoticiaonline.com.br\/site\/wp-content\/uploads\/2016\/01\/IMG_0139-300x200.jpg 300w, https:\/\/anoticiaonline.com.br\/site\/wp-content\/uploads\/2016\/01\/IMG_0139.jpg 640w\" sizes=\"(max-width: 300px) 100vw, 300px\" \/><\/a>O carnaval de Muria\u00e9, que, assim como no ano passado acontecer\u00e1 antecipadamente em rela\u00e7\u00e3o ao calend\u00e1rio oficial, come\u00e7a nesta sexta-feira (29) e se estende at\u00e9 domingo (31). Organizado pela Prefeitura de Muria\u00e9, Secretaria de Turismo, Fundarte e Liga Carnavalesca de Muria\u00e9 (Licamur), a folia ter\u00e1 como tema \u201c100 anos de Samba\u201d.<\/p>\n<p>Seis blocos e escolas &#8211; Canarinhos do Samba, Sambloco, Marambloco, Papagaio, Unidos do Santa Terezinha e Unidos do S\u00e3o Joaquim &#8211; sair\u00e3o pelas principais ruas do Centro em hor\u00e1rios noturnos. Dois blocos carnavalescos sair\u00e3o nos finais de tarde: Bloco da Bebinha e Bloco da Mangua\u00e7a.<\/p>\n<p>A abertura oficial ser\u00e1 na Pra\u00e7a Jo\u00e3o Pinheiro, \u00e0s 19 horas de sexta-feira. Neste momento, se apresentar\u00e1 o Clube do Samba. \u00c0s 21 horas ser\u00e1 a vez do p\u00fablico assistir ao desfile da banda A\u00ed Vem Eles. \u00c0s 22h30min, chega \u00e0 pra\u00e7a o Marambloco, do bairro Marambaia e, \u00e0s 23h30min, a Escola Unidos do S\u00e3o Joaquim.<\/p>\n<p>Na sexta \u00e0 tarde, por volta das 19 horas, sair\u00e1, do S\u00e3o Francisco, o Bloco Bebinha, formado por moradores do bairro e localidades vizinhas.<\/p>\n<p>No s\u00e1bado (30), \u00e0s 21 horas, haver\u00e1 a apresenta\u00e7\u00e3o da Escola de Samba Unidos do Santa Terezinha. \u00c0s 22h20min, ser\u00e1 a vez do Bloco do Papagaio desfilar pela avenida. \u00c0s 23h30min, vem a escola \u201cCanarinho do Samba\u201d e, para fechar, \u00e0 1 hora da manh\u00e3, o \u201cSambloco\u201d.<\/p>\n<p>Na tarde, \u00e0s 15 horas, haver\u00e1 o desfile do Bloco da Mangua\u00e7a, que segue pelas ruas reunindo toda a juventude de Muria\u00e9, saindo do Cais do Chopp para o restaurante Deck Salada Grill. E, \u00e0s 18 horas, paralelamente, sai o \u201cClube do Samba\u201d, do bairro Jo\u00e3o XXIII.<\/p>\n<p>No domingo o carnaval continua. \u00c0s 18 horas, acontece a \u201cDomingueira do Samba\u201d.<\/p>\n<p>As escolas de samba j\u00e1 est\u00e3o com os barrac\u00f5es e oficinas funcionando em pleno vapor. Tudo confeccionado para apresentar \u00e0 popula\u00e7\u00e3o muriaeense cores, tons e folia.<\/p>\n","protected":false},"excerpt":{"rendered":"<p>O carnaval de Muria\u00e9, que, assim como no ano passado acontecer\u00e1 antecipadamente em rela\u00e7\u00e3o ao calend\u00e1rio oficial, come\u00e7a nesta sexta-feira (29) e se estende at\u00e9 domingo (31). Organizado pela Prefeitura de Muria\u00e9, Secretaria de Turismo, Fundarte e Liga Carnavalesca de Muria\u00e9 (Licamur), a folia ter\u00e1 como tema \u201c100 anos de Samba\u201d. Seis blocos e escolas &#8230; <a title=\"Carnaval de Muria\u00e9 come\u00e7a nesta sexta-feira\" class=\"read-more\" href=\"https:\/\/anoticiaonline.com.br\/site\/carnaval-de-muriae-comeca-nesta-sexta-feira\/\" aria-label=\"Read more about Carnaval de Muria\u00e9 come\u00e7a nesta sexta-feira\">Ler mais<\/a><\/p>\n","protected":false},"author":2,"featured_media":8965,"comment_status":"open","ping_status":"open","sticky":false,"template":"","format":"standard","meta":{"_acf_changed":false,"_monsterinsights_skip_tracking":false,"footnotes":""},"categories":[30],"tags":[3],"class_list":["post-8964","post","type-post","status-publish","format-standard","has-post-thumbnail","hentry","category-muriae","tag-slide"],"acf":[],"aioseo_notices":[],"aioseo_head":"\n\t\t<!-- All in One SEO 5.0.0.1 - aioseo.com -->\n\t<meta name=\"description\" content=\"O carnaval de Muria\u00e9, que, assim como no ano passado acontecer\u00e1 antecipadamente em rela\u00e7\u00e3o ao calend\u00e1rio oficial, come\u00e7a nesta sexta-feira (29) e se estende at\u00e9 domingo (31). Organizado pela Prefeitura de Muria\u00e9, Secretaria de Turismo, Fundarte e Liga Carnavalesca de Muria\u00e9 (Licamur), a folia ter\u00e1 como tema \u201c100 anos de Samba\u201d. Seis blocos e escolas\" \/>\n\t<meta name=\"robots\" content=\"max-image-preview:large\" \/>\n\t<meta name=\"author\" content=\"Juliana Laviola\"\/>\n\t<link rel=\"canonical\" href=\"https:\/\/anoticiaonline.com.br\/site\/carnaval-de-muriae-comeca-nesta-sexta-feira\/\" \/>\n\t<meta name=\"generator\" content=\"All in One SEO (AIOSEO) 5.0.0.1\" \/>\n\t\t<meta property=\"og:locale\" content=\"pt_BR\" \/>\n\t\t<meta property=\"og:site_name\" content=\"A Not\u00edcia Online - Noticias de Muria\u00e9 e regi\u00e3o\" \/>\n\t\t<meta property=\"og:type\" content=\"article\" \/>\n\t\t<meta property=\"og:title\" content=\"Carnaval de Muria\u00e9 come\u00e7a nesta sexta-feira - A Not\u00edcia Online\" \/>\n\t\t<meta property=\"og:description\" content=\"O carnaval de Muria\u00e9, que, assim como no ano passado acontecer\u00e1 antecipadamente em rela\u00e7\u00e3o ao calend\u00e1rio oficial, come\u00e7a nesta sexta-feira (29) e se estende at\u00e9 domingo (31). Organizado pela Prefeitura de Muria\u00e9, Secretaria de Turismo, Fundarte e Liga Carnavalesca de Muria\u00e9 (Licamur), a folia ter\u00e1 como tema \u201c100 anos de Samba\u201d. Seis blocos e escolas\" \/>\n\t\t<meta property=\"og:url\" content=\"https:\/\/anoticiaonline.com.br\/site\/carnaval-de-muriae-comeca-nesta-sexta-feira\/\" \/>\n\t\t<meta property=\"og:image\" content=\"https:\/\/scontent-gig4-1.xx.fbcdn.net\/v\/t39.30808-1\/270437624_4564083193639691_6907940295614233970_n.jpg?stp=dst-jpg_s200x200_tt6&#038;_nc_cat=111&#038;ccb=1-7&#038;_nc_sid=f907e8&#038;_nc_ohc=SM1wRlP3lJwQ7kNvwEPuBYA&#038;_nc_oc=AdnqrjDN_BNjSSHWO-GbkIWH6fkGMLw4bqvL_NH6e2wMveX7G-rP2dAqsDSq1mJMOaY&#038;_nc_zt=24&#038;_nc_ht=scontent-gig4-1.xx&#038;_nc_gid=AoBFJeGrT1hVaew_6rchkQ&#038;oh=00_AfX7QmFGhQhG2jAllVgXCiM1ZrWgvtp80-Bfppyexh1QEg&#038;oe=689E923C\" \/>\n\t\t<meta property=\"og:image:secure_url\" content=\"https:\/\/scontent-gig4-1.xx.fbcdn.net\/v\/t39.30808-1\/270437624_4564083193639691_6907940295614233970_n.jpg?stp=dst-jpg_s200x200_tt6&#038;_nc_cat=111&#038;ccb=1-7&#038;_nc_sid=f907e8&#038;_nc_ohc=SM1wRlP3lJwQ7kNvwEPuBYA&#038;_nc_oc=AdnqrjDN_BNjSSHWO-GbkIWH6fkGMLw4bqvL_NH6e2wMveX7G-rP2dAqsDSq1mJMOaY&#038;_nc_zt=24&#038;_nc_ht=scontent-gig4-1.xx&#038;_nc_gid=AoBFJeGrT1hVaew_6rchkQ&#038;oh=00_AfX7QmFGhQhG2jAllVgXCiM1ZrWgvtp80-Bfppyexh1QEg&#038;oe=689E923C\" \/>\n\t\t<meta property=\"article:published_time\" content=\"2016-01-26T10:00:04+00:00\" \/>\n\t\t<meta property=\"article:modified_time\" content=\"2016-01-25T16:45:03+00:00\" \/>\n\t\t<meta name=\"twitter:card\" content=\"summary_large_image\" \/>\n\t\t<meta name=\"twitter:title\" content=\"Carnaval de Muria\u00e9 come\u00e7a nesta sexta-feira - A Not\u00edcia Online\" \/>\n\t\t<meta name=\"twitter:description\" content=\"O carnaval de Muria\u00e9, que, assim como no ano passado acontecer\u00e1 antecipadamente em rela\u00e7\u00e3o ao calend\u00e1rio oficial, come\u00e7a nesta sexta-feira (29) e se estende at\u00e9 domingo (31). Organizado pela Prefeitura de Muria\u00e9, Secretaria de Turismo, Fundarte e Liga Carnavalesca de Muria\u00e9 (Licamur), a folia ter\u00e1 como tema \u201c100 anos de Samba\u201d. Seis blocos e escolas\" \/>\n\t\t<meta name=\"twitter:image\" content=\"https:\/\/scontent-gig4-1.xx.fbcdn.net\/v\/t39.30808-1\/270437624_4564083193639691_6907940295614233970_n.jpg?stp=dst-jpg_s200x200_tt6&amp;_nc_cat=111&amp;ccb=1-7&amp;_nc_sid=f907e8&amp;_nc_ohc=SM1wRlP3lJwQ7kNvwEPuBYA&amp;_nc_oc=AdnqrjDN_BNjSSHWO-GbkIWH6fkGMLw4bqvL_NH6e2wMveX7G-rP2dAqsDSq1mJMOaY&amp;_nc_zt=24&amp;_nc_ht=scontent-gig4-1.xx&amp;_nc_gid=AoBFJeGrT1hVaew_6rchkQ&amp;oh=00_AfX7QmFGhQhG2jAllVgXCiM1ZrWgvtp80-Bfppyexh1QEg&amp;oe=689E923C\" \/>\n\t\t<script type=\"application\/ld+json\" class=\"aioseo-schema\">\n\t\t\t{\"@context\":\"https:\\\/\\\/schema.org\",\"@graph\":[{\"@type\":\"BlogPosting\",\"@id\":\"https:\\\/\\\/anoticiaonline.com.br\\\/site\\\/carnaval-de-muriae-comeca-nesta-sexta-feira\\\/#blogposting\",\"name\":\"Carnaval de Muria\\u00e9 come\\u00e7a nesta sexta-feira - A Not\\u00edcia Online\",\"headline\":\"Carnaval de Muria\\u00e9 come\\u00e7a nesta sexta-feira\",\"author\":{\"@id\":\"https:\\\/\\\/anoticiaonline.com.br\\\/site\\\/author\\\/juliana\\\/#author\"},\"publisher\":{\"@id\":\"https:\\\/\\\/anoticiaonline.com.br\\\/site\\\/#organization\"},\"image\":{\"@type\":\"ImageObject\",\"url\":\"https:\\\/\\\/anoticiaonline.com.br\\\/site\\\/wp-content\\\/uploads\\\/2016\\\/01\\\/IMG_0139.jpg\",\"width\":640,\"height\":426},\"datePublished\":\"2016-01-26T07:00:04-03:00\",\"dateModified\":\"2016-01-25T13:45:03-03:00\",\"inLanguage\":\"pt-BR\",\"mainEntityOfPage\":{\"@id\":\"https:\\\/\\\/anoticiaonline.com.br\\\/site\\\/carnaval-de-muriae-comeca-nesta-sexta-feira\\\/#webpage\"},\"isPartOf\":{\"@id\":\"https:\\\/\\\/anoticiaonline.com.br\\\/site\\\/carnaval-de-muriae-comeca-nesta-sexta-feira\\\/#webpage\"},\"articleSection\":\"Blog, slide\"},{\"@type\":\"BreadcrumbList\",\"@id\":\"https:\\\/\\\/anoticiaonline.com.br\\\/site\\\/carnaval-de-muriae-comeca-nesta-sexta-feira\\\/#breadcrumblist\",\"itemListElement\":[{\"@type\":\"ListItem\",\"@id\":\"https:\\\/\\\/anoticiaonline.com.br\\\/site#listItem\",\"position\":1,\"name\":\"Home\",\"item\":\"https:\\\/\\\/anoticiaonline.com.br\\\/site\",\"nextItem\":{\"@type\":\"ListItem\",\"@id\":\"https:\\\/\\\/anoticiaonline.com.br\\\/site\\\/categoria\\\/muriae\\\/#listItem\",\"name\":\"Blog\"}},{\"@type\":\"ListItem\",\"@id\":\"https:\\\/\\\/anoticiaonline.com.br\\\/site\\\/categoria\\\/muriae\\\/#listItem\",\"position\":2,\"name\":\"Blog\",\"item\":\"https:\\\/\\\/anoticiaonline.com.br\\\/site\\\/categoria\\\/muriae\\\/\",\"nextItem\":{\"@type\":\"ListItem\",\"@id\":\"https:\\\/\\\/anoticiaonline.com.br\\\/site\\\/carnaval-de-muriae-comeca-nesta-sexta-feira\\\/#listItem\",\"name\":\"Carnaval de Muria\\u00e9 come\\u00e7a nesta sexta-feira\"},\"previousItem\":{\"@type\":\"ListItem\",\"@id\":\"https:\\\/\\\/anoticiaonline.com.br\\\/site#listItem\",\"name\":\"Home\"}},{\"@type\":\"ListItem\",\"@id\":\"https:\\\/\\\/anoticiaonline.com.br\\\/site\\\/carnaval-de-muriae-comeca-nesta-sexta-feira\\\/#listItem\",\"position\":3,\"name\":\"Carnaval de Muria\\u00e9 come\\u00e7a nesta sexta-feira\",\"previousItem\":{\"@type\":\"ListItem\",\"@id\":\"https:\\\/\\\/anoticiaonline.com.br\\\/site\\\/categoria\\\/muriae\\\/#listItem\",\"name\":\"Blog\"}}]},{\"@type\":\"Organization\",\"@id\":\"https:\\\/\\\/anoticiaonline.com.br\\\/site\\\/#organization\",\"name\":\"A Not\\u00edcia Online\",\"description\":\"Noticias de Muria\\u00e9 e regi\\u00e3o\",\"url\":\"https:\\\/\\\/anoticiaonline.com.br\\\/site\\\/\",\"logo\":{\"@type\":\"ImageObject\",\"url\":\"https:\\\/\\\/scontent-gig4-1.xx.fbcdn.net\\\/v\\\/t39.30808-1\\\/270437624_4564083193639691_6907940295614233970_n.jpg?stp=dst-jpg_s200x200_tt6&_nc_cat=111&ccb=1-7&_nc_sid=f907e8&_nc_ohc=SM1wRlP3lJwQ7kNvwEPuBYA&_nc_oc=AdnqrjDN_BNjSSHWO-GbkIWH6fkGMLw4bqvL_NH6e2wMveX7G-rP2dAqsDSq1mJMOaY&_nc_zt=24&_nc_ht=scontent-gig4-1.xx&_nc_gid=AoBFJeGrT1hVaew_6rchkQ&oh=00_AfX7QmFGhQhG2jAllVgXCiM1ZrWgvtp80-Bfppyexh1QEg&oe=689E923C\",\"@id\":\"https:\\\/\\\/anoticiaonline.com.br\\\/site\\\/carnaval-de-muriae-comeca-nesta-sexta-feira\\\/#organizationLogo\"},\"image\":{\"@id\":\"https:\\\/\\\/anoticiaonline.com.br\\\/site\\\/carnaval-de-muriae-comeca-nesta-sexta-feira\\\/#organizationLogo\"}},{\"@type\":\"Person\",\"@id\":\"https:\\\/\\\/anoticiaonline.com.br\\\/site\\\/author\\\/juliana\\\/#author\",\"url\":\"https:\\\/\\\/anoticiaonline.com.br\\\/site\\\/author\\\/juliana\\\/\",\"name\":\"Juliana Laviola\",\"image\":{\"@type\":\"ImageObject\",\"@id\":\"https:\\\/\\\/anoticiaonline.com.br\\\/site\\\/carnaval-de-muriae-comeca-nesta-sexta-feira\\\/#authorImage\",\"url\":\"https:\\\/\\\/secure.gravatar.com\\\/avatar\\\/b8d45f5c699b100dfaf0e543582f38f38bf94cb7ae3a5e9abf8d891a34773335?s=96&d=mm&r=g\",\"width\":96,\"height\":96,\"caption\":\"Juliana Laviola\"}},{\"@type\":\"WebPage\",\"@id\":\"https:\\\/\\\/anoticiaonline.com.br\\\/site\\\/carnaval-de-muriae-comeca-nesta-sexta-feira\\\/#webpage\",\"url\":\"https:\\\/\\\/anoticiaonline.com.br\\\/site\\\/carnaval-de-muriae-comeca-nesta-sexta-feira\\\/\",\"name\":\"Carnaval de Muria\\u00e9 come\\u00e7a nesta sexta-feira - A Not\\u00edcia Online\",\"description\":\"O carnaval de Muria\\u00e9, que, assim como no ano passado acontecer\\u00e1 antecipadamente em rela\\u00e7\\u00e3o ao calend\\u00e1rio oficial, come\\u00e7a nesta sexta-feira (29) e se estende at\\u00e9 domingo (31). Organizado pela Prefeitura de Muria\\u00e9, Secretaria de Turismo, Fundarte e Liga Carnavalesca de Muria\\u00e9 (Licamur), a folia ter\\u00e1 como tema \\u201c100 anos de Samba\\u201d. Seis blocos e escolas\",\"inLanguage\":\"pt-BR\",\"isPartOf\":{\"@id\":\"https:\\\/\\\/anoticiaonline.com.br\\\/site\\\/#website\"},\"breadcrumb\":{\"@id\":\"https:\\\/\\\/anoticiaonline.com.br\\\/site\\\/carnaval-de-muriae-comeca-nesta-sexta-feira\\\/#breadcrumblist\"},\"author\":{\"@id\":\"https:\\\/\\\/anoticiaonline.com.br\\\/site\\\/author\\\/juliana\\\/#author\"},\"creator\":{\"@id\":\"https:\\\/\\\/anoticiaonline.com.br\\\/site\\\/author\\\/juliana\\\/#author\"},\"image\":{\"@type\":\"ImageObject\",\"url\":\"https:\\\/\\\/anoticiaonline.com.br\\\/site\\\/wp-content\\\/uploads\\\/2016\\\/01\\\/IMG_0139.jpg\",\"@id\":\"https:\\\/\\\/anoticiaonline.com.br\\\/site\\\/carnaval-de-muriae-comeca-nesta-sexta-feira\\\/#mainImage\",\"width\":640,\"height\":426},\"primaryImageOfPage\":{\"@id\":\"https:\\\/\\\/anoticiaonline.com.br\\\/site\\\/carnaval-de-muriae-comeca-nesta-sexta-feira\\\/#mainImage\"},\"datePublished\":\"2016-01-26T07:00:04-03:00\",\"dateModified\":\"2016-01-25T13:45:03-03:00\"},{\"@type\":\"WebSite\",\"@id\":\"https:\\\/\\\/anoticiaonline.com.br\\\/site\\\/#website\",\"url\":\"https:\\\/\\\/anoticiaonline.com.br\\\/site\\\/\",\"name\":\"A Not\\u00edcia Online\",\"description\":\"Noticias de Muria\\u00e9 e regi\\u00e3o\",\"inLanguage\":\"pt-BR\",\"publisher\":{\"@id\":\"https:\\\/\\\/anoticiaonline.com.br\\\/site\\\/#organization\"}}]}\n\t\t<\/script>\n\t\t<!-- All in One SEO -->\n\n","aioseo_head_json":{"title":"Carnaval de Muria\u00e9 come\u00e7a nesta sexta-feira - A Not\u00edcia Online","description":"O carnaval de Muria\u00e9, que, assim como no ano passado acontecer\u00e1 antecipadamente em rela\u00e7\u00e3o ao calend\u00e1rio oficial, come\u00e7a nesta sexta-feira (29) e se estende at\u00e9 domingo (31). Organizado pela Prefeitura de Muria\u00e9, Secretaria de Turismo, Fundarte e Liga Carnavalesca de Muria\u00e9 (Licamur), a folia ter\u00e1 como tema \u201c100 anos de Samba\u201d. Seis blocos e escolas","canonical_url":"https:\/\/anoticiaonline.com.br\/site\/carnaval-de-muriae-comeca-nesta-sexta-feira\/","robots":"max-image-preview:large","keywords":"","webmasterTools":{"miscellaneous":""},"schema":{"@context":"https:\/\/schema.org","@graph":[{"@type":"BlogPosting","@id":"https:\/\/anoticiaonline.com.br\/site\/carnaval-de-muriae-comeca-nesta-sexta-feira\/#blogposting","name":"Carnaval de Muria\u00e9 come\u00e7a nesta sexta-feira - A Not\u00edcia Online","headline":"Carnaval de Muria\u00e9 come\u00e7a nesta sexta-feira","author":{"@id":"https:\/\/anoticiaonline.com.br\/site\/author\/juliana\/#author"},"publisher":{"@id":"https:\/\/anoticiaonline.com.br\/site\/#organization"},"image":{"@type":"ImageObject","url":"https:\/\/anoticiaonline.com.br\/site\/wp-content\/uploads\/2016\/01\/IMG_0139.jpg","width":640,"height":426},"datePublished":"2016-01-26T07:00:04-03:00","dateModified":"2016-01-25T13:45:03-03:00","inLanguage":"pt-BR","mainEntityOfPage":{"@id":"https:\/\/anoticiaonline.com.br\/site\/carnaval-de-muriae-comeca-nesta-sexta-feira\/#webpage"},"isPartOf":{"@id":"https:\/\/anoticiaonline.com.br\/site\/carnaval-de-muriae-comeca-nesta-sexta-feira\/#webpage"},"articleSection":"Blog, slide"},{"@type":"BreadcrumbList","@id":"https:\/\/anoticiaonline.com.br\/site\/carnaval-de-muriae-comeca-nesta-sexta-feira\/#breadcrumblist","itemListElement":[{"@type":"ListItem","@id":"https:\/\/anoticiaonline.com.br\/site#listItem","position":1,"name":"Home","item":"https:\/\/anoticiaonline.com.br\/site","nextItem":{"@type":"ListItem","@id":"https:\/\/anoticiaonline.com.br\/site\/categoria\/muriae\/#listItem","name":"Blog"}},{"@type":"ListItem","@id":"https:\/\/anoticiaonline.com.br\/site\/categoria\/muriae\/#listItem","position":2,"name":"Blog","item":"https:\/\/anoticiaonline.com.br\/site\/categoria\/muriae\/","nextItem":{"@type":"ListItem","@id":"https:\/\/anoticiaonline.com.br\/site\/carnaval-de-muriae-comeca-nesta-sexta-feira\/#listItem","name":"Carnaval de Muria\u00e9 come\u00e7a nesta sexta-feira"},"previousItem":{"@type":"ListItem","@id":"https:\/\/anoticiaonline.com.br\/site#listItem","name":"Home"}},{"@type":"ListItem","@id":"https:\/\/anoticiaonline.com.br\/site\/carnaval-de-muriae-comeca-nesta-sexta-feira\/#listItem","position":3,"name":"Carnaval de Muria\u00e9 come\u00e7a nesta sexta-feira","previousItem":{"@type":"ListItem","@id":"https:\/\/anoticiaonline.com.br\/site\/categoria\/muriae\/#listItem","name":"Blog"}}]},{"@type":"Organization","@id":"https:\/\/anoticiaonline.com.br\/site\/#organization","name":"A Not\u00edcia Online","description":"Noticias de Muria\u00e9 e regi\u00e3o","url":"https:\/\/anoticiaonline.com.br\/site\/","logo":{"@type":"ImageObject","url":"https:\/\/scontent-gig4-1.xx.fbcdn.net\/v\/t39.30808-1\/270437624_4564083193639691_6907940295614233970_n.jpg?stp=dst-jpg_s200x200_tt6&_nc_cat=111&ccb=1-7&_nc_sid=f907e8&_nc_ohc=SM1wRlP3lJwQ7kNvwEPuBYA&_nc_oc=AdnqrjDN_BNjSSHWO-GbkIWH6fkGMLw4bqvL_NH6e2wMveX7G-rP2dAqsDSq1mJMOaY&_nc_zt=24&_nc_ht=scontent-gig4-1.xx&_nc_gid=AoBFJeGrT1hVaew_6rchkQ&oh=00_AfX7QmFGhQhG2jAllVgXCiM1ZrWgvtp80-Bfppyexh1QEg&oe=689E923C","@id":"https:\/\/anoticiaonline.com.br\/site\/carnaval-de-muriae-comeca-nesta-sexta-feira\/#organizationLogo"},"image":{"@id":"https:\/\/anoticiaonline.com.br\/site\/carnaval-de-muriae-comeca-nesta-sexta-feira\/#organizationLogo"}},{"@type":"Person","@id":"https:\/\/anoticiaonline.com.br\/site\/author\/juliana\/#author","url":"https:\/\/anoticiaonline.com.br\/site\/author\/juliana\/","name":"Juliana Laviola","image":{"@type":"ImageObject","@id":"https:\/\/anoticiaonline.com.br\/site\/carnaval-de-muriae-comeca-nesta-sexta-feira\/#authorImage","url":"https:\/\/secure.gravatar.com\/avatar\/b8d45f5c699b100dfaf0e543582f38f38bf94cb7ae3a5e9abf8d891a34773335?s=96&d=mm&r=g","width":96,"height":96,"caption":"Juliana Laviola"}},{"@type":"WebPage","@id":"https:\/\/anoticiaonline.com.br\/site\/carnaval-de-muriae-comeca-nesta-sexta-feira\/#webpage","url":"https:\/\/anoticiaonline.com.br\/site\/carnaval-de-muriae-comeca-nesta-sexta-feira\/","name":"Carnaval de Muria\u00e9 come\u00e7a nesta sexta-feira - A Not\u00edcia Online","description":"O carnaval de Muria\u00e9, que, assim como no ano passado acontecer\u00e1 antecipadamente em rela\u00e7\u00e3o ao calend\u00e1rio oficial, come\u00e7a nesta sexta-feira (29) e se estende at\u00e9 domingo (31). Organizado pela Prefeitura de Muria\u00e9, Secretaria de Turismo, Fundarte e Liga Carnavalesca de Muria\u00e9 (Licamur), a folia ter\u00e1 como tema \u201c100 anos de Samba\u201d. Seis blocos e escolas","inLanguage":"pt-BR","isPartOf":{"@id":"https:\/\/anoticiaonline.com.br\/site\/#website"},"breadcrumb":{"@id":"https:\/\/anoticiaonline.com.br\/site\/carnaval-de-muriae-comeca-nesta-sexta-feira\/#breadcrumblist"},"author":{"@id":"https:\/\/anoticiaonline.com.br\/site\/author\/juliana\/#author"},"creator":{"@id":"https:\/\/anoticiaonline.com.br\/site\/author\/juliana\/#author"},"image":{"@type":"ImageObject","url":"https:\/\/anoticiaonline.com.br\/site\/wp-content\/uploads\/2016\/01\/IMG_0139.jpg","@id":"https:\/\/anoticiaonline.com.br\/site\/carnaval-de-muriae-comeca-nesta-sexta-feira\/#mainImage","width":640,"height":426},"primaryImageOfPage":{"@id":"https:\/\/anoticiaonline.com.br\/site\/carnaval-de-muriae-comeca-nesta-sexta-feira\/#mainImage"},"datePublished":"2016-01-26T07:00:04-03:00","dateModified":"2016-01-25T13:45:03-03:00"},{"@type":"WebSite","@id":"https:\/\/anoticiaonline.com.br\/site\/#website","url":"https:\/\/anoticiaonline.com.br\/site\/","name":"A Not\u00edcia Online","description":"Noticias de Muria\u00e9 e regi\u00e3o","inLanguage":"pt-BR","publisher":{"@id":"https:\/\/anoticiaonline.com.br\/site\/#organization"}}]},"og:locale":"pt_BR","og:site_name":"A Not\u00edcia Online - Noticias de Muria\u00e9 e regi\u00e3o","og:type":"article","og:title":"Carnaval de Muria\u00e9 come\u00e7a nesta sexta-feira - A Not\u00edcia Online","og:description":"O carnaval de Muria\u00e9, que, assim como no ano passado acontecer\u00e1 antecipadamente em rela\u00e7\u00e3o ao calend\u00e1rio oficial, come\u00e7a nesta sexta-feira (29) e se estende at\u00e9 domingo (31). Organizado pela Prefeitura de Muria\u00e9, Secretaria de Turismo, Fundarte e Liga Carnavalesca de Muria\u00e9 (Licamur), a folia ter\u00e1 como tema \u201c100 anos de Samba\u201d. Seis blocos e escolas","og:url":"https:\/\/anoticiaonline.com.br\/site\/carnaval-de-muriae-comeca-nesta-sexta-feira\/","og:image":"https:\/\/scontent-gig4-1.xx.fbcdn.net\/v\/t39.30808-1\/270437624_4564083193639691_6907940295614233970_n.jpg?stp=dst-jpg_s200x200_tt6&#038;_nc_cat=111&#038;ccb=1-7&#038;_nc_sid=f907e8&#038;_nc_ohc=SM1wRlP3lJwQ7kNvwEPuBYA&#038;_nc_oc=AdnqrjDN_BNjSSHWO-GbkIWH6fkGMLw4bqvL_NH6e2wMveX7G-rP2dAqsDSq1mJMOaY&#038;_nc_zt=24&#038;_nc_ht=scontent-gig4-1.xx&#038;_nc_gid=AoBFJeGrT1hVaew_6rchkQ&#038;oh=00_AfX7QmFGhQhG2jAllVgXCiM1ZrWgvtp80-Bfppyexh1QEg&#038;oe=689E923C","og:image:secure_url":"https:\/\/scontent-gig4-1.xx.fbcdn.net\/v\/t39.30808-1\/270437624_4564083193639691_6907940295614233970_n.jpg?stp=dst-jpg_s200x200_tt6&#038;_nc_cat=111&#038;ccb=1-7&#038;_nc_sid=f907e8&#038;_nc_ohc=SM1wRlP3lJwQ7kNvwEPuBYA&#038;_nc_oc=AdnqrjDN_BNjSSHWO-GbkIWH6fkGMLw4bqvL_NH6e2wMveX7G-rP2dAqsDSq1mJMOaY&#038;_nc_zt=24&#038;_nc_ht=scontent-gig4-1.xx&#038;_nc_gid=AoBFJeGrT1hVaew_6rchkQ&#038;oh=00_AfX7QmFGhQhG2jAllVgXCiM1ZrWgvtp80-Bfppyexh1QEg&#038;oe=689E923C","article:published_time":"2016-01-26T10:00:04+00:00","article:modified_time":"2016-01-25T16:45:03+00:00","twitter:card":"summary_large_image","twitter:title":"Carnaval de Muria\u00e9 come\u00e7a nesta sexta-feira - A Not\u00edcia Online","twitter:description":"O carnaval de Muria\u00e9, que, assim como no ano passado acontecer\u00e1 antecipadamente em rela\u00e7\u00e3o ao calend\u00e1rio oficial, come\u00e7a nesta sexta-feira (29) e se estende at\u00e9 domingo (31). Organizado pela Prefeitura de Muria\u00e9, Secretaria de Turismo, Fundarte e Liga Carnavalesca de Muria\u00e9 (Licamur), a folia ter\u00e1 como tema \u201c100 anos de Samba\u201d. Seis blocos e escolas","twitter:image":"https:\/\/scontent-gig4-1.xx.fbcdn.net\/v\/t39.30808-1\/270437624_4564083193639691_6907940295614233970_n.jpg?stp=dst-jpg_s200x200_tt6&_nc_cat=111&ccb=1-7&_nc_sid=f907e8&_nc_ohc=SM1wRlP3lJwQ7kNvwEPuBYA&_nc_oc=AdnqrjDN_BNjSSHWO-GbkIWH6fkGMLw4bqvL_NH6e2wMveX7G-rP2dAqsDSq1mJMOaY&_nc_zt=24&_nc_ht=scontent-gig4-1.xx&_nc_gid=AoBFJeGrT1hVaew_6rchkQ&oh=00_AfX7QmFGhQhG2jAllVgXCiM1ZrWgvtp80-Bfppyexh1QEg&oe=689E923C"},"aioseo_meta_data":{"post_id":"8964","title":null,"description":null,"keywords":null,"keyphrases":null,"primary_term":null,"canonical_url":null,"og_title":null,"og_description":null,"og_object_type":"default","og_image_type":"default","og_image_url":null,"og_image_width":null,"og_image_height":null,"og_image_custom_url":null,"og_image_custom_fields":null,"og_video":null,"og_custom_url":null,"og_article_section":null,"og_article_tags":null,"twitter_use_og":false,"twitter_card":"default","twitter_image_type":"default","twitter_image_url":null,"twitter_image_custom_url":null,"twitter_image_custom_fields":null,"twitter_title":null,"twitter_description":null,"schema":{"blockGraphs":[],"customGraphs":[],"default":{"data":{"Article":[],"Course":[],"Dataset":[],"FAQPage":[],"Movie":[],"Person":[],"Product":[],"ProductReview":[],"Car":[],"Recipe":[],"Service":[],"SoftwareApplication":[],"WebPage":[]},"graphName":"","isEnabled":true},"graphs":[]},"schema_type":"default","schema_type_options":null,"pillar_content":false,"robots_default":true,"robots_noindex":false,"robots_noarchive":false,"robots_nosnippet":false,"robots_nofollow":false,"robots_noimageindex":false,"robots_noodp":false,"robots_notranslate":false,"robots_max_snippet":null,"robots_max_videopreview":null,"robots_max_imagepreview":"large","priority":null,"frequency":null,"local_seo":null,"breadcrumb_settings":null,"limit_modified_date":false,"ai":null,"created":"2025-08-16 14:53:39","updated":"2025-08-16 14:53:39","focus_keyword":null,"additional_keywords":null,"truseo_locale":null,"seo_analyzer_scan_date":null},"aioseo_breadcrumb":"<div class=\"aioseo-breadcrumbs\"><span class=\"aioseo-breadcrumb\">\n\t\t\t<a href=\"https:\/\/anoticiaonline.com.br\/site\" title=\"Home\">Home<\/a>\n\t\t<\/span><span class=\"aioseo-breadcrumb-separator\">&raquo;<\/span><span class=\"aioseo-breadcrumb\">\n\t\t\t<a href=\"https:\/\/anoticiaonline.com.br\/site\/categoria\/muriae\/\" title=\"Blog\">Blog<\/a>\n\t\t<\/span><span class=\"aioseo-breadcrumb-separator\">&raquo;<\/span><span class=\"aioseo-breadcrumb\">\n\t\t\tCarnaval de Muria\u00e9 come\u00e7a nesta sexta-feira\n\t\t<\/span><\/div>","aioseo_breadcrumb_json":[{"label":"Home","link":"https:\/\/anoticiaonline.com.br\/site"},{"label":"Blog","link":"https:\/\/anoticiaonline.com.br\/site\/categoria\/muriae\/"},{"label":"Carnaval de Muria\u00e9 come\u00e7a nesta sexta-feira","link":"https:\/\/anoticiaonline.com.br\/site\/carnaval-de-muriae-comeca-nesta-sexta-feira\/"}],"views":153,"_links":{"self":[{"href":"https:\/\/anoticiaonline.com.br\/site\/wp-json\/wp\/v2\/posts\/8964","targetHints":{"allow":["GET"]}}],"collection":[{"href":"https:\/\/anoticiaonline.com.br\/site\/wp-json\/wp\/v2\/posts"}],"about":[{"href":"https:\/\/anoticiaonline.com.br\/site\/wp-json\/wp\/v2\/types\/post"}],"author":[{"embeddable":true,"href":"https:\/\/anoticiaonline.com.br\/site\/wp-json\/wp\/v2\/users\/2"}],"replies":[{"embeddable":true,"href":"https:\/\/anoticiaonline.com.br\/site\/wp-json\/wp\/v2\/comments?post=8964"}],"version-history":[{"count":0,"href":"https:\/\/anoticiaonline.com.br\/site\/wp-json\/wp\/v2\/posts\/8964\/revisions"}],"wp:featuredmedia":[{"embeddable":true,"href":"https:\/\/anoticiaonline.com.br\/site\/wp-json\/wp\/v2\/media\/8965"}],"wp:attachment":[{"href":"https:\/\/anoticiaonline.com.br\/site\/wp-json\/wp\/v2\/media?parent=8964"}],"wp:term":[{"taxonomy":"category","embeddable":true,"href":"https:\/\/anoticiaonline.com.br\/site\/wp-json\/wp\/v2\/categories?post=8964"},{"taxonomy":"post_tag","embeddable":true,"href":"https:\/\/anoticiaonline.com.br\/site\/wp-json\/wp\/v2\/tags?post=8964"}],"curies":[{"name":"wp","href":"https:\/\/api.w.org\/{rel}","templated":true}]}}