{"id":8944,"date":"2016-01-21T16:09:13","date_gmt":"2016-01-21T19:09:13","guid":{"rendered":"http:\/\/anoticiaonline.com.br\/site\/?p=8944"},"modified":"2016-01-21T16:09:13","modified_gmt":"2016-01-21T19:09:13","slug":"ano-da-misericordia-misericordiosos-como-o-pai","status":"publish","type":"post","link":"https:\/\/anoticiaonline.com.br\/site\/ano-da-misericordia-misericordiosos-como-o-pai\/","title":{"rendered":"Ano da Miseric\u00f3rdia \u2013 Misericordiosos como o Pai"},"content":{"rendered":"<p><em>\u201cO Senhor ungiu-me e enviou-me (&#8230;) para proclamar um ano da gra\u00e7a do Senhor\u201d (Is 62, 1-2)<\/em><\/p>\n<p>\u00c9 muito significativo que num momento em que os pa\u00edses ricos est\u00e3o se armando e mostrando seu poder b\u00e9lico, o Estado Isl\u00e2mico espalha terror no mundo oriental, o mundo ocidental se mostra enterrado na lama da corrup\u00e7\u00e3o, a viol\u00eancia atinge seu mais elevado \u00edndice em todo o mundo, inocentes civis s\u00e3o vitimados em nome do \u00f3dio e que o ser humano tem mostrado o pior que h\u00e1 dentro de si, o papa convoca os crist\u00e3os do mundo inteiro a se encontrarem diante de todo este \u201cboom\u201d com os olhares e pr\u00e1ticas voltadas para Jesus, que nos revela o rosto do Pai.<\/p>\n<p>\u00c9 bonito. O papa n\u00e3o faz nenhuma declara\u00e7\u00e3o. N\u00e3o expede nenhuma condena\u00e7\u00e3o \u00e0queles que causam toda esta dor, nem emite uma bula de excomunh\u00e3o, como aconteceria no passado. O papa nos convoca a prestarmos um servi\u00e7o para o mundo a partir de nossa f\u00e9. Usa como base-tema o cap\u00edtulo 15 de Lucas. L\u00e1, encontramos tr\u00eas par\u00e1bolas. Ele foca na terceira. Embora popularmente conhecida como \u201cPar\u00e1bola do filho pr\u00f3digo\u201d, os te\u00f3logos preferem cham\u00e1-la de \u201cPar\u00e1bola do pai misericordioso\u201d, porque \u00e9 justamente isto. A par\u00e1bola mostra um pai que luta contra o preconceito de dois filhos: o mais novo, que exige sua parte na heran\u00e7a (parte esta que s\u00f3 poderia ser assumida com a morte do pai), e o filho mais velho, que fica revoltado pelo perd\u00e3o que o pai concede ao filho mais novo. E mais ainda, nem o filho mais novo entende o ato do pai. Ele n\u00e3o se liberta de sua culpa. Voltou para o pai porque n\u00e3o tinha para onde ir e voltou n\u00e3o para ser filho, mas um empregado. \u00c9 que ambos os filhos estavam dominados pela ideia de justi\u00e7a do tempo, que era embasada pela Lei de Tali\u00e3o: \u201colho por olho e dente por dente\u201d. O filho mais novo sabia que n\u00e3o merecia mais nada do pai a n\u00e3o ser o desprezo e a vingan\u00e7a; o filho mais velho pensava da mesma maneira. Mas o pai se mostra acima deste princ\u00edpio, o que o faz ter atitudes para al\u00e9m daquilo que era ent\u00e3o esperado. O pai n\u00e3o humilhou o filho que volta. O pai n\u00e3o se vingou do filho ingrato que o decretou morto quando exigiu sua parte da heran\u00e7a. O pai n\u00e3o fez da situa\u00e7\u00e3o uma oportunidade de vangl\u00f3ria e satisfa\u00e7\u00e3o. Agiu com o cora\u00e7\u00e3o de Deus que trata a todos como \u201cfilhos\u201d e de ningu\u00e9m faz diferen\u00e7as. Ao ensinar a ora\u00e7\u00e3o do Pai-Nosso, \u00e9 justamente o que Jesus retoma quando nos ensina a chamar Deus de Pai e usa o pronome possessivo \u201cnosso\u201d. Jesus est\u00e1 significando que todos somos iguais, irm\u00e3os, e temos um \u00fanico pai, formamos uma \u00fanica fam\u00edlia. Por isso, o papa convoca um ano e sonha que este seja um ano de gra\u00e7a. Num momento de trevas, poderemos prestar para o mundo este servi\u00e7o: o servi\u00e7o de encantar o mundo com a gra\u00e7a de Deus. E escolhe como tema: \u201cMisericordiosos como o Pai\u201d. Ou seja, n\u00e3o \u00e9 qualquer miseric\u00f3rdia, mas aquela que est\u00e1 no cora\u00e7\u00e3o do Pai, capaz de superar a \u201cl\u00f3gica de morte\u201d que impera em nossos dias.<\/p>\n<p>Para bem viver o ano da miseric\u00f3rdia, o papa fez uma s\u00e9rie de sugest\u00f5es, que podem ser resumidas nestes cinco gestos: 1- Participar mais assiduamente da vida da Igreja, principalmente da missa dominical (chegar mais cedo, rezar antes da missa, preparar-se bem para aquele momento); 2- Rezar nas inten\u00e7\u00f5es mensais do Santo Padre um Pai-Nosso, uma Salve-Rainha e um Gl\u00f3ria ao Pai (todo m\u00eas, o papa envia para toda Igreja duas inten\u00e7\u00f5es \u2013 quem assina a liturgia di\u00e1ria, eles se encontram na contra capa &#8211; nas secretarias ou na internet t\u00eam-se acesso a estas); 3- Estudar as 14 obras de miseric\u00f3rdias (sete espirituais e sete corporais) e torn\u00e1-las vis\u00edveis na pr\u00e1tica da vida; 4- Fazer uma peregrina\u00e7\u00e3o, \u00edcone de nossa passagem por esta terra. Se poss\u00edvel at\u00e9 a porta santa que, por decreto do senhor bispo diocesano, se encontra em nossa catedral em Leopoldina. (No dia 31 de julho, o bispo estar\u00e1 presente na Pedra Santa para aben\u00e7oar a peregrina\u00e7\u00e3o de todos que desejam viver em plenitude este ano santo); e, por fim, viver uma experi\u00eancia de verdadeira convers\u00e3o atrav\u00e9s de uma confiss\u00e3o sacramental e auricular durante este ano santo.<\/p>\n<p>Que este seja para n\u00f3s ocasi\u00e3o de crescimento espiritual, pessoal e comunit\u00e1rio e de uma pr\u00e1tica mais ligada \u00e0 realidade, que necessita urgentemente de ser transformada. Que acompanhe-nos as palavras do ap\u00f3stolo: \u201cQuem pratica a miseric\u00f3rdia, fa\u00e7a-o com alegria\u201d (Rm 12, 8).<\/p>\n","protected":false},"excerpt":{"rendered":"<p>\u201cO Senhor ungiu-me e enviou-me (&#8230;) para proclamar um ano da gra\u00e7a do Senhor\u201d (Is 62, 1-2) \u00c9 muito significativo que num momento em que os pa\u00edses ricos est\u00e3o se armando e mostrando seu poder b\u00e9lico, o Estado Isl\u00e2mico espalha terror no mundo oriental, o mundo ocidental se mostra enterrado na lama da corrup\u00e7\u00e3o, a &#8230; <a title=\"Ano da Miseric\u00f3rdia \u2013 Misericordiosos como o Pai\" class=\"read-more\" href=\"https:\/\/anoticiaonline.com.br\/site\/ano-da-misericordia-misericordiosos-como-o-pai\/\" aria-label=\"Read more about Ano da Miseric\u00f3rdia \u2013 Misericordiosos como o Pai\">Ler mais<\/a><\/p>\n","protected":false},"author":2,"featured_media":0,"comment_status":"open","ping_status":"open","sticky":false,"template":"","format":"standard","meta":{"_acf_changed":false,"_monsterinsights_skip_tracking":false,"footnotes":""},"categories":[32],"tags":[],"class_list":["post-8944","post","type-post","status-publish","format-standard","hentry","category-vida-e-reflexao-padre-silas-geraldo-paroquia-nossa-senhora-aparecida"],"acf":[],"aioseo_notices":[],"aioseo_head":"\n\t\t<!-- All in One SEO 5.0.0.1 - aioseo.com -->\n\t<meta name=\"description\" content=\"\u201cO Senhor ungiu-me e enviou-me (...) para proclamar um ano da gra\u00e7a do Senhor\u201d (Is 62, 1-2) \u00c9 muito significativo que num momento em que os pa\u00edses ricos est\u00e3o se armando e mostrando seu poder b\u00e9lico, o Estado Isl\u00e2mico espalha terror no mundo oriental, o mundo ocidental se mostra enterrado na lama da corrup\u00e7\u00e3o, a\" \/>\n\t<meta name=\"robots\" content=\"max-image-preview:large\" \/>\n\t<meta name=\"author\" content=\"Juliana Laviola\"\/>\n\t<link rel=\"canonical\" href=\"https:\/\/anoticiaonline.com.br\/site\/ano-da-misericordia-misericordiosos-como-o-pai\/\" \/>\n\t<meta name=\"generator\" content=\"All in One SEO (AIOSEO) 5.0.0.1\" \/>\n\t\t<meta property=\"og:locale\" content=\"pt_BR\" \/>\n\t\t<meta property=\"og:site_name\" content=\"A Not\u00edcia Online - Noticias de Muria\u00e9 e regi\u00e3o\" \/>\n\t\t<meta property=\"og:type\" content=\"article\" \/>\n\t\t<meta property=\"og:title\" content=\"Ano da Miseric\u00f3rdia \u2013 Misericordiosos como o Pai - A Not\u00edcia Online\" \/>\n\t\t<meta property=\"og:description\" content=\"\u201cO Senhor ungiu-me e enviou-me (...) para proclamar um ano da gra\u00e7a do Senhor\u201d (Is 62, 1-2) \u00c9 muito significativo que num momento em que os pa\u00edses ricos est\u00e3o se armando e mostrando seu poder b\u00e9lico, o Estado Isl\u00e2mico espalha terror no mundo oriental, o mundo ocidental se mostra enterrado na lama da corrup\u00e7\u00e3o, a\" \/>\n\t\t<meta property=\"og:url\" content=\"https:\/\/anoticiaonline.com.br\/site\/ano-da-misericordia-misericordiosos-como-o-pai\/\" \/>\n\t\t<meta property=\"og:image\" content=\"https:\/\/scontent-gig4-1.xx.fbcdn.net\/v\/t39.30808-1\/270437624_4564083193639691_6907940295614233970_n.jpg?stp=dst-jpg_s200x200_tt6&#038;_nc_cat=111&#038;ccb=1-7&#038;_nc_sid=f907e8&#038;_nc_ohc=SM1wRlP3lJwQ7kNvwEPuBYA&#038;_nc_oc=AdnqrjDN_BNjSSHWO-GbkIWH6fkGMLw4bqvL_NH6e2wMveX7G-rP2dAqsDSq1mJMOaY&#038;_nc_zt=24&#038;_nc_ht=scontent-gig4-1.xx&#038;_nc_gid=AoBFJeGrT1hVaew_6rchkQ&#038;oh=00_AfX7QmFGhQhG2jAllVgXCiM1ZrWgvtp80-Bfppyexh1QEg&#038;oe=689E923C\" \/>\n\t\t<meta property=\"og:image:secure_url\" content=\"https:\/\/scontent-gig4-1.xx.fbcdn.net\/v\/t39.30808-1\/270437624_4564083193639691_6907940295614233970_n.jpg?stp=dst-jpg_s200x200_tt6&#038;_nc_cat=111&#038;ccb=1-7&#038;_nc_sid=f907e8&#038;_nc_ohc=SM1wRlP3lJwQ7kNvwEPuBYA&#038;_nc_oc=AdnqrjDN_BNjSSHWO-GbkIWH6fkGMLw4bqvL_NH6e2wMveX7G-rP2dAqsDSq1mJMOaY&#038;_nc_zt=24&#038;_nc_ht=scontent-gig4-1.xx&#038;_nc_gid=AoBFJeGrT1hVaew_6rchkQ&#038;oh=00_AfX7QmFGhQhG2jAllVgXCiM1ZrWgvtp80-Bfppyexh1QEg&#038;oe=689E923C\" \/>\n\t\t<meta property=\"article:published_time\" content=\"2016-01-21T19:09:13+00:00\" \/>\n\t\t<meta property=\"article:modified_time\" content=\"2016-01-21T19:09:13+00:00\" \/>\n\t\t<meta name=\"twitter:card\" content=\"summary_large_image\" \/>\n\t\t<meta name=\"twitter:title\" content=\"Ano da Miseric\u00f3rdia \u2013 Misericordiosos como o Pai - A Not\u00edcia Online\" \/>\n\t\t<meta name=\"twitter:description\" content=\"\u201cO Senhor ungiu-me e enviou-me (...) para proclamar um ano da gra\u00e7a do Senhor\u201d (Is 62, 1-2) \u00c9 muito significativo que num momento em que os pa\u00edses ricos est\u00e3o se armando e mostrando seu poder b\u00e9lico, o Estado Isl\u00e2mico espalha terror no mundo oriental, o mundo ocidental se mostra enterrado na lama da corrup\u00e7\u00e3o, a\" \/>\n\t\t<meta name=\"twitter:image\" content=\"https:\/\/scontent-gig4-1.xx.fbcdn.net\/v\/t39.30808-1\/270437624_4564083193639691_6907940295614233970_n.jpg?stp=dst-jpg_s200x200_tt6&amp;_nc_cat=111&amp;ccb=1-7&amp;_nc_sid=f907e8&amp;_nc_ohc=SM1wRlP3lJwQ7kNvwEPuBYA&amp;_nc_oc=AdnqrjDN_BNjSSHWO-GbkIWH6fkGMLw4bqvL_NH6e2wMveX7G-rP2dAqsDSq1mJMOaY&amp;_nc_zt=24&amp;_nc_ht=scontent-gig4-1.xx&amp;_nc_gid=AoBFJeGrT1hVaew_6rchkQ&amp;oh=00_AfX7QmFGhQhG2jAllVgXCiM1ZrWgvtp80-Bfppyexh1QEg&amp;oe=689E923C\" \/>\n\t\t<script type=\"application\/ld+json\" class=\"aioseo-schema\">\n\t\t\t{\"@context\":\"https:\\\/\\\/schema.org\",\"@graph\":[{\"@type\":\"BlogPosting\",\"@id\":\"https:\\\/\\\/anoticiaonline.com.br\\\/site\\\/ano-da-misericordia-misericordiosos-como-o-pai\\\/#blogposting\",\"name\":\"Ano da Miseric\\u00f3rdia \\u2013 Misericordiosos como o Pai - A Not\\u00edcia Online\",\"headline\":\"Ano da Miseric\\u00f3rdia \\u2013 Misericordiosos como o Pai\",\"author\":{\"@id\":\"https:\\\/\\\/anoticiaonline.com.br\\\/site\\\/author\\\/juliana\\\/#author\"},\"publisher\":{\"@id\":\"https:\\\/\\\/anoticiaonline.com.br\\\/site\\\/#organization\"},\"image\":{\"@type\":\"ImageObject\",\"url\":\"https:\\\/\\\/scontent-gig4-1.xx.fbcdn.net\\\/v\\\/t39.30808-1\\\/270437624_4564083193639691_6907940295614233970_n.jpg?stp=dst-jpg_s200x200_tt6&_nc_cat=111&ccb=1-7&_nc_sid=f907e8&_nc_ohc=SM1wRlP3lJwQ7kNvwEPuBYA&_nc_oc=AdnqrjDN_BNjSSHWO-GbkIWH6fkGMLw4bqvL_NH6e2wMveX7G-rP2dAqsDSq1mJMOaY&_nc_zt=24&_nc_ht=scontent-gig4-1.xx&_nc_gid=AoBFJeGrT1hVaew_6rchkQ&oh=00_AfX7QmFGhQhG2jAllVgXCiM1ZrWgvtp80-Bfppyexh1QEg&oe=689E923C\",\"@id\":\"https:\\\/\\\/anoticiaonline.com.br\\\/site\\\/#articleImage\"},\"datePublished\":\"2016-01-21T16:09:13-03:00\",\"dateModified\":\"2016-01-21T16:09:13-03:00\",\"inLanguage\":\"pt-BR\",\"mainEntityOfPage\":{\"@id\":\"https:\\\/\\\/anoticiaonline.com.br\\\/site\\\/ano-da-misericordia-misericordiosos-como-o-pai\\\/#webpage\"},\"isPartOf\":{\"@id\":\"https:\\\/\\\/anoticiaonline.com.br\\\/site\\\/ano-da-misericordia-misericordiosos-como-o-pai\\\/#webpage\"},\"articleSection\":\"Vida e Reflex\\u00e3o - Padre Silas Geraldo - Par\\u00f3quia Nossa Senhora Aparecida\"},{\"@type\":\"BreadcrumbList\",\"@id\":\"https:\\\/\\\/anoticiaonline.com.br\\\/site\\\/ano-da-misericordia-misericordiosos-como-o-pai\\\/#breadcrumblist\",\"itemListElement\":[{\"@type\":\"ListItem\",\"@id\":\"https:\\\/\\\/anoticiaonline.com.br\\\/site#listItem\",\"position\":1,\"name\":\"Home\",\"item\":\"https:\\\/\\\/anoticiaonline.com.br\\\/site\",\"nextItem\":{\"@type\":\"ListItem\",\"@id\":\"https:\\\/\\\/anoticiaonline.com.br\\\/site\\\/categoria\\\/colunistas\\\/#listItem\",\"name\":\"Colunistas\"}},{\"@type\":\"ListItem\",\"@id\":\"https:\\\/\\\/anoticiaonline.com.br\\\/site\\\/categoria\\\/colunistas\\\/#listItem\",\"position\":2,\"name\":\"Colunistas\",\"item\":\"https:\\\/\\\/anoticiaonline.com.br\\\/site\\\/categoria\\\/colunistas\\\/\",\"nextItem\":{\"@type\":\"ListItem\",\"@id\":\"https:\\\/\\\/anoticiaonline.com.br\\\/site\\\/categoria\\\/colunistas\\\/vida-e-reflexao-padre-silas-geraldo-paroquia-nossa-senhora-aparecida\\\/#listItem\",\"name\":\"Vida e Reflex\\u00e3o - Padre Silas Geraldo - Par\\u00f3quia Nossa Senhora Aparecida\"},\"previousItem\":{\"@type\":\"ListItem\",\"@id\":\"https:\\\/\\\/anoticiaonline.com.br\\\/site#listItem\",\"name\":\"Home\"}},{\"@type\":\"ListItem\",\"@id\":\"https:\\\/\\\/anoticiaonline.com.br\\\/site\\\/categoria\\\/colunistas\\\/vida-e-reflexao-padre-silas-geraldo-paroquia-nossa-senhora-aparecida\\\/#listItem\",\"position\":3,\"name\":\"Vida e Reflex\\u00e3o - Padre Silas Geraldo - Par\\u00f3quia Nossa Senhora Aparecida\",\"item\":\"https:\\\/\\\/anoticiaonline.com.br\\\/site\\\/categoria\\\/colunistas\\\/vida-e-reflexao-padre-silas-geraldo-paroquia-nossa-senhora-aparecida\\\/\",\"nextItem\":{\"@type\":\"ListItem\",\"@id\":\"https:\\\/\\\/anoticiaonline.com.br\\\/site\\\/ano-da-misericordia-misericordiosos-como-o-pai\\\/#listItem\",\"name\":\"Ano da Miseric\\u00f3rdia \\u2013 Misericordiosos como o Pai\"},\"previousItem\":{\"@type\":\"ListItem\",\"@id\":\"https:\\\/\\\/anoticiaonline.com.br\\\/site\\\/categoria\\\/colunistas\\\/#listItem\",\"name\":\"Colunistas\"}},{\"@type\":\"ListItem\",\"@id\":\"https:\\\/\\\/anoticiaonline.com.br\\\/site\\\/ano-da-misericordia-misericordiosos-como-o-pai\\\/#listItem\",\"position\":4,\"name\":\"Ano da Miseric\\u00f3rdia \\u2013 Misericordiosos como o Pai\",\"previousItem\":{\"@type\":\"ListItem\",\"@id\":\"https:\\\/\\\/anoticiaonline.com.br\\\/site\\\/categoria\\\/colunistas\\\/vida-e-reflexao-padre-silas-geraldo-paroquia-nossa-senhora-aparecida\\\/#listItem\",\"name\":\"Vida e Reflex\\u00e3o - Padre Silas Geraldo - Par\\u00f3quia Nossa Senhora Aparecida\"}}]},{\"@type\":\"Organization\",\"@id\":\"https:\\\/\\\/anoticiaonline.com.br\\\/site\\\/#organization\",\"name\":\"A Not\\u00edcia Online\",\"description\":\"Noticias de Muria\\u00e9 e regi\\u00e3o\",\"url\":\"https:\\\/\\\/anoticiaonline.com.br\\\/site\\\/\",\"logo\":{\"@type\":\"ImageObject\",\"url\":\"https:\\\/\\\/scontent-gig4-1.xx.fbcdn.net\\\/v\\\/t39.30808-1\\\/270437624_4564083193639691_6907940295614233970_n.jpg?stp=dst-jpg_s200x200_tt6&_nc_cat=111&ccb=1-7&_nc_sid=f907e8&_nc_ohc=SM1wRlP3lJwQ7kNvwEPuBYA&_nc_oc=AdnqrjDN_BNjSSHWO-GbkIWH6fkGMLw4bqvL_NH6e2wMveX7G-rP2dAqsDSq1mJMOaY&_nc_zt=24&_nc_ht=scontent-gig4-1.xx&_nc_gid=AoBFJeGrT1hVaew_6rchkQ&oh=00_AfX7QmFGhQhG2jAllVgXCiM1ZrWgvtp80-Bfppyexh1QEg&oe=689E923C\",\"@id\":\"https:\\\/\\\/anoticiaonline.com.br\\\/site\\\/ano-da-misericordia-misericordiosos-como-o-pai\\\/#organizationLogo\"},\"image\":{\"@id\":\"https:\\\/\\\/anoticiaonline.com.br\\\/site\\\/ano-da-misericordia-misericordiosos-como-o-pai\\\/#organizationLogo\"}},{\"@type\":\"Person\",\"@id\":\"https:\\\/\\\/anoticiaonline.com.br\\\/site\\\/author\\\/juliana\\\/#author\",\"url\":\"https:\\\/\\\/anoticiaonline.com.br\\\/site\\\/author\\\/juliana\\\/\",\"name\":\"Juliana Laviola\",\"image\":{\"@type\":\"ImageObject\",\"@id\":\"https:\\\/\\\/anoticiaonline.com.br\\\/site\\\/ano-da-misericordia-misericordiosos-como-o-pai\\\/#authorImage\",\"url\":\"https:\\\/\\\/secure.gravatar.com\\\/avatar\\\/b8d45f5c699b100dfaf0e543582f38f38bf94cb7ae3a5e9abf8d891a34773335?s=96&d=mm&r=g\",\"width\":96,\"height\":96,\"caption\":\"Juliana Laviola\"}},{\"@type\":\"WebPage\",\"@id\":\"https:\\\/\\\/anoticiaonline.com.br\\\/site\\\/ano-da-misericordia-misericordiosos-como-o-pai\\\/#webpage\",\"url\":\"https:\\\/\\\/anoticiaonline.com.br\\\/site\\\/ano-da-misericordia-misericordiosos-como-o-pai\\\/\",\"name\":\"Ano da Miseric\\u00f3rdia \\u2013 Misericordiosos como o Pai - A Not\\u00edcia Online\",\"description\":\"\\u201cO Senhor ungiu-me e enviou-me (...) para proclamar um ano da gra\\u00e7a do Senhor\\u201d (Is 62, 1-2) \\u00c9 muito significativo que num momento em que os pa\\u00edses ricos est\\u00e3o se armando e mostrando seu poder b\\u00e9lico, o Estado Isl\\u00e2mico espalha terror no mundo oriental, o mundo ocidental se mostra enterrado na lama da corrup\\u00e7\\u00e3o, a\",\"inLanguage\":\"pt-BR\",\"isPartOf\":{\"@id\":\"https:\\\/\\\/anoticiaonline.com.br\\\/site\\\/#website\"},\"breadcrumb\":{\"@id\":\"https:\\\/\\\/anoticiaonline.com.br\\\/site\\\/ano-da-misericordia-misericordiosos-como-o-pai\\\/#breadcrumblist\"},\"author\":{\"@id\":\"https:\\\/\\\/anoticiaonline.com.br\\\/site\\\/author\\\/juliana\\\/#author\"},\"creator\":{\"@id\":\"https:\\\/\\\/anoticiaonline.com.br\\\/site\\\/author\\\/juliana\\\/#author\"},\"datePublished\":\"2016-01-21T16:09:13-03:00\",\"dateModified\":\"2016-01-21T16:09:13-03:00\"},{\"@type\":\"WebSite\",\"@id\":\"https:\\\/\\\/anoticiaonline.com.br\\\/site\\\/#website\",\"url\":\"https:\\\/\\\/anoticiaonline.com.br\\\/site\\\/\",\"name\":\"A Not\\u00edcia Online\",\"description\":\"Noticias de Muria\\u00e9 e regi\\u00e3o\",\"inLanguage\":\"pt-BR\",\"publisher\":{\"@id\":\"https:\\\/\\\/anoticiaonline.com.br\\\/site\\\/#organization\"}}]}\n\t\t<\/script>\n\t\t<!-- All in One SEO -->\n\n","aioseo_head_json":{"title":"Ano da Miseric\u00f3rdia \u2013 Misericordiosos como o Pai - A Not\u00edcia Online","description":"\u201cO Senhor ungiu-me e enviou-me (...) para proclamar um ano da gra\u00e7a do Senhor\u201d (Is 62, 1-2) \u00c9 muito significativo que num momento em que os pa\u00edses ricos est\u00e3o se armando e mostrando seu poder b\u00e9lico, o Estado Isl\u00e2mico espalha terror no mundo oriental, o mundo ocidental se mostra enterrado na lama da corrup\u00e7\u00e3o, a","canonical_url":"https:\/\/anoticiaonline.com.br\/site\/ano-da-misericordia-misericordiosos-como-o-pai\/","robots":"max-image-preview:large","keywords":"","webmasterTools":{"miscellaneous":""},"schema":{"@context":"https:\/\/schema.org","@graph":[{"@type":"BlogPosting","@id":"https:\/\/anoticiaonline.com.br\/site\/ano-da-misericordia-misericordiosos-como-o-pai\/#blogposting","name":"Ano da Miseric\u00f3rdia \u2013 Misericordiosos como o Pai - A Not\u00edcia Online","headline":"Ano da Miseric\u00f3rdia \u2013 Misericordiosos como o Pai","author":{"@id":"https:\/\/anoticiaonline.com.br\/site\/author\/juliana\/#author"},"publisher":{"@id":"https:\/\/anoticiaonline.com.br\/site\/#organization"},"image":{"@type":"ImageObject","url":"https:\/\/scontent-gig4-1.xx.fbcdn.net\/v\/t39.30808-1\/270437624_4564083193639691_6907940295614233970_n.jpg?stp=dst-jpg_s200x200_tt6&_nc_cat=111&ccb=1-7&_nc_sid=f907e8&_nc_ohc=SM1wRlP3lJwQ7kNvwEPuBYA&_nc_oc=AdnqrjDN_BNjSSHWO-GbkIWH6fkGMLw4bqvL_NH6e2wMveX7G-rP2dAqsDSq1mJMOaY&_nc_zt=24&_nc_ht=scontent-gig4-1.xx&_nc_gid=AoBFJeGrT1hVaew_6rchkQ&oh=00_AfX7QmFGhQhG2jAllVgXCiM1ZrWgvtp80-Bfppyexh1QEg&oe=689E923C","@id":"https:\/\/anoticiaonline.com.br\/site\/#articleImage"},"datePublished":"2016-01-21T16:09:13-03:00","dateModified":"2016-01-21T16:09:13-03:00","inLanguage":"pt-BR","mainEntityOfPage":{"@id":"https:\/\/anoticiaonline.com.br\/site\/ano-da-misericordia-misericordiosos-como-o-pai\/#webpage"},"isPartOf":{"@id":"https:\/\/anoticiaonline.com.br\/site\/ano-da-misericordia-misericordiosos-como-o-pai\/#webpage"},"articleSection":"Vida e Reflex\u00e3o - Padre Silas Geraldo - Par\u00f3quia Nossa Senhora Aparecida"},{"@type":"BreadcrumbList","@id":"https:\/\/anoticiaonline.com.br\/site\/ano-da-misericordia-misericordiosos-como-o-pai\/#breadcrumblist","itemListElement":[{"@type":"ListItem","@id":"https:\/\/anoticiaonline.com.br\/site#listItem","position":1,"name":"Home","item":"https:\/\/anoticiaonline.com.br\/site","nextItem":{"@type":"ListItem","@id":"https:\/\/anoticiaonline.com.br\/site\/categoria\/colunistas\/#listItem","name":"Colunistas"}},{"@type":"ListItem","@id":"https:\/\/anoticiaonline.com.br\/site\/categoria\/colunistas\/#listItem","position":2,"name":"Colunistas","item":"https:\/\/anoticiaonline.com.br\/site\/categoria\/colunistas\/","nextItem":{"@type":"ListItem","@id":"https:\/\/anoticiaonline.com.br\/site\/categoria\/colunistas\/vida-e-reflexao-padre-silas-geraldo-paroquia-nossa-senhora-aparecida\/#listItem","name":"Vida e Reflex\u00e3o - Padre Silas Geraldo - Par\u00f3quia Nossa Senhora Aparecida"},"previousItem":{"@type":"ListItem","@id":"https:\/\/anoticiaonline.com.br\/site#listItem","name":"Home"}},{"@type":"ListItem","@id":"https:\/\/anoticiaonline.com.br\/site\/categoria\/colunistas\/vida-e-reflexao-padre-silas-geraldo-paroquia-nossa-senhora-aparecida\/#listItem","position":3,"name":"Vida e Reflex\u00e3o - Padre Silas Geraldo - Par\u00f3quia Nossa Senhora Aparecida","item":"https:\/\/anoticiaonline.com.br\/site\/categoria\/colunistas\/vida-e-reflexao-padre-silas-geraldo-paroquia-nossa-senhora-aparecida\/","nextItem":{"@type":"ListItem","@id":"https:\/\/anoticiaonline.com.br\/site\/ano-da-misericordia-misericordiosos-como-o-pai\/#listItem","name":"Ano da Miseric\u00f3rdia \u2013 Misericordiosos como o Pai"},"previousItem":{"@type":"ListItem","@id":"https:\/\/anoticiaonline.com.br\/site\/categoria\/colunistas\/#listItem","name":"Colunistas"}},{"@type":"ListItem","@id":"https:\/\/anoticiaonline.com.br\/site\/ano-da-misericordia-misericordiosos-como-o-pai\/#listItem","position":4,"name":"Ano da Miseric\u00f3rdia \u2013 Misericordiosos como o Pai","previousItem":{"@type":"ListItem","@id":"https:\/\/anoticiaonline.com.br\/site\/categoria\/colunistas\/vida-e-reflexao-padre-silas-geraldo-paroquia-nossa-senhora-aparecida\/#listItem","name":"Vida e Reflex\u00e3o - Padre Silas Geraldo - Par\u00f3quia Nossa Senhora Aparecida"}}]},{"@type":"Organization","@id":"https:\/\/anoticiaonline.com.br\/site\/#organization","name":"A Not\u00edcia Online","description":"Noticias de Muria\u00e9 e regi\u00e3o","url":"https:\/\/anoticiaonline.com.br\/site\/","logo":{"@type":"ImageObject","url":"https:\/\/scontent-gig4-1.xx.fbcdn.net\/v\/t39.30808-1\/270437624_4564083193639691_6907940295614233970_n.jpg?stp=dst-jpg_s200x200_tt6&_nc_cat=111&ccb=1-7&_nc_sid=f907e8&_nc_ohc=SM1wRlP3lJwQ7kNvwEPuBYA&_nc_oc=AdnqrjDN_BNjSSHWO-GbkIWH6fkGMLw4bqvL_NH6e2wMveX7G-rP2dAqsDSq1mJMOaY&_nc_zt=24&_nc_ht=scontent-gig4-1.xx&_nc_gid=AoBFJeGrT1hVaew_6rchkQ&oh=00_AfX7QmFGhQhG2jAllVgXCiM1ZrWgvtp80-Bfppyexh1QEg&oe=689E923C","@id":"https:\/\/anoticiaonline.com.br\/site\/ano-da-misericordia-misericordiosos-como-o-pai\/#organizationLogo"},"image":{"@id":"https:\/\/anoticiaonline.com.br\/site\/ano-da-misericordia-misericordiosos-como-o-pai\/#organizationLogo"}},{"@type":"Person","@id":"https:\/\/anoticiaonline.com.br\/site\/author\/juliana\/#author","url":"https:\/\/anoticiaonline.com.br\/site\/author\/juliana\/","name":"Juliana Laviola","image":{"@type":"ImageObject","@id":"https:\/\/anoticiaonline.com.br\/site\/ano-da-misericordia-misericordiosos-como-o-pai\/#authorImage","url":"https:\/\/secure.gravatar.com\/avatar\/b8d45f5c699b100dfaf0e543582f38f38bf94cb7ae3a5e9abf8d891a34773335?s=96&d=mm&r=g","width":96,"height":96,"caption":"Juliana Laviola"}},{"@type":"WebPage","@id":"https:\/\/anoticiaonline.com.br\/site\/ano-da-misericordia-misericordiosos-como-o-pai\/#webpage","url":"https:\/\/anoticiaonline.com.br\/site\/ano-da-misericordia-misericordiosos-como-o-pai\/","name":"Ano da Miseric\u00f3rdia \u2013 Misericordiosos como o Pai - A Not\u00edcia Online","description":"\u201cO Senhor ungiu-me e enviou-me (...) para proclamar um ano da gra\u00e7a do Senhor\u201d (Is 62, 1-2) \u00c9 muito significativo que num momento em que os pa\u00edses ricos est\u00e3o se armando e mostrando seu poder b\u00e9lico, o Estado Isl\u00e2mico espalha terror no mundo oriental, o mundo ocidental se mostra enterrado na lama da corrup\u00e7\u00e3o, a","inLanguage":"pt-BR","isPartOf":{"@id":"https:\/\/anoticiaonline.com.br\/site\/#website"},"breadcrumb":{"@id":"https:\/\/anoticiaonline.com.br\/site\/ano-da-misericordia-misericordiosos-como-o-pai\/#breadcrumblist"},"author":{"@id":"https:\/\/anoticiaonline.com.br\/site\/author\/juliana\/#author"},"creator":{"@id":"https:\/\/anoticiaonline.com.br\/site\/author\/juliana\/#author"},"datePublished":"2016-01-21T16:09:13-03:00","dateModified":"2016-01-21T16:09:13-03:00"},{"@type":"WebSite","@id":"https:\/\/anoticiaonline.com.br\/site\/#website","url":"https:\/\/anoticiaonline.com.br\/site\/","name":"A Not\u00edcia Online","description":"Noticias de Muria\u00e9 e regi\u00e3o","inLanguage":"pt-BR","publisher":{"@id":"https:\/\/anoticiaonline.com.br\/site\/#organization"}}]},"og:locale":"pt_BR","og:site_name":"A Not\u00edcia Online - Noticias de Muria\u00e9 e regi\u00e3o","og:type":"article","og:title":"Ano da Miseric\u00f3rdia \u2013 Misericordiosos como o Pai - A Not\u00edcia Online","og:description":"\u201cO Senhor ungiu-me e enviou-me (...) para proclamar um ano da gra\u00e7a do Senhor\u201d (Is 62, 1-2) \u00c9 muito significativo que num momento em que os pa\u00edses ricos est\u00e3o se armando e mostrando seu poder b\u00e9lico, o Estado Isl\u00e2mico espalha terror no mundo oriental, o mundo ocidental se mostra enterrado na lama da corrup\u00e7\u00e3o, a","og:url":"https:\/\/anoticiaonline.com.br\/site\/ano-da-misericordia-misericordiosos-como-o-pai\/","og:image":"https:\/\/scontent-gig4-1.xx.fbcdn.net\/v\/t39.30808-1\/270437624_4564083193639691_6907940295614233970_n.jpg?stp=dst-jpg_s200x200_tt6&#038;_nc_cat=111&#038;ccb=1-7&#038;_nc_sid=f907e8&#038;_nc_ohc=SM1wRlP3lJwQ7kNvwEPuBYA&#038;_nc_oc=AdnqrjDN_BNjSSHWO-GbkIWH6fkGMLw4bqvL_NH6e2wMveX7G-rP2dAqsDSq1mJMOaY&#038;_nc_zt=24&#038;_nc_ht=scontent-gig4-1.xx&#038;_nc_gid=AoBFJeGrT1hVaew_6rchkQ&#038;oh=00_AfX7QmFGhQhG2jAllVgXCiM1ZrWgvtp80-Bfppyexh1QEg&#038;oe=689E923C","og:image:secure_url":"https:\/\/scontent-gig4-1.xx.fbcdn.net\/v\/t39.30808-1\/270437624_4564083193639691_6907940295614233970_n.jpg?stp=dst-jpg_s200x200_tt6&#038;_nc_cat=111&#038;ccb=1-7&#038;_nc_sid=f907e8&#038;_nc_ohc=SM1wRlP3lJwQ7kNvwEPuBYA&#038;_nc_oc=AdnqrjDN_BNjSSHWO-GbkIWH6fkGMLw4bqvL_NH6e2wMveX7G-rP2dAqsDSq1mJMOaY&#038;_nc_zt=24&#038;_nc_ht=scontent-gig4-1.xx&#038;_nc_gid=AoBFJeGrT1hVaew_6rchkQ&#038;oh=00_AfX7QmFGhQhG2jAllVgXCiM1ZrWgvtp80-Bfppyexh1QEg&#038;oe=689E923C","article:published_time":"2016-01-21T19:09:13+00:00","article:modified_time":"2016-01-21T19:09:13+00:00","twitter:card":"summary_large_image","twitter:title":"Ano da Miseric\u00f3rdia \u2013 Misericordiosos como o Pai - A Not\u00edcia Online","twitter:description":"\u201cO Senhor ungiu-me e enviou-me (...) para proclamar um ano da gra\u00e7a do Senhor\u201d (Is 62, 1-2) \u00c9 muito significativo que num momento em que os pa\u00edses ricos est\u00e3o se armando e mostrando seu poder b\u00e9lico, o Estado Isl\u00e2mico espalha terror no mundo oriental, o mundo ocidental se mostra enterrado na lama da corrup\u00e7\u00e3o, a","twitter:image":"https:\/\/scontent-gig4-1.xx.fbcdn.net\/v\/t39.30808-1\/270437624_4564083193639691_6907940295614233970_n.jpg?stp=dst-jpg_s200x200_tt6&_nc_cat=111&ccb=1-7&_nc_sid=f907e8&_nc_ohc=SM1wRlP3lJwQ7kNvwEPuBYA&_nc_oc=AdnqrjDN_BNjSSHWO-GbkIWH6fkGMLw4bqvL_NH6e2wMveX7G-rP2dAqsDSq1mJMOaY&_nc_zt=24&_nc_ht=scontent-gig4-1.xx&_nc_gid=AoBFJeGrT1hVaew_6rchkQ&oh=00_AfX7QmFGhQhG2jAllVgXCiM1ZrWgvtp80-Bfppyexh1QEg&oe=689E923C"},"aioseo_meta_data":{"post_id":"8944","title":null,"description":null,"keywords":null,"keyphrases":null,"primary_term":null,"canonical_url":null,"og_title":null,"og_description":null,"og_object_type":"default","og_image_type":"default","og_image_url":null,"og_image_width":null,"og_image_height":null,"og_image_custom_url":null,"og_image_custom_fields":null,"og_video":null,"og_custom_url":null,"og_article_section":null,"og_article_tags":null,"twitter_use_og":false,"twitter_card":"default","twitter_image_type":"default","twitter_image_url":null,"twitter_image_custom_url":null,"twitter_image_custom_fields":null,"twitter_title":null,"twitter_description":null,"schema":{"blockGraphs":[],"customGraphs":[],"default":{"data":{"Article":[],"Course":[],"Dataset":[],"FAQPage":[],"Movie":[],"Person":[],"Product":[],"ProductReview":[],"Car":[],"Recipe":[],"Service":[],"SoftwareApplication":[],"WebPage":[]},"graphName":"","isEnabled":true},"graphs":[]},"schema_type":"default","schema_type_options":null,"pillar_content":false,"robots_default":true,"robots_noindex":false,"robots_noarchive":false,"robots_nosnippet":false,"robots_nofollow":false,"robots_noimageindex":false,"robots_noodp":false,"robots_notranslate":false,"robots_max_snippet":null,"robots_max_videopreview":null,"robots_max_imagepreview":"large","priority":null,"frequency":null,"local_seo":null,"breadcrumb_settings":null,"limit_modified_date":false,"ai":null,"created":"2025-08-16 14:51:33","updated":"2025-08-16 14:51:33","focus_keyword":null,"additional_keywords":null,"truseo_locale":null,"seo_analyzer_scan_date":null},"aioseo_breadcrumb":"<div class=\"aioseo-breadcrumbs\"><span class=\"aioseo-breadcrumb\">\n\t\t\t<a href=\"https:\/\/anoticiaonline.com.br\/site\" title=\"Home\">Home<\/a>\n\t\t<\/span><span class=\"aioseo-breadcrumb-separator\">&raquo;<\/span><span class=\"aioseo-breadcrumb\">\n\t\t\t<a href=\"https:\/\/anoticiaonline.com.br\/site\/categoria\/colunistas\/\" title=\"Colunistas\">Colunistas<\/a>\n\t\t<\/span><span class=\"aioseo-breadcrumb-separator\">&raquo;<\/span><span class=\"aioseo-breadcrumb\">\n\t\t\t<a href=\"https:\/\/anoticiaonline.com.br\/site\/categoria\/colunistas\/vida-e-reflexao-padre-silas-geraldo-paroquia-nossa-senhora-aparecida\/\" title=\"Vida e Reflex\u00e3o - Padre Silas Geraldo - Par\u00f3quia Nossa Senhora Aparecida\">Vida e Reflex\u00e3o - Padre Silas Geraldo - Par\u00f3quia Nossa Senhora Aparecida<\/a>\n\t\t<\/span><span class=\"aioseo-breadcrumb-separator\">&raquo;<\/span><span class=\"aioseo-breadcrumb\">\n\t\t\tAno da Miseric\u00f3rdia \u2013 Misericordiosos como o Pai\n\t\t<\/span><\/div>","aioseo_breadcrumb_json":[{"label":"Home","link":"https:\/\/anoticiaonline.com.br\/site"},{"label":"Colunistas","link":"https:\/\/anoticiaonline.com.br\/site\/categoria\/colunistas\/"},{"label":"Vida e Reflex\u00e3o - Padre Silas Geraldo - Par\u00f3quia Nossa Senhora Aparecida","link":"https:\/\/anoticiaonline.com.br\/site\/categoria\/colunistas\/vida-e-reflexao-padre-silas-geraldo-paroquia-nossa-senhora-aparecida\/"},{"label":"Ano da Miseric\u00f3rdia \u2013 Misericordiosos como o Pai","link":"https:\/\/anoticiaonline.com.br\/site\/ano-da-misericordia-misericordiosos-como-o-pai\/"}],"views":163,"_links":{"self":[{"href":"https:\/\/anoticiaonline.com.br\/site\/wp-json\/wp\/v2\/posts\/8944","targetHints":{"allow":["GET"]}}],"collection":[{"href":"https:\/\/anoticiaonline.com.br\/site\/wp-json\/wp\/v2\/posts"}],"about":[{"href":"https:\/\/anoticiaonline.com.br\/site\/wp-json\/wp\/v2\/types\/post"}],"author":[{"embeddable":true,"href":"https:\/\/anoticiaonline.com.br\/site\/wp-json\/wp\/v2\/users\/2"}],"replies":[{"embeddable":true,"href":"https:\/\/anoticiaonline.com.br\/site\/wp-json\/wp\/v2\/comments?post=8944"}],"version-history":[{"count":0,"href":"https:\/\/anoticiaonline.com.br\/site\/wp-json\/wp\/v2\/posts\/8944\/revisions"}],"wp:attachment":[{"href":"https:\/\/anoticiaonline.com.br\/site\/wp-json\/wp\/v2\/media?parent=8944"}],"wp:term":[{"taxonomy":"category","embeddable":true,"href":"https:\/\/anoticiaonline.com.br\/site\/wp-json\/wp\/v2\/categories?post=8944"},{"taxonomy":"post_tag","embeddable":true,"href":"https:\/\/anoticiaonline.com.br\/site\/wp-json\/wp\/v2\/tags?post=8944"}],"curies":[{"name":"wp","href":"https:\/\/api.w.org\/{rel}","templated":true}]}}