{"id":8942,"date":"2016-01-21T16:07:48","date_gmt":"2016-01-21T19:07:48","guid":{"rendered":"http:\/\/anoticiaonline.com.br\/site\/?p=8942"},"modified":"2016-01-21T16:07:48","modified_gmt":"2016-01-21T19:07:48","slug":"ano-novo","status":"publish","type":"post","link":"https:\/\/anoticiaonline.com.br\/site\/ano-novo\/","title":{"rendered":"Ano novo"},"content":{"rendered":"<p>Hoje, n\u00e3o sei por que, me deu vontade de escrever sobre alguma coisa que n\u00e3o tem exist\u00eancia real, mas que, mesmo n\u00e3o existindo, ocupa uma dimens\u00e3o enorme em nossa exist\u00eancia. Eu falo do tempo, esse controlador invis\u00edvel das nossas a\u00e7\u00f5es que, dimensionado pelo homem em anos, meses, dias ou minutos, nos espreita a cada manh\u00e3, testemunhando cada marca de express\u00e3o em nosso rosto, cada limita\u00e7\u00e3o que se soma ao nosso corpo.<\/p>\n<p>Andam dizendo por a\u00ed, h\u00e1 milhares de anos, que o ano \u00e9 novo a cada ano. Uma artimanha criada pelo homem para organizar-lhe a vida ou atazanar-lhe o esp\u00edrito com hor\u00e1rios e responsabilidades e, quem sabe, renovar-lhe as esperan\u00e7as, oferecendo sempre a chance de um recome\u00e7o, como se tivesse havido alguma interrup\u00e7\u00e3o real no processo. De fato, n\u00f3s \u00e9 que passamos, n\u00f3s e tudo aquilo que nos cerca.<\/p>\n<p>Ali\u00e1s, como disse o fil\u00f3sofo de K\u00f6nisberg, o tempo n\u00e3o existe&#8230; e nem o espa\u00e7o. S\u00e3o artimanhas mesmo para que o nosso esp\u00edrito possa entender a complexidade deste mundo v\u00e1rio. Ah&#8230; se n\u00e3o tivessem inventado esse artif\u00edcio, o mundo seria (como se n\u00e3o fosse) um imenso hosp\u00edcio, com tudo amontoado. Fatos e coisas se interpenetrando&#8230; uma balb\u00fardia para o nosso entendimento.<\/p>\n<p>O espa\u00e7o e o tempo s\u00e3o prateleiras organizadoras onde colocamos as partes dispersas da nossa exist\u00eancia. S\u00e3o aquelas \u201ccaixinhas porta-tudo\u201d. Ali, tudo cabe e se organiza. Assim, inventamos o calend\u00e1rio, para dar ares de exist\u00eancia a esse tempo. E h\u00e1 calend\u00e1rios adornados de paisagens v\u00e1rias, com os dias para se riscar ou arrancar, como se fossem momentos para se tirar da lembran\u00e7a. Outros, adornados de mulheres e expostos em oficinas mec\u00e2nicas, como verdadeiros lenitivos para alimentar a libido e assanhar os sonhos, dando sentido \u00e0 dura vida di\u00e1ria. Ah&#8230; se n\u00e3o houvessem essas prateleiras organizadoras.<\/p>\n<p>Os homens inventaram e nomearam cada m\u00eas com um nome pr\u00f3prio e significativo. O janeiro, tiraram de Janus, o deus que protegia as portas de Roma; o fevereiro veio das festas de purifica\u00e7\u00e3o, chamadas F\u00e9bruas, para afastar os maus esp\u00edritos; o mar\u00e7o, tirou-se de Marte, o deus da guerra; para abril, reservou-se uma homenagem a Aprilis, que pode se referir \u00e0 espuma do mar onde teria nascido V\u00eanus, a deusa do amor; maio, se ligaria a Maya, uma deusa romana; Junho, uma refer\u00eancia \u00e0 Juno, a deusa romana que protegia as mulheres casadas e a maternidade; julho, uma homenagem ao grande governante romano J\u00falio C\u00e9sar, e agosto, em refer\u00eancia a Augusto C\u00e9sar, o maior dos governantes de Roma.<\/p>\n<p>A\u00ed o calendarista deve ter se cansado de procurar rela\u00e7\u00f5es para meses e nomeou os demais apenas em refer\u00eancia \u00e0 sua posi\u00e7\u00e3o ordinal no ano: setembro, outubro, novembro e dezembro. \u00c9 claro que no in\u00edcio, o ano tinha dez meses.<\/p>\n<p>Abstra\u00e7\u00e3o ou n\u00e3o, o tempo j\u00e1 faz parte da nossa vida e \u00e9 imposs\u00edvel nos libertarmos do calend\u00e1rio e do rel\u00f3gio. A cada per\u00edodo nos despedimos de um abstrato e hipot\u00e9tico ano velho que se encerra e nos abra\u00e7amos a um abstrato e hipot\u00e9tico ano novo que se inicia. E o fazemos com o esp\u00edrito cheio de esperan\u00e7as em um mundo melhor. Talvez seja essa esperan\u00e7a o combust\u00edvel para suportarmos os erros e os equ\u00edvocos produzidos por n\u00f3s mesmos e que iremos, com certeza, repetir no pr\u00f3ximo \u201cnovo ano\u201d. Afinal, a esperan\u00e7a acaba sendo um adiamento perp\u00e9tuo das a\u00e7\u00f5es que gostar\u00edamos de realizar, mas que permanecem povoando apenas os nossos sonhos&#8230;<\/p>\n","protected":false},"excerpt":{"rendered":"<p>Hoje, n\u00e3o sei por que, me deu vontade de escrever sobre alguma coisa que n\u00e3o tem exist\u00eancia real, mas que, mesmo n\u00e3o existindo, ocupa uma dimens\u00e3o enorme em nossa exist\u00eancia. Eu falo do tempo, esse controlador invis\u00edvel das nossas a\u00e7\u00f5es que, dimensionado pelo homem em anos, meses, dias ou minutos, nos espreita a cada manh\u00e3, &#8230; <a title=\"Ano novo\" class=\"read-more\" href=\"https:\/\/anoticiaonline.com.br\/site\/ano-novo\/\" aria-label=\"Read more about Ano novo\">Ler mais<\/a><\/p>\n","protected":false},"author":2,"featured_media":0,"comment_status":"open","ping_status":"open","sticky":false,"template":"","format":"standard","meta":{"_acf_changed":false,"_monsterinsights_skip_tracking":false,"footnotes":""},"categories":[36],"tags":[],"class_list":["post-8942","post","type-post","status-publish","format-standard","hentry","category-logos-adellunar-marge"],"acf":[],"aioseo_notices":[],"aioseo_head":"\n\t\t<!-- All in One SEO 5.0.0.1 - aioseo.com -->\n\t<meta name=\"description\" content=\"Hoje, n\u00e3o sei por que, me deu vontade de escrever sobre alguma coisa que n\u00e3o tem exist\u00eancia real, mas que, mesmo n\u00e3o existindo, ocupa uma dimens\u00e3o enorme em nossa exist\u00eancia. Eu falo do tempo, esse controlador invis\u00edvel das nossas a\u00e7\u00f5es que, dimensionado pelo homem em anos, meses, dias ou minutos, nos espreita a cada manh\u00e3,\" \/>\n\t<meta name=\"robots\" content=\"max-image-preview:large\" \/>\n\t<meta name=\"author\" content=\"Juliana Laviola\"\/>\n\t<link rel=\"canonical\" href=\"https:\/\/anoticiaonline.com.br\/site\/ano-novo\/\" \/>\n\t<meta name=\"generator\" content=\"All in One SEO (AIOSEO) 5.0.0.1\" \/>\n\t\t<meta property=\"og:locale\" content=\"pt_BR\" \/>\n\t\t<meta property=\"og:site_name\" content=\"A Not\u00edcia Online - Noticias de Muria\u00e9 e regi\u00e3o\" \/>\n\t\t<meta property=\"og:type\" content=\"article\" \/>\n\t\t<meta property=\"og:title\" content=\"Ano novo - A Not\u00edcia Online\" \/>\n\t\t<meta property=\"og:description\" content=\"Hoje, n\u00e3o sei por que, me deu vontade de escrever sobre alguma coisa que n\u00e3o tem exist\u00eancia real, mas que, mesmo n\u00e3o existindo, ocupa uma dimens\u00e3o enorme em nossa exist\u00eancia. Eu falo do tempo, esse controlador invis\u00edvel das nossas a\u00e7\u00f5es que, dimensionado pelo homem em anos, meses, dias ou minutos, nos espreita a cada manh\u00e3,\" \/>\n\t\t<meta property=\"og:url\" content=\"https:\/\/anoticiaonline.com.br\/site\/ano-novo\/\" \/>\n\t\t<meta property=\"og:image\" content=\"https:\/\/scontent-gig4-1.xx.fbcdn.net\/v\/t39.30808-1\/270437624_4564083193639691_6907940295614233970_n.jpg?stp=dst-jpg_s200x200_tt6&#038;_nc_cat=111&#038;ccb=1-7&#038;_nc_sid=f907e8&#038;_nc_ohc=SM1wRlP3lJwQ7kNvwEPuBYA&#038;_nc_oc=AdnqrjDN_BNjSSHWO-GbkIWH6fkGMLw4bqvL_NH6e2wMveX7G-rP2dAqsDSq1mJMOaY&#038;_nc_zt=24&#038;_nc_ht=scontent-gig4-1.xx&#038;_nc_gid=AoBFJeGrT1hVaew_6rchkQ&#038;oh=00_AfX7QmFGhQhG2jAllVgXCiM1ZrWgvtp80-Bfppyexh1QEg&#038;oe=689E923C\" \/>\n\t\t<meta property=\"og:image:secure_url\" content=\"https:\/\/scontent-gig4-1.xx.fbcdn.net\/v\/t39.30808-1\/270437624_4564083193639691_6907940295614233970_n.jpg?stp=dst-jpg_s200x200_tt6&#038;_nc_cat=111&#038;ccb=1-7&#038;_nc_sid=f907e8&#038;_nc_ohc=SM1wRlP3lJwQ7kNvwEPuBYA&#038;_nc_oc=AdnqrjDN_BNjSSHWO-GbkIWH6fkGMLw4bqvL_NH6e2wMveX7G-rP2dAqsDSq1mJMOaY&#038;_nc_zt=24&#038;_nc_ht=scontent-gig4-1.xx&#038;_nc_gid=AoBFJeGrT1hVaew_6rchkQ&#038;oh=00_AfX7QmFGhQhG2jAllVgXCiM1ZrWgvtp80-Bfppyexh1QEg&#038;oe=689E923C\" \/>\n\t\t<meta property=\"article:published_time\" content=\"2016-01-21T19:07:48+00:00\" \/>\n\t\t<meta property=\"article:modified_time\" content=\"2016-01-21T19:07:48+00:00\" \/>\n\t\t<meta name=\"twitter:card\" content=\"summary_large_image\" \/>\n\t\t<meta name=\"twitter:title\" content=\"Ano novo - A Not\u00edcia Online\" \/>\n\t\t<meta name=\"twitter:description\" content=\"Hoje, n\u00e3o sei por que, me deu vontade de escrever sobre alguma coisa que n\u00e3o tem exist\u00eancia real, mas que, mesmo n\u00e3o existindo, ocupa uma dimens\u00e3o enorme em nossa exist\u00eancia. Eu falo do tempo, esse controlador invis\u00edvel das nossas a\u00e7\u00f5es que, dimensionado pelo homem em anos, meses, dias ou minutos, nos espreita a cada manh\u00e3,\" \/>\n\t\t<meta name=\"twitter:image\" content=\"https:\/\/scontent-gig4-1.xx.fbcdn.net\/v\/t39.30808-1\/270437624_4564083193639691_6907940295614233970_n.jpg?stp=dst-jpg_s200x200_tt6&amp;_nc_cat=111&amp;ccb=1-7&amp;_nc_sid=f907e8&amp;_nc_ohc=SM1wRlP3lJwQ7kNvwEPuBYA&amp;_nc_oc=AdnqrjDN_BNjSSHWO-GbkIWH6fkGMLw4bqvL_NH6e2wMveX7G-rP2dAqsDSq1mJMOaY&amp;_nc_zt=24&amp;_nc_ht=scontent-gig4-1.xx&amp;_nc_gid=AoBFJeGrT1hVaew_6rchkQ&amp;oh=00_AfX7QmFGhQhG2jAllVgXCiM1ZrWgvtp80-Bfppyexh1QEg&amp;oe=689E923C\" \/>\n\t\t<script type=\"application\/ld+json\" class=\"aioseo-schema\">\n\t\t\t{\"@context\":\"https:\\\/\\\/schema.org\",\"@graph\":[{\"@type\":\"BlogPosting\",\"@id\":\"https:\\\/\\\/anoticiaonline.com.br\\\/site\\\/ano-novo\\\/#blogposting\",\"name\":\"Ano novo - A Not\\u00edcia Online\",\"headline\":\"Ano novo\",\"author\":{\"@id\":\"https:\\\/\\\/anoticiaonline.com.br\\\/site\\\/author\\\/juliana\\\/#author\"},\"publisher\":{\"@id\":\"https:\\\/\\\/anoticiaonline.com.br\\\/site\\\/#organization\"},\"image\":{\"@type\":\"ImageObject\",\"url\":\"https:\\\/\\\/scontent-gig4-1.xx.fbcdn.net\\\/v\\\/t39.30808-1\\\/270437624_4564083193639691_6907940295614233970_n.jpg?stp=dst-jpg_s200x200_tt6&_nc_cat=111&ccb=1-7&_nc_sid=f907e8&_nc_ohc=SM1wRlP3lJwQ7kNvwEPuBYA&_nc_oc=AdnqrjDN_BNjSSHWO-GbkIWH6fkGMLw4bqvL_NH6e2wMveX7G-rP2dAqsDSq1mJMOaY&_nc_zt=24&_nc_ht=scontent-gig4-1.xx&_nc_gid=AoBFJeGrT1hVaew_6rchkQ&oh=00_AfX7QmFGhQhG2jAllVgXCiM1ZrWgvtp80-Bfppyexh1QEg&oe=689E923C\",\"@id\":\"https:\\\/\\\/anoticiaonline.com.br\\\/site\\\/#articleImage\"},\"datePublished\":\"2016-01-21T16:07:48-03:00\",\"dateModified\":\"2016-01-21T16:07:48-03:00\",\"inLanguage\":\"pt-BR\",\"mainEntityOfPage\":{\"@id\":\"https:\\\/\\\/anoticiaonline.com.br\\\/site\\\/ano-novo\\\/#webpage\"},\"isPartOf\":{\"@id\":\"https:\\\/\\\/anoticiaonline.com.br\\\/site\\\/ano-novo\\\/#webpage\"},\"articleSection\":\"Logos - Adellunar Marge\"},{\"@type\":\"BreadcrumbList\",\"@id\":\"https:\\\/\\\/anoticiaonline.com.br\\\/site\\\/ano-novo\\\/#breadcrumblist\",\"itemListElement\":[{\"@type\":\"ListItem\",\"@id\":\"https:\\\/\\\/anoticiaonline.com.br\\\/site#listItem\",\"position\":1,\"name\":\"Home\",\"item\":\"https:\\\/\\\/anoticiaonline.com.br\\\/site\",\"nextItem\":{\"@type\":\"ListItem\",\"@id\":\"https:\\\/\\\/anoticiaonline.com.br\\\/site\\\/categoria\\\/colunistas\\\/#listItem\",\"name\":\"Colunistas\"}},{\"@type\":\"ListItem\",\"@id\":\"https:\\\/\\\/anoticiaonline.com.br\\\/site\\\/categoria\\\/colunistas\\\/#listItem\",\"position\":2,\"name\":\"Colunistas\",\"item\":\"https:\\\/\\\/anoticiaonline.com.br\\\/site\\\/categoria\\\/colunistas\\\/\",\"nextItem\":{\"@type\":\"ListItem\",\"@id\":\"https:\\\/\\\/anoticiaonline.com.br\\\/site\\\/categoria\\\/colunistas\\\/logos-adellunar-marge\\\/#listItem\",\"name\":\"Logos - Adellunar Marge\"},\"previousItem\":{\"@type\":\"ListItem\",\"@id\":\"https:\\\/\\\/anoticiaonline.com.br\\\/site#listItem\",\"name\":\"Home\"}},{\"@type\":\"ListItem\",\"@id\":\"https:\\\/\\\/anoticiaonline.com.br\\\/site\\\/categoria\\\/colunistas\\\/logos-adellunar-marge\\\/#listItem\",\"position\":3,\"name\":\"Logos - Adellunar Marge\",\"item\":\"https:\\\/\\\/anoticiaonline.com.br\\\/site\\\/categoria\\\/colunistas\\\/logos-adellunar-marge\\\/\",\"nextItem\":{\"@type\":\"ListItem\",\"@id\":\"https:\\\/\\\/anoticiaonline.com.br\\\/site\\\/ano-novo\\\/#listItem\",\"name\":\"Ano novo\"},\"previousItem\":{\"@type\":\"ListItem\",\"@id\":\"https:\\\/\\\/anoticiaonline.com.br\\\/site\\\/categoria\\\/colunistas\\\/#listItem\",\"name\":\"Colunistas\"}},{\"@type\":\"ListItem\",\"@id\":\"https:\\\/\\\/anoticiaonline.com.br\\\/site\\\/ano-novo\\\/#listItem\",\"position\":4,\"name\":\"Ano novo\",\"previousItem\":{\"@type\":\"ListItem\",\"@id\":\"https:\\\/\\\/anoticiaonline.com.br\\\/site\\\/categoria\\\/colunistas\\\/logos-adellunar-marge\\\/#listItem\",\"name\":\"Logos - Adellunar Marge\"}}]},{\"@type\":\"Organization\",\"@id\":\"https:\\\/\\\/anoticiaonline.com.br\\\/site\\\/#organization\",\"name\":\"A Not\\u00edcia Online\",\"description\":\"Noticias de Muria\\u00e9 e regi\\u00e3o\",\"url\":\"https:\\\/\\\/anoticiaonline.com.br\\\/site\\\/\",\"logo\":{\"@type\":\"ImageObject\",\"url\":\"https:\\\/\\\/scontent-gig4-1.xx.fbcdn.net\\\/v\\\/t39.30808-1\\\/270437624_4564083193639691_6907940295614233970_n.jpg?stp=dst-jpg_s200x200_tt6&_nc_cat=111&ccb=1-7&_nc_sid=f907e8&_nc_ohc=SM1wRlP3lJwQ7kNvwEPuBYA&_nc_oc=AdnqrjDN_BNjSSHWO-GbkIWH6fkGMLw4bqvL_NH6e2wMveX7G-rP2dAqsDSq1mJMOaY&_nc_zt=24&_nc_ht=scontent-gig4-1.xx&_nc_gid=AoBFJeGrT1hVaew_6rchkQ&oh=00_AfX7QmFGhQhG2jAllVgXCiM1ZrWgvtp80-Bfppyexh1QEg&oe=689E923C\",\"@id\":\"https:\\\/\\\/anoticiaonline.com.br\\\/site\\\/ano-novo\\\/#organizationLogo\"},\"image\":{\"@id\":\"https:\\\/\\\/anoticiaonline.com.br\\\/site\\\/ano-novo\\\/#organizationLogo\"}},{\"@type\":\"Person\",\"@id\":\"https:\\\/\\\/anoticiaonline.com.br\\\/site\\\/author\\\/juliana\\\/#author\",\"url\":\"https:\\\/\\\/anoticiaonline.com.br\\\/site\\\/author\\\/juliana\\\/\",\"name\":\"Juliana Laviola\",\"image\":{\"@type\":\"ImageObject\",\"@id\":\"https:\\\/\\\/anoticiaonline.com.br\\\/site\\\/ano-novo\\\/#authorImage\",\"url\":\"https:\\\/\\\/secure.gravatar.com\\\/avatar\\\/b8d45f5c699b100dfaf0e543582f38f38bf94cb7ae3a5e9abf8d891a34773335?s=96&d=mm&r=g\",\"width\":96,\"height\":96,\"caption\":\"Juliana Laviola\"}},{\"@type\":\"WebPage\",\"@id\":\"https:\\\/\\\/anoticiaonline.com.br\\\/site\\\/ano-novo\\\/#webpage\",\"url\":\"https:\\\/\\\/anoticiaonline.com.br\\\/site\\\/ano-novo\\\/\",\"name\":\"Ano novo - A Not\\u00edcia Online\",\"description\":\"Hoje, n\\u00e3o sei por que, me deu vontade de escrever sobre alguma coisa que n\\u00e3o tem exist\\u00eancia real, mas que, mesmo n\\u00e3o existindo, ocupa uma dimens\\u00e3o enorme em nossa exist\\u00eancia. Eu falo do tempo, esse controlador invis\\u00edvel das nossas a\\u00e7\\u00f5es que, dimensionado pelo homem em anos, meses, dias ou minutos, nos espreita a cada manh\\u00e3,\",\"inLanguage\":\"pt-BR\",\"isPartOf\":{\"@id\":\"https:\\\/\\\/anoticiaonline.com.br\\\/site\\\/#website\"},\"breadcrumb\":{\"@id\":\"https:\\\/\\\/anoticiaonline.com.br\\\/site\\\/ano-novo\\\/#breadcrumblist\"},\"author\":{\"@id\":\"https:\\\/\\\/anoticiaonline.com.br\\\/site\\\/author\\\/juliana\\\/#author\"},\"creator\":{\"@id\":\"https:\\\/\\\/anoticiaonline.com.br\\\/site\\\/author\\\/juliana\\\/#author\"},\"datePublished\":\"2016-01-21T16:07:48-03:00\",\"dateModified\":\"2016-01-21T16:07:48-03:00\"},{\"@type\":\"WebSite\",\"@id\":\"https:\\\/\\\/anoticiaonline.com.br\\\/site\\\/#website\",\"url\":\"https:\\\/\\\/anoticiaonline.com.br\\\/site\\\/\",\"name\":\"A Not\\u00edcia Online\",\"description\":\"Noticias de Muria\\u00e9 e regi\\u00e3o\",\"inLanguage\":\"pt-BR\",\"publisher\":{\"@id\":\"https:\\\/\\\/anoticiaonline.com.br\\\/site\\\/#organization\"}}]}\n\t\t<\/script>\n\t\t<!-- All in One SEO -->\n\n","aioseo_head_json":{"title":"Ano novo - A Not\u00edcia Online","description":"Hoje, n\u00e3o sei por que, me deu vontade de escrever sobre alguma coisa que n\u00e3o tem exist\u00eancia real, mas que, mesmo n\u00e3o existindo, ocupa uma dimens\u00e3o enorme em nossa exist\u00eancia. Eu falo do tempo, esse controlador invis\u00edvel das nossas a\u00e7\u00f5es que, dimensionado pelo homem em anos, meses, dias ou minutos, nos espreita a cada manh\u00e3,","canonical_url":"https:\/\/anoticiaonline.com.br\/site\/ano-novo\/","robots":"max-image-preview:large","keywords":"","webmasterTools":{"miscellaneous":""},"schema":{"@context":"https:\/\/schema.org","@graph":[{"@type":"BlogPosting","@id":"https:\/\/anoticiaonline.com.br\/site\/ano-novo\/#blogposting","name":"Ano novo - A Not\u00edcia Online","headline":"Ano novo","author":{"@id":"https:\/\/anoticiaonline.com.br\/site\/author\/juliana\/#author"},"publisher":{"@id":"https:\/\/anoticiaonline.com.br\/site\/#organization"},"image":{"@type":"ImageObject","url":"https:\/\/scontent-gig4-1.xx.fbcdn.net\/v\/t39.30808-1\/270437624_4564083193639691_6907940295614233970_n.jpg?stp=dst-jpg_s200x200_tt6&_nc_cat=111&ccb=1-7&_nc_sid=f907e8&_nc_ohc=SM1wRlP3lJwQ7kNvwEPuBYA&_nc_oc=AdnqrjDN_BNjSSHWO-GbkIWH6fkGMLw4bqvL_NH6e2wMveX7G-rP2dAqsDSq1mJMOaY&_nc_zt=24&_nc_ht=scontent-gig4-1.xx&_nc_gid=AoBFJeGrT1hVaew_6rchkQ&oh=00_AfX7QmFGhQhG2jAllVgXCiM1ZrWgvtp80-Bfppyexh1QEg&oe=689E923C","@id":"https:\/\/anoticiaonline.com.br\/site\/#articleImage"},"datePublished":"2016-01-21T16:07:48-03:00","dateModified":"2016-01-21T16:07:48-03:00","inLanguage":"pt-BR","mainEntityOfPage":{"@id":"https:\/\/anoticiaonline.com.br\/site\/ano-novo\/#webpage"},"isPartOf":{"@id":"https:\/\/anoticiaonline.com.br\/site\/ano-novo\/#webpage"},"articleSection":"Logos - Adellunar Marge"},{"@type":"BreadcrumbList","@id":"https:\/\/anoticiaonline.com.br\/site\/ano-novo\/#breadcrumblist","itemListElement":[{"@type":"ListItem","@id":"https:\/\/anoticiaonline.com.br\/site#listItem","position":1,"name":"Home","item":"https:\/\/anoticiaonline.com.br\/site","nextItem":{"@type":"ListItem","@id":"https:\/\/anoticiaonline.com.br\/site\/categoria\/colunistas\/#listItem","name":"Colunistas"}},{"@type":"ListItem","@id":"https:\/\/anoticiaonline.com.br\/site\/categoria\/colunistas\/#listItem","position":2,"name":"Colunistas","item":"https:\/\/anoticiaonline.com.br\/site\/categoria\/colunistas\/","nextItem":{"@type":"ListItem","@id":"https:\/\/anoticiaonline.com.br\/site\/categoria\/colunistas\/logos-adellunar-marge\/#listItem","name":"Logos - Adellunar Marge"},"previousItem":{"@type":"ListItem","@id":"https:\/\/anoticiaonline.com.br\/site#listItem","name":"Home"}},{"@type":"ListItem","@id":"https:\/\/anoticiaonline.com.br\/site\/categoria\/colunistas\/logos-adellunar-marge\/#listItem","position":3,"name":"Logos - Adellunar Marge","item":"https:\/\/anoticiaonline.com.br\/site\/categoria\/colunistas\/logos-adellunar-marge\/","nextItem":{"@type":"ListItem","@id":"https:\/\/anoticiaonline.com.br\/site\/ano-novo\/#listItem","name":"Ano novo"},"previousItem":{"@type":"ListItem","@id":"https:\/\/anoticiaonline.com.br\/site\/categoria\/colunistas\/#listItem","name":"Colunistas"}},{"@type":"ListItem","@id":"https:\/\/anoticiaonline.com.br\/site\/ano-novo\/#listItem","position":4,"name":"Ano novo","previousItem":{"@type":"ListItem","@id":"https:\/\/anoticiaonline.com.br\/site\/categoria\/colunistas\/logos-adellunar-marge\/#listItem","name":"Logos - Adellunar Marge"}}]},{"@type":"Organization","@id":"https:\/\/anoticiaonline.com.br\/site\/#organization","name":"A Not\u00edcia Online","description":"Noticias de Muria\u00e9 e regi\u00e3o","url":"https:\/\/anoticiaonline.com.br\/site\/","logo":{"@type":"ImageObject","url":"https:\/\/scontent-gig4-1.xx.fbcdn.net\/v\/t39.30808-1\/270437624_4564083193639691_6907940295614233970_n.jpg?stp=dst-jpg_s200x200_tt6&_nc_cat=111&ccb=1-7&_nc_sid=f907e8&_nc_ohc=SM1wRlP3lJwQ7kNvwEPuBYA&_nc_oc=AdnqrjDN_BNjSSHWO-GbkIWH6fkGMLw4bqvL_NH6e2wMveX7G-rP2dAqsDSq1mJMOaY&_nc_zt=24&_nc_ht=scontent-gig4-1.xx&_nc_gid=AoBFJeGrT1hVaew_6rchkQ&oh=00_AfX7QmFGhQhG2jAllVgXCiM1ZrWgvtp80-Bfppyexh1QEg&oe=689E923C","@id":"https:\/\/anoticiaonline.com.br\/site\/ano-novo\/#organizationLogo"},"image":{"@id":"https:\/\/anoticiaonline.com.br\/site\/ano-novo\/#organizationLogo"}},{"@type":"Person","@id":"https:\/\/anoticiaonline.com.br\/site\/author\/juliana\/#author","url":"https:\/\/anoticiaonline.com.br\/site\/author\/juliana\/","name":"Juliana Laviola","image":{"@type":"ImageObject","@id":"https:\/\/anoticiaonline.com.br\/site\/ano-novo\/#authorImage","url":"https:\/\/secure.gravatar.com\/avatar\/b8d45f5c699b100dfaf0e543582f38f38bf94cb7ae3a5e9abf8d891a34773335?s=96&d=mm&r=g","width":96,"height":96,"caption":"Juliana Laviola"}},{"@type":"WebPage","@id":"https:\/\/anoticiaonline.com.br\/site\/ano-novo\/#webpage","url":"https:\/\/anoticiaonline.com.br\/site\/ano-novo\/","name":"Ano novo - A Not\u00edcia Online","description":"Hoje, n\u00e3o sei por que, me deu vontade de escrever sobre alguma coisa que n\u00e3o tem exist\u00eancia real, mas que, mesmo n\u00e3o existindo, ocupa uma dimens\u00e3o enorme em nossa exist\u00eancia. Eu falo do tempo, esse controlador invis\u00edvel das nossas a\u00e7\u00f5es que, dimensionado pelo homem em anos, meses, dias ou minutos, nos espreita a cada manh\u00e3,","inLanguage":"pt-BR","isPartOf":{"@id":"https:\/\/anoticiaonline.com.br\/site\/#website"},"breadcrumb":{"@id":"https:\/\/anoticiaonline.com.br\/site\/ano-novo\/#breadcrumblist"},"author":{"@id":"https:\/\/anoticiaonline.com.br\/site\/author\/juliana\/#author"},"creator":{"@id":"https:\/\/anoticiaonline.com.br\/site\/author\/juliana\/#author"},"datePublished":"2016-01-21T16:07:48-03:00","dateModified":"2016-01-21T16:07:48-03:00"},{"@type":"WebSite","@id":"https:\/\/anoticiaonline.com.br\/site\/#website","url":"https:\/\/anoticiaonline.com.br\/site\/","name":"A Not\u00edcia Online","description":"Noticias de Muria\u00e9 e regi\u00e3o","inLanguage":"pt-BR","publisher":{"@id":"https:\/\/anoticiaonline.com.br\/site\/#organization"}}]},"og:locale":"pt_BR","og:site_name":"A Not\u00edcia Online - Noticias de Muria\u00e9 e regi\u00e3o","og:type":"article","og:title":"Ano novo - A Not\u00edcia Online","og:description":"Hoje, n\u00e3o sei por que, me deu vontade de escrever sobre alguma coisa que n\u00e3o tem exist\u00eancia real, mas que, mesmo n\u00e3o existindo, ocupa uma dimens\u00e3o enorme em nossa exist\u00eancia. Eu falo do tempo, esse controlador invis\u00edvel das nossas a\u00e7\u00f5es que, dimensionado pelo homem em anos, meses, dias ou minutos, nos espreita a cada manh\u00e3,","og:url":"https:\/\/anoticiaonline.com.br\/site\/ano-novo\/","og:image":"https:\/\/scontent-gig4-1.xx.fbcdn.net\/v\/t39.30808-1\/270437624_4564083193639691_6907940295614233970_n.jpg?stp=dst-jpg_s200x200_tt6&#038;_nc_cat=111&#038;ccb=1-7&#038;_nc_sid=f907e8&#038;_nc_ohc=SM1wRlP3lJwQ7kNvwEPuBYA&#038;_nc_oc=AdnqrjDN_BNjSSHWO-GbkIWH6fkGMLw4bqvL_NH6e2wMveX7G-rP2dAqsDSq1mJMOaY&#038;_nc_zt=24&#038;_nc_ht=scontent-gig4-1.xx&#038;_nc_gid=AoBFJeGrT1hVaew_6rchkQ&#038;oh=00_AfX7QmFGhQhG2jAllVgXCiM1ZrWgvtp80-Bfppyexh1QEg&#038;oe=689E923C","og:image:secure_url":"https:\/\/scontent-gig4-1.xx.fbcdn.net\/v\/t39.30808-1\/270437624_4564083193639691_6907940295614233970_n.jpg?stp=dst-jpg_s200x200_tt6&#038;_nc_cat=111&#038;ccb=1-7&#038;_nc_sid=f907e8&#038;_nc_ohc=SM1wRlP3lJwQ7kNvwEPuBYA&#038;_nc_oc=AdnqrjDN_BNjSSHWO-GbkIWH6fkGMLw4bqvL_NH6e2wMveX7G-rP2dAqsDSq1mJMOaY&#038;_nc_zt=24&#038;_nc_ht=scontent-gig4-1.xx&#038;_nc_gid=AoBFJeGrT1hVaew_6rchkQ&#038;oh=00_AfX7QmFGhQhG2jAllVgXCiM1ZrWgvtp80-Bfppyexh1QEg&#038;oe=689E923C","article:published_time":"2016-01-21T19:07:48+00:00","article:modified_time":"2016-01-21T19:07:48+00:00","twitter:card":"summary_large_image","twitter:title":"Ano novo - A Not\u00edcia Online","twitter:description":"Hoje, n\u00e3o sei por que, me deu vontade de escrever sobre alguma coisa que n\u00e3o tem exist\u00eancia real, mas que, mesmo n\u00e3o existindo, ocupa uma dimens\u00e3o enorme em nossa exist\u00eancia. Eu falo do tempo, esse controlador invis\u00edvel das nossas a\u00e7\u00f5es que, dimensionado pelo homem em anos, meses, dias ou minutos, nos espreita a cada manh\u00e3,","twitter:image":"https:\/\/scontent-gig4-1.xx.fbcdn.net\/v\/t39.30808-1\/270437624_4564083193639691_6907940295614233970_n.jpg?stp=dst-jpg_s200x200_tt6&_nc_cat=111&ccb=1-7&_nc_sid=f907e8&_nc_ohc=SM1wRlP3lJwQ7kNvwEPuBYA&_nc_oc=AdnqrjDN_BNjSSHWO-GbkIWH6fkGMLw4bqvL_NH6e2wMveX7G-rP2dAqsDSq1mJMOaY&_nc_zt=24&_nc_ht=scontent-gig4-1.xx&_nc_gid=AoBFJeGrT1hVaew_6rchkQ&oh=00_AfX7QmFGhQhG2jAllVgXCiM1ZrWgvtp80-Bfppyexh1QEg&oe=689E923C"},"aioseo_meta_data":{"post_id":"8942","title":null,"description":null,"keywords":null,"keyphrases":null,"primary_term":null,"canonical_url":null,"og_title":null,"og_description":null,"og_object_type":"default","og_image_type":"default","og_image_url":null,"og_image_width":null,"og_image_height":null,"og_image_custom_url":null,"og_image_custom_fields":null,"og_video":null,"og_custom_url":null,"og_article_section":null,"og_article_tags":null,"twitter_use_og":false,"twitter_card":"default","twitter_image_type":"default","twitter_image_url":null,"twitter_image_custom_url":null,"twitter_image_custom_fields":null,"twitter_title":null,"twitter_description":null,"schema":{"blockGraphs":[],"customGraphs":[],"default":{"data":{"Article":[],"Course":[],"Dataset":[],"FAQPage":[],"Movie":[],"Person":[],"Product":[],"ProductReview":[],"Car":[],"Recipe":[],"Service":[],"SoftwareApplication":[],"WebPage":[]},"graphName":"","isEnabled":true},"graphs":[]},"schema_type":"default","schema_type_options":null,"pillar_content":false,"robots_default":true,"robots_noindex":false,"robots_noarchive":false,"robots_nosnippet":false,"robots_nofollow":false,"robots_noimageindex":false,"robots_noodp":false,"robots_notranslate":false,"robots_max_snippet":null,"robots_max_videopreview":null,"robots_max_imagepreview":"large","priority":null,"frequency":null,"local_seo":null,"breadcrumb_settings":null,"limit_modified_date":false,"ai":null,"created":"2025-08-16 14:51:33","updated":"2025-08-16 14:51:33","focus_keyword":null,"additional_keywords":null,"truseo_locale":null,"seo_analyzer_scan_date":null},"aioseo_breadcrumb":"<div class=\"aioseo-breadcrumbs\"><span class=\"aioseo-breadcrumb\">\n\t\t\t<a href=\"https:\/\/anoticiaonline.com.br\/site\" title=\"Home\">Home<\/a>\n\t\t<\/span><span class=\"aioseo-breadcrumb-separator\">&raquo;<\/span><span class=\"aioseo-breadcrumb\">\n\t\t\t<a href=\"https:\/\/anoticiaonline.com.br\/site\/categoria\/colunistas\/\" title=\"Colunistas\">Colunistas<\/a>\n\t\t<\/span><span class=\"aioseo-breadcrumb-separator\">&raquo;<\/span><span class=\"aioseo-breadcrumb\">\n\t\t\t<a href=\"https:\/\/anoticiaonline.com.br\/site\/categoria\/colunistas\/logos-adellunar-marge\/\" title=\"Logos - Adellunar Marge\">Logos - Adellunar Marge<\/a>\n\t\t<\/span><span class=\"aioseo-breadcrumb-separator\">&raquo;<\/span><span class=\"aioseo-breadcrumb\">\n\t\t\tAno novo\n\t\t<\/span><\/div>","aioseo_breadcrumb_json":[{"label":"Home","link":"https:\/\/anoticiaonline.com.br\/site"},{"label":"Colunistas","link":"https:\/\/anoticiaonline.com.br\/site\/categoria\/colunistas\/"},{"label":"Logos - Adellunar Marge","link":"https:\/\/anoticiaonline.com.br\/site\/categoria\/colunistas\/logos-adellunar-marge\/"},{"label":"Ano novo","link":"https:\/\/anoticiaonline.com.br\/site\/ano-novo\/"}],"views":135,"_links":{"self":[{"href":"https:\/\/anoticiaonline.com.br\/site\/wp-json\/wp\/v2\/posts\/8942","targetHints":{"allow":["GET"]}}],"collection":[{"href":"https:\/\/anoticiaonline.com.br\/site\/wp-json\/wp\/v2\/posts"}],"about":[{"href":"https:\/\/anoticiaonline.com.br\/site\/wp-json\/wp\/v2\/types\/post"}],"author":[{"embeddable":true,"href":"https:\/\/anoticiaonline.com.br\/site\/wp-json\/wp\/v2\/users\/2"}],"replies":[{"embeddable":true,"href":"https:\/\/anoticiaonline.com.br\/site\/wp-json\/wp\/v2\/comments?post=8942"}],"version-history":[{"count":0,"href":"https:\/\/anoticiaonline.com.br\/site\/wp-json\/wp\/v2\/posts\/8942\/revisions"}],"wp:attachment":[{"href":"https:\/\/anoticiaonline.com.br\/site\/wp-json\/wp\/v2\/media?parent=8942"}],"wp:term":[{"taxonomy":"category","embeddable":true,"href":"https:\/\/anoticiaonline.com.br\/site\/wp-json\/wp\/v2\/categories?post=8942"},{"taxonomy":"post_tag","embeddable":true,"href":"https:\/\/anoticiaonline.com.br\/site\/wp-json\/wp\/v2\/tags?post=8942"}],"curies":[{"name":"wp","href":"https:\/\/api.w.org\/{rel}","templated":true}]}}