{"id":8940,"date":"2016-01-21T16:07:07","date_gmt":"2016-01-21T19:07:07","guid":{"rendered":"http:\/\/anoticiaonline.com.br\/site\/?p=8940"},"modified":"2016-01-21T16:07:07","modified_gmt":"2016-01-21T19:07:07","slug":"uma-nova-heranca-maldita","status":"publish","type":"post","link":"https:\/\/anoticiaonline.com.br\/site\/uma-nova-heranca-maldita\/","title":{"rendered":"Uma nova heran\u00e7a maldita"},"content":{"rendered":"<p>Quando a presidenta Dilma assumiu o governo em seu primeiro mandato, muito se falou da \u201cheran\u00e7a maldita\u201d, deixada pelo ex-presidente Lula. Todos tinham uma curiosidade para saber qual seria a conduta da primeira mulher a conduzir o pa\u00eds atrav\u00e9s do voto popular dos brasileiros.<\/p>\n<p>Dilma, na verdade, foi uma inven\u00e7\u00e3o do ex-presidente Lula, cujas prioridades para serem os candidatos \u00e0 sua sucess\u00e3o seriam, em primeiro, o ent\u00e3o chefe da Casa Civil, Jos\u00e9 Dirceu, e em segundo, o ministro da Fazenda, Ant\u00f4nio Palocci. Ap\u00f3s as enrascadas em que os dois se meteram e que desencadeou no rumoroso processo do mensal\u00e3o, sobrou para Dilma Rousseff a tarefa de substituir o ent\u00e3o presidente, na \u00e9poca, com a popularidade em alta, que embora ele desejasse um terceiro mandato, a Constitui\u00e7\u00e3o n\u00e3o o permitia.<\/p>\n<p>Ao constituir o seu primeiro minist\u00e9rio, v\u00e1rios de seus ministros foram conduzidos ou reconduzidos aos cargos por indica\u00e7\u00e3o, obra e gra\u00e7a do ex-presidente Lula. Come\u00e7ava ali o maior projeto de perpetua\u00e7\u00e3o de poder da Hist\u00f3ria da jovem democracia brasileira. Com os esc\u00e2ndalos pipocando em s\u00e9rie dentro do seu minist\u00e9rio rec\u00e9m-nomeado, a presidenta foi obrigada a demitir e substituir in\u00fameros deles, o que acabou rendendo a ela o apelido de \u201cfaxineira \u00e9tica\u201d.\u00a0 As demiss\u00f5es dos ministros apanhados com a boca na \u201cbotija\u201d, j\u00e1 no in\u00edcio do governo, conferia \u00e0 presidenta a falsa impress\u00e3o de que ela poderia conduzir o pa\u00eds com m\u00e3o de ferro, repudiando e combatendo a corrup\u00e7\u00e3o que se instalara bem no \u201ccora\u00e7\u00e3o\u201d do governo anterior.<\/p>\n<p>Pois bem. O tempo passou e a presidenta n\u00e3o foi capaz de levar adiante a tal faxina \u00e9tica. Pelo contr\u00e1rio, sucumbiu ao sistema montado pelo PT e aderiu de corpo e alma \u00e0 fisiologia dos partidos pol\u00edticos, criados para esta finalidade, instituindo na mesma linhagem o seu \u201cbalc\u00e3o de neg\u00f3cios\u201d, o chamado \u201ctoma l\u00e1, d\u00e1 c\u00e1\u201d, uma conduta esp\u00faria que os brasileiros n\u00e3o conseguiram perceber, quando a presidenta, a despeito da vontade de Lula de voltar ao poder, se candidatou novamente para tentar a sua reelei\u00e7\u00e3o. O medo de perder as chamadas conquistas sociais pregadas ardilosamente pelo PT e aliados fez com que o povo a reelegesse para cargo de presidente da Rep\u00fablica, numa campanha de mentiras e de promessas enganosas, dizendo que a infla\u00e7\u00e3o estava sob controle, que as tarifas p\u00fablicas n\u00e3o seriam majoradas, que os juros n\u00e3o subiriam e que os gastos do governo estavam tamb\u00e9m sob controle.<\/p>\n<p>Hoje temos um pa\u00eds cuja economia encontra-se estagnada, os pre\u00e7os de combust\u00edveis e energia el\u00e9trica explodido a cada m\u00eas, o desemprego j\u00e1 na casa dos 9% e a infla\u00e7\u00e3o chegando aos dois d\u00edgitos e corroendo o bolso dos mais pobres, como sempre aconteceu no passado. Culpa da crise mundial? Pode ser que isso tenha contribu\u00eddo. Mas n\u00e3o d\u00e1 para simplesmente absolver a presidenta s\u00f3 porque ela vem atrav\u00e9s das redes de comunica\u00e7\u00e3o fazer o seu \u201cmea culpa\u201d, dizendo que errou e que demorou perceber o erro.<\/p>\n<p>Para piorar, as investiga\u00e7\u00f5es da Pol\u00edcia Federal e do Minist\u00e9rio P\u00fablico v\u00eam, a cada dia, carreando provas incontestes de que a \u201cpetroroubalheira\u201d serviu de trampolim para o projeto de perpetua\u00e7\u00e3o de poder engendrado dentro dos governos Lula\/Dilma.<br \/>\nSe j\u00e1 havia no come\u00e7o do governo Dilma uma heran\u00e7a maldita deixada pelo governo Lula, como diziam na \u00e9poca, qual ser\u00e1 a heran\u00e7a a ser deixada pela atual presidenta para as futuras gera\u00e7\u00f5es? Ser\u00e1 uma nova heran\u00e7a maldita? Com a palavra, o povo que a reelegeu.<\/p>\n","protected":false},"excerpt":{"rendered":"<p>Quando a presidenta Dilma assumiu o governo em seu primeiro mandato, muito se falou da \u201cheran\u00e7a maldita\u201d, deixada pelo ex-presidente Lula. Todos tinham uma curiosidade para saber qual seria a conduta da primeira mulher a conduzir o pa\u00eds atrav\u00e9s do voto popular dos brasileiros. Dilma, na verdade, foi uma inven\u00e7\u00e3o do ex-presidente Lula, cujas prioridades &#8230; <a title=\"Uma nova heran\u00e7a maldita\" class=\"read-more\" href=\"https:\/\/anoticiaonline.com.br\/site\/uma-nova-heranca-maldita\/\" aria-label=\"Read more about Uma nova heran\u00e7a maldita\">Ler mais<\/a><\/p>\n","protected":false},"author":2,"featured_media":0,"comment_status":"open","ping_status":"open","sticky":false,"template":"","format":"standard","meta":{"_acf_changed":false,"_monsterinsights_skip_tracking":false,"footnotes":""},"categories":[33],"tags":[],"class_list":["post-8940","post","type-post","status-publish","format-standard","hentry","category-politica-e-atualidades-francisco-laviola"],"acf":[],"aioseo_notices":[],"aioseo_head":"\n\t\t<!-- All in One SEO 5.0.0.1 - aioseo.com -->\n\t<meta name=\"description\" content=\"Quando a presidenta Dilma assumiu o governo em seu primeiro mandato, muito se falou da \u201cheran\u00e7a maldita\u201d, deixada pelo ex-presidente Lula. Todos tinham uma curiosidade para saber qual seria a conduta da primeira mulher a conduzir o pa\u00eds atrav\u00e9s do voto popular dos brasileiros. Dilma, na verdade, foi uma inven\u00e7\u00e3o do ex-presidente Lula, cujas prioridades\" \/>\n\t<meta name=\"robots\" content=\"max-image-preview:large\" \/>\n\t<meta name=\"author\" content=\"Juliana Laviola\"\/>\n\t<link rel=\"canonical\" href=\"https:\/\/anoticiaonline.com.br\/site\/uma-nova-heranca-maldita\/\" \/>\n\t<meta name=\"generator\" content=\"All in One SEO (AIOSEO) 5.0.0.1\" \/>\n\t\t<meta property=\"og:locale\" content=\"pt_BR\" \/>\n\t\t<meta property=\"og:site_name\" content=\"A Not\u00edcia Online - Noticias de Muria\u00e9 e regi\u00e3o\" \/>\n\t\t<meta property=\"og:type\" content=\"article\" \/>\n\t\t<meta property=\"og:title\" content=\"Uma nova heran\u00e7a maldita - A Not\u00edcia Online\" \/>\n\t\t<meta property=\"og:description\" content=\"Quando a presidenta Dilma assumiu o governo em seu primeiro mandato, muito se falou da \u201cheran\u00e7a maldita\u201d, deixada pelo ex-presidente Lula. Todos tinham uma curiosidade para saber qual seria a conduta da primeira mulher a conduzir o pa\u00eds atrav\u00e9s do voto popular dos brasileiros. Dilma, na verdade, foi uma inven\u00e7\u00e3o do ex-presidente Lula, cujas prioridades\" \/>\n\t\t<meta property=\"og:url\" content=\"https:\/\/anoticiaonline.com.br\/site\/uma-nova-heranca-maldita\/\" \/>\n\t\t<meta property=\"og:image\" content=\"https:\/\/scontent-gig4-1.xx.fbcdn.net\/v\/t39.30808-1\/270437624_4564083193639691_6907940295614233970_n.jpg?stp=dst-jpg_s200x200_tt6&#038;_nc_cat=111&#038;ccb=1-7&#038;_nc_sid=f907e8&#038;_nc_ohc=SM1wRlP3lJwQ7kNvwEPuBYA&#038;_nc_oc=AdnqrjDN_BNjSSHWO-GbkIWH6fkGMLw4bqvL_NH6e2wMveX7G-rP2dAqsDSq1mJMOaY&#038;_nc_zt=24&#038;_nc_ht=scontent-gig4-1.xx&#038;_nc_gid=AoBFJeGrT1hVaew_6rchkQ&#038;oh=00_AfX7QmFGhQhG2jAllVgXCiM1ZrWgvtp80-Bfppyexh1QEg&#038;oe=689E923C\" \/>\n\t\t<meta property=\"og:image:secure_url\" content=\"https:\/\/scontent-gig4-1.xx.fbcdn.net\/v\/t39.30808-1\/270437624_4564083193639691_6907940295614233970_n.jpg?stp=dst-jpg_s200x200_tt6&#038;_nc_cat=111&#038;ccb=1-7&#038;_nc_sid=f907e8&#038;_nc_ohc=SM1wRlP3lJwQ7kNvwEPuBYA&#038;_nc_oc=AdnqrjDN_BNjSSHWO-GbkIWH6fkGMLw4bqvL_NH6e2wMveX7G-rP2dAqsDSq1mJMOaY&#038;_nc_zt=24&#038;_nc_ht=scontent-gig4-1.xx&#038;_nc_gid=AoBFJeGrT1hVaew_6rchkQ&#038;oh=00_AfX7QmFGhQhG2jAllVgXCiM1ZrWgvtp80-Bfppyexh1QEg&#038;oe=689E923C\" \/>\n\t\t<meta property=\"article:published_time\" content=\"2016-01-21T19:07:07+00:00\" \/>\n\t\t<meta property=\"article:modified_time\" content=\"2016-01-21T19:07:07+00:00\" \/>\n\t\t<meta name=\"twitter:card\" content=\"summary_large_image\" \/>\n\t\t<meta name=\"twitter:title\" content=\"Uma nova heran\u00e7a maldita - A Not\u00edcia Online\" \/>\n\t\t<meta name=\"twitter:description\" content=\"Quando a presidenta Dilma assumiu o governo em seu primeiro mandato, muito se falou da \u201cheran\u00e7a maldita\u201d, deixada pelo ex-presidente Lula. Todos tinham uma curiosidade para saber qual seria a conduta da primeira mulher a conduzir o pa\u00eds atrav\u00e9s do voto popular dos brasileiros. Dilma, na verdade, foi uma inven\u00e7\u00e3o do ex-presidente Lula, cujas prioridades\" \/>\n\t\t<meta name=\"twitter:image\" content=\"https:\/\/scontent-gig4-1.xx.fbcdn.net\/v\/t39.30808-1\/270437624_4564083193639691_6907940295614233970_n.jpg?stp=dst-jpg_s200x200_tt6&amp;_nc_cat=111&amp;ccb=1-7&amp;_nc_sid=f907e8&amp;_nc_ohc=SM1wRlP3lJwQ7kNvwEPuBYA&amp;_nc_oc=AdnqrjDN_BNjSSHWO-GbkIWH6fkGMLw4bqvL_NH6e2wMveX7G-rP2dAqsDSq1mJMOaY&amp;_nc_zt=24&amp;_nc_ht=scontent-gig4-1.xx&amp;_nc_gid=AoBFJeGrT1hVaew_6rchkQ&amp;oh=00_AfX7QmFGhQhG2jAllVgXCiM1ZrWgvtp80-Bfppyexh1QEg&amp;oe=689E923C\" \/>\n\t\t<script type=\"application\/ld+json\" class=\"aioseo-schema\">\n\t\t\t{\"@context\":\"https:\\\/\\\/schema.org\",\"@graph\":[{\"@type\":\"BlogPosting\",\"@id\":\"https:\\\/\\\/anoticiaonline.com.br\\\/site\\\/uma-nova-heranca-maldita\\\/#blogposting\",\"name\":\"Uma nova heran\\u00e7a maldita - A Not\\u00edcia Online\",\"headline\":\"Uma nova heran\\u00e7a maldita\",\"author\":{\"@id\":\"https:\\\/\\\/anoticiaonline.com.br\\\/site\\\/author\\\/juliana\\\/#author\"},\"publisher\":{\"@id\":\"https:\\\/\\\/anoticiaonline.com.br\\\/site\\\/#organization\"},\"image\":{\"@type\":\"ImageObject\",\"url\":\"https:\\\/\\\/scontent-gig4-1.xx.fbcdn.net\\\/v\\\/t39.30808-1\\\/270437624_4564083193639691_6907940295614233970_n.jpg?stp=dst-jpg_s200x200_tt6&_nc_cat=111&ccb=1-7&_nc_sid=f907e8&_nc_ohc=SM1wRlP3lJwQ7kNvwEPuBYA&_nc_oc=AdnqrjDN_BNjSSHWO-GbkIWH6fkGMLw4bqvL_NH6e2wMveX7G-rP2dAqsDSq1mJMOaY&_nc_zt=24&_nc_ht=scontent-gig4-1.xx&_nc_gid=AoBFJeGrT1hVaew_6rchkQ&oh=00_AfX7QmFGhQhG2jAllVgXCiM1ZrWgvtp80-Bfppyexh1QEg&oe=689E923C\",\"@id\":\"https:\\\/\\\/anoticiaonline.com.br\\\/site\\\/#articleImage\"},\"datePublished\":\"2016-01-21T16:07:07-03:00\",\"dateModified\":\"2016-01-21T16:07:07-03:00\",\"inLanguage\":\"pt-BR\",\"mainEntityOfPage\":{\"@id\":\"https:\\\/\\\/anoticiaonline.com.br\\\/site\\\/uma-nova-heranca-maldita\\\/#webpage\"},\"isPartOf\":{\"@id\":\"https:\\\/\\\/anoticiaonline.com.br\\\/site\\\/uma-nova-heranca-maldita\\\/#webpage\"},\"articleSection\":\"Pol\\u00edtica e Atualidades - Francisco Laviola\"},{\"@type\":\"BreadcrumbList\",\"@id\":\"https:\\\/\\\/anoticiaonline.com.br\\\/site\\\/uma-nova-heranca-maldita\\\/#breadcrumblist\",\"itemListElement\":[{\"@type\":\"ListItem\",\"@id\":\"https:\\\/\\\/anoticiaonline.com.br\\\/site#listItem\",\"position\":1,\"name\":\"Home\",\"item\":\"https:\\\/\\\/anoticiaonline.com.br\\\/site\",\"nextItem\":{\"@type\":\"ListItem\",\"@id\":\"https:\\\/\\\/anoticiaonline.com.br\\\/site\\\/categoria\\\/colunistas\\\/#listItem\",\"name\":\"Colunistas\"}},{\"@type\":\"ListItem\",\"@id\":\"https:\\\/\\\/anoticiaonline.com.br\\\/site\\\/categoria\\\/colunistas\\\/#listItem\",\"position\":2,\"name\":\"Colunistas\",\"item\":\"https:\\\/\\\/anoticiaonline.com.br\\\/site\\\/categoria\\\/colunistas\\\/\",\"nextItem\":{\"@type\":\"ListItem\",\"@id\":\"https:\\\/\\\/anoticiaonline.com.br\\\/site\\\/categoria\\\/colunistas\\\/politica-e-atualidades-francisco-laviola\\\/#listItem\",\"name\":\"Pol\\u00edtica e Atualidades - Francisco Laviola\"},\"previousItem\":{\"@type\":\"ListItem\",\"@id\":\"https:\\\/\\\/anoticiaonline.com.br\\\/site#listItem\",\"name\":\"Home\"}},{\"@type\":\"ListItem\",\"@id\":\"https:\\\/\\\/anoticiaonline.com.br\\\/site\\\/categoria\\\/colunistas\\\/politica-e-atualidades-francisco-laviola\\\/#listItem\",\"position\":3,\"name\":\"Pol\\u00edtica e Atualidades - Francisco Laviola\",\"item\":\"https:\\\/\\\/anoticiaonline.com.br\\\/site\\\/categoria\\\/colunistas\\\/politica-e-atualidades-francisco-laviola\\\/\",\"nextItem\":{\"@type\":\"ListItem\",\"@id\":\"https:\\\/\\\/anoticiaonline.com.br\\\/site\\\/uma-nova-heranca-maldita\\\/#listItem\",\"name\":\"Uma nova heran\\u00e7a maldita\"},\"previousItem\":{\"@type\":\"ListItem\",\"@id\":\"https:\\\/\\\/anoticiaonline.com.br\\\/site\\\/categoria\\\/colunistas\\\/#listItem\",\"name\":\"Colunistas\"}},{\"@type\":\"ListItem\",\"@id\":\"https:\\\/\\\/anoticiaonline.com.br\\\/site\\\/uma-nova-heranca-maldita\\\/#listItem\",\"position\":4,\"name\":\"Uma nova heran\\u00e7a maldita\",\"previousItem\":{\"@type\":\"ListItem\",\"@id\":\"https:\\\/\\\/anoticiaonline.com.br\\\/site\\\/categoria\\\/colunistas\\\/politica-e-atualidades-francisco-laviola\\\/#listItem\",\"name\":\"Pol\\u00edtica e Atualidades - Francisco Laviola\"}}]},{\"@type\":\"Organization\",\"@id\":\"https:\\\/\\\/anoticiaonline.com.br\\\/site\\\/#organization\",\"name\":\"A Not\\u00edcia Online\",\"description\":\"Noticias de Muria\\u00e9 e regi\\u00e3o\",\"url\":\"https:\\\/\\\/anoticiaonline.com.br\\\/site\\\/\",\"logo\":{\"@type\":\"ImageObject\",\"url\":\"https:\\\/\\\/scontent-gig4-1.xx.fbcdn.net\\\/v\\\/t39.30808-1\\\/270437624_4564083193639691_6907940295614233970_n.jpg?stp=dst-jpg_s200x200_tt6&_nc_cat=111&ccb=1-7&_nc_sid=f907e8&_nc_ohc=SM1wRlP3lJwQ7kNvwEPuBYA&_nc_oc=AdnqrjDN_BNjSSHWO-GbkIWH6fkGMLw4bqvL_NH6e2wMveX7G-rP2dAqsDSq1mJMOaY&_nc_zt=24&_nc_ht=scontent-gig4-1.xx&_nc_gid=AoBFJeGrT1hVaew_6rchkQ&oh=00_AfX7QmFGhQhG2jAllVgXCiM1ZrWgvtp80-Bfppyexh1QEg&oe=689E923C\",\"@id\":\"https:\\\/\\\/anoticiaonline.com.br\\\/site\\\/uma-nova-heranca-maldita\\\/#organizationLogo\"},\"image\":{\"@id\":\"https:\\\/\\\/anoticiaonline.com.br\\\/site\\\/uma-nova-heranca-maldita\\\/#organizationLogo\"}},{\"@type\":\"Person\",\"@id\":\"https:\\\/\\\/anoticiaonline.com.br\\\/site\\\/author\\\/juliana\\\/#author\",\"url\":\"https:\\\/\\\/anoticiaonline.com.br\\\/site\\\/author\\\/juliana\\\/\",\"name\":\"Juliana Laviola\",\"image\":{\"@type\":\"ImageObject\",\"@id\":\"https:\\\/\\\/anoticiaonline.com.br\\\/site\\\/uma-nova-heranca-maldita\\\/#authorImage\",\"url\":\"https:\\\/\\\/secure.gravatar.com\\\/avatar\\\/b8d45f5c699b100dfaf0e543582f38f38bf94cb7ae3a5e9abf8d891a34773335?s=96&d=mm&r=g\",\"width\":96,\"height\":96,\"caption\":\"Juliana Laviola\"}},{\"@type\":\"WebPage\",\"@id\":\"https:\\\/\\\/anoticiaonline.com.br\\\/site\\\/uma-nova-heranca-maldita\\\/#webpage\",\"url\":\"https:\\\/\\\/anoticiaonline.com.br\\\/site\\\/uma-nova-heranca-maldita\\\/\",\"name\":\"Uma nova heran\\u00e7a maldita - A Not\\u00edcia Online\",\"description\":\"Quando a presidenta Dilma assumiu o governo em seu primeiro mandato, muito se falou da \\u201cheran\\u00e7a maldita\\u201d, deixada pelo ex-presidente Lula. Todos tinham uma curiosidade para saber qual seria a conduta da primeira mulher a conduzir o pa\\u00eds atrav\\u00e9s do voto popular dos brasileiros. Dilma, na verdade, foi uma inven\\u00e7\\u00e3o do ex-presidente Lula, cujas prioridades\",\"inLanguage\":\"pt-BR\",\"isPartOf\":{\"@id\":\"https:\\\/\\\/anoticiaonline.com.br\\\/site\\\/#website\"},\"breadcrumb\":{\"@id\":\"https:\\\/\\\/anoticiaonline.com.br\\\/site\\\/uma-nova-heranca-maldita\\\/#breadcrumblist\"},\"author\":{\"@id\":\"https:\\\/\\\/anoticiaonline.com.br\\\/site\\\/author\\\/juliana\\\/#author\"},\"creator\":{\"@id\":\"https:\\\/\\\/anoticiaonline.com.br\\\/site\\\/author\\\/juliana\\\/#author\"},\"datePublished\":\"2016-01-21T16:07:07-03:00\",\"dateModified\":\"2016-01-21T16:07:07-03:00\"},{\"@type\":\"WebSite\",\"@id\":\"https:\\\/\\\/anoticiaonline.com.br\\\/site\\\/#website\",\"url\":\"https:\\\/\\\/anoticiaonline.com.br\\\/site\\\/\",\"name\":\"A Not\\u00edcia Online\",\"description\":\"Noticias de Muria\\u00e9 e regi\\u00e3o\",\"inLanguage\":\"pt-BR\",\"publisher\":{\"@id\":\"https:\\\/\\\/anoticiaonline.com.br\\\/site\\\/#organization\"}}]}\n\t\t<\/script>\n\t\t<!-- All in One SEO -->\n\n","aioseo_head_json":{"title":"Uma nova heran\u00e7a maldita - A Not\u00edcia Online","description":"Quando a presidenta Dilma assumiu o governo em seu primeiro mandato, muito se falou da \u201cheran\u00e7a maldita\u201d, deixada pelo ex-presidente Lula. Todos tinham uma curiosidade para saber qual seria a conduta da primeira mulher a conduzir o pa\u00eds atrav\u00e9s do voto popular dos brasileiros. Dilma, na verdade, foi uma inven\u00e7\u00e3o do ex-presidente Lula, cujas prioridades","canonical_url":"https:\/\/anoticiaonline.com.br\/site\/uma-nova-heranca-maldita\/","robots":"max-image-preview:large","keywords":"","webmasterTools":{"miscellaneous":""},"schema":{"@context":"https:\/\/schema.org","@graph":[{"@type":"BlogPosting","@id":"https:\/\/anoticiaonline.com.br\/site\/uma-nova-heranca-maldita\/#blogposting","name":"Uma nova heran\u00e7a maldita - A Not\u00edcia Online","headline":"Uma nova heran\u00e7a maldita","author":{"@id":"https:\/\/anoticiaonline.com.br\/site\/author\/juliana\/#author"},"publisher":{"@id":"https:\/\/anoticiaonline.com.br\/site\/#organization"},"image":{"@type":"ImageObject","url":"https:\/\/scontent-gig4-1.xx.fbcdn.net\/v\/t39.30808-1\/270437624_4564083193639691_6907940295614233970_n.jpg?stp=dst-jpg_s200x200_tt6&_nc_cat=111&ccb=1-7&_nc_sid=f907e8&_nc_ohc=SM1wRlP3lJwQ7kNvwEPuBYA&_nc_oc=AdnqrjDN_BNjSSHWO-GbkIWH6fkGMLw4bqvL_NH6e2wMveX7G-rP2dAqsDSq1mJMOaY&_nc_zt=24&_nc_ht=scontent-gig4-1.xx&_nc_gid=AoBFJeGrT1hVaew_6rchkQ&oh=00_AfX7QmFGhQhG2jAllVgXCiM1ZrWgvtp80-Bfppyexh1QEg&oe=689E923C","@id":"https:\/\/anoticiaonline.com.br\/site\/#articleImage"},"datePublished":"2016-01-21T16:07:07-03:00","dateModified":"2016-01-21T16:07:07-03:00","inLanguage":"pt-BR","mainEntityOfPage":{"@id":"https:\/\/anoticiaonline.com.br\/site\/uma-nova-heranca-maldita\/#webpage"},"isPartOf":{"@id":"https:\/\/anoticiaonline.com.br\/site\/uma-nova-heranca-maldita\/#webpage"},"articleSection":"Pol\u00edtica e Atualidades - Francisco Laviola"},{"@type":"BreadcrumbList","@id":"https:\/\/anoticiaonline.com.br\/site\/uma-nova-heranca-maldita\/#breadcrumblist","itemListElement":[{"@type":"ListItem","@id":"https:\/\/anoticiaonline.com.br\/site#listItem","position":1,"name":"Home","item":"https:\/\/anoticiaonline.com.br\/site","nextItem":{"@type":"ListItem","@id":"https:\/\/anoticiaonline.com.br\/site\/categoria\/colunistas\/#listItem","name":"Colunistas"}},{"@type":"ListItem","@id":"https:\/\/anoticiaonline.com.br\/site\/categoria\/colunistas\/#listItem","position":2,"name":"Colunistas","item":"https:\/\/anoticiaonline.com.br\/site\/categoria\/colunistas\/","nextItem":{"@type":"ListItem","@id":"https:\/\/anoticiaonline.com.br\/site\/categoria\/colunistas\/politica-e-atualidades-francisco-laviola\/#listItem","name":"Pol\u00edtica e Atualidades - Francisco Laviola"},"previousItem":{"@type":"ListItem","@id":"https:\/\/anoticiaonline.com.br\/site#listItem","name":"Home"}},{"@type":"ListItem","@id":"https:\/\/anoticiaonline.com.br\/site\/categoria\/colunistas\/politica-e-atualidades-francisco-laviola\/#listItem","position":3,"name":"Pol\u00edtica e Atualidades - Francisco Laviola","item":"https:\/\/anoticiaonline.com.br\/site\/categoria\/colunistas\/politica-e-atualidades-francisco-laviola\/","nextItem":{"@type":"ListItem","@id":"https:\/\/anoticiaonline.com.br\/site\/uma-nova-heranca-maldita\/#listItem","name":"Uma nova heran\u00e7a maldita"},"previousItem":{"@type":"ListItem","@id":"https:\/\/anoticiaonline.com.br\/site\/categoria\/colunistas\/#listItem","name":"Colunistas"}},{"@type":"ListItem","@id":"https:\/\/anoticiaonline.com.br\/site\/uma-nova-heranca-maldita\/#listItem","position":4,"name":"Uma nova heran\u00e7a maldita","previousItem":{"@type":"ListItem","@id":"https:\/\/anoticiaonline.com.br\/site\/categoria\/colunistas\/politica-e-atualidades-francisco-laviola\/#listItem","name":"Pol\u00edtica e Atualidades - Francisco Laviola"}}]},{"@type":"Organization","@id":"https:\/\/anoticiaonline.com.br\/site\/#organization","name":"A Not\u00edcia Online","description":"Noticias de Muria\u00e9 e regi\u00e3o","url":"https:\/\/anoticiaonline.com.br\/site\/","logo":{"@type":"ImageObject","url":"https:\/\/scontent-gig4-1.xx.fbcdn.net\/v\/t39.30808-1\/270437624_4564083193639691_6907940295614233970_n.jpg?stp=dst-jpg_s200x200_tt6&_nc_cat=111&ccb=1-7&_nc_sid=f907e8&_nc_ohc=SM1wRlP3lJwQ7kNvwEPuBYA&_nc_oc=AdnqrjDN_BNjSSHWO-GbkIWH6fkGMLw4bqvL_NH6e2wMveX7G-rP2dAqsDSq1mJMOaY&_nc_zt=24&_nc_ht=scontent-gig4-1.xx&_nc_gid=AoBFJeGrT1hVaew_6rchkQ&oh=00_AfX7QmFGhQhG2jAllVgXCiM1ZrWgvtp80-Bfppyexh1QEg&oe=689E923C","@id":"https:\/\/anoticiaonline.com.br\/site\/uma-nova-heranca-maldita\/#organizationLogo"},"image":{"@id":"https:\/\/anoticiaonline.com.br\/site\/uma-nova-heranca-maldita\/#organizationLogo"}},{"@type":"Person","@id":"https:\/\/anoticiaonline.com.br\/site\/author\/juliana\/#author","url":"https:\/\/anoticiaonline.com.br\/site\/author\/juliana\/","name":"Juliana Laviola","image":{"@type":"ImageObject","@id":"https:\/\/anoticiaonline.com.br\/site\/uma-nova-heranca-maldita\/#authorImage","url":"https:\/\/secure.gravatar.com\/avatar\/b8d45f5c699b100dfaf0e543582f38f38bf94cb7ae3a5e9abf8d891a34773335?s=96&d=mm&r=g","width":96,"height":96,"caption":"Juliana Laviola"}},{"@type":"WebPage","@id":"https:\/\/anoticiaonline.com.br\/site\/uma-nova-heranca-maldita\/#webpage","url":"https:\/\/anoticiaonline.com.br\/site\/uma-nova-heranca-maldita\/","name":"Uma nova heran\u00e7a maldita - A Not\u00edcia Online","description":"Quando a presidenta Dilma assumiu o governo em seu primeiro mandato, muito se falou da \u201cheran\u00e7a maldita\u201d, deixada pelo ex-presidente Lula. Todos tinham uma curiosidade para saber qual seria a conduta da primeira mulher a conduzir o pa\u00eds atrav\u00e9s do voto popular dos brasileiros. Dilma, na verdade, foi uma inven\u00e7\u00e3o do ex-presidente Lula, cujas prioridades","inLanguage":"pt-BR","isPartOf":{"@id":"https:\/\/anoticiaonline.com.br\/site\/#website"},"breadcrumb":{"@id":"https:\/\/anoticiaonline.com.br\/site\/uma-nova-heranca-maldita\/#breadcrumblist"},"author":{"@id":"https:\/\/anoticiaonline.com.br\/site\/author\/juliana\/#author"},"creator":{"@id":"https:\/\/anoticiaonline.com.br\/site\/author\/juliana\/#author"},"datePublished":"2016-01-21T16:07:07-03:00","dateModified":"2016-01-21T16:07:07-03:00"},{"@type":"WebSite","@id":"https:\/\/anoticiaonline.com.br\/site\/#website","url":"https:\/\/anoticiaonline.com.br\/site\/","name":"A Not\u00edcia Online","description":"Noticias de Muria\u00e9 e regi\u00e3o","inLanguage":"pt-BR","publisher":{"@id":"https:\/\/anoticiaonline.com.br\/site\/#organization"}}]},"og:locale":"pt_BR","og:site_name":"A Not\u00edcia Online - Noticias de Muria\u00e9 e regi\u00e3o","og:type":"article","og:title":"Uma nova heran\u00e7a maldita - A Not\u00edcia Online","og:description":"Quando a presidenta Dilma assumiu o governo em seu primeiro mandato, muito se falou da \u201cheran\u00e7a maldita\u201d, deixada pelo ex-presidente Lula. Todos tinham uma curiosidade para saber qual seria a conduta da primeira mulher a conduzir o pa\u00eds atrav\u00e9s do voto popular dos brasileiros. Dilma, na verdade, foi uma inven\u00e7\u00e3o do ex-presidente Lula, cujas prioridades","og:url":"https:\/\/anoticiaonline.com.br\/site\/uma-nova-heranca-maldita\/","og:image":"https:\/\/scontent-gig4-1.xx.fbcdn.net\/v\/t39.30808-1\/270437624_4564083193639691_6907940295614233970_n.jpg?stp=dst-jpg_s200x200_tt6&#038;_nc_cat=111&#038;ccb=1-7&#038;_nc_sid=f907e8&#038;_nc_ohc=SM1wRlP3lJwQ7kNvwEPuBYA&#038;_nc_oc=AdnqrjDN_BNjSSHWO-GbkIWH6fkGMLw4bqvL_NH6e2wMveX7G-rP2dAqsDSq1mJMOaY&#038;_nc_zt=24&#038;_nc_ht=scontent-gig4-1.xx&#038;_nc_gid=AoBFJeGrT1hVaew_6rchkQ&#038;oh=00_AfX7QmFGhQhG2jAllVgXCiM1ZrWgvtp80-Bfppyexh1QEg&#038;oe=689E923C","og:image:secure_url":"https:\/\/scontent-gig4-1.xx.fbcdn.net\/v\/t39.30808-1\/270437624_4564083193639691_6907940295614233970_n.jpg?stp=dst-jpg_s200x200_tt6&#038;_nc_cat=111&#038;ccb=1-7&#038;_nc_sid=f907e8&#038;_nc_ohc=SM1wRlP3lJwQ7kNvwEPuBYA&#038;_nc_oc=AdnqrjDN_BNjSSHWO-GbkIWH6fkGMLw4bqvL_NH6e2wMveX7G-rP2dAqsDSq1mJMOaY&#038;_nc_zt=24&#038;_nc_ht=scontent-gig4-1.xx&#038;_nc_gid=AoBFJeGrT1hVaew_6rchkQ&#038;oh=00_AfX7QmFGhQhG2jAllVgXCiM1ZrWgvtp80-Bfppyexh1QEg&#038;oe=689E923C","article:published_time":"2016-01-21T19:07:07+00:00","article:modified_time":"2016-01-21T19:07:07+00:00","twitter:card":"summary_large_image","twitter:title":"Uma nova heran\u00e7a maldita - A Not\u00edcia Online","twitter:description":"Quando a presidenta Dilma assumiu o governo em seu primeiro mandato, muito se falou da \u201cheran\u00e7a maldita\u201d, deixada pelo ex-presidente Lula. Todos tinham uma curiosidade para saber qual seria a conduta da primeira mulher a conduzir o pa\u00eds atrav\u00e9s do voto popular dos brasileiros. Dilma, na verdade, foi uma inven\u00e7\u00e3o do ex-presidente Lula, cujas prioridades","twitter:image":"https:\/\/scontent-gig4-1.xx.fbcdn.net\/v\/t39.30808-1\/270437624_4564083193639691_6907940295614233970_n.jpg?stp=dst-jpg_s200x200_tt6&_nc_cat=111&ccb=1-7&_nc_sid=f907e8&_nc_ohc=SM1wRlP3lJwQ7kNvwEPuBYA&_nc_oc=AdnqrjDN_BNjSSHWO-GbkIWH6fkGMLw4bqvL_NH6e2wMveX7G-rP2dAqsDSq1mJMOaY&_nc_zt=24&_nc_ht=scontent-gig4-1.xx&_nc_gid=AoBFJeGrT1hVaew_6rchkQ&oh=00_AfX7QmFGhQhG2jAllVgXCiM1ZrWgvtp80-Bfppyexh1QEg&oe=689E923C"},"aioseo_meta_data":{"post_id":"8940","title":null,"description":null,"keywords":null,"keyphrases":null,"primary_term":null,"canonical_url":null,"og_title":null,"og_description":null,"og_object_type":"default","og_image_type":"default","og_image_url":null,"og_image_width":null,"og_image_height":null,"og_image_custom_url":null,"og_image_custom_fields":null,"og_video":null,"og_custom_url":null,"og_article_section":null,"og_article_tags":null,"twitter_use_og":false,"twitter_card":"default","twitter_image_type":"default","twitter_image_url":null,"twitter_image_custom_url":null,"twitter_image_custom_fields":null,"twitter_title":null,"twitter_description":null,"schema":{"blockGraphs":[],"customGraphs":[],"default":{"data":{"Article":[],"Course":[],"Dataset":[],"FAQPage":[],"Movie":[],"Person":[],"Product":[],"ProductReview":[],"Car":[],"Recipe":[],"Service":[],"SoftwareApplication":[],"WebPage":[]},"graphName":"","isEnabled":true},"graphs":[]},"schema_type":"default","schema_type_options":null,"pillar_content":false,"robots_default":true,"robots_noindex":false,"robots_noarchive":false,"robots_nosnippet":false,"robots_nofollow":false,"robots_noimageindex":false,"robots_noodp":false,"robots_notranslate":false,"robots_max_snippet":null,"robots_max_videopreview":null,"robots_max_imagepreview":"large","priority":null,"frequency":null,"local_seo":null,"breadcrumb_settings":null,"limit_modified_date":false,"ai":null,"created":"2025-08-16 14:51:33","updated":"2025-08-16 14:51:33","focus_keyword":null,"additional_keywords":null,"truseo_locale":null,"seo_analyzer_scan_date":null},"aioseo_breadcrumb":"<div class=\"aioseo-breadcrumbs\"><span class=\"aioseo-breadcrumb\">\n\t\t\t<a href=\"https:\/\/anoticiaonline.com.br\/site\" title=\"Home\">Home<\/a>\n\t\t<\/span><span class=\"aioseo-breadcrumb-separator\">&raquo;<\/span><span class=\"aioseo-breadcrumb\">\n\t\t\t<a href=\"https:\/\/anoticiaonline.com.br\/site\/categoria\/colunistas\/\" title=\"Colunistas\">Colunistas<\/a>\n\t\t<\/span><span class=\"aioseo-breadcrumb-separator\">&raquo;<\/span><span class=\"aioseo-breadcrumb\">\n\t\t\t<a href=\"https:\/\/anoticiaonline.com.br\/site\/categoria\/colunistas\/politica-e-atualidades-francisco-laviola\/\" title=\"Pol\u00edtica e Atualidades - Francisco Laviola\">Pol\u00edtica e Atualidades - Francisco Laviola<\/a>\n\t\t<\/span><span class=\"aioseo-breadcrumb-separator\">&raquo;<\/span><span class=\"aioseo-breadcrumb\">\n\t\t\tUma nova heran\u00e7a maldita\n\t\t<\/span><\/div>","aioseo_breadcrumb_json":[{"label":"Home","link":"https:\/\/anoticiaonline.com.br\/site"},{"label":"Colunistas","link":"https:\/\/anoticiaonline.com.br\/site\/categoria\/colunistas\/"},{"label":"Pol\u00edtica e Atualidades - Francisco Laviola","link":"https:\/\/anoticiaonline.com.br\/site\/categoria\/colunistas\/politica-e-atualidades-francisco-laviola\/"},{"label":"Uma nova heran\u00e7a maldita","link":"https:\/\/anoticiaonline.com.br\/site\/uma-nova-heranca-maldita\/"}],"views":152,"_links":{"self":[{"href":"https:\/\/anoticiaonline.com.br\/site\/wp-json\/wp\/v2\/posts\/8940","targetHints":{"allow":["GET"]}}],"collection":[{"href":"https:\/\/anoticiaonline.com.br\/site\/wp-json\/wp\/v2\/posts"}],"about":[{"href":"https:\/\/anoticiaonline.com.br\/site\/wp-json\/wp\/v2\/types\/post"}],"author":[{"embeddable":true,"href":"https:\/\/anoticiaonline.com.br\/site\/wp-json\/wp\/v2\/users\/2"}],"replies":[{"embeddable":true,"href":"https:\/\/anoticiaonline.com.br\/site\/wp-json\/wp\/v2\/comments?post=8940"}],"version-history":[{"count":0,"href":"https:\/\/anoticiaonline.com.br\/site\/wp-json\/wp\/v2\/posts\/8940\/revisions"}],"wp:attachment":[{"href":"https:\/\/anoticiaonline.com.br\/site\/wp-json\/wp\/v2\/media?parent=8940"}],"wp:term":[{"taxonomy":"category","embeddable":true,"href":"https:\/\/anoticiaonline.com.br\/site\/wp-json\/wp\/v2\/categories?post=8940"},{"taxonomy":"post_tag","embeddable":true,"href":"https:\/\/anoticiaonline.com.br\/site\/wp-json\/wp\/v2\/tags?post=8940"}],"curies":[{"name":"wp","href":"https:\/\/api.w.org\/{rel}","templated":true}]}}