{"id":8875,"date":"2016-01-20T07:00:46","date_gmt":"2016-01-20T10:00:46","guid":{"rendered":"http:\/\/anoticiaonline.com.br\/site\/?p=8875"},"modified":"2016-01-19T15:09:24","modified_gmt":"2016-01-19T18:09:24","slug":"prefeito-de-vieiras-waldinei-chicareli-e-o-novo-presidente-da-amerp","status":"publish","type":"post","link":"https:\/\/anoticiaonline.com.br\/site\/prefeito-de-vieiras-waldinei-chicareli-e-o-novo-presidente-da-amerp\/","title":{"rendered":"Prefeito de Vieiras, Waldinei Chicareli, \u00e9 o novo presidente da AMERP"},"content":{"rendered":"<figure id=\"attachment_8889\" aria-describedby=\"caption-attachment-8889\" style=\"width: 290px\" class=\"wp-caption alignleft\"><a href=\"https:\/\/anoticiaonline.com.br\/site\/wp-content\/uploads\/2016\/01\/nei.jpg\"><img fetchpriority=\"high\" decoding=\"async\" class=\"size-medium wp-image-8889\" src=\"https:\/\/anoticiaonline.com.br\/site\/wp-content\/uploads\/2016\/01\/nei-300x260.jpg\" alt=\"Waldinei Chicareli, prefeito de Vieiras (Foto: Arquivo A NOT\u00cdCIA)\" width=\"300\" height=\"260\" srcset=\"https:\/\/anoticiaonline.com.br\/site\/wp-content\/uploads\/2016\/01\/nei-300x260.jpg 300w, https:\/\/anoticiaonline.com.br\/site\/wp-content\/uploads\/2016\/01\/nei.jpg 600w\" sizes=\"(max-width: 300px) 100vw, 300px\" \/><\/a><figcaption id=\"caption-attachment-8889\" class=\"wp-caption-text\">Waldinei Chicareli, prefeito de Vieiras (Foto: Arquivo A NOT\u00cdCIA)<\/figcaption><\/figure>\n<p>O prefeito de Vieiras, Waldinei Chicareli (Nei), foi eleito por aclama\u00e7\u00e3o presidente da Associa\u00e7\u00e3o dos Munic\u00edpios da Microrregi\u00e3o do M\u00e9dio Rio Pomba (AMERP). Nei, que ocupar\u00e1 o cargo durante este ano, substitui Pablo Em\u00edlio Campos Corr\u00eaa, prefeito de Patroc\u00ednio do Muria\u00e9.<\/p>\n<p>A assembleia que definiu e deu posse \u00e0 nova diretoria para este ano aconteceu nesta ter\u00e7a-feira (19), na sala de reuni\u00f5es do Cons\u00f3rcio Intermunicipal de Sa\u00fade da Mata Leste de Minas Gerais (Cisleste), no Centro de Muria\u00e9. O secret\u00e1rio executivo da AMERP, Vic\u00e9lio L\u00facio Franco, explica que todo m\u00eas de janeiro, pelo Estatuto, a\u00a0 associa\u00e7\u00e3o deve definir, durante assembleia, com a presen\u00e7a dos prefeitos associados, a diretoria para o exerc\u00edcio do ano.<\/p>\n<figure id=\"attachment_8890\" aria-describedby=\"caption-attachment-8890\" style=\"width: 290px\" class=\"wp-caption alignleft\"><a href=\"https:\/\/anoticiaonline.com.br\/site\/wp-content\/uploads\/2016\/01\/DSCN4706.jpg\"><img decoding=\"async\" class=\"size-medium wp-image-8890\" src=\"https:\/\/anoticiaonline.com.br\/site\/wp-content\/uploads\/2016\/01\/DSCN4706-300x225.jpg\" alt=\"Assembleia aconteceu nesta ter\u00e7a-feira (19), no Cisleste\" width=\"300\" height=\"225\" srcset=\"https:\/\/anoticiaonline.com.br\/site\/wp-content\/uploads\/2016\/01\/DSCN4706-300x225.jpg 300w, https:\/\/anoticiaonline.com.br\/site\/wp-content\/uploads\/2016\/01\/DSCN4706.jpg 640w\" sizes=\"(max-width: 300px) 100vw, 300px\" \/><\/a><figcaption id=\"caption-attachment-8890\" class=\"wp-caption-text\">Assembleia aconteceu nesta ter\u00e7a-feira (19), no Cisleste<\/figcaption><\/figure>\n<p>Nei, que ocupar\u00e1 o cargo pela segunda vez, diz estar agradecido pela confian\u00e7a em poder, mais uma vez, estar \u00e0 frente da AMERP. \u201cTenho que agradecer muito aos prefeitos, que depositaram a confian\u00e7a em mim e me elegeram presidente da AMERP mais uma vez. Temos que lutar cada vez mais em prol da nossa regi\u00e3o e da associa\u00e7\u00e3o. A AMERP ajuda muito os munic\u00edpios, por isso estamos aqui para fazer parcerias e ajudar os prefeitos\u201d, afirma.<\/p>\n<p>O ex-presidente, Pablo Em\u00edlio Correa Campos, afirma que deixa o cargo com a sensa\u00e7\u00e3o de dever cumprido. \u201cEstou muito satisfeito e feliz de ter sido presidente da AMERP. Acho que todos os prefeitos tamb\u00e9m ficaram satisfeitos com o meu mandato. Trabalhei com pessoas maravilhosas\u201d, afirma.<\/p>\n<p>A AMERP \u00e9 formada por 18 munic\u00edpios da microrregi\u00e3o de Muria\u00e9. Com sede em Muria\u00e9, a associa\u00e7\u00e3o n\u00e3o tem fins lucrativos. Fundada em julho de 1985, presta relevantes servi\u00e7os de engenharia, consultoria e assist\u00eancia t\u00e9cnica, empr\u00e9stimos de m\u00e1quinas pesadas, como tratores de esteiras, motoniveladoras e retroescavadeira. S\u00e3o tamb\u00e9m desenvolvidos projetos de topografia. O objetivo \u00e9 oferecer aos munic\u00edpios mais alternativas de servi\u00e7os especializados a um pre\u00e7o diferenciado, o que gera economia aos cofres p\u00fablicos municipais.<\/p>\n<p><img decoding=\"async\" class=\"ngg_displayed_gallery mceItem\" src=\"https:\/\/anoticiaonline.com.br\/site\/nextgen-attach_to_post\/preview\/id--8888\" alt=\"\" \/><\/p>\n","protected":false},"excerpt":{"rendered":"<p>O prefeito de Vieiras, Waldinei Chicareli (Nei), foi eleito por aclama\u00e7\u00e3o presidente da Associa\u00e7\u00e3o dos Munic\u00edpios da Microrregi\u00e3o do M\u00e9dio Rio Pomba (AMERP). Nei, que ocupar\u00e1 o cargo durante este ano, substitui Pablo Em\u00edlio Campos Corr\u00eaa, prefeito de Patroc\u00ednio do Muria\u00e9. A assembleia que definiu e deu posse \u00e0 nova diretoria para este ano aconteceu &#8230; <a title=\"Prefeito de Vieiras, Waldinei Chicareli, \u00e9 o novo presidente da AMERP\" class=\"read-more\" href=\"https:\/\/anoticiaonline.com.br\/site\/prefeito-de-vieiras-waldinei-chicareli-e-o-novo-presidente-da-amerp\/\" aria-label=\"Read more about Prefeito de Vieiras, Waldinei Chicareli, \u00e9 o novo presidente da AMERP\">Ler mais<\/a><\/p>\n","protected":false},"author":2,"featured_media":8889,"comment_status":"open","ping_status":"open","sticky":false,"template":"","format":"standard","meta":{"_acf_changed":false,"_monsterinsights_skip_tracking":false,"footnotes":""},"categories":[6],"tags":[3],"class_list":["post-8875","post","type-post","status-publish","format-standard","has-post-thumbnail","hentry","category-regiao","tag-slide"],"acf":[],"aioseo_notices":[],"aioseo_head":"\n\t\t<!-- All in One SEO 5.0.0.1 - aioseo.com -->\n\t<meta name=\"description\" content=\"O prefeito de Vieiras, Waldinei Chicareli (Nei), foi eleito por aclama\u00e7\u00e3o presidente da Associa\u00e7\u00e3o dos Munic\u00edpios da Microrregi\u00e3o do M\u00e9dio Rio Pomba (AMERP). Nei, que ocupar\u00e1 o cargo durante este ano, substitui Pablo Em\u00edlio Campos Corr\u00eaa, prefeito de Patroc\u00ednio do Muria\u00e9. A assembleia que definiu e deu posse \u00e0 nova diretoria para este ano aconteceu\" \/>\n\t<meta name=\"robots\" content=\"max-image-preview:large\" \/>\n\t<meta name=\"author\" content=\"Juliana Laviola\"\/>\n\t<link rel=\"canonical\" href=\"https:\/\/anoticiaonline.com.br\/site\/prefeito-de-vieiras-waldinei-chicareli-e-o-novo-presidente-da-amerp\/\" \/>\n\t<meta name=\"generator\" content=\"All in One SEO (AIOSEO) 5.0.0.1\" \/>\n\t\t<meta property=\"og:locale\" content=\"pt_BR\" \/>\n\t\t<meta property=\"og:site_name\" content=\"A Not\u00edcia Online - Noticias de Muria\u00e9 e regi\u00e3o\" \/>\n\t\t<meta property=\"og:type\" content=\"article\" \/>\n\t\t<meta property=\"og:title\" content=\"Prefeito de Vieiras, Waldinei Chicareli, \u00e9 o novo presidente da AMERP - A Not\u00edcia Online\" \/>\n\t\t<meta property=\"og:description\" content=\"O prefeito de Vieiras, Waldinei Chicareli (Nei), foi eleito por aclama\u00e7\u00e3o presidente da Associa\u00e7\u00e3o dos Munic\u00edpios da Microrregi\u00e3o do M\u00e9dio Rio Pomba (AMERP). Nei, que ocupar\u00e1 o cargo durante este ano, substitui Pablo Em\u00edlio Campos Corr\u00eaa, prefeito de Patroc\u00ednio do Muria\u00e9. A assembleia que definiu e deu posse \u00e0 nova diretoria para este ano aconteceu\" \/>\n\t\t<meta property=\"og:url\" content=\"https:\/\/anoticiaonline.com.br\/site\/prefeito-de-vieiras-waldinei-chicareli-e-o-novo-presidente-da-amerp\/\" \/>\n\t\t<meta property=\"og:image\" content=\"https:\/\/scontent-gig4-1.xx.fbcdn.net\/v\/t39.30808-1\/270437624_4564083193639691_6907940295614233970_n.jpg?stp=dst-jpg_s200x200_tt6&#038;_nc_cat=111&#038;ccb=1-7&#038;_nc_sid=f907e8&#038;_nc_ohc=SM1wRlP3lJwQ7kNvwEPuBYA&#038;_nc_oc=AdnqrjDN_BNjSSHWO-GbkIWH6fkGMLw4bqvL_NH6e2wMveX7G-rP2dAqsDSq1mJMOaY&#038;_nc_zt=24&#038;_nc_ht=scontent-gig4-1.xx&#038;_nc_gid=AoBFJeGrT1hVaew_6rchkQ&#038;oh=00_AfX7QmFGhQhG2jAllVgXCiM1ZrWgvtp80-Bfppyexh1QEg&#038;oe=689E923C\" \/>\n\t\t<meta property=\"og:image:secure_url\" content=\"https:\/\/scontent-gig4-1.xx.fbcdn.net\/v\/t39.30808-1\/270437624_4564083193639691_6907940295614233970_n.jpg?stp=dst-jpg_s200x200_tt6&#038;_nc_cat=111&#038;ccb=1-7&#038;_nc_sid=f907e8&#038;_nc_ohc=SM1wRlP3lJwQ7kNvwEPuBYA&#038;_nc_oc=AdnqrjDN_BNjSSHWO-GbkIWH6fkGMLw4bqvL_NH6e2wMveX7G-rP2dAqsDSq1mJMOaY&#038;_nc_zt=24&#038;_nc_ht=scontent-gig4-1.xx&#038;_nc_gid=AoBFJeGrT1hVaew_6rchkQ&#038;oh=00_AfX7QmFGhQhG2jAllVgXCiM1ZrWgvtp80-Bfppyexh1QEg&#038;oe=689E923C\" \/>\n\t\t<meta property=\"article:published_time\" content=\"2016-01-20T10:00:46+00:00\" \/>\n\t\t<meta property=\"article:modified_time\" content=\"2016-01-19T18:09:24+00:00\" \/>\n\t\t<meta name=\"twitter:card\" content=\"summary_large_image\" \/>\n\t\t<meta name=\"twitter:title\" content=\"Prefeito de Vieiras, Waldinei Chicareli, \u00e9 o novo presidente da AMERP - A Not\u00edcia Online\" \/>\n\t\t<meta name=\"twitter:description\" content=\"O prefeito de Vieiras, Waldinei Chicareli (Nei), foi eleito por aclama\u00e7\u00e3o presidente da Associa\u00e7\u00e3o dos Munic\u00edpios da Microrregi\u00e3o do M\u00e9dio Rio Pomba (AMERP). Nei, que ocupar\u00e1 o cargo durante este ano, substitui Pablo Em\u00edlio Campos Corr\u00eaa, prefeito de Patroc\u00ednio do Muria\u00e9. A assembleia que definiu e deu posse \u00e0 nova diretoria para este ano aconteceu\" \/>\n\t\t<meta name=\"twitter:image\" content=\"https:\/\/scontent-gig4-1.xx.fbcdn.net\/v\/t39.30808-1\/270437624_4564083193639691_6907940295614233970_n.jpg?stp=dst-jpg_s200x200_tt6&amp;_nc_cat=111&amp;ccb=1-7&amp;_nc_sid=f907e8&amp;_nc_ohc=SM1wRlP3lJwQ7kNvwEPuBYA&amp;_nc_oc=AdnqrjDN_BNjSSHWO-GbkIWH6fkGMLw4bqvL_NH6e2wMveX7G-rP2dAqsDSq1mJMOaY&amp;_nc_zt=24&amp;_nc_ht=scontent-gig4-1.xx&amp;_nc_gid=AoBFJeGrT1hVaew_6rchkQ&amp;oh=00_AfX7QmFGhQhG2jAllVgXCiM1ZrWgvtp80-Bfppyexh1QEg&amp;oe=689E923C\" \/>\n\t\t<script type=\"application\/ld+json\" class=\"aioseo-schema\">\n\t\t\t{\"@context\":\"https:\\\/\\\/schema.org\",\"@graph\":[{\"@type\":\"BlogPosting\",\"@id\":\"https:\\\/\\\/anoticiaonline.com.br\\\/site\\\/prefeito-de-vieiras-waldinei-chicareli-e-o-novo-presidente-da-amerp\\\/#blogposting\",\"name\":\"Prefeito de Vieiras, Waldinei Chicareli, \\u00e9 o novo presidente da AMERP - A Not\\u00edcia Online\",\"headline\":\"Prefeito de Vieiras, Waldinei Chicareli, \\u00e9 o novo presidente da AMERP\",\"author\":{\"@id\":\"https:\\\/\\\/anoticiaonline.com.br\\\/site\\\/author\\\/juliana\\\/#author\"},\"publisher\":{\"@id\":\"https:\\\/\\\/anoticiaonline.com.br\\\/site\\\/#organization\"},\"image\":{\"@type\":\"ImageObject\",\"url\":\"https:\\\/\\\/anoticiaonline.com.br\\\/site\\\/wp-content\\\/uploads\\\/2016\\\/01\\\/nei.jpg\",\"width\":600,\"height\":519,\"caption\":\"Waldinei Chicareli, prefeito de Vieiras (Foto: Arquivo A NOT\\u00cdCIA)\"},\"datePublished\":\"2016-01-20T07:00:46-03:00\",\"dateModified\":\"2016-01-19T15:09:24-03:00\",\"inLanguage\":\"pt-BR\",\"mainEntityOfPage\":{\"@id\":\"https:\\\/\\\/anoticiaonline.com.br\\\/site\\\/prefeito-de-vieiras-waldinei-chicareli-e-o-novo-presidente-da-amerp\\\/#webpage\"},\"isPartOf\":{\"@id\":\"https:\\\/\\\/anoticiaonline.com.br\\\/site\\\/prefeito-de-vieiras-waldinei-chicareli-e-o-novo-presidente-da-amerp\\\/#webpage\"},\"articleSection\":\"Regi\\u00e3o, slide\"},{\"@type\":\"BreadcrumbList\",\"@id\":\"https:\\\/\\\/anoticiaonline.com.br\\\/site\\\/prefeito-de-vieiras-waldinei-chicareli-e-o-novo-presidente-da-amerp\\\/#breadcrumblist\",\"itemListElement\":[{\"@type\":\"ListItem\",\"@id\":\"https:\\\/\\\/anoticiaonline.com.br\\\/site#listItem\",\"position\":1,\"name\":\"Home\",\"item\":\"https:\\\/\\\/anoticiaonline.com.br\\\/site\",\"nextItem\":{\"@type\":\"ListItem\",\"@id\":\"https:\\\/\\\/anoticiaonline.com.br\\\/site\\\/categoria\\\/regiao\\\/#listItem\",\"name\":\"Regi\\u00e3o\"}},{\"@type\":\"ListItem\",\"@id\":\"https:\\\/\\\/anoticiaonline.com.br\\\/site\\\/categoria\\\/regiao\\\/#listItem\",\"position\":2,\"name\":\"Regi\\u00e3o\",\"item\":\"https:\\\/\\\/anoticiaonline.com.br\\\/site\\\/categoria\\\/regiao\\\/\",\"nextItem\":{\"@type\":\"ListItem\",\"@id\":\"https:\\\/\\\/anoticiaonline.com.br\\\/site\\\/prefeito-de-vieiras-waldinei-chicareli-e-o-novo-presidente-da-amerp\\\/#listItem\",\"name\":\"Prefeito de Vieiras, Waldinei Chicareli, \\u00e9 o novo presidente da AMERP\"},\"previousItem\":{\"@type\":\"ListItem\",\"@id\":\"https:\\\/\\\/anoticiaonline.com.br\\\/site#listItem\",\"name\":\"Home\"}},{\"@type\":\"ListItem\",\"@id\":\"https:\\\/\\\/anoticiaonline.com.br\\\/site\\\/prefeito-de-vieiras-waldinei-chicareli-e-o-novo-presidente-da-amerp\\\/#listItem\",\"position\":3,\"name\":\"Prefeito de Vieiras, Waldinei Chicareli, \\u00e9 o novo presidente da AMERP\",\"previousItem\":{\"@type\":\"ListItem\",\"@id\":\"https:\\\/\\\/anoticiaonline.com.br\\\/site\\\/categoria\\\/regiao\\\/#listItem\",\"name\":\"Regi\\u00e3o\"}}]},{\"@type\":\"Organization\",\"@id\":\"https:\\\/\\\/anoticiaonline.com.br\\\/site\\\/#organization\",\"name\":\"A Not\\u00edcia Online\",\"description\":\"Noticias de Muria\\u00e9 e regi\\u00e3o\",\"url\":\"https:\\\/\\\/anoticiaonline.com.br\\\/site\\\/\",\"logo\":{\"@type\":\"ImageObject\",\"url\":\"https:\\\/\\\/scontent-gig4-1.xx.fbcdn.net\\\/v\\\/t39.30808-1\\\/270437624_4564083193639691_6907940295614233970_n.jpg?stp=dst-jpg_s200x200_tt6&_nc_cat=111&ccb=1-7&_nc_sid=f907e8&_nc_ohc=SM1wRlP3lJwQ7kNvwEPuBYA&_nc_oc=AdnqrjDN_BNjSSHWO-GbkIWH6fkGMLw4bqvL_NH6e2wMveX7G-rP2dAqsDSq1mJMOaY&_nc_zt=24&_nc_ht=scontent-gig4-1.xx&_nc_gid=AoBFJeGrT1hVaew_6rchkQ&oh=00_AfX7QmFGhQhG2jAllVgXCiM1ZrWgvtp80-Bfppyexh1QEg&oe=689E923C\",\"@id\":\"https:\\\/\\\/anoticiaonline.com.br\\\/site\\\/prefeito-de-vieiras-waldinei-chicareli-e-o-novo-presidente-da-amerp\\\/#organizationLogo\"},\"image\":{\"@id\":\"https:\\\/\\\/anoticiaonline.com.br\\\/site\\\/prefeito-de-vieiras-waldinei-chicareli-e-o-novo-presidente-da-amerp\\\/#organizationLogo\"}},{\"@type\":\"Person\",\"@id\":\"https:\\\/\\\/anoticiaonline.com.br\\\/site\\\/author\\\/juliana\\\/#author\",\"url\":\"https:\\\/\\\/anoticiaonline.com.br\\\/site\\\/author\\\/juliana\\\/\",\"name\":\"Juliana Laviola\",\"image\":{\"@type\":\"ImageObject\",\"@id\":\"https:\\\/\\\/anoticiaonline.com.br\\\/site\\\/prefeito-de-vieiras-waldinei-chicareli-e-o-novo-presidente-da-amerp\\\/#authorImage\",\"url\":\"https:\\\/\\\/secure.gravatar.com\\\/avatar\\\/b8d45f5c699b100dfaf0e543582f38f38bf94cb7ae3a5e9abf8d891a34773335?s=96&d=mm&r=g\",\"width\":96,\"height\":96,\"caption\":\"Juliana Laviola\"}},{\"@type\":\"WebPage\",\"@id\":\"https:\\\/\\\/anoticiaonline.com.br\\\/site\\\/prefeito-de-vieiras-waldinei-chicareli-e-o-novo-presidente-da-amerp\\\/#webpage\",\"url\":\"https:\\\/\\\/anoticiaonline.com.br\\\/site\\\/prefeito-de-vieiras-waldinei-chicareli-e-o-novo-presidente-da-amerp\\\/\",\"name\":\"Prefeito de Vieiras, Waldinei Chicareli, \\u00e9 o novo presidente da AMERP - A Not\\u00edcia Online\",\"description\":\"O prefeito de Vieiras, Waldinei Chicareli (Nei), foi eleito por aclama\\u00e7\\u00e3o presidente da Associa\\u00e7\\u00e3o dos Munic\\u00edpios da Microrregi\\u00e3o do M\\u00e9dio Rio Pomba (AMERP). Nei, que ocupar\\u00e1 o cargo durante este ano, substitui Pablo Em\\u00edlio Campos Corr\\u00eaa, prefeito de Patroc\\u00ednio do Muria\\u00e9. A assembleia que definiu e deu posse \\u00e0 nova diretoria para este ano aconteceu\",\"inLanguage\":\"pt-BR\",\"isPartOf\":{\"@id\":\"https:\\\/\\\/anoticiaonline.com.br\\\/site\\\/#website\"},\"breadcrumb\":{\"@id\":\"https:\\\/\\\/anoticiaonline.com.br\\\/site\\\/prefeito-de-vieiras-waldinei-chicareli-e-o-novo-presidente-da-amerp\\\/#breadcrumblist\"},\"author\":{\"@id\":\"https:\\\/\\\/anoticiaonline.com.br\\\/site\\\/author\\\/juliana\\\/#author\"},\"creator\":{\"@id\":\"https:\\\/\\\/anoticiaonline.com.br\\\/site\\\/author\\\/juliana\\\/#author\"},\"image\":{\"@type\":\"ImageObject\",\"url\":\"https:\\\/\\\/anoticiaonline.com.br\\\/site\\\/wp-content\\\/uploads\\\/2016\\\/01\\\/nei.jpg\",\"@id\":\"https:\\\/\\\/anoticiaonline.com.br\\\/site\\\/prefeito-de-vieiras-waldinei-chicareli-e-o-novo-presidente-da-amerp\\\/#mainImage\",\"width\":600,\"height\":519,\"caption\":\"Waldinei Chicareli, prefeito de Vieiras (Foto: Arquivo A NOT\\u00cdCIA)\"},\"primaryImageOfPage\":{\"@id\":\"https:\\\/\\\/anoticiaonline.com.br\\\/site\\\/prefeito-de-vieiras-waldinei-chicareli-e-o-novo-presidente-da-amerp\\\/#mainImage\"},\"datePublished\":\"2016-01-20T07:00:46-03:00\",\"dateModified\":\"2016-01-19T15:09:24-03:00\"},{\"@type\":\"WebSite\",\"@id\":\"https:\\\/\\\/anoticiaonline.com.br\\\/site\\\/#website\",\"url\":\"https:\\\/\\\/anoticiaonline.com.br\\\/site\\\/\",\"name\":\"A Not\\u00edcia Online\",\"description\":\"Noticias de Muria\\u00e9 e regi\\u00e3o\",\"inLanguage\":\"pt-BR\",\"publisher\":{\"@id\":\"https:\\\/\\\/anoticiaonline.com.br\\\/site\\\/#organization\"}}]}\n\t\t<\/script>\n\t\t<!-- All in One SEO -->\n\n","aioseo_head_json":{"title":"Prefeito de Vieiras, Waldinei Chicareli, \u00e9 o novo presidente da AMERP - A Not\u00edcia Online","description":"O prefeito de Vieiras, Waldinei Chicareli (Nei), foi eleito por aclama\u00e7\u00e3o presidente da Associa\u00e7\u00e3o dos Munic\u00edpios da Microrregi\u00e3o do M\u00e9dio Rio Pomba (AMERP). Nei, que ocupar\u00e1 o cargo durante este ano, substitui Pablo Em\u00edlio Campos Corr\u00eaa, prefeito de Patroc\u00ednio do Muria\u00e9. A assembleia que definiu e deu posse \u00e0 nova diretoria para este ano aconteceu","canonical_url":"https:\/\/anoticiaonline.com.br\/site\/prefeito-de-vieiras-waldinei-chicareli-e-o-novo-presidente-da-amerp\/","robots":"max-image-preview:large","keywords":"","webmasterTools":{"miscellaneous":""},"schema":{"@context":"https:\/\/schema.org","@graph":[{"@type":"BlogPosting","@id":"https:\/\/anoticiaonline.com.br\/site\/prefeito-de-vieiras-waldinei-chicareli-e-o-novo-presidente-da-amerp\/#blogposting","name":"Prefeito de Vieiras, Waldinei Chicareli, \u00e9 o novo presidente da AMERP - A Not\u00edcia Online","headline":"Prefeito de Vieiras, Waldinei Chicareli, \u00e9 o novo presidente da AMERP","author":{"@id":"https:\/\/anoticiaonline.com.br\/site\/author\/juliana\/#author"},"publisher":{"@id":"https:\/\/anoticiaonline.com.br\/site\/#organization"},"image":{"@type":"ImageObject","url":"https:\/\/anoticiaonline.com.br\/site\/wp-content\/uploads\/2016\/01\/nei.jpg","width":600,"height":519,"caption":"Waldinei Chicareli, prefeito de Vieiras (Foto: Arquivo A NOT\u00cdCIA)"},"datePublished":"2016-01-20T07:00:46-03:00","dateModified":"2016-01-19T15:09:24-03:00","inLanguage":"pt-BR","mainEntityOfPage":{"@id":"https:\/\/anoticiaonline.com.br\/site\/prefeito-de-vieiras-waldinei-chicareli-e-o-novo-presidente-da-amerp\/#webpage"},"isPartOf":{"@id":"https:\/\/anoticiaonline.com.br\/site\/prefeito-de-vieiras-waldinei-chicareli-e-o-novo-presidente-da-amerp\/#webpage"},"articleSection":"Regi\u00e3o, slide"},{"@type":"BreadcrumbList","@id":"https:\/\/anoticiaonline.com.br\/site\/prefeito-de-vieiras-waldinei-chicareli-e-o-novo-presidente-da-amerp\/#breadcrumblist","itemListElement":[{"@type":"ListItem","@id":"https:\/\/anoticiaonline.com.br\/site#listItem","position":1,"name":"Home","item":"https:\/\/anoticiaonline.com.br\/site","nextItem":{"@type":"ListItem","@id":"https:\/\/anoticiaonline.com.br\/site\/categoria\/regiao\/#listItem","name":"Regi\u00e3o"}},{"@type":"ListItem","@id":"https:\/\/anoticiaonline.com.br\/site\/categoria\/regiao\/#listItem","position":2,"name":"Regi\u00e3o","item":"https:\/\/anoticiaonline.com.br\/site\/categoria\/regiao\/","nextItem":{"@type":"ListItem","@id":"https:\/\/anoticiaonline.com.br\/site\/prefeito-de-vieiras-waldinei-chicareli-e-o-novo-presidente-da-amerp\/#listItem","name":"Prefeito de Vieiras, Waldinei Chicareli, \u00e9 o novo presidente da AMERP"},"previousItem":{"@type":"ListItem","@id":"https:\/\/anoticiaonline.com.br\/site#listItem","name":"Home"}},{"@type":"ListItem","@id":"https:\/\/anoticiaonline.com.br\/site\/prefeito-de-vieiras-waldinei-chicareli-e-o-novo-presidente-da-amerp\/#listItem","position":3,"name":"Prefeito de Vieiras, Waldinei Chicareli, \u00e9 o novo presidente da AMERP","previousItem":{"@type":"ListItem","@id":"https:\/\/anoticiaonline.com.br\/site\/categoria\/regiao\/#listItem","name":"Regi\u00e3o"}}]},{"@type":"Organization","@id":"https:\/\/anoticiaonline.com.br\/site\/#organization","name":"A Not\u00edcia Online","description":"Noticias de Muria\u00e9 e regi\u00e3o","url":"https:\/\/anoticiaonline.com.br\/site\/","logo":{"@type":"ImageObject","url":"https:\/\/scontent-gig4-1.xx.fbcdn.net\/v\/t39.30808-1\/270437624_4564083193639691_6907940295614233970_n.jpg?stp=dst-jpg_s200x200_tt6&_nc_cat=111&ccb=1-7&_nc_sid=f907e8&_nc_ohc=SM1wRlP3lJwQ7kNvwEPuBYA&_nc_oc=AdnqrjDN_BNjSSHWO-GbkIWH6fkGMLw4bqvL_NH6e2wMveX7G-rP2dAqsDSq1mJMOaY&_nc_zt=24&_nc_ht=scontent-gig4-1.xx&_nc_gid=AoBFJeGrT1hVaew_6rchkQ&oh=00_AfX7QmFGhQhG2jAllVgXCiM1ZrWgvtp80-Bfppyexh1QEg&oe=689E923C","@id":"https:\/\/anoticiaonline.com.br\/site\/prefeito-de-vieiras-waldinei-chicareli-e-o-novo-presidente-da-amerp\/#organizationLogo"},"image":{"@id":"https:\/\/anoticiaonline.com.br\/site\/prefeito-de-vieiras-waldinei-chicareli-e-o-novo-presidente-da-amerp\/#organizationLogo"}},{"@type":"Person","@id":"https:\/\/anoticiaonline.com.br\/site\/author\/juliana\/#author","url":"https:\/\/anoticiaonline.com.br\/site\/author\/juliana\/","name":"Juliana Laviola","image":{"@type":"ImageObject","@id":"https:\/\/anoticiaonline.com.br\/site\/prefeito-de-vieiras-waldinei-chicareli-e-o-novo-presidente-da-amerp\/#authorImage","url":"https:\/\/secure.gravatar.com\/avatar\/b8d45f5c699b100dfaf0e543582f38f38bf94cb7ae3a5e9abf8d891a34773335?s=96&d=mm&r=g","width":96,"height":96,"caption":"Juliana Laviola"}},{"@type":"WebPage","@id":"https:\/\/anoticiaonline.com.br\/site\/prefeito-de-vieiras-waldinei-chicareli-e-o-novo-presidente-da-amerp\/#webpage","url":"https:\/\/anoticiaonline.com.br\/site\/prefeito-de-vieiras-waldinei-chicareli-e-o-novo-presidente-da-amerp\/","name":"Prefeito de Vieiras, Waldinei Chicareli, \u00e9 o novo presidente da AMERP - A Not\u00edcia Online","description":"O prefeito de Vieiras, Waldinei Chicareli (Nei), foi eleito por aclama\u00e7\u00e3o presidente da Associa\u00e7\u00e3o dos Munic\u00edpios da Microrregi\u00e3o do M\u00e9dio Rio Pomba (AMERP). Nei, que ocupar\u00e1 o cargo durante este ano, substitui Pablo Em\u00edlio Campos Corr\u00eaa, prefeito de Patroc\u00ednio do Muria\u00e9. A assembleia que definiu e deu posse \u00e0 nova diretoria para este ano aconteceu","inLanguage":"pt-BR","isPartOf":{"@id":"https:\/\/anoticiaonline.com.br\/site\/#website"},"breadcrumb":{"@id":"https:\/\/anoticiaonline.com.br\/site\/prefeito-de-vieiras-waldinei-chicareli-e-o-novo-presidente-da-amerp\/#breadcrumblist"},"author":{"@id":"https:\/\/anoticiaonline.com.br\/site\/author\/juliana\/#author"},"creator":{"@id":"https:\/\/anoticiaonline.com.br\/site\/author\/juliana\/#author"},"image":{"@type":"ImageObject","url":"https:\/\/anoticiaonline.com.br\/site\/wp-content\/uploads\/2016\/01\/nei.jpg","@id":"https:\/\/anoticiaonline.com.br\/site\/prefeito-de-vieiras-waldinei-chicareli-e-o-novo-presidente-da-amerp\/#mainImage","width":600,"height":519,"caption":"Waldinei Chicareli, prefeito de Vieiras (Foto: Arquivo A NOT\u00cdCIA)"},"primaryImageOfPage":{"@id":"https:\/\/anoticiaonline.com.br\/site\/prefeito-de-vieiras-waldinei-chicareli-e-o-novo-presidente-da-amerp\/#mainImage"},"datePublished":"2016-01-20T07:00:46-03:00","dateModified":"2016-01-19T15:09:24-03:00"},{"@type":"WebSite","@id":"https:\/\/anoticiaonline.com.br\/site\/#website","url":"https:\/\/anoticiaonline.com.br\/site\/","name":"A Not\u00edcia Online","description":"Noticias de Muria\u00e9 e regi\u00e3o","inLanguage":"pt-BR","publisher":{"@id":"https:\/\/anoticiaonline.com.br\/site\/#organization"}}]},"og:locale":"pt_BR","og:site_name":"A Not\u00edcia Online - Noticias de Muria\u00e9 e regi\u00e3o","og:type":"article","og:title":"Prefeito de Vieiras, Waldinei Chicareli, \u00e9 o novo presidente da AMERP - A Not\u00edcia Online","og:description":"O prefeito de Vieiras, Waldinei Chicareli (Nei), foi eleito por aclama\u00e7\u00e3o presidente da Associa\u00e7\u00e3o dos Munic\u00edpios da Microrregi\u00e3o do M\u00e9dio Rio Pomba (AMERP). Nei, que ocupar\u00e1 o cargo durante este ano, substitui Pablo Em\u00edlio Campos Corr\u00eaa, prefeito de Patroc\u00ednio do Muria\u00e9. A assembleia que definiu e deu posse \u00e0 nova diretoria para este ano aconteceu","og:url":"https:\/\/anoticiaonline.com.br\/site\/prefeito-de-vieiras-waldinei-chicareli-e-o-novo-presidente-da-amerp\/","og:image":"https:\/\/scontent-gig4-1.xx.fbcdn.net\/v\/t39.30808-1\/270437624_4564083193639691_6907940295614233970_n.jpg?stp=dst-jpg_s200x200_tt6&#038;_nc_cat=111&#038;ccb=1-7&#038;_nc_sid=f907e8&#038;_nc_ohc=SM1wRlP3lJwQ7kNvwEPuBYA&#038;_nc_oc=AdnqrjDN_BNjSSHWO-GbkIWH6fkGMLw4bqvL_NH6e2wMveX7G-rP2dAqsDSq1mJMOaY&#038;_nc_zt=24&#038;_nc_ht=scontent-gig4-1.xx&#038;_nc_gid=AoBFJeGrT1hVaew_6rchkQ&#038;oh=00_AfX7QmFGhQhG2jAllVgXCiM1ZrWgvtp80-Bfppyexh1QEg&#038;oe=689E923C","og:image:secure_url":"https:\/\/scontent-gig4-1.xx.fbcdn.net\/v\/t39.30808-1\/270437624_4564083193639691_6907940295614233970_n.jpg?stp=dst-jpg_s200x200_tt6&#038;_nc_cat=111&#038;ccb=1-7&#038;_nc_sid=f907e8&#038;_nc_ohc=SM1wRlP3lJwQ7kNvwEPuBYA&#038;_nc_oc=AdnqrjDN_BNjSSHWO-GbkIWH6fkGMLw4bqvL_NH6e2wMveX7G-rP2dAqsDSq1mJMOaY&#038;_nc_zt=24&#038;_nc_ht=scontent-gig4-1.xx&#038;_nc_gid=AoBFJeGrT1hVaew_6rchkQ&#038;oh=00_AfX7QmFGhQhG2jAllVgXCiM1ZrWgvtp80-Bfppyexh1QEg&#038;oe=689E923C","article:published_time":"2016-01-20T10:00:46+00:00","article:modified_time":"2016-01-19T18:09:24+00:00","twitter:card":"summary_large_image","twitter:title":"Prefeito de Vieiras, Waldinei Chicareli, \u00e9 o novo presidente da AMERP - A Not\u00edcia Online","twitter:description":"O prefeito de Vieiras, Waldinei Chicareli (Nei), foi eleito por aclama\u00e7\u00e3o presidente da Associa\u00e7\u00e3o dos Munic\u00edpios da Microrregi\u00e3o do M\u00e9dio Rio Pomba (AMERP). Nei, que ocupar\u00e1 o cargo durante este ano, substitui Pablo Em\u00edlio Campos Corr\u00eaa, prefeito de Patroc\u00ednio do Muria\u00e9. A assembleia que definiu e deu posse \u00e0 nova diretoria para este ano aconteceu","twitter:image":"https:\/\/scontent-gig4-1.xx.fbcdn.net\/v\/t39.30808-1\/270437624_4564083193639691_6907940295614233970_n.jpg?stp=dst-jpg_s200x200_tt6&_nc_cat=111&ccb=1-7&_nc_sid=f907e8&_nc_ohc=SM1wRlP3lJwQ7kNvwEPuBYA&_nc_oc=AdnqrjDN_BNjSSHWO-GbkIWH6fkGMLw4bqvL_NH6e2wMveX7G-rP2dAqsDSq1mJMOaY&_nc_zt=24&_nc_ht=scontent-gig4-1.xx&_nc_gid=AoBFJeGrT1hVaew_6rchkQ&oh=00_AfX7QmFGhQhG2jAllVgXCiM1ZrWgvtp80-Bfppyexh1QEg&oe=689E923C"},"aioseo_meta_data":{"post_id":"8875","title":null,"description":null,"keywords":null,"keyphrases":null,"primary_term":null,"canonical_url":null,"og_title":null,"og_description":null,"og_object_type":"default","og_image_type":"default","og_image_url":null,"og_image_width":null,"og_image_height":null,"og_image_custom_url":null,"og_image_custom_fields":null,"og_video":null,"og_custom_url":null,"og_article_section":null,"og_article_tags":null,"twitter_use_og":false,"twitter_card":"default","twitter_image_type":"default","twitter_image_url":null,"twitter_image_custom_url":null,"twitter_image_custom_fields":null,"twitter_title":null,"twitter_description":null,"schema":{"blockGraphs":[],"customGraphs":[],"default":{"data":{"Article":[],"Course":[],"Dataset":[],"FAQPage":[],"Movie":[],"Person":[],"Product":[],"ProductReview":[],"Car":[],"Recipe":[],"Service":[],"SoftwareApplication":[],"WebPage":[]},"graphName":"","isEnabled":true},"graphs":[]},"schema_type":"default","schema_type_options":null,"pillar_content":false,"robots_default":true,"robots_noindex":false,"robots_noarchive":false,"robots_nosnippet":false,"robots_nofollow":false,"robots_noimageindex":false,"robots_noodp":false,"robots_notranslate":false,"robots_max_snippet":null,"robots_max_videopreview":null,"robots_max_imagepreview":"large","priority":null,"frequency":null,"local_seo":null,"breadcrumb_settings":null,"limit_modified_date":false,"ai":null,"created":"2025-08-16 14:49:22","updated":"2025-08-16 14:49:22","focus_keyword":null,"additional_keywords":null,"truseo_locale":null,"seo_analyzer_scan_date":null},"aioseo_breadcrumb":"<div class=\"aioseo-breadcrumbs\"><span class=\"aioseo-breadcrumb\">\n\t\t\t<a href=\"https:\/\/anoticiaonline.com.br\/site\" title=\"Home\">Home<\/a>\n\t\t<\/span><span class=\"aioseo-breadcrumb-separator\">&raquo;<\/span><span class=\"aioseo-breadcrumb\">\n\t\t\t<a href=\"https:\/\/anoticiaonline.com.br\/site\/categoria\/regiao\/\" title=\"Regi\u00e3o\">Regi\u00e3o<\/a>\n\t\t<\/span><span class=\"aioseo-breadcrumb-separator\">&raquo;<\/span><span class=\"aioseo-breadcrumb\">\n\t\t\tPrefeito de Vieiras, Waldinei Chicareli, \u00e9 o novo presidente da AMERP\n\t\t<\/span><\/div>","aioseo_breadcrumb_json":[{"label":"Home","link":"https:\/\/anoticiaonline.com.br\/site"},{"label":"Regi\u00e3o","link":"https:\/\/anoticiaonline.com.br\/site\/categoria\/regiao\/"},{"label":"Prefeito de Vieiras, Waldinei Chicareli, \u00e9 o novo presidente da AMERP","link":"https:\/\/anoticiaonline.com.br\/site\/prefeito-de-vieiras-waldinei-chicareli-e-o-novo-presidente-da-amerp\/"}],"views":149,"_links":{"self":[{"href":"https:\/\/anoticiaonline.com.br\/site\/wp-json\/wp\/v2\/posts\/8875","targetHints":{"allow":["GET"]}}],"collection":[{"href":"https:\/\/anoticiaonline.com.br\/site\/wp-json\/wp\/v2\/posts"}],"about":[{"href":"https:\/\/anoticiaonline.com.br\/site\/wp-json\/wp\/v2\/types\/post"}],"author":[{"embeddable":true,"href":"https:\/\/anoticiaonline.com.br\/site\/wp-json\/wp\/v2\/users\/2"}],"replies":[{"embeddable":true,"href":"https:\/\/anoticiaonline.com.br\/site\/wp-json\/wp\/v2\/comments?post=8875"}],"version-history":[{"count":0,"href":"https:\/\/anoticiaonline.com.br\/site\/wp-json\/wp\/v2\/posts\/8875\/revisions"}],"wp:featuredmedia":[{"embeddable":true,"href":"https:\/\/anoticiaonline.com.br\/site\/wp-json\/wp\/v2\/media\/8889"}],"wp:attachment":[{"href":"https:\/\/anoticiaonline.com.br\/site\/wp-json\/wp\/v2\/media?parent=8875"}],"wp:term":[{"taxonomy":"category","embeddable":true,"href":"https:\/\/anoticiaonline.com.br\/site\/wp-json\/wp\/v2\/categories?post=8875"},{"taxonomy":"post_tag","embeddable":true,"href":"https:\/\/anoticiaonline.com.br\/site\/wp-json\/wp\/v2\/tags?post=8875"}],"curies":[{"name":"wp","href":"https:\/\/api.w.org\/{rel}","templated":true}]}}