{"id":8870,"date":"2016-01-19T13:29:06","date_gmt":"2016-01-19T16:29:06","guid":{"rendered":"http:\/\/anoticiaonline.com.br\/site\/?p=8870"},"modified":"2016-01-19T13:52:08","modified_gmt":"2016-01-19T16:52:08","slug":"prefeito-de-leopoldina-cancela-carnaval-para-investir-em-saude","status":"publish","type":"post","link":"https:\/\/anoticiaonline.com.br\/site\/prefeito-de-leopoldina-cancela-carnaval-para-investir-em-saude\/","title":{"rendered":"Prefeituras da regi\u00e3o cancelam carnaval para economizar e investir em obras"},"content":{"rendered":"<figure id=\"attachment_8871\" aria-describedby=\"caption-attachment-8871\" style=\"width: 290px\" class=\"wp-caption alignleft\"><a href=\"https:\/\/anoticiaonline.com.br\/site\/wp-content\/uploads\/2016\/01\/20160117225515_957.jpg\"><img decoding=\"async\" class=\"wp-image-8871 size-medium\" src=\"https:\/\/anoticiaonline.com.br\/site\/wp-content\/uploads\/2016\/01\/20160117225515_957-300x165.jpg\" alt=\"20160117225515_957\" width=\"300\" height=\"165\" srcset=\"https:\/\/anoticiaonline.com.br\/site\/wp-content\/uploads\/2016\/01\/20160117225515_957-300x165.jpg 300w, https:\/\/anoticiaonline.com.br\/site\/wp-content\/uploads\/2016\/01\/20160117225515_957.jpg 640w\" sizes=\"(max-width: 300px) 100vw, 300px\" \/><\/a><figcaption id=\"caption-attachment-8871\" class=\"wp-caption-text\">Em Leopoldina, o carnaval foi trocado pela conclus\u00e3o de duas Unidades B\u00e1sicas de Sa\u00fade (Foto: O Vigilante Online)<\/figcaption><\/figure>\n<p>Pelo menos duas cidades da regi\u00e3o trocaram o carnaval pela conclus\u00e3o de obras, gera\u00e7\u00e3o de economia e aquisi\u00e7\u00e3o de ve\u00edculos. Em Leopoldina, preferiu-se a conclus\u00e3o de duas Unidades B\u00e1sicas de Sa\u00fade (UBS\u2019s) \u00e0 realiza\u00e7\u00e3o da folia. J\u00e1 em Vi\u00e7osa, o \u201cCarnaVi\u00e7osa\u201d foi cancelado para economizar verba e, com o dinheiro, comprar ve\u00edculos.<\/p>\n<p>O prefeito de Leopoldina, Jos\u00e9 Roberto de Oliveira, explicou que a administra\u00e7\u00e3o municipal apoiar\u00e1 algumas iniciativas populares em bairros e distritos, mas n\u00e3o patrocinar\u00e1 este ano o desfile oficial de blocos e escolas de samba e nem realizar\u00e1 os bailes populares no Centro da cidade, o que gerar\u00e1 uma economia em sonoriza\u00e7\u00e3o, palco, luz, m\u00fasicos e\/ou DJ\u2019s.<\/p>\n<p>Apesar das finan\u00e7as do munic\u00edpio estarem equilibradas, mantendo o pagamento dos servidores e fornecedores em dia, conforme declarou o prefeito Jos\u00e9 Roberto, optou-se por n\u00e3o investir no carnaval ap\u00f3s constatar uma redu\u00e7\u00e3o de R$ 1,5 milh\u00e3o na arrecada\u00e7\u00e3o nesse m\u00eas em rela\u00e7\u00e3o ao mesmo per\u00edodo do ano passado, o que poderia gerar risco de paralisa\u00e7\u00e3o de alguma obra.<\/p>\n<p>O prefeito ainda citou que a verba que seria gasta no carnaval de rua ser\u00e1 investida na conclus\u00e3o da obra da Unidade B\u00e1sica de Sa\u00fade (UBS) dos bairros Nova Leopoldina e Cidade Alta.<\/p>\n<p>Em Vi\u00e7osa, a prefeitura, por meio da secretarias de Governo e Cultura, informou que considerou prudente n\u00e3o realizar este ano a festa oficial de carnaval principalmente em fun\u00e7\u00e3o da queda de arrecada\u00e7\u00e3o de repasses de recursos federais e estaduais, e em consequ\u00eancia, a possibilidade de um or\u00e7amento mais restrito para as atividades essenciais dos principais servi\u00e7os \u00e0 popula\u00e7\u00e3o.<\/p>\n<p>O Executivo, ap\u00f3s uma avalia\u00e7\u00e3o em rela\u00e7\u00e3o aos custos do evento, que previa a contrata\u00e7\u00e3o de bandas de renome nacional, sonoriza\u00e7\u00e3o, palco, equipes de apoio e seguran\u00e7a, brigadistas, banheiros qu\u00edmicos e demais estruturas no valor estimado em R$ 297.800,00, decidiu direcionar esses recursos essencialmente para a aquisi\u00e7\u00e3o de um ve\u00edculo modelo van adaptado para transporte de alunos com necessidades especiais no transporte escolar do munic\u00edpio e para a aquisi\u00e7\u00e3o de m\u00e1quinas, equipamentos, ferramentas e ve\u00edculos para a Secretaria de Obras.<\/p>\n<p>A decis\u00e3o foi tomada nesta segunda-feira (18), ap\u00f3s reuni\u00e3o do prefeito \u00c2ngelo Chequer com o secret\u00e1rio de Governo, Luciano Piovesan Leme. Embora cancelada a festa oficial, o Executivo ressalta que manter\u00e1 o apoio \u00e0s comunidades que promoverem reuni\u00f5es dos tradicionais blocos carnavalescos em seus bairros, assim como o tradicional evento religioso Seara, que acontece h\u00e1 28 anos na cidade. Para tratar detalhes sobre o apoio aos blocos, a administra\u00e7\u00e3o se reunir\u00e1 com todos os representantes dos mesmos na pr\u00f3xima segunda-feira (25), \u00e0s 19 horas, no Espa\u00e7o Cultural Herv\u00e9 Cordovil, na antiga esta\u00e7\u00e3o ferrovi\u00e1ria.<\/p>\n<p>&nbsp;<\/p>\n<p>&nbsp;<\/p>\n<p>&nbsp;<\/p>\n<p>&nbsp;<\/p>\n<p>&nbsp;<\/p>\n<p>&nbsp;<\/p>\n<p>&nbsp;<\/p>\n<p>&nbsp;<\/p>\n<p>&nbsp;<br \/>\nO prefeito de Leopoldina, Jos\u00e9 Roberto de Oliveira, explicou que a administra\u00e7\u00e3o municipal apoiar\u00e1 algumas iniciativas populares em bairros e distritos, mas n\u00e3o patrocinar\u00e1 este ano o desfile oficial de blocos e escolas de samba e nem realizar\u00e1 os bailes populares no Centro da cidade, o que gerar\u00e1 uma economia em sonoriza\u00e7\u00e3o, palco, luz, m\u00fasicos e\/ou DJ\u2019s.<\/p>\n<p>Apesar das finan\u00e7as do munic\u00edpio estarem equilibradas, mantendo o pagamento dos servidores e fornecedores em dia, conforme declarou o prefeito Jos\u00e9 Roberto, optou-se por n\u00e3o investir no carnaval ap\u00f3s constatar uma redu\u00e7\u00e3o de R$ 1,5 milh\u00e3o na arrecada\u00e7\u00e3o nesse m\u00eas em rela\u00e7\u00e3o ao mesmo per\u00edodo do ano passado, o que poderia gerar risco de paralisa\u00e7\u00e3o de alguma obra.<\/p>\n<p>O prefeito ainda citou que a verba que seria gasta no carnaval de rua ser\u00e1 investida na conclus\u00e3o da obra da Unidade B\u00e1sica de Sa\u00fade (UBS) dos bairros Nova Leopoldina e Cidade Alta.<\/p>\n<p>Em Vi\u00e7osa, a prefeitura, por meio da secretarias de Governo e Cultura, informou que considerou prudente n\u00e3o realizar este ano a festa oficial de carnaval principalmente em fun\u00e7\u00e3o da queda de arrecada\u00e7\u00e3o de repasses de recursos federais e estaduais, e em consequ\u00eancia, a possibilidade de um or\u00e7amento mais restrito para as atividades essenciais dos principais servi\u00e7os \u00e0 popula\u00e7\u00e3o.<\/p>\n<p>O Executivo, ap\u00f3s uma avalia\u00e7\u00e3o em rela\u00e7\u00e3o aos custos do evento, que previa a contrata\u00e7\u00e3o de bandas de renome nacional, sonoriza\u00e7\u00e3o, palco, equipes de apoio e seguran\u00e7a, brigadistas, banheiros qu\u00edmicos e demais estruturas no valor estimado em R$ 297.800,00, decidiu direcionar esses recursos essencialmente para a aquisi\u00e7\u00e3o de um ve\u00edculo modelo van adaptado para transporte de alunos com necessidades especiais no transporte escolar do munic\u00edpio e para a aquisi\u00e7\u00e3o de m\u00e1quinas, equipamentos, ferramentas e ve\u00edculos para a Secretaria de Obras.<\/p>\n<p>A decis\u00e3o foi tomada nesta segunda-feira (18), ap\u00f3s reuni\u00e3o do prefeito \u00c2ngelo Chequer com o secret\u00e1rio de Governo, Luciano Piovesan Leme. Embora cancelada a festa oficial, o Executivo ressalta que manter\u00e1 o apoio \u00e0s comunidades que promoverem reuni\u00f5es dos tradicionais blocos carnavalescos em seus bairros, assim como o tradicional evento religioso Seara, que acontece h\u00e1 28 anos na cidade. Para tratar detalhes sobre o apoio aos blocos, a administra\u00e7\u00e3o se reunir\u00e1 com todos os representantes dos mesmos na pr\u00f3xima segunda-feira (25), \u00e0s 19 horas, no Espa\u00e7o Cultural Herv\u00e9 Cordovil, na antiga esta\u00e7\u00e3o ferrovi\u00e1ria.<\/p>\n<p>&nbsp;<\/p>\n","protected":false},"excerpt":{"rendered":"<p>Pelo menos duas cidades da regi\u00e3o trocaram o carnaval pela conclus\u00e3o de obras, gera\u00e7\u00e3o de economia e aquisi\u00e7\u00e3o de ve\u00edculos. Em Leopoldina, preferiu-se a conclus\u00e3o de duas Unidades B\u00e1sicas de Sa\u00fade (UBS\u2019s) \u00e0 realiza\u00e7\u00e3o da folia. J\u00e1 em Vi\u00e7osa, o \u201cCarnaVi\u00e7osa\u201d foi cancelado para economizar verba e, com o dinheiro, comprar ve\u00edculos. O prefeito de &#8230; <a title=\"Prefeituras da regi\u00e3o cancelam carnaval para economizar e investir em obras\" class=\"read-more\" href=\"https:\/\/anoticiaonline.com.br\/site\/prefeito-de-leopoldina-cancela-carnaval-para-investir-em-saude\/\" aria-label=\"Read more about Prefeituras da regi\u00e3o cancelam carnaval para economizar e investir em obras\">Ler mais<\/a><\/p>\n","protected":false},"author":2,"featured_media":8871,"comment_status":"open","ping_status":"open","sticky":false,"template":"","format":"standard","meta":{"_acf_changed":false,"_monsterinsights_skip_tracking":false,"footnotes":""},"categories":[6],"tags":[3],"class_list":["post-8870","post","type-post","status-publish","format-standard","has-post-thumbnail","hentry","category-regiao","tag-slide"],"acf":[],"aioseo_notices":[],"aioseo_head":"\n\t\t<!-- All in One SEO 5.0.0.1 - aioseo.com -->\n\t<meta name=\"description\" content=\"Pelo menos duas cidades da regi\u00e3o trocaram o carnaval pela conclus\u00e3o de obras, gera\u00e7\u00e3o de economia e aquisi\u00e7\u00e3o de ve\u00edculos. Em Leopoldina, preferiu-se a conclus\u00e3o de duas Unidades B\u00e1sicas de Sa\u00fade (UBS\u2019s) \u00e0 realiza\u00e7\u00e3o da folia. J\u00e1 em Vi\u00e7osa, o \u201cCarnaVi\u00e7osa\u201d foi cancelado para economizar verba e, com o dinheiro, comprar ve\u00edculos. O prefeito de\" \/>\n\t<meta name=\"robots\" content=\"max-image-preview:large\" \/>\n\t<meta name=\"author\" content=\"Juliana Laviola\"\/>\n\t<link rel=\"canonical\" href=\"https:\/\/anoticiaonline.com.br\/site\/prefeito-de-leopoldina-cancela-carnaval-para-investir-em-saude\/\" \/>\n\t<meta name=\"generator\" content=\"All in One SEO (AIOSEO) 5.0.0.1\" \/>\n\t\t<meta property=\"og:locale\" content=\"pt_BR\" \/>\n\t\t<meta property=\"og:site_name\" content=\"A Not\u00edcia Online - Noticias de Muria\u00e9 e regi\u00e3o\" \/>\n\t\t<meta property=\"og:type\" content=\"article\" \/>\n\t\t<meta property=\"og:title\" content=\"Prefeituras da regi\u00e3o cancelam carnaval para economizar e investir em obras - A Not\u00edcia Online\" \/>\n\t\t<meta property=\"og:description\" content=\"Pelo menos duas cidades da regi\u00e3o trocaram o carnaval pela conclus\u00e3o de obras, gera\u00e7\u00e3o de economia e aquisi\u00e7\u00e3o de ve\u00edculos. Em Leopoldina, preferiu-se a conclus\u00e3o de duas Unidades B\u00e1sicas de Sa\u00fade (UBS\u2019s) \u00e0 realiza\u00e7\u00e3o da folia. J\u00e1 em Vi\u00e7osa, o \u201cCarnaVi\u00e7osa\u201d foi cancelado para economizar verba e, com o dinheiro, comprar ve\u00edculos. O prefeito de\" \/>\n\t\t<meta property=\"og:url\" content=\"https:\/\/anoticiaonline.com.br\/site\/prefeito-de-leopoldina-cancela-carnaval-para-investir-em-saude\/\" \/>\n\t\t<meta property=\"og:image\" content=\"https:\/\/scontent-gig4-1.xx.fbcdn.net\/v\/t39.30808-1\/270437624_4564083193639691_6907940295614233970_n.jpg?stp=dst-jpg_s200x200_tt6&#038;_nc_cat=111&#038;ccb=1-7&#038;_nc_sid=f907e8&#038;_nc_ohc=SM1wRlP3lJwQ7kNvwEPuBYA&#038;_nc_oc=AdnqrjDN_BNjSSHWO-GbkIWH6fkGMLw4bqvL_NH6e2wMveX7G-rP2dAqsDSq1mJMOaY&#038;_nc_zt=24&#038;_nc_ht=scontent-gig4-1.xx&#038;_nc_gid=AoBFJeGrT1hVaew_6rchkQ&#038;oh=00_AfX7QmFGhQhG2jAllVgXCiM1ZrWgvtp80-Bfppyexh1QEg&#038;oe=689E923C\" \/>\n\t\t<meta property=\"og:image:secure_url\" content=\"https:\/\/scontent-gig4-1.xx.fbcdn.net\/v\/t39.30808-1\/270437624_4564083193639691_6907940295614233970_n.jpg?stp=dst-jpg_s200x200_tt6&#038;_nc_cat=111&#038;ccb=1-7&#038;_nc_sid=f907e8&#038;_nc_ohc=SM1wRlP3lJwQ7kNvwEPuBYA&#038;_nc_oc=AdnqrjDN_BNjSSHWO-GbkIWH6fkGMLw4bqvL_NH6e2wMveX7G-rP2dAqsDSq1mJMOaY&#038;_nc_zt=24&#038;_nc_ht=scontent-gig4-1.xx&#038;_nc_gid=AoBFJeGrT1hVaew_6rchkQ&#038;oh=00_AfX7QmFGhQhG2jAllVgXCiM1ZrWgvtp80-Bfppyexh1QEg&#038;oe=689E923C\" \/>\n\t\t<meta property=\"article:published_time\" content=\"2016-01-19T16:29:06+00:00\" \/>\n\t\t<meta property=\"article:modified_time\" content=\"2016-01-19T16:52:08+00:00\" \/>\n\t\t<meta name=\"twitter:card\" content=\"summary_large_image\" \/>\n\t\t<meta name=\"twitter:title\" content=\"Prefeituras da regi\u00e3o cancelam carnaval para economizar e investir em obras - A Not\u00edcia Online\" \/>\n\t\t<meta name=\"twitter:description\" content=\"Pelo menos duas cidades da regi\u00e3o trocaram o carnaval pela conclus\u00e3o de obras, gera\u00e7\u00e3o de economia e aquisi\u00e7\u00e3o de ve\u00edculos. Em Leopoldina, preferiu-se a conclus\u00e3o de duas Unidades B\u00e1sicas de Sa\u00fade (UBS\u2019s) \u00e0 realiza\u00e7\u00e3o da folia. J\u00e1 em Vi\u00e7osa, o \u201cCarnaVi\u00e7osa\u201d foi cancelado para economizar verba e, com o dinheiro, comprar ve\u00edculos. O prefeito de\" \/>\n\t\t<meta name=\"twitter:image\" content=\"https:\/\/scontent-gig4-1.xx.fbcdn.net\/v\/t39.30808-1\/270437624_4564083193639691_6907940295614233970_n.jpg?stp=dst-jpg_s200x200_tt6&amp;_nc_cat=111&amp;ccb=1-7&amp;_nc_sid=f907e8&amp;_nc_ohc=SM1wRlP3lJwQ7kNvwEPuBYA&amp;_nc_oc=AdnqrjDN_BNjSSHWO-GbkIWH6fkGMLw4bqvL_NH6e2wMveX7G-rP2dAqsDSq1mJMOaY&amp;_nc_zt=24&amp;_nc_ht=scontent-gig4-1.xx&amp;_nc_gid=AoBFJeGrT1hVaew_6rchkQ&amp;oh=00_AfX7QmFGhQhG2jAllVgXCiM1ZrWgvtp80-Bfppyexh1QEg&amp;oe=689E923C\" \/>\n\t\t<script type=\"application\/ld+json\" class=\"aioseo-schema\">\n\t\t\t{\"@context\":\"https:\\\/\\\/schema.org\",\"@graph\":[{\"@type\":\"BlogPosting\",\"@id\":\"https:\\\/\\\/anoticiaonline.com.br\\\/site\\\/prefeito-de-leopoldina-cancela-carnaval-para-investir-em-saude\\\/#blogposting\",\"name\":\"Prefeituras da regi\\u00e3o cancelam carnaval para economizar e investir em obras - A Not\\u00edcia Online\",\"headline\":\"Prefeituras da regi\\u00e3o cancelam carnaval para economizar e investir em obras\",\"author\":{\"@id\":\"https:\\\/\\\/anoticiaonline.com.br\\\/site\\\/author\\\/juliana\\\/#author\"},\"publisher\":{\"@id\":\"https:\\\/\\\/anoticiaonline.com.br\\\/site\\\/#organization\"},\"image\":{\"@type\":\"ImageObject\",\"url\":\"https:\\\/\\\/anoticiaonline.com.br\\\/site\\\/wp-content\\\/uploads\\\/2016\\\/01\\\/20160117225515_957.jpg\",\"width\":640,\"height\":353},\"datePublished\":\"2016-01-19T13:29:06-03:00\",\"dateModified\":\"2016-01-19T13:52:08-03:00\",\"inLanguage\":\"pt-BR\",\"mainEntityOfPage\":{\"@id\":\"https:\\\/\\\/anoticiaonline.com.br\\\/site\\\/prefeito-de-leopoldina-cancela-carnaval-para-investir-em-saude\\\/#webpage\"},\"isPartOf\":{\"@id\":\"https:\\\/\\\/anoticiaonline.com.br\\\/site\\\/prefeito-de-leopoldina-cancela-carnaval-para-investir-em-saude\\\/#webpage\"},\"articleSection\":\"Regi\\u00e3o, slide\"},{\"@type\":\"BreadcrumbList\",\"@id\":\"https:\\\/\\\/anoticiaonline.com.br\\\/site\\\/prefeito-de-leopoldina-cancela-carnaval-para-investir-em-saude\\\/#breadcrumblist\",\"itemListElement\":[{\"@type\":\"ListItem\",\"@id\":\"https:\\\/\\\/anoticiaonline.com.br\\\/site#listItem\",\"position\":1,\"name\":\"Home\",\"item\":\"https:\\\/\\\/anoticiaonline.com.br\\\/site\",\"nextItem\":{\"@type\":\"ListItem\",\"@id\":\"https:\\\/\\\/anoticiaonline.com.br\\\/site\\\/categoria\\\/regiao\\\/#listItem\",\"name\":\"Regi\\u00e3o\"}},{\"@type\":\"ListItem\",\"@id\":\"https:\\\/\\\/anoticiaonline.com.br\\\/site\\\/categoria\\\/regiao\\\/#listItem\",\"position\":2,\"name\":\"Regi\\u00e3o\",\"item\":\"https:\\\/\\\/anoticiaonline.com.br\\\/site\\\/categoria\\\/regiao\\\/\",\"nextItem\":{\"@type\":\"ListItem\",\"@id\":\"https:\\\/\\\/anoticiaonline.com.br\\\/site\\\/prefeito-de-leopoldina-cancela-carnaval-para-investir-em-saude\\\/#listItem\",\"name\":\"Prefeituras da regi\\u00e3o cancelam carnaval para economizar e investir em obras\"},\"previousItem\":{\"@type\":\"ListItem\",\"@id\":\"https:\\\/\\\/anoticiaonline.com.br\\\/site#listItem\",\"name\":\"Home\"}},{\"@type\":\"ListItem\",\"@id\":\"https:\\\/\\\/anoticiaonline.com.br\\\/site\\\/prefeito-de-leopoldina-cancela-carnaval-para-investir-em-saude\\\/#listItem\",\"position\":3,\"name\":\"Prefeituras da regi\\u00e3o cancelam carnaval para economizar e investir em obras\",\"previousItem\":{\"@type\":\"ListItem\",\"@id\":\"https:\\\/\\\/anoticiaonline.com.br\\\/site\\\/categoria\\\/regiao\\\/#listItem\",\"name\":\"Regi\\u00e3o\"}}]},{\"@type\":\"Organization\",\"@id\":\"https:\\\/\\\/anoticiaonline.com.br\\\/site\\\/#organization\",\"name\":\"A Not\\u00edcia Online\",\"description\":\"Noticias de Muria\\u00e9 e regi\\u00e3o\",\"url\":\"https:\\\/\\\/anoticiaonline.com.br\\\/site\\\/\",\"logo\":{\"@type\":\"ImageObject\",\"url\":\"https:\\\/\\\/scontent-gig4-1.xx.fbcdn.net\\\/v\\\/t39.30808-1\\\/270437624_4564083193639691_6907940295614233970_n.jpg?stp=dst-jpg_s200x200_tt6&_nc_cat=111&ccb=1-7&_nc_sid=f907e8&_nc_ohc=SM1wRlP3lJwQ7kNvwEPuBYA&_nc_oc=AdnqrjDN_BNjSSHWO-GbkIWH6fkGMLw4bqvL_NH6e2wMveX7G-rP2dAqsDSq1mJMOaY&_nc_zt=24&_nc_ht=scontent-gig4-1.xx&_nc_gid=AoBFJeGrT1hVaew_6rchkQ&oh=00_AfX7QmFGhQhG2jAllVgXCiM1ZrWgvtp80-Bfppyexh1QEg&oe=689E923C\",\"@id\":\"https:\\\/\\\/anoticiaonline.com.br\\\/site\\\/prefeito-de-leopoldina-cancela-carnaval-para-investir-em-saude\\\/#organizationLogo\"},\"image\":{\"@id\":\"https:\\\/\\\/anoticiaonline.com.br\\\/site\\\/prefeito-de-leopoldina-cancela-carnaval-para-investir-em-saude\\\/#organizationLogo\"}},{\"@type\":\"Person\",\"@id\":\"https:\\\/\\\/anoticiaonline.com.br\\\/site\\\/author\\\/juliana\\\/#author\",\"url\":\"https:\\\/\\\/anoticiaonline.com.br\\\/site\\\/author\\\/juliana\\\/\",\"name\":\"Juliana Laviola\",\"image\":{\"@type\":\"ImageObject\",\"@id\":\"https:\\\/\\\/anoticiaonline.com.br\\\/site\\\/prefeito-de-leopoldina-cancela-carnaval-para-investir-em-saude\\\/#authorImage\",\"url\":\"https:\\\/\\\/secure.gravatar.com\\\/avatar\\\/b8d45f5c699b100dfaf0e543582f38f38bf94cb7ae3a5e9abf8d891a34773335?s=96&d=mm&r=g\",\"width\":96,\"height\":96,\"caption\":\"Juliana Laviola\"}},{\"@type\":\"WebPage\",\"@id\":\"https:\\\/\\\/anoticiaonline.com.br\\\/site\\\/prefeito-de-leopoldina-cancela-carnaval-para-investir-em-saude\\\/#webpage\",\"url\":\"https:\\\/\\\/anoticiaonline.com.br\\\/site\\\/prefeito-de-leopoldina-cancela-carnaval-para-investir-em-saude\\\/\",\"name\":\"Prefeituras da regi\\u00e3o cancelam carnaval para economizar e investir em obras - A Not\\u00edcia Online\",\"description\":\"Pelo menos duas cidades da regi\\u00e3o trocaram o carnaval pela conclus\\u00e3o de obras, gera\\u00e7\\u00e3o de economia e aquisi\\u00e7\\u00e3o de ve\\u00edculos. Em Leopoldina, preferiu-se a conclus\\u00e3o de duas Unidades B\\u00e1sicas de Sa\\u00fade (UBS\\u2019s) \\u00e0 realiza\\u00e7\\u00e3o da folia. J\\u00e1 em Vi\\u00e7osa, o \\u201cCarnaVi\\u00e7osa\\u201d foi cancelado para economizar verba e, com o dinheiro, comprar ve\\u00edculos. O prefeito de\",\"inLanguage\":\"pt-BR\",\"isPartOf\":{\"@id\":\"https:\\\/\\\/anoticiaonline.com.br\\\/site\\\/#website\"},\"breadcrumb\":{\"@id\":\"https:\\\/\\\/anoticiaonline.com.br\\\/site\\\/prefeito-de-leopoldina-cancela-carnaval-para-investir-em-saude\\\/#breadcrumblist\"},\"author\":{\"@id\":\"https:\\\/\\\/anoticiaonline.com.br\\\/site\\\/author\\\/juliana\\\/#author\"},\"creator\":{\"@id\":\"https:\\\/\\\/anoticiaonline.com.br\\\/site\\\/author\\\/juliana\\\/#author\"},\"image\":{\"@type\":\"ImageObject\",\"url\":\"https:\\\/\\\/anoticiaonline.com.br\\\/site\\\/wp-content\\\/uploads\\\/2016\\\/01\\\/20160117225515_957.jpg\",\"@id\":\"https:\\\/\\\/anoticiaonline.com.br\\\/site\\\/prefeito-de-leopoldina-cancela-carnaval-para-investir-em-saude\\\/#mainImage\",\"width\":640,\"height\":353},\"primaryImageOfPage\":{\"@id\":\"https:\\\/\\\/anoticiaonline.com.br\\\/site\\\/prefeito-de-leopoldina-cancela-carnaval-para-investir-em-saude\\\/#mainImage\"},\"datePublished\":\"2016-01-19T13:29:06-03:00\",\"dateModified\":\"2016-01-19T13:52:08-03:00\"},{\"@type\":\"WebSite\",\"@id\":\"https:\\\/\\\/anoticiaonline.com.br\\\/site\\\/#website\",\"url\":\"https:\\\/\\\/anoticiaonline.com.br\\\/site\\\/\",\"name\":\"A Not\\u00edcia Online\",\"description\":\"Noticias de Muria\\u00e9 e regi\\u00e3o\",\"inLanguage\":\"pt-BR\",\"publisher\":{\"@id\":\"https:\\\/\\\/anoticiaonline.com.br\\\/site\\\/#organization\"}}]}\n\t\t<\/script>\n\t\t<!-- All in One SEO -->\n\n","aioseo_head_json":{"title":"Prefeituras da regi\u00e3o cancelam carnaval para economizar e investir em obras - A Not\u00edcia Online","description":"Pelo menos duas cidades da regi\u00e3o trocaram o carnaval pela conclus\u00e3o de obras, gera\u00e7\u00e3o de economia e aquisi\u00e7\u00e3o de ve\u00edculos. Em Leopoldina, preferiu-se a conclus\u00e3o de duas Unidades B\u00e1sicas de Sa\u00fade (UBS\u2019s) \u00e0 realiza\u00e7\u00e3o da folia. J\u00e1 em Vi\u00e7osa, o \u201cCarnaVi\u00e7osa\u201d foi cancelado para economizar verba e, com o dinheiro, comprar ve\u00edculos. O prefeito de","canonical_url":"https:\/\/anoticiaonline.com.br\/site\/prefeito-de-leopoldina-cancela-carnaval-para-investir-em-saude\/","robots":"max-image-preview:large","keywords":"","webmasterTools":{"miscellaneous":""},"schema":{"@context":"https:\/\/schema.org","@graph":[{"@type":"BlogPosting","@id":"https:\/\/anoticiaonline.com.br\/site\/prefeito-de-leopoldina-cancela-carnaval-para-investir-em-saude\/#blogposting","name":"Prefeituras da regi\u00e3o cancelam carnaval para economizar e investir em obras - A Not\u00edcia Online","headline":"Prefeituras da regi\u00e3o cancelam carnaval para economizar e investir em obras","author":{"@id":"https:\/\/anoticiaonline.com.br\/site\/author\/juliana\/#author"},"publisher":{"@id":"https:\/\/anoticiaonline.com.br\/site\/#organization"},"image":{"@type":"ImageObject","url":"https:\/\/anoticiaonline.com.br\/site\/wp-content\/uploads\/2016\/01\/20160117225515_957.jpg","width":640,"height":353},"datePublished":"2016-01-19T13:29:06-03:00","dateModified":"2016-01-19T13:52:08-03:00","inLanguage":"pt-BR","mainEntityOfPage":{"@id":"https:\/\/anoticiaonline.com.br\/site\/prefeito-de-leopoldina-cancela-carnaval-para-investir-em-saude\/#webpage"},"isPartOf":{"@id":"https:\/\/anoticiaonline.com.br\/site\/prefeito-de-leopoldina-cancela-carnaval-para-investir-em-saude\/#webpage"},"articleSection":"Regi\u00e3o, slide"},{"@type":"BreadcrumbList","@id":"https:\/\/anoticiaonline.com.br\/site\/prefeito-de-leopoldina-cancela-carnaval-para-investir-em-saude\/#breadcrumblist","itemListElement":[{"@type":"ListItem","@id":"https:\/\/anoticiaonline.com.br\/site#listItem","position":1,"name":"Home","item":"https:\/\/anoticiaonline.com.br\/site","nextItem":{"@type":"ListItem","@id":"https:\/\/anoticiaonline.com.br\/site\/categoria\/regiao\/#listItem","name":"Regi\u00e3o"}},{"@type":"ListItem","@id":"https:\/\/anoticiaonline.com.br\/site\/categoria\/regiao\/#listItem","position":2,"name":"Regi\u00e3o","item":"https:\/\/anoticiaonline.com.br\/site\/categoria\/regiao\/","nextItem":{"@type":"ListItem","@id":"https:\/\/anoticiaonline.com.br\/site\/prefeito-de-leopoldina-cancela-carnaval-para-investir-em-saude\/#listItem","name":"Prefeituras da regi\u00e3o cancelam carnaval para economizar e investir em obras"},"previousItem":{"@type":"ListItem","@id":"https:\/\/anoticiaonline.com.br\/site#listItem","name":"Home"}},{"@type":"ListItem","@id":"https:\/\/anoticiaonline.com.br\/site\/prefeito-de-leopoldina-cancela-carnaval-para-investir-em-saude\/#listItem","position":3,"name":"Prefeituras da regi\u00e3o cancelam carnaval para economizar e investir em obras","previousItem":{"@type":"ListItem","@id":"https:\/\/anoticiaonline.com.br\/site\/categoria\/regiao\/#listItem","name":"Regi\u00e3o"}}]},{"@type":"Organization","@id":"https:\/\/anoticiaonline.com.br\/site\/#organization","name":"A Not\u00edcia Online","description":"Noticias de Muria\u00e9 e regi\u00e3o","url":"https:\/\/anoticiaonline.com.br\/site\/","logo":{"@type":"ImageObject","url":"https:\/\/scontent-gig4-1.xx.fbcdn.net\/v\/t39.30808-1\/270437624_4564083193639691_6907940295614233970_n.jpg?stp=dst-jpg_s200x200_tt6&_nc_cat=111&ccb=1-7&_nc_sid=f907e8&_nc_ohc=SM1wRlP3lJwQ7kNvwEPuBYA&_nc_oc=AdnqrjDN_BNjSSHWO-GbkIWH6fkGMLw4bqvL_NH6e2wMveX7G-rP2dAqsDSq1mJMOaY&_nc_zt=24&_nc_ht=scontent-gig4-1.xx&_nc_gid=AoBFJeGrT1hVaew_6rchkQ&oh=00_AfX7QmFGhQhG2jAllVgXCiM1ZrWgvtp80-Bfppyexh1QEg&oe=689E923C","@id":"https:\/\/anoticiaonline.com.br\/site\/prefeito-de-leopoldina-cancela-carnaval-para-investir-em-saude\/#organizationLogo"},"image":{"@id":"https:\/\/anoticiaonline.com.br\/site\/prefeito-de-leopoldina-cancela-carnaval-para-investir-em-saude\/#organizationLogo"}},{"@type":"Person","@id":"https:\/\/anoticiaonline.com.br\/site\/author\/juliana\/#author","url":"https:\/\/anoticiaonline.com.br\/site\/author\/juliana\/","name":"Juliana Laviola","image":{"@type":"ImageObject","@id":"https:\/\/anoticiaonline.com.br\/site\/prefeito-de-leopoldina-cancela-carnaval-para-investir-em-saude\/#authorImage","url":"https:\/\/secure.gravatar.com\/avatar\/b8d45f5c699b100dfaf0e543582f38f38bf94cb7ae3a5e9abf8d891a34773335?s=96&d=mm&r=g","width":96,"height":96,"caption":"Juliana Laviola"}},{"@type":"WebPage","@id":"https:\/\/anoticiaonline.com.br\/site\/prefeito-de-leopoldina-cancela-carnaval-para-investir-em-saude\/#webpage","url":"https:\/\/anoticiaonline.com.br\/site\/prefeito-de-leopoldina-cancela-carnaval-para-investir-em-saude\/","name":"Prefeituras da regi\u00e3o cancelam carnaval para economizar e investir em obras - A Not\u00edcia Online","description":"Pelo menos duas cidades da regi\u00e3o trocaram o carnaval pela conclus\u00e3o de obras, gera\u00e7\u00e3o de economia e aquisi\u00e7\u00e3o de ve\u00edculos. Em Leopoldina, preferiu-se a conclus\u00e3o de duas Unidades B\u00e1sicas de Sa\u00fade (UBS\u2019s) \u00e0 realiza\u00e7\u00e3o da folia. J\u00e1 em Vi\u00e7osa, o \u201cCarnaVi\u00e7osa\u201d foi cancelado para economizar verba e, com o dinheiro, comprar ve\u00edculos. O prefeito de","inLanguage":"pt-BR","isPartOf":{"@id":"https:\/\/anoticiaonline.com.br\/site\/#website"},"breadcrumb":{"@id":"https:\/\/anoticiaonline.com.br\/site\/prefeito-de-leopoldina-cancela-carnaval-para-investir-em-saude\/#breadcrumblist"},"author":{"@id":"https:\/\/anoticiaonline.com.br\/site\/author\/juliana\/#author"},"creator":{"@id":"https:\/\/anoticiaonline.com.br\/site\/author\/juliana\/#author"},"image":{"@type":"ImageObject","url":"https:\/\/anoticiaonline.com.br\/site\/wp-content\/uploads\/2016\/01\/20160117225515_957.jpg","@id":"https:\/\/anoticiaonline.com.br\/site\/prefeito-de-leopoldina-cancela-carnaval-para-investir-em-saude\/#mainImage","width":640,"height":353},"primaryImageOfPage":{"@id":"https:\/\/anoticiaonline.com.br\/site\/prefeito-de-leopoldina-cancela-carnaval-para-investir-em-saude\/#mainImage"},"datePublished":"2016-01-19T13:29:06-03:00","dateModified":"2016-01-19T13:52:08-03:00"},{"@type":"WebSite","@id":"https:\/\/anoticiaonline.com.br\/site\/#website","url":"https:\/\/anoticiaonline.com.br\/site\/","name":"A Not\u00edcia Online","description":"Noticias de Muria\u00e9 e regi\u00e3o","inLanguage":"pt-BR","publisher":{"@id":"https:\/\/anoticiaonline.com.br\/site\/#organization"}}]},"og:locale":"pt_BR","og:site_name":"A Not\u00edcia Online - Noticias de Muria\u00e9 e regi\u00e3o","og:type":"article","og:title":"Prefeituras da regi\u00e3o cancelam carnaval para economizar e investir em obras - A Not\u00edcia Online","og:description":"Pelo menos duas cidades da regi\u00e3o trocaram o carnaval pela conclus\u00e3o de obras, gera\u00e7\u00e3o de economia e aquisi\u00e7\u00e3o de ve\u00edculos. Em Leopoldina, preferiu-se a conclus\u00e3o de duas Unidades B\u00e1sicas de Sa\u00fade (UBS\u2019s) \u00e0 realiza\u00e7\u00e3o da folia. J\u00e1 em Vi\u00e7osa, o \u201cCarnaVi\u00e7osa\u201d foi cancelado para economizar verba e, com o dinheiro, comprar ve\u00edculos. O prefeito de","og:url":"https:\/\/anoticiaonline.com.br\/site\/prefeito-de-leopoldina-cancela-carnaval-para-investir-em-saude\/","og:image":"https:\/\/scontent-gig4-1.xx.fbcdn.net\/v\/t39.30808-1\/270437624_4564083193639691_6907940295614233970_n.jpg?stp=dst-jpg_s200x200_tt6&#038;_nc_cat=111&#038;ccb=1-7&#038;_nc_sid=f907e8&#038;_nc_ohc=SM1wRlP3lJwQ7kNvwEPuBYA&#038;_nc_oc=AdnqrjDN_BNjSSHWO-GbkIWH6fkGMLw4bqvL_NH6e2wMveX7G-rP2dAqsDSq1mJMOaY&#038;_nc_zt=24&#038;_nc_ht=scontent-gig4-1.xx&#038;_nc_gid=AoBFJeGrT1hVaew_6rchkQ&#038;oh=00_AfX7QmFGhQhG2jAllVgXCiM1ZrWgvtp80-Bfppyexh1QEg&#038;oe=689E923C","og:image:secure_url":"https:\/\/scontent-gig4-1.xx.fbcdn.net\/v\/t39.30808-1\/270437624_4564083193639691_6907940295614233970_n.jpg?stp=dst-jpg_s200x200_tt6&#038;_nc_cat=111&#038;ccb=1-7&#038;_nc_sid=f907e8&#038;_nc_ohc=SM1wRlP3lJwQ7kNvwEPuBYA&#038;_nc_oc=AdnqrjDN_BNjSSHWO-GbkIWH6fkGMLw4bqvL_NH6e2wMveX7G-rP2dAqsDSq1mJMOaY&#038;_nc_zt=24&#038;_nc_ht=scontent-gig4-1.xx&#038;_nc_gid=AoBFJeGrT1hVaew_6rchkQ&#038;oh=00_AfX7QmFGhQhG2jAllVgXCiM1ZrWgvtp80-Bfppyexh1QEg&#038;oe=689E923C","article:published_time":"2016-01-19T16:29:06+00:00","article:modified_time":"2016-01-19T16:52:08+00:00","twitter:card":"summary_large_image","twitter:title":"Prefeituras da regi\u00e3o cancelam carnaval para economizar e investir em obras - A Not\u00edcia Online","twitter:description":"Pelo menos duas cidades da regi\u00e3o trocaram o carnaval pela conclus\u00e3o de obras, gera\u00e7\u00e3o de economia e aquisi\u00e7\u00e3o de ve\u00edculos. Em Leopoldina, preferiu-se a conclus\u00e3o de duas Unidades B\u00e1sicas de Sa\u00fade (UBS\u2019s) \u00e0 realiza\u00e7\u00e3o da folia. J\u00e1 em Vi\u00e7osa, o \u201cCarnaVi\u00e7osa\u201d foi cancelado para economizar verba e, com o dinheiro, comprar ve\u00edculos. O prefeito de","twitter:image":"https:\/\/scontent-gig4-1.xx.fbcdn.net\/v\/t39.30808-1\/270437624_4564083193639691_6907940295614233970_n.jpg?stp=dst-jpg_s200x200_tt6&_nc_cat=111&ccb=1-7&_nc_sid=f907e8&_nc_ohc=SM1wRlP3lJwQ7kNvwEPuBYA&_nc_oc=AdnqrjDN_BNjSSHWO-GbkIWH6fkGMLw4bqvL_NH6e2wMveX7G-rP2dAqsDSq1mJMOaY&_nc_zt=24&_nc_ht=scontent-gig4-1.xx&_nc_gid=AoBFJeGrT1hVaew_6rchkQ&oh=00_AfX7QmFGhQhG2jAllVgXCiM1ZrWgvtp80-Bfppyexh1QEg&oe=689E923C"},"aioseo_meta_data":{"post_id":"8870","title":null,"description":null,"keywords":null,"keyphrases":null,"primary_term":null,"canonical_url":null,"og_title":null,"og_description":null,"og_object_type":"default","og_image_type":"default","og_image_url":null,"og_image_width":null,"og_image_height":null,"og_image_custom_url":null,"og_image_custom_fields":null,"og_video":null,"og_custom_url":null,"og_article_section":null,"og_article_tags":null,"twitter_use_og":false,"twitter_card":"default","twitter_image_type":"default","twitter_image_url":null,"twitter_image_custom_url":null,"twitter_image_custom_fields":null,"twitter_title":null,"twitter_description":null,"schema":{"blockGraphs":[],"customGraphs":[],"default":{"data":{"Article":[],"Course":[],"Dataset":[],"FAQPage":[],"Movie":[],"Person":[],"Product":[],"ProductReview":[],"Car":[],"Recipe":[],"Service":[],"SoftwareApplication":[],"WebPage":[]},"graphName":"","isEnabled":true},"graphs":[]},"schema_type":"default","schema_type_options":null,"pillar_content":false,"robots_default":true,"robots_noindex":false,"robots_noarchive":false,"robots_nosnippet":false,"robots_nofollow":false,"robots_noimageindex":false,"robots_noodp":false,"robots_notranslate":false,"robots_max_snippet":null,"robots_max_videopreview":null,"robots_max_imagepreview":"large","priority":null,"frequency":null,"local_seo":null,"breadcrumb_settings":null,"limit_modified_date":false,"ai":null,"created":"2025-08-16 14:49:22","updated":"2025-08-16 14:49:22","focus_keyword":null,"additional_keywords":null,"truseo_locale":null,"seo_analyzer_scan_date":null},"aioseo_breadcrumb":"<div class=\"aioseo-breadcrumbs\"><span class=\"aioseo-breadcrumb\">\n\t\t\t<a href=\"https:\/\/anoticiaonline.com.br\/site\" title=\"Home\">Home<\/a>\n\t\t<\/span><span class=\"aioseo-breadcrumb-separator\">&raquo;<\/span><span class=\"aioseo-breadcrumb\">\n\t\t\t<a href=\"https:\/\/anoticiaonline.com.br\/site\/categoria\/regiao\/\" title=\"Regi\u00e3o\">Regi\u00e3o<\/a>\n\t\t<\/span><span class=\"aioseo-breadcrumb-separator\">&raquo;<\/span><span class=\"aioseo-breadcrumb\">\n\t\t\tPrefeituras da regi\u00e3o cancelam carnaval para economizar e investir em obras\n\t\t<\/span><\/div>","aioseo_breadcrumb_json":[{"label":"Home","link":"https:\/\/anoticiaonline.com.br\/site"},{"label":"Regi\u00e3o","link":"https:\/\/anoticiaonline.com.br\/site\/categoria\/regiao\/"},{"label":"Prefeituras da regi\u00e3o cancelam carnaval para economizar e investir em obras","link":"https:\/\/anoticiaonline.com.br\/site\/prefeito-de-leopoldina-cancela-carnaval-para-investir-em-saude\/"}],"views":129,"_links":{"self":[{"href":"https:\/\/anoticiaonline.com.br\/site\/wp-json\/wp\/v2\/posts\/8870","targetHints":{"allow":["GET"]}}],"collection":[{"href":"https:\/\/anoticiaonline.com.br\/site\/wp-json\/wp\/v2\/posts"}],"about":[{"href":"https:\/\/anoticiaonline.com.br\/site\/wp-json\/wp\/v2\/types\/post"}],"author":[{"embeddable":true,"href":"https:\/\/anoticiaonline.com.br\/site\/wp-json\/wp\/v2\/users\/2"}],"replies":[{"embeddable":true,"href":"https:\/\/anoticiaonline.com.br\/site\/wp-json\/wp\/v2\/comments?post=8870"}],"version-history":[{"count":0,"href":"https:\/\/anoticiaonline.com.br\/site\/wp-json\/wp\/v2\/posts\/8870\/revisions"}],"wp:featuredmedia":[{"embeddable":true,"href":"https:\/\/anoticiaonline.com.br\/site\/wp-json\/wp\/v2\/media\/8871"}],"wp:attachment":[{"href":"https:\/\/anoticiaonline.com.br\/site\/wp-json\/wp\/v2\/media?parent=8870"}],"wp:term":[{"taxonomy":"category","embeddable":true,"href":"https:\/\/anoticiaonline.com.br\/site\/wp-json\/wp\/v2\/categories?post=8870"},{"taxonomy":"post_tag","embeddable":true,"href":"https:\/\/anoticiaonline.com.br\/site\/wp-json\/wp\/v2\/tags?post=8870"}],"curies":[{"name":"wp","href":"https:\/\/api.w.org\/{rel}","templated":true}]}}