{"id":8866,"date":"2016-01-19T09:00:19","date_gmt":"2016-01-19T12:00:19","guid":{"rendered":"http:\/\/anoticiaonline.com.br\/site\/?p=8866"},"modified":"2016-01-19T09:00:19","modified_gmt":"2016-01-19T12:00:19","slug":"inscricoes-para-o-prouni-2016-estao-abertas","status":"publish","type":"post","link":"https:\/\/anoticiaonline.com.br\/site\/inscricoes-para-o-prouni-2016-estao-abertas\/","title":{"rendered":"Inscri\u00e7\u00f5es para o Prouni 2016 est\u00e3o abertas"},"content":{"rendered":"<p><a href=\"https:\/\/anoticiaonline.com.br\/site\/wp-content\/uploads\/2016\/01\/Vagas-do-Prouni-2016.jpg\"><img decoding=\"async\" class=\" size-medium wp-image-8867 alignleft\" src=\"https:\/\/anoticiaonline.com.br\/site\/wp-content\/uploads\/2016\/01\/Vagas-do-Prouni-2016-300x158.jpg\" alt=\"Vagas-do-Prouni-2016\" width=\"300\" height=\"158\" srcset=\"https:\/\/anoticiaonline.com.br\/site\/wp-content\/uploads\/2016\/01\/Vagas-do-Prouni-2016-300x158.jpg 300w, https:\/\/anoticiaonline.com.br\/site\/wp-content\/uploads\/2016\/01\/Vagas-do-Prouni-2016.jpg 640w\" sizes=\"(max-width: 300px) 100vw, 300px\" \/><\/a>As inscri\u00e7\u00f5es para o processo seletivo para bolsas de estudo na primeira edi\u00e7\u00e3o de 2016 do Programa Universidade para Todos (Prouni) est\u00e3o abertas. O prazo vai at\u00e9 \u00e0s 23h59 (hor\u00e1rio de Bras\u00edlia) de sexta-feira (22).<\/p>\n<p>O Prouni 2016 vai ofertar 203.602 vagas. Em rela\u00e7\u00e3o a 2015, o n\u00famero de cursos aumentou de 30.549 para 30.931. Ocorreu uma redu\u00e7\u00e3o de 4% no total de vagas ofertadas no ano passado, que somaram 213.113.<\/p>\n<p>Segundo o MEC, ao todo, 97 institui\u00e7\u00f5es de ensino superior que eram ofertantes do Prouni em 2015 est\u00e3o impedidas de participar do programa em 2016, basicamente porque tiveram nota de avalia\u00e7\u00e3o institucional inferior a 3 e, portanto, est\u00e3o sob supervis\u00e3o do Minist\u00e9rio da Educa\u00e7\u00e3o. A exig\u00eancia de qualidade do sistema para participar do Prouni e do Fundo de Financiamento Estudantil (Fies) j\u00e1 atinge o total de 347 institui\u00e7\u00f5es, que est\u00e3o impedidas de participar desses programas e sob supervis\u00e3o do MEC.<\/p>\n<p>Em 2016, houve um aumento de 10,9% nas vagas do Sistema de Sele\u00e7\u00e3o Unificada (Sisu), em rela\u00e7\u00e3o a 2015, totalizando 228.071. Nesta edi\u00e7\u00e3o, o sistema registrou 2.712.937 inscritos. Os candidatos n\u00e3o selecionados t\u00eam at\u00e9 o dia 29 deste m\u00eas para manifestar interesse em participar da lista de espera.<\/p>\n<p>A consulta das bolsas e as inscri\u00e7\u00f5es devem ser feitas pelo site www.siteprouni.mec.gov.br. A primeira chamada ocorrer\u00e1 no dia 25 deste m\u00eas.<\/p>\n<p>As inscri\u00e7\u00f5es para o Fies ocorrer\u00e3o entre os dias 26 e 29 de janeiro. O total de vagas ser\u00e1 divulgado em breve pelo MEC.<\/p>\n<p>&nbsp;<\/p>\n<p><a href=\"https:\/\/anoticiaonline.com.br\/site\/wp-content\/uploads\/2016\/01\/not_18012016_prouni.jpg\"><img fetchpriority=\"high\" decoding=\"async\" class=\" size-medium wp-image-8868 aligncenter\" src=\"https:\/\/anoticiaonline.com.br\/site\/wp-content\/uploads\/2016\/01\/not_18012016_prouni-300x170.jpg\" alt=\"not_18012016_prouni\" width=\"300\" height=\"170\" srcset=\"https:\/\/anoticiaonline.com.br\/site\/wp-content\/uploads\/2016\/01\/not_18012016_prouni-300x170.jpg 300w, https:\/\/anoticiaonline.com.br\/site\/wp-content\/uploads\/2016\/01\/not_18012016_prouni.jpg 640w\" sizes=\"(max-width: 300px) 100vw, 300px\" \/><\/a><\/p>\n","protected":false},"excerpt":{"rendered":"<p>As inscri\u00e7\u00f5es para o processo seletivo para bolsas de estudo na primeira edi\u00e7\u00e3o de 2016 do Programa Universidade para Todos (Prouni) est\u00e3o abertas. O prazo vai at\u00e9 \u00e0s 23h59 (hor\u00e1rio de Bras\u00edlia) de sexta-feira (22). O Prouni 2016 vai ofertar 203.602 vagas. Em rela\u00e7\u00e3o a 2015, o n\u00famero de cursos aumentou de 30.549 para 30.931. &#8230; <a title=\"Inscri\u00e7\u00f5es para o Prouni 2016 est\u00e3o abertas\" class=\"read-more\" href=\"https:\/\/anoticiaonline.com.br\/site\/inscricoes-para-o-prouni-2016-estao-abertas\/\" aria-label=\"Read more about Inscri\u00e7\u00f5es para o Prouni 2016 est\u00e3o abertas\">Ler mais<\/a><\/p>\n","protected":false},"author":2,"featured_media":8867,"comment_status":"open","ping_status":"open","sticky":false,"template":"","format":"standard","meta":{"_acf_changed":false,"_monsterinsights_skip_tracking":false,"footnotes":""},"categories":[1],"tags":[3],"class_list":["post-8866","post","type-post","status-publish","format-standard","has-post-thumbnail","hentry","category-gerais","tag-slide"],"acf":[],"aioseo_notices":[],"aioseo_head":"\n\t\t<!-- All in One SEO 5.0.0.1 - aioseo.com -->\n\t<meta name=\"description\" content=\"As inscri\u00e7\u00f5es para o processo seletivo para bolsas de estudo na primeira edi\u00e7\u00e3o de 2016 do Programa Universidade para Todos (Prouni) est\u00e3o abertas. O prazo vai at\u00e9 \u00e0s 23h59 (hor\u00e1rio de Bras\u00edlia) de sexta-feira (22). O Prouni 2016 vai ofertar 203.602 vagas. Em rela\u00e7\u00e3o a 2015, o n\u00famero de cursos aumentou de 30.549 para 30.931.\" \/>\n\t<meta name=\"robots\" content=\"max-image-preview:large\" \/>\n\t<meta name=\"author\" content=\"Juliana Laviola\"\/>\n\t<link rel=\"canonical\" href=\"https:\/\/anoticiaonline.com.br\/site\/inscricoes-para-o-prouni-2016-estao-abertas\/\" \/>\n\t<meta name=\"generator\" content=\"All in One SEO (AIOSEO) 5.0.0.1\" \/>\n\t\t<meta property=\"og:locale\" content=\"pt_BR\" \/>\n\t\t<meta property=\"og:site_name\" content=\"A Not\u00edcia Online - Noticias de Muria\u00e9 e regi\u00e3o\" \/>\n\t\t<meta property=\"og:type\" content=\"article\" \/>\n\t\t<meta property=\"og:title\" content=\"Inscri\u00e7\u00f5es para o Prouni 2016 est\u00e3o abertas - A Not\u00edcia Online\" \/>\n\t\t<meta property=\"og:description\" content=\"As inscri\u00e7\u00f5es para o processo seletivo para bolsas de estudo na primeira edi\u00e7\u00e3o de 2016 do Programa Universidade para Todos (Prouni) est\u00e3o abertas. O prazo vai at\u00e9 \u00e0s 23h59 (hor\u00e1rio de Bras\u00edlia) de sexta-feira (22). O Prouni 2016 vai ofertar 203.602 vagas. Em rela\u00e7\u00e3o a 2015, o n\u00famero de cursos aumentou de 30.549 para 30.931.\" \/>\n\t\t<meta property=\"og:url\" content=\"https:\/\/anoticiaonline.com.br\/site\/inscricoes-para-o-prouni-2016-estao-abertas\/\" \/>\n\t\t<meta property=\"og:image\" content=\"https:\/\/scontent-gig4-1.xx.fbcdn.net\/v\/t39.30808-1\/270437624_4564083193639691_6907940295614233970_n.jpg?stp=dst-jpg_s200x200_tt6&#038;_nc_cat=111&#038;ccb=1-7&#038;_nc_sid=f907e8&#038;_nc_ohc=SM1wRlP3lJwQ7kNvwEPuBYA&#038;_nc_oc=AdnqrjDN_BNjSSHWO-GbkIWH6fkGMLw4bqvL_NH6e2wMveX7G-rP2dAqsDSq1mJMOaY&#038;_nc_zt=24&#038;_nc_ht=scontent-gig4-1.xx&#038;_nc_gid=AoBFJeGrT1hVaew_6rchkQ&#038;oh=00_AfX7QmFGhQhG2jAllVgXCiM1ZrWgvtp80-Bfppyexh1QEg&#038;oe=689E923C\" \/>\n\t\t<meta property=\"og:image:secure_url\" content=\"https:\/\/scontent-gig4-1.xx.fbcdn.net\/v\/t39.30808-1\/270437624_4564083193639691_6907940295614233970_n.jpg?stp=dst-jpg_s200x200_tt6&#038;_nc_cat=111&#038;ccb=1-7&#038;_nc_sid=f907e8&#038;_nc_ohc=SM1wRlP3lJwQ7kNvwEPuBYA&#038;_nc_oc=AdnqrjDN_BNjSSHWO-GbkIWH6fkGMLw4bqvL_NH6e2wMveX7G-rP2dAqsDSq1mJMOaY&#038;_nc_zt=24&#038;_nc_ht=scontent-gig4-1.xx&#038;_nc_gid=AoBFJeGrT1hVaew_6rchkQ&#038;oh=00_AfX7QmFGhQhG2jAllVgXCiM1ZrWgvtp80-Bfppyexh1QEg&#038;oe=689E923C\" \/>\n\t\t<meta property=\"article:published_time\" content=\"2016-01-19T12:00:19+00:00\" \/>\n\t\t<meta property=\"article:modified_time\" content=\"2016-01-19T12:00:19+00:00\" \/>\n\t\t<meta name=\"twitter:card\" content=\"summary_large_image\" \/>\n\t\t<meta name=\"twitter:title\" content=\"Inscri\u00e7\u00f5es para o Prouni 2016 est\u00e3o abertas - A Not\u00edcia Online\" \/>\n\t\t<meta name=\"twitter:description\" content=\"As inscri\u00e7\u00f5es para o processo seletivo para bolsas de estudo na primeira edi\u00e7\u00e3o de 2016 do Programa Universidade para Todos (Prouni) est\u00e3o abertas. O prazo vai at\u00e9 \u00e0s 23h59 (hor\u00e1rio de Bras\u00edlia) de sexta-feira (22). O Prouni 2016 vai ofertar 203.602 vagas. Em rela\u00e7\u00e3o a 2015, o n\u00famero de cursos aumentou de 30.549 para 30.931.\" \/>\n\t\t<meta name=\"twitter:image\" content=\"https:\/\/scontent-gig4-1.xx.fbcdn.net\/v\/t39.30808-1\/270437624_4564083193639691_6907940295614233970_n.jpg?stp=dst-jpg_s200x200_tt6&amp;_nc_cat=111&amp;ccb=1-7&amp;_nc_sid=f907e8&amp;_nc_ohc=SM1wRlP3lJwQ7kNvwEPuBYA&amp;_nc_oc=AdnqrjDN_BNjSSHWO-GbkIWH6fkGMLw4bqvL_NH6e2wMveX7G-rP2dAqsDSq1mJMOaY&amp;_nc_zt=24&amp;_nc_ht=scontent-gig4-1.xx&amp;_nc_gid=AoBFJeGrT1hVaew_6rchkQ&amp;oh=00_AfX7QmFGhQhG2jAllVgXCiM1ZrWgvtp80-Bfppyexh1QEg&amp;oe=689E923C\" \/>\n\t\t<script type=\"application\/ld+json\" class=\"aioseo-schema\">\n\t\t\t{\"@context\":\"https:\\\/\\\/schema.org\",\"@graph\":[{\"@type\":\"BlogPosting\",\"@id\":\"https:\\\/\\\/anoticiaonline.com.br\\\/site\\\/inscricoes-para-o-prouni-2016-estao-abertas\\\/#blogposting\",\"name\":\"Inscri\\u00e7\\u00f5es para o Prouni 2016 est\\u00e3o abertas - A Not\\u00edcia Online\",\"headline\":\"Inscri\\u00e7\\u00f5es para o Prouni 2016 est\\u00e3o abertas\",\"author\":{\"@id\":\"https:\\\/\\\/anoticiaonline.com.br\\\/site\\\/author\\\/juliana\\\/#author\"},\"publisher\":{\"@id\":\"https:\\\/\\\/anoticiaonline.com.br\\\/site\\\/#organization\"},\"image\":{\"@type\":\"ImageObject\",\"url\":\"https:\\\/\\\/anoticiaonline.com.br\\\/site\\\/wp-content\\\/uploads\\\/2016\\\/01\\\/Vagas-do-Prouni-2016.jpg\",\"width\":640,\"height\":337},\"datePublished\":\"2016-01-19T09:00:19-03:00\",\"dateModified\":\"2016-01-19T09:00:19-03:00\",\"inLanguage\":\"pt-BR\",\"mainEntityOfPage\":{\"@id\":\"https:\\\/\\\/anoticiaonline.com.br\\\/site\\\/inscricoes-para-o-prouni-2016-estao-abertas\\\/#webpage\"},\"isPartOf\":{\"@id\":\"https:\\\/\\\/anoticiaonline.com.br\\\/site\\\/inscricoes-para-o-prouni-2016-estao-abertas\\\/#webpage\"},\"articleSection\":\"Gerais, slide\"},{\"@type\":\"BreadcrumbList\",\"@id\":\"https:\\\/\\\/anoticiaonline.com.br\\\/site\\\/inscricoes-para-o-prouni-2016-estao-abertas\\\/#breadcrumblist\",\"itemListElement\":[{\"@type\":\"ListItem\",\"@id\":\"https:\\\/\\\/anoticiaonline.com.br\\\/site#listItem\",\"position\":1,\"name\":\"Home\",\"item\":\"https:\\\/\\\/anoticiaonline.com.br\\\/site\",\"nextItem\":{\"@type\":\"ListItem\",\"@id\":\"https:\\\/\\\/anoticiaonline.com.br\\\/site\\\/categoria\\\/gerais\\\/#listItem\",\"name\":\"Gerais\"}},{\"@type\":\"ListItem\",\"@id\":\"https:\\\/\\\/anoticiaonline.com.br\\\/site\\\/categoria\\\/gerais\\\/#listItem\",\"position\":2,\"name\":\"Gerais\",\"item\":\"https:\\\/\\\/anoticiaonline.com.br\\\/site\\\/categoria\\\/gerais\\\/\",\"nextItem\":{\"@type\":\"ListItem\",\"@id\":\"https:\\\/\\\/anoticiaonline.com.br\\\/site\\\/inscricoes-para-o-prouni-2016-estao-abertas\\\/#listItem\",\"name\":\"Inscri\\u00e7\\u00f5es para o Prouni 2016 est\\u00e3o abertas\"},\"previousItem\":{\"@type\":\"ListItem\",\"@id\":\"https:\\\/\\\/anoticiaonline.com.br\\\/site#listItem\",\"name\":\"Home\"}},{\"@type\":\"ListItem\",\"@id\":\"https:\\\/\\\/anoticiaonline.com.br\\\/site\\\/inscricoes-para-o-prouni-2016-estao-abertas\\\/#listItem\",\"position\":3,\"name\":\"Inscri\\u00e7\\u00f5es para o Prouni 2016 est\\u00e3o abertas\",\"previousItem\":{\"@type\":\"ListItem\",\"@id\":\"https:\\\/\\\/anoticiaonline.com.br\\\/site\\\/categoria\\\/gerais\\\/#listItem\",\"name\":\"Gerais\"}}]},{\"@type\":\"Organization\",\"@id\":\"https:\\\/\\\/anoticiaonline.com.br\\\/site\\\/#organization\",\"name\":\"A Not\\u00edcia Online\",\"description\":\"Noticias de Muria\\u00e9 e regi\\u00e3o\",\"url\":\"https:\\\/\\\/anoticiaonline.com.br\\\/site\\\/\",\"logo\":{\"@type\":\"ImageObject\",\"url\":\"https:\\\/\\\/scontent-gig4-1.xx.fbcdn.net\\\/v\\\/t39.30808-1\\\/270437624_4564083193639691_6907940295614233970_n.jpg?stp=dst-jpg_s200x200_tt6&_nc_cat=111&ccb=1-7&_nc_sid=f907e8&_nc_ohc=SM1wRlP3lJwQ7kNvwEPuBYA&_nc_oc=AdnqrjDN_BNjSSHWO-GbkIWH6fkGMLw4bqvL_NH6e2wMveX7G-rP2dAqsDSq1mJMOaY&_nc_zt=24&_nc_ht=scontent-gig4-1.xx&_nc_gid=AoBFJeGrT1hVaew_6rchkQ&oh=00_AfX7QmFGhQhG2jAllVgXCiM1ZrWgvtp80-Bfppyexh1QEg&oe=689E923C\",\"@id\":\"https:\\\/\\\/anoticiaonline.com.br\\\/site\\\/inscricoes-para-o-prouni-2016-estao-abertas\\\/#organizationLogo\"},\"image\":{\"@id\":\"https:\\\/\\\/anoticiaonline.com.br\\\/site\\\/inscricoes-para-o-prouni-2016-estao-abertas\\\/#organizationLogo\"}},{\"@type\":\"Person\",\"@id\":\"https:\\\/\\\/anoticiaonline.com.br\\\/site\\\/author\\\/juliana\\\/#author\",\"url\":\"https:\\\/\\\/anoticiaonline.com.br\\\/site\\\/author\\\/juliana\\\/\",\"name\":\"Juliana Laviola\",\"image\":{\"@type\":\"ImageObject\",\"@id\":\"https:\\\/\\\/anoticiaonline.com.br\\\/site\\\/inscricoes-para-o-prouni-2016-estao-abertas\\\/#authorImage\",\"url\":\"https:\\\/\\\/secure.gravatar.com\\\/avatar\\\/b8d45f5c699b100dfaf0e543582f38f38bf94cb7ae3a5e9abf8d891a34773335?s=96&d=mm&r=g\",\"width\":96,\"height\":96,\"caption\":\"Juliana Laviola\"}},{\"@type\":\"WebPage\",\"@id\":\"https:\\\/\\\/anoticiaonline.com.br\\\/site\\\/inscricoes-para-o-prouni-2016-estao-abertas\\\/#webpage\",\"url\":\"https:\\\/\\\/anoticiaonline.com.br\\\/site\\\/inscricoes-para-o-prouni-2016-estao-abertas\\\/\",\"name\":\"Inscri\\u00e7\\u00f5es para o Prouni 2016 est\\u00e3o abertas - A Not\\u00edcia Online\",\"description\":\"As inscri\\u00e7\\u00f5es para o processo seletivo para bolsas de estudo na primeira edi\\u00e7\\u00e3o de 2016 do Programa Universidade para Todos (Prouni) est\\u00e3o abertas. O prazo vai at\\u00e9 \\u00e0s 23h59 (hor\\u00e1rio de Bras\\u00edlia) de sexta-feira (22). O Prouni 2016 vai ofertar 203.602 vagas. Em rela\\u00e7\\u00e3o a 2015, o n\\u00famero de cursos aumentou de 30.549 para 30.931.\",\"inLanguage\":\"pt-BR\",\"isPartOf\":{\"@id\":\"https:\\\/\\\/anoticiaonline.com.br\\\/site\\\/#website\"},\"breadcrumb\":{\"@id\":\"https:\\\/\\\/anoticiaonline.com.br\\\/site\\\/inscricoes-para-o-prouni-2016-estao-abertas\\\/#breadcrumblist\"},\"author\":{\"@id\":\"https:\\\/\\\/anoticiaonline.com.br\\\/site\\\/author\\\/juliana\\\/#author\"},\"creator\":{\"@id\":\"https:\\\/\\\/anoticiaonline.com.br\\\/site\\\/author\\\/juliana\\\/#author\"},\"image\":{\"@type\":\"ImageObject\",\"url\":\"https:\\\/\\\/anoticiaonline.com.br\\\/site\\\/wp-content\\\/uploads\\\/2016\\\/01\\\/Vagas-do-Prouni-2016.jpg\",\"@id\":\"https:\\\/\\\/anoticiaonline.com.br\\\/site\\\/inscricoes-para-o-prouni-2016-estao-abertas\\\/#mainImage\",\"width\":640,\"height\":337},\"primaryImageOfPage\":{\"@id\":\"https:\\\/\\\/anoticiaonline.com.br\\\/site\\\/inscricoes-para-o-prouni-2016-estao-abertas\\\/#mainImage\"},\"datePublished\":\"2016-01-19T09:00:19-03:00\",\"dateModified\":\"2016-01-19T09:00:19-03:00\"},{\"@type\":\"WebSite\",\"@id\":\"https:\\\/\\\/anoticiaonline.com.br\\\/site\\\/#website\",\"url\":\"https:\\\/\\\/anoticiaonline.com.br\\\/site\\\/\",\"name\":\"A Not\\u00edcia Online\",\"description\":\"Noticias de Muria\\u00e9 e regi\\u00e3o\",\"inLanguage\":\"pt-BR\",\"publisher\":{\"@id\":\"https:\\\/\\\/anoticiaonline.com.br\\\/site\\\/#organization\"}}]}\n\t\t<\/script>\n\t\t<!-- All in One SEO -->\n\n","aioseo_head_json":{"title":"Inscri\u00e7\u00f5es para o Prouni 2016 est\u00e3o abertas - A Not\u00edcia Online","description":"As inscri\u00e7\u00f5es para o processo seletivo para bolsas de estudo na primeira edi\u00e7\u00e3o de 2016 do Programa Universidade para Todos (Prouni) est\u00e3o abertas. O prazo vai at\u00e9 \u00e0s 23h59 (hor\u00e1rio de Bras\u00edlia) de sexta-feira (22). O Prouni 2016 vai ofertar 203.602 vagas. Em rela\u00e7\u00e3o a 2015, o n\u00famero de cursos aumentou de 30.549 para 30.931.","canonical_url":"https:\/\/anoticiaonline.com.br\/site\/inscricoes-para-o-prouni-2016-estao-abertas\/","robots":"max-image-preview:large","keywords":"","webmasterTools":{"miscellaneous":""},"schema":{"@context":"https:\/\/schema.org","@graph":[{"@type":"BlogPosting","@id":"https:\/\/anoticiaonline.com.br\/site\/inscricoes-para-o-prouni-2016-estao-abertas\/#blogposting","name":"Inscri\u00e7\u00f5es para o Prouni 2016 est\u00e3o abertas - A Not\u00edcia Online","headline":"Inscri\u00e7\u00f5es para o Prouni 2016 est\u00e3o abertas","author":{"@id":"https:\/\/anoticiaonline.com.br\/site\/author\/juliana\/#author"},"publisher":{"@id":"https:\/\/anoticiaonline.com.br\/site\/#organization"},"image":{"@type":"ImageObject","url":"https:\/\/anoticiaonline.com.br\/site\/wp-content\/uploads\/2016\/01\/Vagas-do-Prouni-2016.jpg","width":640,"height":337},"datePublished":"2016-01-19T09:00:19-03:00","dateModified":"2016-01-19T09:00:19-03:00","inLanguage":"pt-BR","mainEntityOfPage":{"@id":"https:\/\/anoticiaonline.com.br\/site\/inscricoes-para-o-prouni-2016-estao-abertas\/#webpage"},"isPartOf":{"@id":"https:\/\/anoticiaonline.com.br\/site\/inscricoes-para-o-prouni-2016-estao-abertas\/#webpage"},"articleSection":"Gerais, slide"},{"@type":"BreadcrumbList","@id":"https:\/\/anoticiaonline.com.br\/site\/inscricoes-para-o-prouni-2016-estao-abertas\/#breadcrumblist","itemListElement":[{"@type":"ListItem","@id":"https:\/\/anoticiaonline.com.br\/site#listItem","position":1,"name":"Home","item":"https:\/\/anoticiaonline.com.br\/site","nextItem":{"@type":"ListItem","@id":"https:\/\/anoticiaonline.com.br\/site\/categoria\/gerais\/#listItem","name":"Gerais"}},{"@type":"ListItem","@id":"https:\/\/anoticiaonline.com.br\/site\/categoria\/gerais\/#listItem","position":2,"name":"Gerais","item":"https:\/\/anoticiaonline.com.br\/site\/categoria\/gerais\/","nextItem":{"@type":"ListItem","@id":"https:\/\/anoticiaonline.com.br\/site\/inscricoes-para-o-prouni-2016-estao-abertas\/#listItem","name":"Inscri\u00e7\u00f5es para o Prouni 2016 est\u00e3o abertas"},"previousItem":{"@type":"ListItem","@id":"https:\/\/anoticiaonline.com.br\/site#listItem","name":"Home"}},{"@type":"ListItem","@id":"https:\/\/anoticiaonline.com.br\/site\/inscricoes-para-o-prouni-2016-estao-abertas\/#listItem","position":3,"name":"Inscri\u00e7\u00f5es para o Prouni 2016 est\u00e3o abertas","previousItem":{"@type":"ListItem","@id":"https:\/\/anoticiaonline.com.br\/site\/categoria\/gerais\/#listItem","name":"Gerais"}}]},{"@type":"Organization","@id":"https:\/\/anoticiaonline.com.br\/site\/#organization","name":"A Not\u00edcia Online","description":"Noticias de Muria\u00e9 e regi\u00e3o","url":"https:\/\/anoticiaonline.com.br\/site\/","logo":{"@type":"ImageObject","url":"https:\/\/scontent-gig4-1.xx.fbcdn.net\/v\/t39.30808-1\/270437624_4564083193639691_6907940295614233970_n.jpg?stp=dst-jpg_s200x200_tt6&_nc_cat=111&ccb=1-7&_nc_sid=f907e8&_nc_ohc=SM1wRlP3lJwQ7kNvwEPuBYA&_nc_oc=AdnqrjDN_BNjSSHWO-GbkIWH6fkGMLw4bqvL_NH6e2wMveX7G-rP2dAqsDSq1mJMOaY&_nc_zt=24&_nc_ht=scontent-gig4-1.xx&_nc_gid=AoBFJeGrT1hVaew_6rchkQ&oh=00_AfX7QmFGhQhG2jAllVgXCiM1ZrWgvtp80-Bfppyexh1QEg&oe=689E923C","@id":"https:\/\/anoticiaonline.com.br\/site\/inscricoes-para-o-prouni-2016-estao-abertas\/#organizationLogo"},"image":{"@id":"https:\/\/anoticiaonline.com.br\/site\/inscricoes-para-o-prouni-2016-estao-abertas\/#organizationLogo"}},{"@type":"Person","@id":"https:\/\/anoticiaonline.com.br\/site\/author\/juliana\/#author","url":"https:\/\/anoticiaonline.com.br\/site\/author\/juliana\/","name":"Juliana Laviola","image":{"@type":"ImageObject","@id":"https:\/\/anoticiaonline.com.br\/site\/inscricoes-para-o-prouni-2016-estao-abertas\/#authorImage","url":"https:\/\/secure.gravatar.com\/avatar\/b8d45f5c699b100dfaf0e543582f38f38bf94cb7ae3a5e9abf8d891a34773335?s=96&d=mm&r=g","width":96,"height":96,"caption":"Juliana Laviola"}},{"@type":"WebPage","@id":"https:\/\/anoticiaonline.com.br\/site\/inscricoes-para-o-prouni-2016-estao-abertas\/#webpage","url":"https:\/\/anoticiaonline.com.br\/site\/inscricoes-para-o-prouni-2016-estao-abertas\/","name":"Inscri\u00e7\u00f5es para o Prouni 2016 est\u00e3o abertas - A Not\u00edcia Online","description":"As inscri\u00e7\u00f5es para o processo seletivo para bolsas de estudo na primeira edi\u00e7\u00e3o de 2016 do Programa Universidade para Todos (Prouni) est\u00e3o abertas. O prazo vai at\u00e9 \u00e0s 23h59 (hor\u00e1rio de Bras\u00edlia) de sexta-feira (22). O Prouni 2016 vai ofertar 203.602 vagas. Em rela\u00e7\u00e3o a 2015, o n\u00famero de cursos aumentou de 30.549 para 30.931.","inLanguage":"pt-BR","isPartOf":{"@id":"https:\/\/anoticiaonline.com.br\/site\/#website"},"breadcrumb":{"@id":"https:\/\/anoticiaonline.com.br\/site\/inscricoes-para-o-prouni-2016-estao-abertas\/#breadcrumblist"},"author":{"@id":"https:\/\/anoticiaonline.com.br\/site\/author\/juliana\/#author"},"creator":{"@id":"https:\/\/anoticiaonline.com.br\/site\/author\/juliana\/#author"},"image":{"@type":"ImageObject","url":"https:\/\/anoticiaonline.com.br\/site\/wp-content\/uploads\/2016\/01\/Vagas-do-Prouni-2016.jpg","@id":"https:\/\/anoticiaonline.com.br\/site\/inscricoes-para-o-prouni-2016-estao-abertas\/#mainImage","width":640,"height":337},"primaryImageOfPage":{"@id":"https:\/\/anoticiaonline.com.br\/site\/inscricoes-para-o-prouni-2016-estao-abertas\/#mainImage"},"datePublished":"2016-01-19T09:00:19-03:00","dateModified":"2016-01-19T09:00:19-03:00"},{"@type":"WebSite","@id":"https:\/\/anoticiaonline.com.br\/site\/#website","url":"https:\/\/anoticiaonline.com.br\/site\/","name":"A Not\u00edcia Online","description":"Noticias de Muria\u00e9 e regi\u00e3o","inLanguage":"pt-BR","publisher":{"@id":"https:\/\/anoticiaonline.com.br\/site\/#organization"}}]},"og:locale":"pt_BR","og:site_name":"A Not\u00edcia Online - Noticias de Muria\u00e9 e regi\u00e3o","og:type":"article","og:title":"Inscri\u00e7\u00f5es para o Prouni 2016 est\u00e3o abertas - A Not\u00edcia Online","og:description":"As inscri\u00e7\u00f5es para o processo seletivo para bolsas de estudo na primeira edi\u00e7\u00e3o de 2016 do Programa Universidade para Todos (Prouni) est\u00e3o abertas. O prazo vai at\u00e9 \u00e0s 23h59 (hor\u00e1rio de Bras\u00edlia) de sexta-feira (22). O Prouni 2016 vai ofertar 203.602 vagas. Em rela\u00e7\u00e3o a 2015, o n\u00famero de cursos aumentou de 30.549 para 30.931.","og:url":"https:\/\/anoticiaonline.com.br\/site\/inscricoes-para-o-prouni-2016-estao-abertas\/","og:image":"https:\/\/scontent-gig4-1.xx.fbcdn.net\/v\/t39.30808-1\/270437624_4564083193639691_6907940295614233970_n.jpg?stp=dst-jpg_s200x200_tt6&#038;_nc_cat=111&#038;ccb=1-7&#038;_nc_sid=f907e8&#038;_nc_ohc=SM1wRlP3lJwQ7kNvwEPuBYA&#038;_nc_oc=AdnqrjDN_BNjSSHWO-GbkIWH6fkGMLw4bqvL_NH6e2wMveX7G-rP2dAqsDSq1mJMOaY&#038;_nc_zt=24&#038;_nc_ht=scontent-gig4-1.xx&#038;_nc_gid=AoBFJeGrT1hVaew_6rchkQ&#038;oh=00_AfX7QmFGhQhG2jAllVgXCiM1ZrWgvtp80-Bfppyexh1QEg&#038;oe=689E923C","og:image:secure_url":"https:\/\/scontent-gig4-1.xx.fbcdn.net\/v\/t39.30808-1\/270437624_4564083193639691_6907940295614233970_n.jpg?stp=dst-jpg_s200x200_tt6&#038;_nc_cat=111&#038;ccb=1-7&#038;_nc_sid=f907e8&#038;_nc_ohc=SM1wRlP3lJwQ7kNvwEPuBYA&#038;_nc_oc=AdnqrjDN_BNjSSHWO-GbkIWH6fkGMLw4bqvL_NH6e2wMveX7G-rP2dAqsDSq1mJMOaY&#038;_nc_zt=24&#038;_nc_ht=scontent-gig4-1.xx&#038;_nc_gid=AoBFJeGrT1hVaew_6rchkQ&#038;oh=00_AfX7QmFGhQhG2jAllVgXCiM1ZrWgvtp80-Bfppyexh1QEg&#038;oe=689E923C","article:published_time":"2016-01-19T12:00:19+00:00","article:modified_time":"2016-01-19T12:00:19+00:00","twitter:card":"summary_large_image","twitter:title":"Inscri\u00e7\u00f5es para o Prouni 2016 est\u00e3o abertas - A Not\u00edcia Online","twitter:description":"As inscri\u00e7\u00f5es para o processo seletivo para bolsas de estudo na primeira edi\u00e7\u00e3o de 2016 do Programa Universidade para Todos (Prouni) est\u00e3o abertas. O prazo vai at\u00e9 \u00e0s 23h59 (hor\u00e1rio de Bras\u00edlia) de sexta-feira (22). O Prouni 2016 vai ofertar 203.602 vagas. Em rela\u00e7\u00e3o a 2015, o n\u00famero de cursos aumentou de 30.549 para 30.931.","twitter:image":"https:\/\/scontent-gig4-1.xx.fbcdn.net\/v\/t39.30808-1\/270437624_4564083193639691_6907940295614233970_n.jpg?stp=dst-jpg_s200x200_tt6&_nc_cat=111&ccb=1-7&_nc_sid=f907e8&_nc_ohc=SM1wRlP3lJwQ7kNvwEPuBYA&_nc_oc=AdnqrjDN_BNjSSHWO-GbkIWH6fkGMLw4bqvL_NH6e2wMveX7G-rP2dAqsDSq1mJMOaY&_nc_zt=24&_nc_ht=scontent-gig4-1.xx&_nc_gid=AoBFJeGrT1hVaew_6rchkQ&oh=00_AfX7QmFGhQhG2jAllVgXCiM1ZrWgvtp80-Bfppyexh1QEg&oe=689E923C"},"aioseo_meta_data":{"post_id":"8866","title":null,"description":null,"keywords":null,"keyphrases":null,"primary_term":null,"canonical_url":null,"og_title":null,"og_description":null,"og_object_type":"default","og_image_type":"default","og_image_url":null,"og_image_width":null,"og_image_height":null,"og_image_custom_url":null,"og_image_custom_fields":null,"og_video":null,"og_custom_url":null,"og_article_section":null,"og_article_tags":null,"twitter_use_og":false,"twitter_card":"default","twitter_image_type":"default","twitter_image_url":null,"twitter_image_custom_url":null,"twitter_image_custom_fields":null,"twitter_title":null,"twitter_description":null,"schema":{"blockGraphs":[],"customGraphs":[],"default":{"data":{"Article":[],"Course":[],"Dataset":[],"FAQPage":[],"Movie":[],"Person":[],"Product":[],"ProductReview":[],"Car":[],"Recipe":[],"Service":[],"SoftwareApplication":[],"WebPage":[]},"graphName":"","isEnabled":true},"graphs":[]},"schema_type":"default","schema_type_options":null,"pillar_content":false,"robots_default":true,"robots_noindex":false,"robots_noarchive":false,"robots_nosnippet":false,"robots_nofollow":false,"robots_noimageindex":false,"robots_noodp":false,"robots_notranslate":false,"robots_max_snippet":null,"robots_max_videopreview":null,"robots_max_imagepreview":"large","priority":null,"frequency":null,"local_seo":null,"breadcrumb_settings":null,"limit_modified_date":false,"ai":null,"created":"2025-08-16 14:49:22","updated":"2025-08-16 14:49:22","focus_keyword":null,"additional_keywords":null,"truseo_locale":null,"seo_analyzer_scan_date":null},"aioseo_breadcrumb":"<div class=\"aioseo-breadcrumbs\"><span class=\"aioseo-breadcrumb\">\n\t\t\t<a href=\"https:\/\/anoticiaonline.com.br\/site\" title=\"Home\">Home<\/a>\n\t\t<\/span><span class=\"aioseo-breadcrumb-separator\">&raquo;<\/span><span class=\"aioseo-breadcrumb\">\n\t\t\t<a href=\"https:\/\/anoticiaonline.com.br\/site\/categoria\/gerais\/\" title=\"Gerais\">Gerais<\/a>\n\t\t<\/span><span class=\"aioseo-breadcrumb-separator\">&raquo;<\/span><span class=\"aioseo-breadcrumb\">\n\t\t\tInscri\u00e7\u00f5es para o Prouni 2016 est\u00e3o abertas\n\t\t<\/span><\/div>","aioseo_breadcrumb_json":[{"label":"Home","link":"https:\/\/anoticiaonline.com.br\/site"},{"label":"Gerais","link":"https:\/\/anoticiaonline.com.br\/site\/categoria\/gerais\/"},{"label":"Inscri\u00e7\u00f5es para o Prouni 2016 est\u00e3o abertas","link":"https:\/\/anoticiaonline.com.br\/site\/inscricoes-para-o-prouni-2016-estao-abertas\/"}],"views":125,"_links":{"self":[{"href":"https:\/\/anoticiaonline.com.br\/site\/wp-json\/wp\/v2\/posts\/8866","targetHints":{"allow":["GET"]}}],"collection":[{"href":"https:\/\/anoticiaonline.com.br\/site\/wp-json\/wp\/v2\/posts"}],"about":[{"href":"https:\/\/anoticiaonline.com.br\/site\/wp-json\/wp\/v2\/types\/post"}],"author":[{"embeddable":true,"href":"https:\/\/anoticiaonline.com.br\/site\/wp-json\/wp\/v2\/users\/2"}],"replies":[{"embeddable":true,"href":"https:\/\/anoticiaonline.com.br\/site\/wp-json\/wp\/v2\/comments?post=8866"}],"version-history":[{"count":0,"href":"https:\/\/anoticiaonline.com.br\/site\/wp-json\/wp\/v2\/posts\/8866\/revisions"}],"wp:featuredmedia":[{"embeddable":true,"href":"https:\/\/anoticiaonline.com.br\/site\/wp-json\/wp\/v2\/media\/8867"}],"wp:attachment":[{"href":"https:\/\/anoticiaonline.com.br\/site\/wp-json\/wp\/v2\/media?parent=8866"}],"wp:term":[{"taxonomy":"category","embeddable":true,"href":"https:\/\/anoticiaonline.com.br\/site\/wp-json\/wp\/v2\/categories?post=8866"},{"taxonomy":"post_tag","embeddable":true,"href":"https:\/\/anoticiaonline.com.br\/site\/wp-json\/wp\/v2\/tags?post=8866"}],"curies":[{"name":"wp","href":"https:\/\/api.w.org\/{rel}","templated":true}]}}