{"id":8859,"date":"2016-01-18T15:06:05","date_gmt":"2016-01-18T18:06:05","guid":{"rendered":"http:\/\/anoticiaonline.com.br\/site\/?p=8859"},"modified":"2016-01-21T14:42:56","modified_gmt":"2016-01-21T17:42:56","slug":"carnaval-2016-de-muriae-sera-antecipado-e-acontecera-entre-os-dias-29-e-31-de-janeiro","status":"publish","type":"post","link":"https:\/\/anoticiaonline.com.br\/site\/carnaval-2016-de-muriae-sera-antecipado-e-acontecera-entre-os-dias-29-e-31-de-janeiro\/","title":{"rendered":"Carnaval 2016 de Muria\u00e9 ser\u00e1 antecipado e acontecer\u00e1 entre os dias 29 e 31 de janeiro"},"content":{"rendered":"<p><a href=\"https:\/\/anoticiaonline.com.br\/site\/wp-content\/uploads\/2016\/01\/Carnaval-Muria\u00e9.jpg\"><img fetchpriority=\"high\" decoding=\"async\" class=\" size-medium wp-image-8860 alignleft\" src=\"https:\/\/anoticiaonline.com.br\/site\/wp-content\/uploads\/2016\/01\/Carnaval-Muria\u00e9-210x300.jpg\" alt=\"Carnaval Muria\u00e9\" width=\"210\" height=\"300\" srcset=\"https:\/\/anoticiaonline.com.br\/site\/wp-content\/uploads\/2016\/01\/Carnaval-Muria\u00e9-210x300.jpg 210w, https:\/\/anoticiaonline.com.br\/site\/wp-content\/uploads\/2016\/01\/Carnaval-Muria\u00e9.jpg 447w\" sizes=\"(max-width: 210px) 100vw, 210px\" \/><\/a>A festa de carnaval de Muria\u00e9 deste ano, assim como no ano passado, acontecer\u00e1 de forma antecipada em rela\u00e7\u00e3o ao calend\u00e1rio oficial nacional. A folia na cidade est\u00e1 marcada para ser realizada nos dias 29, 30 e 31 (sexta a domingo) deste m\u00eas. O palco ser\u00e1 montado na Pra\u00e7a Jo\u00e3o Pinheiro, Centro, seguindo o modelo dos anos anteriores.<\/p>\n<p>J\u00e1 nos distritos de Bom Jesus da Cachoeira e Belis\u00e1rio, os eventos de carnaval seguir\u00e3o o calend\u00e1rio nacional.<\/p>\n<p>A abertura oficial acontece no dia 29, \u00e0s 19h. Neste dia, est\u00e3o programados desfiles de blocos e escolas de samba.<\/p>\n<p><strong>PROGRAMA\u00c7\u00c3O:<\/strong><\/p>\n<p><strong>Dia 29 (sexta-feira):<\/strong><br \/>\n19h &#8211; Show com Clube do Samba<br \/>\n21h &#8211; A\u00ed vem Eles<br \/>\n22h20min &#8211; Marambloco<br \/>\n23h40min &#8211; S\u00e3o Joaquim.<\/p>\n<p><strong>Dia 30 (s\u00e1bado):<\/strong><br \/>\n21h &#8211; Unidos do Santa Terezinha<br \/>\n22h20min &#8211; Papagaio<br \/>\n23h40min &#8211; Canarinho do Samba<br \/>\n1h &#8211; Show com Sambloco<\/p>\n<p><strong>Dia 31 (domingo):<\/strong><br \/>\n18h &#8211; Domingueira do Samba<\/p>\n<p><strong>BLOCOS NOS BAIRROS<\/strong><br \/>\n<strong>Dia 29 (sexta-feira):<\/strong><br \/>\n19h &#8211; Desfile do Bloco do Bebinha (Bairro S\u00e3o Francisco)<\/p>\n<p><strong>Dia 30 (s\u00e1bado):<\/strong><br \/>\n15h &#8211; Desfile do Bloco da Mangua\u00e7a &#8211; do Cais do Chopp ao Deck<br \/>\n18h &#8211; Clube do Samba no Jo\u00e3o XXIII<\/p>\n","protected":false},"excerpt":{"rendered":"<p>A festa de carnaval de Muria\u00e9 deste ano, assim como no ano passado, acontecer\u00e1 de forma antecipada em rela\u00e7\u00e3o ao calend\u00e1rio oficial nacional. A folia na cidade est\u00e1 marcada para ser realizada nos dias 29, 30 e 31 (sexta a domingo) deste m\u00eas. O palco ser\u00e1 montado na Pra\u00e7a Jo\u00e3o Pinheiro, Centro, seguindo o modelo &#8230; <a title=\"Carnaval 2016 de Muria\u00e9 ser\u00e1 antecipado e acontecer\u00e1 entre os dias 29 e 31 de janeiro\" class=\"read-more\" href=\"https:\/\/anoticiaonline.com.br\/site\/carnaval-2016-de-muriae-sera-antecipado-e-acontecera-entre-os-dias-29-e-31-de-janeiro\/\" aria-label=\"Read more about Carnaval 2016 de Muria\u00e9 ser\u00e1 antecipado e acontecer\u00e1 entre os dias 29 e 31 de janeiro\">Ler mais<\/a><\/p>\n","protected":false},"author":2,"featured_media":8860,"comment_status":"open","ping_status":"open","sticky":false,"template":"","format":"standard","meta":{"_acf_changed":false,"_monsterinsights_skip_tracking":false,"footnotes":""},"categories":[30],"tags":[3],"class_list":["post-8859","post","type-post","status-publish","format-standard","has-post-thumbnail","hentry","category-muriae","tag-slide"],"acf":[],"aioseo_notices":[],"aioseo_head":"\n\t\t<!-- All in One SEO 5.0.0.1 - aioseo.com -->\n\t<meta name=\"description\" content=\"A festa de carnaval de Muria\u00e9 deste ano, assim como no ano passado, acontecer\u00e1 de forma antecipada em rela\u00e7\u00e3o ao calend\u00e1rio oficial nacional. A folia na cidade est\u00e1 marcada para ser realizada nos dias 29, 30 e 31 (sexta a domingo) deste m\u00eas. O palco ser\u00e1 montado na Pra\u00e7a Jo\u00e3o Pinheiro, Centro, seguindo o modelo\" \/>\n\t<meta name=\"robots\" content=\"max-image-preview:large\" \/>\n\t<meta name=\"author\" content=\"Juliana Laviola\"\/>\n\t<link rel=\"canonical\" href=\"https:\/\/anoticiaonline.com.br\/site\/carnaval-2016-de-muriae-sera-antecipado-e-acontecera-entre-os-dias-29-e-31-de-janeiro\/\" \/>\n\t<meta name=\"generator\" content=\"All in One SEO (AIOSEO) 5.0.0.1\" \/>\n\t\t<meta property=\"og:locale\" content=\"pt_BR\" \/>\n\t\t<meta property=\"og:site_name\" content=\"A Not\u00edcia Online - Noticias de Muria\u00e9 e regi\u00e3o\" \/>\n\t\t<meta property=\"og:type\" content=\"article\" \/>\n\t\t<meta property=\"og:title\" content=\"Carnaval 2016 de Muria\u00e9 ser\u00e1 antecipado e acontecer\u00e1 entre os dias 29 e 31 de janeiro - A Not\u00edcia Online\" \/>\n\t\t<meta property=\"og:description\" content=\"A festa de carnaval de Muria\u00e9 deste ano, assim como no ano passado, acontecer\u00e1 de forma antecipada em rela\u00e7\u00e3o ao calend\u00e1rio oficial nacional. A folia na cidade est\u00e1 marcada para ser realizada nos dias 29, 30 e 31 (sexta a domingo) deste m\u00eas. O palco ser\u00e1 montado na Pra\u00e7a Jo\u00e3o Pinheiro, Centro, seguindo o modelo\" \/>\n\t\t<meta property=\"og:url\" content=\"https:\/\/anoticiaonline.com.br\/site\/carnaval-2016-de-muriae-sera-antecipado-e-acontecera-entre-os-dias-29-e-31-de-janeiro\/\" \/>\n\t\t<meta property=\"og:image\" content=\"https:\/\/scontent-gig4-1.xx.fbcdn.net\/v\/t39.30808-1\/270437624_4564083193639691_6907940295614233970_n.jpg?stp=dst-jpg_s200x200_tt6&#038;_nc_cat=111&#038;ccb=1-7&#038;_nc_sid=f907e8&#038;_nc_ohc=SM1wRlP3lJwQ7kNvwEPuBYA&#038;_nc_oc=AdnqrjDN_BNjSSHWO-GbkIWH6fkGMLw4bqvL_NH6e2wMveX7G-rP2dAqsDSq1mJMOaY&#038;_nc_zt=24&#038;_nc_ht=scontent-gig4-1.xx&#038;_nc_gid=AoBFJeGrT1hVaew_6rchkQ&#038;oh=00_AfX7QmFGhQhG2jAllVgXCiM1ZrWgvtp80-Bfppyexh1QEg&#038;oe=689E923C\" \/>\n\t\t<meta property=\"og:image:secure_url\" content=\"https:\/\/scontent-gig4-1.xx.fbcdn.net\/v\/t39.30808-1\/270437624_4564083193639691_6907940295614233970_n.jpg?stp=dst-jpg_s200x200_tt6&#038;_nc_cat=111&#038;ccb=1-7&#038;_nc_sid=f907e8&#038;_nc_ohc=SM1wRlP3lJwQ7kNvwEPuBYA&#038;_nc_oc=AdnqrjDN_BNjSSHWO-GbkIWH6fkGMLw4bqvL_NH6e2wMveX7G-rP2dAqsDSq1mJMOaY&#038;_nc_zt=24&#038;_nc_ht=scontent-gig4-1.xx&#038;_nc_gid=AoBFJeGrT1hVaew_6rchkQ&#038;oh=00_AfX7QmFGhQhG2jAllVgXCiM1ZrWgvtp80-Bfppyexh1QEg&#038;oe=689E923C\" \/>\n\t\t<meta property=\"article:published_time\" content=\"2016-01-18T18:06:05+00:00\" \/>\n\t\t<meta property=\"article:modified_time\" content=\"2016-01-21T17:42:56+00:00\" \/>\n\t\t<meta name=\"twitter:card\" content=\"summary_large_image\" \/>\n\t\t<meta name=\"twitter:title\" content=\"Carnaval 2016 de Muria\u00e9 ser\u00e1 antecipado e acontecer\u00e1 entre os dias 29 e 31 de janeiro - A Not\u00edcia Online\" \/>\n\t\t<meta name=\"twitter:description\" content=\"A festa de carnaval de Muria\u00e9 deste ano, assim como no ano passado, acontecer\u00e1 de forma antecipada em rela\u00e7\u00e3o ao calend\u00e1rio oficial nacional. A folia na cidade est\u00e1 marcada para ser realizada nos dias 29, 30 e 31 (sexta a domingo) deste m\u00eas. O palco ser\u00e1 montado na Pra\u00e7a Jo\u00e3o Pinheiro, Centro, seguindo o modelo\" \/>\n\t\t<meta name=\"twitter:image\" content=\"https:\/\/scontent-gig4-1.xx.fbcdn.net\/v\/t39.30808-1\/270437624_4564083193639691_6907940295614233970_n.jpg?stp=dst-jpg_s200x200_tt6&amp;_nc_cat=111&amp;ccb=1-7&amp;_nc_sid=f907e8&amp;_nc_ohc=SM1wRlP3lJwQ7kNvwEPuBYA&amp;_nc_oc=AdnqrjDN_BNjSSHWO-GbkIWH6fkGMLw4bqvL_NH6e2wMveX7G-rP2dAqsDSq1mJMOaY&amp;_nc_zt=24&amp;_nc_ht=scontent-gig4-1.xx&amp;_nc_gid=AoBFJeGrT1hVaew_6rchkQ&amp;oh=00_AfX7QmFGhQhG2jAllVgXCiM1ZrWgvtp80-Bfppyexh1QEg&amp;oe=689E923C\" \/>\n\t\t<script type=\"application\/ld+json\" class=\"aioseo-schema\">\n\t\t\t{\"@context\":\"https:\\\/\\\/schema.org\",\"@graph\":[{\"@type\":\"BlogPosting\",\"@id\":\"https:\\\/\\\/anoticiaonline.com.br\\\/site\\\/carnaval-2016-de-muriae-sera-antecipado-e-acontecera-entre-os-dias-29-e-31-de-janeiro\\\/#blogposting\",\"name\":\"Carnaval 2016 de Muria\\u00e9 ser\\u00e1 antecipado e acontecer\\u00e1 entre os dias 29 e 31 de janeiro - A Not\\u00edcia Online\",\"headline\":\"Carnaval 2016 de Muria\\u00e9 ser\\u00e1 antecipado e acontecer\\u00e1 entre os dias 29 e 31 de janeiro\",\"author\":{\"@id\":\"https:\\\/\\\/anoticiaonline.com.br\\\/site\\\/author\\\/juliana\\\/#author\"},\"publisher\":{\"@id\":\"https:\\\/\\\/anoticiaonline.com.br\\\/site\\\/#organization\"},\"image\":{\"@type\":\"ImageObject\",\"url\":\"https:\\\/\\\/anoticiaonline.com.br\\\/site\\\/wp-content\\\/uploads\\\/2016\\\/01\\\/Carnaval-Muria\\u00e9.jpg\",\"width\":447,\"height\":640},\"datePublished\":\"2016-01-18T15:06:05-03:00\",\"dateModified\":\"2016-01-21T14:42:56-03:00\",\"inLanguage\":\"pt-BR\",\"mainEntityOfPage\":{\"@id\":\"https:\\\/\\\/anoticiaonline.com.br\\\/site\\\/carnaval-2016-de-muriae-sera-antecipado-e-acontecera-entre-os-dias-29-e-31-de-janeiro\\\/#webpage\"},\"isPartOf\":{\"@id\":\"https:\\\/\\\/anoticiaonline.com.br\\\/site\\\/carnaval-2016-de-muriae-sera-antecipado-e-acontecera-entre-os-dias-29-e-31-de-janeiro\\\/#webpage\"},\"articleSection\":\"Blog, slide\"},{\"@type\":\"BreadcrumbList\",\"@id\":\"https:\\\/\\\/anoticiaonline.com.br\\\/site\\\/carnaval-2016-de-muriae-sera-antecipado-e-acontecera-entre-os-dias-29-e-31-de-janeiro\\\/#breadcrumblist\",\"itemListElement\":[{\"@type\":\"ListItem\",\"@id\":\"https:\\\/\\\/anoticiaonline.com.br\\\/site#listItem\",\"position\":1,\"name\":\"Home\",\"item\":\"https:\\\/\\\/anoticiaonline.com.br\\\/site\",\"nextItem\":{\"@type\":\"ListItem\",\"@id\":\"https:\\\/\\\/anoticiaonline.com.br\\\/site\\\/categoria\\\/muriae\\\/#listItem\",\"name\":\"Blog\"}},{\"@type\":\"ListItem\",\"@id\":\"https:\\\/\\\/anoticiaonline.com.br\\\/site\\\/categoria\\\/muriae\\\/#listItem\",\"position\":2,\"name\":\"Blog\",\"item\":\"https:\\\/\\\/anoticiaonline.com.br\\\/site\\\/categoria\\\/muriae\\\/\",\"nextItem\":{\"@type\":\"ListItem\",\"@id\":\"https:\\\/\\\/anoticiaonline.com.br\\\/site\\\/carnaval-2016-de-muriae-sera-antecipado-e-acontecera-entre-os-dias-29-e-31-de-janeiro\\\/#listItem\",\"name\":\"Carnaval 2016 de Muria\\u00e9 ser\\u00e1 antecipado e acontecer\\u00e1 entre os dias 29 e 31 de janeiro\"},\"previousItem\":{\"@type\":\"ListItem\",\"@id\":\"https:\\\/\\\/anoticiaonline.com.br\\\/site#listItem\",\"name\":\"Home\"}},{\"@type\":\"ListItem\",\"@id\":\"https:\\\/\\\/anoticiaonline.com.br\\\/site\\\/carnaval-2016-de-muriae-sera-antecipado-e-acontecera-entre-os-dias-29-e-31-de-janeiro\\\/#listItem\",\"position\":3,\"name\":\"Carnaval 2016 de Muria\\u00e9 ser\\u00e1 antecipado e acontecer\\u00e1 entre os dias 29 e 31 de janeiro\",\"previousItem\":{\"@type\":\"ListItem\",\"@id\":\"https:\\\/\\\/anoticiaonline.com.br\\\/site\\\/categoria\\\/muriae\\\/#listItem\",\"name\":\"Blog\"}}]},{\"@type\":\"Organization\",\"@id\":\"https:\\\/\\\/anoticiaonline.com.br\\\/site\\\/#organization\",\"name\":\"A Not\\u00edcia Online\",\"description\":\"Noticias de Muria\\u00e9 e regi\\u00e3o\",\"url\":\"https:\\\/\\\/anoticiaonline.com.br\\\/site\\\/\",\"logo\":{\"@type\":\"ImageObject\",\"url\":\"https:\\\/\\\/scontent-gig4-1.xx.fbcdn.net\\\/v\\\/t39.30808-1\\\/270437624_4564083193639691_6907940295614233970_n.jpg?stp=dst-jpg_s200x200_tt6&_nc_cat=111&ccb=1-7&_nc_sid=f907e8&_nc_ohc=SM1wRlP3lJwQ7kNvwEPuBYA&_nc_oc=AdnqrjDN_BNjSSHWO-GbkIWH6fkGMLw4bqvL_NH6e2wMveX7G-rP2dAqsDSq1mJMOaY&_nc_zt=24&_nc_ht=scontent-gig4-1.xx&_nc_gid=AoBFJeGrT1hVaew_6rchkQ&oh=00_AfX7QmFGhQhG2jAllVgXCiM1ZrWgvtp80-Bfppyexh1QEg&oe=689E923C\",\"@id\":\"https:\\\/\\\/anoticiaonline.com.br\\\/site\\\/carnaval-2016-de-muriae-sera-antecipado-e-acontecera-entre-os-dias-29-e-31-de-janeiro\\\/#organizationLogo\"},\"image\":{\"@id\":\"https:\\\/\\\/anoticiaonline.com.br\\\/site\\\/carnaval-2016-de-muriae-sera-antecipado-e-acontecera-entre-os-dias-29-e-31-de-janeiro\\\/#organizationLogo\"}},{\"@type\":\"Person\",\"@id\":\"https:\\\/\\\/anoticiaonline.com.br\\\/site\\\/author\\\/juliana\\\/#author\",\"url\":\"https:\\\/\\\/anoticiaonline.com.br\\\/site\\\/author\\\/juliana\\\/\",\"name\":\"Juliana Laviola\",\"image\":{\"@type\":\"ImageObject\",\"@id\":\"https:\\\/\\\/anoticiaonline.com.br\\\/site\\\/carnaval-2016-de-muriae-sera-antecipado-e-acontecera-entre-os-dias-29-e-31-de-janeiro\\\/#authorImage\",\"url\":\"https:\\\/\\\/secure.gravatar.com\\\/avatar\\\/b8d45f5c699b100dfaf0e543582f38f38bf94cb7ae3a5e9abf8d891a34773335?s=96&d=mm&r=g\",\"width\":96,\"height\":96,\"caption\":\"Juliana Laviola\"}},{\"@type\":\"WebPage\",\"@id\":\"https:\\\/\\\/anoticiaonline.com.br\\\/site\\\/carnaval-2016-de-muriae-sera-antecipado-e-acontecera-entre-os-dias-29-e-31-de-janeiro\\\/#webpage\",\"url\":\"https:\\\/\\\/anoticiaonline.com.br\\\/site\\\/carnaval-2016-de-muriae-sera-antecipado-e-acontecera-entre-os-dias-29-e-31-de-janeiro\\\/\",\"name\":\"Carnaval 2016 de Muria\\u00e9 ser\\u00e1 antecipado e acontecer\\u00e1 entre os dias 29 e 31 de janeiro - A Not\\u00edcia Online\",\"description\":\"A festa de carnaval de Muria\\u00e9 deste ano, assim como no ano passado, acontecer\\u00e1 de forma antecipada em rela\\u00e7\\u00e3o ao calend\\u00e1rio oficial nacional. A folia na cidade est\\u00e1 marcada para ser realizada nos dias 29, 30 e 31 (sexta a domingo) deste m\\u00eas. O palco ser\\u00e1 montado na Pra\\u00e7a Jo\\u00e3o Pinheiro, Centro, seguindo o modelo\",\"inLanguage\":\"pt-BR\",\"isPartOf\":{\"@id\":\"https:\\\/\\\/anoticiaonline.com.br\\\/site\\\/#website\"},\"breadcrumb\":{\"@id\":\"https:\\\/\\\/anoticiaonline.com.br\\\/site\\\/carnaval-2016-de-muriae-sera-antecipado-e-acontecera-entre-os-dias-29-e-31-de-janeiro\\\/#breadcrumblist\"},\"author\":{\"@id\":\"https:\\\/\\\/anoticiaonline.com.br\\\/site\\\/author\\\/juliana\\\/#author\"},\"creator\":{\"@id\":\"https:\\\/\\\/anoticiaonline.com.br\\\/site\\\/author\\\/juliana\\\/#author\"},\"image\":{\"@type\":\"ImageObject\",\"url\":\"https:\\\/\\\/anoticiaonline.com.br\\\/site\\\/wp-content\\\/uploads\\\/2016\\\/01\\\/Carnaval-Muria\\u00e9.jpg\",\"@id\":\"https:\\\/\\\/anoticiaonline.com.br\\\/site\\\/carnaval-2016-de-muriae-sera-antecipado-e-acontecera-entre-os-dias-29-e-31-de-janeiro\\\/#mainImage\",\"width\":447,\"height\":640},\"primaryImageOfPage\":{\"@id\":\"https:\\\/\\\/anoticiaonline.com.br\\\/site\\\/carnaval-2016-de-muriae-sera-antecipado-e-acontecera-entre-os-dias-29-e-31-de-janeiro\\\/#mainImage\"},\"datePublished\":\"2016-01-18T15:06:05-03:00\",\"dateModified\":\"2016-01-21T14:42:56-03:00\"},{\"@type\":\"WebSite\",\"@id\":\"https:\\\/\\\/anoticiaonline.com.br\\\/site\\\/#website\",\"url\":\"https:\\\/\\\/anoticiaonline.com.br\\\/site\\\/\",\"name\":\"A Not\\u00edcia Online\",\"description\":\"Noticias de Muria\\u00e9 e regi\\u00e3o\",\"inLanguage\":\"pt-BR\",\"publisher\":{\"@id\":\"https:\\\/\\\/anoticiaonline.com.br\\\/site\\\/#organization\"}}]}\n\t\t<\/script>\n\t\t<!-- All in One SEO -->\n\n","aioseo_head_json":{"title":"Carnaval 2016 de Muria\u00e9 ser\u00e1 antecipado e acontecer\u00e1 entre os dias 29 e 31 de janeiro - A Not\u00edcia Online","description":"A festa de carnaval de Muria\u00e9 deste ano, assim como no ano passado, acontecer\u00e1 de forma antecipada em rela\u00e7\u00e3o ao calend\u00e1rio oficial nacional. A folia na cidade est\u00e1 marcada para ser realizada nos dias 29, 30 e 31 (sexta a domingo) deste m\u00eas. O palco ser\u00e1 montado na Pra\u00e7a Jo\u00e3o Pinheiro, Centro, seguindo o modelo","canonical_url":"https:\/\/anoticiaonline.com.br\/site\/carnaval-2016-de-muriae-sera-antecipado-e-acontecera-entre-os-dias-29-e-31-de-janeiro\/","robots":"max-image-preview:large","keywords":"","webmasterTools":{"miscellaneous":""},"schema":{"@context":"https:\/\/schema.org","@graph":[{"@type":"BlogPosting","@id":"https:\/\/anoticiaonline.com.br\/site\/carnaval-2016-de-muriae-sera-antecipado-e-acontecera-entre-os-dias-29-e-31-de-janeiro\/#blogposting","name":"Carnaval 2016 de Muria\u00e9 ser\u00e1 antecipado e acontecer\u00e1 entre os dias 29 e 31 de janeiro - A Not\u00edcia Online","headline":"Carnaval 2016 de Muria\u00e9 ser\u00e1 antecipado e acontecer\u00e1 entre os dias 29 e 31 de janeiro","author":{"@id":"https:\/\/anoticiaonline.com.br\/site\/author\/juliana\/#author"},"publisher":{"@id":"https:\/\/anoticiaonline.com.br\/site\/#organization"},"image":{"@type":"ImageObject","url":"https:\/\/anoticiaonline.com.br\/site\/wp-content\/uploads\/2016\/01\/Carnaval-Muria\u00e9.jpg","width":447,"height":640},"datePublished":"2016-01-18T15:06:05-03:00","dateModified":"2016-01-21T14:42:56-03:00","inLanguage":"pt-BR","mainEntityOfPage":{"@id":"https:\/\/anoticiaonline.com.br\/site\/carnaval-2016-de-muriae-sera-antecipado-e-acontecera-entre-os-dias-29-e-31-de-janeiro\/#webpage"},"isPartOf":{"@id":"https:\/\/anoticiaonline.com.br\/site\/carnaval-2016-de-muriae-sera-antecipado-e-acontecera-entre-os-dias-29-e-31-de-janeiro\/#webpage"},"articleSection":"Blog, slide"},{"@type":"BreadcrumbList","@id":"https:\/\/anoticiaonline.com.br\/site\/carnaval-2016-de-muriae-sera-antecipado-e-acontecera-entre-os-dias-29-e-31-de-janeiro\/#breadcrumblist","itemListElement":[{"@type":"ListItem","@id":"https:\/\/anoticiaonline.com.br\/site#listItem","position":1,"name":"Home","item":"https:\/\/anoticiaonline.com.br\/site","nextItem":{"@type":"ListItem","@id":"https:\/\/anoticiaonline.com.br\/site\/categoria\/muriae\/#listItem","name":"Blog"}},{"@type":"ListItem","@id":"https:\/\/anoticiaonline.com.br\/site\/categoria\/muriae\/#listItem","position":2,"name":"Blog","item":"https:\/\/anoticiaonline.com.br\/site\/categoria\/muriae\/","nextItem":{"@type":"ListItem","@id":"https:\/\/anoticiaonline.com.br\/site\/carnaval-2016-de-muriae-sera-antecipado-e-acontecera-entre-os-dias-29-e-31-de-janeiro\/#listItem","name":"Carnaval 2016 de Muria\u00e9 ser\u00e1 antecipado e acontecer\u00e1 entre os dias 29 e 31 de janeiro"},"previousItem":{"@type":"ListItem","@id":"https:\/\/anoticiaonline.com.br\/site#listItem","name":"Home"}},{"@type":"ListItem","@id":"https:\/\/anoticiaonline.com.br\/site\/carnaval-2016-de-muriae-sera-antecipado-e-acontecera-entre-os-dias-29-e-31-de-janeiro\/#listItem","position":3,"name":"Carnaval 2016 de Muria\u00e9 ser\u00e1 antecipado e acontecer\u00e1 entre os dias 29 e 31 de janeiro","previousItem":{"@type":"ListItem","@id":"https:\/\/anoticiaonline.com.br\/site\/categoria\/muriae\/#listItem","name":"Blog"}}]},{"@type":"Organization","@id":"https:\/\/anoticiaonline.com.br\/site\/#organization","name":"A Not\u00edcia Online","description":"Noticias de Muria\u00e9 e regi\u00e3o","url":"https:\/\/anoticiaonline.com.br\/site\/","logo":{"@type":"ImageObject","url":"https:\/\/scontent-gig4-1.xx.fbcdn.net\/v\/t39.30808-1\/270437624_4564083193639691_6907940295614233970_n.jpg?stp=dst-jpg_s200x200_tt6&_nc_cat=111&ccb=1-7&_nc_sid=f907e8&_nc_ohc=SM1wRlP3lJwQ7kNvwEPuBYA&_nc_oc=AdnqrjDN_BNjSSHWO-GbkIWH6fkGMLw4bqvL_NH6e2wMveX7G-rP2dAqsDSq1mJMOaY&_nc_zt=24&_nc_ht=scontent-gig4-1.xx&_nc_gid=AoBFJeGrT1hVaew_6rchkQ&oh=00_AfX7QmFGhQhG2jAllVgXCiM1ZrWgvtp80-Bfppyexh1QEg&oe=689E923C","@id":"https:\/\/anoticiaonline.com.br\/site\/carnaval-2016-de-muriae-sera-antecipado-e-acontecera-entre-os-dias-29-e-31-de-janeiro\/#organizationLogo"},"image":{"@id":"https:\/\/anoticiaonline.com.br\/site\/carnaval-2016-de-muriae-sera-antecipado-e-acontecera-entre-os-dias-29-e-31-de-janeiro\/#organizationLogo"}},{"@type":"Person","@id":"https:\/\/anoticiaonline.com.br\/site\/author\/juliana\/#author","url":"https:\/\/anoticiaonline.com.br\/site\/author\/juliana\/","name":"Juliana Laviola","image":{"@type":"ImageObject","@id":"https:\/\/anoticiaonline.com.br\/site\/carnaval-2016-de-muriae-sera-antecipado-e-acontecera-entre-os-dias-29-e-31-de-janeiro\/#authorImage","url":"https:\/\/secure.gravatar.com\/avatar\/b8d45f5c699b100dfaf0e543582f38f38bf94cb7ae3a5e9abf8d891a34773335?s=96&d=mm&r=g","width":96,"height":96,"caption":"Juliana Laviola"}},{"@type":"WebPage","@id":"https:\/\/anoticiaonline.com.br\/site\/carnaval-2016-de-muriae-sera-antecipado-e-acontecera-entre-os-dias-29-e-31-de-janeiro\/#webpage","url":"https:\/\/anoticiaonline.com.br\/site\/carnaval-2016-de-muriae-sera-antecipado-e-acontecera-entre-os-dias-29-e-31-de-janeiro\/","name":"Carnaval 2016 de Muria\u00e9 ser\u00e1 antecipado e acontecer\u00e1 entre os dias 29 e 31 de janeiro - A Not\u00edcia Online","description":"A festa de carnaval de Muria\u00e9 deste ano, assim como no ano passado, acontecer\u00e1 de forma antecipada em rela\u00e7\u00e3o ao calend\u00e1rio oficial nacional. A folia na cidade est\u00e1 marcada para ser realizada nos dias 29, 30 e 31 (sexta a domingo) deste m\u00eas. O palco ser\u00e1 montado na Pra\u00e7a Jo\u00e3o Pinheiro, Centro, seguindo o modelo","inLanguage":"pt-BR","isPartOf":{"@id":"https:\/\/anoticiaonline.com.br\/site\/#website"},"breadcrumb":{"@id":"https:\/\/anoticiaonline.com.br\/site\/carnaval-2016-de-muriae-sera-antecipado-e-acontecera-entre-os-dias-29-e-31-de-janeiro\/#breadcrumblist"},"author":{"@id":"https:\/\/anoticiaonline.com.br\/site\/author\/juliana\/#author"},"creator":{"@id":"https:\/\/anoticiaonline.com.br\/site\/author\/juliana\/#author"},"image":{"@type":"ImageObject","url":"https:\/\/anoticiaonline.com.br\/site\/wp-content\/uploads\/2016\/01\/Carnaval-Muria\u00e9.jpg","@id":"https:\/\/anoticiaonline.com.br\/site\/carnaval-2016-de-muriae-sera-antecipado-e-acontecera-entre-os-dias-29-e-31-de-janeiro\/#mainImage","width":447,"height":640},"primaryImageOfPage":{"@id":"https:\/\/anoticiaonline.com.br\/site\/carnaval-2016-de-muriae-sera-antecipado-e-acontecera-entre-os-dias-29-e-31-de-janeiro\/#mainImage"},"datePublished":"2016-01-18T15:06:05-03:00","dateModified":"2016-01-21T14:42:56-03:00"},{"@type":"WebSite","@id":"https:\/\/anoticiaonline.com.br\/site\/#website","url":"https:\/\/anoticiaonline.com.br\/site\/","name":"A Not\u00edcia Online","description":"Noticias de Muria\u00e9 e regi\u00e3o","inLanguage":"pt-BR","publisher":{"@id":"https:\/\/anoticiaonline.com.br\/site\/#organization"}}]},"og:locale":"pt_BR","og:site_name":"A Not\u00edcia Online - Noticias de Muria\u00e9 e regi\u00e3o","og:type":"article","og:title":"Carnaval 2016 de Muria\u00e9 ser\u00e1 antecipado e acontecer\u00e1 entre os dias 29 e 31 de janeiro - A Not\u00edcia Online","og:description":"A festa de carnaval de Muria\u00e9 deste ano, assim como no ano passado, acontecer\u00e1 de forma antecipada em rela\u00e7\u00e3o ao calend\u00e1rio oficial nacional. A folia na cidade est\u00e1 marcada para ser realizada nos dias 29, 30 e 31 (sexta a domingo) deste m\u00eas. O palco ser\u00e1 montado na Pra\u00e7a Jo\u00e3o Pinheiro, Centro, seguindo o modelo","og:url":"https:\/\/anoticiaonline.com.br\/site\/carnaval-2016-de-muriae-sera-antecipado-e-acontecera-entre-os-dias-29-e-31-de-janeiro\/","og:image":"https:\/\/scontent-gig4-1.xx.fbcdn.net\/v\/t39.30808-1\/270437624_4564083193639691_6907940295614233970_n.jpg?stp=dst-jpg_s200x200_tt6&#038;_nc_cat=111&#038;ccb=1-7&#038;_nc_sid=f907e8&#038;_nc_ohc=SM1wRlP3lJwQ7kNvwEPuBYA&#038;_nc_oc=AdnqrjDN_BNjSSHWO-GbkIWH6fkGMLw4bqvL_NH6e2wMveX7G-rP2dAqsDSq1mJMOaY&#038;_nc_zt=24&#038;_nc_ht=scontent-gig4-1.xx&#038;_nc_gid=AoBFJeGrT1hVaew_6rchkQ&#038;oh=00_AfX7QmFGhQhG2jAllVgXCiM1ZrWgvtp80-Bfppyexh1QEg&#038;oe=689E923C","og:image:secure_url":"https:\/\/scontent-gig4-1.xx.fbcdn.net\/v\/t39.30808-1\/270437624_4564083193639691_6907940295614233970_n.jpg?stp=dst-jpg_s200x200_tt6&#038;_nc_cat=111&#038;ccb=1-7&#038;_nc_sid=f907e8&#038;_nc_ohc=SM1wRlP3lJwQ7kNvwEPuBYA&#038;_nc_oc=AdnqrjDN_BNjSSHWO-GbkIWH6fkGMLw4bqvL_NH6e2wMveX7G-rP2dAqsDSq1mJMOaY&#038;_nc_zt=24&#038;_nc_ht=scontent-gig4-1.xx&#038;_nc_gid=AoBFJeGrT1hVaew_6rchkQ&#038;oh=00_AfX7QmFGhQhG2jAllVgXCiM1ZrWgvtp80-Bfppyexh1QEg&#038;oe=689E923C","article:published_time":"2016-01-18T18:06:05+00:00","article:modified_time":"2016-01-21T17:42:56+00:00","twitter:card":"summary_large_image","twitter:title":"Carnaval 2016 de Muria\u00e9 ser\u00e1 antecipado e acontecer\u00e1 entre os dias 29 e 31 de janeiro - A Not\u00edcia Online","twitter:description":"A festa de carnaval de Muria\u00e9 deste ano, assim como no ano passado, acontecer\u00e1 de forma antecipada em rela\u00e7\u00e3o ao calend\u00e1rio oficial nacional. A folia na cidade est\u00e1 marcada para ser realizada nos dias 29, 30 e 31 (sexta a domingo) deste m\u00eas. O palco ser\u00e1 montado na Pra\u00e7a Jo\u00e3o Pinheiro, Centro, seguindo o modelo","twitter:image":"https:\/\/scontent-gig4-1.xx.fbcdn.net\/v\/t39.30808-1\/270437624_4564083193639691_6907940295614233970_n.jpg?stp=dst-jpg_s200x200_tt6&_nc_cat=111&ccb=1-7&_nc_sid=f907e8&_nc_ohc=SM1wRlP3lJwQ7kNvwEPuBYA&_nc_oc=AdnqrjDN_BNjSSHWO-GbkIWH6fkGMLw4bqvL_NH6e2wMveX7G-rP2dAqsDSq1mJMOaY&_nc_zt=24&_nc_ht=scontent-gig4-1.xx&_nc_gid=AoBFJeGrT1hVaew_6rchkQ&oh=00_AfX7QmFGhQhG2jAllVgXCiM1ZrWgvtp80-Bfppyexh1QEg&oe=689E923C"},"aioseo_meta_data":{"post_id":"8859","title":null,"description":null,"keywords":null,"keyphrases":null,"primary_term":null,"canonical_url":null,"og_title":null,"og_description":null,"og_object_type":"default","og_image_type":"default","og_image_url":null,"og_image_width":null,"og_image_height":null,"og_image_custom_url":null,"og_image_custom_fields":null,"og_video":null,"og_custom_url":null,"og_article_section":null,"og_article_tags":null,"twitter_use_og":false,"twitter_card":"default","twitter_image_type":"default","twitter_image_url":null,"twitter_image_custom_url":null,"twitter_image_custom_fields":null,"twitter_title":null,"twitter_description":null,"schema":{"blockGraphs":[],"customGraphs":[],"default":{"data":{"Article":[],"Course":[],"Dataset":[],"FAQPage":[],"Movie":[],"Person":[],"Product":[],"ProductReview":[],"Car":[],"Recipe":[],"Service":[],"SoftwareApplication":[],"WebPage":[]},"graphName":"","isEnabled":true},"graphs":[]},"schema_type":"default","schema_type_options":null,"pillar_content":false,"robots_default":true,"robots_noindex":false,"robots_noarchive":false,"robots_nosnippet":false,"robots_nofollow":false,"robots_noimageindex":false,"robots_noodp":false,"robots_notranslate":false,"robots_max_snippet":null,"robots_max_videopreview":null,"robots_max_imagepreview":"large","priority":null,"frequency":null,"local_seo":null,"breadcrumb_settings":null,"limit_modified_date":false,"ai":null,"created":"2025-08-16 14:49:22","updated":"2025-08-16 14:49:22","focus_keyword":null,"additional_keywords":null,"truseo_locale":null,"seo_analyzer_scan_date":null},"aioseo_breadcrumb":"<div class=\"aioseo-breadcrumbs\"><span class=\"aioseo-breadcrumb\">\n\t\t\t<a href=\"https:\/\/anoticiaonline.com.br\/site\" title=\"Home\">Home<\/a>\n\t\t<\/span><span class=\"aioseo-breadcrumb-separator\">&raquo;<\/span><span class=\"aioseo-breadcrumb\">\n\t\t\t<a href=\"https:\/\/anoticiaonline.com.br\/site\/categoria\/muriae\/\" title=\"Blog\">Blog<\/a>\n\t\t<\/span><span class=\"aioseo-breadcrumb-separator\">&raquo;<\/span><span class=\"aioseo-breadcrumb\">\n\t\t\tCarnaval 2016 de Muria\u00e9 ser\u00e1 antecipado e acontecer\u00e1 entre os dias 29 e 31 de janeiro\n\t\t<\/span><\/div>","aioseo_breadcrumb_json":[{"label":"Home","link":"https:\/\/anoticiaonline.com.br\/site"},{"label":"Blog","link":"https:\/\/anoticiaonline.com.br\/site\/categoria\/muriae\/"},{"label":"Carnaval 2016 de Muria\u00e9 ser\u00e1 antecipado e acontecer\u00e1 entre os dias 29 e 31 de janeiro","link":"https:\/\/anoticiaonline.com.br\/site\/carnaval-2016-de-muriae-sera-antecipado-e-acontecera-entre-os-dias-29-e-31-de-janeiro\/"}],"views":133,"_links":{"self":[{"href":"https:\/\/anoticiaonline.com.br\/site\/wp-json\/wp\/v2\/posts\/8859","targetHints":{"allow":["GET"]}}],"collection":[{"href":"https:\/\/anoticiaonline.com.br\/site\/wp-json\/wp\/v2\/posts"}],"about":[{"href":"https:\/\/anoticiaonline.com.br\/site\/wp-json\/wp\/v2\/types\/post"}],"author":[{"embeddable":true,"href":"https:\/\/anoticiaonline.com.br\/site\/wp-json\/wp\/v2\/users\/2"}],"replies":[{"embeddable":true,"href":"https:\/\/anoticiaonline.com.br\/site\/wp-json\/wp\/v2\/comments?post=8859"}],"version-history":[{"count":0,"href":"https:\/\/anoticiaonline.com.br\/site\/wp-json\/wp\/v2\/posts\/8859\/revisions"}],"wp:featuredmedia":[{"embeddable":true,"href":"https:\/\/anoticiaonline.com.br\/site\/wp-json\/wp\/v2\/media\/8860"}],"wp:attachment":[{"href":"https:\/\/anoticiaonline.com.br\/site\/wp-json\/wp\/v2\/media?parent=8859"}],"wp:term":[{"taxonomy":"category","embeddable":true,"href":"https:\/\/anoticiaonline.com.br\/site\/wp-json\/wp\/v2\/categories?post=8859"},{"taxonomy":"post_tag","embeddable":true,"href":"https:\/\/anoticiaonline.com.br\/site\/wp-json\/wp\/v2\/tags?post=8859"}],"curies":[{"name":"wp","href":"https:\/\/api.w.org\/{rel}","templated":true}]}}