{"id":8829,"date":"2016-01-07T08:49:19","date_gmt":"2016-01-07T11:49:19","guid":{"rendered":"http:\/\/anoticiaonline.com.br\/site\/?p=8829"},"modified":"2016-01-07T08:49:19","modified_gmt":"2016-01-07T11:49:19","slug":"vereadora-helena-carvalho-e-empossada-presidente-da-camara-de-vereadores","status":"publish","type":"post","link":"https:\/\/anoticiaonline.com.br\/site\/vereadora-helena-carvalho-e-empossada-presidente-da-camara-de-vereadores\/","title":{"rendered":"Vereadora Helena Carvalho \u00e9 empossada presidente da C\u00e2mara de Vereadores"},"content":{"rendered":"<p><a href=\"https:\/\/anoticiaonline.com.br\/site\/wp-content\/uploads\/2016\/01\/LUD_9905.jpg\"><img decoding=\"async\" class=\" size-medium wp-image-8830 alignleft\" src=\"https:\/\/anoticiaonline.com.br\/site\/wp-content\/uploads\/2016\/01\/LUD_9905-300x113.jpg\" alt=\"LUD_9905\" width=\"300\" height=\"113\" srcset=\"https:\/\/anoticiaonline.com.br\/site\/wp-content\/uploads\/2016\/01\/LUD_9905-300x113.jpg 300w, https:\/\/anoticiaonline.com.br\/site\/wp-content\/uploads\/2016\/01\/LUD_9905.jpg 640w\" sizes=\"(max-width: 300px) 100vw, 300px\" \/><\/a>A vereadora Helena Francisca de Oliveira Carvalho (PMDB) foi empossada como a nova presidente da C\u00e2mara de Vereadores para o ano de 2016. Helena foi eleita com nove votos a favor contra dois votos em branco no dia 15 de dezembro de 2015. A solenidade aconteceu na noite de segunda-feira (4), no plen\u00e1rio da C\u00e2mara.<\/p>\n<p>A posse de Helena \u00e9 um marco hist\u00f3rico, j\u00e1 que \u00e9 a primeira vez que uma mulher assume a lideran\u00e7a do Legislativo muriaeense. Em seu discurso, a vereadora agradeceu o apoio dos colegas e prometeu trabalhar em conjunto, em parcerias, pensando na responsabilidade que \u00e9 ser representante da popula\u00e7\u00e3o. &#8220;O objetivo principal \u00e9 favorecer o bem comum. Vou carregar com orgulho a \u2018bandeira\u2019 das mulheres de nosso munic\u00edpio, e conclamo a todas aquelas que tiverem uma proposta a virem \u00e0s reuni\u00f5es da C\u00e2mara, para que possamos fazer esse trabalho da forma mais democr\u00e1tica poss\u00edvel&#8221;, salienta a nova presidente.<\/p>\n<p>Filha de Paulo de Oliveira Carvalho e Helena Francisco de Carvalho, a nova presidente \u00e9 casada, m\u00e3e de tr\u00eas filhas, formada em Ci\u00eancias, Matem\u00e1tica e Direito, \u00e9 advogada e professora h\u00e1 mais de 23 anos. Foi a implantadora do Programa Nacional de Aten\u00e7\u00e3o a Crian\u00e7a e ao Adolescente (PRONAICA) no munic\u00edpio, na unidade CAIC Joaquim Ribeiro de Carvalho, atuando como diretora geral. Exerceu o cargo de assessora jur\u00eddica na C\u00e2mara Municipal de Ros\u00e1rio da Limeira e exerce seu 3\u00ba mandato como vereadora no em Muria\u00e9.<\/p>\n<p>Ainda em seu discurso, Helena fez quest\u00e3o de salientar o exemplo de seu pai, o ex-prefeito e ex-deputado estadual, Paulo de Oliveira Carvalho. &#8220;Hoje, mais do que nunca, sinto uma saudade intensa, n\u00e3o s\u00f3 do pol\u00edtico, mas tamb\u00e9m do ser humano maravilhoso que ele era. At\u00e9 hoje eu ando pelas ruas e escuto as pessoas falando das muitas obras que ele fez em nossa cidade. S\u00e3o tantos os elogios, que me sinto envaidecida e preocupada, pois a responsabilidade de represent\u00e1-lo \u00e9 grande. Est\u00e1 para nascer uma pessoa t\u00e3o humana, capacitada e vision\u00e1ria como ele&#8221;, finaliza ela, emocionada.<\/p>\n<p>Tamb\u00e9m comp\u00f5em a nova mesa diretora da C\u00e2mara de Vereadores de Muria\u00e9 Ademar Camerino (1\u00ba vice-presidente), Manoel Carvalho (2\u00ba vice-presidente), David Lacerda (1\u00ba secret\u00e1rio) e Jair Abreu (2\u00ba secret\u00e1rio).<\/p>\n<p>A cerim\u00f4nia contou com a presen\u00e7a de autoridades, empres\u00e1rios, representantes de diversos \u00f3rg\u00e3os e institui\u00e7\u00f5es, como as pol\u00edcias Rodovi\u00e1ria Federal, Militar e Civil, Corpo de Bombeiros e Tiro de Guerra e pessoas da comunidade muriaeense.<\/p>\n<p><img decoding=\"async\" class=\"ngg_displayed_gallery mceItem\" src=\"https:\/\/anoticiaonline.com.br\/site\/nextgen-attach_to_post\/preview\/id--8841\" alt=\"\" \/><\/p>\n","protected":false},"excerpt":{"rendered":"<p>A vereadora Helena Francisca de Oliveira Carvalho (PMDB) foi empossada como a nova presidente da C\u00e2mara de Vereadores para o ano de 2016. Helena foi eleita com nove votos a favor contra dois votos em branco no dia 15 de dezembro de 2015. A solenidade aconteceu na noite de segunda-feira (4), no plen\u00e1rio da C\u00e2mara. &#8230; <a title=\"Vereadora Helena Carvalho \u00e9 empossada presidente da C\u00e2mara de Vereadores\" class=\"read-more\" href=\"https:\/\/anoticiaonline.com.br\/site\/vereadora-helena-carvalho-e-empossada-presidente-da-camara-de-vereadores\/\" aria-label=\"Read more about Vereadora Helena Carvalho \u00e9 empossada presidente da C\u00e2mara de Vereadores\">Ler mais<\/a><\/p>\n","protected":false},"author":2,"featured_media":8830,"comment_status":"open","ping_status":"open","sticky":false,"template":"","format":"standard","meta":{"_acf_changed":false,"_monsterinsights_skip_tracking":false,"footnotes":""},"categories":[30],"tags":[3],"class_list":["post-8829","post","type-post","status-publish","format-standard","has-post-thumbnail","hentry","category-muriae","tag-slide"],"acf":[],"aioseo_notices":[],"aioseo_head":"\n\t\t<!-- All in One SEO 5.0.0.1 - aioseo.com -->\n\t<meta name=\"description\" content=\"A vereadora Helena Francisca de Oliveira Carvalho (PMDB) foi empossada como a nova presidente da C\u00e2mara de Vereadores para o ano de 2016. Helena foi eleita com nove votos a favor contra dois votos em branco no dia 15 de dezembro de 2015. A solenidade aconteceu na noite de segunda-feira (4), no plen\u00e1rio da C\u00e2mara.\" \/>\n\t<meta name=\"robots\" content=\"max-image-preview:large\" \/>\n\t<meta name=\"author\" content=\"Juliana Laviola\"\/>\n\t<link rel=\"canonical\" href=\"https:\/\/anoticiaonline.com.br\/site\/vereadora-helena-carvalho-e-empossada-presidente-da-camara-de-vereadores\/\" \/>\n\t<meta name=\"generator\" content=\"All in One SEO (AIOSEO) 5.0.0.1\" \/>\n\t\t<meta property=\"og:locale\" content=\"pt_BR\" \/>\n\t\t<meta property=\"og:site_name\" content=\"A Not\u00edcia Online - Noticias de Muria\u00e9 e regi\u00e3o\" \/>\n\t\t<meta property=\"og:type\" content=\"article\" \/>\n\t\t<meta property=\"og:title\" content=\"Vereadora Helena Carvalho \u00e9 empossada presidente da C\u00e2mara de Vereadores - A Not\u00edcia Online\" \/>\n\t\t<meta property=\"og:description\" content=\"A vereadora Helena Francisca de Oliveira Carvalho (PMDB) foi empossada como a nova presidente da C\u00e2mara de Vereadores para o ano de 2016. Helena foi eleita com nove votos a favor contra dois votos em branco no dia 15 de dezembro de 2015. A solenidade aconteceu na noite de segunda-feira (4), no plen\u00e1rio da C\u00e2mara.\" \/>\n\t\t<meta property=\"og:url\" content=\"https:\/\/anoticiaonline.com.br\/site\/vereadora-helena-carvalho-e-empossada-presidente-da-camara-de-vereadores\/\" \/>\n\t\t<meta property=\"og:image\" content=\"https:\/\/scontent-gig4-1.xx.fbcdn.net\/v\/t39.30808-1\/270437624_4564083193639691_6907940295614233970_n.jpg?stp=dst-jpg_s200x200_tt6&#038;_nc_cat=111&#038;ccb=1-7&#038;_nc_sid=f907e8&#038;_nc_ohc=SM1wRlP3lJwQ7kNvwEPuBYA&#038;_nc_oc=AdnqrjDN_BNjSSHWO-GbkIWH6fkGMLw4bqvL_NH6e2wMveX7G-rP2dAqsDSq1mJMOaY&#038;_nc_zt=24&#038;_nc_ht=scontent-gig4-1.xx&#038;_nc_gid=AoBFJeGrT1hVaew_6rchkQ&#038;oh=00_AfX7QmFGhQhG2jAllVgXCiM1ZrWgvtp80-Bfppyexh1QEg&#038;oe=689E923C\" \/>\n\t\t<meta property=\"og:image:secure_url\" content=\"https:\/\/scontent-gig4-1.xx.fbcdn.net\/v\/t39.30808-1\/270437624_4564083193639691_6907940295614233970_n.jpg?stp=dst-jpg_s200x200_tt6&#038;_nc_cat=111&#038;ccb=1-7&#038;_nc_sid=f907e8&#038;_nc_ohc=SM1wRlP3lJwQ7kNvwEPuBYA&#038;_nc_oc=AdnqrjDN_BNjSSHWO-GbkIWH6fkGMLw4bqvL_NH6e2wMveX7G-rP2dAqsDSq1mJMOaY&#038;_nc_zt=24&#038;_nc_ht=scontent-gig4-1.xx&#038;_nc_gid=AoBFJeGrT1hVaew_6rchkQ&#038;oh=00_AfX7QmFGhQhG2jAllVgXCiM1ZrWgvtp80-Bfppyexh1QEg&#038;oe=689E923C\" \/>\n\t\t<meta property=\"article:published_time\" content=\"2016-01-07T11:49:19+00:00\" \/>\n\t\t<meta property=\"article:modified_time\" content=\"2016-01-07T11:49:19+00:00\" \/>\n\t\t<meta name=\"twitter:card\" content=\"summary_large_image\" \/>\n\t\t<meta name=\"twitter:title\" content=\"Vereadora Helena Carvalho \u00e9 empossada presidente da C\u00e2mara de Vereadores - A Not\u00edcia Online\" \/>\n\t\t<meta name=\"twitter:description\" content=\"A vereadora Helena Francisca de Oliveira Carvalho (PMDB) foi empossada como a nova presidente da C\u00e2mara de Vereadores para o ano de 2016. Helena foi eleita com nove votos a favor contra dois votos em branco no dia 15 de dezembro de 2015. A solenidade aconteceu na noite de segunda-feira (4), no plen\u00e1rio da C\u00e2mara.\" \/>\n\t\t<meta name=\"twitter:image\" content=\"https:\/\/scontent-gig4-1.xx.fbcdn.net\/v\/t39.30808-1\/270437624_4564083193639691_6907940295614233970_n.jpg?stp=dst-jpg_s200x200_tt6&amp;_nc_cat=111&amp;ccb=1-7&amp;_nc_sid=f907e8&amp;_nc_ohc=SM1wRlP3lJwQ7kNvwEPuBYA&amp;_nc_oc=AdnqrjDN_BNjSSHWO-GbkIWH6fkGMLw4bqvL_NH6e2wMveX7G-rP2dAqsDSq1mJMOaY&amp;_nc_zt=24&amp;_nc_ht=scontent-gig4-1.xx&amp;_nc_gid=AoBFJeGrT1hVaew_6rchkQ&amp;oh=00_AfX7QmFGhQhG2jAllVgXCiM1ZrWgvtp80-Bfppyexh1QEg&amp;oe=689E923C\" \/>\n\t\t<script type=\"application\/ld+json\" class=\"aioseo-schema\">\n\t\t\t{\"@context\":\"https:\\\/\\\/schema.org\",\"@graph\":[{\"@type\":\"BlogPosting\",\"@id\":\"https:\\\/\\\/anoticiaonline.com.br\\\/site\\\/vereadora-helena-carvalho-e-empossada-presidente-da-camara-de-vereadores\\\/#blogposting\",\"name\":\"Vereadora Helena Carvalho \\u00e9 empossada presidente da C\\u00e2mara de Vereadores - A Not\\u00edcia Online\",\"headline\":\"Vereadora Helena Carvalho \\u00e9 empossada presidente da C\\u00e2mara de Vereadores\",\"author\":{\"@id\":\"https:\\\/\\\/anoticiaonline.com.br\\\/site\\\/author\\\/juliana\\\/#author\"},\"publisher\":{\"@id\":\"https:\\\/\\\/anoticiaonline.com.br\\\/site\\\/#organization\"},\"image\":{\"@type\":\"ImageObject\",\"url\":\"https:\\\/\\\/anoticiaonline.com.br\\\/site\\\/wp-content\\\/uploads\\\/2016\\\/01\\\/LUD_9905.jpg\",\"width\":640,\"height\":241},\"datePublished\":\"2016-01-07T08:49:19-03:00\",\"dateModified\":\"2016-01-07T08:49:19-03:00\",\"inLanguage\":\"pt-BR\",\"mainEntityOfPage\":{\"@id\":\"https:\\\/\\\/anoticiaonline.com.br\\\/site\\\/vereadora-helena-carvalho-e-empossada-presidente-da-camara-de-vereadores\\\/#webpage\"},\"isPartOf\":{\"@id\":\"https:\\\/\\\/anoticiaonline.com.br\\\/site\\\/vereadora-helena-carvalho-e-empossada-presidente-da-camara-de-vereadores\\\/#webpage\"},\"articleSection\":\"Blog, slide\"},{\"@type\":\"BreadcrumbList\",\"@id\":\"https:\\\/\\\/anoticiaonline.com.br\\\/site\\\/vereadora-helena-carvalho-e-empossada-presidente-da-camara-de-vereadores\\\/#breadcrumblist\",\"itemListElement\":[{\"@type\":\"ListItem\",\"@id\":\"https:\\\/\\\/anoticiaonline.com.br\\\/site#listItem\",\"position\":1,\"name\":\"Home\",\"item\":\"https:\\\/\\\/anoticiaonline.com.br\\\/site\",\"nextItem\":{\"@type\":\"ListItem\",\"@id\":\"https:\\\/\\\/anoticiaonline.com.br\\\/site\\\/categoria\\\/muriae\\\/#listItem\",\"name\":\"Blog\"}},{\"@type\":\"ListItem\",\"@id\":\"https:\\\/\\\/anoticiaonline.com.br\\\/site\\\/categoria\\\/muriae\\\/#listItem\",\"position\":2,\"name\":\"Blog\",\"item\":\"https:\\\/\\\/anoticiaonline.com.br\\\/site\\\/categoria\\\/muriae\\\/\",\"nextItem\":{\"@type\":\"ListItem\",\"@id\":\"https:\\\/\\\/anoticiaonline.com.br\\\/site\\\/vereadora-helena-carvalho-e-empossada-presidente-da-camara-de-vereadores\\\/#listItem\",\"name\":\"Vereadora Helena Carvalho \\u00e9 empossada presidente da C\\u00e2mara de Vereadores\"},\"previousItem\":{\"@type\":\"ListItem\",\"@id\":\"https:\\\/\\\/anoticiaonline.com.br\\\/site#listItem\",\"name\":\"Home\"}},{\"@type\":\"ListItem\",\"@id\":\"https:\\\/\\\/anoticiaonline.com.br\\\/site\\\/vereadora-helena-carvalho-e-empossada-presidente-da-camara-de-vereadores\\\/#listItem\",\"position\":3,\"name\":\"Vereadora Helena Carvalho \\u00e9 empossada presidente da C\\u00e2mara de Vereadores\",\"previousItem\":{\"@type\":\"ListItem\",\"@id\":\"https:\\\/\\\/anoticiaonline.com.br\\\/site\\\/categoria\\\/muriae\\\/#listItem\",\"name\":\"Blog\"}}]},{\"@type\":\"Organization\",\"@id\":\"https:\\\/\\\/anoticiaonline.com.br\\\/site\\\/#organization\",\"name\":\"A Not\\u00edcia Online\",\"description\":\"Noticias de Muria\\u00e9 e regi\\u00e3o\",\"url\":\"https:\\\/\\\/anoticiaonline.com.br\\\/site\\\/\",\"logo\":{\"@type\":\"ImageObject\",\"url\":\"https:\\\/\\\/scontent-gig4-1.xx.fbcdn.net\\\/v\\\/t39.30808-1\\\/270437624_4564083193639691_6907940295614233970_n.jpg?stp=dst-jpg_s200x200_tt6&_nc_cat=111&ccb=1-7&_nc_sid=f907e8&_nc_ohc=SM1wRlP3lJwQ7kNvwEPuBYA&_nc_oc=AdnqrjDN_BNjSSHWO-GbkIWH6fkGMLw4bqvL_NH6e2wMveX7G-rP2dAqsDSq1mJMOaY&_nc_zt=24&_nc_ht=scontent-gig4-1.xx&_nc_gid=AoBFJeGrT1hVaew_6rchkQ&oh=00_AfX7QmFGhQhG2jAllVgXCiM1ZrWgvtp80-Bfppyexh1QEg&oe=689E923C\",\"@id\":\"https:\\\/\\\/anoticiaonline.com.br\\\/site\\\/vereadora-helena-carvalho-e-empossada-presidente-da-camara-de-vereadores\\\/#organizationLogo\"},\"image\":{\"@id\":\"https:\\\/\\\/anoticiaonline.com.br\\\/site\\\/vereadora-helena-carvalho-e-empossada-presidente-da-camara-de-vereadores\\\/#organizationLogo\"}},{\"@type\":\"Person\",\"@id\":\"https:\\\/\\\/anoticiaonline.com.br\\\/site\\\/author\\\/juliana\\\/#author\",\"url\":\"https:\\\/\\\/anoticiaonline.com.br\\\/site\\\/author\\\/juliana\\\/\",\"name\":\"Juliana Laviola\",\"image\":{\"@type\":\"ImageObject\",\"@id\":\"https:\\\/\\\/anoticiaonline.com.br\\\/site\\\/vereadora-helena-carvalho-e-empossada-presidente-da-camara-de-vereadores\\\/#authorImage\",\"url\":\"https:\\\/\\\/secure.gravatar.com\\\/avatar\\\/b8d45f5c699b100dfaf0e543582f38f38bf94cb7ae3a5e9abf8d891a34773335?s=96&d=mm&r=g\",\"width\":96,\"height\":96,\"caption\":\"Juliana Laviola\"}},{\"@type\":\"WebPage\",\"@id\":\"https:\\\/\\\/anoticiaonline.com.br\\\/site\\\/vereadora-helena-carvalho-e-empossada-presidente-da-camara-de-vereadores\\\/#webpage\",\"url\":\"https:\\\/\\\/anoticiaonline.com.br\\\/site\\\/vereadora-helena-carvalho-e-empossada-presidente-da-camara-de-vereadores\\\/\",\"name\":\"Vereadora Helena Carvalho \\u00e9 empossada presidente da C\\u00e2mara de Vereadores - A Not\\u00edcia Online\",\"description\":\"A vereadora Helena Francisca de Oliveira Carvalho (PMDB) foi empossada como a nova presidente da C\\u00e2mara de Vereadores para o ano de 2016. Helena foi eleita com nove votos a favor contra dois votos em branco no dia 15 de dezembro de 2015. A solenidade aconteceu na noite de segunda-feira (4), no plen\\u00e1rio da C\\u00e2mara.\",\"inLanguage\":\"pt-BR\",\"isPartOf\":{\"@id\":\"https:\\\/\\\/anoticiaonline.com.br\\\/site\\\/#website\"},\"breadcrumb\":{\"@id\":\"https:\\\/\\\/anoticiaonline.com.br\\\/site\\\/vereadora-helena-carvalho-e-empossada-presidente-da-camara-de-vereadores\\\/#breadcrumblist\"},\"author\":{\"@id\":\"https:\\\/\\\/anoticiaonline.com.br\\\/site\\\/author\\\/juliana\\\/#author\"},\"creator\":{\"@id\":\"https:\\\/\\\/anoticiaonline.com.br\\\/site\\\/author\\\/juliana\\\/#author\"},\"image\":{\"@type\":\"ImageObject\",\"url\":\"https:\\\/\\\/anoticiaonline.com.br\\\/site\\\/wp-content\\\/uploads\\\/2016\\\/01\\\/LUD_9905.jpg\",\"@id\":\"https:\\\/\\\/anoticiaonline.com.br\\\/site\\\/vereadora-helena-carvalho-e-empossada-presidente-da-camara-de-vereadores\\\/#mainImage\",\"width\":640,\"height\":241},\"primaryImageOfPage\":{\"@id\":\"https:\\\/\\\/anoticiaonline.com.br\\\/site\\\/vereadora-helena-carvalho-e-empossada-presidente-da-camara-de-vereadores\\\/#mainImage\"},\"datePublished\":\"2016-01-07T08:49:19-03:00\",\"dateModified\":\"2016-01-07T08:49:19-03:00\"},{\"@type\":\"WebSite\",\"@id\":\"https:\\\/\\\/anoticiaonline.com.br\\\/site\\\/#website\",\"url\":\"https:\\\/\\\/anoticiaonline.com.br\\\/site\\\/\",\"name\":\"A Not\\u00edcia Online\",\"description\":\"Noticias de Muria\\u00e9 e regi\\u00e3o\",\"inLanguage\":\"pt-BR\",\"publisher\":{\"@id\":\"https:\\\/\\\/anoticiaonline.com.br\\\/site\\\/#organization\"}}]}\n\t\t<\/script>\n\t\t<!-- All in One SEO -->\n\n","aioseo_head_json":{"title":"Vereadora Helena Carvalho \u00e9 empossada presidente da C\u00e2mara de Vereadores - A Not\u00edcia Online","description":"A vereadora Helena Francisca de Oliveira Carvalho (PMDB) foi empossada como a nova presidente da C\u00e2mara de Vereadores para o ano de 2016. Helena foi eleita com nove votos a favor contra dois votos em branco no dia 15 de dezembro de 2015. A solenidade aconteceu na noite de segunda-feira (4), no plen\u00e1rio da C\u00e2mara.","canonical_url":"https:\/\/anoticiaonline.com.br\/site\/vereadora-helena-carvalho-e-empossada-presidente-da-camara-de-vereadores\/","robots":"max-image-preview:large","keywords":"","webmasterTools":{"miscellaneous":""},"schema":{"@context":"https:\/\/schema.org","@graph":[{"@type":"BlogPosting","@id":"https:\/\/anoticiaonline.com.br\/site\/vereadora-helena-carvalho-e-empossada-presidente-da-camara-de-vereadores\/#blogposting","name":"Vereadora Helena Carvalho \u00e9 empossada presidente da C\u00e2mara de Vereadores - A Not\u00edcia Online","headline":"Vereadora Helena Carvalho \u00e9 empossada presidente da C\u00e2mara de Vereadores","author":{"@id":"https:\/\/anoticiaonline.com.br\/site\/author\/juliana\/#author"},"publisher":{"@id":"https:\/\/anoticiaonline.com.br\/site\/#organization"},"image":{"@type":"ImageObject","url":"https:\/\/anoticiaonline.com.br\/site\/wp-content\/uploads\/2016\/01\/LUD_9905.jpg","width":640,"height":241},"datePublished":"2016-01-07T08:49:19-03:00","dateModified":"2016-01-07T08:49:19-03:00","inLanguage":"pt-BR","mainEntityOfPage":{"@id":"https:\/\/anoticiaonline.com.br\/site\/vereadora-helena-carvalho-e-empossada-presidente-da-camara-de-vereadores\/#webpage"},"isPartOf":{"@id":"https:\/\/anoticiaonline.com.br\/site\/vereadora-helena-carvalho-e-empossada-presidente-da-camara-de-vereadores\/#webpage"},"articleSection":"Blog, slide"},{"@type":"BreadcrumbList","@id":"https:\/\/anoticiaonline.com.br\/site\/vereadora-helena-carvalho-e-empossada-presidente-da-camara-de-vereadores\/#breadcrumblist","itemListElement":[{"@type":"ListItem","@id":"https:\/\/anoticiaonline.com.br\/site#listItem","position":1,"name":"Home","item":"https:\/\/anoticiaonline.com.br\/site","nextItem":{"@type":"ListItem","@id":"https:\/\/anoticiaonline.com.br\/site\/categoria\/muriae\/#listItem","name":"Blog"}},{"@type":"ListItem","@id":"https:\/\/anoticiaonline.com.br\/site\/categoria\/muriae\/#listItem","position":2,"name":"Blog","item":"https:\/\/anoticiaonline.com.br\/site\/categoria\/muriae\/","nextItem":{"@type":"ListItem","@id":"https:\/\/anoticiaonline.com.br\/site\/vereadora-helena-carvalho-e-empossada-presidente-da-camara-de-vereadores\/#listItem","name":"Vereadora Helena Carvalho \u00e9 empossada presidente da C\u00e2mara de Vereadores"},"previousItem":{"@type":"ListItem","@id":"https:\/\/anoticiaonline.com.br\/site#listItem","name":"Home"}},{"@type":"ListItem","@id":"https:\/\/anoticiaonline.com.br\/site\/vereadora-helena-carvalho-e-empossada-presidente-da-camara-de-vereadores\/#listItem","position":3,"name":"Vereadora Helena Carvalho \u00e9 empossada presidente da C\u00e2mara de Vereadores","previousItem":{"@type":"ListItem","@id":"https:\/\/anoticiaonline.com.br\/site\/categoria\/muriae\/#listItem","name":"Blog"}}]},{"@type":"Organization","@id":"https:\/\/anoticiaonline.com.br\/site\/#organization","name":"A Not\u00edcia Online","description":"Noticias de Muria\u00e9 e regi\u00e3o","url":"https:\/\/anoticiaonline.com.br\/site\/","logo":{"@type":"ImageObject","url":"https:\/\/scontent-gig4-1.xx.fbcdn.net\/v\/t39.30808-1\/270437624_4564083193639691_6907940295614233970_n.jpg?stp=dst-jpg_s200x200_tt6&_nc_cat=111&ccb=1-7&_nc_sid=f907e8&_nc_ohc=SM1wRlP3lJwQ7kNvwEPuBYA&_nc_oc=AdnqrjDN_BNjSSHWO-GbkIWH6fkGMLw4bqvL_NH6e2wMveX7G-rP2dAqsDSq1mJMOaY&_nc_zt=24&_nc_ht=scontent-gig4-1.xx&_nc_gid=AoBFJeGrT1hVaew_6rchkQ&oh=00_AfX7QmFGhQhG2jAllVgXCiM1ZrWgvtp80-Bfppyexh1QEg&oe=689E923C","@id":"https:\/\/anoticiaonline.com.br\/site\/vereadora-helena-carvalho-e-empossada-presidente-da-camara-de-vereadores\/#organizationLogo"},"image":{"@id":"https:\/\/anoticiaonline.com.br\/site\/vereadora-helena-carvalho-e-empossada-presidente-da-camara-de-vereadores\/#organizationLogo"}},{"@type":"Person","@id":"https:\/\/anoticiaonline.com.br\/site\/author\/juliana\/#author","url":"https:\/\/anoticiaonline.com.br\/site\/author\/juliana\/","name":"Juliana Laviola","image":{"@type":"ImageObject","@id":"https:\/\/anoticiaonline.com.br\/site\/vereadora-helena-carvalho-e-empossada-presidente-da-camara-de-vereadores\/#authorImage","url":"https:\/\/secure.gravatar.com\/avatar\/b8d45f5c699b100dfaf0e543582f38f38bf94cb7ae3a5e9abf8d891a34773335?s=96&d=mm&r=g","width":96,"height":96,"caption":"Juliana Laviola"}},{"@type":"WebPage","@id":"https:\/\/anoticiaonline.com.br\/site\/vereadora-helena-carvalho-e-empossada-presidente-da-camara-de-vereadores\/#webpage","url":"https:\/\/anoticiaonline.com.br\/site\/vereadora-helena-carvalho-e-empossada-presidente-da-camara-de-vereadores\/","name":"Vereadora Helena Carvalho \u00e9 empossada presidente da C\u00e2mara de Vereadores - A Not\u00edcia Online","description":"A vereadora Helena Francisca de Oliveira Carvalho (PMDB) foi empossada como a nova presidente da C\u00e2mara de Vereadores para o ano de 2016. Helena foi eleita com nove votos a favor contra dois votos em branco no dia 15 de dezembro de 2015. A solenidade aconteceu na noite de segunda-feira (4), no plen\u00e1rio da C\u00e2mara.","inLanguage":"pt-BR","isPartOf":{"@id":"https:\/\/anoticiaonline.com.br\/site\/#website"},"breadcrumb":{"@id":"https:\/\/anoticiaonline.com.br\/site\/vereadora-helena-carvalho-e-empossada-presidente-da-camara-de-vereadores\/#breadcrumblist"},"author":{"@id":"https:\/\/anoticiaonline.com.br\/site\/author\/juliana\/#author"},"creator":{"@id":"https:\/\/anoticiaonline.com.br\/site\/author\/juliana\/#author"},"image":{"@type":"ImageObject","url":"https:\/\/anoticiaonline.com.br\/site\/wp-content\/uploads\/2016\/01\/LUD_9905.jpg","@id":"https:\/\/anoticiaonline.com.br\/site\/vereadora-helena-carvalho-e-empossada-presidente-da-camara-de-vereadores\/#mainImage","width":640,"height":241},"primaryImageOfPage":{"@id":"https:\/\/anoticiaonline.com.br\/site\/vereadora-helena-carvalho-e-empossada-presidente-da-camara-de-vereadores\/#mainImage"},"datePublished":"2016-01-07T08:49:19-03:00","dateModified":"2016-01-07T08:49:19-03:00"},{"@type":"WebSite","@id":"https:\/\/anoticiaonline.com.br\/site\/#website","url":"https:\/\/anoticiaonline.com.br\/site\/","name":"A Not\u00edcia Online","description":"Noticias de Muria\u00e9 e regi\u00e3o","inLanguage":"pt-BR","publisher":{"@id":"https:\/\/anoticiaonline.com.br\/site\/#organization"}}]},"og:locale":"pt_BR","og:site_name":"A Not\u00edcia Online - Noticias de Muria\u00e9 e regi\u00e3o","og:type":"article","og:title":"Vereadora Helena Carvalho \u00e9 empossada presidente da C\u00e2mara de Vereadores - A Not\u00edcia Online","og:description":"A vereadora Helena Francisca de Oliveira Carvalho (PMDB) foi empossada como a nova presidente da C\u00e2mara de Vereadores para o ano de 2016. Helena foi eleita com nove votos a favor contra dois votos em branco no dia 15 de dezembro de 2015. A solenidade aconteceu na noite de segunda-feira (4), no plen\u00e1rio da C\u00e2mara.","og:url":"https:\/\/anoticiaonline.com.br\/site\/vereadora-helena-carvalho-e-empossada-presidente-da-camara-de-vereadores\/","og:image":"https:\/\/scontent-gig4-1.xx.fbcdn.net\/v\/t39.30808-1\/270437624_4564083193639691_6907940295614233970_n.jpg?stp=dst-jpg_s200x200_tt6&#038;_nc_cat=111&#038;ccb=1-7&#038;_nc_sid=f907e8&#038;_nc_ohc=SM1wRlP3lJwQ7kNvwEPuBYA&#038;_nc_oc=AdnqrjDN_BNjSSHWO-GbkIWH6fkGMLw4bqvL_NH6e2wMveX7G-rP2dAqsDSq1mJMOaY&#038;_nc_zt=24&#038;_nc_ht=scontent-gig4-1.xx&#038;_nc_gid=AoBFJeGrT1hVaew_6rchkQ&#038;oh=00_AfX7QmFGhQhG2jAllVgXCiM1ZrWgvtp80-Bfppyexh1QEg&#038;oe=689E923C","og:image:secure_url":"https:\/\/scontent-gig4-1.xx.fbcdn.net\/v\/t39.30808-1\/270437624_4564083193639691_6907940295614233970_n.jpg?stp=dst-jpg_s200x200_tt6&#038;_nc_cat=111&#038;ccb=1-7&#038;_nc_sid=f907e8&#038;_nc_ohc=SM1wRlP3lJwQ7kNvwEPuBYA&#038;_nc_oc=AdnqrjDN_BNjSSHWO-GbkIWH6fkGMLw4bqvL_NH6e2wMveX7G-rP2dAqsDSq1mJMOaY&#038;_nc_zt=24&#038;_nc_ht=scontent-gig4-1.xx&#038;_nc_gid=AoBFJeGrT1hVaew_6rchkQ&#038;oh=00_AfX7QmFGhQhG2jAllVgXCiM1ZrWgvtp80-Bfppyexh1QEg&#038;oe=689E923C","article:published_time":"2016-01-07T11:49:19+00:00","article:modified_time":"2016-01-07T11:49:19+00:00","twitter:card":"summary_large_image","twitter:title":"Vereadora Helena Carvalho \u00e9 empossada presidente da C\u00e2mara de Vereadores - A Not\u00edcia Online","twitter:description":"A vereadora Helena Francisca de Oliveira Carvalho (PMDB) foi empossada como a nova presidente da C\u00e2mara de Vereadores para o ano de 2016. Helena foi eleita com nove votos a favor contra dois votos em branco no dia 15 de dezembro de 2015. A solenidade aconteceu na noite de segunda-feira (4), no plen\u00e1rio da C\u00e2mara.","twitter:image":"https:\/\/scontent-gig4-1.xx.fbcdn.net\/v\/t39.30808-1\/270437624_4564083193639691_6907940295614233970_n.jpg?stp=dst-jpg_s200x200_tt6&_nc_cat=111&ccb=1-7&_nc_sid=f907e8&_nc_ohc=SM1wRlP3lJwQ7kNvwEPuBYA&_nc_oc=AdnqrjDN_BNjSSHWO-GbkIWH6fkGMLw4bqvL_NH6e2wMveX7G-rP2dAqsDSq1mJMOaY&_nc_zt=24&_nc_ht=scontent-gig4-1.xx&_nc_gid=AoBFJeGrT1hVaew_6rchkQ&oh=00_AfX7QmFGhQhG2jAllVgXCiM1ZrWgvtp80-Bfppyexh1QEg&oe=689E923C"},"aioseo_meta_data":{"post_id":"8829","title":null,"description":null,"keywords":null,"keyphrases":null,"primary_term":null,"canonical_url":null,"og_title":null,"og_description":null,"og_object_type":"default","og_image_type":"default","og_image_url":null,"og_image_width":null,"og_image_height":null,"og_image_custom_url":null,"og_image_custom_fields":null,"og_video":null,"og_custom_url":null,"og_article_section":null,"og_article_tags":null,"twitter_use_og":false,"twitter_card":"default","twitter_image_type":"default","twitter_image_url":null,"twitter_image_custom_url":null,"twitter_image_custom_fields":null,"twitter_title":null,"twitter_description":null,"schema":{"blockGraphs":[],"customGraphs":[],"default":{"data":{"Article":[],"Course":[],"Dataset":[],"FAQPage":[],"Movie":[],"Person":[],"Product":[],"ProductReview":[],"Car":[],"Recipe":[],"Service":[],"SoftwareApplication":[],"WebPage":[]},"graphName":"","isEnabled":true},"graphs":[]},"schema_type":"default","schema_type_options":null,"pillar_content":false,"robots_default":true,"robots_noindex":false,"robots_noarchive":false,"robots_nosnippet":false,"robots_nofollow":false,"robots_noimageindex":false,"robots_noodp":false,"robots_notranslate":false,"robots_max_snippet":null,"robots_max_videopreview":null,"robots_max_imagepreview":"large","priority":null,"frequency":null,"local_seo":null,"breadcrumb_settings":null,"limit_modified_date":false,"ai":null,"created":"2025-08-16 14:45:24","updated":"2025-08-16 14:45:24","focus_keyword":null,"additional_keywords":null,"truseo_locale":null,"seo_analyzer_scan_date":null},"aioseo_breadcrumb":"<div class=\"aioseo-breadcrumbs\"><span class=\"aioseo-breadcrumb\">\n\t\t\t<a href=\"https:\/\/anoticiaonline.com.br\/site\" title=\"Home\">Home<\/a>\n\t\t<\/span><span class=\"aioseo-breadcrumb-separator\">&raquo;<\/span><span class=\"aioseo-breadcrumb\">\n\t\t\t<a href=\"https:\/\/anoticiaonline.com.br\/site\/categoria\/muriae\/\" title=\"Blog\">Blog<\/a>\n\t\t<\/span><span class=\"aioseo-breadcrumb-separator\">&raquo;<\/span><span class=\"aioseo-breadcrumb\">\n\t\t\tVereadora Helena Carvalho \u00e9 empossada presidente da C\u00e2mara de Vereadores\n\t\t<\/span><\/div>","aioseo_breadcrumb_json":[{"label":"Home","link":"https:\/\/anoticiaonline.com.br\/site"},{"label":"Blog","link":"https:\/\/anoticiaonline.com.br\/site\/categoria\/muriae\/"},{"label":"Vereadora Helena Carvalho \u00e9 empossada presidente da C\u00e2mara de Vereadores","link":"https:\/\/anoticiaonline.com.br\/site\/vereadora-helena-carvalho-e-empossada-presidente-da-camara-de-vereadores\/"}],"views":149,"_links":{"self":[{"href":"https:\/\/anoticiaonline.com.br\/site\/wp-json\/wp\/v2\/posts\/8829","targetHints":{"allow":["GET"]}}],"collection":[{"href":"https:\/\/anoticiaonline.com.br\/site\/wp-json\/wp\/v2\/posts"}],"about":[{"href":"https:\/\/anoticiaonline.com.br\/site\/wp-json\/wp\/v2\/types\/post"}],"author":[{"embeddable":true,"href":"https:\/\/anoticiaonline.com.br\/site\/wp-json\/wp\/v2\/users\/2"}],"replies":[{"embeddable":true,"href":"https:\/\/anoticiaonline.com.br\/site\/wp-json\/wp\/v2\/comments?post=8829"}],"version-history":[{"count":0,"href":"https:\/\/anoticiaonline.com.br\/site\/wp-json\/wp\/v2\/posts\/8829\/revisions"}],"wp:featuredmedia":[{"embeddable":true,"href":"https:\/\/anoticiaonline.com.br\/site\/wp-json\/wp\/v2\/media\/8830"}],"wp:attachment":[{"href":"https:\/\/anoticiaonline.com.br\/site\/wp-json\/wp\/v2\/media?parent=8829"}],"wp:term":[{"taxonomy":"category","embeddable":true,"href":"https:\/\/anoticiaonline.com.br\/site\/wp-json\/wp\/v2\/categories?post=8829"},{"taxonomy":"post_tag","embeddable":true,"href":"https:\/\/anoticiaonline.com.br\/site\/wp-json\/wp\/v2\/tags?post=8829"}],"curies":[{"name":"wp","href":"https:\/\/api.w.org\/{rel}","templated":true}]}}