{"id":8790,"date":"2015-12-29T10:55:37","date_gmt":"2015-12-29T13:55:37","guid":{"rendered":"http:\/\/anoticiaonline.com.br\/site\/?p=8790"},"modified":"2015-12-29T10:55:37","modified_gmt":"2015-12-29T13:55:37","slug":"cantata-de-natal-da-igreja-do-evangelho-quadrangular-sede-comemora-o-nascimento-de-jesus","status":"publish","type":"post","link":"https:\/\/anoticiaonline.com.br\/site\/cantata-de-natal-da-igreja-do-evangelho-quadrangular-sede-comemora-o-nascimento-de-jesus\/","title":{"rendered":"Cantata de Natal da Igreja do Evangelho Quadrangular Sede comemora o nascimento de Jesus"},"content":{"rendered":"<p><a href=\"https:\/\/anoticiaonline.com.br\/site\/wp-content\/uploads\/2015\/12\/DSC_0154.jpg\"><img fetchpriority=\"high\" decoding=\"async\" class=\" size-medium wp-image-8791 alignleft\" src=\"https:\/\/anoticiaonline.com.br\/site\/wp-content\/uploads\/2015\/12\/DSC_0154-300x199.jpg\" alt=\"DSC_0154\" width=\"300\" height=\"199\" \/><\/a>O nascimento de Jesus foi muito comemorado e exaltado pela Igreja do Evangelho Quadrangular Sede, durante a sua Cantata de Natal. Louvores e prega\u00e7\u00f5es da palavra de Deus fizeram parte da programa\u00e7\u00e3o do evento, que aconteceu no dia 25 deste m\u00eas, dia de Natal.<\/p>\n<p>Durante quase duas horas, as apresenta\u00e7\u00f5es chamaram a aten\u00e7\u00e3o do p\u00fablico para o verdadeiro sentido do Natal e emocionaram os fi\u00e9is. O reverendo Wilson Reis, superintendente da Regi\u00e3o 415 do Minist\u00e9rio Quadrangular, afirma que o objetivo da Cantata \u00e9 transmitir uma mensagem de esperan\u00e7a e de f\u00e9. \u201cQuando celebramos o Natal, celebramos esperan\u00e7a, porque aquele foi, volta. Hoje vemos que o sentido do Natal est\u00e1 mudado, voltado mais para a parte comercial. Mas o Natal \u00e9 nascimento de Cristo. Ningu\u00e9m pode apagar aquele que nasceu e vive para sempre\u201d, afirma.<\/p>\n<p>Este ano, Cantata contou com a participa\u00e7\u00e3o especial do coral da Igreja Metodista Central. \u201cEsta foi uma festa diferente de todos os anos e tenho a certeza de que ficar\u00e1 marcada no calend\u00e1rio da Igreja\u201d, considera o reverendo Wilson Reis.<\/p>\n<p>A pastora S\u00edlvia Cristina reafirma o significado do Natal e enaltece Jesus como o salvador do mundo. \u201cO Natal para os crist\u00e3os \u00e9 e sempre ser\u00e1 o nascimento de Jesus, embora a sociedade tenha mudado um pouco o foco do personagem principal. O Natal \u00e9 uma data muito gostosa de viver, pois traz o sentimento, a emo\u00e7\u00e3o da import\u00e2ncia do que Jesus foi, \u00e9 e continuar\u00e1 sendo para n\u00f3s. Esse sentimento de ter um Deus no nosso meio como homem, pisando na Terra, por amor \u00e0 sua cria\u00e7\u00e3o, \u00e9 o verdadeiro s\u00edmbolo do Natal. A nossa miss\u00e3o como igreja, como crist\u00e3os, \u00e9 reafirmarmos o que \u00e9, realmente, o Natal e o que ele simboliza para n\u00f3s\u201d, conclui.<\/p>\n<p><img decoding=\"async\" class=\"ngg_displayed_gallery mceItem\" src=\"https:\/\/anoticiaonline.com.br\/site\/nextgen-attach_to_post\/preview\/id--8818\" alt=\"\" \/><\/p>\n","protected":false},"excerpt":{"rendered":"<p>O nascimento de Jesus foi muito comemorado e exaltado pela Igreja do Evangelho Quadrangular Sede, durante a sua Cantata de Natal. Louvores e prega\u00e7\u00f5es da palavra de Deus fizeram parte da programa\u00e7\u00e3o do evento, que aconteceu no dia 25 deste m\u00eas, dia de Natal. Durante quase duas horas, as apresenta\u00e7\u00f5es chamaram a aten\u00e7\u00e3o do p\u00fablico &#8230; <a title=\"Cantata de Natal da Igreja do Evangelho Quadrangular Sede comemora o nascimento de Jesus\" class=\"read-more\" href=\"https:\/\/anoticiaonline.com.br\/site\/cantata-de-natal-da-igreja-do-evangelho-quadrangular-sede-comemora-o-nascimento-de-jesus\/\" aria-label=\"Read more about Cantata de Natal da Igreja do Evangelho Quadrangular Sede comemora o nascimento de Jesus\">Ler mais<\/a><\/p>\n","protected":false},"author":2,"featured_media":0,"comment_status":"open","ping_status":"open","sticky":false,"template":"","format":"standard","meta":{"_acf_changed":false,"_monsterinsights_skip_tracking":false,"footnotes":""},"categories":[24],"tags":[3],"class_list":["post-8790","post","type-post","status-publish","format-standard","hentry","category-eventos","tag-slide"],"acf":[],"aioseo_notices":[],"aioseo_head":"\n\t\t<!-- All in One SEO 5.0.0.1 - aioseo.com -->\n\t<meta name=\"description\" content=\"O nascimento de Jesus foi muito comemorado e exaltado pela Igreja do Evangelho Quadrangular Sede, durante a sua Cantata de Natal. Louvores e prega\u00e7\u00f5es da palavra de Deus fizeram parte da programa\u00e7\u00e3o do evento, que aconteceu no dia 25 deste m\u00eas, dia de Natal. Durante quase duas horas, as apresenta\u00e7\u00f5es chamaram a aten\u00e7\u00e3o do p\u00fablico\" \/>\n\t<meta name=\"robots\" content=\"max-image-preview:large\" \/>\n\t<meta name=\"author\" content=\"Juliana Laviola\"\/>\n\t<link rel=\"canonical\" href=\"https:\/\/anoticiaonline.com.br\/site\/cantata-de-natal-da-igreja-do-evangelho-quadrangular-sede-comemora-o-nascimento-de-jesus\/\" \/>\n\t<meta name=\"generator\" content=\"All in One SEO (AIOSEO) 5.0.0.1\" \/>\n\t\t<meta property=\"og:locale\" content=\"pt_BR\" \/>\n\t\t<meta property=\"og:site_name\" content=\"A Not\u00edcia Online - Noticias de Muria\u00e9 e regi\u00e3o\" \/>\n\t\t<meta property=\"og:type\" content=\"article\" \/>\n\t\t<meta property=\"og:title\" content=\"Cantata de Natal da Igreja do Evangelho Quadrangular Sede comemora o nascimento de Jesus - A Not\u00edcia Online\" \/>\n\t\t<meta property=\"og:description\" content=\"O nascimento de Jesus foi muito comemorado e exaltado pela Igreja do Evangelho Quadrangular Sede, durante a sua Cantata de Natal. Louvores e prega\u00e7\u00f5es da palavra de Deus fizeram parte da programa\u00e7\u00e3o do evento, que aconteceu no dia 25 deste m\u00eas, dia de Natal. Durante quase duas horas, as apresenta\u00e7\u00f5es chamaram a aten\u00e7\u00e3o do p\u00fablico\" \/>\n\t\t<meta property=\"og:url\" content=\"https:\/\/anoticiaonline.com.br\/site\/cantata-de-natal-da-igreja-do-evangelho-quadrangular-sede-comemora-o-nascimento-de-jesus\/\" \/>\n\t\t<meta property=\"og:image\" content=\"https:\/\/scontent-gig4-1.xx.fbcdn.net\/v\/t39.30808-1\/270437624_4564083193639691_6907940295614233970_n.jpg?stp=dst-jpg_s200x200_tt6&#038;_nc_cat=111&#038;ccb=1-7&#038;_nc_sid=f907e8&#038;_nc_ohc=SM1wRlP3lJwQ7kNvwEPuBYA&#038;_nc_oc=AdnqrjDN_BNjSSHWO-GbkIWH6fkGMLw4bqvL_NH6e2wMveX7G-rP2dAqsDSq1mJMOaY&#038;_nc_zt=24&#038;_nc_ht=scontent-gig4-1.xx&#038;_nc_gid=AoBFJeGrT1hVaew_6rchkQ&#038;oh=00_AfX7QmFGhQhG2jAllVgXCiM1ZrWgvtp80-Bfppyexh1QEg&#038;oe=689E923C\" \/>\n\t\t<meta property=\"og:image:secure_url\" content=\"https:\/\/scontent-gig4-1.xx.fbcdn.net\/v\/t39.30808-1\/270437624_4564083193639691_6907940295614233970_n.jpg?stp=dst-jpg_s200x200_tt6&#038;_nc_cat=111&#038;ccb=1-7&#038;_nc_sid=f907e8&#038;_nc_ohc=SM1wRlP3lJwQ7kNvwEPuBYA&#038;_nc_oc=AdnqrjDN_BNjSSHWO-GbkIWH6fkGMLw4bqvL_NH6e2wMveX7G-rP2dAqsDSq1mJMOaY&#038;_nc_zt=24&#038;_nc_ht=scontent-gig4-1.xx&#038;_nc_gid=AoBFJeGrT1hVaew_6rchkQ&#038;oh=00_AfX7QmFGhQhG2jAllVgXCiM1ZrWgvtp80-Bfppyexh1QEg&#038;oe=689E923C\" \/>\n\t\t<meta property=\"article:published_time\" content=\"2015-12-29T13:55:37+00:00\" \/>\n\t\t<meta property=\"article:modified_time\" content=\"2015-12-29T13:55:37+00:00\" \/>\n\t\t<meta name=\"twitter:card\" content=\"summary_large_image\" \/>\n\t\t<meta name=\"twitter:title\" content=\"Cantata de Natal da Igreja do Evangelho Quadrangular Sede comemora o nascimento de Jesus - A Not\u00edcia Online\" \/>\n\t\t<meta name=\"twitter:description\" content=\"O nascimento de Jesus foi muito comemorado e exaltado pela Igreja do Evangelho Quadrangular Sede, durante a sua Cantata de Natal. Louvores e prega\u00e7\u00f5es da palavra de Deus fizeram parte da programa\u00e7\u00e3o do evento, que aconteceu no dia 25 deste m\u00eas, dia de Natal. Durante quase duas horas, as apresenta\u00e7\u00f5es chamaram a aten\u00e7\u00e3o do p\u00fablico\" \/>\n\t\t<meta name=\"twitter:image\" content=\"https:\/\/scontent-gig4-1.xx.fbcdn.net\/v\/t39.30808-1\/270437624_4564083193639691_6907940295614233970_n.jpg?stp=dst-jpg_s200x200_tt6&amp;_nc_cat=111&amp;ccb=1-7&amp;_nc_sid=f907e8&amp;_nc_ohc=SM1wRlP3lJwQ7kNvwEPuBYA&amp;_nc_oc=AdnqrjDN_BNjSSHWO-GbkIWH6fkGMLw4bqvL_NH6e2wMveX7G-rP2dAqsDSq1mJMOaY&amp;_nc_zt=24&amp;_nc_ht=scontent-gig4-1.xx&amp;_nc_gid=AoBFJeGrT1hVaew_6rchkQ&amp;oh=00_AfX7QmFGhQhG2jAllVgXCiM1ZrWgvtp80-Bfppyexh1QEg&amp;oe=689E923C\" \/>\n\t\t<script type=\"application\/ld+json\" class=\"aioseo-schema\">\n\t\t\t{\"@context\":\"https:\\\/\\\/schema.org\",\"@graph\":[{\"@type\":\"BlogPosting\",\"@id\":\"https:\\\/\\\/anoticiaonline.com.br\\\/site\\\/cantata-de-natal-da-igreja-do-evangelho-quadrangular-sede-comemora-o-nascimento-de-jesus\\\/#blogposting\",\"name\":\"Cantata de Natal da Igreja do Evangelho Quadrangular Sede comemora o nascimento de Jesus - A Not\\u00edcia Online\",\"headline\":\"Cantata de Natal da Igreja do Evangelho Quadrangular Sede comemora o nascimento de Jesus\",\"author\":{\"@id\":\"https:\\\/\\\/anoticiaonline.com.br\\\/site\\\/author\\\/juliana\\\/#author\"},\"publisher\":{\"@id\":\"https:\\\/\\\/anoticiaonline.com.br\\\/site\\\/#organization\"},\"image\":{\"@type\":\"ImageObject\",\"url\":\"http:\\\/\\\/anoticiaonline.com.br\\\/site\\\/wp-content\\\/uploads\\\/2015\\\/12\\\/DSC_0154-300x199.jpg\",\"@id\":\"https:\\\/\\\/anoticiaonline.com.br\\\/site\\\/cantata-de-natal-da-igreja-do-evangelho-quadrangular-sede-comemora-o-nascimento-de-jesus\\\/#articleImage\"},\"datePublished\":\"2015-12-29T10:55:37-03:00\",\"dateModified\":\"2015-12-29T10:55:37-03:00\",\"inLanguage\":\"pt-BR\",\"mainEntityOfPage\":{\"@id\":\"https:\\\/\\\/anoticiaonline.com.br\\\/site\\\/cantata-de-natal-da-igreja-do-evangelho-quadrangular-sede-comemora-o-nascimento-de-jesus\\\/#webpage\"},\"isPartOf\":{\"@id\":\"https:\\\/\\\/anoticiaonline.com.br\\\/site\\\/cantata-de-natal-da-igreja-do-evangelho-quadrangular-sede-comemora-o-nascimento-de-jesus\\\/#webpage\"},\"articleSection\":\"Eventos, slide\"},{\"@type\":\"BreadcrumbList\",\"@id\":\"https:\\\/\\\/anoticiaonline.com.br\\\/site\\\/cantata-de-natal-da-igreja-do-evangelho-quadrangular-sede-comemora-o-nascimento-de-jesus\\\/#breadcrumblist\",\"itemListElement\":[{\"@type\":\"ListItem\",\"@id\":\"https:\\\/\\\/anoticiaonline.com.br\\\/site#listItem\",\"position\":1,\"name\":\"Home\",\"item\":\"https:\\\/\\\/anoticiaonline.com.br\\\/site\",\"nextItem\":{\"@type\":\"ListItem\",\"@id\":\"https:\\\/\\\/anoticiaonline.com.br\\\/site\\\/categoria\\\/eventos\\\/#listItem\",\"name\":\"Eventos\"}},{\"@type\":\"ListItem\",\"@id\":\"https:\\\/\\\/anoticiaonline.com.br\\\/site\\\/categoria\\\/eventos\\\/#listItem\",\"position\":2,\"name\":\"Eventos\",\"item\":\"https:\\\/\\\/anoticiaonline.com.br\\\/site\\\/categoria\\\/eventos\\\/\",\"nextItem\":{\"@type\":\"ListItem\",\"@id\":\"https:\\\/\\\/anoticiaonline.com.br\\\/site\\\/cantata-de-natal-da-igreja-do-evangelho-quadrangular-sede-comemora-o-nascimento-de-jesus\\\/#listItem\",\"name\":\"Cantata de Natal da Igreja do Evangelho Quadrangular Sede comemora o nascimento de Jesus\"},\"previousItem\":{\"@type\":\"ListItem\",\"@id\":\"https:\\\/\\\/anoticiaonline.com.br\\\/site#listItem\",\"name\":\"Home\"}},{\"@type\":\"ListItem\",\"@id\":\"https:\\\/\\\/anoticiaonline.com.br\\\/site\\\/cantata-de-natal-da-igreja-do-evangelho-quadrangular-sede-comemora-o-nascimento-de-jesus\\\/#listItem\",\"position\":3,\"name\":\"Cantata de Natal da Igreja do Evangelho Quadrangular Sede comemora o nascimento de Jesus\",\"previousItem\":{\"@type\":\"ListItem\",\"@id\":\"https:\\\/\\\/anoticiaonline.com.br\\\/site\\\/categoria\\\/eventos\\\/#listItem\",\"name\":\"Eventos\"}}]},{\"@type\":\"Organization\",\"@id\":\"https:\\\/\\\/anoticiaonline.com.br\\\/site\\\/#organization\",\"name\":\"A Not\\u00edcia Online\",\"description\":\"Noticias de Muria\\u00e9 e regi\\u00e3o\",\"url\":\"https:\\\/\\\/anoticiaonline.com.br\\\/site\\\/\",\"logo\":{\"@type\":\"ImageObject\",\"url\":\"https:\\\/\\\/scontent-gig4-1.xx.fbcdn.net\\\/v\\\/t39.30808-1\\\/270437624_4564083193639691_6907940295614233970_n.jpg?stp=dst-jpg_s200x200_tt6&_nc_cat=111&ccb=1-7&_nc_sid=f907e8&_nc_ohc=SM1wRlP3lJwQ7kNvwEPuBYA&_nc_oc=AdnqrjDN_BNjSSHWO-GbkIWH6fkGMLw4bqvL_NH6e2wMveX7G-rP2dAqsDSq1mJMOaY&_nc_zt=24&_nc_ht=scontent-gig4-1.xx&_nc_gid=AoBFJeGrT1hVaew_6rchkQ&oh=00_AfX7QmFGhQhG2jAllVgXCiM1ZrWgvtp80-Bfppyexh1QEg&oe=689E923C\",\"@id\":\"https:\\\/\\\/anoticiaonline.com.br\\\/site\\\/cantata-de-natal-da-igreja-do-evangelho-quadrangular-sede-comemora-o-nascimento-de-jesus\\\/#organizationLogo\"},\"image\":{\"@id\":\"https:\\\/\\\/anoticiaonline.com.br\\\/site\\\/cantata-de-natal-da-igreja-do-evangelho-quadrangular-sede-comemora-o-nascimento-de-jesus\\\/#organizationLogo\"}},{\"@type\":\"Person\",\"@id\":\"https:\\\/\\\/anoticiaonline.com.br\\\/site\\\/author\\\/juliana\\\/#author\",\"url\":\"https:\\\/\\\/anoticiaonline.com.br\\\/site\\\/author\\\/juliana\\\/\",\"name\":\"Juliana Laviola\",\"image\":{\"@type\":\"ImageObject\",\"@id\":\"https:\\\/\\\/anoticiaonline.com.br\\\/site\\\/cantata-de-natal-da-igreja-do-evangelho-quadrangular-sede-comemora-o-nascimento-de-jesus\\\/#authorImage\",\"url\":\"https:\\\/\\\/secure.gravatar.com\\\/avatar\\\/b8d45f5c699b100dfaf0e543582f38f38bf94cb7ae3a5e9abf8d891a34773335?s=96&d=mm&r=g\",\"width\":96,\"height\":96,\"caption\":\"Juliana Laviola\"}},{\"@type\":\"WebPage\",\"@id\":\"https:\\\/\\\/anoticiaonline.com.br\\\/site\\\/cantata-de-natal-da-igreja-do-evangelho-quadrangular-sede-comemora-o-nascimento-de-jesus\\\/#webpage\",\"url\":\"https:\\\/\\\/anoticiaonline.com.br\\\/site\\\/cantata-de-natal-da-igreja-do-evangelho-quadrangular-sede-comemora-o-nascimento-de-jesus\\\/\",\"name\":\"Cantata de Natal da Igreja do Evangelho Quadrangular Sede comemora o nascimento de Jesus - A Not\\u00edcia Online\",\"description\":\"O nascimento de Jesus foi muito comemorado e exaltado pela Igreja do Evangelho Quadrangular Sede, durante a sua Cantata de Natal. Louvores e prega\\u00e7\\u00f5es da palavra de Deus fizeram parte da programa\\u00e7\\u00e3o do evento, que aconteceu no dia 25 deste m\\u00eas, dia de Natal. Durante quase duas horas, as apresenta\\u00e7\\u00f5es chamaram a aten\\u00e7\\u00e3o do p\\u00fablico\",\"inLanguage\":\"pt-BR\",\"isPartOf\":{\"@id\":\"https:\\\/\\\/anoticiaonline.com.br\\\/site\\\/#website\"},\"breadcrumb\":{\"@id\":\"https:\\\/\\\/anoticiaonline.com.br\\\/site\\\/cantata-de-natal-da-igreja-do-evangelho-quadrangular-sede-comemora-o-nascimento-de-jesus\\\/#breadcrumblist\"},\"author\":{\"@id\":\"https:\\\/\\\/anoticiaonline.com.br\\\/site\\\/author\\\/juliana\\\/#author\"},\"creator\":{\"@id\":\"https:\\\/\\\/anoticiaonline.com.br\\\/site\\\/author\\\/juliana\\\/#author\"},\"datePublished\":\"2015-12-29T10:55:37-03:00\",\"dateModified\":\"2015-12-29T10:55:37-03:00\"},{\"@type\":\"WebSite\",\"@id\":\"https:\\\/\\\/anoticiaonline.com.br\\\/site\\\/#website\",\"url\":\"https:\\\/\\\/anoticiaonline.com.br\\\/site\\\/\",\"name\":\"A Not\\u00edcia Online\",\"description\":\"Noticias de Muria\\u00e9 e regi\\u00e3o\",\"inLanguage\":\"pt-BR\",\"publisher\":{\"@id\":\"https:\\\/\\\/anoticiaonline.com.br\\\/site\\\/#organization\"}}]}\n\t\t<\/script>\n\t\t<!-- All in One SEO -->\n\n","aioseo_head_json":{"title":"Cantata de Natal da Igreja do Evangelho Quadrangular Sede comemora o nascimento de Jesus - A Not\u00edcia Online","description":"O nascimento de Jesus foi muito comemorado e exaltado pela Igreja do Evangelho Quadrangular Sede, durante a sua Cantata de Natal. Louvores e prega\u00e7\u00f5es da palavra de Deus fizeram parte da programa\u00e7\u00e3o do evento, que aconteceu no dia 25 deste m\u00eas, dia de Natal. Durante quase duas horas, as apresenta\u00e7\u00f5es chamaram a aten\u00e7\u00e3o do p\u00fablico","canonical_url":"https:\/\/anoticiaonline.com.br\/site\/cantata-de-natal-da-igreja-do-evangelho-quadrangular-sede-comemora-o-nascimento-de-jesus\/","robots":"max-image-preview:large","keywords":"","webmasterTools":{"miscellaneous":""},"schema":{"@context":"https:\/\/schema.org","@graph":[{"@type":"BlogPosting","@id":"https:\/\/anoticiaonline.com.br\/site\/cantata-de-natal-da-igreja-do-evangelho-quadrangular-sede-comemora-o-nascimento-de-jesus\/#blogposting","name":"Cantata de Natal da Igreja do Evangelho Quadrangular Sede comemora o nascimento de Jesus - A Not\u00edcia Online","headline":"Cantata de Natal da Igreja do Evangelho Quadrangular Sede comemora o nascimento de Jesus","author":{"@id":"https:\/\/anoticiaonline.com.br\/site\/author\/juliana\/#author"},"publisher":{"@id":"https:\/\/anoticiaonline.com.br\/site\/#organization"},"image":{"@type":"ImageObject","url":"http:\/\/anoticiaonline.com.br\/site\/wp-content\/uploads\/2015\/12\/DSC_0154-300x199.jpg","@id":"https:\/\/anoticiaonline.com.br\/site\/cantata-de-natal-da-igreja-do-evangelho-quadrangular-sede-comemora-o-nascimento-de-jesus\/#articleImage"},"datePublished":"2015-12-29T10:55:37-03:00","dateModified":"2015-12-29T10:55:37-03:00","inLanguage":"pt-BR","mainEntityOfPage":{"@id":"https:\/\/anoticiaonline.com.br\/site\/cantata-de-natal-da-igreja-do-evangelho-quadrangular-sede-comemora-o-nascimento-de-jesus\/#webpage"},"isPartOf":{"@id":"https:\/\/anoticiaonline.com.br\/site\/cantata-de-natal-da-igreja-do-evangelho-quadrangular-sede-comemora-o-nascimento-de-jesus\/#webpage"},"articleSection":"Eventos, slide"},{"@type":"BreadcrumbList","@id":"https:\/\/anoticiaonline.com.br\/site\/cantata-de-natal-da-igreja-do-evangelho-quadrangular-sede-comemora-o-nascimento-de-jesus\/#breadcrumblist","itemListElement":[{"@type":"ListItem","@id":"https:\/\/anoticiaonline.com.br\/site#listItem","position":1,"name":"Home","item":"https:\/\/anoticiaonline.com.br\/site","nextItem":{"@type":"ListItem","@id":"https:\/\/anoticiaonline.com.br\/site\/categoria\/eventos\/#listItem","name":"Eventos"}},{"@type":"ListItem","@id":"https:\/\/anoticiaonline.com.br\/site\/categoria\/eventos\/#listItem","position":2,"name":"Eventos","item":"https:\/\/anoticiaonline.com.br\/site\/categoria\/eventos\/","nextItem":{"@type":"ListItem","@id":"https:\/\/anoticiaonline.com.br\/site\/cantata-de-natal-da-igreja-do-evangelho-quadrangular-sede-comemora-o-nascimento-de-jesus\/#listItem","name":"Cantata de Natal da Igreja do Evangelho Quadrangular Sede comemora o nascimento de Jesus"},"previousItem":{"@type":"ListItem","@id":"https:\/\/anoticiaonline.com.br\/site#listItem","name":"Home"}},{"@type":"ListItem","@id":"https:\/\/anoticiaonline.com.br\/site\/cantata-de-natal-da-igreja-do-evangelho-quadrangular-sede-comemora-o-nascimento-de-jesus\/#listItem","position":3,"name":"Cantata de Natal da Igreja do Evangelho Quadrangular Sede comemora o nascimento de Jesus","previousItem":{"@type":"ListItem","@id":"https:\/\/anoticiaonline.com.br\/site\/categoria\/eventos\/#listItem","name":"Eventos"}}]},{"@type":"Organization","@id":"https:\/\/anoticiaonline.com.br\/site\/#organization","name":"A Not\u00edcia Online","description":"Noticias de Muria\u00e9 e regi\u00e3o","url":"https:\/\/anoticiaonline.com.br\/site\/","logo":{"@type":"ImageObject","url":"https:\/\/scontent-gig4-1.xx.fbcdn.net\/v\/t39.30808-1\/270437624_4564083193639691_6907940295614233970_n.jpg?stp=dst-jpg_s200x200_tt6&_nc_cat=111&ccb=1-7&_nc_sid=f907e8&_nc_ohc=SM1wRlP3lJwQ7kNvwEPuBYA&_nc_oc=AdnqrjDN_BNjSSHWO-GbkIWH6fkGMLw4bqvL_NH6e2wMveX7G-rP2dAqsDSq1mJMOaY&_nc_zt=24&_nc_ht=scontent-gig4-1.xx&_nc_gid=AoBFJeGrT1hVaew_6rchkQ&oh=00_AfX7QmFGhQhG2jAllVgXCiM1ZrWgvtp80-Bfppyexh1QEg&oe=689E923C","@id":"https:\/\/anoticiaonline.com.br\/site\/cantata-de-natal-da-igreja-do-evangelho-quadrangular-sede-comemora-o-nascimento-de-jesus\/#organizationLogo"},"image":{"@id":"https:\/\/anoticiaonline.com.br\/site\/cantata-de-natal-da-igreja-do-evangelho-quadrangular-sede-comemora-o-nascimento-de-jesus\/#organizationLogo"}},{"@type":"Person","@id":"https:\/\/anoticiaonline.com.br\/site\/author\/juliana\/#author","url":"https:\/\/anoticiaonline.com.br\/site\/author\/juliana\/","name":"Juliana Laviola","image":{"@type":"ImageObject","@id":"https:\/\/anoticiaonline.com.br\/site\/cantata-de-natal-da-igreja-do-evangelho-quadrangular-sede-comemora-o-nascimento-de-jesus\/#authorImage","url":"https:\/\/secure.gravatar.com\/avatar\/b8d45f5c699b100dfaf0e543582f38f38bf94cb7ae3a5e9abf8d891a34773335?s=96&d=mm&r=g","width":96,"height":96,"caption":"Juliana Laviola"}},{"@type":"WebPage","@id":"https:\/\/anoticiaonline.com.br\/site\/cantata-de-natal-da-igreja-do-evangelho-quadrangular-sede-comemora-o-nascimento-de-jesus\/#webpage","url":"https:\/\/anoticiaonline.com.br\/site\/cantata-de-natal-da-igreja-do-evangelho-quadrangular-sede-comemora-o-nascimento-de-jesus\/","name":"Cantata de Natal da Igreja do Evangelho Quadrangular Sede comemora o nascimento de Jesus - A Not\u00edcia Online","description":"O nascimento de Jesus foi muito comemorado e exaltado pela Igreja do Evangelho Quadrangular Sede, durante a sua Cantata de Natal. Louvores e prega\u00e7\u00f5es da palavra de Deus fizeram parte da programa\u00e7\u00e3o do evento, que aconteceu no dia 25 deste m\u00eas, dia de Natal. Durante quase duas horas, as apresenta\u00e7\u00f5es chamaram a aten\u00e7\u00e3o do p\u00fablico","inLanguage":"pt-BR","isPartOf":{"@id":"https:\/\/anoticiaonline.com.br\/site\/#website"},"breadcrumb":{"@id":"https:\/\/anoticiaonline.com.br\/site\/cantata-de-natal-da-igreja-do-evangelho-quadrangular-sede-comemora-o-nascimento-de-jesus\/#breadcrumblist"},"author":{"@id":"https:\/\/anoticiaonline.com.br\/site\/author\/juliana\/#author"},"creator":{"@id":"https:\/\/anoticiaonline.com.br\/site\/author\/juliana\/#author"},"datePublished":"2015-12-29T10:55:37-03:00","dateModified":"2015-12-29T10:55:37-03:00"},{"@type":"WebSite","@id":"https:\/\/anoticiaonline.com.br\/site\/#website","url":"https:\/\/anoticiaonline.com.br\/site\/","name":"A Not\u00edcia Online","description":"Noticias de Muria\u00e9 e regi\u00e3o","inLanguage":"pt-BR","publisher":{"@id":"https:\/\/anoticiaonline.com.br\/site\/#organization"}}]},"og:locale":"pt_BR","og:site_name":"A Not\u00edcia Online - Noticias de Muria\u00e9 e regi\u00e3o","og:type":"article","og:title":"Cantata de Natal da Igreja do Evangelho Quadrangular Sede comemora o nascimento de Jesus - A Not\u00edcia Online","og:description":"O nascimento de Jesus foi muito comemorado e exaltado pela Igreja do Evangelho Quadrangular Sede, durante a sua Cantata de Natal. Louvores e prega\u00e7\u00f5es da palavra de Deus fizeram parte da programa\u00e7\u00e3o do evento, que aconteceu no dia 25 deste m\u00eas, dia de Natal. Durante quase duas horas, as apresenta\u00e7\u00f5es chamaram a aten\u00e7\u00e3o do p\u00fablico","og:url":"https:\/\/anoticiaonline.com.br\/site\/cantata-de-natal-da-igreja-do-evangelho-quadrangular-sede-comemora-o-nascimento-de-jesus\/","og:image":"https:\/\/scontent-gig4-1.xx.fbcdn.net\/v\/t39.30808-1\/270437624_4564083193639691_6907940295614233970_n.jpg?stp=dst-jpg_s200x200_tt6&#038;_nc_cat=111&#038;ccb=1-7&#038;_nc_sid=f907e8&#038;_nc_ohc=SM1wRlP3lJwQ7kNvwEPuBYA&#038;_nc_oc=AdnqrjDN_BNjSSHWO-GbkIWH6fkGMLw4bqvL_NH6e2wMveX7G-rP2dAqsDSq1mJMOaY&#038;_nc_zt=24&#038;_nc_ht=scontent-gig4-1.xx&#038;_nc_gid=AoBFJeGrT1hVaew_6rchkQ&#038;oh=00_AfX7QmFGhQhG2jAllVgXCiM1ZrWgvtp80-Bfppyexh1QEg&#038;oe=689E923C","og:image:secure_url":"https:\/\/scontent-gig4-1.xx.fbcdn.net\/v\/t39.30808-1\/270437624_4564083193639691_6907940295614233970_n.jpg?stp=dst-jpg_s200x200_tt6&#038;_nc_cat=111&#038;ccb=1-7&#038;_nc_sid=f907e8&#038;_nc_ohc=SM1wRlP3lJwQ7kNvwEPuBYA&#038;_nc_oc=AdnqrjDN_BNjSSHWO-GbkIWH6fkGMLw4bqvL_NH6e2wMveX7G-rP2dAqsDSq1mJMOaY&#038;_nc_zt=24&#038;_nc_ht=scontent-gig4-1.xx&#038;_nc_gid=AoBFJeGrT1hVaew_6rchkQ&#038;oh=00_AfX7QmFGhQhG2jAllVgXCiM1ZrWgvtp80-Bfppyexh1QEg&#038;oe=689E923C","article:published_time":"2015-12-29T13:55:37+00:00","article:modified_time":"2015-12-29T13:55:37+00:00","twitter:card":"summary_large_image","twitter:title":"Cantata de Natal da Igreja do Evangelho Quadrangular Sede comemora o nascimento de Jesus - A Not\u00edcia Online","twitter:description":"O nascimento de Jesus foi muito comemorado e exaltado pela Igreja do Evangelho Quadrangular Sede, durante a sua Cantata de Natal. Louvores e prega\u00e7\u00f5es da palavra de Deus fizeram parte da programa\u00e7\u00e3o do evento, que aconteceu no dia 25 deste m\u00eas, dia de Natal. Durante quase duas horas, as apresenta\u00e7\u00f5es chamaram a aten\u00e7\u00e3o do p\u00fablico","twitter:image":"https:\/\/scontent-gig4-1.xx.fbcdn.net\/v\/t39.30808-1\/270437624_4564083193639691_6907940295614233970_n.jpg?stp=dst-jpg_s200x200_tt6&_nc_cat=111&ccb=1-7&_nc_sid=f907e8&_nc_ohc=SM1wRlP3lJwQ7kNvwEPuBYA&_nc_oc=AdnqrjDN_BNjSSHWO-GbkIWH6fkGMLw4bqvL_NH6e2wMveX7G-rP2dAqsDSq1mJMOaY&_nc_zt=24&_nc_ht=scontent-gig4-1.xx&_nc_gid=AoBFJeGrT1hVaew_6rchkQ&oh=00_AfX7QmFGhQhG2jAllVgXCiM1ZrWgvtp80-Bfppyexh1QEg&oe=689E923C"},"aioseo_meta_data":{"post_id":"8790","title":null,"description":null,"keywords":null,"keyphrases":null,"primary_term":null,"canonical_url":null,"og_title":null,"og_description":null,"og_object_type":"default","og_image_type":"default","og_image_url":null,"og_image_width":null,"og_image_height":null,"og_image_custom_url":null,"og_image_custom_fields":null,"og_video":null,"og_custom_url":null,"og_article_section":null,"og_article_tags":null,"twitter_use_og":false,"twitter_card":"default","twitter_image_type":"default","twitter_image_url":null,"twitter_image_custom_url":null,"twitter_image_custom_fields":null,"twitter_title":null,"twitter_description":null,"schema":{"blockGraphs":[],"customGraphs":[],"default":{"data":{"Article":[],"Course":[],"Dataset":[],"FAQPage":[],"Movie":[],"Person":[],"Product":[],"ProductReview":[],"Car":[],"Recipe":[],"Service":[],"SoftwareApplication":[],"WebPage":[]},"graphName":"","isEnabled":true},"graphs":[]},"schema_type":"default","schema_type_options":null,"pillar_content":false,"robots_default":true,"robots_noindex":false,"robots_noarchive":false,"robots_nosnippet":false,"robots_nofollow":false,"robots_noimageindex":false,"robots_noodp":false,"robots_notranslate":false,"robots_max_snippet":null,"robots_max_videopreview":null,"robots_max_imagepreview":"large","priority":null,"frequency":null,"local_seo":null,"breadcrumb_settings":null,"limit_modified_date":false,"ai":null,"created":"2025-08-16 14:45:24","updated":"2025-08-16 14:45:24","focus_keyword":null,"additional_keywords":null,"truseo_locale":null,"seo_analyzer_scan_date":null},"aioseo_breadcrumb":"<div class=\"aioseo-breadcrumbs\"><span class=\"aioseo-breadcrumb\">\n\t\t\t<a href=\"https:\/\/anoticiaonline.com.br\/site\" title=\"Home\">Home<\/a>\n\t\t<\/span><span class=\"aioseo-breadcrumb-separator\">&raquo;<\/span><span class=\"aioseo-breadcrumb\">\n\t\t\t<a href=\"https:\/\/anoticiaonline.com.br\/site\/categoria\/eventos\/\" title=\"Eventos\">Eventos<\/a>\n\t\t<\/span><span class=\"aioseo-breadcrumb-separator\">&raquo;<\/span><span class=\"aioseo-breadcrumb\">\n\t\t\tCantata de Natal da Igreja do Evangelho Quadrangular Sede comemora o nascimento de Jesus\n\t\t<\/span><\/div>","aioseo_breadcrumb_json":[{"label":"Home","link":"https:\/\/anoticiaonline.com.br\/site"},{"label":"Eventos","link":"https:\/\/anoticiaonline.com.br\/site\/categoria\/eventos\/"},{"label":"Cantata de Natal da Igreja do Evangelho Quadrangular Sede comemora o nascimento de Jesus","link":"https:\/\/anoticiaonline.com.br\/site\/cantata-de-natal-da-igreja-do-evangelho-quadrangular-sede-comemora-o-nascimento-de-jesus\/"}],"views":185,"_links":{"self":[{"href":"https:\/\/anoticiaonline.com.br\/site\/wp-json\/wp\/v2\/posts\/8790","targetHints":{"allow":["GET"]}}],"collection":[{"href":"https:\/\/anoticiaonline.com.br\/site\/wp-json\/wp\/v2\/posts"}],"about":[{"href":"https:\/\/anoticiaonline.com.br\/site\/wp-json\/wp\/v2\/types\/post"}],"author":[{"embeddable":true,"href":"https:\/\/anoticiaonline.com.br\/site\/wp-json\/wp\/v2\/users\/2"}],"replies":[{"embeddable":true,"href":"https:\/\/anoticiaonline.com.br\/site\/wp-json\/wp\/v2\/comments?post=8790"}],"version-history":[{"count":0,"href":"https:\/\/anoticiaonline.com.br\/site\/wp-json\/wp\/v2\/posts\/8790\/revisions"}],"wp:attachment":[{"href":"https:\/\/anoticiaonline.com.br\/site\/wp-json\/wp\/v2\/media?parent=8790"}],"wp:term":[{"taxonomy":"category","embeddable":true,"href":"https:\/\/anoticiaonline.com.br\/site\/wp-json\/wp\/v2\/categories?post=8790"},{"taxonomy":"post_tag","embeddable":true,"href":"https:\/\/anoticiaonline.com.br\/site\/wp-json\/wp\/v2\/tags?post=8790"}],"curies":[{"name":"wp","href":"https:\/\/api.w.org\/{rel}","templated":true}]}}