{"id":8701,"date":"2015-12-28T13:45:20","date_gmt":"2015-12-28T16:45:20","guid":{"rendered":"http:\/\/anoticiaonline.com.br\/site\/?p=8701"},"modified":"2015-12-28T13:45:20","modified_gmt":"2015-12-28T16:45:20","slug":"funerplan-comemora-com-funcionarios-e-familiares-as-conquistas-obtidas-em-2015","status":"publish","type":"post","link":"https:\/\/anoticiaonline.com.br\/site\/funerplan-comemora-com-funcionarios-e-familiares-as-conquistas-obtidas-em-2015\/","title":{"rendered":"Funerplan comemora com funcion\u00e1rios e familiares as conquistas obtidas em 2015"},"content":{"rendered":"<p><a href=\"https:\/\/anoticiaonline.com.br\/site\/wp-content\/uploads\/2015\/12\/DSCN4566.jpg\"><img fetchpriority=\"high\" decoding=\"async\" class=\" size-medium wp-image-8702 alignleft\" src=\"https:\/\/anoticiaonline.com.br\/site\/wp-content\/uploads\/2015\/12\/DSCN4566-300x225.jpg\" alt=\"DSCN4566\" width=\"300\" height=\"225\" \/><\/a>Os empres\u00e1rios, Josimar Gomes Machado e Eva L\u00facia Fernandes Ribeiro Machado, propriet\u00e1rios da Funerplan, receberam os colaboradores e seus familiares para comemorarem as conquistas obtidas durante o ano e agradecer pelo trabalho prestado em 2015.<\/p>\n<p>Durante o almo\u00e7o oferecido pelo casal de anfitri\u00f5es, o tradicional churrasco foi o menu principal. O evento, que aconteceu no s\u00e1bado (19), contou ainda com o som do DJ Felipe Brasil e sorteio de brindes, como eletrodom\u00e9sticos e eletroeletr\u00f4nicos, para os funcion\u00e1rios.<\/p>\n<p>Agora, com as energias renovadas, a fam\u00edlia Funerplan sente-se pronta para dar continuidade \u00e0s suas atividades em 2016. Implantada em maio de 1996, a Funerplan atende Muria\u00e9 e regi\u00e3o, facilitando e inovando o atendimento em assist\u00eancia funer\u00e1ria.<\/p>\n<p><img decoding=\"async\" class=\"ngg_displayed_gallery mceItem\" src=\"https:\/\/anoticiaonline.com.br\/site\/nextgen-attach_to_post\/preview\/id--8759\" alt=\"\" \/><\/p>\n","protected":false},"excerpt":{"rendered":"<p>Os empres\u00e1rios, Josimar Gomes Machado e Eva L\u00facia Fernandes Ribeiro Machado, propriet\u00e1rios da Funerplan, receberam os colaboradores e seus familiares para comemorarem as conquistas obtidas durante o ano e agradecer pelo trabalho prestado em 2015. Durante o almo\u00e7o oferecido pelo casal de anfitri\u00f5es, o tradicional churrasco foi o menu principal. O evento, que aconteceu no &#8230; <a title=\"Funerplan comemora com funcion\u00e1rios e familiares as conquistas obtidas em 2015\" class=\"read-more\" href=\"https:\/\/anoticiaonline.com.br\/site\/funerplan-comemora-com-funcionarios-e-familiares-as-conquistas-obtidas-em-2015\/\" aria-label=\"Read more about Funerplan comemora com funcion\u00e1rios e familiares as conquistas obtidas em 2015\">Ler mais<\/a><\/p>\n","protected":false},"author":2,"featured_media":0,"comment_status":"open","ping_status":"open","sticky":false,"template":"","format":"standard","meta":{"_acf_changed":false,"_monsterinsights_skip_tracking":false,"footnotes":""},"categories":[24],"tags":[],"class_list":["post-8701","post","type-post","status-publish","format-standard","hentry","category-eventos"],"acf":[],"aioseo_notices":[],"aioseo_head":"\n\t\t<!-- All in One SEO 5.0.0.1 - aioseo.com -->\n\t<meta name=\"description\" content=\"Os empres\u00e1rios, Josimar Gomes Machado e Eva L\u00facia Fernandes Ribeiro Machado, propriet\u00e1rios da Funerplan, receberam os colaboradores e seus familiares para comemorarem as conquistas obtidas durante o ano e agradecer pelo trabalho prestado em 2015. Durante o almo\u00e7o oferecido pelo casal de anfitri\u00f5es, o tradicional churrasco foi o menu principal. O evento, que aconteceu no\" \/>\n\t<meta name=\"robots\" content=\"max-image-preview:large\" \/>\n\t<meta name=\"author\" content=\"Juliana Laviola\"\/>\n\t<link rel=\"canonical\" href=\"https:\/\/anoticiaonline.com.br\/site\/funerplan-comemora-com-funcionarios-e-familiares-as-conquistas-obtidas-em-2015\/\" \/>\n\t<meta name=\"generator\" content=\"All in One SEO (AIOSEO) 5.0.0.1\" \/>\n\t\t<meta property=\"og:locale\" content=\"pt_BR\" \/>\n\t\t<meta property=\"og:site_name\" content=\"A Not\u00edcia Online - Noticias de Muria\u00e9 e regi\u00e3o\" \/>\n\t\t<meta property=\"og:type\" content=\"article\" \/>\n\t\t<meta property=\"og:title\" content=\"Funerplan comemora com funcion\u00e1rios e familiares as conquistas obtidas em 2015 - A Not\u00edcia Online\" \/>\n\t\t<meta property=\"og:description\" content=\"Os empres\u00e1rios, Josimar Gomes Machado e Eva L\u00facia Fernandes Ribeiro Machado, propriet\u00e1rios da Funerplan, receberam os colaboradores e seus familiares para comemorarem as conquistas obtidas durante o ano e agradecer pelo trabalho prestado em 2015. Durante o almo\u00e7o oferecido pelo casal de anfitri\u00f5es, o tradicional churrasco foi o menu principal. O evento, que aconteceu no\" \/>\n\t\t<meta property=\"og:url\" content=\"https:\/\/anoticiaonline.com.br\/site\/funerplan-comemora-com-funcionarios-e-familiares-as-conquistas-obtidas-em-2015\/\" \/>\n\t\t<meta property=\"og:image\" content=\"https:\/\/scontent-gig4-1.xx.fbcdn.net\/v\/t39.30808-1\/270437624_4564083193639691_6907940295614233970_n.jpg?stp=dst-jpg_s200x200_tt6&#038;_nc_cat=111&#038;ccb=1-7&#038;_nc_sid=f907e8&#038;_nc_ohc=SM1wRlP3lJwQ7kNvwEPuBYA&#038;_nc_oc=AdnqrjDN_BNjSSHWO-GbkIWH6fkGMLw4bqvL_NH6e2wMveX7G-rP2dAqsDSq1mJMOaY&#038;_nc_zt=24&#038;_nc_ht=scontent-gig4-1.xx&#038;_nc_gid=AoBFJeGrT1hVaew_6rchkQ&#038;oh=00_AfX7QmFGhQhG2jAllVgXCiM1ZrWgvtp80-Bfppyexh1QEg&#038;oe=689E923C\" \/>\n\t\t<meta property=\"og:image:secure_url\" content=\"https:\/\/scontent-gig4-1.xx.fbcdn.net\/v\/t39.30808-1\/270437624_4564083193639691_6907940295614233970_n.jpg?stp=dst-jpg_s200x200_tt6&#038;_nc_cat=111&#038;ccb=1-7&#038;_nc_sid=f907e8&#038;_nc_ohc=SM1wRlP3lJwQ7kNvwEPuBYA&#038;_nc_oc=AdnqrjDN_BNjSSHWO-GbkIWH6fkGMLw4bqvL_NH6e2wMveX7G-rP2dAqsDSq1mJMOaY&#038;_nc_zt=24&#038;_nc_ht=scontent-gig4-1.xx&#038;_nc_gid=AoBFJeGrT1hVaew_6rchkQ&#038;oh=00_AfX7QmFGhQhG2jAllVgXCiM1ZrWgvtp80-Bfppyexh1QEg&#038;oe=689E923C\" \/>\n\t\t<meta property=\"article:published_time\" content=\"2015-12-28T16:45:20+00:00\" \/>\n\t\t<meta property=\"article:modified_time\" content=\"2015-12-28T16:45:20+00:00\" \/>\n\t\t<meta name=\"twitter:card\" content=\"summary_large_image\" \/>\n\t\t<meta name=\"twitter:title\" content=\"Funerplan comemora com funcion\u00e1rios e familiares as conquistas obtidas em 2015 - A Not\u00edcia Online\" \/>\n\t\t<meta name=\"twitter:description\" content=\"Os empres\u00e1rios, Josimar Gomes Machado e Eva L\u00facia Fernandes Ribeiro Machado, propriet\u00e1rios da Funerplan, receberam os colaboradores e seus familiares para comemorarem as conquistas obtidas durante o ano e agradecer pelo trabalho prestado em 2015. Durante o almo\u00e7o oferecido pelo casal de anfitri\u00f5es, o tradicional churrasco foi o menu principal. O evento, que aconteceu no\" \/>\n\t\t<meta name=\"twitter:image\" content=\"https:\/\/scontent-gig4-1.xx.fbcdn.net\/v\/t39.30808-1\/270437624_4564083193639691_6907940295614233970_n.jpg?stp=dst-jpg_s200x200_tt6&amp;_nc_cat=111&amp;ccb=1-7&amp;_nc_sid=f907e8&amp;_nc_ohc=SM1wRlP3lJwQ7kNvwEPuBYA&amp;_nc_oc=AdnqrjDN_BNjSSHWO-GbkIWH6fkGMLw4bqvL_NH6e2wMveX7G-rP2dAqsDSq1mJMOaY&amp;_nc_zt=24&amp;_nc_ht=scontent-gig4-1.xx&amp;_nc_gid=AoBFJeGrT1hVaew_6rchkQ&amp;oh=00_AfX7QmFGhQhG2jAllVgXCiM1ZrWgvtp80-Bfppyexh1QEg&amp;oe=689E923C\" \/>\n\t\t<script type=\"application\/ld+json\" class=\"aioseo-schema\">\n\t\t\t{\"@context\":\"https:\\\/\\\/schema.org\",\"@graph\":[{\"@type\":\"BlogPosting\",\"@id\":\"https:\\\/\\\/anoticiaonline.com.br\\\/site\\\/funerplan-comemora-com-funcionarios-e-familiares-as-conquistas-obtidas-em-2015\\\/#blogposting\",\"name\":\"Funerplan comemora com funcion\\u00e1rios e familiares as conquistas obtidas em 2015 - A Not\\u00edcia Online\",\"headline\":\"Funerplan comemora com funcion\\u00e1rios e familiares as conquistas obtidas em 2015\",\"author\":{\"@id\":\"https:\\\/\\\/anoticiaonline.com.br\\\/site\\\/author\\\/juliana\\\/#author\"},\"publisher\":{\"@id\":\"https:\\\/\\\/anoticiaonline.com.br\\\/site\\\/#organization\"},\"image\":{\"@type\":\"ImageObject\",\"url\":\"http:\\\/\\\/anoticiaonline.com.br\\\/site\\\/wp-content\\\/uploads\\\/2015\\\/12\\\/DSCN4566-300x225.jpg\",\"@id\":\"https:\\\/\\\/anoticiaonline.com.br\\\/site\\\/funerplan-comemora-com-funcionarios-e-familiares-as-conquistas-obtidas-em-2015\\\/#articleImage\"},\"datePublished\":\"2015-12-28T13:45:20-03:00\",\"dateModified\":\"2015-12-28T13:45:20-03:00\",\"inLanguage\":\"pt-BR\",\"mainEntityOfPage\":{\"@id\":\"https:\\\/\\\/anoticiaonline.com.br\\\/site\\\/funerplan-comemora-com-funcionarios-e-familiares-as-conquistas-obtidas-em-2015\\\/#webpage\"},\"isPartOf\":{\"@id\":\"https:\\\/\\\/anoticiaonline.com.br\\\/site\\\/funerplan-comemora-com-funcionarios-e-familiares-as-conquistas-obtidas-em-2015\\\/#webpage\"},\"articleSection\":\"Eventos\"},{\"@type\":\"BreadcrumbList\",\"@id\":\"https:\\\/\\\/anoticiaonline.com.br\\\/site\\\/funerplan-comemora-com-funcionarios-e-familiares-as-conquistas-obtidas-em-2015\\\/#breadcrumblist\",\"itemListElement\":[{\"@type\":\"ListItem\",\"@id\":\"https:\\\/\\\/anoticiaonline.com.br\\\/site#listItem\",\"position\":1,\"name\":\"Home\",\"item\":\"https:\\\/\\\/anoticiaonline.com.br\\\/site\",\"nextItem\":{\"@type\":\"ListItem\",\"@id\":\"https:\\\/\\\/anoticiaonline.com.br\\\/site\\\/categoria\\\/eventos\\\/#listItem\",\"name\":\"Eventos\"}},{\"@type\":\"ListItem\",\"@id\":\"https:\\\/\\\/anoticiaonline.com.br\\\/site\\\/categoria\\\/eventos\\\/#listItem\",\"position\":2,\"name\":\"Eventos\",\"item\":\"https:\\\/\\\/anoticiaonline.com.br\\\/site\\\/categoria\\\/eventos\\\/\",\"nextItem\":{\"@type\":\"ListItem\",\"@id\":\"https:\\\/\\\/anoticiaonline.com.br\\\/site\\\/funerplan-comemora-com-funcionarios-e-familiares-as-conquistas-obtidas-em-2015\\\/#listItem\",\"name\":\"Funerplan comemora com funcion\\u00e1rios e familiares as conquistas obtidas em 2015\"},\"previousItem\":{\"@type\":\"ListItem\",\"@id\":\"https:\\\/\\\/anoticiaonline.com.br\\\/site#listItem\",\"name\":\"Home\"}},{\"@type\":\"ListItem\",\"@id\":\"https:\\\/\\\/anoticiaonline.com.br\\\/site\\\/funerplan-comemora-com-funcionarios-e-familiares-as-conquistas-obtidas-em-2015\\\/#listItem\",\"position\":3,\"name\":\"Funerplan comemora com funcion\\u00e1rios e familiares as conquistas obtidas em 2015\",\"previousItem\":{\"@type\":\"ListItem\",\"@id\":\"https:\\\/\\\/anoticiaonline.com.br\\\/site\\\/categoria\\\/eventos\\\/#listItem\",\"name\":\"Eventos\"}}]},{\"@type\":\"Organization\",\"@id\":\"https:\\\/\\\/anoticiaonline.com.br\\\/site\\\/#organization\",\"name\":\"A Not\\u00edcia Online\",\"description\":\"Noticias de Muria\\u00e9 e regi\\u00e3o\",\"url\":\"https:\\\/\\\/anoticiaonline.com.br\\\/site\\\/\",\"logo\":{\"@type\":\"ImageObject\",\"url\":\"https:\\\/\\\/scontent-gig4-1.xx.fbcdn.net\\\/v\\\/t39.30808-1\\\/270437624_4564083193639691_6907940295614233970_n.jpg?stp=dst-jpg_s200x200_tt6&_nc_cat=111&ccb=1-7&_nc_sid=f907e8&_nc_ohc=SM1wRlP3lJwQ7kNvwEPuBYA&_nc_oc=AdnqrjDN_BNjSSHWO-GbkIWH6fkGMLw4bqvL_NH6e2wMveX7G-rP2dAqsDSq1mJMOaY&_nc_zt=24&_nc_ht=scontent-gig4-1.xx&_nc_gid=AoBFJeGrT1hVaew_6rchkQ&oh=00_AfX7QmFGhQhG2jAllVgXCiM1ZrWgvtp80-Bfppyexh1QEg&oe=689E923C\",\"@id\":\"https:\\\/\\\/anoticiaonline.com.br\\\/site\\\/funerplan-comemora-com-funcionarios-e-familiares-as-conquistas-obtidas-em-2015\\\/#organizationLogo\"},\"image\":{\"@id\":\"https:\\\/\\\/anoticiaonline.com.br\\\/site\\\/funerplan-comemora-com-funcionarios-e-familiares-as-conquistas-obtidas-em-2015\\\/#organizationLogo\"}},{\"@type\":\"Person\",\"@id\":\"https:\\\/\\\/anoticiaonline.com.br\\\/site\\\/author\\\/juliana\\\/#author\",\"url\":\"https:\\\/\\\/anoticiaonline.com.br\\\/site\\\/author\\\/juliana\\\/\",\"name\":\"Juliana Laviola\",\"image\":{\"@type\":\"ImageObject\",\"@id\":\"https:\\\/\\\/anoticiaonline.com.br\\\/site\\\/funerplan-comemora-com-funcionarios-e-familiares-as-conquistas-obtidas-em-2015\\\/#authorImage\",\"url\":\"https:\\\/\\\/secure.gravatar.com\\\/avatar\\\/b8d45f5c699b100dfaf0e543582f38f38bf94cb7ae3a5e9abf8d891a34773335?s=96&d=mm&r=g\",\"width\":96,\"height\":96,\"caption\":\"Juliana Laviola\"}},{\"@type\":\"WebPage\",\"@id\":\"https:\\\/\\\/anoticiaonline.com.br\\\/site\\\/funerplan-comemora-com-funcionarios-e-familiares-as-conquistas-obtidas-em-2015\\\/#webpage\",\"url\":\"https:\\\/\\\/anoticiaonline.com.br\\\/site\\\/funerplan-comemora-com-funcionarios-e-familiares-as-conquistas-obtidas-em-2015\\\/\",\"name\":\"Funerplan comemora com funcion\\u00e1rios e familiares as conquistas obtidas em 2015 - A Not\\u00edcia Online\",\"description\":\"Os empres\\u00e1rios, Josimar Gomes Machado e Eva L\\u00facia Fernandes Ribeiro Machado, propriet\\u00e1rios da Funerplan, receberam os colaboradores e seus familiares para comemorarem as conquistas obtidas durante o ano e agradecer pelo trabalho prestado em 2015. Durante o almo\\u00e7o oferecido pelo casal de anfitri\\u00f5es, o tradicional churrasco foi o menu principal. O evento, que aconteceu no\",\"inLanguage\":\"pt-BR\",\"isPartOf\":{\"@id\":\"https:\\\/\\\/anoticiaonline.com.br\\\/site\\\/#website\"},\"breadcrumb\":{\"@id\":\"https:\\\/\\\/anoticiaonline.com.br\\\/site\\\/funerplan-comemora-com-funcionarios-e-familiares-as-conquistas-obtidas-em-2015\\\/#breadcrumblist\"},\"author\":{\"@id\":\"https:\\\/\\\/anoticiaonline.com.br\\\/site\\\/author\\\/juliana\\\/#author\"},\"creator\":{\"@id\":\"https:\\\/\\\/anoticiaonline.com.br\\\/site\\\/author\\\/juliana\\\/#author\"},\"datePublished\":\"2015-12-28T13:45:20-03:00\",\"dateModified\":\"2015-12-28T13:45:20-03:00\"},{\"@type\":\"WebSite\",\"@id\":\"https:\\\/\\\/anoticiaonline.com.br\\\/site\\\/#website\",\"url\":\"https:\\\/\\\/anoticiaonline.com.br\\\/site\\\/\",\"name\":\"A Not\\u00edcia Online\",\"description\":\"Noticias de Muria\\u00e9 e regi\\u00e3o\",\"inLanguage\":\"pt-BR\",\"publisher\":{\"@id\":\"https:\\\/\\\/anoticiaonline.com.br\\\/site\\\/#organization\"}}]}\n\t\t<\/script>\n\t\t<!-- All in One SEO -->\n\n","aioseo_head_json":{"title":"Funerplan comemora com funcion\u00e1rios e familiares as conquistas obtidas em 2015 - A Not\u00edcia Online","description":"Os empres\u00e1rios, Josimar Gomes Machado e Eva L\u00facia Fernandes Ribeiro Machado, propriet\u00e1rios da Funerplan, receberam os colaboradores e seus familiares para comemorarem as conquistas obtidas durante o ano e agradecer pelo trabalho prestado em 2015. Durante o almo\u00e7o oferecido pelo casal de anfitri\u00f5es, o tradicional churrasco foi o menu principal. O evento, que aconteceu no","canonical_url":"https:\/\/anoticiaonline.com.br\/site\/funerplan-comemora-com-funcionarios-e-familiares-as-conquistas-obtidas-em-2015\/","robots":"max-image-preview:large","keywords":"","webmasterTools":{"miscellaneous":""},"schema":{"@context":"https:\/\/schema.org","@graph":[{"@type":"BlogPosting","@id":"https:\/\/anoticiaonline.com.br\/site\/funerplan-comemora-com-funcionarios-e-familiares-as-conquistas-obtidas-em-2015\/#blogposting","name":"Funerplan comemora com funcion\u00e1rios e familiares as conquistas obtidas em 2015 - A Not\u00edcia Online","headline":"Funerplan comemora com funcion\u00e1rios e familiares as conquistas obtidas em 2015","author":{"@id":"https:\/\/anoticiaonline.com.br\/site\/author\/juliana\/#author"},"publisher":{"@id":"https:\/\/anoticiaonline.com.br\/site\/#organization"},"image":{"@type":"ImageObject","url":"http:\/\/anoticiaonline.com.br\/site\/wp-content\/uploads\/2015\/12\/DSCN4566-300x225.jpg","@id":"https:\/\/anoticiaonline.com.br\/site\/funerplan-comemora-com-funcionarios-e-familiares-as-conquistas-obtidas-em-2015\/#articleImage"},"datePublished":"2015-12-28T13:45:20-03:00","dateModified":"2015-12-28T13:45:20-03:00","inLanguage":"pt-BR","mainEntityOfPage":{"@id":"https:\/\/anoticiaonline.com.br\/site\/funerplan-comemora-com-funcionarios-e-familiares-as-conquistas-obtidas-em-2015\/#webpage"},"isPartOf":{"@id":"https:\/\/anoticiaonline.com.br\/site\/funerplan-comemora-com-funcionarios-e-familiares-as-conquistas-obtidas-em-2015\/#webpage"},"articleSection":"Eventos"},{"@type":"BreadcrumbList","@id":"https:\/\/anoticiaonline.com.br\/site\/funerplan-comemora-com-funcionarios-e-familiares-as-conquistas-obtidas-em-2015\/#breadcrumblist","itemListElement":[{"@type":"ListItem","@id":"https:\/\/anoticiaonline.com.br\/site#listItem","position":1,"name":"Home","item":"https:\/\/anoticiaonline.com.br\/site","nextItem":{"@type":"ListItem","@id":"https:\/\/anoticiaonline.com.br\/site\/categoria\/eventos\/#listItem","name":"Eventos"}},{"@type":"ListItem","@id":"https:\/\/anoticiaonline.com.br\/site\/categoria\/eventos\/#listItem","position":2,"name":"Eventos","item":"https:\/\/anoticiaonline.com.br\/site\/categoria\/eventos\/","nextItem":{"@type":"ListItem","@id":"https:\/\/anoticiaonline.com.br\/site\/funerplan-comemora-com-funcionarios-e-familiares-as-conquistas-obtidas-em-2015\/#listItem","name":"Funerplan comemora com funcion\u00e1rios e familiares as conquistas obtidas em 2015"},"previousItem":{"@type":"ListItem","@id":"https:\/\/anoticiaonline.com.br\/site#listItem","name":"Home"}},{"@type":"ListItem","@id":"https:\/\/anoticiaonline.com.br\/site\/funerplan-comemora-com-funcionarios-e-familiares-as-conquistas-obtidas-em-2015\/#listItem","position":3,"name":"Funerplan comemora com funcion\u00e1rios e familiares as conquistas obtidas em 2015","previousItem":{"@type":"ListItem","@id":"https:\/\/anoticiaonline.com.br\/site\/categoria\/eventos\/#listItem","name":"Eventos"}}]},{"@type":"Organization","@id":"https:\/\/anoticiaonline.com.br\/site\/#organization","name":"A Not\u00edcia Online","description":"Noticias de Muria\u00e9 e regi\u00e3o","url":"https:\/\/anoticiaonline.com.br\/site\/","logo":{"@type":"ImageObject","url":"https:\/\/scontent-gig4-1.xx.fbcdn.net\/v\/t39.30808-1\/270437624_4564083193639691_6907940295614233970_n.jpg?stp=dst-jpg_s200x200_tt6&_nc_cat=111&ccb=1-7&_nc_sid=f907e8&_nc_ohc=SM1wRlP3lJwQ7kNvwEPuBYA&_nc_oc=AdnqrjDN_BNjSSHWO-GbkIWH6fkGMLw4bqvL_NH6e2wMveX7G-rP2dAqsDSq1mJMOaY&_nc_zt=24&_nc_ht=scontent-gig4-1.xx&_nc_gid=AoBFJeGrT1hVaew_6rchkQ&oh=00_AfX7QmFGhQhG2jAllVgXCiM1ZrWgvtp80-Bfppyexh1QEg&oe=689E923C","@id":"https:\/\/anoticiaonline.com.br\/site\/funerplan-comemora-com-funcionarios-e-familiares-as-conquistas-obtidas-em-2015\/#organizationLogo"},"image":{"@id":"https:\/\/anoticiaonline.com.br\/site\/funerplan-comemora-com-funcionarios-e-familiares-as-conquistas-obtidas-em-2015\/#organizationLogo"}},{"@type":"Person","@id":"https:\/\/anoticiaonline.com.br\/site\/author\/juliana\/#author","url":"https:\/\/anoticiaonline.com.br\/site\/author\/juliana\/","name":"Juliana Laviola","image":{"@type":"ImageObject","@id":"https:\/\/anoticiaonline.com.br\/site\/funerplan-comemora-com-funcionarios-e-familiares-as-conquistas-obtidas-em-2015\/#authorImage","url":"https:\/\/secure.gravatar.com\/avatar\/b8d45f5c699b100dfaf0e543582f38f38bf94cb7ae3a5e9abf8d891a34773335?s=96&d=mm&r=g","width":96,"height":96,"caption":"Juliana Laviola"}},{"@type":"WebPage","@id":"https:\/\/anoticiaonline.com.br\/site\/funerplan-comemora-com-funcionarios-e-familiares-as-conquistas-obtidas-em-2015\/#webpage","url":"https:\/\/anoticiaonline.com.br\/site\/funerplan-comemora-com-funcionarios-e-familiares-as-conquistas-obtidas-em-2015\/","name":"Funerplan comemora com funcion\u00e1rios e familiares as conquistas obtidas em 2015 - A Not\u00edcia Online","description":"Os empres\u00e1rios, Josimar Gomes Machado e Eva L\u00facia Fernandes Ribeiro Machado, propriet\u00e1rios da Funerplan, receberam os colaboradores e seus familiares para comemorarem as conquistas obtidas durante o ano e agradecer pelo trabalho prestado em 2015. Durante o almo\u00e7o oferecido pelo casal de anfitri\u00f5es, o tradicional churrasco foi o menu principal. O evento, que aconteceu no","inLanguage":"pt-BR","isPartOf":{"@id":"https:\/\/anoticiaonline.com.br\/site\/#website"},"breadcrumb":{"@id":"https:\/\/anoticiaonline.com.br\/site\/funerplan-comemora-com-funcionarios-e-familiares-as-conquistas-obtidas-em-2015\/#breadcrumblist"},"author":{"@id":"https:\/\/anoticiaonline.com.br\/site\/author\/juliana\/#author"},"creator":{"@id":"https:\/\/anoticiaonline.com.br\/site\/author\/juliana\/#author"},"datePublished":"2015-12-28T13:45:20-03:00","dateModified":"2015-12-28T13:45:20-03:00"},{"@type":"WebSite","@id":"https:\/\/anoticiaonline.com.br\/site\/#website","url":"https:\/\/anoticiaonline.com.br\/site\/","name":"A Not\u00edcia Online","description":"Noticias de Muria\u00e9 e regi\u00e3o","inLanguage":"pt-BR","publisher":{"@id":"https:\/\/anoticiaonline.com.br\/site\/#organization"}}]},"og:locale":"pt_BR","og:site_name":"A Not\u00edcia Online - Noticias de Muria\u00e9 e regi\u00e3o","og:type":"article","og:title":"Funerplan comemora com funcion\u00e1rios e familiares as conquistas obtidas em 2015 - A Not\u00edcia Online","og:description":"Os empres\u00e1rios, Josimar Gomes Machado e Eva L\u00facia Fernandes Ribeiro Machado, propriet\u00e1rios da Funerplan, receberam os colaboradores e seus familiares para comemorarem as conquistas obtidas durante o ano e agradecer pelo trabalho prestado em 2015. Durante o almo\u00e7o oferecido pelo casal de anfitri\u00f5es, o tradicional churrasco foi o menu principal. O evento, que aconteceu no","og:url":"https:\/\/anoticiaonline.com.br\/site\/funerplan-comemora-com-funcionarios-e-familiares-as-conquistas-obtidas-em-2015\/","og:image":"https:\/\/scontent-gig4-1.xx.fbcdn.net\/v\/t39.30808-1\/270437624_4564083193639691_6907940295614233970_n.jpg?stp=dst-jpg_s200x200_tt6&#038;_nc_cat=111&#038;ccb=1-7&#038;_nc_sid=f907e8&#038;_nc_ohc=SM1wRlP3lJwQ7kNvwEPuBYA&#038;_nc_oc=AdnqrjDN_BNjSSHWO-GbkIWH6fkGMLw4bqvL_NH6e2wMveX7G-rP2dAqsDSq1mJMOaY&#038;_nc_zt=24&#038;_nc_ht=scontent-gig4-1.xx&#038;_nc_gid=AoBFJeGrT1hVaew_6rchkQ&#038;oh=00_AfX7QmFGhQhG2jAllVgXCiM1ZrWgvtp80-Bfppyexh1QEg&#038;oe=689E923C","og:image:secure_url":"https:\/\/scontent-gig4-1.xx.fbcdn.net\/v\/t39.30808-1\/270437624_4564083193639691_6907940295614233970_n.jpg?stp=dst-jpg_s200x200_tt6&#038;_nc_cat=111&#038;ccb=1-7&#038;_nc_sid=f907e8&#038;_nc_ohc=SM1wRlP3lJwQ7kNvwEPuBYA&#038;_nc_oc=AdnqrjDN_BNjSSHWO-GbkIWH6fkGMLw4bqvL_NH6e2wMveX7G-rP2dAqsDSq1mJMOaY&#038;_nc_zt=24&#038;_nc_ht=scontent-gig4-1.xx&#038;_nc_gid=AoBFJeGrT1hVaew_6rchkQ&#038;oh=00_AfX7QmFGhQhG2jAllVgXCiM1ZrWgvtp80-Bfppyexh1QEg&#038;oe=689E923C","article:published_time":"2015-12-28T16:45:20+00:00","article:modified_time":"2015-12-28T16:45:20+00:00","twitter:card":"summary_large_image","twitter:title":"Funerplan comemora com funcion\u00e1rios e familiares as conquistas obtidas em 2015 - A Not\u00edcia Online","twitter:description":"Os empres\u00e1rios, Josimar Gomes Machado e Eva L\u00facia Fernandes Ribeiro Machado, propriet\u00e1rios da Funerplan, receberam os colaboradores e seus familiares para comemorarem as conquistas obtidas durante o ano e agradecer pelo trabalho prestado em 2015. Durante o almo\u00e7o oferecido pelo casal de anfitri\u00f5es, o tradicional churrasco foi o menu principal. O evento, que aconteceu no","twitter:image":"https:\/\/scontent-gig4-1.xx.fbcdn.net\/v\/t39.30808-1\/270437624_4564083193639691_6907940295614233970_n.jpg?stp=dst-jpg_s200x200_tt6&_nc_cat=111&ccb=1-7&_nc_sid=f907e8&_nc_ohc=SM1wRlP3lJwQ7kNvwEPuBYA&_nc_oc=AdnqrjDN_BNjSSHWO-GbkIWH6fkGMLw4bqvL_NH6e2wMveX7G-rP2dAqsDSq1mJMOaY&_nc_zt=24&_nc_ht=scontent-gig4-1.xx&_nc_gid=AoBFJeGrT1hVaew_6rchkQ&oh=00_AfX7QmFGhQhG2jAllVgXCiM1ZrWgvtp80-Bfppyexh1QEg&oe=689E923C"},"aioseo_meta_data":{"post_id":"8701","title":null,"description":null,"keywords":null,"keyphrases":null,"primary_term":null,"canonical_url":null,"og_title":null,"og_description":null,"og_object_type":"default","og_image_type":"default","og_image_url":null,"og_image_width":null,"og_image_height":null,"og_image_custom_url":null,"og_image_custom_fields":null,"og_video":null,"og_custom_url":null,"og_article_section":null,"og_article_tags":null,"twitter_use_og":false,"twitter_card":"default","twitter_image_type":"default","twitter_image_url":null,"twitter_image_custom_url":null,"twitter_image_custom_fields":null,"twitter_title":null,"twitter_description":null,"schema":{"blockGraphs":[],"customGraphs":[],"default":{"data":{"Article":[],"Course":[],"Dataset":[],"FAQPage":[],"Movie":[],"Person":[],"Product":[],"ProductReview":[],"Car":[],"Recipe":[],"Service":[],"SoftwareApplication":[],"WebPage":[]},"graphName":"","isEnabled":true},"graphs":[]},"schema_type":"default","schema_type_options":null,"pillar_content":false,"robots_default":true,"robots_noindex":false,"robots_noarchive":false,"robots_nosnippet":false,"robots_nofollow":false,"robots_noimageindex":false,"robots_noodp":false,"robots_notranslate":false,"robots_max_snippet":null,"robots_max_videopreview":null,"robots_max_imagepreview":"large","priority":null,"frequency":null,"local_seo":null,"breadcrumb_settings":null,"limit_modified_date":false,"ai":null,"created":"2025-08-16 14:42:41","updated":"2025-08-16 14:42:41","focus_keyword":null,"additional_keywords":null,"truseo_locale":null,"seo_analyzer_scan_date":null},"aioseo_breadcrumb":"<div class=\"aioseo-breadcrumbs\"><span class=\"aioseo-breadcrumb\">\n\t\t\t<a href=\"https:\/\/anoticiaonline.com.br\/site\" title=\"Home\">Home<\/a>\n\t\t<\/span><span class=\"aioseo-breadcrumb-separator\">&raquo;<\/span><span class=\"aioseo-breadcrumb\">\n\t\t\t<a href=\"https:\/\/anoticiaonline.com.br\/site\/categoria\/eventos\/\" title=\"Eventos\">Eventos<\/a>\n\t\t<\/span><span class=\"aioseo-breadcrumb-separator\">&raquo;<\/span><span class=\"aioseo-breadcrumb\">\n\t\t\tFunerplan comemora com funcion\u00e1rios e familiares as conquistas obtidas em 2015\n\t\t<\/span><\/div>","aioseo_breadcrumb_json":[{"label":"Home","link":"https:\/\/anoticiaonline.com.br\/site"},{"label":"Eventos","link":"https:\/\/anoticiaonline.com.br\/site\/categoria\/eventos\/"},{"label":"Funerplan comemora com funcion\u00e1rios e familiares as conquistas obtidas em 2015","link":"https:\/\/anoticiaonline.com.br\/site\/funerplan-comemora-com-funcionarios-e-familiares-as-conquistas-obtidas-em-2015\/"}],"views":131,"_links":{"self":[{"href":"https:\/\/anoticiaonline.com.br\/site\/wp-json\/wp\/v2\/posts\/8701","targetHints":{"allow":["GET"]}}],"collection":[{"href":"https:\/\/anoticiaonline.com.br\/site\/wp-json\/wp\/v2\/posts"}],"about":[{"href":"https:\/\/anoticiaonline.com.br\/site\/wp-json\/wp\/v2\/types\/post"}],"author":[{"embeddable":true,"href":"https:\/\/anoticiaonline.com.br\/site\/wp-json\/wp\/v2\/users\/2"}],"replies":[{"embeddable":true,"href":"https:\/\/anoticiaonline.com.br\/site\/wp-json\/wp\/v2\/comments?post=8701"}],"version-history":[{"count":0,"href":"https:\/\/anoticiaonline.com.br\/site\/wp-json\/wp\/v2\/posts\/8701\/revisions"}],"wp:attachment":[{"href":"https:\/\/anoticiaonline.com.br\/site\/wp-json\/wp\/v2\/media?parent=8701"}],"wp:term":[{"taxonomy":"category","embeddable":true,"href":"https:\/\/anoticiaonline.com.br\/site\/wp-json\/wp\/v2\/categories?post=8701"},{"taxonomy":"post_tag","embeddable":true,"href":"https:\/\/anoticiaonline.com.br\/site\/wp-json\/wp\/v2\/tags?post=8701"}],"curies":[{"name":"wp","href":"https:\/\/api.w.org\/{rel}","templated":true}]}}