{"id":8539,"date":"2015-12-22T13:25:47","date_gmt":"2015-12-22T16:25:47","guid":{"rendered":"http:\/\/anoticiaonline.com.br\/site\/?p=8539"},"modified":"2015-12-22T13:25:47","modified_gmt":"2015-12-22T16:25:47","slug":"policia-civil-de-miradouro-apreende-adolescente-suspeito-de-chefiar-o-trafico-de-drogas-na-cidade","status":"publish","type":"post","link":"https:\/\/anoticiaonline.com.br\/site\/policia-civil-de-miradouro-apreende-adolescente-suspeito-de-chefiar-o-trafico-de-drogas-na-cidade\/","title":{"rendered":"Pol\u00edcia Civil de Miradouro apreende adolescente suspeito de chefiar o tr\u00e1fico de drogas na cidade"},"content":{"rendered":"<p><a href=\"https:\/\/anoticiaonline.com.br\/site\/wp-content\/uploads\/2015\/12\/suspeito-homic\u00eddio-em-Miradouro.jpg\"><img fetchpriority=\"high\" decoding=\"async\" class=\" size-medium wp-image-8540 alignleft\" src=\"https:\/\/anoticiaonline.com.br\/site\/wp-content\/uploads\/2015\/12\/suspeito-homic\u00eddio-em-Miradouro-300x271.jpg\" alt=\"suspeito homic\u00eddio em Miradouro\" width=\"300\" height=\"271\" \/><\/a>Policiais da 34\u00aa Delegacia de Pol\u00edcia Civil de Miradouro apreenderam um menor, F.M.R.S., suspeito de envolvimento em v\u00e1rios homic\u00eddios ocorridos ao longo dos \u00faltimos dois anos.<\/p>\n<p>O adolescente tamb\u00e9m \u00e9 suspeito de chefiar o tr\u00e1fico de drogas naquela cidade, atentando contra a vida de qualquer outro \u201cconcorrente\u201d que tentasse se estabelecer no ramo.<\/p>\n<p>A \u00faltima v\u00edtima do menor foi G. L. A. M., que foi atingido com v\u00e1rios disparos de arma de fogo no \u00faltimo domingo (20), quando retornava de uma festa. Na ocasi\u00e3o, o suspeito e outro comparsa, j\u00e1 identificado pelos agentes, seguiam em uma moto, que se aproximou do grupo onde a v\u00edtima estava e, quando ela tentava fugir, desferiram v\u00e1rios disparos contra a v\u00edtima, que at\u00e9 onde se sabe, corre o risco de ficar parapl\u00e9gica, segundo informa\u00e7\u00f5es repassadas pela PC.<\/p>\n<p>Apesar de contar com apenas 17 anos, o adolescente possui \u201cum extenso hist\u00f3rico de infra\u00e7\u00f5es\u201d e atualmente buscava implantar \u201cuma esp\u00e9cie de hegemonia\u201d em Miradouro, levando drogas de Muria\u00e9 para vender naquele munic\u00edpio.<\/p>\n<p>Segundo o delegado Tayrony Esp\u00edndola, respons\u00e1vel pela investiga\u00e7\u00e3o e apreens\u00e3o, apesar do hist\u00f3rico violento, o menor pediu desculpas aos policiais e n\u00e3o reagiu. \u201cEsse acovardamento \u00e9 comum diante da pol\u00edcia. T\u00ednhamos a informa\u00e7\u00e3o de que ele dispunha e costumava andar com v\u00e1rias armas, por isso fomos para a captura preparados para um eventual embate, que felizmente n\u00e3o aconteceu, para sorte de todos, sobretudo, a dele. Sem d\u00favidas, a popula\u00e7\u00e3o de Miradouro vai passar um Natal mais seguro com esse delinquente fora de circula\u00e7\u00e3o\u201d, afirma.<\/p>\n<p><strong>HIST\u00d3RICO DE HOMIC\u00cdDIOS E EMBOSCADAS &#8211;<\/strong> O menor \u00e9 apontado como suspeito de ter ordenado a morte de Maria Madalena da Silva, ocorrida em 29 de agosto de 2014, quando ela se recusou a parar de fazer \u201cconcorr\u00eancia\u201d com ele na venda de drogas. Pelo mesmo motivo, o suspeito tamb\u00e9m teria atentado contra a vida de Guilherme de Almeida Miranda, em 10 de setembro deste ano. No caso de Guilherme, n\u00e3o conseguindo seu intento na primeira tentativa, o suspeito teria contratado comparsas em Muria\u00e9 para retornarem em Miradouro e executarem o jovem de 19 anos, morto em 25 de setembro deste ano.<\/p>\n<p>\u201cTodas as v\u00edtimas foram mortas a partir de emboscadas, pelas quais o adolescente aliciava usu\u00e1rios de drogas pr\u00f3ximos, para chamarem as v\u00edtimas em suas resid\u00eancias, ocasi\u00e3o em que sa\u00edam despreocupadas. Na rua, ou ainda na porta, se tornavam alvos f\u00e1ceis para o pr\u00f3prio adolescente e seus comparsas\u201d, relata o delegado Tayrony Esp\u00edndola.<\/p>\n<p>Ainda segundo ele, durante as investiga\u00e7\u00f5es, testemunhas confirmaram que era comum ver o suspeito circulando pela noite ostentando armas de fogo e vendendo drogas. \u201cPara ludibriar os policiais, o adolescente costumava mudar constantemente sua rotina e s\u00f3 chegava em Miradouro, vindo de Muria\u00e9, durante a noite, retornando para Muria\u00e9 antes mesmo de o dia amanhecer, trocando frequentemente de condu\u00e7\u00e3o\u201d, conta.<\/p>\n<p>Participaram da opera\u00e7\u00e3o de apreens\u00e3o do adolescente, que aconteceu no in\u00edcio da tarde desta ter\u00e7a-feira (22), al\u00e9m do delegado, os investigadores George, Evandro e Andr\u00e9.<\/p>\n","protected":false},"excerpt":{"rendered":"<p>Policiais da 34\u00aa Delegacia de Pol\u00edcia Civil de Miradouro apreenderam um menor, F.M.R.S., suspeito de envolvimento em v\u00e1rios homic\u00eddios ocorridos ao longo dos \u00faltimos dois anos. O adolescente tamb\u00e9m \u00e9 suspeito de chefiar o tr\u00e1fico de drogas naquela cidade, atentando contra a vida de qualquer outro \u201cconcorrente\u201d que tentasse se estabelecer no ramo. A \u00faltima &#8230; <a title=\"Pol\u00edcia Civil de Miradouro apreende adolescente suspeito de chefiar o tr\u00e1fico de drogas na cidade\" class=\"read-more\" href=\"https:\/\/anoticiaonline.com.br\/site\/policia-civil-de-miradouro-apreende-adolescente-suspeito-de-chefiar-o-trafico-de-drogas-na-cidade\/\" aria-label=\"Read more about Pol\u00edcia Civil de Miradouro apreende adolescente suspeito de chefiar o tr\u00e1fico de drogas na cidade\">Ler mais<\/a><\/p>\n","protected":false},"author":2,"featured_media":0,"comment_status":"open","ping_status":"open","sticky":false,"template":"","format":"standard","meta":{"_acf_changed":false,"_monsterinsights_skip_tracking":false,"footnotes":""},"categories":[6],"tags":[3],"class_list":["post-8539","post","type-post","status-publish","format-standard","hentry","category-regiao","tag-slide"],"acf":[],"aioseo_notices":[],"aioseo_head":"\n\t\t<!-- All in One SEO 5.0.0.1 - aioseo.com -->\n\t<meta name=\"description\" content=\"Policiais da 34\u00aa Delegacia de Pol\u00edcia Civil de Miradouro apreenderam um menor, F.M.R.S., suspeito de envolvimento em v\u00e1rios homic\u00eddios ocorridos ao longo dos \u00faltimos dois anos. O adolescente tamb\u00e9m \u00e9 suspeito de chefiar o tr\u00e1fico de drogas naquela cidade, atentando contra a vida de qualquer outro \u201cconcorrente\u201d que tentasse se estabelecer no ramo. A \u00faltima\" \/>\n\t<meta name=\"robots\" content=\"max-image-preview:large\" \/>\n\t<meta name=\"author\" content=\"Juliana Laviola\"\/>\n\t<link rel=\"canonical\" href=\"https:\/\/anoticiaonline.com.br\/site\/policia-civil-de-miradouro-apreende-adolescente-suspeito-de-chefiar-o-trafico-de-drogas-na-cidade\/\" \/>\n\t<meta name=\"generator\" content=\"All in One SEO (AIOSEO) 5.0.0.1\" \/>\n\t\t<meta property=\"og:locale\" content=\"pt_BR\" \/>\n\t\t<meta property=\"og:site_name\" content=\"A Not\u00edcia Online - Noticias de Muria\u00e9 e regi\u00e3o\" \/>\n\t\t<meta property=\"og:type\" content=\"article\" \/>\n\t\t<meta property=\"og:title\" content=\"Pol\u00edcia Civil de Miradouro apreende adolescente suspeito de chefiar o tr\u00e1fico de drogas na cidade - A Not\u00edcia Online\" \/>\n\t\t<meta property=\"og:description\" content=\"Policiais da 34\u00aa Delegacia de Pol\u00edcia Civil de Miradouro apreenderam um menor, F.M.R.S., suspeito de envolvimento em v\u00e1rios homic\u00eddios ocorridos ao longo dos \u00faltimos dois anos. O adolescente tamb\u00e9m \u00e9 suspeito de chefiar o tr\u00e1fico de drogas naquela cidade, atentando contra a vida de qualquer outro \u201cconcorrente\u201d que tentasse se estabelecer no ramo. A \u00faltima\" \/>\n\t\t<meta property=\"og:url\" content=\"https:\/\/anoticiaonline.com.br\/site\/policia-civil-de-miradouro-apreende-adolescente-suspeito-de-chefiar-o-trafico-de-drogas-na-cidade\/\" \/>\n\t\t<meta property=\"og:image\" content=\"https:\/\/scontent-gig4-1.xx.fbcdn.net\/v\/t39.30808-1\/270437624_4564083193639691_6907940295614233970_n.jpg?stp=dst-jpg_s200x200_tt6&#038;_nc_cat=111&#038;ccb=1-7&#038;_nc_sid=f907e8&#038;_nc_ohc=SM1wRlP3lJwQ7kNvwEPuBYA&#038;_nc_oc=AdnqrjDN_BNjSSHWO-GbkIWH6fkGMLw4bqvL_NH6e2wMveX7G-rP2dAqsDSq1mJMOaY&#038;_nc_zt=24&#038;_nc_ht=scontent-gig4-1.xx&#038;_nc_gid=AoBFJeGrT1hVaew_6rchkQ&#038;oh=00_AfX7QmFGhQhG2jAllVgXCiM1ZrWgvtp80-Bfppyexh1QEg&#038;oe=689E923C\" \/>\n\t\t<meta property=\"og:image:secure_url\" content=\"https:\/\/scontent-gig4-1.xx.fbcdn.net\/v\/t39.30808-1\/270437624_4564083193639691_6907940295614233970_n.jpg?stp=dst-jpg_s200x200_tt6&#038;_nc_cat=111&#038;ccb=1-7&#038;_nc_sid=f907e8&#038;_nc_ohc=SM1wRlP3lJwQ7kNvwEPuBYA&#038;_nc_oc=AdnqrjDN_BNjSSHWO-GbkIWH6fkGMLw4bqvL_NH6e2wMveX7G-rP2dAqsDSq1mJMOaY&#038;_nc_zt=24&#038;_nc_ht=scontent-gig4-1.xx&#038;_nc_gid=AoBFJeGrT1hVaew_6rchkQ&#038;oh=00_AfX7QmFGhQhG2jAllVgXCiM1ZrWgvtp80-Bfppyexh1QEg&#038;oe=689E923C\" \/>\n\t\t<meta property=\"article:published_time\" content=\"2015-12-22T16:25:47+00:00\" \/>\n\t\t<meta property=\"article:modified_time\" content=\"2015-12-22T16:25:47+00:00\" \/>\n\t\t<meta name=\"twitter:card\" content=\"summary_large_image\" \/>\n\t\t<meta name=\"twitter:title\" content=\"Pol\u00edcia Civil de Miradouro apreende adolescente suspeito de chefiar o tr\u00e1fico de drogas na cidade - A Not\u00edcia Online\" \/>\n\t\t<meta name=\"twitter:description\" content=\"Policiais da 34\u00aa Delegacia de Pol\u00edcia Civil de Miradouro apreenderam um menor, F.M.R.S., suspeito de envolvimento em v\u00e1rios homic\u00eddios ocorridos ao longo dos \u00faltimos dois anos. O adolescente tamb\u00e9m \u00e9 suspeito de chefiar o tr\u00e1fico de drogas naquela cidade, atentando contra a vida de qualquer outro \u201cconcorrente\u201d que tentasse se estabelecer no ramo. A \u00faltima\" \/>\n\t\t<meta name=\"twitter:image\" content=\"https:\/\/scontent-gig4-1.xx.fbcdn.net\/v\/t39.30808-1\/270437624_4564083193639691_6907940295614233970_n.jpg?stp=dst-jpg_s200x200_tt6&amp;_nc_cat=111&amp;ccb=1-7&amp;_nc_sid=f907e8&amp;_nc_ohc=SM1wRlP3lJwQ7kNvwEPuBYA&amp;_nc_oc=AdnqrjDN_BNjSSHWO-GbkIWH6fkGMLw4bqvL_NH6e2wMveX7G-rP2dAqsDSq1mJMOaY&amp;_nc_zt=24&amp;_nc_ht=scontent-gig4-1.xx&amp;_nc_gid=AoBFJeGrT1hVaew_6rchkQ&amp;oh=00_AfX7QmFGhQhG2jAllVgXCiM1ZrWgvtp80-Bfppyexh1QEg&amp;oe=689E923C\" \/>\n\t\t<script type=\"application\/ld+json\" class=\"aioseo-schema\">\n\t\t\t{\"@context\":\"https:\\\/\\\/schema.org\",\"@graph\":[{\"@type\":\"BlogPosting\",\"@id\":\"https:\\\/\\\/anoticiaonline.com.br\\\/site\\\/policia-civil-de-miradouro-apreende-adolescente-suspeito-de-chefiar-o-trafico-de-drogas-na-cidade\\\/#blogposting\",\"name\":\"Pol\\u00edcia Civil de Miradouro apreende adolescente suspeito de chefiar o tr\\u00e1fico de drogas na cidade - A Not\\u00edcia Online\",\"headline\":\"Pol\\u00edcia Civil de Miradouro apreende adolescente suspeito de chefiar o tr\\u00e1fico de drogas na cidade\",\"author\":{\"@id\":\"https:\\\/\\\/anoticiaonline.com.br\\\/site\\\/author\\\/juliana\\\/#author\"},\"publisher\":{\"@id\":\"https:\\\/\\\/anoticiaonline.com.br\\\/site\\\/#organization\"},\"image\":{\"@type\":\"ImageObject\",\"url\":\"http:\\\/\\\/anoticiaonline.com.br\\\/site\\\/wp-content\\\/uploads\\\/2015\\\/12\\\/suspeito-homic\\u00eddio-em-Miradouro-300x271.jpg\",\"@id\":\"https:\\\/\\\/anoticiaonline.com.br\\\/site\\\/policia-civil-de-miradouro-apreende-adolescente-suspeito-de-chefiar-o-trafico-de-drogas-na-cidade\\\/#articleImage\"},\"datePublished\":\"2015-12-22T13:25:47-03:00\",\"dateModified\":\"2015-12-22T13:25:47-03:00\",\"inLanguage\":\"pt-BR\",\"mainEntityOfPage\":{\"@id\":\"https:\\\/\\\/anoticiaonline.com.br\\\/site\\\/policia-civil-de-miradouro-apreende-adolescente-suspeito-de-chefiar-o-trafico-de-drogas-na-cidade\\\/#webpage\"},\"isPartOf\":{\"@id\":\"https:\\\/\\\/anoticiaonline.com.br\\\/site\\\/policia-civil-de-miradouro-apreende-adolescente-suspeito-de-chefiar-o-trafico-de-drogas-na-cidade\\\/#webpage\"},\"articleSection\":\"Regi\\u00e3o, slide\"},{\"@type\":\"BreadcrumbList\",\"@id\":\"https:\\\/\\\/anoticiaonline.com.br\\\/site\\\/policia-civil-de-miradouro-apreende-adolescente-suspeito-de-chefiar-o-trafico-de-drogas-na-cidade\\\/#breadcrumblist\",\"itemListElement\":[{\"@type\":\"ListItem\",\"@id\":\"https:\\\/\\\/anoticiaonline.com.br\\\/site#listItem\",\"position\":1,\"name\":\"Home\",\"item\":\"https:\\\/\\\/anoticiaonline.com.br\\\/site\",\"nextItem\":{\"@type\":\"ListItem\",\"@id\":\"https:\\\/\\\/anoticiaonline.com.br\\\/site\\\/categoria\\\/regiao\\\/#listItem\",\"name\":\"Regi\\u00e3o\"}},{\"@type\":\"ListItem\",\"@id\":\"https:\\\/\\\/anoticiaonline.com.br\\\/site\\\/categoria\\\/regiao\\\/#listItem\",\"position\":2,\"name\":\"Regi\\u00e3o\",\"item\":\"https:\\\/\\\/anoticiaonline.com.br\\\/site\\\/categoria\\\/regiao\\\/\",\"nextItem\":{\"@type\":\"ListItem\",\"@id\":\"https:\\\/\\\/anoticiaonline.com.br\\\/site\\\/policia-civil-de-miradouro-apreende-adolescente-suspeito-de-chefiar-o-trafico-de-drogas-na-cidade\\\/#listItem\",\"name\":\"Pol\\u00edcia Civil de Miradouro apreende adolescente suspeito de chefiar o tr\\u00e1fico de drogas na cidade\"},\"previousItem\":{\"@type\":\"ListItem\",\"@id\":\"https:\\\/\\\/anoticiaonline.com.br\\\/site#listItem\",\"name\":\"Home\"}},{\"@type\":\"ListItem\",\"@id\":\"https:\\\/\\\/anoticiaonline.com.br\\\/site\\\/policia-civil-de-miradouro-apreende-adolescente-suspeito-de-chefiar-o-trafico-de-drogas-na-cidade\\\/#listItem\",\"position\":3,\"name\":\"Pol\\u00edcia Civil de Miradouro apreende adolescente suspeito de chefiar o tr\\u00e1fico de drogas na cidade\",\"previousItem\":{\"@type\":\"ListItem\",\"@id\":\"https:\\\/\\\/anoticiaonline.com.br\\\/site\\\/categoria\\\/regiao\\\/#listItem\",\"name\":\"Regi\\u00e3o\"}}]},{\"@type\":\"Organization\",\"@id\":\"https:\\\/\\\/anoticiaonline.com.br\\\/site\\\/#organization\",\"name\":\"A Not\\u00edcia Online\",\"description\":\"Noticias de Muria\\u00e9 e regi\\u00e3o\",\"url\":\"https:\\\/\\\/anoticiaonline.com.br\\\/site\\\/\",\"logo\":{\"@type\":\"ImageObject\",\"url\":\"https:\\\/\\\/scontent-gig4-1.xx.fbcdn.net\\\/v\\\/t39.30808-1\\\/270437624_4564083193639691_6907940295614233970_n.jpg?stp=dst-jpg_s200x200_tt6&_nc_cat=111&ccb=1-7&_nc_sid=f907e8&_nc_ohc=SM1wRlP3lJwQ7kNvwEPuBYA&_nc_oc=AdnqrjDN_BNjSSHWO-GbkIWH6fkGMLw4bqvL_NH6e2wMveX7G-rP2dAqsDSq1mJMOaY&_nc_zt=24&_nc_ht=scontent-gig4-1.xx&_nc_gid=AoBFJeGrT1hVaew_6rchkQ&oh=00_AfX7QmFGhQhG2jAllVgXCiM1ZrWgvtp80-Bfppyexh1QEg&oe=689E923C\",\"@id\":\"https:\\\/\\\/anoticiaonline.com.br\\\/site\\\/policia-civil-de-miradouro-apreende-adolescente-suspeito-de-chefiar-o-trafico-de-drogas-na-cidade\\\/#organizationLogo\"},\"image\":{\"@id\":\"https:\\\/\\\/anoticiaonline.com.br\\\/site\\\/policia-civil-de-miradouro-apreende-adolescente-suspeito-de-chefiar-o-trafico-de-drogas-na-cidade\\\/#organizationLogo\"}},{\"@type\":\"Person\",\"@id\":\"https:\\\/\\\/anoticiaonline.com.br\\\/site\\\/author\\\/juliana\\\/#author\",\"url\":\"https:\\\/\\\/anoticiaonline.com.br\\\/site\\\/author\\\/juliana\\\/\",\"name\":\"Juliana Laviola\",\"image\":{\"@type\":\"ImageObject\",\"@id\":\"https:\\\/\\\/anoticiaonline.com.br\\\/site\\\/policia-civil-de-miradouro-apreende-adolescente-suspeito-de-chefiar-o-trafico-de-drogas-na-cidade\\\/#authorImage\",\"url\":\"https:\\\/\\\/secure.gravatar.com\\\/avatar\\\/b8d45f5c699b100dfaf0e543582f38f38bf94cb7ae3a5e9abf8d891a34773335?s=96&d=mm&r=g\",\"width\":96,\"height\":96,\"caption\":\"Juliana Laviola\"}},{\"@type\":\"WebPage\",\"@id\":\"https:\\\/\\\/anoticiaonline.com.br\\\/site\\\/policia-civil-de-miradouro-apreende-adolescente-suspeito-de-chefiar-o-trafico-de-drogas-na-cidade\\\/#webpage\",\"url\":\"https:\\\/\\\/anoticiaonline.com.br\\\/site\\\/policia-civil-de-miradouro-apreende-adolescente-suspeito-de-chefiar-o-trafico-de-drogas-na-cidade\\\/\",\"name\":\"Pol\\u00edcia Civil de Miradouro apreende adolescente suspeito de chefiar o tr\\u00e1fico de drogas na cidade - A Not\\u00edcia Online\",\"description\":\"Policiais da 34\\u00aa Delegacia de Pol\\u00edcia Civil de Miradouro apreenderam um menor, F.M.R.S., suspeito de envolvimento em v\\u00e1rios homic\\u00eddios ocorridos ao longo dos \\u00faltimos dois anos. O adolescente tamb\\u00e9m \\u00e9 suspeito de chefiar o tr\\u00e1fico de drogas naquela cidade, atentando contra a vida de qualquer outro \\u201cconcorrente\\u201d que tentasse se estabelecer no ramo. A \\u00faltima\",\"inLanguage\":\"pt-BR\",\"isPartOf\":{\"@id\":\"https:\\\/\\\/anoticiaonline.com.br\\\/site\\\/#website\"},\"breadcrumb\":{\"@id\":\"https:\\\/\\\/anoticiaonline.com.br\\\/site\\\/policia-civil-de-miradouro-apreende-adolescente-suspeito-de-chefiar-o-trafico-de-drogas-na-cidade\\\/#breadcrumblist\"},\"author\":{\"@id\":\"https:\\\/\\\/anoticiaonline.com.br\\\/site\\\/author\\\/juliana\\\/#author\"},\"creator\":{\"@id\":\"https:\\\/\\\/anoticiaonline.com.br\\\/site\\\/author\\\/juliana\\\/#author\"},\"datePublished\":\"2015-12-22T13:25:47-03:00\",\"dateModified\":\"2015-12-22T13:25:47-03:00\"},{\"@type\":\"WebSite\",\"@id\":\"https:\\\/\\\/anoticiaonline.com.br\\\/site\\\/#website\",\"url\":\"https:\\\/\\\/anoticiaonline.com.br\\\/site\\\/\",\"name\":\"A Not\\u00edcia Online\",\"description\":\"Noticias de Muria\\u00e9 e regi\\u00e3o\",\"inLanguage\":\"pt-BR\",\"publisher\":{\"@id\":\"https:\\\/\\\/anoticiaonline.com.br\\\/site\\\/#organization\"}}]}\n\t\t<\/script>\n\t\t<!-- All in One SEO -->\n\n","aioseo_head_json":{"title":"Pol\u00edcia Civil de Miradouro apreende adolescente suspeito de chefiar o tr\u00e1fico de drogas na cidade - A Not\u00edcia Online","description":"Policiais da 34\u00aa Delegacia de Pol\u00edcia Civil de Miradouro apreenderam um menor, F.M.R.S., suspeito de envolvimento em v\u00e1rios homic\u00eddios ocorridos ao longo dos \u00faltimos dois anos. O adolescente tamb\u00e9m \u00e9 suspeito de chefiar o tr\u00e1fico de drogas naquela cidade, atentando contra a vida de qualquer outro \u201cconcorrente\u201d que tentasse se estabelecer no ramo. A \u00faltima","canonical_url":"https:\/\/anoticiaonline.com.br\/site\/policia-civil-de-miradouro-apreende-adolescente-suspeito-de-chefiar-o-trafico-de-drogas-na-cidade\/","robots":"max-image-preview:large","keywords":"","webmasterTools":{"miscellaneous":""},"schema":{"@context":"https:\/\/schema.org","@graph":[{"@type":"BlogPosting","@id":"https:\/\/anoticiaonline.com.br\/site\/policia-civil-de-miradouro-apreende-adolescente-suspeito-de-chefiar-o-trafico-de-drogas-na-cidade\/#blogposting","name":"Pol\u00edcia Civil de Miradouro apreende adolescente suspeito de chefiar o tr\u00e1fico de drogas na cidade - A Not\u00edcia Online","headline":"Pol\u00edcia Civil de Miradouro apreende adolescente suspeito de chefiar o tr\u00e1fico de drogas na cidade","author":{"@id":"https:\/\/anoticiaonline.com.br\/site\/author\/juliana\/#author"},"publisher":{"@id":"https:\/\/anoticiaonline.com.br\/site\/#organization"},"image":{"@type":"ImageObject","url":"http:\/\/anoticiaonline.com.br\/site\/wp-content\/uploads\/2015\/12\/suspeito-homic\u00eddio-em-Miradouro-300x271.jpg","@id":"https:\/\/anoticiaonline.com.br\/site\/policia-civil-de-miradouro-apreende-adolescente-suspeito-de-chefiar-o-trafico-de-drogas-na-cidade\/#articleImage"},"datePublished":"2015-12-22T13:25:47-03:00","dateModified":"2015-12-22T13:25:47-03:00","inLanguage":"pt-BR","mainEntityOfPage":{"@id":"https:\/\/anoticiaonline.com.br\/site\/policia-civil-de-miradouro-apreende-adolescente-suspeito-de-chefiar-o-trafico-de-drogas-na-cidade\/#webpage"},"isPartOf":{"@id":"https:\/\/anoticiaonline.com.br\/site\/policia-civil-de-miradouro-apreende-adolescente-suspeito-de-chefiar-o-trafico-de-drogas-na-cidade\/#webpage"},"articleSection":"Regi\u00e3o, slide"},{"@type":"BreadcrumbList","@id":"https:\/\/anoticiaonline.com.br\/site\/policia-civil-de-miradouro-apreende-adolescente-suspeito-de-chefiar-o-trafico-de-drogas-na-cidade\/#breadcrumblist","itemListElement":[{"@type":"ListItem","@id":"https:\/\/anoticiaonline.com.br\/site#listItem","position":1,"name":"Home","item":"https:\/\/anoticiaonline.com.br\/site","nextItem":{"@type":"ListItem","@id":"https:\/\/anoticiaonline.com.br\/site\/categoria\/regiao\/#listItem","name":"Regi\u00e3o"}},{"@type":"ListItem","@id":"https:\/\/anoticiaonline.com.br\/site\/categoria\/regiao\/#listItem","position":2,"name":"Regi\u00e3o","item":"https:\/\/anoticiaonline.com.br\/site\/categoria\/regiao\/","nextItem":{"@type":"ListItem","@id":"https:\/\/anoticiaonline.com.br\/site\/policia-civil-de-miradouro-apreende-adolescente-suspeito-de-chefiar-o-trafico-de-drogas-na-cidade\/#listItem","name":"Pol\u00edcia Civil de Miradouro apreende adolescente suspeito de chefiar o tr\u00e1fico de drogas na cidade"},"previousItem":{"@type":"ListItem","@id":"https:\/\/anoticiaonline.com.br\/site#listItem","name":"Home"}},{"@type":"ListItem","@id":"https:\/\/anoticiaonline.com.br\/site\/policia-civil-de-miradouro-apreende-adolescente-suspeito-de-chefiar-o-trafico-de-drogas-na-cidade\/#listItem","position":3,"name":"Pol\u00edcia Civil de Miradouro apreende adolescente suspeito de chefiar o tr\u00e1fico de drogas na cidade","previousItem":{"@type":"ListItem","@id":"https:\/\/anoticiaonline.com.br\/site\/categoria\/regiao\/#listItem","name":"Regi\u00e3o"}}]},{"@type":"Organization","@id":"https:\/\/anoticiaonline.com.br\/site\/#organization","name":"A Not\u00edcia Online","description":"Noticias de Muria\u00e9 e regi\u00e3o","url":"https:\/\/anoticiaonline.com.br\/site\/","logo":{"@type":"ImageObject","url":"https:\/\/scontent-gig4-1.xx.fbcdn.net\/v\/t39.30808-1\/270437624_4564083193639691_6907940295614233970_n.jpg?stp=dst-jpg_s200x200_tt6&_nc_cat=111&ccb=1-7&_nc_sid=f907e8&_nc_ohc=SM1wRlP3lJwQ7kNvwEPuBYA&_nc_oc=AdnqrjDN_BNjSSHWO-GbkIWH6fkGMLw4bqvL_NH6e2wMveX7G-rP2dAqsDSq1mJMOaY&_nc_zt=24&_nc_ht=scontent-gig4-1.xx&_nc_gid=AoBFJeGrT1hVaew_6rchkQ&oh=00_AfX7QmFGhQhG2jAllVgXCiM1ZrWgvtp80-Bfppyexh1QEg&oe=689E923C","@id":"https:\/\/anoticiaonline.com.br\/site\/policia-civil-de-miradouro-apreende-adolescente-suspeito-de-chefiar-o-trafico-de-drogas-na-cidade\/#organizationLogo"},"image":{"@id":"https:\/\/anoticiaonline.com.br\/site\/policia-civil-de-miradouro-apreende-adolescente-suspeito-de-chefiar-o-trafico-de-drogas-na-cidade\/#organizationLogo"}},{"@type":"Person","@id":"https:\/\/anoticiaonline.com.br\/site\/author\/juliana\/#author","url":"https:\/\/anoticiaonline.com.br\/site\/author\/juliana\/","name":"Juliana Laviola","image":{"@type":"ImageObject","@id":"https:\/\/anoticiaonline.com.br\/site\/policia-civil-de-miradouro-apreende-adolescente-suspeito-de-chefiar-o-trafico-de-drogas-na-cidade\/#authorImage","url":"https:\/\/secure.gravatar.com\/avatar\/b8d45f5c699b100dfaf0e543582f38f38bf94cb7ae3a5e9abf8d891a34773335?s=96&d=mm&r=g","width":96,"height":96,"caption":"Juliana Laviola"}},{"@type":"WebPage","@id":"https:\/\/anoticiaonline.com.br\/site\/policia-civil-de-miradouro-apreende-adolescente-suspeito-de-chefiar-o-trafico-de-drogas-na-cidade\/#webpage","url":"https:\/\/anoticiaonline.com.br\/site\/policia-civil-de-miradouro-apreende-adolescente-suspeito-de-chefiar-o-trafico-de-drogas-na-cidade\/","name":"Pol\u00edcia Civil de Miradouro apreende adolescente suspeito de chefiar o tr\u00e1fico de drogas na cidade - A Not\u00edcia Online","description":"Policiais da 34\u00aa Delegacia de Pol\u00edcia Civil de Miradouro apreenderam um menor, F.M.R.S., suspeito de envolvimento em v\u00e1rios homic\u00eddios ocorridos ao longo dos \u00faltimos dois anos. O adolescente tamb\u00e9m \u00e9 suspeito de chefiar o tr\u00e1fico de drogas naquela cidade, atentando contra a vida de qualquer outro \u201cconcorrente\u201d que tentasse se estabelecer no ramo. A \u00faltima","inLanguage":"pt-BR","isPartOf":{"@id":"https:\/\/anoticiaonline.com.br\/site\/#website"},"breadcrumb":{"@id":"https:\/\/anoticiaonline.com.br\/site\/policia-civil-de-miradouro-apreende-adolescente-suspeito-de-chefiar-o-trafico-de-drogas-na-cidade\/#breadcrumblist"},"author":{"@id":"https:\/\/anoticiaonline.com.br\/site\/author\/juliana\/#author"},"creator":{"@id":"https:\/\/anoticiaonline.com.br\/site\/author\/juliana\/#author"},"datePublished":"2015-12-22T13:25:47-03:00","dateModified":"2015-12-22T13:25:47-03:00"},{"@type":"WebSite","@id":"https:\/\/anoticiaonline.com.br\/site\/#website","url":"https:\/\/anoticiaonline.com.br\/site\/","name":"A Not\u00edcia Online","description":"Noticias de Muria\u00e9 e regi\u00e3o","inLanguage":"pt-BR","publisher":{"@id":"https:\/\/anoticiaonline.com.br\/site\/#organization"}}]},"og:locale":"pt_BR","og:site_name":"A Not\u00edcia Online - Noticias de Muria\u00e9 e regi\u00e3o","og:type":"article","og:title":"Pol\u00edcia Civil de Miradouro apreende adolescente suspeito de chefiar o tr\u00e1fico de drogas na cidade - A Not\u00edcia Online","og:description":"Policiais da 34\u00aa Delegacia de Pol\u00edcia Civil de Miradouro apreenderam um menor, F.M.R.S., suspeito de envolvimento em v\u00e1rios homic\u00eddios ocorridos ao longo dos \u00faltimos dois anos. O adolescente tamb\u00e9m \u00e9 suspeito de chefiar o tr\u00e1fico de drogas naquela cidade, atentando contra a vida de qualquer outro \u201cconcorrente\u201d que tentasse se estabelecer no ramo. A \u00faltima","og:url":"https:\/\/anoticiaonline.com.br\/site\/policia-civil-de-miradouro-apreende-adolescente-suspeito-de-chefiar-o-trafico-de-drogas-na-cidade\/","og:image":"https:\/\/scontent-gig4-1.xx.fbcdn.net\/v\/t39.30808-1\/270437624_4564083193639691_6907940295614233970_n.jpg?stp=dst-jpg_s200x200_tt6&#038;_nc_cat=111&#038;ccb=1-7&#038;_nc_sid=f907e8&#038;_nc_ohc=SM1wRlP3lJwQ7kNvwEPuBYA&#038;_nc_oc=AdnqrjDN_BNjSSHWO-GbkIWH6fkGMLw4bqvL_NH6e2wMveX7G-rP2dAqsDSq1mJMOaY&#038;_nc_zt=24&#038;_nc_ht=scontent-gig4-1.xx&#038;_nc_gid=AoBFJeGrT1hVaew_6rchkQ&#038;oh=00_AfX7QmFGhQhG2jAllVgXCiM1ZrWgvtp80-Bfppyexh1QEg&#038;oe=689E923C","og:image:secure_url":"https:\/\/scontent-gig4-1.xx.fbcdn.net\/v\/t39.30808-1\/270437624_4564083193639691_6907940295614233970_n.jpg?stp=dst-jpg_s200x200_tt6&#038;_nc_cat=111&#038;ccb=1-7&#038;_nc_sid=f907e8&#038;_nc_ohc=SM1wRlP3lJwQ7kNvwEPuBYA&#038;_nc_oc=AdnqrjDN_BNjSSHWO-GbkIWH6fkGMLw4bqvL_NH6e2wMveX7G-rP2dAqsDSq1mJMOaY&#038;_nc_zt=24&#038;_nc_ht=scontent-gig4-1.xx&#038;_nc_gid=AoBFJeGrT1hVaew_6rchkQ&#038;oh=00_AfX7QmFGhQhG2jAllVgXCiM1ZrWgvtp80-Bfppyexh1QEg&#038;oe=689E923C","article:published_time":"2015-12-22T16:25:47+00:00","article:modified_time":"2015-12-22T16:25:47+00:00","twitter:card":"summary_large_image","twitter:title":"Pol\u00edcia Civil de Miradouro apreende adolescente suspeito de chefiar o tr\u00e1fico de drogas na cidade - A Not\u00edcia Online","twitter:description":"Policiais da 34\u00aa Delegacia de Pol\u00edcia Civil de Miradouro apreenderam um menor, F.M.R.S., suspeito de envolvimento em v\u00e1rios homic\u00eddios ocorridos ao longo dos \u00faltimos dois anos. O adolescente tamb\u00e9m \u00e9 suspeito de chefiar o tr\u00e1fico de drogas naquela cidade, atentando contra a vida de qualquer outro \u201cconcorrente\u201d que tentasse se estabelecer no ramo. A \u00faltima","twitter:image":"https:\/\/scontent-gig4-1.xx.fbcdn.net\/v\/t39.30808-1\/270437624_4564083193639691_6907940295614233970_n.jpg?stp=dst-jpg_s200x200_tt6&_nc_cat=111&ccb=1-7&_nc_sid=f907e8&_nc_ohc=SM1wRlP3lJwQ7kNvwEPuBYA&_nc_oc=AdnqrjDN_BNjSSHWO-GbkIWH6fkGMLw4bqvL_NH6e2wMveX7G-rP2dAqsDSq1mJMOaY&_nc_zt=24&_nc_ht=scontent-gig4-1.xx&_nc_gid=AoBFJeGrT1hVaew_6rchkQ&oh=00_AfX7QmFGhQhG2jAllVgXCiM1ZrWgvtp80-Bfppyexh1QEg&oe=689E923C"},"aioseo_meta_data":{"post_id":"8539","title":null,"description":null,"keywords":null,"keyphrases":null,"primary_term":null,"canonical_url":null,"og_title":null,"og_description":null,"og_object_type":"default","og_image_type":"default","og_image_url":null,"og_image_width":null,"og_image_height":null,"og_image_custom_url":null,"og_image_custom_fields":null,"og_video":null,"og_custom_url":null,"og_article_section":null,"og_article_tags":null,"twitter_use_og":false,"twitter_card":"default","twitter_image_type":"default","twitter_image_url":null,"twitter_image_custom_url":null,"twitter_image_custom_fields":null,"twitter_title":null,"twitter_description":null,"schema":{"blockGraphs":[],"customGraphs":[],"default":{"data":{"Article":[],"Course":[],"Dataset":[],"FAQPage":[],"Movie":[],"Person":[],"Product":[],"ProductReview":[],"Car":[],"Recipe":[],"Service":[],"SoftwareApplication":[],"WebPage":[]},"graphName":"","isEnabled":true},"graphs":[]},"schema_type":"default","schema_type_options":null,"pillar_content":false,"robots_default":true,"robots_noindex":false,"robots_noarchive":false,"robots_nosnippet":false,"robots_nofollow":false,"robots_noimageindex":false,"robots_noodp":false,"robots_notranslate":false,"robots_max_snippet":null,"robots_max_videopreview":null,"robots_max_imagepreview":"large","priority":null,"frequency":null,"local_seo":null,"breadcrumb_settings":null,"limit_modified_date":false,"ai":null,"created":"2025-08-16 14:40:38","updated":"2025-08-16 14:40:38","focus_keyword":null,"additional_keywords":null,"truseo_locale":null,"seo_analyzer_scan_date":null},"aioseo_breadcrumb":"<div class=\"aioseo-breadcrumbs\"><span class=\"aioseo-breadcrumb\">\n\t\t\t<a href=\"https:\/\/anoticiaonline.com.br\/site\" title=\"Home\">Home<\/a>\n\t\t<\/span><span class=\"aioseo-breadcrumb-separator\">&raquo;<\/span><span class=\"aioseo-breadcrumb\">\n\t\t\t<a href=\"https:\/\/anoticiaonline.com.br\/site\/categoria\/regiao\/\" title=\"Regi\u00e3o\">Regi\u00e3o<\/a>\n\t\t<\/span><span class=\"aioseo-breadcrumb-separator\">&raquo;<\/span><span class=\"aioseo-breadcrumb\">\n\t\t\tPol\u00edcia Civil de Miradouro apreende adolescente suspeito de chefiar o tr\u00e1fico de drogas na cidade\n\t\t<\/span><\/div>","aioseo_breadcrumb_json":[{"label":"Home","link":"https:\/\/anoticiaonline.com.br\/site"},{"label":"Regi\u00e3o","link":"https:\/\/anoticiaonline.com.br\/site\/categoria\/regiao\/"},{"label":"Pol\u00edcia Civil de Miradouro apreende adolescente suspeito de chefiar o tr\u00e1fico de drogas na cidade","link":"https:\/\/anoticiaonline.com.br\/site\/policia-civil-de-miradouro-apreende-adolescente-suspeito-de-chefiar-o-trafico-de-drogas-na-cidade\/"}],"views":148,"_links":{"self":[{"href":"https:\/\/anoticiaonline.com.br\/site\/wp-json\/wp\/v2\/posts\/8539","targetHints":{"allow":["GET"]}}],"collection":[{"href":"https:\/\/anoticiaonline.com.br\/site\/wp-json\/wp\/v2\/posts"}],"about":[{"href":"https:\/\/anoticiaonline.com.br\/site\/wp-json\/wp\/v2\/types\/post"}],"author":[{"embeddable":true,"href":"https:\/\/anoticiaonline.com.br\/site\/wp-json\/wp\/v2\/users\/2"}],"replies":[{"embeddable":true,"href":"https:\/\/anoticiaonline.com.br\/site\/wp-json\/wp\/v2\/comments?post=8539"}],"version-history":[{"count":0,"href":"https:\/\/anoticiaonline.com.br\/site\/wp-json\/wp\/v2\/posts\/8539\/revisions"}],"wp:attachment":[{"href":"https:\/\/anoticiaonline.com.br\/site\/wp-json\/wp\/v2\/media?parent=8539"}],"wp:term":[{"taxonomy":"category","embeddable":true,"href":"https:\/\/anoticiaonline.com.br\/site\/wp-json\/wp\/v2\/categories?post=8539"},{"taxonomy":"post_tag","embeddable":true,"href":"https:\/\/anoticiaonline.com.br\/site\/wp-json\/wp\/v2\/tags?post=8539"}],"curies":[{"name":"wp","href":"https:\/\/api.w.org\/{rel}","templated":true}]}}