{"id":8533,"date":"2015-12-22T10:47:32","date_gmt":"2015-12-22T13:47:32","guid":{"rendered":"http:\/\/anoticiaonline.com.br\/site\/?p=8533"},"modified":"2015-12-22T10:47:32","modified_gmt":"2015-12-22T13:47:32","slug":"academia-muriaeense-de-letras-lanca-sua-primeira-revista","status":"publish","type":"post","link":"https:\/\/anoticiaonline.com.br\/site\/academia-muriaeense-de-letras-lanca-sua-primeira-revista\/","title":{"rendered":"Academia Muriaeense de Letras lan\u00e7a sua primeira revista"},"content":{"rendered":"<figure id=\"attachment_8534\" aria-describedby=\"caption-attachment-8534\" style=\"width: 215px\" class=\"wp-caption alignleft\"><a href=\"https:\/\/anoticiaonline.com.br\/site\/wp-content\/uploads\/2015\/12\/alme-2.jpg\"><img fetchpriority=\"high\" decoding=\"async\" class=\"size-medium wp-image-8534\" src=\"https:\/\/anoticiaonline.com.br\/site\/wp-content\/uploads\/2015\/12\/alme-2-225x300.jpg\" alt=\"Arquivo pessoal\/Facebook AMLE\" width=\"225\" height=\"300\" \/><\/a><figcaption id=\"caption-attachment-8534\" class=\"wp-caption-text\">Arquivo pessoal\/Facebook AMLE<\/figcaption><\/figure>\n<p>As a\u00e7\u00f5es da Academia Muriaeense de Letras, desde o seu surgimento at\u00e9 os dias atuais, foram eternizadas em uma revista. No peri\u00f3dico, pode-se encontrar o hist\u00f3rico da academia (de 2012 a 2015), os acad\u00eamicos e patronos, a instala\u00e7\u00e3o e posse, um tributo ao patrono da AMLE, Paulo Fraga, al\u00e9m de registros e fotos de eventos que os acad\u00eamicos participam.<\/p>\n<p>\u201cEsta edi\u00e7\u00e3o, carinhosamente nomeada por n\u00f3s da diretoria como Edi\u00e7\u00e3o Hist\u00f3rica, visa apresentar os acad\u00eamicos e seus patronos, a estrutura da academia, o estatuto, os principais eventos e atividades realizadas desde 2012, quando na sala da Biblioteca Municipal, num esfor\u00e7o conjunto com pessoas de boa-f\u00e9, com apoio da Fundarte, a academia foi aos poucos sendo criada e alicer\u00e7ada\u201d, conta a presidente da AMLE, Val\u00e9ria Cristina Monteiro de Barros Fernandes.<\/p>\n<p>Com o lema \u201cArs una, species mile\u201d (\u201cA arte \u00e9 \u00fanica, muitas as esp\u00e9cies\u201d, na tradu\u00e7\u00e3o em portugu\u00eas), a revista, segundo a presidente, exp\u00f5e de forma enf\u00e1tica o perfil da academia. \u201cSomos 30 acad\u00eamicos, dotados de particularidades especiais, diferentes estilos, grande conhecimento e, sobretudo, dotados de mentes valiosas, que aqui se somaram, se multiplicaram, para estar representando, culturalmente, a sociedade muriaeense e regi\u00e3o, tamb\u00e9m com esta primeira edi\u00e7\u00e3o\u201d, afirma.<\/p>\n<p>A AMLE \u00e9 uma associa\u00e7\u00e3o civil sem fins lucrativos cuja finalidade \u00e9 a difus\u00e3o dos valores culturais que engrandecem a pessoa e suas manifesta\u00e7\u00f5es como o ser, o culto da l\u00edngua e da literatura em suas diversas manifesta\u00e7\u00f5es.<\/p>\n<p>Com o lan\u00e7amento da revista cuja proposta inicial \u00e9 de tiragem bimestral, a presidente afirma que se estar\u00e1 veiculando o pensamento, o conhecimento art\u00edstico, cultural e liter\u00e1rio dos acad\u00eamicos. \u201cAl\u00e9m de entusiastas e sonhadores, poetas, escritores, articulistas, mestres da l\u00edngua e escrita, historiadores, contadores de \u2018causos\u2019 e artistas, seremos sempre para a AMLE pessoas de boa-f\u00e9. E assim gostar\u00edamos de ser eternizados\u201d, diz.<\/p>\n<figure id=\"attachment_8535\" aria-describedby=\"caption-attachment-8535\" style=\"width: 290px\" class=\"wp-caption alignleft\"><a href=\"https:\/\/anoticiaonline.com.br\/site\/wp-content\/uploads\/2015\/12\/amle.jpg\"><img decoding=\"async\" class=\"size-medium wp-image-8535\" src=\"https:\/\/anoticiaonline.com.br\/site\/wp-content\/uploads\/2015\/12\/amle-300x169.jpg\" alt=\"Arquivo pessoal\/Facebook AMLE\" width=\"300\" height=\"169\" \/><\/a><figcaption id=\"caption-attachment-8535\" class=\"wp-caption-text\">Arquivo pessoal\/Facebook AMLE<\/figcaption><\/figure>\n<p>Durante o lan\u00e7amento da revista, que aconteceu no dia 20 de dezembro, no Teatro Belmira Vilas Boas, tamb\u00e9m foram empossados tr\u00eas novos membros que foram convidados e aprovados pela academia, de acordo com o seu estatuto: Em\u00edlia Castro Montezano Goulart (cadeira n\u00ba 6 &#8211; patrono L\u00facio Gusman), Elder Jos\u00e9 Dala Paula Abreu (cadeira n\u00ba 8 &#8211; patrono Ant\u00f4nio Vi\u00e7oso Magalh\u00e3es) e Avany Barros da Silva Melo (cadeira n\u00ba 14 &#8211; patrono Lydio Machado Bandeira de Mello).<\/p>\n<p>As capas\/vestimentas oficiais da AMLE foram doadas pela Escola Estadual Engenheiro Orlando Flores, e na solenidade, cada um recebeu a sua para representar a academia e us\u00e1-las oficialmente.<\/p>\n","protected":false},"excerpt":{"rendered":"<p>As a\u00e7\u00f5es da Academia Muriaeense de Letras, desde o seu surgimento at\u00e9 os dias atuais, foram eternizadas em uma revista. No peri\u00f3dico, pode-se encontrar o hist\u00f3rico da academia (de 2012 a 2015), os acad\u00eamicos e patronos, a instala\u00e7\u00e3o e posse, um tributo ao patrono da AMLE, Paulo Fraga, al\u00e9m de registros e fotos de eventos &#8230; <a title=\"Academia Muriaeense de Letras lan\u00e7a sua primeira revista\" class=\"read-more\" href=\"https:\/\/anoticiaonline.com.br\/site\/academia-muriaeense-de-letras-lanca-sua-primeira-revista\/\" aria-label=\"Read more about Academia Muriaeense de Letras lan\u00e7a sua primeira revista\">Ler mais<\/a><\/p>\n","protected":false},"author":2,"featured_media":0,"comment_status":"open","ping_status":"open","sticky":false,"template":"","format":"standard","meta":{"_acf_changed":false,"_monsterinsights_skip_tracking":false,"footnotes":""},"categories":[19],"tags":[3],"class_list":["post-8533","post","type-post","status-publish","format-standard","hentry","category-cultura","tag-slide"],"acf":[],"aioseo_notices":[],"aioseo_head":"\n\t\t<!-- All in One SEO 5.0.0.1 - aioseo.com -->\n\t<meta name=\"description\" content=\"As a\u00e7\u00f5es da Academia Muriaeense de Letras, desde o seu surgimento at\u00e9 os dias atuais, foram eternizadas em uma revista. No peri\u00f3dico, pode-se encontrar o hist\u00f3rico da academia (de 2012 a 2015), os acad\u00eamicos e patronos, a instala\u00e7\u00e3o e posse, um tributo ao patrono da AMLE, Paulo Fraga, al\u00e9m de registros e fotos de eventos\" \/>\n\t<meta name=\"robots\" content=\"max-image-preview:large\" \/>\n\t<meta name=\"author\" content=\"Juliana Laviola\"\/>\n\t<link rel=\"canonical\" href=\"https:\/\/anoticiaonline.com.br\/site\/academia-muriaeense-de-letras-lanca-sua-primeira-revista\/\" \/>\n\t<meta name=\"generator\" content=\"All in One SEO (AIOSEO) 5.0.0.1\" \/>\n\t\t<meta property=\"og:locale\" content=\"pt_BR\" \/>\n\t\t<meta property=\"og:site_name\" content=\"A Not\u00edcia Online - Noticias de Muria\u00e9 e regi\u00e3o\" \/>\n\t\t<meta property=\"og:type\" content=\"article\" \/>\n\t\t<meta property=\"og:title\" content=\"Academia Muriaeense de Letras lan\u00e7a sua primeira revista - A Not\u00edcia Online\" \/>\n\t\t<meta property=\"og:description\" content=\"As a\u00e7\u00f5es da Academia Muriaeense de Letras, desde o seu surgimento at\u00e9 os dias atuais, foram eternizadas em uma revista. No peri\u00f3dico, pode-se encontrar o hist\u00f3rico da academia (de 2012 a 2015), os acad\u00eamicos e patronos, a instala\u00e7\u00e3o e posse, um tributo ao patrono da AMLE, Paulo Fraga, al\u00e9m de registros e fotos de eventos\" \/>\n\t\t<meta property=\"og:url\" content=\"https:\/\/anoticiaonline.com.br\/site\/academia-muriaeense-de-letras-lanca-sua-primeira-revista\/\" \/>\n\t\t<meta property=\"og:image\" content=\"https:\/\/scontent-gig4-1.xx.fbcdn.net\/v\/t39.30808-1\/270437624_4564083193639691_6907940295614233970_n.jpg?stp=dst-jpg_s200x200_tt6&#038;_nc_cat=111&#038;ccb=1-7&#038;_nc_sid=f907e8&#038;_nc_ohc=SM1wRlP3lJwQ7kNvwEPuBYA&#038;_nc_oc=AdnqrjDN_BNjSSHWO-GbkIWH6fkGMLw4bqvL_NH6e2wMveX7G-rP2dAqsDSq1mJMOaY&#038;_nc_zt=24&#038;_nc_ht=scontent-gig4-1.xx&#038;_nc_gid=AoBFJeGrT1hVaew_6rchkQ&#038;oh=00_AfX7QmFGhQhG2jAllVgXCiM1ZrWgvtp80-Bfppyexh1QEg&#038;oe=689E923C\" \/>\n\t\t<meta property=\"og:image:secure_url\" content=\"https:\/\/scontent-gig4-1.xx.fbcdn.net\/v\/t39.30808-1\/270437624_4564083193639691_6907940295614233970_n.jpg?stp=dst-jpg_s200x200_tt6&#038;_nc_cat=111&#038;ccb=1-7&#038;_nc_sid=f907e8&#038;_nc_ohc=SM1wRlP3lJwQ7kNvwEPuBYA&#038;_nc_oc=AdnqrjDN_BNjSSHWO-GbkIWH6fkGMLw4bqvL_NH6e2wMveX7G-rP2dAqsDSq1mJMOaY&#038;_nc_zt=24&#038;_nc_ht=scontent-gig4-1.xx&#038;_nc_gid=AoBFJeGrT1hVaew_6rchkQ&#038;oh=00_AfX7QmFGhQhG2jAllVgXCiM1ZrWgvtp80-Bfppyexh1QEg&#038;oe=689E923C\" \/>\n\t\t<meta property=\"article:published_time\" content=\"2015-12-22T13:47:32+00:00\" \/>\n\t\t<meta property=\"article:modified_time\" content=\"2015-12-22T13:47:32+00:00\" \/>\n\t\t<meta name=\"twitter:card\" content=\"summary_large_image\" \/>\n\t\t<meta name=\"twitter:title\" content=\"Academia Muriaeense de Letras lan\u00e7a sua primeira revista - A Not\u00edcia Online\" \/>\n\t\t<meta name=\"twitter:description\" content=\"As a\u00e7\u00f5es da Academia Muriaeense de Letras, desde o seu surgimento at\u00e9 os dias atuais, foram eternizadas em uma revista. No peri\u00f3dico, pode-se encontrar o hist\u00f3rico da academia (de 2012 a 2015), os acad\u00eamicos e patronos, a instala\u00e7\u00e3o e posse, um tributo ao patrono da AMLE, Paulo Fraga, al\u00e9m de registros e fotos de eventos\" \/>\n\t\t<meta name=\"twitter:image\" content=\"https:\/\/scontent-gig4-1.xx.fbcdn.net\/v\/t39.30808-1\/270437624_4564083193639691_6907940295614233970_n.jpg?stp=dst-jpg_s200x200_tt6&amp;_nc_cat=111&amp;ccb=1-7&amp;_nc_sid=f907e8&amp;_nc_ohc=SM1wRlP3lJwQ7kNvwEPuBYA&amp;_nc_oc=AdnqrjDN_BNjSSHWO-GbkIWH6fkGMLw4bqvL_NH6e2wMveX7G-rP2dAqsDSq1mJMOaY&amp;_nc_zt=24&amp;_nc_ht=scontent-gig4-1.xx&amp;_nc_gid=AoBFJeGrT1hVaew_6rchkQ&amp;oh=00_AfX7QmFGhQhG2jAllVgXCiM1ZrWgvtp80-Bfppyexh1QEg&amp;oe=689E923C\" \/>\n\t\t<script type=\"application\/ld+json\" class=\"aioseo-schema\">\n\t\t\t{\"@context\":\"https:\\\/\\\/schema.org\",\"@graph\":[{\"@type\":\"BlogPosting\",\"@id\":\"https:\\\/\\\/anoticiaonline.com.br\\\/site\\\/academia-muriaeense-de-letras-lanca-sua-primeira-revista\\\/#blogposting\",\"name\":\"Academia Muriaeense de Letras lan\\u00e7a sua primeira revista - A Not\\u00edcia Online\",\"headline\":\"Academia Muriaeense de Letras lan\\u00e7a sua primeira revista\",\"author\":{\"@id\":\"https:\\\/\\\/anoticiaonline.com.br\\\/site\\\/author\\\/juliana\\\/#author\"},\"publisher\":{\"@id\":\"https:\\\/\\\/anoticiaonline.com.br\\\/site\\\/#organization\"},\"image\":{\"@type\":\"ImageObject\",\"url\":\"http:\\\/\\\/anoticiaonline.com.br\\\/site\\\/wp-content\\\/uploads\\\/2015\\\/12\\\/alme-2-225x300.jpg\",\"@id\":\"https:\\\/\\\/anoticiaonline.com.br\\\/site\\\/academia-muriaeense-de-letras-lanca-sua-primeira-revista\\\/#articleImage\"},\"datePublished\":\"2015-12-22T10:47:32-03:00\",\"dateModified\":\"2015-12-22T10:47:32-03:00\",\"inLanguage\":\"pt-BR\",\"mainEntityOfPage\":{\"@id\":\"https:\\\/\\\/anoticiaonline.com.br\\\/site\\\/academia-muriaeense-de-letras-lanca-sua-primeira-revista\\\/#webpage\"},\"isPartOf\":{\"@id\":\"https:\\\/\\\/anoticiaonline.com.br\\\/site\\\/academia-muriaeense-de-letras-lanca-sua-primeira-revista\\\/#webpage\"},\"articleSection\":\"Cultura, slide\"},{\"@type\":\"BreadcrumbList\",\"@id\":\"https:\\\/\\\/anoticiaonline.com.br\\\/site\\\/academia-muriaeense-de-letras-lanca-sua-primeira-revista\\\/#breadcrumblist\",\"itemListElement\":[{\"@type\":\"ListItem\",\"@id\":\"https:\\\/\\\/anoticiaonline.com.br\\\/site#listItem\",\"position\":1,\"name\":\"Home\",\"item\":\"https:\\\/\\\/anoticiaonline.com.br\\\/site\",\"nextItem\":{\"@type\":\"ListItem\",\"@id\":\"https:\\\/\\\/anoticiaonline.com.br\\\/site\\\/categoria\\\/muriae\\\/#listItem\",\"name\":\"Blog\"}},{\"@type\":\"ListItem\",\"@id\":\"https:\\\/\\\/anoticiaonline.com.br\\\/site\\\/categoria\\\/muriae\\\/#listItem\",\"position\":2,\"name\":\"Blog\",\"item\":\"https:\\\/\\\/anoticiaonline.com.br\\\/site\\\/categoria\\\/muriae\\\/\",\"nextItem\":{\"@type\":\"ListItem\",\"@id\":\"https:\\\/\\\/anoticiaonline.com.br\\\/site\\\/categoria\\\/muriae\\\/cultura\\\/#listItem\",\"name\":\"Cultura\"},\"previousItem\":{\"@type\":\"ListItem\",\"@id\":\"https:\\\/\\\/anoticiaonline.com.br\\\/site#listItem\",\"name\":\"Home\"}},{\"@type\":\"ListItem\",\"@id\":\"https:\\\/\\\/anoticiaonline.com.br\\\/site\\\/categoria\\\/muriae\\\/cultura\\\/#listItem\",\"position\":3,\"name\":\"Cultura\",\"item\":\"https:\\\/\\\/anoticiaonline.com.br\\\/site\\\/categoria\\\/muriae\\\/cultura\\\/\",\"nextItem\":{\"@type\":\"ListItem\",\"@id\":\"https:\\\/\\\/anoticiaonline.com.br\\\/site\\\/academia-muriaeense-de-letras-lanca-sua-primeira-revista\\\/#listItem\",\"name\":\"Academia Muriaeense de Letras lan\\u00e7a sua primeira revista\"},\"previousItem\":{\"@type\":\"ListItem\",\"@id\":\"https:\\\/\\\/anoticiaonline.com.br\\\/site\\\/categoria\\\/muriae\\\/#listItem\",\"name\":\"Blog\"}},{\"@type\":\"ListItem\",\"@id\":\"https:\\\/\\\/anoticiaonline.com.br\\\/site\\\/academia-muriaeense-de-letras-lanca-sua-primeira-revista\\\/#listItem\",\"position\":4,\"name\":\"Academia Muriaeense de Letras lan\\u00e7a sua primeira revista\",\"previousItem\":{\"@type\":\"ListItem\",\"@id\":\"https:\\\/\\\/anoticiaonline.com.br\\\/site\\\/categoria\\\/muriae\\\/cultura\\\/#listItem\",\"name\":\"Cultura\"}}]},{\"@type\":\"Organization\",\"@id\":\"https:\\\/\\\/anoticiaonline.com.br\\\/site\\\/#organization\",\"name\":\"A Not\\u00edcia Online\",\"description\":\"Noticias de Muria\\u00e9 e regi\\u00e3o\",\"url\":\"https:\\\/\\\/anoticiaonline.com.br\\\/site\\\/\",\"logo\":{\"@type\":\"ImageObject\",\"url\":\"https:\\\/\\\/scontent-gig4-1.xx.fbcdn.net\\\/v\\\/t39.30808-1\\\/270437624_4564083193639691_6907940295614233970_n.jpg?stp=dst-jpg_s200x200_tt6&_nc_cat=111&ccb=1-7&_nc_sid=f907e8&_nc_ohc=SM1wRlP3lJwQ7kNvwEPuBYA&_nc_oc=AdnqrjDN_BNjSSHWO-GbkIWH6fkGMLw4bqvL_NH6e2wMveX7G-rP2dAqsDSq1mJMOaY&_nc_zt=24&_nc_ht=scontent-gig4-1.xx&_nc_gid=AoBFJeGrT1hVaew_6rchkQ&oh=00_AfX7QmFGhQhG2jAllVgXCiM1ZrWgvtp80-Bfppyexh1QEg&oe=689E923C\",\"@id\":\"https:\\\/\\\/anoticiaonline.com.br\\\/site\\\/academia-muriaeense-de-letras-lanca-sua-primeira-revista\\\/#organizationLogo\"},\"image\":{\"@id\":\"https:\\\/\\\/anoticiaonline.com.br\\\/site\\\/academia-muriaeense-de-letras-lanca-sua-primeira-revista\\\/#organizationLogo\"}},{\"@type\":\"Person\",\"@id\":\"https:\\\/\\\/anoticiaonline.com.br\\\/site\\\/author\\\/juliana\\\/#author\",\"url\":\"https:\\\/\\\/anoticiaonline.com.br\\\/site\\\/author\\\/juliana\\\/\",\"name\":\"Juliana Laviola\",\"image\":{\"@type\":\"ImageObject\",\"@id\":\"https:\\\/\\\/anoticiaonline.com.br\\\/site\\\/academia-muriaeense-de-letras-lanca-sua-primeira-revista\\\/#authorImage\",\"url\":\"https:\\\/\\\/secure.gravatar.com\\\/avatar\\\/b8d45f5c699b100dfaf0e543582f38f38bf94cb7ae3a5e9abf8d891a34773335?s=96&d=mm&r=g\",\"width\":96,\"height\":96,\"caption\":\"Juliana Laviola\"}},{\"@type\":\"WebPage\",\"@id\":\"https:\\\/\\\/anoticiaonline.com.br\\\/site\\\/academia-muriaeense-de-letras-lanca-sua-primeira-revista\\\/#webpage\",\"url\":\"https:\\\/\\\/anoticiaonline.com.br\\\/site\\\/academia-muriaeense-de-letras-lanca-sua-primeira-revista\\\/\",\"name\":\"Academia Muriaeense de Letras lan\\u00e7a sua primeira revista - A Not\\u00edcia Online\",\"description\":\"As a\\u00e7\\u00f5es da Academia Muriaeense de Letras, desde o seu surgimento at\\u00e9 os dias atuais, foram eternizadas em uma revista. No peri\\u00f3dico, pode-se encontrar o hist\\u00f3rico da academia (de 2012 a 2015), os acad\\u00eamicos e patronos, a instala\\u00e7\\u00e3o e posse, um tributo ao patrono da AMLE, Paulo Fraga, al\\u00e9m de registros e fotos de eventos\",\"inLanguage\":\"pt-BR\",\"isPartOf\":{\"@id\":\"https:\\\/\\\/anoticiaonline.com.br\\\/site\\\/#website\"},\"breadcrumb\":{\"@id\":\"https:\\\/\\\/anoticiaonline.com.br\\\/site\\\/academia-muriaeense-de-letras-lanca-sua-primeira-revista\\\/#breadcrumblist\"},\"author\":{\"@id\":\"https:\\\/\\\/anoticiaonline.com.br\\\/site\\\/author\\\/juliana\\\/#author\"},\"creator\":{\"@id\":\"https:\\\/\\\/anoticiaonline.com.br\\\/site\\\/author\\\/juliana\\\/#author\"},\"datePublished\":\"2015-12-22T10:47:32-03:00\",\"dateModified\":\"2015-12-22T10:47:32-03:00\"},{\"@type\":\"WebSite\",\"@id\":\"https:\\\/\\\/anoticiaonline.com.br\\\/site\\\/#website\",\"url\":\"https:\\\/\\\/anoticiaonline.com.br\\\/site\\\/\",\"name\":\"A Not\\u00edcia Online\",\"description\":\"Noticias de Muria\\u00e9 e regi\\u00e3o\",\"inLanguage\":\"pt-BR\",\"publisher\":{\"@id\":\"https:\\\/\\\/anoticiaonline.com.br\\\/site\\\/#organization\"}}]}\n\t\t<\/script>\n\t\t<!-- All in One SEO -->\n\n","aioseo_head_json":{"title":"Academia Muriaeense de Letras lan\u00e7a sua primeira revista - A Not\u00edcia Online","description":"As a\u00e7\u00f5es da Academia Muriaeense de Letras, desde o seu surgimento at\u00e9 os dias atuais, foram eternizadas em uma revista. No peri\u00f3dico, pode-se encontrar o hist\u00f3rico da academia (de 2012 a 2015), os acad\u00eamicos e patronos, a instala\u00e7\u00e3o e posse, um tributo ao patrono da AMLE, Paulo Fraga, al\u00e9m de registros e fotos de eventos","canonical_url":"https:\/\/anoticiaonline.com.br\/site\/academia-muriaeense-de-letras-lanca-sua-primeira-revista\/","robots":"max-image-preview:large","keywords":"","webmasterTools":{"miscellaneous":""},"schema":{"@context":"https:\/\/schema.org","@graph":[{"@type":"BlogPosting","@id":"https:\/\/anoticiaonline.com.br\/site\/academia-muriaeense-de-letras-lanca-sua-primeira-revista\/#blogposting","name":"Academia Muriaeense de Letras lan\u00e7a sua primeira revista - A Not\u00edcia Online","headline":"Academia Muriaeense de Letras lan\u00e7a sua primeira revista","author":{"@id":"https:\/\/anoticiaonline.com.br\/site\/author\/juliana\/#author"},"publisher":{"@id":"https:\/\/anoticiaonline.com.br\/site\/#organization"},"image":{"@type":"ImageObject","url":"http:\/\/anoticiaonline.com.br\/site\/wp-content\/uploads\/2015\/12\/alme-2-225x300.jpg","@id":"https:\/\/anoticiaonline.com.br\/site\/academia-muriaeense-de-letras-lanca-sua-primeira-revista\/#articleImage"},"datePublished":"2015-12-22T10:47:32-03:00","dateModified":"2015-12-22T10:47:32-03:00","inLanguage":"pt-BR","mainEntityOfPage":{"@id":"https:\/\/anoticiaonline.com.br\/site\/academia-muriaeense-de-letras-lanca-sua-primeira-revista\/#webpage"},"isPartOf":{"@id":"https:\/\/anoticiaonline.com.br\/site\/academia-muriaeense-de-letras-lanca-sua-primeira-revista\/#webpage"},"articleSection":"Cultura, slide"},{"@type":"BreadcrumbList","@id":"https:\/\/anoticiaonline.com.br\/site\/academia-muriaeense-de-letras-lanca-sua-primeira-revista\/#breadcrumblist","itemListElement":[{"@type":"ListItem","@id":"https:\/\/anoticiaonline.com.br\/site#listItem","position":1,"name":"Home","item":"https:\/\/anoticiaonline.com.br\/site","nextItem":{"@type":"ListItem","@id":"https:\/\/anoticiaonline.com.br\/site\/categoria\/muriae\/#listItem","name":"Blog"}},{"@type":"ListItem","@id":"https:\/\/anoticiaonline.com.br\/site\/categoria\/muriae\/#listItem","position":2,"name":"Blog","item":"https:\/\/anoticiaonline.com.br\/site\/categoria\/muriae\/","nextItem":{"@type":"ListItem","@id":"https:\/\/anoticiaonline.com.br\/site\/categoria\/muriae\/cultura\/#listItem","name":"Cultura"},"previousItem":{"@type":"ListItem","@id":"https:\/\/anoticiaonline.com.br\/site#listItem","name":"Home"}},{"@type":"ListItem","@id":"https:\/\/anoticiaonline.com.br\/site\/categoria\/muriae\/cultura\/#listItem","position":3,"name":"Cultura","item":"https:\/\/anoticiaonline.com.br\/site\/categoria\/muriae\/cultura\/","nextItem":{"@type":"ListItem","@id":"https:\/\/anoticiaonline.com.br\/site\/academia-muriaeense-de-letras-lanca-sua-primeira-revista\/#listItem","name":"Academia Muriaeense de Letras lan\u00e7a sua primeira revista"},"previousItem":{"@type":"ListItem","@id":"https:\/\/anoticiaonline.com.br\/site\/categoria\/muriae\/#listItem","name":"Blog"}},{"@type":"ListItem","@id":"https:\/\/anoticiaonline.com.br\/site\/academia-muriaeense-de-letras-lanca-sua-primeira-revista\/#listItem","position":4,"name":"Academia Muriaeense de Letras lan\u00e7a sua primeira revista","previousItem":{"@type":"ListItem","@id":"https:\/\/anoticiaonline.com.br\/site\/categoria\/muriae\/cultura\/#listItem","name":"Cultura"}}]},{"@type":"Organization","@id":"https:\/\/anoticiaonline.com.br\/site\/#organization","name":"A Not\u00edcia Online","description":"Noticias de Muria\u00e9 e regi\u00e3o","url":"https:\/\/anoticiaonline.com.br\/site\/","logo":{"@type":"ImageObject","url":"https:\/\/scontent-gig4-1.xx.fbcdn.net\/v\/t39.30808-1\/270437624_4564083193639691_6907940295614233970_n.jpg?stp=dst-jpg_s200x200_tt6&_nc_cat=111&ccb=1-7&_nc_sid=f907e8&_nc_ohc=SM1wRlP3lJwQ7kNvwEPuBYA&_nc_oc=AdnqrjDN_BNjSSHWO-GbkIWH6fkGMLw4bqvL_NH6e2wMveX7G-rP2dAqsDSq1mJMOaY&_nc_zt=24&_nc_ht=scontent-gig4-1.xx&_nc_gid=AoBFJeGrT1hVaew_6rchkQ&oh=00_AfX7QmFGhQhG2jAllVgXCiM1ZrWgvtp80-Bfppyexh1QEg&oe=689E923C","@id":"https:\/\/anoticiaonline.com.br\/site\/academia-muriaeense-de-letras-lanca-sua-primeira-revista\/#organizationLogo"},"image":{"@id":"https:\/\/anoticiaonline.com.br\/site\/academia-muriaeense-de-letras-lanca-sua-primeira-revista\/#organizationLogo"}},{"@type":"Person","@id":"https:\/\/anoticiaonline.com.br\/site\/author\/juliana\/#author","url":"https:\/\/anoticiaonline.com.br\/site\/author\/juliana\/","name":"Juliana Laviola","image":{"@type":"ImageObject","@id":"https:\/\/anoticiaonline.com.br\/site\/academia-muriaeense-de-letras-lanca-sua-primeira-revista\/#authorImage","url":"https:\/\/secure.gravatar.com\/avatar\/b8d45f5c699b100dfaf0e543582f38f38bf94cb7ae3a5e9abf8d891a34773335?s=96&d=mm&r=g","width":96,"height":96,"caption":"Juliana Laviola"}},{"@type":"WebPage","@id":"https:\/\/anoticiaonline.com.br\/site\/academia-muriaeense-de-letras-lanca-sua-primeira-revista\/#webpage","url":"https:\/\/anoticiaonline.com.br\/site\/academia-muriaeense-de-letras-lanca-sua-primeira-revista\/","name":"Academia Muriaeense de Letras lan\u00e7a sua primeira revista - A Not\u00edcia Online","description":"As a\u00e7\u00f5es da Academia Muriaeense de Letras, desde o seu surgimento at\u00e9 os dias atuais, foram eternizadas em uma revista. No peri\u00f3dico, pode-se encontrar o hist\u00f3rico da academia (de 2012 a 2015), os acad\u00eamicos e patronos, a instala\u00e7\u00e3o e posse, um tributo ao patrono da AMLE, Paulo Fraga, al\u00e9m de registros e fotos de eventos","inLanguage":"pt-BR","isPartOf":{"@id":"https:\/\/anoticiaonline.com.br\/site\/#website"},"breadcrumb":{"@id":"https:\/\/anoticiaonline.com.br\/site\/academia-muriaeense-de-letras-lanca-sua-primeira-revista\/#breadcrumblist"},"author":{"@id":"https:\/\/anoticiaonline.com.br\/site\/author\/juliana\/#author"},"creator":{"@id":"https:\/\/anoticiaonline.com.br\/site\/author\/juliana\/#author"},"datePublished":"2015-12-22T10:47:32-03:00","dateModified":"2015-12-22T10:47:32-03:00"},{"@type":"WebSite","@id":"https:\/\/anoticiaonline.com.br\/site\/#website","url":"https:\/\/anoticiaonline.com.br\/site\/","name":"A Not\u00edcia Online","description":"Noticias de Muria\u00e9 e regi\u00e3o","inLanguage":"pt-BR","publisher":{"@id":"https:\/\/anoticiaonline.com.br\/site\/#organization"}}]},"og:locale":"pt_BR","og:site_name":"A Not\u00edcia Online - Noticias de Muria\u00e9 e regi\u00e3o","og:type":"article","og:title":"Academia Muriaeense de Letras lan\u00e7a sua primeira revista - A Not\u00edcia Online","og:description":"As a\u00e7\u00f5es da Academia Muriaeense de Letras, desde o seu surgimento at\u00e9 os dias atuais, foram eternizadas em uma revista. No peri\u00f3dico, pode-se encontrar o hist\u00f3rico da academia (de 2012 a 2015), os acad\u00eamicos e patronos, a instala\u00e7\u00e3o e posse, um tributo ao patrono da AMLE, Paulo Fraga, al\u00e9m de registros e fotos de eventos","og:url":"https:\/\/anoticiaonline.com.br\/site\/academia-muriaeense-de-letras-lanca-sua-primeira-revista\/","og:image":"https:\/\/scontent-gig4-1.xx.fbcdn.net\/v\/t39.30808-1\/270437624_4564083193639691_6907940295614233970_n.jpg?stp=dst-jpg_s200x200_tt6&#038;_nc_cat=111&#038;ccb=1-7&#038;_nc_sid=f907e8&#038;_nc_ohc=SM1wRlP3lJwQ7kNvwEPuBYA&#038;_nc_oc=AdnqrjDN_BNjSSHWO-GbkIWH6fkGMLw4bqvL_NH6e2wMveX7G-rP2dAqsDSq1mJMOaY&#038;_nc_zt=24&#038;_nc_ht=scontent-gig4-1.xx&#038;_nc_gid=AoBFJeGrT1hVaew_6rchkQ&#038;oh=00_AfX7QmFGhQhG2jAllVgXCiM1ZrWgvtp80-Bfppyexh1QEg&#038;oe=689E923C","og:image:secure_url":"https:\/\/scontent-gig4-1.xx.fbcdn.net\/v\/t39.30808-1\/270437624_4564083193639691_6907940295614233970_n.jpg?stp=dst-jpg_s200x200_tt6&#038;_nc_cat=111&#038;ccb=1-7&#038;_nc_sid=f907e8&#038;_nc_ohc=SM1wRlP3lJwQ7kNvwEPuBYA&#038;_nc_oc=AdnqrjDN_BNjSSHWO-GbkIWH6fkGMLw4bqvL_NH6e2wMveX7G-rP2dAqsDSq1mJMOaY&#038;_nc_zt=24&#038;_nc_ht=scontent-gig4-1.xx&#038;_nc_gid=AoBFJeGrT1hVaew_6rchkQ&#038;oh=00_AfX7QmFGhQhG2jAllVgXCiM1ZrWgvtp80-Bfppyexh1QEg&#038;oe=689E923C","article:published_time":"2015-12-22T13:47:32+00:00","article:modified_time":"2015-12-22T13:47:32+00:00","twitter:card":"summary_large_image","twitter:title":"Academia Muriaeense de Letras lan\u00e7a sua primeira revista - A Not\u00edcia Online","twitter:description":"As a\u00e7\u00f5es da Academia Muriaeense de Letras, desde o seu surgimento at\u00e9 os dias atuais, foram eternizadas em uma revista. No peri\u00f3dico, pode-se encontrar o hist\u00f3rico da academia (de 2012 a 2015), os acad\u00eamicos e patronos, a instala\u00e7\u00e3o e posse, um tributo ao patrono da AMLE, Paulo Fraga, al\u00e9m de registros e fotos de eventos","twitter:image":"https:\/\/scontent-gig4-1.xx.fbcdn.net\/v\/t39.30808-1\/270437624_4564083193639691_6907940295614233970_n.jpg?stp=dst-jpg_s200x200_tt6&_nc_cat=111&ccb=1-7&_nc_sid=f907e8&_nc_ohc=SM1wRlP3lJwQ7kNvwEPuBYA&_nc_oc=AdnqrjDN_BNjSSHWO-GbkIWH6fkGMLw4bqvL_NH6e2wMveX7G-rP2dAqsDSq1mJMOaY&_nc_zt=24&_nc_ht=scontent-gig4-1.xx&_nc_gid=AoBFJeGrT1hVaew_6rchkQ&oh=00_AfX7QmFGhQhG2jAllVgXCiM1ZrWgvtp80-Bfppyexh1QEg&oe=689E923C"},"aioseo_meta_data":{"post_id":"8533","title":null,"description":null,"keywords":null,"keyphrases":null,"primary_term":null,"canonical_url":null,"og_title":null,"og_description":null,"og_object_type":"default","og_image_type":"default","og_image_url":null,"og_image_width":null,"og_image_height":null,"og_image_custom_url":null,"og_image_custom_fields":null,"og_video":null,"og_custom_url":null,"og_article_section":null,"og_article_tags":null,"twitter_use_og":false,"twitter_card":"default","twitter_image_type":"default","twitter_image_url":null,"twitter_image_custom_url":null,"twitter_image_custom_fields":null,"twitter_title":null,"twitter_description":null,"schema":{"blockGraphs":[],"customGraphs":[],"default":{"data":{"Article":[],"Course":[],"Dataset":[],"FAQPage":[],"Movie":[],"Person":[],"Product":[],"ProductReview":[],"Car":[],"Recipe":[],"Service":[],"SoftwareApplication":[],"WebPage":[]},"graphName":"","isEnabled":true},"graphs":[]},"schema_type":"default","schema_type_options":null,"pillar_content":false,"robots_default":true,"robots_noindex":false,"robots_noarchive":false,"robots_nosnippet":false,"robots_nofollow":false,"robots_noimageindex":false,"robots_noodp":false,"robots_notranslate":false,"robots_max_snippet":null,"robots_max_videopreview":null,"robots_max_imagepreview":"large","priority":null,"frequency":null,"local_seo":null,"breadcrumb_settings":null,"limit_modified_date":false,"ai":null,"created":"2025-08-16 14:40:38","updated":"2025-08-16 14:40:38","focus_keyword":null,"additional_keywords":null,"truseo_locale":null,"seo_analyzer_scan_date":null},"aioseo_breadcrumb":"<div class=\"aioseo-breadcrumbs\"><span class=\"aioseo-breadcrumb\">\n\t\t\t<a href=\"https:\/\/anoticiaonline.com.br\/site\" title=\"Home\">Home<\/a>\n\t\t<\/span><span class=\"aioseo-breadcrumb-separator\">&raquo;<\/span><span class=\"aioseo-breadcrumb\">\n\t\t\t<a href=\"https:\/\/anoticiaonline.com.br\/site\/categoria\/muriae\/\" title=\"Blog\">Blog<\/a>\n\t\t<\/span><span class=\"aioseo-breadcrumb-separator\">&raquo;<\/span><span class=\"aioseo-breadcrumb\">\n\t\t\t<a href=\"https:\/\/anoticiaonline.com.br\/site\/categoria\/muriae\/cultura\/\" title=\"Cultura\">Cultura<\/a>\n\t\t<\/span><span class=\"aioseo-breadcrumb-separator\">&raquo;<\/span><span class=\"aioseo-breadcrumb\">\n\t\t\tAcademia Muriaeense de Letras lan\u00e7a sua primeira revista\n\t\t<\/span><\/div>","aioseo_breadcrumb_json":[{"label":"Home","link":"https:\/\/anoticiaonline.com.br\/site"},{"label":"Blog","link":"https:\/\/anoticiaonline.com.br\/site\/categoria\/muriae\/"},{"label":"Cultura","link":"https:\/\/anoticiaonline.com.br\/site\/categoria\/muriae\/cultura\/"},{"label":"Academia Muriaeense de Letras lan\u00e7a sua primeira revista","link":"https:\/\/anoticiaonline.com.br\/site\/academia-muriaeense-de-letras-lanca-sua-primeira-revista\/"}],"views":173,"_links":{"self":[{"href":"https:\/\/anoticiaonline.com.br\/site\/wp-json\/wp\/v2\/posts\/8533","targetHints":{"allow":["GET"]}}],"collection":[{"href":"https:\/\/anoticiaonline.com.br\/site\/wp-json\/wp\/v2\/posts"}],"about":[{"href":"https:\/\/anoticiaonline.com.br\/site\/wp-json\/wp\/v2\/types\/post"}],"author":[{"embeddable":true,"href":"https:\/\/anoticiaonline.com.br\/site\/wp-json\/wp\/v2\/users\/2"}],"replies":[{"embeddable":true,"href":"https:\/\/anoticiaonline.com.br\/site\/wp-json\/wp\/v2\/comments?post=8533"}],"version-history":[{"count":0,"href":"https:\/\/anoticiaonline.com.br\/site\/wp-json\/wp\/v2\/posts\/8533\/revisions"}],"wp:attachment":[{"href":"https:\/\/anoticiaonline.com.br\/site\/wp-json\/wp\/v2\/media?parent=8533"}],"wp:term":[{"taxonomy":"category","embeddable":true,"href":"https:\/\/anoticiaonline.com.br\/site\/wp-json\/wp\/v2\/categories?post=8533"},{"taxonomy":"post_tag","embeddable":true,"href":"https:\/\/anoticiaonline.com.br\/site\/wp-json\/wp\/v2\/tags?post=8533"}],"curies":[{"name":"wp","href":"https:\/\/api.w.org\/{rel}","templated":true}]}}