{"id":8529,"date":"2015-12-22T10:14:35","date_gmt":"2015-12-22T13:14:35","guid":{"rendered":"http:\/\/anoticiaonline.com.br\/site\/?p=8529"},"modified":"2015-12-22T10:14:35","modified_gmt":"2015-12-22T13:14:35","slug":"pm-e-pc-prendem-cinco-e-apreendem-10kg-de-maconha-e-armas","status":"publish","type":"post","link":"https:\/\/anoticiaonline.com.br\/site\/pm-e-pc-prendem-cinco-e-apreendem-10kg-de-maconha-e-armas\/","title":{"rendered":"PM e PC prendem cinco e apreendem 10kg de maconha e armas"},"content":{"rendered":"<p><a href=\"https:\/\/anoticiaonline.com.br\/site\/wp-content\/uploads\/2015\/12\/PM-e-PC-prendem-cinco-e-apreendem-10kg-de-maconha-e-armas.jpg\"><img fetchpriority=\"high\" decoding=\"async\" class=\" size-medium wp-image-8530 alignleft\" src=\"https:\/\/anoticiaonline.com.br\/site\/wp-content\/uploads\/2015\/12\/PM-e-PC-prendem-cinco-e-apreendem-10kg-de-maconha-e-armas-300x169.jpg\" alt=\"PM e PC prendem cinco e apreendem 10kg de maconha e armas\" width=\"300\" height=\"169\" \/><\/a>Em opera\u00e7\u00e3o conjunta, as pol\u00edcias Civil e Militar prenderam, em Laranjal e no distrito de Bom Jesus da Cachoeira, cinco homens &#8211; de 44, 27, 26, 20 e 18 anos &#8211; suspeitos de terem explodido o caixa eletr\u00f4nico em Laranjal. Eles tamb\u00e9m estariam envolvidos no roubo do carro de um vereador da cidade. Aproximadamente 10 kg de maconha e pelo menos cinco armas de fogo foram apreendidos durante a a\u00e7\u00e3o.<\/p>\n<p>Na manha de ter\u00e7a-feira (22), os policiais cumpriram mandados de pris\u00e3o tempor\u00e1ria em tr\u00eas endere\u00e7os dentro de Bom Jesus, outro na estrada de terra que liga a comunidade \u00e0 Cachoeira Alegre &#8211; distrito de Bar\u00e3o do Monte Alto &#8211; e um quinto na cidade de Laranjal, e de busca e apreens\u00e3o na resid\u00eancia de todos.<\/p>\n<p><a href=\"https:\/\/anoticiaonline.com.br\/site\/wp-content\/uploads\/2015\/12\/PM-e-PC-prendem-cinco-e-apreendem-10kg-de-maconha-e-armas-2.jpg\"><img decoding=\"async\" class=\" size-medium wp-image-8531 alignleft\" src=\"https:\/\/anoticiaonline.com.br\/site\/wp-content\/uploads\/2015\/12\/PM-e-PC-prendem-cinco-e-apreendem-10kg-de-maconha-e-armas-2-300x169.jpg\" alt=\"PM e PC prendem cinco e apreendem 10kg de maconha e armas 2\" width=\"300\" height=\"169\" \/><\/a>Al\u00e9m da grande quantidade de maconha, foram apreendidos cerca de R$ 1.000,00 em dinheiro e armas &#8211; dois rev\u00f3lveres e tr\u00eas armas longas -, bem como armadilhas de ca\u00e7a que disparam muni\u00e7\u00f5es letais.<\/p>\n<p>Segundo a pol\u00edcia, o principal alvo era um morador de Bom Jesus, que j\u00e1 vinha sendo monitorado por conta de seu envolvimento com o tr\u00e1fico de drogas e com outros crimes.<\/p>\n<p>Os envolvidos foram encaminhados ao Pres\u00eddio Safira. As investiga\u00e7\u00f5es ocorreram sob a chefia dos delegados Eduardo Freitas da Silva e Rodrigo Nogueira Tavares e v\u00e3o prosseguir no que diz respeito ao envolvimento destas pessoas na explos\u00e3o dos caixas eletr\u00f4nicos em Santana de Cataguases e S\u00e3o Sebasti\u00e3o da Vargem Alegre.<\/p>\n","protected":false},"excerpt":{"rendered":"<p>Em opera\u00e7\u00e3o conjunta, as pol\u00edcias Civil e Militar prenderam, em Laranjal e no distrito de Bom Jesus da Cachoeira, cinco homens &#8211; de 44, 27, 26, 20 e 18 anos &#8211; suspeitos de terem explodido o caixa eletr\u00f4nico em Laranjal. Eles tamb\u00e9m estariam envolvidos no roubo do carro de um vereador da cidade. Aproximadamente 10 &#8230; <a title=\"PM e PC prendem cinco e apreendem 10kg de maconha e armas\" class=\"read-more\" href=\"https:\/\/anoticiaonline.com.br\/site\/pm-e-pc-prendem-cinco-e-apreendem-10kg-de-maconha-e-armas\/\" aria-label=\"Read more about PM e PC prendem cinco e apreendem 10kg de maconha e armas\">Ler mais<\/a><\/p>\n","protected":false},"author":2,"featured_media":0,"comment_status":"open","ping_status":"open","sticky":false,"template":"","format":"standard","meta":{"_acf_changed":false,"_monsterinsights_skip_tracking":false,"footnotes":""},"categories":[6],"tags":[3],"class_list":["post-8529","post","type-post","status-publish","format-standard","hentry","category-regiao","tag-slide"],"acf":[],"aioseo_notices":[],"aioseo_head":"\n\t\t<!-- All in One SEO 5.0.0.1 - aioseo.com -->\n\t<meta name=\"description\" content=\"Em opera\u00e7\u00e3o conjunta, as pol\u00edcias Civil e Militar prenderam, em Laranjal e no distrito de Bom Jesus da Cachoeira, cinco homens - de 44, 27, 26, 20 e 18 anos - suspeitos de terem explodido o caixa eletr\u00f4nico em Laranjal. Eles tamb\u00e9m estariam envolvidos no roubo do carro de um vereador da cidade. Aproximadamente 10\" \/>\n\t<meta name=\"robots\" content=\"max-image-preview:large\" \/>\n\t<meta name=\"author\" content=\"Juliana Laviola\"\/>\n\t<link rel=\"canonical\" href=\"https:\/\/anoticiaonline.com.br\/site\/pm-e-pc-prendem-cinco-e-apreendem-10kg-de-maconha-e-armas\/\" \/>\n\t<meta name=\"generator\" content=\"All in One SEO (AIOSEO) 5.0.0.1\" \/>\n\t\t<meta property=\"og:locale\" content=\"pt_BR\" \/>\n\t\t<meta property=\"og:site_name\" content=\"A Not\u00edcia Online - Noticias de Muria\u00e9 e regi\u00e3o\" \/>\n\t\t<meta property=\"og:type\" content=\"article\" \/>\n\t\t<meta property=\"og:title\" content=\"PM e PC prendem cinco e apreendem 10kg de maconha e armas - A Not\u00edcia Online\" \/>\n\t\t<meta property=\"og:description\" content=\"Em opera\u00e7\u00e3o conjunta, as pol\u00edcias Civil e Militar prenderam, em Laranjal e no distrito de Bom Jesus da Cachoeira, cinco homens - de 44, 27, 26, 20 e 18 anos - suspeitos de terem explodido o caixa eletr\u00f4nico em Laranjal. Eles tamb\u00e9m estariam envolvidos no roubo do carro de um vereador da cidade. Aproximadamente 10\" \/>\n\t\t<meta property=\"og:url\" content=\"https:\/\/anoticiaonline.com.br\/site\/pm-e-pc-prendem-cinco-e-apreendem-10kg-de-maconha-e-armas\/\" \/>\n\t\t<meta property=\"og:image\" content=\"https:\/\/scontent-gig4-1.xx.fbcdn.net\/v\/t39.30808-1\/270437624_4564083193639691_6907940295614233970_n.jpg?stp=dst-jpg_s200x200_tt6&#038;_nc_cat=111&#038;ccb=1-7&#038;_nc_sid=f907e8&#038;_nc_ohc=SM1wRlP3lJwQ7kNvwEPuBYA&#038;_nc_oc=AdnqrjDN_BNjSSHWO-GbkIWH6fkGMLw4bqvL_NH6e2wMveX7G-rP2dAqsDSq1mJMOaY&#038;_nc_zt=24&#038;_nc_ht=scontent-gig4-1.xx&#038;_nc_gid=AoBFJeGrT1hVaew_6rchkQ&#038;oh=00_AfX7QmFGhQhG2jAllVgXCiM1ZrWgvtp80-Bfppyexh1QEg&#038;oe=689E923C\" \/>\n\t\t<meta property=\"og:image:secure_url\" content=\"https:\/\/scontent-gig4-1.xx.fbcdn.net\/v\/t39.30808-1\/270437624_4564083193639691_6907940295614233970_n.jpg?stp=dst-jpg_s200x200_tt6&#038;_nc_cat=111&#038;ccb=1-7&#038;_nc_sid=f907e8&#038;_nc_ohc=SM1wRlP3lJwQ7kNvwEPuBYA&#038;_nc_oc=AdnqrjDN_BNjSSHWO-GbkIWH6fkGMLw4bqvL_NH6e2wMveX7G-rP2dAqsDSq1mJMOaY&#038;_nc_zt=24&#038;_nc_ht=scontent-gig4-1.xx&#038;_nc_gid=AoBFJeGrT1hVaew_6rchkQ&#038;oh=00_AfX7QmFGhQhG2jAllVgXCiM1ZrWgvtp80-Bfppyexh1QEg&#038;oe=689E923C\" \/>\n\t\t<meta property=\"article:published_time\" content=\"2015-12-22T13:14:35+00:00\" \/>\n\t\t<meta property=\"article:modified_time\" content=\"2015-12-22T13:14:35+00:00\" \/>\n\t\t<meta name=\"twitter:card\" content=\"summary_large_image\" \/>\n\t\t<meta name=\"twitter:title\" content=\"PM e PC prendem cinco e apreendem 10kg de maconha e armas - A Not\u00edcia Online\" \/>\n\t\t<meta name=\"twitter:description\" content=\"Em opera\u00e7\u00e3o conjunta, as pol\u00edcias Civil e Militar prenderam, em Laranjal e no distrito de Bom Jesus da Cachoeira, cinco homens - de 44, 27, 26, 20 e 18 anos - suspeitos de terem explodido o caixa eletr\u00f4nico em Laranjal. Eles tamb\u00e9m estariam envolvidos no roubo do carro de um vereador da cidade. Aproximadamente 10\" \/>\n\t\t<meta name=\"twitter:image\" content=\"https:\/\/scontent-gig4-1.xx.fbcdn.net\/v\/t39.30808-1\/270437624_4564083193639691_6907940295614233970_n.jpg?stp=dst-jpg_s200x200_tt6&amp;_nc_cat=111&amp;ccb=1-7&amp;_nc_sid=f907e8&amp;_nc_ohc=SM1wRlP3lJwQ7kNvwEPuBYA&amp;_nc_oc=AdnqrjDN_BNjSSHWO-GbkIWH6fkGMLw4bqvL_NH6e2wMveX7G-rP2dAqsDSq1mJMOaY&amp;_nc_zt=24&amp;_nc_ht=scontent-gig4-1.xx&amp;_nc_gid=AoBFJeGrT1hVaew_6rchkQ&amp;oh=00_AfX7QmFGhQhG2jAllVgXCiM1ZrWgvtp80-Bfppyexh1QEg&amp;oe=689E923C\" \/>\n\t\t<script type=\"application\/ld+json\" class=\"aioseo-schema\">\n\t\t\t{\"@context\":\"https:\\\/\\\/schema.org\",\"@graph\":[{\"@type\":\"BlogPosting\",\"@id\":\"https:\\\/\\\/anoticiaonline.com.br\\\/site\\\/pm-e-pc-prendem-cinco-e-apreendem-10kg-de-maconha-e-armas\\\/#blogposting\",\"name\":\"PM e PC prendem cinco e apreendem 10kg de maconha e armas - A Not\\u00edcia Online\",\"headline\":\"PM e PC prendem cinco e apreendem 10kg de maconha e armas\",\"author\":{\"@id\":\"https:\\\/\\\/anoticiaonline.com.br\\\/site\\\/author\\\/juliana\\\/#author\"},\"publisher\":{\"@id\":\"https:\\\/\\\/anoticiaonline.com.br\\\/site\\\/#organization\"},\"image\":{\"@type\":\"ImageObject\",\"url\":\"http:\\\/\\\/anoticiaonline.com.br\\\/site\\\/wp-content\\\/uploads\\\/2015\\\/12\\\/PM-e-PC-prendem-cinco-e-apreendem-10kg-de-maconha-e-armas-300x169.jpg\",\"@id\":\"https:\\\/\\\/anoticiaonline.com.br\\\/site\\\/pm-e-pc-prendem-cinco-e-apreendem-10kg-de-maconha-e-armas\\\/#articleImage\"},\"datePublished\":\"2015-12-22T10:14:35-03:00\",\"dateModified\":\"2015-12-22T10:14:35-03:00\",\"inLanguage\":\"pt-BR\",\"mainEntityOfPage\":{\"@id\":\"https:\\\/\\\/anoticiaonline.com.br\\\/site\\\/pm-e-pc-prendem-cinco-e-apreendem-10kg-de-maconha-e-armas\\\/#webpage\"},\"isPartOf\":{\"@id\":\"https:\\\/\\\/anoticiaonline.com.br\\\/site\\\/pm-e-pc-prendem-cinco-e-apreendem-10kg-de-maconha-e-armas\\\/#webpage\"},\"articleSection\":\"Regi\\u00e3o, slide\"},{\"@type\":\"BreadcrumbList\",\"@id\":\"https:\\\/\\\/anoticiaonline.com.br\\\/site\\\/pm-e-pc-prendem-cinco-e-apreendem-10kg-de-maconha-e-armas\\\/#breadcrumblist\",\"itemListElement\":[{\"@type\":\"ListItem\",\"@id\":\"https:\\\/\\\/anoticiaonline.com.br\\\/site#listItem\",\"position\":1,\"name\":\"Home\",\"item\":\"https:\\\/\\\/anoticiaonline.com.br\\\/site\",\"nextItem\":{\"@type\":\"ListItem\",\"@id\":\"https:\\\/\\\/anoticiaonline.com.br\\\/site\\\/categoria\\\/regiao\\\/#listItem\",\"name\":\"Regi\\u00e3o\"}},{\"@type\":\"ListItem\",\"@id\":\"https:\\\/\\\/anoticiaonline.com.br\\\/site\\\/categoria\\\/regiao\\\/#listItem\",\"position\":2,\"name\":\"Regi\\u00e3o\",\"item\":\"https:\\\/\\\/anoticiaonline.com.br\\\/site\\\/categoria\\\/regiao\\\/\",\"nextItem\":{\"@type\":\"ListItem\",\"@id\":\"https:\\\/\\\/anoticiaonline.com.br\\\/site\\\/pm-e-pc-prendem-cinco-e-apreendem-10kg-de-maconha-e-armas\\\/#listItem\",\"name\":\"PM e PC prendem cinco e apreendem 10kg de maconha e armas\"},\"previousItem\":{\"@type\":\"ListItem\",\"@id\":\"https:\\\/\\\/anoticiaonline.com.br\\\/site#listItem\",\"name\":\"Home\"}},{\"@type\":\"ListItem\",\"@id\":\"https:\\\/\\\/anoticiaonline.com.br\\\/site\\\/pm-e-pc-prendem-cinco-e-apreendem-10kg-de-maconha-e-armas\\\/#listItem\",\"position\":3,\"name\":\"PM e PC prendem cinco e apreendem 10kg de maconha e armas\",\"previousItem\":{\"@type\":\"ListItem\",\"@id\":\"https:\\\/\\\/anoticiaonline.com.br\\\/site\\\/categoria\\\/regiao\\\/#listItem\",\"name\":\"Regi\\u00e3o\"}}]},{\"@type\":\"Organization\",\"@id\":\"https:\\\/\\\/anoticiaonline.com.br\\\/site\\\/#organization\",\"name\":\"A Not\\u00edcia Online\",\"description\":\"Noticias de Muria\\u00e9 e regi\\u00e3o\",\"url\":\"https:\\\/\\\/anoticiaonline.com.br\\\/site\\\/\",\"logo\":{\"@type\":\"ImageObject\",\"url\":\"https:\\\/\\\/scontent-gig4-1.xx.fbcdn.net\\\/v\\\/t39.30808-1\\\/270437624_4564083193639691_6907940295614233970_n.jpg?stp=dst-jpg_s200x200_tt6&_nc_cat=111&ccb=1-7&_nc_sid=f907e8&_nc_ohc=SM1wRlP3lJwQ7kNvwEPuBYA&_nc_oc=AdnqrjDN_BNjSSHWO-GbkIWH6fkGMLw4bqvL_NH6e2wMveX7G-rP2dAqsDSq1mJMOaY&_nc_zt=24&_nc_ht=scontent-gig4-1.xx&_nc_gid=AoBFJeGrT1hVaew_6rchkQ&oh=00_AfX7QmFGhQhG2jAllVgXCiM1ZrWgvtp80-Bfppyexh1QEg&oe=689E923C\",\"@id\":\"https:\\\/\\\/anoticiaonline.com.br\\\/site\\\/pm-e-pc-prendem-cinco-e-apreendem-10kg-de-maconha-e-armas\\\/#organizationLogo\"},\"image\":{\"@id\":\"https:\\\/\\\/anoticiaonline.com.br\\\/site\\\/pm-e-pc-prendem-cinco-e-apreendem-10kg-de-maconha-e-armas\\\/#organizationLogo\"}},{\"@type\":\"Person\",\"@id\":\"https:\\\/\\\/anoticiaonline.com.br\\\/site\\\/author\\\/juliana\\\/#author\",\"url\":\"https:\\\/\\\/anoticiaonline.com.br\\\/site\\\/author\\\/juliana\\\/\",\"name\":\"Juliana Laviola\",\"image\":{\"@type\":\"ImageObject\",\"@id\":\"https:\\\/\\\/anoticiaonline.com.br\\\/site\\\/pm-e-pc-prendem-cinco-e-apreendem-10kg-de-maconha-e-armas\\\/#authorImage\",\"url\":\"https:\\\/\\\/secure.gravatar.com\\\/avatar\\\/b8d45f5c699b100dfaf0e543582f38f38bf94cb7ae3a5e9abf8d891a34773335?s=96&d=mm&r=g\",\"width\":96,\"height\":96,\"caption\":\"Juliana Laviola\"}},{\"@type\":\"WebPage\",\"@id\":\"https:\\\/\\\/anoticiaonline.com.br\\\/site\\\/pm-e-pc-prendem-cinco-e-apreendem-10kg-de-maconha-e-armas\\\/#webpage\",\"url\":\"https:\\\/\\\/anoticiaonline.com.br\\\/site\\\/pm-e-pc-prendem-cinco-e-apreendem-10kg-de-maconha-e-armas\\\/\",\"name\":\"PM e PC prendem cinco e apreendem 10kg de maconha e armas - A Not\\u00edcia Online\",\"description\":\"Em opera\\u00e7\\u00e3o conjunta, as pol\\u00edcias Civil e Militar prenderam, em Laranjal e no distrito de Bom Jesus da Cachoeira, cinco homens - de 44, 27, 26, 20 e 18 anos - suspeitos de terem explodido o caixa eletr\\u00f4nico em Laranjal. Eles tamb\\u00e9m estariam envolvidos no roubo do carro de um vereador da cidade. Aproximadamente 10\",\"inLanguage\":\"pt-BR\",\"isPartOf\":{\"@id\":\"https:\\\/\\\/anoticiaonline.com.br\\\/site\\\/#website\"},\"breadcrumb\":{\"@id\":\"https:\\\/\\\/anoticiaonline.com.br\\\/site\\\/pm-e-pc-prendem-cinco-e-apreendem-10kg-de-maconha-e-armas\\\/#breadcrumblist\"},\"author\":{\"@id\":\"https:\\\/\\\/anoticiaonline.com.br\\\/site\\\/author\\\/juliana\\\/#author\"},\"creator\":{\"@id\":\"https:\\\/\\\/anoticiaonline.com.br\\\/site\\\/author\\\/juliana\\\/#author\"},\"datePublished\":\"2015-12-22T10:14:35-03:00\",\"dateModified\":\"2015-12-22T10:14:35-03:00\"},{\"@type\":\"WebSite\",\"@id\":\"https:\\\/\\\/anoticiaonline.com.br\\\/site\\\/#website\",\"url\":\"https:\\\/\\\/anoticiaonline.com.br\\\/site\\\/\",\"name\":\"A Not\\u00edcia Online\",\"description\":\"Noticias de Muria\\u00e9 e regi\\u00e3o\",\"inLanguage\":\"pt-BR\",\"publisher\":{\"@id\":\"https:\\\/\\\/anoticiaonline.com.br\\\/site\\\/#organization\"}}]}\n\t\t<\/script>\n\t\t<!-- All in One SEO -->\n\n","aioseo_head_json":{"title":"PM e PC prendem cinco e apreendem 10kg de maconha e armas - A Not\u00edcia Online","description":"Em opera\u00e7\u00e3o conjunta, as pol\u00edcias Civil e Militar prenderam, em Laranjal e no distrito de Bom Jesus da Cachoeira, cinco homens - de 44, 27, 26, 20 e 18 anos - suspeitos de terem explodido o caixa eletr\u00f4nico em Laranjal. Eles tamb\u00e9m estariam envolvidos no roubo do carro de um vereador da cidade. Aproximadamente 10","canonical_url":"https:\/\/anoticiaonline.com.br\/site\/pm-e-pc-prendem-cinco-e-apreendem-10kg-de-maconha-e-armas\/","robots":"max-image-preview:large","keywords":"","webmasterTools":{"miscellaneous":""},"schema":{"@context":"https:\/\/schema.org","@graph":[{"@type":"BlogPosting","@id":"https:\/\/anoticiaonline.com.br\/site\/pm-e-pc-prendem-cinco-e-apreendem-10kg-de-maconha-e-armas\/#blogposting","name":"PM e PC prendem cinco e apreendem 10kg de maconha e armas - A Not\u00edcia Online","headline":"PM e PC prendem cinco e apreendem 10kg de maconha e armas","author":{"@id":"https:\/\/anoticiaonline.com.br\/site\/author\/juliana\/#author"},"publisher":{"@id":"https:\/\/anoticiaonline.com.br\/site\/#organization"},"image":{"@type":"ImageObject","url":"http:\/\/anoticiaonline.com.br\/site\/wp-content\/uploads\/2015\/12\/PM-e-PC-prendem-cinco-e-apreendem-10kg-de-maconha-e-armas-300x169.jpg","@id":"https:\/\/anoticiaonline.com.br\/site\/pm-e-pc-prendem-cinco-e-apreendem-10kg-de-maconha-e-armas\/#articleImage"},"datePublished":"2015-12-22T10:14:35-03:00","dateModified":"2015-12-22T10:14:35-03:00","inLanguage":"pt-BR","mainEntityOfPage":{"@id":"https:\/\/anoticiaonline.com.br\/site\/pm-e-pc-prendem-cinco-e-apreendem-10kg-de-maconha-e-armas\/#webpage"},"isPartOf":{"@id":"https:\/\/anoticiaonline.com.br\/site\/pm-e-pc-prendem-cinco-e-apreendem-10kg-de-maconha-e-armas\/#webpage"},"articleSection":"Regi\u00e3o, slide"},{"@type":"BreadcrumbList","@id":"https:\/\/anoticiaonline.com.br\/site\/pm-e-pc-prendem-cinco-e-apreendem-10kg-de-maconha-e-armas\/#breadcrumblist","itemListElement":[{"@type":"ListItem","@id":"https:\/\/anoticiaonline.com.br\/site#listItem","position":1,"name":"Home","item":"https:\/\/anoticiaonline.com.br\/site","nextItem":{"@type":"ListItem","@id":"https:\/\/anoticiaonline.com.br\/site\/categoria\/regiao\/#listItem","name":"Regi\u00e3o"}},{"@type":"ListItem","@id":"https:\/\/anoticiaonline.com.br\/site\/categoria\/regiao\/#listItem","position":2,"name":"Regi\u00e3o","item":"https:\/\/anoticiaonline.com.br\/site\/categoria\/regiao\/","nextItem":{"@type":"ListItem","@id":"https:\/\/anoticiaonline.com.br\/site\/pm-e-pc-prendem-cinco-e-apreendem-10kg-de-maconha-e-armas\/#listItem","name":"PM e PC prendem cinco e apreendem 10kg de maconha e armas"},"previousItem":{"@type":"ListItem","@id":"https:\/\/anoticiaonline.com.br\/site#listItem","name":"Home"}},{"@type":"ListItem","@id":"https:\/\/anoticiaonline.com.br\/site\/pm-e-pc-prendem-cinco-e-apreendem-10kg-de-maconha-e-armas\/#listItem","position":3,"name":"PM e PC prendem cinco e apreendem 10kg de maconha e armas","previousItem":{"@type":"ListItem","@id":"https:\/\/anoticiaonline.com.br\/site\/categoria\/regiao\/#listItem","name":"Regi\u00e3o"}}]},{"@type":"Organization","@id":"https:\/\/anoticiaonline.com.br\/site\/#organization","name":"A Not\u00edcia Online","description":"Noticias de Muria\u00e9 e regi\u00e3o","url":"https:\/\/anoticiaonline.com.br\/site\/","logo":{"@type":"ImageObject","url":"https:\/\/scontent-gig4-1.xx.fbcdn.net\/v\/t39.30808-1\/270437624_4564083193639691_6907940295614233970_n.jpg?stp=dst-jpg_s200x200_tt6&_nc_cat=111&ccb=1-7&_nc_sid=f907e8&_nc_ohc=SM1wRlP3lJwQ7kNvwEPuBYA&_nc_oc=AdnqrjDN_BNjSSHWO-GbkIWH6fkGMLw4bqvL_NH6e2wMveX7G-rP2dAqsDSq1mJMOaY&_nc_zt=24&_nc_ht=scontent-gig4-1.xx&_nc_gid=AoBFJeGrT1hVaew_6rchkQ&oh=00_AfX7QmFGhQhG2jAllVgXCiM1ZrWgvtp80-Bfppyexh1QEg&oe=689E923C","@id":"https:\/\/anoticiaonline.com.br\/site\/pm-e-pc-prendem-cinco-e-apreendem-10kg-de-maconha-e-armas\/#organizationLogo"},"image":{"@id":"https:\/\/anoticiaonline.com.br\/site\/pm-e-pc-prendem-cinco-e-apreendem-10kg-de-maconha-e-armas\/#organizationLogo"}},{"@type":"Person","@id":"https:\/\/anoticiaonline.com.br\/site\/author\/juliana\/#author","url":"https:\/\/anoticiaonline.com.br\/site\/author\/juliana\/","name":"Juliana Laviola","image":{"@type":"ImageObject","@id":"https:\/\/anoticiaonline.com.br\/site\/pm-e-pc-prendem-cinco-e-apreendem-10kg-de-maconha-e-armas\/#authorImage","url":"https:\/\/secure.gravatar.com\/avatar\/b8d45f5c699b100dfaf0e543582f38f38bf94cb7ae3a5e9abf8d891a34773335?s=96&d=mm&r=g","width":96,"height":96,"caption":"Juliana Laviola"}},{"@type":"WebPage","@id":"https:\/\/anoticiaonline.com.br\/site\/pm-e-pc-prendem-cinco-e-apreendem-10kg-de-maconha-e-armas\/#webpage","url":"https:\/\/anoticiaonline.com.br\/site\/pm-e-pc-prendem-cinco-e-apreendem-10kg-de-maconha-e-armas\/","name":"PM e PC prendem cinco e apreendem 10kg de maconha e armas - A Not\u00edcia Online","description":"Em opera\u00e7\u00e3o conjunta, as pol\u00edcias Civil e Militar prenderam, em Laranjal e no distrito de Bom Jesus da Cachoeira, cinco homens - de 44, 27, 26, 20 e 18 anos - suspeitos de terem explodido o caixa eletr\u00f4nico em Laranjal. Eles tamb\u00e9m estariam envolvidos no roubo do carro de um vereador da cidade. Aproximadamente 10","inLanguage":"pt-BR","isPartOf":{"@id":"https:\/\/anoticiaonline.com.br\/site\/#website"},"breadcrumb":{"@id":"https:\/\/anoticiaonline.com.br\/site\/pm-e-pc-prendem-cinco-e-apreendem-10kg-de-maconha-e-armas\/#breadcrumblist"},"author":{"@id":"https:\/\/anoticiaonline.com.br\/site\/author\/juliana\/#author"},"creator":{"@id":"https:\/\/anoticiaonline.com.br\/site\/author\/juliana\/#author"},"datePublished":"2015-12-22T10:14:35-03:00","dateModified":"2015-12-22T10:14:35-03:00"},{"@type":"WebSite","@id":"https:\/\/anoticiaonline.com.br\/site\/#website","url":"https:\/\/anoticiaonline.com.br\/site\/","name":"A Not\u00edcia Online","description":"Noticias de Muria\u00e9 e regi\u00e3o","inLanguage":"pt-BR","publisher":{"@id":"https:\/\/anoticiaonline.com.br\/site\/#organization"}}]},"og:locale":"pt_BR","og:site_name":"A Not\u00edcia Online - Noticias de Muria\u00e9 e regi\u00e3o","og:type":"article","og:title":"PM e PC prendem cinco e apreendem 10kg de maconha e armas - A Not\u00edcia Online","og:description":"Em opera\u00e7\u00e3o conjunta, as pol\u00edcias Civil e Militar prenderam, em Laranjal e no distrito de Bom Jesus da Cachoeira, cinco homens - de 44, 27, 26, 20 e 18 anos - suspeitos de terem explodido o caixa eletr\u00f4nico em Laranjal. Eles tamb\u00e9m estariam envolvidos no roubo do carro de um vereador da cidade. Aproximadamente 10","og:url":"https:\/\/anoticiaonline.com.br\/site\/pm-e-pc-prendem-cinco-e-apreendem-10kg-de-maconha-e-armas\/","og:image":"https:\/\/scontent-gig4-1.xx.fbcdn.net\/v\/t39.30808-1\/270437624_4564083193639691_6907940295614233970_n.jpg?stp=dst-jpg_s200x200_tt6&#038;_nc_cat=111&#038;ccb=1-7&#038;_nc_sid=f907e8&#038;_nc_ohc=SM1wRlP3lJwQ7kNvwEPuBYA&#038;_nc_oc=AdnqrjDN_BNjSSHWO-GbkIWH6fkGMLw4bqvL_NH6e2wMveX7G-rP2dAqsDSq1mJMOaY&#038;_nc_zt=24&#038;_nc_ht=scontent-gig4-1.xx&#038;_nc_gid=AoBFJeGrT1hVaew_6rchkQ&#038;oh=00_AfX7QmFGhQhG2jAllVgXCiM1ZrWgvtp80-Bfppyexh1QEg&#038;oe=689E923C","og:image:secure_url":"https:\/\/scontent-gig4-1.xx.fbcdn.net\/v\/t39.30808-1\/270437624_4564083193639691_6907940295614233970_n.jpg?stp=dst-jpg_s200x200_tt6&#038;_nc_cat=111&#038;ccb=1-7&#038;_nc_sid=f907e8&#038;_nc_ohc=SM1wRlP3lJwQ7kNvwEPuBYA&#038;_nc_oc=AdnqrjDN_BNjSSHWO-GbkIWH6fkGMLw4bqvL_NH6e2wMveX7G-rP2dAqsDSq1mJMOaY&#038;_nc_zt=24&#038;_nc_ht=scontent-gig4-1.xx&#038;_nc_gid=AoBFJeGrT1hVaew_6rchkQ&#038;oh=00_AfX7QmFGhQhG2jAllVgXCiM1ZrWgvtp80-Bfppyexh1QEg&#038;oe=689E923C","article:published_time":"2015-12-22T13:14:35+00:00","article:modified_time":"2015-12-22T13:14:35+00:00","twitter:card":"summary_large_image","twitter:title":"PM e PC prendem cinco e apreendem 10kg de maconha e armas - A Not\u00edcia Online","twitter:description":"Em opera\u00e7\u00e3o conjunta, as pol\u00edcias Civil e Militar prenderam, em Laranjal e no distrito de Bom Jesus da Cachoeira, cinco homens - de 44, 27, 26, 20 e 18 anos - suspeitos de terem explodido o caixa eletr\u00f4nico em Laranjal. Eles tamb\u00e9m estariam envolvidos no roubo do carro de um vereador da cidade. Aproximadamente 10","twitter:image":"https:\/\/scontent-gig4-1.xx.fbcdn.net\/v\/t39.30808-1\/270437624_4564083193639691_6907940295614233970_n.jpg?stp=dst-jpg_s200x200_tt6&_nc_cat=111&ccb=1-7&_nc_sid=f907e8&_nc_ohc=SM1wRlP3lJwQ7kNvwEPuBYA&_nc_oc=AdnqrjDN_BNjSSHWO-GbkIWH6fkGMLw4bqvL_NH6e2wMveX7G-rP2dAqsDSq1mJMOaY&_nc_zt=24&_nc_ht=scontent-gig4-1.xx&_nc_gid=AoBFJeGrT1hVaew_6rchkQ&oh=00_AfX7QmFGhQhG2jAllVgXCiM1ZrWgvtp80-Bfppyexh1QEg&oe=689E923C"},"aioseo_meta_data":{"post_id":"8529","title":null,"description":null,"keywords":null,"keyphrases":null,"primary_term":null,"canonical_url":null,"og_title":null,"og_description":null,"og_object_type":"default","og_image_type":"default","og_image_url":null,"og_image_width":null,"og_image_height":null,"og_image_custom_url":null,"og_image_custom_fields":null,"og_video":null,"og_custom_url":null,"og_article_section":null,"og_article_tags":null,"twitter_use_og":false,"twitter_card":"default","twitter_image_type":"default","twitter_image_url":null,"twitter_image_custom_url":null,"twitter_image_custom_fields":null,"twitter_title":null,"twitter_description":null,"schema":{"blockGraphs":[],"customGraphs":[],"default":{"data":{"Article":[],"Course":[],"Dataset":[],"FAQPage":[],"Movie":[],"Person":[],"Product":[],"ProductReview":[],"Car":[],"Recipe":[],"Service":[],"SoftwareApplication":[],"WebPage":[]},"graphName":"","isEnabled":true},"graphs":[]},"schema_type":"default","schema_type_options":null,"pillar_content":false,"robots_default":true,"robots_noindex":false,"robots_noarchive":false,"robots_nosnippet":false,"robots_nofollow":false,"robots_noimageindex":false,"robots_noodp":false,"robots_notranslate":false,"robots_max_snippet":null,"robots_max_videopreview":null,"robots_max_imagepreview":"large","priority":null,"frequency":null,"local_seo":null,"breadcrumb_settings":null,"limit_modified_date":false,"ai":null,"created":"2025-08-16 14:40:38","updated":"2025-08-16 14:40:38","focus_keyword":null,"additional_keywords":null,"truseo_locale":null,"seo_analyzer_scan_date":null},"aioseo_breadcrumb":"<div class=\"aioseo-breadcrumbs\"><span class=\"aioseo-breadcrumb\">\n\t\t\t<a href=\"https:\/\/anoticiaonline.com.br\/site\" title=\"Home\">Home<\/a>\n\t\t<\/span><span class=\"aioseo-breadcrumb-separator\">&raquo;<\/span><span class=\"aioseo-breadcrumb\">\n\t\t\t<a href=\"https:\/\/anoticiaonline.com.br\/site\/categoria\/regiao\/\" title=\"Regi\u00e3o\">Regi\u00e3o<\/a>\n\t\t<\/span><span class=\"aioseo-breadcrumb-separator\">&raquo;<\/span><span class=\"aioseo-breadcrumb\">\n\t\t\tPM e PC prendem cinco e apreendem 10kg de maconha e armas\n\t\t<\/span><\/div>","aioseo_breadcrumb_json":[{"label":"Home","link":"https:\/\/anoticiaonline.com.br\/site"},{"label":"Regi\u00e3o","link":"https:\/\/anoticiaonline.com.br\/site\/categoria\/regiao\/"},{"label":"PM e PC prendem cinco e apreendem 10kg de maconha e armas","link":"https:\/\/anoticiaonline.com.br\/site\/pm-e-pc-prendem-cinco-e-apreendem-10kg-de-maconha-e-armas\/"}],"views":130,"_links":{"self":[{"href":"https:\/\/anoticiaonline.com.br\/site\/wp-json\/wp\/v2\/posts\/8529","targetHints":{"allow":["GET"]}}],"collection":[{"href":"https:\/\/anoticiaonline.com.br\/site\/wp-json\/wp\/v2\/posts"}],"about":[{"href":"https:\/\/anoticiaonline.com.br\/site\/wp-json\/wp\/v2\/types\/post"}],"author":[{"embeddable":true,"href":"https:\/\/anoticiaonline.com.br\/site\/wp-json\/wp\/v2\/users\/2"}],"replies":[{"embeddable":true,"href":"https:\/\/anoticiaonline.com.br\/site\/wp-json\/wp\/v2\/comments?post=8529"}],"version-history":[{"count":0,"href":"https:\/\/anoticiaonline.com.br\/site\/wp-json\/wp\/v2\/posts\/8529\/revisions"}],"wp:attachment":[{"href":"https:\/\/anoticiaonline.com.br\/site\/wp-json\/wp\/v2\/media?parent=8529"}],"wp:term":[{"taxonomy":"category","embeddable":true,"href":"https:\/\/anoticiaonline.com.br\/site\/wp-json\/wp\/v2\/categories?post=8529"},{"taxonomy":"post_tag","embeddable":true,"href":"https:\/\/anoticiaonline.com.br\/site\/wp-json\/wp\/v2\/tags?post=8529"}],"curies":[{"name":"wp","href":"https:\/\/api.w.org\/{rel}","templated":true}]}}