{"id":8507,"date":"2015-12-22T08:40:42","date_gmt":"2015-12-22T11:40:42","guid":{"rendered":"http:\/\/anoticiaonline.com.br\/site\/?p=8507"},"modified":"2015-12-22T08:42:28","modified_gmt":"2015-12-22T11:42:28","slug":"da-licitude-de-alardear-os-equivocos-alheios","status":"publish","type":"post","link":"https:\/\/anoticiaonline.com.br\/site\/da-licitude-de-alardear-os-equivocos-alheios\/","title":{"rendered":"Da licitude de alardear os equ\u00edvocos alheios"},"content":{"rendered":"<p><strong>O verdadeiro car\u00e1ter da caridade \u00e9 a mod\u00e9stia e a humildade<\/strong><\/p>\n<p><em>\u201c(&#8230;) A indulg\u00eancia jamais se ocupa com os maus\u00a0 atos de outrem, a menos que seja para prestar um servi\u00e7o.\u201d &#8211; Jos\u00e9, Esp\u00edrito Protetor<\/em><\/p>\n<p>Jesus n\u00e3o perdia oportunidade para ilustrar os Seus ensinamentos com as cenas do cotidiano para melhor fixar a li\u00e7\u00e3o. Assim \u00e9 que estando com Seus disc\u00edpulos no Templo, diante do gazofil\u00e1cio, observava o modo pelo qual o povo lan\u00e7ava ali o dinheiro&#8230; Reparou que muitas pessoas ricas o colocavam em abund\u00e2ncia. Chegando uma pobre mulher de parcos recursos ali depositou apenas duas moedinhas de valor irris\u00f3rio.\u00a0 Chamando Seus disc\u00edpulos Jesus lhes disse que a contribui\u00e7\u00e3o daquela senhora vi\u00fava foi muito mais expressiva do que a de todos que a antecederam, visto que estes deram apenas as sobras, enquanto que ela deu do que lhe faz falta, deu mesmo tudo o que tinha para o seu sustento naquele dia.<\/p>\n<p>De outra feita , reparou na atitude daqueles dois homens que subiram ao Templo para orar; um era fariseu, publicano o outro. \u2014 O fariseu, conservando-se de p\u00e9, orava assim, consigo mesmo: <em>\u201cmeu Deus, rendo-vos gra\u00e7as por n\u00e3o ser como os outros homens, que s\u00e3o ladr\u00f5es, injustos e ad\u00falteros, nem mesmo como esse publicano. Jejuo duas vezes na semana; dou o d\u00edzimo de tudo o que possuo\u201d.<\/em><\/p>\n<p>O publicano, ao contr\u00e1rio, conservando-se afastado, n\u00e3o ousava, sequer, erguer os olhos ao C\u00e9u; mas, batia no peito, dizendo: <em>\u201cmeu Deus, tem piedade de mim, que sou um pecador\u201d.<\/em><\/p>\n<p>Declaro-vos que este voltou para a sua casa, justificado, e o outro n\u00e3o; porquanto, aquele que se eleva ser\u00e1 rebaixado e aquele que se humilha ser\u00e1 elevado.<\/p>\n<p>Desses dois flagrantes do cotidiano podemos orientar-nos sobre a maneira mais conveniente de proceder ante as situa\u00e7\u00f5es do dia a dia que nos envolvem. Assim \u00e9 que, quando flagramos algu\u00e9m em erro, em alguns casos ser\u00e1 repreens\u00edvel solenizar o fato divulgando-o, enquanto que em outros casos torna-se necess\u00e1rio, um dever mesmo dar ampla divulga\u00e7\u00e3o. Como estabelecer a medida do comportamento exato e justo para cada situa\u00e7\u00e3o? Primeiramente temos que dirigir a n\u00f3s mesmos a censura que fazemos ao pr\u00f3ximo, procurando saber se n\u00e3o a teremos merecido tamb\u00e9m. (Atire a primeira pedra aquele que estiver sem pecado)<\/p>\n<p>Allan Kardec pergunta aos Esp\u00edritos : <em>\u201cser\u00e1 repreens\u00edvel notarem-se as imperfei\u00e7\u00f5es dos outros, quando da\u00ed nenhum proveito possa resultar para eles, uma vez que n\u00e3o sejam divulgadas?<\/em><\/p>\n<p>Resposta: <em>Tudo depende da inten\u00e7\u00e3o. Decerto, a ningu\u00e9m \u00e9 defeso ver o mal, quando ele existe. Fora mesmo inconveniente ver em toda a parte s\u00f3 o bem. Semelhante ilus\u00e3o prejudicaria o progresso. O erro est\u00e1 no fazer-se que a observa\u00e7\u00e3o redunde em detrimento do pr\u00f3ximo, desacreditando-o, sem necessidade, na opini\u00e3o geral. Igualmente repreens\u00edvel seria faz\u00ea-lo algu\u00e9m apenas para dar expans\u00e3o a um sentimento de malevol\u00eancia e \u00e0 satisfa\u00e7\u00e3o de apanhar os outros em falta.\u00a0 D\u00e1-se inteiramente o contr\u00e1rio quando, estendendo sobre o mal um v\u00e9u, para que o p\u00fablico n\u00e3o o veja, aquele que note os defeitos do pr\u00f3ximo o fa\u00e7a em seu proveito pessoal, isto \u00e9, para se exercitar em evitar o que reprova nos outros. Essa observa\u00e7\u00e3o, em suma, n\u00e3o \u00e9 proveitosa ao moralista? Como pintaria ele os defeitos humanos, se n\u00e3o estudasse os modelos?\u201d<\/em><\/p>\n<p>Kardec volta a perguntar : <em>\u201chaver\u00e1 casos em que convenha se desvende o mal de outrem?<\/em><\/p>\n<p>Resposta: &#8211; <em>\u00c9 muito delicada esta quest\u00e3o e, para resolv\u00ea-la, necess\u00e1rio se torna apelar para a caridade bem compreendida: se as imperfei\u00e7\u00f5es de uma pessoa s\u00f3 a ela prejudicam, nenhuma utilidade haver\u00e1 nunca em divulg\u00e1-la. Se, por\u00e9m, podem acarretar preju\u00edzo a terceiros, deve-se atender de prefer\u00eancia ao interesse do maior n\u00famero. Segundo as circunst\u00e2ncias, desmascarar a hipocrisia e a mentira pode constituir um dever, pois mais vale caia um homem, do que virem muitos a ser suas v\u00edtimas. Em tal caso, deve-se pesar a soma das vantagens e dos inconvenientes\u201d.<\/em><\/p>\n<p>Atentemos, finalmente, nas l\u00facidas instru\u00e7\u00f5es do Esp\u00edrito Duf\u00eatre : \u201csede severos convosco, indulgentes para as fraquezas dos outros. \u00c9 esta uma pr\u00e1tica da santa caridade, que bem poucas pessoas observam. Todos v\u00f3s tendes maus pendores a vencer, defeitos a corrigir, h\u00e1bitos a modificar; todos tendes um fardo mais ou menos pesado a alijar, para poderdes galgar o cume da montanha do progresso. Por que ent\u00e3o, haveis de mostrar-vos t\u00e3o clarividentes com rela\u00e7\u00e3o ao pr\u00f3ximo e t\u00e3o cegos com rela\u00e7\u00e3o a v\u00f3s mesmos?\u00a0 Quando deixareis de perceber, nos olhos de vossos irm\u00e3os, o pequenino argueiro que os incomoda, sem atentardes na trave que, nos vossos olhos, vos cega, fazendo-vos ir de queda em queda? Crede nos vossos irm\u00e3os, os Esp\u00edritos! Todo homem, bastante orgulhoso para se julgar superior, em virtude e m\u00e9rito, aos seus irm\u00e3os encarnados, \u00e9 insensato e culpado: Deus o castigar\u00e1 no dia da Sua justi\u00e7a.\u00a0 O verdadeiro car\u00e1ter da caridade \u00e9 a mod\u00e9stia e a humildade, que consistem em ver cada um apenas superficialmente os defeitos de outrem e esfor\u00e7ar-se por fazer que prevale\u00e7a o que h\u00e1 nele de bom e virtuoso, porquanto, embora o cora\u00e7\u00e3o humano seja um abismo de corrup\u00e7\u00e3o, sempre h\u00e1, nalgumas de suas dobras mais ocultas, o g\u00e9rmen de bons sentimentos, centelha vivaz da ess\u00eancia espiritual\u201d.<\/p>\n","protected":false},"excerpt":{"rendered":"<p>O verdadeiro car\u00e1ter da caridade \u00e9 a mod\u00e9stia e a humildade \u201c(&#8230;) A indulg\u00eancia jamais se ocupa com os maus\u00a0 atos de outrem, a menos que seja para prestar um servi\u00e7o.\u201d &#8211; Jos\u00e9, Esp\u00edrito Protetor Jesus n\u00e3o perdia oportunidade para ilustrar os Seus ensinamentos com as cenas do cotidiano para melhor fixar a li\u00e7\u00e3o. Assim &#8230; <a title=\"Da licitude de alardear os equ\u00edvocos alheios\" class=\"read-more\" href=\"https:\/\/anoticiaonline.com.br\/site\/da-licitude-de-alardear-os-equivocos-alheios\/\" aria-label=\"Read more about Da licitude de alardear os equ\u00edvocos alheios\">Ler mais<\/a><\/p>\n","protected":false},"author":2,"featured_media":0,"comment_status":"open","ping_status":"open","sticky":false,"template":"","format":"standard","meta":{"_acf_changed":false,"_monsterinsights_skip_tracking":false,"footnotes":""},"categories":[44],"tags":[],"class_list":["post-8507","post","type-post","status-publish","format-standard","hentry","category-espiritismo-em-foco-de-rogerio-coelho"],"acf":[],"aioseo_notices":[],"aioseo_head":"\n\t\t<!-- All in One SEO 5.0.0.1 - aioseo.com -->\n\t<meta name=\"description\" content=\"O verdadeiro car\u00e1ter da caridade \u00e9 a mod\u00e9stia e a humildade \u201c(...) A indulg\u00eancia jamais se ocupa com os maus atos de outrem, a menos que seja para prestar um servi\u00e7o.\u201d - Jos\u00e9, Esp\u00edrito Protetor Jesus n\u00e3o perdia oportunidade para ilustrar os Seus ensinamentos com as cenas do cotidiano para melhor fixar a li\u00e7\u00e3o. Assim\" \/>\n\t<meta name=\"robots\" content=\"max-image-preview:large\" \/>\n\t<meta name=\"author\" content=\"Juliana Laviola\"\/>\n\t<link rel=\"canonical\" href=\"https:\/\/anoticiaonline.com.br\/site\/da-licitude-de-alardear-os-equivocos-alheios\/\" \/>\n\t<meta name=\"generator\" content=\"All in One SEO (AIOSEO) 5.0.0.1\" \/>\n\t\t<meta property=\"og:locale\" content=\"pt_BR\" \/>\n\t\t<meta property=\"og:site_name\" content=\"A Not\u00edcia Online - Noticias de Muria\u00e9 e regi\u00e3o\" \/>\n\t\t<meta property=\"og:type\" content=\"article\" \/>\n\t\t<meta property=\"og:title\" content=\"Da licitude de alardear os equ\u00edvocos alheios - A Not\u00edcia Online\" \/>\n\t\t<meta property=\"og:description\" content=\"O verdadeiro car\u00e1ter da caridade \u00e9 a mod\u00e9stia e a humildade \u201c(...) A indulg\u00eancia jamais se ocupa com os maus atos de outrem, a menos que seja para prestar um servi\u00e7o.\u201d - Jos\u00e9, Esp\u00edrito Protetor Jesus n\u00e3o perdia oportunidade para ilustrar os Seus ensinamentos com as cenas do cotidiano para melhor fixar a li\u00e7\u00e3o. Assim\" \/>\n\t\t<meta property=\"og:url\" content=\"https:\/\/anoticiaonline.com.br\/site\/da-licitude-de-alardear-os-equivocos-alheios\/\" \/>\n\t\t<meta property=\"og:image\" content=\"https:\/\/scontent-gig4-1.xx.fbcdn.net\/v\/t39.30808-1\/270437624_4564083193639691_6907940295614233970_n.jpg?stp=dst-jpg_s200x200_tt6&#038;_nc_cat=111&#038;ccb=1-7&#038;_nc_sid=f907e8&#038;_nc_ohc=SM1wRlP3lJwQ7kNvwEPuBYA&#038;_nc_oc=AdnqrjDN_BNjSSHWO-GbkIWH6fkGMLw4bqvL_NH6e2wMveX7G-rP2dAqsDSq1mJMOaY&#038;_nc_zt=24&#038;_nc_ht=scontent-gig4-1.xx&#038;_nc_gid=AoBFJeGrT1hVaew_6rchkQ&#038;oh=00_AfX7QmFGhQhG2jAllVgXCiM1ZrWgvtp80-Bfppyexh1QEg&#038;oe=689E923C\" \/>\n\t\t<meta property=\"og:image:secure_url\" content=\"https:\/\/scontent-gig4-1.xx.fbcdn.net\/v\/t39.30808-1\/270437624_4564083193639691_6907940295614233970_n.jpg?stp=dst-jpg_s200x200_tt6&#038;_nc_cat=111&#038;ccb=1-7&#038;_nc_sid=f907e8&#038;_nc_ohc=SM1wRlP3lJwQ7kNvwEPuBYA&#038;_nc_oc=AdnqrjDN_BNjSSHWO-GbkIWH6fkGMLw4bqvL_NH6e2wMveX7G-rP2dAqsDSq1mJMOaY&#038;_nc_zt=24&#038;_nc_ht=scontent-gig4-1.xx&#038;_nc_gid=AoBFJeGrT1hVaew_6rchkQ&#038;oh=00_AfX7QmFGhQhG2jAllVgXCiM1ZrWgvtp80-Bfppyexh1QEg&#038;oe=689E923C\" \/>\n\t\t<meta property=\"article:published_time\" content=\"2015-12-22T11:40:42+00:00\" \/>\n\t\t<meta property=\"article:modified_time\" content=\"2015-12-22T11:42:28+00:00\" \/>\n\t\t<meta name=\"twitter:card\" content=\"summary_large_image\" \/>\n\t\t<meta name=\"twitter:title\" content=\"Da licitude de alardear os equ\u00edvocos alheios - A Not\u00edcia Online\" \/>\n\t\t<meta name=\"twitter:description\" content=\"O verdadeiro car\u00e1ter da caridade \u00e9 a mod\u00e9stia e a humildade \u201c(...) A indulg\u00eancia jamais se ocupa com os maus atos de outrem, a menos que seja para prestar um servi\u00e7o.\u201d - Jos\u00e9, Esp\u00edrito Protetor Jesus n\u00e3o perdia oportunidade para ilustrar os Seus ensinamentos com as cenas do cotidiano para melhor fixar a li\u00e7\u00e3o. Assim\" \/>\n\t\t<meta name=\"twitter:image\" content=\"https:\/\/scontent-gig4-1.xx.fbcdn.net\/v\/t39.30808-1\/270437624_4564083193639691_6907940295614233970_n.jpg?stp=dst-jpg_s200x200_tt6&amp;_nc_cat=111&amp;ccb=1-7&amp;_nc_sid=f907e8&amp;_nc_ohc=SM1wRlP3lJwQ7kNvwEPuBYA&amp;_nc_oc=AdnqrjDN_BNjSSHWO-GbkIWH6fkGMLw4bqvL_NH6e2wMveX7G-rP2dAqsDSq1mJMOaY&amp;_nc_zt=24&amp;_nc_ht=scontent-gig4-1.xx&amp;_nc_gid=AoBFJeGrT1hVaew_6rchkQ&amp;oh=00_AfX7QmFGhQhG2jAllVgXCiM1ZrWgvtp80-Bfppyexh1QEg&amp;oe=689E923C\" \/>\n\t\t<script type=\"application\/ld+json\" class=\"aioseo-schema\">\n\t\t\t{\"@context\":\"https:\\\/\\\/schema.org\",\"@graph\":[{\"@type\":\"BlogPosting\",\"@id\":\"https:\\\/\\\/anoticiaonline.com.br\\\/site\\\/da-licitude-de-alardear-os-equivocos-alheios\\\/#blogposting\",\"name\":\"Da licitude de alardear os equ\\u00edvocos alheios - A Not\\u00edcia Online\",\"headline\":\"Da licitude de alardear os equ\\u00edvocos alheios\",\"author\":{\"@id\":\"https:\\\/\\\/anoticiaonline.com.br\\\/site\\\/author\\\/juliana\\\/#author\"},\"publisher\":{\"@id\":\"https:\\\/\\\/anoticiaonline.com.br\\\/site\\\/#organization\"},\"image\":{\"@type\":\"ImageObject\",\"url\":\"https:\\\/\\\/scontent-gig4-1.xx.fbcdn.net\\\/v\\\/t39.30808-1\\\/270437624_4564083193639691_6907940295614233970_n.jpg?stp=dst-jpg_s200x200_tt6&_nc_cat=111&ccb=1-7&_nc_sid=f907e8&_nc_ohc=SM1wRlP3lJwQ7kNvwEPuBYA&_nc_oc=AdnqrjDN_BNjSSHWO-GbkIWH6fkGMLw4bqvL_NH6e2wMveX7G-rP2dAqsDSq1mJMOaY&_nc_zt=24&_nc_ht=scontent-gig4-1.xx&_nc_gid=AoBFJeGrT1hVaew_6rchkQ&oh=00_AfX7QmFGhQhG2jAllVgXCiM1ZrWgvtp80-Bfppyexh1QEg&oe=689E923C\",\"@id\":\"https:\\\/\\\/anoticiaonline.com.br\\\/site\\\/#articleImage\"},\"datePublished\":\"2015-12-22T08:40:42-03:00\",\"dateModified\":\"2015-12-22T08:42:28-03:00\",\"inLanguage\":\"pt-BR\",\"mainEntityOfPage\":{\"@id\":\"https:\\\/\\\/anoticiaonline.com.br\\\/site\\\/da-licitude-de-alardear-os-equivocos-alheios\\\/#webpage\"},\"isPartOf\":{\"@id\":\"https:\\\/\\\/anoticiaonline.com.br\\\/site\\\/da-licitude-de-alardear-os-equivocos-alheios\\\/#webpage\"},\"articleSection\":\"Espiritismo em Foco, por Rog\\u00e9rio Coelho\"},{\"@type\":\"BreadcrumbList\",\"@id\":\"https:\\\/\\\/anoticiaonline.com.br\\\/site\\\/da-licitude-de-alardear-os-equivocos-alheios\\\/#breadcrumblist\",\"itemListElement\":[{\"@type\":\"ListItem\",\"@id\":\"https:\\\/\\\/anoticiaonline.com.br\\\/site#listItem\",\"position\":1,\"name\":\"Home\",\"item\":\"https:\\\/\\\/anoticiaonline.com.br\\\/site\",\"nextItem\":{\"@type\":\"ListItem\",\"@id\":\"https:\\\/\\\/anoticiaonline.com.br\\\/site\\\/categoria\\\/colunistas\\\/#listItem\",\"name\":\"Colunistas\"}},{\"@type\":\"ListItem\",\"@id\":\"https:\\\/\\\/anoticiaonline.com.br\\\/site\\\/categoria\\\/colunistas\\\/#listItem\",\"position\":2,\"name\":\"Colunistas\",\"item\":\"https:\\\/\\\/anoticiaonline.com.br\\\/site\\\/categoria\\\/colunistas\\\/\",\"nextItem\":{\"@type\":\"ListItem\",\"@id\":\"https:\\\/\\\/anoticiaonline.com.br\\\/site\\\/categoria\\\/colunistas\\\/espiritismo-em-foco-de-rogerio-coelho\\\/#listItem\",\"name\":\"Espiritismo em Foco, por Rog\\u00e9rio Coelho\"},\"previousItem\":{\"@type\":\"ListItem\",\"@id\":\"https:\\\/\\\/anoticiaonline.com.br\\\/site#listItem\",\"name\":\"Home\"}},{\"@type\":\"ListItem\",\"@id\":\"https:\\\/\\\/anoticiaonline.com.br\\\/site\\\/categoria\\\/colunistas\\\/espiritismo-em-foco-de-rogerio-coelho\\\/#listItem\",\"position\":3,\"name\":\"Espiritismo em Foco, por Rog\\u00e9rio Coelho\",\"item\":\"https:\\\/\\\/anoticiaonline.com.br\\\/site\\\/categoria\\\/colunistas\\\/espiritismo-em-foco-de-rogerio-coelho\\\/\",\"nextItem\":{\"@type\":\"ListItem\",\"@id\":\"https:\\\/\\\/anoticiaonline.com.br\\\/site\\\/da-licitude-de-alardear-os-equivocos-alheios\\\/#listItem\",\"name\":\"Da licitude de alardear os equ\\u00edvocos alheios\"},\"previousItem\":{\"@type\":\"ListItem\",\"@id\":\"https:\\\/\\\/anoticiaonline.com.br\\\/site\\\/categoria\\\/colunistas\\\/#listItem\",\"name\":\"Colunistas\"}},{\"@type\":\"ListItem\",\"@id\":\"https:\\\/\\\/anoticiaonline.com.br\\\/site\\\/da-licitude-de-alardear-os-equivocos-alheios\\\/#listItem\",\"position\":4,\"name\":\"Da licitude de alardear os equ\\u00edvocos alheios\",\"previousItem\":{\"@type\":\"ListItem\",\"@id\":\"https:\\\/\\\/anoticiaonline.com.br\\\/site\\\/categoria\\\/colunistas\\\/espiritismo-em-foco-de-rogerio-coelho\\\/#listItem\",\"name\":\"Espiritismo em Foco, por Rog\\u00e9rio Coelho\"}}]},{\"@type\":\"Organization\",\"@id\":\"https:\\\/\\\/anoticiaonline.com.br\\\/site\\\/#organization\",\"name\":\"A Not\\u00edcia Online\",\"description\":\"Noticias de Muria\\u00e9 e regi\\u00e3o\",\"url\":\"https:\\\/\\\/anoticiaonline.com.br\\\/site\\\/\",\"logo\":{\"@type\":\"ImageObject\",\"url\":\"https:\\\/\\\/scontent-gig4-1.xx.fbcdn.net\\\/v\\\/t39.30808-1\\\/270437624_4564083193639691_6907940295614233970_n.jpg?stp=dst-jpg_s200x200_tt6&_nc_cat=111&ccb=1-7&_nc_sid=f907e8&_nc_ohc=SM1wRlP3lJwQ7kNvwEPuBYA&_nc_oc=AdnqrjDN_BNjSSHWO-GbkIWH6fkGMLw4bqvL_NH6e2wMveX7G-rP2dAqsDSq1mJMOaY&_nc_zt=24&_nc_ht=scontent-gig4-1.xx&_nc_gid=AoBFJeGrT1hVaew_6rchkQ&oh=00_AfX7QmFGhQhG2jAllVgXCiM1ZrWgvtp80-Bfppyexh1QEg&oe=689E923C\",\"@id\":\"https:\\\/\\\/anoticiaonline.com.br\\\/site\\\/da-licitude-de-alardear-os-equivocos-alheios\\\/#organizationLogo\"},\"image\":{\"@id\":\"https:\\\/\\\/anoticiaonline.com.br\\\/site\\\/da-licitude-de-alardear-os-equivocos-alheios\\\/#organizationLogo\"}},{\"@type\":\"Person\",\"@id\":\"https:\\\/\\\/anoticiaonline.com.br\\\/site\\\/author\\\/juliana\\\/#author\",\"url\":\"https:\\\/\\\/anoticiaonline.com.br\\\/site\\\/author\\\/juliana\\\/\",\"name\":\"Juliana Laviola\",\"image\":{\"@type\":\"ImageObject\",\"@id\":\"https:\\\/\\\/anoticiaonline.com.br\\\/site\\\/da-licitude-de-alardear-os-equivocos-alheios\\\/#authorImage\",\"url\":\"https:\\\/\\\/secure.gravatar.com\\\/avatar\\\/b8d45f5c699b100dfaf0e543582f38f38bf94cb7ae3a5e9abf8d891a34773335?s=96&d=mm&r=g\",\"width\":96,\"height\":96,\"caption\":\"Juliana Laviola\"}},{\"@type\":\"WebPage\",\"@id\":\"https:\\\/\\\/anoticiaonline.com.br\\\/site\\\/da-licitude-de-alardear-os-equivocos-alheios\\\/#webpage\",\"url\":\"https:\\\/\\\/anoticiaonline.com.br\\\/site\\\/da-licitude-de-alardear-os-equivocos-alheios\\\/\",\"name\":\"Da licitude de alardear os equ\\u00edvocos alheios - A Not\\u00edcia Online\",\"description\":\"O verdadeiro car\\u00e1ter da caridade \\u00e9 a mod\\u00e9stia e a humildade \\u201c(...) A indulg\\u00eancia jamais se ocupa com os maus atos de outrem, a menos que seja para prestar um servi\\u00e7o.\\u201d - Jos\\u00e9, Esp\\u00edrito Protetor Jesus n\\u00e3o perdia oportunidade para ilustrar os Seus ensinamentos com as cenas do cotidiano para melhor fixar a li\\u00e7\\u00e3o. Assim\",\"inLanguage\":\"pt-BR\",\"isPartOf\":{\"@id\":\"https:\\\/\\\/anoticiaonline.com.br\\\/site\\\/#website\"},\"breadcrumb\":{\"@id\":\"https:\\\/\\\/anoticiaonline.com.br\\\/site\\\/da-licitude-de-alardear-os-equivocos-alheios\\\/#breadcrumblist\"},\"author\":{\"@id\":\"https:\\\/\\\/anoticiaonline.com.br\\\/site\\\/author\\\/juliana\\\/#author\"},\"creator\":{\"@id\":\"https:\\\/\\\/anoticiaonline.com.br\\\/site\\\/author\\\/juliana\\\/#author\"},\"datePublished\":\"2015-12-22T08:40:42-03:00\",\"dateModified\":\"2015-12-22T08:42:28-03:00\"},{\"@type\":\"WebSite\",\"@id\":\"https:\\\/\\\/anoticiaonline.com.br\\\/site\\\/#website\",\"url\":\"https:\\\/\\\/anoticiaonline.com.br\\\/site\\\/\",\"name\":\"A Not\\u00edcia Online\",\"description\":\"Noticias de Muria\\u00e9 e regi\\u00e3o\",\"inLanguage\":\"pt-BR\",\"publisher\":{\"@id\":\"https:\\\/\\\/anoticiaonline.com.br\\\/site\\\/#organization\"}}]}\n\t\t<\/script>\n\t\t<!-- All in One SEO -->\n\n","aioseo_head_json":{"title":"Da licitude de alardear os equ\u00edvocos alheios - A Not\u00edcia Online","description":"O verdadeiro car\u00e1ter da caridade \u00e9 a mod\u00e9stia e a humildade \u201c(...) A indulg\u00eancia jamais se ocupa com os maus atos de outrem, a menos que seja para prestar um servi\u00e7o.\u201d - Jos\u00e9, Esp\u00edrito Protetor Jesus n\u00e3o perdia oportunidade para ilustrar os Seus ensinamentos com as cenas do cotidiano para melhor fixar a li\u00e7\u00e3o. Assim","canonical_url":"https:\/\/anoticiaonline.com.br\/site\/da-licitude-de-alardear-os-equivocos-alheios\/","robots":"max-image-preview:large","keywords":"","webmasterTools":{"miscellaneous":""},"schema":{"@context":"https:\/\/schema.org","@graph":[{"@type":"BlogPosting","@id":"https:\/\/anoticiaonline.com.br\/site\/da-licitude-de-alardear-os-equivocos-alheios\/#blogposting","name":"Da licitude de alardear os equ\u00edvocos alheios - A Not\u00edcia Online","headline":"Da licitude de alardear os equ\u00edvocos alheios","author":{"@id":"https:\/\/anoticiaonline.com.br\/site\/author\/juliana\/#author"},"publisher":{"@id":"https:\/\/anoticiaonline.com.br\/site\/#organization"},"image":{"@type":"ImageObject","url":"https:\/\/scontent-gig4-1.xx.fbcdn.net\/v\/t39.30808-1\/270437624_4564083193639691_6907940295614233970_n.jpg?stp=dst-jpg_s200x200_tt6&_nc_cat=111&ccb=1-7&_nc_sid=f907e8&_nc_ohc=SM1wRlP3lJwQ7kNvwEPuBYA&_nc_oc=AdnqrjDN_BNjSSHWO-GbkIWH6fkGMLw4bqvL_NH6e2wMveX7G-rP2dAqsDSq1mJMOaY&_nc_zt=24&_nc_ht=scontent-gig4-1.xx&_nc_gid=AoBFJeGrT1hVaew_6rchkQ&oh=00_AfX7QmFGhQhG2jAllVgXCiM1ZrWgvtp80-Bfppyexh1QEg&oe=689E923C","@id":"https:\/\/anoticiaonline.com.br\/site\/#articleImage"},"datePublished":"2015-12-22T08:40:42-03:00","dateModified":"2015-12-22T08:42:28-03:00","inLanguage":"pt-BR","mainEntityOfPage":{"@id":"https:\/\/anoticiaonline.com.br\/site\/da-licitude-de-alardear-os-equivocos-alheios\/#webpage"},"isPartOf":{"@id":"https:\/\/anoticiaonline.com.br\/site\/da-licitude-de-alardear-os-equivocos-alheios\/#webpage"},"articleSection":"Espiritismo em Foco, por Rog\u00e9rio Coelho"},{"@type":"BreadcrumbList","@id":"https:\/\/anoticiaonline.com.br\/site\/da-licitude-de-alardear-os-equivocos-alheios\/#breadcrumblist","itemListElement":[{"@type":"ListItem","@id":"https:\/\/anoticiaonline.com.br\/site#listItem","position":1,"name":"Home","item":"https:\/\/anoticiaonline.com.br\/site","nextItem":{"@type":"ListItem","@id":"https:\/\/anoticiaonline.com.br\/site\/categoria\/colunistas\/#listItem","name":"Colunistas"}},{"@type":"ListItem","@id":"https:\/\/anoticiaonline.com.br\/site\/categoria\/colunistas\/#listItem","position":2,"name":"Colunistas","item":"https:\/\/anoticiaonline.com.br\/site\/categoria\/colunistas\/","nextItem":{"@type":"ListItem","@id":"https:\/\/anoticiaonline.com.br\/site\/categoria\/colunistas\/espiritismo-em-foco-de-rogerio-coelho\/#listItem","name":"Espiritismo em Foco, por Rog\u00e9rio Coelho"},"previousItem":{"@type":"ListItem","@id":"https:\/\/anoticiaonline.com.br\/site#listItem","name":"Home"}},{"@type":"ListItem","@id":"https:\/\/anoticiaonline.com.br\/site\/categoria\/colunistas\/espiritismo-em-foco-de-rogerio-coelho\/#listItem","position":3,"name":"Espiritismo em Foco, por Rog\u00e9rio Coelho","item":"https:\/\/anoticiaonline.com.br\/site\/categoria\/colunistas\/espiritismo-em-foco-de-rogerio-coelho\/","nextItem":{"@type":"ListItem","@id":"https:\/\/anoticiaonline.com.br\/site\/da-licitude-de-alardear-os-equivocos-alheios\/#listItem","name":"Da licitude de alardear os equ\u00edvocos alheios"},"previousItem":{"@type":"ListItem","@id":"https:\/\/anoticiaonline.com.br\/site\/categoria\/colunistas\/#listItem","name":"Colunistas"}},{"@type":"ListItem","@id":"https:\/\/anoticiaonline.com.br\/site\/da-licitude-de-alardear-os-equivocos-alheios\/#listItem","position":4,"name":"Da licitude de alardear os equ\u00edvocos alheios","previousItem":{"@type":"ListItem","@id":"https:\/\/anoticiaonline.com.br\/site\/categoria\/colunistas\/espiritismo-em-foco-de-rogerio-coelho\/#listItem","name":"Espiritismo em Foco, por Rog\u00e9rio Coelho"}}]},{"@type":"Organization","@id":"https:\/\/anoticiaonline.com.br\/site\/#organization","name":"A Not\u00edcia Online","description":"Noticias de Muria\u00e9 e regi\u00e3o","url":"https:\/\/anoticiaonline.com.br\/site\/","logo":{"@type":"ImageObject","url":"https:\/\/scontent-gig4-1.xx.fbcdn.net\/v\/t39.30808-1\/270437624_4564083193639691_6907940295614233970_n.jpg?stp=dst-jpg_s200x200_tt6&_nc_cat=111&ccb=1-7&_nc_sid=f907e8&_nc_ohc=SM1wRlP3lJwQ7kNvwEPuBYA&_nc_oc=AdnqrjDN_BNjSSHWO-GbkIWH6fkGMLw4bqvL_NH6e2wMveX7G-rP2dAqsDSq1mJMOaY&_nc_zt=24&_nc_ht=scontent-gig4-1.xx&_nc_gid=AoBFJeGrT1hVaew_6rchkQ&oh=00_AfX7QmFGhQhG2jAllVgXCiM1ZrWgvtp80-Bfppyexh1QEg&oe=689E923C","@id":"https:\/\/anoticiaonline.com.br\/site\/da-licitude-de-alardear-os-equivocos-alheios\/#organizationLogo"},"image":{"@id":"https:\/\/anoticiaonline.com.br\/site\/da-licitude-de-alardear-os-equivocos-alheios\/#organizationLogo"}},{"@type":"Person","@id":"https:\/\/anoticiaonline.com.br\/site\/author\/juliana\/#author","url":"https:\/\/anoticiaonline.com.br\/site\/author\/juliana\/","name":"Juliana Laviola","image":{"@type":"ImageObject","@id":"https:\/\/anoticiaonline.com.br\/site\/da-licitude-de-alardear-os-equivocos-alheios\/#authorImage","url":"https:\/\/secure.gravatar.com\/avatar\/b8d45f5c699b100dfaf0e543582f38f38bf94cb7ae3a5e9abf8d891a34773335?s=96&d=mm&r=g","width":96,"height":96,"caption":"Juliana Laviola"}},{"@type":"WebPage","@id":"https:\/\/anoticiaonline.com.br\/site\/da-licitude-de-alardear-os-equivocos-alheios\/#webpage","url":"https:\/\/anoticiaonline.com.br\/site\/da-licitude-de-alardear-os-equivocos-alheios\/","name":"Da licitude de alardear os equ\u00edvocos alheios - A Not\u00edcia Online","description":"O verdadeiro car\u00e1ter da caridade \u00e9 a mod\u00e9stia e a humildade \u201c(...) A indulg\u00eancia jamais se ocupa com os maus atos de outrem, a menos que seja para prestar um servi\u00e7o.\u201d - Jos\u00e9, Esp\u00edrito Protetor Jesus n\u00e3o perdia oportunidade para ilustrar os Seus ensinamentos com as cenas do cotidiano para melhor fixar a li\u00e7\u00e3o. Assim","inLanguage":"pt-BR","isPartOf":{"@id":"https:\/\/anoticiaonline.com.br\/site\/#website"},"breadcrumb":{"@id":"https:\/\/anoticiaonline.com.br\/site\/da-licitude-de-alardear-os-equivocos-alheios\/#breadcrumblist"},"author":{"@id":"https:\/\/anoticiaonline.com.br\/site\/author\/juliana\/#author"},"creator":{"@id":"https:\/\/anoticiaonline.com.br\/site\/author\/juliana\/#author"},"datePublished":"2015-12-22T08:40:42-03:00","dateModified":"2015-12-22T08:42:28-03:00"},{"@type":"WebSite","@id":"https:\/\/anoticiaonline.com.br\/site\/#website","url":"https:\/\/anoticiaonline.com.br\/site\/","name":"A Not\u00edcia Online","description":"Noticias de Muria\u00e9 e regi\u00e3o","inLanguage":"pt-BR","publisher":{"@id":"https:\/\/anoticiaonline.com.br\/site\/#organization"}}]},"og:locale":"pt_BR","og:site_name":"A Not\u00edcia Online - Noticias de Muria\u00e9 e regi\u00e3o","og:type":"article","og:title":"Da licitude de alardear os equ\u00edvocos alheios - A Not\u00edcia Online","og:description":"O verdadeiro car\u00e1ter da caridade \u00e9 a mod\u00e9stia e a humildade \u201c(...) A indulg\u00eancia jamais se ocupa com os maus atos de outrem, a menos que seja para prestar um servi\u00e7o.\u201d - Jos\u00e9, Esp\u00edrito Protetor Jesus n\u00e3o perdia oportunidade para ilustrar os Seus ensinamentos com as cenas do cotidiano para melhor fixar a li\u00e7\u00e3o. Assim","og:url":"https:\/\/anoticiaonline.com.br\/site\/da-licitude-de-alardear-os-equivocos-alheios\/","og:image":"https:\/\/scontent-gig4-1.xx.fbcdn.net\/v\/t39.30808-1\/270437624_4564083193639691_6907940295614233970_n.jpg?stp=dst-jpg_s200x200_tt6&#038;_nc_cat=111&#038;ccb=1-7&#038;_nc_sid=f907e8&#038;_nc_ohc=SM1wRlP3lJwQ7kNvwEPuBYA&#038;_nc_oc=AdnqrjDN_BNjSSHWO-GbkIWH6fkGMLw4bqvL_NH6e2wMveX7G-rP2dAqsDSq1mJMOaY&#038;_nc_zt=24&#038;_nc_ht=scontent-gig4-1.xx&#038;_nc_gid=AoBFJeGrT1hVaew_6rchkQ&#038;oh=00_AfX7QmFGhQhG2jAllVgXCiM1ZrWgvtp80-Bfppyexh1QEg&#038;oe=689E923C","og:image:secure_url":"https:\/\/scontent-gig4-1.xx.fbcdn.net\/v\/t39.30808-1\/270437624_4564083193639691_6907940295614233970_n.jpg?stp=dst-jpg_s200x200_tt6&#038;_nc_cat=111&#038;ccb=1-7&#038;_nc_sid=f907e8&#038;_nc_ohc=SM1wRlP3lJwQ7kNvwEPuBYA&#038;_nc_oc=AdnqrjDN_BNjSSHWO-GbkIWH6fkGMLw4bqvL_NH6e2wMveX7G-rP2dAqsDSq1mJMOaY&#038;_nc_zt=24&#038;_nc_ht=scontent-gig4-1.xx&#038;_nc_gid=AoBFJeGrT1hVaew_6rchkQ&#038;oh=00_AfX7QmFGhQhG2jAllVgXCiM1ZrWgvtp80-Bfppyexh1QEg&#038;oe=689E923C","article:published_time":"2015-12-22T11:40:42+00:00","article:modified_time":"2015-12-22T11:42:28+00:00","twitter:card":"summary_large_image","twitter:title":"Da licitude de alardear os equ\u00edvocos alheios - A Not\u00edcia Online","twitter:description":"O verdadeiro car\u00e1ter da caridade \u00e9 a mod\u00e9stia e a humildade \u201c(...) A indulg\u00eancia jamais se ocupa com os maus atos de outrem, a menos que seja para prestar um servi\u00e7o.\u201d - Jos\u00e9, Esp\u00edrito Protetor Jesus n\u00e3o perdia oportunidade para ilustrar os Seus ensinamentos com as cenas do cotidiano para melhor fixar a li\u00e7\u00e3o. Assim","twitter:image":"https:\/\/scontent-gig4-1.xx.fbcdn.net\/v\/t39.30808-1\/270437624_4564083193639691_6907940295614233970_n.jpg?stp=dst-jpg_s200x200_tt6&_nc_cat=111&ccb=1-7&_nc_sid=f907e8&_nc_ohc=SM1wRlP3lJwQ7kNvwEPuBYA&_nc_oc=AdnqrjDN_BNjSSHWO-GbkIWH6fkGMLw4bqvL_NH6e2wMveX7G-rP2dAqsDSq1mJMOaY&_nc_zt=24&_nc_ht=scontent-gig4-1.xx&_nc_gid=AoBFJeGrT1hVaew_6rchkQ&oh=00_AfX7QmFGhQhG2jAllVgXCiM1ZrWgvtp80-Bfppyexh1QEg&oe=689E923C"},"aioseo_meta_data":{"post_id":"8507","title":null,"description":null,"keywords":null,"keyphrases":null,"primary_term":null,"canonical_url":null,"og_title":null,"og_description":null,"og_object_type":"default","og_image_type":"default","og_image_url":null,"og_image_width":null,"og_image_height":null,"og_image_custom_url":null,"og_image_custom_fields":null,"og_video":null,"og_custom_url":null,"og_article_section":null,"og_article_tags":null,"twitter_use_og":false,"twitter_card":"default","twitter_image_type":"default","twitter_image_url":null,"twitter_image_custom_url":null,"twitter_image_custom_fields":null,"twitter_title":null,"twitter_description":null,"schema":{"blockGraphs":[],"customGraphs":[],"default":{"data":{"Article":[],"Course":[],"Dataset":[],"FAQPage":[],"Movie":[],"Person":[],"Product":[],"ProductReview":[],"Car":[],"Recipe":[],"Service":[],"SoftwareApplication":[],"WebPage":[]},"graphName":"","isEnabled":true},"graphs":[]},"schema_type":"default","schema_type_options":null,"pillar_content":false,"robots_default":true,"robots_noindex":false,"robots_noarchive":false,"robots_nosnippet":false,"robots_nofollow":false,"robots_noimageindex":false,"robots_noodp":false,"robots_notranslate":false,"robots_max_snippet":null,"robots_max_videopreview":null,"robots_max_imagepreview":"large","priority":null,"frequency":null,"local_seo":null,"breadcrumb_settings":null,"limit_modified_date":false,"ai":null,"created":"2025-08-16 14:40:38","updated":"2025-08-16 14:40:38","focus_keyword":null,"additional_keywords":null,"truseo_locale":null,"seo_analyzer_scan_date":null},"aioseo_breadcrumb":"<div class=\"aioseo-breadcrumbs\"><span class=\"aioseo-breadcrumb\">\n\t\t\t<a href=\"https:\/\/anoticiaonline.com.br\/site\" title=\"Home\">Home<\/a>\n\t\t<\/span><span class=\"aioseo-breadcrumb-separator\">&raquo;<\/span><span class=\"aioseo-breadcrumb\">\n\t\t\t<a href=\"https:\/\/anoticiaonline.com.br\/site\/categoria\/colunistas\/\" title=\"Colunistas\">Colunistas<\/a>\n\t\t<\/span><span class=\"aioseo-breadcrumb-separator\">&raquo;<\/span><span class=\"aioseo-breadcrumb\">\n\t\t\t<a href=\"https:\/\/anoticiaonline.com.br\/site\/categoria\/colunistas\/espiritismo-em-foco-de-rogerio-coelho\/\" title=\"Espiritismo em Foco, por Rog\u00e9rio Coelho\">Espiritismo em Foco, por Rog\u00e9rio Coelho<\/a>\n\t\t<\/span><span class=\"aioseo-breadcrumb-separator\">&raquo;<\/span><span class=\"aioseo-breadcrumb\">\n\t\t\tDa licitude de alardear os equ\u00edvocos alheios\n\t\t<\/span><\/div>","aioseo_breadcrumb_json":[{"label":"Home","link":"https:\/\/anoticiaonline.com.br\/site"},{"label":"Colunistas","link":"https:\/\/anoticiaonline.com.br\/site\/categoria\/colunistas\/"},{"label":"Espiritismo em Foco, por Rog\u00e9rio Coelho","link":"https:\/\/anoticiaonline.com.br\/site\/categoria\/colunistas\/espiritismo-em-foco-de-rogerio-coelho\/"},{"label":"Da licitude de alardear os equ\u00edvocos alheios","link":"https:\/\/anoticiaonline.com.br\/site\/da-licitude-de-alardear-os-equivocos-alheios\/"}],"views":185,"_links":{"self":[{"href":"https:\/\/anoticiaonline.com.br\/site\/wp-json\/wp\/v2\/posts\/8507","targetHints":{"allow":["GET"]}}],"collection":[{"href":"https:\/\/anoticiaonline.com.br\/site\/wp-json\/wp\/v2\/posts"}],"about":[{"href":"https:\/\/anoticiaonline.com.br\/site\/wp-json\/wp\/v2\/types\/post"}],"author":[{"embeddable":true,"href":"https:\/\/anoticiaonline.com.br\/site\/wp-json\/wp\/v2\/users\/2"}],"replies":[{"embeddable":true,"href":"https:\/\/anoticiaonline.com.br\/site\/wp-json\/wp\/v2\/comments?post=8507"}],"version-history":[{"count":0,"href":"https:\/\/anoticiaonline.com.br\/site\/wp-json\/wp\/v2\/posts\/8507\/revisions"}],"wp:attachment":[{"href":"https:\/\/anoticiaonline.com.br\/site\/wp-json\/wp\/v2\/media?parent=8507"}],"wp:term":[{"taxonomy":"category","embeddable":true,"href":"https:\/\/anoticiaonline.com.br\/site\/wp-json\/wp\/v2\/categories?post=8507"},{"taxonomy":"post_tag","embeddable":true,"href":"https:\/\/anoticiaonline.com.br\/site\/wp-json\/wp\/v2\/tags?post=8507"}],"curies":[{"name":"wp","href":"https:\/\/api.w.org\/{rel}","templated":true}]}}