{"id":8095,"date":"2015-12-17T13:17:03","date_gmt":"2015-12-17T16:17:03","guid":{"rendered":"http:\/\/anoticiaonline.com.br\/site\/?p=8095"},"modified":"2015-12-17T13:17:03","modified_gmt":"2015-12-17T16:17:03","slug":"presos-cinco-suspeitos-de-morte-de-radialista-em-uba","status":"publish","type":"post","link":"https:\/\/anoticiaonline.com.br\/site\/presos-cinco-suspeitos-de-morte-de-radialista-em-uba\/","title":{"rendered":"Presos cinco suspeitos de morte de radialista em Ub\u00e1"},"content":{"rendered":"<figure id=\"attachment_8096\" aria-describedby=\"caption-attachment-8096\" style=\"width: 290px\" class=\"wp-caption alignleft\"><a href=\"https:\/\/anoticiaonline.com.br\/site\/wp-content\/uploads\/2015\/12\/Radialista-e-promotor-de-eventos-\u00e9-assassinado-em-Ub\u00e1-2.jpg\"><img fetchpriority=\"high\" decoding=\"async\" class=\"size-medium wp-image-8096\" src=\"https:\/\/anoticiaonline.com.br\/site\/wp-content\/uploads\/2015\/12\/Radialista-e-promotor-de-eventos-\u00e9-assassinado-em-Ub\u00e1-2-300x300.jpg\" alt=\"Foto: Arquivo pessoal\/ Facebook\" width=\"300\" height=\"300\" \/><\/a><figcaption id=\"caption-attachment-8096\" class=\"wp-caption-text\">Foto: Arquivo pessoal\/ Facebook<\/figcaption><\/figure>\n<p>Quatro adultos suspeitos de envolvimento do assassinato do radialista Luiz Manoel de Souza, de 48 anos, ocorrido no dia 7 de dezembro deste ano, em Ub\u00e1, foram presos e um adolescente apreendido pela Pol\u00edcia Civil. Ele foi morto com diversos tiros no distrito de C\u00f3rrego dos Braguinhas, ap\u00f3s sofrer uma persegui\u00e7\u00e3o pelas ruas da cidade. O delegado de\u00a0 Homic\u00eddios de Ub\u00e1, Rafael Gomes, ir\u00e1 fornecer mais detalhes da investiga\u00e7\u00e3o aos jornalistas, na tarde desta quinta-feira (17).<\/p>\n","protected":false},"excerpt":{"rendered":"<p>Quatro adultos suspeitos de envolvimento do assassinato do radialista Luiz Manoel de Souza, de 48 anos, ocorrido no dia 7 de dezembro deste ano, em Ub\u00e1, foram presos e um adolescente apreendido pela Pol\u00edcia Civil. Ele foi morto com diversos tiros no distrito de C\u00f3rrego dos Braguinhas, ap\u00f3s sofrer uma persegui\u00e7\u00e3o pelas ruas da cidade. &#8230; <a title=\"Presos cinco suspeitos de morte de radialista em Ub\u00e1\" class=\"read-more\" href=\"https:\/\/anoticiaonline.com.br\/site\/presos-cinco-suspeitos-de-morte-de-radialista-em-uba\/\" aria-label=\"Read more about Presos cinco suspeitos de morte de radialista em Ub\u00e1\">Ler mais<\/a><\/p>\n","protected":false},"author":2,"featured_media":0,"comment_status":"open","ping_status":"open","sticky":false,"template":"","format":"standard","meta":{"_acf_changed":false,"_monsterinsights_skip_tracking":false,"footnotes":""},"categories":[6],"tags":[3],"class_list":["post-8095","post","type-post","status-publish","format-standard","hentry","category-regiao","tag-slide"],"acf":[],"aioseo_notices":[],"aioseo_head":"\n\t\t<!-- All in One SEO 5.0.0.1 - aioseo.com -->\n\t<meta name=\"description\" content=\"Quatro adultos suspeitos de envolvimento do assassinato do radialista Luiz Manoel de Souza, de 48 anos, ocorrido no dia 7 de dezembro deste ano, em Ub\u00e1, foram presos e um adolescente apreendido pela Pol\u00edcia Civil. Ele foi morto com diversos tiros no distrito de C\u00f3rrego dos Braguinhas, ap\u00f3s sofrer uma persegui\u00e7\u00e3o pelas ruas da cidade.\" \/>\n\t<meta name=\"robots\" content=\"max-image-preview:large\" \/>\n\t<meta name=\"author\" content=\"Juliana Laviola\"\/>\n\t<link rel=\"canonical\" href=\"https:\/\/anoticiaonline.com.br\/site\/presos-cinco-suspeitos-de-morte-de-radialista-em-uba\/\" \/>\n\t<meta name=\"generator\" content=\"All in One SEO (AIOSEO) 5.0.0.1\" \/>\n\t\t<meta property=\"og:locale\" content=\"pt_BR\" \/>\n\t\t<meta property=\"og:site_name\" content=\"A Not\u00edcia Online - Noticias de Muria\u00e9 e regi\u00e3o\" \/>\n\t\t<meta property=\"og:type\" content=\"article\" \/>\n\t\t<meta property=\"og:title\" content=\"Presos cinco suspeitos de morte de radialista em Ub\u00e1 - A Not\u00edcia Online\" \/>\n\t\t<meta property=\"og:description\" content=\"Quatro adultos suspeitos de envolvimento do assassinato do radialista Luiz Manoel de Souza, de 48 anos, ocorrido no dia 7 de dezembro deste ano, em Ub\u00e1, foram presos e um adolescente apreendido pela Pol\u00edcia Civil. Ele foi morto com diversos tiros no distrito de C\u00f3rrego dos Braguinhas, ap\u00f3s sofrer uma persegui\u00e7\u00e3o pelas ruas da cidade.\" \/>\n\t\t<meta property=\"og:url\" content=\"https:\/\/anoticiaonline.com.br\/site\/presos-cinco-suspeitos-de-morte-de-radialista-em-uba\/\" \/>\n\t\t<meta property=\"og:image\" content=\"https:\/\/scontent-gig4-1.xx.fbcdn.net\/v\/t39.30808-1\/270437624_4564083193639691_6907940295614233970_n.jpg?stp=dst-jpg_s200x200_tt6&#038;_nc_cat=111&#038;ccb=1-7&#038;_nc_sid=f907e8&#038;_nc_ohc=SM1wRlP3lJwQ7kNvwEPuBYA&#038;_nc_oc=AdnqrjDN_BNjSSHWO-GbkIWH6fkGMLw4bqvL_NH6e2wMveX7G-rP2dAqsDSq1mJMOaY&#038;_nc_zt=24&#038;_nc_ht=scontent-gig4-1.xx&#038;_nc_gid=AoBFJeGrT1hVaew_6rchkQ&#038;oh=00_AfX7QmFGhQhG2jAllVgXCiM1ZrWgvtp80-Bfppyexh1QEg&#038;oe=689E923C\" \/>\n\t\t<meta property=\"og:image:secure_url\" content=\"https:\/\/scontent-gig4-1.xx.fbcdn.net\/v\/t39.30808-1\/270437624_4564083193639691_6907940295614233970_n.jpg?stp=dst-jpg_s200x200_tt6&#038;_nc_cat=111&#038;ccb=1-7&#038;_nc_sid=f907e8&#038;_nc_ohc=SM1wRlP3lJwQ7kNvwEPuBYA&#038;_nc_oc=AdnqrjDN_BNjSSHWO-GbkIWH6fkGMLw4bqvL_NH6e2wMveX7G-rP2dAqsDSq1mJMOaY&#038;_nc_zt=24&#038;_nc_ht=scontent-gig4-1.xx&#038;_nc_gid=AoBFJeGrT1hVaew_6rchkQ&#038;oh=00_AfX7QmFGhQhG2jAllVgXCiM1ZrWgvtp80-Bfppyexh1QEg&#038;oe=689E923C\" \/>\n\t\t<meta property=\"article:published_time\" content=\"2015-12-17T16:17:03+00:00\" \/>\n\t\t<meta property=\"article:modified_time\" content=\"2015-12-17T16:17:03+00:00\" \/>\n\t\t<meta name=\"twitter:card\" content=\"summary_large_image\" \/>\n\t\t<meta name=\"twitter:title\" content=\"Presos cinco suspeitos de morte de radialista em Ub\u00e1 - A Not\u00edcia Online\" \/>\n\t\t<meta name=\"twitter:description\" content=\"Quatro adultos suspeitos de envolvimento do assassinato do radialista Luiz Manoel de Souza, de 48 anos, ocorrido no dia 7 de dezembro deste ano, em Ub\u00e1, foram presos e um adolescente apreendido pela Pol\u00edcia Civil. Ele foi morto com diversos tiros no distrito de C\u00f3rrego dos Braguinhas, ap\u00f3s sofrer uma persegui\u00e7\u00e3o pelas ruas da cidade.\" \/>\n\t\t<meta name=\"twitter:image\" content=\"https:\/\/scontent-gig4-1.xx.fbcdn.net\/v\/t39.30808-1\/270437624_4564083193639691_6907940295614233970_n.jpg?stp=dst-jpg_s200x200_tt6&amp;_nc_cat=111&amp;ccb=1-7&amp;_nc_sid=f907e8&amp;_nc_ohc=SM1wRlP3lJwQ7kNvwEPuBYA&amp;_nc_oc=AdnqrjDN_BNjSSHWO-GbkIWH6fkGMLw4bqvL_NH6e2wMveX7G-rP2dAqsDSq1mJMOaY&amp;_nc_zt=24&amp;_nc_ht=scontent-gig4-1.xx&amp;_nc_gid=AoBFJeGrT1hVaew_6rchkQ&amp;oh=00_AfX7QmFGhQhG2jAllVgXCiM1ZrWgvtp80-Bfppyexh1QEg&amp;oe=689E923C\" \/>\n\t\t<script type=\"application\/ld+json\" class=\"aioseo-schema\">\n\t\t\t{\"@context\":\"https:\\\/\\\/schema.org\",\"@graph\":[{\"@type\":\"BlogPosting\",\"@id\":\"https:\\\/\\\/anoticiaonline.com.br\\\/site\\\/presos-cinco-suspeitos-de-morte-de-radialista-em-uba\\\/#blogposting\",\"name\":\"Presos cinco suspeitos de morte de radialista em Ub\\u00e1 - A Not\\u00edcia Online\",\"headline\":\"Presos cinco suspeitos de morte de radialista em Ub\\u00e1\",\"author\":{\"@id\":\"https:\\\/\\\/anoticiaonline.com.br\\\/site\\\/author\\\/juliana\\\/#author\"},\"publisher\":{\"@id\":\"https:\\\/\\\/anoticiaonline.com.br\\\/site\\\/#organization\"},\"image\":{\"@type\":\"ImageObject\",\"url\":\"http:\\\/\\\/anoticiaonline.com.br\\\/site\\\/wp-content\\\/uploads\\\/2015\\\/12\\\/Radialista-e-promotor-de-eventos-\\u00e9-assassinado-em-Ub\\u00e1-2-300x300.jpg\",\"@id\":\"https:\\\/\\\/anoticiaonline.com.br\\\/site\\\/presos-cinco-suspeitos-de-morte-de-radialista-em-uba\\\/#articleImage\"},\"datePublished\":\"2015-12-17T13:17:03-03:00\",\"dateModified\":\"2015-12-17T13:17:03-03:00\",\"inLanguage\":\"pt-BR\",\"mainEntityOfPage\":{\"@id\":\"https:\\\/\\\/anoticiaonline.com.br\\\/site\\\/presos-cinco-suspeitos-de-morte-de-radialista-em-uba\\\/#webpage\"},\"isPartOf\":{\"@id\":\"https:\\\/\\\/anoticiaonline.com.br\\\/site\\\/presos-cinco-suspeitos-de-morte-de-radialista-em-uba\\\/#webpage\"},\"articleSection\":\"Regi\\u00e3o, slide\"},{\"@type\":\"BreadcrumbList\",\"@id\":\"https:\\\/\\\/anoticiaonline.com.br\\\/site\\\/presos-cinco-suspeitos-de-morte-de-radialista-em-uba\\\/#breadcrumblist\",\"itemListElement\":[{\"@type\":\"ListItem\",\"@id\":\"https:\\\/\\\/anoticiaonline.com.br\\\/site#listItem\",\"position\":1,\"name\":\"Home\",\"item\":\"https:\\\/\\\/anoticiaonline.com.br\\\/site\",\"nextItem\":{\"@type\":\"ListItem\",\"@id\":\"https:\\\/\\\/anoticiaonline.com.br\\\/site\\\/categoria\\\/regiao\\\/#listItem\",\"name\":\"Regi\\u00e3o\"}},{\"@type\":\"ListItem\",\"@id\":\"https:\\\/\\\/anoticiaonline.com.br\\\/site\\\/categoria\\\/regiao\\\/#listItem\",\"position\":2,\"name\":\"Regi\\u00e3o\",\"item\":\"https:\\\/\\\/anoticiaonline.com.br\\\/site\\\/categoria\\\/regiao\\\/\",\"nextItem\":{\"@type\":\"ListItem\",\"@id\":\"https:\\\/\\\/anoticiaonline.com.br\\\/site\\\/presos-cinco-suspeitos-de-morte-de-radialista-em-uba\\\/#listItem\",\"name\":\"Presos cinco suspeitos de morte de radialista em Ub\\u00e1\"},\"previousItem\":{\"@type\":\"ListItem\",\"@id\":\"https:\\\/\\\/anoticiaonline.com.br\\\/site#listItem\",\"name\":\"Home\"}},{\"@type\":\"ListItem\",\"@id\":\"https:\\\/\\\/anoticiaonline.com.br\\\/site\\\/presos-cinco-suspeitos-de-morte-de-radialista-em-uba\\\/#listItem\",\"position\":3,\"name\":\"Presos cinco suspeitos de morte de radialista em Ub\\u00e1\",\"previousItem\":{\"@type\":\"ListItem\",\"@id\":\"https:\\\/\\\/anoticiaonline.com.br\\\/site\\\/categoria\\\/regiao\\\/#listItem\",\"name\":\"Regi\\u00e3o\"}}]},{\"@type\":\"Organization\",\"@id\":\"https:\\\/\\\/anoticiaonline.com.br\\\/site\\\/#organization\",\"name\":\"A Not\\u00edcia Online\",\"description\":\"Noticias de Muria\\u00e9 e regi\\u00e3o\",\"url\":\"https:\\\/\\\/anoticiaonline.com.br\\\/site\\\/\",\"logo\":{\"@type\":\"ImageObject\",\"url\":\"https:\\\/\\\/scontent-gig4-1.xx.fbcdn.net\\\/v\\\/t39.30808-1\\\/270437624_4564083193639691_6907940295614233970_n.jpg?stp=dst-jpg_s200x200_tt6&_nc_cat=111&ccb=1-7&_nc_sid=f907e8&_nc_ohc=SM1wRlP3lJwQ7kNvwEPuBYA&_nc_oc=AdnqrjDN_BNjSSHWO-GbkIWH6fkGMLw4bqvL_NH6e2wMveX7G-rP2dAqsDSq1mJMOaY&_nc_zt=24&_nc_ht=scontent-gig4-1.xx&_nc_gid=AoBFJeGrT1hVaew_6rchkQ&oh=00_AfX7QmFGhQhG2jAllVgXCiM1ZrWgvtp80-Bfppyexh1QEg&oe=689E923C\",\"@id\":\"https:\\\/\\\/anoticiaonline.com.br\\\/site\\\/presos-cinco-suspeitos-de-morte-de-radialista-em-uba\\\/#organizationLogo\"},\"image\":{\"@id\":\"https:\\\/\\\/anoticiaonline.com.br\\\/site\\\/presos-cinco-suspeitos-de-morte-de-radialista-em-uba\\\/#organizationLogo\"}},{\"@type\":\"Person\",\"@id\":\"https:\\\/\\\/anoticiaonline.com.br\\\/site\\\/author\\\/juliana\\\/#author\",\"url\":\"https:\\\/\\\/anoticiaonline.com.br\\\/site\\\/author\\\/juliana\\\/\",\"name\":\"Juliana Laviola\",\"image\":{\"@type\":\"ImageObject\",\"@id\":\"https:\\\/\\\/anoticiaonline.com.br\\\/site\\\/presos-cinco-suspeitos-de-morte-de-radialista-em-uba\\\/#authorImage\",\"url\":\"https:\\\/\\\/secure.gravatar.com\\\/avatar\\\/b8d45f5c699b100dfaf0e543582f38f38bf94cb7ae3a5e9abf8d891a34773335?s=96&d=mm&r=g\",\"width\":96,\"height\":96,\"caption\":\"Juliana Laviola\"}},{\"@type\":\"WebPage\",\"@id\":\"https:\\\/\\\/anoticiaonline.com.br\\\/site\\\/presos-cinco-suspeitos-de-morte-de-radialista-em-uba\\\/#webpage\",\"url\":\"https:\\\/\\\/anoticiaonline.com.br\\\/site\\\/presos-cinco-suspeitos-de-morte-de-radialista-em-uba\\\/\",\"name\":\"Presos cinco suspeitos de morte de radialista em Ub\\u00e1 - A Not\\u00edcia Online\",\"description\":\"Quatro adultos suspeitos de envolvimento do assassinato do radialista Luiz Manoel de Souza, de 48 anos, ocorrido no dia 7 de dezembro deste ano, em Ub\\u00e1, foram presos e um adolescente apreendido pela Pol\\u00edcia Civil. Ele foi morto com diversos tiros no distrito de C\\u00f3rrego dos Braguinhas, ap\\u00f3s sofrer uma persegui\\u00e7\\u00e3o pelas ruas da cidade.\",\"inLanguage\":\"pt-BR\",\"isPartOf\":{\"@id\":\"https:\\\/\\\/anoticiaonline.com.br\\\/site\\\/#website\"},\"breadcrumb\":{\"@id\":\"https:\\\/\\\/anoticiaonline.com.br\\\/site\\\/presos-cinco-suspeitos-de-morte-de-radialista-em-uba\\\/#breadcrumblist\"},\"author\":{\"@id\":\"https:\\\/\\\/anoticiaonline.com.br\\\/site\\\/author\\\/juliana\\\/#author\"},\"creator\":{\"@id\":\"https:\\\/\\\/anoticiaonline.com.br\\\/site\\\/author\\\/juliana\\\/#author\"},\"datePublished\":\"2015-12-17T13:17:03-03:00\",\"dateModified\":\"2015-12-17T13:17:03-03:00\"},{\"@type\":\"WebSite\",\"@id\":\"https:\\\/\\\/anoticiaonline.com.br\\\/site\\\/#website\",\"url\":\"https:\\\/\\\/anoticiaonline.com.br\\\/site\\\/\",\"name\":\"A Not\\u00edcia Online\",\"description\":\"Noticias de Muria\\u00e9 e regi\\u00e3o\",\"inLanguage\":\"pt-BR\",\"publisher\":{\"@id\":\"https:\\\/\\\/anoticiaonline.com.br\\\/site\\\/#organization\"}}]}\n\t\t<\/script>\n\t\t<!-- All in One SEO -->\n\n","aioseo_head_json":{"title":"Presos cinco suspeitos de morte de radialista em Ub\u00e1 - A Not\u00edcia Online","description":"Quatro adultos suspeitos de envolvimento do assassinato do radialista Luiz Manoel de Souza, de 48 anos, ocorrido no dia 7 de dezembro deste ano, em Ub\u00e1, foram presos e um adolescente apreendido pela Pol\u00edcia Civil. Ele foi morto com diversos tiros no distrito de C\u00f3rrego dos Braguinhas, ap\u00f3s sofrer uma persegui\u00e7\u00e3o pelas ruas da cidade.","canonical_url":"https:\/\/anoticiaonline.com.br\/site\/presos-cinco-suspeitos-de-morte-de-radialista-em-uba\/","robots":"max-image-preview:large","keywords":"","webmasterTools":{"miscellaneous":""},"schema":{"@context":"https:\/\/schema.org","@graph":[{"@type":"BlogPosting","@id":"https:\/\/anoticiaonline.com.br\/site\/presos-cinco-suspeitos-de-morte-de-radialista-em-uba\/#blogposting","name":"Presos cinco suspeitos de morte de radialista em Ub\u00e1 - A Not\u00edcia Online","headline":"Presos cinco suspeitos de morte de radialista em Ub\u00e1","author":{"@id":"https:\/\/anoticiaonline.com.br\/site\/author\/juliana\/#author"},"publisher":{"@id":"https:\/\/anoticiaonline.com.br\/site\/#organization"},"image":{"@type":"ImageObject","url":"http:\/\/anoticiaonline.com.br\/site\/wp-content\/uploads\/2015\/12\/Radialista-e-promotor-de-eventos-\u00e9-assassinado-em-Ub\u00e1-2-300x300.jpg","@id":"https:\/\/anoticiaonline.com.br\/site\/presos-cinco-suspeitos-de-morte-de-radialista-em-uba\/#articleImage"},"datePublished":"2015-12-17T13:17:03-03:00","dateModified":"2015-12-17T13:17:03-03:00","inLanguage":"pt-BR","mainEntityOfPage":{"@id":"https:\/\/anoticiaonline.com.br\/site\/presos-cinco-suspeitos-de-morte-de-radialista-em-uba\/#webpage"},"isPartOf":{"@id":"https:\/\/anoticiaonline.com.br\/site\/presos-cinco-suspeitos-de-morte-de-radialista-em-uba\/#webpage"},"articleSection":"Regi\u00e3o, slide"},{"@type":"BreadcrumbList","@id":"https:\/\/anoticiaonline.com.br\/site\/presos-cinco-suspeitos-de-morte-de-radialista-em-uba\/#breadcrumblist","itemListElement":[{"@type":"ListItem","@id":"https:\/\/anoticiaonline.com.br\/site#listItem","position":1,"name":"Home","item":"https:\/\/anoticiaonline.com.br\/site","nextItem":{"@type":"ListItem","@id":"https:\/\/anoticiaonline.com.br\/site\/categoria\/regiao\/#listItem","name":"Regi\u00e3o"}},{"@type":"ListItem","@id":"https:\/\/anoticiaonline.com.br\/site\/categoria\/regiao\/#listItem","position":2,"name":"Regi\u00e3o","item":"https:\/\/anoticiaonline.com.br\/site\/categoria\/regiao\/","nextItem":{"@type":"ListItem","@id":"https:\/\/anoticiaonline.com.br\/site\/presos-cinco-suspeitos-de-morte-de-radialista-em-uba\/#listItem","name":"Presos cinco suspeitos de morte de radialista em Ub\u00e1"},"previousItem":{"@type":"ListItem","@id":"https:\/\/anoticiaonline.com.br\/site#listItem","name":"Home"}},{"@type":"ListItem","@id":"https:\/\/anoticiaonline.com.br\/site\/presos-cinco-suspeitos-de-morte-de-radialista-em-uba\/#listItem","position":3,"name":"Presos cinco suspeitos de morte de radialista em Ub\u00e1","previousItem":{"@type":"ListItem","@id":"https:\/\/anoticiaonline.com.br\/site\/categoria\/regiao\/#listItem","name":"Regi\u00e3o"}}]},{"@type":"Organization","@id":"https:\/\/anoticiaonline.com.br\/site\/#organization","name":"A Not\u00edcia Online","description":"Noticias de Muria\u00e9 e regi\u00e3o","url":"https:\/\/anoticiaonline.com.br\/site\/","logo":{"@type":"ImageObject","url":"https:\/\/scontent-gig4-1.xx.fbcdn.net\/v\/t39.30808-1\/270437624_4564083193639691_6907940295614233970_n.jpg?stp=dst-jpg_s200x200_tt6&_nc_cat=111&ccb=1-7&_nc_sid=f907e8&_nc_ohc=SM1wRlP3lJwQ7kNvwEPuBYA&_nc_oc=AdnqrjDN_BNjSSHWO-GbkIWH6fkGMLw4bqvL_NH6e2wMveX7G-rP2dAqsDSq1mJMOaY&_nc_zt=24&_nc_ht=scontent-gig4-1.xx&_nc_gid=AoBFJeGrT1hVaew_6rchkQ&oh=00_AfX7QmFGhQhG2jAllVgXCiM1ZrWgvtp80-Bfppyexh1QEg&oe=689E923C","@id":"https:\/\/anoticiaonline.com.br\/site\/presos-cinco-suspeitos-de-morte-de-radialista-em-uba\/#organizationLogo"},"image":{"@id":"https:\/\/anoticiaonline.com.br\/site\/presos-cinco-suspeitos-de-morte-de-radialista-em-uba\/#organizationLogo"}},{"@type":"Person","@id":"https:\/\/anoticiaonline.com.br\/site\/author\/juliana\/#author","url":"https:\/\/anoticiaonline.com.br\/site\/author\/juliana\/","name":"Juliana Laviola","image":{"@type":"ImageObject","@id":"https:\/\/anoticiaonline.com.br\/site\/presos-cinco-suspeitos-de-morte-de-radialista-em-uba\/#authorImage","url":"https:\/\/secure.gravatar.com\/avatar\/b8d45f5c699b100dfaf0e543582f38f38bf94cb7ae3a5e9abf8d891a34773335?s=96&d=mm&r=g","width":96,"height":96,"caption":"Juliana Laviola"}},{"@type":"WebPage","@id":"https:\/\/anoticiaonline.com.br\/site\/presos-cinco-suspeitos-de-morte-de-radialista-em-uba\/#webpage","url":"https:\/\/anoticiaonline.com.br\/site\/presos-cinco-suspeitos-de-morte-de-radialista-em-uba\/","name":"Presos cinco suspeitos de morte de radialista em Ub\u00e1 - A Not\u00edcia Online","description":"Quatro adultos suspeitos de envolvimento do assassinato do radialista Luiz Manoel de Souza, de 48 anos, ocorrido no dia 7 de dezembro deste ano, em Ub\u00e1, foram presos e um adolescente apreendido pela Pol\u00edcia Civil. Ele foi morto com diversos tiros no distrito de C\u00f3rrego dos Braguinhas, ap\u00f3s sofrer uma persegui\u00e7\u00e3o pelas ruas da cidade.","inLanguage":"pt-BR","isPartOf":{"@id":"https:\/\/anoticiaonline.com.br\/site\/#website"},"breadcrumb":{"@id":"https:\/\/anoticiaonline.com.br\/site\/presos-cinco-suspeitos-de-morte-de-radialista-em-uba\/#breadcrumblist"},"author":{"@id":"https:\/\/anoticiaonline.com.br\/site\/author\/juliana\/#author"},"creator":{"@id":"https:\/\/anoticiaonline.com.br\/site\/author\/juliana\/#author"},"datePublished":"2015-12-17T13:17:03-03:00","dateModified":"2015-12-17T13:17:03-03:00"},{"@type":"WebSite","@id":"https:\/\/anoticiaonline.com.br\/site\/#website","url":"https:\/\/anoticiaonline.com.br\/site\/","name":"A Not\u00edcia Online","description":"Noticias de Muria\u00e9 e regi\u00e3o","inLanguage":"pt-BR","publisher":{"@id":"https:\/\/anoticiaonline.com.br\/site\/#organization"}}]},"og:locale":"pt_BR","og:site_name":"A Not\u00edcia Online - Noticias de Muria\u00e9 e regi\u00e3o","og:type":"article","og:title":"Presos cinco suspeitos de morte de radialista em Ub\u00e1 - A Not\u00edcia Online","og:description":"Quatro adultos suspeitos de envolvimento do assassinato do radialista Luiz Manoel de Souza, de 48 anos, ocorrido no dia 7 de dezembro deste ano, em Ub\u00e1, foram presos e um adolescente apreendido pela Pol\u00edcia Civil. Ele foi morto com diversos tiros no distrito de C\u00f3rrego dos Braguinhas, ap\u00f3s sofrer uma persegui\u00e7\u00e3o pelas ruas da cidade.","og:url":"https:\/\/anoticiaonline.com.br\/site\/presos-cinco-suspeitos-de-morte-de-radialista-em-uba\/","og:image":"https:\/\/scontent-gig4-1.xx.fbcdn.net\/v\/t39.30808-1\/270437624_4564083193639691_6907940295614233970_n.jpg?stp=dst-jpg_s200x200_tt6&#038;_nc_cat=111&#038;ccb=1-7&#038;_nc_sid=f907e8&#038;_nc_ohc=SM1wRlP3lJwQ7kNvwEPuBYA&#038;_nc_oc=AdnqrjDN_BNjSSHWO-GbkIWH6fkGMLw4bqvL_NH6e2wMveX7G-rP2dAqsDSq1mJMOaY&#038;_nc_zt=24&#038;_nc_ht=scontent-gig4-1.xx&#038;_nc_gid=AoBFJeGrT1hVaew_6rchkQ&#038;oh=00_AfX7QmFGhQhG2jAllVgXCiM1ZrWgvtp80-Bfppyexh1QEg&#038;oe=689E923C","og:image:secure_url":"https:\/\/scontent-gig4-1.xx.fbcdn.net\/v\/t39.30808-1\/270437624_4564083193639691_6907940295614233970_n.jpg?stp=dst-jpg_s200x200_tt6&#038;_nc_cat=111&#038;ccb=1-7&#038;_nc_sid=f907e8&#038;_nc_ohc=SM1wRlP3lJwQ7kNvwEPuBYA&#038;_nc_oc=AdnqrjDN_BNjSSHWO-GbkIWH6fkGMLw4bqvL_NH6e2wMveX7G-rP2dAqsDSq1mJMOaY&#038;_nc_zt=24&#038;_nc_ht=scontent-gig4-1.xx&#038;_nc_gid=AoBFJeGrT1hVaew_6rchkQ&#038;oh=00_AfX7QmFGhQhG2jAllVgXCiM1ZrWgvtp80-Bfppyexh1QEg&#038;oe=689E923C","article:published_time":"2015-12-17T16:17:03+00:00","article:modified_time":"2015-12-17T16:17:03+00:00","twitter:card":"summary_large_image","twitter:title":"Presos cinco suspeitos de morte de radialista em Ub\u00e1 - A Not\u00edcia Online","twitter:description":"Quatro adultos suspeitos de envolvimento do assassinato do radialista Luiz Manoel de Souza, de 48 anos, ocorrido no dia 7 de dezembro deste ano, em Ub\u00e1, foram presos e um adolescente apreendido pela Pol\u00edcia Civil. Ele foi morto com diversos tiros no distrito de C\u00f3rrego dos Braguinhas, ap\u00f3s sofrer uma persegui\u00e7\u00e3o pelas ruas da cidade.","twitter:image":"https:\/\/scontent-gig4-1.xx.fbcdn.net\/v\/t39.30808-1\/270437624_4564083193639691_6907940295614233970_n.jpg?stp=dst-jpg_s200x200_tt6&_nc_cat=111&ccb=1-7&_nc_sid=f907e8&_nc_ohc=SM1wRlP3lJwQ7kNvwEPuBYA&_nc_oc=AdnqrjDN_BNjSSHWO-GbkIWH6fkGMLw4bqvL_NH6e2wMveX7G-rP2dAqsDSq1mJMOaY&_nc_zt=24&_nc_ht=scontent-gig4-1.xx&_nc_gid=AoBFJeGrT1hVaew_6rchkQ&oh=00_AfX7QmFGhQhG2jAllVgXCiM1ZrWgvtp80-Bfppyexh1QEg&oe=689E923C"},"aioseo_meta_data":{"post_id":"8095","title":null,"description":null,"keywords":null,"keyphrases":null,"primary_term":null,"canonical_url":null,"og_title":null,"og_description":null,"og_object_type":"default","og_image_type":"default","og_image_url":null,"og_image_width":null,"og_image_height":null,"og_image_custom_url":null,"og_image_custom_fields":null,"og_video":null,"og_custom_url":null,"og_article_section":null,"og_article_tags":null,"twitter_use_og":false,"twitter_card":"default","twitter_image_type":"default","twitter_image_url":null,"twitter_image_custom_url":null,"twitter_image_custom_fields":null,"twitter_title":null,"twitter_description":null,"schema":{"blockGraphs":[],"customGraphs":[],"default":{"data":{"Article":[],"Course":[],"Dataset":[],"FAQPage":[],"Movie":[],"Person":[],"Product":[],"ProductReview":[],"Car":[],"Recipe":[],"Service":[],"SoftwareApplication":[],"WebPage":[]},"graphName":"","isEnabled":true},"graphs":[]},"schema_type":"default","schema_type_options":null,"pillar_content":false,"robots_default":true,"robots_noindex":false,"robots_noarchive":false,"robots_nosnippet":false,"robots_nofollow":false,"robots_noimageindex":false,"robots_noodp":false,"robots_notranslate":false,"robots_max_snippet":null,"robots_max_videopreview":null,"robots_max_imagepreview":"large","priority":null,"frequency":null,"local_seo":null,"breadcrumb_settings":null,"limit_modified_date":false,"ai":null,"created":"2025-08-16 14:33:35","updated":"2025-08-16 14:33:35","focus_keyword":null,"additional_keywords":null,"truseo_locale":null,"seo_analyzer_scan_date":null},"aioseo_breadcrumb":"<div class=\"aioseo-breadcrumbs\"><span class=\"aioseo-breadcrumb\">\n\t\t\t<a href=\"https:\/\/anoticiaonline.com.br\/site\" title=\"Home\">Home<\/a>\n\t\t<\/span><span class=\"aioseo-breadcrumb-separator\">&raquo;<\/span><span class=\"aioseo-breadcrumb\">\n\t\t\t<a href=\"https:\/\/anoticiaonline.com.br\/site\/categoria\/regiao\/\" title=\"Regi\u00e3o\">Regi\u00e3o<\/a>\n\t\t<\/span><span class=\"aioseo-breadcrumb-separator\">&raquo;<\/span><span class=\"aioseo-breadcrumb\">\n\t\t\tPresos cinco suspeitos de morte de radialista em Ub\u00e1\n\t\t<\/span><\/div>","aioseo_breadcrumb_json":[{"label":"Home","link":"https:\/\/anoticiaonline.com.br\/site"},{"label":"Regi\u00e3o","link":"https:\/\/anoticiaonline.com.br\/site\/categoria\/regiao\/"},{"label":"Presos cinco suspeitos de morte de radialista em Ub\u00e1","link":"https:\/\/anoticiaonline.com.br\/site\/presos-cinco-suspeitos-de-morte-de-radialista-em-uba\/"}],"views":165,"_links":{"self":[{"href":"https:\/\/anoticiaonline.com.br\/site\/wp-json\/wp\/v2\/posts\/8095","targetHints":{"allow":["GET"]}}],"collection":[{"href":"https:\/\/anoticiaonline.com.br\/site\/wp-json\/wp\/v2\/posts"}],"about":[{"href":"https:\/\/anoticiaonline.com.br\/site\/wp-json\/wp\/v2\/types\/post"}],"author":[{"embeddable":true,"href":"https:\/\/anoticiaonline.com.br\/site\/wp-json\/wp\/v2\/users\/2"}],"replies":[{"embeddable":true,"href":"https:\/\/anoticiaonline.com.br\/site\/wp-json\/wp\/v2\/comments?post=8095"}],"version-history":[{"count":0,"href":"https:\/\/anoticiaonline.com.br\/site\/wp-json\/wp\/v2\/posts\/8095\/revisions"}],"wp:attachment":[{"href":"https:\/\/anoticiaonline.com.br\/site\/wp-json\/wp\/v2\/media?parent=8095"}],"wp:term":[{"taxonomy":"category","embeddable":true,"href":"https:\/\/anoticiaonline.com.br\/site\/wp-json\/wp\/v2\/categories?post=8095"},{"taxonomy":"post_tag","embeddable":true,"href":"https:\/\/anoticiaonline.com.br\/site\/wp-json\/wp\/v2\/tags?post=8095"}],"curies":[{"name":"wp","href":"https:\/\/api.w.org\/{rel}","templated":true}]}}