{"id":80887,"date":"2020-07-06T14:29:59","date_gmt":"2020-07-06T17:29:59","guid":{"rendered":"http:\/\/anoticiaonline.com.br\/site\/?p=80887"},"modified":"2020-07-12T19:47:10","modified_gmt":"2020-07-12T22:47:10","slug":"prefeito-de-muriae-anunciara-flexibilizacao-do-comercio-em-live-as-19h","status":"publish","type":"post","link":"https:\/\/anoticiaonline.com.br\/site\/prefeito-de-muriae-anunciara-flexibilizacao-do-comercio-em-live-as-19h\/","title":{"rendered":"Prefeito de Muria\u00e9 anunciar\u00e1 flexibiliza\u00e7\u00e3o do com\u00e9rcio em\u00a0live\u00a0\u00e0s 19h"},"content":{"rendered":"<h2><em><strong>Reuni\u00e3o do Comit\u00ea Gestor aconteceu por videoconfer\u00eancia, j\u00e1 que tr\u00eas integrantes est\u00e3o com suspeita de covid<\/strong><\/em><\/h2>\n<p><a href=\"https:\/\/anoticiaonline.com.br\/site\/wp-content\/uploads\/2020\/07\/25794fba-64f1-40e6-a3cc-085028e1cf0b.jpg\"><img fetchpriority=\"high\" decoding=\"async\" class=\"aligncenter size-full wp-image-80888\" src=\"https:\/\/anoticiaonline.com.br\/site\/wp-content\/uploads\/2020\/07\/25794fba-64f1-40e6-a3cc-085028e1cf0b.jpg\" alt=\"\" width=\"800\" height=\"800\" srcset=\"https:\/\/anoticiaonline.com.br\/site\/wp-content\/uploads\/2020\/07\/25794fba-64f1-40e6-a3cc-085028e1cf0b.jpg 800w, https:\/\/anoticiaonline.com.br\/site\/wp-content\/uploads\/2020\/07\/25794fba-64f1-40e6-a3cc-085028e1cf0b-150x150.jpg 150w, https:\/\/anoticiaonline.com.br\/site\/wp-content\/uploads\/2020\/07\/25794fba-64f1-40e6-a3cc-085028e1cf0b-300x300.jpg 300w, https:\/\/anoticiaonline.com.br\/site\/wp-content\/uploads\/2020\/07\/25794fba-64f1-40e6-a3cc-085028e1cf0b-768x768.jpg 768w\" sizes=\"(max-width: 800px) 100vw, 800px\" \/><\/a><br \/>\nO prefeito de Muria\u00e9, Grego, far\u00e1 transmiss\u00e3o ao vivo nesta segunda-feira (6), \u00e0s 19h, para falar como ser\u00e1 feita a flexibiliza\u00e7\u00e3o do com\u00e9rcio, que acontecer\u00e1 de forma gradual. A\u00a0live\u00a0ser\u00e1 transmitida pela p\u00e1gina do prefeito no Facebook @GregoMuriae.<\/p>\n<p><!--more-->A reuni\u00e3o do Comit\u00ea Gestor, que geralmente acontece na Unica, foi realizada por videoconfer\u00eancia, j\u00e1 que tr\u00eas integrantes est\u00e3o em quarentena por suspeita de covid, felizmente assintom\u00e1ticos.<\/p>\n<p>Al\u00e9m do prefeito Grego, participaram da videoconfer\u00eancia os secret\u00e1rios municipais Paulo C\u00e9sar de Oliveira (Sa\u00fade), S\u00edlvio Salvato (Planejamento e Controle e Fazenda) e S\u00e9rgio Duarte (Administra\u00e7\u00e3o); secret\u00e1rio Adjunto de Sa\u00fade, Wescley Souza; procurador geral do Munic\u00edpio, Luciano Bandeira; assessora t\u00e9cnica da Secretaria de Desenvolvimento Social, Giselle Braga; m\u00e9dico infectologista da Epidemiologia, Daniel Licy; vereador Doutor Jos\u00e9 Carlos; comandante do 47\u00b0 Batalh\u00e3o da Pol\u00edcia Militar, tenente-coronel M\u00e1rcio; e o promotor F\u00e1bio Lauriano.<\/p>\n","protected":false},"excerpt":{"rendered":"<p>Reuni\u00e3o do Comit\u00ea Gestor aconteceu por videoconfer\u00eancia, j\u00e1 que tr\u00eas integrantes est\u00e3o com suspeita de covid O prefeito de Muria\u00e9, Grego, far\u00e1 transmiss\u00e3o ao vivo nesta segunda-feira (6), \u00e0s 19h, para falar como ser\u00e1 feita a flexibiliza\u00e7\u00e3o do com\u00e9rcio, que acontecer\u00e1 de forma gradual. A\u00a0live\u00a0ser\u00e1 transmitida pela p\u00e1gina do prefeito no Facebook @GregoMuriae.<\/p>\n","protected":false},"author":2,"featured_media":80888,"comment_status":"open","ping_status":"open","sticky":false,"template":"","format":"standard","meta":{"_acf_changed":false,"_monsterinsights_skip_tracking":false,"_monsterinsights_sitenote_active":false,"_monsterinsights_sitenote_note":"","_monsterinsights_sitenote_category":0,"footnotes":""},"categories":[1],"tags":[],"class_list":["post-80887","post","type-post","status-publish","format-standard","has-post-thumbnail","hentry","category-gerais"],"acf":[],"aioseo_notices":[],"views":138,"_links":{"self":[{"href":"https:\/\/anoticiaonline.com.br\/site\/wp-json\/wp\/v2\/posts\/80887","targetHints":{"allow":["GET"]}}],"collection":[{"href":"https:\/\/anoticiaonline.com.br\/site\/wp-json\/wp\/v2\/posts"}],"about":[{"href":"https:\/\/anoticiaonline.com.br\/site\/wp-json\/wp\/v2\/types\/post"}],"author":[{"embeddable":true,"href":"https:\/\/anoticiaonline.com.br\/site\/wp-json\/wp\/v2\/users\/2"}],"replies":[{"embeddable":true,"href":"https:\/\/anoticiaonline.com.br\/site\/wp-json\/wp\/v2\/comments?post=80887"}],"version-history":[{"count":0,"href":"https:\/\/anoticiaonline.com.br\/site\/wp-json\/wp\/v2\/posts\/80887\/revisions"}],"wp:featuredmedia":[{"embeddable":true,"href":"https:\/\/anoticiaonline.com.br\/site\/wp-json\/wp\/v2\/media\/80888"}],"wp:attachment":[{"href":"https:\/\/anoticiaonline.com.br\/site\/wp-json\/wp\/v2\/media?parent=80887"}],"wp:term":[{"taxonomy":"category","embeddable":true,"href":"https:\/\/anoticiaonline.com.br\/site\/wp-json\/wp\/v2\/categories?post=80887"},{"taxonomy":"post_tag","embeddable":true,"href":"https:\/\/anoticiaonline.com.br\/site\/wp-json\/wp\/v2\/tags?post=80887"}],"curies":[{"name":"wp","href":"https:\/\/api.w.org\/{rel}","templated":true}]}}