{"id":8079,"date":"2015-12-17T10:00:16","date_gmt":"2015-12-17T13:00:16","guid":{"rendered":"http:\/\/anoticiaonline.com.br\/site\/?p=8079"},"modified":"2015-12-17T14:35:01","modified_gmt":"2015-12-17T17:35:01","slug":"espetaculo-de-danca-leva-o-publico-ao-embalo-dos-musicais","status":"publish","type":"post","link":"https:\/\/anoticiaonline.com.br\/site\/espetaculo-de-danca-leva-o-publico-ao-embalo-dos-musicais\/","title":{"rendered":"Espet\u00e1culo de dan\u00e7a leva o p\u00fablico ao embalo dos musicais"},"content":{"rendered":"<p><a href=\"https:\/\/anoticiaonline.com.br\/site\/wp-content\/uploads\/2015\/12\/DSCN4339.jpg\"><img fetchpriority=\"high\" decoding=\"async\" class=\" size-medium wp-image-8080 alignleft\" src=\"https:\/\/anoticiaonline.com.br\/site\/wp-content\/uploads\/2015\/12\/DSCN4339-300x225.jpg\" alt=\"DSCN4339\" width=\"300\" height=\"225\" \/><\/a>Completando dez anos de atividades, a Escola Municipal de Dan\u00e7a Jorge Rodrigues Barroca apresentou um tributo aos musicais cl\u00e1ssicos e seus protagonistas. Foram 18 coreografias embaladas por can\u00e7\u00f5es que povoam o imagin\u00e1rio das mais diversas gera\u00e7\u00f5es. Da magia da Disney aos grandes sucessos da Broadway, o palco do Colina Country Club foi o lugar onde os sonhos se tornaram realidade para 140 bailarinos aprendizes, encantando o p\u00fablico numa celebra\u00e7\u00e3o \u00e0 dan\u00e7a, \u00e0 m\u00fasica, \u00e0 fantasia e \u00e0 imagina\u00e7\u00e3o.<\/p>\n<figure id=\"attachment_8129\" aria-describedby=\"caption-attachment-8129\" style=\"width: 290px\" class=\"wp-caption alignleft\"><a href=\"https:\/\/anoticiaonline.com.br\/site\/wp-content\/uploads\/2015\/12\/12356884_716531958476819_2767198653658501372_o.jpg\"><img decoding=\"async\" class=\"size-medium wp-image-8129\" src=\"https:\/\/anoticiaonline.com.br\/site\/wp-content\/uploads\/2015\/12\/12356884_716531958476819_2767198653658501372_o-300x200.jpg\" alt=\"Wallyson Malaquias, ex-aluno da Escola Municipal de Dan\u00e7a Jorge Rodrigues Barroca. Atualmente, \u00e9 integrante do Grupo Experimental de Dan\u00e7a (GED) da ONG Corpo Cidad\u00e3o, do renomado Grupo Corpo de Dan\u00e7a, de BH\" width=\"300\" height=\"200\" \/><\/a><figcaption id=\"caption-attachment-8129\" class=\"wp-caption-text\">Wallyson Malaquias, ex-aluno da Escola Municipal de Dan\u00e7a Jorge Rodrigues Barroca. Atualmente, \u00e9 integrante do Grupo Experimental de Dan\u00e7a (GED) da ONG Corpo Cidad\u00e3o, do renomado Grupo Corpo de Dan\u00e7a, de BH<\/figcaption><\/figure>\n<p>A abertura do espet\u00e1culo, que aconteceu na noite de ter\u00e7a-feira (15), foi feita pelo muriaeense Wallyson Malaquias, que \u00e9 ex-aluno da Escola Municipal de Dan\u00e7a Jorge Rodrigues Barroca. Atualmente, \u00e9 integrante do Grupo Experimental de Dan\u00e7a (GED) da ONG Corpo Cidad\u00e3o, do renomado Grupo Corpo de Dan\u00e7a, de Belo Horizonte, do Grupo de Forma\u00e7\u00e3o C\u00edrculo da Dan\u00e7a e do Studio de Dan\u00e7a It.<\/p>\n<p>O prefeito Aloysio Aquino e a diretora geral da Fundarte, Gilca Napier, assistiram ao espet\u00e1culo. Eles disseram estar encantados com a performance dos alunos bailarinos.<\/p>\n<p><img decoding=\"async\" class=\"ngg_displayed_gallery mceItem\" src=\"https:\/\/anoticiaonline.com.br\/site\/nextgen-attach_to_post\/preview\/id--8093\" alt=\"\" \/><\/p>\n","protected":false},"excerpt":{"rendered":"<p>Completando dez anos de atividades, a Escola Municipal de Dan\u00e7a Jorge Rodrigues Barroca apresentou um tributo aos musicais cl\u00e1ssicos e seus protagonistas. Foram 18 coreografias embaladas por can\u00e7\u00f5es que povoam o imagin\u00e1rio das mais diversas gera\u00e7\u00f5es. Da magia da Disney aos grandes sucessos da Broadway, o palco do Colina Country Club foi o lugar onde &#8230; <a title=\"Espet\u00e1culo de dan\u00e7a leva o p\u00fablico ao embalo dos musicais\" class=\"read-more\" href=\"https:\/\/anoticiaonline.com.br\/site\/espetaculo-de-danca-leva-o-publico-ao-embalo-dos-musicais\/\" aria-label=\"Read more about Espet\u00e1culo de dan\u00e7a leva o p\u00fablico ao embalo dos musicais\">Ler mais<\/a><\/p>\n","protected":false},"author":2,"featured_media":0,"comment_status":"open","ping_status":"open","sticky":false,"template":"","format":"standard","meta":{"_acf_changed":false,"_monsterinsights_skip_tracking":false,"footnotes":""},"categories":[19],"tags":[3],"class_list":["post-8079","post","type-post","status-publish","format-standard","hentry","category-cultura","tag-slide"],"acf":[],"aioseo_notices":[],"aioseo_head":"\n\t\t<!-- All in One SEO 5.0.0.1 - aioseo.com -->\n\t<meta name=\"description\" content=\"Completando dez anos de atividades, a Escola Municipal de Dan\u00e7a Jorge Rodrigues Barroca apresentou um tributo aos musicais cl\u00e1ssicos e seus protagonistas. Foram 18 coreografias embaladas por can\u00e7\u00f5es que povoam o imagin\u00e1rio das mais diversas gera\u00e7\u00f5es. Da magia da Disney aos grandes sucessos da Broadway, o palco do Colina Country Club foi o lugar onde\" \/>\n\t<meta name=\"robots\" content=\"max-image-preview:large\" \/>\n\t<meta name=\"author\" content=\"Juliana Laviola\"\/>\n\t<link rel=\"canonical\" href=\"https:\/\/anoticiaonline.com.br\/site\/espetaculo-de-danca-leva-o-publico-ao-embalo-dos-musicais\/\" \/>\n\t<meta name=\"generator\" content=\"All in One SEO (AIOSEO) 5.0.0.1\" \/>\n\t\t<meta property=\"og:locale\" content=\"pt_BR\" \/>\n\t\t<meta property=\"og:site_name\" content=\"A Not\u00edcia Online - Noticias de Muria\u00e9 e regi\u00e3o\" \/>\n\t\t<meta property=\"og:type\" content=\"article\" \/>\n\t\t<meta property=\"og:title\" content=\"Espet\u00e1culo de dan\u00e7a leva o p\u00fablico ao embalo dos musicais - A Not\u00edcia Online\" \/>\n\t\t<meta property=\"og:description\" content=\"Completando dez anos de atividades, a Escola Municipal de Dan\u00e7a Jorge Rodrigues Barroca apresentou um tributo aos musicais cl\u00e1ssicos e seus protagonistas. Foram 18 coreografias embaladas por can\u00e7\u00f5es que povoam o imagin\u00e1rio das mais diversas gera\u00e7\u00f5es. Da magia da Disney aos grandes sucessos da Broadway, o palco do Colina Country Club foi o lugar onde\" \/>\n\t\t<meta property=\"og:url\" content=\"https:\/\/anoticiaonline.com.br\/site\/espetaculo-de-danca-leva-o-publico-ao-embalo-dos-musicais\/\" \/>\n\t\t<meta property=\"og:image\" content=\"https:\/\/scontent-gig4-1.xx.fbcdn.net\/v\/t39.30808-1\/270437624_4564083193639691_6907940295614233970_n.jpg?stp=dst-jpg_s200x200_tt6&#038;_nc_cat=111&#038;ccb=1-7&#038;_nc_sid=f907e8&#038;_nc_ohc=SM1wRlP3lJwQ7kNvwEPuBYA&#038;_nc_oc=AdnqrjDN_BNjSSHWO-GbkIWH6fkGMLw4bqvL_NH6e2wMveX7G-rP2dAqsDSq1mJMOaY&#038;_nc_zt=24&#038;_nc_ht=scontent-gig4-1.xx&#038;_nc_gid=AoBFJeGrT1hVaew_6rchkQ&#038;oh=00_AfX7QmFGhQhG2jAllVgXCiM1ZrWgvtp80-Bfppyexh1QEg&#038;oe=689E923C\" \/>\n\t\t<meta property=\"og:image:secure_url\" content=\"https:\/\/scontent-gig4-1.xx.fbcdn.net\/v\/t39.30808-1\/270437624_4564083193639691_6907940295614233970_n.jpg?stp=dst-jpg_s200x200_tt6&#038;_nc_cat=111&#038;ccb=1-7&#038;_nc_sid=f907e8&#038;_nc_ohc=SM1wRlP3lJwQ7kNvwEPuBYA&#038;_nc_oc=AdnqrjDN_BNjSSHWO-GbkIWH6fkGMLw4bqvL_NH6e2wMveX7G-rP2dAqsDSq1mJMOaY&#038;_nc_zt=24&#038;_nc_ht=scontent-gig4-1.xx&#038;_nc_gid=AoBFJeGrT1hVaew_6rchkQ&#038;oh=00_AfX7QmFGhQhG2jAllVgXCiM1ZrWgvtp80-Bfppyexh1QEg&#038;oe=689E923C\" \/>\n\t\t<meta property=\"article:published_time\" content=\"2015-12-17T13:00:16+00:00\" \/>\n\t\t<meta property=\"article:modified_time\" content=\"2015-12-17T17:35:01+00:00\" \/>\n\t\t<meta name=\"twitter:card\" content=\"summary_large_image\" \/>\n\t\t<meta name=\"twitter:title\" content=\"Espet\u00e1culo de dan\u00e7a leva o p\u00fablico ao embalo dos musicais - A Not\u00edcia Online\" \/>\n\t\t<meta name=\"twitter:description\" content=\"Completando dez anos de atividades, a Escola Municipal de Dan\u00e7a Jorge Rodrigues Barroca apresentou um tributo aos musicais cl\u00e1ssicos e seus protagonistas. Foram 18 coreografias embaladas por can\u00e7\u00f5es que povoam o imagin\u00e1rio das mais diversas gera\u00e7\u00f5es. Da magia da Disney aos grandes sucessos da Broadway, o palco do Colina Country Club foi o lugar onde\" \/>\n\t\t<meta name=\"twitter:image\" content=\"https:\/\/scontent-gig4-1.xx.fbcdn.net\/v\/t39.30808-1\/270437624_4564083193639691_6907940295614233970_n.jpg?stp=dst-jpg_s200x200_tt6&amp;_nc_cat=111&amp;ccb=1-7&amp;_nc_sid=f907e8&amp;_nc_ohc=SM1wRlP3lJwQ7kNvwEPuBYA&amp;_nc_oc=AdnqrjDN_BNjSSHWO-GbkIWH6fkGMLw4bqvL_NH6e2wMveX7G-rP2dAqsDSq1mJMOaY&amp;_nc_zt=24&amp;_nc_ht=scontent-gig4-1.xx&amp;_nc_gid=AoBFJeGrT1hVaew_6rchkQ&amp;oh=00_AfX7QmFGhQhG2jAllVgXCiM1ZrWgvtp80-Bfppyexh1QEg&amp;oe=689E923C\" \/>\n\t\t<script type=\"application\/ld+json\" class=\"aioseo-schema\">\n\t\t\t{\"@context\":\"https:\\\/\\\/schema.org\",\"@graph\":[{\"@type\":\"BlogPosting\",\"@id\":\"https:\\\/\\\/anoticiaonline.com.br\\\/site\\\/espetaculo-de-danca-leva-o-publico-ao-embalo-dos-musicais\\\/#blogposting\",\"name\":\"Espet\\u00e1culo de dan\\u00e7a leva o p\\u00fablico ao embalo dos musicais - A Not\\u00edcia Online\",\"headline\":\"Espet\\u00e1culo de dan\\u00e7a leva o p\\u00fablico ao embalo dos musicais\",\"author\":{\"@id\":\"https:\\\/\\\/anoticiaonline.com.br\\\/site\\\/author\\\/juliana\\\/#author\"},\"publisher\":{\"@id\":\"https:\\\/\\\/anoticiaonline.com.br\\\/site\\\/#organization\"},\"image\":{\"@type\":\"ImageObject\",\"url\":\"http:\\\/\\\/anoticiaonline.com.br\\\/site\\\/wp-content\\\/uploads\\\/2015\\\/12\\\/DSCN4339-300x225.jpg\",\"@id\":\"https:\\\/\\\/anoticiaonline.com.br\\\/site\\\/espetaculo-de-danca-leva-o-publico-ao-embalo-dos-musicais\\\/#articleImage\"},\"datePublished\":\"2015-12-17T10:00:16-03:00\",\"dateModified\":\"2015-12-17T14:35:01-03:00\",\"inLanguage\":\"pt-BR\",\"mainEntityOfPage\":{\"@id\":\"https:\\\/\\\/anoticiaonline.com.br\\\/site\\\/espetaculo-de-danca-leva-o-publico-ao-embalo-dos-musicais\\\/#webpage\"},\"isPartOf\":{\"@id\":\"https:\\\/\\\/anoticiaonline.com.br\\\/site\\\/espetaculo-de-danca-leva-o-publico-ao-embalo-dos-musicais\\\/#webpage\"},\"articleSection\":\"Cultura, slide\"},{\"@type\":\"BreadcrumbList\",\"@id\":\"https:\\\/\\\/anoticiaonline.com.br\\\/site\\\/espetaculo-de-danca-leva-o-publico-ao-embalo-dos-musicais\\\/#breadcrumblist\",\"itemListElement\":[{\"@type\":\"ListItem\",\"@id\":\"https:\\\/\\\/anoticiaonline.com.br\\\/site#listItem\",\"position\":1,\"name\":\"Home\",\"item\":\"https:\\\/\\\/anoticiaonline.com.br\\\/site\",\"nextItem\":{\"@type\":\"ListItem\",\"@id\":\"https:\\\/\\\/anoticiaonline.com.br\\\/site\\\/categoria\\\/muriae\\\/#listItem\",\"name\":\"Blog\"}},{\"@type\":\"ListItem\",\"@id\":\"https:\\\/\\\/anoticiaonline.com.br\\\/site\\\/categoria\\\/muriae\\\/#listItem\",\"position\":2,\"name\":\"Blog\",\"item\":\"https:\\\/\\\/anoticiaonline.com.br\\\/site\\\/categoria\\\/muriae\\\/\",\"nextItem\":{\"@type\":\"ListItem\",\"@id\":\"https:\\\/\\\/anoticiaonline.com.br\\\/site\\\/categoria\\\/muriae\\\/cultura\\\/#listItem\",\"name\":\"Cultura\"},\"previousItem\":{\"@type\":\"ListItem\",\"@id\":\"https:\\\/\\\/anoticiaonline.com.br\\\/site#listItem\",\"name\":\"Home\"}},{\"@type\":\"ListItem\",\"@id\":\"https:\\\/\\\/anoticiaonline.com.br\\\/site\\\/categoria\\\/muriae\\\/cultura\\\/#listItem\",\"position\":3,\"name\":\"Cultura\",\"item\":\"https:\\\/\\\/anoticiaonline.com.br\\\/site\\\/categoria\\\/muriae\\\/cultura\\\/\",\"nextItem\":{\"@type\":\"ListItem\",\"@id\":\"https:\\\/\\\/anoticiaonline.com.br\\\/site\\\/espetaculo-de-danca-leva-o-publico-ao-embalo-dos-musicais\\\/#listItem\",\"name\":\"Espet\\u00e1culo de dan\\u00e7a leva o p\\u00fablico ao embalo dos musicais\"},\"previousItem\":{\"@type\":\"ListItem\",\"@id\":\"https:\\\/\\\/anoticiaonline.com.br\\\/site\\\/categoria\\\/muriae\\\/#listItem\",\"name\":\"Blog\"}},{\"@type\":\"ListItem\",\"@id\":\"https:\\\/\\\/anoticiaonline.com.br\\\/site\\\/espetaculo-de-danca-leva-o-publico-ao-embalo-dos-musicais\\\/#listItem\",\"position\":4,\"name\":\"Espet\\u00e1culo de dan\\u00e7a leva o p\\u00fablico ao embalo dos musicais\",\"previousItem\":{\"@type\":\"ListItem\",\"@id\":\"https:\\\/\\\/anoticiaonline.com.br\\\/site\\\/categoria\\\/muriae\\\/cultura\\\/#listItem\",\"name\":\"Cultura\"}}]},{\"@type\":\"Organization\",\"@id\":\"https:\\\/\\\/anoticiaonline.com.br\\\/site\\\/#organization\",\"name\":\"A Not\\u00edcia Online\",\"description\":\"Noticias de Muria\\u00e9 e regi\\u00e3o\",\"url\":\"https:\\\/\\\/anoticiaonline.com.br\\\/site\\\/\",\"logo\":{\"@type\":\"ImageObject\",\"url\":\"https:\\\/\\\/scontent-gig4-1.xx.fbcdn.net\\\/v\\\/t39.30808-1\\\/270437624_4564083193639691_6907940295614233970_n.jpg?stp=dst-jpg_s200x200_tt6&_nc_cat=111&ccb=1-7&_nc_sid=f907e8&_nc_ohc=SM1wRlP3lJwQ7kNvwEPuBYA&_nc_oc=AdnqrjDN_BNjSSHWO-GbkIWH6fkGMLw4bqvL_NH6e2wMveX7G-rP2dAqsDSq1mJMOaY&_nc_zt=24&_nc_ht=scontent-gig4-1.xx&_nc_gid=AoBFJeGrT1hVaew_6rchkQ&oh=00_AfX7QmFGhQhG2jAllVgXCiM1ZrWgvtp80-Bfppyexh1QEg&oe=689E923C\",\"@id\":\"https:\\\/\\\/anoticiaonline.com.br\\\/site\\\/espetaculo-de-danca-leva-o-publico-ao-embalo-dos-musicais\\\/#organizationLogo\"},\"image\":{\"@id\":\"https:\\\/\\\/anoticiaonline.com.br\\\/site\\\/espetaculo-de-danca-leva-o-publico-ao-embalo-dos-musicais\\\/#organizationLogo\"}},{\"@type\":\"Person\",\"@id\":\"https:\\\/\\\/anoticiaonline.com.br\\\/site\\\/author\\\/juliana\\\/#author\",\"url\":\"https:\\\/\\\/anoticiaonline.com.br\\\/site\\\/author\\\/juliana\\\/\",\"name\":\"Juliana Laviola\",\"image\":{\"@type\":\"ImageObject\",\"@id\":\"https:\\\/\\\/anoticiaonline.com.br\\\/site\\\/espetaculo-de-danca-leva-o-publico-ao-embalo-dos-musicais\\\/#authorImage\",\"url\":\"https:\\\/\\\/secure.gravatar.com\\\/avatar\\\/b8d45f5c699b100dfaf0e543582f38f38bf94cb7ae3a5e9abf8d891a34773335?s=96&d=mm&r=g\",\"width\":96,\"height\":96,\"caption\":\"Juliana Laviola\"}},{\"@type\":\"WebPage\",\"@id\":\"https:\\\/\\\/anoticiaonline.com.br\\\/site\\\/espetaculo-de-danca-leva-o-publico-ao-embalo-dos-musicais\\\/#webpage\",\"url\":\"https:\\\/\\\/anoticiaonline.com.br\\\/site\\\/espetaculo-de-danca-leva-o-publico-ao-embalo-dos-musicais\\\/\",\"name\":\"Espet\\u00e1culo de dan\\u00e7a leva o p\\u00fablico ao embalo dos musicais - A Not\\u00edcia Online\",\"description\":\"Completando dez anos de atividades, a Escola Municipal de Dan\\u00e7a Jorge Rodrigues Barroca apresentou um tributo aos musicais cl\\u00e1ssicos e seus protagonistas. Foram 18 coreografias embaladas por can\\u00e7\\u00f5es que povoam o imagin\\u00e1rio das mais diversas gera\\u00e7\\u00f5es. Da magia da Disney aos grandes sucessos da Broadway, o palco do Colina Country Club foi o lugar onde\",\"inLanguage\":\"pt-BR\",\"isPartOf\":{\"@id\":\"https:\\\/\\\/anoticiaonline.com.br\\\/site\\\/#website\"},\"breadcrumb\":{\"@id\":\"https:\\\/\\\/anoticiaonline.com.br\\\/site\\\/espetaculo-de-danca-leva-o-publico-ao-embalo-dos-musicais\\\/#breadcrumblist\"},\"author\":{\"@id\":\"https:\\\/\\\/anoticiaonline.com.br\\\/site\\\/author\\\/juliana\\\/#author\"},\"creator\":{\"@id\":\"https:\\\/\\\/anoticiaonline.com.br\\\/site\\\/author\\\/juliana\\\/#author\"},\"datePublished\":\"2015-12-17T10:00:16-03:00\",\"dateModified\":\"2015-12-17T14:35:01-03:00\"},{\"@type\":\"WebSite\",\"@id\":\"https:\\\/\\\/anoticiaonline.com.br\\\/site\\\/#website\",\"url\":\"https:\\\/\\\/anoticiaonline.com.br\\\/site\\\/\",\"name\":\"A Not\\u00edcia Online\",\"description\":\"Noticias de Muria\\u00e9 e regi\\u00e3o\",\"inLanguage\":\"pt-BR\",\"publisher\":{\"@id\":\"https:\\\/\\\/anoticiaonline.com.br\\\/site\\\/#organization\"}}]}\n\t\t<\/script>\n\t\t<!-- All in One SEO -->\n\n","aioseo_head_json":{"title":"Espet\u00e1culo de dan\u00e7a leva o p\u00fablico ao embalo dos musicais - A Not\u00edcia Online","description":"Completando dez anos de atividades, a Escola Municipal de Dan\u00e7a Jorge Rodrigues Barroca apresentou um tributo aos musicais cl\u00e1ssicos e seus protagonistas. Foram 18 coreografias embaladas por can\u00e7\u00f5es que povoam o imagin\u00e1rio das mais diversas gera\u00e7\u00f5es. Da magia da Disney aos grandes sucessos da Broadway, o palco do Colina Country Club foi o lugar onde","canonical_url":"https:\/\/anoticiaonline.com.br\/site\/espetaculo-de-danca-leva-o-publico-ao-embalo-dos-musicais\/","robots":"max-image-preview:large","keywords":"","webmasterTools":{"miscellaneous":""},"schema":{"@context":"https:\/\/schema.org","@graph":[{"@type":"BlogPosting","@id":"https:\/\/anoticiaonline.com.br\/site\/espetaculo-de-danca-leva-o-publico-ao-embalo-dos-musicais\/#blogposting","name":"Espet\u00e1culo de dan\u00e7a leva o p\u00fablico ao embalo dos musicais - A Not\u00edcia Online","headline":"Espet\u00e1culo de dan\u00e7a leva o p\u00fablico ao embalo dos musicais","author":{"@id":"https:\/\/anoticiaonline.com.br\/site\/author\/juliana\/#author"},"publisher":{"@id":"https:\/\/anoticiaonline.com.br\/site\/#organization"},"image":{"@type":"ImageObject","url":"http:\/\/anoticiaonline.com.br\/site\/wp-content\/uploads\/2015\/12\/DSCN4339-300x225.jpg","@id":"https:\/\/anoticiaonline.com.br\/site\/espetaculo-de-danca-leva-o-publico-ao-embalo-dos-musicais\/#articleImage"},"datePublished":"2015-12-17T10:00:16-03:00","dateModified":"2015-12-17T14:35:01-03:00","inLanguage":"pt-BR","mainEntityOfPage":{"@id":"https:\/\/anoticiaonline.com.br\/site\/espetaculo-de-danca-leva-o-publico-ao-embalo-dos-musicais\/#webpage"},"isPartOf":{"@id":"https:\/\/anoticiaonline.com.br\/site\/espetaculo-de-danca-leva-o-publico-ao-embalo-dos-musicais\/#webpage"},"articleSection":"Cultura, slide"},{"@type":"BreadcrumbList","@id":"https:\/\/anoticiaonline.com.br\/site\/espetaculo-de-danca-leva-o-publico-ao-embalo-dos-musicais\/#breadcrumblist","itemListElement":[{"@type":"ListItem","@id":"https:\/\/anoticiaonline.com.br\/site#listItem","position":1,"name":"Home","item":"https:\/\/anoticiaonline.com.br\/site","nextItem":{"@type":"ListItem","@id":"https:\/\/anoticiaonline.com.br\/site\/categoria\/muriae\/#listItem","name":"Blog"}},{"@type":"ListItem","@id":"https:\/\/anoticiaonline.com.br\/site\/categoria\/muriae\/#listItem","position":2,"name":"Blog","item":"https:\/\/anoticiaonline.com.br\/site\/categoria\/muriae\/","nextItem":{"@type":"ListItem","@id":"https:\/\/anoticiaonline.com.br\/site\/categoria\/muriae\/cultura\/#listItem","name":"Cultura"},"previousItem":{"@type":"ListItem","@id":"https:\/\/anoticiaonline.com.br\/site#listItem","name":"Home"}},{"@type":"ListItem","@id":"https:\/\/anoticiaonline.com.br\/site\/categoria\/muriae\/cultura\/#listItem","position":3,"name":"Cultura","item":"https:\/\/anoticiaonline.com.br\/site\/categoria\/muriae\/cultura\/","nextItem":{"@type":"ListItem","@id":"https:\/\/anoticiaonline.com.br\/site\/espetaculo-de-danca-leva-o-publico-ao-embalo-dos-musicais\/#listItem","name":"Espet\u00e1culo de dan\u00e7a leva o p\u00fablico ao embalo dos musicais"},"previousItem":{"@type":"ListItem","@id":"https:\/\/anoticiaonline.com.br\/site\/categoria\/muriae\/#listItem","name":"Blog"}},{"@type":"ListItem","@id":"https:\/\/anoticiaonline.com.br\/site\/espetaculo-de-danca-leva-o-publico-ao-embalo-dos-musicais\/#listItem","position":4,"name":"Espet\u00e1culo de dan\u00e7a leva o p\u00fablico ao embalo dos musicais","previousItem":{"@type":"ListItem","@id":"https:\/\/anoticiaonline.com.br\/site\/categoria\/muriae\/cultura\/#listItem","name":"Cultura"}}]},{"@type":"Organization","@id":"https:\/\/anoticiaonline.com.br\/site\/#organization","name":"A Not\u00edcia Online","description":"Noticias de Muria\u00e9 e regi\u00e3o","url":"https:\/\/anoticiaonline.com.br\/site\/","logo":{"@type":"ImageObject","url":"https:\/\/scontent-gig4-1.xx.fbcdn.net\/v\/t39.30808-1\/270437624_4564083193639691_6907940295614233970_n.jpg?stp=dst-jpg_s200x200_tt6&_nc_cat=111&ccb=1-7&_nc_sid=f907e8&_nc_ohc=SM1wRlP3lJwQ7kNvwEPuBYA&_nc_oc=AdnqrjDN_BNjSSHWO-GbkIWH6fkGMLw4bqvL_NH6e2wMveX7G-rP2dAqsDSq1mJMOaY&_nc_zt=24&_nc_ht=scontent-gig4-1.xx&_nc_gid=AoBFJeGrT1hVaew_6rchkQ&oh=00_AfX7QmFGhQhG2jAllVgXCiM1ZrWgvtp80-Bfppyexh1QEg&oe=689E923C","@id":"https:\/\/anoticiaonline.com.br\/site\/espetaculo-de-danca-leva-o-publico-ao-embalo-dos-musicais\/#organizationLogo"},"image":{"@id":"https:\/\/anoticiaonline.com.br\/site\/espetaculo-de-danca-leva-o-publico-ao-embalo-dos-musicais\/#organizationLogo"}},{"@type":"Person","@id":"https:\/\/anoticiaonline.com.br\/site\/author\/juliana\/#author","url":"https:\/\/anoticiaonline.com.br\/site\/author\/juliana\/","name":"Juliana Laviola","image":{"@type":"ImageObject","@id":"https:\/\/anoticiaonline.com.br\/site\/espetaculo-de-danca-leva-o-publico-ao-embalo-dos-musicais\/#authorImage","url":"https:\/\/secure.gravatar.com\/avatar\/b8d45f5c699b100dfaf0e543582f38f38bf94cb7ae3a5e9abf8d891a34773335?s=96&d=mm&r=g","width":96,"height":96,"caption":"Juliana Laviola"}},{"@type":"WebPage","@id":"https:\/\/anoticiaonline.com.br\/site\/espetaculo-de-danca-leva-o-publico-ao-embalo-dos-musicais\/#webpage","url":"https:\/\/anoticiaonline.com.br\/site\/espetaculo-de-danca-leva-o-publico-ao-embalo-dos-musicais\/","name":"Espet\u00e1culo de dan\u00e7a leva o p\u00fablico ao embalo dos musicais - A Not\u00edcia Online","description":"Completando dez anos de atividades, a Escola Municipal de Dan\u00e7a Jorge Rodrigues Barroca apresentou um tributo aos musicais cl\u00e1ssicos e seus protagonistas. Foram 18 coreografias embaladas por can\u00e7\u00f5es que povoam o imagin\u00e1rio das mais diversas gera\u00e7\u00f5es. Da magia da Disney aos grandes sucessos da Broadway, o palco do Colina Country Club foi o lugar onde","inLanguage":"pt-BR","isPartOf":{"@id":"https:\/\/anoticiaonline.com.br\/site\/#website"},"breadcrumb":{"@id":"https:\/\/anoticiaonline.com.br\/site\/espetaculo-de-danca-leva-o-publico-ao-embalo-dos-musicais\/#breadcrumblist"},"author":{"@id":"https:\/\/anoticiaonline.com.br\/site\/author\/juliana\/#author"},"creator":{"@id":"https:\/\/anoticiaonline.com.br\/site\/author\/juliana\/#author"},"datePublished":"2015-12-17T10:00:16-03:00","dateModified":"2015-12-17T14:35:01-03:00"},{"@type":"WebSite","@id":"https:\/\/anoticiaonline.com.br\/site\/#website","url":"https:\/\/anoticiaonline.com.br\/site\/","name":"A Not\u00edcia Online","description":"Noticias de Muria\u00e9 e regi\u00e3o","inLanguage":"pt-BR","publisher":{"@id":"https:\/\/anoticiaonline.com.br\/site\/#organization"}}]},"og:locale":"pt_BR","og:site_name":"A Not\u00edcia Online - Noticias de Muria\u00e9 e regi\u00e3o","og:type":"article","og:title":"Espet\u00e1culo de dan\u00e7a leva o p\u00fablico ao embalo dos musicais - A Not\u00edcia Online","og:description":"Completando dez anos de atividades, a Escola Municipal de Dan\u00e7a Jorge Rodrigues Barroca apresentou um tributo aos musicais cl\u00e1ssicos e seus protagonistas. Foram 18 coreografias embaladas por can\u00e7\u00f5es que povoam o imagin\u00e1rio das mais diversas gera\u00e7\u00f5es. Da magia da Disney aos grandes sucessos da Broadway, o palco do Colina Country Club foi o lugar onde","og:url":"https:\/\/anoticiaonline.com.br\/site\/espetaculo-de-danca-leva-o-publico-ao-embalo-dos-musicais\/","og:image":"https:\/\/scontent-gig4-1.xx.fbcdn.net\/v\/t39.30808-1\/270437624_4564083193639691_6907940295614233970_n.jpg?stp=dst-jpg_s200x200_tt6&#038;_nc_cat=111&#038;ccb=1-7&#038;_nc_sid=f907e8&#038;_nc_ohc=SM1wRlP3lJwQ7kNvwEPuBYA&#038;_nc_oc=AdnqrjDN_BNjSSHWO-GbkIWH6fkGMLw4bqvL_NH6e2wMveX7G-rP2dAqsDSq1mJMOaY&#038;_nc_zt=24&#038;_nc_ht=scontent-gig4-1.xx&#038;_nc_gid=AoBFJeGrT1hVaew_6rchkQ&#038;oh=00_AfX7QmFGhQhG2jAllVgXCiM1ZrWgvtp80-Bfppyexh1QEg&#038;oe=689E923C","og:image:secure_url":"https:\/\/scontent-gig4-1.xx.fbcdn.net\/v\/t39.30808-1\/270437624_4564083193639691_6907940295614233970_n.jpg?stp=dst-jpg_s200x200_tt6&#038;_nc_cat=111&#038;ccb=1-7&#038;_nc_sid=f907e8&#038;_nc_ohc=SM1wRlP3lJwQ7kNvwEPuBYA&#038;_nc_oc=AdnqrjDN_BNjSSHWO-GbkIWH6fkGMLw4bqvL_NH6e2wMveX7G-rP2dAqsDSq1mJMOaY&#038;_nc_zt=24&#038;_nc_ht=scontent-gig4-1.xx&#038;_nc_gid=AoBFJeGrT1hVaew_6rchkQ&#038;oh=00_AfX7QmFGhQhG2jAllVgXCiM1ZrWgvtp80-Bfppyexh1QEg&#038;oe=689E923C","article:published_time":"2015-12-17T13:00:16+00:00","article:modified_time":"2015-12-17T17:35:01+00:00","twitter:card":"summary_large_image","twitter:title":"Espet\u00e1culo de dan\u00e7a leva o p\u00fablico ao embalo dos musicais - A Not\u00edcia Online","twitter:description":"Completando dez anos de atividades, a Escola Municipal de Dan\u00e7a Jorge Rodrigues Barroca apresentou um tributo aos musicais cl\u00e1ssicos e seus protagonistas. Foram 18 coreografias embaladas por can\u00e7\u00f5es que povoam o imagin\u00e1rio das mais diversas gera\u00e7\u00f5es. Da magia da Disney aos grandes sucessos da Broadway, o palco do Colina Country Club foi o lugar onde","twitter:image":"https:\/\/scontent-gig4-1.xx.fbcdn.net\/v\/t39.30808-1\/270437624_4564083193639691_6907940295614233970_n.jpg?stp=dst-jpg_s200x200_tt6&_nc_cat=111&ccb=1-7&_nc_sid=f907e8&_nc_ohc=SM1wRlP3lJwQ7kNvwEPuBYA&_nc_oc=AdnqrjDN_BNjSSHWO-GbkIWH6fkGMLw4bqvL_NH6e2wMveX7G-rP2dAqsDSq1mJMOaY&_nc_zt=24&_nc_ht=scontent-gig4-1.xx&_nc_gid=AoBFJeGrT1hVaew_6rchkQ&oh=00_AfX7QmFGhQhG2jAllVgXCiM1ZrWgvtp80-Bfppyexh1QEg&oe=689E923C"},"aioseo_meta_data":{"post_id":"8079","title":null,"description":null,"keywords":null,"keyphrases":null,"primary_term":null,"canonical_url":null,"og_title":null,"og_description":null,"og_object_type":"default","og_image_type":"default","og_image_url":null,"og_image_width":null,"og_image_height":null,"og_image_custom_url":null,"og_image_custom_fields":null,"og_video":null,"og_custom_url":null,"og_article_section":null,"og_article_tags":null,"twitter_use_og":false,"twitter_card":"default","twitter_image_type":"default","twitter_image_url":null,"twitter_image_custom_url":null,"twitter_image_custom_fields":null,"twitter_title":null,"twitter_description":null,"schema":{"blockGraphs":[],"customGraphs":[],"default":{"data":{"Article":[],"Course":[],"Dataset":[],"FAQPage":[],"Movie":[],"Person":[],"Product":[],"ProductReview":[],"Car":[],"Recipe":[],"Service":[],"SoftwareApplication":[],"WebPage":[]},"graphName":"","isEnabled":true},"graphs":[]},"schema_type":"default","schema_type_options":null,"pillar_content":false,"robots_default":true,"robots_noindex":false,"robots_noarchive":false,"robots_nosnippet":false,"robots_nofollow":false,"robots_noimageindex":false,"robots_noodp":false,"robots_notranslate":false,"robots_max_snippet":null,"robots_max_videopreview":null,"robots_max_imagepreview":"large","priority":null,"frequency":null,"local_seo":null,"breadcrumb_settings":null,"limit_modified_date":false,"ai":null,"created":"2025-08-16 14:33:35","updated":"2025-08-16 14:33:35","focus_keyword":null,"additional_keywords":null,"truseo_locale":null,"seo_analyzer_scan_date":null},"aioseo_breadcrumb":"<div class=\"aioseo-breadcrumbs\"><span class=\"aioseo-breadcrumb\">\n\t\t\t<a href=\"https:\/\/anoticiaonline.com.br\/site\" title=\"Home\">Home<\/a>\n\t\t<\/span><span class=\"aioseo-breadcrumb-separator\">&raquo;<\/span><span class=\"aioseo-breadcrumb\">\n\t\t\t<a href=\"https:\/\/anoticiaonline.com.br\/site\/categoria\/muriae\/\" title=\"Blog\">Blog<\/a>\n\t\t<\/span><span class=\"aioseo-breadcrumb-separator\">&raquo;<\/span><span class=\"aioseo-breadcrumb\">\n\t\t\t<a href=\"https:\/\/anoticiaonline.com.br\/site\/categoria\/muriae\/cultura\/\" title=\"Cultura\">Cultura<\/a>\n\t\t<\/span><span class=\"aioseo-breadcrumb-separator\">&raquo;<\/span><span class=\"aioseo-breadcrumb\">\n\t\t\tEspet\u00e1culo de dan\u00e7a leva o p\u00fablico ao embalo dos musicais\n\t\t<\/span><\/div>","aioseo_breadcrumb_json":[{"label":"Home","link":"https:\/\/anoticiaonline.com.br\/site"},{"label":"Blog","link":"https:\/\/anoticiaonline.com.br\/site\/categoria\/muriae\/"},{"label":"Cultura","link":"https:\/\/anoticiaonline.com.br\/site\/categoria\/muriae\/cultura\/"},{"label":"Espet\u00e1culo de dan\u00e7a leva o p\u00fablico ao embalo dos musicais","link":"https:\/\/anoticiaonline.com.br\/site\/espetaculo-de-danca-leva-o-publico-ao-embalo-dos-musicais\/"}],"views":138,"_links":{"self":[{"href":"https:\/\/anoticiaonline.com.br\/site\/wp-json\/wp\/v2\/posts\/8079","targetHints":{"allow":["GET"]}}],"collection":[{"href":"https:\/\/anoticiaonline.com.br\/site\/wp-json\/wp\/v2\/posts"}],"about":[{"href":"https:\/\/anoticiaonline.com.br\/site\/wp-json\/wp\/v2\/types\/post"}],"author":[{"embeddable":true,"href":"https:\/\/anoticiaonline.com.br\/site\/wp-json\/wp\/v2\/users\/2"}],"replies":[{"embeddable":true,"href":"https:\/\/anoticiaonline.com.br\/site\/wp-json\/wp\/v2\/comments?post=8079"}],"version-history":[{"count":0,"href":"https:\/\/anoticiaonline.com.br\/site\/wp-json\/wp\/v2\/posts\/8079\/revisions"}],"wp:attachment":[{"href":"https:\/\/anoticiaonline.com.br\/site\/wp-json\/wp\/v2\/media?parent=8079"}],"wp:term":[{"taxonomy":"category","embeddable":true,"href":"https:\/\/anoticiaonline.com.br\/site\/wp-json\/wp\/v2\/categories?post=8079"},{"taxonomy":"post_tag","embeddable":true,"href":"https:\/\/anoticiaonline.com.br\/site\/wp-json\/wp\/v2\/tags?post=8079"}],"curies":[{"name":"wp","href":"https:\/\/api.w.org\/{rel}","templated":true}]}}