{"id":8042,"date":"2015-12-17T08:09:54","date_gmt":"2015-12-17T11:09:54","guid":{"rendered":"http:\/\/anoticiaonline.com.br\/site\/?p=8042"},"modified":"2015-12-17T08:09:54","modified_gmt":"2015-12-17T11:09:54","slug":"petrina-calcagno-bandeira-de-melo","status":"publish","type":"post","link":"https:\/\/anoticiaonline.com.br\/site\/petrina-calcagno-bandeira-de-melo\/","title":{"rendered":"PETRINA CALCAGNO BANDEIRA DE MELO"},"content":{"rendered":"<p style=\"text-align: center;\"><strong>Nascida em 23 de maio de 1921<\/strong><br \/>\n<strong>Falecida em 25 de janeiro de 1954<\/strong><\/p>\n<p><a href=\"https:\/\/anoticiaonline.com.br\/site\/wp-content\/uploads\/2015\/12\/petrina-calcagno.jpg\"><img fetchpriority=\"high\" decoding=\"async\" class=\" size-medium wp-image-8043 alignleft\" src=\"https:\/\/anoticiaonline.com.br\/site\/wp-content\/uploads\/2015\/12\/petrina-calcagno-226x300.jpg\" alt=\"petrina calcagno\" width=\"226\" height=\"300\" \/><\/a>Petrina Calcagno Bandeira de Melo nasceu no dia 23 de maio de 1921 no distrito de Boa Fam\u00edlia, munic\u00edpio de Muria\u00e9. Ela era filha do Professor Miguel Calcagno, italiano de N\u00e1polis, e de Rosa Calcagno Oliveira, natural de Sumidouro de Minas Gerais.<\/p>\n<p>Professora Petrina casou-se no ano de 1946 com o advogado, professor e pol\u00edtico (Vereador e Vice-Prefeito de Ant\u00f4nio Soares Can\u00eado em 1955) Doutor Jo\u00e3o Evangelista Bandeira de Melo, com quem teve dois filhos: Doutor Lydio Miguel Bandeira de Melo &#8211; nascido no ano de 1947, m\u00e9dico pediatra e alergista, al\u00e9m de Vereador por quatro mandatos; Doutor Jo\u00e3o Calcagno Bandeira de Melo &#8211; nascido no ano de 1949, advogado, como o pai, e procurador do Estado de Minas Gerais, atualmente, chefe regional da Procuradoria do Estado.<\/p>\n<p>Petrina estudou e se formou no Col\u00e9gio Santa Marcelina, trabalhando at\u00e9 sua morte na tradicional Escola Estadual Desembargador Can\u00eado.<\/p>\n<p>Faleceu no dia 25 de janeiro de 1954, com apenas trinta e tr\u00eas anos de idade, na flor de sua mocidade, por insufici\u00eancia congestiva (causada por febre reum\u00e1tica). Nesta \u00e9poca, morava na Rua Souza Castro, n\u00ba 41, no bairro da Barra. Seu corpo foi velado e enterrado no Cemit\u00e9rio Municipal de Muria\u00e9.<\/p>\n<p>Como homenagem, temos a Rua Professora Petrina, no bairro da Barra, onde morou, pela lei n\u00ba 0273 de 1960, durante a gest\u00e3o do ent\u00e3o Prefeito Dante Bruno.<\/p>\n","protected":false},"excerpt":{"rendered":"<p>Nascida em 23 de maio de 1921 Falecida em 25 de janeiro de 1954 Petrina Calcagno Bandeira de Melo nasceu no dia 23 de maio de 1921 no distrito de Boa Fam\u00edlia, munic\u00edpio de Muria\u00e9. Ela era filha do Professor Miguel Calcagno, italiano de N\u00e1polis, e de Rosa Calcagno Oliveira, natural de Sumidouro de Minas &#8230; <a title=\"PETRINA CALCAGNO BANDEIRA DE MELO\" class=\"read-more\" href=\"https:\/\/anoticiaonline.com.br\/site\/petrina-calcagno-bandeira-de-melo\/\" aria-label=\"Read more about PETRINA CALCAGNO BANDEIRA DE MELO\">Ler mais<\/a><\/p>\n","protected":false},"author":2,"featured_media":0,"comment_status":"open","ping_status":"open","sticky":false,"template":"","format":"standard","meta":{"_acf_changed":false,"_monsterinsights_skip_tracking":false,"footnotes":""},"categories":[35],"tags":[],"class_list":["post-8042","post","type-post","status-publish","format-standard","hentry","category-nomes-da-nossa-terra-joao-carlos-vargas-e-flavia-alves-junqueira-memorial-municipal-de-muriae"],"acf":[],"aioseo_notices":[],"aioseo_head":"\n\t\t<!-- All in One SEO 5.0.0.1 - aioseo.com -->\n\t<meta name=\"description\" content=\"Nascida em 23 de maio de 1921 Falecida em 25 de janeiro de 1954 Petrina Calcagno Bandeira de Melo nasceu no dia 23 de maio de 1921 no distrito de Boa Fam\u00edlia, munic\u00edpio de Muria\u00e9. Ela era filha do Professor Miguel Calcagno, italiano de N\u00e1polis, e de Rosa Calcagno Oliveira, natural de Sumidouro de Minas\" \/>\n\t<meta name=\"robots\" content=\"max-image-preview:large\" \/>\n\t<meta name=\"author\" content=\"Juliana Laviola\"\/>\n\t<link rel=\"canonical\" href=\"https:\/\/anoticiaonline.com.br\/site\/petrina-calcagno-bandeira-de-melo\/\" \/>\n\t<meta name=\"generator\" content=\"All in One SEO (AIOSEO) 5.0.0.1\" \/>\n\t\t<meta property=\"og:locale\" content=\"pt_BR\" \/>\n\t\t<meta property=\"og:site_name\" content=\"A Not\u00edcia Online - Noticias de Muria\u00e9 e regi\u00e3o\" \/>\n\t\t<meta property=\"og:type\" content=\"article\" \/>\n\t\t<meta property=\"og:title\" content=\"PETRINA CALCAGNO BANDEIRA DE MELO - A Not\u00edcia Online\" \/>\n\t\t<meta property=\"og:description\" content=\"Nascida em 23 de maio de 1921 Falecida em 25 de janeiro de 1954 Petrina Calcagno Bandeira de Melo nasceu no dia 23 de maio de 1921 no distrito de Boa Fam\u00edlia, munic\u00edpio de Muria\u00e9. Ela era filha do Professor Miguel Calcagno, italiano de N\u00e1polis, e de Rosa Calcagno Oliveira, natural de Sumidouro de Minas\" \/>\n\t\t<meta property=\"og:url\" content=\"https:\/\/anoticiaonline.com.br\/site\/petrina-calcagno-bandeira-de-melo\/\" \/>\n\t\t<meta property=\"og:image\" content=\"https:\/\/scontent-gig4-1.xx.fbcdn.net\/v\/t39.30808-1\/270437624_4564083193639691_6907940295614233970_n.jpg?stp=dst-jpg_s200x200_tt6&#038;_nc_cat=111&#038;ccb=1-7&#038;_nc_sid=f907e8&#038;_nc_ohc=SM1wRlP3lJwQ7kNvwEPuBYA&#038;_nc_oc=AdnqrjDN_BNjSSHWO-GbkIWH6fkGMLw4bqvL_NH6e2wMveX7G-rP2dAqsDSq1mJMOaY&#038;_nc_zt=24&#038;_nc_ht=scontent-gig4-1.xx&#038;_nc_gid=AoBFJeGrT1hVaew_6rchkQ&#038;oh=00_AfX7QmFGhQhG2jAllVgXCiM1ZrWgvtp80-Bfppyexh1QEg&#038;oe=689E923C\" \/>\n\t\t<meta property=\"og:image:secure_url\" content=\"https:\/\/scontent-gig4-1.xx.fbcdn.net\/v\/t39.30808-1\/270437624_4564083193639691_6907940295614233970_n.jpg?stp=dst-jpg_s200x200_tt6&#038;_nc_cat=111&#038;ccb=1-7&#038;_nc_sid=f907e8&#038;_nc_ohc=SM1wRlP3lJwQ7kNvwEPuBYA&#038;_nc_oc=AdnqrjDN_BNjSSHWO-GbkIWH6fkGMLw4bqvL_NH6e2wMveX7G-rP2dAqsDSq1mJMOaY&#038;_nc_zt=24&#038;_nc_ht=scontent-gig4-1.xx&#038;_nc_gid=AoBFJeGrT1hVaew_6rchkQ&#038;oh=00_AfX7QmFGhQhG2jAllVgXCiM1ZrWgvtp80-Bfppyexh1QEg&#038;oe=689E923C\" \/>\n\t\t<meta property=\"article:published_time\" content=\"2015-12-17T11:09:54+00:00\" \/>\n\t\t<meta property=\"article:modified_time\" content=\"2015-12-17T11:09:54+00:00\" \/>\n\t\t<meta name=\"twitter:card\" content=\"summary_large_image\" \/>\n\t\t<meta name=\"twitter:title\" content=\"PETRINA CALCAGNO BANDEIRA DE MELO - A Not\u00edcia Online\" \/>\n\t\t<meta name=\"twitter:description\" content=\"Nascida em 23 de maio de 1921 Falecida em 25 de janeiro de 1954 Petrina Calcagno Bandeira de Melo nasceu no dia 23 de maio de 1921 no distrito de Boa Fam\u00edlia, munic\u00edpio de Muria\u00e9. Ela era filha do Professor Miguel Calcagno, italiano de N\u00e1polis, e de Rosa Calcagno Oliveira, natural de Sumidouro de Minas\" \/>\n\t\t<meta name=\"twitter:image\" content=\"https:\/\/scontent-gig4-1.xx.fbcdn.net\/v\/t39.30808-1\/270437624_4564083193639691_6907940295614233970_n.jpg?stp=dst-jpg_s200x200_tt6&amp;_nc_cat=111&amp;ccb=1-7&amp;_nc_sid=f907e8&amp;_nc_ohc=SM1wRlP3lJwQ7kNvwEPuBYA&amp;_nc_oc=AdnqrjDN_BNjSSHWO-GbkIWH6fkGMLw4bqvL_NH6e2wMveX7G-rP2dAqsDSq1mJMOaY&amp;_nc_zt=24&amp;_nc_ht=scontent-gig4-1.xx&amp;_nc_gid=AoBFJeGrT1hVaew_6rchkQ&amp;oh=00_AfX7QmFGhQhG2jAllVgXCiM1ZrWgvtp80-Bfppyexh1QEg&amp;oe=689E923C\" \/>\n\t\t<script type=\"application\/ld+json\" class=\"aioseo-schema\">\n\t\t\t{\"@context\":\"https:\\\/\\\/schema.org\",\"@graph\":[{\"@type\":\"BlogPosting\",\"@id\":\"https:\\\/\\\/anoticiaonline.com.br\\\/site\\\/petrina-calcagno-bandeira-de-melo\\\/#blogposting\",\"name\":\"PETRINA CALCAGNO BANDEIRA DE MELO - A Not\\u00edcia Online\",\"headline\":\"PETRINA CALCAGNO BANDEIRA DE MELO\",\"author\":{\"@id\":\"https:\\\/\\\/anoticiaonline.com.br\\\/site\\\/author\\\/juliana\\\/#author\"},\"publisher\":{\"@id\":\"https:\\\/\\\/anoticiaonline.com.br\\\/site\\\/#organization\"},\"image\":{\"@type\":\"ImageObject\",\"url\":\"http:\\\/\\\/anoticiaonline.com.br\\\/site\\\/wp-content\\\/uploads\\\/2015\\\/12\\\/petrina-calcagno-226x300.jpg\",\"@id\":\"https:\\\/\\\/anoticiaonline.com.br\\\/site\\\/petrina-calcagno-bandeira-de-melo\\\/#articleImage\"},\"datePublished\":\"2015-12-17T08:09:54-03:00\",\"dateModified\":\"2015-12-17T08:09:54-03:00\",\"inLanguage\":\"pt-BR\",\"mainEntityOfPage\":{\"@id\":\"https:\\\/\\\/anoticiaonline.com.br\\\/site\\\/petrina-calcagno-bandeira-de-melo\\\/#webpage\"},\"isPartOf\":{\"@id\":\"https:\\\/\\\/anoticiaonline.com.br\\\/site\\\/petrina-calcagno-bandeira-de-melo\\\/#webpage\"},\"articleSection\":\"Nomes da Nossa Terra - Jo\\u00e3o Carlos Vargas e Fl\\u00e1via Alves Junqueira - Memorial Municipal de Muria\\u00e9\"},{\"@type\":\"BreadcrumbList\",\"@id\":\"https:\\\/\\\/anoticiaonline.com.br\\\/site\\\/petrina-calcagno-bandeira-de-melo\\\/#breadcrumblist\",\"itemListElement\":[{\"@type\":\"ListItem\",\"@id\":\"https:\\\/\\\/anoticiaonline.com.br\\\/site#listItem\",\"position\":1,\"name\":\"Home\",\"item\":\"https:\\\/\\\/anoticiaonline.com.br\\\/site\",\"nextItem\":{\"@type\":\"ListItem\",\"@id\":\"https:\\\/\\\/anoticiaonline.com.br\\\/site\\\/categoria\\\/colunistas\\\/#listItem\",\"name\":\"Colunistas\"}},{\"@type\":\"ListItem\",\"@id\":\"https:\\\/\\\/anoticiaonline.com.br\\\/site\\\/categoria\\\/colunistas\\\/#listItem\",\"position\":2,\"name\":\"Colunistas\",\"item\":\"https:\\\/\\\/anoticiaonline.com.br\\\/site\\\/categoria\\\/colunistas\\\/\",\"nextItem\":{\"@type\":\"ListItem\",\"@id\":\"https:\\\/\\\/anoticiaonline.com.br\\\/site\\\/categoria\\\/colunistas\\\/nomes-da-nossa-terra-joao-carlos-vargas-e-flavia-alves-junqueira-memorial-municipal-de-muriae\\\/#listItem\",\"name\":\"Nomes da Nossa Terra - Jo\\u00e3o Carlos Vargas e Fl\\u00e1via Alves Junqueira - Memorial Municipal de Muria\\u00e9\"},\"previousItem\":{\"@type\":\"ListItem\",\"@id\":\"https:\\\/\\\/anoticiaonline.com.br\\\/site#listItem\",\"name\":\"Home\"}},{\"@type\":\"ListItem\",\"@id\":\"https:\\\/\\\/anoticiaonline.com.br\\\/site\\\/categoria\\\/colunistas\\\/nomes-da-nossa-terra-joao-carlos-vargas-e-flavia-alves-junqueira-memorial-municipal-de-muriae\\\/#listItem\",\"position\":3,\"name\":\"Nomes da Nossa Terra - Jo\\u00e3o Carlos Vargas e Fl\\u00e1via Alves Junqueira - Memorial Municipal de Muria\\u00e9\",\"item\":\"https:\\\/\\\/anoticiaonline.com.br\\\/site\\\/categoria\\\/colunistas\\\/nomes-da-nossa-terra-joao-carlos-vargas-e-flavia-alves-junqueira-memorial-municipal-de-muriae\\\/\",\"nextItem\":{\"@type\":\"ListItem\",\"@id\":\"https:\\\/\\\/anoticiaonline.com.br\\\/site\\\/petrina-calcagno-bandeira-de-melo\\\/#listItem\",\"name\":\"PETRINA CALCAGNO BANDEIRA DE MELO\"},\"previousItem\":{\"@type\":\"ListItem\",\"@id\":\"https:\\\/\\\/anoticiaonline.com.br\\\/site\\\/categoria\\\/colunistas\\\/#listItem\",\"name\":\"Colunistas\"}},{\"@type\":\"ListItem\",\"@id\":\"https:\\\/\\\/anoticiaonline.com.br\\\/site\\\/petrina-calcagno-bandeira-de-melo\\\/#listItem\",\"position\":4,\"name\":\"PETRINA CALCAGNO BANDEIRA DE MELO\",\"previousItem\":{\"@type\":\"ListItem\",\"@id\":\"https:\\\/\\\/anoticiaonline.com.br\\\/site\\\/categoria\\\/colunistas\\\/nomes-da-nossa-terra-joao-carlos-vargas-e-flavia-alves-junqueira-memorial-municipal-de-muriae\\\/#listItem\",\"name\":\"Nomes da Nossa Terra - Jo\\u00e3o Carlos Vargas e Fl\\u00e1via Alves Junqueira - Memorial Municipal de Muria\\u00e9\"}}]},{\"@type\":\"Organization\",\"@id\":\"https:\\\/\\\/anoticiaonline.com.br\\\/site\\\/#organization\",\"name\":\"A Not\\u00edcia Online\",\"description\":\"Noticias de Muria\\u00e9 e regi\\u00e3o\",\"url\":\"https:\\\/\\\/anoticiaonline.com.br\\\/site\\\/\",\"logo\":{\"@type\":\"ImageObject\",\"url\":\"https:\\\/\\\/scontent-gig4-1.xx.fbcdn.net\\\/v\\\/t39.30808-1\\\/270437624_4564083193639691_6907940295614233970_n.jpg?stp=dst-jpg_s200x200_tt6&_nc_cat=111&ccb=1-7&_nc_sid=f907e8&_nc_ohc=SM1wRlP3lJwQ7kNvwEPuBYA&_nc_oc=AdnqrjDN_BNjSSHWO-GbkIWH6fkGMLw4bqvL_NH6e2wMveX7G-rP2dAqsDSq1mJMOaY&_nc_zt=24&_nc_ht=scontent-gig4-1.xx&_nc_gid=AoBFJeGrT1hVaew_6rchkQ&oh=00_AfX7QmFGhQhG2jAllVgXCiM1ZrWgvtp80-Bfppyexh1QEg&oe=689E923C\",\"@id\":\"https:\\\/\\\/anoticiaonline.com.br\\\/site\\\/petrina-calcagno-bandeira-de-melo\\\/#organizationLogo\"},\"image\":{\"@id\":\"https:\\\/\\\/anoticiaonline.com.br\\\/site\\\/petrina-calcagno-bandeira-de-melo\\\/#organizationLogo\"}},{\"@type\":\"Person\",\"@id\":\"https:\\\/\\\/anoticiaonline.com.br\\\/site\\\/author\\\/juliana\\\/#author\",\"url\":\"https:\\\/\\\/anoticiaonline.com.br\\\/site\\\/author\\\/juliana\\\/\",\"name\":\"Juliana Laviola\",\"image\":{\"@type\":\"ImageObject\",\"@id\":\"https:\\\/\\\/anoticiaonline.com.br\\\/site\\\/petrina-calcagno-bandeira-de-melo\\\/#authorImage\",\"url\":\"https:\\\/\\\/secure.gravatar.com\\\/avatar\\\/b8d45f5c699b100dfaf0e543582f38f38bf94cb7ae3a5e9abf8d891a34773335?s=96&d=mm&r=g\",\"width\":96,\"height\":96,\"caption\":\"Juliana Laviola\"}},{\"@type\":\"WebPage\",\"@id\":\"https:\\\/\\\/anoticiaonline.com.br\\\/site\\\/petrina-calcagno-bandeira-de-melo\\\/#webpage\",\"url\":\"https:\\\/\\\/anoticiaonline.com.br\\\/site\\\/petrina-calcagno-bandeira-de-melo\\\/\",\"name\":\"PETRINA CALCAGNO BANDEIRA DE MELO - A Not\\u00edcia Online\",\"description\":\"Nascida em 23 de maio de 1921 Falecida em 25 de janeiro de 1954 Petrina Calcagno Bandeira de Melo nasceu no dia 23 de maio de 1921 no distrito de Boa Fam\\u00edlia, munic\\u00edpio de Muria\\u00e9. Ela era filha do Professor Miguel Calcagno, italiano de N\\u00e1polis, e de Rosa Calcagno Oliveira, natural de Sumidouro de Minas\",\"inLanguage\":\"pt-BR\",\"isPartOf\":{\"@id\":\"https:\\\/\\\/anoticiaonline.com.br\\\/site\\\/#website\"},\"breadcrumb\":{\"@id\":\"https:\\\/\\\/anoticiaonline.com.br\\\/site\\\/petrina-calcagno-bandeira-de-melo\\\/#breadcrumblist\"},\"author\":{\"@id\":\"https:\\\/\\\/anoticiaonline.com.br\\\/site\\\/author\\\/juliana\\\/#author\"},\"creator\":{\"@id\":\"https:\\\/\\\/anoticiaonline.com.br\\\/site\\\/author\\\/juliana\\\/#author\"},\"datePublished\":\"2015-12-17T08:09:54-03:00\",\"dateModified\":\"2015-12-17T08:09:54-03:00\"},{\"@type\":\"WebSite\",\"@id\":\"https:\\\/\\\/anoticiaonline.com.br\\\/site\\\/#website\",\"url\":\"https:\\\/\\\/anoticiaonline.com.br\\\/site\\\/\",\"name\":\"A Not\\u00edcia Online\",\"description\":\"Noticias de Muria\\u00e9 e regi\\u00e3o\",\"inLanguage\":\"pt-BR\",\"publisher\":{\"@id\":\"https:\\\/\\\/anoticiaonline.com.br\\\/site\\\/#organization\"}}]}\n\t\t<\/script>\n\t\t<!-- All in One SEO -->\n\n","aioseo_head_json":{"title":"PETRINA CALCAGNO BANDEIRA DE MELO - A Not\u00edcia Online","description":"Nascida em 23 de maio de 1921 Falecida em 25 de janeiro de 1954 Petrina Calcagno Bandeira de Melo nasceu no dia 23 de maio de 1921 no distrito de Boa Fam\u00edlia, munic\u00edpio de Muria\u00e9. Ela era filha do Professor Miguel Calcagno, italiano de N\u00e1polis, e de Rosa Calcagno Oliveira, natural de Sumidouro de Minas","canonical_url":"https:\/\/anoticiaonline.com.br\/site\/petrina-calcagno-bandeira-de-melo\/","robots":"max-image-preview:large","keywords":"","webmasterTools":{"miscellaneous":""},"schema":{"@context":"https:\/\/schema.org","@graph":[{"@type":"BlogPosting","@id":"https:\/\/anoticiaonline.com.br\/site\/petrina-calcagno-bandeira-de-melo\/#blogposting","name":"PETRINA CALCAGNO BANDEIRA DE MELO - A Not\u00edcia Online","headline":"PETRINA CALCAGNO BANDEIRA DE MELO","author":{"@id":"https:\/\/anoticiaonline.com.br\/site\/author\/juliana\/#author"},"publisher":{"@id":"https:\/\/anoticiaonline.com.br\/site\/#organization"},"image":{"@type":"ImageObject","url":"http:\/\/anoticiaonline.com.br\/site\/wp-content\/uploads\/2015\/12\/petrina-calcagno-226x300.jpg","@id":"https:\/\/anoticiaonline.com.br\/site\/petrina-calcagno-bandeira-de-melo\/#articleImage"},"datePublished":"2015-12-17T08:09:54-03:00","dateModified":"2015-12-17T08:09:54-03:00","inLanguage":"pt-BR","mainEntityOfPage":{"@id":"https:\/\/anoticiaonline.com.br\/site\/petrina-calcagno-bandeira-de-melo\/#webpage"},"isPartOf":{"@id":"https:\/\/anoticiaonline.com.br\/site\/petrina-calcagno-bandeira-de-melo\/#webpage"},"articleSection":"Nomes da Nossa Terra - Jo\u00e3o Carlos Vargas e Fl\u00e1via Alves Junqueira - Memorial Municipal de Muria\u00e9"},{"@type":"BreadcrumbList","@id":"https:\/\/anoticiaonline.com.br\/site\/petrina-calcagno-bandeira-de-melo\/#breadcrumblist","itemListElement":[{"@type":"ListItem","@id":"https:\/\/anoticiaonline.com.br\/site#listItem","position":1,"name":"Home","item":"https:\/\/anoticiaonline.com.br\/site","nextItem":{"@type":"ListItem","@id":"https:\/\/anoticiaonline.com.br\/site\/categoria\/colunistas\/#listItem","name":"Colunistas"}},{"@type":"ListItem","@id":"https:\/\/anoticiaonline.com.br\/site\/categoria\/colunistas\/#listItem","position":2,"name":"Colunistas","item":"https:\/\/anoticiaonline.com.br\/site\/categoria\/colunistas\/","nextItem":{"@type":"ListItem","@id":"https:\/\/anoticiaonline.com.br\/site\/categoria\/colunistas\/nomes-da-nossa-terra-joao-carlos-vargas-e-flavia-alves-junqueira-memorial-municipal-de-muriae\/#listItem","name":"Nomes da Nossa Terra - Jo\u00e3o Carlos Vargas e Fl\u00e1via Alves Junqueira - Memorial Municipal de Muria\u00e9"},"previousItem":{"@type":"ListItem","@id":"https:\/\/anoticiaonline.com.br\/site#listItem","name":"Home"}},{"@type":"ListItem","@id":"https:\/\/anoticiaonline.com.br\/site\/categoria\/colunistas\/nomes-da-nossa-terra-joao-carlos-vargas-e-flavia-alves-junqueira-memorial-municipal-de-muriae\/#listItem","position":3,"name":"Nomes da Nossa Terra - Jo\u00e3o Carlos Vargas e Fl\u00e1via Alves Junqueira - Memorial Municipal de Muria\u00e9","item":"https:\/\/anoticiaonline.com.br\/site\/categoria\/colunistas\/nomes-da-nossa-terra-joao-carlos-vargas-e-flavia-alves-junqueira-memorial-municipal-de-muriae\/","nextItem":{"@type":"ListItem","@id":"https:\/\/anoticiaonline.com.br\/site\/petrina-calcagno-bandeira-de-melo\/#listItem","name":"PETRINA CALCAGNO BANDEIRA DE MELO"},"previousItem":{"@type":"ListItem","@id":"https:\/\/anoticiaonline.com.br\/site\/categoria\/colunistas\/#listItem","name":"Colunistas"}},{"@type":"ListItem","@id":"https:\/\/anoticiaonline.com.br\/site\/petrina-calcagno-bandeira-de-melo\/#listItem","position":4,"name":"PETRINA CALCAGNO BANDEIRA DE MELO","previousItem":{"@type":"ListItem","@id":"https:\/\/anoticiaonline.com.br\/site\/categoria\/colunistas\/nomes-da-nossa-terra-joao-carlos-vargas-e-flavia-alves-junqueira-memorial-municipal-de-muriae\/#listItem","name":"Nomes da Nossa Terra - Jo\u00e3o Carlos Vargas e Fl\u00e1via Alves Junqueira - Memorial Municipal de Muria\u00e9"}}]},{"@type":"Organization","@id":"https:\/\/anoticiaonline.com.br\/site\/#organization","name":"A Not\u00edcia Online","description":"Noticias de Muria\u00e9 e regi\u00e3o","url":"https:\/\/anoticiaonline.com.br\/site\/","logo":{"@type":"ImageObject","url":"https:\/\/scontent-gig4-1.xx.fbcdn.net\/v\/t39.30808-1\/270437624_4564083193639691_6907940295614233970_n.jpg?stp=dst-jpg_s200x200_tt6&_nc_cat=111&ccb=1-7&_nc_sid=f907e8&_nc_ohc=SM1wRlP3lJwQ7kNvwEPuBYA&_nc_oc=AdnqrjDN_BNjSSHWO-GbkIWH6fkGMLw4bqvL_NH6e2wMveX7G-rP2dAqsDSq1mJMOaY&_nc_zt=24&_nc_ht=scontent-gig4-1.xx&_nc_gid=AoBFJeGrT1hVaew_6rchkQ&oh=00_AfX7QmFGhQhG2jAllVgXCiM1ZrWgvtp80-Bfppyexh1QEg&oe=689E923C","@id":"https:\/\/anoticiaonline.com.br\/site\/petrina-calcagno-bandeira-de-melo\/#organizationLogo"},"image":{"@id":"https:\/\/anoticiaonline.com.br\/site\/petrina-calcagno-bandeira-de-melo\/#organizationLogo"}},{"@type":"Person","@id":"https:\/\/anoticiaonline.com.br\/site\/author\/juliana\/#author","url":"https:\/\/anoticiaonline.com.br\/site\/author\/juliana\/","name":"Juliana Laviola","image":{"@type":"ImageObject","@id":"https:\/\/anoticiaonline.com.br\/site\/petrina-calcagno-bandeira-de-melo\/#authorImage","url":"https:\/\/secure.gravatar.com\/avatar\/b8d45f5c699b100dfaf0e543582f38f38bf94cb7ae3a5e9abf8d891a34773335?s=96&d=mm&r=g","width":96,"height":96,"caption":"Juliana Laviola"}},{"@type":"WebPage","@id":"https:\/\/anoticiaonline.com.br\/site\/petrina-calcagno-bandeira-de-melo\/#webpage","url":"https:\/\/anoticiaonline.com.br\/site\/petrina-calcagno-bandeira-de-melo\/","name":"PETRINA CALCAGNO BANDEIRA DE MELO - A Not\u00edcia Online","description":"Nascida em 23 de maio de 1921 Falecida em 25 de janeiro de 1954 Petrina Calcagno Bandeira de Melo nasceu no dia 23 de maio de 1921 no distrito de Boa Fam\u00edlia, munic\u00edpio de Muria\u00e9. Ela era filha do Professor Miguel Calcagno, italiano de N\u00e1polis, e de Rosa Calcagno Oliveira, natural de Sumidouro de Minas","inLanguage":"pt-BR","isPartOf":{"@id":"https:\/\/anoticiaonline.com.br\/site\/#website"},"breadcrumb":{"@id":"https:\/\/anoticiaonline.com.br\/site\/petrina-calcagno-bandeira-de-melo\/#breadcrumblist"},"author":{"@id":"https:\/\/anoticiaonline.com.br\/site\/author\/juliana\/#author"},"creator":{"@id":"https:\/\/anoticiaonline.com.br\/site\/author\/juliana\/#author"},"datePublished":"2015-12-17T08:09:54-03:00","dateModified":"2015-12-17T08:09:54-03:00"},{"@type":"WebSite","@id":"https:\/\/anoticiaonline.com.br\/site\/#website","url":"https:\/\/anoticiaonline.com.br\/site\/","name":"A Not\u00edcia Online","description":"Noticias de Muria\u00e9 e regi\u00e3o","inLanguage":"pt-BR","publisher":{"@id":"https:\/\/anoticiaonline.com.br\/site\/#organization"}}]},"og:locale":"pt_BR","og:site_name":"A Not\u00edcia Online - Noticias de Muria\u00e9 e regi\u00e3o","og:type":"article","og:title":"PETRINA CALCAGNO BANDEIRA DE MELO - A Not\u00edcia Online","og:description":"Nascida em 23 de maio de 1921 Falecida em 25 de janeiro de 1954 Petrina Calcagno Bandeira de Melo nasceu no dia 23 de maio de 1921 no distrito de Boa Fam\u00edlia, munic\u00edpio de Muria\u00e9. Ela era filha do Professor Miguel Calcagno, italiano de N\u00e1polis, e de Rosa Calcagno Oliveira, natural de Sumidouro de Minas","og:url":"https:\/\/anoticiaonline.com.br\/site\/petrina-calcagno-bandeira-de-melo\/","og:image":"https:\/\/scontent-gig4-1.xx.fbcdn.net\/v\/t39.30808-1\/270437624_4564083193639691_6907940295614233970_n.jpg?stp=dst-jpg_s200x200_tt6&#038;_nc_cat=111&#038;ccb=1-7&#038;_nc_sid=f907e8&#038;_nc_ohc=SM1wRlP3lJwQ7kNvwEPuBYA&#038;_nc_oc=AdnqrjDN_BNjSSHWO-GbkIWH6fkGMLw4bqvL_NH6e2wMveX7G-rP2dAqsDSq1mJMOaY&#038;_nc_zt=24&#038;_nc_ht=scontent-gig4-1.xx&#038;_nc_gid=AoBFJeGrT1hVaew_6rchkQ&#038;oh=00_AfX7QmFGhQhG2jAllVgXCiM1ZrWgvtp80-Bfppyexh1QEg&#038;oe=689E923C","og:image:secure_url":"https:\/\/scontent-gig4-1.xx.fbcdn.net\/v\/t39.30808-1\/270437624_4564083193639691_6907940295614233970_n.jpg?stp=dst-jpg_s200x200_tt6&#038;_nc_cat=111&#038;ccb=1-7&#038;_nc_sid=f907e8&#038;_nc_ohc=SM1wRlP3lJwQ7kNvwEPuBYA&#038;_nc_oc=AdnqrjDN_BNjSSHWO-GbkIWH6fkGMLw4bqvL_NH6e2wMveX7G-rP2dAqsDSq1mJMOaY&#038;_nc_zt=24&#038;_nc_ht=scontent-gig4-1.xx&#038;_nc_gid=AoBFJeGrT1hVaew_6rchkQ&#038;oh=00_AfX7QmFGhQhG2jAllVgXCiM1ZrWgvtp80-Bfppyexh1QEg&#038;oe=689E923C","article:published_time":"2015-12-17T11:09:54+00:00","article:modified_time":"2015-12-17T11:09:54+00:00","twitter:card":"summary_large_image","twitter:title":"PETRINA CALCAGNO BANDEIRA DE MELO - A Not\u00edcia Online","twitter:description":"Nascida em 23 de maio de 1921 Falecida em 25 de janeiro de 1954 Petrina Calcagno Bandeira de Melo nasceu no dia 23 de maio de 1921 no distrito de Boa Fam\u00edlia, munic\u00edpio de Muria\u00e9. Ela era filha do Professor Miguel Calcagno, italiano de N\u00e1polis, e de Rosa Calcagno Oliveira, natural de Sumidouro de Minas","twitter:image":"https:\/\/scontent-gig4-1.xx.fbcdn.net\/v\/t39.30808-1\/270437624_4564083193639691_6907940295614233970_n.jpg?stp=dst-jpg_s200x200_tt6&_nc_cat=111&ccb=1-7&_nc_sid=f907e8&_nc_ohc=SM1wRlP3lJwQ7kNvwEPuBYA&_nc_oc=AdnqrjDN_BNjSSHWO-GbkIWH6fkGMLw4bqvL_NH6e2wMveX7G-rP2dAqsDSq1mJMOaY&_nc_zt=24&_nc_ht=scontent-gig4-1.xx&_nc_gid=AoBFJeGrT1hVaew_6rchkQ&oh=00_AfX7QmFGhQhG2jAllVgXCiM1ZrWgvtp80-Bfppyexh1QEg&oe=689E923C"},"aioseo_meta_data":{"post_id":"8042","title":null,"description":null,"keywords":null,"keyphrases":null,"primary_term":null,"canonical_url":null,"og_title":null,"og_description":null,"og_object_type":"default","og_image_type":"default","og_image_url":null,"og_image_width":null,"og_image_height":null,"og_image_custom_url":null,"og_image_custom_fields":null,"og_video":null,"og_custom_url":null,"og_article_section":null,"og_article_tags":null,"twitter_use_og":false,"twitter_card":"default","twitter_image_type":"default","twitter_image_url":null,"twitter_image_custom_url":null,"twitter_image_custom_fields":null,"twitter_title":null,"twitter_description":null,"schema":{"blockGraphs":[],"customGraphs":[],"default":{"data":{"Article":[],"Course":[],"Dataset":[],"FAQPage":[],"Movie":[],"Person":[],"Product":[],"ProductReview":[],"Car":[],"Recipe":[],"Service":[],"SoftwareApplication":[],"WebPage":[]},"graphName":"","isEnabled":true},"graphs":[]},"schema_type":"default","schema_type_options":null,"pillar_content":false,"robots_default":true,"robots_noindex":false,"robots_noarchive":false,"robots_nosnippet":false,"robots_nofollow":false,"robots_noimageindex":false,"robots_noodp":false,"robots_notranslate":false,"robots_max_snippet":null,"robots_max_videopreview":null,"robots_max_imagepreview":"large","priority":null,"frequency":null,"local_seo":null,"breadcrumb_settings":null,"limit_modified_date":false,"ai":null,"created":"2025-08-16 14:33:35","updated":"2025-08-16 14:33:35","focus_keyword":null,"additional_keywords":null,"truseo_locale":null,"seo_analyzer_scan_date":null},"aioseo_breadcrumb":"<div class=\"aioseo-breadcrumbs\"><span class=\"aioseo-breadcrumb\">\n\t\t\t<a href=\"https:\/\/anoticiaonline.com.br\/site\" title=\"Home\">Home<\/a>\n\t\t<\/span><span class=\"aioseo-breadcrumb-separator\">&raquo;<\/span><span class=\"aioseo-breadcrumb\">\n\t\t\t<a href=\"https:\/\/anoticiaonline.com.br\/site\/categoria\/colunistas\/\" title=\"Colunistas\">Colunistas<\/a>\n\t\t<\/span><span class=\"aioseo-breadcrumb-separator\">&raquo;<\/span><span class=\"aioseo-breadcrumb\">\n\t\t\t<a href=\"https:\/\/anoticiaonline.com.br\/site\/categoria\/colunistas\/nomes-da-nossa-terra-joao-carlos-vargas-e-flavia-alves-junqueira-memorial-municipal-de-muriae\/\" title=\"Nomes da Nossa Terra - Jo\u00e3o Carlos Vargas e Fl\u00e1via Alves Junqueira - Memorial Municipal de Muria\u00e9\">Nomes da Nossa Terra - Jo\u00e3o Carlos Vargas e Fl\u00e1via Alves Junqueira - Memorial Municipal de Muria\u00e9<\/a>\n\t\t<\/span><span class=\"aioseo-breadcrumb-separator\">&raquo;<\/span><span class=\"aioseo-breadcrumb\">\n\t\t\tPETRINA CALCAGNO BANDEIRA DE MELO\n\t\t<\/span><\/div>","aioseo_breadcrumb_json":[{"label":"Home","link":"https:\/\/anoticiaonline.com.br\/site"},{"label":"Colunistas","link":"https:\/\/anoticiaonline.com.br\/site\/categoria\/colunistas\/"},{"label":"Nomes da Nossa Terra - Jo\u00e3o Carlos Vargas e Fl\u00e1via Alves Junqueira - Memorial Municipal de Muria\u00e9","link":"https:\/\/anoticiaonline.com.br\/site\/categoria\/colunistas\/nomes-da-nossa-terra-joao-carlos-vargas-e-flavia-alves-junqueira-memorial-municipal-de-muriae\/"},{"label":"PETRINA CALCAGNO BANDEIRA DE MELO","link":"https:\/\/anoticiaonline.com.br\/site\/petrina-calcagno-bandeira-de-melo\/"}],"views":158,"_links":{"self":[{"href":"https:\/\/anoticiaonline.com.br\/site\/wp-json\/wp\/v2\/posts\/8042","targetHints":{"allow":["GET"]}}],"collection":[{"href":"https:\/\/anoticiaonline.com.br\/site\/wp-json\/wp\/v2\/posts"}],"about":[{"href":"https:\/\/anoticiaonline.com.br\/site\/wp-json\/wp\/v2\/types\/post"}],"author":[{"embeddable":true,"href":"https:\/\/anoticiaonline.com.br\/site\/wp-json\/wp\/v2\/users\/2"}],"replies":[{"embeddable":true,"href":"https:\/\/anoticiaonline.com.br\/site\/wp-json\/wp\/v2\/comments?post=8042"}],"version-history":[{"count":0,"href":"https:\/\/anoticiaonline.com.br\/site\/wp-json\/wp\/v2\/posts\/8042\/revisions"}],"wp:attachment":[{"href":"https:\/\/anoticiaonline.com.br\/site\/wp-json\/wp\/v2\/media?parent=8042"}],"wp:term":[{"taxonomy":"category","embeddable":true,"href":"https:\/\/anoticiaonline.com.br\/site\/wp-json\/wp\/v2\/categories?post=8042"},{"taxonomy":"post_tag","embeddable":true,"href":"https:\/\/anoticiaonline.com.br\/site\/wp-json\/wp\/v2\/tags?post=8042"}],"curies":[{"name":"wp","href":"https:\/\/api.w.org\/{rel}","templated":true}]}}