{"id":7954,"date":"2015-12-16T17:03:55","date_gmt":"2015-12-16T20:03:55","guid":{"rendered":"http:\/\/anoticiaonline.com.br\/site\/?p=7954"},"modified":"2015-12-16T17:03:55","modified_gmt":"2015-12-16T20:03:55","slug":"oitenta-alunos-de-mirai-se-formam-no-progea","status":"publish","type":"post","link":"https:\/\/anoticiaonline.com.br\/site\/oitenta-alunos-de-mirai-se-formam-no-progea\/","title":{"rendered":"Oitenta alunos de Mira\u00ed se formam no PROGEA"},"content":{"rendered":"<p><a href=\"https:\/\/anoticiaonline.com.br\/site\/wp-content\/uploads\/2015\/12\/Oitenta-alunos-de-Mira\u00ed-se-formam-no-PROGEA.jpg\"><img fetchpriority=\"high\" decoding=\"async\" class=\" size-medium wp-image-7970 alignleft\" src=\"https:\/\/anoticiaonline.com.br\/site\/wp-content\/uploads\/2015\/12\/Oitenta-alunos-de-Mira\u00ed-se-formam-no-PROGEA-300x225.jpg\" alt=\"Oitenta alunos de Mira\u00ed se formam no PROGEA\" width=\"300\" height=\"225\" \/><\/a>Oitenta alunos da Escola Municipal Dr. Justino Pereira, de Mira\u00ed, se formaram no Programa de Educa\u00e7\u00e3o Ambiental (PROGEA), desenvolvido pela Pol\u00edcia Militar de Meio Ambiente.<\/p>\n<p>A formatura, que aconteceu na noite de ter\u00e7a-feira (15), no Clube da Terceira Idade daquele munic\u00edpio, contou com a presen\u00e7a do comandante da 4\u00aa Companhia Independente de Meio Ambiente e Tr\u00e2nsito de Juiz de Fora, tenente-coronel Mois\u00e9s Ricardo Pinto, do comandante do 5\u00ba Pelot\u00e3o de Meio Ambiente de Cataguases, tenente Andr\u00e9 Barbosa, do prefeito de Mira\u00ed, Jos\u00e9 Ronaldo Milani, do vice, Jaime Ant\u00f4nio Vargas, dos secret\u00e1rios de Educa\u00e7\u00e3o e de Agricultura e Meio Ambiente, respectivamente Jorge Luiz Mazon e Tarick Rodrigues, al\u00e9m de pais e colaboradores do programa.<\/p>\n<p><a href=\"https:\/\/anoticiaonline.com.br\/site\/wp-content\/uploads\/2015\/12\/IMG-20151216-WA0008.jpg\"><img decoding=\"async\" class=\" size-medium wp-image-7971 alignleft\" src=\"https:\/\/anoticiaonline.com.br\/site\/wp-content\/uploads\/2015\/12\/IMG-20151216-WA0008-300x225.jpg\" alt=\"IMG-20151216-WA0008\" width=\"300\" height=\"225\" \/><\/a>Esta foi a primeira turma a se formar no PROGEA em Mira\u00ed. O programa tem o objetivo de informar e formar crian\u00e7as sobre a import\u00e2ncia da preserva\u00e7\u00e3o do meio ambiente e estimular estudantes das escolas das redes p\u00fablicas e particulares do Estado de Minas Gerais a serem competentes e h\u00e1beis para a ado\u00e7\u00e3o de comportamentos socioambientais que visem contribuir para a preven\u00e7\u00e3o ambiental, a sustentabilidade e melhoria da qualidade de vida, conhecendo e reconhecendo o meio ambiente onde se encontram inseridos.<\/p>\n<p>Os alunos leram as melhores reda\u00e7\u00f5es sobre o tema ambiental e apresentaram uma dan\u00e7a para os presentes sobre salvar as nascentes.<\/p>\n","protected":false},"excerpt":{"rendered":"<p>Oitenta alunos da Escola Municipal Dr. Justino Pereira, de Mira\u00ed, se formaram no Programa de Educa\u00e7\u00e3o Ambiental (PROGEA), desenvolvido pela Pol\u00edcia Militar de Meio Ambiente. A formatura, que aconteceu na noite de ter\u00e7a-feira (15), no Clube da Terceira Idade daquele munic\u00edpio, contou com a presen\u00e7a do comandante da 4\u00aa Companhia Independente de Meio Ambiente e &#8230; <a title=\"Oitenta alunos de Mira\u00ed se formam no PROGEA\" class=\"read-more\" href=\"https:\/\/anoticiaonline.com.br\/site\/oitenta-alunos-de-mirai-se-formam-no-progea\/\" aria-label=\"Read more about Oitenta alunos de Mira\u00ed se formam no PROGEA\">Ler mais<\/a><\/p>\n","protected":false},"author":2,"featured_media":0,"comment_status":"open","ping_status":"open","sticky":false,"template":"","format":"standard","meta":{"_acf_changed":false,"_monsterinsights_skip_tracking":false,"footnotes":""},"categories":[6],"tags":[3],"class_list":["post-7954","post","type-post","status-publish","format-standard","hentry","category-regiao","tag-slide"],"acf":[],"aioseo_notices":[],"aioseo_head":"\n\t\t<!-- All in One SEO 5.0.0.1 - aioseo.com -->\n\t<meta name=\"description\" content=\"Oitenta alunos da Escola Municipal Dr. Justino Pereira, de Mira\u00ed, se formaram no Programa de Educa\u00e7\u00e3o Ambiental (PROGEA), desenvolvido pela Pol\u00edcia Militar de Meio Ambiente. A formatura, que aconteceu na noite de ter\u00e7a-feira (15), no Clube da Terceira Idade daquele munic\u00edpio, contou com a presen\u00e7a do comandante da 4\u00aa Companhia Independente de Meio Ambiente e\" \/>\n\t<meta name=\"robots\" content=\"max-image-preview:large\" \/>\n\t<meta name=\"author\" content=\"Juliana Laviola\"\/>\n\t<link rel=\"canonical\" href=\"https:\/\/anoticiaonline.com.br\/site\/oitenta-alunos-de-mirai-se-formam-no-progea\/\" \/>\n\t<meta name=\"generator\" content=\"All in One SEO (AIOSEO) 5.0.0.1\" \/>\n\t\t<meta property=\"og:locale\" content=\"pt_BR\" \/>\n\t\t<meta property=\"og:site_name\" content=\"A Not\u00edcia Online - Noticias de Muria\u00e9 e regi\u00e3o\" \/>\n\t\t<meta property=\"og:type\" content=\"article\" \/>\n\t\t<meta property=\"og:title\" content=\"Oitenta alunos de Mira\u00ed se formam no PROGEA - A Not\u00edcia Online\" \/>\n\t\t<meta property=\"og:description\" content=\"Oitenta alunos da Escola Municipal Dr. Justino Pereira, de Mira\u00ed, se formaram no Programa de Educa\u00e7\u00e3o Ambiental (PROGEA), desenvolvido pela Pol\u00edcia Militar de Meio Ambiente. A formatura, que aconteceu na noite de ter\u00e7a-feira (15), no Clube da Terceira Idade daquele munic\u00edpio, contou com a presen\u00e7a do comandante da 4\u00aa Companhia Independente de Meio Ambiente e\" \/>\n\t\t<meta property=\"og:url\" content=\"https:\/\/anoticiaonline.com.br\/site\/oitenta-alunos-de-mirai-se-formam-no-progea\/\" \/>\n\t\t<meta property=\"og:image\" content=\"https:\/\/scontent-gig4-1.xx.fbcdn.net\/v\/t39.30808-1\/270437624_4564083193639691_6907940295614233970_n.jpg?stp=dst-jpg_s200x200_tt6&#038;_nc_cat=111&#038;ccb=1-7&#038;_nc_sid=f907e8&#038;_nc_ohc=SM1wRlP3lJwQ7kNvwEPuBYA&#038;_nc_oc=AdnqrjDN_BNjSSHWO-GbkIWH6fkGMLw4bqvL_NH6e2wMveX7G-rP2dAqsDSq1mJMOaY&#038;_nc_zt=24&#038;_nc_ht=scontent-gig4-1.xx&#038;_nc_gid=AoBFJeGrT1hVaew_6rchkQ&#038;oh=00_AfX7QmFGhQhG2jAllVgXCiM1ZrWgvtp80-Bfppyexh1QEg&#038;oe=689E923C\" \/>\n\t\t<meta property=\"og:image:secure_url\" content=\"https:\/\/scontent-gig4-1.xx.fbcdn.net\/v\/t39.30808-1\/270437624_4564083193639691_6907940295614233970_n.jpg?stp=dst-jpg_s200x200_tt6&#038;_nc_cat=111&#038;ccb=1-7&#038;_nc_sid=f907e8&#038;_nc_ohc=SM1wRlP3lJwQ7kNvwEPuBYA&#038;_nc_oc=AdnqrjDN_BNjSSHWO-GbkIWH6fkGMLw4bqvL_NH6e2wMveX7G-rP2dAqsDSq1mJMOaY&#038;_nc_zt=24&#038;_nc_ht=scontent-gig4-1.xx&#038;_nc_gid=AoBFJeGrT1hVaew_6rchkQ&#038;oh=00_AfX7QmFGhQhG2jAllVgXCiM1ZrWgvtp80-Bfppyexh1QEg&#038;oe=689E923C\" \/>\n\t\t<meta property=\"article:published_time\" content=\"2015-12-16T20:03:55+00:00\" \/>\n\t\t<meta property=\"article:modified_time\" content=\"2015-12-16T20:03:55+00:00\" \/>\n\t\t<meta name=\"twitter:card\" content=\"summary_large_image\" \/>\n\t\t<meta name=\"twitter:title\" content=\"Oitenta alunos de Mira\u00ed se formam no PROGEA - A Not\u00edcia Online\" \/>\n\t\t<meta name=\"twitter:description\" content=\"Oitenta alunos da Escola Municipal Dr. Justino Pereira, de Mira\u00ed, se formaram no Programa de Educa\u00e7\u00e3o Ambiental (PROGEA), desenvolvido pela Pol\u00edcia Militar de Meio Ambiente. A formatura, que aconteceu na noite de ter\u00e7a-feira (15), no Clube da Terceira Idade daquele munic\u00edpio, contou com a presen\u00e7a do comandante da 4\u00aa Companhia Independente de Meio Ambiente e\" \/>\n\t\t<meta name=\"twitter:image\" content=\"https:\/\/scontent-gig4-1.xx.fbcdn.net\/v\/t39.30808-1\/270437624_4564083193639691_6907940295614233970_n.jpg?stp=dst-jpg_s200x200_tt6&amp;_nc_cat=111&amp;ccb=1-7&amp;_nc_sid=f907e8&amp;_nc_ohc=SM1wRlP3lJwQ7kNvwEPuBYA&amp;_nc_oc=AdnqrjDN_BNjSSHWO-GbkIWH6fkGMLw4bqvL_NH6e2wMveX7G-rP2dAqsDSq1mJMOaY&amp;_nc_zt=24&amp;_nc_ht=scontent-gig4-1.xx&amp;_nc_gid=AoBFJeGrT1hVaew_6rchkQ&amp;oh=00_AfX7QmFGhQhG2jAllVgXCiM1ZrWgvtp80-Bfppyexh1QEg&amp;oe=689E923C\" \/>\n\t\t<script type=\"application\/ld+json\" class=\"aioseo-schema\">\n\t\t\t{\"@context\":\"https:\\\/\\\/schema.org\",\"@graph\":[{\"@type\":\"BlogPosting\",\"@id\":\"https:\\\/\\\/anoticiaonline.com.br\\\/site\\\/oitenta-alunos-de-mirai-se-formam-no-progea\\\/#blogposting\",\"name\":\"Oitenta alunos de Mira\\u00ed se formam no PROGEA - A Not\\u00edcia Online\",\"headline\":\"Oitenta alunos de Mira\\u00ed se formam no PROGEA\",\"author\":{\"@id\":\"https:\\\/\\\/anoticiaonline.com.br\\\/site\\\/author\\\/juliana\\\/#author\"},\"publisher\":{\"@id\":\"https:\\\/\\\/anoticiaonline.com.br\\\/site\\\/#organization\"},\"image\":{\"@type\":\"ImageObject\",\"url\":\"http:\\\/\\\/anoticiaonline.com.br\\\/site\\\/wp-content\\\/uploads\\\/2015\\\/12\\\/Oitenta-alunos-de-Mira\\u00ed-se-formam-no-PROGEA-300x225.jpg\",\"@id\":\"https:\\\/\\\/anoticiaonline.com.br\\\/site\\\/oitenta-alunos-de-mirai-se-formam-no-progea\\\/#articleImage\"},\"datePublished\":\"2015-12-16T17:03:55-03:00\",\"dateModified\":\"2015-12-16T17:03:55-03:00\",\"inLanguage\":\"pt-BR\",\"mainEntityOfPage\":{\"@id\":\"https:\\\/\\\/anoticiaonline.com.br\\\/site\\\/oitenta-alunos-de-mirai-se-formam-no-progea\\\/#webpage\"},\"isPartOf\":{\"@id\":\"https:\\\/\\\/anoticiaonline.com.br\\\/site\\\/oitenta-alunos-de-mirai-se-formam-no-progea\\\/#webpage\"},\"articleSection\":\"Regi\\u00e3o, slide\"},{\"@type\":\"BreadcrumbList\",\"@id\":\"https:\\\/\\\/anoticiaonline.com.br\\\/site\\\/oitenta-alunos-de-mirai-se-formam-no-progea\\\/#breadcrumblist\",\"itemListElement\":[{\"@type\":\"ListItem\",\"@id\":\"https:\\\/\\\/anoticiaonline.com.br\\\/site#listItem\",\"position\":1,\"name\":\"Home\",\"item\":\"https:\\\/\\\/anoticiaonline.com.br\\\/site\",\"nextItem\":{\"@type\":\"ListItem\",\"@id\":\"https:\\\/\\\/anoticiaonline.com.br\\\/site\\\/categoria\\\/regiao\\\/#listItem\",\"name\":\"Regi\\u00e3o\"}},{\"@type\":\"ListItem\",\"@id\":\"https:\\\/\\\/anoticiaonline.com.br\\\/site\\\/categoria\\\/regiao\\\/#listItem\",\"position\":2,\"name\":\"Regi\\u00e3o\",\"item\":\"https:\\\/\\\/anoticiaonline.com.br\\\/site\\\/categoria\\\/regiao\\\/\",\"nextItem\":{\"@type\":\"ListItem\",\"@id\":\"https:\\\/\\\/anoticiaonline.com.br\\\/site\\\/oitenta-alunos-de-mirai-se-formam-no-progea\\\/#listItem\",\"name\":\"Oitenta alunos de Mira\\u00ed se formam no PROGEA\"},\"previousItem\":{\"@type\":\"ListItem\",\"@id\":\"https:\\\/\\\/anoticiaonline.com.br\\\/site#listItem\",\"name\":\"Home\"}},{\"@type\":\"ListItem\",\"@id\":\"https:\\\/\\\/anoticiaonline.com.br\\\/site\\\/oitenta-alunos-de-mirai-se-formam-no-progea\\\/#listItem\",\"position\":3,\"name\":\"Oitenta alunos de Mira\\u00ed se formam no PROGEA\",\"previousItem\":{\"@type\":\"ListItem\",\"@id\":\"https:\\\/\\\/anoticiaonline.com.br\\\/site\\\/categoria\\\/regiao\\\/#listItem\",\"name\":\"Regi\\u00e3o\"}}]},{\"@type\":\"Organization\",\"@id\":\"https:\\\/\\\/anoticiaonline.com.br\\\/site\\\/#organization\",\"name\":\"A Not\\u00edcia Online\",\"description\":\"Noticias de Muria\\u00e9 e regi\\u00e3o\",\"url\":\"https:\\\/\\\/anoticiaonline.com.br\\\/site\\\/\",\"logo\":{\"@type\":\"ImageObject\",\"url\":\"https:\\\/\\\/scontent-gig4-1.xx.fbcdn.net\\\/v\\\/t39.30808-1\\\/270437624_4564083193639691_6907940295614233970_n.jpg?stp=dst-jpg_s200x200_tt6&_nc_cat=111&ccb=1-7&_nc_sid=f907e8&_nc_ohc=SM1wRlP3lJwQ7kNvwEPuBYA&_nc_oc=AdnqrjDN_BNjSSHWO-GbkIWH6fkGMLw4bqvL_NH6e2wMveX7G-rP2dAqsDSq1mJMOaY&_nc_zt=24&_nc_ht=scontent-gig4-1.xx&_nc_gid=AoBFJeGrT1hVaew_6rchkQ&oh=00_AfX7QmFGhQhG2jAllVgXCiM1ZrWgvtp80-Bfppyexh1QEg&oe=689E923C\",\"@id\":\"https:\\\/\\\/anoticiaonline.com.br\\\/site\\\/oitenta-alunos-de-mirai-se-formam-no-progea\\\/#organizationLogo\"},\"image\":{\"@id\":\"https:\\\/\\\/anoticiaonline.com.br\\\/site\\\/oitenta-alunos-de-mirai-se-formam-no-progea\\\/#organizationLogo\"}},{\"@type\":\"Person\",\"@id\":\"https:\\\/\\\/anoticiaonline.com.br\\\/site\\\/author\\\/juliana\\\/#author\",\"url\":\"https:\\\/\\\/anoticiaonline.com.br\\\/site\\\/author\\\/juliana\\\/\",\"name\":\"Juliana Laviola\",\"image\":{\"@type\":\"ImageObject\",\"@id\":\"https:\\\/\\\/anoticiaonline.com.br\\\/site\\\/oitenta-alunos-de-mirai-se-formam-no-progea\\\/#authorImage\",\"url\":\"https:\\\/\\\/secure.gravatar.com\\\/avatar\\\/b8d45f5c699b100dfaf0e543582f38f38bf94cb7ae3a5e9abf8d891a34773335?s=96&d=mm&r=g\",\"width\":96,\"height\":96,\"caption\":\"Juliana Laviola\"}},{\"@type\":\"WebPage\",\"@id\":\"https:\\\/\\\/anoticiaonline.com.br\\\/site\\\/oitenta-alunos-de-mirai-se-formam-no-progea\\\/#webpage\",\"url\":\"https:\\\/\\\/anoticiaonline.com.br\\\/site\\\/oitenta-alunos-de-mirai-se-formam-no-progea\\\/\",\"name\":\"Oitenta alunos de Mira\\u00ed se formam no PROGEA - A Not\\u00edcia Online\",\"description\":\"Oitenta alunos da Escola Municipal Dr. Justino Pereira, de Mira\\u00ed, se formaram no Programa de Educa\\u00e7\\u00e3o Ambiental (PROGEA), desenvolvido pela Pol\\u00edcia Militar de Meio Ambiente. A formatura, que aconteceu na noite de ter\\u00e7a-feira (15), no Clube da Terceira Idade daquele munic\\u00edpio, contou com a presen\\u00e7a do comandante da 4\\u00aa Companhia Independente de Meio Ambiente e\",\"inLanguage\":\"pt-BR\",\"isPartOf\":{\"@id\":\"https:\\\/\\\/anoticiaonline.com.br\\\/site\\\/#website\"},\"breadcrumb\":{\"@id\":\"https:\\\/\\\/anoticiaonline.com.br\\\/site\\\/oitenta-alunos-de-mirai-se-formam-no-progea\\\/#breadcrumblist\"},\"author\":{\"@id\":\"https:\\\/\\\/anoticiaonline.com.br\\\/site\\\/author\\\/juliana\\\/#author\"},\"creator\":{\"@id\":\"https:\\\/\\\/anoticiaonline.com.br\\\/site\\\/author\\\/juliana\\\/#author\"},\"datePublished\":\"2015-12-16T17:03:55-03:00\",\"dateModified\":\"2015-12-16T17:03:55-03:00\"},{\"@type\":\"WebSite\",\"@id\":\"https:\\\/\\\/anoticiaonline.com.br\\\/site\\\/#website\",\"url\":\"https:\\\/\\\/anoticiaonline.com.br\\\/site\\\/\",\"name\":\"A Not\\u00edcia Online\",\"description\":\"Noticias de Muria\\u00e9 e regi\\u00e3o\",\"inLanguage\":\"pt-BR\",\"publisher\":{\"@id\":\"https:\\\/\\\/anoticiaonline.com.br\\\/site\\\/#organization\"}}]}\n\t\t<\/script>\n\t\t<!-- All in One SEO -->\n\n","aioseo_head_json":{"title":"Oitenta alunos de Mira\u00ed se formam no PROGEA - A Not\u00edcia Online","description":"Oitenta alunos da Escola Municipal Dr. Justino Pereira, de Mira\u00ed, se formaram no Programa de Educa\u00e7\u00e3o Ambiental (PROGEA), desenvolvido pela Pol\u00edcia Militar de Meio Ambiente. A formatura, que aconteceu na noite de ter\u00e7a-feira (15), no Clube da Terceira Idade daquele munic\u00edpio, contou com a presen\u00e7a do comandante da 4\u00aa Companhia Independente de Meio Ambiente e","canonical_url":"https:\/\/anoticiaonline.com.br\/site\/oitenta-alunos-de-mirai-se-formam-no-progea\/","robots":"max-image-preview:large","keywords":"","webmasterTools":{"miscellaneous":""},"schema":{"@context":"https:\/\/schema.org","@graph":[{"@type":"BlogPosting","@id":"https:\/\/anoticiaonline.com.br\/site\/oitenta-alunos-de-mirai-se-formam-no-progea\/#blogposting","name":"Oitenta alunos de Mira\u00ed se formam no PROGEA - A Not\u00edcia Online","headline":"Oitenta alunos de Mira\u00ed se formam no PROGEA","author":{"@id":"https:\/\/anoticiaonline.com.br\/site\/author\/juliana\/#author"},"publisher":{"@id":"https:\/\/anoticiaonline.com.br\/site\/#organization"},"image":{"@type":"ImageObject","url":"http:\/\/anoticiaonline.com.br\/site\/wp-content\/uploads\/2015\/12\/Oitenta-alunos-de-Mira\u00ed-se-formam-no-PROGEA-300x225.jpg","@id":"https:\/\/anoticiaonline.com.br\/site\/oitenta-alunos-de-mirai-se-formam-no-progea\/#articleImage"},"datePublished":"2015-12-16T17:03:55-03:00","dateModified":"2015-12-16T17:03:55-03:00","inLanguage":"pt-BR","mainEntityOfPage":{"@id":"https:\/\/anoticiaonline.com.br\/site\/oitenta-alunos-de-mirai-se-formam-no-progea\/#webpage"},"isPartOf":{"@id":"https:\/\/anoticiaonline.com.br\/site\/oitenta-alunos-de-mirai-se-formam-no-progea\/#webpage"},"articleSection":"Regi\u00e3o, slide"},{"@type":"BreadcrumbList","@id":"https:\/\/anoticiaonline.com.br\/site\/oitenta-alunos-de-mirai-se-formam-no-progea\/#breadcrumblist","itemListElement":[{"@type":"ListItem","@id":"https:\/\/anoticiaonline.com.br\/site#listItem","position":1,"name":"Home","item":"https:\/\/anoticiaonline.com.br\/site","nextItem":{"@type":"ListItem","@id":"https:\/\/anoticiaonline.com.br\/site\/categoria\/regiao\/#listItem","name":"Regi\u00e3o"}},{"@type":"ListItem","@id":"https:\/\/anoticiaonline.com.br\/site\/categoria\/regiao\/#listItem","position":2,"name":"Regi\u00e3o","item":"https:\/\/anoticiaonline.com.br\/site\/categoria\/regiao\/","nextItem":{"@type":"ListItem","@id":"https:\/\/anoticiaonline.com.br\/site\/oitenta-alunos-de-mirai-se-formam-no-progea\/#listItem","name":"Oitenta alunos de Mira\u00ed se formam no PROGEA"},"previousItem":{"@type":"ListItem","@id":"https:\/\/anoticiaonline.com.br\/site#listItem","name":"Home"}},{"@type":"ListItem","@id":"https:\/\/anoticiaonline.com.br\/site\/oitenta-alunos-de-mirai-se-formam-no-progea\/#listItem","position":3,"name":"Oitenta alunos de Mira\u00ed se formam no PROGEA","previousItem":{"@type":"ListItem","@id":"https:\/\/anoticiaonline.com.br\/site\/categoria\/regiao\/#listItem","name":"Regi\u00e3o"}}]},{"@type":"Organization","@id":"https:\/\/anoticiaonline.com.br\/site\/#organization","name":"A Not\u00edcia Online","description":"Noticias de Muria\u00e9 e regi\u00e3o","url":"https:\/\/anoticiaonline.com.br\/site\/","logo":{"@type":"ImageObject","url":"https:\/\/scontent-gig4-1.xx.fbcdn.net\/v\/t39.30808-1\/270437624_4564083193639691_6907940295614233970_n.jpg?stp=dst-jpg_s200x200_tt6&_nc_cat=111&ccb=1-7&_nc_sid=f907e8&_nc_ohc=SM1wRlP3lJwQ7kNvwEPuBYA&_nc_oc=AdnqrjDN_BNjSSHWO-GbkIWH6fkGMLw4bqvL_NH6e2wMveX7G-rP2dAqsDSq1mJMOaY&_nc_zt=24&_nc_ht=scontent-gig4-1.xx&_nc_gid=AoBFJeGrT1hVaew_6rchkQ&oh=00_AfX7QmFGhQhG2jAllVgXCiM1ZrWgvtp80-Bfppyexh1QEg&oe=689E923C","@id":"https:\/\/anoticiaonline.com.br\/site\/oitenta-alunos-de-mirai-se-formam-no-progea\/#organizationLogo"},"image":{"@id":"https:\/\/anoticiaonline.com.br\/site\/oitenta-alunos-de-mirai-se-formam-no-progea\/#organizationLogo"}},{"@type":"Person","@id":"https:\/\/anoticiaonline.com.br\/site\/author\/juliana\/#author","url":"https:\/\/anoticiaonline.com.br\/site\/author\/juliana\/","name":"Juliana Laviola","image":{"@type":"ImageObject","@id":"https:\/\/anoticiaonline.com.br\/site\/oitenta-alunos-de-mirai-se-formam-no-progea\/#authorImage","url":"https:\/\/secure.gravatar.com\/avatar\/b8d45f5c699b100dfaf0e543582f38f38bf94cb7ae3a5e9abf8d891a34773335?s=96&d=mm&r=g","width":96,"height":96,"caption":"Juliana Laviola"}},{"@type":"WebPage","@id":"https:\/\/anoticiaonline.com.br\/site\/oitenta-alunos-de-mirai-se-formam-no-progea\/#webpage","url":"https:\/\/anoticiaonline.com.br\/site\/oitenta-alunos-de-mirai-se-formam-no-progea\/","name":"Oitenta alunos de Mira\u00ed se formam no PROGEA - A Not\u00edcia Online","description":"Oitenta alunos da Escola Municipal Dr. Justino Pereira, de Mira\u00ed, se formaram no Programa de Educa\u00e7\u00e3o Ambiental (PROGEA), desenvolvido pela Pol\u00edcia Militar de Meio Ambiente. A formatura, que aconteceu na noite de ter\u00e7a-feira (15), no Clube da Terceira Idade daquele munic\u00edpio, contou com a presen\u00e7a do comandante da 4\u00aa Companhia Independente de Meio Ambiente e","inLanguage":"pt-BR","isPartOf":{"@id":"https:\/\/anoticiaonline.com.br\/site\/#website"},"breadcrumb":{"@id":"https:\/\/anoticiaonline.com.br\/site\/oitenta-alunos-de-mirai-se-formam-no-progea\/#breadcrumblist"},"author":{"@id":"https:\/\/anoticiaonline.com.br\/site\/author\/juliana\/#author"},"creator":{"@id":"https:\/\/anoticiaonline.com.br\/site\/author\/juliana\/#author"},"datePublished":"2015-12-16T17:03:55-03:00","dateModified":"2015-12-16T17:03:55-03:00"},{"@type":"WebSite","@id":"https:\/\/anoticiaonline.com.br\/site\/#website","url":"https:\/\/anoticiaonline.com.br\/site\/","name":"A Not\u00edcia Online","description":"Noticias de Muria\u00e9 e regi\u00e3o","inLanguage":"pt-BR","publisher":{"@id":"https:\/\/anoticiaonline.com.br\/site\/#organization"}}]},"og:locale":"pt_BR","og:site_name":"A Not\u00edcia Online - Noticias de Muria\u00e9 e regi\u00e3o","og:type":"article","og:title":"Oitenta alunos de Mira\u00ed se formam no PROGEA - A Not\u00edcia Online","og:description":"Oitenta alunos da Escola Municipal Dr. Justino Pereira, de Mira\u00ed, se formaram no Programa de Educa\u00e7\u00e3o Ambiental (PROGEA), desenvolvido pela Pol\u00edcia Militar de Meio Ambiente. A formatura, que aconteceu na noite de ter\u00e7a-feira (15), no Clube da Terceira Idade daquele munic\u00edpio, contou com a presen\u00e7a do comandante da 4\u00aa Companhia Independente de Meio Ambiente e","og:url":"https:\/\/anoticiaonline.com.br\/site\/oitenta-alunos-de-mirai-se-formam-no-progea\/","og:image":"https:\/\/scontent-gig4-1.xx.fbcdn.net\/v\/t39.30808-1\/270437624_4564083193639691_6907940295614233970_n.jpg?stp=dst-jpg_s200x200_tt6&#038;_nc_cat=111&#038;ccb=1-7&#038;_nc_sid=f907e8&#038;_nc_ohc=SM1wRlP3lJwQ7kNvwEPuBYA&#038;_nc_oc=AdnqrjDN_BNjSSHWO-GbkIWH6fkGMLw4bqvL_NH6e2wMveX7G-rP2dAqsDSq1mJMOaY&#038;_nc_zt=24&#038;_nc_ht=scontent-gig4-1.xx&#038;_nc_gid=AoBFJeGrT1hVaew_6rchkQ&#038;oh=00_AfX7QmFGhQhG2jAllVgXCiM1ZrWgvtp80-Bfppyexh1QEg&#038;oe=689E923C","og:image:secure_url":"https:\/\/scontent-gig4-1.xx.fbcdn.net\/v\/t39.30808-1\/270437624_4564083193639691_6907940295614233970_n.jpg?stp=dst-jpg_s200x200_tt6&#038;_nc_cat=111&#038;ccb=1-7&#038;_nc_sid=f907e8&#038;_nc_ohc=SM1wRlP3lJwQ7kNvwEPuBYA&#038;_nc_oc=AdnqrjDN_BNjSSHWO-GbkIWH6fkGMLw4bqvL_NH6e2wMveX7G-rP2dAqsDSq1mJMOaY&#038;_nc_zt=24&#038;_nc_ht=scontent-gig4-1.xx&#038;_nc_gid=AoBFJeGrT1hVaew_6rchkQ&#038;oh=00_AfX7QmFGhQhG2jAllVgXCiM1ZrWgvtp80-Bfppyexh1QEg&#038;oe=689E923C","article:published_time":"2015-12-16T20:03:55+00:00","article:modified_time":"2015-12-16T20:03:55+00:00","twitter:card":"summary_large_image","twitter:title":"Oitenta alunos de Mira\u00ed se formam no PROGEA - A Not\u00edcia Online","twitter:description":"Oitenta alunos da Escola Municipal Dr. Justino Pereira, de Mira\u00ed, se formaram no Programa de Educa\u00e7\u00e3o Ambiental (PROGEA), desenvolvido pela Pol\u00edcia Militar de Meio Ambiente. A formatura, que aconteceu na noite de ter\u00e7a-feira (15), no Clube da Terceira Idade daquele munic\u00edpio, contou com a presen\u00e7a do comandante da 4\u00aa Companhia Independente de Meio Ambiente e","twitter:image":"https:\/\/scontent-gig4-1.xx.fbcdn.net\/v\/t39.30808-1\/270437624_4564083193639691_6907940295614233970_n.jpg?stp=dst-jpg_s200x200_tt6&_nc_cat=111&ccb=1-7&_nc_sid=f907e8&_nc_ohc=SM1wRlP3lJwQ7kNvwEPuBYA&_nc_oc=AdnqrjDN_BNjSSHWO-GbkIWH6fkGMLw4bqvL_NH6e2wMveX7G-rP2dAqsDSq1mJMOaY&_nc_zt=24&_nc_ht=scontent-gig4-1.xx&_nc_gid=AoBFJeGrT1hVaew_6rchkQ&oh=00_AfX7QmFGhQhG2jAllVgXCiM1ZrWgvtp80-Bfppyexh1QEg&oe=689E923C"},"aioseo_meta_data":{"post_id":"7954","title":null,"description":null,"keywords":null,"keyphrases":null,"primary_term":null,"canonical_url":null,"og_title":null,"og_description":null,"og_object_type":"default","og_image_type":"default","og_image_url":null,"og_image_width":null,"og_image_height":null,"og_image_custom_url":null,"og_image_custom_fields":null,"og_video":null,"og_custom_url":null,"og_article_section":null,"og_article_tags":null,"twitter_use_og":false,"twitter_card":"default","twitter_image_type":"default","twitter_image_url":null,"twitter_image_custom_url":null,"twitter_image_custom_fields":null,"twitter_title":null,"twitter_description":null,"schema":{"blockGraphs":[],"customGraphs":[],"default":{"data":{"Article":[],"Course":[],"Dataset":[],"FAQPage":[],"Movie":[],"Person":[],"Product":[],"ProductReview":[],"Car":[],"Recipe":[],"Service":[],"SoftwareApplication":[],"WebPage":[]},"graphName":"","isEnabled":true},"graphs":[]},"schema_type":"default","schema_type_options":null,"pillar_content":false,"robots_default":true,"robots_noindex":false,"robots_noarchive":false,"robots_nosnippet":false,"robots_nofollow":false,"robots_noimageindex":false,"robots_noodp":false,"robots_notranslate":false,"robots_max_snippet":null,"robots_max_videopreview":null,"robots_max_imagepreview":"large","priority":null,"frequency":null,"local_seo":null,"breadcrumb_settings":null,"limit_modified_date":false,"ai":null,"created":"2025-08-16 14:33:35","updated":"2025-08-16 14:33:35","focus_keyword":null,"additional_keywords":null,"truseo_locale":null,"seo_analyzer_scan_date":null},"aioseo_breadcrumb":"<div class=\"aioseo-breadcrumbs\"><span class=\"aioseo-breadcrumb\">\n\t\t\t<a href=\"https:\/\/anoticiaonline.com.br\/site\" title=\"Home\">Home<\/a>\n\t\t<\/span><span class=\"aioseo-breadcrumb-separator\">&raquo;<\/span><span class=\"aioseo-breadcrumb\">\n\t\t\t<a href=\"https:\/\/anoticiaonline.com.br\/site\/categoria\/regiao\/\" title=\"Regi\u00e3o\">Regi\u00e3o<\/a>\n\t\t<\/span><span class=\"aioseo-breadcrumb-separator\">&raquo;<\/span><span class=\"aioseo-breadcrumb\">\n\t\t\tOitenta alunos de Mira\u00ed se formam no PROGEA\n\t\t<\/span><\/div>","aioseo_breadcrumb_json":[{"label":"Home","link":"https:\/\/anoticiaonline.com.br\/site"},{"label":"Regi\u00e3o","link":"https:\/\/anoticiaonline.com.br\/site\/categoria\/regiao\/"},{"label":"Oitenta alunos de Mira\u00ed se formam no PROGEA","link":"https:\/\/anoticiaonline.com.br\/site\/oitenta-alunos-de-mirai-se-formam-no-progea\/"}],"views":141,"_links":{"self":[{"href":"https:\/\/anoticiaonline.com.br\/site\/wp-json\/wp\/v2\/posts\/7954","targetHints":{"allow":["GET"]}}],"collection":[{"href":"https:\/\/anoticiaonline.com.br\/site\/wp-json\/wp\/v2\/posts"}],"about":[{"href":"https:\/\/anoticiaonline.com.br\/site\/wp-json\/wp\/v2\/types\/post"}],"author":[{"embeddable":true,"href":"https:\/\/anoticiaonline.com.br\/site\/wp-json\/wp\/v2\/users\/2"}],"replies":[{"embeddable":true,"href":"https:\/\/anoticiaonline.com.br\/site\/wp-json\/wp\/v2\/comments?post=7954"}],"version-history":[{"count":0,"href":"https:\/\/anoticiaonline.com.br\/site\/wp-json\/wp\/v2\/posts\/7954\/revisions"}],"wp:attachment":[{"href":"https:\/\/anoticiaonline.com.br\/site\/wp-json\/wp\/v2\/media?parent=7954"}],"wp:term":[{"taxonomy":"category","embeddable":true,"href":"https:\/\/anoticiaonline.com.br\/site\/wp-json\/wp\/v2\/categories?post=7954"},{"taxonomy":"post_tag","embeddable":true,"href":"https:\/\/anoticiaonline.com.br\/site\/wp-json\/wp\/v2\/tags?post=7954"}],"curies":[{"name":"wp","href":"https:\/\/api.w.org\/{rel}","templated":true}]}}