{"id":7831,"date":"2015-12-15T07:00:22","date_gmt":"2015-12-15T10:00:22","guid":{"rendered":"http:\/\/anoticiaonline.com.br\/site\/?p=7831"},"modified":"2015-12-14T15:10:46","modified_gmt":"2015-12-14T18:10:46","slug":"atleta-de-muriae-e-campeao-sulamericano-de-jiu-jitsu","status":"publish","type":"post","link":"https:\/\/anoticiaonline.com.br\/site\/atleta-de-muriae-e-campeao-sulamericano-de-jiu-jitsu\/","title":{"rendered":"Atleta de Muria\u00e9 \u00e9 campe\u00e3o sulamericano de jiu-jitsu"},"content":{"rendered":"<p><a href=\"https:\/\/anoticiaonline.com.br\/site\/wp-content\/uploads\/2015\/12\/Atleta-de-Muria\u00e9-\u00e9-campe\u00e3o-sulamericano-de-jiu-jitsu.jpg\"><img fetchpriority=\"high\" decoding=\"async\" class=\" size-medium wp-image-7832 alignleft\" src=\"https:\/\/anoticiaonline.com.br\/site\/wp-content\/uploads\/2015\/12\/Atleta-de-Muria\u00e9-\u00e9-campe\u00e3o-sulamericano-de-jiu-jitsu-290x300.jpg\" alt=\"Atleta de Muria\u00e9 \u00e9 campe\u00e3o sulamericano de jiu-jitsu\" width=\"290\" height=\"300\" \/><\/a>O atleta de Muria\u00e9, Jair de Castro Silva Leonel, de 16 anos, subiu ao p\u00f3dio mais uma vez, ap\u00f3s vencer mais duas competi\u00e7\u00f5es internacionais: o Campeonato Sulamericano de Jiu-Jitsu e o Campeonato Sulamericano Submission. Ele, que \u00e9 natural de Guarani (MG), mas que mora na cidade h\u00e1 quase um ano, foi campe\u00e3o em tr\u00eas lutas, sendo duas por finaliza\u00e7\u00e3o. Os campeonatos, que aconteceram no s\u00e1bado (12), no Rio de Janeiro, foram organizados pela Confedera\u00e7\u00e3o Brasileira de Jiu Jitsu Profissional (CBJJP).<\/p>\n<p>Jair Leonel \u00e9 competidor na categoria Peso Pena. Al\u00e9m de treinar jiu-jtsu, ele tamb\u00e9m pratica muaythai.<\/p>\n<p>Neste ano, Jair j\u00e1 havia conquistado a Copa Pele Vermelha de Jiu Jitsu, em Astolfo Dutra; o Campeonato Mineiro de Muaythai, realizado em Muria\u00e9; o Opem Kids de Jiu Jitsu, em Porci\u00fancula (RJ); o Campeonato Absoluto Juvenil de Jiu Jitsu, tamb\u00e9m em Porci\u00fancula; o Campeonato Mundial Submission da CBJJP, no Rio de Janeiro; o terceiro lugar no Mundial de Jiu Jitsu da CBJJP, no Rio de Janeiro; e a Copa WCL de Jiu Jitsu, em Muria\u00e9.<\/p>\n","protected":false},"excerpt":{"rendered":"<p>O atleta de Muria\u00e9, Jair de Castro Silva Leonel, de 16 anos, subiu ao p\u00f3dio mais uma vez, ap\u00f3s vencer mais duas competi\u00e7\u00f5es internacionais: o Campeonato Sulamericano de Jiu-Jitsu e o Campeonato Sulamericano Submission. Ele, que \u00e9 natural de Guarani (MG), mas que mora na cidade h\u00e1 quase um ano, foi campe\u00e3o em tr\u00eas lutas, &#8230; <a title=\"Atleta de Muria\u00e9 \u00e9 campe\u00e3o sulamericano de jiu-jitsu\" class=\"read-more\" href=\"https:\/\/anoticiaonline.com.br\/site\/atleta-de-muriae-e-campeao-sulamericano-de-jiu-jitsu\/\" aria-label=\"Read more about Atleta de Muria\u00e9 \u00e9 campe\u00e3o sulamericano de jiu-jitsu\">Ler mais<\/a><\/p>\n","protected":false},"author":2,"featured_media":0,"comment_status":"open","ping_status":"open","sticky":false,"template":"","format":"standard","meta":{"_acf_changed":false,"_monsterinsights_skip_tracking":false,"footnotes":""},"categories":[29],"tags":[3],"class_list":["post-7831","post","type-post","status-publish","format-standard","hentry","category-esporte","tag-slide"],"acf":[],"aioseo_notices":[],"aioseo_head":"\n\t\t<!-- All in One SEO 5.0.0.1 - aioseo.com -->\n\t<meta name=\"description\" content=\"O atleta de Muria\u00e9, Jair de Castro Silva Leonel, de 16 anos, subiu ao p\u00f3dio mais uma vez, ap\u00f3s vencer mais duas competi\u00e7\u00f5es internacionais: o Campeonato Sulamericano de Jiu-Jitsu e o Campeonato Sulamericano Submission. Ele, que \u00e9 natural de Guarani (MG), mas que mora na cidade h\u00e1 quase um ano, foi campe\u00e3o em tr\u00eas lutas,\" \/>\n\t<meta name=\"robots\" content=\"max-image-preview:large\" \/>\n\t<meta name=\"author\" content=\"Juliana Laviola\"\/>\n\t<link rel=\"canonical\" href=\"https:\/\/anoticiaonline.com.br\/site\/atleta-de-muriae-e-campeao-sulamericano-de-jiu-jitsu\/\" \/>\n\t<meta name=\"generator\" content=\"All in One SEO (AIOSEO) 5.0.0.1\" \/>\n\t\t<meta property=\"og:locale\" content=\"pt_BR\" \/>\n\t\t<meta property=\"og:site_name\" content=\"A Not\u00edcia Online - Noticias de Muria\u00e9 e regi\u00e3o\" \/>\n\t\t<meta property=\"og:type\" content=\"article\" \/>\n\t\t<meta property=\"og:title\" content=\"Atleta de Muria\u00e9 \u00e9 campe\u00e3o sulamericano de jiu-jitsu - A Not\u00edcia Online\" \/>\n\t\t<meta property=\"og:description\" content=\"O atleta de Muria\u00e9, Jair de Castro Silva Leonel, de 16 anos, subiu ao p\u00f3dio mais uma vez, ap\u00f3s vencer mais duas competi\u00e7\u00f5es internacionais: o Campeonato Sulamericano de Jiu-Jitsu e o Campeonato Sulamericano Submission. Ele, que \u00e9 natural de Guarani (MG), mas que mora na cidade h\u00e1 quase um ano, foi campe\u00e3o em tr\u00eas lutas,\" \/>\n\t\t<meta property=\"og:url\" content=\"https:\/\/anoticiaonline.com.br\/site\/atleta-de-muriae-e-campeao-sulamericano-de-jiu-jitsu\/\" \/>\n\t\t<meta property=\"og:image\" content=\"https:\/\/scontent-gig4-1.xx.fbcdn.net\/v\/t39.30808-1\/270437624_4564083193639691_6907940295614233970_n.jpg?stp=dst-jpg_s200x200_tt6&#038;_nc_cat=111&#038;ccb=1-7&#038;_nc_sid=f907e8&#038;_nc_ohc=SM1wRlP3lJwQ7kNvwEPuBYA&#038;_nc_oc=AdnqrjDN_BNjSSHWO-GbkIWH6fkGMLw4bqvL_NH6e2wMveX7G-rP2dAqsDSq1mJMOaY&#038;_nc_zt=24&#038;_nc_ht=scontent-gig4-1.xx&#038;_nc_gid=AoBFJeGrT1hVaew_6rchkQ&#038;oh=00_AfX7QmFGhQhG2jAllVgXCiM1ZrWgvtp80-Bfppyexh1QEg&#038;oe=689E923C\" \/>\n\t\t<meta property=\"og:image:secure_url\" content=\"https:\/\/scontent-gig4-1.xx.fbcdn.net\/v\/t39.30808-1\/270437624_4564083193639691_6907940295614233970_n.jpg?stp=dst-jpg_s200x200_tt6&#038;_nc_cat=111&#038;ccb=1-7&#038;_nc_sid=f907e8&#038;_nc_ohc=SM1wRlP3lJwQ7kNvwEPuBYA&#038;_nc_oc=AdnqrjDN_BNjSSHWO-GbkIWH6fkGMLw4bqvL_NH6e2wMveX7G-rP2dAqsDSq1mJMOaY&#038;_nc_zt=24&#038;_nc_ht=scontent-gig4-1.xx&#038;_nc_gid=AoBFJeGrT1hVaew_6rchkQ&#038;oh=00_AfX7QmFGhQhG2jAllVgXCiM1ZrWgvtp80-Bfppyexh1QEg&#038;oe=689E923C\" \/>\n\t\t<meta property=\"article:published_time\" content=\"2015-12-15T10:00:22+00:00\" \/>\n\t\t<meta property=\"article:modified_time\" content=\"2015-12-14T18:10:46+00:00\" \/>\n\t\t<meta name=\"twitter:card\" content=\"summary_large_image\" \/>\n\t\t<meta name=\"twitter:title\" content=\"Atleta de Muria\u00e9 \u00e9 campe\u00e3o sulamericano de jiu-jitsu - A Not\u00edcia Online\" \/>\n\t\t<meta name=\"twitter:description\" content=\"O atleta de Muria\u00e9, Jair de Castro Silva Leonel, de 16 anos, subiu ao p\u00f3dio mais uma vez, ap\u00f3s vencer mais duas competi\u00e7\u00f5es internacionais: o Campeonato Sulamericano de Jiu-Jitsu e o Campeonato Sulamericano Submission. Ele, que \u00e9 natural de Guarani (MG), mas que mora na cidade h\u00e1 quase um ano, foi campe\u00e3o em tr\u00eas lutas,\" \/>\n\t\t<meta name=\"twitter:image\" content=\"https:\/\/scontent-gig4-1.xx.fbcdn.net\/v\/t39.30808-1\/270437624_4564083193639691_6907940295614233970_n.jpg?stp=dst-jpg_s200x200_tt6&amp;_nc_cat=111&amp;ccb=1-7&amp;_nc_sid=f907e8&amp;_nc_ohc=SM1wRlP3lJwQ7kNvwEPuBYA&amp;_nc_oc=AdnqrjDN_BNjSSHWO-GbkIWH6fkGMLw4bqvL_NH6e2wMveX7G-rP2dAqsDSq1mJMOaY&amp;_nc_zt=24&amp;_nc_ht=scontent-gig4-1.xx&amp;_nc_gid=AoBFJeGrT1hVaew_6rchkQ&amp;oh=00_AfX7QmFGhQhG2jAllVgXCiM1ZrWgvtp80-Bfppyexh1QEg&amp;oe=689E923C\" \/>\n\t\t<script type=\"application\/ld+json\" class=\"aioseo-schema\">\n\t\t\t{\"@context\":\"https:\\\/\\\/schema.org\",\"@graph\":[{\"@type\":\"BlogPosting\",\"@id\":\"https:\\\/\\\/anoticiaonline.com.br\\\/site\\\/atleta-de-muriae-e-campeao-sulamericano-de-jiu-jitsu\\\/#blogposting\",\"name\":\"Atleta de Muria\\u00e9 \\u00e9 campe\\u00e3o sulamericano de jiu-jitsu - A Not\\u00edcia Online\",\"headline\":\"Atleta de Muria\\u00e9 \\u00e9 campe\\u00e3o sulamericano de jiu-jitsu\",\"author\":{\"@id\":\"https:\\\/\\\/anoticiaonline.com.br\\\/site\\\/author\\\/juliana\\\/#author\"},\"publisher\":{\"@id\":\"https:\\\/\\\/anoticiaonline.com.br\\\/site\\\/#organization\"},\"image\":{\"@type\":\"ImageObject\",\"url\":\"http:\\\/\\\/anoticiaonline.com.br\\\/site\\\/wp-content\\\/uploads\\\/2015\\\/12\\\/Atleta-de-Muria\\u00e9-\\u00e9-campe\\u00e3o-sulamericano-de-jiu-jitsu-290x300.jpg\",\"@id\":\"https:\\\/\\\/anoticiaonline.com.br\\\/site\\\/atleta-de-muriae-e-campeao-sulamericano-de-jiu-jitsu\\\/#articleImage\"},\"datePublished\":\"2015-12-15T07:00:22-03:00\",\"dateModified\":\"2015-12-14T15:10:46-03:00\",\"inLanguage\":\"pt-BR\",\"mainEntityOfPage\":{\"@id\":\"https:\\\/\\\/anoticiaonline.com.br\\\/site\\\/atleta-de-muriae-e-campeao-sulamericano-de-jiu-jitsu\\\/#webpage\"},\"isPartOf\":{\"@id\":\"https:\\\/\\\/anoticiaonline.com.br\\\/site\\\/atleta-de-muriae-e-campeao-sulamericano-de-jiu-jitsu\\\/#webpage\"},\"articleSection\":\"Esporte, slide\"},{\"@type\":\"BreadcrumbList\",\"@id\":\"https:\\\/\\\/anoticiaonline.com.br\\\/site\\\/atleta-de-muriae-e-campeao-sulamericano-de-jiu-jitsu\\\/#breadcrumblist\",\"itemListElement\":[{\"@type\":\"ListItem\",\"@id\":\"https:\\\/\\\/anoticiaonline.com.br\\\/site#listItem\",\"position\":1,\"name\":\"Home\",\"item\":\"https:\\\/\\\/anoticiaonline.com.br\\\/site\",\"nextItem\":{\"@type\":\"ListItem\",\"@id\":\"https:\\\/\\\/anoticiaonline.com.br\\\/site\\\/categoria\\\/esporte\\\/#listItem\",\"name\":\"Esporte\"}},{\"@type\":\"ListItem\",\"@id\":\"https:\\\/\\\/anoticiaonline.com.br\\\/site\\\/categoria\\\/esporte\\\/#listItem\",\"position\":2,\"name\":\"Esporte\",\"item\":\"https:\\\/\\\/anoticiaonline.com.br\\\/site\\\/categoria\\\/esporte\\\/\",\"nextItem\":{\"@type\":\"ListItem\",\"@id\":\"https:\\\/\\\/anoticiaonline.com.br\\\/site\\\/atleta-de-muriae-e-campeao-sulamericano-de-jiu-jitsu\\\/#listItem\",\"name\":\"Atleta de Muria\\u00e9 \\u00e9 campe\\u00e3o sulamericano de jiu-jitsu\"},\"previousItem\":{\"@type\":\"ListItem\",\"@id\":\"https:\\\/\\\/anoticiaonline.com.br\\\/site#listItem\",\"name\":\"Home\"}},{\"@type\":\"ListItem\",\"@id\":\"https:\\\/\\\/anoticiaonline.com.br\\\/site\\\/atleta-de-muriae-e-campeao-sulamericano-de-jiu-jitsu\\\/#listItem\",\"position\":3,\"name\":\"Atleta de Muria\\u00e9 \\u00e9 campe\\u00e3o sulamericano de jiu-jitsu\",\"previousItem\":{\"@type\":\"ListItem\",\"@id\":\"https:\\\/\\\/anoticiaonline.com.br\\\/site\\\/categoria\\\/esporte\\\/#listItem\",\"name\":\"Esporte\"}}]},{\"@type\":\"Organization\",\"@id\":\"https:\\\/\\\/anoticiaonline.com.br\\\/site\\\/#organization\",\"name\":\"A Not\\u00edcia Online\",\"description\":\"Noticias de Muria\\u00e9 e regi\\u00e3o\",\"url\":\"https:\\\/\\\/anoticiaonline.com.br\\\/site\\\/\",\"logo\":{\"@type\":\"ImageObject\",\"url\":\"https:\\\/\\\/scontent-gig4-1.xx.fbcdn.net\\\/v\\\/t39.30808-1\\\/270437624_4564083193639691_6907940295614233970_n.jpg?stp=dst-jpg_s200x200_tt6&_nc_cat=111&ccb=1-7&_nc_sid=f907e8&_nc_ohc=SM1wRlP3lJwQ7kNvwEPuBYA&_nc_oc=AdnqrjDN_BNjSSHWO-GbkIWH6fkGMLw4bqvL_NH6e2wMveX7G-rP2dAqsDSq1mJMOaY&_nc_zt=24&_nc_ht=scontent-gig4-1.xx&_nc_gid=AoBFJeGrT1hVaew_6rchkQ&oh=00_AfX7QmFGhQhG2jAllVgXCiM1ZrWgvtp80-Bfppyexh1QEg&oe=689E923C\",\"@id\":\"https:\\\/\\\/anoticiaonline.com.br\\\/site\\\/atleta-de-muriae-e-campeao-sulamericano-de-jiu-jitsu\\\/#organizationLogo\"},\"image\":{\"@id\":\"https:\\\/\\\/anoticiaonline.com.br\\\/site\\\/atleta-de-muriae-e-campeao-sulamericano-de-jiu-jitsu\\\/#organizationLogo\"}},{\"@type\":\"Person\",\"@id\":\"https:\\\/\\\/anoticiaonline.com.br\\\/site\\\/author\\\/juliana\\\/#author\",\"url\":\"https:\\\/\\\/anoticiaonline.com.br\\\/site\\\/author\\\/juliana\\\/\",\"name\":\"Juliana Laviola\",\"image\":{\"@type\":\"ImageObject\",\"@id\":\"https:\\\/\\\/anoticiaonline.com.br\\\/site\\\/atleta-de-muriae-e-campeao-sulamericano-de-jiu-jitsu\\\/#authorImage\",\"url\":\"https:\\\/\\\/secure.gravatar.com\\\/avatar\\\/b8d45f5c699b100dfaf0e543582f38f38bf94cb7ae3a5e9abf8d891a34773335?s=96&d=mm&r=g\",\"width\":96,\"height\":96,\"caption\":\"Juliana Laviola\"}},{\"@type\":\"WebPage\",\"@id\":\"https:\\\/\\\/anoticiaonline.com.br\\\/site\\\/atleta-de-muriae-e-campeao-sulamericano-de-jiu-jitsu\\\/#webpage\",\"url\":\"https:\\\/\\\/anoticiaonline.com.br\\\/site\\\/atleta-de-muriae-e-campeao-sulamericano-de-jiu-jitsu\\\/\",\"name\":\"Atleta de Muria\\u00e9 \\u00e9 campe\\u00e3o sulamericano de jiu-jitsu - A Not\\u00edcia Online\",\"description\":\"O atleta de Muria\\u00e9, Jair de Castro Silva Leonel, de 16 anos, subiu ao p\\u00f3dio mais uma vez, ap\\u00f3s vencer mais duas competi\\u00e7\\u00f5es internacionais: o Campeonato Sulamericano de Jiu-Jitsu e o Campeonato Sulamericano Submission. Ele, que \\u00e9 natural de Guarani (MG), mas que mora na cidade h\\u00e1 quase um ano, foi campe\\u00e3o em tr\\u00eas lutas,\",\"inLanguage\":\"pt-BR\",\"isPartOf\":{\"@id\":\"https:\\\/\\\/anoticiaonline.com.br\\\/site\\\/#website\"},\"breadcrumb\":{\"@id\":\"https:\\\/\\\/anoticiaonline.com.br\\\/site\\\/atleta-de-muriae-e-campeao-sulamericano-de-jiu-jitsu\\\/#breadcrumblist\"},\"author\":{\"@id\":\"https:\\\/\\\/anoticiaonline.com.br\\\/site\\\/author\\\/juliana\\\/#author\"},\"creator\":{\"@id\":\"https:\\\/\\\/anoticiaonline.com.br\\\/site\\\/author\\\/juliana\\\/#author\"},\"datePublished\":\"2015-12-15T07:00:22-03:00\",\"dateModified\":\"2015-12-14T15:10:46-03:00\"},{\"@type\":\"WebSite\",\"@id\":\"https:\\\/\\\/anoticiaonline.com.br\\\/site\\\/#website\",\"url\":\"https:\\\/\\\/anoticiaonline.com.br\\\/site\\\/\",\"name\":\"A Not\\u00edcia Online\",\"description\":\"Noticias de Muria\\u00e9 e regi\\u00e3o\",\"inLanguage\":\"pt-BR\",\"publisher\":{\"@id\":\"https:\\\/\\\/anoticiaonline.com.br\\\/site\\\/#organization\"}}]}\n\t\t<\/script>\n\t\t<!-- All in One SEO -->\n\n","aioseo_head_json":{"title":"Atleta de Muria\u00e9 \u00e9 campe\u00e3o sulamericano de jiu-jitsu - A Not\u00edcia Online","description":"O atleta de Muria\u00e9, Jair de Castro Silva Leonel, de 16 anos, subiu ao p\u00f3dio mais uma vez, ap\u00f3s vencer mais duas competi\u00e7\u00f5es internacionais: o Campeonato Sulamericano de Jiu-Jitsu e o Campeonato Sulamericano Submission. Ele, que \u00e9 natural de Guarani (MG), mas que mora na cidade h\u00e1 quase um ano, foi campe\u00e3o em tr\u00eas lutas,","canonical_url":"https:\/\/anoticiaonline.com.br\/site\/atleta-de-muriae-e-campeao-sulamericano-de-jiu-jitsu\/","robots":"max-image-preview:large","keywords":"","webmasterTools":{"miscellaneous":""},"schema":{"@context":"https:\/\/schema.org","@graph":[{"@type":"BlogPosting","@id":"https:\/\/anoticiaonline.com.br\/site\/atleta-de-muriae-e-campeao-sulamericano-de-jiu-jitsu\/#blogposting","name":"Atleta de Muria\u00e9 \u00e9 campe\u00e3o sulamericano de jiu-jitsu - A Not\u00edcia Online","headline":"Atleta de Muria\u00e9 \u00e9 campe\u00e3o sulamericano de jiu-jitsu","author":{"@id":"https:\/\/anoticiaonline.com.br\/site\/author\/juliana\/#author"},"publisher":{"@id":"https:\/\/anoticiaonline.com.br\/site\/#organization"},"image":{"@type":"ImageObject","url":"http:\/\/anoticiaonline.com.br\/site\/wp-content\/uploads\/2015\/12\/Atleta-de-Muria\u00e9-\u00e9-campe\u00e3o-sulamericano-de-jiu-jitsu-290x300.jpg","@id":"https:\/\/anoticiaonline.com.br\/site\/atleta-de-muriae-e-campeao-sulamericano-de-jiu-jitsu\/#articleImage"},"datePublished":"2015-12-15T07:00:22-03:00","dateModified":"2015-12-14T15:10:46-03:00","inLanguage":"pt-BR","mainEntityOfPage":{"@id":"https:\/\/anoticiaonline.com.br\/site\/atleta-de-muriae-e-campeao-sulamericano-de-jiu-jitsu\/#webpage"},"isPartOf":{"@id":"https:\/\/anoticiaonline.com.br\/site\/atleta-de-muriae-e-campeao-sulamericano-de-jiu-jitsu\/#webpage"},"articleSection":"Esporte, slide"},{"@type":"BreadcrumbList","@id":"https:\/\/anoticiaonline.com.br\/site\/atleta-de-muriae-e-campeao-sulamericano-de-jiu-jitsu\/#breadcrumblist","itemListElement":[{"@type":"ListItem","@id":"https:\/\/anoticiaonline.com.br\/site#listItem","position":1,"name":"Home","item":"https:\/\/anoticiaonline.com.br\/site","nextItem":{"@type":"ListItem","@id":"https:\/\/anoticiaonline.com.br\/site\/categoria\/esporte\/#listItem","name":"Esporte"}},{"@type":"ListItem","@id":"https:\/\/anoticiaonline.com.br\/site\/categoria\/esporte\/#listItem","position":2,"name":"Esporte","item":"https:\/\/anoticiaonline.com.br\/site\/categoria\/esporte\/","nextItem":{"@type":"ListItem","@id":"https:\/\/anoticiaonline.com.br\/site\/atleta-de-muriae-e-campeao-sulamericano-de-jiu-jitsu\/#listItem","name":"Atleta de Muria\u00e9 \u00e9 campe\u00e3o sulamericano de jiu-jitsu"},"previousItem":{"@type":"ListItem","@id":"https:\/\/anoticiaonline.com.br\/site#listItem","name":"Home"}},{"@type":"ListItem","@id":"https:\/\/anoticiaonline.com.br\/site\/atleta-de-muriae-e-campeao-sulamericano-de-jiu-jitsu\/#listItem","position":3,"name":"Atleta de Muria\u00e9 \u00e9 campe\u00e3o sulamericano de jiu-jitsu","previousItem":{"@type":"ListItem","@id":"https:\/\/anoticiaonline.com.br\/site\/categoria\/esporte\/#listItem","name":"Esporte"}}]},{"@type":"Organization","@id":"https:\/\/anoticiaonline.com.br\/site\/#organization","name":"A Not\u00edcia Online","description":"Noticias de Muria\u00e9 e regi\u00e3o","url":"https:\/\/anoticiaonline.com.br\/site\/","logo":{"@type":"ImageObject","url":"https:\/\/scontent-gig4-1.xx.fbcdn.net\/v\/t39.30808-1\/270437624_4564083193639691_6907940295614233970_n.jpg?stp=dst-jpg_s200x200_tt6&_nc_cat=111&ccb=1-7&_nc_sid=f907e8&_nc_ohc=SM1wRlP3lJwQ7kNvwEPuBYA&_nc_oc=AdnqrjDN_BNjSSHWO-GbkIWH6fkGMLw4bqvL_NH6e2wMveX7G-rP2dAqsDSq1mJMOaY&_nc_zt=24&_nc_ht=scontent-gig4-1.xx&_nc_gid=AoBFJeGrT1hVaew_6rchkQ&oh=00_AfX7QmFGhQhG2jAllVgXCiM1ZrWgvtp80-Bfppyexh1QEg&oe=689E923C","@id":"https:\/\/anoticiaonline.com.br\/site\/atleta-de-muriae-e-campeao-sulamericano-de-jiu-jitsu\/#organizationLogo"},"image":{"@id":"https:\/\/anoticiaonline.com.br\/site\/atleta-de-muriae-e-campeao-sulamericano-de-jiu-jitsu\/#organizationLogo"}},{"@type":"Person","@id":"https:\/\/anoticiaonline.com.br\/site\/author\/juliana\/#author","url":"https:\/\/anoticiaonline.com.br\/site\/author\/juliana\/","name":"Juliana Laviola","image":{"@type":"ImageObject","@id":"https:\/\/anoticiaonline.com.br\/site\/atleta-de-muriae-e-campeao-sulamericano-de-jiu-jitsu\/#authorImage","url":"https:\/\/secure.gravatar.com\/avatar\/b8d45f5c699b100dfaf0e543582f38f38bf94cb7ae3a5e9abf8d891a34773335?s=96&d=mm&r=g","width":96,"height":96,"caption":"Juliana Laviola"}},{"@type":"WebPage","@id":"https:\/\/anoticiaonline.com.br\/site\/atleta-de-muriae-e-campeao-sulamericano-de-jiu-jitsu\/#webpage","url":"https:\/\/anoticiaonline.com.br\/site\/atleta-de-muriae-e-campeao-sulamericano-de-jiu-jitsu\/","name":"Atleta de Muria\u00e9 \u00e9 campe\u00e3o sulamericano de jiu-jitsu - A Not\u00edcia Online","description":"O atleta de Muria\u00e9, Jair de Castro Silva Leonel, de 16 anos, subiu ao p\u00f3dio mais uma vez, ap\u00f3s vencer mais duas competi\u00e7\u00f5es internacionais: o Campeonato Sulamericano de Jiu-Jitsu e o Campeonato Sulamericano Submission. Ele, que \u00e9 natural de Guarani (MG), mas que mora na cidade h\u00e1 quase um ano, foi campe\u00e3o em tr\u00eas lutas,","inLanguage":"pt-BR","isPartOf":{"@id":"https:\/\/anoticiaonline.com.br\/site\/#website"},"breadcrumb":{"@id":"https:\/\/anoticiaonline.com.br\/site\/atleta-de-muriae-e-campeao-sulamericano-de-jiu-jitsu\/#breadcrumblist"},"author":{"@id":"https:\/\/anoticiaonline.com.br\/site\/author\/juliana\/#author"},"creator":{"@id":"https:\/\/anoticiaonline.com.br\/site\/author\/juliana\/#author"},"datePublished":"2015-12-15T07:00:22-03:00","dateModified":"2015-12-14T15:10:46-03:00"},{"@type":"WebSite","@id":"https:\/\/anoticiaonline.com.br\/site\/#website","url":"https:\/\/anoticiaonline.com.br\/site\/","name":"A Not\u00edcia Online","description":"Noticias de Muria\u00e9 e regi\u00e3o","inLanguage":"pt-BR","publisher":{"@id":"https:\/\/anoticiaonline.com.br\/site\/#organization"}}]},"og:locale":"pt_BR","og:site_name":"A Not\u00edcia Online - Noticias de Muria\u00e9 e regi\u00e3o","og:type":"article","og:title":"Atleta de Muria\u00e9 \u00e9 campe\u00e3o sulamericano de jiu-jitsu - A Not\u00edcia Online","og:description":"O atleta de Muria\u00e9, Jair de Castro Silva Leonel, de 16 anos, subiu ao p\u00f3dio mais uma vez, ap\u00f3s vencer mais duas competi\u00e7\u00f5es internacionais: o Campeonato Sulamericano de Jiu-Jitsu e o Campeonato Sulamericano Submission. Ele, que \u00e9 natural de Guarani (MG), mas que mora na cidade h\u00e1 quase um ano, foi campe\u00e3o em tr\u00eas lutas,","og:url":"https:\/\/anoticiaonline.com.br\/site\/atleta-de-muriae-e-campeao-sulamericano-de-jiu-jitsu\/","og:image":"https:\/\/scontent-gig4-1.xx.fbcdn.net\/v\/t39.30808-1\/270437624_4564083193639691_6907940295614233970_n.jpg?stp=dst-jpg_s200x200_tt6&#038;_nc_cat=111&#038;ccb=1-7&#038;_nc_sid=f907e8&#038;_nc_ohc=SM1wRlP3lJwQ7kNvwEPuBYA&#038;_nc_oc=AdnqrjDN_BNjSSHWO-GbkIWH6fkGMLw4bqvL_NH6e2wMveX7G-rP2dAqsDSq1mJMOaY&#038;_nc_zt=24&#038;_nc_ht=scontent-gig4-1.xx&#038;_nc_gid=AoBFJeGrT1hVaew_6rchkQ&#038;oh=00_AfX7QmFGhQhG2jAllVgXCiM1ZrWgvtp80-Bfppyexh1QEg&#038;oe=689E923C","og:image:secure_url":"https:\/\/scontent-gig4-1.xx.fbcdn.net\/v\/t39.30808-1\/270437624_4564083193639691_6907940295614233970_n.jpg?stp=dst-jpg_s200x200_tt6&#038;_nc_cat=111&#038;ccb=1-7&#038;_nc_sid=f907e8&#038;_nc_ohc=SM1wRlP3lJwQ7kNvwEPuBYA&#038;_nc_oc=AdnqrjDN_BNjSSHWO-GbkIWH6fkGMLw4bqvL_NH6e2wMveX7G-rP2dAqsDSq1mJMOaY&#038;_nc_zt=24&#038;_nc_ht=scontent-gig4-1.xx&#038;_nc_gid=AoBFJeGrT1hVaew_6rchkQ&#038;oh=00_AfX7QmFGhQhG2jAllVgXCiM1ZrWgvtp80-Bfppyexh1QEg&#038;oe=689E923C","article:published_time":"2015-12-15T10:00:22+00:00","article:modified_time":"2015-12-14T18:10:46+00:00","twitter:card":"summary_large_image","twitter:title":"Atleta de Muria\u00e9 \u00e9 campe\u00e3o sulamericano de jiu-jitsu - A Not\u00edcia Online","twitter:description":"O atleta de Muria\u00e9, Jair de Castro Silva Leonel, de 16 anos, subiu ao p\u00f3dio mais uma vez, ap\u00f3s vencer mais duas competi\u00e7\u00f5es internacionais: o Campeonato Sulamericano de Jiu-Jitsu e o Campeonato Sulamericano Submission. Ele, que \u00e9 natural de Guarani (MG), mas que mora na cidade h\u00e1 quase um ano, foi campe\u00e3o em tr\u00eas lutas,","twitter:image":"https:\/\/scontent-gig4-1.xx.fbcdn.net\/v\/t39.30808-1\/270437624_4564083193639691_6907940295614233970_n.jpg?stp=dst-jpg_s200x200_tt6&_nc_cat=111&ccb=1-7&_nc_sid=f907e8&_nc_ohc=SM1wRlP3lJwQ7kNvwEPuBYA&_nc_oc=AdnqrjDN_BNjSSHWO-GbkIWH6fkGMLw4bqvL_NH6e2wMveX7G-rP2dAqsDSq1mJMOaY&_nc_zt=24&_nc_ht=scontent-gig4-1.xx&_nc_gid=AoBFJeGrT1hVaew_6rchkQ&oh=00_AfX7QmFGhQhG2jAllVgXCiM1ZrWgvtp80-Bfppyexh1QEg&oe=689E923C"},"aioseo_meta_data":{"post_id":"7831","title":null,"description":null,"keywords":null,"keyphrases":null,"primary_term":null,"canonical_url":null,"og_title":null,"og_description":null,"og_object_type":"default","og_image_type":"default","og_image_url":null,"og_image_width":null,"og_image_height":null,"og_image_custom_url":null,"og_image_custom_fields":null,"og_video":null,"og_custom_url":null,"og_article_section":null,"og_article_tags":null,"twitter_use_og":false,"twitter_card":"default","twitter_image_type":"default","twitter_image_url":null,"twitter_image_custom_url":null,"twitter_image_custom_fields":null,"twitter_title":null,"twitter_description":null,"schema":{"blockGraphs":[],"customGraphs":[],"default":{"data":{"Article":[],"Course":[],"Dataset":[],"FAQPage":[],"Movie":[],"Person":[],"Product":[],"ProductReview":[],"Car":[],"Recipe":[],"Service":[],"SoftwareApplication":[],"WebPage":[]},"graphName":"","isEnabled":true},"graphs":[]},"schema_type":"default","schema_type_options":null,"pillar_content":false,"robots_default":true,"robots_noindex":false,"robots_noarchive":false,"robots_nosnippet":false,"robots_nofollow":false,"robots_noimageindex":false,"robots_noodp":false,"robots_notranslate":false,"robots_max_snippet":null,"robots_max_videopreview":null,"robots_max_imagepreview":"large","priority":null,"frequency":null,"local_seo":null,"breadcrumb_settings":null,"limit_modified_date":false,"ai":null,"created":"2025-08-16 14:32:27","updated":"2025-08-16 14:32:27","focus_keyword":null,"additional_keywords":null,"truseo_locale":null,"seo_analyzer_scan_date":null},"aioseo_breadcrumb":"<div class=\"aioseo-breadcrumbs\"><span class=\"aioseo-breadcrumb\">\n\t\t\t<a href=\"https:\/\/anoticiaonline.com.br\/site\" title=\"Home\">Home<\/a>\n\t\t<\/span><span class=\"aioseo-breadcrumb-separator\">&raquo;<\/span><span class=\"aioseo-breadcrumb\">\n\t\t\t<a href=\"https:\/\/anoticiaonline.com.br\/site\/categoria\/esporte\/\" title=\"Esporte\">Esporte<\/a>\n\t\t<\/span><span class=\"aioseo-breadcrumb-separator\">&raquo;<\/span><span class=\"aioseo-breadcrumb\">\n\t\t\tAtleta de Muria\u00e9 \u00e9 campe\u00e3o sulamericano de jiu-jitsu\n\t\t<\/span><\/div>","aioseo_breadcrumb_json":[{"label":"Home","link":"https:\/\/anoticiaonline.com.br\/site"},{"label":"Esporte","link":"https:\/\/anoticiaonline.com.br\/site\/categoria\/esporte\/"},{"label":"Atleta de Muria\u00e9 \u00e9 campe\u00e3o sulamericano de jiu-jitsu","link":"https:\/\/anoticiaonline.com.br\/site\/atleta-de-muriae-e-campeao-sulamericano-de-jiu-jitsu\/"}],"views":153,"_links":{"self":[{"href":"https:\/\/anoticiaonline.com.br\/site\/wp-json\/wp\/v2\/posts\/7831","targetHints":{"allow":["GET"]}}],"collection":[{"href":"https:\/\/anoticiaonline.com.br\/site\/wp-json\/wp\/v2\/posts"}],"about":[{"href":"https:\/\/anoticiaonline.com.br\/site\/wp-json\/wp\/v2\/types\/post"}],"author":[{"embeddable":true,"href":"https:\/\/anoticiaonline.com.br\/site\/wp-json\/wp\/v2\/users\/2"}],"replies":[{"embeddable":true,"href":"https:\/\/anoticiaonline.com.br\/site\/wp-json\/wp\/v2\/comments?post=7831"}],"version-history":[{"count":0,"href":"https:\/\/anoticiaonline.com.br\/site\/wp-json\/wp\/v2\/posts\/7831\/revisions"}],"wp:attachment":[{"href":"https:\/\/anoticiaonline.com.br\/site\/wp-json\/wp\/v2\/media?parent=7831"}],"wp:term":[{"taxonomy":"category","embeddable":true,"href":"https:\/\/anoticiaonline.com.br\/site\/wp-json\/wp\/v2\/categories?post=7831"},{"taxonomy":"post_tag","embeddable":true,"href":"https:\/\/anoticiaonline.com.br\/site\/wp-json\/wp\/v2\/tags?post=7831"}],"curies":[{"name":"wp","href":"https:\/\/api.w.org\/{rel}","templated":true}]}}