{"id":7573,"date":"2015-12-10T10:38:56","date_gmt":"2015-12-10T13:38:56","guid":{"rendered":"http:\/\/anoticiaonline.com.br\/site\/?p=7573"},"modified":"2015-12-10T10:38:56","modified_gmt":"2015-12-10T13:38:56","slug":"idosa-e-assassinada-a-facadas-em-casa-no-joao-xxiii-principal-suspeito-e-o-seu-companheiro","status":"publish","type":"post","link":"https:\/\/anoticiaonline.com.br\/site\/idosa-e-assassinada-a-facadas-em-casa-no-joao-xxiii-principal-suspeito-e-o-seu-companheiro\/","title":{"rendered":"Idosa \u00e9 assassinada a facadas em casa, no Jo\u00e3o XXIII; principal suspeito \u00e9 o seu companheiro"},"content":{"rendered":"<p><a href=\"https:\/\/anoticiaonline.com.br\/site\/wp-content\/uploads\/2015\/12\/DSC03082_620x356.jpg\"><img fetchpriority=\"high\" decoding=\"async\" class=\" size-medium wp-image-7575 alignleft\" src=\"https:\/\/anoticiaonline.com.br\/site\/wp-content\/uploads\/2015\/12\/DSC03082_620x356-300x172.jpg\" alt=\"DSC03082_620x356\" width=\"300\" height=\"172\" srcset=\"https:\/\/anoticiaonline.com.br\/site\/wp-content\/uploads\/2015\/12\/DSC03082_620x356-300x172.jpg 300w, https:\/\/anoticiaonline.com.br\/site\/wp-content\/uploads\/2015\/12\/DSC03082_620x356.jpg 640w\" sizes=\"(max-width: 300px) 100vw, 300px\" \/><\/a>Uma idosa, de 72 anos, foi assassinada a facadas dentro de sua casa, por volta das 21 horas desta quarta-feira (9), no bairro Jo\u00e3o XXIII. A v\u00edtima, Idalina Miguel Correia, era moradora antiga da Rua Farmac\u00eautico Jos\u00e9 Mostaro e conhecida naquela regi\u00e3o do bairro.<\/p>\n<p>Segundo a Pol\u00edcia Militar, o filho da v\u00edtima, que estuda \u00e0 noite, encontrou Idalina morta, em cima da cama. Ela apresentava um corte profundo no pesco\u00e7o e muito sangue. Al\u00e9m do golpe \u00e0 faca no pesco\u00e7o, ainda foram constatados outros ferimentos na cabe\u00e7a.<\/p>\n<figure id=\"attachment_7576\" aria-describedby=\"caption-attachment-7576\" style=\"width: 206px\" class=\"wp-caption alignleft\"><a href=\"https:\/\/anoticiaonline.com.br\/site\/wp-content\/uploads\/2015\/12\/foto-capa-2.jpg\"><img decoding=\"async\" class=\"size-medium wp-image-7576\" src=\"https:\/\/anoticiaonline.com.br\/site\/wp-content\/uploads\/2015\/12\/foto-capa-2-216x300.jpg\" alt=\"Idalina Miguel Correia, de 72 anos\" width=\"216\" height=\"300\" srcset=\"https:\/\/anoticiaonline.com.br\/site\/wp-content\/uploads\/2015\/12\/foto-capa-2-216x300.jpg 216w, https:\/\/anoticiaonline.com.br\/site\/wp-content\/uploads\/2015\/12\/foto-capa-2.jpg 400w\" sizes=\"(max-width: 216px) 100vw, 216px\" \/><\/a><figcaption id=\"caption-attachment-7576\" class=\"wp-caption-text\">Idalina Miguel Correia, de 72 anos<\/figcaption><\/figure>\n<p>O principal suspeito do crime \u00e9 o companheiro da v\u00edtima, um homem de 66 anos, natural de Patroc\u00ednio do Muria\u00e9. Ainda segundo a PM, o filho da v\u00edtima percebeu que o companheiro de sua m\u00e3e n\u00e3o estava em casa ap\u00f3s o crime. O suspeito e a v\u00edtima teriam um relacionamento a, aproximadamente, tr\u00eas meses.<\/p>\n<p>Apesar do rastreamento feito pela pol\u00edcia a fim de localiz\u00e1-lo, at\u00e9 o fechamento desta edi\u00e7\u00e3o o mesmo n\u00e3o havia sido encontrado e preso.<\/p>\n<p>Dona Idalina era integrante do Clube da Maior Idade de Muria\u00e9.<\/p>\n<p>Este \u00e9 o 25\u00ba homic\u00eddio do ano registrado em Muria\u00e9.<\/p>\n","protected":false},"excerpt":{"rendered":"<p>Uma idosa, de 72 anos, foi assassinada a facadas dentro de sua casa, por volta das 21 horas desta quarta-feira (9), no bairro Jo\u00e3o XXIII. A v\u00edtima, Idalina Miguel Correia, era moradora antiga da Rua Farmac\u00eautico Jos\u00e9 Mostaro e conhecida naquela regi\u00e3o do bairro. Segundo a Pol\u00edcia Militar, o filho da v\u00edtima, que estuda \u00e0 &#8230; <a title=\"Idosa \u00e9 assassinada a facadas em casa, no Jo\u00e3o XXIII; principal suspeito \u00e9 o seu companheiro\" class=\"read-more\" href=\"https:\/\/anoticiaonline.com.br\/site\/idosa-e-assassinada-a-facadas-em-casa-no-joao-xxiii-principal-suspeito-e-o-seu-companheiro\/\" aria-label=\"Read more about Idosa \u00e9 assassinada a facadas em casa, no Jo\u00e3o XXIII; principal suspeito \u00e9 o seu companheiro\">Ler mais<\/a><\/p>\n","protected":false},"author":2,"featured_media":7575,"comment_status":"open","ping_status":"open","sticky":false,"template":"","format":"standard","meta":{"_acf_changed":false,"_monsterinsights_skip_tracking":false,"footnotes":""},"categories":[30],"tags":[3],"class_list":["post-7573","post","type-post","status-publish","format-standard","has-post-thumbnail","hentry","category-muriae","tag-slide"],"acf":[],"aioseo_notices":[],"aioseo_head":"\n\t\t<!-- All in One SEO 5.0.0.1 - aioseo.com -->\n\t<meta name=\"description\" content=\"Uma idosa, de 72 anos, foi assassinada a facadas dentro de sua casa, por volta das 21 horas desta quarta-feira (9), no bairro Jo\u00e3o XXIII. A v\u00edtima, Idalina Miguel Correia, era moradora antiga da Rua Farmac\u00eautico Jos\u00e9 Mostaro e conhecida naquela regi\u00e3o do bairro. Segundo a Pol\u00edcia Militar, o filho da v\u00edtima, que estuda \u00e0\" \/>\n\t<meta name=\"robots\" content=\"max-image-preview:large\" \/>\n\t<meta name=\"author\" content=\"Juliana Laviola\"\/>\n\t<link rel=\"canonical\" href=\"https:\/\/anoticiaonline.com.br\/site\/idosa-e-assassinada-a-facadas-em-casa-no-joao-xxiii-principal-suspeito-e-o-seu-companheiro\/\" \/>\n\t<meta name=\"generator\" content=\"All in One SEO (AIOSEO) 5.0.0.1\" \/>\n\t\t<meta property=\"og:locale\" content=\"pt_BR\" \/>\n\t\t<meta property=\"og:site_name\" content=\"A Not\u00edcia Online - Noticias de Muria\u00e9 e regi\u00e3o\" \/>\n\t\t<meta property=\"og:type\" content=\"article\" \/>\n\t\t<meta property=\"og:title\" content=\"Idosa \u00e9 assassinada a facadas em casa, no Jo\u00e3o XXIII; principal suspeito \u00e9 o seu companheiro - A Not\u00edcia Online\" \/>\n\t\t<meta property=\"og:description\" content=\"Uma idosa, de 72 anos, foi assassinada a facadas dentro de sua casa, por volta das 21 horas desta quarta-feira (9), no bairro Jo\u00e3o XXIII. A v\u00edtima, Idalina Miguel Correia, era moradora antiga da Rua Farmac\u00eautico Jos\u00e9 Mostaro e conhecida naquela regi\u00e3o do bairro. Segundo a Pol\u00edcia Militar, o filho da v\u00edtima, que estuda \u00e0\" \/>\n\t\t<meta property=\"og:url\" content=\"https:\/\/anoticiaonline.com.br\/site\/idosa-e-assassinada-a-facadas-em-casa-no-joao-xxiii-principal-suspeito-e-o-seu-companheiro\/\" \/>\n\t\t<meta property=\"og:image\" content=\"https:\/\/scontent-gig4-1.xx.fbcdn.net\/v\/t39.30808-1\/270437624_4564083193639691_6907940295614233970_n.jpg?stp=dst-jpg_s200x200_tt6&#038;_nc_cat=111&#038;ccb=1-7&#038;_nc_sid=f907e8&#038;_nc_ohc=SM1wRlP3lJwQ7kNvwEPuBYA&#038;_nc_oc=AdnqrjDN_BNjSSHWO-GbkIWH6fkGMLw4bqvL_NH6e2wMveX7G-rP2dAqsDSq1mJMOaY&#038;_nc_zt=24&#038;_nc_ht=scontent-gig4-1.xx&#038;_nc_gid=AoBFJeGrT1hVaew_6rchkQ&#038;oh=00_AfX7QmFGhQhG2jAllVgXCiM1ZrWgvtp80-Bfppyexh1QEg&#038;oe=689E923C\" \/>\n\t\t<meta property=\"og:image:secure_url\" content=\"https:\/\/scontent-gig4-1.xx.fbcdn.net\/v\/t39.30808-1\/270437624_4564083193639691_6907940295614233970_n.jpg?stp=dst-jpg_s200x200_tt6&#038;_nc_cat=111&#038;ccb=1-7&#038;_nc_sid=f907e8&#038;_nc_ohc=SM1wRlP3lJwQ7kNvwEPuBYA&#038;_nc_oc=AdnqrjDN_BNjSSHWO-GbkIWH6fkGMLw4bqvL_NH6e2wMveX7G-rP2dAqsDSq1mJMOaY&#038;_nc_zt=24&#038;_nc_ht=scontent-gig4-1.xx&#038;_nc_gid=AoBFJeGrT1hVaew_6rchkQ&#038;oh=00_AfX7QmFGhQhG2jAllVgXCiM1ZrWgvtp80-Bfppyexh1QEg&#038;oe=689E923C\" \/>\n\t\t<meta property=\"article:published_time\" content=\"2015-12-10T13:38:56+00:00\" \/>\n\t\t<meta property=\"article:modified_time\" content=\"2015-12-10T13:38:56+00:00\" \/>\n\t\t<meta name=\"twitter:card\" content=\"summary_large_image\" \/>\n\t\t<meta name=\"twitter:title\" content=\"Idosa \u00e9 assassinada a facadas em casa, no Jo\u00e3o XXIII; principal suspeito \u00e9 o seu companheiro - A Not\u00edcia Online\" \/>\n\t\t<meta name=\"twitter:description\" content=\"Uma idosa, de 72 anos, foi assassinada a facadas dentro de sua casa, por volta das 21 horas desta quarta-feira (9), no bairro Jo\u00e3o XXIII. A v\u00edtima, Idalina Miguel Correia, era moradora antiga da Rua Farmac\u00eautico Jos\u00e9 Mostaro e conhecida naquela regi\u00e3o do bairro. Segundo a Pol\u00edcia Militar, o filho da v\u00edtima, que estuda \u00e0\" \/>\n\t\t<meta name=\"twitter:image\" content=\"https:\/\/scontent-gig4-1.xx.fbcdn.net\/v\/t39.30808-1\/270437624_4564083193639691_6907940295614233970_n.jpg?stp=dst-jpg_s200x200_tt6&amp;_nc_cat=111&amp;ccb=1-7&amp;_nc_sid=f907e8&amp;_nc_ohc=SM1wRlP3lJwQ7kNvwEPuBYA&amp;_nc_oc=AdnqrjDN_BNjSSHWO-GbkIWH6fkGMLw4bqvL_NH6e2wMveX7G-rP2dAqsDSq1mJMOaY&amp;_nc_zt=24&amp;_nc_ht=scontent-gig4-1.xx&amp;_nc_gid=AoBFJeGrT1hVaew_6rchkQ&amp;oh=00_AfX7QmFGhQhG2jAllVgXCiM1ZrWgvtp80-Bfppyexh1QEg&amp;oe=689E923C\" \/>\n\t\t<script type=\"application\/ld+json\" class=\"aioseo-schema\">\n\t\t\t{\"@context\":\"https:\\\/\\\/schema.org\",\"@graph\":[{\"@type\":\"BlogPosting\",\"@id\":\"https:\\\/\\\/anoticiaonline.com.br\\\/site\\\/idosa-e-assassinada-a-facadas-em-casa-no-joao-xxiii-principal-suspeito-e-o-seu-companheiro\\\/#blogposting\",\"name\":\"Idosa \\u00e9 assassinada a facadas em casa, no Jo\\u00e3o XXIII; principal suspeito \\u00e9 o seu companheiro - A Not\\u00edcia Online\",\"headline\":\"Idosa \\u00e9 assassinada a facadas em casa, no Jo\\u00e3o XXIII; principal suspeito \\u00e9 o seu companheiro\",\"author\":{\"@id\":\"https:\\\/\\\/anoticiaonline.com.br\\\/site\\\/author\\\/juliana\\\/#author\"},\"publisher\":{\"@id\":\"https:\\\/\\\/anoticiaonline.com.br\\\/site\\\/#organization\"},\"image\":{\"@type\":\"ImageObject\",\"url\":\"https:\\\/\\\/anoticiaonline.com.br\\\/site\\\/wp-content\\\/uploads\\\/2015\\\/12\\\/DSC03082_620x356.jpg\",\"width\":640,\"height\":367},\"datePublished\":\"2015-12-10T10:38:56-03:00\",\"dateModified\":\"2015-12-10T10:38:56-03:00\",\"inLanguage\":\"pt-BR\",\"mainEntityOfPage\":{\"@id\":\"https:\\\/\\\/anoticiaonline.com.br\\\/site\\\/idosa-e-assassinada-a-facadas-em-casa-no-joao-xxiii-principal-suspeito-e-o-seu-companheiro\\\/#webpage\"},\"isPartOf\":{\"@id\":\"https:\\\/\\\/anoticiaonline.com.br\\\/site\\\/idosa-e-assassinada-a-facadas-em-casa-no-joao-xxiii-principal-suspeito-e-o-seu-companheiro\\\/#webpage\"},\"articleSection\":\"Blog, slide\"},{\"@type\":\"BreadcrumbList\",\"@id\":\"https:\\\/\\\/anoticiaonline.com.br\\\/site\\\/idosa-e-assassinada-a-facadas-em-casa-no-joao-xxiii-principal-suspeito-e-o-seu-companheiro\\\/#breadcrumblist\",\"itemListElement\":[{\"@type\":\"ListItem\",\"@id\":\"https:\\\/\\\/anoticiaonline.com.br\\\/site#listItem\",\"position\":1,\"name\":\"Home\",\"item\":\"https:\\\/\\\/anoticiaonline.com.br\\\/site\",\"nextItem\":{\"@type\":\"ListItem\",\"@id\":\"https:\\\/\\\/anoticiaonline.com.br\\\/site\\\/categoria\\\/muriae\\\/#listItem\",\"name\":\"Blog\"}},{\"@type\":\"ListItem\",\"@id\":\"https:\\\/\\\/anoticiaonline.com.br\\\/site\\\/categoria\\\/muriae\\\/#listItem\",\"position\":2,\"name\":\"Blog\",\"item\":\"https:\\\/\\\/anoticiaonline.com.br\\\/site\\\/categoria\\\/muriae\\\/\",\"nextItem\":{\"@type\":\"ListItem\",\"@id\":\"https:\\\/\\\/anoticiaonline.com.br\\\/site\\\/idosa-e-assassinada-a-facadas-em-casa-no-joao-xxiii-principal-suspeito-e-o-seu-companheiro\\\/#listItem\",\"name\":\"Idosa \\u00e9 assassinada a facadas em casa, no Jo\\u00e3o XXIII; principal suspeito \\u00e9 o seu companheiro\"},\"previousItem\":{\"@type\":\"ListItem\",\"@id\":\"https:\\\/\\\/anoticiaonline.com.br\\\/site#listItem\",\"name\":\"Home\"}},{\"@type\":\"ListItem\",\"@id\":\"https:\\\/\\\/anoticiaonline.com.br\\\/site\\\/idosa-e-assassinada-a-facadas-em-casa-no-joao-xxiii-principal-suspeito-e-o-seu-companheiro\\\/#listItem\",\"position\":3,\"name\":\"Idosa \\u00e9 assassinada a facadas em casa, no Jo\\u00e3o XXIII; principal suspeito \\u00e9 o seu companheiro\",\"previousItem\":{\"@type\":\"ListItem\",\"@id\":\"https:\\\/\\\/anoticiaonline.com.br\\\/site\\\/categoria\\\/muriae\\\/#listItem\",\"name\":\"Blog\"}}]},{\"@type\":\"Organization\",\"@id\":\"https:\\\/\\\/anoticiaonline.com.br\\\/site\\\/#organization\",\"name\":\"A Not\\u00edcia Online\",\"description\":\"Noticias de Muria\\u00e9 e regi\\u00e3o\",\"url\":\"https:\\\/\\\/anoticiaonline.com.br\\\/site\\\/\",\"logo\":{\"@type\":\"ImageObject\",\"url\":\"https:\\\/\\\/scontent-gig4-1.xx.fbcdn.net\\\/v\\\/t39.30808-1\\\/270437624_4564083193639691_6907940295614233970_n.jpg?stp=dst-jpg_s200x200_tt6&_nc_cat=111&ccb=1-7&_nc_sid=f907e8&_nc_ohc=SM1wRlP3lJwQ7kNvwEPuBYA&_nc_oc=AdnqrjDN_BNjSSHWO-GbkIWH6fkGMLw4bqvL_NH6e2wMveX7G-rP2dAqsDSq1mJMOaY&_nc_zt=24&_nc_ht=scontent-gig4-1.xx&_nc_gid=AoBFJeGrT1hVaew_6rchkQ&oh=00_AfX7QmFGhQhG2jAllVgXCiM1ZrWgvtp80-Bfppyexh1QEg&oe=689E923C\",\"@id\":\"https:\\\/\\\/anoticiaonline.com.br\\\/site\\\/idosa-e-assassinada-a-facadas-em-casa-no-joao-xxiii-principal-suspeito-e-o-seu-companheiro\\\/#organizationLogo\"},\"image\":{\"@id\":\"https:\\\/\\\/anoticiaonline.com.br\\\/site\\\/idosa-e-assassinada-a-facadas-em-casa-no-joao-xxiii-principal-suspeito-e-o-seu-companheiro\\\/#organizationLogo\"}},{\"@type\":\"Person\",\"@id\":\"https:\\\/\\\/anoticiaonline.com.br\\\/site\\\/author\\\/juliana\\\/#author\",\"url\":\"https:\\\/\\\/anoticiaonline.com.br\\\/site\\\/author\\\/juliana\\\/\",\"name\":\"Juliana Laviola\",\"image\":{\"@type\":\"ImageObject\",\"@id\":\"https:\\\/\\\/anoticiaonline.com.br\\\/site\\\/idosa-e-assassinada-a-facadas-em-casa-no-joao-xxiii-principal-suspeito-e-o-seu-companheiro\\\/#authorImage\",\"url\":\"https:\\\/\\\/secure.gravatar.com\\\/avatar\\\/b8d45f5c699b100dfaf0e543582f38f38bf94cb7ae3a5e9abf8d891a34773335?s=96&d=mm&r=g\",\"width\":96,\"height\":96,\"caption\":\"Juliana Laviola\"}},{\"@type\":\"WebPage\",\"@id\":\"https:\\\/\\\/anoticiaonline.com.br\\\/site\\\/idosa-e-assassinada-a-facadas-em-casa-no-joao-xxiii-principal-suspeito-e-o-seu-companheiro\\\/#webpage\",\"url\":\"https:\\\/\\\/anoticiaonline.com.br\\\/site\\\/idosa-e-assassinada-a-facadas-em-casa-no-joao-xxiii-principal-suspeito-e-o-seu-companheiro\\\/\",\"name\":\"Idosa \\u00e9 assassinada a facadas em casa, no Jo\\u00e3o XXIII; principal suspeito \\u00e9 o seu companheiro - A Not\\u00edcia Online\",\"description\":\"Uma idosa, de 72 anos, foi assassinada a facadas dentro de sua casa, por volta das 21 horas desta quarta-feira (9), no bairro Jo\\u00e3o XXIII. A v\\u00edtima, Idalina Miguel Correia, era moradora antiga da Rua Farmac\\u00eautico Jos\\u00e9 Mostaro e conhecida naquela regi\\u00e3o do bairro. Segundo a Pol\\u00edcia Militar, o filho da v\\u00edtima, que estuda \\u00e0\",\"inLanguage\":\"pt-BR\",\"isPartOf\":{\"@id\":\"https:\\\/\\\/anoticiaonline.com.br\\\/site\\\/#website\"},\"breadcrumb\":{\"@id\":\"https:\\\/\\\/anoticiaonline.com.br\\\/site\\\/idosa-e-assassinada-a-facadas-em-casa-no-joao-xxiii-principal-suspeito-e-o-seu-companheiro\\\/#breadcrumblist\"},\"author\":{\"@id\":\"https:\\\/\\\/anoticiaonline.com.br\\\/site\\\/author\\\/juliana\\\/#author\"},\"creator\":{\"@id\":\"https:\\\/\\\/anoticiaonline.com.br\\\/site\\\/author\\\/juliana\\\/#author\"},\"image\":{\"@type\":\"ImageObject\",\"url\":\"https:\\\/\\\/anoticiaonline.com.br\\\/site\\\/wp-content\\\/uploads\\\/2015\\\/12\\\/DSC03082_620x356.jpg\",\"@id\":\"https:\\\/\\\/anoticiaonline.com.br\\\/site\\\/idosa-e-assassinada-a-facadas-em-casa-no-joao-xxiii-principal-suspeito-e-o-seu-companheiro\\\/#mainImage\",\"width\":640,\"height\":367},\"primaryImageOfPage\":{\"@id\":\"https:\\\/\\\/anoticiaonline.com.br\\\/site\\\/idosa-e-assassinada-a-facadas-em-casa-no-joao-xxiii-principal-suspeito-e-o-seu-companheiro\\\/#mainImage\"},\"datePublished\":\"2015-12-10T10:38:56-03:00\",\"dateModified\":\"2015-12-10T10:38:56-03:00\"},{\"@type\":\"WebSite\",\"@id\":\"https:\\\/\\\/anoticiaonline.com.br\\\/site\\\/#website\",\"url\":\"https:\\\/\\\/anoticiaonline.com.br\\\/site\\\/\",\"name\":\"A Not\\u00edcia Online\",\"description\":\"Noticias de Muria\\u00e9 e regi\\u00e3o\",\"inLanguage\":\"pt-BR\",\"publisher\":{\"@id\":\"https:\\\/\\\/anoticiaonline.com.br\\\/site\\\/#organization\"}}]}\n\t\t<\/script>\n\t\t<!-- All in One SEO -->\n\n","aioseo_head_json":{"title":"Idosa \u00e9 assassinada a facadas em casa, no Jo\u00e3o XXIII; principal suspeito \u00e9 o seu companheiro - A Not\u00edcia Online","description":"Uma idosa, de 72 anos, foi assassinada a facadas dentro de sua casa, por volta das 21 horas desta quarta-feira (9), no bairro Jo\u00e3o XXIII. A v\u00edtima, Idalina Miguel Correia, era moradora antiga da Rua Farmac\u00eautico Jos\u00e9 Mostaro e conhecida naquela regi\u00e3o do bairro. Segundo a Pol\u00edcia Militar, o filho da v\u00edtima, que estuda \u00e0","canonical_url":"https:\/\/anoticiaonline.com.br\/site\/idosa-e-assassinada-a-facadas-em-casa-no-joao-xxiii-principal-suspeito-e-o-seu-companheiro\/","robots":"max-image-preview:large","keywords":"","webmasterTools":{"miscellaneous":""},"schema":{"@context":"https:\/\/schema.org","@graph":[{"@type":"BlogPosting","@id":"https:\/\/anoticiaonline.com.br\/site\/idosa-e-assassinada-a-facadas-em-casa-no-joao-xxiii-principal-suspeito-e-o-seu-companheiro\/#blogposting","name":"Idosa \u00e9 assassinada a facadas em casa, no Jo\u00e3o XXIII; principal suspeito \u00e9 o seu companheiro - A Not\u00edcia Online","headline":"Idosa \u00e9 assassinada a facadas em casa, no Jo\u00e3o XXIII; principal suspeito \u00e9 o seu companheiro","author":{"@id":"https:\/\/anoticiaonline.com.br\/site\/author\/juliana\/#author"},"publisher":{"@id":"https:\/\/anoticiaonline.com.br\/site\/#organization"},"image":{"@type":"ImageObject","url":"https:\/\/anoticiaonline.com.br\/site\/wp-content\/uploads\/2015\/12\/DSC03082_620x356.jpg","width":640,"height":367},"datePublished":"2015-12-10T10:38:56-03:00","dateModified":"2015-12-10T10:38:56-03:00","inLanguage":"pt-BR","mainEntityOfPage":{"@id":"https:\/\/anoticiaonline.com.br\/site\/idosa-e-assassinada-a-facadas-em-casa-no-joao-xxiii-principal-suspeito-e-o-seu-companheiro\/#webpage"},"isPartOf":{"@id":"https:\/\/anoticiaonline.com.br\/site\/idosa-e-assassinada-a-facadas-em-casa-no-joao-xxiii-principal-suspeito-e-o-seu-companheiro\/#webpage"},"articleSection":"Blog, slide"},{"@type":"BreadcrumbList","@id":"https:\/\/anoticiaonline.com.br\/site\/idosa-e-assassinada-a-facadas-em-casa-no-joao-xxiii-principal-suspeito-e-o-seu-companheiro\/#breadcrumblist","itemListElement":[{"@type":"ListItem","@id":"https:\/\/anoticiaonline.com.br\/site#listItem","position":1,"name":"Home","item":"https:\/\/anoticiaonline.com.br\/site","nextItem":{"@type":"ListItem","@id":"https:\/\/anoticiaonline.com.br\/site\/categoria\/muriae\/#listItem","name":"Blog"}},{"@type":"ListItem","@id":"https:\/\/anoticiaonline.com.br\/site\/categoria\/muriae\/#listItem","position":2,"name":"Blog","item":"https:\/\/anoticiaonline.com.br\/site\/categoria\/muriae\/","nextItem":{"@type":"ListItem","@id":"https:\/\/anoticiaonline.com.br\/site\/idosa-e-assassinada-a-facadas-em-casa-no-joao-xxiii-principal-suspeito-e-o-seu-companheiro\/#listItem","name":"Idosa \u00e9 assassinada a facadas em casa, no Jo\u00e3o XXIII; principal suspeito \u00e9 o seu companheiro"},"previousItem":{"@type":"ListItem","@id":"https:\/\/anoticiaonline.com.br\/site#listItem","name":"Home"}},{"@type":"ListItem","@id":"https:\/\/anoticiaonline.com.br\/site\/idosa-e-assassinada-a-facadas-em-casa-no-joao-xxiii-principal-suspeito-e-o-seu-companheiro\/#listItem","position":3,"name":"Idosa \u00e9 assassinada a facadas em casa, no Jo\u00e3o XXIII; principal suspeito \u00e9 o seu companheiro","previousItem":{"@type":"ListItem","@id":"https:\/\/anoticiaonline.com.br\/site\/categoria\/muriae\/#listItem","name":"Blog"}}]},{"@type":"Organization","@id":"https:\/\/anoticiaonline.com.br\/site\/#organization","name":"A Not\u00edcia Online","description":"Noticias de Muria\u00e9 e regi\u00e3o","url":"https:\/\/anoticiaonline.com.br\/site\/","logo":{"@type":"ImageObject","url":"https:\/\/scontent-gig4-1.xx.fbcdn.net\/v\/t39.30808-1\/270437624_4564083193639691_6907940295614233970_n.jpg?stp=dst-jpg_s200x200_tt6&_nc_cat=111&ccb=1-7&_nc_sid=f907e8&_nc_ohc=SM1wRlP3lJwQ7kNvwEPuBYA&_nc_oc=AdnqrjDN_BNjSSHWO-GbkIWH6fkGMLw4bqvL_NH6e2wMveX7G-rP2dAqsDSq1mJMOaY&_nc_zt=24&_nc_ht=scontent-gig4-1.xx&_nc_gid=AoBFJeGrT1hVaew_6rchkQ&oh=00_AfX7QmFGhQhG2jAllVgXCiM1ZrWgvtp80-Bfppyexh1QEg&oe=689E923C","@id":"https:\/\/anoticiaonline.com.br\/site\/idosa-e-assassinada-a-facadas-em-casa-no-joao-xxiii-principal-suspeito-e-o-seu-companheiro\/#organizationLogo"},"image":{"@id":"https:\/\/anoticiaonline.com.br\/site\/idosa-e-assassinada-a-facadas-em-casa-no-joao-xxiii-principal-suspeito-e-o-seu-companheiro\/#organizationLogo"}},{"@type":"Person","@id":"https:\/\/anoticiaonline.com.br\/site\/author\/juliana\/#author","url":"https:\/\/anoticiaonline.com.br\/site\/author\/juliana\/","name":"Juliana Laviola","image":{"@type":"ImageObject","@id":"https:\/\/anoticiaonline.com.br\/site\/idosa-e-assassinada-a-facadas-em-casa-no-joao-xxiii-principal-suspeito-e-o-seu-companheiro\/#authorImage","url":"https:\/\/secure.gravatar.com\/avatar\/b8d45f5c699b100dfaf0e543582f38f38bf94cb7ae3a5e9abf8d891a34773335?s=96&d=mm&r=g","width":96,"height":96,"caption":"Juliana Laviola"}},{"@type":"WebPage","@id":"https:\/\/anoticiaonline.com.br\/site\/idosa-e-assassinada-a-facadas-em-casa-no-joao-xxiii-principal-suspeito-e-o-seu-companheiro\/#webpage","url":"https:\/\/anoticiaonline.com.br\/site\/idosa-e-assassinada-a-facadas-em-casa-no-joao-xxiii-principal-suspeito-e-o-seu-companheiro\/","name":"Idosa \u00e9 assassinada a facadas em casa, no Jo\u00e3o XXIII; principal suspeito \u00e9 o seu companheiro - A Not\u00edcia Online","description":"Uma idosa, de 72 anos, foi assassinada a facadas dentro de sua casa, por volta das 21 horas desta quarta-feira (9), no bairro Jo\u00e3o XXIII. A v\u00edtima, Idalina Miguel Correia, era moradora antiga da Rua Farmac\u00eautico Jos\u00e9 Mostaro e conhecida naquela regi\u00e3o do bairro. Segundo a Pol\u00edcia Militar, o filho da v\u00edtima, que estuda \u00e0","inLanguage":"pt-BR","isPartOf":{"@id":"https:\/\/anoticiaonline.com.br\/site\/#website"},"breadcrumb":{"@id":"https:\/\/anoticiaonline.com.br\/site\/idosa-e-assassinada-a-facadas-em-casa-no-joao-xxiii-principal-suspeito-e-o-seu-companheiro\/#breadcrumblist"},"author":{"@id":"https:\/\/anoticiaonline.com.br\/site\/author\/juliana\/#author"},"creator":{"@id":"https:\/\/anoticiaonline.com.br\/site\/author\/juliana\/#author"},"image":{"@type":"ImageObject","url":"https:\/\/anoticiaonline.com.br\/site\/wp-content\/uploads\/2015\/12\/DSC03082_620x356.jpg","@id":"https:\/\/anoticiaonline.com.br\/site\/idosa-e-assassinada-a-facadas-em-casa-no-joao-xxiii-principal-suspeito-e-o-seu-companheiro\/#mainImage","width":640,"height":367},"primaryImageOfPage":{"@id":"https:\/\/anoticiaonline.com.br\/site\/idosa-e-assassinada-a-facadas-em-casa-no-joao-xxiii-principal-suspeito-e-o-seu-companheiro\/#mainImage"},"datePublished":"2015-12-10T10:38:56-03:00","dateModified":"2015-12-10T10:38:56-03:00"},{"@type":"WebSite","@id":"https:\/\/anoticiaonline.com.br\/site\/#website","url":"https:\/\/anoticiaonline.com.br\/site\/","name":"A Not\u00edcia Online","description":"Noticias de Muria\u00e9 e regi\u00e3o","inLanguage":"pt-BR","publisher":{"@id":"https:\/\/anoticiaonline.com.br\/site\/#organization"}}]},"og:locale":"pt_BR","og:site_name":"A Not\u00edcia Online - Noticias de Muria\u00e9 e regi\u00e3o","og:type":"article","og:title":"Idosa \u00e9 assassinada a facadas em casa, no Jo\u00e3o XXIII; principal suspeito \u00e9 o seu companheiro - A Not\u00edcia Online","og:description":"Uma idosa, de 72 anos, foi assassinada a facadas dentro de sua casa, por volta das 21 horas desta quarta-feira (9), no bairro Jo\u00e3o XXIII. A v\u00edtima, Idalina Miguel Correia, era moradora antiga da Rua Farmac\u00eautico Jos\u00e9 Mostaro e conhecida naquela regi\u00e3o do bairro. Segundo a Pol\u00edcia Militar, o filho da v\u00edtima, que estuda \u00e0","og:url":"https:\/\/anoticiaonline.com.br\/site\/idosa-e-assassinada-a-facadas-em-casa-no-joao-xxiii-principal-suspeito-e-o-seu-companheiro\/","og:image":"https:\/\/scontent-gig4-1.xx.fbcdn.net\/v\/t39.30808-1\/270437624_4564083193639691_6907940295614233970_n.jpg?stp=dst-jpg_s200x200_tt6&#038;_nc_cat=111&#038;ccb=1-7&#038;_nc_sid=f907e8&#038;_nc_ohc=SM1wRlP3lJwQ7kNvwEPuBYA&#038;_nc_oc=AdnqrjDN_BNjSSHWO-GbkIWH6fkGMLw4bqvL_NH6e2wMveX7G-rP2dAqsDSq1mJMOaY&#038;_nc_zt=24&#038;_nc_ht=scontent-gig4-1.xx&#038;_nc_gid=AoBFJeGrT1hVaew_6rchkQ&#038;oh=00_AfX7QmFGhQhG2jAllVgXCiM1ZrWgvtp80-Bfppyexh1QEg&#038;oe=689E923C","og:image:secure_url":"https:\/\/scontent-gig4-1.xx.fbcdn.net\/v\/t39.30808-1\/270437624_4564083193639691_6907940295614233970_n.jpg?stp=dst-jpg_s200x200_tt6&#038;_nc_cat=111&#038;ccb=1-7&#038;_nc_sid=f907e8&#038;_nc_ohc=SM1wRlP3lJwQ7kNvwEPuBYA&#038;_nc_oc=AdnqrjDN_BNjSSHWO-GbkIWH6fkGMLw4bqvL_NH6e2wMveX7G-rP2dAqsDSq1mJMOaY&#038;_nc_zt=24&#038;_nc_ht=scontent-gig4-1.xx&#038;_nc_gid=AoBFJeGrT1hVaew_6rchkQ&#038;oh=00_AfX7QmFGhQhG2jAllVgXCiM1ZrWgvtp80-Bfppyexh1QEg&#038;oe=689E923C","article:published_time":"2015-12-10T13:38:56+00:00","article:modified_time":"2015-12-10T13:38:56+00:00","twitter:card":"summary_large_image","twitter:title":"Idosa \u00e9 assassinada a facadas em casa, no Jo\u00e3o XXIII; principal suspeito \u00e9 o seu companheiro - A Not\u00edcia Online","twitter:description":"Uma idosa, de 72 anos, foi assassinada a facadas dentro de sua casa, por volta das 21 horas desta quarta-feira (9), no bairro Jo\u00e3o XXIII. A v\u00edtima, Idalina Miguel Correia, era moradora antiga da Rua Farmac\u00eautico Jos\u00e9 Mostaro e conhecida naquela regi\u00e3o do bairro. Segundo a Pol\u00edcia Militar, o filho da v\u00edtima, que estuda \u00e0","twitter:image":"https:\/\/scontent-gig4-1.xx.fbcdn.net\/v\/t39.30808-1\/270437624_4564083193639691_6907940295614233970_n.jpg?stp=dst-jpg_s200x200_tt6&_nc_cat=111&ccb=1-7&_nc_sid=f907e8&_nc_ohc=SM1wRlP3lJwQ7kNvwEPuBYA&_nc_oc=AdnqrjDN_BNjSSHWO-GbkIWH6fkGMLw4bqvL_NH6e2wMveX7G-rP2dAqsDSq1mJMOaY&_nc_zt=24&_nc_ht=scontent-gig4-1.xx&_nc_gid=AoBFJeGrT1hVaew_6rchkQ&oh=00_AfX7QmFGhQhG2jAllVgXCiM1ZrWgvtp80-Bfppyexh1QEg&oe=689E923C"},"aioseo_meta_data":{"post_id":"7573","title":null,"description":null,"keywords":null,"keyphrases":null,"primary_term":null,"canonical_url":null,"og_title":null,"og_description":null,"og_object_type":"default","og_image_type":"default","og_image_url":null,"og_image_width":null,"og_image_height":null,"og_image_custom_url":null,"og_image_custom_fields":null,"og_video":null,"og_custom_url":null,"og_article_section":null,"og_article_tags":null,"twitter_use_og":false,"twitter_card":"default","twitter_image_type":"default","twitter_image_url":null,"twitter_image_custom_url":null,"twitter_image_custom_fields":null,"twitter_title":null,"twitter_description":null,"schema":{"blockGraphs":[],"customGraphs":[],"default":{"data":{"Article":[],"Course":[],"Dataset":[],"FAQPage":[],"Movie":[],"Person":[],"Product":[],"ProductReview":[],"Car":[],"Recipe":[],"Service":[],"SoftwareApplication":[],"WebPage":[]},"graphName":"","isEnabled":true},"graphs":[]},"schema_type":"default","schema_type_options":null,"pillar_content":false,"robots_default":true,"robots_noindex":false,"robots_noarchive":false,"robots_nosnippet":false,"robots_nofollow":false,"robots_noimageindex":false,"robots_noodp":false,"robots_notranslate":false,"robots_max_snippet":null,"robots_max_videopreview":null,"robots_max_imagepreview":"large","priority":null,"frequency":null,"local_seo":null,"breadcrumb_settings":null,"limit_modified_date":false,"ai":null,"created":"2025-08-16 14:30:28","updated":"2025-08-16 14:30:28","focus_keyword":null,"additional_keywords":null,"truseo_locale":null,"seo_analyzer_scan_date":null},"aioseo_breadcrumb":"<div class=\"aioseo-breadcrumbs\"><span class=\"aioseo-breadcrumb\">\n\t\t\t<a href=\"https:\/\/anoticiaonline.com.br\/site\" title=\"Home\">Home<\/a>\n\t\t<\/span><span class=\"aioseo-breadcrumb-separator\">&raquo;<\/span><span class=\"aioseo-breadcrumb\">\n\t\t\t<a href=\"https:\/\/anoticiaonline.com.br\/site\/categoria\/muriae\/\" title=\"Blog\">Blog<\/a>\n\t\t<\/span><span class=\"aioseo-breadcrumb-separator\">&raquo;<\/span><span class=\"aioseo-breadcrumb\">\n\t\t\tIdosa \u00e9 assassinada a facadas em casa, no Jo\u00e3o XXIII; principal suspeito \u00e9 o seu companheiro\n\t\t<\/span><\/div>","aioseo_breadcrumb_json":[{"label":"Home","link":"https:\/\/anoticiaonline.com.br\/site"},{"label":"Blog","link":"https:\/\/anoticiaonline.com.br\/site\/categoria\/muriae\/"},{"label":"Idosa \u00e9 assassinada a facadas em casa, no Jo\u00e3o XXIII; principal suspeito \u00e9 o seu companheiro","link":"https:\/\/anoticiaonline.com.br\/site\/idosa-e-assassinada-a-facadas-em-casa-no-joao-xxiii-principal-suspeito-e-o-seu-companheiro\/"}],"views":173,"_links":{"self":[{"href":"https:\/\/anoticiaonline.com.br\/site\/wp-json\/wp\/v2\/posts\/7573","targetHints":{"allow":["GET"]}}],"collection":[{"href":"https:\/\/anoticiaonline.com.br\/site\/wp-json\/wp\/v2\/posts"}],"about":[{"href":"https:\/\/anoticiaonline.com.br\/site\/wp-json\/wp\/v2\/types\/post"}],"author":[{"embeddable":true,"href":"https:\/\/anoticiaonline.com.br\/site\/wp-json\/wp\/v2\/users\/2"}],"replies":[{"embeddable":true,"href":"https:\/\/anoticiaonline.com.br\/site\/wp-json\/wp\/v2\/comments?post=7573"}],"version-history":[{"count":0,"href":"https:\/\/anoticiaonline.com.br\/site\/wp-json\/wp\/v2\/posts\/7573\/revisions"}],"wp:featuredmedia":[{"embeddable":true,"href":"https:\/\/anoticiaonline.com.br\/site\/wp-json\/wp\/v2\/media\/7575"}],"wp:attachment":[{"href":"https:\/\/anoticiaonline.com.br\/site\/wp-json\/wp\/v2\/media?parent=7573"}],"wp:term":[{"taxonomy":"category","embeddable":true,"href":"https:\/\/anoticiaonline.com.br\/site\/wp-json\/wp\/v2\/categories?post=7573"},{"taxonomy":"post_tag","embeddable":true,"href":"https:\/\/anoticiaonline.com.br\/site\/wp-json\/wp\/v2\/tags?post=7573"}],"curies":[{"name":"wp","href":"https:\/\/api.w.org\/{rel}","templated":true}]}}