{"id":7537,"date":"2015-12-09T09:25:33","date_gmt":"2015-12-09T12:25:33","guid":{"rendered":"http:\/\/anoticiaonline.com.br\/site\/?p=7537"},"modified":"2015-12-09T09:33:55","modified_gmt":"2015-12-09T12:33:55","slug":"liga-esportiva-de-muriae-inaugura-sede-propria-e-empossa-novo-presidente","status":"publish","type":"post","link":"https:\/\/anoticiaonline.com.br\/site\/liga-esportiva-de-muriae-inaugura-sede-propria-e-empossa-novo-presidente\/","title":{"rendered":"Liga Esportiva de Muria\u00e9 inaugura nova sede e empossa novo presidente"},"content":{"rendered":"<figure id=\"attachment_7538\" aria-describedby=\"caption-attachment-7538\" style=\"width: 290px\" class=\"wp-caption alignleft\"><a href=\"https:\/\/anoticiaonline.com.br\/site\/wp-content\/uploads\/2015\/12\/DSCN3765.jpg\"><img fetchpriority=\"high\" decoding=\"async\" class=\"wp-image-7538 size-medium\" src=\"https:\/\/anoticiaonline.com.br\/site\/wp-content\/uploads\/2015\/12\/DSCN3765-300x225.jpg\" alt=\"DSCN3765\" width=\"300\" height=\"225\" srcset=\"https:\/\/anoticiaonline.com.br\/site\/wp-content\/uploads\/2015\/12\/DSCN3765-300x225.jpg 300w, https:\/\/anoticiaonline.com.br\/site\/wp-content\/uploads\/2015\/12\/DSCN3765.jpg 640w\" sizes=\"(max-width: 300px) 100vw, 300px\" \/><\/a><figcaption id=\"caption-attachment-7538\" class=\"wp-caption-text\">Descerramento da placa de inaugura\u00e7\u00e3o da nova sede da LEM<\/figcaption><\/figure>\n<p>O contador e esportista, Wilson Mauro Soares, mais conhecido como Kalica, \u00e9 o novo presidente da Liga Esportiva de Muria\u00e9 (LEM). Ele, o vice-presidente eleito, Ant\u00f4nio Jos\u00e9 Moreira (\u00e1rbitro Toninho) e diretoria foram eleitos para ocuparem os respectivos cargos durante o tri\u00eanio 2016\/2018.<\/p>\n<p>O an\u00fancio da nova diretoria aconteceu na noite desta ter\u00e7a-feira (8), quando tamb\u00e9m foi inaugurada a nova sede da LEM, com a presen\u00e7a de dirigentes e desportistas. Antes da proclama\u00e7\u00e3o dos novos diretores, foi feita a solenidade de descerramento da placa, que contou com as presen\u00e7as de Celeste Dutra, vi\u00fava do ex-presidente, Cesar Dutra, e tamb\u00e9m de Fl\u00e1vio Wilson Abdala do Amaral, que representou o empres\u00e1rio Jos\u00e9 Braz, que fez a doa\u00e7\u00e3o do terreno, quando prefeito de Muria\u00e9.<\/p>\n<p><a href=\"https:\/\/anoticiaonline.com.br\/site\/wp-content\/uploads\/2015\/12\/DSCN3739.jpg\"><img decoding=\"async\" class=\" size-medium wp-image-7539 alignleft\" src=\"https:\/\/anoticiaonline.com.br\/site\/wp-content\/uploads\/2015\/12\/DSCN3739-300x225.jpg\" alt=\"DSCN3739\" width=\"300\" height=\"225\" srcset=\"https:\/\/anoticiaonline.com.br\/site\/wp-content\/uploads\/2015\/12\/DSCN3739-300x225.jpg 300w, https:\/\/anoticiaonline.com.br\/site\/wp-content\/uploads\/2015\/12\/DSCN3739.jpg 640w\" sizes=\"(max-width: 300px) 100vw, 300px\" \/><\/a>O novo presidente, que era vice-presidente da LEM, afirma que a elei\u00e7\u00e3o da nova diretoria da Liga, aliada \u00e0 inaugura\u00e7\u00e3o da nova sede, representa a \u201cfesta completa\u201d do futebol de Muria\u00e9.<\/p>\n<p>Durante os pronunciamentos, todos os exaltaram o trabalho do ex-presidente, Jos\u00e9 Geraldo Pimentel da Rocha, que, com o apoio de amigos e colaboradores, iniciou as obras da nova sede no dia 6 de fevereiro de 2013. Jos\u00e9 Geraldo, que depois de ser secret\u00e1rio e presidente da LEM e presidente do Cruzeiro Esporte Clube, se prepara para assumir a presid\u00eancia do Nacional Atl\u00e9tico Clube, com a responsabilidade de devolver a equipe \u00e0 primeira divis\u00e3o do Campeonato Mineiro.<\/p>\n<p>Jos\u00e9 Geraldo afirma que deixa o cargo com \u201ca cabe\u00e7a erguida\u201d e com a sensa\u00e7\u00e3o de dever cumprido. Sobre assumir a presid\u00eancia do Nacional, o ex-presidente da LEM conta que \u00e9 uma \u201calegria\u201d.<\/p>\n<p>Ap\u00f3s a inaugura\u00e7\u00e3o da sede, foi servido um coquetel aos presentes.\u00a0 Na sequ\u00eancia, a nova diretoria da LEM assinou a ata de posse.<\/p>\n<figure id=\"attachment_7540\" aria-describedby=\"caption-attachment-7540\" style=\"width: 290px\" class=\"wp-caption alignleft\"><a href=\"https:\/\/anoticiaonline.com.br\/site\/wp-content\/uploads\/2015\/12\/DSCN3736.jpg\"><img decoding=\"async\" class=\"size-medium wp-image-7540\" src=\"https:\/\/anoticiaonline.com.br\/site\/wp-content\/uploads\/2015\/12\/DSCN3736-300x225.jpg\" alt=\"O vice-presidente, Ant\u00f4nio Jos\u00e9 Moreira e o presidente, Wilson Mauro Soares\" width=\"300\" height=\"225\" srcset=\"https:\/\/anoticiaonline.com.br\/site\/wp-content\/uploads\/2015\/12\/DSCN3736-300x225.jpg 300w, https:\/\/anoticiaonline.com.br\/site\/wp-content\/uploads\/2015\/12\/DSCN3736.jpg 640w\" sizes=\"(max-width: 300px) 100vw, 300px\" \/><\/a><figcaption id=\"caption-attachment-7540\" class=\"wp-caption-text\">O vice-presidente, Ant\u00f4nio Jos\u00e9 Moreira e o presidente, Wilson Mauro Soares<\/figcaption><\/figure>\n<p><strong>DIRETORIA:<\/strong><\/p>\n<p><strong>Presidente:<\/strong> Wilson Mauro Soares<br \/>\n<strong>Vice-presidente:<\/strong> Ant\u00f4nio Jos\u00e9 Moreira<br \/>\n<strong>Conselho Fiscal:<\/strong> Jos\u00e9 S\u00e9rgio Cerqueira, Waldemiro Jos\u00e9 de Oliveira e Anderson da Silva Miranda<br \/>\n<strong>Suplentes:<\/strong> Odair Jos\u00e9 da Silveira, Paulo Roberto Braz, e Wagner de Melo Ferreira<br \/>\n<strong>\u00a01\u00aa Secret\u00e1ria:<\/strong> Nayara de Freitas Gouvea<br \/>\n<strong>\u00a02\u00aa Secret\u00e1ria:<\/strong> Fernanda Gomes Ferreira<br \/>\n<strong>\u00a01\u00ba Tesoureiro:<\/strong> Paulo S\u00e9rgio de carvalho<br \/>\n<strong>2\u00ba Tesoureiro:<\/strong> Airton Francisco da Silva<\/p>\n","protected":false},"excerpt":{"rendered":"<p>O contador e esportista, Wilson Mauro Soares, mais conhecido como Kalica, \u00e9 o novo presidente da Liga Esportiva de Muria\u00e9 (LEM). Ele, o vice-presidente eleito, Ant\u00f4nio Jos\u00e9 Moreira (\u00e1rbitro Toninho) e diretoria foram eleitos para ocuparem os respectivos cargos durante o tri\u00eanio 2016\/2018. O an\u00fancio da nova diretoria aconteceu na noite desta ter\u00e7a-feira (8), quando &#8230; <a title=\"Liga Esportiva de Muria\u00e9 inaugura nova sede e empossa novo presidente\" class=\"read-more\" href=\"https:\/\/anoticiaonline.com.br\/site\/liga-esportiva-de-muriae-inaugura-sede-propria-e-empossa-novo-presidente\/\" aria-label=\"Read more about Liga Esportiva de Muria\u00e9 inaugura nova sede e empossa novo presidente\">Ler mais<\/a><\/p>\n","protected":false},"author":2,"featured_media":7538,"comment_status":"open","ping_status":"open","sticky":false,"template":"","format":"standard","meta":{"_acf_changed":false,"_monsterinsights_skip_tracking":false,"footnotes":""},"categories":[29],"tags":[3],"class_list":["post-7537","post","type-post","status-publish","format-standard","has-post-thumbnail","hentry","category-esporte","tag-slide"],"acf":[],"aioseo_notices":[],"aioseo_head":"\n\t\t<!-- All in One SEO 5.0.0.1 - aioseo.com -->\n\t<meta name=\"description\" content=\"O contador e esportista, Wilson Mauro Soares, mais conhecido como Kalica, \u00e9 o novo presidente da Liga Esportiva de Muria\u00e9 (LEM). Ele, o vice-presidente eleito, Ant\u00f4nio Jos\u00e9 Moreira (\u00e1rbitro Toninho) e diretoria foram eleitos para ocuparem os respectivos cargos durante o tri\u00eanio 2016\/2018. O an\u00fancio da nova diretoria aconteceu na noite desta ter\u00e7a-feira (8), quando\" \/>\n\t<meta name=\"robots\" content=\"max-image-preview:large\" \/>\n\t<meta name=\"author\" content=\"Juliana Laviola\"\/>\n\t<link rel=\"canonical\" href=\"https:\/\/anoticiaonline.com.br\/site\/liga-esportiva-de-muriae-inaugura-sede-propria-e-empossa-novo-presidente\/\" \/>\n\t<meta name=\"generator\" content=\"All in One SEO (AIOSEO) 5.0.0.1\" \/>\n\t\t<meta property=\"og:locale\" content=\"pt_BR\" \/>\n\t\t<meta property=\"og:site_name\" content=\"A Not\u00edcia Online - Noticias de Muria\u00e9 e regi\u00e3o\" \/>\n\t\t<meta property=\"og:type\" content=\"article\" \/>\n\t\t<meta property=\"og:title\" content=\"Liga Esportiva de Muria\u00e9 inaugura nova sede e empossa novo presidente - A Not\u00edcia Online\" \/>\n\t\t<meta property=\"og:description\" content=\"O contador e esportista, Wilson Mauro Soares, mais conhecido como Kalica, \u00e9 o novo presidente da Liga Esportiva de Muria\u00e9 (LEM). Ele, o vice-presidente eleito, Ant\u00f4nio Jos\u00e9 Moreira (\u00e1rbitro Toninho) e diretoria foram eleitos para ocuparem os respectivos cargos durante o tri\u00eanio 2016\/2018. O an\u00fancio da nova diretoria aconteceu na noite desta ter\u00e7a-feira (8), quando\" \/>\n\t\t<meta property=\"og:url\" content=\"https:\/\/anoticiaonline.com.br\/site\/liga-esportiva-de-muriae-inaugura-sede-propria-e-empossa-novo-presidente\/\" \/>\n\t\t<meta property=\"og:image\" content=\"https:\/\/scontent-gig4-1.xx.fbcdn.net\/v\/t39.30808-1\/270437624_4564083193639691_6907940295614233970_n.jpg?stp=dst-jpg_s200x200_tt6&#038;_nc_cat=111&#038;ccb=1-7&#038;_nc_sid=f907e8&#038;_nc_ohc=SM1wRlP3lJwQ7kNvwEPuBYA&#038;_nc_oc=AdnqrjDN_BNjSSHWO-GbkIWH6fkGMLw4bqvL_NH6e2wMveX7G-rP2dAqsDSq1mJMOaY&#038;_nc_zt=24&#038;_nc_ht=scontent-gig4-1.xx&#038;_nc_gid=AoBFJeGrT1hVaew_6rchkQ&#038;oh=00_AfX7QmFGhQhG2jAllVgXCiM1ZrWgvtp80-Bfppyexh1QEg&#038;oe=689E923C\" \/>\n\t\t<meta property=\"og:image:secure_url\" content=\"https:\/\/scontent-gig4-1.xx.fbcdn.net\/v\/t39.30808-1\/270437624_4564083193639691_6907940295614233970_n.jpg?stp=dst-jpg_s200x200_tt6&#038;_nc_cat=111&#038;ccb=1-7&#038;_nc_sid=f907e8&#038;_nc_ohc=SM1wRlP3lJwQ7kNvwEPuBYA&#038;_nc_oc=AdnqrjDN_BNjSSHWO-GbkIWH6fkGMLw4bqvL_NH6e2wMveX7G-rP2dAqsDSq1mJMOaY&#038;_nc_zt=24&#038;_nc_ht=scontent-gig4-1.xx&#038;_nc_gid=AoBFJeGrT1hVaew_6rchkQ&#038;oh=00_AfX7QmFGhQhG2jAllVgXCiM1ZrWgvtp80-Bfppyexh1QEg&#038;oe=689E923C\" \/>\n\t\t<meta property=\"article:published_time\" content=\"2015-12-09T12:25:33+00:00\" \/>\n\t\t<meta property=\"article:modified_time\" content=\"2015-12-09T12:33:55+00:00\" \/>\n\t\t<meta name=\"twitter:card\" content=\"summary_large_image\" \/>\n\t\t<meta name=\"twitter:title\" content=\"Liga Esportiva de Muria\u00e9 inaugura nova sede e empossa novo presidente - A Not\u00edcia Online\" \/>\n\t\t<meta name=\"twitter:description\" content=\"O contador e esportista, Wilson Mauro Soares, mais conhecido como Kalica, \u00e9 o novo presidente da Liga Esportiva de Muria\u00e9 (LEM). Ele, o vice-presidente eleito, Ant\u00f4nio Jos\u00e9 Moreira (\u00e1rbitro Toninho) e diretoria foram eleitos para ocuparem os respectivos cargos durante o tri\u00eanio 2016\/2018. O an\u00fancio da nova diretoria aconteceu na noite desta ter\u00e7a-feira (8), quando\" \/>\n\t\t<meta name=\"twitter:image\" content=\"https:\/\/scontent-gig4-1.xx.fbcdn.net\/v\/t39.30808-1\/270437624_4564083193639691_6907940295614233970_n.jpg?stp=dst-jpg_s200x200_tt6&amp;_nc_cat=111&amp;ccb=1-7&amp;_nc_sid=f907e8&amp;_nc_ohc=SM1wRlP3lJwQ7kNvwEPuBYA&amp;_nc_oc=AdnqrjDN_BNjSSHWO-GbkIWH6fkGMLw4bqvL_NH6e2wMveX7G-rP2dAqsDSq1mJMOaY&amp;_nc_zt=24&amp;_nc_ht=scontent-gig4-1.xx&amp;_nc_gid=AoBFJeGrT1hVaew_6rchkQ&amp;oh=00_AfX7QmFGhQhG2jAllVgXCiM1ZrWgvtp80-Bfppyexh1QEg&amp;oe=689E923C\" \/>\n\t\t<script type=\"application\/ld+json\" class=\"aioseo-schema\">\n\t\t\t{\"@context\":\"https:\\\/\\\/schema.org\",\"@graph\":[{\"@type\":\"BlogPosting\",\"@id\":\"https:\\\/\\\/anoticiaonline.com.br\\\/site\\\/liga-esportiva-de-muriae-inaugura-sede-propria-e-empossa-novo-presidente\\\/#blogposting\",\"name\":\"Liga Esportiva de Muria\\u00e9 inaugura nova sede e empossa novo presidente - A Not\\u00edcia Online\",\"headline\":\"Liga Esportiva de Muria\\u00e9 inaugura nova sede e empossa novo presidente\",\"author\":{\"@id\":\"https:\\\/\\\/anoticiaonline.com.br\\\/site\\\/author\\\/juliana\\\/#author\"},\"publisher\":{\"@id\":\"https:\\\/\\\/anoticiaonline.com.br\\\/site\\\/#organization\"},\"image\":{\"@type\":\"ImageObject\",\"url\":\"https:\\\/\\\/anoticiaonline.com.br\\\/site\\\/wp-content\\\/uploads\\\/2015\\\/12\\\/DSCN3765.jpg\",\"width\":640,\"height\":480},\"datePublished\":\"2015-12-09T09:25:33-03:00\",\"dateModified\":\"2015-12-09T09:33:55-03:00\",\"inLanguage\":\"pt-BR\",\"mainEntityOfPage\":{\"@id\":\"https:\\\/\\\/anoticiaonline.com.br\\\/site\\\/liga-esportiva-de-muriae-inaugura-sede-propria-e-empossa-novo-presidente\\\/#webpage\"},\"isPartOf\":{\"@id\":\"https:\\\/\\\/anoticiaonline.com.br\\\/site\\\/liga-esportiva-de-muriae-inaugura-sede-propria-e-empossa-novo-presidente\\\/#webpage\"},\"articleSection\":\"Esporte, slide\"},{\"@type\":\"BreadcrumbList\",\"@id\":\"https:\\\/\\\/anoticiaonline.com.br\\\/site\\\/liga-esportiva-de-muriae-inaugura-sede-propria-e-empossa-novo-presidente\\\/#breadcrumblist\",\"itemListElement\":[{\"@type\":\"ListItem\",\"@id\":\"https:\\\/\\\/anoticiaonline.com.br\\\/site#listItem\",\"position\":1,\"name\":\"Home\",\"item\":\"https:\\\/\\\/anoticiaonline.com.br\\\/site\",\"nextItem\":{\"@type\":\"ListItem\",\"@id\":\"https:\\\/\\\/anoticiaonline.com.br\\\/site\\\/categoria\\\/esporte\\\/#listItem\",\"name\":\"Esporte\"}},{\"@type\":\"ListItem\",\"@id\":\"https:\\\/\\\/anoticiaonline.com.br\\\/site\\\/categoria\\\/esporte\\\/#listItem\",\"position\":2,\"name\":\"Esporte\",\"item\":\"https:\\\/\\\/anoticiaonline.com.br\\\/site\\\/categoria\\\/esporte\\\/\",\"nextItem\":{\"@type\":\"ListItem\",\"@id\":\"https:\\\/\\\/anoticiaonline.com.br\\\/site\\\/liga-esportiva-de-muriae-inaugura-sede-propria-e-empossa-novo-presidente\\\/#listItem\",\"name\":\"Liga Esportiva de Muria\\u00e9 inaugura nova sede e empossa novo presidente\"},\"previousItem\":{\"@type\":\"ListItem\",\"@id\":\"https:\\\/\\\/anoticiaonline.com.br\\\/site#listItem\",\"name\":\"Home\"}},{\"@type\":\"ListItem\",\"@id\":\"https:\\\/\\\/anoticiaonline.com.br\\\/site\\\/liga-esportiva-de-muriae-inaugura-sede-propria-e-empossa-novo-presidente\\\/#listItem\",\"position\":3,\"name\":\"Liga Esportiva de Muria\\u00e9 inaugura nova sede e empossa novo presidente\",\"previousItem\":{\"@type\":\"ListItem\",\"@id\":\"https:\\\/\\\/anoticiaonline.com.br\\\/site\\\/categoria\\\/esporte\\\/#listItem\",\"name\":\"Esporte\"}}]},{\"@type\":\"Organization\",\"@id\":\"https:\\\/\\\/anoticiaonline.com.br\\\/site\\\/#organization\",\"name\":\"A Not\\u00edcia Online\",\"description\":\"Noticias de Muria\\u00e9 e regi\\u00e3o\",\"url\":\"https:\\\/\\\/anoticiaonline.com.br\\\/site\\\/\",\"logo\":{\"@type\":\"ImageObject\",\"url\":\"https:\\\/\\\/scontent-gig4-1.xx.fbcdn.net\\\/v\\\/t39.30808-1\\\/270437624_4564083193639691_6907940295614233970_n.jpg?stp=dst-jpg_s200x200_tt6&_nc_cat=111&ccb=1-7&_nc_sid=f907e8&_nc_ohc=SM1wRlP3lJwQ7kNvwEPuBYA&_nc_oc=AdnqrjDN_BNjSSHWO-GbkIWH6fkGMLw4bqvL_NH6e2wMveX7G-rP2dAqsDSq1mJMOaY&_nc_zt=24&_nc_ht=scontent-gig4-1.xx&_nc_gid=AoBFJeGrT1hVaew_6rchkQ&oh=00_AfX7QmFGhQhG2jAllVgXCiM1ZrWgvtp80-Bfppyexh1QEg&oe=689E923C\",\"@id\":\"https:\\\/\\\/anoticiaonline.com.br\\\/site\\\/liga-esportiva-de-muriae-inaugura-sede-propria-e-empossa-novo-presidente\\\/#organizationLogo\"},\"image\":{\"@id\":\"https:\\\/\\\/anoticiaonline.com.br\\\/site\\\/liga-esportiva-de-muriae-inaugura-sede-propria-e-empossa-novo-presidente\\\/#organizationLogo\"}},{\"@type\":\"Person\",\"@id\":\"https:\\\/\\\/anoticiaonline.com.br\\\/site\\\/author\\\/juliana\\\/#author\",\"url\":\"https:\\\/\\\/anoticiaonline.com.br\\\/site\\\/author\\\/juliana\\\/\",\"name\":\"Juliana Laviola\",\"image\":{\"@type\":\"ImageObject\",\"@id\":\"https:\\\/\\\/anoticiaonline.com.br\\\/site\\\/liga-esportiva-de-muriae-inaugura-sede-propria-e-empossa-novo-presidente\\\/#authorImage\",\"url\":\"https:\\\/\\\/secure.gravatar.com\\\/avatar\\\/b8d45f5c699b100dfaf0e543582f38f38bf94cb7ae3a5e9abf8d891a34773335?s=96&d=mm&r=g\",\"width\":96,\"height\":96,\"caption\":\"Juliana Laviola\"}},{\"@type\":\"WebPage\",\"@id\":\"https:\\\/\\\/anoticiaonline.com.br\\\/site\\\/liga-esportiva-de-muriae-inaugura-sede-propria-e-empossa-novo-presidente\\\/#webpage\",\"url\":\"https:\\\/\\\/anoticiaonline.com.br\\\/site\\\/liga-esportiva-de-muriae-inaugura-sede-propria-e-empossa-novo-presidente\\\/\",\"name\":\"Liga Esportiva de Muria\\u00e9 inaugura nova sede e empossa novo presidente - A Not\\u00edcia Online\",\"description\":\"O contador e esportista, Wilson Mauro Soares, mais conhecido como Kalica, \\u00e9 o novo presidente da Liga Esportiva de Muria\\u00e9 (LEM). Ele, o vice-presidente eleito, Ant\\u00f4nio Jos\\u00e9 Moreira (\\u00e1rbitro Toninho) e diretoria foram eleitos para ocuparem os respectivos cargos durante o tri\\u00eanio 2016\\\/2018. O an\\u00fancio da nova diretoria aconteceu na noite desta ter\\u00e7a-feira (8), quando\",\"inLanguage\":\"pt-BR\",\"isPartOf\":{\"@id\":\"https:\\\/\\\/anoticiaonline.com.br\\\/site\\\/#website\"},\"breadcrumb\":{\"@id\":\"https:\\\/\\\/anoticiaonline.com.br\\\/site\\\/liga-esportiva-de-muriae-inaugura-sede-propria-e-empossa-novo-presidente\\\/#breadcrumblist\"},\"author\":{\"@id\":\"https:\\\/\\\/anoticiaonline.com.br\\\/site\\\/author\\\/juliana\\\/#author\"},\"creator\":{\"@id\":\"https:\\\/\\\/anoticiaonline.com.br\\\/site\\\/author\\\/juliana\\\/#author\"},\"image\":{\"@type\":\"ImageObject\",\"url\":\"https:\\\/\\\/anoticiaonline.com.br\\\/site\\\/wp-content\\\/uploads\\\/2015\\\/12\\\/DSCN3765.jpg\",\"@id\":\"https:\\\/\\\/anoticiaonline.com.br\\\/site\\\/liga-esportiva-de-muriae-inaugura-sede-propria-e-empossa-novo-presidente\\\/#mainImage\",\"width\":640,\"height\":480},\"primaryImageOfPage\":{\"@id\":\"https:\\\/\\\/anoticiaonline.com.br\\\/site\\\/liga-esportiva-de-muriae-inaugura-sede-propria-e-empossa-novo-presidente\\\/#mainImage\"},\"datePublished\":\"2015-12-09T09:25:33-03:00\",\"dateModified\":\"2015-12-09T09:33:55-03:00\"},{\"@type\":\"WebSite\",\"@id\":\"https:\\\/\\\/anoticiaonline.com.br\\\/site\\\/#website\",\"url\":\"https:\\\/\\\/anoticiaonline.com.br\\\/site\\\/\",\"name\":\"A Not\\u00edcia Online\",\"description\":\"Noticias de Muria\\u00e9 e regi\\u00e3o\",\"inLanguage\":\"pt-BR\",\"publisher\":{\"@id\":\"https:\\\/\\\/anoticiaonline.com.br\\\/site\\\/#organization\"}}]}\n\t\t<\/script>\n\t\t<!-- All in One SEO -->\n\n","aioseo_head_json":{"title":"Liga Esportiva de Muria\u00e9 inaugura nova sede e empossa novo presidente - A Not\u00edcia Online","description":"O contador e esportista, Wilson Mauro Soares, mais conhecido como Kalica, \u00e9 o novo presidente da Liga Esportiva de Muria\u00e9 (LEM). Ele, o vice-presidente eleito, Ant\u00f4nio Jos\u00e9 Moreira (\u00e1rbitro Toninho) e diretoria foram eleitos para ocuparem os respectivos cargos durante o tri\u00eanio 2016\/2018. O an\u00fancio da nova diretoria aconteceu na noite desta ter\u00e7a-feira (8), quando","canonical_url":"https:\/\/anoticiaonline.com.br\/site\/liga-esportiva-de-muriae-inaugura-sede-propria-e-empossa-novo-presidente\/","robots":"max-image-preview:large","keywords":"","webmasterTools":{"miscellaneous":""},"schema":{"@context":"https:\/\/schema.org","@graph":[{"@type":"BlogPosting","@id":"https:\/\/anoticiaonline.com.br\/site\/liga-esportiva-de-muriae-inaugura-sede-propria-e-empossa-novo-presidente\/#blogposting","name":"Liga Esportiva de Muria\u00e9 inaugura nova sede e empossa novo presidente - A Not\u00edcia Online","headline":"Liga Esportiva de Muria\u00e9 inaugura nova sede e empossa novo presidente","author":{"@id":"https:\/\/anoticiaonline.com.br\/site\/author\/juliana\/#author"},"publisher":{"@id":"https:\/\/anoticiaonline.com.br\/site\/#organization"},"image":{"@type":"ImageObject","url":"https:\/\/anoticiaonline.com.br\/site\/wp-content\/uploads\/2015\/12\/DSCN3765.jpg","width":640,"height":480},"datePublished":"2015-12-09T09:25:33-03:00","dateModified":"2015-12-09T09:33:55-03:00","inLanguage":"pt-BR","mainEntityOfPage":{"@id":"https:\/\/anoticiaonline.com.br\/site\/liga-esportiva-de-muriae-inaugura-sede-propria-e-empossa-novo-presidente\/#webpage"},"isPartOf":{"@id":"https:\/\/anoticiaonline.com.br\/site\/liga-esportiva-de-muriae-inaugura-sede-propria-e-empossa-novo-presidente\/#webpage"},"articleSection":"Esporte, slide"},{"@type":"BreadcrumbList","@id":"https:\/\/anoticiaonline.com.br\/site\/liga-esportiva-de-muriae-inaugura-sede-propria-e-empossa-novo-presidente\/#breadcrumblist","itemListElement":[{"@type":"ListItem","@id":"https:\/\/anoticiaonline.com.br\/site#listItem","position":1,"name":"Home","item":"https:\/\/anoticiaonline.com.br\/site","nextItem":{"@type":"ListItem","@id":"https:\/\/anoticiaonline.com.br\/site\/categoria\/esporte\/#listItem","name":"Esporte"}},{"@type":"ListItem","@id":"https:\/\/anoticiaonline.com.br\/site\/categoria\/esporte\/#listItem","position":2,"name":"Esporte","item":"https:\/\/anoticiaonline.com.br\/site\/categoria\/esporte\/","nextItem":{"@type":"ListItem","@id":"https:\/\/anoticiaonline.com.br\/site\/liga-esportiva-de-muriae-inaugura-sede-propria-e-empossa-novo-presidente\/#listItem","name":"Liga Esportiva de Muria\u00e9 inaugura nova sede e empossa novo presidente"},"previousItem":{"@type":"ListItem","@id":"https:\/\/anoticiaonline.com.br\/site#listItem","name":"Home"}},{"@type":"ListItem","@id":"https:\/\/anoticiaonline.com.br\/site\/liga-esportiva-de-muriae-inaugura-sede-propria-e-empossa-novo-presidente\/#listItem","position":3,"name":"Liga Esportiva de Muria\u00e9 inaugura nova sede e empossa novo presidente","previousItem":{"@type":"ListItem","@id":"https:\/\/anoticiaonline.com.br\/site\/categoria\/esporte\/#listItem","name":"Esporte"}}]},{"@type":"Organization","@id":"https:\/\/anoticiaonline.com.br\/site\/#organization","name":"A Not\u00edcia Online","description":"Noticias de Muria\u00e9 e regi\u00e3o","url":"https:\/\/anoticiaonline.com.br\/site\/","logo":{"@type":"ImageObject","url":"https:\/\/scontent-gig4-1.xx.fbcdn.net\/v\/t39.30808-1\/270437624_4564083193639691_6907940295614233970_n.jpg?stp=dst-jpg_s200x200_tt6&_nc_cat=111&ccb=1-7&_nc_sid=f907e8&_nc_ohc=SM1wRlP3lJwQ7kNvwEPuBYA&_nc_oc=AdnqrjDN_BNjSSHWO-GbkIWH6fkGMLw4bqvL_NH6e2wMveX7G-rP2dAqsDSq1mJMOaY&_nc_zt=24&_nc_ht=scontent-gig4-1.xx&_nc_gid=AoBFJeGrT1hVaew_6rchkQ&oh=00_AfX7QmFGhQhG2jAllVgXCiM1ZrWgvtp80-Bfppyexh1QEg&oe=689E923C","@id":"https:\/\/anoticiaonline.com.br\/site\/liga-esportiva-de-muriae-inaugura-sede-propria-e-empossa-novo-presidente\/#organizationLogo"},"image":{"@id":"https:\/\/anoticiaonline.com.br\/site\/liga-esportiva-de-muriae-inaugura-sede-propria-e-empossa-novo-presidente\/#organizationLogo"}},{"@type":"Person","@id":"https:\/\/anoticiaonline.com.br\/site\/author\/juliana\/#author","url":"https:\/\/anoticiaonline.com.br\/site\/author\/juliana\/","name":"Juliana Laviola","image":{"@type":"ImageObject","@id":"https:\/\/anoticiaonline.com.br\/site\/liga-esportiva-de-muriae-inaugura-sede-propria-e-empossa-novo-presidente\/#authorImage","url":"https:\/\/secure.gravatar.com\/avatar\/b8d45f5c699b100dfaf0e543582f38f38bf94cb7ae3a5e9abf8d891a34773335?s=96&d=mm&r=g","width":96,"height":96,"caption":"Juliana Laviola"}},{"@type":"WebPage","@id":"https:\/\/anoticiaonline.com.br\/site\/liga-esportiva-de-muriae-inaugura-sede-propria-e-empossa-novo-presidente\/#webpage","url":"https:\/\/anoticiaonline.com.br\/site\/liga-esportiva-de-muriae-inaugura-sede-propria-e-empossa-novo-presidente\/","name":"Liga Esportiva de Muria\u00e9 inaugura nova sede e empossa novo presidente - A Not\u00edcia Online","description":"O contador e esportista, Wilson Mauro Soares, mais conhecido como Kalica, \u00e9 o novo presidente da Liga Esportiva de Muria\u00e9 (LEM). Ele, o vice-presidente eleito, Ant\u00f4nio Jos\u00e9 Moreira (\u00e1rbitro Toninho) e diretoria foram eleitos para ocuparem os respectivos cargos durante o tri\u00eanio 2016\/2018. O an\u00fancio da nova diretoria aconteceu na noite desta ter\u00e7a-feira (8), quando","inLanguage":"pt-BR","isPartOf":{"@id":"https:\/\/anoticiaonline.com.br\/site\/#website"},"breadcrumb":{"@id":"https:\/\/anoticiaonline.com.br\/site\/liga-esportiva-de-muriae-inaugura-sede-propria-e-empossa-novo-presidente\/#breadcrumblist"},"author":{"@id":"https:\/\/anoticiaonline.com.br\/site\/author\/juliana\/#author"},"creator":{"@id":"https:\/\/anoticiaonline.com.br\/site\/author\/juliana\/#author"},"image":{"@type":"ImageObject","url":"https:\/\/anoticiaonline.com.br\/site\/wp-content\/uploads\/2015\/12\/DSCN3765.jpg","@id":"https:\/\/anoticiaonline.com.br\/site\/liga-esportiva-de-muriae-inaugura-sede-propria-e-empossa-novo-presidente\/#mainImage","width":640,"height":480},"primaryImageOfPage":{"@id":"https:\/\/anoticiaonline.com.br\/site\/liga-esportiva-de-muriae-inaugura-sede-propria-e-empossa-novo-presidente\/#mainImage"},"datePublished":"2015-12-09T09:25:33-03:00","dateModified":"2015-12-09T09:33:55-03:00"},{"@type":"WebSite","@id":"https:\/\/anoticiaonline.com.br\/site\/#website","url":"https:\/\/anoticiaonline.com.br\/site\/","name":"A Not\u00edcia Online","description":"Noticias de Muria\u00e9 e regi\u00e3o","inLanguage":"pt-BR","publisher":{"@id":"https:\/\/anoticiaonline.com.br\/site\/#organization"}}]},"og:locale":"pt_BR","og:site_name":"A Not\u00edcia Online - Noticias de Muria\u00e9 e regi\u00e3o","og:type":"article","og:title":"Liga Esportiva de Muria\u00e9 inaugura nova sede e empossa novo presidente - A Not\u00edcia Online","og:description":"O contador e esportista, Wilson Mauro Soares, mais conhecido como Kalica, \u00e9 o novo presidente da Liga Esportiva de Muria\u00e9 (LEM). Ele, o vice-presidente eleito, Ant\u00f4nio Jos\u00e9 Moreira (\u00e1rbitro Toninho) e diretoria foram eleitos para ocuparem os respectivos cargos durante o tri\u00eanio 2016\/2018. O an\u00fancio da nova diretoria aconteceu na noite desta ter\u00e7a-feira (8), quando","og:url":"https:\/\/anoticiaonline.com.br\/site\/liga-esportiva-de-muriae-inaugura-sede-propria-e-empossa-novo-presidente\/","og:image":"https:\/\/scontent-gig4-1.xx.fbcdn.net\/v\/t39.30808-1\/270437624_4564083193639691_6907940295614233970_n.jpg?stp=dst-jpg_s200x200_tt6&#038;_nc_cat=111&#038;ccb=1-7&#038;_nc_sid=f907e8&#038;_nc_ohc=SM1wRlP3lJwQ7kNvwEPuBYA&#038;_nc_oc=AdnqrjDN_BNjSSHWO-GbkIWH6fkGMLw4bqvL_NH6e2wMveX7G-rP2dAqsDSq1mJMOaY&#038;_nc_zt=24&#038;_nc_ht=scontent-gig4-1.xx&#038;_nc_gid=AoBFJeGrT1hVaew_6rchkQ&#038;oh=00_AfX7QmFGhQhG2jAllVgXCiM1ZrWgvtp80-Bfppyexh1QEg&#038;oe=689E923C","og:image:secure_url":"https:\/\/scontent-gig4-1.xx.fbcdn.net\/v\/t39.30808-1\/270437624_4564083193639691_6907940295614233970_n.jpg?stp=dst-jpg_s200x200_tt6&#038;_nc_cat=111&#038;ccb=1-7&#038;_nc_sid=f907e8&#038;_nc_ohc=SM1wRlP3lJwQ7kNvwEPuBYA&#038;_nc_oc=AdnqrjDN_BNjSSHWO-GbkIWH6fkGMLw4bqvL_NH6e2wMveX7G-rP2dAqsDSq1mJMOaY&#038;_nc_zt=24&#038;_nc_ht=scontent-gig4-1.xx&#038;_nc_gid=AoBFJeGrT1hVaew_6rchkQ&#038;oh=00_AfX7QmFGhQhG2jAllVgXCiM1ZrWgvtp80-Bfppyexh1QEg&#038;oe=689E923C","article:published_time":"2015-12-09T12:25:33+00:00","article:modified_time":"2015-12-09T12:33:55+00:00","twitter:card":"summary_large_image","twitter:title":"Liga Esportiva de Muria\u00e9 inaugura nova sede e empossa novo presidente - A Not\u00edcia Online","twitter:description":"O contador e esportista, Wilson Mauro Soares, mais conhecido como Kalica, \u00e9 o novo presidente da Liga Esportiva de Muria\u00e9 (LEM). Ele, o vice-presidente eleito, Ant\u00f4nio Jos\u00e9 Moreira (\u00e1rbitro Toninho) e diretoria foram eleitos para ocuparem os respectivos cargos durante o tri\u00eanio 2016\/2018. O an\u00fancio da nova diretoria aconteceu na noite desta ter\u00e7a-feira (8), quando","twitter:image":"https:\/\/scontent-gig4-1.xx.fbcdn.net\/v\/t39.30808-1\/270437624_4564083193639691_6907940295614233970_n.jpg?stp=dst-jpg_s200x200_tt6&_nc_cat=111&ccb=1-7&_nc_sid=f907e8&_nc_ohc=SM1wRlP3lJwQ7kNvwEPuBYA&_nc_oc=AdnqrjDN_BNjSSHWO-GbkIWH6fkGMLw4bqvL_NH6e2wMveX7G-rP2dAqsDSq1mJMOaY&_nc_zt=24&_nc_ht=scontent-gig4-1.xx&_nc_gid=AoBFJeGrT1hVaew_6rchkQ&oh=00_AfX7QmFGhQhG2jAllVgXCiM1ZrWgvtp80-Bfppyexh1QEg&oe=689E923C"},"aioseo_meta_data":{"post_id":"7537","title":null,"description":null,"keywords":null,"keyphrases":null,"primary_term":null,"canonical_url":null,"og_title":null,"og_description":null,"og_object_type":"default","og_image_type":"default","og_image_url":null,"og_image_width":null,"og_image_height":null,"og_image_custom_url":null,"og_image_custom_fields":null,"og_video":null,"og_custom_url":null,"og_article_section":null,"og_article_tags":null,"twitter_use_og":false,"twitter_card":"default","twitter_image_type":"default","twitter_image_url":null,"twitter_image_custom_url":null,"twitter_image_custom_fields":null,"twitter_title":null,"twitter_description":null,"schema":{"blockGraphs":[],"customGraphs":[],"default":{"data":{"Article":[],"Course":[],"Dataset":[],"FAQPage":[],"Movie":[],"Person":[],"Product":[],"ProductReview":[],"Car":[],"Recipe":[],"Service":[],"SoftwareApplication":[],"WebPage":[]},"graphName":"","isEnabled":true},"graphs":[]},"schema_type":"default","schema_type_options":null,"pillar_content":false,"robots_default":true,"robots_noindex":false,"robots_noarchive":false,"robots_nosnippet":false,"robots_nofollow":false,"robots_noimageindex":false,"robots_noodp":false,"robots_notranslate":false,"robots_max_snippet":null,"robots_max_videopreview":null,"robots_max_imagepreview":"large","priority":null,"frequency":null,"local_seo":null,"breadcrumb_settings":null,"limit_modified_date":false,"ai":null,"created":"2025-08-16 14:30:28","updated":"2025-08-16 14:30:28","focus_keyword":null,"additional_keywords":null,"truseo_locale":null,"seo_analyzer_scan_date":null},"aioseo_breadcrumb":"<div class=\"aioseo-breadcrumbs\"><span class=\"aioseo-breadcrumb\">\n\t\t\t<a href=\"https:\/\/anoticiaonline.com.br\/site\" title=\"Home\">Home<\/a>\n\t\t<\/span><span class=\"aioseo-breadcrumb-separator\">&raquo;<\/span><span class=\"aioseo-breadcrumb\">\n\t\t\t<a href=\"https:\/\/anoticiaonline.com.br\/site\/categoria\/esporte\/\" title=\"Esporte\">Esporte<\/a>\n\t\t<\/span><span class=\"aioseo-breadcrumb-separator\">&raquo;<\/span><span class=\"aioseo-breadcrumb\">\n\t\t\tLiga Esportiva de Muria\u00e9 inaugura nova sede e empossa novo presidente\n\t\t<\/span><\/div>","aioseo_breadcrumb_json":[{"label":"Home","link":"https:\/\/anoticiaonline.com.br\/site"},{"label":"Esporte","link":"https:\/\/anoticiaonline.com.br\/site\/categoria\/esporte\/"},{"label":"Liga Esportiva de Muria\u00e9 inaugura nova sede e empossa novo presidente","link":"https:\/\/anoticiaonline.com.br\/site\/liga-esportiva-de-muriae-inaugura-sede-propria-e-empossa-novo-presidente\/"}],"views":165,"_links":{"self":[{"href":"https:\/\/anoticiaonline.com.br\/site\/wp-json\/wp\/v2\/posts\/7537","targetHints":{"allow":["GET"]}}],"collection":[{"href":"https:\/\/anoticiaonline.com.br\/site\/wp-json\/wp\/v2\/posts"}],"about":[{"href":"https:\/\/anoticiaonline.com.br\/site\/wp-json\/wp\/v2\/types\/post"}],"author":[{"embeddable":true,"href":"https:\/\/anoticiaonline.com.br\/site\/wp-json\/wp\/v2\/users\/2"}],"replies":[{"embeddable":true,"href":"https:\/\/anoticiaonline.com.br\/site\/wp-json\/wp\/v2\/comments?post=7537"}],"version-history":[{"count":0,"href":"https:\/\/anoticiaonline.com.br\/site\/wp-json\/wp\/v2\/posts\/7537\/revisions"}],"wp:featuredmedia":[{"embeddable":true,"href":"https:\/\/anoticiaonline.com.br\/site\/wp-json\/wp\/v2\/media\/7538"}],"wp:attachment":[{"href":"https:\/\/anoticiaonline.com.br\/site\/wp-json\/wp\/v2\/media?parent=7537"}],"wp:term":[{"taxonomy":"category","embeddable":true,"href":"https:\/\/anoticiaonline.com.br\/site\/wp-json\/wp\/v2\/categories?post=7537"},{"taxonomy":"post_tag","embeddable":true,"href":"https:\/\/anoticiaonline.com.br\/site\/wp-json\/wp\/v2\/tags?post=7537"}],"curies":[{"name":"wp","href":"https:\/\/api.w.org\/{rel}","templated":true}]}}