{"id":7533,"date":"2015-12-09T07:00:07","date_gmt":"2015-12-09T10:00:07","guid":{"rendered":"http:\/\/anoticiaonline.com.br\/site\/?p=7533"},"modified":"2015-12-09T09:28:24","modified_gmt":"2015-12-09T12:28:24","slug":"comvida-realiza-festa-da-vida-no-dia-19-em-beneficio-a-propria-instituicao","status":"publish","type":"post","link":"https:\/\/anoticiaonline.com.br\/site\/comvida-realiza-festa-da-vida-no-dia-19-em-beneficio-a-propria-instituicao\/","title":{"rendered":"Comvida realiza \u201cFesta da Vida\u201d no dia 19 em benef\u00edcio \u00e0 pr\u00f3pria institui\u00e7\u00e3o"},"content":{"rendered":"<p><a href=\"https:\/\/anoticiaonline.com.br\/site\/wp-content\/uploads\/2015\/12\/comvida.jpg\"><img fetchpriority=\"high\" decoding=\"async\" class=\" size-medium wp-image-7535 alignleft\" src=\"https:\/\/anoticiaonline.com.br\/site\/wp-content\/uploads\/2015\/12\/comvida-300x225.jpg\" alt=\"comvida\" width=\"300\" height=\"225\" srcset=\"https:\/\/anoticiaonline.com.br\/site\/wp-content\/uploads\/2015\/12\/comvida-300x225.jpg 300w, https:\/\/anoticiaonline.com.br\/site\/wp-content\/uploads\/2015\/12\/comvida.jpg 640w\" sizes=\"(max-width: 300px) 100vw, 300px\" \/><\/a>A Comunidade Terap\u00eautica Fazenda Vida Nova (Comvida) est\u00e1 promovendo a \u201cFesta da Vida\u201d. Trata-se de uma a\u00e7\u00e3o entre amigos com o objetivo de arrecadar recursos para serem investidos em obras sociais da pr\u00f3pria entidade.<\/p>\n<p>A rifa tem o valor de R$20,00. Entre os pr\u00eamios est\u00e3o uma moto Fun125, duas motos \u201ccinquentinhas\u201d, uma bicicleta e uma TV de 32 polegadas, al\u00e9m de diversos outros pr\u00eamios que ser\u00e3o sorteados.<\/p>\n<p>O evento ser\u00e1 realizado no dia 19 de dezembro, na Matriz S\u00e3o Paulo, a partir das 20h. Ainda haver\u00e1 barracas com comidas t\u00edpicas e m\u00fasica ao vivo.<\/p>\n<p>Os ingressos est\u00e3o sendo vendidos em diversos pontos da cidade. Mais informa\u00e7\u00f5es podem ser obtidas pelo telefone (32) 3728-2195.<\/p>\n<p>&nbsp;<\/p>\n<p><a href=\"https:\/\/anoticiaonline.com.br\/site\/wp-content\/uploads\/2015\/12\/12346527_739816972829957_1055313485230886887_n.jpg\"><img decoding=\"async\" class=\" size-medium wp-image-7534 aligncenter\" src=\"https:\/\/anoticiaonline.com.br\/site\/wp-content\/uploads\/2015\/12\/12346527_739816972829957_1055313485230886887_n-214x300.jpg\" alt=\"12346527_739816972829957_1055313485230886887_n\" width=\"214\" height=\"300\" srcset=\"https:\/\/anoticiaonline.com.br\/site\/wp-content\/uploads\/2015\/12\/12346527_739816972829957_1055313485230886887_n-214x300.jpg 214w, https:\/\/anoticiaonline.com.br\/site\/wp-content\/uploads\/2015\/12\/12346527_739816972829957_1055313485230886887_n.jpg 457w\" sizes=\"(max-width: 214px) 100vw, 214px\" \/><\/a><\/p>\n","protected":false},"excerpt":{"rendered":"<p>A Comunidade Terap\u00eautica Fazenda Vida Nova (Comvida) est\u00e1 promovendo a \u201cFesta da Vida\u201d. Trata-se de uma a\u00e7\u00e3o entre amigos com o objetivo de arrecadar recursos para serem investidos em obras sociais da pr\u00f3pria entidade. A rifa tem o valor de R$20,00. Entre os pr\u00eamios est\u00e3o uma moto Fun125, duas motos \u201ccinquentinhas\u201d, uma bicicleta e uma &#8230; <a title=\"Comvida realiza \u201cFesta da Vida\u201d no dia 19 em benef\u00edcio \u00e0 pr\u00f3pria institui\u00e7\u00e3o\" class=\"read-more\" href=\"https:\/\/anoticiaonline.com.br\/site\/comvida-realiza-festa-da-vida-no-dia-19-em-beneficio-a-propria-instituicao\/\" aria-label=\"Read more about Comvida realiza \u201cFesta da Vida\u201d no dia 19 em benef\u00edcio \u00e0 pr\u00f3pria institui\u00e7\u00e3o\">Ler mais<\/a><\/p>\n","protected":false},"author":2,"featured_media":7535,"comment_status":"open","ping_status":"open","sticky":false,"template":"","format":"standard","meta":{"_acf_changed":false,"_monsterinsights_skip_tracking":false,"footnotes":""},"categories":[24],"tags":[3],"class_list":["post-7533","post","type-post","status-publish","format-standard","has-post-thumbnail","hentry","category-eventos","tag-slide"],"acf":[],"aioseo_notices":[],"aioseo_head":"\n\t\t<!-- All in One SEO 5.0.0.1 - aioseo.com -->\n\t<meta name=\"description\" content=\"A Comunidade Terap\u00eautica Fazenda Vida Nova (Comvida) est\u00e1 promovendo a \u201cFesta da Vida\u201d. Trata-se de uma a\u00e7\u00e3o entre amigos com o objetivo de arrecadar recursos para serem investidos em obras sociais da pr\u00f3pria entidade. A rifa tem o valor de R$20,00. Entre os pr\u00eamios est\u00e3o uma moto Fun125, duas motos \u201ccinquentinhas\u201d, uma bicicleta e uma\" \/>\n\t<meta name=\"robots\" content=\"max-image-preview:large\" \/>\n\t<meta name=\"author\" content=\"Juliana Laviola\"\/>\n\t<link rel=\"canonical\" href=\"https:\/\/anoticiaonline.com.br\/site\/comvida-realiza-festa-da-vida-no-dia-19-em-beneficio-a-propria-instituicao\/\" \/>\n\t<meta name=\"generator\" content=\"All in One SEO (AIOSEO) 5.0.0.1\" \/>\n\t\t<meta property=\"og:locale\" content=\"pt_BR\" \/>\n\t\t<meta property=\"og:site_name\" content=\"A Not\u00edcia Online - Noticias de Muria\u00e9 e regi\u00e3o\" \/>\n\t\t<meta property=\"og:type\" content=\"article\" \/>\n\t\t<meta property=\"og:title\" content=\"Comvida realiza \u201cFesta da Vida\u201d no dia 19 em benef\u00edcio \u00e0 pr\u00f3pria institui\u00e7\u00e3o - A Not\u00edcia Online\" \/>\n\t\t<meta property=\"og:description\" content=\"A Comunidade Terap\u00eautica Fazenda Vida Nova (Comvida) est\u00e1 promovendo a \u201cFesta da Vida\u201d. Trata-se de uma a\u00e7\u00e3o entre amigos com o objetivo de arrecadar recursos para serem investidos em obras sociais da pr\u00f3pria entidade. A rifa tem o valor de R$20,00. Entre os pr\u00eamios est\u00e3o uma moto Fun125, duas motos \u201ccinquentinhas\u201d, uma bicicleta e uma\" \/>\n\t\t<meta property=\"og:url\" content=\"https:\/\/anoticiaonline.com.br\/site\/comvida-realiza-festa-da-vida-no-dia-19-em-beneficio-a-propria-instituicao\/\" \/>\n\t\t<meta property=\"og:image\" content=\"https:\/\/scontent-gig4-1.xx.fbcdn.net\/v\/t39.30808-1\/270437624_4564083193639691_6907940295614233970_n.jpg?stp=dst-jpg_s200x200_tt6&#038;_nc_cat=111&#038;ccb=1-7&#038;_nc_sid=f907e8&#038;_nc_ohc=SM1wRlP3lJwQ7kNvwEPuBYA&#038;_nc_oc=AdnqrjDN_BNjSSHWO-GbkIWH6fkGMLw4bqvL_NH6e2wMveX7G-rP2dAqsDSq1mJMOaY&#038;_nc_zt=24&#038;_nc_ht=scontent-gig4-1.xx&#038;_nc_gid=AoBFJeGrT1hVaew_6rchkQ&#038;oh=00_AfX7QmFGhQhG2jAllVgXCiM1ZrWgvtp80-Bfppyexh1QEg&#038;oe=689E923C\" \/>\n\t\t<meta property=\"og:image:secure_url\" content=\"https:\/\/scontent-gig4-1.xx.fbcdn.net\/v\/t39.30808-1\/270437624_4564083193639691_6907940295614233970_n.jpg?stp=dst-jpg_s200x200_tt6&#038;_nc_cat=111&#038;ccb=1-7&#038;_nc_sid=f907e8&#038;_nc_ohc=SM1wRlP3lJwQ7kNvwEPuBYA&#038;_nc_oc=AdnqrjDN_BNjSSHWO-GbkIWH6fkGMLw4bqvL_NH6e2wMveX7G-rP2dAqsDSq1mJMOaY&#038;_nc_zt=24&#038;_nc_ht=scontent-gig4-1.xx&#038;_nc_gid=AoBFJeGrT1hVaew_6rchkQ&#038;oh=00_AfX7QmFGhQhG2jAllVgXCiM1ZrWgvtp80-Bfppyexh1QEg&#038;oe=689E923C\" \/>\n\t\t<meta property=\"article:published_time\" content=\"2015-12-09T10:00:07+00:00\" \/>\n\t\t<meta property=\"article:modified_time\" content=\"2015-12-09T12:28:24+00:00\" \/>\n\t\t<meta name=\"twitter:card\" content=\"summary_large_image\" \/>\n\t\t<meta name=\"twitter:title\" content=\"Comvida realiza \u201cFesta da Vida\u201d no dia 19 em benef\u00edcio \u00e0 pr\u00f3pria institui\u00e7\u00e3o - A Not\u00edcia Online\" \/>\n\t\t<meta name=\"twitter:description\" content=\"A Comunidade Terap\u00eautica Fazenda Vida Nova (Comvida) est\u00e1 promovendo a \u201cFesta da Vida\u201d. Trata-se de uma a\u00e7\u00e3o entre amigos com o objetivo de arrecadar recursos para serem investidos em obras sociais da pr\u00f3pria entidade. A rifa tem o valor de R$20,00. Entre os pr\u00eamios est\u00e3o uma moto Fun125, duas motos \u201ccinquentinhas\u201d, uma bicicleta e uma\" \/>\n\t\t<meta name=\"twitter:image\" content=\"https:\/\/scontent-gig4-1.xx.fbcdn.net\/v\/t39.30808-1\/270437624_4564083193639691_6907940295614233970_n.jpg?stp=dst-jpg_s200x200_tt6&amp;_nc_cat=111&amp;ccb=1-7&amp;_nc_sid=f907e8&amp;_nc_ohc=SM1wRlP3lJwQ7kNvwEPuBYA&amp;_nc_oc=AdnqrjDN_BNjSSHWO-GbkIWH6fkGMLw4bqvL_NH6e2wMveX7G-rP2dAqsDSq1mJMOaY&amp;_nc_zt=24&amp;_nc_ht=scontent-gig4-1.xx&amp;_nc_gid=AoBFJeGrT1hVaew_6rchkQ&amp;oh=00_AfX7QmFGhQhG2jAllVgXCiM1ZrWgvtp80-Bfppyexh1QEg&amp;oe=689E923C\" \/>\n\t\t<script type=\"application\/ld+json\" class=\"aioseo-schema\">\n\t\t\t{\"@context\":\"https:\\\/\\\/schema.org\",\"@graph\":[{\"@type\":\"BlogPosting\",\"@id\":\"https:\\\/\\\/anoticiaonline.com.br\\\/site\\\/comvida-realiza-festa-da-vida-no-dia-19-em-beneficio-a-propria-instituicao\\\/#blogposting\",\"name\":\"Comvida realiza \\u201cFesta da Vida\\u201d no dia 19 em benef\\u00edcio \\u00e0 pr\\u00f3pria institui\\u00e7\\u00e3o - A Not\\u00edcia Online\",\"headline\":\"Comvida realiza \\u201cFesta da Vida\\u201d no dia 19 em benef\\u00edcio \\u00e0 pr\\u00f3pria institui\\u00e7\\u00e3o\",\"author\":{\"@id\":\"https:\\\/\\\/anoticiaonline.com.br\\\/site\\\/author\\\/juliana\\\/#author\"},\"publisher\":{\"@id\":\"https:\\\/\\\/anoticiaonline.com.br\\\/site\\\/#organization\"},\"image\":{\"@type\":\"ImageObject\",\"url\":\"https:\\\/\\\/anoticiaonline.com.br\\\/site\\\/wp-content\\\/uploads\\\/2015\\\/12\\\/comvida.jpg\",\"width\":640,\"height\":480},\"datePublished\":\"2015-12-09T07:00:07-03:00\",\"dateModified\":\"2015-12-09T09:28:24-03:00\",\"inLanguage\":\"pt-BR\",\"mainEntityOfPage\":{\"@id\":\"https:\\\/\\\/anoticiaonline.com.br\\\/site\\\/comvida-realiza-festa-da-vida-no-dia-19-em-beneficio-a-propria-instituicao\\\/#webpage\"},\"isPartOf\":{\"@id\":\"https:\\\/\\\/anoticiaonline.com.br\\\/site\\\/comvida-realiza-festa-da-vida-no-dia-19-em-beneficio-a-propria-instituicao\\\/#webpage\"},\"articleSection\":\"Eventos, slide\"},{\"@type\":\"BreadcrumbList\",\"@id\":\"https:\\\/\\\/anoticiaonline.com.br\\\/site\\\/comvida-realiza-festa-da-vida-no-dia-19-em-beneficio-a-propria-instituicao\\\/#breadcrumblist\",\"itemListElement\":[{\"@type\":\"ListItem\",\"@id\":\"https:\\\/\\\/anoticiaonline.com.br\\\/site#listItem\",\"position\":1,\"name\":\"Home\",\"item\":\"https:\\\/\\\/anoticiaonline.com.br\\\/site\",\"nextItem\":{\"@type\":\"ListItem\",\"@id\":\"https:\\\/\\\/anoticiaonline.com.br\\\/site\\\/categoria\\\/eventos\\\/#listItem\",\"name\":\"Eventos\"}},{\"@type\":\"ListItem\",\"@id\":\"https:\\\/\\\/anoticiaonline.com.br\\\/site\\\/categoria\\\/eventos\\\/#listItem\",\"position\":2,\"name\":\"Eventos\",\"item\":\"https:\\\/\\\/anoticiaonline.com.br\\\/site\\\/categoria\\\/eventos\\\/\",\"nextItem\":{\"@type\":\"ListItem\",\"@id\":\"https:\\\/\\\/anoticiaonline.com.br\\\/site\\\/comvida-realiza-festa-da-vida-no-dia-19-em-beneficio-a-propria-instituicao\\\/#listItem\",\"name\":\"Comvida realiza \\u201cFesta da Vida\\u201d no dia 19 em benef\\u00edcio \\u00e0 pr\\u00f3pria institui\\u00e7\\u00e3o\"},\"previousItem\":{\"@type\":\"ListItem\",\"@id\":\"https:\\\/\\\/anoticiaonline.com.br\\\/site#listItem\",\"name\":\"Home\"}},{\"@type\":\"ListItem\",\"@id\":\"https:\\\/\\\/anoticiaonline.com.br\\\/site\\\/comvida-realiza-festa-da-vida-no-dia-19-em-beneficio-a-propria-instituicao\\\/#listItem\",\"position\":3,\"name\":\"Comvida realiza \\u201cFesta da Vida\\u201d no dia 19 em benef\\u00edcio \\u00e0 pr\\u00f3pria institui\\u00e7\\u00e3o\",\"previousItem\":{\"@type\":\"ListItem\",\"@id\":\"https:\\\/\\\/anoticiaonline.com.br\\\/site\\\/categoria\\\/eventos\\\/#listItem\",\"name\":\"Eventos\"}}]},{\"@type\":\"Organization\",\"@id\":\"https:\\\/\\\/anoticiaonline.com.br\\\/site\\\/#organization\",\"name\":\"A Not\\u00edcia Online\",\"description\":\"Noticias de Muria\\u00e9 e regi\\u00e3o\",\"url\":\"https:\\\/\\\/anoticiaonline.com.br\\\/site\\\/\",\"logo\":{\"@type\":\"ImageObject\",\"url\":\"https:\\\/\\\/scontent-gig4-1.xx.fbcdn.net\\\/v\\\/t39.30808-1\\\/270437624_4564083193639691_6907940295614233970_n.jpg?stp=dst-jpg_s200x200_tt6&_nc_cat=111&ccb=1-7&_nc_sid=f907e8&_nc_ohc=SM1wRlP3lJwQ7kNvwEPuBYA&_nc_oc=AdnqrjDN_BNjSSHWO-GbkIWH6fkGMLw4bqvL_NH6e2wMveX7G-rP2dAqsDSq1mJMOaY&_nc_zt=24&_nc_ht=scontent-gig4-1.xx&_nc_gid=AoBFJeGrT1hVaew_6rchkQ&oh=00_AfX7QmFGhQhG2jAllVgXCiM1ZrWgvtp80-Bfppyexh1QEg&oe=689E923C\",\"@id\":\"https:\\\/\\\/anoticiaonline.com.br\\\/site\\\/comvida-realiza-festa-da-vida-no-dia-19-em-beneficio-a-propria-instituicao\\\/#organizationLogo\"},\"image\":{\"@id\":\"https:\\\/\\\/anoticiaonline.com.br\\\/site\\\/comvida-realiza-festa-da-vida-no-dia-19-em-beneficio-a-propria-instituicao\\\/#organizationLogo\"}},{\"@type\":\"Person\",\"@id\":\"https:\\\/\\\/anoticiaonline.com.br\\\/site\\\/author\\\/juliana\\\/#author\",\"url\":\"https:\\\/\\\/anoticiaonline.com.br\\\/site\\\/author\\\/juliana\\\/\",\"name\":\"Juliana Laviola\",\"image\":{\"@type\":\"ImageObject\",\"@id\":\"https:\\\/\\\/anoticiaonline.com.br\\\/site\\\/comvida-realiza-festa-da-vida-no-dia-19-em-beneficio-a-propria-instituicao\\\/#authorImage\",\"url\":\"https:\\\/\\\/secure.gravatar.com\\\/avatar\\\/b8d45f5c699b100dfaf0e543582f38f38bf94cb7ae3a5e9abf8d891a34773335?s=96&d=mm&r=g\",\"width\":96,\"height\":96,\"caption\":\"Juliana Laviola\"}},{\"@type\":\"WebPage\",\"@id\":\"https:\\\/\\\/anoticiaonline.com.br\\\/site\\\/comvida-realiza-festa-da-vida-no-dia-19-em-beneficio-a-propria-instituicao\\\/#webpage\",\"url\":\"https:\\\/\\\/anoticiaonline.com.br\\\/site\\\/comvida-realiza-festa-da-vida-no-dia-19-em-beneficio-a-propria-instituicao\\\/\",\"name\":\"Comvida realiza \\u201cFesta da Vida\\u201d no dia 19 em benef\\u00edcio \\u00e0 pr\\u00f3pria institui\\u00e7\\u00e3o - A Not\\u00edcia Online\",\"description\":\"A Comunidade Terap\\u00eautica Fazenda Vida Nova (Comvida) est\\u00e1 promovendo a \\u201cFesta da Vida\\u201d. Trata-se de uma a\\u00e7\\u00e3o entre amigos com o objetivo de arrecadar recursos para serem investidos em obras sociais da pr\\u00f3pria entidade. A rifa tem o valor de R$20,00. Entre os pr\\u00eamios est\\u00e3o uma moto Fun125, duas motos \\u201ccinquentinhas\\u201d, uma bicicleta e uma\",\"inLanguage\":\"pt-BR\",\"isPartOf\":{\"@id\":\"https:\\\/\\\/anoticiaonline.com.br\\\/site\\\/#website\"},\"breadcrumb\":{\"@id\":\"https:\\\/\\\/anoticiaonline.com.br\\\/site\\\/comvida-realiza-festa-da-vida-no-dia-19-em-beneficio-a-propria-instituicao\\\/#breadcrumblist\"},\"author\":{\"@id\":\"https:\\\/\\\/anoticiaonline.com.br\\\/site\\\/author\\\/juliana\\\/#author\"},\"creator\":{\"@id\":\"https:\\\/\\\/anoticiaonline.com.br\\\/site\\\/author\\\/juliana\\\/#author\"},\"image\":{\"@type\":\"ImageObject\",\"url\":\"https:\\\/\\\/anoticiaonline.com.br\\\/site\\\/wp-content\\\/uploads\\\/2015\\\/12\\\/comvida.jpg\",\"@id\":\"https:\\\/\\\/anoticiaonline.com.br\\\/site\\\/comvida-realiza-festa-da-vida-no-dia-19-em-beneficio-a-propria-instituicao\\\/#mainImage\",\"width\":640,\"height\":480},\"primaryImageOfPage\":{\"@id\":\"https:\\\/\\\/anoticiaonline.com.br\\\/site\\\/comvida-realiza-festa-da-vida-no-dia-19-em-beneficio-a-propria-instituicao\\\/#mainImage\"},\"datePublished\":\"2015-12-09T07:00:07-03:00\",\"dateModified\":\"2015-12-09T09:28:24-03:00\"},{\"@type\":\"WebSite\",\"@id\":\"https:\\\/\\\/anoticiaonline.com.br\\\/site\\\/#website\",\"url\":\"https:\\\/\\\/anoticiaonline.com.br\\\/site\\\/\",\"name\":\"A Not\\u00edcia Online\",\"description\":\"Noticias de Muria\\u00e9 e regi\\u00e3o\",\"inLanguage\":\"pt-BR\",\"publisher\":{\"@id\":\"https:\\\/\\\/anoticiaonline.com.br\\\/site\\\/#organization\"}}]}\n\t\t<\/script>\n\t\t<!-- All in One SEO -->\n\n","aioseo_head_json":{"title":"Comvida realiza \u201cFesta da Vida\u201d no dia 19 em benef\u00edcio \u00e0 pr\u00f3pria institui\u00e7\u00e3o - A Not\u00edcia Online","description":"A Comunidade Terap\u00eautica Fazenda Vida Nova (Comvida) est\u00e1 promovendo a \u201cFesta da Vida\u201d. Trata-se de uma a\u00e7\u00e3o entre amigos com o objetivo de arrecadar recursos para serem investidos em obras sociais da pr\u00f3pria entidade. A rifa tem o valor de R$20,00. Entre os pr\u00eamios est\u00e3o uma moto Fun125, duas motos \u201ccinquentinhas\u201d, uma bicicleta e uma","canonical_url":"https:\/\/anoticiaonline.com.br\/site\/comvida-realiza-festa-da-vida-no-dia-19-em-beneficio-a-propria-instituicao\/","robots":"max-image-preview:large","keywords":"","webmasterTools":{"miscellaneous":""},"schema":{"@context":"https:\/\/schema.org","@graph":[{"@type":"BlogPosting","@id":"https:\/\/anoticiaonline.com.br\/site\/comvida-realiza-festa-da-vida-no-dia-19-em-beneficio-a-propria-instituicao\/#blogposting","name":"Comvida realiza \u201cFesta da Vida\u201d no dia 19 em benef\u00edcio \u00e0 pr\u00f3pria institui\u00e7\u00e3o - A Not\u00edcia Online","headline":"Comvida realiza \u201cFesta da Vida\u201d no dia 19 em benef\u00edcio \u00e0 pr\u00f3pria institui\u00e7\u00e3o","author":{"@id":"https:\/\/anoticiaonline.com.br\/site\/author\/juliana\/#author"},"publisher":{"@id":"https:\/\/anoticiaonline.com.br\/site\/#organization"},"image":{"@type":"ImageObject","url":"https:\/\/anoticiaonline.com.br\/site\/wp-content\/uploads\/2015\/12\/comvida.jpg","width":640,"height":480},"datePublished":"2015-12-09T07:00:07-03:00","dateModified":"2015-12-09T09:28:24-03:00","inLanguage":"pt-BR","mainEntityOfPage":{"@id":"https:\/\/anoticiaonline.com.br\/site\/comvida-realiza-festa-da-vida-no-dia-19-em-beneficio-a-propria-instituicao\/#webpage"},"isPartOf":{"@id":"https:\/\/anoticiaonline.com.br\/site\/comvida-realiza-festa-da-vida-no-dia-19-em-beneficio-a-propria-instituicao\/#webpage"},"articleSection":"Eventos, slide"},{"@type":"BreadcrumbList","@id":"https:\/\/anoticiaonline.com.br\/site\/comvida-realiza-festa-da-vida-no-dia-19-em-beneficio-a-propria-instituicao\/#breadcrumblist","itemListElement":[{"@type":"ListItem","@id":"https:\/\/anoticiaonline.com.br\/site#listItem","position":1,"name":"Home","item":"https:\/\/anoticiaonline.com.br\/site","nextItem":{"@type":"ListItem","@id":"https:\/\/anoticiaonline.com.br\/site\/categoria\/eventos\/#listItem","name":"Eventos"}},{"@type":"ListItem","@id":"https:\/\/anoticiaonline.com.br\/site\/categoria\/eventos\/#listItem","position":2,"name":"Eventos","item":"https:\/\/anoticiaonline.com.br\/site\/categoria\/eventos\/","nextItem":{"@type":"ListItem","@id":"https:\/\/anoticiaonline.com.br\/site\/comvida-realiza-festa-da-vida-no-dia-19-em-beneficio-a-propria-instituicao\/#listItem","name":"Comvida realiza \u201cFesta da Vida\u201d no dia 19 em benef\u00edcio \u00e0 pr\u00f3pria institui\u00e7\u00e3o"},"previousItem":{"@type":"ListItem","@id":"https:\/\/anoticiaonline.com.br\/site#listItem","name":"Home"}},{"@type":"ListItem","@id":"https:\/\/anoticiaonline.com.br\/site\/comvida-realiza-festa-da-vida-no-dia-19-em-beneficio-a-propria-instituicao\/#listItem","position":3,"name":"Comvida realiza \u201cFesta da Vida\u201d no dia 19 em benef\u00edcio \u00e0 pr\u00f3pria institui\u00e7\u00e3o","previousItem":{"@type":"ListItem","@id":"https:\/\/anoticiaonline.com.br\/site\/categoria\/eventos\/#listItem","name":"Eventos"}}]},{"@type":"Organization","@id":"https:\/\/anoticiaonline.com.br\/site\/#organization","name":"A Not\u00edcia Online","description":"Noticias de Muria\u00e9 e regi\u00e3o","url":"https:\/\/anoticiaonline.com.br\/site\/","logo":{"@type":"ImageObject","url":"https:\/\/scontent-gig4-1.xx.fbcdn.net\/v\/t39.30808-1\/270437624_4564083193639691_6907940295614233970_n.jpg?stp=dst-jpg_s200x200_tt6&_nc_cat=111&ccb=1-7&_nc_sid=f907e8&_nc_ohc=SM1wRlP3lJwQ7kNvwEPuBYA&_nc_oc=AdnqrjDN_BNjSSHWO-GbkIWH6fkGMLw4bqvL_NH6e2wMveX7G-rP2dAqsDSq1mJMOaY&_nc_zt=24&_nc_ht=scontent-gig4-1.xx&_nc_gid=AoBFJeGrT1hVaew_6rchkQ&oh=00_AfX7QmFGhQhG2jAllVgXCiM1ZrWgvtp80-Bfppyexh1QEg&oe=689E923C","@id":"https:\/\/anoticiaonline.com.br\/site\/comvida-realiza-festa-da-vida-no-dia-19-em-beneficio-a-propria-instituicao\/#organizationLogo"},"image":{"@id":"https:\/\/anoticiaonline.com.br\/site\/comvida-realiza-festa-da-vida-no-dia-19-em-beneficio-a-propria-instituicao\/#organizationLogo"}},{"@type":"Person","@id":"https:\/\/anoticiaonline.com.br\/site\/author\/juliana\/#author","url":"https:\/\/anoticiaonline.com.br\/site\/author\/juliana\/","name":"Juliana Laviola","image":{"@type":"ImageObject","@id":"https:\/\/anoticiaonline.com.br\/site\/comvida-realiza-festa-da-vida-no-dia-19-em-beneficio-a-propria-instituicao\/#authorImage","url":"https:\/\/secure.gravatar.com\/avatar\/b8d45f5c699b100dfaf0e543582f38f38bf94cb7ae3a5e9abf8d891a34773335?s=96&d=mm&r=g","width":96,"height":96,"caption":"Juliana Laviola"}},{"@type":"WebPage","@id":"https:\/\/anoticiaonline.com.br\/site\/comvida-realiza-festa-da-vida-no-dia-19-em-beneficio-a-propria-instituicao\/#webpage","url":"https:\/\/anoticiaonline.com.br\/site\/comvida-realiza-festa-da-vida-no-dia-19-em-beneficio-a-propria-instituicao\/","name":"Comvida realiza \u201cFesta da Vida\u201d no dia 19 em benef\u00edcio \u00e0 pr\u00f3pria institui\u00e7\u00e3o - A Not\u00edcia Online","description":"A Comunidade Terap\u00eautica Fazenda Vida Nova (Comvida) est\u00e1 promovendo a \u201cFesta da Vida\u201d. Trata-se de uma a\u00e7\u00e3o entre amigos com o objetivo de arrecadar recursos para serem investidos em obras sociais da pr\u00f3pria entidade. A rifa tem o valor de R$20,00. Entre os pr\u00eamios est\u00e3o uma moto Fun125, duas motos \u201ccinquentinhas\u201d, uma bicicleta e uma","inLanguage":"pt-BR","isPartOf":{"@id":"https:\/\/anoticiaonline.com.br\/site\/#website"},"breadcrumb":{"@id":"https:\/\/anoticiaonline.com.br\/site\/comvida-realiza-festa-da-vida-no-dia-19-em-beneficio-a-propria-instituicao\/#breadcrumblist"},"author":{"@id":"https:\/\/anoticiaonline.com.br\/site\/author\/juliana\/#author"},"creator":{"@id":"https:\/\/anoticiaonline.com.br\/site\/author\/juliana\/#author"},"image":{"@type":"ImageObject","url":"https:\/\/anoticiaonline.com.br\/site\/wp-content\/uploads\/2015\/12\/comvida.jpg","@id":"https:\/\/anoticiaonline.com.br\/site\/comvida-realiza-festa-da-vida-no-dia-19-em-beneficio-a-propria-instituicao\/#mainImage","width":640,"height":480},"primaryImageOfPage":{"@id":"https:\/\/anoticiaonline.com.br\/site\/comvida-realiza-festa-da-vida-no-dia-19-em-beneficio-a-propria-instituicao\/#mainImage"},"datePublished":"2015-12-09T07:00:07-03:00","dateModified":"2015-12-09T09:28:24-03:00"},{"@type":"WebSite","@id":"https:\/\/anoticiaonline.com.br\/site\/#website","url":"https:\/\/anoticiaonline.com.br\/site\/","name":"A Not\u00edcia Online","description":"Noticias de Muria\u00e9 e regi\u00e3o","inLanguage":"pt-BR","publisher":{"@id":"https:\/\/anoticiaonline.com.br\/site\/#organization"}}]},"og:locale":"pt_BR","og:site_name":"A Not\u00edcia Online - Noticias de Muria\u00e9 e regi\u00e3o","og:type":"article","og:title":"Comvida realiza \u201cFesta da Vida\u201d no dia 19 em benef\u00edcio \u00e0 pr\u00f3pria institui\u00e7\u00e3o - A Not\u00edcia Online","og:description":"A Comunidade Terap\u00eautica Fazenda Vida Nova (Comvida) est\u00e1 promovendo a \u201cFesta da Vida\u201d. Trata-se de uma a\u00e7\u00e3o entre amigos com o objetivo de arrecadar recursos para serem investidos em obras sociais da pr\u00f3pria entidade. A rifa tem o valor de R$20,00. Entre os pr\u00eamios est\u00e3o uma moto Fun125, duas motos \u201ccinquentinhas\u201d, uma bicicleta e uma","og:url":"https:\/\/anoticiaonline.com.br\/site\/comvida-realiza-festa-da-vida-no-dia-19-em-beneficio-a-propria-instituicao\/","og:image":"https:\/\/scontent-gig4-1.xx.fbcdn.net\/v\/t39.30808-1\/270437624_4564083193639691_6907940295614233970_n.jpg?stp=dst-jpg_s200x200_tt6&#038;_nc_cat=111&#038;ccb=1-7&#038;_nc_sid=f907e8&#038;_nc_ohc=SM1wRlP3lJwQ7kNvwEPuBYA&#038;_nc_oc=AdnqrjDN_BNjSSHWO-GbkIWH6fkGMLw4bqvL_NH6e2wMveX7G-rP2dAqsDSq1mJMOaY&#038;_nc_zt=24&#038;_nc_ht=scontent-gig4-1.xx&#038;_nc_gid=AoBFJeGrT1hVaew_6rchkQ&#038;oh=00_AfX7QmFGhQhG2jAllVgXCiM1ZrWgvtp80-Bfppyexh1QEg&#038;oe=689E923C","og:image:secure_url":"https:\/\/scontent-gig4-1.xx.fbcdn.net\/v\/t39.30808-1\/270437624_4564083193639691_6907940295614233970_n.jpg?stp=dst-jpg_s200x200_tt6&#038;_nc_cat=111&#038;ccb=1-7&#038;_nc_sid=f907e8&#038;_nc_ohc=SM1wRlP3lJwQ7kNvwEPuBYA&#038;_nc_oc=AdnqrjDN_BNjSSHWO-GbkIWH6fkGMLw4bqvL_NH6e2wMveX7G-rP2dAqsDSq1mJMOaY&#038;_nc_zt=24&#038;_nc_ht=scontent-gig4-1.xx&#038;_nc_gid=AoBFJeGrT1hVaew_6rchkQ&#038;oh=00_AfX7QmFGhQhG2jAllVgXCiM1ZrWgvtp80-Bfppyexh1QEg&#038;oe=689E923C","article:published_time":"2015-12-09T10:00:07+00:00","article:modified_time":"2015-12-09T12:28:24+00:00","twitter:card":"summary_large_image","twitter:title":"Comvida realiza \u201cFesta da Vida\u201d no dia 19 em benef\u00edcio \u00e0 pr\u00f3pria institui\u00e7\u00e3o - A Not\u00edcia Online","twitter:description":"A Comunidade Terap\u00eautica Fazenda Vida Nova (Comvida) est\u00e1 promovendo a \u201cFesta da Vida\u201d. Trata-se de uma a\u00e7\u00e3o entre amigos com o objetivo de arrecadar recursos para serem investidos em obras sociais da pr\u00f3pria entidade. A rifa tem o valor de R$20,00. Entre os pr\u00eamios est\u00e3o uma moto Fun125, duas motos \u201ccinquentinhas\u201d, uma bicicleta e uma","twitter:image":"https:\/\/scontent-gig4-1.xx.fbcdn.net\/v\/t39.30808-1\/270437624_4564083193639691_6907940295614233970_n.jpg?stp=dst-jpg_s200x200_tt6&_nc_cat=111&ccb=1-7&_nc_sid=f907e8&_nc_ohc=SM1wRlP3lJwQ7kNvwEPuBYA&_nc_oc=AdnqrjDN_BNjSSHWO-GbkIWH6fkGMLw4bqvL_NH6e2wMveX7G-rP2dAqsDSq1mJMOaY&_nc_zt=24&_nc_ht=scontent-gig4-1.xx&_nc_gid=AoBFJeGrT1hVaew_6rchkQ&oh=00_AfX7QmFGhQhG2jAllVgXCiM1ZrWgvtp80-Bfppyexh1QEg&oe=689E923C"},"aioseo_meta_data":{"post_id":"7533","title":null,"description":null,"keywords":null,"keyphrases":null,"primary_term":null,"canonical_url":null,"og_title":null,"og_description":null,"og_object_type":"default","og_image_type":"default","og_image_url":null,"og_image_width":null,"og_image_height":null,"og_image_custom_url":null,"og_image_custom_fields":null,"og_video":null,"og_custom_url":null,"og_article_section":null,"og_article_tags":null,"twitter_use_og":false,"twitter_card":"default","twitter_image_type":"default","twitter_image_url":null,"twitter_image_custom_url":null,"twitter_image_custom_fields":null,"twitter_title":null,"twitter_description":null,"schema":{"blockGraphs":[],"customGraphs":[],"default":{"data":{"Article":[],"Course":[],"Dataset":[],"FAQPage":[],"Movie":[],"Person":[],"Product":[],"ProductReview":[],"Car":[],"Recipe":[],"Service":[],"SoftwareApplication":[],"WebPage":[]},"graphName":"","isEnabled":true},"graphs":[]},"schema_type":"default","schema_type_options":null,"pillar_content":false,"robots_default":true,"robots_noindex":false,"robots_noarchive":false,"robots_nosnippet":false,"robots_nofollow":false,"robots_noimageindex":false,"robots_noodp":false,"robots_notranslate":false,"robots_max_snippet":null,"robots_max_videopreview":null,"robots_max_imagepreview":"large","priority":null,"frequency":null,"local_seo":null,"breadcrumb_settings":null,"limit_modified_date":false,"ai":null,"created":"2025-08-16 14:30:28","updated":"2025-08-16 14:30:28","focus_keyword":null,"additional_keywords":null,"truseo_locale":null,"seo_analyzer_scan_date":null},"aioseo_breadcrumb":"<div class=\"aioseo-breadcrumbs\"><span class=\"aioseo-breadcrumb\">\n\t\t\t<a href=\"https:\/\/anoticiaonline.com.br\/site\" title=\"Home\">Home<\/a>\n\t\t<\/span><span class=\"aioseo-breadcrumb-separator\">&raquo;<\/span><span class=\"aioseo-breadcrumb\">\n\t\t\t<a href=\"https:\/\/anoticiaonline.com.br\/site\/categoria\/eventos\/\" title=\"Eventos\">Eventos<\/a>\n\t\t<\/span><span class=\"aioseo-breadcrumb-separator\">&raquo;<\/span><span class=\"aioseo-breadcrumb\">\n\t\t\tComvida realiza \u201cFesta da Vida\u201d no dia 19 em benef\u00edcio \u00e0 pr\u00f3pria institui\u00e7\u00e3o\n\t\t<\/span><\/div>","aioseo_breadcrumb_json":[{"label":"Home","link":"https:\/\/anoticiaonline.com.br\/site"},{"label":"Eventos","link":"https:\/\/anoticiaonline.com.br\/site\/categoria\/eventos\/"},{"label":"Comvida realiza \u201cFesta da Vida\u201d no dia 19 em benef\u00edcio \u00e0 pr\u00f3pria institui\u00e7\u00e3o","link":"https:\/\/anoticiaonline.com.br\/site\/comvida-realiza-festa-da-vida-no-dia-19-em-beneficio-a-propria-instituicao\/"}],"views":131,"_links":{"self":[{"href":"https:\/\/anoticiaonline.com.br\/site\/wp-json\/wp\/v2\/posts\/7533","targetHints":{"allow":["GET"]}}],"collection":[{"href":"https:\/\/anoticiaonline.com.br\/site\/wp-json\/wp\/v2\/posts"}],"about":[{"href":"https:\/\/anoticiaonline.com.br\/site\/wp-json\/wp\/v2\/types\/post"}],"author":[{"embeddable":true,"href":"https:\/\/anoticiaonline.com.br\/site\/wp-json\/wp\/v2\/users\/2"}],"replies":[{"embeddable":true,"href":"https:\/\/anoticiaonline.com.br\/site\/wp-json\/wp\/v2\/comments?post=7533"}],"version-history":[{"count":0,"href":"https:\/\/anoticiaonline.com.br\/site\/wp-json\/wp\/v2\/posts\/7533\/revisions"}],"wp:featuredmedia":[{"embeddable":true,"href":"https:\/\/anoticiaonline.com.br\/site\/wp-json\/wp\/v2\/media\/7535"}],"wp:attachment":[{"href":"https:\/\/anoticiaonline.com.br\/site\/wp-json\/wp\/v2\/media?parent=7533"}],"wp:term":[{"taxonomy":"category","embeddable":true,"href":"https:\/\/anoticiaonline.com.br\/site\/wp-json\/wp\/v2\/categories?post=7533"},{"taxonomy":"post_tag","embeddable":true,"href":"https:\/\/anoticiaonline.com.br\/site\/wp-json\/wp\/v2\/tags?post=7533"}],"curies":[{"name":"wp","href":"https:\/\/api.w.org\/{rel}","templated":true}]}}