{"id":7504,"date":"2015-12-09T07:00:10","date_gmt":"2015-12-09T10:00:10","guid":{"rendered":"http:\/\/anoticiaonline.com.br\/site\/?p=7504"},"modified":"2015-12-08T14:23:32","modified_gmt":"2015-12-08T17:23:32","slug":"4a-cantata-de-natal-das-organizacoes-elder-abreu-acontece-no-dia-17","status":"publish","type":"post","link":"https:\/\/anoticiaonline.com.br\/site\/4a-cantata-de-natal-das-organizacoes-elder-abreu-acontece-no-dia-17\/","title":{"rendered":"4\u00aa Cantata de Natal das Organiza\u00e7\u00f5es Elder Abreu acontece no dia 17"},"content":{"rendered":"<p><a href=\"https:\/\/anoticiaonline.com.br\/site\/wp-content\/uploads\/2015\/12\/IMG_8612.jpg\"><img fetchpriority=\"high\" decoding=\"async\" class=\" size-medium wp-image-7520 alignleft\" src=\"https:\/\/anoticiaonline.com.br\/site\/wp-content\/uploads\/2015\/12\/IMG_8612-300x200.jpg\" alt=\"IMG_8612\" width=\"300\" height=\"200\" srcset=\"https:\/\/anoticiaonline.com.br\/site\/wp-content\/uploads\/2015\/12\/IMG_8612-300x200.jpg 300w, https:\/\/anoticiaonline.com.br\/site\/wp-content\/uploads\/2015\/12\/IMG_8612.jpg 640w\" sizes=\"(max-width: 300px) 100vw, 300px\" \/><\/a>Mais uma vez, Muria\u00e9 se tornar\u00e1 palco de uma das mais tradicionais festas natalinas do interior, totalmente aberta ao p\u00fablico. As Organiza\u00e7\u00f5es Elder Abreu realizam no dia 17 de dezembro (quinta-feira), a quarta edi\u00e7\u00e3o de sua Cantata de Natal. As apresenta\u00e7\u00f5es musicais e demais atra\u00e7\u00f5es acontecem novamente na fachada do Solar das Palmeiras, edifica\u00e7\u00e3o remanescente do s\u00e9culo XIX, tombada pelo Patrim\u00f4nio Hist\u00f3rico do munic\u00edpio.<\/p>\n<p>A partir das 18 horas, iniciam-se as festividades com a ilumina\u00e7\u00e3o especial do casar\u00e3o e sua redondeza, seguido da apresenta\u00e7\u00e3o do Coral Vozes do Futuro, formado pelas meninas atendidas pelo projeto filantr\u00f3pico Casa da Menina e da Banda Musical Princesa Leopoldina, formada por mais de 40 m\u00fasicos. Todo o evento, com efeitos especiais de ilumina\u00e7\u00e3o, fogos de artif\u00edcio, ser\u00e1 aberto e encerrado pelo Papai Noel, que ser\u00e1 o grande mestre de cerim\u00f4nias da noite.<\/p>\n<p>O Solar das Palmeiras est\u00e1 localizado na Rua Judith Pompei, 1, bairro Augusto Abreu.<\/p>\n<p><img decoding=\"async\" class=\"ngg_displayed_gallery mceItem\" src=\"https:\/\/anoticiaonline.com.br\/site\/nextgen-attach_to_post\/preview\/id--7531\" alt=\"\" \/><\/p>\n","protected":false},"excerpt":{"rendered":"<p>Mais uma vez, Muria\u00e9 se tornar\u00e1 palco de uma das mais tradicionais festas natalinas do interior, totalmente aberta ao p\u00fablico. As Organiza\u00e7\u00f5es Elder Abreu realizam no dia 17 de dezembro (quinta-feira), a quarta edi\u00e7\u00e3o de sua Cantata de Natal. As apresenta\u00e7\u00f5es musicais e demais atra\u00e7\u00f5es acontecem novamente na fachada do Solar das Palmeiras, edifica\u00e7\u00e3o remanescente &#8230; <a title=\"4\u00aa Cantata de Natal das Organiza\u00e7\u00f5es Elder Abreu acontece no dia 17\" class=\"read-more\" href=\"https:\/\/anoticiaonline.com.br\/site\/4a-cantata-de-natal-das-organizacoes-elder-abreu-acontece-no-dia-17\/\" aria-label=\"Read more about 4\u00aa Cantata de Natal das Organiza\u00e7\u00f5es Elder Abreu acontece no dia 17\">Ler mais<\/a><\/p>\n","protected":false},"author":2,"featured_media":7520,"comment_status":"open","ping_status":"open","sticky":false,"template":"","format":"standard","meta":{"_acf_changed":false,"_monsterinsights_skip_tracking":false,"footnotes":""},"categories":[30],"tags":[3],"class_list":["post-7504","post","type-post","status-publish","format-standard","has-post-thumbnail","hentry","category-muriae","tag-slide"],"acf":[],"aioseo_notices":[],"aioseo_head":"\n\t\t<!-- All in One SEO 5.0.0.1 - aioseo.com -->\n\t<meta name=\"description\" content=\"Mais uma vez, Muria\u00e9 se tornar\u00e1 palco de uma das mais tradicionais festas natalinas do interior, totalmente aberta ao p\u00fablico. As Organiza\u00e7\u00f5es Elder Abreu realizam no dia 17 de dezembro (quinta-feira), a quarta edi\u00e7\u00e3o de sua Cantata de Natal. As apresenta\u00e7\u00f5es musicais e demais atra\u00e7\u00f5es acontecem novamente na fachada do Solar das Palmeiras, edifica\u00e7\u00e3o remanescente\" \/>\n\t<meta name=\"robots\" content=\"max-image-preview:large\" \/>\n\t<meta name=\"author\" content=\"Juliana Laviola\"\/>\n\t<link rel=\"canonical\" href=\"https:\/\/anoticiaonline.com.br\/site\/4a-cantata-de-natal-das-organizacoes-elder-abreu-acontece-no-dia-17\/\" \/>\n\t<meta name=\"generator\" content=\"All in One SEO (AIOSEO) 5.0.0.1\" \/>\n\t\t<meta property=\"og:locale\" content=\"pt_BR\" \/>\n\t\t<meta property=\"og:site_name\" content=\"A Not\u00edcia Online - Noticias de Muria\u00e9 e regi\u00e3o\" \/>\n\t\t<meta property=\"og:type\" content=\"article\" \/>\n\t\t<meta property=\"og:title\" content=\"4\u00aa Cantata de Natal das Organiza\u00e7\u00f5es Elder Abreu acontece no dia 17 - A Not\u00edcia Online\" \/>\n\t\t<meta property=\"og:description\" content=\"Mais uma vez, Muria\u00e9 se tornar\u00e1 palco de uma das mais tradicionais festas natalinas do interior, totalmente aberta ao p\u00fablico. As Organiza\u00e7\u00f5es Elder Abreu realizam no dia 17 de dezembro (quinta-feira), a quarta edi\u00e7\u00e3o de sua Cantata de Natal. As apresenta\u00e7\u00f5es musicais e demais atra\u00e7\u00f5es acontecem novamente na fachada do Solar das Palmeiras, edifica\u00e7\u00e3o remanescente\" \/>\n\t\t<meta property=\"og:url\" content=\"https:\/\/anoticiaonline.com.br\/site\/4a-cantata-de-natal-das-organizacoes-elder-abreu-acontece-no-dia-17\/\" \/>\n\t\t<meta property=\"og:image\" content=\"https:\/\/scontent-gig4-1.xx.fbcdn.net\/v\/t39.30808-1\/270437624_4564083193639691_6907940295614233970_n.jpg?stp=dst-jpg_s200x200_tt6&#038;_nc_cat=111&#038;ccb=1-7&#038;_nc_sid=f907e8&#038;_nc_ohc=SM1wRlP3lJwQ7kNvwEPuBYA&#038;_nc_oc=AdnqrjDN_BNjSSHWO-GbkIWH6fkGMLw4bqvL_NH6e2wMveX7G-rP2dAqsDSq1mJMOaY&#038;_nc_zt=24&#038;_nc_ht=scontent-gig4-1.xx&#038;_nc_gid=AoBFJeGrT1hVaew_6rchkQ&#038;oh=00_AfX7QmFGhQhG2jAllVgXCiM1ZrWgvtp80-Bfppyexh1QEg&#038;oe=689E923C\" \/>\n\t\t<meta property=\"og:image:secure_url\" content=\"https:\/\/scontent-gig4-1.xx.fbcdn.net\/v\/t39.30808-1\/270437624_4564083193639691_6907940295614233970_n.jpg?stp=dst-jpg_s200x200_tt6&#038;_nc_cat=111&#038;ccb=1-7&#038;_nc_sid=f907e8&#038;_nc_ohc=SM1wRlP3lJwQ7kNvwEPuBYA&#038;_nc_oc=AdnqrjDN_BNjSSHWO-GbkIWH6fkGMLw4bqvL_NH6e2wMveX7G-rP2dAqsDSq1mJMOaY&#038;_nc_zt=24&#038;_nc_ht=scontent-gig4-1.xx&#038;_nc_gid=AoBFJeGrT1hVaew_6rchkQ&#038;oh=00_AfX7QmFGhQhG2jAllVgXCiM1ZrWgvtp80-Bfppyexh1QEg&#038;oe=689E923C\" \/>\n\t\t<meta property=\"article:published_time\" content=\"2015-12-09T10:00:10+00:00\" \/>\n\t\t<meta property=\"article:modified_time\" content=\"2015-12-08T17:23:32+00:00\" \/>\n\t\t<meta name=\"twitter:card\" content=\"summary_large_image\" \/>\n\t\t<meta name=\"twitter:title\" content=\"4\u00aa Cantata de Natal das Organiza\u00e7\u00f5es Elder Abreu acontece no dia 17 - A Not\u00edcia Online\" \/>\n\t\t<meta name=\"twitter:description\" content=\"Mais uma vez, Muria\u00e9 se tornar\u00e1 palco de uma das mais tradicionais festas natalinas do interior, totalmente aberta ao p\u00fablico. As Organiza\u00e7\u00f5es Elder Abreu realizam no dia 17 de dezembro (quinta-feira), a quarta edi\u00e7\u00e3o de sua Cantata de Natal. As apresenta\u00e7\u00f5es musicais e demais atra\u00e7\u00f5es acontecem novamente na fachada do Solar das Palmeiras, edifica\u00e7\u00e3o remanescente\" \/>\n\t\t<meta name=\"twitter:image\" content=\"https:\/\/scontent-gig4-1.xx.fbcdn.net\/v\/t39.30808-1\/270437624_4564083193639691_6907940295614233970_n.jpg?stp=dst-jpg_s200x200_tt6&amp;_nc_cat=111&amp;ccb=1-7&amp;_nc_sid=f907e8&amp;_nc_ohc=SM1wRlP3lJwQ7kNvwEPuBYA&amp;_nc_oc=AdnqrjDN_BNjSSHWO-GbkIWH6fkGMLw4bqvL_NH6e2wMveX7G-rP2dAqsDSq1mJMOaY&amp;_nc_zt=24&amp;_nc_ht=scontent-gig4-1.xx&amp;_nc_gid=AoBFJeGrT1hVaew_6rchkQ&amp;oh=00_AfX7QmFGhQhG2jAllVgXCiM1ZrWgvtp80-Bfppyexh1QEg&amp;oe=689E923C\" \/>\n\t\t<script type=\"application\/ld+json\" class=\"aioseo-schema\">\n\t\t\t{\"@context\":\"https:\\\/\\\/schema.org\",\"@graph\":[{\"@type\":\"BlogPosting\",\"@id\":\"https:\\\/\\\/anoticiaonline.com.br\\\/site\\\/4a-cantata-de-natal-das-organizacoes-elder-abreu-acontece-no-dia-17\\\/#blogposting\",\"name\":\"4\\u00aa Cantata de Natal das Organiza\\u00e7\\u00f5es Elder Abreu acontece no dia 17 - A Not\\u00edcia Online\",\"headline\":\"4\\u00aa Cantata de Natal das Organiza\\u00e7\\u00f5es Elder Abreu acontece no dia 17\",\"author\":{\"@id\":\"https:\\\/\\\/anoticiaonline.com.br\\\/site\\\/author\\\/juliana\\\/#author\"},\"publisher\":{\"@id\":\"https:\\\/\\\/anoticiaonline.com.br\\\/site\\\/#organization\"},\"image\":{\"@type\":\"ImageObject\",\"url\":\"https:\\\/\\\/anoticiaonline.com.br\\\/site\\\/wp-content\\\/uploads\\\/2015\\\/12\\\/IMG_8612.jpg\",\"width\":640,\"height\":426},\"datePublished\":\"2015-12-09T07:00:10-03:00\",\"dateModified\":\"2015-12-08T14:23:32-03:00\",\"inLanguage\":\"pt-BR\",\"mainEntityOfPage\":{\"@id\":\"https:\\\/\\\/anoticiaonline.com.br\\\/site\\\/4a-cantata-de-natal-das-organizacoes-elder-abreu-acontece-no-dia-17\\\/#webpage\"},\"isPartOf\":{\"@id\":\"https:\\\/\\\/anoticiaonline.com.br\\\/site\\\/4a-cantata-de-natal-das-organizacoes-elder-abreu-acontece-no-dia-17\\\/#webpage\"},\"articleSection\":\"Blog, slide\"},{\"@type\":\"BreadcrumbList\",\"@id\":\"https:\\\/\\\/anoticiaonline.com.br\\\/site\\\/4a-cantata-de-natal-das-organizacoes-elder-abreu-acontece-no-dia-17\\\/#breadcrumblist\",\"itemListElement\":[{\"@type\":\"ListItem\",\"@id\":\"https:\\\/\\\/anoticiaonline.com.br\\\/site#listItem\",\"position\":1,\"name\":\"Home\",\"item\":\"https:\\\/\\\/anoticiaonline.com.br\\\/site\",\"nextItem\":{\"@type\":\"ListItem\",\"@id\":\"https:\\\/\\\/anoticiaonline.com.br\\\/site\\\/categoria\\\/muriae\\\/#listItem\",\"name\":\"Blog\"}},{\"@type\":\"ListItem\",\"@id\":\"https:\\\/\\\/anoticiaonline.com.br\\\/site\\\/categoria\\\/muriae\\\/#listItem\",\"position\":2,\"name\":\"Blog\",\"item\":\"https:\\\/\\\/anoticiaonline.com.br\\\/site\\\/categoria\\\/muriae\\\/\",\"nextItem\":{\"@type\":\"ListItem\",\"@id\":\"https:\\\/\\\/anoticiaonline.com.br\\\/site\\\/4a-cantata-de-natal-das-organizacoes-elder-abreu-acontece-no-dia-17\\\/#listItem\",\"name\":\"4\\u00aa Cantata de Natal das Organiza\\u00e7\\u00f5es Elder Abreu acontece no dia 17\"},\"previousItem\":{\"@type\":\"ListItem\",\"@id\":\"https:\\\/\\\/anoticiaonline.com.br\\\/site#listItem\",\"name\":\"Home\"}},{\"@type\":\"ListItem\",\"@id\":\"https:\\\/\\\/anoticiaonline.com.br\\\/site\\\/4a-cantata-de-natal-das-organizacoes-elder-abreu-acontece-no-dia-17\\\/#listItem\",\"position\":3,\"name\":\"4\\u00aa Cantata de Natal das Organiza\\u00e7\\u00f5es Elder Abreu acontece no dia 17\",\"previousItem\":{\"@type\":\"ListItem\",\"@id\":\"https:\\\/\\\/anoticiaonline.com.br\\\/site\\\/categoria\\\/muriae\\\/#listItem\",\"name\":\"Blog\"}}]},{\"@type\":\"Organization\",\"@id\":\"https:\\\/\\\/anoticiaonline.com.br\\\/site\\\/#organization\",\"name\":\"A Not\\u00edcia Online\",\"description\":\"Noticias de Muria\\u00e9 e regi\\u00e3o\",\"url\":\"https:\\\/\\\/anoticiaonline.com.br\\\/site\\\/\",\"logo\":{\"@type\":\"ImageObject\",\"url\":\"https:\\\/\\\/scontent-gig4-1.xx.fbcdn.net\\\/v\\\/t39.30808-1\\\/270437624_4564083193639691_6907940295614233970_n.jpg?stp=dst-jpg_s200x200_tt6&_nc_cat=111&ccb=1-7&_nc_sid=f907e8&_nc_ohc=SM1wRlP3lJwQ7kNvwEPuBYA&_nc_oc=AdnqrjDN_BNjSSHWO-GbkIWH6fkGMLw4bqvL_NH6e2wMveX7G-rP2dAqsDSq1mJMOaY&_nc_zt=24&_nc_ht=scontent-gig4-1.xx&_nc_gid=AoBFJeGrT1hVaew_6rchkQ&oh=00_AfX7QmFGhQhG2jAllVgXCiM1ZrWgvtp80-Bfppyexh1QEg&oe=689E923C\",\"@id\":\"https:\\\/\\\/anoticiaonline.com.br\\\/site\\\/4a-cantata-de-natal-das-organizacoes-elder-abreu-acontece-no-dia-17\\\/#organizationLogo\"},\"image\":{\"@id\":\"https:\\\/\\\/anoticiaonline.com.br\\\/site\\\/4a-cantata-de-natal-das-organizacoes-elder-abreu-acontece-no-dia-17\\\/#organizationLogo\"}},{\"@type\":\"Person\",\"@id\":\"https:\\\/\\\/anoticiaonline.com.br\\\/site\\\/author\\\/juliana\\\/#author\",\"url\":\"https:\\\/\\\/anoticiaonline.com.br\\\/site\\\/author\\\/juliana\\\/\",\"name\":\"Juliana Laviola\",\"image\":{\"@type\":\"ImageObject\",\"@id\":\"https:\\\/\\\/anoticiaonline.com.br\\\/site\\\/4a-cantata-de-natal-das-organizacoes-elder-abreu-acontece-no-dia-17\\\/#authorImage\",\"url\":\"https:\\\/\\\/secure.gravatar.com\\\/avatar\\\/b8d45f5c699b100dfaf0e543582f38f38bf94cb7ae3a5e9abf8d891a34773335?s=96&d=mm&r=g\",\"width\":96,\"height\":96,\"caption\":\"Juliana Laviola\"}},{\"@type\":\"WebPage\",\"@id\":\"https:\\\/\\\/anoticiaonline.com.br\\\/site\\\/4a-cantata-de-natal-das-organizacoes-elder-abreu-acontece-no-dia-17\\\/#webpage\",\"url\":\"https:\\\/\\\/anoticiaonline.com.br\\\/site\\\/4a-cantata-de-natal-das-organizacoes-elder-abreu-acontece-no-dia-17\\\/\",\"name\":\"4\\u00aa Cantata de Natal das Organiza\\u00e7\\u00f5es Elder Abreu acontece no dia 17 - A Not\\u00edcia Online\",\"description\":\"Mais uma vez, Muria\\u00e9 se tornar\\u00e1 palco de uma das mais tradicionais festas natalinas do interior, totalmente aberta ao p\\u00fablico. As Organiza\\u00e7\\u00f5es Elder Abreu realizam no dia 17 de dezembro (quinta-feira), a quarta edi\\u00e7\\u00e3o de sua Cantata de Natal. As apresenta\\u00e7\\u00f5es musicais e demais atra\\u00e7\\u00f5es acontecem novamente na fachada do Solar das Palmeiras, edifica\\u00e7\\u00e3o remanescente\",\"inLanguage\":\"pt-BR\",\"isPartOf\":{\"@id\":\"https:\\\/\\\/anoticiaonline.com.br\\\/site\\\/#website\"},\"breadcrumb\":{\"@id\":\"https:\\\/\\\/anoticiaonline.com.br\\\/site\\\/4a-cantata-de-natal-das-organizacoes-elder-abreu-acontece-no-dia-17\\\/#breadcrumblist\"},\"author\":{\"@id\":\"https:\\\/\\\/anoticiaonline.com.br\\\/site\\\/author\\\/juliana\\\/#author\"},\"creator\":{\"@id\":\"https:\\\/\\\/anoticiaonline.com.br\\\/site\\\/author\\\/juliana\\\/#author\"},\"image\":{\"@type\":\"ImageObject\",\"url\":\"https:\\\/\\\/anoticiaonline.com.br\\\/site\\\/wp-content\\\/uploads\\\/2015\\\/12\\\/IMG_8612.jpg\",\"@id\":\"https:\\\/\\\/anoticiaonline.com.br\\\/site\\\/4a-cantata-de-natal-das-organizacoes-elder-abreu-acontece-no-dia-17\\\/#mainImage\",\"width\":640,\"height\":426},\"primaryImageOfPage\":{\"@id\":\"https:\\\/\\\/anoticiaonline.com.br\\\/site\\\/4a-cantata-de-natal-das-organizacoes-elder-abreu-acontece-no-dia-17\\\/#mainImage\"},\"datePublished\":\"2015-12-09T07:00:10-03:00\",\"dateModified\":\"2015-12-08T14:23:32-03:00\"},{\"@type\":\"WebSite\",\"@id\":\"https:\\\/\\\/anoticiaonline.com.br\\\/site\\\/#website\",\"url\":\"https:\\\/\\\/anoticiaonline.com.br\\\/site\\\/\",\"name\":\"A Not\\u00edcia Online\",\"description\":\"Noticias de Muria\\u00e9 e regi\\u00e3o\",\"inLanguage\":\"pt-BR\",\"publisher\":{\"@id\":\"https:\\\/\\\/anoticiaonline.com.br\\\/site\\\/#organization\"}}]}\n\t\t<\/script>\n\t\t<!-- All in One SEO -->\n\n","aioseo_head_json":{"title":"4\u00aa Cantata de Natal das Organiza\u00e7\u00f5es Elder Abreu acontece no dia 17 - A Not\u00edcia Online","description":"Mais uma vez, Muria\u00e9 se tornar\u00e1 palco de uma das mais tradicionais festas natalinas do interior, totalmente aberta ao p\u00fablico. As Organiza\u00e7\u00f5es Elder Abreu realizam no dia 17 de dezembro (quinta-feira), a quarta edi\u00e7\u00e3o de sua Cantata de Natal. As apresenta\u00e7\u00f5es musicais e demais atra\u00e7\u00f5es acontecem novamente na fachada do Solar das Palmeiras, edifica\u00e7\u00e3o remanescente","canonical_url":"https:\/\/anoticiaonline.com.br\/site\/4a-cantata-de-natal-das-organizacoes-elder-abreu-acontece-no-dia-17\/","robots":"max-image-preview:large","keywords":"","webmasterTools":{"miscellaneous":""},"schema":{"@context":"https:\/\/schema.org","@graph":[{"@type":"BlogPosting","@id":"https:\/\/anoticiaonline.com.br\/site\/4a-cantata-de-natal-das-organizacoes-elder-abreu-acontece-no-dia-17\/#blogposting","name":"4\u00aa Cantata de Natal das Organiza\u00e7\u00f5es Elder Abreu acontece no dia 17 - A Not\u00edcia Online","headline":"4\u00aa Cantata de Natal das Organiza\u00e7\u00f5es Elder Abreu acontece no dia 17","author":{"@id":"https:\/\/anoticiaonline.com.br\/site\/author\/juliana\/#author"},"publisher":{"@id":"https:\/\/anoticiaonline.com.br\/site\/#organization"},"image":{"@type":"ImageObject","url":"https:\/\/anoticiaonline.com.br\/site\/wp-content\/uploads\/2015\/12\/IMG_8612.jpg","width":640,"height":426},"datePublished":"2015-12-09T07:00:10-03:00","dateModified":"2015-12-08T14:23:32-03:00","inLanguage":"pt-BR","mainEntityOfPage":{"@id":"https:\/\/anoticiaonline.com.br\/site\/4a-cantata-de-natal-das-organizacoes-elder-abreu-acontece-no-dia-17\/#webpage"},"isPartOf":{"@id":"https:\/\/anoticiaonline.com.br\/site\/4a-cantata-de-natal-das-organizacoes-elder-abreu-acontece-no-dia-17\/#webpage"},"articleSection":"Blog, slide"},{"@type":"BreadcrumbList","@id":"https:\/\/anoticiaonline.com.br\/site\/4a-cantata-de-natal-das-organizacoes-elder-abreu-acontece-no-dia-17\/#breadcrumblist","itemListElement":[{"@type":"ListItem","@id":"https:\/\/anoticiaonline.com.br\/site#listItem","position":1,"name":"Home","item":"https:\/\/anoticiaonline.com.br\/site","nextItem":{"@type":"ListItem","@id":"https:\/\/anoticiaonline.com.br\/site\/categoria\/muriae\/#listItem","name":"Blog"}},{"@type":"ListItem","@id":"https:\/\/anoticiaonline.com.br\/site\/categoria\/muriae\/#listItem","position":2,"name":"Blog","item":"https:\/\/anoticiaonline.com.br\/site\/categoria\/muriae\/","nextItem":{"@type":"ListItem","@id":"https:\/\/anoticiaonline.com.br\/site\/4a-cantata-de-natal-das-organizacoes-elder-abreu-acontece-no-dia-17\/#listItem","name":"4\u00aa Cantata de Natal das Organiza\u00e7\u00f5es Elder Abreu acontece no dia 17"},"previousItem":{"@type":"ListItem","@id":"https:\/\/anoticiaonline.com.br\/site#listItem","name":"Home"}},{"@type":"ListItem","@id":"https:\/\/anoticiaonline.com.br\/site\/4a-cantata-de-natal-das-organizacoes-elder-abreu-acontece-no-dia-17\/#listItem","position":3,"name":"4\u00aa Cantata de Natal das Organiza\u00e7\u00f5es Elder Abreu acontece no dia 17","previousItem":{"@type":"ListItem","@id":"https:\/\/anoticiaonline.com.br\/site\/categoria\/muriae\/#listItem","name":"Blog"}}]},{"@type":"Organization","@id":"https:\/\/anoticiaonline.com.br\/site\/#organization","name":"A Not\u00edcia Online","description":"Noticias de Muria\u00e9 e regi\u00e3o","url":"https:\/\/anoticiaonline.com.br\/site\/","logo":{"@type":"ImageObject","url":"https:\/\/scontent-gig4-1.xx.fbcdn.net\/v\/t39.30808-1\/270437624_4564083193639691_6907940295614233970_n.jpg?stp=dst-jpg_s200x200_tt6&_nc_cat=111&ccb=1-7&_nc_sid=f907e8&_nc_ohc=SM1wRlP3lJwQ7kNvwEPuBYA&_nc_oc=AdnqrjDN_BNjSSHWO-GbkIWH6fkGMLw4bqvL_NH6e2wMveX7G-rP2dAqsDSq1mJMOaY&_nc_zt=24&_nc_ht=scontent-gig4-1.xx&_nc_gid=AoBFJeGrT1hVaew_6rchkQ&oh=00_AfX7QmFGhQhG2jAllVgXCiM1ZrWgvtp80-Bfppyexh1QEg&oe=689E923C","@id":"https:\/\/anoticiaonline.com.br\/site\/4a-cantata-de-natal-das-organizacoes-elder-abreu-acontece-no-dia-17\/#organizationLogo"},"image":{"@id":"https:\/\/anoticiaonline.com.br\/site\/4a-cantata-de-natal-das-organizacoes-elder-abreu-acontece-no-dia-17\/#organizationLogo"}},{"@type":"Person","@id":"https:\/\/anoticiaonline.com.br\/site\/author\/juliana\/#author","url":"https:\/\/anoticiaonline.com.br\/site\/author\/juliana\/","name":"Juliana Laviola","image":{"@type":"ImageObject","@id":"https:\/\/anoticiaonline.com.br\/site\/4a-cantata-de-natal-das-organizacoes-elder-abreu-acontece-no-dia-17\/#authorImage","url":"https:\/\/secure.gravatar.com\/avatar\/b8d45f5c699b100dfaf0e543582f38f38bf94cb7ae3a5e9abf8d891a34773335?s=96&d=mm&r=g","width":96,"height":96,"caption":"Juliana Laviola"}},{"@type":"WebPage","@id":"https:\/\/anoticiaonline.com.br\/site\/4a-cantata-de-natal-das-organizacoes-elder-abreu-acontece-no-dia-17\/#webpage","url":"https:\/\/anoticiaonline.com.br\/site\/4a-cantata-de-natal-das-organizacoes-elder-abreu-acontece-no-dia-17\/","name":"4\u00aa Cantata de Natal das Organiza\u00e7\u00f5es Elder Abreu acontece no dia 17 - A Not\u00edcia Online","description":"Mais uma vez, Muria\u00e9 se tornar\u00e1 palco de uma das mais tradicionais festas natalinas do interior, totalmente aberta ao p\u00fablico. As Organiza\u00e7\u00f5es Elder Abreu realizam no dia 17 de dezembro (quinta-feira), a quarta edi\u00e7\u00e3o de sua Cantata de Natal. As apresenta\u00e7\u00f5es musicais e demais atra\u00e7\u00f5es acontecem novamente na fachada do Solar das Palmeiras, edifica\u00e7\u00e3o remanescente","inLanguage":"pt-BR","isPartOf":{"@id":"https:\/\/anoticiaonline.com.br\/site\/#website"},"breadcrumb":{"@id":"https:\/\/anoticiaonline.com.br\/site\/4a-cantata-de-natal-das-organizacoes-elder-abreu-acontece-no-dia-17\/#breadcrumblist"},"author":{"@id":"https:\/\/anoticiaonline.com.br\/site\/author\/juliana\/#author"},"creator":{"@id":"https:\/\/anoticiaonline.com.br\/site\/author\/juliana\/#author"},"image":{"@type":"ImageObject","url":"https:\/\/anoticiaonline.com.br\/site\/wp-content\/uploads\/2015\/12\/IMG_8612.jpg","@id":"https:\/\/anoticiaonline.com.br\/site\/4a-cantata-de-natal-das-organizacoes-elder-abreu-acontece-no-dia-17\/#mainImage","width":640,"height":426},"primaryImageOfPage":{"@id":"https:\/\/anoticiaonline.com.br\/site\/4a-cantata-de-natal-das-organizacoes-elder-abreu-acontece-no-dia-17\/#mainImage"},"datePublished":"2015-12-09T07:00:10-03:00","dateModified":"2015-12-08T14:23:32-03:00"},{"@type":"WebSite","@id":"https:\/\/anoticiaonline.com.br\/site\/#website","url":"https:\/\/anoticiaonline.com.br\/site\/","name":"A Not\u00edcia Online","description":"Noticias de Muria\u00e9 e regi\u00e3o","inLanguage":"pt-BR","publisher":{"@id":"https:\/\/anoticiaonline.com.br\/site\/#organization"}}]},"og:locale":"pt_BR","og:site_name":"A Not\u00edcia Online - Noticias de Muria\u00e9 e regi\u00e3o","og:type":"article","og:title":"4\u00aa Cantata de Natal das Organiza\u00e7\u00f5es Elder Abreu acontece no dia 17 - A Not\u00edcia Online","og:description":"Mais uma vez, Muria\u00e9 se tornar\u00e1 palco de uma das mais tradicionais festas natalinas do interior, totalmente aberta ao p\u00fablico. As Organiza\u00e7\u00f5es Elder Abreu realizam no dia 17 de dezembro (quinta-feira), a quarta edi\u00e7\u00e3o de sua Cantata de Natal. As apresenta\u00e7\u00f5es musicais e demais atra\u00e7\u00f5es acontecem novamente na fachada do Solar das Palmeiras, edifica\u00e7\u00e3o remanescente","og:url":"https:\/\/anoticiaonline.com.br\/site\/4a-cantata-de-natal-das-organizacoes-elder-abreu-acontece-no-dia-17\/","og:image":"https:\/\/scontent-gig4-1.xx.fbcdn.net\/v\/t39.30808-1\/270437624_4564083193639691_6907940295614233970_n.jpg?stp=dst-jpg_s200x200_tt6&#038;_nc_cat=111&#038;ccb=1-7&#038;_nc_sid=f907e8&#038;_nc_ohc=SM1wRlP3lJwQ7kNvwEPuBYA&#038;_nc_oc=AdnqrjDN_BNjSSHWO-GbkIWH6fkGMLw4bqvL_NH6e2wMveX7G-rP2dAqsDSq1mJMOaY&#038;_nc_zt=24&#038;_nc_ht=scontent-gig4-1.xx&#038;_nc_gid=AoBFJeGrT1hVaew_6rchkQ&#038;oh=00_AfX7QmFGhQhG2jAllVgXCiM1ZrWgvtp80-Bfppyexh1QEg&#038;oe=689E923C","og:image:secure_url":"https:\/\/scontent-gig4-1.xx.fbcdn.net\/v\/t39.30808-1\/270437624_4564083193639691_6907940295614233970_n.jpg?stp=dst-jpg_s200x200_tt6&#038;_nc_cat=111&#038;ccb=1-7&#038;_nc_sid=f907e8&#038;_nc_ohc=SM1wRlP3lJwQ7kNvwEPuBYA&#038;_nc_oc=AdnqrjDN_BNjSSHWO-GbkIWH6fkGMLw4bqvL_NH6e2wMveX7G-rP2dAqsDSq1mJMOaY&#038;_nc_zt=24&#038;_nc_ht=scontent-gig4-1.xx&#038;_nc_gid=AoBFJeGrT1hVaew_6rchkQ&#038;oh=00_AfX7QmFGhQhG2jAllVgXCiM1ZrWgvtp80-Bfppyexh1QEg&#038;oe=689E923C","article:published_time":"2015-12-09T10:00:10+00:00","article:modified_time":"2015-12-08T17:23:32+00:00","twitter:card":"summary_large_image","twitter:title":"4\u00aa Cantata de Natal das Organiza\u00e7\u00f5es Elder Abreu acontece no dia 17 - A Not\u00edcia Online","twitter:description":"Mais uma vez, Muria\u00e9 se tornar\u00e1 palco de uma das mais tradicionais festas natalinas do interior, totalmente aberta ao p\u00fablico. As Organiza\u00e7\u00f5es Elder Abreu realizam no dia 17 de dezembro (quinta-feira), a quarta edi\u00e7\u00e3o de sua Cantata de Natal. As apresenta\u00e7\u00f5es musicais e demais atra\u00e7\u00f5es acontecem novamente na fachada do Solar das Palmeiras, edifica\u00e7\u00e3o remanescente","twitter:image":"https:\/\/scontent-gig4-1.xx.fbcdn.net\/v\/t39.30808-1\/270437624_4564083193639691_6907940295614233970_n.jpg?stp=dst-jpg_s200x200_tt6&_nc_cat=111&ccb=1-7&_nc_sid=f907e8&_nc_ohc=SM1wRlP3lJwQ7kNvwEPuBYA&_nc_oc=AdnqrjDN_BNjSSHWO-GbkIWH6fkGMLw4bqvL_NH6e2wMveX7G-rP2dAqsDSq1mJMOaY&_nc_zt=24&_nc_ht=scontent-gig4-1.xx&_nc_gid=AoBFJeGrT1hVaew_6rchkQ&oh=00_AfX7QmFGhQhG2jAllVgXCiM1ZrWgvtp80-Bfppyexh1QEg&oe=689E923C"},"aioseo_meta_data":{"post_id":"7504","title":null,"description":null,"keywords":null,"keyphrases":null,"primary_term":null,"canonical_url":null,"og_title":null,"og_description":null,"og_object_type":"default","og_image_type":"default","og_image_url":null,"og_image_width":null,"og_image_height":null,"og_image_custom_url":null,"og_image_custom_fields":null,"og_video":null,"og_custom_url":null,"og_article_section":null,"og_article_tags":null,"twitter_use_og":false,"twitter_card":"default","twitter_image_type":"default","twitter_image_url":null,"twitter_image_custom_url":null,"twitter_image_custom_fields":null,"twitter_title":null,"twitter_description":null,"schema":{"blockGraphs":[],"customGraphs":[],"default":{"data":{"Article":[],"Course":[],"Dataset":[],"FAQPage":[],"Movie":[],"Person":[],"Product":[],"ProductReview":[],"Car":[],"Recipe":[],"Service":[],"SoftwareApplication":[],"WebPage":[]},"graphName":"","isEnabled":true},"graphs":[]},"schema_type":"default","schema_type_options":null,"pillar_content":false,"robots_default":true,"robots_noindex":false,"robots_noarchive":false,"robots_nosnippet":false,"robots_nofollow":false,"robots_noimageindex":false,"robots_noodp":false,"robots_notranslate":false,"robots_max_snippet":null,"robots_max_videopreview":null,"robots_max_imagepreview":"large","priority":null,"frequency":null,"local_seo":null,"breadcrumb_settings":null,"limit_modified_date":false,"ai":null,"created":"2025-08-16 14:24:57","updated":"2025-08-16 14:24:57","focus_keyword":null,"additional_keywords":null,"truseo_locale":null,"seo_analyzer_scan_date":null},"aioseo_breadcrumb":"<div class=\"aioseo-breadcrumbs\"><span class=\"aioseo-breadcrumb\">\n\t\t\t<a href=\"https:\/\/anoticiaonline.com.br\/site\" title=\"Home\">Home<\/a>\n\t\t<\/span><span class=\"aioseo-breadcrumb-separator\">&raquo;<\/span><span class=\"aioseo-breadcrumb\">\n\t\t\t<a href=\"https:\/\/anoticiaonline.com.br\/site\/categoria\/muriae\/\" title=\"Blog\">Blog<\/a>\n\t\t<\/span><span class=\"aioseo-breadcrumb-separator\">&raquo;<\/span><span class=\"aioseo-breadcrumb\">\n\t\t\t4\u00aa Cantata de Natal das Organiza\u00e7\u00f5es Elder Abreu acontece no dia 17\n\t\t<\/span><\/div>","aioseo_breadcrumb_json":[{"label":"Home","link":"https:\/\/anoticiaonline.com.br\/site"},{"label":"Blog","link":"https:\/\/anoticiaonline.com.br\/site\/categoria\/muriae\/"},{"label":"4\u00aa Cantata de Natal das Organiza\u00e7\u00f5es Elder Abreu acontece no dia 17","link":"https:\/\/anoticiaonline.com.br\/site\/4a-cantata-de-natal-das-organizacoes-elder-abreu-acontece-no-dia-17\/"}],"views":243,"_links":{"self":[{"href":"https:\/\/anoticiaonline.com.br\/site\/wp-json\/wp\/v2\/posts\/7504","targetHints":{"allow":["GET"]}}],"collection":[{"href":"https:\/\/anoticiaonline.com.br\/site\/wp-json\/wp\/v2\/posts"}],"about":[{"href":"https:\/\/anoticiaonline.com.br\/site\/wp-json\/wp\/v2\/types\/post"}],"author":[{"embeddable":true,"href":"https:\/\/anoticiaonline.com.br\/site\/wp-json\/wp\/v2\/users\/2"}],"replies":[{"embeddable":true,"href":"https:\/\/anoticiaonline.com.br\/site\/wp-json\/wp\/v2\/comments?post=7504"}],"version-history":[{"count":0,"href":"https:\/\/anoticiaonline.com.br\/site\/wp-json\/wp\/v2\/posts\/7504\/revisions"}],"wp:featuredmedia":[{"embeddable":true,"href":"https:\/\/anoticiaonline.com.br\/site\/wp-json\/wp\/v2\/media\/7520"}],"wp:attachment":[{"href":"https:\/\/anoticiaonline.com.br\/site\/wp-json\/wp\/v2\/media?parent=7504"}],"wp:term":[{"taxonomy":"category","embeddable":true,"href":"https:\/\/anoticiaonline.com.br\/site\/wp-json\/wp\/v2\/categories?post=7504"},{"taxonomy":"post_tag","embeddable":true,"href":"https:\/\/anoticiaonline.com.br\/site\/wp-json\/wp\/v2\/tags?post=7504"}],"curies":[{"name":"wp","href":"https:\/\/api.w.org\/{rel}","templated":true}]}}