{"id":7429,"date":"2015-12-07T08:33:32","date_gmt":"2015-12-07T11:33:32","guid":{"rendered":"http:\/\/anoticiaonline.com.br\/site\/?p=7429"},"modified":"2015-12-07T08:33:32","modified_gmt":"2015-12-07T11:33:32","slug":"crescer-a-ponto-de-se-fazer-crianca","status":"publish","type":"post","link":"https:\/\/anoticiaonline.com.br\/site\/crescer-a-ponto-de-se-fazer-crianca\/","title":{"rendered":"Crescer a ponto de se fazer crian\u00e7a"},"content":{"rendered":"<p><strong>Pureza de cora\u00e7\u00e3o, simplicidade e humildade formam o trin\u00f4mio de luz do progresso<\/strong><\/p>\n<p><strong>Por Rog\u00e9rio Coelho<\/strong><\/p>\n<p><em>&#8220;Deixai vir a mim os meninos, e\u00a0 n\u00e3o\u00a0 os impe\u00e7ais; porque dos tais \u00e9 o Reino de Deus.&#8221; &#8211;\u00a0\u00a0 \u00a0Jesus (Lc., 18:16)<\/em><\/p>\n<p>Embora pare\u00e7a paradoxal, o t\u00edtulo est\u00e1 correto. O que parece caracterizar uma ordem inversa, na verdade cont\u00e9m um profundo ensinamento: a crian\u00e7a nos apresenta a imagem da inoc\u00eancia e da candura&#8230; N\u00e3o h\u00e1 quem n\u00e3o se enterne\u00e7a ante uma crian\u00e7a. Dizendo que o Reino dos C\u00e9us \u00e9 para os que se lhes assemelham, Jesus\u00a0 n\u00e3o quis dizer que o Reino \u00e9 \u00fanica e\u00a0 exclusivamente\u00a0 para elas,\u00a0 mas para aqueles que s\u00e3o portadores da pureza\u00a0 do\u00a0 cora\u00e7\u00e3o que, por sua vez \u00e9 insepar\u00e1vel da simplicidade e da humildade. Assim, pureza de cora\u00e7\u00e3o,\u00a0 simplicidade e humildade formam o trin\u00f4mio que \u00e9 a senha de\u00a0 entrada\u00a0 para\u00a0 os remansosos pastos espirituais. Da\u00ed tomar Jesus a inf\u00e2ncia como emblema dessas qualidades.<\/p>\n<p>Em \u201cO Evangelho Segundo o Espiritismo\u201d, cap. VIII, item 4, lembra-nos o grande pedagogo e mission\u00e1rio lion\u00eas Allan Kardec: &#8220;(&#8230;) no curso dos primeiros anos de vida, o Esp\u00edrito \u00e9 verdadeiramente crian\u00e7a, por se acharem, ainda,\u00a0 adormecidas as ideias que lhe formam o fundo do car\u00e1ter. Durante o tempo em que seus instintos se conservam\u00a0 amodorrados, ele\u00a0 \u00e9\u00a0 mais\u00a0 male\u00e1vel\u00a0 e, por\u00a0 isso\u00a0 mesmo,\u00a0 mais\u00a0 acess\u00edvel\u00a0 \u00e0s impress\u00f5es\u00a0 capazes\u00a0 de lhe modificarem a natureza e\u00a0 de\u00a0 faz\u00ea-lo progredir\u201d.<\/p>\n<p>Em mensagem n\u00e3o verbalizada, por\u00e9m, subentendida nas entrelinhas, Jesus, ao registrar as palavras em ep\u00edgrafe, nos faz sentir a necessidade de nos mostrarmos mais d\u00f3ceis e male\u00e1veis aos Alvitres Divinos que ir\u00e3o caldear nossa personalidade de &#8220;homem-novo&#8221;, ao mesmo tempo que extinguir\u00e3o\u00a0 os perniciosos azinhavres do &#8220;homem-velho&#8221;.<\/p>\n<p>Igualmente Ele nos mostra com o s\u00edmbolo da crian\u00e7a, que s\u00f3 entrar\u00e1 no Reino dos\u00a0 C\u00e9us,\u00a0 o\u00a0 Esp\u00edrito\u00a0 que, em abandonando\u00a0 os\u00a0 p\u00e2ntanos\u00a0 da estagna\u00e7\u00e3o\u00a0 moral passa a oferecer\u00a0 condi\u00e7\u00f5es\u00a0 de crescimento espiritual.<\/p>\n<p>Desse modo, entendemos com Simb\u00e1 (in Poemas de Paz) que urge imantarmo-nos do magnetismo da paz, amar\u00a0 at\u00e9 atingirmos\u00a0 a\u00a0 plena\u00a0 inoc\u00eancia em regime de\u00a0 plenitude\u00a0 de\u00a0 pureza, doando-nos\u00a0 incondicionalmente \u00e0 Seara do Bem com Jesus,\u00a0 e,\u00a0 sem dar\u00a0 azo\u00a0 a\u00a0 paradoxos, otimizar o crescimento\u00a0 que\u00a0 nos\u00a0 tornar\u00e1 crian\u00e7as aptas ao definitivo ingresso no Reino dos C\u00e9us.<\/p>\n","protected":false},"excerpt":{"rendered":"<p>Pureza de cora\u00e7\u00e3o, simplicidade e humildade formam o trin\u00f4mio de luz do progresso Por Rog\u00e9rio Coelho &#8220;Deixai vir a mim os meninos, e\u00a0 n\u00e3o\u00a0 os impe\u00e7ais; porque dos tais \u00e9 o Reino de Deus.&#8221; &#8211;\u00a0\u00a0 \u00a0Jesus (Lc., 18:16) Embora pare\u00e7a paradoxal, o t\u00edtulo est\u00e1 correto. O que parece caracterizar uma ordem inversa, na verdade cont\u00e9m &#8230; <a title=\"Crescer a ponto de se fazer crian\u00e7a\" class=\"read-more\" href=\"https:\/\/anoticiaonline.com.br\/site\/crescer-a-ponto-de-se-fazer-crianca\/\" aria-label=\"Read more about Crescer a ponto de se fazer crian\u00e7a\">Ler mais<\/a><\/p>\n","protected":false},"author":2,"featured_media":0,"comment_status":"open","ping_status":"open","sticky":false,"template":"","format":"standard","meta":{"_acf_changed":false,"_monsterinsights_skip_tracking":false,"footnotes":""},"categories":[44],"tags":[],"class_list":["post-7429","post","type-post","status-publish","format-standard","hentry","category-espiritismo-em-foco-de-rogerio-coelho"],"acf":[],"aioseo_notices":[],"aioseo_head":"\n\t\t<!-- All in One SEO 5.0.0.1 - aioseo.com -->\n\t<meta name=\"description\" content=\"Pureza de cora\u00e7\u00e3o, simplicidade e humildade formam o trin\u00f4mio de luz do progresso Por Rog\u00e9rio Coelho &quot;Deixai vir a mim os meninos, e n\u00e3o os impe\u00e7ais; porque dos tais \u00e9 o Reino de Deus.&quot; - Jesus (Lc., 18:16) Embora pare\u00e7a paradoxal, o t\u00edtulo est\u00e1 correto. O que parece caracterizar uma ordem inversa, na verdade cont\u00e9m\" \/>\n\t<meta name=\"robots\" content=\"max-image-preview:large\" \/>\n\t<meta name=\"author\" content=\"Juliana Laviola\"\/>\n\t<link rel=\"canonical\" href=\"https:\/\/anoticiaonline.com.br\/site\/crescer-a-ponto-de-se-fazer-crianca\/\" \/>\n\t<meta name=\"generator\" content=\"All in One SEO (AIOSEO) 5.0.0.1\" \/>\n\t\t<meta property=\"og:locale\" content=\"pt_BR\" \/>\n\t\t<meta property=\"og:site_name\" content=\"A Not\u00edcia Online - Noticias de Muria\u00e9 e regi\u00e3o\" \/>\n\t\t<meta property=\"og:type\" content=\"article\" \/>\n\t\t<meta property=\"og:title\" content=\"Crescer a ponto de se fazer crian\u00e7a - A Not\u00edcia Online\" \/>\n\t\t<meta property=\"og:description\" content=\"Pureza de cora\u00e7\u00e3o, simplicidade e humildade formam o trin\u00f4mio de luz do progresso Por Rog\u00e9rio Coelho &quot;Deixai vir a mim os meninos, e n\u00e3o os impe\u00e7ais; porque dos tais \u00e9 o Reino de Deus.&quot; - Jesus (Lc., 18:16) Embora pare\u00e7a paradoxal, o t\u00edtulo est\u00e1 correto. O que parece caracterizar uma ordem inversa, na verdade cont\u00e9m\" \/>\n\t\t<meta property=\"og:url\" content=\"https:\/\/anoticiaonline.com.br\/site\/crescer-a-ponto-de-se-fazer-crianca\/\" \/>\n\t\t<meta property=\"og:image\" content=\"https:\/\/scontent-gig4-1.xx.fbcdn.net\/v\/t39.30808-1\/270437624_4564083193639691_6907940295614233970_n.jpg?stp=dst-jpg_s200x200_tt6&#038;_nc_cat=111&#038;ccb=1-7&#038;_nc_sid=f907e8&#038;_nc_ohc=SM1wRlP3lJwQ7kNvwEPuBYA&#038;_nc_oc=AdnqrjDN_BNjSSHWO-GbkIWH6fkGMLw4bqvL_NH6e2wMveX7G-rP2dAqsDSq1mJMOaY&#038;_nc_zt=24&#038;_nc_ht=scontent-gig4-1.xx&#038;_nc_gid=AoBFJeGrT1hVaew_6rchkQ&#038;oh=00_AfX7QmFGhQhG2jAllVgXCiM1ZrWgvtp80-Bfppyexh1QEg&#038;oe=689E923C\" \/>\n\t\t<meta property=\"og:image:secure_url\" content=\"https:\/\/scontent-gig4-1.xx.fbcdn.net\/v\/t39.30808-1\/270437624_4564083193639691_6907940295614233970_n.jpg?stp=dst-jpg_s200x200_tt6&#038;_nc_cat=111&#038;ccb=1-7&#038;_nc_sid=f907e8&#038;_nc_ohc=SM1wRlP3lJwQ7kNvwEPuBYA&#038;_nc_oc=AdnqrjDN_BNjSSHWO-GbkIWH6fkGMLw4bqvL_NH6e2wMveX7G-rP2dAqsDSq1mJMOaY&#038;_nc_zt=24&#038;_nc_ht=scontent-gig4-1.xx&#038;_nc_gid=AoBFJeGrT1hVaew_6rchkQ&#038;oh=00_AfX7QmFGhQhG2jAllVgXCiM1ZrWgvtp80-Bfppyexh1QEg&#038;oe=689E923C\" \/>\n\t\t<meta property=\"article:published_time\" content=\"2015-12-07T11:33:32+00:00\" \/>\n\t\t<meta property=\"article:modified_time\" content=\"2015-12-07T11:33:32+00:00\" \/>\n\t\t<meta name=\"twitter:card\" content=\"summary_large_image\" \/>\n\t\t<meta name=\"twitter:title\" content=\"Crescer a ponto de se fazer crian\u00e7a - A Not\u00edcia Online\" \/>\n\t\t<meta name=\"twitter:description\" content=\"Pureza de cora\u00e7\u00e3o, simplicidade e humildade formam o trin\u00f4mio de luz do progresso Por Rog\u00e9rio Coelho &quot;Deixai vir a mim os meninos, e n\u00e3o os impe\u00e7ais; porque dos tais \u00e9 o Reino de Deus.&quot; - Jesus (Lc., 18:16) Embora pare\u00e7a paradoxal, o t\u00edtulo est\u00e1 correto. O que parece caracterizar uma ordem inversa, na verdade cont\u00e9m\" \/>\n\t\t<meta name=\"twitter:image\" content=\"https:\/\/scontent-gig4-1.xx.fbcdn.net\/v\/t39.30808-1\/270437624_4564083193639691_6907940295614233970_n.jpg?stp=dst-jpg_s200x200_tt6&amp;_nc_cat=111&amp;ccb=1-7&amp;_nc_sid=f907e8&amp;_nc_ohc=SM1wRlP3lJwQ7kNvwEPuBYA&amp;_nc_oc=AdnqrjDN_BNjSSHWO-GbkIWH6fkGMLw4bqvL_NH6e2wMveX7G-rP2dAqsDSq1mJMOaY&amp;_nc_zt=24&amp;_nc_ht=scontent-gig4-1.xx&amp;_nc_gid=AoBFJeGrT1hVaew_6rchkQ&amp;oh=00_AfX7QmFGhQhG2jAllVgXCiM1ZrWgvtp80-Bfppyexh1QEg&amp;oe=689E923C\" \/>\n\t\t<script type=\"application\/ld+json\" class=\"aioseo-schema\">\n\t\t\t{\"@context\":\"https:\\\/\\\/schema.org\",\"@graph\":[{\"@type\":\"BlogPosting\",\"@id\":\"https:\\\/\\\/anoticiaonline.com.br\\\/site\\\/crescer-a-ponto-de-se-fazer-crianca\\\/#blogposting\",\"name\":\"Crescer a ponto de se fazer crian\\u00e7a - A Not\\u00edcia Online\",\"headline\":\"Crescer a ponto de se fazer crian\\u00e7a\",\"author\":{\"@id\":\"https:\\\/\\\/anoticiaonline.com.br\\\/site\\\/author\\\/juliana\\\/#author\"},\"publisher\":{\"@id\":\"https:\\\/\\\/anoticiaonline.com.br\\\/site\\\/#organization\"},\"image\":{\"@type\":\"ImageObject\",\"url\":\"https:\\\/\\\/scontent-gig4-1.xx.fbcdn.net\\\/v\\\/t39.30808-1\\\/270437624_4564083193639691_6907940295614233970_n.jpg?stp=dst-jpg_s200x200_tt6&_nc_cat=111&ccb=1-7&_nc_sid=f907e8&_nc_ohc=SM1wRlP3lJwQ7kNvwEPuBYA&_nc_oc=AdnqrjDN_BNjSSHWO-GbkIWH6fkGMLw4bqvL_NH6e2wMveX7G-rP2dAqsDSq1mJMOaY&_nc_zt=24&_nc_ht=scontent-gig4-1.xx&_nc_gid=AoBFJeGrT1hVaew_6rchkQ&oh=00_AfX7QmFGhQhG2jAllVgXCiM1ZrWgvtp80-Bfppyexh1QEg&oe=689E923C\",\"@id\":\"https:\\\/\\\/anoticiaonline.com.br\\\/site\\\/#articleImage\"},\"datePublished\":\"2015-12-07T08:33:32-03:00\",\"dateModified\":\"2015-12-07T08:33:32-03:00\",\"inLanguage\":\"pt-BR\",\"mainEntityOfPage\":{\"@id\":\"https:\\\/\\\/anoticiaonline.com.br\\\/site\\\/crescer-a-ponto-de-se-fazer-crianca\\\/#webpage\"},\"isPartOf\":{\"@id\":\"https:\\\/\\\/anoticiaonline.com.br\\\/site\\\/crescer-a-ponto-de-se-fazer-crianca\\\/#webpage\"},\"articleSection\":\"Espiritismo em Foco, por Rog\\u00e9rio Coelho\"},{\"@type\":\"BreadcrumbList\",\"@id\":\"https:\\\/\\\/anoticiaonline.com.br\\\/site\\\/crescer-a-ponto-de-se-fazer-crianca\\\/#breadcrumblist\",\"itemListElement\":[{\"@type\":\"ListItem\",\"@id\":\"https:\\\/\\\/anoticiaonline.com.br\\\/site#listItem\",\"position\":1,\"name\":\"Home\",\"item\":\"https:\\\/\\\/anoticiaonline.com.br\\\/site\",\"nextItem\":{\"@type\":\"ListItem\",\"@id\":\"https:\\\/\\\/anoticiaonline.com.br\\\/site\\\/categoria\\\/colunistas\\\/#listItem\",\"name\":\"Colunistas\"}},{\"@type\":\"ListItem\",\"@id\":\"https:\\\/\\\/anoticiaonline.com.br\\\/site\\\/categoria\\\/colunistas\\\/#listItem\",\"position\":2,\"name\":\"Colunistas\",\"item\":\"https:\\\/\\\/anoticiaonline.com.br\\\/site\\\/categoria\\\/colunistas\\\/\",\"nextItem\":{\"@type\":\"ListItem\",\"@id\":\"https:\\\/\\\/anoticiaonline.com.br\\\/site\\\/categoria\\\/colunistas\\\/espiritismo-em-foco-de-rogerio-coelho\\\/#listItem\",\"name\":\"Espiritismo em Foco, por Rog\\u00e9rio Coelho\"},\"previousItem\":{\"@type\":\"ListItem\",\"@id\":\"https:\\\/\\\/anoticiaonline.com.br\\\/site#listItem\",\"name\":\"Home\"}},{\"@type\":\"ListItem\",\"@id\":\"https:\\\/\\\/anoticiaonline.com.br\\\/site\\\/categoria\\\/colunistas\\\/espiritismo-em-foco-de-rogerio-coelho\\\/#listItem\",\"position\":3,\"name\":\"Espiritismo em Foco, por Rog\\u00e9rio Coelho\",\"item\":\"https:\\\/\\\/anoticiaonline.com.br\\\/site\\\/categoria\\\/colunistas\\\/espiritismo-em-foco-de-rogerio-coelho\\\/\",\"nextItem\":{\"@type\":\"ListItem\",\"@id\":\"https:\\\/\\\/anoticiaonline.com.br\\\/site\\\/crescer-a-ponto-de-se-fazer-crianca\\\/#listItem\",\"name\":\"Crescer a ponto de se fazer crian\\u00e7a\"},\"previousItem\":{\"@type\":\"ListItem\",\"@id\":\"https:\\\/\\\/anoticiaonline.com.br\\\/site\\\/categoria\\\/colunistas\\\/#listItem\",\"name\":\"Colunistas\"}},{\"@type\":\"ListItem\",\"@id\":\"https:\\\/\\\/anoticiaonline.com.br\\\/site\\\/crescer-a-ponto-de-se-fazer-crianca\\\/#listItem\",\"position\":4,\"name\":\"Crescer a ponto de se fazer crian\\u00e7a\",\"previousItem\":{\"@type\":\"ListItem\",\"@id\":\"https:\\\/\\\/anoticiaonline.com.br\\\/site\\\/categoria\\\/colunistas\\\/espiritismo-em-foco-de-rogerio-coelho\\\/#listItem\",\"name\":\"Espiritismo em Foco, por Rog\\u00e9rio Coelho\"}}]},{\"@type\":\"Organization\",\"@id\":\"https:\\\/\\\/anoticiaonline.com.br\\\/site\\\/#organization\",\"name\":\"A Not\\u00edcia Online\",\"description\":\"Noticias de Muria\\u00e9 e regi\\u00e3o\",\"url\":\"https:\\\/\\\/anoticiaonline.com.br\\\/site\\\/\",\"logo\":{\"@type\":\"ImageObject\",\"url\":\"https:\\\/\\\/scontent-gig4-1.xx.fbcdn.net\\\/v\\\/t39.30808-1\\\/270437624_4564083193639691_6907940295614233970_n.jpg?stp=dst-jpg_s200x200_tt6&_nc_cat=111&ccb=1-7&_nc_sid=f907e8&_nc_ohc=SM1wRlP3lJwQ7kNvwEPuBYA&_nc_oc=AdnqrjDN_BNjSSHWO-GbkIWH6fkGMLw4bqvL_NH6e2wMveX7G-rP2dAqsDSq1mJMOaY&_nc_zt=24&_nc_ht=scontent-gig4-1.xx&_nc_gid=AoBFJeGrT1hVaew_6rchkQ&oh=00_AfX7QmFGhQhG2jAllVgXCiM1ZrWgvtp80-Bfppyexh1QEg&oe=689E923C\",\"@id\":\"https:\\\/\\\/anoticiaonline.com.br\\\/site\\\/crescer-a-ponto-de-se-fazer-crianca\\\/#organizationLogo\"},\"image\":{\"@id\":\"https:\\\/\\\/anoticiaonline.com.br\\\/site\\\/crescer-a-ponto-de-se-fazer-crianca\\\/#organizationLogo\"}},{\"@type\":\"Person\",\"@id\":\"https:\\\/\\\/anoticiaonline.com.br\\\/site\\\/author\\\/juliana\\\/#author\",\"url\":\"https:\\\/\\\/anoticiaonline.com.br\\\/site\\\/author\\\/juliana\\\/\",\"name\":\"Juliana Laviola\",\"image\":{\"@type\":\"ImageObject\",\"@id\":\"https:\\\/\\\/anoticiaonline.com.br\\\/site\\\/crescer-a-ponto-de-se-fazer-crianca\\\/#authorImage\",\"url\":\"https:\\\/\\\/secure.gravatar.com\\\/avatar\\\/b8d45f5c699b100dfaf0e543582f38f38bf94cb7ae3a5e9abf8d891a34773335?s=96&d=mm&r=g\",\"width\":96,\"height\":96,\"caption\":\"Juliana Laviola\"}},{\"@type\":\"WebPage\",\"@id\":\"https:\\\/\\\/anoticiaonline.com.br\\\/site\\\/crescer-a-ponto-de-se-fazer-crianca\\\/#webpage\",\"url\":\"https:\\\/\\\/anoticiaonline.com.br\\\/site\\\/crescer-a-ponto-de-se-fazer-crianca\\\/\",\"name\":\"Crescer a ponto de se fazer crian\\u00e7a - A Not\\u00edcia Online\",\"description\":\"Pureza de cora\\u00e7\\u00e3o, simplicidade e humildade formam o trin\\u00f4mio de luz do progresso Por Rog\\u00e9rio Coelho \\\"Deixai vir a mim os meninos, e n\\u00e3o os impe\\u00e7ais; porque dos tais \\u00e9 o Reino de Deus.\\\" - Jesus (Lc., 18:16) Embora pare\\u00e7a paradoxal, o t\\u00edtulo est\\u00e1 correto. O que parece caracterizar uma ordem inversa, na verdade cont\\u00e9m\",\"inLanguage\":\"pt-BR\",\"isPartOf\":{\"@id\":\"https:\\\/\\\/anoticiaonline.com.br\\\/site\\\/#website\"},\"breadcrumb\":{\"@id\":\"https:\\\/\\\/anoticiaonline.com.br\\\/site\\\/crescer-a-ponto-de-se-fazer-crianca\\\/#breadcrumblist\"},\"author\":{\"@id\":\"https:\\\/\\\/anoticiaonline.com.br\\\/site\\\/author\\\/juliana\\\/#author\"},\"creator\":{\"@id\":\"https:\\\/\\\/anoticiaonline.com.br\\\/site\\\/author\\\/juliana\\\/#author\"},\"datePublished\":\"2015-12-07T08:33:32-03:00\",\"dateModified\":\"2015-12-07T08:33:32-03:00\"},{\"@type\":\"WebSite\",\"@id\":\"https:\\\/\\\/anoticiaonline.com.br\\\/site\\\/#website\",\"url\":\"https:\\\/\\\/anoticiaonline.com.br\\\/site\\\/\",\"name\":\"A Not\\u00edcia Online\",\"description\":\"Noticias de Muria\\u00e9 e regi\\u00e3o\",\"inLanguage\":\"pt-BR\",\"publisher\":{\"@id\":\"https:\\\/\\\/anoticiaonline.com.br\\\/site\\\/#organization\"}}]}\n\t\t<\/script>\n\t\t<!-- All in One SEO -->\n\n","aioseo_head_json":{"title":"Crescer a ponto de se fazer crian\u00e7a - A Not\u00edcia Online","description":"Pureza de cora\u00e7\u00e3o, simplicidade e humildade formam o trin\u00f4mio de luz do progresso Por Rog\u00e9rio Coelho \"Deixai vir a mim os meninos, e n\u00e3o os impe\u00e7ais; porque dos tais \u00e9 o Reino de Deus.\" - Jesus (Lc., 18:16) Embora pare\u00e7a paradoxal, o t\u00edtulo est\u00e1 correto. O que parece caracterizar uma ordem inversa, na verdade cont\u00e9m","canonical_url":"https:\/\/anoticiaonline.com.br\/site\/crescer-a-ponto-de-se-fazer-crianca\/","robots":"max-image-preview:large","keywords":"","webmasterTools":{"miscellaneous":""},"schema":{"@context":"https:\/\/schema.org","@graph":[{"@type":"BlogPosting","@id":"https:\/\/anoticiaonline.com.br\/site\/crescer-a-ponto-de-se-fazer-crianca\/#blogposting","name":"Crescer a ponto de se fazer crian\u00e7a - A Not\u00edcia Online","headline":"Crescer a ponto de se fazer crian\u00e7a","author":{"@id":"https:\/\/anoticiaonline.com.br\/site\/author\/juliana\/#author"},"publisher":{"@id":"https:\/\/anoticiaonline.com.br\/site\/#organization"},"image":{"@type":"ImageObject","url":"https:\/\/scontent-gig4-1.xx.fbcdn.net\/v\/t39.30808-1\/270437624_4564083193639691_6907940295614233970_n.jpg?stp=dst-jpg_s200x200_tt6&_nc_cat=111&ccb=1-7&_nc_sid=f907e8&_nc_ohc=SM1wRlP3lJwQ7kNvwEPuBYA&_nc_oc=AdnqrjDN_BNjSSHWO-GbkIWH6fkGMLw4bqvL_NH6e2wMveX7G-rP2dAqsDSq1mJMOaY&_nc_zt=24&_nc_ht=scontent-gig4-1.xx&_nc_gid=AoBFJeGrT1hVaew_6rchkQ&oh=00_AfX7QmFGhQhG2jAllVgXCiM1ZrWgvtp80-Bfppyexh1QEg&oe=689E923C","@id":"https:\/\/anoticiaonline.com.br\/site\/#articleImage"},"datePublished":"2015-12-07T08:33:32-03:00","dateModified":"2015-12-07T08:33:32-03:00","inLanguage":"pt-BR","mainEntityOfPage":{"@id":"https:\/\/anoticiaonline.com.br\/site\/crescer-a-ponto-de-se-fazer-crianca\/#webpage"},"isPartOf":{"@id":"https:\/\/anoticiaonline.com.br\/site\/crescer-a-ponto-de-se-fazer-crianca\/#webpage"},"articleSection":"Espiritismo em Foco, por Rog\u00e9rio Coelho"},{"@type":"BreadcrumbList","@id":"https:\/\/anoticiaonline.com.br\/site\/crescer-a-ponto-de-se-fazer-crianca\/#breadcrumblist","itemListElement":[{"@type":"ListItem","@id":"https:\/\/anoticiaonline.com.br\/site#listItem","position":1,"name":"Home","item":"https:\/\/anoticiaonline.com.br\/site","nextItem":{"@type":"ListItem","@id":"https:\/\/anoticiaonline.com.br\/site\/categoria\/colunistas\/#listItem","name":"Colunistas"}},{"@type":"ListItem","@id":"https:\/\/anoticiaonline.com.br\/site\/categoria\/colunistas\/#listItem","position":2,"name":"Colunistas","item":"https:\/\/anoticiaonline.com.br\/site\/categoria\/colunistas\/","nextItem":{"@type":"ListItem","@id":"https:\/\/anoticiaonline.com.br\/site\/categoria\/colunistas\/espiritismo-em-foco-de-rogerio-coelho\/#listItem","name":"Espiritismo em Foco, por Rog\u00e9rio Coelho"},"previousItem":{"@type":"ListItem","@id":"https:\/\/anoticiaonline.com.br\/site#listItem","name":"Home"}},{"@type":"ListItem","@id":"https:\/\/anoticiaonline.com.br\/site\/categoria\/colunistas\/espiritismo-em-foco-de-rogerio-coelho\/#listItem","position":3,"name":"Espiritismo em Foco, por Rog\u00e9rio Coelho","item":"https:\/\/anoticiaonline.com.br\/site\/categoria\/colunistas\/espiritismo-em-foco-de-rogerio-coelho\/","nextItem":{"@type":"ListItem","@id":"https:\/\/anoticiaonline.com.br\/site\/crescer-a-ponto-de-se-fazer-crianca\/#listItem","name":"Crescer a ponto de se fazer crian\u00e7a"},"previousItem":{"@type":"ListItem","@id":"https:\/\/anoticiaonline.com.br\/site\/categoria\/colunistas\/#listItem","name":"Colunistas"}},{"@type":"ListItem","@id":"https:\/\/anoticiaonline.com.br\/site\/crescer-a-ponto-de-se-fazer-crianca\/#listItem","position":4,"name":"Crescer a ponto de se fazer crian\u00e7a","previousItem":{"@type":"ListItem","@id":"https:\/\/anoticiaonline.com.br\/site\/categoria\/colunistas\/espiritismo-em-foco-de-rogerio-coelho\/#listItem","name":"Espiritismo em Foco, por Rog\u00e9rio Coelho"}}]},{"@type":"Organization","@id":"https:\/\/anoticiaonline.com.br\/site\/#organization","name":"A Not\u00edcia Online","description":"Noticias de Muria\u00e9 e regi\u00e3o","url":"https:\/\/anoticiaonline.com.br\/site\/","logo":{"@type":"ImageObject","url":"https:\/\/scontent-gig4-1.xx.fbcdn.net\/v\/t39.30808-1\/270437624_4564083193639691_6907940295614233970_n.jpg?stp=dst-jpg_s200x200_tt6&_nc_cat=111&ccb=1-7&_nc_sid=f907e8&_nc_ohc=SM1wRlP3lJwQ7kNvwEPuBYA&_nc_oc=AdnqrjDN_BNjSSHWO-GbkIWH6fkGMLw4bqvL_NH6e2wMveX7G-rP2dAqsDSq1mJMOaY&_nc_zt=24&_nc_ht=scontent-gig4-1.xx&_nc_gid=AoBFJeGrT1hVaew_6rchkQ&oh=00_AfX7QmFGhQhG2jAllVgXCiM1ZrWgvtp80-Bfppyexh1QEg&oe=689E923C","@id":"https:\/\/anoticiaonline.com.br\/site\/crescer-a-ponto-de-se-fazer-crianca\/#organizationLogo"},"image":{"@id":"https:\/\/anoticiaonline.com.br\/site\/crescer-a-ponto-de-se-fazer-crianca\/#organizationLogo"}},{"@type":"Person","@id":"https:\/\/anoticiaonline.com.br\/site\/author\/juliana\/#author","url":"https:\/\/anoticiaonline.com.br\/site\/author\/juliana\/","name":"Juliana Laviola","image":{"@type":"ImageObject","@id":"https:\/\/anoticiaonline.com.br\/site\/crescer-a-ponto-de-se-fazer-crianca\/#authorImage","url":"https:\/\/secure.gravatar.com\/avatar\/b8d45f5c699b100dfaf0e543582f38f38bf94cb7ae3a5e9abf8d891a34773335?s=96&d=mm&r=g","width":96,"height":96,"caption":"Juliana Laviola"}},{"@type":"WebPage","@id":"https:\/\/anoticiaonline.com.br\/site\/crescer-a-ponto-de-se-fazer-crianca\/#webpage","url":"https:\/\/anoticiaonline.com.br\/site\/crescer-a-ponto-de-se-fazer-crianca\/","name":"Crescer a ponto de se fazer crian\u00e7a - A Not\u00edcia Online","description":"Pureza de cora\u00e7\u00e3o, simplicidade e humildade formam o trin\u00f4mio de luz do progresso Por Rog\u00e9rio Coelho \"Deixai vir a mim os meninos, e n\u00e3o os impe\u00e7ais; porque dos tais \u00e9 o Reino de Deus.\" - Jesus (Lc., 18:16) Embora pare\u00e7a paradoxal, o t\u00edtulo est\u00e1 correto. O que parece caracterizar uma ordem inversa, na verdade cont\u00e9m","inLanguage":"pt-BR","isPartOf":{"@id":"https:\/\/anoticiaonline.com.br\/site\/#website"},"breadcrumb":{"@id":"https:\/\/anoticiaonline.com.br\/site\/crescer-a-ponto-de-se-fazer-crianca\/#breadcrumblist"},"author":{"@id":"https:\/\/anoticiaonline.com.br\/site\/author\/juliana\/#author"},"creator":{"@id":"https:\/\/anoticiaonline.com.br\/site\/author\/juliana\/#author"},"datePublished":"2015-12-07T08:33:32-03:00","dateModified":"2015-12-07T08:33:32-03:00"},{"@type":"WebSite","@id":"https:\/\/anoticiaonline.com.br\/site\/#website","url":"https:\/\/anoticiaonline.com.br\/site\/","name":"A Not\u00edcia Online","description":"Noticias de Muria\u00e9 e regi\u00e3o","inLanguage":"pt-BR","publisher":{"@id":"https:\/\/anoticiaonline.com.br\/site\/#organization"}}]},"og:locale":"pt_BR","og:site_name":"A Not\u00edcia Online - Noticias de Muria\u00e9 e regi\u00e3o","og:type":"article","og:title":"Crescer a ponto de se fazer crian\u00e7a - A Not\u00edcia Online","og:description":"Pureza de cora\u00e7\u00e3o, simplicidade e humildade formam o trin\u00f4mio de luz do progresso Por Rog\u00e9rio Coelho &quot;Deixai vir a mim os meninos, e n\u00e3o os impe\u00e7ais; porque dos tais \u00e9 o Reino de Deus.&quot; - Jesus (Lc., 18:16) Embora pare\u00e7a paradoxal, o t\u00edtulo est\u00e1 correto. O que parece caracterizar uma ordem inversa, na verdade cont\u00e9m","og:url":"https:\/\/anoticiaonline.com.br\/site\/crescer-a-ponto-de-se-fazer-crianca\/","og:image":"https:\/\/scontent-gig4-1.xx.fbcdn.net\/v\/t39.30808-1\/270437624_4564083193639691_6907940295614233970_n.jpg?stp=dst-jpg_s200x200_tt6&#038;_nc_cat=111&#038;ccb=1-7&#038;_nc_sid=f907e8&#038;_nc_ohc=SM1wRlP3lJwQ7kNvwEPuBYA&#038;_nc_oc=AdnqrjDN_BNjSSHWO-GbkIWH6fkGMLw4bqvL_NH6e2wMveX7G-rP2dAqsDSq1mJMOaY&#038;_nc_zt=24&#038;_nc_ht=scontent-gig4-1.xx&#038;_nc_gid=AoBFJeGrT1hVaew_6rchkQ&#038;oh=00_AfX7QmFGhQhG2jAllVgXCiM1ZrWgvtp80-Bfppyexh1QEg&#038;oe=689E923C","og:image:secure_url":"https:\/\/scontent-gig4-1.xx.fbcdn.net\/v\/t39.30808-1\/270437624_4564083193639691_6907940295614233970_n.jpg?stp=dst-jpg_s200x200_tt6&#038;_nc_cat=111&#038;ccb=1-7&#038;_nc_sid=f907e8&#038;_nc_ohc=SM1wRlP3lJwQ7kNvwEPuBYA&#038;_nc_oc=AdnqrjDN_BNjSSHWO-GbkIWH6fkGMLw4bqvL_NH6e2wMveX7G-rP2dAqsDSq1mJMOaY&#038;_nc_zt=24&#038;_nc_ht=scontent-gig4-1.xx&#038;_nc_gid=AoBFJeGrT1hVaew_6rchkQ&#038;oh=00_AfX7QmFGhQhG2jAllVgXCiM1ZrWgvtp80-Bfppyexh1QEg&#038;oe=689E923C","article:published_time":"2015-12-07T11:33:32+00:00","article:modified_time":"2015-12-07T11:33:32+00:00","twitter:card":"summary_large_image","twitter:title":"Crescer a ponto de se fazer crian\u00e7a - A Not\u00edcia Online","twitter:description":"Pureza de cora\u00e7\u00e3o, simplicidade e humildade formam o trin\u00f4mio de luz do progresso Por Rog\u00e9rio Coelho &quot;Deixai vir a mim os meninos, e n\u00e3o os impe\u00e7ais; porque dos tais \u00e9 o Reino de Deus.&quot; - Jesus (Lc., 18:16) Embora pare\u00e7a paradoxal, o t\u00edtulo est\u00e1 correto. O que parece caracterizar uma ordem inversa, na verdade cont\u00e9m","twitter:image":"https:\/\/scontent-gig4-1.xx.fbcdn.net\/v\/t39.30808-1\/270437624_4564083193639691_6907940295614233970_n.jpg?stp=dst-jpg_s200x200_tt6&_nc_cat=111&ccb=1-7&_nc_sid=f907e8&_nc_ohc=SM1wRlP3lJwQ7kNvwEPuBYA&_nc_oc=AdnqrjDN_BNjSSHWO-GbkIWH6fkGMLw4bqvL_NH6e2wMveX7G-rP2dAqsDSq1mJMOaY&_nc_zt=24&_nc_ht=scontent-gig4-1.xx&_nc_gid=AoBFJeGrT1hVaew_6rchkQ&oh=00_AfX7QmFGhQhG2jAllVgXCiM1ZrWgvtp80-Bfppyexh1QEg&oe=689E923C"},"aioseo_meta_data":{"post_id":"7429","title":null,"description":null,"keywords":null,"keyphrases":null,"primary_term":null,"canonical_url":null,"og_title":null,"og_description":null,"og_object_type":"default","og_image_type":"default","og_image_url":null,"og_image_width":null,"og_image_height":null,"og_image_custom_url":null,"og_image_custom_fields":null,"og_video":null,"og_custom_url":null,"og_article_section":null,"og_article_tags":null,"twitter_use_og":false,"twitter_card":"default","twitter_image_type":"default","twitter_image_url":null,"twitter_image_custom_url":null,"twitter_image_custom_fields":null,"twitter_title":null,"twitter_description":null,"schema":{"blockGraphs":[],"customGraphs":[],"default":{"data":{"Article":[],"Course":[],"Dataset":[],"FAQPage":[],"Movie":[],"Person":[],"Product":[],"ProductReview":[],"Car":[],"Recipe":[],"Service":[],"SoftwareApplication":[],"WebPage":[]},"graphName":"","isEnabled":true},"graphs":[]},"schema_type":"default","schema_type_options":null,"pillar_content":false,"robots_default":true,"robots_noindex":false,"robots_noarchive":false,"robots_nosnippet":false,"robots_nofollow":false,"robots_noimageindex":false,"robots_noodp":false,"robots_notranslate":false,"robots_max_snippet":null,"robots_max_videopreview":null,"robots_max_imagepreview":"large","priority":null,"frequency":null,"local_seo":null,"breadcrumb_settings":null,"limit_modified_date":false,"ai":null,"created":"2025-08-16 14:24:57","updated":"2025-08-16 14:24:57","focus_keyword":null,"additional_keywords":null,"truseo_locale":null,"seo_analyzer_scan_date":null},"aioseo_breadcrumb":"<div class=\"aioseo-breadcrumbs\"><span class=\"aioseo-breadcrumb\">\n\t\t\t<a href=\"https:\/\/anoticiaonline.com.br\/site\" title=\"Home\">Home<\/a>\n\t\t<\/span><span class=\"aioseo-breadcrumb-separator\">&raquo;<\/span><span class=\"aioseo-breadcrumb\">\n\t\t\t<a href=\"https:\/\/anoticiaonline.com.br\/site\/categoria\/colunistas\/\" title=\"Colunistas\">Colunistas<\/a>\n\t\t<\/span><span class=\"aioseo-breadcrumb-separator\">&raquo;<\/span><span class=\"aioseo-breadcrumb\">\n\t\t\t<a href=\"https:\/\/anoticiaonline.com.br\/site\/categoria\/colunistas\/espiritismo-em-foco-de-rogerio-coelho\/\" title=\"Espiritismo em Foco, por Rog\u00e9rio Coelho\">Espiritismo em Foco, por Rog\u00e9rio Coelho<\/a>\n\t\t<\/span><span class=\"aioseo-breadcrumb-separator\">&raquo;<\/span><span class=\"aioseo-breadcrumb\">\n\t\t\tCrescer a ponto de se fazer crian\u00e7a\n\t\t<\/span><\/div>","aioseo_breadcrumb_json":[{"label":"Home","link":"https:\/\/anoticiaonline.com.br\/site"},{"label":"Colunistas","link":"https:\/\/anoticiaonline.com.br\/site\/categoria\/colunistas\/"},{"label":"Espiritismo em Foco, por Rog\u00e9rio Coelho","link":"https:\/\/anoticiaonline.com.br\/site\/categoria\/colunistas\/espiritismo-em-foco-de-rogerio-coelho\/"},{"label":"Crescer a ponto de se fazer crian\u00e7a","link":"https:\/\/anoticiaonline.com.br\/site\/crescer-a-ponto-de-se-fazer-crianca\/"}],"views":135,"_links":{"self":[{"href":"https:\/\/anoticiaonline.com.br\/site\/wp-json\/wp\/v2\/posts\/7429","targetHints":{"allow":["GET"]}}],"collection":[{"href":"https:\/\/anoticiaonline.com.br\/site\/wp-json\/wp\/v2\/posts"}],"about":[{"href":"https:\/\/anoticiaonline.com.br\/site\/wp-json\/wp\/v2\/types\/post"}],"author":[{"embeddable":true,"href":"https:\/\/anoticiaonline.com.br\/site\/wp-json\/wp\/v2\/users\/2"}],"replies":[{"embeddable":true,"href":"https:\/\/anoticiaonline.com.br\/site\/wp-json\/wp\/v2\/comments?post=7429"}],"version-history":[{"count":0,"href":"https:\/\/anoticiaonline.com.br\/site\/wp-json\/wp\/v2\/posts\/7429\/revisions"}],"wp:attachment":[{"href":"https:\/\/anoticiaonline.com.br\/site\/wp-json\/wp\/v2\/media?parent=7429"}],"wp:term":[{"taxonomy":"category","embeddable":true,"href":"https:\/\/anoticiaonline.com.br\/site\/wp-json\/wp\/v2\/categories?post=7429"},{"taxonomy":"post_tag","embeddable":true,"href":"https:\/\/anoticiaonline.com.br\/site\/wp-json\/wp\/v2\/tags?post=7429"}],"curies":[{"name":"wp","href":"https:\/\/api.w.org\/{rel}","templated":true}]}}