{"id":7423,"date":"2015-12-07T08:02:37","date_gmt":"2015-12-07T11:02:37","guid":{"rendered":"http:\/\/anoticiaonline.com.br\/site\/?p=7423"},"modified":"2015-12-07T08:02:37","modified_gmt":"2015-12-07T11:02:37","slug":"macuco-ganhara-uma-nova-escola","status":"publish","type":"post","link":"https:\/\/anoticiaonline.com.br\/site\/macuco-ganhara-uma-nova-escola\/","title":{"rendered":"Macuco ganhar\u00e1 uma nova escola"},"content":{"rendered":"<p><a href=\"https:\/\/anoticiaonline.com.br\/site\/wp-content\/uploads\/2015\/12\/IMG_0074.jpg\"><img fetchpriority=\"high\" decoding=\"async\" class=\" size-medium wp-image-7424 alignleft\" src=\"https:\/\/anoticiaonline.com.br\/site\/wp-content\/uploads\/2015\/12\/IMG_0074-300x200.jpg\" alt=\"IMG_0074\" width=\"300\" height=\"200\" srcset=\"https:\/\/anoticiaonline.com.br\/site\/wp-content\/uploads\/2015\/12\/IMG_0074-300x200.jpg 300w, https:\/\/anoticiaonline.com.br\/site\/wp-content\/uploads\/2015\/12\/IMG_0074.jpg 640w\" sizes=\"(max-width: 300px) 100vw, 300px\" \/><\/a>A nova sede para a Escola Municipal Dejanira Passoni de Oliveira, localizada no distrito de Macuco, est\u00e1 sendo constru\u00edda. A institui\u00e7\u00e3o recebe 35 crian\u00e7as de 0 a 5 anos da educa\u00e7\u00e3o infantil e creche. Hoje, provisoriamente, est\u00e1 funcionando em um espa\u00e7o alugado.<\/p>\n<p>O novo estabelecimento ser\u00e1 mais amplo e est\u00e1 sendo feito com recursos pr\u00f3prios da Prefeitura de Muria\u00e9. Segundo informa\u00e7\u00f5es da secret\u00e1ria de Educa\u00e7\u00e3o, Cristina Navarro, o objetivo da obra \u00e9 oferecer aos alunos, beb\u00eas e funcion\u00e1rios um maior conforto, comodidade, seguran\u00e7a e maior dinamismo ao trabalho.<\/p>\n<p>A secret\u00e1ria de Obras P\u00fablicas, Miriam Facchini, fez vistorias no servi\u00e7o e ressalta a nova infraestrutura, que ser\u00e1 bem mais ampla e melhor distribu\u00edda do que a sede anterior. \u201cEstamos aumentando o n\u00famero de salas, fazendo banheiros feminino e masculino, cozinha, p\u00e1tio, dispensa de alimentos e um \u00f3timo dep\u00f3sito de limpeza\u201d, explica ela. As obras devem estar conclu\u00eddas em meados de 2016.<\/p>\n","protected":false},"excerpt":{"rendered":"<p>A nova sede para a Escola Municipal Dejanira Passoni de Oliveira, localizada no distrito de Macuco, est\u00e1 sendo constru\u00edda. A institui\u00e7\u00e3o recebe 35 crian\u00e7as de 0 a 5 anos da educa\u00e7\u00e3o infantil e creche. Hoje, provisoriamente, est\u00e1 funcionando em um espa\u00e7o alugado. O novo estabelecimento ser\u00e1 mais amplo e est\u00e1 sendo feito com recursos pr\u00f3prios &#8230; <a title=\"Macuco ganhar\u00e1 uma nova escola\" class=\"read-more\" href=\"https:\/\/anoticiaonline.com.br\/site\/macuco-ganhara-uma-nova-escola\/\" aria-label=\"Read more about Macuco ganhar\u00e1 uma nova escola\">Ler mais<\/a><\/p>\n","protected":false},"author":2,"featured_media":7424,"comment_status":"open","ping_status":"open","sticky":false,"template":"","format":"standard","meta":{"_acf_changed":false,"_monsterinsights_skip_tracking":false,"footnotes":""},"categories":[30],"tags":[3],"class_list":["post-7423","post","type-post","status-publish","format-standard","has-post-thumbnail","hentry","category-muriae","tag-slide"],"acf":[],"aioseo_notices":[],"aioseo_head":"\n\t\t<!-- All in One SEO 5.0.0.1 - aioseo.com -->\n\t<meta name=\"description\" content=\"A nova sede para a Escola Municipal Dejanira Passoni de Oliveira, localizada no distrito de Macuco, est\u00e1 sendo constru\u00edda. A institui\u00e7\u00e3o recebe 35 crian\u00e7as de 0 a 5 anos da educa\u00e7\u00e3o infantil e creche. Hoje, provisoriamente, est\u00e1 funcionando em um espa\u00e7o alugado. O novo estabelecimento ser\u00e1 mais amplo e est\u00e1 sendo feito com recursos pr\u00f3prios\" \/>\n\t<meta name=\"robots\" content=\"max-image-preview:large\" \/>\n\t<meta name=\"author\" content=\"Juliana Laviola\"\/>\n\t<link rel=\"canonical\" href=\"https:\/\/anoticiaonline.com.br\/site\/macuco-ganhara-uma-nova-escola\/\" \/>\n\t<meta name=\"generator\" content=\"All in One SEO (AIOSEO) 5.0.0.1\" \/>\n\t\t<meta property=\"og:locale\" content=\"pt_BR\" \/>\n\t\t<meta property=\"og:site_name\" content=\"A Not\u00edcia Online - Noticias de Muria\u00e9 e regi\u00e3o\" \/>\n\t\t<meta property=\"og:type\" content=\"article\" \/>\n\t\t<meta property=\"og:title\" content=\"Macuco ganhar\u00e1 uma nova escola - A Not\u00edcia Online\" \/>\n\t\t<meta property=\"og:description\" content=\"A nova sede para a Escola Municipal Dejanira Passoni de Oliveira, localizada no distrito de Macuco, est\u00e1 sendo constru\u00edda. A institui\u00e7\u00e3o recebe 35 crian\u00e7as de 0 a 5 anos da educa\u00e7\u00e3o infantil e creche. Hoje, provisoriamente, est\u00e1 funcionando em um espa\u00e7o alugado. O novo estabelecimento ser\u00e1 mais amplo e est\u00e1 sendo feito com recursos pr\u00f3prios\" \/>\n\t\t<meta property=\"og:url\" content=\"https:\/\/anoticiaonline.com.br\/site\/macuco-ganhara-uma-nova-escola\/\" \/>\n\t\t<meta property=\"og:image\" content=\"https:\/\/scontent-gig4-1.xx.fbcdn.net\/v\/t39.30808-1\/270437624_4564083193639691_6907940295614233970_n.jpg?stp=dst-jpg_s200x200_tt6&#038;_nc_cat=111&#038;ccb=1-7&#038;_nc_sid=f907e8&#038;_nc_ohc=SM1wRlP3lJwQ7kNvwEPuBYA&#038;_nc_oc=AdnqrjDN_BNjSSHWO-GbkIWH6fkGMLw4bqvL_NH6e2wMveX7G-rP2dAqsDSq1mJMOaY&#038;_nc_zt=24&#038;_nc_ht=scontent-gig4-1.xx&#038;_nc_gid=AoBFJeGrT1hVaew_6rchkQ&#038;oh=00_AfX7QmFGhQhG2jAllVgXCiM1ZrWgvtp80-Bfppyexh1QEg&#038;oe=689E923C\" \/>\n\t\t<meta property=\"og:image:secure_url\" content=\"https:\/\/scontent-gig4-1.xx.fbcdn.net\/v\/t39.30808-1\/270437624_4564083193639691_6907940295614233970_n.jpg?stp=dst-jpg_s200x200_tt6&#038;_nc_cat=111&#038;ccb=1-7&#038;_nc_sid=f907e8&#038;_nc_ohc=SM1wRlP3lJwQ7kNvwEPuBYA&#038;_nc_oc=AdnqrjDN_BNjSSHWO-GbkIWH6fkGMLw4bqvL_NH6e2wMveX7G-rP2dAqsDSq1mJMOaY&#038;_nc_zt=24&#038;_nc_ht=scontent-gig4-1.xx&#038;_nc_gid=AoBFJeGrT1hVaew_6rchkQ&#038;oh=00_AfX7QmFGhQhG2jAllVgXCiM1ZrWgvtp80-Bfppyexh1QEg&#038;oe=689E923C\" \/>\n\t\t<meta property=\"article:published_time\" content=\"2015-12-07T11:02:37+00:00\" \/>\n\t\t<meta property=\"article:modified_time\" content=\"2015-12-07T11:02:37+00:00\" \/>\n\t\t<meta name=\"twitter:card\" content=\"summary_large_image\" \/>\n\t\t<meta name=\"twitter:title\" content=\"Macuco ganhar\u00e1 uma nova escola - A Not\u00edcia Online\" \/>\n\t\t<meta name=\"twitter:description\" content=\"A nova sede para a Escola Municipal Dejanira Passoni de Oliveira, localizada no distrito de Macuco, est\u00e1 sendo constru\u00edda. A institui\u00e7\u00e3o recebe 35 crian\u00e7as de 0 a 5 anos da educa\u00e7\u00e3o infantil e creche. Hoje, provisoriamente, est\u00e1 funcionando em um espa\u00e7o alugado. O novo estabelecimento ser\u00e1 mais amplo e est\u00e1 sendo feito com recursos pr\u00f3prios\" \/>\n\t\t<meta name=\"twitter:image\" content=\"https:\/\/scontent-gig4-1.xx.fbcdn.net\/v\/t39.30808-1\/270437624_4564083193639691_6907940295614233970_n.jpg?stp=dst-jpg_s200x200_tt6&amp;_nc_cat=111&amp;ccb=1-7&amp;_nc_sid=f907e8&amp;_nc_ohc=SM1wRlP3lJwQ7kNvwEPuBYA&amp;_nc_oc=AdnqrjDN_BNjSSHWO-GbkIWH6fkGMLw4bqvL_NH6e2wMveX7G-rP2dAqsDSq1mJMOaY&amp;_nc_zt=24&amp;_nc_ht=scontent-gig4-1.xx&amp;_nc_gid=AoBFJeGrT1hVaew_6rchkQ&amp;oh=00_AfX7QmFGhQhG2jAllVgXCiM1ZrWgvtp80-Bfppyexh1QEg&amp;oe=689E923C\" \/>\n\t\t<script type=\"application\/ld+json\" class=\"aioseo-schema\">\n\t\t\t{\"@context\":\"https:\\\/\\\/schema.org\",\"@graph\":[{\"@type\":\"BlogPosting\",\"@id\":\"https:\\\/\\\/anoticiaonline.com.br\\\/site\\\/macuco-ganhara-uma-nova-escola\\\/#blogposting\",\"name\":\"Macuco ganhar\\u00e1 uma nova escola - A Not\\u00edcia Online\",\"headline\":\"Macuco ganhar\\u00e1 uma nova escola\",\"author\":{\"@id\":\"https:\\\/\\\/anoticiaonline.com.br\\\/site\\\/author\\\/juliana\\\/#author\"},\"publisher\":{\"@id\":\"https:\\\/\\\/anoticiaonline.com.br\\\/site\\\/#organization\"},\"image\":{\"@type\":\"ImageObject\",\"url\":\"https:\\\/\\\/anoticiaonline.com.br\\\/site\\\/wp-content\\\/uploads\\\/2015\\\/12\\\/IMG_0074.jpg\",\"width\":640,\"height\":426},\"datePublished\":\"2015-12-07T08:02:37-03:00\",\"dateModified\":\"2015-12-07T08:02:37-03:00\",\"inLanguage\":\"pt-BR\",\"mainEntityOfPage\":{\"@id\":\"https:\\\/\\\/anoticiaonline.com.br\\\/site\\\/macuco-ganhara-uma-nova-escola\\\/#webpage\"},\"isPartOf\":{\"@id\":\"https:\\\/\\\/anoticiaonline.com.br\\\/site\\\/macuco-ganhara-uma-nova-escola\\\/#webpage\"},\"articleSection\":\"Blog, slide\"},{\"@type\":\"BreadcrumbList\",\"@id\":\"https:\\\/\\\/anoticiaonline.com.br\\\/site\\\/macuco-ganhara-uma-nova-escola\\\/#breadcrumblist\",\"itemListElement\":[{\"@type\":\"ListItem\",\"@id\":\"https:\\\/\\\/anoticiaonline.com.br\\\/site#listItem\",\"position\":1,\"name\":\"Home\",\"item\":\"https:\\\/\\\/anoticiaonline.com.br\\\/site\",\"nextItem\":{\"@type\":\"ListItem\",\"@id\":\"https:\\\/\\\/anoticiaonline.com.br\\\/site\\\/categoria\\\/muriae\\\/#listItem\",\"name\":\"Blog\"}},{\"@type\":\"ListItem\",\"@id\":\"https:\\\/\\\/anoticiaonline.com.br\\\/site\\\/categoria\\\/muriae\\\/#listItem\",\"position\":2,\"name\":\"Blog\",\"item\":\"https:\\\/\\\/anoticiaonline.com.br\\\/site\\\/categoria\\\/muriae\\\/\",\"nextItem\":{\"@type\":\"ListItem\",\"@id\":\"https:\\\/\\\/anoticiaonline.com.br\\\/site\\\/macuco-ganhara-uma-nova-escola\\\/#listItem\",\"name\":\"Macuco ganhar\\u00e1 uma nova escola\"},\"previousItem\":{\"@type\":\"ListItem\",\"@id\":\"https:\\\/\\\/anoticiaonline.com.br\\\/site#listItem\",\"name\":\"Home\"}},{\"@type\":\"ListItem\",\"@id\":\"https:\\\/\\\/anoticiaonline.com.br\\\/site\\\/macuco-ganhara-uma-nova-escola\\\/#listItem\",\"position\":3,\"name\":\"Macuco ganhar\\u00e1 uma nova escola\",\"previousItem\":{\"@type\":\"ListItem\",\"@id\":\"https:\\\/\\\/anoticiaonline.com.br\\\/site\\\/categoria\\\/muriae\\\/#listItem\",\"name\":\"Blog\"}}]},{\"@type\":\"Organization\",\"@id\":\"https:\\\/\\\/anoticiaonline.com.br\\\/site\\\/#organization\",\"name\":\"A Not\\u00edcia Online\",\"description\":\"Noticias de Muria\\u00e9 e regi\\u00e3o\",\"url\":\"https:\\\/\\\/anoticiaonline.com.br\\\/site\\\/\",\"logo\":{\"@type\":\"ImageObject\",\"url\":\"https:\\\/\\\/scontent-gig4-1.xx.fbcdn.net\\\/v\\\/t39.30808-1\\\/270437624_4564083193639691_6907940295614233970_n.jpg?stp=dst-jpg_s200x200_tt6&_nc_cat=111&ccb=1-7&_nc_sid=f907e8&_nc_ohc=SM1wRlP3lJwQ7kNvwEPuBYA&_nc_oc=AdnqrjDN_BNjSSHWO-GbkIWH6fkGMLw4bqvL_NH6e2wMveX7G-rP2dAqsDSq1mJMOaY&_nc_zt=24&_nc_ht=scontent-gig4-1.xx&_nc_gid=AoBFJeGrT1hVaew_6rchkQ&oh=00_AfX7QmFGhQhG2jAllVgXCiM1ZrWgvtp80-Bfppyexh1QEg&oe=689E923C\",\"@id\":\"https:\\\/\\\/anoticiaonline.com.br\\\/site\\\/macuco-ganhara-uma-nova-escola\\\/#organizationLogo\"},\"image\":{\"@id\":\"https:\\\/\\\/anoticiaonline.com.br\\\/site\\\/macuco-ganhara-uma-nova-escola\\\/#organizationLogo\"}},{\"@type\":\"Person\",\"@id\":\"https:\\\/\\\/anoticiaonline.com.br\\\/site\\\/author\\\/juliana\\\/#author\",\"url\":\"https:\\\/\\\/anoticiaonline.com.br\\\/site\\\/author\\\/juliana\\\/\",\"name\":\"Juliana Laviola\",\"image\":{\"@type\":\"ImageObject\",\"@id\":\"https:\\\/\\\/anoticiaonline.com.br\\\/site\\\/macuco-ganhara-uma-nova-escola\\\/#authorImage\",\"url\":\"https:\\\/\\\/secure.gravatar.com\\\/avatar\\\/b8d45f5c699b100dfaf0e543582f38f38bf94cb7ae3a5e9abf8d891a34773335?s=96&d=mm&r=g\",\"width\":96,\"height\":96,\"caption\":\"Juliana Laviola\"}},{\"@type\":\"WebPage\",\"@id\":\"https:\\\/\\\/anoticiaonline.com.br\\\/site\\\/macuco-ganhara-uma-nova-escola\\\/#webpage\",\"url\":\"https:\\\/\\\/anoticiaonline.com.br\\\/site\\\/macuco-ganhara-uma-nova-escola\\\/\",\"name\":\"Macuco ganhar\\u00e1 uma nova escola - A Not\\u00edcia Online\",\"description\":\"A nova sede para a Escola Municipal Dejanira Passoni de Oliveira, localizada no distrito de Macuco, est\\u00e1 sendo constru\\u00edda. A institui\\u00e7\\u00e3o recebe 35 crian\\u00e7as de 0 a 5 anos da educa\\u00e7\\u00e3o infantil e creche. Hoje, provisoriamente, est\\u00e1 funcionando em um espa\\u00e7o alugado. O novo estabelecimento ser\\u00e1 mais amplo e est\\u00e1 sendo feito com recursos pr\\u00f3prios\",\"inLanguage\":\"pt-BR\",\"isPartOf\":{\"@id\":\"https:\\\/\\\/anoticiaonline.com.br\\\/site\\\/#website\"},\"breadcrumb\":{\"@id\":\"https:\\\/\\\/anoticiaonline.com.br\\\/site\\\/macuco-ganhara-uma-nova-escola\\\/#breadcrumblist\"},\"author\":{\"@id\":\"https:\\\/\\\/anoticiaonline.com.br\\\/site\\\/author\\\/juliana\\\/#author\"},\"creator\":{\"@id\":\"https:\\\/\\\/anoticiaonline.com.br\\\/site\\\/author\\\/juliana\\\/#author\"},\"image\":{\"@type\":\"ImageObject\",\"url\":\"https:\\\/\\\/anoticiaonline.com.br\\\/site\\\/wp-content\\\/uploads\\\/2015\\\/12\\\/IMG_0074.jpg\",\"@id\":\"https:\\\/\\\/anoticiaonline.com.br\\\/site\\\/macuco-ganhara-uma-nova-escola\\\/#mainImage\",\"width\":640,\"height\":426},\"primaryImageOfPage\":{\"@id\":\"https:\\\/\\\/anoticiaonline.com.br\\\/site\\\/macuco-ganhara-uma-nova-escola\\\/#mainImage\"},\"datePublished\":\"2015-12-07T08:02:37-03:00\",\"dateModified\":\"2015-12-07T08:02:37-03:00\"},{\"@type\":\"WebSite\",\"@id\":\"https:\\\/\\\/anoticiaonline.com.br\\\/site\\\/#website\",\"url\":\"https:\\\/\\\/anoticiaonline.com.br\\\/site\\\/\",\"name\":\"A Not\\u00edcia Online\",\"description\":\"Noticias de Muria\\u00e9 e regi\\u00e3o\",\"inLanguage\":\"pt-BR\",\"publisher\":{\"@id\":\"https:\\\/\\\/anoticiaonline.com.br\\\/site\\\/#organization\"}}]}\n\t\t<\/script>\n\t\t<!-- All in One SEO -->\n\n","aioseo_head_json":{"title":"Macuco ganhar\u00e1 uma nova escola - A Not\u00edcia Online","description":"A nova sede para a Escola Municipal Dejanira Passoni de Oliveira, localizada no distrito de Macuco, est\u00e1 sendo constru\u00edda. A institui\u00e7\u00e3o recebe 35 crian\u00e7as de 0 a 5 anos da educa\u00e7\u00e3o infantil e creche. Hoje, provisoriamente, est\u00e1 funcionando em um espa\u00e7o alugado. O novo estabelecimento ser\u00e1 mais amplo e est\u00e1 sendo feito com recursos pr\u00f3prios","canonical_url":"https:\/\/anoticiaonline.com.br\/site\/macuco-ganhara-uma-nova-escola\/","robots":"max-image-preview:large","keywords":"","webmasterTools":{"miscellaneous":""},"schema":{"@context":"https:\/\/schema.org","@graph":[{"@type":"BlogPosting","@id":"https:\/\/anoticiaonline.com.br\/site\/macuco-ganhara-uma-nova-escola\/#blogposting","name":"Macuco ganhar\u00e1 uma nova escola - A Not\u00edcia Online","headline":"Macuco ganhar\u00e1 uma nova escola","author":{"@id":"https:\/\/anoticiaonline.com.br\/site\/author\/juliana\/#author"},"publisher":{"@id":"https:\/\/anoticiaonline.com.br\/site\/#organization"},"image":{"@type":"ImageObject","url":"https:\/\/anoticiaonline.com.br\/site\/wp-content\/uploads\/2015\/12\/IMG_0074.jpg","width":640,"height":426},"datePublished":"2015-12-07T08:02:37-03:00","dateModified":"2015-12-07T08:02:37-03:00","inLanguage":"pt-BR","mainEntityOfPage":{"@id":"https:\/\/anoticiaonline.com.br\/site\/macuco-ganhara-uma-nova-escola\/#webpage"},"isPartOf":{"@id":"https:\/\/anoticiaonline.com.br\/site\/macuco-ganhara-uma-nova-escola\/#webpage"},"articleSection":"Blog, slide"},{"@type":"BreadcrumbList","@id":"https:\/\/anoticiaonline.com.br\/site\/macuco-ganhara-uma-nova-escola\/#breadcrumblist","itemListElement":[{"@type":"ListItem","@id":"https:\/\/anoticiaonline.com.br\/site#listItem","position":1,"name":"Home","item":"https:\/\/anoticiaonline.com.br\/site","nextItem":{"@type":"ListItem","@id":"https:\/\/anoticiaonline.com.br\/site\/categoria\/muriae\/#listItem","name":"Blog"}},{"@type":"ListItem","@id":"https:\/\/anoticiaonline.com.br\/site\/categoria\/muriae\/#listItem","position":2,"name":"Blog","item":"https:\/\/anoticiaonline.com.br\/site\/categoria\/muriae\/","nextItem":{"@type":"ListItem","@id":"https:\/\/anoticiaonline.com.br\/site\/macuco-ganhara-uma-nova-escola\/#listItem","name":"Macuco ganhar\u00e1 uma nova escola"},"previousItem":{"@type":"ListItem","@id":"https:\/\/anoticiaonline.com.br\/site#listItem","name":"Home"}},{"@type":"ListItem","@id":"https:\/\/anoticiaonline.com.br\/site\/macuco-ganhara-uma-nova-escola\/#listItem","position":3,"name":"Macuco ganhar\u00e1 uma nova escola","previousItem":{"@type":"ListItem","@id":"https:\/\/anoticiaonline.com.br\/site\/categoria\/muriae\/#listItem","name":"Blog"}}]},{"@type":"Organization","@id":"https:\/\/anoticiaonline.com.br\/site\/#organization","name":"A Not\u00edcia Online","description":"Noticias de Muria\u00e9 e regi\u00e3o","url":"https:\/\/anoticiaonline.com.br\/site\/","logo":{"@type":"ImageObject","url":"https:\/\/scontent-gig4-1.xx.fbcdn.net\/v\/t39.30808-1\/270437624_4564083193639691_6907940295614233970_n.jpg?stp=dst-jpg_s200x200_tt6&_nc_cat=111&ccb=1-7&_nc_sid=f907e8&_nc_ohc=SM1wRlP3lJwQ7kNvwEPuBYA&_nc_oc=AdnqrjDN_BNjSSHWO-GbkIWH6fkGMLw4bqvL_NH6e2wMveX7G-rP2dAqsDSq1mJMOaY&_nc_zt=24&_nc_ht=scontent-gig4-1.xx&_nc_gid=AoBFJeGrT1hVaew_6rchkQ&oh=00_AfX7QmFGhQhG2jAllVgXCiM1ZrWgvtp80-Bfppyexh1QEg&oe=689E923C","@id":"https:\/\/anoticiaonline.com.br\/site\/macuco-ganhara-uma-nova-escola\/#organizationLogo"},"image":{"@id":"https:\/\/anoticiaonline.com.br\/site\/macuco-ganhara-uma-nova-escola\/#organizationLogo"}},{"@type":"Person","@id":"https:\/\/anoticiaonline.com.br\/site\/author\/juliana\/#author","url":"https:\/\/anoticiaonline.com.br\/site\/author\/juliana\/","name":"Juliana Laviola","image":{"@type":"ImageObject","@id":"https:\/\/anoticiaonline.com.br\/site\/macuco-ganhara-uma-nova-escola\/#authorImage","url":"https:\/\/secure.gravatar.com\/avatar\/b8d45f5c699b100dfaf0e543582f38f38bf94cb7ae3a5e9abf8d891a34773335?s=96&d=mm&r=g","width":96,"height":96,"caption":"Juliana Laviola"}},{"@type":"WebPage","@id":"https:\/\/anoticiaonline.com.br\/site\/macuco-ganhara-uma-nova-escola\/#webpage","url":"https:\/\/anoticiaonline.com.br\/site\/macuco-ganhara-uma-nova-escola\/","name":"Macuco ganhar\u00e1 uma nova escola - A Not\u00edcia Online","description":"A nova sede para a Escola Municipal Dejanira Passoni de Oliveira, localizada no distrito de Macuco, est\u00e1 sendo constru\u00edda. A institui\u00e7\u00e3o recebe 35 crian\u00e7as de 0 a 5 anos da educa\u00e7\u00e3o infantil e creche. Hoje, provisoriamente, est\u00e1 funcionando em um espa\u00e7o alugado. O novo estabelecimento ser\u00e1 mais amplo e est\u00e1 sendo feito com recursos pr\u00f3prios","inLanguage":"pt-BR","isPartOf":{"@id":"https:\/\/anoticiaonline.com.br\/site\/#website"},"breadcrumb":{"@id":"https:\/\/anoticiaonline.com.br\/site\/macuco-ganhara-uma-nova-escola\/#breadcrumblist"},"author":{"@id":"https:\/\/anoticiaonline.com.br\/site\/author\/juliana\/#author"},"creator":{"@id":"https:\/\/anoticiaonline.com.br\/site\/author\/juliana\/#author"},"image":{"@type":"ImageObject","url":"https:\/\/anoticiaonline.com.br\/site\/wp-content\/uploads\/2015\/12\/IMG_0074.jpg","@id":"https:\/\/anoticiaonline.com.br\/site\/macuco-ganhara-uma-nova-escola\/#mainImage","width":640,"height":426},"primaryImageOfPage":{"@id":"https:\/\/anoticiaonline.com.br\/site\/macuco-ganhara-uma-nova-escola\/#mainImage"},"datePublished":"2015-12-07T08:02:37-03:00","dateModified":"2015-12-07T08:02:37-03:00"},{"@type":"WebSite","@id":"https:\/\/anoticiaonline.com.br\/site\/#website","url":"https:\/\/anoticiaonline.com.br\/site\/","name":"A Not\u00edcia Online","description":"Noticias de Muria\u00e9 e regi\u00e3o","inLanguage":"pt-BR","publisher":{"@id":"https:\/\/anoticiaonline.com.br\/site\/#organization"}}]},"og:locale":"pt_BR","og:site_name":"A Not\u00edcia Online - Noticias de Muria\u00e9 e regi\u00e3o","og:type":"article","og:title":"Macuco ganhar\u00e1 uma nova escola - A Not\u00edcia Online","og:description":"A nova sede para a Escola Municipal Dejanira Passoni de Oliveira, localizada no distrito de Macuco, est\u00e1 sendo constru\u00edda. A institui\u00e7\u00e3o recebe 35 crian\u00e7as de 0 a 5 anos da educa\u00e7\u00e3o infantil e creche. Hoje, provisoriamente, est\u00e1 funcionando em um espa\u00e7o alugado. O novo estabelecimento ser\u00e1 mais amplo e est\u00e1 sendo feito com recursos pr\u00f3prios","og:url":"https:\/\/anoticiaonline.com.br\/site\/macuco-ganhara-uma-nova-escola\/","og:image":"https:\/\/scontent-gig4-1.xx.fbcdn.net\/v\/t39.30808-1\/270437624_4564083193639691_6907940295614233970_n.jpg?stp=dst-jpg_s200x200_tt6&#038;_nc_cat=111&#038;ccb=1-7&#038;_nc_sid=f907e8&#038;_nc_ohc=SM1wRlP3lJwQ7kNvwEPuBYA&#038;_nc_oc=AdnqrjDN_BNjSSHWO-GbkIWH6fkGMLw4bqvL_NH6e2wMveX7G-rP2dAqsDSq1mJMOaY&#038;_nc_zt=24&#038;_nc_ht=scontent-gig4-1.xx&#038;_nc_gid=AoBFJeGrT1hVaew_6rchkQ&#038;oh=00_AfX7QmFGhQhG2jAllVgXCiM1ZrWgvtp80-Bfppyexh1QEg&#038;oe=689E923C","og:image:secure_url":"https:\/\/scontent-gig4-1.xx.fbcdn.net\/v\/t39.30808-1\/270437624_4564083193639691_6907940295614233970_n.jpg?stp=dst-jpg_s200x200_tt6&#038;_nc_cat=111&#038;ccb=1-7&#038;_nc_sid=f907e8&#038;_nc_ohc=SM1wRlP3lJwQ7kNvwEPuBYA&#038;_nc_oc=AdnqrjDN_BNjSSHWO-GbkIWH6fkGMLw4bqvL_NH6e2wMveX7G-rP2dAqsDSq1mJMOaY&#038;_nc_zt=24&#038;_nc_ht=scontent-gig4-1.xx&#038;_nc_gid=AoBFJeGrT1hVaew_6rchkQ&#038;oh=00_AfX7QmFGhQhG2jAllVgXCiM1ZrWgvtp80-Bfppyexh1QEg&#038;oe=689E923C","article:published_time":"2015-12-07T11:02:37+00:00","article:modified_time":"2015-12-07T11:02:37+00:00","twitter:card":"summary_large_image","twitter:title":"Macuco ganhar\u00e1 uma nova escola - A Not\u00edcia Online","twitter:description":"A nova sede para a Escola Municipal Dejanira Passoni de Oliveira, localizada no distrito de Macuco, est\u00e1 sendo constru\u00edda. A institui\u00e7\u00e3o recebe 35 crian\u00e7as de 0 a 5 anos da educa\u00e7\u00e3o infantil e creche. Hoje, provisoriamente, est\u00e1 funcionando em um espa\u00e7o alugado. O novo estabelecimento ser\u00e1 mais amplo e est\u00e1 sendo feito com recursos pr\u00f3prios","twitter:image":"https:\/\/scontent-gig4-1.xx.fbcdn.net\/v\/t39.30808-1\/270437624_4564083193639691_6907940295614233970_n.jpg?stp=dst-jpg_s200x200_tt6&_nc_cat=111&ccb=1-7&_nc_sid=f907e8&_nc_ohc=SM1wRlP3lJwQ7kNvwEPuBYA&_nc_oc=AdnqrjDN_BNjSSHWO-GbkIWH6fkGMLw4bqvL_NH6e2wMveX7G-rP2dAqsDSq1mJMOaY&_nc_zt=24&_nc_ht=scontent-gig4-1.xx&_nc_gid=AoBFJeGrT1hVaew_6rchkQ&oh=00_AfX7QmFGhQhG2jAllVgXCiM1ZrWgvtp80-Bfppyexh1QEg&oe=689E923C"},"aioseo_meta_data":{"post_id":"7423","title":null,"description":null,"keywords":null,"keyphrases":null,"primary_term":null,"canonical_url":null,"og_title":null,"og_description":null,"og_object_type":"default","og_image_type":"default","og_image_url":null,"og_image_width":null,"og_image_height":null,"og_image_custom_url":null,"og_image_custom_fields":null,"og_video":null,"og_custom_url":null,"og_article_section":null,"og_article_tags":null,"twitter_use_og":false,"twitter_card":"default","twitter_image_type":"default","twitter_image_url":null,"twitter_image_custom_url":null,"twitter_image_custom_fields":null,"twitter_title":null,"twitter_description":null,"schema":{"blockGraphs":[],"customGraphs":[],"default":{"data":{"Article":[],"Course":[],"Dataset":[],"FAQPage":[],"Movie":[],"Person":[],"Product":[],"ProductReview":[],"Car":[],"Recipe":[],"Service":[],"SoftwareApplication":[],"WebPage":[]},"graphName":"","isEnabled":true},"graphs":[]},"schema_type":"default","schema_type_options":null,"pillar_content":false,"robots_default":true,"robots_noindex":false,"robots_noarchive":false,"robots_nosnippet":false,"robots_nofollow":false,"robots_noimageindex":false,"robots_noodp":false,"robots_notranslate":false,"robots_max_snippet":null,"robots_max_videopreview":null,"robots_max_imagepreview":"large","priority":null,"frequency":null,"local_seo":null,"breadcrumb_settings":null,"limit_modified_date":false,"ai":null,"created":"2025-08-16 14:23:11","updated":"2025-08-16 14:23:11","focus_keyword":null,"additional_keywords":null,"truseo_locale":null,"seo_analyzer_scan_date":null},"aioseo_breadcrumb":"<div class=\"aioseo-breadcrumbs\"><span class=\"aioseo-breadcrumb\">\n\t\t\t<a href=\"https:\/\/anoticiaonline.com.br\/site\" title=\"Home\">Home<\/a>\n\t\t<\/span><span class=\"aioseo-breadcrumb-separator\">&raquo;<\/span><span class=\"aioseo-breadcrumb\">\n\t\t\t<a href=\"https:\/\/anoticiaonline.com.br\/site\/categoria\/muriae\/\" title=\"Blog\">Blog<\/a>\n\t\t<\/span><span class=\"aioseo-breadcrumb-separator\">&raquo;<\/span><span class=\"aioseo-breadcrumb\">\n\t\t\tMacuco ganhar\u00e1 uma nova escola\n\t\t<\/span><\/div>","aioseo_breadcrumb_json":[{"label":"Home","link":"https:\/\/anoticiaonline.com.br\/site"},{"label":"Blog","link":"https:\/\/anoticiaonline.com.br\/site\/categoria\/muriae\/"},{"label":"Macuco ganhar\u00e1 uma nova escola","link":"https:\/\/anoticiaonline.com.br\/site\/macuco-ganhara-uma-nova-escola\/"}],"views":150,"_links":{"self":[{"href":"https:\/\/anoticiaonline.com.br\/site\/wp-json\/wp\/v2\/posts\/7423","targetHints":{"allow":["GET"]}}],"collection":[{"href":"https:\/\/anoticiaonline.com.br\/site\/wp-json\/wp\/v2\/posts"}],"about":[{"href":"https:\/\/anoticiaonline.com.br\/site\/wp-json\/wp\/v2\/types\/post"}],"author":[{"embeddable":true,"href":"https:\/\/anoticiaonline.com.br\/site\/wp-json\/wp\/v2\/users\/2"}],"replies":[{"embeddable":true,"href":"https:\/\/anoticiaonline.com.br\/site\/wp-json\/wp\/v2\/comments?post=7423"}],"version-history":[{"count":0,"href":"https:\/\/anoticiaonline.com.br\/site\/wp-json\/wp\/v2\/posts\/7423\/revisions"}],"wp:featuredmedia":[{"embeddable":true,"href":"https:\/\/anoticiaonline.com.br\/site\/wp-json\/wp\/v2\/media\/7424"}],"wp:attachment":[{"href":"https:\/\/anoticiaonline.com.br\/site\/wp-json\/wp\/v2\/media?parent=7423"}],"wp:term":[{"taxonomy":"category","embeddable":true,"href":"https:\/\/anoticiaonline.com.br\/site\/wp-json\/wp\/v2\/categories?post=7423"},{"taxonomy":"post_tag","embeddable":true,"href":"https:\/\/anoticiaonline.com.br\/site\/wp-json\/wp\/v2\/tags?post=7423"}],"curies":[{"name":"wp","href":"https:\/\/api.w.org\/{rel}","templated":true}]}}